{"id":211947,"date":"2022-03-29T13:45:06","date_gmt":"2022-03-29T11:45:06","guid":{"rendered":"https:\/\/dicodusport.fr\/blog\/?p=211947&#038;preview=true&#038;preview_id=211947"},"modified":"2022-03-29T14:36:43","modified_gmt":"2022-03-29T12:36:43","slug":"lasm-clermont-signe-un-3eme-ligne-du-stade-francais","status":"publish","type":"post","link":"https:\/\/dicodusport.fr\/blog\/lasm-clermont-signe-un-3eme-ligne-du-stade-francais\/","title":{"rendered":"L&rsquo;ASM Clermont signe un 3\u00e8me ligne du Stade Fran\u00e7ais"},"content":{"rendered":"<p style=\"text-align: justify;\"><em><strong>TOP 14 &#8211; Selon RMC Sport, l&rsquo;ASM Clermont tient son troisi\u00e8me ligne centre pour la saison prochaine, avec la signature de Lo\u00efc Godener en provenance du Stade Fran\u00e7ais.\u00a0<\/strong><\/em><\/p>\n<p style=\"text-align: justify;\">Le <a href=\"https:\/\/dicodusport.fr\/blog\/nathan-hughes-fait-faux-bond-a-lasm-clermont\/\" target=\"_blank\" rel=\"noopener\">club auvergnat esp\u00e9rait signer <strong>Nathan Hughes<\/strong><\/a> pour le poste de num\u00e9ro 8 mais l&rsquo;international anglais va finalement signer au Japon, alors qu&rsquo;il avait donn\u00e9 un accord verbal. L&rsquo;<strong>ASM Clermont<\/strong> s&rsquo;est donc repli\u00e9e sur une autre piste menant \u00e0 <strong>Lo\u00efc Godener<\/strong>, en fin de contrat avec le Stade Fran\u00e7ais. Le troisi\u00e8me ligne centre de 26 ans, qui a disput\u00e9 10 matchs cette saison toutes comp\u00e9titions confondues avec le club de la capitale, a donn\u00e9 son accord pour rejoindre les Jaunards, apr\u00e8s plusieurs semaines de n\u00e9gociations. <strong>Lo\u00efc Godener<\/strong> devrait ainsi s&rsquo;engager pour deux saisons avec l&rsquo;ASM.<\/p>\n<blockquote class=\"twitter-tweet\">\n<p dir=\"ltr\" lang=\"fr\">Clermont : Lo\u00efc Godener signe un contrat de deux ans <a href=\"https:\/\/t.co\/3iX6NmKcD0\">https:\/\/t.co\/3iX6NmKcD0<\/a> via <a href=\"https:\/\/twitter.com\/RMCsport?ref_src=twsrc%5Etfw\">@RMCSport<\/a><\/p>\n<p>\u2014 JF Paturaud (@JFPaturaud) <a href=\"https:\/\/twitter.com\/JFPaturaud\/status\/1508753700004802560?ref_src=twsrc%5Etfw\">March 29, 2022<\/a><\/p><\/blockquote>\n<p><script async src=\"https:\/\/platform.twitter.com\/widgets.js\" charset=\"utf-8\"><\/script><\/p>\n","protected":false},"excerpt":{"rendered":"<p>TOP 14 &#8211; Selon RMC Sport, l&rsquo;ASM Clermont tient son troisi\u00e8me ligne centre pour la saison prochaine, avec la signature de Lo\u00efc Godener en provenance du Stade Fran\u00e7ais.\u00a0<\/p>\n","protected":false},"author":1,"featured_media":211948,"comment_status":"open","ping_status":"closed","sticky":false,"template":"","format":"standard","meta":{"_acf_changed":false,"_daextam_enable_autolinks":"","footnotes":""},"categories":[47050],"tags":[1208,111],"class_list":["post-211947","post","type-post","status-publish","format-standard","has-post-thumbnail","hentry","category-top-14","tag-asm-clermont","tag-top-14"],"acf":[],"yoast_head":"<!-- This site is optimized with the Yoast SEO Premium plugin v26.7 (Yoast SEO v26.7) - https:\/\/yoast.com\/wordpress\/plugins\/seo\/ -->\n<title>L&#039;ASM Clermont signe un 3\u00e8me ligne du Stade Fran\u00e7ais<\/title>\n<meta name=\"description\" content=\"Selon RMC Sport, l&#039;ASM Clermont tient son troisi\u00e8me ligne centre pour la saison prochaine avec la signature de Lo\u00efc Godener.\" \/>\n<meta name=\"robots\" content=\"index, follow, max-snippet:-1, max-image-preview:large, max-video-preview:-1\" \/>\n<link rel=\"canonical\" href=\"https:\/\/dicodusport.fr\/blog\/lasm-clermont-signe-un-3eme-ligne-du-stade-francais\/\" \/>\n<meta property=\"og:locale\" content=\"fr_FR\" \/>\n<meta property=\"og:type\" content=\"article\" \/>\n<meta property=\"og:title\" content=\"L&#039;ASM Clermont signe un 3\u00e8me ligne du Stade Fran\u00e7ais\" \/>\n<meta property=\"og:description\" content=\"Selon RMC Sport, l&#039;ASM Clermont tient son troisi\u00e8me ligne centre pour la saison prochaine avec la signature de Lo\u00efc Godener.\" \/>\n<meta property=\"og:url\" content=\"https:\/\/dicodusport.fr\/blog\/lasm-clermont-signe-un-3eme-ligne-du-stade-francais\/\" \/>\n<meta property=\"og:site_name\" content=\"Dicodusport\" \/>\n<meta property=\"article:publisher\" content=\"https:\/\/www.facebook.com\/dicodusport\" \/>\n<meta property=\"article:author\" content=\"https:\/\/www.facebook.com\/dicodusport\" \/>\n<meta property=\"article:published_time\" content=\"2022-03-29T11:45:06+00:00\" \/>\n<meta property=\"article:modified_time\" content=\"2022-03-29T12:36:43+00:00\" \/>\n<meta property=\"og:image\" content=\"https:\/\/dicodusport.fr\/blog\/wp-content\/uploads\/2022\/03\/LASM-Clermont-signe-un-3e\u0300me-ligne-du-Stade-Franc\u0327ais.png\" \/>\n\t<meta property=\"og:image:width\" content=\"800\" \/>\n\t<meta property=\"og:image:height\" content=\"445\" \/>\n\t<meta property=\"og:image:type\" content=\"image\/png\" \/>\n<meta name=\"author\" content=\"Nicolas Jacquemard\" \/>\n<meta name=\"twitter:card\" content=\"summary_large_image\" \/>\n<meta name=\"twitter:title\" content=\"L&#039;ASM Clermont signe un 3\u00e8me ligne du Stade Fran\u00e7ais\" \/>\n<meta name=\"twitter:creator\" content=\"@https:\/\/twitter.com\/Nico_Jacquemard\" \/>\n<meta name=\"twitter:site\" content=\"@dicodusport\" \/>\n<script type=\"application\/ld+json\" class=\"yoast-schema-graph\">{\"@context\":\"https:\/\/schema.org\",\"@graph\":[{\"@type\":\"NewsArticle\",\"@id\":\"https:\/\/dicodusport.fr\/blog\/lasm-clermont-signe-un-3eme-ligne-du-stade-francais\/#article\",\"isPartOf\":{\"@id\":\"https:\/\/dicodusport.fr\/blog\/lasm-clermont-signe-un-3eme-ligne-du-stade-francais\/\"},\"author\":{\"name\":\"Nicolas Jacquemard\",\"@id\":\"https:\/\/dicodusport.fr\/blog\/#\/schema\/person\/55dcb50ad410894e431ed812bbb70191\"},\"headline\":\"L&rsquo;ASM Clermont signe un 3\u00e8me ligne du Stade Fran\u00e7ais\",\"datePublished\":\"2022-03-29T11:45:06+00:00\",\"dateModified\":\"2022-03-29T12:36:43+00:00\",\"mainEntityOfPage\":{\"@id\":\"https:\/\/dicodusport.fr\/blog\/lasm-clermont-signe-un-3eme-ligne-du-stade-francais\/\"},\"wordCount\":170,\"commentCount\":0,\"publisher\":{\"@id\":\"https:\/\/dicodusport.fr\/blog\/#organization\"},\"image\":{\"@id\":\"https:\/\/dicodusport.fr\/blog\/lasm-clermont-signe-un-3eme-ligne-du-stade-francais\/#primaryimage\"},\"thumbnailUrl\":\"https:\/\/dicodusport.fr\/blog\/wp-content\/uploads\/2022\/03\/LASM-Clermont-signe-un-3e\u0300me-ligne-du-Stade-Franc\u0327ais.png\",\"keywords\":[\"ASM Clermont\",\"Top 14\"],\"articleSection\":[\"Top 14\"],\"inLanguage\":\"fr-FR\",\"potentialAction\":[{\"@type\":\"CommentAction\",\"name\":\"Comment\",\"target\":[\"https:\/\/dicodusport.fr\/blog\/lasm-clermont-signe-un-3eme-ligne-du-stade-francais\/#respond\"]}],\"copyrightYear\":\"2022\",\"copyrightHolder\":{\"@id\":\"https:\/\/dicodusport.fr\/blog\/#organization\"}},{\"@type\":\"WebPage\",\"@id\":\"https:\/\/dicodusport.fr\/blog\/lasm-clermont-signe-un-3eme-ligne-du-stade-francais\/\",\"url\":\"https:\/\/dicodusport.fr\/blog\/lasm-clermont-signe-un-3eme-ligne-du-stade-francais\/\",\"name\":\"L'ASM Clermont signe un 3\u00e8me ligne du Stade Fran\u00e7ais\",\"isPartOf\":{\"@id\":\"https:\/\/dicodusport.fr\/blog\/#website\"},\"primaryImageOfPage\":{\"@id\":\"https:\/\/dicodusport.fr\/blog\/lasm-clermont-signe-un-3eme-ligne-du-stade-francais\/#primaryimage\"},\"image\":{\"@id\":\"https:\/\/dicodusport.fr\/blog\/lasm-clermont-signe-un-3eme-ligne-du-stade-francais\/#primaryimage\"},\"thumbnailUrl\":\"https:\/\/dicodusport.fr\/blog\/wp-content\/uploads\/2022\/03\/LASM-Clermont-signe-un-3e\u0300me-ligne-du-Stade-Franc\u0327ais.png\",\"datePublished\":\"2022-03-29T11:45:06+00:00\",\"dateModified\":\"2022-03-29T12:36:43+00:00\",\"description\":\"Selon RMC Sport, l'ASM Clermont tient son troisi\u00e8me ligne centre pour la saison prochaine avec la signature de Lo\u00efc Godener.\",\"breadcrumb\":{\"@id\":\"https:\/\/dicodusport.fr\/blog\/lasm-clermont-signe-un-3eme-ligne-du-stade-francais\/#breadcrumb\"},\"inLanguage\":\"fr-FR\",\"potentialAction\":[{\"@type\":\"ReadAction\",\"target\":[\"https:\/\/dicodusport.fr\/blog\/lasm-clermont-signe-un-3eme-ligne-du-stade-francais\/\"]}]},{\"@type\":\"ImageObject\",\"inLanguage\":\"fr-FR\",\"@id\":\"https:\/\/dicodusport.fr\/blog\/lasm-clermont-signe-un-3eme-ligne-du-stade-francais\/#primaryimage\",\"url\":\"https:\/\/dicodusport.fr\/blog\/wp-content\/uploads\/2022\/03\/LASM-Clermont-signe-un-3e\u0300me-ligne-du-Stade-Franc\u0327ais.png\",\"contentUrl\":\"https:\/\/dicodusport.fr\/blog\/wp-content\/uploads\/2022\/03\/LASM-Clermont-signe-un-3e\u0300me-ligne-du-Stade-Franc\u0327ais.png\",\"width\":800,\"height\":445},{\"@type\":\"BreadcrumbList\",\"@id\":\"https:\/\/dicodusport.fr\/blog\/lasm-clermont-signe-un-3eme-ligne-du-stade-francais\/#breadcrumb\",\"itemListElement\":[{\"@type\":\"ListItem\",\"position\":1,\"name\":\"Accueil\",\"item\":\"https:\/\/dicodusport.fr\/blog\/\"},{\"@type\":\"ListItem\",\"position\":2,\"name\":\"L&rsquo;ASM Clermont signe un 3\u00e8me ligne du Stade Fran\u00e7ais\"}]},{\"@type\":\"WebSite\",\"@id\":\"https:\/\/dicodusport.fr\/blog\/#website\",\"url\":\"https:\/\/dicodusport.fr\/blog\/\",\"name\":\"Dicodusport\",\"description\":\"L&#039;encyclop\u00e9die de l&#039;actualit\u00e9 sportive\",\"publisher\":{\"@id\":\"https:\/\/dicodusport.fr\/blog\/#organization\"},\"potentialAction\":[{\"@type\":\"SearchAction\",\"target\":{\"@type\":\"EntryPoint\",\"urlTemplate\":\"https:\/\/dicodusport.fr\/blog\/?s={search_term_string}\"},\"query-input\":{\"@type\":\"PropertyValueSpecification\",\"valueRequired\":true,\"valueName\":\"search_term_string\"}}],\"inLanguage\":\"fr-FR\"},{\"@type\":\"NewsMediaOrganization\",\"@id\":\"https:\/\/dicodusport.fr\/blog\/#organization\",\"name\":\"Dicodusport\",\"url\":\"https:\/\/dicodusport.fr\/blog\/\",\"logo\":{\"@type\":\"ImageObject\",\"inLanguage\":\"fr-FR\",\"@id\":\"https:\/\/dicodusport.fr\/blog\/#\/schema\/logo\/image\/\",\"url\":\"https:\/\/dicodusport.fr\/blog\/wp-content\/uploads\/2020\/06\/cropped-LOGO-DICODUSPORT-2020-SANS-FOND-SANS-TEXTE.png\",\"contentUrl\":\"https:\/\/dicodusport.fr\/blog\/wp-content\/uploads\/2020\/06\/cropped-LOGO-DICODUSPORT-2020-SANS-FOND-SANS-TEXTE.png\",\"width\":512,\"height\":512,\"caption\":\"Dicodusport\"},\"image\":{\"@id\":\"https:\/\/dicodusport.fr\/blog\/#\/schema\/logo\/image\/\"},\"sameAs\":[\"https:\/\/www.facebook.com\/dicodusport\",\"https:\/\/x.com\/dicodusport\",\"https:\/\/www.instagram.com\/dicodusport\/\",\"https:\/\/www.youtube.com\/channel\/UC7V2KZ5sd3htJivAbA4ZG3w\"],\"description\":\"Dicodusport est l'encyclop\u00e9die de l'actualit\u00e9 sportive.\",\"email\":\"bonjour@dicodusport.fr\",\"legalName\":\"DICODUSPORT\",\"foundingDate\":\"2018-01-14\",\"vatID\":\"FR71834470973\",\"taxID\":\"83447097300043\",\"numberOfEmployees\":{\"@type\":\"QuantitativeValue\",\"minValue\":\"1\",\"maxValue\":\"10\"}},{\"@type\":\"Person\",\"@id\":\"https:\/\/dicodusport.fr\/blog\/#\/schema\/person\/55dcb50ad410894e431ed812bbb70191\",\"name\":\"Nicolas Jacquemard\",\"image\":{\"@type\":\"ImageObject\",\"inLanguage\":\"fr-FR\",\"@id\":\"https:\/\/dicodusport.fr\/blog\/#\/schema\/person\/image\/\",\"url\":\"https:\/\/dicodusport.fr\/blog\/wp-content\/uploads\/2021\/05\/Nicolas-Jacquemard-150x150.jpeg\",\"contentUrl\":\"https:\/\/dicodusport.fr\/blog\/wp-content\/uploads\/2021\/05\/Nicolas-Jacquemard-150x150.jpeg\",\"caption\":\"Nicolas Jacquemard\"},\"description\":\"Passionn\u00e9 de sport et entrepreneur depuis mes 18 ans, la cr\u00e9ation de Dicodusport m'a sembl\u00e9 \u00e9vidente pour participer \u00e0 la m\u00e9diatisation d'un plus grand nombre de sports. Le chemin est long mais avec une \u00e9quipe des plus motiv\u00e9es et les Jeux Olympiques de Paris 2024 en point de mire, nous y arriverons ! Journaliste dans le monde du sport depuis plus de 5 ans, je traite aussi bien de football, de rugby, de biathlon que de cyclisme.\",\"sameAs\":[\"https:\/\/www.facebook.com\/dicodusport\",\"https:\/\/x.com\/https:\/\/twitter.com\/Nico_Jacquemard\"],\"url\":\"https:\/\/dicodusport.fr\/blog\/author\/dicodusport\/\"}]}<\/script>\n<!-- \/ Yoast SEO Premium plugin. -->","yoast_head_json":{"title":"L'ASM Clermont signe un 3\u00e8me ligne du Stade Fran\u00e7ais","description":"Selon RMC Sport, l'ASM Clermont tient son troisi\u00e8me ligne centre pour la saison prochaine avec la signature de Lo\u00efc Godener.","robots":{"index":"index","follow":"follow","max-snippet":"max-snippet:-1","max-image-preview":"max-image-preview:large","max-video-preview":"max-video-preview:-1"},"canonical":"https:\/\/dicodusport.fr\/blog\/lasm-clermont-signe-un-3eme-ligne-du-stade-francais\/","og_locale":"fr_FR","og_type":"article","og_title":"L'ASM Clermont signe un 3\u00e8me ligne du Stade Fran\u00e7ais","og_description":"Selon RMC Sport, l'ASM Clermont tient son troisi\u00e8me ligne centre pour la saison prochaine avec la signature de Lo\u00efc Godener.","og_url":"https:\/\/dicodusport.fr\/blog\/lasm-clermont-signe-un-3eme-ligne-du-stade-francais\/","og_site_name":"Dicodusport","article_publisher":"https:\/\/www.facebook.com\/dicodusport","article_author":"https:\/\/www.facebook.com\/dicodusport","article_published_time":"2022-03-29T11:45:06+00:00","article_modified_time":"2022-03-29T12:36:43+00:00","og_image":[{"width":800,"height":445,"url":"https:\/\/dicodusport.fr\/blog\/wp-content\/uploads\/2022\/03\/LASM-Clermont-signe-un-3e\u0300me-ligne-du-Stade-Franc\u0327ais.png","type":"image\/png"}],"author":"Nicolas Jacquemard","twitter_card":"summary_large_image","twitter_title":"L'ASM Clermont signe un 3\u00e8me ligne du Stade Fran\u00e7ais","twitter_creator":"@https:\/\/twitter.com\/Nico_Jacquemard","twitter_site":"@dicodusport","schema":{"@context":"https:\/\/schema.org","@graph":[{"@type":"NewsArticle","@id":"https:\/\/dicodusport.fr\/blog\/lasm-clermont-signe-un-3eme-ligne-du-stade-francais\/#article","isPartOf":{"@id":"https:\/\/dicodusport.fr\/blog\/lasm-clermont-signe-un-3eme-ligne-du-stade-francais\/"},"author":{"name":"Nicolas Jacquemard","@id":"https:\/\/dicodusport.fr\/blog\/#\/schema\/person\/55dcb50ad410894e431ed812bbb70191"},"headline":"L&rsquo;ASM Clermont signe un 3\u00e8me ligne du Stade Fran\u00e7ais","datePublished":"2022-03-29T11:45:06+00:00","dateModified":"2022-03-29T12:36:43+00:00","mainEntityOfPage":{"@id":"https:\/\/dicodusport.fr\/blog\/lasm-clermont-signe-un-3eme-ligne-du-stade-francais\/"},"wordCount":170,"commentCount":0,"publisher":{"@id":"https:\/\/dicodusport.fr\/blog\/#organization"},"image":{"@id":"https:\/\/dicodusport.fr\/blog\/lasm-clermont-signe-un-3eme-ligne-du-stade-francais\/#primaryimage"},"thumbnailUrl":"https:\/\/dicodusport.fr\/blog\/wp-content\/uploads\/2022\/03\/LASM-Clermont-signe-un-3e\u0300me-ligne-du-Stade-Franc\u0327ais.png","keywords":["ASM Clermont","Top 14"],"articleSection":["Top 14"],"inLanguage":"fr-FR","potentialAction":[{"@type":"CommentAction","name":"Comment","target":["https:\/\/dicodusport.fr\/blog\/lasm-clermont-signe-un-3eme-ligne-du-stade-francais\/#respond"]}],"copyrightYear":"2022","copyrightHolder":{"@id":"https:\/\/dicodusport.fr\/blog\/#organization"}},{"@type":"WebPage","@id":"https:\/\/dicodusport.fr\/blog\/lasm-clermont-signe-un-3eme-ligne-du-stade-francais\/","url":"https:\/\/dicodusport.fr\/blog\/lasm-clermont-signe-un-3eme-ligne-du-stade-francais\/","name":"L'ASM Clermont signe un 3\u00e8me ligne du Stade Fran\u00e7ais","isPartOf":{"@id":"https:\/\/dicodusport.fr\/blog\/#website"},"primaryImageOfPage":{"@id":"https:\/\/dicodusport.fr\/blog\/lasm-clermont-signe-un-3eme-ligne-du-stade-francais\/#primaryimage"},"image":{"@id":"https:\/\/dicodusport.fr\/blog\/lasm-clermont-signe-un-3eme-ligne-du-stade-francais\/#primaryimage"},"thumbnailUrl":"https:\/\/dicodusport.fr\/blog\/wp-content\/uploads\/2022\/03\/LASM-Clermont-signe-un-3e\u0300me-ligne-du-Stade-Franc\u0327ais.png","datePublished":"2022-03-29T11:45:06+00:00","dateModified":"2022-03-29T12:36:43+00:00","description":"Selon RMC Sport, l'ASM Clermont tient son troisi\u00e8me ligne centre pour la saison prochaine avec la signature de Lo\u00efc Godener.","breadcrumb":{"@id":"https:\/\/dicodusport.fr\/blog\/lasm-clermont-signe-un-3eme-ligne-du-stade-francais\/#breadcrumb"},"inLanguage":"fr-FR","potentialAction":[{"@type":"ReadAction","target":["https:\/\/dicodusport.fr\/blog\/lasm-clermont-signe-un-3eme-ligne-du-stade-francais\/"]}]},{"@type":"ImageObject","inLanguage":"fr-FR","@id":"https:\/\/dicodusport.fr\/blog\/lasm-clermont-signe-un-3eme-ligne-du-stade-francais\/#primaryimage","url":"https:\/\/dicodusport.fr\/blog\/wp-content\/uploads\/2022\/03\/LASM-Clermont-signe-un-3e\u0300me-ligne-du-Stade-Franc\u0327ais.png","contentUrl":"https:\/\/dicodusport.fr\/blog\/wp-content\/uploads\/2022\/03\/LASM-Clermont-signe-un-3e\u0300me-ligne-du-Stade-Franc\u0327ais.png","width":800,"height":445},{"@type":"BreadcrumbList","@id":"https:\/\/dicodusport.fr\/blog\/lasm-clermont-signe-un-3eme-ligne-du-stade-francais\/#breadcrumb","itemListElement":[{"@type":"ListItem","position":1,"name":"Accueil","item":"https:\/\/dicodusport.fr\/blog\/"},{"@type":"ListItem","position":2,"name":"L&rsquo;ASM Clermont signe un 3\u00e8me ligne du Stade Fran\u00e7ais"}]},{"@type":"WebSite","@id":"https:\/\/dicodusport.fr\/blog\/#website","url":"https:\/\/dicodusport.fr\/blog\/","name":"Dicodusport","description":"L&#039;encyclop\u00e9die de l&#039;actualit\u00e9 sportive","publisher":{"@id":"https:\/\/dicodusport.fr\/blog\/#organization"},"potentialAction":[{"@type":"SearchAction","target":{"@type":"EntryPoint","urlTemplate":"https:\/\/dicodusport.fr\/blog\/?s={search_term_string}"},"query-input":{"@type":"PropertyValueSpecification","valueRequired":true,"valueName":"search_term_string"}}],"inLanguage":"fr-FR"},{"@type":"NewsMediaOrganization","@id":"https:\/\/dicodusport.fr\/blog\/#organization","name":"Dicodusport","url":"https:\/\/dicodusport.fr\/blog\/","logo":{"@type":"ImageObject","inLanguage":"fr-FR","@id":"https:\/\/dicodusport.fr\/blog\/#\/schema\/logo\/image\/","url":"https:\/\/dicodusport.fr\/blog\/wp-content\/uploads\/2020\/06\/cropped-LOGO-DICODUSPORT-2020-SANS-FOND-SANS-TEXTE.png","contentUrl":"https:\/\/dicodusport.fr\/blog\/wp-content\/uploads\/2020\/06\/cropped-LOGO-DICODUSPORT-2020-SANS-FOND-SANS-TEXTE.png","width":512,"height":512,"caption":"Dicodusport"},"image":{"@id":"https:\/\/dicodusport.fr\/blog\/#\/schema\/logo\/image\/"},"sameAs":["https:\/\/www.facebook.com\/dicodusport","https:\/\/x.com\/dicodusport","https:\/\/www.instagram.com\/dicodusport\/","https:\/\/www.youtube.com\/channel\/UC7V2KZ5sd3htJivAbA4ZG3w"],"description":"Dicodusport est l'encyclop\u00e9die de l'actualit\u00e9 sportive.","email":"bonjour@dicodusport.fr","legalName":"DICODUSPORT","foundingDate":"2018-01-14","vatID":"FR71834470973","taxID":"83447097300043","numberOfEmployees":{"@type":"QuantitativeValue","minValue":"1","maxValue":"10"}},{"@type":"Person","@id":"https:\/\/dicodusport.fr\/blog\/#\/schema\/person\/55dcb50ad410894e431ed812bbb70191","name":"Nicolas Jacquemard","image":{"@type":"ImageObject","inLanguage":"fr-FR","@id":"https:\/\/dicodusport.fr\/blog\/#\/schema\/person\/image\/","url":"https:\/\/dicodusport.fr\/blog\/wp-content\/uploads\/2021\/05\/Nicolas-Jacquemard-150x150.jpeg","contentUrl":"https:\/\/dicodusport.fr\/blog\/wp-content\/uploads\/2021\/05\/Nicolas-Jacquemard-150x150.jpeg","caption":"Nicolas Jacquemard"},"description":"Passionn\u00e9 de sport et entrepreneur depuis mes 18 ans, la cr\u00e9ation de Dicodusport m'a sembl\u00e9 \u00e9vidente pour participer \u00e0 la m\u00e9diatisation d'un plus grand nombre de sports. Le chemin est long mais avec une \u00e9quipe des plus motiv\u00e9es et les Jeux Olympiques de Paris 2024 en point de mire, nous y arriverons ! Journaliste dans le monde du sport depuis plus de 5 ans, je traite aussi bien de football, de rugby, de biathlon que de cyclisme.","sameAs":["https:\/\/www.facebook.com\/dicodusport","https:\/\/x.com\/https:\/\/twitter.com\/Nico_Jacquemard"],"url":"https:\/\/dicodusport.fr\/blog\/author\/dicodusport\/"}]}},"_links":{"self":[{"href":"https:\/\/dicodusport.fr\/blog\/wp-json\/wp\/v2\/posts\/211947","targetHints":{"allow":["GET"]}}],"collection":[{"href":"https:\/\/dicodusport.fr\/blog\/wp-json\/wp\/v2\/posts"}],"about":[{"href":"https:\/\/dicodusport.fr\/blog\/wp-json\/wp\/v2\/types\/post"}],"author":[{"embeddable":true,"href":"https:\/\/dicodusport.fr\/blog\/wp-json\/wp\/v2\/users\/1"}],"replies":[{"embeddable":true,"href":"https:\/\/dicodusport.fr\/blog\/wp-json\/wp\/v2\/comments?post=211947"}],"version-history":[{"count":0,"href":"https:\/\/dicodusport.fr\/blog\/wp-json\/wp\/v2\/posts\/211947\/revisions"}],"wp:featuredmedia":[{"embeddable":true,"href":"https:\/\/dicodusport.fr\/blog\/wp-json\/wp\/v2\/media\/211948"}],"wp:attachment":[{"href":"https:\/\/dicodusport.fr\/blog\/wp-json\/wp\/v2\/media?parent=211947"}],"wp:term":[{"taxonomy":"category","embeddable":true,"href":"https:\/\/dicodusport.fr\/blog\/wp-json\/wp\/v2\/categories?post=211947"},{"taxonomy":"post_tag","embeddable":true,"href":"https:\/\/dicodusport.fr\/blog\/wp-json\/wp\/v2\/tags?post=211947"}],"curies":[{"name":"wp","href":"https:\/\/api.w.org\/{rel}","templated":true}]}}