{"id":211953,"date":"2022-03-29T14:49:52","date_gmt":"2022-03-29T12:49:52","guid":{"rendered":"https:\/\/dicodusport.fr\/blog\/?p=211953&#038;preview=true&#038;preview_id=211953"},"modified":"2022-03-29T15:28:51","modified_gmt":"2022-03-29T13:28:51","slug":"biathlon-les-federations-russe-et-bielorusse-suspendues-par-libu","status":"publish","type":"post","link":"https:\/\/dicodusport.fr\/blog\/biathlon-les-federations-russe-et-bielorusse-suspendues-par-libu\/","title":{"rendered":"Biathlon : Les F\u00e9d\u00e9rations russe et bi\u00e9lorusse suspendues par l&rsquo;IBU"},"content":{"rendered":"<p style=\"text-align: justify;\"><i><b>BIATHLON &#8211; L&rsquo;IBU a annonc\u00e9 la suspension avec effet imm\u00e9diat des f\u00e9d\u00e9rations russe et bi\u00e9lorusse, suite \u00e0 l&rsquo;invasion de l&rsquo;Ukraine.\u00a0<\/b><\/i><\/p>\n<p style=\"text-align: justify;\"><a href=\"https:\/\/dicodusport.fr\/blog\/biathlon-la-russie-et-la-bielorussie-exclues-par-la-federation-internationale\/\">Alors que les biathl\u00e8tes des deux pays n&rsquo;ont pas pu terminer la saison<\/a> suite aux \u00e9v\u00e9nements qui ont eu lieu r\u00e9cemment et l&rsquo;attaque de l&rsquo;Ukraine par la Russie, ils ne sont pas s\u00fbrs de pouvoir \u00eatre pr\u00e9sents \u00e0 la reprise en novembre. L&rsquo;IBU a en effet, pour le moment, suspendu les deux f\u00e9d\u00e9rations, et les athl\u00e8tes pourraient donc \u00eatre priv\u00e9s de comp\u00e9tition, sauf si on les autorise \u00e0 concourir sous banni\u00e8re neutre. L&rsquo;instance internationale pr\u00e9cise que la situation sera r\u00e9\u00e9valu\u00e9e si le sc\u00e9nario \u00e9volue et que le conflit prend fin.<\/p>\n<h2 style=\"text-align: justify;\">Le communiqu\u00e9 complet de l&rsquo;IBU<\/h2>\n<blockquote>\n<p style=\"text-align: justify;\">Le Comit\u00e9 ex\u00e9cutif de l&rsquo;IBU (EB) a d\u00e9cid\u00e9 \u00e0 l&rsquo;unanimit\u00e9 de suspendre les F\u00e9d\u00e9rations nationales de Russie (RBU) et de Bi\u00e9lorussie (BiFB) avec effet imm\u00e9diat.<br \/>\nLes deux f\u00e9d\u00e9rations ont viol\u00e9 les obligations humanitaires des f\u00e9d\u00e9rations membres en vertu de la Constitution de l&rsquo;IBU. Ces violations par la RBU et le BiFB jettent le discr\u00e9dit sur l&rsquo;IBU et le sport du biathlon, et leur adh\u00e9sion active saperait les efforts de l&rsquo;IBU et de ses membres pour promouvoir ses principes et objectifs constitutionnels avec cr\u00e9dibilit\u00e9.<\/p>\n<p style=\"text-align: justify;\">En outre, le comit\u00e9 ex\u00e9cutif a convenu qu&rsquo;\u00e9tant donn\u00e9 que l&rsquo;invasion russe de l&rsquo;Ukraine a mis fin aux activit\u00e9s de la F\u00e9d\u00e9ration ukrainienne de biathlon, il serait injuste que les F\u00e9d\u00e9rations Nationales des pays attaquants continuent de jouir de tous les droits d&rsquo;adh\u00e9sion \u00e0 l&rsquo;IBU lorsque leurs nations ont perturb\u00e9 la conduite du sport en Ukraine.<\/p>\n<p style=\"text-align: justify;\">Le comit\u00e9 ex\u00e9cutif suivra de tr\u00e8s pr\u00e8s l&rsquo;\u00e9volution de cette situation et r\u00e9examinera cette d\u00e9cision en cas de changement de circonstances. La d\u00e9cision sera \u00e9galement r\u00e9examin\u00e9e par le Congr\u00e8s de l&rsquo;IBU 2022 lors de sa r\u00e9union du 15 au 19 septembre 2022, si elle n&rsquo;a pas \u00e9t\u00e9 lev\u00e9e par le Bureau ex\u00e9cutif de l&rsquo;IBU auparavant.<\/p>\n<\/blockquote>\n<blockquote class=\"twitter-tweet\">\n<p dir=\"ltr\" lang=\"en\">The IBU Executive Board (EB) has unanimously decided to suspend the National Federations of Russia (RBU) and Belarus (BiFB) with immediate effect.<\/p>\n<p>\u2014 International Biathlon Union (@biathlonworld) <a href=\"https:\/\/twitter.com\/biathlonworld\/status\/1508686909886943233?ref_src=twsrc%5Etfw\">March 29, 2022<\/a><\/p><\/blockquote>\n<p style=\"text-align: justify;\"><script async src=\"https:\/\/platform.twitter.com\/widgets.js\" charset=\"utf-8\"><\/script><\/p>\n","protected":false},"excerpt":{"rendered":"<p>BIATHLON &#8211; L&rsquo;IBU a annonc\u00e9 la suspension avec effet imm\u00e9diat des f\u00e9d\u00e9rations russe et bi\u00e9lorusse, suite \u00e0 l&rsquo;invasion de l&rsquo;Ukraine.\u00a0<\/p>\n","protected":false},"author":1,"featured_media":211955,"comment_status":"open","ping_status":"closed","sticky":false,"template":"","format":"standard","meta":{"_acf_changed":false,"_daextam_enable_autolinks":"","footnotes":""},"categories":[2426],"tags":[2427,2368,2694,337],"class_list":["post-211953","post","type-post","status-publish","format-standard","has-post-thumbnail","hentry","category-biathlon","tag-biathlon","tag-bielorussie","tag-ibu","tag-russie"],"acf":[],"yoast_head":"<!-- This site is optimized with the Yoast SEO Premium plugin v26.7 (Yoast SEO v26.7) - https:\/\/yoast.com\/wordpress\/plugins\/seo\/ -->\n<title>Biathlon : Les F\u00e9d\u00e9rations russe et bi\u00e9lorusse suspendues par l&#039;IBU<\/title>\n<meta name=\"description\" content=\"BIATHLON - L&#039;IBU a annonc\u00e9 la suspension avec effet imm\u00e9diat des f\u00e9d\u00e9rations russe et bi\u00e9lorusse, suite \u00e0 l&#039;invasion de l&#039;Ukraine.\u00a0\" \/>\n<meta name=\"robots\" content=\"index, follow, max-snippet:-1, max-image-preview:large, max-video-preview:-1\" \/>\n<link rel=\"canonical\" href=\"https:\/\/dicodusport.fr\/blog\/biathlon-les-federations-russe-et-bielorusse-suspendues-par-libu\/\" \/>\n<meta property=\"og:locale\" content=\"fr_FR\" \/>\n<meta property=\"og:type\" content=\"article\" \/>\n<meta property=\"og:title\" content=\"Biathlon : Les F\u00e9d\u00e9rations russe et bi\u00e9lorusse suspendues par l&#039;IBU\" \/>\n<meta property=\"og:description\" content=\"BIATHLON - L&#039;IBU a annonc\u00e9 la suspension avec effet imm\u00e9diat des f\u00e9d\u00e9rations russe et bi\u00e9lorusse, suite \u00e0 l&#039;invasion de l&#039;Ukraine.\u00a0\" \/>\n<meta property=\"og:url\" content=\"https:\/\/dicodusport.fr\/blog\/biathlon-les-federations-russe-et-bielorusse-suspendues-par-libu\/\" \/>\n<meta property=\"og:site_name\" content=\"Dicodusport\" \/>\n<meta property=\"article:publisher\" content=\"https:\/\/www.facebook.com\/dicodusport\" \/>\n<meta property=\"article:author\" content=\"https:\/\/www.facebook.com\/dicodusport\" \/>\n<meta property=\"article:published_time\" content=\"2022-03-29T12:49:52+00:00\" \/>\n<meta property=\"article:modified_time\" content=\"2022-03-29T13:28:51+00:00\" \/>\n<meta property=\"og:image\" content=\"https:\/\/dicodusport.fr\/blog\/wp-content\/uploads\/2022\/03\/Les-Fe\u0301de\u0301rations-russe-et-bie\u0301lorusse-suspendues-par-lIBU.png\" \/>\n\t<meta property=\"og:image:width\" content=\"800\" \/>\n\t<meta property=\"og:image:height\" content=\"445\" \/>\n\t<meta property=\"og:image:type\" content=\"image\/png\" \/>\n<meta name=\"author\" content=\"Nicolas Jacquemard\" \/>\n<meta name=\"twitter:card\" content=\"summary_large_image\" \/>\n<meta name=\"twitter:title\" content=\"Biathlon : Les F\u00e9d\u00e9rations russe et bi\u00e9lorusse suspendues par l&#039;IBU\" \/>\n<meta name=\"twitter:creator\" content=\"@https:\/\/twitter.com\/Nico_Jacquemard\" \/>\n<meta name=\"twitter:site\" content=\"@dicodusport\" \/>\n<script type=\"application\/ld+json\" class=\"yoast-schema-graph\">{\"@context\":\"https:\/\/schema.org\",\"@graph\":[{\"@type\":\"NewsArticle\",\"@id\":\"https:\/\/dicodusport.fr\/blog\/biathlon-les-federations-russe-et-bielorusse-suspendues-par-libu\/#article\",\"isPartOf\":{\"@id\":\"https:\/\/dicodusport.fr\/blog\/biathlon-les-federations-russe-et-bielorusse-suspendues-par-libu\/\"},\"author\":{\"name\":\"Nicolas Jacquemard\",\"@id\":\"https:\/\/dicodusport.fr\/blog\/#\/schema\/person\/55dcb50ad410894e431ed812bbb70191\"},\"headline\":\"Biathlon : Les F\u00e9d\u00e9rations russe et bi\u00e9lorusse suspendues par l&rsquo;IBU\",\"datePublished\":\"2022-03-29T12:49:52+00:00\",\"dateModified\":\"2022-03-29T13:28:51+00:00\",\"mainEntityOfPage\":{\"@id\":\"https:\/\/dicodusport.fr\/blog\/biathlon-les-federations-russe-et-bielorusse-suspendues-par-libu\/\"},\"wordCount\":414,\"commentCount\":0,\"publisher\":{\"@id\":\"https:\/\/dicodusport.fr\/blog\/#organization\"},\"image\":{\"@id\":\"https:\/\/dicodusport.fr\/blog\/biathlon-les-federations-russe-et-bielorusse-suspendues-par-libu\/#primaryimage\"},\"thumbnailUrl\":\"https:\/\/dicodusport.fr\/blog\/wp-content\/uploads\/2022\/03\/Les-Fe\u0301de\u0301rations-russe-et-bie\u0301lorusse-suspendues-par-lIBU.png\",\"keywords\":[\"Biathlon\",\"Bi\u00e9lorussie\",\"IBU\",\"Russie\"],\"articleSection\":[\"Biathlon\"],\"inLanguage\":\"fr-FR\",\"potentialAction\":[{\"@type\":\"CommentAction\",\"name\":\"Comment\",\"target\":[\"https:\/\/dicodusport.fr\/blog\/biathlon-les-federations-russe-et-bielorusse-suspendues-par-libu\/#respond\"]}],\"copyrightYear\":\"2022\",\"copyrightHolder\":{\"@id\":\"https:\/\/dicodusport.fr\/blog\/#organization\"}},{\"@type\":\"WebPage\",\"@id\":\"https:\/\/dicodusport.fr\/blog\/biathlon-les-federations-russe-et-bielorusse-suspendues-par-libu\/\",\"url\":\"https:\/\/dicodusport.fr\/blog\/biathlon-les-federations-russe-et-bielorusse-suspendues-par-libu\/\",\"name\":\"Biathlon : Les F\u00e9d\u00e9rations russe et bi\u00e9lorusse suspendues par l'IBU\",\"isPartOf\":{\"@id\":\"https:\/\/dicodusport.fr\/blog\/#website\"},\"primaryImageOfPage\":{\"@id\":\"https:\/\/dicodusport.fr\/blog\/biathlon-les-federations-russe-et-bielorusse-suspendues-par-libu\/#primaryimage\"},\"image\":{\"@id\":\"https:\/\/dicodusport.fr\/blog\/biathlon-les-federations-russe-et-bielorusse-suspendues-par-libu\/#primaryimage\"},\"thumbnailUrl\":\"https:\/\/dicodusport.fr\/blog\/wp-content\/uploads\/2022\/03\/Les-Fe\u0301de\u0301rations-russe-et-bie\u0301lorusse-suspendues-par-lIBU.png\",\"datePublished\":\"2022-03-29T12:49:52+00:00\",\"dateModified\":\"2022-03-29T13:28:51+00:00\",\"description\":\"BIATHLON - L'IBU a annonc\u00e9 la suspension avec effet imm\u00e9diat des f\u00e9d\u00e9rations russe et bi\u00e9lorusse, suite \u00e0 l'invasion de l'Ukraine.\u00a0\",\"breadcrumb\":{\"@id\":\"https:\/\/dicodusport.fr\/blog\/biathlon-les-federations-russe-et-bielorusse-suspendues-par-libu\/#breadcrumb\"},\"inLanguage\":\"fr-FR\",\"potentialAction\":[{\"@type\":\"ReadAction\",\"target\":[\"https:\/\/dicodusport.fr\/blog\/biathlon-les-federations-russe-et-bielorusse-suspendues-par-libu\/\"]}]},{\"@type\":\"ImageObject\",\"inLanguage\":\"fr-FR\",\"@id\":\"https:\/\/dicodusport.fr\/blog\/biathlon-les-federations-russe-et-bielorusse-suspendues-par-libu\/#primaryimage\",\"url\":\"https:\/\/dicodusport.fr\/blog\/wp-content\/uploads\/2022\/03\/Les-Fe\u0301de\u0301rations-russe-et-bie\u0301lorusse-suspendues-par-lIBU.png\",\"contentUrl\":\"https:\/\/dicodusport.fr\/blog\/wp-content\/uploads\/2022\/03\/Les-Fe\u0301de\u0301rations-russe-et-bie\u0301lorusse-suspendues-par-lIBU.png\",\"width\":800,\"height\":445},{\"@type\":\"BreadcrumbList\",\"@id\":\"https:\/\/dicodusport.fr\/blog\/biathlon-les-federations-russe-et-bielorusse-suspendues-par-libu\/#breadcrumb\",\"itemListElement\":[{\"@type\":\"ListItem\",\"position\":1,\"name\":\"Accueil\",\"item\":\"https:\/\/dicodusport.fr\/blog\/\"},{\"@type\":\"ListItem\",\"position\":2,\"name\":\"Biathlon : Les F\u00e9d\u00e9rations russe et bi\u00e9lorusse suspendues par l&rsquo;IBU\"}]},{\"@type\":\"WebSite\",\"@id\":\"https:\/\/dicodusport.fr\/blog\/#website\",\"url\":\"https:\/\/dicodusport.fr\/blog\/\",\"name\":\"Dicodusport\",\"description\":\"L&#039;encyclop\u00e9die de l&#039;actualit\u00e9 sportive\",\"publisher\":{\"@id\":\"https:\/\/dicodusport.fr\/blog\/#organization\"},\"potentialAction\":[{\"@type\":\"SearchAction\",\"target\":{\"@type\":\"EntryPoint\",\"urlTemplate\":\"https:\/\/dicodusport.fr\/blog\/?s={search_term_string}\"},\"query-input\":{\"@type\":\"PropertyValueSpecification\",\"valueRequired\":true,\"valueName\":\"search_term_string\"}}],\"inLanguage\":\"fr-FR\"},{\"@type\":\"NewsMediaOrganization\",\"@id\":\"https:\/\/dicodusport.fr\/blog\/#organization\",\"name\":\"Dicodusport\",\"url\":\"https:\/\/dicodusport.fr\/blog\/\",\"logo\":{\"@type\":\"ImageObject\",\"inLanguage\":\"fr-FR\",\"@id\":\"https:\/\/dicodusport.fr\/blog\/#\/schema\/logo\/image\/\",\"url\":\"https:\/\/dicodusport.fr\/blog\/wp-content\/uploads\/2020\/06\/cropped-LOGO-DICODUSPORT-2020-SANS-FOND-SANS-TEXTE.png\",\"contentUrl\":\"https:\/\/dicodusport.fr\/blog\/wp-content\/uploads\/2020\/06\/cropped-LOGO-DICODUSPORT-2020-SANS-FOND-SANS-TEXTE.png\",\"width\":512,\"height\":512,\"caption\":\"Dicodusport\"},\"image\":{\"@id\":\"https:\/\/dicodusport.fr\/blog\/#\/schema\/logo\/image\/\"},\"sameAs\":[\"https:\/\/www.facebook.com\/dicodusport\",\"https:\/\/x.com\/dicodusport\",\"https:\/\/www.instagram.com\/dicodusport\/\",\"https:\/\/www.youtube.com\/channel\/UC7V2KZ5sd3htJivAbA4ZG3w\"],\"description\":\"Dicodusport est l'encyclop\u00e9die de l'actualit\u00e9 sportive.\",\"email\":\"bonjour@dicodusport.fr\",\"legalName\":\"DICODUSPORT\",\"foundingDate\":\"2018-01-14\",\"vatID\":\"FR71834470973\",\"taxID\":\"83447097300043\",\"numberOfEmployees\":{\"@type\":\"QuantitativeValue\",\"minValue\":\"1\",\"maxValue\":\"10\"}},{\"@type\":\"Person\",\"@id\":\"https:\/\/dicodusport.fr\/blog\/#\/schema\/person\/55dcb50ad410894e431ed812bbb70191\",\"name\":\"Nicolas Jacquemard\",\"image\":{\"@type\":\"ImageObject\",\"inLanguage\":\"fr-FR\",\"@id\":\"https:\/\/dicodusport.fr\/blog\/#\/schema\/person\/image\/\",\"url\":\"https:\/\/dicodusport.fr\/blog\/wp-content\/uploads\/2021\/05\/Nicolas-Jacquemard-150x150.jpeg\",\"contentUrl\":\"https:\/\/dicodusport.fr\/blog\/wp-content\/uploads\/2021\/05\/Nicolas-Jacquemard-150x150.jpeg\",\"caption\":\"Nicolas Jacquemard\"},\"description\":\"Passionn\u00e9 de sport et entrepreneur depuis mes 18 ans, la cr\u00e9ation de Dicodusport m'a sembl\u00e9 \u00e9vidente pour participer \u00e0 la m\u00e9diatisation d'un plus grand nombre de sports. Le chemin est long mais avec une \u00e9quipe des plus motiv\u00e9es et les Jeux Olympiques de Paris 2024 en point de mire, nous y arriverons ! Journaliste dans le monde du sport depuis plus de 5 ans, je traite aussi bien de football, de rugby, de biathlon que de cyclisme.\",\"sameAs\":[\"https:\/\/www.facebook.com\/dicodusport\",\"https:\/\/x.com\/https:\/\/twitter.com\/Nico_Jacquemard\"],\"url\":\"https:\/\/dicodusport.fr\/blog\/author\/dicodusport\/\"}]}<\/script>\n<!-- \/ Yoast SEO Premium plugin. -->","yoast_head_json":{"title":"Biathlon : Les F\u00e9d\u00e9rations russe et bi\u00e9lorusse suspendues par l'IBU","description":"BIATHLON - L'IBU a annonc\u00e9 la suspension avec effet imm\u00e9diat des f\u00e9d\u00e9rations russe et bi\u00e9lorusse, suite \u00e0 l'invasion de l'Ukraine.\u00a0","robots":{"index":"index","follow":"follow","max-snippet":"max-snippet:-1","max-image-preview":"max-image-preview:large","max-video-preview":"max-video-preview:-1"},"canonical":"https:\/\/dicodusport.fr\/blog\/biathlon-les-federations-russe-et-bielorusse-suspendues-par-libu\/","og_locale":"fr_FR","og_type":"article","og_title":"Biathlon : Les F\u00e9d\u00e9rations russe et bi\u00e9lorusse suspendues par l'IBU","og_description":"BIATHLON - L'IBU a annonc\u00e9 la suspension avec effet imm\u00e9diat des f\u00e9d\u00e9rations russe et bi\u00e9lorusse, suite \u00e0 l'invasion de l'Ukraine.\u00a0","og_url":"https:\/\/dicodusport.fr\/blog\/biathlon-les-federations-russe-et-bielorusse-suspendues-par-libu\/","og_site_name":"Dicodusport","article_publisher":"https:\/\/www.facebook.com\/dicodusport","article_author":"https:\/\/www.facebook.com\/dicodusport","article_published_time":"2022-03-29T12:49:52+00:00","article_modified_time":"2022-03-29T13:28:51+00:00","og_image":[{"width":800,"height":445,"url":"https:\/\/dicodusport.fr\/blog\/wp-content\/uploads\/2022\/03\/Les-Fe\u0301de\u0301rations-russe-et-bie\u0301lorusse-suspendues-par-lIBU.png","type":"image\/png"}],"author":"Nicolas Jacquemard","twitter_card":"summary_large_image","twitter_title":"Biathlon : Les F\u00e9d\u00e9rations russe et bi\u00e9lorusse suspendues par l'IBU","twitter_creator":"@https:\/\/twitter.com\/Nico_Jacquemard","twitter_site":"@dicodusport","schema":{"@context":"https:\/\/schema.org","@graph":[{"@type":"NewsArticle","@id":"https:\/\/dicodusport.fr\/blog\/biathlon-les-federations-russe-et-bielorusse-suspendues-par-libu\/#article","isPartOf":{"@id":"https:\/\/dicodusport.fr\/blog\/biathlon-les-federations-russe-et-bielorusse-suspendues-par-libu\/"},"author":{"name":"Nicolas Jacquemard","@id":"https:\/\/dicodusport.fr\/blog\/#\/schema\/person\/55dcb50ad410894e431ed812bbb70191"},"headline":"Biathlon : Les F\u00e9d\u00e9rations russe et bi\u00e9lorusse suspendues par l&rsquo;IBU","datePublished":"2022-03-29T12:49:52+00:00","dateModified":"2022-03-29T13:28:51+00:00","mainEntityOfPage":{"@id":"https:\/\/dicodusport.fr\/blog\/biathlon-les-federations-russe-et-bielorusse-suspendues-par-libu\/"},"wordCount":414,"commentCount":0,"publisher":{"@id":"https:\/\/dicodusport.fr\/blog\/#organization"},"image":{"@id":"https:\/\/dicodusport.fr\/blog\/biathlon-les-federations-russe-et-bielorusse-suspendues-par-libu\/#primaryimage"},"thumbnailUrl":"https:\/\/dicodusport.fr\/blog\/wp-content\/uploads\/2022\/03\/Les-Fe\u0301de\u0301rations-russe-et-bie\u0301lorusse-suspendues-par-lIBU.png","keywords":["Biathlon","Bi\u00e9lorussie","IBU","Russie"],"articleSection":["Biathlon"],"inLanguage":"fr-FR","potentialAction":[{"@type":"CommentAction","name":"Comment","target":["https:\/\/dicodusport.fr\/blog\/biathlon-les-federations-russe-et-bielorusse-suspendues-par-libu\/#respond"]}],"copyrightYear":"2022","copyrightHolder":{"@id":"https:\/\/dicodusport.fr\/blog\/#organization"}},{"@type":"WebPage","@id":"https:\/\/dicodusport.fr\/blog\/biathlon-les-federations-russe-et-bielorusse-suspendues-par-libu\/","url":"https:\/\/dicodusport.fr\/blog\/biathlon-les-federations-russe-et-bielorusse-suspendues-par-libu\/","name":"Biathlon : Les F\u00e9d\u00e9rations russe et bi\u00e9lorusse suspendues par l'IBU","isPartOf":{"@id":"https:\/\/dicodusport.fr\/blog\/#website"},"primaryImageOfPage":{"@id":"https:\/\/dicodusport.fr\/blog\/biathlon-les-federations-russe-et-bielorusse-suspendues-par-libu\/#primaryimage"},"image":{"@id":"https:\/\/dicodusport.fr\/blog\/biathlon-les-federations-russe-et-bielorusse-suspendues-par-libu\/#primaryimage"},"thumbnailUrl":"https:\/\/dicodusport.fr\/blog\/wp-content\/uploads\/2022\/03\/Les-Fe\u0301de\u0301rations-russe-et-bie\u0301lorusse-suspendues-par-lIBU.png","datePublished":"2022-03-29T12:49:52+00:00","dateModified":"2022-03-29T13:28:51+00:00","description":"BIATHLON - L'IBU a annonc\u00e9 la suspension avec effet imm\u00e9diat des f\u00e9d\u00e9rations russe et bi\u00e9lorusse, suite \u00e0 l'invasion de l'Ukraine.\u00a0","breadcrumb":{"@id":"https:\/\/dicodusport.fr\/blog\/biathlon-les-federations-russe-et-bielorusse-suspendues-par-libu\/#breadcrumb"},"inLanguage":"fr-FR","potentialAction":[{"@type":"ReadAction","target":["https:\/\/dicodusport.fr\/blog\/biathlon-les-federations-russe-et-bielorusse-suspendues-par-libu\/"]}]},{"@type":"ImageObject","inLanguage":"fr-FR","@id":"https:\/\/dicodusport.fr\/blog\/biathlon-les-federations-russe-et-bielorusse-suspendues-par-libu\/#primaryimage","url":"https:\/\/dicodusport.fr\/blog\/wp-content\/uploads\/2022\/03\/Les-Fe\u0301de\u0301rations-russe-et-bie\u0301lorusse-suspendues-par-lIBU.png","contentUrl":"https:\/\/dicodusport.fr\/blog\/wp-content\/uploads\/2022\/03\/Les-Fe\u0301de\u0301rations-russe-et-bie\u0301lorusse-suspendues-par-lIBU.png","width":800,"height":445},{"@type":"BreadcrumbList","@id":"https:\/\/dicodusport.fr\/blog\/biathlon-les-federations-russe-et-bielorusse-suspendues-par-libu\/#breadcrumb","itemListElement":[{"@type":"ListItem","position":1,"name":"Accueil","item":"https:\/\/dicodusport.fr\/blog\/"},{"@type":"ListItem","position":2,"name":"Biathlon : Les F\u00e9d\u00e9rations russe et bi\u00e9lorusse suspendues par l&rsquo;IBU"}]},{"@type":"WebSite","@id":"https:\/\/dicodusport.fr\/blog\/#website","url":"https:\/\/dicodusport.fr\/blog\/","name":"Dicodusport","description":"L&#039;encyclop\u00e9die de l&#039;actualit\u00e9 sportive","publisher":{"@id":"https:\/\/dicodusport.fr\/blog\/#organization"},"potentialAction":[{"@type":"SearchAction","target":{"@type":"EntryPoint","urlTemplate":"https:\/\/dicodusport.fr\/blog\/?s={search_term_string}"},"query-input":{"@type":"PropertyValueSpecification","valueRequired":true,"valueName":"search_term_string"}}],"inLanguage":"fr-FR"},{"@type":"NewsMediaOrganization","@id":"https:\/\/dicodusport.fr\/blog\/#organization","name":"Dicodusport","url":"https:\/\/dicodusport.fr\/blog\/","logo":{"@type":"ImageObject","inLanguage":"fr-FR","@id":"https:\/\/dicodusport.fr\/blog\/#\/schema\/logo\/image\/","url":"https:\/\/dicodusport.fr\/blog\/wp-content\/uploads\/2020\/06\/cropped-LOGO-DICODUSPORT-2020-SANS-FOND-SANS-TEXTE.png","contentUrl":"https:\/\/dicodusport.fr\/blog\/wp-content\/uploads\/2020\/06\/cropped-LOGO-DICODUSPORT-2020-SANS-FOND-SANS-TEXTE.png","width":512,"height":512,"caption":"Dicodusport"},"image":{"@id":"https:\/\/dicodusport.fr\/blog\/#\/schema\/logo\/image\/"},"sameAs":["https:\/\/www.facebook.com\/dicodusport","https:\/\/x.com\/dicodusport","https:\/\/www.instagram.com\/dicodusport\/","https:\/\/www.youtube.com\/channel\/UC7V2KZ5sd3htJivAbA4ZG3w"],"description":"Dicodusport est l'encyclop\u00e9die de l'actualit\u00e9 sportive.","email":"bonjour@dicodusport.fr","legalName":"DICODUSPORT","foundingDate":"2018-01-14","vatID":"FR71834470973","taxID":"83447097300043","numberOfEmployees":{"@type":"QuantitativeValue","minValue":"1","maxValue":"10"}},{"@type":"Person","@id":"https:\/\/dicodusport.fr\/blog\/#\/schema\/person\/55dcb50ad410894e431ed812bbb70191","name":"Nicolas Jacquemard","image":{"@type":"ImageObject","inLanguage":"fr-FR","@id":"https:\/\/dicodusport.fr\/blog\/#\/schema\/person\/image\/","url":"https:\/\/dicodusport.fr\/blog\/wp-content\/uploads\/2021\/05\/Nicolas-Jacquemard-150x150.jpeg","contentUrl":"https:\/\/dicodusport.fr\/blog\/wp-content\/uploads\/2021\/05\/Nicolas-Jacquemard-150x150.jpeg","caption":"Nicolas Jacquemard"},"description":"Passionn\u00e9 de sport et entrepreneur depuis mes 18 ans, la cr\u00e9ation de Dicodusport m'a sembl\u00e9 \u00e9vidente pour participer \u00e0 la m\u00e9diatisation d'un plus grand nombre de sports. Le chemin est long mais avec une \u00e9quipe des plus motiv\u00e9es et les Jeux Olympiques de Paris 2024 en point de mire, nous y arriverons ! Journaliste dans le monde du sport depuis plus de 5 ans, je traite aussi bien de football, de rugby, de biathlon que de cyclisme.","sameAs":["https:\/\/www.facebook.com\/dicodusport","https:\/\/x.com\/https:\/\/twitter.com\/Nico_Jacquemard"],"url":"https:\/\/dicodusport.fr\/blog\/author\/dicodusport\/"}]}},"_links":{"self":[{"href":"https:\/\/dicodusport.fr\/blog\/wp-json\/wp\/v2\/posts\/211953","targetHints":{"allow":["GET"]}}],"collection":[{"href":"https:\/\/dicodusport.fr\/blog\/wp-json\/wp\/v2\/posts"}],"about":[{"href":"https:\/\/dicodusport.fr\/blog\/wp-json\/wp\/v2\/types\/post"}],"author":[{"embeddable":true,"href":"https:\/\/dicodusport.fr\/blog\/wp-json\/wp\/v2\/users\/1"}],"replies":[{"embeddable":true,"href":"https:\/\/dicodusport.fr\/blog\/wp-json\/wp\/v2\/comments?post=211953"}],"version-history":[{"count":0,"href":"https:\/\/dicodusport.fr\/blog\/wp-json\/wp\/v2\/posts\/211953\/revisions"}],"wp:featuredmedia":[{"embeddable":true,"href":"https:\/\/dicodusport.fr\/blog\/wp-json\/wp\/v2\/media\/211955"}],"wp:attachment":[{"href":"https:\/\/dicodusport.fr\/blog\/wp-json\/wp\/v2\/media?parent=211953"}],"wp:term":[{"taxonomy":"category","embeddable":true,"href":"https:\/\/dicodusport.fr\/blog\/wp-json\/wp\/v2\/categories?post=211953"},{"taxonomy":"post_tag","embeddable":true,"href":"https:\/\/dicodusport.fr\/blog\/wp-json\/wp\/v2\/tags?post=211953"}],"curies":[{"name":"wp","href":"https:\/\/api.w.org\/{rel}","templated":true}]}}