{"id":212034,"date":"2022-03-29T21:41:52","date_gmt":"2022-03-29T19:41:52","guid":{"rendered":"https:\/\/dicodusport.fr\/blog\/?p=212034&#038;preview=true&#038;preview_id=212034"},"modified":"2022-03-29T21:55:24","modified_gmt":"2022-03-29T19:55:24","slug":"julian-alaphilippe-finalement-au-depart-du-tour-des-flandres-2022","status":"publish","type":"post","link":"https:\/\/dicodusport.fr\/blog\/julian-alaphilippe-finalement-au-depart-du-tour-des-flandres-2022\/","title":{"rendered":"Julian Alaphilippe finalement au d\u00e9part du Tour des Flandres 2022 ?"},"content":{"rendered":"<p style=\"text-align: justify;\"><b><i>CYCLISME SUR ROUTE 2022 &#8211; Alors qu&rsquo;il n&rsquo;est pas pr\u00e9vu sur le Tour des Flandres, Julian Alaphilippe (Quick-Step Alpha Vinyl) a reconnu une partie du parcours ce mardi.\u00a0<\/i><\/b><\/p>\n<p style=\"text-align: justify;\"><strong>Quick-Step Alpha Vinyl<\/strong> vit un d\u00e9but de campagne de classiques compliqu\u00e9, et <strong>Julian Alaphilippe<\/strong> pourrait bien \u00eatre la surprise du chef. <strong>Davide Ballerini<\/strong>, initialement pr\u00e9vu, est rentr\u00e9 en Italie alors que <strong>Tim Declercq<\/strong> est toujours incertain. Enfin, <strong>Florian S\u00e9n\u00e9chal<\/strong> est bien amoch\u00e9 apr\u00e8s sa chute sur <a href=\"https:\/\/dicodusport.fr\/blog\/gand-wevelgem-2022-le-classement\/\">Gand-Wevelgem<\/a>. Et si la conjugaison de ces facteurs pourrait pousser l&rsquo;\u00e9quipe belge \u00e0 aligner <strong>Julian Alaphilippe<\/strong> dimanche ? Le double champion du monde fran\u00e7ais a reconnu le parcours avec le vainqueur de la derni\u00e8re \u00e9dition mardi, <strong>Kasper Asgreen<\/strong>. Alors qu&rsquo;il a contract\u00e9 une bronchite r\u00e9cemment \u00e0 la sortie de Tirreno-Adriatico, difficile de l&rsquo;imaginer jouer la gagne mais il pourrait, comme en 2021, \u00eatre un bon lieutenant pour le Danois. R\u00e9ponse probablement jeudi puisque Quick-Step Alpha-Vinyl doit tenir un point presse.<\/p>\n<blockquote class=\"twitter-tweet\">\n<p dir=\"ltr\" lang=\"nl\">Rijdt Julian Alaphilippe zondag toch mee in de Ronde van Vlaanderen? Wereldkampioen duikt op Ronde-parcours op<a href=\"https:\/\/t.co\/sSpkQYSwcH\">https:\/\/t.co\/sSpkQYSwcH<\/a> <a href=\"https:\/\/t.co\/hPmXCV7QCH\">pic.twitter.com\/hPmXCV7QCH<\/a><\/p>\n<p>\u2014 Sporza &#x1f6b4; (@sporza_koers) <a href=\"https:\/\/twitter.com\/sporza_koers\/status\/1508867430721929221?ref_src=twsrc%5Etfw\">March 29, 2022<\/a><\/p><\/blockquote>\n<p style=\"text-align: justify;\"><script async src=\"https:\/\/platform.twitter.com\/widgets.js\" charset=\"utf-8\"><\/script><\/p>\n","protected":false},"excerpt":{"rendered":"<p>CYCLISME SUR ROUTE 2022 &#8211; Alors qu&rsquo;il n&rsquo;est pas pr\u00e9vu sur le Tour des Flandres, Julian Alaphilippe (Quick-Step Alpha Vinyl) a reconnu une partie du parcours ce mardi.\u00a0<\/p>\n","protected":false},"author":1,"featured_media":212035,"comment_status":"open","ping_status":"closed","sticky":false,"template":"","format":"standard","meta":{"_acf_changed":false,"_daextam_enable_autolinks":"","footnotes":""},"categories":[46994],"tags":[1719,4325],"class_list":["post-212034","post","type-post","status-publish","format-standard","has-post-thumbnail","hentry","category-cyclisme-sur-route","tag-julian-alaphilippe","tag-tour-des-flandres"],"acf":[],"yoast_head":"<!-- This site is optimized with the Yoast SEO Premium plugin v26.7 (Yoast SEO v26.7) - https:\/\/yoast.com\/wordpress\/plugins\/seo\/ -->\n<title>Julian Alaphilippe finalement au d\u00e9part du Tour des Flandres 2022 ?<\/title>\n<meta name=\"description\" content=\"Alors qu&#039;il n&#039;est pas pr\u00e9vu sur le Tour des Flandres, Julian Alaphilippe (Quick-Step Alpha Vinyl) a reconnu une partie du parcours ce mardi.\u00a0\" \/>\n<meta name=\"robots\" content=\"index, follow, max-snippet:-1, max-image-preview:large, max-video-preview:-1\" \/>\n<link rel=\"canonical\" href=\"https:\/\/dicodusport.fr\/blog\/julian-alaphilippe-finalement-au-depart-du-tour-des-flandres-2022\/\" \/>\n<meta property=\"og:locale\" content=\"fr_FR\" \/>\n<meta property=\"og:type\" content=\"article\" \/>\n<meta property=\"og:title\" content=\"Julian Alaphilippe finalement au d\u00e9part du Tour des Flandres 2022 ?\" \/>\n<meta property=\"og:description\" content=\"Alors qu&#039;il n&#039;est pas pr\u00e9vu sur le Tour des Flandres, Julian Alaphilippe (Quick-Step Alpha Vinyl) a reconnu une partie du parcours ce mardi.\u00a0\" \/>\n<meta property=\"og:url\" content=\"https:\/\/dicodusport.fr\/blog\/julian-alaphilippe-finalement-au-depart-du-tour-des-flandres-2022\/\" \/>\n<meta property=\"og:site_name\" content=\"Dicodusport\" \/>\n<meta property=\"article:publisher\" content=\"https:\/\/www.facebook.com\/dicodusport\" \/>\n<meta property=\"article:author\" content=\"https:\/\/www.facebook.com\/dicodusport\" \/>\n<meta property=\"article:published_time\" content=\"2022-03-29T19:41:52+00:00\" \/>\n<meta property=\"article:modified_time\" content=\"2022-03-29T19:55:24+00:00\" \/>\n<meta property=\"og:image\" content=\"https:\/\/dicodusport.fr\/blog\/wp-content\/uploads\/2022\/03\/Julian-Alaphilippe-finalement-au-de\u0301part-du-Tour-des-Flandres-2022-.png\" \/>\n\t<meta property=\"og:image:width\" content=\"800\" \/>\n\t<meta property=\"og:image:height\" content=\"445\" \/>\n\t<meta property=\"og:image:type\" content=\"image\/png\" \/>\n<meta name=\"author\" content=\"Nicolas Jacquemard\" \/>\n<meta name=\"twitter:card\" content=\"summary_large_image\" \/>\n<meta name=\"twitter:title\" content=\"Julian Alaphilippe finalement au d\u00e9part du Tour des Flandres 2022 ?\" \/>\n<meta name=\"twitter:creator\" content=\"@https:\/\/twitter.com\/Nico_Jacquemard\" \/>\n<meta name=\"twitter:site\" content=\"@dicodusport\" \/>\n<script type=\"application\/ld+json\" class=\"yoast-schema-graph\">{\"@context\":\"https:\/\/schema.org\",\"@graph\":[{\"@type\":\"NewsArticle\",\"@id\":\"https:\/\/dicodusport.fr\/blog\/julian-alaphilippe-finalement-au-depart-du-tour-des-flandres-2022\/#article\",\"isPartOf\":{\"@id\":\"https:\/\/dicodusport.fr\/blog\/julian-alaphilippe-finalement-au-depart-du-tour-des-flandres-2022\/\"},\"author\":{\"name\":\"Nicolas Jacquemard\",\"@id\":\"https:\/\/dicodusport.fr\/blog\/#\/schema\/person\/55dcb50ad410894e431ed812bbb70191\"},\"headline\":\"Julian Alaphilippe finalement au d\u00e9part du Tour des Flandres 2022 ?\",\"datePublished\":\"2022-03-29T19:41:52+00:00\",\"dateModified\":\"2022-03-29T19:55:24+00:00\",\"mainEntityOfPage\":{\"@id\":\"https:\/\/dicodusport.fr\/blog\/julian-alaphilippe-finalement-au-depart-du-tour-des-flandres-2022\/\"},\"wordCount\":205,\"commentCount\":0,\"publisher\":{\"@id\":\"https:\/\/dicodusport.fr\/blog\/#organization\"},\"image\":{\"@id\":\"https:\/\/dicodusport.fr\/blog\/julian-alaphilippe-finalement-au-depart-du-tour-des-flandres-2022\/#primaryimage\"},\"thumbnailUrl\":\"https:\/\/dicodusport.fr\/blog\/wp-content\/uploads\/2022\/03\/Julian-Alaphilippe-finalement-au-de\u0301part-du-Tour-des-Flandres-2022-.png\",\"keywords\":[\"Julian Alaphilippe\",\"Tour des Flandres\"],\"articleSection\":[\"Cyclisme sur route\"],\"inLanguage\":\"fr-FR\",\"potentialAction\":[{\"@type\":\"CommentAction\",\"name\":\"Comment\",\"target\":[\"https:\/\/dicodusport.fr\/blog\/julian-alaphilippe-finalement-au-depart-du-tour-des-flandres-2022\/#respond\"]}],\"copyrightYear\":\"2022\",\"copyrightHolder\":{\"@id\":\"https:\/\/dicodusport.fr\/blog\/#organization\"}},{\"@type\":\"WebPage\",\"@id\":\"https:\/\/dicodusport.fr\/blog\/julian-alaphilippe-finalement-au-depart-du-tour-des-flandres-2022\/\",\"url\":\"https:\/\/dicodusport.fr\/blog\/julian-alaphilippe-finalement-au-depart-du-tour-des-flandres-2022\/\",\"name\":\"Julian Alaphilippe finalement au d\u00e9part du Tour des Flandres 2022 ?\",\"isPartOf\":{\"@id\":\"https:\/\/dicodusport.fr\/blog\/#website\"},\"primaryImageOfPage\":{\"@id\":\"https:\/\/dicodusport.fr\/blog\/julian-alaphilippe-finalement-au-depart-du-tour-des-flandres-2022\/#primaryimage\"},\"image\":{\"@id\":\"https:\/\/dicodusport.fr\/blog\/julian-alaphilippe-finalement-au-depart-du-tour-des-flandres-2022\/#primaryimage\"},\"thumbnailUrl\":\"https:\/\/dicodusport.fr\/blog\/wp-content\/uploads\/2022\/03\/Julian-Alaphilippe-finalement-au-de\u0301part-du-Tour-des-Flandres-2022-.png\",\"datePublished\":\"2022-03-29T19:41:52+00:00\",\"dateModified\":\"2022-03-29T19:55:24+00:00\",\"description\":\"Alors qu'il n'est pas pr\u00e9vu sur le Tour des Flandres, Julian Alaphilippe (Quick-Step Alpha Vinyl) a reconnu une partie du parcours ce mardi.\u00a0\",\"breadcrumb\":{\"@id\":\"https:\/\/dicodusport.fr\/blog\/julian-alaphilippe-finalement-au-depart-du-tour-des-flandres-2022\/#breadcrumb\"},\"inLanguage\":\"fr-FR\",\"potentialAction\":[{\"@type\":\"ReadAction\",\"target\":[\"https:\/\/dicodusport.fr\/blog\/julian-alaphilippe-finalement-au-depart-du-tour-des-flandres-2022\/\"]}]},{\"@type\":\"ImageObject\",\"inLanguage\":\"fr-FR\",\"@id\":\"https:\/\/dicodusport.fr\/blog\/julian-alaphilippe-finalement-au-depart-du-tour-des-flandres-2022\/#primaryimage\",\"url\":\"https:\/\/dicodusport.fr\/blog\/wp-content\/uploads\/2022\/03\/Julian-Alaphilippe-finalement-au-de\u0301part-du-Tour-des-Flandres-2022-.png\",\"contentUrl\":\"https:\/\/dicodusport.fr\/blog\/wp-content\/uploads\/2022\/03\/Julian-Alaphilippe-finalement-au-de\u0301part-du-Tour-des-Flandres-2022-.png\",\"width\":800,\"height\":445},{\"@type\":\"BreadcrumbList\",\"@id\":\"https:\/\/dicodusport.fr\/blog\/julian-alaphilippe-finalement-au-depart-du-tour-des-flandres-2022\/#breadcrumb\",\"itemListElement\":[{\"@type\":\"ListItem\",\"position\":1,\"name\":\"Accueil\",\"item\":\"https:\/\/dicodusport.fr\/blog\/\"},{\"@type\":\"ListItem\",\"position\":2,\"name\":\"Julian Alaphilippe finalement au d\u00e9part du Tour des Flandres 2022 ?\"}]},{\"@type\":\"WebSite\",\"@id\":\"https:\/\/dicodusport.fr\/blog\/#website\",\"url\":\"https:\/\/dicodusport.fr\/blog\/\",\"name\":\"Dicodusport\",\"description\":\"L&#039;encyclop\u00e9die de l&#039;actualit\u00e9 sportive\",\"publisher\":{\"@id\":\"https:\/\/dicodusport.fr\/blog\/#organization\"},\"potentialAction\":[{\"@type\":\"SearchAction\",\"target\":{\"@type\":\"EntryPoint\",\"urlTemplate\":\"https:\/\/dicodusport.fr\/blog\/?s={search_term_string}\"},\"query-input\":{\"@type\":\"PropertyValueSpecification\",\"valueRequired\":true,\"valueName\":\"search_term_string\"}}],\"inLanguage\":\"fr-FR\"},{\"@type\":\"NewsMediaOrganization\",\"@id\":\"https:\/\/dicodusport.fr\/blog\/#organization\",\"name\":\"Dicodusport\",\"url\":\"https:\/\/dicodusport.fr\/blog\/\",\"logo\":{\"@type\":\"ImageObject\",\"inLanguage\":\"fr-FR\",\"@id\":\"https:\/\/dicodusport.fr\/blog\/#\/schema\/logo\/image\/\",\"url\":\"https:\/\/dicodusport.fr\/blog\/wp-content\/uploads\/2020\/06\/cropped-LOGO-DICODUSPORT-2020-SANS-FOND-SANS-TEXTE.png\",\"contentUrl\":\"https:\/\/dicodusport.fr\/blog\/wp-content\/uploads\/2020\/06\/cropped-LOGO-DICODUSPORT-2020-SANS-FOND-SANS-TEXTE.png\",\"width\":512,\"height\":512,\"caption\":\"Dicodusport\"},\"image\":{\"@id\":\"https:\/\/dicodusport.fr\/blog\/#\/schema\/logo\/image\/\"},\"sameAs\":[\"https:\/\/www.facebook.com\/dicodusport\",\"https:\/\/x.com\/dicodusport\",\"https:\/\/www.instagram.com\/dicodusport\/\",\"https:\/\/www.youtube.com\/channel\/UC7V2KZ5sd3htJivAbA4ZG3w\"],\"description\":\"Dicodusport est l'encyclop\u00e9die de l'actualit\u00e9 sportive.\",\"email\":\"bonjour@dicodusport.fr\",\"legalName\":\"DICODUSPORT\",\"foundingDate\":\"2018-01-14\",\"vatID\":\"FR71834470973\",\"taxID\":\"83447097300043\",\"numberOfEmployees\":{\"@type\":\"QuantitativeValue\",\"minValue\":\"1\",\"maxValue\":\"10\"}},{\"@type\":\"Person\",\"@id\":\"https:\/\/dicodusport.fr\/blog\/#\/schema\/person\/55dcb50ad410894e431ed812bbb70191\",\"name\":\"Nicolas Jacquemard\",\"image\":{\"@type\":\"ImageObject\",\"inLanguage\":\"fr-FR\",\"@id\":\"https:\/\/dicodusport.fr\/blog\/#\/schema\/person\/image\/\",\"url\":\"https:\/\/dicodusport.fr\/blog\/wp-content\/uploads\/2021\/05\/Nicolas-Jacquemard-150x150.jpeg\",\"contentUrl\":\"https:\/\/dicodusport.fr\/blog\/wp-content\/uploads\/2021\/05\/Nicolas-Jacquemard-150x150.jpeg\",\"caption\":\"Nicolas Jacquemard\"},\"description\":\"Passionn\u00e9 de sport et entrepreneur depuis mes 18 ans, la cr\u00e9ation de Dicodusport m'a sembl\u00e9 \u00e9vidente pour participer \u00e0 la m\u00e9diatisation d'un plus grand nombre de sports. Le chemin est long mais avec une \u00e9quipe des plus motiv\u00e9es et les Jeux Olympiques de Paris 2024 en point de mire, nous y arriverons ! Journaliste dans le monde du sport depuis plus de 5 ans, je traite aussi bien de football, de rugby, de biathlon que de cyclisme.\",\"sameAs\":[\"https:\/\/www.facebook.com\/dicodusport\",\"https:\/\/x.com\/https:\/\/twitter.com\/Nico_Jacquemard\"],\"url\":\"https:\/\/dicodusport.fr\/blog\/author\/dicodusport\/\"}]}<\/script>\n<!-- \/ Yoast SEO Premium plugin. -->","yoast_head_json":{"title":"Julian Alaphilippe finalement au d\u00e9part du Tour des Flandres 2022 ?","description":"Alors qu'il n'est pas pr\u00e9vu sur le Tour des Flandres, Julian Alaphilippe (Quick-Step Alpha Vinyl) a reconnu une partie du parcours ce mardi.\u00a0","robots":{"index":"index","follow":"follow","max-snippet":"max-snippet:-1","max-image-preview":"max-image-preview:large","max-video-preview":"max-video-preview:-1"},"canonical":"https:\/\/dicodusport.fr\/blog\/julian-alaphilippe-finalement-au-depart-du-tour-des-flandres-2022\/","og_locale":"fr_FR","og_type":"article","og_title":"Julian Alaphilippe finalement au d\u00e9part du Tour des Flandres 2022 ?","og_description":"Alors qu'il n'est pas pr\u00e9vu sur le Tour des Flandres, Julian Alaphilippe (Quick-Step Alpha Vinyl) a reconnu une partie du parcours ce mardi.\u00a0","og_url":"https:\/\/dicodusport.fr\/blog\/julian-alaphilippe-finalement-au-depart-du-tour-des-flandres-2022\/","og_site_name":"Dicodusport","article_publisher":"https:\/\/www.facebook.com\/dicodusport","article_author":"https:\/\/www.facebook.com\/dicodusport","article_published_time":"2022-03-29T19:41:52+00:00","article_modified_time":"2022-03-29T19:55:24+00:00","og_image":[{"width":800,"height":445,"url":"https:\/\/dicodusport.fr\/blog\/wp-content\/uploads\/2022\/03\/Julian-Alaphilippe-finalement-au-de\u0301part-du-Tour-des-Flandres-2022-.png","type":"image\/png"}],"author":"Nicolas Jacquemard","twitter_card":"summary_large_image","twitter_title":"Julian Alaphilippe finalement au d\u00e9part du Tour des Flandres 2022 ?","twitter_creator":"@https:\/\/twitter.com\/Nico_Jacquemard","twitter_site":"@dicodusport","schema":{"@context":"https:\/\/schema.org","@graph":[{"@type":"NewsArticle","@id":"https:\/\/dicodusport.fr\/blog\/julian-alaphilippe-finalement-au-depart-du-tour-des-flandres-2022\/#article","isPartOf":{"@id":"https:\/\/dicodusport.fr\/blog\/julian-alaphilippe-finalement-au-depart-du-tour-des-flandres-2022\/"},"author":{"name":"Nicolas Jacquemard","@id":"https:\/\/dicodusport.fr\/blog\/#\/schema\/person\/55dcb50ad410894e431ed812bbb70191"},"headline":"Julian Alaphilippe finalement au d\u00e9part du Tour des Flandres 2022 ?","datePublished":"2022-03-29T19:41:52+00:00","dateModified":"2022-03-29T19:55:24+00:00","mainEntityOfPage":{"@id":"https:\/\/dicodusport.fr\/blog\/julian-alaphilippe-finalement-au-depart-du-tour-des-flandres-2022\/"},"wordCount":205,"commentCount":0,"publisher":{"@id":"https:\/\/dicodusport.fr\/blog\/#organization"},"image":{"@id":"https:\/\/dicodusport.fr\/blog\/julian-alaphilippe-finalement-au-depart-du-tour-des-flandres-2022\/#primaryimage"},"thumbnailUrl":"https:\/\/dicodusport.fr\/blog\/wp-content\/uploads\/2022\/03\/Julian-Alaphilippe-finalement-au-de\u0301part-du-Tour-des-Flandres-2022-.png","keywords":["Julian Alaphilippe","Tour des Flandres"],"articleSection":["Cyclisme sur route"],"inLanguage":"fr-FR","potentialAction":[{"@type":"CommentAction","name":"Comment","target":["https:\/\/dicodusport.fr\/blog\/julian-alaphilippe-finalement-au-depart-du-tour-des-flandres-2022\/#respond"]}],"copyrightYear":"2022","copyrightHolder":{"@id":"https:\/\/dicodusport.fr\/blog\/#organization"}},{"@type":"WebPage","@id":"https:\/\/dicodusport.fr\/blog\/julian-alaphilippe-finalement-au-depart-du-tour-des-flandres-2022\/","url":"https:\/\/dicodusport.fr\/blog\/julian-alaphilippe-finalement-au-depart-du-tour-des-flandres-2022\/","name":"Julian Alaphilippe finalement au d\u00e9part du Tour des Flandres 2022 ?","isPartOf":{"@id":"https:\/\/dicodusport.fr\/blog\/#website"},"primaryImageOfPage":{"@id":"https:\/\/dicodusport.fr\/blog\/julian-alaphilippe-finalement-au-depart-du-tour-des-flandres-2022\/#primaryimage"},"image":{"@id":"https:\/\/dicodusport.fr\/blog\/julian-alaphilippe-finalement-au-depart-du-tour-des-flandres-2022\/#primaryimage"},"thumbnailUrl":"https:\/\/dicodusport.fr\/blog\/wp-content\/uploads\/2022\/03\/Julian-Alaphilippe-finalement-au-de\u0301part-du-Tour-des-Flandres-2022-.png","datePublished":"2022-03-29T19:41:52+00:00","dateModified":"2022-03-29T19:55:24+00:00","description":"Alors qu'il n'est pas pr\u00e9vu sur le Tour des Flandres, Julian Alaphilippe (Quick-Step Alpha Vinyl) a reconnu une partie du parcours ce mardi.\u00a0","breadcrumb":{"@id":"https:\/\/dicodusport.fr\/blog\/julian-alaphilippe-finalement-au-depart-du-tour-des-flandres-2022\/#breadcrumb"},"inLanguage":"fr-FR","potentialAction":[{"@type":"ReadAction","target":["https:\/\/dicodusport.fr\/blog\/julian-alaphilippe-finalement-au-depart-du-tour-des-flandres-2022\/"]}]},{"@type":"ImageObject","inLanguage":"fr-FR","@id":"https:\/\/dicodusport.fr\/blog\/julian-alaphilippe-finalement-au-depart-du-tour-des-flandres-2022\/#primaryimage","url":"https:\/\/dicodusport.fr\/blog\/wp-content\/uploads\/2022\/03\/Julian-Alaphilippe-finalement-au-de\u0301part-du-Tour-des-Flandres-2022-.png","contentUrl":"https:\/\/dicodusport.fr\/blog\/wp-content\/uploads\/2022\/03\/Julian-Alaphilippe-finalement-au-de\u0301part-du-Tour-des-Flandres-2022-.png","width":800,"height":445},{"@type":"BreadcrumbList","@id":"https:\/\/dicodusport.fr\/blog\/julian-alaphilippe-finalement-au-depart-du-tour-des-flandres-2022\/#breadcrumb","itemListElement":[{"@type":"ListItem","position":1,"name":"Accueil","item":"https:\/\/dicodusport.fr\/blog\/"},{"@type":"ListItem","position":2,"name":"Julian Alaphilippe finalement au d\u00e9part du Tour des Flandres 2022 ?"}]},{"@type":"WebSite","@id":"https:\/\/dicodusport.fr\/blog\/#website","url":"https:\/\/dicodusport.fr\/blog\/","name":"Dicodusport","description":"L&#039;encyclop\u00e9die de l&#039;actualit\u00e9 sportive","publisher":{"@id":"https:\/\/dicodusport.fr\/blog\/#organization"},"potentialAction":[{"@type":"SearchAction","target":{"@type":"EntryPoint","urlTemplate":"https:\/\/dicodusport.fr\/blog\/?s={search_term_string}"},"query-input":{"@type":"PropertyValueSpecification","valueRequired":true,"valueName":"search_term_string"}}],"inLanguage":"fr-FR"},{"@type":"NewsMediaOrganization","@id":"https:\/\/dicodusport.fr\/blog\/#organization","name":"Dicodusport","url":"https:\/\/dicodusport.fr\/blog\/","logo":{"@type":"ImageObject","inLanguage":"fr-FR","@id":"https:\/\/dicodusport.fr\/blog\/#\/schema\/logo\/image\/","url":"https:\/\/dicodusport.fr\/blog\/wp-content\/uploads\/2020\/06\/cropped-LOGO-DICODUSPORT-2020-SANS-FOND-SANS-TEXTE.png","contentUrl":"https:\/\/dicodusport.fr\/blog\/wp-content\/uploads\/2020\/06\/cropped-LOGO-DICODUSPORT-2020-SANS-FOND-SANS-TEXTE.png","width":512,"height":512,"caption":"Dicodusport"},"image":{"@id":"https:\/\/dicodusport.fr\/blog\/#\/schema\/logo\/image\/"},"sameAs":["https:\/\/www.facebook.com\/dicodusport","https:\/\/x.com\/dicodusport","https:\/\/www.instagram.com\/dicodusport\/","https:\/\/www.youtube.com\/channel\/UC7V2KZ5sd3htJivAbA4ZG3w"],"description":"Dicodusport est l'encyclop\u00e9die de l'actualit\u00e9 sportive.","email":"bonjour@dicodusport.fr","legalName":"DICODUSPORT","foundingDate":"2018-01-14","vatID":"FR71834470973","taxID":"83447097300043","numberOfEmployees":{"@type":"QuantitativeValue","minValue":"1","maxValue":"10"}},{"@type":"Person","@id":"https:\/\/dicodusport.fr\/blog\/#\/schema\/person\/55dcb50ad410894e431ed812bbb70191","name":"Nicolas Jacquemard","image":{"@type":"ImageObject","inLanguage":"fr-FR","@id":"https:\/\/dicodusport.fr\/blog\/#\/schema\/person\/image\/","url":"https:\/\/dicodusport.fr\/blog\/wp-content\/uploads\/2021\/05\/Nicolas-Jacquemard-150x150.jpeg","contentUrl":"https:\/\/dicodusport.fr\/blog\/wp-content\/uploads\/2021\/05\/Nicolas-Jacquemard-150x150.jpeg","caption":"Nicolas Jacquemard"},"description":"Passionn\u00e9 de sport et entrepreneur depuis mes 18 ans, la cr\u00e9ation de Dicodusport m'a sembl\u00e9 \u00e9vidente pour participer \u00e0 la m\u00e9diatisation d'un plus grand nombre de sports. Le chemin est long mais avec une \u00e9quipe des plus motiv\u00e9es et les Jeux Olympiques de Paris 2024 en point de mire, nous y arriverons ! Journaliste dans le monde du sport depuis plus de 5 ans, je traite aussi bien de football, de rugby, de biathlon que de cyclisme.","sameAs":["https:\/\/www.facebook.com\/dicodusport","https:\/\/x.com\/https:\/\/twitter.com\/Nico_Jacquemard"],"url":"https:\/\/dicodusport.fr\/blog\/author\/dicodusport\/"}]}},"_links":{"self":[{"href":"https:\/\/dicodusport.fr\/blog\/wp-json\/wp\/v2\/posts\/212034","targetHints":{"allow":["GET"]}}],"collection":[{"href":"https:\/\/dicodusport.fr\/blog\/wp-json\/wp\/v2\/posts"}],"about":[{"href":"https:\/\/dicodusport.fr\/blog\/wp-json\/wp\/v2\/types\/post"}],"author":[{"embeddable":true,"href":"https:\/\/dicodusport.fr\/blog\/wp-json\/wp\/v2\/users\/1"}],"replies":[{"embeddable":true,"href":"https:\/\/dicodusport.fr\/blog\/wp-json\/wp\/v2\/comments?post=212034"}],"version-history":[{"count":0,"href":"https:\/\/dicodusport.fr\/blog\/wp-json\/wp\/v2\/posts\/212034\/revisions"}],"wp:featuredmedia":[{"embeddable":true,"href":"https:\/\/dicodusport.fr\/blog\/wp-json\/wp\/v2\/media\/212035"}],"wp:attachment":[{"href":"https:\/\/dicodusport.fr\/blog\/wp-json\/wp\/v2\/media?parent=212034"}],"wp:term":[{"taxonomy":"category","embeddable":true,"href":"https:\/\/dicodusport.fr\/blog\/wp-json\/wp\/v2\/categories?post=212034"},{"taxonomy":"post_tag","embeddable":true,"href":"https:\/\/dicodusport.fr\/blog\/wp-json\/wp\/v2\/tags?post=212034"}],"curies":[{"name":"wp","href":"https:\/\/api.w.org\/{rel}","templated":true}]}}