{"id":212256,"date":"2022-03-31T19:01:05","date_gmt":"2022-03-31T17:01:05","guid":{"rendered":"https:\/\/dicodusport.fr\/blog\/?p=212256"},"modified":"2022-04-01T18:41:45","modified_gmt":"2022-04-01T16:41:45","slug":"grand-prix-miguel-indurain-2022-parcours-et-profil-le-parcours-en-detail","status":"publish","type":"post","link":"https:\/\/dicodusport.fr\/blog\/grand-prix-miguel-indurain-2022-parcours-et-profil-le-parcours-en-detail\/","title":{"rendered":"Grand Prix Miguel Indurain 2022 : Parcours et profil"},"content":{"rendered":"<p style=\"text-align: justify;\"><em><strong><a href=\"https:\/\/dicodusport.fr\/blog\/actualites\/cyclisme\/cyclisme-sur-route-2022\/\">CYCLISME SUR ROUTE 2022<\/a><\/strong><strong> &#8211;\u00a0<\/strong><strong><span class=\"tojvnm2t a6sixzi8 abs2jz4q a8s20v7p t1p8iaqh k5wvi7nf q3lfd5jv pk4s997a bipmatt0 cebpdrjk qowsmv63 owwhemhu dp1hu0rb dhp61c6y iyyx5f41\">Le Grand Prix Miguel Indurain 2022 aura lieu le 2 avril pour la 24e \u00e9dition avec un parcours de 200 kilom\u00e8tres et 3 600 m\u00e8tres de d\u00e9nivel\u00e9 positif dont 8 mont\u00e9es (Eraul \u00e0 2 reprises, Guirguillano et Lezaun) et 4 fois le mur d&rsquo;Ibarra avant l&rsquo;arriv\u00e9e situ\u00e9e sur le Paseo de la Inmaculada de Estella-Lizarra.<\/span><\/strong><\/em><\/p>\n<p style=\"text-align: justify;\"><span class=\"tojvnm2t a6sixzi8 abs2jz4q a8s20v7p t1p8iaqh k5wvi7nf q3lfd5jv pk4s997a bipmatt0 cebpdrjk qowsmv63 owwhemhu dp1hu0rb dhp61c6y iyyx5f41\">Au total, 22 \u00e9quipes participeront \u00e0 la course d&rsquo;un jour espagnole dont 9 WorldTour, 10 UCI ProTeam et 3 Continental. Les formations WorldTeam seront AG2R Citro\u00ebn, Astana Qazaqstan, Bahrain Victorious, Bora Hansgrohe, Cofidis, Isra\u00ebl Premier Tech, Lotto Soudal, Movistar, Trek Segafredo et UAE Team Emirates.<br \/>\n<\/span><\/p>\n<h2 style=\"text-align: justify;\"><strong>Le parcours du Grand Prix Miguel Indurain 2022<\/strong><\/h2>\n<p style=\"text-align: justify;\">L&rsquo;itin\u00e9raire sera simple avec plusieurs boucles autour d&rsquo;<strong>Estella\/Lizarra<\/strong>, une ville situ\u00e9e au centre-ouest de la Communaut\u00e9 de Navarre. Les concurrents auront \u00e0 gravir \u00e0 chaque fois avant le passage sur la ligne d&rsquo;arriv\u00e9e pr\u00e9c\u00e9d\u00e9e du <strong>Mur d&rsquo;Ibarra<\/strong>. Tout au long de la journ\u00e9e, les coureurs auront 3400 m\u00e8tres de d\u00e9nivel\u00e9 au total. Cette course espagnole d&rsquo;un jour a \u00e9t\u00e9 cr\u00e9\u00e9e en 1951 avec le nom <strong>Campeonato Vasco-Navarro de Monta\u00f1a<\/strong>, puis le <strong>Gran Premio Navarra<\/strong> et le <strong>Trofeo Comunidad Foral de Navarra<\/strong>. Depuis 1999, la course porte le nom du quintuple vainqueur du Tour de France, <strong>Miguel Indurain<\/strong>, natif de Villava &#8211; Atarrabia en Navarre. D&rsquo;abord, la premi\u00e8re boucle sera en partie un aller-retour long de 57 km vers l&rsquo;est avec de petits reliefs.<\/p>\n<p style=\"text-align: justify;\">Ensuite, la seconde boucle fera environ de 55 km vers le sud-ouest assez plate avec l&rsquo;<strong>Alto de Eraul<\/strong> (3,5 km \u00e0 5,5 %), l&rsquo;<strong>Alto de Muru<\/strong> (1700 m \u00e0 4,8 %) et l&rsquo;<strong>Alto de Ibarra<\/strong>. Puis, la troisi\u00e8me boucle sera bien plus difficile de 62 km avec les ascensions du <strong>Puerto de Guirguillano via Gurisoain<\/strong> (2,9 km \u00e0 5,7 %) et de l&rsquo;<strong>Alto de Lezaun<\/strong> (3,6 km \u00e0 6 %) avec sa longue descente sur avec l&rsquo;<strong>Alto de Eraul<\/strong>, l&rsquo;<strong>Alto de Muru<\/strong> et l&rsquo;<strong>Alto de Ibarra<\/strong>.<\/p>\n<p style=\"text-align: justify;\">Enfin, la quatri\u00e8me boucle sera longue de 28 km avec l&rsquo;<strong>Alto de Irache<\/strong> (3,4 km \u00e0 4,1 %), l&rsquo;<strong>Alto de Eraul<\/strong> (3,5 km \u00e0 5,5 %) \u00e0 10 km de l&rsquo;arriv\u00e9e, l&rsquo;<strong>Alto de Muru<\/strong> (1700 m \u00e0 4,8 %) et, bien s\u00fbr, l&rsquo;in\u00e9vitable <strong>Alto de Ibarra<\/strong> comme juge de paix.<\/p>\n<div id=\"attachment_212492\" style=\"width: 1285px\" class=\"wp-caption aligncenter\"><a href=\"https:\/\/dicodusport.fr\/blog\/wp-content\/uploads\/2022\/03\/Carte-du-parcours-du-Grand-Prix-Miguel-Indurain-2022.jpg\"><img loading=\"lazy\" decoding=\"async\" aria-describedby=\"caption-attachment-212492\" class=\"size-full wp-image-212492\" src=\"https:\/\/dicodusport.fr\/blog\/wp-content\/uploads\/2022\/03\/Carte-du-parcours-du-Grand-Prix-Miguel-Indurain-2022.jpg\" alt=\"Carte du parcours du Grand Prix Miguel Indurain 2022\" width=\"1275\" height=\"879\" srcset=\"https:\/\/dicodusport.fr\/blog\/wp-content\/uploads\/2022\/03\/Carte-du-parcours-du-Grand-Prix-Miguel-Indurain-2022.jpg 1275w, https:\/\/dicodusport.fr\/blog\/wp-content\/uploads\/2022\/03\/Carte-du-parcours-du-Grand-Prix-Miguel-Indurain-2022-300x207.jpg 300w, https:\/\/dicodusport.fr\/blog\/wp-content\/uploads\/2022\/03\/Carte-du-parcours-du-Grand-Prix-Miguel-Indurain-2022-1024x706.jpg 1024w, https:\/\/dicodusport.fr\/blog\/wp-content\/uploads\/2022\/03\/Carte-du-parcours-du-Grand-Prix-Miguel-Indurain-2022-768x529.jpg 768w\" sizes=\"auto, (max-width: 1275px) 100vw, 1275px\" \/><\/a><p id=\"caption-attachment-212492\" class=\"wp-caption-text\">Carte du parcours du Grand Prix Miguel Indurain 2022 &#8211; Via PCS<\/p><\/div>\n<h2 style=\"text-align: justify;\"><strong>Le profil du Grand Prix Miguel Indurain 2022<\/strong><\/h2>\n<div class=\"mceTemp\"><\/div>\n<div id=\"attachment_212495\" style=\"width: 1460px\" class=\"wp-caption aligncenter\"><a href=\"https:\/\/dicodusport.fr\/blog\/wp-content\/uploads\/2022\/03\/Profil-du-Grand-Prix-Miguel-Indurain-2022.jpg\"><img loading=\"lazy\" decoding=\"async\" aria-describedby=\"caption-attachment-212495\" class=\"size-full wp-image-212495\" src=\"https:\/\/dicodusport.fr\/blog\/wp-content\/uploads\/2022\/03\/Profil-du-Grand-Prix-Miguel-Indurain-2022.jpg\" alt=\"Profil du Grand Prix Miguel Indurain 2022\" width=\"1450\" height=\"625\" srcset=\"https:\/\/dicodusport.fr\/blog\/wp-content\/uploads\/2022\/03\/Profil-du-Grand-Prix-Miguel-Indurain-2022.jpg 1450w, https:\/\/dicodusport.fr\/blog\/wp-content\/uploads\/2022\/03\/Profil-du-Grand-Prix-Miguel-Indurain-2022-300x129.jpg 300w, https:\/\/dicodusport.fr\/blog\/wp-content\/uploads\/2022\/03\/Profil-du-Grand-Prix-Miguel-Indurain-2022-1024x441.jpg 1024w, https:\/\/dicodusport.fr\/blog\/wp-content\/uploads\/2022\/03\/Profil-du-Grand-Prix-Miguel-Indurain-2022-768x331.jpg 768w\" sizes=\"auto, (max-width: 1450px) 100vw, 1450px\" \/><\/a><p id=\"caption-attachment-212495\" class=\"wp-caption-text\">Profil du Grand Prix Miguel Indurain 2022 &#8211; Via PCS<\/p><\/div>\n<hr \/>\n<h2>Palmar\u00e8s<\/h2>\n<p><span class=\"tojvnm2t a6sixzi8 abs2jz4q a8s20v7p t1p8iaqh k5wvi7nf q3lfd5jv pk4s997a bipmatt0 cebpdrjk qowsmv63 owwhemhu dp1hu0rb dhp61c6y iyyx5f41\"> 2021 &#8211; VALVERDE Alejandro <\/span><\/p>\n<p><span class=\"tojvnm2t a6sixzi8 abs2jz4q a8s20v7p t1p8iaqh k5wvi7nf q3lfd5jv pk4s997a bipmatt0 cebpdrjk qowsmv63 owwhemhu dp1hu0rb dhp61c6y iyyx5f41\">2019 &#8211; HIVERT Jonathan <\/span><\/p>\n<p><span class=\"tojvnm2t a6sixzi8 abs2jz4q a8s20v7p t1p8iaqh k5wvi7nf q3lfd5jv pk4s997a bipmatt0 cebpdrjk qowsmv63 owwhemhu dp1hu0rb dhp61c6y iyyx5f41\">2018 &#8211; VALVERDE Alejandro <\/span><\/p>\n<p><span class=\"tojvnm2t a6sixzi8 abs2jz4q a8s20v7p t1p8iaqh k5wvi7nf q3lfd5jv pk4s997a bipmatt0 cebpdrjk qowsmv63 owwhemhu dp1hu0rb dhp61c6y iyyx5f41\">2017 &#8211; YATES Simon <\/span><\/p>\n<p><span class=\"tojvnm2t a6sixzi8 abs2jz4q a8s20v7p t1p8iaqh k5wvi7nf q3lfd5jv pk4s997a bipmatt0 cebpdrjk qowsmv63 owwhemhu dp1hu0rb dhp61c6y iyyx5f41\">2016 &#8211; IZAGIRRE Ion <\/span><\/p>\n<p><span class=\"tojvnm2t a6sixzi8 abs2jz4q a8s20v7p t1p8iaqh k5wvi7nf q3lfd5jv pk4s997a bipmatt0 cebpdrjk qowsmv63 owwhemhu dp1hu0rb dhp61c6y iyyx5f41\">2015 &#8211; VICIOSO \u00c1ngel <\/span><\/p>\n<p><span class=\"tojvnm2t a6sixzi8 abs2jz4q a8s20v7p t1p8iaqh k5wvi7nf q3lfd5jv pk4s997a bipmatt0 cebpdrjk qowsmv63 owwhemhu dp1hu0rb dhp61c6y iyyx5f41\">2014 &#8211; VALVERDE Alejandro <\/span><\/p>\n<p><span class=\"tojvnm2t a6sixzi8 abs2jz4q a8s20v7p t1p8iaqh k5wvi7nf q3lfd5jv pk4s997a bipmatt0 cebpdrjk qowsmv63 owwhemhu dp1hu0rb dhp61c6y iyyx5f41\">2013 &#8211; \u0160PILAK Simon <\/span><\/p>\n<p><span class=\"tojvnm2t a6sixzi8 abs2jz4q a8s20v7p t1p8iaqh k5wvi7nf q3lfd5jv pk4s997a bipmatt0 cebpdrjk qowsmv63 owwhemhu dp1hu0rb dhp61c6y iyyx5f41\">2012 &#8211; MORENO Daniel <\/span><\/p>\n<p><span class=\"tojvnm2t a6sixzi8 abs2jz4q a8s20v7p t1p8iaqh k5wvi7nf q3lfd5jv pk4s997a bipmatt0 cebpdrjk qowsmv63 owwhemhu dp1hu0rb dhp61c6y iyyx5f41\">2011 &#8211; S\u00c1NCHEZ Samuel<\/span><\/p>\n<h2 style=\"text-align: justify;\">\u00c0 lire aussi<\/h2>\n<ul>\n<li style=\"text-align: justify;\"><a href=\"https:\/\/dicodusport.fr\/blog\/les-engages-du-grand-prix-miguel-indurain-2022\/\" target=\"_blank\" rel=\"noopener\"><strong>Les engag\u00e9s d<\/strong><span class=\"tojvnm2t a6sixzi8 abs2jz4q a8s20v7p t1p8iaqh k5wvi7nf q3lfd5jv pk4s997a bipmatt0 cebpdrjk qowsmv63 owwhemhu dp1hu0rb dhp61c6y iyyx5f41\"><strong>u Grand Prix Miguel Indurain 2022<\/strong><\/span><\/a><\/li>\n<\/ul>\n<p>&nbsp;<\/p>\n","protected":false},"excerpt":{"rendered":"<p>CYCLISME SUR ROUTE 2022 &#8211;\u00a0Le Grand Prix Miguel Indurain 2022 aura lieu le 2 avril pour la 24e \u00e9dition avec un parcours de 200 kilom\u00e8tres et 3 600 m\u00e8tres de d\u00e9nivel\u00e9 positif dont 8 mont\u00e9es (Eraul \u00e0 2 reprises, Guirguillano et Lezaun) et 4 fois le mur d&rsquo;Ibarra avant l&rsquo;arriv\u00e9e situ\u00e9e sur le Paseo de la Inmaculada de Estella-Lizarra.<\/p>\n","protected":false},"author":48,"featured_media":212500,"comment_status":"open","ping_status":"closed","sticky":false,"template":"","format":"standard","meta":{"_acf_changed":false,"_daextam_enable_autolinks":"","footnotes":""},"categories":[46994],"tags":[15638],"class_list":["post-212256","post","type-post","status-publish","format-standard","has-post-thumbnail","hentry","category-cyclisme-sur-route","tag-grand-prix-miguel-indurain"],"acf":[],"yoast_head":"<!-- This site is optimized with the Yoast SEO Premium plugin v26.7 (Yoast SEO v26.7) - https:\/\/yoast.com\/wordpress\/plugins\/seo\/ -->\n<title>Grand Prix Miguel Indurain 2022 : Parcours et profil<\/title>\n<meta name=\"description\" content=\"CYCLISME SUR ROUTE 2022 -\u00a0Le Grand Prix Miguel Indurain 2022 aura lieu le 2 avril pour la 24e \u00e9dition. Parcours en d\u00e9tail et profil.\" \/>\n<meta name=\"robots\" content=\"index, follow, max-snippet:-1, max-image-preview:large, max-video-preview:-1\" \/>\n<link rel=\"canonical\" href=\"https:\/\/dicodusport.fr\/blog\/grand-prix-miguel-indurain-2022-parcours-et-profil-le-parcours-en-detail\/\" \/>\n<meta property=\"og:locale\" content=\"fr_FR\" \/>\n<meta property=\"og:type\" content=\"article\" \/>\n<meta property=\"og:title\" content=\"Grand Prix Miguel Indurain 2022 : Parcours et profil\" \/>\n<meta property=\"og:description\" content=\"CYCLISME SUR ROUTE 2022 -\u00a0Le Grand Prix Miguel Indurain 2022 aura lieu le 2 avril pour la 24e \u00e9dition. Parcours en d\u00e9tail et profil.\" \/>\n<meta property=\"og:url\" content=\"https:\/\/dicodusport.fr\/blog\/grand-prix-miguel-indurain-2022-parcours-et-profil-le-parcours-en-detail\/\" \/>\n<meta property=\"og:site_name\" content=\"Dicodusport\" \/>\n<meta property=\"article:publisher\" content=\"https:\/\/www.facebook.com\/dicodusport\" \/>\n<meta property=\"article:author\" content=\"https:\/\/www.facebook.com\/groups\/LesRoisDuPeloton\" \/>\n<meta property=\"article:published_time\" content=\"2022-03-31T17:01:05+00:00\" \/>\n<meta property=\"article:modified_time\" content=\"2022-04-01T16:41:45+00:00\" \/>\n<meta property=\"og:image\" content=\"https:\/\/dicodusport.fr\/blog\/wp-content\/uploads\/2022\/03\/Grand-Prix-Miguel-Indurain-2022-Parcours-et-profil.png\" \/>\n\t<meta property=\"og:image:width\" content=\"800\" \/>\n\t<meta property=\"og:image:height\" content=\"445\" \/>\n\t<meta property=\"og:image:type\" content=\"image\/png\" \/>\n<meta name=\"author\" content=\"Emilien Descampiaux\" \/>\n<meta name=\"twitter:card\" content=\"summary_large_image\" \/>\n<meta name=\"twitter:creator\" content=\"@https:\/\/twitter.com\/LRoisDuPeloton\" \/>\n<meta name=\"twitter:site\" content=\"@dicodusport\" \/>\n<script type=\"application\/ld+json\" class=\"yoast-schema-graph\">{\"@context\":\"https:\/\/schema.org\",\"@graph\":[{\"@type\":\"NewsArticle\",\"@id\":\"https:\/\/dicodusport.fr\/blog\/grand-prix-miguel-indurain-2022-parcours-et-profil-le-parcours-en-detail\/#article\",\"isPartOf\":{\"@id\":\"https:\/\/dicodusport.fr\/blog\/grand-prix-miguel-indurain-2022-parcours-et-profil-le-parcours-en-detail\/\"},\"author\":{\"name\":\"Emilien Descampiaux\",\"@id\":\"https:\/\/dicodusport.fr\/blog\/#\/schema\/person\/6db4bae06b171592211be385b32876a7\"},\"headline\":\"Grand Prix Miguel Indurain 2022 : Parcours et profil\",\"datePublished\":\"2022-03-31T17:01:05+00:00\",\"dateModified\":\"2022-04-01T16:41:45+00:00\",\"mainEntityOfPage\":{\"@id\":\"https:\/\/dicodusport.fr\/blog\/grand-prix-miguel-indurain-2022-parcours-et-profil-le-parcours-en-detail\/\"},\"wordCount\":459,\"commentCount\":0,\"publisher\":{\"@id\":\"https:\/\/dicodusport.fr\/blog\/#organization\"},\"image\":{\"@id\":\"https:\/\/dicodusport.fr\/blog\/grand-prix-miguel-indurain-2022-parcours-et-profil-le-parcours-en-detail\/#primaryimage\"},\"thumbnailUrl\":\"https:\/\/dicodusport.fr\/blog\/wp-content\/uploads\/2022\/03\/Grand-Prix-Miguel-Indurain-2022-Parcours-et-profil.png\",\"keywords\":[\"Grand Prix Miguel Indurain\"],\"articleSection\":[\"Cyclisme sur route\"],\"inLanguage\":\"fr-FR\",\"potentialAction\":[{\"@type\":\"CommentAction\",\"name\":\"Comment\",\"target\":[\"https:\/\/dicodusport.fr\/blog\/grand-prix-miguel-indurain-2022-parcours-et-profil-le-parcours-en-detail\/#respond\"]}],\"copyrightYear\":\"2022\",\"copyrightHolder\":{\"@id\":\"https:\/\/dicodusport.fr\/blog\/#organization\"}},{\"@type\":\"WebPage\",\"@id\":\"https:\/\/dicodusport.fr\/blog\/grand-prix-miguel-indurain-2022-parcours-et-profil-le-parcours-en-detail\/\",\"url\":\"https:\/\/dicodusport.fr\/blog\/grand-prix-miguel-indurain-2022-parcours-et-profil-le-parcours-en-detail\/\",\"name\":\"Grand Prix Miguel Indurain 2022 : Parcours et profil\",\"isPartOf\":{\"@id\":\"https:\/\/dicodusport.fr\/blog\/#website\"},\"primaryImageOfPage\":{\"@id\":\"https:\/\/dicodusport.fr\/blog\/grand-prix-miguel-indurain-2022-parcours-et-profil-le-parcours-en-detail\/#primaryimage\"},\"image\":{\"@id\":\"https:\/\/dicodusport.fr\/blog\/grand-prix-miguel-indurain-2022-parcours-et-profil-le-parcours-en-detail\/#primaryimage\"},\"thumbnailUrl\":\"https:\/\/dicodusport.fr\/blog\/wp-content\/uploads\/2022\/03\/Grand-Prix-Miguel-Indurain-2022-Parcours-et-profil.png\",\"datePublished\":\"2022-03-31T17:01:05+00:00\",\"dateModified\":\"2022-04-01T16:41:45+00:00\",\"description\":\"CYCLISME SUR ROUTE 2022 -\u00a0Le Grand Prix Miguel Indurain 2022 aura lieu le 2 avril pour la 24e \u00e9dition. Parcours en d\u00e9tail et profil.\",\"breadcrumb\":{\"@id\":\"https:\/\/dicodusport.fr\/blog\/grand-prix-miguel-indurain-2022-parcours-et-profil-le-parcours-en-detail\/#breadcrumb\"},\"inLanguage\":\"fr-FR\",\"potentialAction\":[{\"@type\":\"ReadAction\",\"target\":[\"https:\/\/dicodusport.fr\/blog\/grand-prix-miguel-indurain-2022-parcours-et-profil-le-parcours-en-detail\/\"]}]},{\"@type\":\"ImageObject\",\"inLanguage\":\"fr-FR\",\"@id\":\"https:\/\/dicodusport.fr\/blog\/grand-prix-miguel-indurain-2022-parcours-et-profil-le-parcours-en-detail\/#primaryimage\",\"url\":\"https:\/\/dicodusport.fr\/blog\/wp-content\/uploads\/2022\/03\/Grand-Prix-Miguel-Indurain-2022-Parcours-et-profil.png\",\"contentUrl\":\"https:\/\/dicodusport.fr\/blog\/wp-content\/uploads\/2022\/03\/Grand-Prix-Miguel-Indurain-2022-Parcours-et-profil.png\",\"width\":800,\"height\":445,\"caption\":\"Grand Prix Miguel Indurain 2022 Parcours et profil\"},{\"@type\":\"BreadcrumbList\",\"@id\":\"https:\/\/dicodusport.fr\/blog\/grand-prix-miguel-indurain-2022-parcours-et-profil-le-parcours-en-detail\/#breadcrumb\",\"itemListElement\":[{\"@type\":\"ListItem\",\"position\":1,\"name\":\"Accueil\",\"item\":\"https:\/\/dicodusport.fr\/blog\/\"},{\"@type\":\"ListItem\",\"position\":2,\"name\":\"Grand Prix Miguel Indurain 2022 : Parcours et profil\"}]},{\"@type\":\"WebSite\",\"@id\":\"https:\/\/dicodusport.fr\/blog\/#website\",\"url\":\"https:\/\/dicodusport.fr\/blog\/\",\"name\":\"Dicodusport\",\"description\":\"L&#039;encyclop\u00e9die de l&#039;actualit\u00e9 sportive\",\"publisher\":{\"@id\":\"https:\/\/dicodusport.fr\/blog\/#organization\"},\"potentialAction\":[{\"@type\":\"SearchAction\",\"target\":{\"@type\":\"EntryPoint\",\"urlTemplate\":\"https:\/\/dicodusport.fr\/blog\/?s={search_term_string}\"},\"query-input\":{\"@type\":\"PropertyValueSpecification\",\"valueRequired\":true,\"valueName\":\"search_term_string\"}}],\"inLanguage\":\"fr-FR\"},{\"@type\":\"NewsMediaOrganization\",\"@id\":\"https:\/\/dicodusport.fr\/blog\/#organization\",\"name\":\"Dicodusport\",\"url\":\"https:\/\/dicodusport.fr\/blog\/\",\"logo\":{\"@type\":\"ImageObject\",\"inLanguage\":\"fr-FR\",\"@id\":\"https:\/\/dicodusport.fr\/blog\/#\/schema\/logo\/image\/\",\"url\":\"https:\/\/dicodusport.fr\/blog\/wp-content\/uploads\/2020\/06\/cropped-LOGO-DICODUSPORT-2020-SANS-FOND-SANS-TEXTE.png\",\"contentUrl\":\"https:\/\/dicodusport.fr\/blog\/wp-content\/uploads\/2020\/06\/cropped-LOGO-DICODUSPORT-2020-SANS-FOND-SANS-TEXTE.png\",\"width\":512,\"height\":512,\"caption\":\"Dicodusport\"},\"image\":{\"@id\":\"https:\/\/dicodusport.fr\/blog\/#\/schema\/logo\/image\/\"},\"sameAs\":[\"https:\/\/www.facebook.com\/dicodusport\",\"https:\/\/x.com\/dicodusport\",\"https:\/\/www.instagram.com\/dicodusport\/\",\"https:\/\/www.youtube.com\/channel\/UC7V2KZ5sd3htJivAbA4ZG3w\"],\"description\":\"Dicodusport est l'encyclop\u00e9die de l'actualit\u00e9 sportive.\",\"email\":\"bonjour@dicodusport.fr\",\"legalName\":\"DICODUSPORT\",\"foundingDate\":\"2018-01-14\",\"vatID\":\"FR71834470973\",\"taxID\":\"83447097300043\",\"numberOfEmployees\":{\"@type\":\"QuantitativeValue\",\"minValue\":\"1\",\"maxValue\":\"10\"}},{\"@type\":\"Person\",\"@id\":\"https:\/\/dicodusport.fr\/blog\/#\/schema\/person\/6db4bae06b171592211be385b32876a7\",\"name\":\"Emilien Descampiaux\",\"image\":{\"@type\":\"ImageObject\",\"inLanguage\":\"fr-FR\",\"@id\":\"https:\/\/dicodusport.fr\/blog\/#\/schema\/person\/image\/\",\"url\":\"https:\/\/dicodusport.fr\/blog\/wp-content\/uploads\/2021\/05\/Emilien-Descampiaux-150x150.jpg\",\"contentUrl\":\"https:\/\/dicodusport.fr\/blog\/wp-content\/uploads\/2021\/05\/Emilien-Descampiaux-150x150.jpg\",\"caption\":\"Emilien Descampiaux\"},\"description\":\"Journaliste\/r\u00e9dacteur depuis 2014 - Fan de la classe de Frank Vandenbroucke, je vis cyclisme (et de ses paysages) depuis plus de 20 ans. Je suis tr\u00e8s impliqu\u00e9 sur mes diff\u00e9rents r\u00e9seaux sociaux pour partager ma passion sur le monde et l'Histoire de la bicyclette avec ma voix sur les images en noir et blanc du succ\u00e8s de Rik Van Steenbergen lors du Ronde sur le V\u00e9lodrome de Gand.\",\"sameAs\":[\"https:\/\/www.facebook.com\/groups\/LesRoisDuPeloton\",\"https:\/\/x.com\/https:\/\/twitter.com\/LRoisDuPeloton\"],\"url\":\"https:\/\/dicodusport.fr\/blog\/author\/emiliend\/\"}]}<\/script>\n<!-- \/ Yoast SEO Premium plugin. -->","yoast_head_json":{"title":"Grand Prix Miguel Indurain 2022 : Parcours et profil","description":"CYCLISME SUR ROUTE 2022 -\u00a0Le Grand Prix Miguel Indurain 2022 aura lieu le 2 avril pour la 24e \u00e9dition. Parcours en d\u00e9tail et profil.","robots":{"index":"index","follow":"follow","max-snippet":"max-snippet:-1","max-image-preview":"max-image-preview:large","max-video-preview":"max-video-preview:-1"},"canonical":"https:\/\/dicodusport.fr\/blog\/grand-prix-miguel-indurain-2022-parcours-et-profil-le-parcours-en-detail\/","og_locale":"fr_FR","og_type":"article","og_title":"Grand Prix Miguel Indurain 2022 : Parcours et profil","og_description":"CYCLISME SUR ROUTE 2022 -\u00a0Le Grand Prix Miguel Indurain 2022 aura lieu le 2 avril pour la 24e \u00e9dition. Parcours en d\u00e9tail et profil.","og_url":"https:\/\/dicodusport.fr\/blog\/grand-prix-miguel-indurain-2022-parcours-et-profil-le-parcours-en-detail\/","og_site_name":"Dicodusport","article_publisher":"https:\/\/www.facebook.com\/dicodusport","article_author":"https:\/\/www.facebook.com\/groups\/LesRoisDuPeloton","article_published_time":"2022-03-31T17:01:05+00:00","article_modified_time":"2022-04-01T16:41:45+00:00","og_image":[{"width":800,"height":445,"url":"https:\/\/dicodusport.fr\/blog\/wp-content\/uploads\/2022\/03\/Grand-Prix-Miguel-Indurain-2022-Parcours-et-profil.png","type":"image\/png"}],"author":"Emilien Descampiaux","twitter_card":"summary_large_image","twitter_creator":"@https:\/\/twitter.com\/LRoisDuPeloton","twitter_site":"@dicodusport","schema":{"@context":"https:\/\/schema.org","@graph":[{"@type":"NewsArticle","@id":"https:\/\/dicodusport.fr\/blog\/grand-prix-miguel-indurain-2022-parcours-et-profil-le-parcours-en-detail\/#article","isPartOf":{"@id":"https:\/\/dicodusport.fr\/blog\/grand-prix-miguel-indurain-2022-parcours-et-profil-le-parcours-en-detail\/"},"author":{"name":"Emilien Descampiaux","@id":"https:\/\/dicodusport.fr\/blog\/#\/schema\/person\/6db4bae06b171592211be385b32876a7"},"headline":"Grand Prix Miguel Indurain 2022 : Parcours et profil","datePublished":"2022-03-31T17:01:05+00:00","dateModified":"2022-04-01T16:41:45+00:00","mainEntityOfPage":{"@id":"https:\/\/dicodusport.fr\/blog\/grand-prix-miguel-indurain-2022-parcours-et-profil-le-parcours-en-detail\/"},"wordCount":459,"commentCount":0,"publisher":{"@id":"https:\/\/dicodusport.fr\/blog\/#organization"},"image":{"@id":"https:\/\/dicodusport.fr\/blog\/grand-prix-miguel-indurain-2022-parcours-et-profil-le-parcours-en-detail\/#primaryimage"},"thumbnailUrl":"https:\/\/dicodusport.fr\/blog\/wp-content\/uploads\/2022\/03\/Grand-Prix-Miguel-Indurain-2022-Parcours-et-profil.png","keywords":["Grand Prix Miguel Indurain"],"articleSection":["Cyclisme sur route"],"inLanguage":"fr-FR","potentialAction":[{"@type":"CommentAction","name":"Comment","target":["https:\/\/dicodusport.fr\/blog\/grand-prix-miguel-indurain-2022-parcours-et-profil-le-parcours-en-detail\/#respond"]}],"copyrightYear":"2022","copyrightHolder":{"@id":"https:\/\/dicodusport.fr\/blog\/#organization"}},{"@type":"WebPage","@id":"https:\/\/dicodusport.fr\/blog\/grand-prix-miguel-indurain-2022-parcours-et-profil-le-parcours-en-detail\/","url":"https:\/\/dicodusport.fr\/blog\/grand-prix-miguel-indurain-2022-parcours-et-profil-le-parcours-en-detail\/","name":"Grand Prix Miguel Indurain 2022 : Parcours et profil","isPartOf":{"@id":"https:\/\/dicodusport.fr\/blog\/#website"},"primaryImageOfPage":{"@id":"https:\/\/dicodusport.fr\/blog\/grand-prix-miguel-indurain-2022-parcours-et-profil-le-parcours-en-detail\/#primaryimage"},"image":{"@id":"https:\/\/dicodusport.fr\/blog\/grand-prix-miguel-indurain-2022-parcours-et-profil-le-parcours-en-detail\/#primaryimage"},"thumbnailUrl":"https:\/\/dicodusport.fr\/blog\/wp-content\/uploads\/2022\/03\/Grand-Prix-Miguel-Indurain-2022-Parcours-et-profil.png","datePublished":"2022-03-31T17:01:05+00:00","dateModified":"2022-04-01T16:41:45+00:00","description":"CYCLISME SUR ROUTE 2022 -\u00a0Le Grand Prix Miguel Indurain 2022 aura lieu le 2 avril pour la 24e \u00e9dition. Parcours en d\u00e9tail et profil.","breadcrumb":{"@id":"https:\/\/dicodusport.fr\/blog\/grand-prix-miguel-indurain-2022-parcours-et-profil-le-parcours-en-detail\/#breadcrumb"},"inLanguage":"fr-FR","potentialAction":[{"@type":"ReadAction","target":["https:\/\/dicodusport.fr\/blog\/grand-prix-miguel-indurain-2022-parcours-et-profil-le-parcours-en-detail\/"]}]},{"@type":"ImageObject","inLanguage":"fr-FR","@id":"https:\/\/dicodusport.fr\/blog\/grand-prix-miguel-indurain-2022-parcours-et-profil-le-parcours-en-detail\/#primaryimage","url":"https:\/\/dicodusport.fr\/blog\/wp-content\/uploads\/2022\/03\/Grand-Prix-Miguel-Indurain-2022-Parcours-et-profil.png","contentUrl":"https:\/\/dicodusport.fr\/blog\/wp-content\/uploads\/2022\/03\/Grand-Prix-Miguel-Indurain-2022-Parcours-et-profil.png","width":800,"height":445,"caption":"Grand Prix Miguel Indurain 2022 Parcours et profil"},{"@type":"BreadcrumbList","@id":"https:\/\/dicodusport.fr\/blog\/grand-prix-miguel-indurain-2022-parcours-et-profil-le-parcours-en-detail\/#breadcrumb","itemListElement":[{"@type":"ListItem","position":1,"name":"Accueil","item":"https:\/\/dicodusport.fr\/blog\/"},{"@type":"ListItem","position":2,"name":"Grand Prix Miguel Indurain 2022 : Parcours et profil"}]},{"@type":"WebSite","@id":"https:\/\/dicodusport.fr\/blog\/#website","url":"https:\/\/dicodusport.fr\/blog\/","name":"Dicodusport","description":"L&#039;encyclop\u00e9die de l&#039;actualit\u00e9 sportive","publisher":{"@id":"https:\/\/dicodusport.fr\/blog\/#organization"},"potentialAction":[{"@type":"SearchAction","target":{"@type":"EntryPoint","urlTemplate":"https:\/\/dicodusport.fr\/blog\/?s={search_term_string}"},"query-input":{"@type":"PropertyValueSpecification","valueRequired":true,"valueName":"search_term_string"}}],"inLanguage":"fr-FR"},{"@type":"NewsMediaOrganization","@id":"https:\/\/dicodusport.fr\/blog\/#organization","name":"Dicodusport","url":"https:\/\/dicodusport.fr\/blog\/","logo":{"@type":"ImageObject","inLanguage":"fr-FR","@id":"https:\/\/dicodusport.fr\/blog\/#\/schema\/logo\/image\/","url":"https:\/\/dicodusport.fr\/blog\/wp-content\/uploads\/2020\/06\/cropped-LOGO-DICODUSPORT-2020-SANS-FOND-SANS-TEXTE.png","contentUrl":"https:\/\/dicodusport.fr\/blog\/wp-content\/uploads\/2020\/06\/cropped-LOGO-DICODUSPORT-2020-SANS-FOND-SANS-TEXTE.png","width":512,"height":512,"caption":"Dicodusport"},"image":{"@id":"https:\/\/dicodusport.fr\/blog\/#\/schema\/logo\/image\/"},"sameAs":["https:\/\/www.facebook.com\/dicodusport","https:\/\/x.com\/dicodusport","https:\/\/www.instagram.com\/dicodusport\/","https:\/\/www.youtube.com\/channel\/UC7V2KZ5sd3htJivAbA4ZG3w"],"description":"Dicodusport est l'encyclop\u00e9die de l'actualit\u00e9 sportive.","email":"bonjour@dicodusport.fr","legalName":"DICODUSPORT","foundingDate":"2018-01-14","vatID":"FR71834470973","taxID":"83447097300043","numberOfEmployees":{"@type":"QuantitativeValue","minValue":"1","maxValue":"10"}},{"@type":"Person","@id":"https:\/\/dicodusport.fr\/blog\/#\/schema\/person\/6db4bae06b171592211be385b32876a7","name":"Emilien Descampiaux","image":{"@type":"ImageObject","inLanguage":"fr-FR","@id":"https:\/\/dicodusport.fr\/blog\/#\/schema\/person\/image\/","url":"https:\/\/dicodusport.fr\/blog\/wp-content\/uploads\/2021\/05\/Emilien-Descampiaux-150x150.jpg","contentUrl":"https:\/\/dicodusport.fr\/blog\/wp-content\/uploads\/2021\/05\/Emilien-Descampiaux-150x150.jpg","caption":"Emilien Descampiaux"},"description":"Journaliste\/r\u00e9dacteur depuis 2014 - Fan de la classe de Frank Vandenbroucke, je vis cyclisme (et de ses paysages) depuis plus de 20 ans. Je suis tr\u00e8s impliqu\u00e9 sur mes diff\u00e9rents r\u00e9seaux sociaux pour partager ma passion sur le monde et l'Histoire de la bicyclette avec ma voix sur les images en noir et blanc du succ\u00e8s de Rik Van Steenbergen lors du Ronde sur le V\u00e9lodrome de Gand.","sameAs":["https:\/\/www.facebook.com\/groups\/LesRoisDuPeloton","https:\/\/x.com\/https:\/\/twitter.com\/LRoisDuPeloton"],"url":"https:\/\/dicodusport.fr\/blog\/author\/emiliend\/"}]}},"_links":{"self":[{"href":"https:\/\/dicodusport.fr\/blog\/wp-json\/wp\/v2\/posts\/212256","targetHints":{"allow":["GET"]}}],"collection":[{"href":"https:\/\/dicodusport.fr\/blog\/wp-json\/wp\/v2\/posts"}],"about":[{"href":"https:\/\/dicodusport.fr\/blog\/wp-json\/wp\/v2\/types\/post"}],"author":[{"embeddable":true,"href":"https:\/\/dicodusport.fr\/blog\/wp-json\/wp\/v2\/users\/48"}],"replies":[{"embeddable":true,"href":"https:\/\/dicodusport.fr\/blog\/wp-json\/wp\/v2\/comments?post=212256"}],"version-history":[{"count":0,"href":"https:\/\/dicodusport.fr\/blog\/wp-json\/wp\/v2\/posts\/212256\/revisions"}],"wp:featuredmedia":[{"embeddable":true,"href":"https:\/\/dicodusport.fr\/blog\/wp-json\/wp\/v2\/media\/212500"}],"wp:attachment":[{"href":"https:\/\/dicodusport.fr\/blog\/wp-json\/wp\/v2\/media?parent=212256"}],"wp:term":[{"taxonomy":"category","embeddable":true,"href":"https:\/\/dicodusport.fr\/blog\/wp-json\/wp\/v2\/categories?post=212256"},{"taxonomy":"post_tag","embeddable":true,"href":"https:\/\/dicodusport.fr\/blog\/wp-json\/wp\/v2\/tags?post=212256"}],"curies":[{"name":"wp","href":"https:\/\/api.w.org\/{rel}","templated":true}]}}