{"id":212596,"date":"2022-04-01T14:20:08","date_gmt":"2022-04-01T12:20:08","guid":{"rendered":"https:\/\/dicodusport.fr\/blog\/?p=212596&#038;preview=true&#038;preview_id=212596"},"modified":"2022-04-02T18:39:52","modified_gmt":"2022-04-02T16:39:52","slug":"tour-des-flandres-2022-parcours-et-profil","status":"publish","type":"post","link":"https:\/\/dicodusport.fr\/blog\/tour-des-flandres-2022-parcours-et-profil\/","title":{"rendered":"Tour des Flandres 2022 : Parcours et profil"},"content":{"rendered":"<p style=\"text-align: justify;\"><em><strong><a href=\"https:\/\/dicodusport.fr\/blog\/actualites\/cyclisme\/cyclisme-sur-route-2022\/\">CYCLISME SUR ROUTE 2022<\/a><span class=\"tojvnm2t a6sixzi8 abs2jz4q a8s20v7p t1p8iaqh k5wvi7nf q3lfd5jv pk4s997a bipmatt0 cebpdrjk qowsmv63 owwhemhu dp1hu0rb dhp61c6y iyyx5f41\"> \u2013 Ce dimanche 3 avril 2022, les coureurs auront rendez-vous avec le deuxi\u00e8me Monument de la saison, le Tour des Flandres. Le 106\u00e8me Ronde van Vlaanderen empruntera un itin\u00e9raire presque semblable aux deux derni\u00e8res \u00e9ditions. Bien s\u00fbr, les coureurs graviront les c\u00e9l\u00e8bres monts du Paterberg, Oude-Kwaremont, Koppenberg et Taaienberg. L&rsquo;Achterberg fera son retour sur le trac\u00e9 pour combler les absences du Katteberg et de l&rsquo;Eikenberg.<\/span><\/strong><\/em><\/p>\n<h2 style=\"text-align: justify;\"><strong>L&rsquo;histoire du Tour des Flandres<\/strong><\/h2>\n<p style=\"text-align: justify;\">Le Tour des Flandres a \u00e9t\u00e9 cr\u00e9\u00e9 en 1913 \u00e0 partir d&rsquo;une id\u00e9e de <strong>Leon van den Haute<\/strong>, co-fondateur du journal sportif SportWereld, aujourd&rsquo;hui faisant partie du <em>Het Nieuwsblad<\/em>. Le cyclisme flamand \u00e9tait alors en crise et le Ronde a apport\u00e9 un nouveau souffle. La premi\u00e8re \u00e9dition a \u00e9t\u00e9 longue de 330 kilom\u00e8tres autour de Gand avec la victoire du coureur belge de 25 ans Paul Deman, sur un v\u00e9lodrome en bois entour\u00e9 d&rsquo;un \u00e9tang \u00e0 <strong>Mariakerke<\/strong>. Pendant la Premi\u00e8re Guerre mondiale, la future classique a connu quelques interruptions; mais elle a b\u00e9n\u00e9fici\u00e9 d&rsquo;une hausse de sa popularit\u00e9 avec une foule immense lors du d\u00e9part \u00e0 <strong>Gand<\/strong>. Dans les ann\u00e9es 30, la course a attir\u00e9 encore plus de monde tout au long du parcours (plus de 500 000 spectateurs), provoquant des probl\u00e8mes de s\u00e9curit\u00e9.<\/p>\n<p style=\"text-align: justify;\">Au fur et \u00e0 mesure des ann\u00e9es, l\u2019\u00e9v\u00e9nement a attir\u00e9 de plus en plus de coureurs \u00e9trangers, notamment avec la premier succ\u00e8s d&rsquo;un non-Belge en 1923 de <strong>Heiri Suter<\/strong>. Durant la seconde guerre mondiale, le Tour des Flandres, en accord avec le commandement allemand, a continu\u00e9 \u00e0 se d\u00e9rouler. En 1947, avec la cr\u00e9ation du le Challenge Desgrange-Colombo, une sorte de Coupe du monde avant l&rsquo;heure, le Tour des Flandres est devenu une classique internationale.<\/p>\n<p style=\"text-align: justify;\">L&rsquo;affluence de spectateurs n&rsquo;a jamais diminu\u00e9 malgr\u00e9 l&rsquo;arriv\u00e9e d\u00e9plac\u00e9e \u00e0 <strong>Gentbrugge<\/strong>, avec notamment l\u2019av\u00e8nement de grands champions belges tel que Rik van Looy et Eddy Merckx. N\u00e9anmoins, dans les ann\u00e9es 1970, le Tour des Flandres est \u00e0 la recherche d&rsquo;une nouvelle identit\u00e9 avec des routes et des monts traditionnels asphalt\u00e9s. Alors, l&rsquo;organisation a d\u00e9cid\u00e9 d&rsquo;augmenter le nombre de monts et a trouv\u00e9 des nouvelles routes de campagne dans les Ardennes flamandes, afin de garder son ADN. Avec l&rsquo;arriv\u00e9e \u00e0 <strong>Meerbeke<\/strong>, le Mur de Grammont et le controvers\u00e9 Koppenberg se sont inscrits dans la l\u00e9gende. Malheureusement, certaines controverses sont venues ent\u00e2cher la course comme l&rsquo;affaire Roger De Vlaeminck. Ce dernier aurait a offert 300 000 francs \u00e0 Freddy Maertens pour l&#8217;emmener \u00e0 la victoire alors que Maertens allait \u00eatre disqualifi\u00e9 pour dopage.<\/p>\n<p style=\"text-align: justify;\">Ensuite, les ann\u00e9es 80 ont \u00e9t\u00e9 marqu\u00e9es par la bataille entre les N\u00e9erlandais et les Belges. L&rsquo;\u00e9dition 1985 entra dans l&rsquo;Histoire du cyclisme avec le succ\u00e8s d&rsquo;<strong>Eric Vanderaerden<\/strong>. Le coureur belge de 23 ans avait cass\u00e9 sa roue avant le Koppenberg avant de revenir sur les leaders : Hennie Kuiper, Greg LeMond et son co\u00e9quipier Phil Anderson. Vanderaerden a attaqu\u00e9 dans le Mur de Grammont et s&rsquo;est impos\u00e9 en solitaire 20 kilom\u00e8tres plus loin sous une violente temp\u00eate. 24 coureurs ont fini cette \u00e9dition. En 1987, <strong>Claude Criquielion<\/strong> est devenu le premier vainqueur belge francophone sur une \u00e9dition marqu\u00e9e par les malheurs de Jasper Skibby, heurt\u00e9 par la voiture d&rsquo;un commissaire.<\/p>\n<p style=\"text-align: justify;\">Ensuite, dans les ann\u00e9es 90, <strong>Johan Museeuw<\/strong> a marqu\u00e9 cette d\u00e9cennie. Le <em>Lion des Flandres<\/em> a battu au sprint Frans Maassen en 1993 avant d&rsquo;\u00eatre battu pour 7\u00a0<abbr class=\"abbr\" title=\"millim\u00e8tre\">mm<\/abbr> lors de l&rsquo;\u00e9dition suivante par Gianni Bugno. Museeuw remporta deux autres \u00e9dition en 1995 et en 1998. Malheureusement pour les Belges, les Italiens sont devenus leurs principaux rivaux.<\/p>\n<p style=\"text-align: justify;\">La Tour des Flandres a continu\u00e9 d&rsquo;\u00e9crire sa l\u00e9gende apr\u00e8s le passage au 21e si\u00e8cle avec les sacres notamment de <strong>Fabian Cancellara<\/strong> et de <strong>Tom Boonen<\/strong>. En 2011, le Tour des Flandres est repris par Flanders Classics.<\/p>\n<p style=\"text-align: justify;\">Les Fran\u00e7ais se sont impos\u00e9s seulement \u00e0 trois reprises sur le Ronde van Vlaanderen avec : <strong>Louison Bobet<\/strong> (1955), <strong>Jean Forestier<\/strong> (1956) et <strong>Jacky Durand<\/strong> (1992) au terme d&rsquo;une incroyable \u00e9chapp\u00e9e. Du c\u00f4t\u00e9 de <strong>Bernard Hinault<\/strong>, il a montr\u00e9 un d\u00e9samour pour cette course : <em>\u00ab Ce n&rsquo;est plus du cyclisme, mais du cirque, une barbarie ! &#8230; Aussi longtemps que le Koppenberg figurera au parcours du Ronde, vous ne me verrez pas prendre le d\u00e9part de cette \u00e9preuve. \u00bb<\/em><\/p>\n<h2 style=\"text-align: justify;\"><span class=\"tojvnm2t a6sixzi8 abs2jz4q a8s20v7p t1p8iaqh k5wvi7nf q3lfd5jv pk4s997a bipmatt0 cebpdrjk qowsmv63 owwhemhu dp1hu0rb dhp61c6y iyyx5f41\">Le parcours d<strong>u Tour des Flandres<\/strong><br \/>\n<\/span><\/h2>\n<p style=\"text-align: justify;\"><span class=\"tojvnm2t a6sixzi8 abs2jz4q a8s20v7p t1p8iaqh k5wvi7nf q3lfd5jv pk4s997a bipmatt0 cebpdrjk qowsmv63 owwhemhu dp1hu0rb dhp61c6y iyyx5f41\">D\u2019abord, les coureurs partiront d&rsquo;<strong>Anvers<\/strong> depuis la Grote Markt. \u00c0 partir de cette ann\u00e9e, il y aura une alternance sur une p\u00e9riode de six ans entre Anvers (en 2022, 24 et 26) et Bruges (en 2023, 25 et 27) pour organiser le d\u00e9part du Ronde.<\/span><\/p>\n<p style=\"text-align: justify;\"><span class=\"tojvnm2t a6sixzi8 abs2jz4q a8s20v7p t1p8iaqh k5wvi7nf q3lfd5jv pk4s997a bipmatt0 cebpdrjk qowsmv63 owwhemhu dp1hu0rb dhp61c6y iyyx5f41\">Ensuite, ce sera une longue partie plate d\u2019environ cent kilom\u00e8tres en traversant des villes telles que <strong>Kruibeke<\/strong>, <strong>Sint-Niklaas<\/strong>, <strong>Hamme<\/strong>, <strong>Dendermonde<\/strong> et <strong>Zottegem<\/strong>. La bataille pour former l&rsquo;\u00e9chapp\u00e9e matinale se d\u00e9roulera lors de ces premiers kilom\u00e8tres sur des routes larges. Les premiers tron\u00e7ons pav\u00e9s arriveront apr\u00e8s plus de quatre-vingt kilom\u00e8tres avec la <strong>Lippenhovestraat<\/strong> (1300 m) et le <strong>Paddestraat<\/strong> (1500 m). Au lieu du Katteberg, le peloton ira directement vers le Vieux-Kwaremont. Cette longue colline \u00e0 travers les champs retrouvera la foule et l&rsquo;odeur de bi\u00e8re.<\/span><\/p>\n<p style=\"text-align: justify;\"><span class=\"tojvnm2t a6sixzi8 abs2jz4q a8s20v7p t1p8iaqh k5wvi7nf q3lfd5jv pk4s997a bipmatt0 cebpdrjk qowsmv63 owwhemhu dp1hu0rb dhp61c6y iyyx5f41\">En l\u2019espace de 15 kilom\u00e8tres, les coureurs auront \u00e0 gravir via des routes de campagne \u00e9troits et sinueuses : le <strong>Kortekeer<\/strong> (1000 m \u00e0 6,4 %), l&rsquo;<strong>Achterberg<\/strong> (1500 m \u00e0 4,4 %) et le <strong>Wolvenberg<\/strong> (645 m \u00e0 7,9 %) et devront rouler rouler sur les pav\u00e9s du <strong>Holleweg<\/strong> (1500 m), du <strong>Karel Martelstraat<\/strong> (2400 m) et du <strong>Jagerij<\/strong> (800 m). Des pr\u00e9tendants seront sans doute victime de crevaisons et auront besoin du soutien de leurs \u00e9quipiers pour ne pas gaspiller d\u2019\u00e9nergie. Bien s\u00fbr, ces secteurs seront moins terribles que les pav\u00e9s de l&rsquo;Enfer du Nord, mais attention en cas de chute.<\/span><\/p>\n<p style=\"text-align: justify;\"><span class=\"tojvnm2t a6sixzi8 abs2jz4q a8s20v7p t1p8iaqh k5wvi7nf q3lfd5jv pk4s997a bipmatt0 cebpdrjk qowsmv63 owwhemhu dp1hu0rb dhp61c6y iyyx5f41\">Puis, les difficult\u00e9s vont continuer \u00e0 s\u2019accumuler avec le <strong>Molenberg<\/strong> (460 m \u00e0 7 %), le <strong>Marlboroughstraat<\/strong> (2000 m \u00e0 3 % \u00e0 Brakel, le village du double vainqueur du Ronde, Peter Van Petegem), le <strong>Berendries<\/strong> (940 m \u00e0 7 %) et le <strong>Valkenberg<\/strong> (540 m \u00e0 8,1 %). Au sommet du Valkenberg, il reste encore 88 kilom\u00e8tres pour rejoindre l\u2019arriv\u00e9e. Cette partie permettra de faire une s\u00e9lection au sein du peloton et dans l&rsquo;\u00e9chapp\u00e9e matinale avant le final. <\/span><\/p>\n<p style=\"text-align: justify;\"><span class=\"tojvnm2t a6sixzi8 abs2jz4q a8s20v7p t1p8iaqh k5wvi7nf q3lfd5jv pk4s997a bipmatt0 cebpdrjk qowsmv63 owwhemhu dp1hu0rb dhp61c6y iyyx5f41\">Apr\u00e8s le second ravitaillement, il va falloir se coltiner le <strong>Berg Ten Houte<\/strong> (1100 m \u00e0 6%) et le <strong>Kanarieberg<\/strong> (1000 m \u00e0 7,7 %). Cette portion de course sera moins difficile sur une trentaine de kilom\u00e8tres. Le calme avant la temp\u00eate ! Les choses s\u00e9rieuses vont en effet d\u00e9buter par la suite avec une deuxi\u00e8me fois l\u2019<strong>Oude-Kwaremont<\/strong>, le terrible <strong>Paterberg<\/strong> (360 m \u00e0 12,9 % avec son angle droit au pied) et le pentu <strong>Koppenberg<\/strong> (600 m \u00e0 11,6 % avec une pente maximale de 22%). Au sein de ces derni\u00e8res mont\u00e9es, des bouchons pourront avoir lieu au sein d&rsquo;un peloton fatigu\u00e9. Le placement sera primordial pour les favoris. De plus, les routes sinueuses entre ces monts provoqueront une grande nervosit\u00e9 au sein du peloton.<br \/>\n<\/span><\/p>\n<p style=\"text-align: justify;\"><span class=\"tojvnm2t a6sixzi8 abs2jz4q a8s20v7p t1p8iaqh k5wvi7nf q3lfd5jv pk4s997a bipmatt0 cebpdrjk qowsmv63 owwhemhu dp1hu0rb dhp61c6y iyyx5f41\">Par la suite, le secteur pav\u00e9 du <strong>Mariaborrestraat<\/strong> (2400 m\u00e8tres), le <strong>Steenbeekdries<\/strong> (700 m \u00e0 5,3 %) et le <strong>Taaienberg<\/strong> (530 m \u00e0 6,6 % avec un passage \u00e0 18 % puis un faux-plat) se pr\u00e9senteront sous les roues des coureurs avec beaucoup de possibilit\u00e9s de mouvement. Le Taaienberg est li\u00e9 \u00e0 Tom Boonen puisque l&rsquo;ancien champion du monde aimait y poser les premi\u00e8res fondations d&rsquo;un futur succ\u00e8s. En 2020, Julian Alaphilippe avait port\u00e9 la premi\u00e8re offensive s\u00e9rieuse d&rsquo;un favori.<br \/>\n<\/span><\/p>\n<p style=\"text-align: justify;\"><span class=\"tojvnm2t a6sixzi8 abs2jz4q a8s20v7p t1p8iaqh k5wvi7nf q3lfd5jv pk4s997a bipmatt0 cebpdrjk qowsmv63 owwhemhu dp1hu0rb dhp61c6y iyyx5f41\">Apr\u00e8s avoir travers\u00e9 Renaix, ce sera le <strong>Kruisberg<\/strong> (2500 m \u00e0 5 %), autrefois totalement pav\u00e9, ce mont est en partie asphalt\u00e9 depuis 1963. Une dizaine de kilom\u00e8tres plus tard avec une section descendante et plate, ce sera le dernier passage sur l\u2019<strong>Oude Kwaremont<\/strong> et le <strong>Paterberg<\/strong>, un mont tr\u00e8s dur en ligne droite au milieu des champs. Sur le <strong>Paterberg<\/strong>, Cancellara distan\u00e7a Sagan en 2013 et Sagan d\u00e9posa Vanmarcke en 2016 pour inscrire leur nom au Ronde. Cette double ascension sera importante pour faire la diff\u00e9rence entre les favoris. Au sommet, il restera moins de 14 kilom\u00e8tres \u00e0 parcourir jusqu\u2019\u00e0 Audenarde. Il ne faut pas sous-estimer le <strong>Vieux-Kwaremont<\/strong> puisque Bettiol s&rsquo;y \u00e9chappa en 2019 et Wout Van Aert perdit le contact avec Asgreen et van der Poel l&rsquo;an dernier.<\/span><\/p>\n<p style=\"text-align: justify;\"><span class=\"tojvnm2t a6sixzi8 abs2jz4q a8s20v7p t1p8iaqh k5wvi7nf q3lfd5jv pk4s997a bipmatt0 cebpdrjk qowsmv63 owwhemhu dp1hu0rb dhp61c6y iyyx5f41\">Enfin, l\u2019arriv\u00e9e sera jug\u00e9e sur la <strong>Minderbroedersstraat<\/strong> entre 16h et 16h50 apr\u00e8s des derniers kilom\u00e8tres sur des routes larges, sans abri naturel, avec un faux plat montant apr\u00e8s la flamme rouge. Audenarde accueillera l&rsquo;arriv\u00e9e du Tour des Flandres jusqu&rsquo;en 2028. Cette ville d\u00e9boursera 400.000 euros par an pour les deux prochaines ann\u00e9es, puis 450.000 euros \u00e0 partir de 2024.<\/span><\/p>\n<p style=\"text-align: justify;\">Depuis 2004, une course f\u00e9minine, le Tour des Flandres f\u00e9minin, est organis\u00e9e chaque ann\u00e9e le m\u00eame jour que les hommes, mais sur une distance plus courte, avec le m\u00eame final.<\/p>\n<div id=\"attachment_212623\" style=\"width: 710px\" class=\"wp-caption aligncenter\"><a href=\"https:\/\/dicodusport.fr\/blog\/wp-content\/uploads\/2022\/04\/La-carte-du-parcours-du-Tour-des-Flandres-2022.png\"><img loading=\"lazy\" decoding=\"async\" aria-describedby=\"caption-attachment-212623\" class=\"size-full wp-image-212623\" src=\"https:\/\/dicodusport.fr\/blog\/wp-content\/uploads\/2022\/04\/La-carte-du-parcours-du-Tour-des-Flandres-2022.png\" alt=\"La carte du parcours du Tour des Flandres 2022\" width=\"700\" height=\"560\" srcset=\"https:\/\/dicodusport.fr\/blog\/wp-content\/uploads\/2022\/04\/La-carte-du-parcours-du-Tour-des-Flandres-2022.png 700w, https:\/\/dicodusport.fr\/blog\/wp-content\/uploads\/2022\/04\/La-carte-du-parcours-du-Tour-des-Flandres-2022-300x240.png 300w\" sizes=\"auto, (max-width: 700px) 100vw, 700px\" \/><\/a><p id=\"caption-attachment-212623\" class=\"wp-caption-text\">La carte du parcours du Tour des Flandres 2022 &#8211; Via Flanders Classics<\/p><\/div>\n<h2 style=\"text-align: justify;\"><strong>Le profil <\/strong><span class=\"tojvnm2t a6sixzi8 abs2jz4q a8s20v7p t1p8iaqh k5wvi7nf q3lfd5jv pk4s997a bipmatt0 cebpdrjk qowsmv63 owwhemhu dp1hu0rb dhp61c6y iyyx5f41\">d<strong>u Tour des Flandres 2022<br \/>\n<\/strong><\/span><\/h2>\n<div id=\"attachment_212624\" style=\"width: 1660px\" class=\"wp-caption aligncenter\"><a href=\"https:\/\/dicodusport.fr\/blog\/wp-content\/uploads\/2022\/04\/Le-profil-du-Tour-des-Flandres-2022.jpg\"><img loading=\"lazy\" decoding=\"async\" aria-describedby=\"caption-attachment-212624\" class=\"size-full wp-image-212624\" src=\"https:\/\/dicodusport.fr\/blog\/wp-content\/uploads\/2022\/04\/Le-profil-du-Tour-des-Flandres-2022.jpg\" alt=\"Le profil du Tour des Flandres 2022\" width=\"1650\" height=\"625\" srcset=\"https:\/\/dicodusport.fr\/blog\/wp-content\/uploads\/2022\/04\/Le-profil-du-Tour-des-Flandres-2022.jpg 1650w, https:\/\/dicodusport.fr\/blog\/wp-content\/uploads\/2022\/04\/Le-profil-du-Tour-des-Flandres-2022-300x114.jpg 300w, https:\/\/dicodusport.fr\/blog\/wp-content\/uploads\/2022\/04\/Le-profil-du-Tour-des-Flandres-2022-1024x388.jpg 1024w, https:\/\/dicodusport.fr\/blog\/wp-content\/uploads\/2022\/04\/Le-profil-du-Tour-des-Flandres-2022-768x291.jpg 768w, https:\/\/dicodusport.fr\/blog\/wp-content\/uploads\/2022\/04\/Le-profil-du-Tour-des-Flandres-2022-1536x582.jpg 1536w\" sizes=\"auto, (max-width: 1650px) 100vw, 1650px\" \/><\/a><p id=\"caption-attachment-212624\" class=\"wp-caption-text\">Le profil du Tour des Flandres 2022 &#8211; Via PCS<\/p><\/div>\n<hr \/>\n<h2 style=\"text-align: justify;\">Palmar\u00e8s<\/h2>\n<p><span class=\"tojvnm2t a6sixzi8 abs2jz4q a8s20v7p t1p8iaqh k5wvi7nf q3lfd5jv pk4s997a bipmatt0 cebpdrjk qowsmv63 owwhemhu dp1hu0rb dhp61c6y iyyx5f41\">2021 : Kasper Asgreen <\/span><\/p>\n<p><span class=\"tojvnm2t a6sixzi8 abs2jz4q a8s20v7p t1p8iaqh k5wvi7nf q3lfd5jv pk4s997a bipmatt0 cebpdrjk qowsmv63 owwhemhu dp1hu0rb dhp61c6y iyyx5f41\">2020 : Mathieu van der Poel <\/span><\/p>\n<p><span class=\"tojvnm2t a6sixzi8 abs2jz4q a8s20v7p t1p8iaqh k5wvi7nf q3lfd5jv pk4s997a bipmatt0 cebpdrjk qowsmv63 owwhemhu dp1hu0rb dhp61c6y iyyx5f41\">2019 : Alberto Bettiol <\/span><\/p>\n<p><span class=\"tojvnm2t a6sixzi8 abs2jz4q a8s20v7p t1p8iaqh k5wvi7nf q3lfd5jv pk4s997a bipmatt0 cebpdrjk qowsmv63 owwhemhu dp1hu0rb dhp61c6y iyyx5f41\">2018 : Niki Terpstra <\/span><\/p>\n<p><span class=\"tojvnm2t a6sixzi8 abs2jz4q a8s20v7p t1p8iaqh k5wvi7nf q3lfd5jv pk4s997a bipmatt0 cebpdrjk qowsmv63 owwhemhu dp1hu0rb dhp61c6y iyyx5f41\">2017 : Philippe Gilbert <\/span><\/p>\n<p><span class=\"tojvnm2t a6sixzi8 abs2jz4q a8s20v7p t1p8iaqh k5wvi7nf q3lfd5jv pk4s997a bipmatt0 cebpdrjk qowsmv63 owwhemhu dp1hu0rb dhp61c6y iyyx5f41\">2016 : Peter Sagan <\/span><\/p>\n<p><span class=\"tojvnm2t a6sixzi8 abs2jz4q a8s20v7p t1p8iaqh k5wvi7nf q3lfd5jv pk4s997a bipmatt0 cebpdrjk qowsmv63 owwhemhu dp1hu0rb dhp61c6y iyyx5f41\">2015 : Alexander Kristoff <\/span><\/p>\n<p><span class=\"tojvnm2t a6sixzi8 abs2jz4q a8s20v7p t1p8iaqh k5wvi7nf q3lfd5jv pk4s997a bipmatt0 cebpdrjk qowsmv63 owwhemhu dp1hu0rb dhp61c6y iyyx5f41\">2014 : Fabian Cancellara <\/span><\/p>\n<p><span class=\"tojvnm2t a6sixzi8 abs2jz4q a8s20v7p t1p8iaqh k5wvi7nf q3lfd5jv pk4s997a bipmatt0 cebpdrjk qowsmv63 owwhemhu dp1hu0rb dhp61c6y iyyx5f41\">2013 : Fabian Cancellara <\/span><\/p>\n<p><span class=\"tojvnm2t a6sixzi8 abs2jz4q a8s20v7p t1p8iaqh k5wvi7nf q3lfd5jv pk4s997a bipmatt0 cebpdrjk qowsmv63 owwhemhu dp1hu0rb dhp61c6y iyyx5f41\">2012 : Tom Boonen<\/span><\/p>\n<h2 style=\"text-align: justify;\">\u00c0 lire aussi<\/h2>\n<ul>\n<li style=\"text-align: justify;\"><a href=\"https:\/\/dicodusport.fr\/blog\/tour-des-flandres-2022-a-quelle-heure-et-sur-quelle-chaine\/\" target=\"_blank\" rel=\"noopener\"><strong><strong>Tour des Flandres 2022 : \u00c0 quelle heure et sur quelle cha\u00eene ?<\/strong><\/strong><\/a><\/li>\n<li><a href=\"https:\/\/dicodusport.fr\/blog\/les-engages-du-tour-des-flandres-2022\/\" target=\"_blank\" rel=\"noopener\"><strong><strong>Les engag\u00e9s d<\/strong><\/strong><span class=\"tojvnm2t a6sixzi8 abs2jz4q a8s20v7p t1p8iaqh k5wvi7nf q3lfd5jv pk4s997a bipmatt0 cebpdrjk qowsmv63 owwhemhu dp1hu0rb dhp61c6y iyyx5f41\"><strong>u Tour des Flandres<\/strong><\/span><\/a><\/li>\n<li><a href=\"https:\/\/dicodusport.fr\/blog\/tour-des-flandres-2022-notre-pronostic\/\" target=\"_blank\" rel=\"noopener\"><strong>Tour des Flandres 2022 : notre pronostic<\/strong><\/a><\/li>\n<\/ul>\n","protected":false},"excerpt":{"rendered":"<p>CYCLISME SUR ROUTE 2022 &#8211;\u00a0Apr\u00e8s des courses passionnantes sur l&rsquo;E3 Saxo Bank Classic et sur Gand-Wevelgem, le printemps flamand se poursuit le mercredi 30 mars 2022 avec la 76e \u00e9dition d&rsquo;\u00c0 Travers la Flandre 2022. Bien s\u00fbr, ce sera le dernier rendez-vous avant le Tour des Flandres.<\/p>\n","protected":false},"author":48,"featured_media":212625,"comment_status":"open","ping_status":"closed","sticky":false,"template":"","format":"standard","meta":{"_acf_changed":false,"_daextam_enable_autolinks":"","footnotes":""},"categories":[46994],"tags":[3119,4325],"class_list":["post-212596","post","type-post","status-publish","format-standard","has-post-thumbnail","hentry","category-cyclisme-sur-route","tag-actualite-cyclisme","tag-tour-des-flandres"],"acf":[],"yoast_head":"<!-- This site is optimized with the Yoast SEO Premium plugin v26.7 (Yoast SEO v26.7) - https:\/\/yoast.com\/wordpress\/plugins\/seo\/ -->\n<title>Tour des Flandres 2022 : Parcours et profil<\/title>\n<meta name=\"description\" content=\"Apr\u00e8s des courses passionnantes sur l&#039;E3 Saxo Bank Classic et sur Gand-Wevelgem, place \u00e0 \u00c0 Travers la Flandre. Parcours et profil.CYCLISME SUR ROUTE 2022 \u2013 Ce dimanche 3 avril 2022, les coureurs auront rendez-vous avec le deuxi\u00e8me Monument de la saison, avec le Tour des Flandres. Le 106\u00e8me Ronde van Vlaanderen empruntera un itin\u00e9raire presque semblable aux deux derni\u00e8res \u00e9ditions.\" \/>\n<meta name=\"robots\" content=\"index, follow, max-snippet:-1, max-image-preview:large, max-video-preview:-1\" \/>\n<link rel=\"canonical\" href=\"https:\/\/dicodusport.fr\/blog\/tour-des-flandres-2022-parcours-et-profil\/\" \/>\n<meta property=\"og:locale\" content=\"fr_FR\" \/>\n<meta property=\"og:type\" content=\"article\" \/>\n<meta property=\"og:title\" content=\"Tour des Flandres 2022 : Parcours et profil\" \/>\n<meta property=\"og:description\" content=\"Apr\u00e8s des courses passionnantes sur l&#039;E3 Saxo Bank Classic et sur Gand-Wevelgem, place \u00e0 \u00c0 Travers la Flandre. Parcours et profil.CYCLISME SUR ROUTE 2022 \u2013 Ce dimanche 3 avril 2022, les coureurs auront rendez-vous avec le deuxi\u00e8me Monument de la saison, avec le Tour des Flandres. Le 106\u00e8me Ronde van Vlaanderen empruntera un itin\u00e9raire presque semblable aux deux derni\u00e8res \u00e9ditions.\" \/>\n<meta property=\"og:url\" content=\"https:\/\/dicodusport.fr\/blog\/tour-des-flandres-2022-parcours-et-profil\/\" \/>\n<meta property=\"og:site_name\" content=\"Dicodusport\" \/>\n<meta property=\"article:publisher\" content=\"https:\/\/www.facebook.com\/dicodusport\" \/>\n<meta property=\"article:author\" content=\"https:\/\/www.facebook.com\/groups\/LesRoisDuPeloton\" \/>\n<meta property=\"article:published_time\" content=\"2022-04-01T12:20:08+00:00\" \/>\n<meta property=\"article:modified_time\" content=\"2022-04-02T16:39:52+00:00\" \/>\n<meta property=\"og:image\" content=\"https:\/\/dicodusport.fr\/blog\/wp-content\/uploads\/2022\/04\/Tour-des-Flandres-2022-Parcours-et-profil.png\" \/>\n\t<meta property=\"og:image:width\" content=\"800\" \/>\n\t<meta property=\"og:image:height\" content=\"445\" \/>\n\t<meta property=\"og:image:type\" content=\"image\/png\" \/>\n<meta name=\"author\" content=\"Emilien Descampiaux\" \/>\n<meta name=\"twitter:card\" content=\"summary_large_image\" \/>\n<meta name=\"twitter:title\" content=\"Tour des Flandres 2022 : Parcours et profil\" \/>\n<meta name=\"twitter:creator\" content=\"@https:\/\/twitter.com\/LRoisDuPeloton\" \/>\n<meta name=\"twitter:site\" content=\"@dicodusport\" \/>\n<script type=\"application\/ld+json\" class=\"yoast-schema-graph\">{\"@context\":\"https:\/\/schema.org\",\"@graph\":[{\"@type\":\"NewsArticle\",\"@id\":\"https:\/\/dicodusport.fr\/blog\/tour-des-flandres-2022-parcours-et-profil\/#article\",\"isPartOf\":{\"@id\":\"https:\/\/dicodusport.fr\/blog\/tour-des-flandres-2022-parcours-et-profil\/\"},\"author\":{\"name\":\"Emilien Descampiaux\",\"@id\":\"https:\/\/dicodusport.fr\/blog\/#\/schema\/person\/6db4bae06b171592211be385b32876a7\"},\"headline\":\"Tour des Flandres 2022 : Parcours et profil\",\"datePublished\":\"2022-04-01T12:20:08+00:00\",\"dateModified\":\"2022-04-02T16:39:52+00:00\",\"mainEntityOfPage\":{\"@id\":\"https:\/\/dicodusport.fr\/blog\/tour-des-flandres-2022-parcours-et-profil\/\"},\"wordCount\":1557,\"commentCount\":0,\"publisher\":{\"@id\":\"https:\/\/dicodusport.fr\/blog\/#organization\"},\"image\":{\"@id\":\"https:\/\/dicodusport.fr\/blog\/tour-des-flandres-2022-parcours-et-profil\/#primaryimage\"},\"thumbnailUrl\":\"https:\/\/dicodusport.fr\/blog\/wp-content\/uploads\/2022\/04\/Tour-des-Flandres-2022-Parcours-et-profil.png\",\"keywords\":[\"Actualit\u00e9 Cyclisme\",\"Tour des Flandres\"],\"articleSection\":[\"Cyclisme sur route\"],\"inLanguage\":\"fr-FR\",\"potentialAction\":[{\"@type\":\"CommentAction\",\"name\":\"Comment\",\"target\":[\"https:\/\/dicodusport.fr\/blog\/tour-des-flandres-2022-parcours-et-profil\/#respond\"]}],\"copyrightYear\":\"2022\",\"copyrightHolder\":{\"@id\":\"https:\/\/dicodusport.fr\/blog\/#organization\"}},{\"@type\":\"WebPage\",\"@id\":\"https:\/\/dicodusport.fr\/blog\/tour-des-flandres-2022-parcours-et-profil\/\",\"url\":\"https:\/\/dicodusport.fr\/blog\/tour-des-flandres-2022-parcours-et-profil\/\",\"name\":\"Tour des Flandres 2022 : Parcours et profil\",\"isPartOf\":{\"@id\":\"https:\/\/dicodusport.fr\/blog\/#website\"},\"primaryImageOfPage\":{\"@id\":\"https:\/\/dicodusport.fr\/blog\/tour-des-flandres-2022-parcours-et-profil\/#primaryimage\"},\"image\":{\"@id\":\"https:\/\/dicodusport.fr\/blog\/tour-des-flandres-2022-parcours-et-profil\/#primaryimage\"},\"thumbnailUrl\":\"https:\/\/dicodusport.fr\/blog\/wp-content\/uploads\/2022\/04\/Tour-des-Flandres-2022-Parcours-et-profil.png\",\"datePublished\":\"2022-04-01T12:20:08+00:00\",\"dateModified\":\"2022-04-02T16:39:52+00:00\",\"description\":\"Apr\u00e8s des courses passionnantes sur l'E3 Saxo Bank Classic et sur Gand-Wevelgem, place \u00e0 \u00c0 Travers la Flandre. Parcours et profil.CYCLISME SUR ROUTE 2022 \u2013 Ce dimanche 3 avril 2022, les coureurs auront rendez-vous avec le deuxi\u00e8me Monument de la saison, avec le Tour des Flandres. Le 106\u00e8me Ronde van Vlaanderen empruntera un itin\u00e9raire presque semblable aux deux derni\u00e8res \u00e9ditions.\",\"breadcrumb\":{\"@id\":\"https:\/\/dicodusport.fr\/blog\/tour-des-flandres-2022-parcours-et-profil\/#breadcrumb\"},\"inLanguage\":\"fr-FR\",\"potentialAction\":[{\"@type\":\"ReadAction\",\"target\":[\"https:\/\/dicodusport.fr\/blog\/tour-des-flandres-2022-parcours-et-profil\/\"]}]},{\"@type\":\"ImageObject\",\"inLanguage\":\"fr-FR\",\"@id\":\"https:\/\/dicodusport.fr\/blog\/tour-des-flandres-2022-parcours-et-profil\/#primaryimage\",\"url\":\"https:\/\/dicodusport.fr\/blog\/wp-content\/uploads\/2022\/04\/Tour-des-Flandres-2022-Parcours-et-profil.png\",\"contentUrl\":\"https:\/\/dicodusport.fr\/blog\/wp-content\/uploads\/2022\/04\/Tour-des-Flandres-2022-Parcours-et-profil.png\",\"width\":800,\"height\":445,\"caption\":\"Tour des Flandres 2022 Parcours et profil\"},{\"@type\":\"BreadcrumbList\",\"@id\":\"https:\/\/dicodusport.fr\/blog\/tour-des-flandres-2022-parcours-et-profil\/#breadcrumb\",\"itemListElement\":[{\"@type\":\"ListItem\",\"position\":1,\"name\":\"Accueil\",\"item\":\"https:\/\/dicodusport.fr\/blog\/\"},{\"@type\":\"ListItem\",\"position\":2,\"name\":\"Tour des Flandres 2022 : Parcours et profil\"}]},{\"@type\":\"WebSite\",\"@id\":\"https:\/\/dicodusport.fr\/blog\/#website\",\"url\":\"https:\/\/dicodusport.fr\/blog\/\",\"name\":\"Dicodusport\",\"description\":\"L&#039;encyclop\u00e9die de l&#039;actualit\u00e9 sportive\",\"publisher\":{\"@id\":\"https:\/\/dicodusport.fr\/blog\/#organization\"},\"potentialAction\":[{\"@type\":\"SearchAction\",\"target\":{\"@type\":\"EntryPoint\",\"urlTemplate\":\"https:\/\/dicodusport.fr\/blog\/?s={search_term_string}\"},\"query-input\":{\"@type\":\"PropertyValueSpecification\",\"valueRequired\":true,\"valueName\":\"search_term_string\"}}],\"inLanguage\":\"fr-FR\"},{\"@type\":\"NewsMediaOrganization\",\"@id\":\"https:\/\/dicodusport.fr\/blog\/#organization\",\"name\":\"Dicodusport\",\"url\":\"https:\/\/dicodusport.fr\/blog\/\",\"logo\":{\"@type\":\"ImageObject\",\"inLanguage\":\"fr-FR\",\"@id\":\"https:\/\/dicodusport.fr\/blog\/#\/schema\/logo\/image\/\",\"url\":\"https:\/\/dicodusport.fr\/blog\/wp-content\/uploads\/2020\/06\/cropped-LOGO-DICODUSPORT-2020-SANS-FOND-SANS-TEXTE.png\",\"contentUrl\":\"https:\/\/dicodusport.fr\/blog\/wp-content\/uploads\/2020\/06\/cropped-LOGO-DICODUSPORT-2020-SANS-FOND-SANS-TEXTE.png\",\"width\":512,\"height\":512,\"caption\":\"Dicodusport\"},\"image\":{\"@id\":\"https:\/\/dicodusport.fr\/blog\/#\/schema\/logo\/image\/\"},\"sameAs\":[\"https:\/\/www.facebook.com\/dicodusport\",\"https:\/\/x.com\/dicodusport\",\"https:\/\/www.instagram.com\/dicodusport\/\",\"https:\/\/www.youtube.com\/channel\/UC7V2KZ5sd3htJivAbA4ZG3w\"],\"description\":\"Dicodusport est l'encyclop\u00e9die de l'actualit\u00e9 sportive.\",\"email\":\"bonjour@dicodusport.fr\",\"legalName\":\"DICODUSPORT\",\"foundingDate\":\"2018-01-14\",\"vatID\":\"FR71834470973\",\"taxID\":\"83447097300043\",\"numberOfEmployees\":{\"@type\":\"QuantitativeValue\",\"minValue\":\"1\",\"maxValue\":\"10\"}},{\"@type\":\"Person\",\"@id\":\"https:\/\/dicodusport.fr\/blog\/#\/schema\/person\/6db4bae06b171592211be385b32876a7\",\"name\":\"Emilien Descampiaux\",\"image\":{\"@type\":\"ImageObject\",\"inLanguage\":\"fr-FR\",\"@id\":\"https:\/\/dicodusport.fr\/blog\/#\/schema\/person\/image\/\",\"url\":\"https:\/\/dicodusport.fr\/blog\/wp-content\/uploads\/2021\/05\/Emilien-Descampiaux-150x150.jpg\",\"contentUrl\":\"https:\/\/dicodusport.fr\/blog\/wp-content\/uploads\/2021\/05\/Emilien-Descampiaux-150x150.jpg\",\"caption\":\"Emilien Descampiaux\"},\"description\":\"Journaliste\/r\u00e9dacteur depuis 2014 - Fan de la classe de Frank Vandenbroucke, je vis cyclisme (et de ses paysages) depuis plus de 20 ans. Je suis tr\u00e8s impliqu\u00e9 sur mes diff\u00e9rents r\u00e9seaux sociaux pour partager ma passion sur le monde et l'Histoire de la bicyclette avec ma voix sur les images en noir et blanc du succ\u00e8s de Rik Van Steenbergen lors du Ronde sur le V\u00e9lodrome de Gand.\",\"sameAs\":[\"https:\/\/www.facebook.com\/groups\/LesRoisDuPeloton\",\"https:\/\/x.com\/https:\/\/twitter.com\/LRoisDuPeloton\"],\"url\":\"https:\/\/dicodusport.fr\/blog\/author\/emiliend\/\"}]}<\/script>\n<!-- \/ Yoast SEO Premium plugin. -->","yoast_head_json":{"title":"Tour des Flandres 2022 : Parcours et profil","description":"Apr\u00e8s des courses passionnantes sur l'E3 Saxo Bank Classic et sur Gand-Wevelgem, place \u00e0 \u00c0 Travers la Flandre. Parcours et profil.CYCLISME SUR ROUTE 2022 \u2013 Ce dimanche 3 avril 2022, les coureurs auront rendez-vous avec le deuxi\u00e8me Monument de la saison, avec le Tour des Flandres. Le 106\u00e8me Ronde van Vlaanderen empruntera un itin\u00e9raire presque semblable aux deux derni\u00e8res \u00e9ditions.","robots":{"index":"index","follow":"follow","max-snippet":"max-snippet:-1","max-image-preview":"max-image-preview:large","max-video-preview":"max-video-preview:-1"},"canonical":"https:\/\/dicodusport.fr\/blog\/tour-des-flandres-2022-parcours-et-profil\/","og_locale":"fr_FR","og_type":"article","og_title":"Tour des Flandres 2022 : Parcours et profil","og_description":"Apr\u00e8s des courses passionnantes sur l'E3 Saxo Bank Classic et sur Gand-Wevelgem, place \u00e0 \u00c0 Travers la Flandre. Parcours et profil.CYCLISME SUR ROUTE 2022 \u2013 Ce dimanche 3 avril 2022, les coureurs auront rendez-vous avec le deuxi\u00e8me Monument de la saison, avec le Tour des Flandres. Le 106\u00e8me Ronde van Vlaanderen empruntera un itin\u00e9raire presque semblable aux deux derni\u00e8res \u00e9ditions.","og_url":"https:\/\/dicodusport.fr\/blog\/tour-des-flandres-2022-parcours-et-profil\/","og_site_name":"Dicodusport","article_publisher":"https:\/\/www.facebook.com\/dicodusport","article_author":"https:\/\/www.facebook.com\/groups\/LesRoisDuPeloton","article_published_time":"2022-04-01T12:20:08+00:00","article_modified_time":"2022-04-02T16:39:52+00:00","og_image":[{"width":800,"height":445,"url":"https:\/\/dicodusport.fr\/blog\/wp-content\/uploads\/2022\/04\/Tour-des-Flandres-2022-Parcours-et-profil.png","type":"image\/png"}],"author":"Emilien Descampiaux","twitter_card":"summary_large_image","twitter_title":"Tour des Flandres 2022 : Parcours et profil","twitter_creator":"@https:\/\/twitter.com\/LRoisDuPeloton","twitter_site":"@dicodusport","schema":{"@context":"https:\/\/schema.org","@graph":[{"@type":"NewsArticle","@id":"https:\/\/dicodusport.fr\/blog\/tour-des-flandres-2022-parcours-et-profil\/#article","isPartOf":{"@id":"https:\/\/dicodusport.fr\/blog\/tour-des-flandres-2022-parcours-et-profil\/"},"author":{"name":"Emilien Descampiaux","@id":"https:\/\/dicodusport.fr\/blog\/#\/schema\/person\/6db4bae06b171592211be385b32876a7"},"headline":"Tour des Flandres 2022 : Parcours et profil","datePublished":"2022-04-01T12:20:08+00:00","dateModified":"2022-04-02T16:39:52+00:00","mainEntityOfPage":{"@id":"https:\/\/dicodusport.fr\/blog\/tour-des-flandres-2022-parcours-et-profil\/"},"wordCount":1557,"commentCount":0,"publisher":{"@id":"https:\/\/dicodusport.fr\/blog\/#organization"},"image":{"@id":"https:\/\/dicodusport.fr\/blog\/tour-des-flandres-2022-parcours-et-profil\/#primaryimage"},"thumbnailUrl":"https:\/\/dicodusport.fr\/blog\/wp-content\/uploads\/2022\/04\/Tour-des-Flandres-2022-Parcours-et-profil.png","keywords":["Actualit\u00e9 Cyclisme","Tour des Flandres"],"articleSection":["Cyclisme sur route"],"inLanguage":"fr-FR","potentialAction":[{"@type":"CommentAction","name":"Comment","target":["https:\/\/dicodusport.fr\/blog\/tour-des-flandres-2022-parcours-et-profil\/#respond"]}],"copyrightYear":"2022","copyrightHolder":{"@id":"https:\/\/dicodusport.fr\/blog\/#organization"}},{"@type":"WebPage","@id":"https:\/\/dicodusport.fr\/blog\/tour-des-flandres-2022-parcours-et-profil\/","url":"https:\/\/dicodusport.fr\/blog\/tour-des-flandres-2022-parcours-et-profil\/","name":"Tour des Flandres 2022 : Parcours et profil","isPartOf":{"@id":"https:\/\/dicodusport.fr\/blog\/#website"},"primaryImageOfPage":{"@id":"https:\/\/dicodusport.fr\/blog\/tour-des-flandres-2022-parcours-et-profil\/#primaryimage"},"image":{"@id":"https:\/\/dicodusport.fr\/blog\/tour-des-flandres-2022-parcours-et-profil\/#primaryimage"},"thumbnailUrl":"https:\/\/dicodusport.fr\/blog\/wp-content\/uploads\/2022\/04\/Tour-des-Flandres-2022-Parcours-et-profil.png","datePublished":"2022-04-01T12:20:08+00:00","dateModified":"2022-04-02T16:39:52+00:00","description":"Apr\u00e8s des courses passionnantes sur l'E3 Saxo Bank Classic et sur Gand-Wevelgem, place \u00e0 \u00c0 Travers la Flandre. Parcours et profil.CYCLISME SUR ROUTE 2022 \u2013 Ce dimanche 3 avril 2022, les coureurs auront rendez-vous avec le deuxi\u00e8me Monument de la saison, avec le Tour des Flandres. Le 106\u00e8me Ronde van Vlaanderen empruntera un itin\u00e9raire presque semblable aux deux derni\u00e8res \u00e9ditions.","breadcrumb":{"@id":"https:\/\/dicodusport.fr\/blog\/tour-des-flandres-2022-parcours-et-profil\/#breadcrumb"},"inLanguage":"fr-FR","potentialAction":[{"@type":"ReadAction","target":["https:\/\/dicodusport.fr\/blog\/tour-des-flandres-2022-parcours-et-profil\/"]}]},{"@type":"ImageObject","inLanguage":"fr-FR","@id":"https:\/\/dicodusport.fr\/blog\/tour-des-flandres-2022-parcours-et-profil\/#primaryimage","url":"https:\/\/dicodusport.fr\/blog\/wp-content\/uploads\/2022\/04\/Tour-des-Flandres-2022-Parcours-et-profil.png","contentUrl":"https:\/\/dicodusport.fr\/blog\/wp-content\/uploads\/2022\/04\/Tour-des-Flandres-2022-Parcours-et-profil.png","width":800,"height":445,"caption":"Tour des Flandres 2022 Parcours et profil"},{"@type":"BreadcrumbList","@id":"https:\/\/dicodusport.fr\/blog\/tour-des-flandres-2022-parcours-et-profil\/#breadcrumb","itemListElement":[{"@type":"ListItem","position":1,"name":"Accueil","item":"https:\/\/dicodusport.fr\/blog\/"},{"@type":"ListItem","position":2,"name":"Tour des Flandres 2022 : Parcours et profil"}]},{"@type":"WebSite","@id":"https:\/\/dicodusport.fr\/blog\/#website","url":"https:\/\/dicodusport.fr\/blog\/","name":"Dicodusport","description":"L&#039;encyclop\u00e9die de l&#039;actualit\u00e9 sportive","publisher":{"@id":"https:\/\/dicodusport.fr\/blog\/#organization"},"potentialAction":[{"@type":"SearchAction","target":{"@type":"EntryPoint","urlTemplate":"https:\/\/dicodusport.fr\/blog\/?s={search_term_string}"},"query-input":{"@type":"PropertyValueSpecification","valueRequired":true,"valueName":"search_term_string"}}],"inLanguage":"fr-FR"},{"@type":"NewsMediaOrganization","@id":"https:\/\/dicodusport.fr\/blog\/#organization","name":"Dicodusport","url":"https:\/\/dicodusport.fr\/blog\/","logo":{"@type":"ImageObject","inLanguage":"fr-FR","@id":"https:\/\/dicodusport.fr\/blog\/#\/schema\/logo\/image\/","url":"https:\/\/dicodusport.fr\/blog\/wp-content\/uploads\/2020\/06\/cropped-LOGO-DICODUSPORT-2020-SANS-FOND-SANS-TEXTE.png","contentUrl":"https:\/\/dicodusport.fr\/blog\/wp-content\/uploads\/2020\/06\/cropped-LOGO-DICODUSPORT-2020-SANS-FOND-SANS-TEXTE.png","width":512,"height":512,"caption":"Dicodusport"},"image":{"@id":"https:\/\/dicodusport.fr\/blog\/#\/schema\/logo\/image\/"},"sameAs":["https:\/\/www.facebook.com\/dicodusport","https:\/\/x.com\/dicodusport","https:\/\/www.instagram.com\/dicodusport\/","https:\/\/www.youtube.com\/channel\/UC7V2KZ5sd3htJivAbA4ZG3w"],"description":"Dicodusport est l'encyclop\u00e9die de l'actualit\u00e9 sportive.","email":"bonjour@dicodusport.fr","legalName":"DICODUSPORT","foundingDate":"2018-01-14","vatID":"FR71834470973","taxID":"83447097300043","numberOfEmployees":{"@type":"QuantitativeValue","minValue":"1","maxValue":"10"}},{"@type":"Person","@id":"https:\/\/dicodusport.fr\/blog\/#\/schema\/person\/6db4bae06b171592211be385b32876a7","name":"Emilien Descampiaux","image":{"@type":"ImageObject","inLanguage":"fr-FR","@id":"https:\/\/dicodusport.fr\/blog\/#\/schema\/person\/image\/","url":"https:\/\/dicodusport.fr\/blog\/wp-content\/uploads\/2021\/05\/Emilien-Descampiaux-150x150.jpg","contentUrl":"https:\/\/dicodusport.fr\/blog\/wp-content\/uploads\/2021\/05\/Emilien-Descampiaux-150x150.jpg","caption":"Emilien Descampiaux"},"description":"Journaliste\/r\u00e9dacteur depuis 2014 - Fan de la classe de Frank Vandenbroucke, je vis cyclisme (et de ses paysages) depuis plus de 20 ans. Je suis tr\u00e8s impliqu\u00e9 sur mes diff\u00e9rents r\u00e9seaux sociaux pour partager ma passion sur le monde et l'Histoire de la bicyclette avec ma voix sur les images en noir et blanc du succ\u00e8s de Rik Van Steenbergen lors du Ronde sur le V\u00e9lodrome de Gand.","sameAs":["https:\/\/www.facebook.com\/groups\/LesRoisDuPeloton","https:\/\/x.com\/https:\/\/twitter.com\/LRoisDuPeloton"],"url":"https:\/\/dicodusport.fr\/blog\/author\/emiliend\/"}]}},"_links":{"self":[{"href":"https:\/\/dicodusport.fr\/blog\/wp-json\/wp\/v2\/posts\/212596","targetHints":{"allow":["GET"]}}],"collection":[{"href":"https:\/\/dicodusport.fr\/blog\/wp-json\/wp\/v2\/posts"}],"about":[{"href":"https:\/\/dicodusport.fr\/blog\/wp-json\/wp\/v2\/types\/post"}],"author":[{"embeddable":true,"href":"https:\/\/dicodusport.fr\/blog\/wp-json\/wp\/v2\/users\/48"}],"replies":[{"embeddable":true,"href":"https:\/\/dicodusport.fr\/blog\/wp-json\/wp\/v2\/comments?post=212596"}],"version-history":[{"count":0,"href":"https:\/\/dicodusport.fr\/blog\/wp-json\/wp\/v2\/posts\/212596\/revisions"}],"wp:featuredmedia":[{"embeddable":true,"href":"https:\/\/dicodusport.fr\/blog\/wp-json\/wp\/v2\/media\/212625"}],"wp:attachment":[{"href":"https:\/\/dicodusport.fr\/blog\/wp-json\/wp\/v2\/media?parent=212596"}],"wp:term":[{"taxonomy":"category","embeddable":true,"href":"https:\/\/dicodusport.fr\/blog\/wp-json\/wp\/v2\/categories?post=212596"},{"taxonomy":"post_tag","embeddable":true,"href":"https:\/\/dicodusport.fr\/blog\/wp-json\/wp\/v2\/tags?post=212596"}],"curies":[{"name":"wp","href":"https:\/\/api.w.org\/{rel}","templated":true}]}}