{"id":212611,"date":"2022-04-01T16:36:18","date_gmt":"2022-04-01T14:36:18","guid":{"rendered":"https:\/\/dicodusport.fr\/blog\/?p=212611&#038;preview=true&#038;preview_id=212611"},"modified":"2022-04-01T16:57:29","modified_gmt":"2022-04-01T14:57:29","slug":"la-route-adelie-de-vitre-2022-axel-zingle-simpose-dans-les-giboulees","status":"publish","type":"post","link":"https:\/\/dicodusport.fr\/blog\/la-route-adelie-de-vitre-2022-axel-zingle-simpose-dans-les-giboulees\/","title":{"rendered":"La Route Ad\u00e9lie de Vitr\u00e9 2022 : Axel Zingle s&rsquo;impose dans les giboul\u00e9es"},"content":{"rendered":"<p style=\"text-align: justify;\"><em><strong><a href=\"https:\/\/dicodusport.fr\/blog\/actualites\/cyclisme\/cyclisme-sur-route-2022\/\">CYCLISME SUR ROUTE 2022<\/a> &#8211; Sous la pluie et le froid, Axel Zingle (Cofidis) <span class=\"tojvnm2t a6sixzi8 abs2jz4q a8s20v7p t1p8iaqh k5wvi7nf q3lfd5jv pk4s997a bipmatt0 cebpdrjk qowsmv63 owwhemhu dp1hu0rb dhp61c6y iyyx5f41\">s&rsquo;est impos\u00e9 ce vendredi la 26e \u00e9dition de<\/span><\/strong> <strong>La Route Ad\u00e9lie de Vitr\u00e9<\/strong><strong><span class=\"tojvnm2t a6sixzi8 abs2jz4q a8s20v7p t1p8iaqh k5wvi7nf q3lfd5jv pk4s997a bipmatt0 cebpdrjk qowsmv63 owwhemhu dp1hu0rb dhp61c6y iyyx5f41\">. Il a devanc\u00e9, apr\u00e8s 177 kilom\u00e8tres de course, Dorian Godon (AG2R Citro\u00ebn) et Valentin Ferron (TotalEnergies). Axel Zingle a sign\u00e9 ainsi sa premi\u00e8re victoire professionnelle. <\/span><br \/>\n<\/strong><\/em><\/p>\n<h2 style=\"text-align: justify;\">Une course raccourcie \u00e0 cause du mauvais temps<\/h2>\n<p style=\"text-align: justify;\">D\u00e8s le premier kilom\u00e8tre de course, trois coureurs ont form\u00e9 l&rsquo;\u00e9chapp\u00e9e matinale : <strong>Mario Aparicio Munoz<\/strong> (Burgos-BH) , Antonio <strong>Angulo Sampedro<\/strong> (Euskaltel-Euskadi) et <strong>Axel Mariault<\/strong> (Team U Nantes Atlantique). Leur avance a atteint au maximum 3 minutes et 40 secondes apr\u00e8s 20 kilom\u00e8tres de course. Puis,<strong> Groupama-FDJ<\/strong> et <strong>Intermarch\u00e9-Wanty-Gobert<\/strong> ont repris les commandes du peloton pour r\u00e9duire l&rsquo;\u00e9cart \u00e0 2 minutes au moment d&rsquo;entamer les 8 tours du circuit final de 8,9 kilom\u00e8tres.<\/p>\n<p style=\"text-align: justify;\">Par la suite, le trio de t\u00eate a \u00e9t\u00e9 repris \u00e0 54 kilom\u00e8tres de l&rsquo;arriv\u00e9e par un peloton o\u00f9 les \u00e9quipes <strong>Arkea Samsic<\/strong> et <strong>Cofidis<\/strong> sont venues acc\u00e9l\u00e9rer l&rsquo;allure. Ensuite, de nombreuses attaques ont eu lieu sur ce circuit technique et un peu vallonn\u00e9. Environ 25 coureurs sont sortis \u00e0 30 kilom\u00e8tres de l&rsquo;arriv\u00e9e. Pi\u00e9g\u00e9e, la formation <strong>Arkea Samsic<\/strong> a r\u00e9ussi \u00e0 ramener quelques coureurs \u00e0 l&rsquo;avant pour un total de 37 coureurs dans le premier peloton.<\/p>\n<h2 style=\"text-align: justify;\">La Cofidis font tout exploser<\/h2>\n<p style=\"text-align: justify;\"><span class=\"corrected-phrase ng-star-inserted\" data-end=\"1\" data-originaltext=\"A \" data-start=\"0\" data-text=\"\u00c0\"><span class=\"corrected-phrase__displayed-text corrected-phrase__displayed-text_bubbled\" data-group=\"AutoCorrected\" data-suggestions=\"1\" data-type=\"Punctuation\">\u00c0<\/span><\/span> l&rsquo;avant de la course, c&rsquo;\u00e9tait l&rsquo;\u00e9quipe <strong>Cofidis<\/strong> qui a effectu\u00e9 le plus gros du travail alors que le gros du peloton a accus\u00e9 un retard de plus d&rsquo;une minute \u00e0 15 kilom\u00e8tres du terme. Dans le groupe de t\u00eate figurent des coureurs comme <strong>Arnaud D\u00e9mare<\/strong> (Groupama-FDJ), le 2e de Cholet-Pays de la Loire <strong>Emmanuel Morin<\/strong> (Team U Nantes Atlantique), le vainqueur de la Coupe de France 2021 <strong>Dorian Godon<\/strong>, <strong>Cl\u00e9ment Venturini<\/strong> (AG2R Citro\u00ebn Team), <strong>Axel Zingle<\/strong>, <strong>Bryan Coquard<\/strong>, le laur\u00e9at de la Classic Loire-Atlantique <strong>Anthony Perez<\/strong> (Cofidis), le 3e de la Roue Tourangelle <strong>Sandy Dujardin<\/strong> (TotalEnergies) et <strong>Daniel McLay<\/strong> (Team Ark\u00e9a-Samsic).<\/p>\n<p style=\"text-align: justify;\">Dans la petite c\u00f4te au d\u00e9but du circuit, lors du dernier tour, les coureurs de l&rsquo;\u00e9quipe <strong>Cofidis<\/strong> ont forc\u00e9 l&rsquo;allure pour l\u00e2cher les sprinteurs. <span class=\"corrected-phrase ng-star-inserted\" data-end=\"122\" data-originaltext=\"A \" data-start=\"121\" data-text=\"\u00c0\"><span class=\"corrected-phrase__displayed-text corrected-phrase__displayed-text_bubbled\" data-group=\"AutoCorrected\" data-suggestions=\"1\" data-type=\"Punctuation\">\u00c0<\/span><\/span> 3 kilom\u00e8tres de l&rsquo;arriv\u00e9e, <strong>Kevin Vauquelin<\/strong> (Arkea Samsic) est sorti seul mais il est vite rejoint par <strong>Valentin Ferron<\/strong> (TotalEnergies) et <strong>Axel Zingle<\/strong> (Cofidis). Un seul coureur a r\u00e9ussi \u00e0 revenir de l&rsquo;arri\u00e8re sous la flamme rouge : <strong>Dorian Godon<\/strong> (AG2r Citro\u00ebn).<\/p>\n<h2 style=\"text-align: justify;\">Axel Zingle conclut le travail<\/h2>\n<p style=\"text-align: justify;\">Finalement, sur la Rue de Brest sur un dernier kilom\u00e8tre en faux plat montant, <strong>Axel Zingle<\/strong> (Cofidis) a \u00e9t\u00e9 le plus fort au sprint devant <strong>Dorian Godon<\/strong> (AG2r Citro\u00ebn) et <strong>Valentin Ferron<\/strong> (TotalEnergies). <strong>Anthony Perez<\/strong> (Cofidis) a r\u00e9gl\u00e9 le groupe de chasse devant <strong>Emmanuel Morin<\/strong> (Team U Nantes Atlantique) et <strong>Joshua Huppertz <\/strong>(Team Lotto &#8211; Kern Haus).<\/p>\n<blockquote class=\"twitter-tweet\">\n<p lang=\"fr\" dir=\"ltr\">Premi\u00e8re victoire chez les pros pour <a href=\"https:\/\/twitter.com\/AxelZingle?ref_src=twsrc%5Etfw\">@AxelZingle<\/a> &#x1f947;<br \/>Septi\u00e8me victoire de la saison pour la Team &#x1f3c6;<a href=\"https:\/\/twitter.com\/hashtag\/CofidisMyTeam?src=hash&amp;ref_src=twsrc%5Etfw\">#CofidisMyTeam<\/a> &#x1f91c; <a href=\"https:\/\/t.co\/tr47PLEvg7\">pic.twitter.com\/tr47PLEvg7<\/a><\/p>\n<p>&mdash; Team Cofidis (@TeamCOFIDIS) <a href=\"https:\/\/twitter.com\/TeamCOFIDIS\/status\/1509902495379865600?ref_src=twsrc%5Etfw\">April 1, 2022<\/a><\/p><\/blockquote>\n<p> <script async src=\"https:\/\/platform.twitter.com\/widgets.js\" charset=\"utf-8\"><\/script>&nbsp;<\/p>\n<h2 style=\"text-align: justify;\">\u00c0 lire aussi<\/h2>\n<ul>\n<li style=\"text-align: justify;\"><a href=\"https:\/\/dicodusport.fr\/blog\/route-adelie-2022-le-classement\/\"><strong><strong>Le classement de <\/strong>La Route Ad\u00e9lie de Vitr\u00e9<\/strong> <strong>2022 <\/strong><\/a><\/li>\n<\/ul>\n","protected":false},"excerpt":{"rendered":"<p>CYCLISME SUR ROUTE 2022 &#8211; Sous la pluie et le froid, Axel Zingle (Cofidis) s&rsquo;est impos\u00e9 ce vendredi la 26e \u00e9dition de La Route Ad\u00e9lie de Vitr\u00e9. Il a devanc\u00e9, apr\u00e8s 177 kilom\u00e8tres de course, Dorian Godon (AG2R Citro\u00ebn) et Valentin Ferron (TotalEnergies). Axel Zingle a sign\u00e9 ainsi sa premi\u00e8re victoire professionnelle.<\/p>\n","protected":false},"author":48,"featured_media":212669,"comment_status":"open","ping_status":"closed","sticky":false,"template":"","format":"standard","meta":{"_acf_changed":false,"_daextam_enable_autolinks":"","footnotes":""},"categories":[46994],"tags":[3119],"class_list":["post-212611","post","type-post","status-publish","format-standard","has-post-thumbnail","hentry","category-cyclisme-sur-route","tag-actualite-cyclisme"],"acf":[],"yoast_head":"<!-- This site is optimized with the Yoast SEO Premium plugin v26.7 (Yoast SEO v26.7) - https:\/\/yoast.com\/wordpress\/plugins\/seo\/ -->\n<title>La Route Ad\u00e9lie de Vitr\u00e9 2022 : Axel Zingle s&#039;impose dans les giboul\u00e9es<\/title>\n<meta name=\"description\" content=\"CYCLISME SUR ROUTE 2022 - Sous la pluie et le froid, Axel Zingle (Cofidis) s&#039;est impos\u00e9 ce vendredi la 26e \u00e9dition de La Route Ad\u00e9lie de Vitr\u00e9.\" \/>\n<meta name=\"robots\" content=\"index, follow, max-snippet:-1, max-image-preview:large, max-video-preview:-1\" \/>\n<link rel=\"canonical\" href=\"https:\/\/dicodusport.fr\/blog\/la-route-adelie-de-vitre-2022-axel-zingle-simpose-dans-les-giboulees\/\" \/>\n<meta property=\"og:locale\" content=\"fr_FR\" \/>\n<meta property=\"og:type\" content=\"article\" \/>\n<meta property=\"og:title\" content=\"La Route Ad\u00e9lie de Vitr\u00e9 2022 : Axel Zingle s&#039;impose dans les giboul\u00e9es\" \/>\n<meta property=\"og:description\" content=\"CYCLISME SUR ROUTE 2022 - Sous la pluie et le froid, Axel Zingle (Cofidis) s&#039;est impos\u00e9 ce vendredi la 26e \u00e9dition de La Route Ad\u00e9lie de Vitr\u00e9.\" \/>\n<meta property=\"og:url\" content=\"https:\/\/dicodusport.fr\/blog\/la-route-adelie-de-vitre-2022-axel-zingle-simpose-dans-les-giboulees\/\" \/>\n<meta property=\"og:site_name\" content=\"Dicodusport\" \/>\n<meta property=\"article:publisher\" content=\"https:\/\/www.facebook.com\/dicodusport\" \/>\n<meta property=\"article:author\" content=\"https:\/\/www.facebook.com\/groups\/LesRoisDuPeloton\" \/>\n<meta property=\"article:published_time\" content=\"2022-04-01T14:36:18+00:00\" \/>\n<meta property=\"article:modified_time\" content=\"2022-04-01T14:57:29+00:00\" \/>\n<meta property=\"og:image\" content=\"https:\/\/dicodusport.fr\/blog\/wp-content\/uploads\/2022\/04\/Route-Adelie-2022-Axel-Zingle-simpose-sous-les-giboulees-1.png\" \/>\n\t<meta property=\"og:image:width\" content=\"800\" \/>\n\t<meta property=\"og:image:height\" content=\"445\" \/>\n\t<meta property=\"og:image:type\" content=\"image\/png\" \/>\n<meta name=\"author\" content=\"Emilien Descampiaux\" \/>\n<meta name=\"twitter:card\" content=\"summary_large_image\" \/>\n<meta name=\"twitter:title\" content=\"La Route Ad\u00e9lie de Vitr\u00e9 2022 : Axel Zingle s&#039;impose dans les giboul\u00e9es\" \/>\n<meta name=\"twitter:creator\" content=\"@https:\/\/twitter.com\/LRoisDuPeloton\" \/>\n<meta name=\"twitter:site\" content=\"@dicodusport\" \/>\n<script type=\"application\/ld+json\" class=\"yoast-schema-graph\">{\"@context\":\"https:\/\/schema.org\",\"@graph\":[{\"@type\":\"NewsArticle\",\"@id\":\"https:\/\/dicodusport.fr\/blog\/la-route-adelie-de-vitre-2022-axel-zingle-simpose-dans-les-giboulees\/#article\",\"isPartOf\":{\"@id\":\"https:\/\/dicodusport.fr\/blog\/la-route-adelie-de-vitre-2022-axel-zingle-simpose-dans-les-giboulees\/\"},\"author\":{\"name\":\"Emilien Descampiaux\",\"@id\":\"https:\/\/dicodusport.fr\/blog\/#\/schema\/person\/6db4bae06b171592211be385b32876a7\"},\"headline\":\"La Route Ad\u00e9lie de Vitr\u00e9 2022 : Axel Zingle s&rsquo;impose dans les giboul\u00e9es\",\"datePublished\":\"2022-04-01T14:36:18+00:00\",\"dateModified\":\"2022-04-01T14:57:29+00:00\",\"mainEntityOfPage\":{\"@id\":\"https:\/\/dicodusport.fr\/blog\/la-route-adelie-de-vitre-2022-axel-zingle-simpose-dans-les-giboulees\/\"},\"wordCount\":541,\"commentCount\":0,\"publisher\":{\"@id\":\"https:\/\/dicodusport.fr\/blog\/#organization\"},\"image\":{\"@id\":\"https:\/\/dicodusport.fr\/blog\/la-route-adelie-de-vitre-2022-axel-zingle-simpose-dans-les-giboulees\/#primaryimage\"},\"thumbnailUrl\":\"https:\/\/dicodusport.fr\/blog\/wp-content\/uploads\/2022\/04\/Route-Adelie-2022-Axel-Zingle-simpose-sous-les-giboulees-1.png\",\"keywords\":[\"Actualit\u00e9 Cyclisme\"],\"articleSection\":[\"Cyclisme sur route\"],\"inLanguage\":\"fr-FR\",\"potentialAction\":[{\"@type\":\"CommentAction\",\"name\":\"Comment\",\"target\":[\"https:\/\/dicodusport.fr\/blog\/la-route-adelie-de-vitre-2022-axel-zingle-simpose-dans-les-giboulees\/#respond\"]}],\"copyrightYear\":\"2022\",\"copyrightHolder\":{\"@id\":\"https:\/\/dicodusport.fr\/blog\/#organization\"}},{\"@type\":\"WebPage\",\"@id\":\"https:\/\/dicodusport.fr\/blog\/la-route-adelie-de-vitre-2022-axel-zingle-simpose-dans-les-giboulees\/\",\"url\":\"https:\/\/dicodusport.fr\/blog\/la-route-adelie-de-vitre-2022-axel-zingle-simpose-dans-les-giboulees\/\",\"name\":\"La Route Ad\u00e9lie de Vitr\u00e9 2022 : Axel Zingle s'impose dans les giboul\u00e9es\",\"isPartOf\":{\"@id\":\"https:\/\/dicodusport.fr\/blog\/#website\"},\"primaryImageOfPage\":{\"@id\":\"https:\/\/dicodusport.fr\/blog\/la-route-adelie-de-vitre-2022-axel-zingle-simpose-dans-les-giboulees\/#primaryimage\"},\"image\":{\"@id\":\"https:\/\/dicodusport.fr\/blog\/la-route-adelie-de-vitre-2022-axel-zingle-simpose-dans-les-giboulees\/#primaryimage\"},\"thumbnailUrl\":\"https:\/\/dicodusport.fr\/blog\/wp-content\/uploads\/2022\/04\/Route-Adelie-2022-Axel-Zingle-simpose-sous-les-giboulees-1.png\",\"datePublished\":\"2022-04-01T14:36:18+00:00\",\"dateModified\":\"2022-04-01T14:57:29+00:00\",\"description\":\"CYCLISME SUR ROUTE 2022 - Sous la pluie et le froid, Axel Zingle (Cofidis) s'est impos\u00e9 ce vendredi la 26e \u00e9dition de La Route Ad\u00e9lie de Vitr\u00e9.\",\"breadcrumb\":{\"@id\":\"https:\/\/dicodusport.fr\/blog\/la-route-adelie-de-vitre-2022-axel-zingle-simpose-dans-les-giboulees\/#breadcrumb\"},\"inLanguage\":\"fr-FR\",\"potentialAction\":[{\"@type\":\"ReadAction\",\"target\":[\"https:\/\/dicodusport.fr\/blog\/la-route-adelie-de-vitre-2022-axel-zingle-simpose-dans-les-giboulees\/\"]}]},{\"@type\":\"ImageObject\",\"inLanguage\":\"fr-FR\",\"@id\":\"https:\/\/dicodusport.fr\/blog\/la-route-adelie-de-vitre-2022-axel-zingle-simpose-dans-les-giboulees\/#primaryimage\",\"url\":\"https:\/\/dicodusport.fr\/blog\/wp-content\/uploads\/2022\/04\/Route-Adelie-2022-Axel-Zingle-simpose-sous-les-giboulees-1.png\",\"contentUrl\":\"https:\/\/dicodusport.fr\/blog\/wp-content\/uploads\/2022\/04\/Route-Adelie-2022-Axel-Zingle-simpose-sous-les-giboulees-1.png\",\"width\":800,\"height\":445,\"caption\":\"Route Ad\u00e9lie 2022 Axel Zingle s\u2019impose sous les giboul\u00e9es (1)\"},{\"@type\":\"BreadcrumbList\",\"@id\":\"https:\/\/dicodusport.fr\/blog\/la-route-adelie-de-vitre-2022-axel-zingle-simpose-dans-les-giboulees\/#breadcrumb\",\"itemListElement\":[{\"@type\":\"ListItem\",\"position\":1,\"name\":\"Accueil\",\"item\":\"https:\/\/dicodusport.fr\/blog\/\"},{\"@type\":\"ListItem\",\"position\":2,\"name\":\"La Route Ad\u00e9lie de Vitr\u00e9 2022 : Axel Zingle s&rsquo;impose dans les giboul\u00e9es\"}]},{\"@type\":\"WebSite\",\"@id\":\"https:\/\/dicodusport.fr\/blog\/#website\",\"url\":\"https:\/\/dicodusport.fr\/blog\/\",\"name\":\"Dicodusport\",\"description\":\"L&#039;encyclop\u00e9die de l&#039;actualit\u00e9 sportive\",\"publisher\":{\"@id\":\"https:\/\/dicodusport.fr\/blog\/#organization\"},\"potentialAction\":[{\"@type\":\"SearchAction\",\"target\":{\"@type\":\"EntryPoint\",\"urlTemplate\":\"https:\/\/dicodusport.fr\/blog\/?s={search_term_string}\"},\"query-input\":{\"@type\":\"PropertyValueSpecification\",\"valueRequired\":true,\"valueName\":\"search_term_string\"}}],\"inLanguage\":\"fr-FR\"},{\"@type\":\"NewsMediaOrganization\",\"@id\":\"https:\/\/dicodusport.fr\/blog\/#organization\",\"name\":\"Dicodusport\",\"url\":\"https:\/\/dicodusport.fr\/blog\/\",\"logo\":{\"@type\":\"ImageObject\",\"inLanguage\":\"fr-FR\",\"@id\":\"https:\/\/dicodusport.fr\/blog\/#\/schema\/logo\/image\/\",\"url\":\"https:\/\/dicodusport.fr\/blog\/wp-content\/uploads\/2020\/06\/cropped-LOGO-DICODUSPORT-2020-SANS-FOND-SANS-TEXTE.png\",\"contentUrl\":\"https:\/\/dicodusport.fr\/blog\/wp-content\/uploads\/2020\/06\/cropped-LOGO-DICODUSPORT-2020-SANS-FOND-SANS-TEXTE.png\",\"width\":512,\"height\":512,\"caption\":\"Dicodusport\"},\"image\":{\"@id\":\"https:\/\/dicodusport.fr\/blog\/#\/schema\/logo\/image\/\"},\"sameAs\":[\"https:\/\/www.facebook.com\/dicodusport\",\"https:\/\/x.com\/dicodusport\",\"https:\/\/www.instagram.com\/dicodusport\/\",\"https:\/\/www.youtube.com\/channel\/UC7V2KZ5sd3htJivAbA4ZG3w\"],\"description\":\"Dicodusport est l'encyclop\u00e9die de l'actualit\u00e9 sportive.\",\"email\":\"bonjour@dicodusport.fr\",\"legalName\":\"DICODUSPORT\",\"foundingDate\":\"2018-01-14\",\"vatID\":\"FR71834470973\",\"taxID\":\"83447097300043\",\"numberOfEmployees\":{\"@type\":\"QuantitativeValue\",\"minValue\":\"1\",\"maxValue\":\"10\"}},{\"@type\":\"Person\",\"@id\":\"https:\/\/dicodusport.fr\/blog\/#\/schema\/person\/6db4bae06b171592211be385b32876a7\",\"name\":\"Emilien Descampiaux\",\"image\":{\"@type\":\"ImageObject\",\"inLanguage\":\"fr-FR\",\"@id\":\"https:\/\/dicodusport.fr\/blog\/#\/schema\/person\/image\/\",\"url\":\"https:\/\/dicodusport.fr\/blog\/wp-content\/uploads\/2021\/05\/Emilien-Descampiaux-150x150.jpg\",\"contentUrl\":\"https:\/\/dicodusport.fr\/blog\/wp-content\/uploads\/2021\/05\/Emilien-Descampiaux-150x150.jpg\",\"caption\":\"Emilien Descampiaux\"},\"description\":\"Journaliste\/r\u00e9dacteur depuis 2014 - Fan de la classe de Frank Vandenbroucke, je vis cyclisme (et de ses paysages) depuis plus de 20 ans. Je suis tr\u00e8s impliqu\u00e9 sur mes diff\u00e9rents r\u00e9seaux sociaux pour partager ma passion sur le monde et l'Histoire de la bicyclette avec ma voix sur les images en noir et blanc du succ\u00e8s de Rik Van Steenbergen lors du Ronde sur le V\u00e9lodrome de Gand.\",\"sameAs\":[\"https:\/\/www.facebook.com\/groups\/LesRoisDuPeloton\",\"https:\/\/x.com\/https:\/\/twitter.com\/LRoisDuPeloton\"],\"url\":\"https:\/\/dicodusport.fr\/blog\/author\/emiliend\/\"}]}<\/script>\n<!-- \/ Yoast SEO Premium plugin. -->","yoast_head_json":{"title":"La Route Ad\u00e9lie de Vitr\u00e9 2022 : Axel Zingle s'impose dans les giboul\u00e9es","description":"CYCLISME SUR ROUTE 2022 - Sous la pluie et le froid, Axel Zingle (Cofidis) s'est impos\u00e9 ce vendredi la 26e \u00e9dition de La Route Ad\u00e9lie de Vitr\u00e9.","robots":{"index":"index","follow":"follow","max-snippet":"max-snippet:-1","max-image-preview":"max-image-preview:large","max-video-preview":"max-video-preview:-1"},"canonical":"https:\/\/dicodusport.fr\/blog\/la-route-adelie-de-vitre-2022-axel-zingle-simpose-dans-les-giboulees\/","og_locale":"fr_FR","og_type":"article","og_title":"La Route Ad\u00e9lie de Vitr\u00e9 2022 : Axel Zingle s'impose dans les giboul\u00e9es","og_description":"CYCLISME SUR ROUTE 2022 - Sous la pluie et le froid, Axel Zingle (Cofidis) s'est impos\u00e9 ce vendredi la 26e \u00e9dition de La Route Ad\u00e9lie de Vitr\u00e9.","og_url":"https:\/\/dicodusport.fr\/blog\/la-route-adelie-de-vitre-2022-axel-zingle-simpose-dans-les-giboulees\/","og_site_name":"Dicodusport","article_publisher":"https:\/\/www.facebook.com\/dicodusport","article_author":"https:\/\/www.facebook.com\/groups\/LesRoisDuPeloton","article_published_time":"2022-04-01T14:36:18+00:00","article_modified_time":"2022-04-01T14:57:29+00:00","og_image":[{"width":800,"height":445,"url":"https:\/\/dicodusport.fr\/blog\/wp-content\/uploads\/2022\/04\/Route-Adelie-2022-Axel-Zingle-simpose-sous-les-giboulees-1.png","type":"image\/png"}],"author":"Emilien Descampiaux","twitter_card":"summary_large_image","twitter_title":"La Route Ad\u00e9lie de Vitr\u00e9 2022 : Axel Zingle s'impose dans les giboul\u00e9es","twitter_creator":"@https:\/\/twitter.com\/LRoisDuPeloton","twitter_site":"@dicodusport","schema":{"@context":"https:\/\/schema.org","@graph":[{"@type":"NewsArticle","@id":"https:\/\/dicodusport.fr\/blog\/la-route-adelie-de-vitre-2022-axel-zingle-simpose-dans-les-giboulees\/#article","isPartOf":{"@id":"https:\/\/dicodusport.fr\/blog\/la-route-adelie-de-vitre-2022-axel-zingle-simpose-dans-les-giboulees\/"},"author":{"name":"Emilien Descampiaux","@id":"https:\/\/dicodusport.fr\/blog\/#\/schema\/person\/6db4bae06b171592211be385b32876a7"},"headline":"La Route Ad\u00e9lie de Vitr\u00e9 2022 : Axel Zingle s&rsquo;impose dans les giboul\u00e9es","datePublished":"2022-04-01T14:36:18+00:00","dateModified":"2022-04-01T14:57:29+00:00","mainEntityOfPage":{"@id":"https:\/\/dicodusport.fr\/blog\/la-route-adelie-de-vitre-2022-axel-zingle-simpose-dans-les-giboulees\/"},"wordCount":541,"commentCount":0,"publisher":{"@id":"https:\/\/dicodusport.fr\/blog\/#organization"},"image":{"@id":"https:\/\/dicodusport.fr\/blog\/la-route-adelie-de-vitre-2022-axel-zingle-simpose-dans-les-giboulees\/#primaryimage"},"thumbnailUrl":"https:\/\/dicodusport.fr\/blog\/wp-content\/uploads\/2022\/04\/Route-Adelie-2022-Axel-Zingle-simpose-sous-les-giboulees-1.png","keywords":["Actualit\u00e9 Cyclisme"],"articleSection":["Cyclisme sur route"],"inLanguage":"fr-FR","potentialAction":[{"@type":"CommentAction","name":"Comment","target":["https:\/\/dicodusport.fr\/blog\/la-route-adelie-de-vitre-2022-axel-zingle-simpose-dans-les-giboulees\/#respond"]}],"copyrightYear":"2022","copyrightHolder":{"@id":"https:\/\/dicodusport.fr\/blog\/#organization"}},{"@type":"WebPage","@id":"https:\/\/dicodusport.fr\/blog\/la-route-adelie-de-vitre-2022-axel-zingle-simpose-dans-les-giboulees\/","url":"https:\/\/dicodusport.fr\/blog\/la-route-adelie-de-vitre-2022-axel-zingle-simpose-dans-les-giboulees\/","name":"La Route Ad\u00e9lie de Vitr\u00e9 2022 : Axel Zingle s'impose dans les giboul\u00e9es","isPartOf":{"@id":"https:\/\/dicodusport.fr\/blog\/#website"},"primaryImageOfPage":{"@id":"https:\/\/dicodusport.fr\/blog\/la-route-adelie-de-vitre-2022-axel-zingle-simpose-dans-les-giboulees\/#primaryimage"},"image":{"@id":"https:\/\/dicodusport.fr\/blog\/la-route-adelie-de-vitre-2022-axel-zingle-simpose-dans-les-giboulees\/#primaryimage"},"thumbnailUrl":"https:\/\/dicodusport.fr\/blog\/wp-content\/uploads\/2022\/04\/Route-Adelie-2022-Axel-Zingle-simpose-sous-les-giboulees-1.png","datePublished":"2022-04-01T14:36:18+00:00","dateModified":"2022-04-01T14:57:29+00:00","description":"CYCLISME SUR ROUTE 2022 - Sous la pluie et le froid, Axel Zingle (Cofidis) s'est impos\u00e9 ce vendredi la 26e \u00e9dition de La Route Ad\u00e9lie de Vitr\u00e9.","breadcrumb":{"@id":"https:\/\/dicodusport.fr\/blog\/la-route-adelie-de-vitre-2022-axel-zingle-simpose-dans-les-giboulees\/#breadcrumb"},"inLanguage":"fr-FR","potentialAction":[{"@type":"ReadAction","target":["https:\/\/dicodusport.fr\/blog\/la-route-adelie-de-vitre-2022-axel-zingle-simpose-dans-les-giboulees\/"]}]},{"@type":"ImageObject","inLanguage":"fr-FR","@id":"https:\/\/dicodusport.fr\/blog\/la-route-adelie-de-vitre-2022-axel-zingle-simpose-dans-les-giboulees\/#primaryimage","url":"https:\/\/dicodusport.fr\/blog\/wp-content\/uploads\/2022\/04\/Route-Adelie-2022-Axel-Zingle-simpose-sous-les-giboulees-1.png","contentUrl":"https:\/\/dicodusport.fr\/blog\/wp-content\/uploads\/2022\/04\/Route-Adelie-2022-Axel-Zingle-simpose-sous-les-giboulees-1.png","width":800,"height":445,"caption":"Route Ad\u00e9lie 2022 Axel Zingle s\u2019impose sous les giboul\u00e9es (1)"},{"@type":"BreadcrumbList","@id":"https:\/\/dicodusport.fr\/blog\/la-route-adelie-de-vitre-2022-axel-zingle-simpose-dans-les-giboulees\/#breadcrumb","itemListElement":[{"@type":"ListItem","position":1,"name":"Accueil","item":"https:\/\/dicodusport.fr\/blog\/"},{"@type":"ListItem","position":2,"name":"La Route Ad\u00e9lie de Vitr\u00e9 2022 : Axel Zingle s&rsquo;impose dans les giboul\u00e9es"}]},{"@type":"WebSite","@id":"https:\/\/dicodusport.fr\/blog\/#website","url":"https:\/\/dicodusport.fr\/blog\/","name":"Dicodusport","description":"L&#039;encyclop\u00e9die de l&#039;actualit\u00e9 sportive","publisher":{"@id":"https:\/\/dicodusport.fr\/blog\/#organization"},"potentialAction":[{"@type":"SearchAction","target":{"@type":"EntryPoint","urlTemplate":"https:\/\/dicodusport.fr\/blog\/?s={search_term_string}"},"query-input":{"@type":"PropertyValueSpecification","valueRequired":true,"valueName":"search_term_string"}}],"inLanguage":"fr-FR"},{"@type":"NewsMediaOrganization","@id":"https:\/\/dicodusport.fr\/blog\/#organization","name":"Dicodusport","url":"https:\/\/dicodusport.fr\/blog\/","logo":{"@type":"ImageObject","inLanguage":"fr-FR","@id":"https:\/\/dicodusport.fr\/blog\/#\/schema\/logo\/image\/","url":"https:\/\/dicodusport.fr\/blog\/wp-content\/uploads\/2020\/06\/cropped-LOGO-DICODUSPORT-2020-SANS-FOND-SANS-TEXTE.png","contentUrl":"https:\/\/dicodusport.fr\/blog\/wp-content\/uploads\/2020\/06\/cropped-LOGO-DICODUSPORT-2020-SANS-FOND-SANS-TEXTE.png","width":512,"height":512,"caption":"Dicodusport"},"image":{"@id":"https:\/\/dicodusport.fr\/blog\/#\/schema\/logo\/image\/"},"sameAs":["https:\/\/www.facebook.com\/dicodusport","https:\/\/x.com\/dicodusport","https:\/\/www.instagram.com\/dicodusport\/","https:\/\/www.youtube.com\/channel\/UC7V2KZ5sd3htJivAbA4ZG3w"],"description":"Dicodusport est l'encyclop\u00e9die de l'actualit\u00e9 sportive.","email":"bonjour@dicodusport.fr","legalName":"DICODUSPORT","foundingDate":"2018-01-14","vatID":"FR71834470973","taxID":"83447097300043","numberOfEmployees":{"@type":"QuantitativeValue","minValue":"1","maxValue":"10"}},{"@type":"Person","@id":"https:\/\/dicodusport.fr\/blog\/#\/schema\/person\/6db4bae06b171592211be385b32876a7","name":"Emilien Descampiaux","image":{"@type":"ImageObject","inLanguage":"fr-FR","@id":"https:\/\/dicodusport.fr\/blog\/#\/schema\/person\/image\/","url":"https:\/\/dicodusport.fr\/blog\/wp-content\/uploads\/2021\/05\/Emilien-Descampiaux-150x150.jpg","contentUrl":"https:\/\/dicodusport.fr\/blog\/wp-content\/uploads\/2021\/05\/Emilien-Descampiaux-150x150.jpg","caption":"Emilien Descampiaux"},"description":"Journaliste\/r\u00e9dacteur depuis 2014 - Fan de la classe de Frank Vandenbroucke, je vis cyclisme (et de ses paysages) depuis plus de 20 ans. Je suis tr\u00e8s impliqu\u00e9 sur mes diff\u00e9rents r\u00e9seaux sociaux pour partager ma passion sur le monde et l'Histoire de la bicyclette avec ma voix sur les images en noir et blanc du succ\u00e8s de Rik Van Steenbergen lors du Ronde sur le V\u00e9lodrome de Gand.","sameAs":["https:\/\/www.facebook.com\/groups\/LesRoisDuPeloton","https:\/\/x.com\/https:\/\/twitter.com\/LRoisDuPeloton"],"url":"https:\/\/dicodusport.fr\/blog\/author\/emiliend\/"}]}},"_links":{"self":[{"href":"https:\/\/dicodusport.fr\/blog\/wp-json\/wp\/v2\/posts\/212611","targetHints":{"allow":["GET"]}}],"collection":[{"href":"https:\/\/dicodusport.fr\/blog\/wp-json\/wp\/v2\/posts"}],"about":[{"href":"https:\/\/dicodusport.fr\/blog\/wp-json\/wp\/v2\/types\/post"}],"author":[{"embeddable":true,"href":"https:\/\/dicodusport.fr\/blog\/wp-json\/wp\/v2\/users\/48"}],"replies":[{"embeddable":true,"href":"https:\/\/dicodusport.fr\/blog\/wp-json\/wp\/v2\/comments?post=212611"}],"version-history":[{"count":0,"href":"https:\/\/dicodusport.fr\/blog\/wp-json\/wp\/v2\/posts\/212611\/revisions"}],"wp:featuredmedia":[{"embeddable":true,"href":"https:\/\/dicodusport.fr\/blog\/wp-json\/wp\/v2\/media\/212669"}],"wp:attachment":[{"href":"https:\/\/dicodusport.fr\/blog\/wp-json\/wp\/v2\/media?parent=212611"}],"wp:term":[{"taxonomy":"category","embeddable":true,"href":"https:\/\/dicodusport.fr\/blog\/wp-json\/wp\/v2\/categories?post=212611"},{"taxonomy":"post_tag","embeddable":true,"href":"https:\/\/dicodusport.fr\/blog\/wp-json\/wp\/v2\/tags?post=212611"}],"curies":[{"name":"wp","href":"https:\/\/api.w.org\/{rel}","templated":true}]}}