{"id":212747,"date":"2022-04-01T20:44:35","date_gmt":"2022-04-01T18:44:35","guid":{"rendered":"https:\/\/dicodusport.fr\/blog\/?p=212747"},"modified":"2022-04-01T22:48:11","modified_gmt":"2022-04-01T20:48:11","slug":"championnats-deurope-de-lutte-kendra-dacher-medaillee-de-bronze-en-72-kg","status":"publish","type":"post","link":"https:\/\/dicodusport.fr\/blog\/championnats-deurope-de-lutte-kendra-dacher-medaillee-de-bronze-en-72-kg\/","title":{"rendered":"Championnats d&rsquo;Europe de lutte : Kendra Dacher m\u00e9daill\u00e9e de bronze en 72 kg"},"content":{"rendered":"<p style=\"text-align: justify;\"><strong><em>CHAMPIONNATS D&rsquo;EUROPE DE LUTTE 2022 &#8211; Deuxi\u00e8me m\u00e9daille en deux jours pour l&rsquo;\u00e9quipe de de France de lutte. Apr\u00e8s <a href=\"https:\/\/dicodusport.fr\/blog\/championnats-deurope-de-lutte-pauline-lecarpentier-vice-championne-deurope-en-68-kg\/\">l&rsquo;argent hier de Pauline Lecarpentier<\/a>, c&rsquo;est le bronze pour Kendra Dacher qui a domin\u00e9 de la t\u00eate et des \u00e9paules sa petite finale.<\/em><\/strong><\/p>\n<h2>Honneur aux femmes<\/h2>\n<p style=\"text-align: justify;\">On connaissait l&rsquo;historique de la lutte f\u00e9minine fran\u00e7aise, elle montre encore qu&rsquo;il faut compter sur elle. Apr\u00e8s avoir d\u00e9bloqu\u00e9 le compteur bleu hier gr\u00e2ce \u00e0 <strong>Pauline Lecarpentier<\/strong>, l&rsquo;\u00e9quipe de France f\u00e9minine continue sur sa lanc\u00e9e en empochant une seconde m\u00e9daille. Dans sa cat\u00e9gorie des 72 kg, <strong>Kendra Dacher<\/strong> avait bien commenc\u00e9 ses championnats en battant d&rsquo;entr\u00e9e la Hongroise <strong>Tuende Elekes<\/strong> chez elle. Oppos\u00e9e \u00e0 l&rsquo;Allemande <strong>Anna Schell<\/strong> en demi-finales, la Fran\u00e7aise aura bien r\u00e9sist\u00e9 mais s&rsquo;incline 9-4 et \u00e9choue aux portes de la finale.<\/p>\n<p style=\"text-align: justify;\">Sa deuxi\u00e8me chance aura finalement \u00e9t\u00e9 la bonne. Apr\u00e8s avoir termin\u00e9 au pied du podium des Championnats d&rsquo;Europe U23 d\u00e9but mars, elle doit rencontrer l&rsquo;Italienne <strong>Eleni Pjollaj<\/strong>, issue des qualifications. Menant rapidement 2-0, la Transalpine va subir la foudre de Dacher en prenant 4 points sur une action o\u00f9 elle retombera sur la t\u00eate. Psychologiquement atteinte, la Transalpine est contrainte d&rsquo;abandonner sur une immobilisation tr\u00e8s bien men\u00e9e par la Tricolore. Score final : 8-2 et victoire par KO avant m\u00eame la moiti\u00e9 du combat. Les deux derniers jours seront consacr\u00e9s \u00e0 la lutte gr\u00e9co-romaine masculine, avec une premi\u00e8re m\u00e9daille \u00e0 aller chercher d\u00e8s demain.<\/p>\n<blockquote class=\"twitter-tweet\">\n<p dir=\"ltr\" lang=\"fr\"><a href=\"https:\/\/twitter.com\/hashtag\/WrestleBudapest?src=hash&amp;ref_src=twsrc%5Etfw\">#WrestleBudapest<\/a> <a href=\"https:\/\/twitter.com\/hashtag\/europeanchampionship?src=hash&amp;ref_src=twsrc%5Etfw\">#europeanchampionship<\/a><\/p>\n<p>&#x1f4a5; Kendra Dacher monte sur le podium de ces championnats d&rsquo;Europe apr\u00e8s s&rsquo;\u00eatre impos\u00e9e par tomb\u00e9 face \u00e0 l&rsquo;italienne ! &#x1f929;<\/p>\n<p>&#x1f4ab; Un grand bravo \u00e0 elle ainsi qu&rsquo;au staff ! &#x1f1eb;&#x1f1f7;<\/p>\n<p>&#x1f4ca; Toutes les infos &#x27a1;&#xfe0f; <a href=\"https:\/\/t.co\/rqRiLBW4tP\">https:\/\/t.co\/rqRiLBW4tP<\/a> <a href=\"https:\/\/t.co\/MuiFb3Vsnw\">pic.twitter.com\/MuiFb3Vsnw<\/a><\/p>\n<p>\u2014 FranceLutte (@FFLutte) <a href=\"https:\/\/twitter.com\/FFLutte\/status\/1509959867884310530?ref_src=twsrc%5Etfw\">April 1, 2022<\/a><\/p><\/blockquote>\n<p><script async src=\"https:\/\/platform.twitter.com\/widgets.js\" charset=\"utf-8\"><\/script><\/p>\n","protected":false},"excerpt":{"rendered":"<p>CHAMPIONNATS D&rsquo;EUROPE DE LUTTE 2022 &#8211; Deuxi\u00e8me m\u00e9daille en deux jours pour l&rsquo;\u00e9quipe de de France de lutte. Apr\u00e8s l&rsquo;argent hier de Pauline Lecarpentier, c&rsquo;est le bronze pour Kendra Dacher qui a domin\u00e9 de la t\u00eate et des \u00e9paules sa petite finale.<\/p>\n","protected":false},"author":43,"featured_media":212759,"comment_status":"open","ping_status":"closed","sticky":false,"template":"","format":"standard","meta":{"_acf_changed":false,"_daextam_enable_autolinks":"","footnotes":""},"categories":[12504],"tags":[15778,1225],"class_list":["post-212747","post","type-post","status-publish","format-standard","has-post-thumbnail","hentry","category-lutte","tag-championnats-deurope-de-lutte","tag-lutte"],"acf":[],"yoast_head":"<!-- This site is optimized with the Yoast SEO Premium plugin v26.7 (Yoast SEO v26.7) - https:\/\/yoast.com\/wordpress\/plugins\/seo\/ -->\n<title>Championnats d&#039;Europe de lutte : Kendra Dacher m\u00e9daill\u00e9e de bronze en 72 kg<\/title>\n<meta name=\"description\" content=\"Et de deux ! Seconde m\u00e9daille pour l&#039;\u00e9quipe de France aux championnats d&#039;Europe de lutte qui vient une nouvelle fois de l&#039;\u00e9quipe f\u00e9minine.\" \/>\n<meta name=\"robots\" content=\"index, follow, max-snippet:-1, max-image-preview:large, max-video-preview:-1\" \/>\n<link rel=\"canonical\" href=\"https:\/\/dicodusport.fr\/blog\/championnats-deurope-de-lutte-kendra-dacher-medaillee-de-bronze-en-72-kg\/\" \/>\n<meta property=\"og:locale\" content=\"fr_FR\" \/>\n<meta property=\"og:type\" content=\"article\" \/>\n<meta property=\"og:title\" content=\"Championnats d&#039;Europe de lutte : Kendra Dacher m\u00e9daill\u00e9e de bronze en 72 kg\" \/>\n<meta property=\"og:description\" content=\"Et de deux ! Seconde m\u00e9daille pour l&#039;\u00e9quipe de France aux championnats d&#039;Europe de lutte qui vient une nouvelle fois de l&#039;\u00e9quipe f\u00e9minine.\" \/>\n<meta property=\"og:url\" content=\"https:\/\/dicodusport.fr\/blog\/championnats-deurope-de-lutte-kendra-dacher-medaillee-de-bronze-en-72-kg\/\" \/>\n<meta property=\"og:site_name\" content=\"Dicodusport\" \/>\n<meta property=\"article:publisher\" content=\"https:\/\/www.facebook.com\/dicodusport\" \/>\n<meta property=\"article:author\" content=\"https:\/\/www.facebook.com\/Max.Bld2\/\" \/>\n<meta property=\"article:published_time\" content=\"2022-04-01T18:44:35+00:00\" \/>\n<meta property=\"article:modified_time\" content=\"2022-04-01T20:48:11+00:00\" \/>\n<meta property=\"og:image\" content=\"https:\/\/dicodusport.fr\/blog\/wp-content\/uploads\/2022\/04\/Championnats-dEurope-de-lutte-Kendra-Dacher-medaillee-de-bronze-en-72-kg.png\" \/>\n\t<meta property=\"og:image:width\" content=\"800\" \/>\n\t<meta property=\"og:image:height\" content=\"445\" \/>\n\t<meta property=\"og:image:type\" content=\"image\/png\" \/>\n<meta name=\"author\" content=\"Maxime Boulard\" \/>\n<meta name=\"twitter:card\" content=\"summary_large_image\" \/>\n<meta name=\"twitter:title\" content=\"Championnats d&#039;Europe de lutte : Kendra Dacher m\u00e9daill\u00e9e de bronze en 72 kg\" \/>\n<meta name=\"twitter:creator\" content=\"@https:\/\/twitter.com\/MaximeB_2\" \/>\n<meta name=\"twitter:site\" content=\"@dicodusport\" \/>\n<script type=\"application\/ld+json\" class=\"yoast-schema-graph\">{\"@context\":\"https:\/\/schema.org\",\"@graph\":[{\"@type\":\"NewsArticle\",\"@id\":\"https:\/\/dicodusport.fr\/blog\/championnats-deurope-de-lutte-kendra-dacher-medaillee-de-bronze-en-72-kg\/#article\",\"isPartOf\":{\"@id\":\"https:\/\/dicodusport.fr\/blog\/championnats-deurope-de-lutte-kendra-dacher-medaillee-de-bronze-en-72-kg\/\"},\"author\":{\"name\":\"Maxime Boulard\",\"@id\":\"https:\/\/dicodusport.fr\/blog\/#\/schema\/person\/5aab10ee856e86ac63e9819a9da34784\"},\"headline\":\"Championnats d&rsquo;Europe de lutte : Kendra Dacher m\u00e9daill\u00e9e de bronze en 72 kg\",\"datePublished\":\"2022-04-01T18:44:35+00:00\",\"dateModified\":\"2022-04-01T20:48:11+00:00\",\"mainEntityOfPage\":{\"@id\":\"https:\/\/dicodusport.fr\/blog\/championnats-deurope-de-lutte-kendra-dacher-medaillee-de-bronze-en-72-kg\/\"},\"wordCount\":350,\"commentCount\":0,\"publisher\":{\"@id\":\"https:\/\/dicodusport.fr\/blog\/#organization\"},\"image\":{\"@id\":\"https:\/\/dicodusport.fr\/blog\/championnats-deurope-de-lutte-kendra-dacher-medaillee-de-bronze-en-72-kg\/#primaryimage\"},\"thumbnailUrl\":\"https:\/\/dicodusport.fr\/blog\/wp-content\/uploads\/2022\/04\/Championnats-dEurope-de-lutte-Kendra-Dacher-medaillee-de-bronze-en-72-kg.png\",\"keywords\":[\"Championnats d'Europe de lutte\",\"lutte\"],\"articleSection\":[\"Lutte\"],\"inLanguage\":\"fr-FR\",\"potentialAction\":[{\"@type\":\"CommentAction\",\"name\":\"Comment\",\"target\":[\"https:\/\/dicodusport.fr\/blog\/championnats-deurope-de-lutte-kendra-dacher-medaillee-de-bronze-en-72-kg\/#respond\"]}],\"copyrightYear\":\"2022\",\"copyrightHolder\":{\"@id\":\"https:\/\/dicodusport.fr\/blog\/#organization\"}},{\"@type\":\"WebPage\",\"@id\":\"https:\/\/dicodusport.fr\/blog\/championnats-deurope-de-lutte-kendra-dacher-medaillee-de-bronze-en-72-kg\/\",\"url\":\"https:\/\/dicodusport.fr\/blog\/championnats-deurope-de-lutte-kendra-dacher-medaillee-de-bronze-en-72-kg\/\",\"name\":\"Championnats d'Europe de lutte : Kendra Dacher m\u00e9daill\u00e9e de bronze en 72 kg\",\"isPartOf\":{\"@id\":\"https:\/\/dicodusport.fr\/blog\/#website\"},\"primaryImageOfPage\":{\"@id\":\"https:\/\/dicodusport.fr\/blog\/championnats-deurope-de-lutte-kendra-dacher-medaillee-de-bronze-en-72-kg\/#primaryimage\"},\"image\":{\"@id\":\"https:\/\/dicodusport.fr\/blog\/championnats-deurope-de-lutte-kendra-dacher-medaillee-de-bronze-en-72-kg\/#primaryimage\"},\"thumbnailUrl\":\"https:\/\/dicodusport.fr\/blog\/wp-content\/uploads\/2022\/04\/Championnats-dEurope-de-lutte-Kendra-Dacher-medaillee-de-bronze-en-72-kg.png\",\"datePublished\":\"2022-04-01T18:44:35+00:00\",\"dateModified\":\"2022-04-01T20:48:11+00:00\",\"description\":\"Et de deux ! Seconde m\u00e9daille pour l'\u00e9quipe de France aux championnats d'Europe de lutte qui vient une nouvelle fois de l'\u00e9quipe f\u00e9minine.\",\"breadcrumb\":{\"@id\":\"https:\/\/dicodusport.fr\/blog\/championnats-deurope-de-lutte-kendra-dacher-medaillee-de-bronze-en-72-kg\/#breadcrumb\"},\"inLanguage\":\"fr-FR\",\"potentialAction\":[{\"@type\":\"ReadAction\",\"target\":[\"https:\/\/dicodusport.fr\/blog\/championnats-deurope-de-lutte-kendra-dacher-medaillee-de-bronze-en-72-kg\/\"]}]},{\"@type\":\"ImageObject\",\"inLanguage\":\"fr-FR\",\"@id\":\"https:\/\/dicodusport.fr\/blog\/championnats-deurope-de-lutte-kendra-dacher-medaillee-de-bronze-en-72-kg\/#primaryimage\",\"url\":\"https:\/\/dicodusport.fr\/blog\/wp-content\/uploads\/2022\/04\/Championnats-dEurope-de-lutte-Kendra-Dacher-medaillee-de-bronze-en-72-kg.png\",\"contentUrl\":\"https:\/\/dicodusport.fr\/blog\/wp-content\/uploads\/2022\/04\/Championnats-dEurope-de-lutte-Kendra-Dacher-medaillee-de-bronze-en-72-kg.png\",\"width\":800,\"height\":445,\"caption\":\"Championnats d'Europe de lutte Kendra Dacher m\u00e9daill\u00e9e de bronze en 72 kg\"},{\"@type\":\"BreadcrumbList\",\"@id\":\"https:\/\/dicodusport.fr\/blog\/championnats-deurope-de-lutte-kendra-dacher-medaillee-de-bronze-en-72-kg\/#breadcrumb\",\"itemListElement\":[{\"@type\":\"ListItem\",\"position\":1,\"name\":\"Accueil\",\"item\":\"https:\/\/dicodusport.fr\/blog\/\"},{\"@type\":\"ListItem\",\"position\":2,\"name\":\"Championnats d&rsquo;Europe de lutte : Kendra Dacher m\u00e9daill\u00e9e de bronze en 72 kg\"}]},{\"@type\":\"WebSite\",\"@id\":\"https:\/\/dicodusport.fr\/blog\/#website\",\"url\":\"https:\/\/dicodusport.fr\/blog\/\",\"name\":\"Dicodusport\",\"description\":\"L&#039;encyclop\u00e9die de l&#039;actualit\u00e9 sportive\",\"publisher\":{\"@id\":\"https:\/\/dicodusport.fr\/blog\/#organization\"},\"potentialAction\":[{\"@type\":\"SearchAction\",\"target\":{\"@type\":\"EntryPoint\",\"urlTemplate\":\"https:\/\/dicodusport.fr\/blog\/?s={search_term_string}\"},\"query-input\":{\"@type\":\"PropertyValueSpecification\",\"valueRequired\":true,\"valueName\":\"search_term_string\"}}],\"inLanguage\":\"fr-FR\"},{\"@type\":\"NewsMediaOrganization\",\"@id\":\"https:\/\/dicodusport.fr\/blog\/#organization\",\"name\":\"Dicodusport\",\"url\":\"https:\/\/dicodusport.fr\/blog\/\",\"logo\":{\"@type\":\"ImageObject\",\"inLanguage\":\"fr-FR\",\"@id\":\"https:\/\/dicodusport.fr\/blog\/#\/schema\/logo\/image\/\",\"url\":\"https:\/\/dicodusport.fr\/blog\/wp-content\/uploads\/2020\/06\/cropped-LOGO-DICODUSPORT-2020-SANS-FOND-SANS-TEXTE.png\",\"contentUrl\":\"https:\/\/dicodusport.fr\/blog\/wp-content\/uploads\/2020\/06\/cropped-LOGO-DICODUSPORT-2020-SANS-FOND-SANS-TEXTE.png\",\"width\":512,\"height\":512,\"caption\":\"Dicodusport\"},\"image\":{\"@id\":\"https:\/\/dicodusport.fr\/blog\/#\/schema\/logo\/image\/\"},\"sameAs\":[\"https:\/\/www.facebook.com\/dicodusport\",\"https:\/\/x.com\/dicodusport\",\"https:\/\/www.instagram.com\/dicodusport\/\",\"https:\/\/www.youtube.com\/channel\/UC7V2KZ5sd3htJivAbA4ZG3w\"],\"description\":\"Dicodusport est l'encyclop\u00e9die de l'actualit\u00e9 sportive.\",\"email\":\"bonjour@dicodusport.fr\",\"legalName\":\"DICODUSPORT\",\"foundingDate\":\"2018-01-14\",\"vatID\":\"FR71834470973\",\"taxID\":\"83447097300043\",\"numberOfEmployees\":{\"@type\":\"QuantitativeValue\",\"minValue\":\"1\",\"maxValue\":\"10\"}},{\"@type\":\"Person\",\"@id\":\"https:\/\/dicodusport.fr\/blog\/#\/schema\/person\/5aab10ee856e86ac63e9819a9da34784\",\"name\":\"Maxime Boulard\",\"image\":{\"@type\":\"ImageObject\",\"inLanguage\":\"fr-FR\",\"@id\":\"https:\/\/dicodusport.fr\/blog\/#\/schema\/person\/image\/\",\"url\":\"https:\/\/dicodusport.fr\/blog\/wp-content\/uploads\/2021\/05\/Maxime-Boulard-150x150.jpg\",\"contentUrl\":\"https:\/\/dicodusport.fr\/blog\/wp-content\/uploads\/2021\/05\/Maxime-Boulard-150x150.jpg\",\"caption\":\"Maxime Boulard\"},\"description\":\"Journaliste\/r\u00e9dacteur depuis octobre 2020 - Si mon plus vieux souvenir de sport aurait pu m'en d\u00e9go\u00fbter, la finale de la Coupe du monde 2006 a \u00e9t\u00e9 tout le contraire. V\u00e9ritable d\u00e9clencheur d'une passion qui aujourd'hui ne fait que grandir avec le temps, mon leitmotiv est la France qui brille ! Je relate les exploits pass\u00e9s et pr\u00e9sents du sport bleu-blanc-rouge sans m\u00e9nagement depuis octobre 2020. Sport valide ou handisport, aucune diff\u00e9rence, il n'y a que du sport et plusieurs fa\u00e7ons de le pratiquer.\",\"sameAs\":[\"https:\/\/www.facebook.com\/Max.Bld2\/\",\"https:\/\/x.com\/https:\/\/twitter.com\/MaximeB_2\"],\"url\":\"https:\/\/dicodusport.fr\/blog\/author\/maxime-b\/\"}]}<\/script>\n<!-- \/ Yoast SEO Premium plugin. -->","yoast_head_json":{"title":"Championnats d'Europe de lutte : Kendra Dacher m\u00e9daill\u00e9e de bronze en 72 kg","description":"Et de deux ! Seconde m\u00e9daille pour l'\u00e9quipe de France aux championnats d'Europe de lutte qui vient une nouvelle fois de l'\u00e9quipe f\u00e9minine.","robots":{"index":"index","follow":"follow","max-snippet":"max-snippet:-1","max-image-preview":"max-image-preview:large","max-video-preview":"max-video-preview:-1"},"canonical":"https:\/\/dicodusport.fr\/blog\/championnats-deurope-de-lutte-kendra-dacher-medaillee-de-bronze-en-72-kg\/","og_locale":"fr_FR","og_type":"article","og_title":"Championnats d'Europe de lutte : Kendra Dacher m\u00e9daill\u00e9e de bronze en 72 kg","og_description":"Et de deux ! Seconde m\u00e9daille pour l'\u00e9quipe de France aux championnats d'Europe de lutte qui vient une nouvelle fois de l'\u00e9quipe f\u00e9minine.","og_url":"https:\/\/dicodusport.fr\/blog\/championnats-deurope-de-lutte-kendra-dacher-medaillee-de-bronze-en-72-kg\/","og_site_name":"Dicodusport","article_publisher":"https:\/\/www.facebook.com\/dicodusport","article_author":"https:\/\/www.facebook.com\/Max.Bld2\/","article_published_time":"2022-04-01T18:44:35+00:00","article_modified_time":"2022-04-01T20:48:11+00:00","og_image":[{"width":800,"height":445,"url":"https:\/\/dicodusport.fr\/blog\/wp-content\/uploads\/2022\/04\/Championnats-dEurope-de-lutte-Kendra-Dacher-medaillee-de-bronze-en-72-kg.png","type":"image\/png"}],"author":"Maxime Boulard","twitter_card":"summary_large_image","twitter_title":"Championnats d'Europe de lutte : Kendra Dacher m\u00e9daill\u00e9e de bronze en 72 kg","twitter_creator":"@https:\/\/twitter.com\/MaximeB_2","twitter_site":"@dicodusport","schema":{"@context":"https:\/\/schema.org","@graph":[{"@type":"NewsArticle","@id":"https:\/\/dicodusport.fr\/blog\/championnats-deurope-de-lutte-kendra-dacher-medaillee-de-bronze-en-72-kg\/#article","isPartOf":{"@id":"https:\/\/dicodusport.fr\/blog\/championnats-deurope-de-lutte-kendra-dacher-medaillee-de-bronze-en-72-kg\/"},"author":{"name":"Maxime Boulard","@id":"https:\/\/dicodusport.fr\/blog\/#\/schema\/person\/5aab10ee856e86ac63e9819a9da34784"},"headline":"Championnats d&rsquo;Europe de lutte : Kendra Dacher m\u00e9daill\u00e9e de bronze en 72 kg","datePublished":"2022-04-01T18:44:35+00:00","dateModified":"2022-04-01T20:48:11+00:00","mainEntityOfPage":{"@id":"https:\/\/dicodusport.fr\/blog\/championnats-deurope-de-lutte-kendra-dacher-medaillee-de-bronze-en-72-kg\/"},"wordCount":350,"commentCount":0,"publisher":{"@id":"https:\/\/dicodusport.fr\/blog\/#organization"},"image":{"@id":"https:\/\/dicodusport.fr\/blog\/championnats-deurope-de-lutte-kendra-dacher-medaillee-de-bronze-en-72-kg\/#primaryimage"},"thumbnailUrl":"https:\/\/dicodusport.fr\/blog\/wp-content\/uploads\/2022\/04\/Championnats-dEurope-de-lutte-Kendra-Dacher-medaillee-de-bronze-en-72-kg.png","keywords":["Championnats d'Europe de lutte","lutte"],"articleSection":["Lutte"],"inLanguage":"fr-FR","potentialAction":[{"@type":"CommentAction","name":"Comment","target":["https:\/\/dicodusport.fr\/blog\/championnats-deurope-de-lutte-kendra-dacher-medaillee-de-bronze-en-72-kg\/#respond"]}],"copyrightYear":"2022","copyrightHolder":{"@id":"https:\/\/dicodusport.fr\/blog\/#organization"}},{"@type":"WebPage","@id":"https:\/\/dicodusport.fr\/blog\/championnats-deurope-de-lutte-kendra-dacher-medaillee-de-bronze-en-72-kg\/","url":"https:\/\/dicodusport.fr\/blog\/championnats-deurope-de-lutte-kendra-dacher-medaillee-de-bronze-en-72-kg\/","name":"Championnats d'Europe de lutte : Kendra Dacher m\u00e9daill\u00e9e de bronze en 72 kg","isPartOf":{"@id":"https:\/\/dicodusport.fr\/blog\/#website"},"primaryImageOfPage":{"@id":"https:\/\/dicodusport.fr\/blog\/championnats-deurope-de-lutte-kendra-dacher-medaillee-de-bronze-en-72-kg\/#primaryimage"},"image":{"@id":"https:\/\/dicodusport.fr\/blog\/championnats-deurope-de-lutte-kendra-dacher-medaillee-de-bronze-en-72-kg\/#primaryimage"},"thumbnailUrl":"https:\/\/dicodusport.fr\/blog\/wp-content\/uploads\/2022\/04\/Championnats-dEurope-de-lutte-Kendra-Dacher-medaillee-de-bronze-en-72-kg.png","datePublished":"2022-04-01T18:44:35+00:00","dateModified":"2022-04-01T20:48:11+00:00","description":"Et de deux ! Seconde m\u00e9daille pour l'\u00e9quipe de France aux championnats d'Europe de lutte qui vient une nouvelle fois de l'\u00e9quipe f\u00e9minine.","breadcrumb":{"@id":"https:\/\/dicodusport.fr\/blog\/championnats-deurope-de-lutte-kendra-dacher-medaillee-de-bronze-en-72-kg\/#breadcrumb"},"inLanguage":"fr-FR","potentialAction":[{"@type":"ReadAction","target":["https:\/\/dicodusport.fr\/blog\/championnats-deurope-de-lutte-kendra-dacher-medaillee-de-bronze-en-72-kg\/"]}]},{"@type":"ImageObject","inLanguage":"fr-FR","@id":"https:\/\/dicodusport.fr\/blog\/championnats-deurope-de-lutte-kendra-dacher-medaillee-de-bronze-en-72-kg\/#primaryimage","url":"https:\/\/dicodusport.fr\/blog\/wp-content\/uploads\/2022\/04\/Championnats-dEurope-de-lutte-Kendra-Dacher-medaillee-de-bronze-en-72-kg.png","contentUrl":"https:\/\/dicodusport.fr\/blog\/wp-content\/uploads\/2022\/04\/Championnats-dEurope-de-lutte-Kendra-Dacher-medaillee-de-bronze-en-72-kg.png","width":800,"height":445,"caption":"Championnats d'Europe de lutte Kendra Dacher m\u00e9daill\u00e9e de bronze en 72 kg"},{"@type":"BreadcrumbList","@id":"https:\/\/dicodusport.fr\/blog\/championnats-deurope-de-lutte-kendra-dacher-medaillee-de-bronze-en-72-kg\/#breadcrumb","itemListElement":[{"@type":"ListItem","position":1,"name":"Accueil","item":"https:\/\/dicodusport.fr\/blog\/"},{"@type":"ListItem","position":2,"name":"Championnats d&rsquo;Europe de lutte : Kendra Dacher m\u00e9daill\u00e9e de bronze en 72 kg"}]},{"@type":"WebSite","@id":"https:\/\/dicodusport.fr\/blog\/#website","url":"https:\/\/dicodusport.fr\/blog\/","name":"Dicodusport","description":"L&#039;encyclop\u00e9die de l&#039;actualit\u00e9 sportive","publisher":{"@id":"https:\/\/dicodusport.fr\/blog\/#organization"},"potentialAction":[{"@type":"SearchAction","target":{"@type":"EntryPoint","urlTemplate":"https:\/\/dicodusport.fr\/blog\/?s={search_term_string}"},"query-input":{"@type":"PropertyValueSpecification","valueRequired":true,"valueName":"search_term_string"}}],"inLanguage":"fr-FR"},{"@type":"NewsMediaOrganization","@id":"https:\/\/dicodusport.fr\/blog\/#organization","name":"Dicodusport","url":"https:\/\/dicodusport.fr\/blog\/","logo":{"@type":"ImageObject","inLanguage":"fr-FR","@id":"https:\/\/dicodusport.fr\/blog\/#\/schema\/logo\/image\/","url":"https:\/\/dicodusport.fr\/blog\/wp-content\/uploads\/2020\/06\/cropped-LOGO-DICODUSPORT-2020-SANS-FOND-SANS-TEXTE.png","contentUrl":"https:\/\/dicodusport.fr\/blog\/wp-content\/uploads\/2020\/06\/cropped-LOGO-DICODUSPORT-2020-SANS-FOND-SANS-TEXTE.png","width":512,"height":512,"caption":"Dicodusport"},"image":{"@id":"https:\/\/dicodusport.fr\/blog\/#\/schema\/logo\/image\/"},"sameAs":["https:\/\/www.facebook.com\/dicodusport","https:\/\/x.com\/dicodusport","https:\/\/www.instagram.com\/dicodusport\/","https:\/\/www.youtube.com\/channel\/UC7V2KZ5sd3htJivAbA4ZG3w"],"description":"Dicodusport est l'encyclop\u00e9die de l'actualit\u00e9 sportive.","email":"bonjour@dicodusport.fr","legalName":"DICODUSPORT","foundingDate":"2018-01-14","vatID":"FR71834470973","taxID":"83447097300043","numberOfEmployees":{"@type":"QuantitativeValue","minValue":"1","maxValue":"10"}},{"@type":"Person","@id":"https:\/\/dicodusport.fr\/blog\/#\/schema\/person\/5aab10ee856e86ac63e9819a9da34784","name":"Maxime Boulard","image":{"@type":"ImageObject","inLanguage":"fr-FR","@id":"https:\/\/dicodusport.fr\/blog\/#\/schema\/person\/image\/","url":"https:\/\/dicodusport.fr\/blog\/wp-content\/uploads\/2021\/05\/Maxime-Boulard-150x150.jpg","contentUrl":"https:\/\/dicodusport.fr\/blog\/wp-content\/uploads\/2021\/05\/Maxime-Boulard-150x150.jpg","caption":"Maxime Boulard"},"description":"Journaliste\/r\u00e9dacteur depuis octobre 2020 - Si mon plus vieux souvenir de sport aurait pu m'en d\u00e9go\u00fbter, la finale de la Coupe du monde 2006 a \u00e9t\u00e9 tout le contraire. V\u00e9ritable d\u00e9clencheur d'une passion qui aujourd'hui ne fait que grandir avec le temps, mon leitmotiv est la France qui brille ! Je relate les exploits pass\u00e9s et pr\u00e9sents du sport bleu-blanc-rouge sans m\u00e9nagement depuis octobre 2020. Sport valide ou handisport, aucune diff\u00e9rence, il n'y a que du sport et plusieurs fa\u00e7ons de le pratiquer.","sameAs":["https:\/\/www.facebook.com\/Max.Bld2\/","https:\/\/x.com\/https:\/\/twitter.com\/MaximeB_2"],"url":"https:\/\/dicodusport.fr\/blog\/author\/maxime-b\/"}]}},"_links":{"self":[{"href":"https:\/\/dicodusport.fr\/blog\/wp-json\/wp\/v2\/posts\/212747","targetHints":{"allow":["GET"]}}],"collection":[{"href":"https:\/\/dicodusport.fr\/blog\/wp-json\/wp\/v2\/posts"}],"about":[{"href":"https:\/\/dicodusport.fr\/blog\/wp-json\/wp\/v2\/types\/post"}],"author":[{"embeddable":true,"href":"https:\/\/dicodusport.fr\/blog\/wp-json\/wp\/v2\/users\/43"}],"replies":[{"embeddable":true,"href":"https:\/\/dicodusport.fr\/blog\/wp-json\/wp\/v2\/comments?post=212747"}],"version-history":[{"count":0,"href":"https:\/\/dicodusport.fr\/blog\/wp-json\/wp\/v2\/posts\/212747\/revisions"}],"wp:featuredmedia":[{"embeddable":true,"href":"https:\/\/dicodusport.fr\/blog\/wp-json\/wp\/v2\/media\/212759"}],"wp:attachment":[{"href":"https:\/\/dicodusport.fr\/blog\/wp-json\/wp\/v2\/media?parent=212747"}],"wp:term":[{"taxonomy":"category","embeddable":true,"href":"https:\/\/dicodusport.fr\/blog\/wp-json\/wp\/v2\/categories?post=212747"},{"taxonomy":"post_tag","embeddable":true,"href":"https:\/\/dicodusport.fr\/blog\/wp-json\/wp\/v2\/tags?post=212747"}],"curies":[{"name":"wp","href":"https:\/\/api.w.org\/{rel}","templated":true}]}}