{"id":212762,"date":"2022-04-01T21:04:05","date_gmt":"2022-04-01T19:04:05","guid":{"rendered":"https:\/\/dicodusport.fr\/blog\/?p=212762&#038;preview=true&#038;preview_id=212762"},"modified":"2022-04-01T21:15:09","modified_gmt":"2022-04-01T19:15:09","slug":"wout-van-aert-forfait-pour-le-tour-des-flandres-2022","status":"publish","type":"post","link":"https:\/\/dicodusport.fr\/blog\/wout-van-aert-forfait-pour-le-tour-des-flandres-2022\/","title":{"rendered":"Wout Van Aert forfait pour le Tour des Flandres 2022"},"content":{"rendered":"<p style=\"text-align: justify;\"><b><i><a href=\"https:\/\/dicodusport.fr\/blog\/actualites\/cyclisme\/cyclisme-sur-route-2022\/\" target=\"_blank\" rel=\"noopener\">CYCLISME SUR ROUTE 2022<\/a> &#8211; Positif \u00e0 la Covid-19, Wout Van Aert (Jumbo-Visma) doit d\u00e9clarer forfait pour le Tour des Flandres 2022 pr\u00e9vu ce dimanche.\u00a0<\/i><\/b><\/p>\n<p style=\"text-align: justify;\">Incertain depuis quelques heures, <strong>Wout Van Aert<\/strong> a confirm\u00e9 qu&rsquo;il ne serait pas au d\u00e9part du Ronde 2022 puisque positif \u00e0 la Covid-19. Alors qu&rsquo;il \u00e9tait le grandissime favori apr\u00e8s notamment une d\u00e9monstration sur le <strong>Grand Prix E3<\/strong>, le Belge doit renoncer et n&rsquo;ajoutera donc pas le Tour des Flandres \u00e0 son palmar\u00e8s en 2022. <strong>Christophe Laporte<\/strong> aura une occasion \u00e0 saisir dimanche puisqu&rsquo;il sera le nouveau leader de la Jumbo-Visma avec <strong>Tiesj Benoot<\/strong>. <strong>Mathieu van der Poel<\/strong>, vainqueur d&rsquo;\u00c0 Travers la Flandre mercredi, sera l&rsquo;homme \u00e0 battre dimanche.<\/p>\n<blockquote class=\"twitter-tweet\">\n<p dir=\"ltr\" lang=\"en\">&#x1f1e7;&#x1f1ea; <a href=\"https:\/\/twitter.com\/hashtag\/RVV22?src=hash&amp;ref_src=twsrc%5Etfw\">#RVV22<\/a><\/p>\n<p>Wout van Aert has to forfeit for the Ronde. <a href=\"https:\/\/t.co\/krw9FXi8xU\">pic.twitter.com\/krw9FXi8xU<\/a><\/p>\n<p>\u2014 Team Jumbo-Visma cycling (@JumboVismaRoad) <a href=\"https:\/\/twitter.com\/JumboVismaRoad\/status\/1509955629527490570?ref_src=twsrc%5Etfw\">April 1, 2022<\/a><\/p><\/blockquote>\n<p><script async src=\"https:\/\/platform.twitter.com\/widgets.js\" charset=\"utf-8\"><\/script><\/p>\n<h2 style=\"text-align: justify;\">\u00c0 lire aussi<\/h2>\n<ul>\n<li style=\"text-align: justify;\"><a href=\"https:\/\/dicodusport.fr\/blog\/tour-des-flandres-2022-parcours-et-profil\/\" target=\"_blank\" rel=\"noopener\"><strong>Parcours et profil du Tour des Flandres<\/strong><\/a><\/li>\n<li style=\"text-align: justify;\"><a href=\"https:\/\/dicodusport.fr\/blog\/tour-des-flandres-2022-a-quelle-heure-et-sur-quelle-chaine\/\" target=\"_blank\" rel=\"noopener\"><strong>Tour des Flandres 2022 : \u00c0 quelle heure et sur quelle cha\u00eene ?<\/strong><\/a><\/li>\n<\/ul>\n","protected":false},"excerpt":{"rendered":"<p>CYCLISME SUR ROUTE 2022 &#8211; Positif \u00e0 la Covid-19, Wout Van Aert (Jumbo-Visma) doit d\u00e9clarer forfait pour le Tour des Flandres 2022 pr\u00e9vu ce dimanche.\u00a0<\/p>\n","protected":false},"author":1,"featured_media":212764,"comment_status":"open","ping_status":"closed","sticky":false,"template":"","format":"standard","meta":{"_acf_changed":false,"_daextam_enable_autolinks":"","footnotes":""},"categories":[46994],"tags":[4325,11668,8091],"class_list":["post-212762","post","type-post","status-publish","format-standard","has-post-thumbnail","hentry","category-cyclisme-sur-route","tag-tour-des-flandres","tag-van-aert","tag-wout-van-aert"],"acf":[],"yoast_head":"<!-- This site is optimized with the Yoast SEO Premium plugin v26.7 (Yoast SEO v26.7) - https:\/\/yoast.com\/wordpress\/plugins\/seo\/ -->\n<title>Wout Van Aert forfait pour le Tour des Flandres 2022<\/title>\n<meta name=\"description\" content=\"CYCLISME SUR ROUTE 2022 - Positif \u00e0 la Covid-19, Wout Van Aert doit d\u00e9clarer forfait pour le Tour des Flandres pr\u00e9vu ce dimanche.\u00a0\" \/>\n<meta name=\"robots\" content=\"index, follow, max-snippet:-1, max-image-preview:large, max-video-preview:-1\" \/>\n<link rel=\"canonical\" href=\"https:\/\/dicodusport.fr\/blog\/wout-van-aert-forfait-pour-le-tour-des-flandres-2022\/\" \/>\n<meta property=\"og:locale\" content=\"fr_FR\" \/>\n<meta property=\"og:type\" content=\"article\" \/>\n<meta property=\"og:title\" content=\"Wout Van Aert forfait pour le Tour des Flandres 2022\" \/>\n<meta property=\"og:description\" content=\"CYCLISME SUR ROUTE 2022 - Positif \u00e0 la Covid-19, Wout Van Aert doit d\u00e9clarer forfait pour le Tour des Flandres pr\u00e9vu ce dimanche.\u00a0\" \/>\n<meta property=\"og:url\" content=\"https:\/\/dicodusport.fr\/blog\/wout-van-aert-forfait-pour-le-tour-des-flandres-2022\/\" \/>\n<meta property=\"og:site_name\" content=\"Dicodusport\" \/>\n<meta property=\"article:publisher\" content=\"https:\/\/www.facebook.com\/dicodusport\" \/>\n<meta property=\"article:author\" content=\"https:\/\/www.facebook.com\/dicodusport\" \/>\n<meta property=\"article:published_time\" content=\"2022-04-01T19:04:05+00:00\" \/>\n<meta property=\"article:modified_time\" content=\"2022-04-01T19:15:09+00:00\" \/>\n<meta property=\"og:image\" content=\"https:\/\/dicodusport.fr\/blog\/wp-content\/uploads\/2022\/04\/Wout-Van-Aert-forfait-pour-le-Tour-des-Flandres-2022.png\" \/>\n\t<meta property=\"og:image:width\" content=\"800\" \/>\n\t<meta property=\"og:image:height\" content=\"445\" \/>\n\t<meta property=\"og:image:type\" content=\"image\/png\" \/>\n<meta name=\"author\" content=\"Nicolas Jacquemard\" \/>\n<meta name=\"twitter:card\" content=\"summary_large_image\" \/>\n<meta name=\"twitter:title\" content=\"Wout Van Aert forfait pour le Tour des Flandres 2022\" \/>\n<meta name=\"twitter:creator\" content=\"@https:\/\/twitter.com\/Nico_Jacquemard\" \/>\n<meta name=\"twitter:site\" content=\"@dicodusport\" \/>\n<script type=\"application\/ld+json\" class=\"yoast-schema-graph\">{\"@context\":\"https:\/\/schema.org\",\"@graph\":[{\"@type\":\"NewsArticle\",\"@id\":\"https:\/\/dicodusport.fr\/blog\/wout-van-aert-forfait-pour-le-tour-des-flandres-2022\/#article\",\"isPartOf\":{\"@id\":\"https:\/\/dicodusport.fr\/blog\/wout-van-aert-forfait-pour-le-tour-des-flandres-2022\/\"},\"author\":{\"name\":\"Nicolas Jacquemard\",\"@id\":\"https:\/\/dicodusport.fr\/blog\/#\/schema\/person\/55dcb50ad410894e431ed812bbb70191\"},\"headline\":\"Wout Van Aert forfait pour le Tour des Flandres 2022\",\"datePublished\":\"2022-04-01T19:04:05+00:00\",\"dateModified\":\"2022-04-01T19:15:09+00:00\",\"mainEntityOfPage\":{\"@id\":\"https:\/\/dicodusport.fr\/blog\/wout-van-aert-forfait-pour-le-tour-des-flandres-2022\/\"},\"wordCount\":171,\"commentCount\":0,\"publisher\":{\"@id\":\"https:\/\/dicodusport.fr\/blog\/#organization\"},\"image\":{\"@id\":\"https:\/\/dicodusport.fr\/blog\/wout-van-aert-forfait-pour-le-tour-des-flandres-2022\/#primaryimage\"},\"thumbnailUrl\":\"https:\/\/dicodusport.fr\/blog\/wp-content\/uploads\/2022\/04\/Wout-Van-Aert-forfait-pour-le-Tour-des-Flandres-2022.png\",\"keywords\":[\"Tour des Flandres\",\"Van Aert\",\"Wout Van Aert\"],\"articleSection\":[\"Cyclisme sur route\"],\"inLanguage\":\"fr-FR\",\"potentialAction\":[{\"@type\":\"CommentAction\",\"name\":\"Comment\",\"target\":[\"https:\/\/dicodusport.fr\/blog\/wout-van-aert-forfait-pour-le-tour-des-flandres-2022\/#respond\"]}],\"copyrightYear\":\"2022\",\"copyrightHolder\":{\"@id\":\"https:\/\/dicodusport.fr\/blog\/#organization\"}},{\"@type\":\"WebPage\",\"@id\":\"https:\/\/dicodusport.fr\/blog\/wout-van-aert-forfait-pour-le-tour-des-flandres-2022\/\",\"url\":\"https:\/\/dicodusport.fr\/blog\/wout-van-aert-forfait-pour-le-tour-des-flandres-2022\/\",\"name\":\"Wout Van Aert forfait pour le Tour des Flandres 2022\",\"isPartOf\":{\"@id\":\"https:\/\/dicodusport.fr\/blog\/#website\"},\"primaryImageOfPage\":{\"@id\":\"https:\/\/dicodusport.fr\/blog\/wout-van-aert-forfait-pour-le-tour-des-flandres-2022\/#primaryimage\"},\"image\":{\"@id\":\"https:\/\/dicodusport.fr\/blog\/wout-van-aert-forfait-pour-le-tour-des-flandres-2022\/#primaryimage\"},\"thumbnailUrl\":\"https:\/\/dicodusport.fr\/blog\/wp-content\/uploads\/2022\/04\/Wout-Van-Aert-forfait-pour-le-Tour-des-Flandres-2022.png\",\"datePublished\":\"2022-04-01T19:04:05+00:00\",\"dateModified\":\"2022-04-01T19:15:09+00:00\",\"description\":\"CYCLISME SUR ROUTE 2022 - Positif \u00e0 la Covid-19, Wout Van Aert doit d\u00e9clarer forfait pour le Tour des Flandres pr\u00e9vu ce dimanche.\u00a0\",\"breadcrumb\":{\"@id\":\"https:\/\/dicodusport.fr\/blog\/wout-van-aert-forfait-pour-le-tour-des-flandres-2022\/#breadcrumb\"},\"inLanguage\":\"fr-FR\",\"potentialAction\":[{\"@type\":\"ReadAction\",\"target\":[\"https:\/\/dicodusport.fr\/blog\/wout-van-aert-forfait-pour-le-tour-des-flandres-2022\/\"]}]},{\"@type\":\"ImageObject\",\"inLanguage\":\"fr-FR\",\"@id\":\"https:\/\/dicodusport.fr\/blog\/wout-van-aert-forfait-pour-le-tour-des-flandres-2022\/#primaryimage\",\"url\":\"https:\/\/dicodusport.fr\/blog\/wp-content\/uploads\/2022\/04\/Wout-Van-Aert-forfait-pour-le-Tour-des-Flandres-2022.png\",\"contentUrl\":\"https:\/\/dicodusport.fr\/blog\/wp-content\/uploads\/2022\/04\/Wout-Van-Aert-forfait-pour-le-Tour-des-Flandres-2022.png\",\"width\":800,\"height\":445},{\"@type\":\"BreadcrumbList\",\"@id\":\"https:\/\/dicodusport.fr\/blog\/wout-van-aert-forfait-pour-le-tour-des-flandres-2022\/#breadcrumb\",\"itemListElement\":[{\"@type\":\"ListItem\",\"position\":1,\"name\":\"Accueil\",\"item\":\"https:\/\/dicodusport.fr\/blog\/\"},{\"@type\":\"ListItem\",\"position\":2,\"name\":\"Wout Van Aert forfait pour le Tour des Flandres 2022\"}]},{\"@type\":\"WebSite\",\"@id\":\"https:\/\/dicodusport.fr\/blog\/#website\",\"url\":\"https:\/\/dicodusport.fr\/blog\/\",\"name\":\"Dicodusport\",\"description\":\"L&#039;encyclop\u00e9die de l&#039;actualit\u00e9 sportive\",\"publisher\":{\"@id\":\"https:\/\/dicodusport.fr\/blog\/#organization\"},\"potentialAction\":[{\"@type\":\"SearchAction\",\"target\":{\"@type\":\"EntryPoint\",\"urlTemplate\":\"https:\/\/dicodusport.fr\/blog\/?s={search_term_string}\"},\"query-input\":{\"@type\":\"PropertyValueSpecification\",\"valueRequired\":true,\"valueName\":\"search_term_string\"}}],\"inLanguage\":\"fr-FR\"},{\"@type\":\"NewsMediaOrganization\",\"@id\":\"https:\/\/dicodusport.fr\/blog\/#organization\",\"name\":\"Dicodusport\",\"url\":\"https:\/\/dicodusport.fr\/blog\/\",\"logo\":{\"@type\":\"ImageObject\",\"inLanguage\":\"fr-FR\",\"@id\":\"https:\/\/dicodusport.fr\/blog\/#\/schema\/logo\/image\/\",\"url\":\"https:\/\/dicodusport.fr\/blog\/wp-content\/uploads\/2020\/06\/cropped-LOGO-DICODUSPORT-2020-SANS-FOND-SANS-TEXTE.png\",\"contentUrl\":\"https:\/\/dicodusport.fr\/blog\/wp-content\/uploads\/2020\/06\/cropped-LOGO-DICODUSPORT-2020-SANS-FOND-SANS-TEXTE.png\",\"width\":512,\"height\":512,\"caption\":\"Dicodusport\"},\"image\":{\"@id\":\"https:\/\/dicodusport.fr\/blog\/#\/schema\/logo\/image\/\"},\"sameAs\":[\"https:\/\/www.facebook.com\/dicodusport\",\"https:\/\/x.com\/dicodusport\",\"https:\/\/www.instagram.com\/dicodusport\/\",\"https:\/\/www.youtube.com\/channel\/UC7V2KZ5sd3htJivAbA4ZG3w\"],\"description\":\"Dicodusport est l'encyclop\u00e9die de l'actualit\u00e9 sportive.\",\"email\":\"bonjour@dicodusport.fr\",\"legalName\":\"DICODUSPORT\",\"foundingDate\":\"2018-01-14\",\"vatID\":\"FR71834470973\",\"taxID\":\"83447097300043\",\"numberOfEmployees\":{\"@type\":\"QuantitativeValue\",\"minValue\":\"1\",\"maxValue\":\"10\"}},{\"@type\":\"Person\",\"@id\":\"https:\/\/dicodusport.fr\/blog\/#\/schema\/person\/55dcb50ad410894e431ed812bbb70191\",\"name\":\"Nicolas Jacquemard\",\"image\":{\"@type\":\"ImageObject\",\"inLanguage\":\"fr-FR\",\"@id\":\"https:\/\/dicodusport.fr\/blog\/#\/schema\/person\/image\/\",\"url\":\"https:\/\/dicodusport.fr\/blog\/wp-content\/uploads\/2021\/05\/Nicolas-Jacquemard-150x150.jpeg\",\"contentUrl\":\"https:\/\/dicodusport.fr\/blog\/wp-content\/uploads\/2021\/05\/Nicolas-Jacquemard-150x150.jpeg\",\"caption\":\"Nicolas Jacquemard\"},\"description\":\"Passionn\u00e9 de sport et entrepreneur depuis mes 18 ans, la cr\u00e9ation de Dicodusport m'a sembl\u00e9 \u00e9vidente pour participer \u00e0 la m\u00e9diatisation d'un plus grand nombre de sports. Le chemin est long mais avec une \u00e9quipe des plus motiv\u00e9es et les Jeux Olympiques de Paris 2024 en point de mire, nous y arriverons ! Journaliste dans le monde du sport depuis plus de 5 ans, je traite aussi bien de football, de rugby, de biathlon que de cyclisme.\",\"sameAs\":[\"https:\/\/www.facebook.com\/dicodusport\",\"https:\/\/x.com\/https:\/\/twitter.com\/Nico_Jacquemard\"],\"url\":\"https:\/\/dicodusport.fr\/blog\/author\/dicodusport\/\"}]}<\/script>\n<!-- \/ Yoast SEO Premium plugin. -->","yoast_head_json":{"title":"Wout Van Aert forfait pour le Tour des Flandres 2022","description":"CYCLISME SUR ROUTE 2022 - Positif \u00e0 la Covid-19, Wout Van Aert doit d\u00e9clarer forfait pour le Tour des Flandres pr\u00e9vu ce dimanche.\u00a0","robots":{"index":"index","follow":"follow","max-snippet":"max-snippet:-1","max-image-preview":"max-image-preview:large","max-video-preview":"max-video-preview:-1"},"canonical":"https:\/\/dicodusport.fr\/blog\/wout-van-aert-forfait-pour-le-tour-des-flandres-2022\/","og_locale":"fr_FR","og_type":"article","og_title":"Wout Van Aert forfait pour le Tour des Flandres 2022","og_description":"CYCLISME SUR ROUTE 2022 - Positif \u00e0 la Covid-19, Wout Van Aert doit d\u00e9clarer forfait pour le Tour des Flandres pr\u00e9vu ce dimanche.\u00a0","og_url":"https:\/\/dicodusport.fr\/blog\/wout-van-aert-forfait-pour-le-tour-des-flandres-2022\/","og_site_name":"Dicodusport","article_publisher":"https:\/\/www.facebook.com\/dicodusport","article_author":"https:\/\/www.facebook.com\/dicodusport","article_published_time":"2022-04-01T19:04:05+00:00","article_modified_time":"2022-04-01T19:15:09+00:00","og_image":[{"width":800,"height":445,"url":"https:\/\/dicodusport.fr\/blog\/wp-content\/uploads\/2022\/04\/Wout-Van-Aert-forfait-pour-le-Tour-des-Flandres-2022.png","type":"image\/png"}],"author":"Nicolas Jacquemard","twitter_card":"summary_large_image","twitter_title":"Wout Van Aert forfait pour le Tour des Flandres 2022","twitter_creator":"@https:\/\/twitter.com\/Nico_Jacquemard","twitter_site":"@dicodusport","schema":{"@context":"https:\/\/schema.org","@graph":[{"@type":"NewsArticle","@id":"https:\/\/dicodusport.fr\/blog\/wout-van-aert-forfait-pour-le-tour-des-flandres-2022\/#article","isPartOf":{"@id":"https:\/\/dicodusport.fr\/blog\/wout-van-aert-forfait-pour-le-tour-des-flandres-2022\/"},"author":{"name":"Nicolas Jacquemard","@id":"https:\/\/dicodusport.fr\/blog\/#\/schema\/person\/55dcb50ad410894e431ed812bbb70191"},"headline":"Wout Van Aert forfait pour le Tour des Flandres 2022","datePublished":"2022-04-01T19:04:05+00:00","dateModified":"2022-04-01T19:15:09+00:00","mainEntityOfPage":{"@id":"https:\/\/dicodusport.fr\/blog\/wout-van-aert-forfait-pour-le-tour-des-flandres-2022\/"},"wordCount":171,"commentCount":0,"publisher":{"@id":"https:\/\/dicodusport.fr\/blog\/#organization"},"image":{"@id":"https:\/\/dicodusport.fr\/blog\/wout-van-aert-forfait-pour-le-tour-des-flandres-2022\/#primaryimage"},"thumbnailUrl":"https:\/\/dicodusport.fr\/blog\/wp-content\/uploads\/2022\/04\/Wout-Van-Aert-forfait-pour-le-Tour-des-Flandres-2022.png","keywords":["Tour des Flandres","Van Aert","Wout Van Aert"],"articleSection":["Cyclisme sur route"],"inLanguage":"fr-FR","potentialAction":[{"@type":"CommentAction","name":"Comment","target":["https:\/\/dicodusport.fr\/blog\/wout-van-aert-forfait-pour-le-tour-des-flandres-2022\/#respond"]}],"copyrightYear":"2022","copyrightHolder":{"@id":"https:\/\/dicodusport.fr\/blog\/#organization"}},{"@type":"WebPage","@id":"https:\/\/dicodusport.fr\/blog\/wout-van-aert-forfait-pour-le-tour-des-flandres-2022\/","url":"https:\/\/dicodusport.fr\/blog\/wout-van-aert-forfait-pour-le-tour-des-flandres-2022\/","name":"Wout Van Aert forfait pour le Tour des Flandres 2022","isPartOf":{"@id":"https:\/\/dicodusport.fr\/blog\/#website"},"primaryImageOfPage":{"@id":"https:\/\/dicodusport.fr\/blog\/wout-van-aert-forfait-pour-le-tour-des-flandres-2022\/#primaryimage"},"image":{"@id":"https:\/\/dicodusport.fr\/blog\/wout-van-aert-forfait-pour-le-tour-des-flandres-2022\/#primaryimage"},"thumbnailUrl":"https:\/\/dicodusport.fr\/blog\/wp-content\/uploads\/2022\/04\/Wout-Van-Aert-forfait-pour-le-Tour-des-Flandres-2022.png","datePublished":"2022-04-01T19:04:05+00:00","dateModified":"2022-04-01T19:15:09+00:00","description":"CYCLISME SUR ROUTE 2022 - Positif \u00e0 la Covid-19, Wout Van Aert doit d\u00e9clarer forfait pour le Tour des Flandres pr\u00e9vu ce dimanche.\u00a0","breadcrumb":{"@id":"https:\/\/dicodusport.fr\/blog\/wout-van-aert-forfait-pour-le-tour-des-flandres-2022\/#breadcrumb"},"inLanguage":"fr-FR","potentialAction":[{"@type":"ReadAction","target":["https:\/\/dicodusport.fr\/blog\/wout-van-aert-forfait-pour-le-tour-des-flandres-2022\/"]}]},{"@type":"ImageObject","inLanguage":"fr-FR","@id":"https:\/\/dicodusport.fr\/blog\/wout-van-aert-forfait-pour-le-tour-des-flandres-2022\/#primaryimage","url":"https:\/\/dicodusport.fr\/blog\/wp-content\/uploads\/2022\/04\/Wout-Van-Aert-forfait-pour-le-Tour-des-Flandres-2022.png","contentUrl":"https:\/\/dicodusport.fr\/blog\/wp-content\/uploads\/2022\/04\/Wout-Van-Aert-forfait-pour-le-Tour-des-Flandres-2022.png","width":800,"height":445},{"@type":"BreadcrumbList","@id":"https:\/\/dicodusport.fr\/blog\/wout-van-aert-forfait-pour-le-tour-des-flandres-2022\/#breadcrumb","itemListElement":[{"@type":"ListItem","position":1,"name":"Accueil","item":"https:\/\/dicodusport.fr\/blog\/"},{"@type":"ListItem","position":2,"name":"Wout Van Aert forfait pour le Tour des Flandres 2022"}]},{"@type":"WebSite","@id":"https:\/\/dicodusport.fr\/blog\/#website","url":"https:\/\/dicodusport.fr\/blog\/","name":"Dicodusport","description":"L&#039;encyclop\u00e9die de l&#039;actualit\u00e9 sportive","publisher":{"@id":"https:\/\/dicodusport.fr\/blog\/#organization"},"potentialAction":[{"@type":"SearchAction","target":{"@type":"EntryPoint","urlTemplate":"https:\/\/dicodusport.fr\/blog\/?s={search_term_string}"},"query-input":{"@type":"PropertyValueSpecification","valueRequired":true,"valueName":"search_term_string"}}],"inLanguage":"fr-FR"},{"@type":"NewsMediaOrganization","@id":"https:\/\/dicodusport.fr\/blog\/#organization","name":"Dicodusport","url":"https:\/\/dicodusport.fr\/blog\/","logo":{"@type":"ImageObject","inLanguage":"fr-FR","@id":"https:\/\/dicodusport.fr\/blog\/#\/schema\/logo\/image\/","url":"https:\/\/dicodusport.fr\/blog\/wp-content\/uploads\/2020\/06\/cropped-LOGO-DICODUSPORT-2020-SANS-FOND-SANS-TEXTE.png","contentUrl":"https:\/\/dicodusport.fr\/blog\/wp-content\/uploads\/2020\/06\/cropped-LOGO-DICODUSPORT-2020-SANS-FOND-SANS-TEXTE.png","width":512,"height":512,"caption":"Dicodusport"},"image":{"@id":"https:\/\/dicodusport.fr\/blog\/#\/schema\/logo\/image\/"},"sameAs":["https:\/\/www.facebook.com\/dicodusport","https:\/\/x.com\/dicodusport","https:\/\/www.instagram.com\/dicodusport\/","https:\/\/www.youtube.com\/channel\/UC7V2KZ5sd3htJivAbA4ZG3w"],"description":"Dicodusport est l'encyclop\u00e9die de l'actualit\u00e9 sportive.","email":"bonjour@dicodusport.fr","legalName":"DICODUSPORT","foundingDate":"2018-01-14","vatID":"FR71834470973","taxID":"83447097300043","numberOfEmployees":{"@type":"QuantitativeValue","minValue":"1","maxValue":"10"}},{"@type":"Person","@id":"https:\/\/dicodusport.fr\/blog\/#\/schema\/person\/55dcb50ad410894e431ed812bbb70191","name":"Nicolas Jacquemard","image":{"@type":"ImageObject","inLanguage":"fr-FR","@id":"https:\/\/dicodusport.fr\/blog\/#\/schema\/person\/image\/","url":"https:\/\/dicodusport.fr\/blog\/wp-content\/uploads\/2021\/05\/Nicolas-Jacquemard-150x150.jpeg","contentUrl":"https:\/\/dicodusport.fr\/blog\/wp-content\/uploads\/2021\/05\/Nicolas-Jacquemard-150x150.jpeg","caption":"Nicolas Jacquemard"},"description":"Passionn\u00e9 de sport et entrepreneur depuis mes 18 ans, la cr\u00e9ation de Dicodusport m'a sembl\u00e9 \u00e9vidente pour participer \u00e0 la m\u00e9diatisation d'un plus grand nombre de sports. Le chemin est long mais avec une \u00e9quipe des plus motiv\u00e9es et les Jeux Olympiques de Paris 2024 en point de mire, nous y arriverons ! Journaliste dans le monde du sport depuis plus de 5 ans, je traite aussi bien de football, de rugby, de biathlon que de cyclisme.","sameAs":["https:\/\/www.facebook.com\/dicodusport","https:\/\/x.com\/https:\/\/twitter.com\/Nico_Jacquemard"],"url":"https:\/\/dicodusport.fr\/blog\/author\/dicodusport\/"}]}},"_links":{"self":[{"href":"https:\/\/dicodusport.fr\/blog\/wp-json\/wp\/v2\/posts\/212762","targetHints":{"allow":["GET"]}}],"collection":[{"href":"https:\/\/dicodusport.fr\/blog\/wp-json\/wp\/v2\/posts"}],"about":[{"href":"https:\/\/dicodusport.fr\/blog\/wp-json\/wp\/v2\/types\/post"}],"author":[{"embeddable":true,"href":"https:\/\/dicodusport.fr\/blog\/wp-json\/wp\/v2\/users\/1"}],"replies":[{"embeddable":true,"href":"https:\/\/dicodusport.fr\/blog\/wp-json\/wp\/v2\/comments?post=212762"}],"version-history":[{"count":0,"href":"https:\/\/dicodusport.fr\/blog\/wp-json\/wp\/v2\/posts\/212762\/revisions"}],"wp:featuredmedia":[{"embeddable":true,"href":"https:\/\/dicodusport.fr\/blog\/wp-json\/wp\/v2\/media\/212764"}],"wp:attachment":[{"href":"https:\/\/dicodusport.fr\/blog\/wp-json\/wp\/v2\/media?parent=212762"}],"wp:term":[{"taxonomy":"category","embeddable":true,"href":"https:\/\/dicodusport.fr\/blog\/wp-json\/wp\/v2\/categories?post=212762"},{"taxonomy":"post_tag","embeddable":true,"href":"https:\/\/dicodusport.fr\/blog\/wp-json\/wp\/v2\/tags?post=212762"}],"curies":[{"name":"wp","href":"https:\/\/api.w.org\/{rel}","templated":true}]}}