{"id":212886,"date":"2022-04-02T16:14:54","date_gmt":"2022-04-02T14:14:54","guid":{"rendered":"https:\/\/dicodusport.fr\/blog\/?p=212886&#038;preview=true&#038;preview_id=212886"},"modified":"2022-04-02T16:41:25","modified_gmt":"2022-04-02T14:41:25","slug":"biathlon-chloe-chevalier-championne-de-france-mass-start","status":"publish","type":"post","link":"https:\/\/dicodusport.fr\/blog\/biathlon-chloe-chevalier-championne-de-france-mass-start\/","title":{"rendered":"Biathlon : Chlo\u00e9 Chevalier championne de France sur la mass start"},"content":{"rendered":"<p style=\"text-align: justify;\"><b><i><a href=\"https:\/\/dicodusport.fr\/blog\/biathlon-championnats-de-france-2022-programme-et-resultats\/\">CHAMPIONNATS DE FRANCE DE BIATHLON 2022<\/a> &#8211; Sur le site des Tuffes \u00e0 Pr\u00e9manon, le titre national de la mass start est revenu \u00e0 Chlo\u00e9 Chevalier. L&rsquo;Is\u00e9roise devance Lou Jeanmonnot et la d\u00e9sormais retrait\u00e9e Ana\u00efs Bescond. Camille Bened s&#8217;empare quant \u00e0 elle du titre U22.<\/i><\/b><\/p>\n<p style=\"text-align: justify;\"><strong>Chlo\u00e9 Chevalier<\/strong> tout en ma\u00eetrise ! Avec un 19\/20 au tir et une balle l\u00e2ch\u00e9e sur le dernier debout, l&rsquo;Is\u00e9roise est all\u00e9e remporter le titre national de la mass start ce samedi, \u00e0 Pr\u00e9manon. Elle devance <strong>Lou Jeanmonnot<\/strong> et <strong>Ana\u00efs Bescond<\/strong>. La laur\u00e9ate du gros globe de cristal en IBU Cup, imp\u00e9riale face aux cibles (20\/20), a d\u00fb se d\u00e9faire d&rsquo;<strong>Ana\u00efs Bescond<\/strong> dans les ultimes m\u00e8tres pour glaner l&rsquo;argent. La n\u00e9o-retrait\u00e9e, malgr\u00e9 trois fautes sur son premier tir debout (17\/20), a eu les cannes pour revenir sur sa cadette dans le dernier tour, mais n&rsquo;a rien pu faire face au peps de cette derni\u00e8re.<\/p>\n<p style=\"text-align: justify;\">Chez les U22, <strong>Camille Bened<\/strong>, sixi\u00e8me de la course, s&rsquo;adjuge le titre U22. <strong>Jeanne Richard<\/strong>, en argent, termine \u00e0 19 secondes. <strong>Oc\u00e9ane Michelon<\/strong> prend le bronze.<\/p>\n<blockquote class=\"twitter-tweet\">\n<p dir=\"ltr\" lang=\"fr\">Chlo\u00e9 Chevalier championne de France<br \/>\n&#x1f44f;&#x1f44f;&#x1f1eb;&#x1f1f7;<br \/>\nLa biathl\u00e8te Dauphinoise, qui a pris la t\u00eate d\u00e8s le d\u00e9but de la course, a remport\u00e9 cet apr\u00e8s-midi \u00e0 Pr\u00e9manon le titre national du mass-start&#8230;Camille Bened titr\u00e9e en U22&#8230;<a href=\"https:\/\/t.co\/Ns9KkvJbKm\">https:\/\/t.co\/Ns9KkvJbKm<\/a> <a href=\"https:\/\/t.co\/8FzsYSqaYp\">pic.twitter.com\/8FzsYSqaYp<\/a><\/p>\n<p>\u2014 Ski &#8211; Biathlon &#8211; Sports Infos (@SkiNordique_net) <a href=\"https:\/\/twitter.com\/SkiNordique_net\/status\/1510256746572533764?ref_src=twsrc%5Etfw\">April 2, 2022<\/a><\/p><\/blockquote>\n<p><script async src=\"https:\/\/platform.twitter.com\/widgets.js\" charset=\"utf-8\"><\/script><\/p>\n<ul>\n<li style=\"text-align: justify;\"><strong>\u00c0 lire aussi &#8211; <a href=\"https:\/\/dicodusport.fr\/blog\/championnats-de-france-biathlon-classement-mass-start-femmes\/?utm_source=rss&amp;utm_medium=rss&amp;utm_campaign=championnats-de-france-biathlon-classement-mass-start-femmes\">Le classement de la mass start femmes des championnats de France<\/a><\/strong><\/li>\n<\/ul>\n","protected":false},"excerpt":{"rendered":"<p>CHAMPIONNATS DE FRANCE DE BIATHLON 2022 &#8211; Sur le site des Tuffes \u00e0 Pr\u00e9manon, le titre national de la mass start est revenu \u00e0 Chlo\u00e9 Chevalier. L&rsquo;Is\u00e9roise devance Lou Jeanmonnot et la d\u00e9sormais retrait\u00e9e Ana\u00efs Bescond.<\/p>\n","protected":false},"author":4,"featured_media":212893,"comment_status":"open","ping_status":"closed","sticky":false,"template":"","format":"standard","meta":{"_acf_changed":false,"_daextam_enable_autolinks":"","footnotes":""},"categories":[12885],"tags":[2427,11737],"class_list":["post-212886","post","type-post","status-publish","format-standard","has-post-thumbnail","hentry","category-billard","tag-biathlon","tag-championnats-de-france-de-biathlon"],"acf":[],"yoast_head":"<!-- This site is optimized with the Yoast SEO Premium plugin v26.7 (Yoast SEO v26.7) - https:\/\/yoast.com\/wordpress\/plugins\/seo\/ -->\n<title>Biathlon : Chlo\u00e9 Chevalier championne de France sur la mass start<\/title>\n<meta name=\"description\" content=\"CHAMPIONNATS DE FRANCE DE BIATHLON 2022 - Sur le site des Tuffes \u00e0 Pr\u00e9manon, le titre national de la mass start est revenu \u00e0 Chlo\u00e9 Chevalier.\" \/>\n<meta name=\"robots\" content=\"index, follow, max-snippet:-1, max-image-preview:large, max-video-preview:-1\" \/>\n<link rel=\"canonical\" href=\"https:\/\/dicodusport.fr\/blog\/biathlon-chloe-chevalier-championne-de-france-mass-start\/\" \/>\n<meta property=\"og:locale\" content=\"fr_FR\" \/>\n<meta property=\"og:type\" content=\"article\" \/>\n<meta property=\"og:title\" content=\"Biathlon : Chlo\u00e9 Chevalier championne de France sur la mass start\" \/>\n<meta property=\"og:description\" content=\"CHAMPIONNATS DE FRANCE DE BIATHLON 2022 - Sur le site des Tuffes \u00e0 Pr\u00e9manon, le titre national de la mass start est revenu \u00e0 Chlo\u00e9 Chevalier.\" \/>\n<meta property=\"og:url\" content=\"https:\/\/dicodusport.fr\/blog\/biathlon-chloe-chevalier-championne-de-france-mass-start\/\" \/>\n<meta property=\"og:site_name\" content=\"Dicodusport\" \/>\n<meta property=\"article:publisher\" content=\"https:\/\/www.facebook.com\/dicodusport\" \/>\n<meta property=\"article:author\" content=\"https:\/\/www.facebook.com\/florent.ostermann\" \/>\n<meta property=\"article:published_time\" content=\"2022-04-02T14:14:54+00:00\" \/>\n<meta property=\"article:modified_time\" content=\"2022-04-02T14:41:25+00:00\" \/>\n<meta property=\"og:image\" content=\"https:\/\/dicodusport.fr\/blog\/wp-content\/uploads\/2022\/04\/Biathlon-Chloe-Chevalier-championne-de-France-sur-la-mass-start.png\" \/>\n\t<meta property=\"og:image:width\" content=\"800\" \/>\n\t<meta property=\"og:image:height\" content=\"445\" \/>\n\t<meta property=\"og:image:type\" content=\"image\/png\" \/>\n<meta name=\"author\" content=\"Flo Ostermann\" \/>\n<meta name=\"twitter:card\" content=\"summary_large_image\" \/>\n<meta name=\"twitter:title\" content=\"Biathlon : Chlo\u00e9 Chevalier championne de France sur la mass start\" \/>\n<meta name=\"twitter:creator\" content=\"@https:\/\/twitter.com\/FlOstermann\" \/>\n<meta name=\"twitter:site\" content=\"@dicodusport\" \/>\n<script type=\"application\/ld+json\" class=\"yoast-schema-graph\">{\"@context\":\"https:\/\/schema.org\",\"@graph\":[{\"@type\":\"NewsArticle\",\"@id\":\"https:\/\/dicodusport.fr\/blog\/biathlon-chloe-chevalier-championne-de-france-mass-start\/#article\",\"isPartOf\":{\"@id\":\"https:\/\/dicodusport.fr\/blog\/biathlon-chloe-chevalier-championne-de-france-mass-start\/\"},\"author\":{\"name\":\"Flo Ostermann\",\"@id\":\"https:\/\/dicodusport.fr\/blog\/#\/schema\/person\/cb02af4c173ce4a653b55e9baf388d4a\"},\"headline\":\"Biathlon : Chlo\u00e9 Chevalier championne de France sur la mass start\",\"datePublished\":\"2022-04-02T14:14:54+00:00\",\"dateModified\":\"2022-04-02T14:41:25+00:00\",\"mainEntityOfPage\":{\"@id\":\"https:\/\/dicodusport.fr\/blog\/biathlon-chloe-chevalier-championne-de-france-mass-start\/\"},\"wordCount\":288,\"commentCount\":0,\"publisher\":{\"@id\":\"https:\/\/dicodusport.fr\/blog\/#organization\"},\"image\":{\"@id\":\"https:\/\/dicodusport.fr\/blog\/biathlon-chloe-chevalier-championne-de-france-mass-start\/#primaryimage\"},\"thumbnailUrl\":\"https:\/\/dicodusport.fr\/blog\/wp-content\/uploads\/2022\/04\/Biathlon-Chloe-Chevalier-championne-de-France-sur-la-mass-start.png\",\"keywords\":[\"Biathlon\",\"Championnats de France de biathlon\"],\"articleSection\":[\"Billard\"],\"inLanguage\":\"fr-FR\",\"potentialAction\":[{\"@type\":\"CommentAction\",\"name\":\"Comment\",\"target\":[\"https:\/\/dicodusport.fr\/blog\/biathlon-chloe-chevalier-championne-de-france-mass-start\/#respond\"]}],\"copyrightYear\":\"2022\",\"copyrightHolder\":{\"@id\":\"https:\/\/dicodusport.fr\/blog\/#organization\"}},{\"@type\":\"WebPage\",\"@id\":\"https:\/\/dicodusport.fr\/blog\/biathlon-chloe-chevalier-championne-de-france-mass-start\/\",\"url\":\"https:\/\/dicodusport.fr\/blog\/biathlon-chloe-chevalier-championne-de-france-mass-start\/\",\"name\":\"Biathlon : Chlo\u00e9 Chevalier championne de France sur la mass start\",\"isPartOf\":{\"@id\":\"https:\/\/dicodusport.fr\/blog\/#website\"},\"primaryImageOfPage\":{\"@id\":\"https:\/\/dicodusport.fr\/blog\/biathlon-chloe-chevalier-championne-de-france-mass-start\/#primaryimage\"},\"image\":{\"@id\":\"https:\/\/dicodusport.fr\/blog\/biathlon-chloe-chevalier-championne-de-france-mass-start\/#primaryimage\"},\"thumbnailUrl\":\"https:\/\/dicodusport.fr\/blog\/wp-content\/uploads\/2022\/04\/Biathlon-Chloe-Chevalier-championne-de-France-sur-la-mass-start.png\",\"datePublished\":\"2022-04-02T14:14:54+00:00\",\"dateModified\":\"2022-04-02T14:41:25+00:00\",\"description\":\"CHAMPIONNATS DE FRANCE DE BIATHLON 2022 - Sur le site des Tuffes \u00e0 Pr\u00e9manon, le titre national de la mass start est revenu \u00e0 Chlo\u00e9 Chevalier.\",\"breadcrumb\":{\"@id\":\"https:\/\/dicodusport.fr\/blog\/biathlon-chloe-chevalier-championne-de-france-mass-start\/#breadcrumb\"},\"inLanguage\":\"fr-FR\",\"potentialAction\":[{\"@type\":\"ReadAction\",\"target\":[\"https:\/\/dicodusport.fr\/blog\/biathlon-chloe-chevalier-championne-de-france-mass-start\/\"]}]},{\"@type\":\"ImageObject\",\"inLanguage\":\"fr-FR\",\"@id\":\"https:\/\/dicodusport.fr\/blog\/biathlon-chloe-chevalier-championne-de-france-mass-start\/#primaryimage\",\"url\":\"https:\/\/dicodusport.fr\/blog\/wp-content\/uploads\/2022\/04\/Biathlon-Chloe-Chevalier-championne-de-France-sur-la-mass-start.png\",\"contentUrl\":\"https:\/\/dicodusport.fr\/blog\/wp-content\/uploads\/2022\/04\/Biathlon-Chloe-Chevalier-championne-de-France-sur-la-mass-start.png\",\"width\":800,\"height\":445,\"caption\":\"Chlo\u00e9 Chevalier - Photo Icon Sport\"},{\"@type\":\"BreadcrumbList\",\"@id\":\"https:\/\/dicodusport.fr\/blog\/biathlon-chloe-chevalier-championne-de-france-mass-start\/#breadcrumb\",\"itemListElement\":[{\"@type\":\"ListItem\",\"position\":1,\"name\":\"Accueil\",\"item\":\"https:\/\/dicodusport.fr\/blog\/\"},{\"@type\":\"ListItem\",\"position\":2,\"name\":\"Biathlon : Chlo\u00e9 Chevalier championne de France sur la mass start\"}]},{\"@type\":\"WebSite\",\"@id\":\"https:\/\/dicodusport.fr\/blog\/#website\",\"url\":\"https:\/\/dicodusport.fr\/blog\/\",\"name\":\"Dicodusport\",\"description\":\"L&#039;encyclop\u00e9die de l&#039;actualit\u00e9 sportive\",\"publisher\":{\"@id\":\"https:\/\/dicodusport.fr\/blog\/#organization\"},\"potentialAction\":[{\"@type\":\"SearchAction\",\"target\":{\"@type\":\"EntryPoint\",\"urlTemplate\":\"https:\/\/dicodusport.fr\/blog\/?s={search_term_string}\"},\"query-input\":{\"@type\":\"PropertyValueSpecification\",\"valueRequired\":true,\"valueName\":\"search_term_string\"}}],\"inLanguage\":\"fr-FR\"},{\"@type\":\"NewsMediaOrganization\",\"@id\":\"https:\/\/dicodusport.fr\/blog\/#organization\",\"name\":\"Dicodusport\",\"url\":\"https:\/\/dicodusport.fr\/blog\/\",\"logo\":{\"@type\":\"ImageObject\",\"inLanguage\":\"fr-FR\",\"@id\":\"https:\/\/dicodusport.fr\/blog\/#\/schema\/logo\/image\/\",\"url\":\"https:\/\/dicodusport.fr\/blog\/wp-content\/uploads\/2020\/06\/cropped-LOGO-DICODUSPORT-2020-SANS-FOND-SANS-TEXTE.png\",\"contentUrl\":\"https:\/\/dicodusport.fr\/blog\/wp-content\/uploads\/2020\/06\/cropped-LOGO-DICODUSPORT-2020-SANS-FOND-SANS-TEXTE.png\",\"width\":512,\"height\":512,\"caption\":\"Dicodusport\"},\"image\":{\"@id\":\"https:\/\/dicodusport.fr\/blog\/#\/schema\/logo\/image\/\"},\"sameAs\":[\"https:\/\/www.facebook.com\/dicodusport\",\"https:\/\/x.com\/dicodusport\",\"https:\/\/www.instagram.com\/dicodusport\/\",\"https:\/\/www.youtube.com\/channel\/UC7V2KZ5sd3htJivAbA4ZG3w\"],\"description\":\"Dicodusport est l'encyclop\u00e9die de l'actualit\u00e9 sportive.\",\"email\":\"bonjour@dicodusport.fr\",\"legalName\":\"DICODUSPORT\",\"foundingDate\":\"2018-01-14\",\"vatID\":\"FR71834470973\",\"taxID\":\"83447097300043\",\"numberOfEmployees\":{\"@type\":\"QuantitativeValue\",\"minValue\":\"1\",\"maxValue\":\"10\"}},{\"@type\":\"Person\",\"@id\":\"https:\/\/dicodusport.fr\/blog\/#\/schema\/person\/cb02af4c173ce4a653b55e9baf388d4a\",\"name\":\"Flo Ostermann\",\"image\":{\"@type\":\"ImageObject\",\"inLanguage\":\"fr-FR\",\"@id\":\"https:\/\/dicodusport.fr\/blog\/#\/schema\/person\/image\/\",\"url\":\"https:\/\/dicodusport.fr\/blog\/wp-content\/uploads\/2021\/05\/Flo-Ostermann-150x150.jpg\",\"contentUrl\":\"https:\/\/dicodusport.fr\/blog\/wp-content\/uploads\/2021\/05\/Flo-Ostermann-150x150.jpg\",\"caption\":\"Flo Ostermann\"},\"description\":\"Journaliste\/R\u00e9dacteur depuis septembre 2015 - Mes premiers souvenirs dans le sport ? Les envol\u00e9es du Stade Toulousain et les duels Villeneuve-Schumacher et H\u00e4kkinen-Schumacher \u00e0 la fin des ann\u00e9es 90, la Coupe du monde de football en 1998, l\u2019exploit du XV de France face aux All Blacks en 1999, mais aussi Richard C\u0153ur de Lion qui vole sur les montagnes du Tour de France. Bien parti pour devenir professeur d\u2019EPS, les \u00e9v\u00e9nements de la vie (et la flemme d\u2019animer des s\u00e9ances de 3x500 m\u00e8tres toute ma vie) m\u2019ont conduit \u00e0 revoir mes plans. Me voil\u00e0 depuis fin 2017 sur Dicodusport, m\u00e9dia gr\u00e2ce (et pour) lequel je partage ma passion : le sport dans tous ses \u00e9tats. Le tout accompagn\u00e9 par les fous furieux et folles furieuses cit\u00e9s sur cette page !\",\"sameAs\":[\"https:\/\/www.facebook.com\/florent.ostermann\",\"https:\/\/x.com\/https:\/\/twitter.com\/FlOstermann\",\"admin\"],\"url\":\"https:\/\/dicodusport.fr\/blog\/author\/flo\/\"}]}<\/script>\n<!-- \/ Yoast SEO Premium plugin. -->","yoast_head_json":{"title":"Biathlon : Chlo\u00e9 Chevalier championne de France sur la mass start","description":"CHAMPIONNATS DE FRANCE DE BIATHLON 2022 - Sur le site des Tuffes \u00e0 Pr\u00e9manon, le titre national de la mass start est revenu \u00e0 Chlo\u00e9 Chevalier.","robots":{"index":"index","follow":"follow","max-snippet":"max-snippet:-1","max-image-preview":"max-image-preview:large","max-video-preview":"max-video-preview:-1"},"canonical":"https:\/\/dicodusport.fr\/blog\/biathlon-chloe-chevalier-championne-de-france-mass-start\/","og_locale":"fr_FR","og_type":"article","og_title":"Biathlon : Chlo\u00e9 Chevalier championne de France sur la mass start","og_description":"CHAMPIONNATS DE FRANCE DE BIATHLON 2022 - Sur le site des Tuffes \u00e0 Pr\u00e9manon, le titre national de la mass start est revenu \u00e0 Chlo\u00e9 Chevalier.","og_url":"https:\/\/dicodusport.fr\/blog\/biathlon-chloe-chevalier-championne-de-france-mass-start\/","og_site_name":"Dicodusport","article_publisher":"https:\/\/www.facebook.com\/dicodusport","article_author":"https:\/\/www.facebook.com\/florent.ostermann","article_published_time":"2022-04-02T14:14:54+00:00","article_modified_time":"2022-04-02T14:41:25+00:00","og_image":[{"width":800,"height":445,"url":"https:\/\/dicodusport.fr\/blog\/wp-content\/uploads\/2022\/04\/Biathlon-Chloe-Chevalier-championne-de-France-sur-la-mass-start.png","type":"image\/png"}],"author":"Flo Ostermann","twitter_card":"summary_large_image","twitter_title":"Biathlon : Chlo\u00e9 Chevalier championne de France sur la mass start","twitter_creator":"@https:\/\/twitter.com\/FlOstermann","twitter_site":"@dicodusport","schema":{"@context":"https:\/\/schema.org","@graph":[{"@type":"NewsArticle","@id":"https:\/\/dicodusport.fr\/blog\/biathlon-chloe-chevalier-championne-de-france-mass-start\/#article","isPartOf":{"@id":"https:\/\/dicodusport.fr\/blog\/biathlon-chloe-chevalier-championne-de-france-mass-start\/"},"author":{"name":"Flo Ostermann","@id":"https:\/\/dicodusport.fr\/blog\/#\/schema\/person\/cb02af4c173ce4a653b55e9baf388d4a"},"headline":"Biathlon : Chlo\u00e9 Chevalier championne de France sur la mass start","datePublished":"2022-04-02T14:14:54+00:00","dateModified":"2022-04-02T14:41:25+00:00","mainEntityOfPage":{"@id":"https:\/\/dicodusport.fr\/blog\/biathlon-chloe-chevalier-championne-de-france-mass-start\/"},"wordCount":288,"commentCount":0,"publisher":{"@id":"https:\/\/dicodusport.fr\/blog\/#organization"},"image":{"@id":"https:\/\/dicodusport.fr\/blog\/biathlon-chloe-chevalier-championne-de-france-mass-start\/#primaryimage"},"thumbnailUrl":"https:\/\/dicodusport.fr\/blog\/wp-content\/uploads\/2022\/04\/Biathlon-Chloe-Chevalier-championne-de-France-sur-la-mass-start.png","keywords":["Biathlon","Championnats de France de biathlon"],"articleSection":["Billard"],"inLanguage":"fr-FR","potentialAction":[{"@type":"CommentAction","name":"Comment","target":["https:\/\/dicodusport.fr\/blog\/biathlon-chloe-chevalier-championne-de-france-mass-start\/#respond"]}],"copyrightYear":"2022","copyrightHolder":{"@id":"https:\/\/dicodusport.fr\/blog\/#organization"}},{"@type":"WebPage","@id":"https:\/\/dicodusport.fr\/blog\/biathlon-chloe-chevalier-championne-de-france-mass-start\/","url":"https:\/\/dicodusport.fr\/blog\/biathlon-chloe-chevalier-championne-de-france-mass-start\/","name":"Biathlon : Chlo\u00e9 Chevalier championne de France sur la mass start","isPartOf":{"@id":"https:\/\/dicodusport.fr\/blog\/#website"},"primaryImageOfPage":{"@id":"https:\/\/dicodusport.fr\/blog\/biathlon-chloe-chevalier-championne-de-france-mass-start\/#primaryimage"},"image":{"@id":"https:\/\/dicodusport.fr\/blog\/biathlon-chloe-chevalier-championne-de-france-mass-start\/#primaryimage"},"thumbnailUrl":"https:\/\/dicodusport.fr\/blog\/wp-content\/uploads\/2022\/04\/Biathlon-Chloe-Chevalier-championne-de-France-sur-la-mass-start.png","datePublished":"2022-04-02T14:14:54+00:00","dateModified":"2022-04-02T14:41:25+00:00","description":"CHAMPIONNATS DE FRANCE DE BIATHLON 2022 - Sur le site des Tuffes \u00e0 Pr\u00e9manon, le titre national de la mass start est revenu \u00e0 Chlo\u00e9 Chevalier.","breadcrumb":{"@id":"https:\/\/dicodusport.fr\/blog\/biathlon-chloe-chevalier-championne-de-france-mass-start\/#breadcrumb"},"inLanguage":"fr-FR","potentialAction":[{"@type":"ReadAction","target":["https:\/\/dicodusport.fr\/blog\/biathlon-chloe-chevalier-championne-de-france-mass-start\/"]}]},{"@type":"ImageObject","inLanguage":"fr-FR","@id":"https:\/\/dicodusport.fr\/blog\/biathlon-chloe-chevalier-championne-de-france-mass-start\/#primaryimage","url":"https:\/\/dicodusport.fr\/blog\/wp-content\/uploads\/2022\/04\/Biathlon-Chloe-Chevalier-championne-de-France-sur-la-mass-start.png","contentUrl":"https:\/\/dicodusport.fr\/blog\/wp-content\/uploads\/2022\/04\/Biathlon-Chloe-Chevalier-championne-de-France-sur-la-mass-start.png","width":800,"height":445,"caption":"Chlo\u00e9 Chevalier - Photo Icon Sport"},{"@type":"BreadcrumbList","@id":"https:\/\/dicodusport.fr\/blog\/biathlon-chloe-chevalier-championne-de-france-mass-start\/#breadcrumb","itemListElement":[{"@type":"ListItem","position":1,"name":"Accueil","item":"https:\/\/dicodusport.fr\/blog\/"},{"@type":"ListItem","position":2,"name":"Biathlon : Chlo\u00e9 Chevalier championne de France sur la mass start"}]},{"@type":"WebSite","@id":"https:\/\/dicodusport.fr\/blog\/#website","url":"https:\/\/dicodusport.fr\/blog\/","name":"Dicodusport","description":"L&#039;encyclop\u00e9die de l&#039;actualit\u00e9 sportive","publisher":{"@id":"https:\/\/dicodusport.fr\/blog\/#organization"},"potentialAction":[{"@type":"SearchAction","target":{"@type":"EntryPoint","urlTemplate":"https:\/\/dicodusport.fr\/blog\/?s={search_term_string}"},"query-input":{"@type":"PropertyValueSpecification","valueRequired":true,"valueName":"search_term_string"}}],"inLanguage":"fr-FR"},{"@type":"NewsMediaOrganization","@id":"https:\/\/dicodusport.fr\/blog\/#organization","name":"Dicodusport","url":"https:\/\/dicodusport.fr\/blog\/","logo":{"@type":"ImageObject","inLanguage":"fr-FR","@id":"https:\/\/dicodusport.fr\/blog\/#\/schema\/logo\/image\/","url":"https:\/\/dicodusport.fr\/blog\/wp-content\/uploads\/2020\/06\/cropped-LOGO-DICODUSPORT-2020-SANS-FOND-SANS-TEXTE.png","contentUrl":"https:\/\/dicodusport.fr\/blog\/wp-content\/uploads\/2020\/06\/cropped-LOGO-DICODUSPORT-2020-SANS-FOND-SANS-TEXTE.png","width":512,"height":512,"caption":"Dicodusport"},"image":{"@id":"https:\/\/dicodusport.fr\/blog\/#\/schema\/logo\/image\/"},"sameAs":["https:\/\/www.facebook.com\/dicodusport","https:\/\/x.com\/dicodusport","https:\/\/www.instagram.com\/dicodusport\/","https:\/\/www.youtube.com\/channel\/UC7V2KZ5sd3htJivAbA4ZG3w"],"description":"Dicodusport est l'encyclop\u00e9die de l'actualit\u00e9 sportive.","email":"bonjour@dicodusport.fr","legalName":"DICODUSPORT","foundingDate":"2018-01-14","vatID":"FR71834470973","taxID":"83447097300043","numberOfEmployees":{"@type":"QuantitativeValue","minValue":"1","maxValue":"10"}},{"@type":"Person","@id":"https:\/\/dicodusport.fr\/blog\/#\/schema\/person\/cb02af4c173ce4a653b55e9baf388d4a","name":"Flo Ostermann","image":{"@type":"ImageObject","inLanguage":"fr-FR","@id":"https:\/\/dicodusport.fr\/blog\/#\/schema\/person\/image\/","url":"https:\/\/dicodusport.fr\/blog\/wp-content\/uploads\/2021\/05\/Flo-Ostermann-150x150.jpg","contentUrl":"https:\/\/dicodusport.fr\/blog\/wp-content\/uploads\/2021\/05\/Flo-Ostermann-150x150.jpg","caption":"Flo Ostermann"},"description":"Journaliste\/R\u00e9dacteur depuis septembre 2015 - Mes premiers souvenirs dans le sport ? Les envol\u00e9es du Stade Toulousain et les duels Villeneuve-Schumacher et H\u00e4kkinen-Schumacher \u00e0 la fin des ann\u00e9es 90, la Coupe du monde de football en 1998, l\u2019exploit du XV de France face aux All Blacks en 1999, mais aussi Richard C\u0153ur de Lion qui vole sur les montagnes du Tour de France. Bien parti pour devenir professeur d\u2019EPS, les \u00e9v\u00e9nements de la vie (et la flemme d\u2019animer des s\u00e9ances de 3x500 m\u00e8tres toute ma vie) m\u2019ont conduit \u00e0 revoir mes plans. Me voil\u00e0 depuis fin 2017 sur Dicodusport, m\u00e9dia gr\u00e2ce (et pour) lequel je partage ma passion : le sport dans tous ses \u00e9tats. Le tout accompagn\u00e9 par les fous furieux et folles furieuses cit\u00e9s sur cette page !","sameAs":["https:\/\/www.facebook.com\/florent.ostermann","https:\/\/x.com\/https:\/\/twitter.com\/FlOstermann","admin"],"url":"https:\/\/dicodusport.fr\/blog\/author\/flo\/"}]}},"_links":{"self":[{"href":"https:\/\/dicodusport.fr\/blog\/wp-json\/wp\/v2\/posts\/212886","targetHints":{"allow":["GET"]}}],"collection":[{"href":"https:\/\/dicodusport.fr\/blog\/wp-json\/wp\/v2\/posts"}],"about":[{"href":"https:\/\/dicodusport.fr\/blog\/wp-json\/wp\/v2\/types\/post"}],"author":[{"embeddable":true,"href":"https:\/\/dicodusport.fr\/blog\/wp-json\/wp\/v2\/users\/4"}],"replies":[{"embeddable":true,"href":"https:\/\/dicodusport.fr\/blog\/wp-json\/wp\/v2\/comments?post=212886"}],"version-history":[{"count":0,"href":"https:\/\/dicodusport.fr\/blog\/wp-json\/wp\/v2\/posts\/212886\/revisions"}],"wp:featuredmedia":[{"embeddable":true,"href":"https:\/\/dicodusport.fr\/blog\/wp-json\/wp\/v2\/media\/212893"}],"wp:attachment":[{"href":"https:\/\/dicodusport.fr\/blog\/wp-json\/wp\/v2\/media?parent=212886"}],"wp:term":[{"taxonomy":"category","embeddable":true,"href":"https:\/\/dicodusport.fr\/blog\/wp-json\/wp\/v2\/categories?post=212886"},{"taxonomy":"post_tag","embeddable":true,"href":"https:\/\/dicodusport.fr\/blog\/wp-json\/wp\/v2\/tags?post=212886"}],"curies":[{"name":"wp","href":"https:\/\/api.w.org\/{rel}","templated":true}]}}