{"id":213390,"date":"2022-04-04T10:53:35","date_gmt":"2022-04-04T08:53:35","guid":{"rendered":"https:\/\/dicodusport.fr\/blog\/?p=213390&#038;preview=true&#038;preview_id=213390"},"modified":"2022-04-04T11:12:35","modified_gmt":"2022-04-04T09:12:35","slug":"lusap-vise-un-arriere-de-pro-d2-pour-remplacer-melvyn-jaminet","status":"publish","type":"post","link":"https:\/\/dicodusport.fr\/blog\/lusap-vise-un-arriere-de-pro-d2-pour-remplacer-melvyn-jaminet\/","title":{"rendered":"L&rsquo;USAP vise un arri\u00e8re de Pro D2 pour remplacer Melvyn Jaminet"},"content":{"rendered":"<p style=\"text-align: justify;\"><b><i>TOP 14 \/ PRO D2 &#8211; M\u00eame si le d\u00e9part de Melvyn Jaminet n&rsquo;est pas encore officiel, l&rsquo;USAP s&rsquo;active pour recruter au moins un arri\u00e8re pour la saison prochaine.\u00a0<\/i><\/b><\/p>\n<p style=\"text-align: justify;\">Selon le <em>Midi Olympique<\/em>, Perpignan, qui devrait jouer son maintien en Top 14 lors d&rsquo;un match de barrages dans quelques semaines, est sur la piste de <strong>Boris Goutard<\/strong>, arri\u00e8re de Narbonne. M\u00eame si son club est en difficult\u00e9 cette saison, l&rsquo;arri\u00e8re de 23 ans r\u00e9alise des grosses performances et a d\u00e9j\u00e0 disput\u00e9 15 matchs dont 12 comme titulaire. Pour le moment, rien n&rsquo;est act\u00e9, mais l&rsquo;USAP travaille sur ce dossier.<\/p>\n<p style=\"text-align: justify;\">\u00c0 noter que <a href=\"https:\/\/dicodusport.fr\/blog\/usap-veut-un-deuxieme-ligne-du-castres-olympique\/\">la piste menant \u00e0 <strong>Jack Wetthon<\/strong><\/a>, le deuxi\u00e8me ligne castrais, s&rsquo;est refroidie : il ne devrait pas rejoindre Perpignan pour la saison prochaine.<\/p>\n<blockquote class=\"twitter-tweet\">\n<p dir=\"ltr\" lang=\"fr\">Toulon, quelle le\u00e7on en Une de votre journal, d\u00e8s demain dans vos kiosques ! &#x1f4f0;<\/p>\n<p>Pour lire d\u00e8s maintenant l&rsquo;\u00e9dition num\u00e9rique &gt; <a href=\"https:\/\/t.co\/Ximv0w2YqZ\">https:\/\/t.co\/Ximv0w2YqZ<\/a> &#x1f4f2; <a href=\"https:\/\/t.co\/pWaj80EJdd\">pic.twitter.com\/pWaj80EJdd<\/a><\/p>\n<p>\u2014 Midi Olympique (@midi_olympique) <a href=\"https:\/\/twitter.com\/midi_olympique\/status\/1510731756722393090?ref_src=twsrc%5Etfw\">April 3, 2022<\/a><\/p><\/blockquote>\n<p style=\"text-align: justify;\"><script async src=\"https:\/\/platform.twitter.com\/widgets.js\" charset=\"utf-8\"><\/script><\/p>\n","protected":false},"excerpt":{"rendered":"<p>TOP 14 \/ PRO D2 &#8211; M\u00eame si le d\u00e9part de Melvyn Jaminet n&rsquo;est pas encore officiel, l&rsquo;USAP s&rsquo;active pour recruter au moins un arri\u00e8re pour la saison prochaine.\u00a0<\/p>\n","protected":false},"author":1,"featured_media":213396,"comment_status":"open","ping_status":"closed","sticky":false,"template":"","format":"standard","meta":{"_acf_changed":false,"_daextam_enable_autolinks":"","footnotes":""},"categories":[47050],"tags":[4765],"class_list":["post-213390","post","type-post","status-publish","format-standard","has-post-thumbnail","hentry","category-top-14","tag-usap"],"acf":[],"yoast_head":"<!-- This site is optimized with the Yoast SEO Premium plugin v26.7 (Yoast SEO v26.7) - https:\/\/yoast.com\/wordpress\/plugins\/seo\/ -->\n<title>L&#039;USAP vise un arri\u00e8re de Pro D2 pour remplacer Melvyn Jaminet<\/title>\n<meta name=\"description\" content=\"TOP 14 \/ PRO D2 - M\u00eame si le d\u00e9part de Melvyn Jaminet n&#039;est pas encore officiel, l&#039;USAP s&#039;active pour recruter au moins un arri\u00e8re.\" \/>\n<meta name=\"robots\" content=\"index, follow, max-snippet:-1, max-image-preview:large, max-video-preview:-1\" \/>\n<link rel=\"canonical\" href=\"https:\/\/dicodusport.fr\/blog\/lusap-vise-un-arriere-de-pro-d2-pour-remplacer-melvyn-jaminet\/\" \/>\n<meta property=\"og:locale\" content=\"fr_FR\" \/>\n<meta property=\"og:type\" content=\"article\" \/>\n<meta property=\"og:title\" content=\"L&#039;USAP vise un arri\u00e8re de Pro D2 pour remplacer Melvyn Jaminet\" \/>\n<meta property=\"og:description\" content=\"TOP 14 \/ PRO D2 - M\u00eame si le d\u00e9part de Melvyn Jaminet n&#039;est pas encore officiel, l&#039;USAP s&#039;active pour recruter au moins un arri\u00e8re.\" \/>\n<meta property=\"og:url\" content=\"https:\/\/dicodusport.fr\/blog\/lusap-vise-un-arriere-de-pro-d2-pour-remplacer-melvyn-jaminet\/\" \/>\n<meta property=\"og:site_name\" content=\"Dicodusport\" \/>\n<meta property=\"article:publisher\" content=\"https:\/\/www.facebook.com\/dicodusport\" \/>\n<meta property=\"article:author\" content=\"https:\/\/www.facebook.com\/dicodusport\" \/>\n<meta property=\"article:published_time\" content=\"2022-04-04T08:53:35+00:00\" \/>\n<meta property=\"article:modified_time\" content=\"2022-04-04T09:12:35+00:00\" \/>\n<meta property=\"og:image\" content=\"https:\/\/dicodusport.fr\/blog\/wp-content\/uploads\/2022\/04\/LUSAP-vise-un-arrie\u0300re-de-Pro-D2-pour-remplacer-Melvyn-Jaminet.png\" \/>\n\t<meta property=\"og:image:width\" content=\"800\" \/>\n\t<meta property=\"og:image:height\" content=\"445\" \/>\n\t<meta property=\"og:image:type\" content=\"image\/png\" \/>\n<meta name=\"author\" content=\"Nicolas Jacquemard\" \/>\n<meta name=\"twitter:card\" content=\"summary_large_image\" \/>\n<meta name=\"twitter:title\" content=\"L&#039;USAP vise un arri\u00e8re de Pro D2 pour remplacer Melvyn Jaminet\" \/>\n<meta name=\"twitter:creator\" content=\"@https:\/\/twitter.com\/Nico_Jacquemard\" \/>\n<meta name=\"twitter:site\" content=\"@dicodusport\" \/>\n<script type=\"application\/ld+json\" class=\"yoast-schema-graph\">{\"@context\":\"https:\/\/schema.org\",\"@graph\":[{\"@type\":\"NewsArticle\",\"@id\":\"https:\/\/dicodusport.fr\/blog\/lusap-vise-un-arriere-de-pro-d2-pour-remplacer-melvyn-jaminet\/#article\",\"isPartOf\":{\"@id\":\"https:\/\/dicodusport.fr\/blog\/lusap-vise-un-arriere-de-pro-d2-pour-remplacer-melvyn-jaminet\/\"},\"author\":{\"name\":\"Nicolas Jacquemard\",\"@id\":\"https:\/\/dicodusport.fr\/blog\/#\/schema\/person\/55dcb50ad410894e431ed812bbb70191\"},\"headline\":\"L&rsquo;USAP vise un arri\u00e8re de Pro D2 pour remplacer Melvyn Jaminet\",\"datePublished\":\"2022-04-04T08:53:35+00:00\",\"dateModified\":\"2022-04-04T09:12:35+00:00\",\"mainEntityOfPage\":{\"@id\":\"https:\/\/dicodusport.fr\/blog\/lusap-vise-un-arriere-de-pro-d2-pour-remplacer-melvyn-jaminet\/\"},\"wordCount\":193,\"commentCount\":0,\"publisher\":{\"@id\":\"https:\/\/dicodusport.fr\/blog\/#organization\"},\"image\":{\"@id\":\"https:\/\/dicodusport.fr\/blog\/lusap-vise-un-arriere-de-pro-d2-pour-remplacer-melvyn-jaminet\/#primaryimage\"},\"thumbnailUrl\":\"https:\/\/dicodusport.fr\/blog\/wp-content\/uploads\/2022\/04\/LUSAP-vise-un-arrie\u0300re-de-Pro-D2-pour-remplacer-Melvyn-Jaminet.png\",\"keywords\":[\"USAP\"],\"articleSection\":[\"Top 14\"],\"inLanguage\":\"fr-FR\",\"potentialAction\":[{\"@type\":\"CommentAction\",\"name\":\"Comment\",\"target\":[\"https:\/\/dicodusport.fr\/blog\/lusap-vise-un-arriere-de-pro-d2-pour-remplacer-melvyn-jaminet\/#respond\"]}],\"copyrightYear\":\"2022\",\"copyrightHolder\":{\"@id\":\"https:\/\/dicodusport.fr\/blog\/#organization\"}},{\"@type\":\"WebPage\",\"@id\":\"https:\/\/dicodusport.fr\/blog\/lusap-vise-un-arriere-de-pro-d2-pour-remplacer-melvyn-jaminet\/\",\"url\":\"https:\/\/dicodusport.fr\/blog\/lusap-vise-un-arriere-de-pro-d2-pour-remplacer-melvyn-jaminet\/\",\"name\":\"L'USAP vise un arri\u00e8re de Pro D2 pour remplacer Melvyn Jaminet\",\"isPartOf\":{\"@id\":\"https:\/\/dicodusport.fr\/blog\/#website\"},\"primaryImageOfPage\":{\"@id\":\"https:\/\/dicodusport.fr\/blog\/lusap-vise-un-arriere-de-pro-d2-pour-remplacer-melvyn-jaminet\/#primaryimage\"},\"image\":{\"@id\":\"https:\/\/dicodusport.fr\/blog\/lusap-vise-un-arriere-de-pro-d2-pour-remplacer-melvyn-jaminet\/#primaryimage\"},\"thumbnailUrl\":\"https:\/\/dicodusport.fr\/blog\/wp-content\/uploads\/2022\/04\/LUSAP-vise-un-arrie\u0300re-de-Pro-D2-pour-remplacer-Melvyn-Jaminet.png\",\"datePublished\":\"2022-04-04T08:53:35+00:00\",\"dateModified\":\"2022-04-04T09:12:35+00:00\",\"description\":\"TOP 14 \/ PRO D2 - M\u00eame si le d\u00e9part de Melvyn Jaminet n'est pas encore officiel, l'USAP s'active pour recruter au moins un arri\u00e8re.\",\"breadcrumb\":{\"@id\":\"https:\/\/dicodusport.fr\/blog\/lusap-vise-un-arriere-de-pro-d2-pour-remplacer-melvyn-jaminet\/#breadcrumb\"},\"inLanguage\":\"fr-FR\",\"potentialAction\":[{\"@type\":\"ReadAction\",\"target\":[\"https:\/\/dicodusport.fr\/blog\/lusap-vise-un-arriere-de-pro-d2-pour-remplacer-melvyn-jaminet\/\"]}]},{\"@type\":\"ImageObject\",\"inLanguage\":\"fr-FR\",\"@id\":\"https:\/\/dicodusport.fr\/blog\/lusap-vise-un-arriere-de-pro-d2-pour-remplacer-melvyn-jaminet\/#primaryimage\",\"url\":\"https:\/\/dicodusport.fr\/blog\/wp-content\/uploads\/2022\/04\/LUSAP-vise-un-arrie\u0300re-de-Pro-D2-pour-remplacer-Melvyn-Jaminet.png\",\"contentUrl\":\"https:\/\/dicodusport.fr\/blog\/wp-content\/uploads\/2022\/04\/LUSAP-vise-un-arrie\u0300re-de-Pro-D2-pour-remplacer-Melvyn-Jaminet.png\",\"width\":800,\"height\":445},{\"@type\":\"BreadcrumbList\",\"@id\":\"https:\/\/dicodusport.fr\/blog\/lusap-vise-un-arriere-de-pro-d2-pour-remplacer-melvyn-jaminet\/#breadcrumb\",\"itemListElement\":[{\"@type\":\"ListItem\",\"position\":1,\"name\":\"Accueil\",\"item\":\"https:\/\/dicodusport.fr\/blog\/\"},{\"@type\":\"ListItem\",\"position\":2,\"name\":\"L&rsquo;USAP vise un arri\u00e8re de Pro D2 pour remplacer Melvyn Jaminet\"}]},{\"@type\":\"WebSite\",\"@id\":\"https:\/\/dicodusport.fr\/blog\/#website\",\"url\":\"https:\/\/dicodusport.fr\/blog\/\",\"name\":\"Dicodusport\",\"description\":\"L&#039;encyclop\u00e9die de l&#039;actualit\u00e9 sportive\",\"publisher\":{\"@id\":\"https:\/\/dicodusport.fr\/blog\/#organization\"},\"potentialAction\":[{\"@type\":\"SearchAction\",\"target\":{\"@type\":\"EntryPoint\",\"urlTemplate\":\"https:\/\/dicodusport.fr\/blog\/?s={search_term_string}\"},\"query-input\":{\"@type\":\"PropertyValueSpecification\",\"valueRequired\":true,\"valueName\":\"search_term_string\"}}],\"inLanguage\":\"fr-FR\"},{\"@type\":\"NewsMediaOrganization\",\"@id\":\"https:\/\/dicodusport.fr\/blog\/#organization\",\"name\":\"Dicodusport\",\"url\":\"https:\/\/dicodusport.fr\/blog\/\",\"logo\":{\"@type\":\"ImageObject\",\"inLanguage\":\"fr-FR\",\"@id\":\"https:\/\/dicodusport.fr\/blog\/#\/schema\/logo\/image\/\",\"url\":\"https:\/\/dicodusport.fr\/blog\/wp-content\/uploads\/2020\/06\/cropped-LOGO-DICODUSPORT-2020-SANS-FOND-SANS-TEXTE.png\",\"contentUrl\":\"https:\/\/dicodusport.fr\/blog\/wp-content\/uploads\/2020\/06\/cropped-LOGO-DICODUSPORT-2020-SANS-FOND-SANS-TEXTE.png\",\"width\":512,\"height\":512,\"caption\":\"Dicodusport\"},\"image\":{\"@id\":\"https:\/\/dicodusport.fr\/blog\/#\/schema\/logo\/image\/\"},\"sameAs\":[\"https:\/\/www.facebook.com\/dicodusport\",\"https:\/\/x.com\/dicodusport\",\"https:\/\/www.instagram.com\/dicodusport\/\",\"https:\/\/www.youtube.com\/channel\/UC7V2KZ5sd3htJivAbA4ZG3w\"],\"description\":\"Dicodusport est l'encyclop\u00e9die de l'actualit\u00e9 sportive.\",\"email\":\"bonjour@dicodusport.fr\",\"legalName\":\"DICODUSPORT\",\"foundingDate\":\"2018-01-14\",\"vatID\":\"FR71834470973\",\"taxID\":\"83447097300043\",\"numberOfEmployees\":{\"@type\":\"QuantitativeValue\",\"minValue\":\"1\",\"maxValue\":\"10\"}},{\"@type\":\"Person\",\"@id\":\"https:\/\/dicodusport.fr\/blog\/#\/schema\/person\/55dcb50ad410894e431ed812bbb70191\",\"name\":\"Nicolas Jacquemard\",\"image\":{\"@type\":\"ImageObject\",\"inLanguage\":\"fr-FR\",\"@id\":\"https:\/\/dicodusport.fr\/blog\/#\/schema\/person\/image\/\",\"url\":\"https:\/\/dicodusport.fr\/blog\/wp-content\/uploads\/2021\/05\/Nicolas-Jacquemard-150x150.jpeg\",\"contentUrl\":\"https:\/\/dicodusport.fr\/blog\/wp-content\/uploads\/2021\/05\/Nicolas-Jacquemard-150x150.jpeg\",\"caption\":\"Nicolas Jacquemard\"},\"description\":\"Passionn\u00e9 de sport et entrepreneur depuis mes 18 ans, la cr\u00e9ation de Dicodusport m'a sembl\u00e9 \u00e9vidente pour participer \u00e0 la m\u00e9diatisation d'un plus grand nombre de sports. Le chemin est long mais avec une \u00e9quipe des plus motiv\u00e9es et les Jeux Olympiques de Paris 2024 en point de mire, nous y arriverons ! Journaliste dans le monde du sport depuis plus de 5 ans, je traite aussi bien de football, de rugby, de biathlon que de cyclisme.\",\"sameAs\":[\"https:\/\/www.facebook.com\/dicodusport\",\"https:\/\/x.com\/https:\/\/twitter.com\/Nico_Jacquemard\"],\"url\":\"https:\/\/dicodusport.fr\/blog\/author\/dicodusport\/\"}]}<\/script>\n<!-- \/ Yoast SEO Premium plugin. -->","yoast_head_json":{"title":"L'USAP vise un arri\u00e8re de Pro D2 pour remplacer Melvyn Jaminet","description":"TOP 14 \/ PRO D2 - M\u00eame si le d\u00e9part de Melvyn Jaminet n'est pas encore officiel, l'USAP s'active pour recruter au moins un arri\u00e8re.","robots":{"index":"index","follow":"follow","max-snippet":"max-snippet:-1","max-image-preview":"max-image-preview:large","max-video-preview":"max-video-preview:-1"},"canonical":"https:\/\/dicodusport.fr\/blog\/lusap-vise-un-arriere-de-pro-d2-pour-remplacer-melvyn-jaminet\/","og_locale":"fr_FR","og_type":"article","og_title":"L'USAP vise un arri\u00e8re de Pro D2 pour remplacer Melvyn Jaminet","og_description":"TOP 14 \/ PRO D2 - M\u00eame si le d\u00e9part de Melvyn Jaminet n'est pas encore officiel, l'USAP s'active pour recruter au moins un arri\u00e8re.","og_url":"https:\/\/dicodusport.fr\/blog\/lusap-vise-un-arriere-de-pro-d2-pour-remplacer-melvyn-jaminet\/","og_site_name":"Dicodusport","article_publisher":"https:\/\/www.facebook.com\/dicodusport","article_author":"https:\/\/www.facebook.com\/dicodusport","article_published_time":"2022-04-04T08:53:35+00:00","article_modified_time":"2022-04-04T09:12:35+00:00","og_image":[{"width":800,"height":445,"url":"https:\/\/dicodusport.fr\/blog\/wp-content\/uploads\/2022\/04\/LUSAP-vise-un-arrie\u0300re-de-Pro-D2-pour-remplacer-Melvyn-Jaminet.png","type":"image\/png"}],"author":"Nicolas Jacquemard","twitter_card":"summary_large_image","twitter_title":"L'USAP vise un arri\u00e8re de Pro D2 pour remplacer Melvyn Jaminet","twitter_creator":"@https:\/\/twitter.com\/Nico_Jacquemard","twitter_site":"@dicodusport","schema":{"@context":"https:\/\/schema.org","@graph":[{"@type":"NewsArticle","@id":"https:\/\/dicodusport.fr\/blog\/lusap-vise-un-arriere-de-pro-d2-pour-remplacer-melvyn-jaminet\/#article","isPartOf":{"@id":"https:\/\/dicodusport.fr\/blog\/lusap-vise-un-arriere-de-pro-d2-pour-remplacer-melvyn-jaminet\/"},"author":{"name":"Nicolas Jacquemard","@id":"https:\/\/dicodusport.fr\/blog\/#\/schema\/person\/55dcb50ad410894e431ed812bbb70191"},"headline":"L&rsquo;USAP vise un arri\u00e8re de Pro D2 pour remplacer Melvyn Jaminet","datePublished":"2022-04-04T08:53:35+00:00","dateModified":"2022-04-04T09:12:35+00:00","mainEntityOfPage":{"@id":"https:\/\/dicodusport.fr\/blog\/lusap-vise-un-arriere-de-pro-d2-pour-remplacer-melvyn-jaminet\/"},"wordCount":193,"commentCount":0,"publisher":{"@id":"https:\/\/dicodusport.fr\/blog\/#organization"},"image":{"@id":"https:\/\/dicodusport.fr\/blog\/lusap-vise-un-arriere-de-pro-d2-pour-remplacer-melvyn-jaminet\/#primaryimage"},"thumbnailUrl":"https:\/\/dicodusport.fr\/blog\/wp-content\/uploads\/2022\/04\/LUSAP-vise-un-arrie\u0300re-de-Pro-D2-pour-remplacer-Melvyn-Jaminet.png","keywords":["USAP"],"articleSection":["Top 14"],"inLanguage":"fr-FR","potentialAction":[{"@type":"CommentAction","name":"Comment","target":["https:\/\/dicodusport.fr\/blog\/lusap-vise-un-arriere-de-pro-d2-pour-remplacer-melvyn-jaminet\/#respond"]}],"copyrightYear":"2022","copyrightHolder":{"@id":"https:\/\/dicodusport.fr\/blog\/#organization"}},{"@type":"WebPage","@id":"https:\/\/dicodusport.fr\/blog\/lusap-vise-un-arriere-de-pro-d2-pour-remplacer-melvyn-jaminet\/","url":"https:\/\/dicodusport.fr\/blog\/lusap-vise-un-arriere-de-pro-d2-pour-remplacer-melvyn-jaminet\/","name":"L'USAP vise un arri\u00e8re de Pro D2 pour remplacer Melvyn Jaminet","isPartOf":{"@id":"https:\/\/dicodusport.fr\/blog\/#website"},"primaryImageOfPage":{"@id":"https:\/\/dicodusport.fr\/blog\/lusap-vise-un-arriere-de-pro-d2-pour-remplacer-melvyn-jaminet\/#primaryimage"},"image":{"@id":"https:\/\/dicodusport.fr\/blog\/lusap-vise-un-arriere-de-pro-d2-pour-remplacer-melvyn-jaminet\/#primaryimage"},"thumbnailUrl":"https:\/\/dicodusport.fr\/blog\/wp-content\/uploads\/2022\/04\/LUSAP-vise-un-arrie\u0300re-de-Pro-D2-pour-remplacer-Melvyn-Jaminet.png","datePublished":"2022-04-04T08:53:35+00:00","dateModified":"2022-04-04T09:12:35+00:00","description":"TOP 14 \/ PRO D2 - M\u00eame si le d\u00e9part de Melvyn Jaminet n'est pas encore officiel, l'USAP s'active pour recruter au moins un arri\u00e8re.","breadcrumb":{"@id":"https:\/\/dicodusport.fr\/blog\/lusap-vise-un-arriere-de-pro-d2-pour-remplacer-melvyn-jaminet\/#breadcrumb"},"inLanguage":"fr-FR","potentialAction":[{"@type":"ReadAction","target":["https:\/\/dicodusport.fr\/blog\/lusap-vise-un-arriere-de-pro-d2-pour-remplacer-melvyn-jaminet\/"]}]},{"@type":"ImageObject","inLanguage":"fr-FR","@id":"https:\/\/dicodusport.fr\/blog\/lusap-vise-un-arriere-de-pro-d2-pour-remplacer-melvyn-jaminet\/#primaryimage","url":"https:\/\/dicodusport.fr\/blog\/wp-content\/uploads\/2022\/04\/LUSAP-vise-un-arrie\u0300re-de-Pro-D2-pour-remplacer-Melvyn-Jaminet.png","contentUrl":"https:\/\/dicodusport.fr\/blog\/wp-content\/uploads\/2022\/04\/LUSAP-vise-un-arrie\u0300re-de-Pro-D2-pour-remplacer-Melvyn-Jaminet.png","width":800,"height":445},{"@type":"BreadcrumbList","@id":"https:\/\/dicodusport.fr\/blog\/lusap-vise-un-arriere-de-pro-d2-pour-remplacer-melvyn-jaminet\/#breadcrumb","itemListElement":[{"@type":"ListItem","position":1,"name":"Accueil","item":"https:\/\/dicodusport.fr\/blog\/"},{"@type":"ListItem","position":2,"name":"L&rsquo;USAP vise un arri\u00e8re de Pro D2 pour remplacer Melvyn Jaminet"}]},{"@type":"WebSite","@id":"https:\/\/dicodusport.fr\/blog\/#website","url":"https:\/\/dicodusport.fr\/blog\/","name":"Dicodusport","description":"L&#039;encyclop\u00e9die de l&#039;actualit\u00e9 sportive","publisher":{"@id":"https:\/\/dicodusport.fr\/blog\/#organization"},"potentialAction":[{"@type":"SearchAction","target":{"@type":"EntryPoint","urlTemplate":"https:\/\/dicodusport.fr\/blog\/?s={search_term_string}"},"query-input":{"@type":"PropertyValueSpecification","valueRequired":true,"valueName":"search_term_string"}}],"inLanguage":"fr-FR"},{"@type":"NewsMediaOrganization","@id":"https:\/\/dicodusport.fr\/blog\/#organization","name":"Dicodusport","url":"https:\/\/dicodusport.fr\/blog\/","logo":{"@type":"ImageObject","inLanguage":"fr-FR","@id":"https:\/\/dicodusport.fr\/blog\/#\/schema\/logo\/image\/","url":"https:\/\/dicodusport.fr\/blog\/wp-content\/uploads\/2020\/06\/cropped-LOGO-DICODUSPORT-2020-SANS-FOND-SANS-TEXTE.png","contentUrl":"https:\/\/dicodusport.fr\/blog\/wp-content\/uploads\/2020\/06\/cropped-LOGO-DICODUSPORT-2020-SANS-FOND-SANS-TEXTE.png","width":512,"height":512,"caption":"Dicodusport"},"image":{"@id":"https:\/\/dicodusport.fr\/blog\/#\/schema\/logo\/image\/"},"sameAs":["https:\/\/www.facebook.com\/dicodusport","https:\/\/x.com\/dicodusport","https:\/\/www.instagram.com\/dicodusport\/","https:\/\/www.youtube.com\/channel\/UC7V2KZ5sd3htJivAbA4ZG3w"],"description":"Dicodusport est l'encyclop\u00e9die de l'actualit\u00e9 sportive.","email":"bonjour@dicodusport.fr","legalName":"DICODUSPORT","foundingDate":"2018-01-14","vatID":"FR71834470973","taxID":"83447097300043","numberOfEmployees":{"@type":"QuantitativeValue","minValue":"1","maxValue":"10"}},{"@type":"Person","@id":"https:\/\/dicodusport.fr\/blog\/#\/schema\/person\/55dcb50ad410894e431ed812bbb70191","name":"Nicolas Jacquemard","image":{"@type":"ImageObject","inLanguage":"fr-FR","@id":"https:\/\/dicodusport.fr\/blog\/#\/schema\/person\/image\/","url":"https:\/\/dicodusport.fr\/blog\/wp-content\/uploads\/2021\/05\/Nicolas-Jacquemard-150x150.jpeg","contentUrl":"https:\/\/dicodusport.fr\/blog\/wp-content\/uploads\/2021\/05\/Nicolas-Jacquemard-150x150.jpeg","caption":"Nicolas Jacquemard"},"description":"Passionn\u00e9 de sport et entrepreneur depuis mes 18 ans, la cr\u00e9ation de Dicodusport m'a sembl\u00e9 \u00e9vidente pour participer \u00e0 la m\u00e9diatisation d'un plus grand nombre de sports. Le chemin est long mais avec une \u00e9quipe des plus motiv\u00e9es et les Jeux Olympiques de Paris 2024 en point de mire, nous y arriverons ! Journaliste dans le monde du sport depuis plus de 5 ans, je traite aussi bien de football, de rugby, de biathlon que de cyclisme.","sameAs":["https:\/\/www.facebook.com\/dicodusport","https:\/\/x.com\/https:\/\/twitter.com\/Nico_Jacquemard"],"url":"https:\/\/dicodusport.fr\/blog\/author\/dicodusport\/"}]}},"_links":{"self":[{"href":"https:\/\/dicodusport.fr\/blog\/wp-json\/wp\/v2\/posts\/213390","targetHints":{"allow":["GET"]}}],"collection":[{"href":"https:\/\/dicodusport.fr\/blog\/wp-json\/wp\/v2\/posts"}],"about":[{"href":"https:\/\/dicodusport.fr\/blog\/wp-json\/wp\/v2\/types\/post"}],"author":[{"embeddable":true,"href":"https:\/\/dicodusport.fr\/blog\/wp-json\/wp\/v2\/users\/1"}],"replies":[{"embeddable":true,"href":"https:\/\/dicodusport.fr\/blog\/wp-json\/wp\/v2\/comments?post=213390"}],"version-history":[{"count":0,"href":"https:\/\/dicodusport.fr\/blog\/wp-json\/wp\/v2\/posts\/213390\/revisions"}],"wp:featuredmedia":[{"embeddable":true,"href":"https:\/\/dicodusport.fr\/blog\/wp-json\/wp\/v2\/media\/213396"}],"wp:attachment":[{"href":"https:\/\/dicodusport.fr\/blog\/wp-json\/wp\/v2\/media?parent=213390"}],"wp:term":[{"taxonomy":"category","embeddable":true,"href":"https:\/\/dicodusport.fr\/blog\/wp-json\/wp\/v2\/categories?post=213390"},{"taxonomy":"post_tag","embeddable":true,"href":"https:\/\/dicodusport.fr\/blog\/wp-json\/wp\/v2\/tags?post=213390"}],"curies":[{"name":"wp","href":"https:\/\/api.w.org\/{rel}","templated":true}]}}