{"id":213448,"date":"2022-04-04T15:18:22","date_gmt":"2022-04-04T13:18:22","guid":{"rendered":"https:\/\/dicodusport.fr\/blog\/?p=213448"},"modified":"2022-04-04T19:33:18","modified_gmt":"2022-04-04T17:33:18","slug":"skicross-jean-frederic-chapuis-annonce-sa-retraite","status":"publish","type":"post","link":"https:\/\/dicodusport.fr\/blog\/skicross-jean-frederic-chapuis-annonce-sa-retraite\/","title":{"rendered":"Skicross : Jean-Fr\u00e9d\u00e9ric Chapuis annonce sa retraite"},"content":{"rendered":"<p style=\"text-align: justify;\"><strong><em>SKICROSS &#8211; C&rsquo;est une autre l\u00e9gende des sports d&rsquo;hiver qui raccroche les skis. Quelques semaines apr\u00e8s son compatriote <a href=\"https:\/\/dicodusport.fr\/blog\/francois-place-c-est-donc-une-grosse-desillusion-pour-tout-le-monde\/\">Fran\u00e7ois Place<\/a>, c&rsquo;est Jean-Fr\u00e9d\u00e9ric Chapuis, champion olympique et du monde, et triple vainqueur du globe de cristal, qui quitte les pistes.<\/em><\/strong><\/p>\n<h2 style=\"text-align: justify;\">Quatre ans de supr\u00e9matie<\/h2>\n<p style=\"text-align: justify;\">Il est le seul homme \u00e0 avoir tout gagn\u00e9 en skicross. Rarement consid\u00e9r\u00e9 \u00e0 sa juste valeur, <a href=\"https:\/\/dicodusport.fr\/blog\/chronique-tricolore-jean-frederic-chapuis-legende-du-skicross\/\"><strong>Jean-Fr\u00e9d\u00e9ric Chapuis<\/strong><\/a> s&rsquo;est bien \u00e9videmment r\u00e9v\u00e9l\u00e9 ce 20 f\u00e9vrier 2014 lorsqu&rsquo;il m\u00e8ne un splendide tripl\u00e9 tricolore aux Jeux Olympiques de Sotchi. Mais <em>Jean-Fred&rsquo;<\/em>, c&rsquo;est bien plus que \u00e7a. Un an plus t\u00f4t, il devenait champion du monde \u00e0 Voss en Norv\u00e8ge, en devan\u00e7ant son copain d&rsquo;entra\u00eenement <strong>Bastien Midol<\/strong>. En plus de l&rsquo;argent mondial, il remporte en 2015, son premier globe de cristal de skicross, assorti de quatre victoires en Coupe du monde. Il reproduira ensuite l&rsquo;exploit en 2016 puis 2017 faisant de lui le premier, et le seul, skieur masculin \u00e0 se parer de cristal trois saisons de suite en skicross.<\/p>\n<h2>Son palmar\u00e8s<\/h2>\n<p style=\"text-align: justify;\">Il ajoute son nom aux nombreux retrait\u00e9s fran\u00e7ais de la saison, mais on n&rsquo;oubliera pas son incroyable palmar\u00e8s. Merci monsieur Chapuis !<\/p>\n<ul>\n<li style=\"text-align: justify;\">Champion olympique en 2014<\/li>\n<li style=\"text-align: justify;\">Champion du monde en 2013 et m\u00e9daill\u00e9 d&rsquo;argent en 2015<\/li>\n<li style=\"text-align: justify;\">Triple vainqueur du globe de cristal de skicross, deux fois deuxi\u00e8me<\/li>\n<li style=\"text-align: justify;\">Deux fois troisi\u00e8me du g\u00e9n\u00e9ral de ski freestyle<\/li>\n<li style=\"text-align: justify;\">33 podiums dont 18 victoires en Coupe du monde<\/li>\n<\/ul>\n<p><iframe loading=\"lazy\" style=\"border: none; overflow: hidden;\" src=\"https:\/\/www.facebook.com\/plugins\/video.php?height=314&amp;href=https%3A%2F%2Fwww.facebook.com%2FChapuisJF%2Fvideos%2F394710225992801%2F&amp;show_text=false&amp;width=560&amp;t=0\" width=\"560\" height=\"314\" frameborder=\"0\" scrolling=\"no\" allowfullscreen=\"allowfullscreen\"><\/iframe><\/p>\n<p>&nbsp;<\/p>\n","protected":false},"excerpt":{"rendered":"<p>SKICROSS &#8211; C&rsquo;est une autre l\u00e9gende des sports d&rsquo;hiver qui raccroche les skis. Quelques semaines apr\u00e8s son compatriote Fran\u00e7ois Place, c&rsquo;est Jean-Fr\u00e9d\u00e9ric Chapuis, champion olympique et du monde, et triple vainqueur du globe de cristal, qui quitte les pistes.<\/p>\n","protected":false},"author":43,"featured_media":213465,"comment_status":"open","ping_status":"closed","sticky":false,"template":"","format":"standard","meta":{"_acf_changed":false,"_daextam_enable_autolinks":"","footnotes":""},"categories":[9217],"tags":[3242,2688,2947,24],"class_list":["post-213448","post","type-post","status-publish","format-standard","has-post-thumbnail","hentry","category-ski","tag-jean-frederic-chapuis","tag-ski-acrobatique","tag-skicross","tag-sport"],"acf":[],"yoast_head":"<!-- This site is optimized with the Yoast SEO Premium plugin v26.7 (Yoast SEO v26.7) - https:\/\/yoast.com\/wordpress\/plugins\/seo\/ -->\n<title>Skicross : Jean-Fr\u00e9d\u00e9ric Chapuis annonce sa retraite<\/title>\n<meta name=\"description\" content=\"SKICROSS - C&#039;est une autre l\u00e9gende des sports d&#039;hiver qui raccroche les skis. Jean-Fr\u00e9d\u00e9ric Chapuis dit stop !\" \/>\n<meta name=\"robots\" content=\"index, follow, max-snippet:-1, max-image-preview:large, max-video-preview:-1\" \/>\n<link rel=\"canonical\" href=\"https:\/\/dicodusport.fr\/blog\/skicross-jean-frederic-chapuis-annonce-sa-retraite\/\" \/>\n<meta property=\"og:locale\" content=\"fr_FR\" \/>\n<meta property=\"og:type\" content=\"article\" \/>\n<meta property=\"og:title\" content=\"Skicross : Jean-Fr\u00e9d\u00e9ric Chapuis annonce sa retraite\" \/>\n<meta property=\"og:description\" content=\"SKICROSS - C&#039;est une autre l\u00e9gende des sports d&#039;hiver qui raccroche les skis. Jean-Fr\u00e9d\u00e9ric Chapuis dit stop !\" \/>\n<meta property=\"og:url\" content=\"https:\/\/dicodusport.fr\/blog\/skicross-jean-frederic-chapuis-annonce-sa-retraite\/\" \/>\n<meta property=\"og:site_name\" content=\"Dicodusport\" \/>\n<meta property=\"article:publisher\" content=\"https:\/\/www.facebook.com\/dicodusport\" \/>\n<meta property=\"article:author\" content=\"https:\/\/www.facebook.com\/Max.Bld2\/\" \/>\n<meta property=\"article:published_time\" content=\"2022-04-04T13:18:22+00:00\" \/>\n<meta property=\"article:modified_time\" content=\"2022-04-04T17:33:18+00:00\" \/>\n<meta property=\"og:image\" content=\"https:\/\/dicodusport.fr\/blog\/wp-content\/uploads\/2022\/04\/Skicross-Jean-Frederic-Chapuis-annonce-sa-retraite.png\" \/>\n\t<meta property=\"og:image:width\" content=\"800\" \/>\n\t<meta property=\"og:image:height\" content=\"445\" \/>\n\t<meta property=\"og:image:type\" content=\"image\/png\" \/>\n<meta name=\"author\" content=\"Maxime Boulard\" \/>\n<meta name=\"twitter:card\" content=\"summary_large_image\" \/>\n<meta name=\"twitter:title\" content=\"Skicross : Jean-Fr\u00e9d\u00e9ric Chapuis annonce sa retraite\" \/>\n<meta name=\"twitter:creator\" content=\"@https:\/\/twitter.com\/MaximeB_2\" \/>\n<meta name=\"twitter:site\" content=\"@dicodusport\" \/>\n<script type=\"application\/ld+json\" class=\"yoast-schema-graph\">{\"@context\":\"https:\/\/schema.org\",\"@graph\":[{\"@type\":\"NewsArticle\",\"@id\":\"https:\/\/dicodusport.fr\/blog\/skicross-jean-frederic-chapuis-annonce-sa-retraite\/#article\",\"isPartOf\":{\"@id\":\"https:\/\/dicodusport.fr\/blog\/skicross-jean-frederic-chapuis-annonce-sa-retraite\/\"},\"author\":{\"name\":\"Maxime Boulard\",\"@id\":\"https:\/\/dicodusport.fr\/blog\/#\/schema\/person\/5aab10ee856e86ac63e9819a9da34784\"},\"headline\":\"Skicross : Jean-Fr\u00e9d\u00e9ric Chapuis annonce sa retraite\",\"datePublished\":\"2022-04-04T13:18:22+00:00\",\"dateModified\":\"2022-04-04T17:33:18+00:00\",\"mainEntityOfPage\":{\"@id\":\"https:\/\/dicodusport.fr\/blog\/skicross-jean-frederic-chapuis-annonce-sa-retraite\/\"},\"wordCount\":258,\"commentCount\":0,\"publisher\":{\"@id\":\"https:\/\/dicodusport.fr\/blog\/#organization\"},\"image\":{\"@id\":\"https:\/\/dicodusport.fr\/blog\/skicross-jean-frederic-chapuis-annonce-sa-retraite\/#primaryimage\"},\"thumbnailUrl\":\"https:\/\/dicodusport.fr\/blog\/wp-content\/uploads\/2022\/04\/Skicross-Jean-Frederic-Chapuis-annonce-sa-retraite.png\",\"keywords\":[\"Jean-Fr\u00e9d\u00e9ric Chapuis\",\"ski acrobatique\",\"skicross\",\"sport\"],\"articleSection\":[\"Ski\"],\"inLanguage\":\"fr-FR\",\"potentialAction\":[{\"@type\":\"CommentAction\",\"name\":\"Comment\",\"target\":[\"https:\/\/dicodusport.fr\/blog\/skicross-jean-frederic-chapuis-annonce-sa-retraite\/#respond\"]}],\"copyrightYear\":\"2022\",\"copyrightHolder\":{\"@id\":\"https:\/\/dicodusport.fr\/blog\/#organization\"}},{\"@type\":\"WebPage\",\"@id\":\"https:\/\/dicodusport.fr\/blog\/skicross-jean-frederic-chapuis-annonce-sa-retraite\/\",\"url\":\"https:\/\/dicodusport.fr\/blog\/skicross-jean-frederic-chapuis-annonce-sa-retraite\/\",\"name\":\"Skicross : Jean-Fr\u00e9d\u00e9ric Chapuis annonce sa retraite\",\"isPartOf\":{\"@id\":\"https:\/\/dicodusport.fr\/blog\/#website\"},\"primaryImageOfPage\":{\"@id\":\"https:\/\/dicodusport.fr\/blog\/skicross-jean-frederic-chapuis-annonce-sa-retraite\/#primaryimage\"},\"image\":{\"@id\":\"https:\/\/dicodusport.fr\/blog\/skicross-jean-frederic-chapuis-annonce-sa-retraite\/#primaryimage\"},\"thumbnailUrl\":\"https:\/\/dicodusport.fr\/blog\/wp-content\/uploads\/2022\/04\/Skicross-Jean-Frederic-Chapuis-annonce-sa-retraite.png\",\"datePublished\":\"2022-04-04T13:18:22+00:00\",\"dateModified\":\"2022-04-04T17:33:18+00:00\",\"description\":\"SKICROSS - C'est une autre l\u00e9gende des sports d'hiver qui raccroche les skis. Jean-Fr\u00e9d\u00e9ric Chapuis dit stop !\",\"breadcrumb\":{\"@id\":\"https:\/\/dicodusport.fr\/blog\/skicross-jean-frederic-chapuis-annonce-sa-retraite\/#breadcrumb\"},\"inLanguage\":\"fr-FR\",\"potentialAction\":[{\"@type\":\"ReadAction\",\"target\":[\"https:\/\/dicodusport.fr\/blog\/skicross-jean-frederic-chapuis-annonce-sa-retraite\/\"]}]},{\"@type\":\"ImageObject\",\"inLanguage\":\"fr-FR\",\"@id\":\"https:\/\/dicodusport.fr\/blog\/skicross-jean-frederic-chapuis-annonce-sa-retraite\/#primaryimage\",\"url\":\"https:\/\/dicodusport.fr\/blog\/wp-content\/uploads\/2022\/04\/Skicross-Jean-Frederic-Chapuis-annonce-sa-retraite.png\",\"contentUrl\":\"https:\/\/dicodusport.fr\/blog\/wp-content\/uploads\/2022\/04\/Skicross-Jean-Frederic-Chapuis-annonce-sa-retraite.png\",\"width\":800,\"height\":445,\"caption\":\"Skicross Jean-Fr\u00e9d\u00e9ric Chapuis annonce sa retraite\"},{\"@type\":\"BreadcrumbList\",\"@id\":\"https:\/\/dicodusport.fr\/blog\/skicross-jean-frederic-chapuis-annonce-sa-retraite\/#breadcrumb\",\"itemListElement\":[{\"@type\":\"ListItem\",\"position\":1,\"name\":\"Accueil\",\"item\":\"https:\/\/dicodusport.fr\/blog\/\"},{\"@type\":\"ListItem\",\"position\":2,\"name\":\"Skicross : Jean-Fr\u00e9d\u00e9ric Chapuis annonce sa retraite\"}]},{\"@type\":\"WebSite\",\"@id\":\"https:\/\/dicodusport.fr\/blog\/#website\",\"url\":\"https:\/\/dicodusport.fr\/blog\/\",\"name\":\"Dicodusport\",\"description\":\"L&#039;encyclop\u00e9die de l&#039;actualit\u00e9 sportive\",\"publisher\":{\"@id\":\"https:\/\/dicodusport.fr\/blog\/#organization\"},\"potentialAction\":[{\"@type\":\"SearchAction\",\"target\":{\"@type\":\"EntryPoint\",\"urlTemplate\":\"https:\/\/dicodusport.fr\/blog\/?s={search_term_string}\"},\"query-input\":{\"@type\":\"PropertyValueSpecification\",\"valueRequired\":true,\"valueName\":\"search_term_string\"}}],\"inLanguage\":\"fr-FR\"},{\"@type\":\"NewsMediaOrganization\",\"@id\":\"https:\/\/dicodusport.fr\/blog\/#organization\",\"name\":\"Dicodusport\",\"url\":\"https:\/\/dicodusport.fr\/blog\/\",\"logo\":{\"@type\":\"ImageObject\",\"inLanguage\":\"fr-FR\",\"@id\":\"https:\/\/dicodusport.fr\/blog\/#\/schema\/logo\/image\/\",\"url\":\"https:\/\/dicodusport.fr\/blog\/wp-content\/uploads\/2020\/06\/cropped-LOGO-DICODUSPORT-2020-SANS-FOND-SANS-TEXTE.png\",\"contentUrl\":\"https:\/\/dicodusport.fr\/blog\/wp-content\/uploads\/2020\/06\/cropped-LOGO-DICODUSPORT-2020-SANS-FOND-SANS-TEXTE.png\",\"width\":512,\"height\":512,\"caption\":\"Dicodusport\"},\"image\":{\"@id\":\"https:\/\/dicodusport.fr\/blog\/#\/schema\/logo\/image\/\"},\"sameAs\":[\"https:\/\/www.facebook.com\/dicodusport\",\"https:\/\/x.com\/dicodusport\",\"https:\/\/www.instagram.com\/dicodusport\/\",\"https:\/\/www.youtube.com\/channel\/UC7V2KZ5sd3htJivAbA4ZG3w\"],\"description\":\"Dicodusport est l'encyclop\u00e9die de l'actualit\u00e9 sportive.\",\"email\":\"bonjour@dicodusport.fr\",\"legalName\":\"DICODUSPORT\",\"foundingDate\":\"2018-01-14\",\"vatID\":\"FR71834470973\",\"taxID\":\"83447097300043\",\"numberOfEmployees\":{\"@type\":\"QuantitativeValue\",\"minValue\":\"1\",\"maxValue\":\"10\"}},{\"@type\":\"Person\",\"@id\":\"https:\/\/dicodusport.fr\/blog\/#\/schema\/person\/5aab10ee856e86ac63e9819a9da34784\",\"name\":\"Maxime Boulard\",\"image\":{\"@type\":\"ImageObject\",\"inLanguage\":\"fr-FR\",\"@id\":\"https:\/\/dicodusport.fr\/blog\/#\/schema\/person\/image\/\",\"url\":\"https:\/\/dicodusport.fr\/blog\/wp-content\/uploads\/2021\/05\/Maxime-Boulard-150x150.jpg\",\"contentUrl\":\"https:\/\/dicodusport.fr\/blog\/wp-content\/uploads\/2021\/05\/Maxime-Boulard-150x150.jpg\",\"caption\":\"Maxime Boulard\"},\"description\":\"Journaliste\/r\u00e9dacteur depuis octobre 2020 - Si mon plus vieux souvenir de sport aurait pu m'en d\u00e9go\u00fbter, la finale de la Coupe du monde 2006 a \u00e9t\u00e9 tout le contraire. V\u00e9ritable d\u00e9clencheur d'une passion qui aujourd'hui ne fait que grandir avec le temps, mon leitmotiv est la France qui brille ! Je relate les exploits pass\u00e9s et pr\u00e9sents du sport bleu-blanc-rouge sans m\u00e9nagement depuis octobre 2020. Sport valide ou handisport, aucune diff\u00e9rence, il n'y a que du sport et plusieurs fa\u00e7ons de le pratiquer.\",\"sameAs\":[\"https:\/\/www.facebook.com\/Max.Bld2\/\",\"https:\/\/x.com\/https:\/\/twitter.com\/MaximeB_2\"],\"url\":\"https:\/\/dicodusport.fr\/blog\/author\/maxime-b\/\"}]}<\/script>\n<!-- \/ Yoast SEO Premium plugin. -->","yoast_head_json":{"title":"Skicross : Jean-Fr\u00e9d\u00e9ric Chapuis annonce sa retraite","description":"SKICROSS - C'est une autre l\u00e9gende des sports d'hiver qui raccroche les skis. Jean-Fr\u00e9d\u00e9ric Chapuis dit stop !","robots":{"index":"index","follow":"follow","max-snippet":"max-snippet:-1","max-image-preview":"max-image-preview:large","max-video-preview":"max-video-preview:-1"},"canonical":"https:\/\/dicodusport.fr\/blog\/skicross-jean-frederic-chapuis-annonce-sa-retraite\/","og_locale":"fr_FR","og_type":"article","og_title":"Skicross : Jean-Fr\u00e9d\u00e9ric Chapuis annonce sa retraite","og_description":"SKICROSS - C'est une autre l\u00e9gende des sports d'hiver qui raccroche les skis. Jean-Fr\u00e9d\u00e9ric Chapuis dit stop !","og_url":"https:\/\/dicodusport.fr\/blog\/skicross-jean-frederic-chapuis-annonce-sa-retraite\/","og_site_name":"Dicodusport","article_publisher":"https:\/\/www.facebook.com\/dicodusport","article_author":"https:\/\/www.facebook.com\/Max.Bld2\/","article_published_time":"2022-04-04T13:18:22+00:00","article_modified_time":"2022-04-04T17:33:18+00:00","og_image":[{"width":800,"height":445,"url":"https:\/\/dicodusport.fr\/blog\/wp-content\/uploads\/2022\/04\/Skicross-Jean-Frederic-Chapuis-annonce-sa-retraite.png","type":"image\/png"}],"author":"Maxime Boulard","twitter_card":"summary_large_image","twitter_title":"Skicross : Jean-Fr\u00e9d\u00e9ric Chapuis annonce sa retraite","twitter_creator":"@https:\/\/twitter.com\/MaximeB_2","twitter_site":"@dicodusport","schema":{"@context":"https:\/\/schema.org","@graph":[{"@type":"NewsArticle","@id":"https:\/\/dicodusport.fr\/blog\/skicross-jean-frederic-chapuis-annonce-sa-retraite\/#article","isPartOf":{"@id":"https:\/\/dicodusport.fr\/blog\/skicross-jean-frederic-chapuis-annonce-sa-retraite\/"},"author":{"name":"Maxime Boulard","@id":"https:\/\/dicodusport.fr\/blog\/#\/schema\/person\/5aab10ee856e86ac63e9819a9da34784"},"headline":"Skicross : Jean-Fr\u00e9d\u00e9ric Chapuis annonce sa retraite","datePublished":"2022-04-04T13:18:22+00:00","dateModified":"2022-04-04T17:33:18+00:00","mainEntityOfPage":{"@id":"https:\/\/dicodusport.fr\/blog\/skicross-jean-frederic-chapuis-annonce-sa-retraite\/"},"wordCount":258,"commentCount":0,"publisher":{"@id":"https:\/\/dicodusport.fr\/blog\/#organization"},"image":{"@id":"https:\/\/dicodusport.fr\/blog\/skicross-jean-frederic-chapuis-annonce-sa-retraite\/#primaryimage"},"thumbnailUrl":"https:\/\/dicodusport.fr\/blog\/wp-content\/uploads\/2022\/04\/Skicross-Jean-Frederic-Chapuis-annonce-sa-retraite.png","keywords":["Jean-Fr\u00e9d\u00e9ric Chapuis","ski acrobatique","skicross","sport"],"articleSection":["Ski"],"inLanguage":"fr-FR","potentialAction":[{"@type":"CommentAction","name":"Comment","target":["https:\/\/dicodusport.fr\/blog\/skicross-jean-frederic-chapuis-annonce-sa-retraite\/#respond"]}],"copyrightYear":"2022","copyrightHolder":{"@id":"https:\/\/dicodusport.fr\/blog\/#organization"}},{"@type":"WebPage","@id":"https:\/\/dicodusport.fr\/blog\/skicross-jean-frederic-chapuis-annonce-sa-retraite\/","url":"https:\/\/dicodusport.fr\/blog\/skicross-jean-frederic-chapuis-annonce-sa-retraite\/","name":"Skicross : Jean-Fr\u00e9d\u00e9ric Chapuis annonce sa retraite","isPartOf":{"@id":"https:\/\/dicodusport.fr\/blog\/#website"},"primaryImageOfPage":{"@id":"https:\/\/dicodusport.fr\/blog\/skicross-jean-frederic-chapuis-annonce-sa-retraite\/#primaryimage"},"image":{"@id":"https:\/\/dicodusport.fr\/blog\/skicross-jean-frederic-chapuis-annonce-sa-retraite\/#primaryimage"},"thumbnailUrl":"https:\/\/dicodusport.fr\/blog\/wp-content\/uploads\/2022\/04\/Skicross-Jean-Frederic-Chapuis-annonce-sa-retraite.png","datePublished":"2022-04-04T13:18:22+00:00","dateModified":"2022-04-04T17:33:18+00:00","description":"SKICROSS - C'est une autre l\u00e9gende des sports d'hiver qui raccroche les skis. Jean-Fr\u00e9d\u00e9ric Chapuis dit stop !","breadcrumb":{"@id":"https:\/\/dicodusport.fr\/blog\/skicross-jean-frederic-chapuis-annonce-sa-retraite\/#breadcrumb"},"inLanguage":"fr-FR","potentialAction":[{"@type":"ReadAction","target":["https:\/\/dicodusport.fr\/blog\/skicross-jean-frederic-chapuis-annonce-sa-retraite\/"]}]},{"@type":"ImageObject","inLanguage":"fr-FR","@id":"https:\/\/dicodusport.fr\/blog\/skicross-jean-frederic-chapuis-annonce-sa-retraite\/#primaryimage","url":"https:\/\/dicodusport.fr\/blog\/wp-content\/uploads\/2022\/04\/Skicross-Jean-Frederic-Chapuis-annonce-sa-retraite.png","contentUrl":"https:\/\/dicodusport.fr\/blog\/wp-content\/uploads\/2022\/04\/Skicross-Jean-Frederic-Chapuis-annonce-sa-retraite.png","width":800,"height":445,"caption":"Skicross Jean-Fr\u00e9d\u00e9ric Chapuis annonce sa retraite"},{"@type":"BreadcrumbList","@id":"https:\/\/dicodusport.fr\/blog\/skicross-jean-frederic-chapuis-annonce-sa-retraite\/#breadcrumb","itemListElement":[{"@type":"ListItem","position":1,"name":"Accueil","item":"https:\/\/dicodusport.fr\/blog\/"},{"@type":"ListItem","position":2,"name":"Skicross : Jean-Fr\u00e9d\u00e9ric Chapuis annonce sa retraite"}]},{"@type":"WebSite","@id":"https:\/\/dicodusport.fr\/blog\/#website","url":"https:\/\/dicodusport.fr\/blog\/","name":"Dicodusport","description":"L&#039;encyclop\u00e9die de l&#039;actualit\u00e9 sportive","publisher":{"@id":"https:\/\/dicodusport.fr\/blog\/#organization"},"potentialAction":[{"@type":"SearchAction","target":{"@type":"EntryPoint","urlTemplate":"https:\/\/dicodusport.fr\/blog\/?s={search_term_string}"},"query-input":{"@type":"PropertyValueSpecification","valueRequired":true,"valueName":"search_term_string"}}],"inLanguage":"fr-FR"},{"@type":"NewsMediaOrganization","@id":"https:\/\/dicodusport.fr\/blog\/#organization","name":"Dicodusport","url":"https:\/\/dicodusport.fr\/blog\/","logo":{"@type":"ImageObject","inLanguage":"fr-FR","@id":"https:\/\/dicodusport.fr\/blog\/#\/schema\/logo\/image\/","url":"https:\/\/dicodusport.fr\/blog\/wp-content\/uploads\/2020\/06\/cropped-LOGO-DICODUSPORT-2020-SANS-FOND-SANS-TEXTE.png","contentUrl":"https:\/\/dicodusport.fr\/blog\/wp-content\/uploads\/2020\/06\/cropped-LOGO-DICODUSPORT-2020-SANS-FOND-SANS-TEXTE.png","width":512,"height":512,"caption":"Dicodusport"},"image":{"@id":"https:\/\/dicodusport.fr\/blog\/#\/schema\/logo\/image\/"},"sameAs":["https:\/\/www.facebook.com\/dicodusport","https:\/\/x.com\/dicodusport","https:\/\/www.instagram.com\/dicodusport\/","https:\/\/www.youtube.com\/channel\/UC7V2KZ5sd3htJivAbA4ZG3w"],"description":"Dicodusport est l'encyclop\u00e9die de l'actualit\u00e9 sportive.","email":"bonjour@dicodusport.fr","legalName":"DICODUSPORT","foundingDate":"2018-01-14","vatID":"FR71834470973","taxID":"83447097300043","numberOfEmployees":{"@type":"QuantitativeValue","minValue":"1","maxValue":"10"}},{"@type":"Person","@id":"https:\/\/dicodusport.fr\/blog\/#\/schema\/person\/5aab10ee856e86ac63e9819a9da34784","name":"Maxime Boulard","image":{"@type":"ImageObject","inLanguage":"fr-FR","@id":"https:\/\/dicodusport.fr\/blog\/#\/schema\/person\/image\/","url":"https:\/\/dicodusport.fr\/blog\/wp-content\/uploads\/2021\/05\/Maxime-Boulard-150x150.jpg","contentUrl":"https:\/\/dicodusport.fr\/blog\/wp-content\/uploads\/2021\/05\/Maxime-Boulard-150x150.jpg","caption":"Maxime Boulard"},"description":"Journaliste\/r\u00e9dacteur depuis octobre 2020 - Si mon plus vieux souvenir de sport aurait pu m'en d\u00e9go\u00fbter, la finale de la Coupe du monde 2006 a \u00e9t\u00e9 tout le contraire. V\u00e9ritable d\u00e9clencheur d'une passion qui aujourd'hui ne fait que grandir avec le temps, mon leitmotiv est la France qui brille ! Je relate les exploits pass\u00e9s et pr\u00e9sents du sport bleu-blanc-rouge sans m\u00e9nagement depuis octobre 2020. Sport valide ou handisport, aucune diff\u00e9rence, il n'y a que du sport et plusieurs fa\u00e7ons de le pratiquer.","sameAs":["https:\/\/www.facebook.com\/Max.Bld2\/","https:\/\/x.com\/https:\/\/twitter.com\/MaximeB_2"],"url":"https:\/\/dicodusport.fr\/blog\/author\/maxime-b\/"}]}},"_links":{"self":[{"href":"https:\/\/dicodusport.fr\/blog\/wp-json\/wp\/v2\/posts\/213448","targetHints":{"allow":["GET"]}}],"collection":[{"href":"https:\/\/dicodusport.fr\/blog\/wp-json\/wp\/v2\/posts"}],"about":[{"href":"https:\/\/dicodusport.fr\/blog\/wp-json\/wp\/v2\/types\/post"}],"author":[{"embeddable":true,"href":"https:\/\/dicodusport.fr\/blog\/wp-json\/wp\/v2\/users\/43"}],"replies":[{"embeddable":true,"href":"https:\/\/dicodusport.fr\/blog\/wp-json\/wp\/v2\/comments?post=213448"}],"version-history":[{"count":0,"href":"https:\/\/dicodusport.fr\/blog\/wp-json\/wp\/v2\/posts\/213448\/revisions"}],"wp:featuredmedia":[{"embeddable":true,"href":"https:\/\/dicodusport.fr\/blog\/wp-json\/wp\/v2\/media\/213465"}],"wp:attachment":[{"href":"https:\/\/dicodusport.fr\/blog\/wp-json\/wp\/v2\/media?parent=213448"}],"wp:term":[{"taxonomy":"category","embeddable":true,"href":"https:\/\/dicodusport.fr\/blog\/wp-json\/wp\/v2\/categories?post=213448"},{"taxonomy":"post_tag","embeddable":true,"href":"https:\/\/dicodusport.fr\/blog\/wp-json\/wp\/v2\/tags?post=213448"}],"curies":[{"name":"wp","href":"https:\/\/api.w.org\/{rel}","templated":true}]}}