{"id":213751,"date":"2022-04-10T21:14:46","date_gmt":"2022-04-10T19:14:46","guid":{"rendered":"https:\/\/dicodusport.fr\/blog\/?p=213751&#038;preview=true&#038;preview_id=213751"},"modified":"2022-05-01T15:49:26","modified_gmt":"2022-05-01T13:49:26","slug":"motogp-ameriques-2022-programme-tv-horaires-et-resultats","status":"publish","type":"post","link":"https:\/\/dicodusport.fr\/blog\/motogp-ameriques-2022-programme-tv-horaires-et-resultats\/","title":{"rendered":"MotoGP Am\u00e9riques 2022 : Les r\u00e9sultats complets"},"content":{"rendered":"<p style=\"text-align: justify;\"><em><strong><a href=\"https:\/\/dicodusport.fr\/blog\/actualites\/sports-mecaniques\/moto\/motogp-2022\/\">MOTOGP 2022<\/a> &#8211; Le Grand Prix des Am\u00e9riques 2022 de MotoGP va se d\u00e9rouler ce week-end sur le circuit des Am\u00e9riques aux \u00c9tats-Unis<span class=\"tsp-di\">. <\/span>Apr\u00e8s trois vainqueurs diff\u00e9rents lors des trois premi\u00e8res courses, qui tirera son \u00e9pingle du jeu cette fois-ci ? Programme TV, horaires, enjeux et r\u00e9sultats : soyez incollables avant la 4<sup>\u00e8me<\/sup> manche du Championnat du monde de MotoGP 2022.<\/strong><\/em><\/p>\n<p style=\"text-align: justify;\">Le\u00a0<strong>Grand Prix des Am\u00e9riques<\/strong> est une \u00e9tape du championnat du monde de MotoGP au calendrier depuis 2013. Il a \u00e9t\u00e9 con\u00e7u \u00e0 l\u2019origine pour accueillir le Grand Prix de Formule 1, dont il est \u00e9galement devenu l\u2019une des manches du championnat depuis 2012. Depuis 2019, il accueille \u00e9galement l\u2019IndyCar Series et depuis cette ann\u00e9e le NASCAR.<\/p>\n<p style=\"text-align: justify;\">Fait rare, cette manche n\u2019a \u00e9t\u00e9 remport\u00e9e que par des Espagnols en MotoGP. Le septuple champion du monde de la cat\u00e9gorie reine\u00a0<strong>Marc M\u00e1rquez<\/strong> (Honda Repsol Team) l\u2019a gagn\u00e9e aussi 7 fois dont 6 fois d\u2019affil\u00e9e entre 2013 et 2018. L\u2019ann\u00e9e suivante, <strong>\u00c1lex Rins<\/strong>\u00a0avait remport\u00e9 la course. L\u2019\u00e9dition 2020 n\u2019avait pas eu lieu en raison de la pand\u00e9mie de Covid-19.<\/p>\n<p style=\"text-align: justify;\">La derni\u00e8re \u00e9dition en date de 2021 avait vu l&rsquo;Italien <strong>Francesco Bagnaia<\/strong> prendre la pole position. Lors de la course,<strong> Marc Marquez<\/strong> avait rapidement pris la t\u00eate pour s&#8217;emparer de la victoire. Un succ\u00e8s de plus sur les terres du Texas qui faisait plaisir \u00e0 voir.<\/p>\n<p><iframe loading=\"lazy\" title=\"YouTube video player\" src=\"https:\/\/www.youtube.com\/embed\/S37Zlo4xEY0?list=PLFdFhj6CALXHksCMMFf_wAQrHbzP09JL_\" width=\"853\" height=\"480\" frameborder=\"0\" allowfullscreen=\"allowfullscreen\"><\/iframe><\/p>\n<h2 style=\"text-align: justify;\">Les sp\u00e9cificit\u00e9s du circuit<\/h2>\n<p style=\"text-align: justify;\">Un tour de ce circuit, c&rsquo;est 5,513 km ! Le circuit des Am\u00e9riques comporte 20 virages, 11 \u00e0 gauche et 9 \u00e0 droite. Il est consid\u00e9r\u00e9 comme un circuit moderne des sports m\u00e9caniques, et c\u2019est aussi l\u2019un des plus diversifi\u00e9s. La course se d\u00e9roulera sur 20 tours, soit environ 110 km. La plus longue ligne droite mesure 1200 m, o\u00f9 les pilotes atteignent presque les 350 km\/h ! L&rsquo;ann\u00e9e derni\u00e8re, le pilotes regrettaient les nombreuses bosses pr\u00e9sentes sur la piste.<\/p>\n<div id=\"attachment_169835\" style=\"width: 1183px\" class=\"wp-caption aligncenter\"><a href=\"https:\/\/dicodusport.fr\/blog\/wp-content\/uploads\/2021\/09\/circuit-des-ameriques-MotoGP.png\"><img loading=\"lazy\" decoding=\"async\" aria-describedby=\"caption-attachment-169835\" class=\"wp-image-169835 size-full\" src=\"https:\/\/dicodusport.fr\/blog\/wp-content\/uploads\/2021\/09\/circuit-des-ameriques-MotoGP.png\" alt=\"MotoGP - Circuit des Am\u00e9riques\" width=\"1173\" height=\"956\" srcset=\"https:\/\/dicodusport.fr\/blog\/wp-content\/uploads\/2021\/09\/circuit-des-ameriques-MotoGP.png 1173w, https:\/\/dicodusport.fr\/blog\/wp-content\/uploads\/2021\/09\/circuit-des-ameriques-MotoGP-300x245.png 300w, https:\/\/dicodusport.fr\/blog\/wp-content\/uploads\/2021\/09\/circuit-des-ameriques-MotoGP-1024x835.png 1024w, https:\/\/dicodusport.fr\/blog\/wp-content\/uploads\/2021\/09\/circuit-des-ameriques-MotoGP-768x626.png 768w\" sizes=\"auto, (max-width: 1173px) 100vw, 1173px\" \/><\/a><p id=\"caption-attachment-169835\" class=\"wp-caption-text\">MotoGP &#8211; Circuit des Am\u00e9riques<\/p><\/div>\n<p style=\"text-align: justify;\">C\u00f4t\u00e9 m\u00e9t\u00e9o, les conditions s\u2019annoncent tr\u00e8s cl\u00e9mentes, alors qu&rsquo;elles sont tr\u00e8s al\u00e9atoires dans cette r\u00e9gion du globe. Les temp\u00e9ratures devraient osciller entre 25 et 30 degr\u00e9s tout au long du week-end. Un grand soleil sera pr\u00e9sent lors des deux premiers jours et le dimanche de la course devrait \u00eatre couvert par les nuages.<\/p>\n<h2>Les records<\/h2>\n<p style=\"text-align: justify;\"><strong>Marc M\u00e1rquez<\/strong> poss\u00e8de le record du tour sur ce circuit sur sa Honda, avec un temps de 2:02.135 r\u00e9alis\u00e9 lors de sa pole position en 2015. L\u2019Espagnol s\u2019\u00e9tait aussi offert le record du tour en course l\u2019ann\u00e9e pr\u00e9c\u00e9dente, avec un temps de 2:03.575. Le record de vitesse de pointe la plus \u00e9lev\u00e9e sur le circuit est tomb\u00e9 lors de la derni\u00e8re \u00e9dition de 2021 gr\u00e2ce \u00e0<strong> Jack Miller<\/strong> et sa Ducati. Il est mont\u00e9 \u00e0 352,9 km\/h.<\/p>\n<h2 style=\"text-align: justify;\">Les enjeux<\/h2>\n<p style=\"text-align: justify;\">Cette saison s&rsquo;annonce encore palpitante ! <strong>Enea Bastianini<\/strong> (Gresini Racing) a d\u00e9croch\u00e9 au Qatar sa toute premi\u00e8re victoire en MotoGP. Puis, <strong>Miguel Oliveira<\/strong> (Red Bull KTM) a cr\u00e9\u00e9 la surprise en gagnant le Grand Prix d&rsquo;Indon\u00e9sie. Enfin, <strong>Aleix Espargaro<\/strong> a \u00e9bloui tout le monde sur son Aprilia pour remporter sa premi\u00e8re victoire en MotoGP en Argentine, mais aussi celle de son \u00e9quipe. Lors des trois premi\u00e8res courses, aucun pilote n&rsquo;est mont\u00e9 deux fois sur le podium. Cela signifie que neuf pilotes ont d\u00e9j\u00e0 d\u00e9croch\u00e9 un podium cette saison !<\/p>\n<p style=\"text-align: justify;\">Le champion du monde fran\u00e7ais <strong>Fabio Quartararo<\/strong> a toujours \u00e0 c\u0153ur de d\u00e9fendre son titre avec sa Yamaha. Apr\u00e8s une premi\u00e8re et troisi\u00e8me course compliqu\u00e9e a contrario d&rsquo;une pole position lors de la deuxi\u00e8me manche, la saison s&rsquo;annonce en dents de scie. Il en sera de m\u00eame pour son co\u00e9quipier <strong>Franco Morbidelli<\/strong>. Les Ducati de <strong>Francesco Bagnaia<\/strong> et <strong>Jack Miller<\/strong> ont soif de victoires mais ont l&rsquo;air encore en difficult\u00e9 et ne sont pas encore mont\u00e9es sur le podium. Sans oublier les Pramac Ducati de <strong>Johann Zarco<\/strong> et <strong>Jorge Martin<\/strong> qui n&rsquo;ont pas dit leur dernier mot.<\/p>\n<p style=\"text-align: justify;\">Attention \u00e9galement aux derni\u00e8res bonnes performances des KTM de <strong>Miguel Oliveira<\/strong> et <strong>Brad Binder<\/strong>. Ce dernier a fini deuxi\u00e8me du Grand Prix du Qatar tandis que son co\u00e9quipier a gagn\u00e9 la course en Indon\u00e9sie. De plus, les Suzuki de <strong>Joan Mir<\/strong> et <strong>Alex Rins<\/strong> ont fait aussi tr\u00e8s bonne impression derni\u00e8rement. Elles auront certainement leur r\u00f4le \u00e0 jouer aussi ce week-end.<\/p>\n<p style=\"text-align: justify;\">Les \u00e9preuves de Moto 2 et Moto 3 seront \u00e9galement \u00e0 suivre ce week-end. A noter que le Fran\u00e7ais <strong>Lorenzo Fellon<\/strong> (SIC58 Squadra Corse) \u00e9tait encore tout pr\u00e8s de d\u00e9crocher ses premiers points lors de la derni\u00e8re course. Serait-ce le bon moment pour le pilote de Moto 3 qui progresse ?<\/p>\n<h2 style=\"text-align: justify;\"><strong>Le programme TV et horaires du Grand Prix des Am\u00e9riques 2022 de MotoGP<\/strong><\/h2>\n<table style=\"width: 100%; border-collapse: collapse;\">\n<tbody>\n<tr>\n<td style=\"background-color: #c80502; width: 800px; text-align: center; vertical-align: middle;\" colspan=\"6\"><span style=\"color: #ffffff;\"><strong>VENDREDI 8 AVRIL 2022<\/strong><\/span><\/td>\n<\/tr>\n<tr>\n<td style=\"text-align: center; vertical-align: middle; width: 20%; background-color: #000000;\"><span style=\"color: #ffffff; font-size: 0.9em;\"><strong>Horaire<\/strong><\/span><\/td>\n<td style=\"text-align: center; vertical-align: middle; width: 20%; background-color: #000000;\" colspan=\"2\"><span style=\"color: #ffffff;\"><span style=\"font-size: 0.9em;\"><b>\u00c9preuve<\/b><\/span><\/span><\/td>\n<td style=\"text-align: center; vertical-align: middle; width: 20%; background-color: #000000;\"><span style=\"color: #ffffff; font-size: 0.9em;\"><strong>Premier<\/strong><\/span><\/td>\n<td style=\"text-align: center; vertical-align: middle; width: 20%; background-color: #000000;\"><span style=\"color: #ffffff; font-size: 0.9em;\"><strong>Deuxi\u00e8me<\/strong><\/span><\/td>\n<td style=\"text-align: center; vertical-align: middle; width: 20%; background-color: #000000;\"><span style=\"color: #ffffff; font-size: 0.9em;\"><strong>Troisi\u00e8me<\/strong><\/span><\/td>\n<\/tr>\n<tr>\n<td style=\"text-align: center; vertical-align: middle; width: 20%;\"><strong>16H55 &#8211; 17H40<\/strong><\/td>\n<td style=\"text-align: center; vertical-align: middle; width: 20%;\" colspan=\"2\"><strong>Essais libres 1<span style=\"font-size: 0.9em;\"><em><span style=\"font-size: 0.8em;\"><br \/>\n<\/span><\/em><\/span><a href=\"https:\/\/fr.motorsport.com\/motogp\/results\/2022\/gp-des-ameriques-539752\/?st=FP1\"><span style=\"font-size: 0.9em;\"><em><span style=\"font-size: 0.8em;\">Classement<\/span><\/em><\/span><\/a><br \/>\n<\/strong><\/td>\n<td style=\"text-align: center; vertical-align: middle; width: 20%;\"><span style=\"font-size: 0.9em;\"><strong>&#x1f1ea;&#x1f1f8; ALEX RINS<br \/>\n<\/strong><span style=\"font-size: 0.8em;\">TEAM SUZUKI ECSTAR<br \/>\n<strong><em>2:04.007<\/em><\/strong><br \/>\n<\/span><\/span><\/td>\n<td style=\"text-align: center; vertical-align: middle; width: 20%;\"><span style=\"font-size: 0.9em;\"><strong>&#x1f1ea;&#x1f1f8; MAVERICK VINALES <br style=\"font-size: 14.4px;\" \/><\/strong><span style=\"font-size: 0.8em;\">APRILIA RACING<br \/>\n<strong><em>2:04.015<\/em><\/strong><br \/>\n<\/span><\/span><\/td>\n<td style=\"text-align: center; vertical-align: middle; width: 20%;\"><span style=\"font-size: 0.9em;\"><strong>&#x1f1e6;&#x1f1fa; JACK MILLER<br \/>\n<\/strong><span style=\"font-size: 0.8em;\">DUCATI LENOVO TEAM<br \/>\n<strong><em>2:04.437<\/em><\/strong><br \/>\n<\/span><\/span><\/td>\n<\/tr>\n<tr>\n<td style=\"text-align: center; vertical-align: middle; width: 20%;\"><strong>21H10 &#8211; 21H55<\/strong><\/td>\n<td style=\"text-align: center; vertical-align: middle;\" colspan=\"2\"><strong>Essais libres 2<br \/>\n<a href=\"https:\/\/fr.motorsport.com\/motogp\/results\/2022\/gp-des-ameriques-539752\/?st=FP2\"><span style=\"font-size: 0.9em;\"><em><span style=\"font-size: 0.8em;\">Classement<\/span><\/em><\/span><\/a><br \/>\n<\/strong><\/td>\n<td style=\"text-align: center; vertical-align: middle; width: 20%;\"><span style=\"font-size: 0.9em;\"><strong>&#x1f1eb;&#x1f1f7; JOHANN ZARCO<br \/>\n<\/strong><span style=\"font-size: 0.8em;\">PRAMAC RACING<br \/>\n<strong><em>2:02.544<\/em><\/strong><br \/>\n<\/span><\/span><\/td>\n<td style=\"text-align: center; vertical-align: middle; width: 20%;\"><span style=\"font-size: 0.9em;\"><strong>&#x1f1e6;&#x1f1fa; JACK MILLER<br \/>\n<\/strong><span style=\"font-size: 0.8em;\">DUCATI LENOVO TEAM<br \/>\n<strong><em>2:02.789<\/em><\/strong><br \/>\n<\/span><\/span><\/td>\n<td style=\"text-align: center; vertical-align: middle; width: 20%;\"><span style=\"font-size: 0.9em;\"><strong>&#x1f1eb;&#x1f1f7; FABIO QUARTARARO<strong style=\"font-size: 14.4px;\"><br style=\"font-size: 14.4px;\" \/><\/strong><\/strong><span style=\"font-size: 0.8em;\">MONSTER ENERGY YAMAHA MOTOGP<br \/>\n<strong><em>2:02.837<\/em><\/strong><br \/>\n<\/span><\/span><\/td>\n<\/tr>\n<tr>\n<td style=\"background-color: #c80502; width: 800px; text-align: center; vertical-align: middle;\" colspan=\"6\"><span style=\"color: #ffffff;\"><strong>SAMEDI 9 AVRIL 2022<\/strong><\/span><\/td>\n<\/tr>\n<tr>\n<td style=\"text-align: center; vertical-align: middle; width: 20%; background-color: #000000;\"><span style=\"color: #ffffff; font-size: 0.9em;\"><strong>Horaire<\/strong><\/span><\/td>\n<td style=\"text-align: center; vertical-align: middle; width: 20%; background-color: #000000;\" colspan=\"2\"><span style=\"color: #ffffff;\"><span style=\"font-size: 0.9em;\"><b>\u00c9preuve<\/b><\/span><\/span><\/td>\n<td style=\"text-align: center; vertical-align: middle; width: 20%; background-color: #000000;\"><span style=\"color: #ffffff; font-size: 0.9em;\"><strong>Premier<\/strong><\/span><\/td>\n<td style=\"text-align: center; vertical-align: middle; width: 20%; background-color: #000000;\"><span style=\"color: #ffffff; font-size: 0.9em;\"><strong>Deuxi\u00e8me<\/strong><\/span><\/td>\n<td style=\"text-align: center; vertical-align: middle; width: 20%; background-color: #000000;\"><span style=\"color: #ffffff; font-size: 0.9em;\"><strong>Troisi\u00e8me<\/strong><\/span><\/td>\n<\/tr>\n<tr>\n<td style=\"text-align: center; vertical-align: middle; width: 20%;\"><strong>16H55 &#8211; 17H40<\/strong><\/td>\n<td style=\"text-align: center; vertical-align: middle; width: 20%;\" colspan=\"2\"><strong>Essais libres 3<span style=\"font-size: 0.9em;\"><em><span style=\"font-size: 0.8em;\"><br \/>\n<\/span><\/em><\/span><a href=\"https:\/\/fr.motorsport.com\/motogp\/results\/2022\/gp-des-ameriques-539752\/?st=FP3\"><span style=\"font-size: 0.9em;\"><em><span style=\"font-size: 0.8em;\">Classement<\/span><\/em><\/span><\/a><br \/>\n<\/strong><\/td>\n<td style=\"text-align: center; vertical-align: middle; width: 20%;\"><span style=\"font-size: 0.9em;\"><strong>&#x1f1eb;&#x1f1f7; FABIO QUARTARARO<strong style=\"font-size: 14.4px;\"><br style=\"font-size: 14.4px;\" \/><\/strong><\/strong><span style=\"font-size: 0.8em;\">MONSTER ENERGY YAMAHA MOTOGP<br \/>\n<strong><em>2:02.361<\/em><\/strong><br \/>\n<\/span><\/span><\/td>\n<td style=\"text-align: center; vertical-align: middle; width: 20%;\"><span style=\"font-size: 0.9em;\"><strong>&#x1f1ee;&#x1f1f9; ENEA BASTIANINI<br \/>\n<\/strong><span style=\"font-size: 0.8em;\">GRESINI RACING MOTOGP<br \/>\n<strong><em>2:02.420<\/em><\/strong><br \/>\n<\/span><\/span><\/td>\n<td style=\"text-align: center; vertical-align: middle; width: 20%;\"><span style=\"font-size: 0.9em;\"><strong>&#x1f1e6;&#x1f1fa; JACK MILLER<br \/>\n<\/strong><span style=\"font-size: 0.8em;\">DUCATI LENOVO TEAM<br \/>\n<strong><em>2:02.447<\/em><\/strong><br \/>\n<\/span><\/span><\/td>\n<\/tr>\n<tr>\n<td style=\"text-align: center; vertical-align: middle; width: 20%;\"><strong>20H30 &#8211; 21H00<\/strong><\/td>\n<td style=\"text-align: center; vertical-align: middle;\" colspan=\"2\"><strong>Essais libres 4<br \/>\n<a href=\"https:\/\/fr.motorsport.com\/motogp\/results\/2022\/gp-des-ameriques-539752\/?st=FP4\"><span style=\"font-size: 0.9em;\"><em><span style=\"font-size: 0.8em;\">Classement<\/span><\/em><\/span><\/a><br \/>\n<\/strong><\/td>\n<td style=\"text-align: center; vertical-align: middle; width: 20%;\"><span style=\"font-size: 0.9em;\"><strong>&#x1f1ee;&#x1f1f9; FRANCESCO BAGNAIA<br \/>\n<\/strong><span style=\"font-size: 0.8em;\">DUCATI LENOVO TEAM<br \/>\n<strong><em>2:02.983<\/em><\/strong><br \/>\n<\/span><\/span><\/td>\n<td style=\"text-align: center; vertical-align: middle; width: 20%;\"><span style=\"font-size: 0.9em;\"><strong>&#x1f1ea;&#x1f1f8; MARC MARQUEZ<br \/>\n<\/strong><span style=\"font-size: 0.8em;\">REPSOL HONDA TEAM<br \/>\n<strong><em>2:03.115<\/em><\/strong><br \/>\n<\/span><\/span><\/td>\n<td style=\"text-align: center; vertical-align: middle; width: 20%;\"><span style=\"font-size: 0.9em;\"><strong>&#x1f1ee;&#x1f1f9; ENEA BASTIANINI<br \/>\n<\/strong><span style=\"font-size: 0.8em;\">GRESINI RACING MOTOGP<br \/>\n<strong><em>2:03.169<\/em><\/strong><br \/>\n<\/span><\/span><\/td>\n<\/tr>\n<tr>\n<td style=\"text-align: center; vertical-align: middle; width: 20%;\"><strong>21H10 &#8211; 21H25<\/strong><\/td>\n<td style=\"text-align: center; vertical-align: middle;\" colspan=\"2\"><strong>Qualifications 1<br \/>\n<\/strong><a href=\"https:\/\/fr.motorsport.com\/motogp\/results\/2022\/gp-des-ameriques-539752\/?st=Q1\"><strong><span style=\"font-size: 0.9em;\"><em><span style=\"font-size: 0.8em;\">Classement<\/span><\/em><\/span><\/strong><\/a><\/td>\n<td style=\"text-align: center; vertical-align: middle; width: 20%;\"><strong><span style=\"font-size: 0.9em;\">&#x1f1ea;&#x1f1f8; JORGE MARTIN<br \/>\n<\/span><\/strong><span style=\"font-size: 0.9em;\"><span style=\"font-size: 0.8em;\">PRAMAC RACING<br \/>\n<strong><em>2:02.487<\/em><\/strong><br \/>\n<\/span><\/span><\/td>\n<td style=\"text-align: center; vertical-align: middle; width: 20%;\"><span style=\"font-size: 0.9em;\"><strong>&#x1f1ea;&#x1f1f8; ALEX RINS<br \/>\n<\/strong><span style=\"font-size: 0.8em;\">TEAM SUZUKI ECSTAR<br \/>\n<strong><em>2:02.723<\/em><\/strong><br \/>\n<\/span><\/span><\/td>\n<td style=\"text-align: center; vertical-align: middle; width: 20%;\"><span style=\"font-size: 0.9em;\"><strong>&#x1f1ea;&#x1f1f8; ALEIX ESPARGARO<br \/>\n<\/strong><span style=\"font-size: 0.8em;\">APRILIA RACING<br \/>\n<strong><em>2:02.922<\/em><\/strong><br \/>\n<\/span><\/span><\/td>\n<\/tr>\n<tr>\n<td style=\"text-align: center; vertical-align: middle; width: 20%;\"><strong>21H35 &#8211; 22H50<\/strong><\/td>\n<td style=\"text-align: center; vertical-align: middle; width: 20%;\" colspan=\"2\"><strong>Qualifications 2<br \/>\n<a href=\"https:\/\/dicodusport.fr\/blog\/motogp-ameriques-2022-grille-de-depart\/\"><span style=\"font-size: 0.9em;\"><em><span style=\"font-size: 0.8em;\">Grille de d\u00e9part<\/span><\/em><\/span><\/a><br \/>\n<\/strong><\/td>\n<td style=\"text-align: center; vertical-align: middle; width: 20%;\"><strong><span style=\"font-size: 0.9em;\">&#x1f1ea;&#x1f1f8; JORGE MARTIN<br \/>\n<\/span><\/strong><span style=\"font-size: 0.9em;\"><span style=\"font-size: 0.8em;\">PRAMAC RACING<br \/>\n<strong><em>2:02.039<\/em><\/strong><br \/>\n<\/span><\/span><\/td>\n<td style=\"text-align: center; vertical-align: middle; width: 20%;\"><span style=\"font-size: 0.9em;\"><strong>&#x1f1e6;&#x1f1fa; JACK MILLER<br \/>\n<\/strong><span style=\"font-size: 0.8em;\">DUCATI LENOVO TEAM<br \/>\n<strong><em>2:02.042<\/em><\/strong><br \/>\n<\/span><\/span><\/td>\n<td style=\"text-align: center; vertical-align: middle; width: 20%;\"><span style=\"font-size: 0.9em;\"><strong>&#x1f1ee;&#x1f1f9; FRANCESCO BAGNAIA<br \/>\n<\/strong><span style=\"font-size: 0.8em;\">DUCATI LENOVO TEAM<br \/>\n<strong><em>2:02.167<\/em><\/strong><br \/>\n<\/span><\/span><\/td>\n<\/tr>\n<tr>\n<td style=\"background-color: #c80502; width: 800px; text-align: center; vertical-align: middle;\" colspan=\"6\"><span style=\"color: #ffffff;\"><strong>DIMANCHE 10 AVRIL 2022<\/strong><\/span><\/td>\n<\/tr>\n<tr>\n<td style=\"text-align: center; vertical-align: middle; width: 20%; background-color: #000000;\"><span style=\"color: #ffffff; font-size: 0.9em;\"><strong>Horaire<\/strong><\/span><\/td>\n<td style=\"text-align: center; vertical-align: middle; width: 20%; background-color: #000000;\" colspan=\"2\"><span style=\"color: #ffffff;\"><span style=\"font-size: 0.9em;\"><b>\u00c9preuve<\/b><\/span><\/span><\/td>\n<td style=\"text-align: center; vertical-align: middle; width: 20%; background-color: #000000;\"><span style=\"color: #ffffff; font-size: 0.9em;\"><strong>Premier<\/strong><\/span><\/td>\n<td style=\"text-align: center; vertical-align: middle; width: 20%; background-color: #000000;\"><span style=\"color: #ffffff; font-size: 0.9em;\"><strong>Deuxi\u00e8me<\/strong><\/span><\/td>\n<td style=\"text-align: center; vertical-align: middle; width: 20%; background-color: #000000;\"><span style=\"color: #ffffff; font-size: 0.9em;\"><strong>Troisi\u00e8me<\/strong><\/span><\/td>\n<\/tr>\n<tr>\n<td style=\"text-align: center; vertical-align: middle; width: 20%;\"><strong>16H40 &#8211; 17H00<\/strong><\/td>\n<td style=\"text-align: center; vertical-align: middle; width: 20%;\" colspan=\"2\"><strong>Warm-up<br \/>\n<a href=\"https:\/\/fr.motorsport.com\/motogp\/results\/2022\/gp-des-ameriques-539752\/?st=W\"><span style=\"font-size: 0.9em;\"><em><span style=\"font-size: 0.8em;\">Classement<\/span><\/em><\/span><\/a><br \/>\n<\/strong><\/td>\n<td style=\"text-align: center; vertical-align: middle; width: 20%;\"><span style=\"font-size: 0.9em;\"><strong>&#x1f1ea;&#x1f1f8; MAVERICK VINALES <br style=\"font-size: 14.4px;\" \/><\/strong><span style=\"font-size: 0.8em;\">APRILIA RACING<br \/>\n<strong><em>2:03.647<\/em><\/strong><br \/>\n<\/span><\/span><\/td>\n<td style=\"text-align: center; vertical-align: middle; width: 20%;\"><span style=\"font-size: 0.9em;\"><strong>&#x1f1ee;&#x1f1f9; ENEA BASTIANINI<br \/>\n<\/strong><span style=\"font-size: 0.8em;\">GRESINI RACING MOTOGP<br \/>\n<strong><em>2:02.420<\/em><\/strong><br \/>\n<\/span><\/span><\/td>\n<td style=\"text-align: center; vertical-align: middle; width: 20%;\"><span style=\"font-size: 0.9em;\"><strong>&#x1f1ef;&#x1f1f5; TAKAAKI NAKAGAMI<br \/>\n<\/strong><span style=\"font-size: 0.8em;\">LCR HONDA<br \/>\n<strong><em>2:03.815<\/em><\/strong><br \/>\n<\/span><\/span><\/td>\n<\/tr>\n<tr>\n<td style=\"text-align: center; vertical-align: middle; width: 20%;\"><strong>20H00<\/strong><\/td>\n<td style=\"text-align: center; vertical-align: middle; width: 20%;\" colspan=\"2\"><strong>Course<br \/>\n<a href=\"https:\/\/dicodusport.fr\/blog\/motogp-ameriques-2022-classement-du-grand-prix\/\"><span style=\"font-size: 0.9em;\"><em><span style=\"font-size: 0.8em;\">Classement<\/span><\/em><\/span><\/a><br \/>\n<\/strong><\/td>\n<td style=\"text-align: center; vertical-align: middle; width: 20%;\"><span style=\"font-size: 0.9em;\"><strong>&#x1f1ee;&#x1f1f9; ENEA BASTIANINI<br \/>\n<\/strong><span style=\"font-size: 0.8em;\">GRESINI RACING MOTOGP<br \/>\n<strong><em>2:03.169<\/em><\/strong><br \/>\n<\/span><\/span><\/td>\n<td style=\"text-align: center; vertical-align: middle; width: 20%;\"><span style=\"font-size: 0.9em;\"><strong>&#x1f1ea;&#x1f1f8; ALEX RINS<br \/>\n<\/strong><span style=\"font-size: 0.8em;\">TEAM SUZUKI ECSTAR<br \/>\n<strong><em>+2.058<\/em><\/strong><br \/>\n<\/span><\/span><\/td>\n<td style=\"text-align: center; vertical-align: middle; width: 20%;\"><span style=\"font-size: 0.9em;\"><strong>&#x1f1e6;&#x1f1fa; JACK MILLER<br \/>\n<\/strong><span style=\"font-size: 0.8em;\">DUCATI LENOVO TEAM<br \/>\n<strong><em>+2.312<\/em><\/strong><br \/>\n<\/span><\/span><\/td>\n<\/tr>\n<\/tbody>\n<\/table>\n<h2 style=\"text-align: justify;\">La derni\u00e8re nouvelle<\/h2>\n<p style=\"text-align: justify;\">Apr\u00e8s sa lourde chute lors du warm-up du Grand Prix d&rsquo;Indon\u00e9sie, <strong>Marc Marquez<\/strong> (Repsol Honda Team) n&rsquo;a pas pu disputer deux courses. Il a annonc\u00e9 ce mercredi \u00eatre de retour pour disputer le Grand Prix des Am\u00e9riques.<\/p>\n<blockquote class=\"twitter-tweet\">\n<p dir=\"ltr\" lang=\"fr\">Le sextuple champion du monde Marc Marquez, qui avait manqu\u00e9 deux Grands Prix en raison de sa violente chute en Indon\u00e9sie, fera son retour \u00e0 la comp\u00e9tition ce week-end \u00e0 Austin<\/p>\n<p>MotoGP<\/p>\n<p>Toute l&rsquo;actualit\u00e9 du sport avec INFOSPORT+ <a href=\"https:\/\/t.co\/K1EeTyTz8N\">https:\/\/t.co\/K1EeTyTz8N<\/a> <a href=\"https:\/\/t.co\/OG86ADTCvY\">pic.twitter.com\/OG86ADTCvY<\/a><\/p>\n<p>\u2014 CANAL+ MotoGP&#x2122; (@CanalplusMotoGP) <a href=\"https:\/\/twitter.com\/CanalplusMotoGP\/status\/1511622989325946880?ref_src=twsrc%5Etfw\">April 6, 2022<\/a><\/p><\/blockquote>\n<p><script async src=\"https:\/\/platform.twitter.com\/widgets.js\" charset=\"utf-8\"><\/script><\/p>\n<h2 style=\"text-align: justify;\"><strong>\u00c0 lire aussi<\/strong><\/h2>\n<ul>\n<li><a href=\"https:\/\/dicodusport.fr\/blog\/motogp-2022-classement-championnat-du-monde-des-pilotes\/\"><strong>MotoGP &#8211; Classement du championnat du monde des pilotes<\/strong><\/a><\/li>\n<li><a href=\"https:\/\/dicodusport.fr\/blog\/motogp-2022-calendrier-complet-et-resultats\/\"><strong>MotoGP &#8211; Calendrier complet et r\u00e9sultats<\/strong><\/a><\/li>\n<li><a href=\"https:\/\/dicodusport.fr\/blog\/motogp-salaires-10-pilotes-les-mieux-payes-2022\/\"><strong>Les 10 pilotes les mieux pay\u00e9s du MotoGP en 2022<\/strong><\/a><\/li>\n<\/ul>\n","protected":false},"excerpt":{"rendered":"<p>MOTOGP 2022 &#8211; Le Grand Prix des Am\u00e9riques 2022 de MotoGP va se d\u00e9rouler ce week-end sur le circuit des Am\u00e9riques aux Etats-Unis. Apr\u00e8s trois vainqueurs diff\u00e9rents lors des trois premi\u00e8res courses, qui tirera son \u00e9pingle du jeu cette fois-ci ? Programme TV, horaires, enjeux et r\u00e9sultats : soyez incollables avant la 4\u00e8me manche du Championnat du monde de MotoGP 2022.<\/p>\n","protected":false},"author":54,"featured_media":214072,"comment_status":"open","ping_status":"closed","sticky":false,"template":"","format":"standard","meta":{"_acf_changed":false,"_daextam_enable_autolinks":"","footnotes":""},"categories":[47087],"tags":[19658,10938,19554],"class_list":["post-213751","post","type-post","status-publish","format-standard","has-post-thumbnail","hentry","category-motogp","tag-grand-prix-des-ameriques","tag-motogp","tag-motogp-ameriques"],"acf":[],"yoast_head":"<!-- This site is optimized with the Yoast SEO Premium plugin v26.7 (Yoast SEO v26.7) - https:\/\/yoast.com\/wordpress\/plugins\/seo\/ -->\n<title>MotoGP Am\u00e9riques 2022 : Les r\u00e9sultats complets<\/title>\n<meta name=\"description\" content=\"Programme TV, enjeux, r\u00e9sultats : soyez incollables avant le Grand Prix des Am\u00e9riques, 4\u00e8me manche du Championnat du monde de MotoGP 2022.\" \/>\n<meta name=\"robots\" content=\"index, follow, max-snippet:-1, max-image-preview:large, max-video-preview:-1\" \/>\n<link rel=\"canonical\" href=\"https:\/\/dicodusport.fr\/blog\/motogp-ameriques-2022-programme-tv-horaires-et-resultats\/\" \/>\n<meta property=\"og:locale\" content=\"fr_FR\" \/>\n<meta property=\"og:type\" content=\"article\" \/>\n<meta property=\"og:title\" content=\"MotoGP Am\u00e9riques 2022 : Les r\u00e9sultats complets\" \/>\n<meta property=\"og:description\" content=\"Programme TV, enjeux, r\u00e9sultats : soyez incollables avant le Grand Prix des Am\u00e9riques, 4\u00e8me manche du Championnat du monde de MotoGP 2022.\" \/>\n<meta property=\"og:url\" content=\"https:\/\/dicodusport.fr\/blog\/motogp-ameriques-2022-programme-tv-horaires-et-resultats\/\" \/>\n<meta property=\"og:site_name\" content=\"Dicodusport\" \/>\n<meta property=\"article:publisher\" content=\"https:\/\/www.facebook.com\/dicodusport\" \/>\n<meta property=\"article:author\" content=\"https:\/\/www.facebook.com\/roxane.lecacher\" \/>\n<meta property=\"article:published_time\" content=\"2022-04-10T19:14:46+00:00\" \/>\n<meta property=\"article:modified_time\" content=\"2022-05-01T13:49:26+00:00\" \/>\n<meta property=\"og:image\" content=\"https:\/\/dicodusport.fr\/blog\/wp-content\/uploads\/2022\/04\/MotoGP-Ameriques-2022-Programme-TV-horaires-et-resultats.png\" \/>\n\t<meta property=\"og:image:width\" content=\"800\" \/>\n\t<meta property=\"og:image:height\" content=\"445\" \/>\n\t<meta property=\"og:image:type\" content=\"image\/png\" \/>\n<meta name=\"author\" content=\"Roxane Lecacher\" \/>\n<meta name=\"twitter:card\" content=\"summary_large_image\" \/>\n<meta name=\"twitter:title\" content=\"MotoGP Am\u00e9riques 2022 : Les r\u00e9sultats complets\" \/>\n<meta name=\"twitter:creator\" content=\"@dicodusport\" \/>\n<meta name=\"twitter:site\" content=\"@dicodusport\" \/>\n<script type=\"application\/ld+json\" class=\"yoast-schema-graph\">{\"@context\":\"https:\/\/schema.org\",\"@graph\":[{\"@type\":\"NewsArticle\",\"@id\":\"https:\/\/dicodusport.fr\/blog\/motogp-ameriques-2022-programme-tv-horaires-et-resultats\/#article\",\"isPartOf\":{\"@id\":\"https:\/\/dicodusport.fr\/blog\/motogp-ameriques-2022-programme-tv-horaires-et-resultats\/\"},\"author\":{\"name\":\"Roxane Lecacher\",\"@id\":\"https:\/\/dicodusport.fr\/blog\/#\/schema\/person\/819fb2545dd2715bd7c0580d6d4b411a\"},\"headline\":\"MotoGP Am\u00e9riques 2022 : Les r\u00e9sultats complets\",\"datePublished\":\"2022-04-10T19:14:46+00:00\",\"dateModified\":\"2022-05-01T13:49:26+00:00\",\"mainEntityOfPage\":{\"@id\":\"https:\/\/dicodusport.fr\/blog\/motogp-ameriques-2022-programme-tv-horaires-et-resultats\/\"},\"wordCount\":1294,\"commentCount\":0,\"publisher\":{\"@id\":\"https:\/\/dicodusport.fr\/blog\/#organization\"},\"image\":{\"@id\":\"https:\/\/dicodusport.fr\/blog\/motogp-ameriques-2022-programme-tv-horaires-et-resultats\/#primaryimage\"},\"thumbnailUrl\":\"https:\/\/dicodusport.fr\/blog\/wp-content\/uploads\/2022\/04\/MotoGP-Ameriques-2022-Programme-TV-horaires-et-resultats.png\",\"keywords\":[\"Grand Prix des Am\u00e9riques\",\"MotoGP\",\"MotoGP Am\u00e9riques\"],\"articleSection\":[\"MotoGP\"],\"inLanguage\":\"fr-FR\",\"potentialAction\":[{\"@type\":\"CommentAction\",\"name\":\"Comment\",\"target\":[\"https:\/\/dicodusport.fr\/blog\/motogp-ameriques-2022-programme-tv-horaires-et-resultats\/#respond\"]}],\"copyrightYear\":\"2022\",\"copyrightHolder\":{\"@id\":\"https:\/\/dicodusport.fr\/blog\/#organization\"}},{\"@type\":\"WebPage\",\"@id\":\"https:\/\/dicodusport.fr\/blog\/motogp-ameriques-2022-programme-tv-horaires-et-resultats\/\",\"url\":\"https:\/\/dicodusport.fr\/blog\/motogp-ameriques-2022-programme-tv-horaires-et-resultats\/\",\"name\":\"MotoGP Am\u00e9riques 2022 : Les r\u00e9sultats complets\",\"isPartOf\":{\"@id\":\"https:\/\/dicodusport.fr\/blog\/#website\"},\"primaryImageOfPage\":{\"@id\":\"https:\/\/dicodusport.fr\/blog\/motogp-ameriques-2022-programme-tv-horaires-et-resultats\/#primaryimage\"},\"image\":{\"@id\":\"https:\/\/dicodusport.fr\/blog\/motogp-ameriques-2022-programme-tv-horaires-et-resultats\/#primaryimage\"},\"thumbnailUrl\":\"https:\/\/dicodusport.fr\/blog\/wp-content\/uploads\/2022\/04\/MotoGP-Ameriques-2022-Programme-TV-horaires-et-resultats.png\",\"datePublished\":\"2022-04-10T19:14:46+00:00\",\"dateModified\":\"2022-05-01T13:49:26+00:00\",\"description\":\"Programme TV, enjeux, r\u00e9sultats : soyez incollables avant le Grand Prix des Am\u00e9riques, 4\u00e8me manche du Championnat du monde de MotoGP 2022.\",\"breadcrumb\":{\"@id\":\"https:\/\/dicodusport.fr\/blog\/motogp-ameriques-2022-programme-tv-horaires-et-resultats\/#breadcrumb\"},\"inLanguage\":\"fr-FR\",\"potentialAction\":[{\"@type\":\"ReadAction\",\"target\":[\"https:\/\/dicodusport.fr\/blog\/motogp-ameriques-2022-programme-tv-horaires-et-resultats\/\"]}]},{\"@type\":\"ImageObject\",\"inLanguage\":\"fr-FR\",\"@id\":\"https:\/\/dicodusport.fr\/blog\/motogp-ameriques-2022-programme-tv-horaires-et-resultats\/#primaryimage\",\"url\":\"https:\/\/dicodusport.fr\/blog\/wp-content\/uploads\/2022\/04\/MotoGP-Ameriques-2022-Programme-TV-horaires-et-resultats.png\",\"contentUrl\":\"https:\/\/dicodusport.fr\/blog\/wp-content\/uploads\/2022\/04\/MotoGP-Ameriques-2022-Programme-TV-horaires-et-resultats.png\",\"width\":800,\"height\":445,\"caption\":\"MotoGP Am\u00e9riques 2022 Programme TV, horaires et r\u00e9sultats\"},{\"@type\":\"BreadcrumbList\",\"@id\":\"https:\/\/dicodusport.fr\/blog\/motogp-ameriques-2022-programme-tv-horaires-et-resultats\/#breadcrumb\",\"itemListElement\":[{\"@type\":\"ListItem\",\"position\":1,\"name\":\"Accueil\",\"item\":\"https:\/\/dicodusport.fr\/blog\/\"},{\"@type\":\"ListItem\",\"position\":2,\"name\":\"MotoGP Am\u00e9riques 2022 : Les r\u00e9sultats complets\"}]},{\"@type\":\"WebSite\",\"@id\":\"https:\/\/dicodusport.fr\/blog\/#website\",\"url\":\"https:\/\/dicodusport.fr\/blog\/\",\"name\":\"Dicodusport\",\"description\":\"L&#039;encyclop\u00e9die de l&#039;actualit\u00e9 sportive\",\"publisher\":{\"@id\":\"https:\/\/dicodusport.fr\/blog\/#organization\"},\"potentialAction\":[{\"@type\":\"SearchAction\",\"target\":{\"@type\":\"EntryPoint\",\"urlTemplate\":\"https:\/\/dicodusport.fr\/blog\/?s={search_term_string}\"},\"query-input\":{\"@type\":\"PropertyValueSpecification\",\"valueRequired\":true,\"valueName\":\"search_term_string\"}}],\"inLanguage\":\"fr-FR\"},{\"@type\":\"NewsMediaOrganization\",\"@id\":\"https:\/\/dicodusport.fr\/blog\/#organization\",\"name\":\"Dicodusport\",\"url\":\"https:\/\/dicodusport.fr\/blog\/\",\"logo\":{\"@type\":\"ImageObject\",\"inLanguage\":\"fr-FR\",\"@id\":\"https:\/\/dicodusport.fr\/blog\/#\/schema\/logo\/image\/\",\"url\":\"https:\/\/dicodusport.fr\/blog\/wp-content\/uploads\/2020\/06\/cropped-LOGO-DICODUSPORT-2020-SANS-FOND-SANS-TEXTE.png\",\"contentUrl\":\"https:\/\/dicodusport.fr\/blog\/wp-content\/uploads\/2020\/06\/cropped-LOGO-DICODUSPORT-2020-SANS-FOND-SANS-TEXTE.png\",\"width\":512,\"height\":512,\"caption\":\"Dicodusport\"},\"image\":{\"@id\":\"https:\/\/dicodusport.fr\/blog\/#\/schema\/logo\/image\/\"},\"sameAs\":[\"https:\/\/www.facebook.com\/dicodusport\",\"https:\/\/x.com\/dicodusport\",\"https:\/\/www.instagram.com\/dicodusport\/\",\"https:\/\/www.youtube.com\/channel\/UC7V2KZ5sd3htJivAbA4ZG3w\"],\"description\":\"Dicodusport est l'encyclop\u00e9die de l'actualit\u00e9 sportive.\",\"email\":\"bonjour@dicodusport.fr\",\"legalName\":\"DICODUSPORT\",\"foundingDate\":\"2018-01-14\",\"vatID\":\"FR71834470973\",\"taxID\":\"83447097300043\",\"numberOfEmployees\":{\"@type\":\"QuantitativeValue\",\"minValue\":\"1\",\"maxValue\":\"10\"}},{\"@type\":\"Person\",\"@id\":\"https:\/\/dicodusport.fr\/blog\/#\/schema\/person\/819fb2545dd2715bd7c0580d6d4b411a\",\"name\":\"Roxane Lecacher\",\"image\":{\"@type\":\"ImageObject\",\"inLanguage\":\"fr-FR\",\"@id\":\"https:\/\/dicodusport.fr\/blog\/#\/schema\/person\/image\/\",\"url\":\"https:\/\/dicodusport.fr\/blog\/wp-content\/uploads\/2021\/05\/Roxane-Lecacher-150x150.jpg\",\"contentUrl\":\"https:\/\/dicodusport.fr\/blog\/wp-content\/uploads\/2021\/05\/Roxane-Lecacher-150x150.jpg\",\"caption\":\"Roxane Lecacher\"},\"description\":\"Journaliste\/r\u00e9dactrice depuis janvier 2021 - N\u00e9e quelques jours avant la premi\u00e8re \u00e9toile des Bleus, je baigne dans une famille tr\u00e8s sportive. Je n\u2019ai eu d\u2019autres choix que de me passionner pour le sujet. Pratiquante de l\u2019athl\u00e9tisme depuis toute petite, j\u2019ai aussi un attrait tout particulier pour la Formule 1, le biathlon et le foot. Pendant les grands \u00e9v\u00e9nements, il est impossible de d\u00e9crocher de ma t\u00e9l\u00e9. C\u2019est \u00e0 travers Dicodusport que j\u2019aime d\u00e9sormais vous transmettre mes \u00e9motions et ma passion.\",\"sameAs\":[\"https:\/\/www.facebook.com\/roxane.lecacher\",\"https:\/\/fr.linkedin.com\/in\/roxane-lecacher-23368313b\"],\"url\":\"https:\/\/dicodusport.fr\/blog\/author\/roxanel\/\"}]}<\/script>\n<!-- \/ Yoast SEO Premium plugin. -->","yoast_head_json":{"title":"MotoGP Am\u00e9riques 2022 : Les r\u00e9sultats complets","description":"Programme TV, enjeux, r\u00e9sultats : soyez incollables avant le Grand Prix des Am\u00e9riques, 4\u00e8me manche du Championnat du monde de MotoGP 2022.","robots":{"index":"index","follow":"follow","max-snippet":"max-snippet:-1","max-image-preview":"max-image-preview:large","max-video-preview":"max-video-preview:-1"},"canonical":"https:\/\/dicodusport.fr\/blog\/motogp-ameriques-2022-programme-tv-horaires-et-resultats\/","og_locale":"fr_FR","og_type":"article","og_title":"MotoGP Am\u00e9riques 2022 : Les r\u00e9sultats complets","og_description":"Programme TV, enjeux, r\u00e9sultats : soyez incollables avant le Grand Prix des Am\u00e9riques, 4\u00e8me manche du Championnat du monde de MotoGP 2022.","og_url":"https:\/\/dicodusport.fr\/blog\/motogp-ameriques-2022-programme-tv-horaires-et-resultats\/","og_site_name":"Dicodusport","article_publisher":"https:\/\/www.facebook.com\/dicodusport","article_author":"https:\/\/www.facebook.com\/roxane.lecacher","article_published_time":"2022-04-10T19:14:46+00:00","article_modified_time":"2022-05-01T13:49:26+00:00","og_image":[{"width":800,"height":445,"url":"https:\/\/dicodusport.fr\/blog\/wp-content\/uploads\/2022\/04\/MotoGP-Ameriques-2022-Programme-TV-horaires-et-resultats.png","type":"image\/png"}],"author":"Roxane Lecacher","twitter_card":"summary_large_image","twitter_title":"MotoGP Am\u00e9riques 2022 : Les r\u00e9sultats complets","twitter_creator":"@dicodusport","twitter_site":"@dicodusport","schema":{"@context":"https:\/\/schema.org","@graph":[{"@type":"NewsArticle","@id":"https:\/\/dicodusport.fr\/blog\/motogp-ameriques-2022-programme-tv-horaires-et-resultats\/#article","isPartOf":{"@id":"https:\/\/dicodusport.fr\/blog\/motogp-ameriques-2022-programme-tv-horaires-et-resultats\/"},"author":{"name":"Roxane Lecacher","@id":"https:\/\/dicodusport.fr\/blog\/#\/schema\/person\/819fb2545dd2715bd7c0580d6d4b411a"},"headline":"MotoGP Am\u00e9riques 2022 : Les r\u00e9sultats complets","datePublished":"2022-04-10T19:14:46+00:00","dateModified":"2022-05-01T13:49:26+00:00","mainEntityOfPage":{"@id":"https:\/\/dicodusport.fr\/blog\/motogp-ameriques-2022-programme-tv-horaires-et-resultats\/"},"wordCount":1294,"commentCount":0,"publisher":{"@id":"https:\/\/dicodusport.fr\/blog\/#organization"},"image":{"@id":"https:\/\/dicodusport.fr\/blog\/motogp-ameriques-2022-programme-tv-horaires-et-resultats\/#primaryimage"},"thumbnailUrl":"https:\/\/dicodusport.fr\/blog\/wp-content\/uploads\/2022\/04\/MotoGP-Ameriques-2022-Programme-TV-horaires-et-resultats.png","keywords":["Grand Prix des Am\u00e9riques","MotoGP","MotoGP Am\u00e9riques"],"articleSection":["MotoGP"],"inLanguage":"fr-FR","potentialAction":[{"@type":"CommentAction","name":"Comment","target":["https:\/\/dicodusport.fr\/blog\/motogp-ameriques-2022-programme-tv-horaires-et-resultats\/#respond"]}],"copyrightYear":"2022","copyrightHolder":{"@id":"https:\/\/dicodusport.fr\/blog\/#organization"}},{"@type":"WebPage","@id":"https:\/\/dicodusport.fr\/blog\/motogp-ameriques-2022-programme-tv-horaires-et-resultats\/","url":"https:\/\/dicodusport.fr\/blog\/motogp-ameriques-2022-programme-tv-horaires-et-resultats\/","name":"MotoGP Am\u00e9riques 2022 : Les r\u00e9sultats complets","isPartOf":{"@id":"https:\/\/dicodusport.fr\/blog\/#website"},"primaryImageOfPage":{"@id":"https:\/\/dicodusport.fr\/blog\/motogp-ameriques-2022-programme-tv-horaires-et-resultats\/#primaryimage"},"image":{"@id":"https:\/\/dicodusport.fr\/blog\/motogp-ameriques-2022-programme-tv-horaires-et-resultats\/#primaryimage"},"thumbnailUrl":"https:\/\/dicodusport.fr\/blog\/wp-content\/uploads\/2022\/04\/MotoGP-Ameriques-2022-Programme-TV-horaires-et-resultats.png","datePublished":"2022-04-10T19:14:46+00:00","dateModified":"2022-05-01T13:49:26+00:00","description":"Programme TV, enjeux, r\u00e9sultats : soyez incollables avant le Grand Prix des Am\u00e9riques, 4\u00e8me manche du Championnat du monde de MotoGP 2022.","breadcrumb":{"@id":"https:\/\/dicodusport.fr\/blog\/motogp-ameriques-2022-programme-tv-horaires-et-resultats\/#breadcrumb"},"inLanguage":"fr-FR","potentialAction":[{"@type":"ReadAction","target":["https:\/\/dicodusport.fr\/blog\/motogp-ameriques-2022-programme-tv-horaires-et-resultats\/"]}]},{"@type":"ImageObject","inLanguage":"fr-FR","@id":"https:\/\/dicodusport.fr\/blog\/motogp-ameriques-2022-programme-tv-horaires-et-resultats\/#primaryimage","url":"https:\/\/dicodusport.fr\/blog\/wp-content\/uploads\/2022\/04\/MotoGP-Ameriques-2022-Programme-TV-horaires-et-resultats.png","contentUrl":"https:\/\/dicodusport.fr\/blog\/wp-content\/uploads\/2022\/04\/MotoGP-Ameriques-2022-Programme-TV-horaires-et-resultats.png","width":800,"height":445,"caption":"MotoGP Am\u00e9riques 2022 Programme TV, horaires et r\u00e9sultats"},{"@type":"BreadcrumbList","@id":"https:\/\/dicodusport.fr\/blog\/motogp-ameriques-2022-programme-tv-horaires-et-resultats\/#breadcrumb","itemListElement":[{"@type":"ListItem","position":1,"name":"Accueil","item":"https:\/\/dicodusport.fr\/blog\/"},{"@type":"ListItem","position":2,"name":"MotoGP Am\u00e9riques 2022 : Les r\u00e9sultats complets"}]},{"@type":"WebSite","@id":"https:\/\/dicodusport.fr\/blog\/#website","url":"https:\/\/dicodusport.fr\/blog\/","name":"Dicodusport","description":"L&#039;encyclop\u00e9die de l&#039;actualit\u00e9 sportive","publisher":{"@id":"https:\/\/dicodusport.fr\/blog\/#organization"},"potentialAction":[{"@type":"SearchAction","target":{"@type":"EntryPoint","urlTemplate":"https:\/\/dicodusport.fr\/blog\/?s={search_term_string}"},"query-input":{"@type":"PropertyValueSpecification","valueRequired":true,"valueName":"search_term_string"}}],"inLanguage":"fr-FR"},{"@type":"NewsMediaOrganization","@id":"https:\/\/dicodusport.fr\/blog\/#organization","name":"Dicodusport","url":"https:\/\/dicodusport.fr\/blog\/","logo":{"@type":"ImageObject","inLanguage":"fr-FR","@id":"https:\/\/dicodusport.fr\/blog\/#\/schema\/logo\/image\/","url":"https:\/\/dicodusport.fr\/blog\/wp-content\/uploads\/2020\/06\/cropped-LOGO-DICODUSPORT-2020-SANS-FOND-SANS-TEXTE.png","contentUrl":"https:\/\/dicodusport.fr\/blog\/wp-content\/uploads\/2020\/06\/cropped-LOGO-DICODUSPORT-2020-SANS-FOND-SANS-TEXTE.png","width":512,"height":512,"caption":"Dicodusport"},"image":{"@id":"https:\/\/dicodusport.fr\/blog\/#\/schema\/logo\/image\/"},"sameAs":["https:\/\/www.facebook.com\/dicodusport","https:\/\/x.com\/dicodusport","https:\/\/www.instagram.com\/dicodusport\/","https:\/\/www.youtube.com\/channel\/UC7V2KZ5sd3htJivAbA4ZG3w"],"description":"Dicodusport est l'encyclop\u00e9die de l'actualit\u00e9 sportive.","email":"bonjour@dicodusport.fr","legalName":"DICODUSPORT","foundingDate":"2018-01-14","vatID":"FR71834470973","taxID":"83447097300043","numberOfEmployees":{"@type":"QuantitativeValue","minValue":"1","maxValue":"10"}},{"@type":"Person","@id":"https:\/\/dicodusport.fr\/blog\/#\/schema\/person\/819fb2545dd2715bd7c0580d6d4b411a","name":"Roxane Lecacher","image":{"@type":"ImageObject","inLanguage":"fr-FR","@id":"https:\/\/dicodusport.fr\/blog\/#\/schema\/person\/image\/","url":"https:\/\/dicodusport.fr\/blog\/wp-content\/uploads\/2021\/05\/Roxane-Lecacher-150x150.jpg","contentUrl":"https:\/\/dicodusport.fr\/blog\/wp-content\/uploads\/2021\/05\/Roxane-Lecacher-150x150.jpg","caption":"Roxane Lecacher"},"description":"Journaliste\/r\u00e9dactrice depuis janvier 2021 - N\u00e9e quelques jours avant la premi\u00e8re \u00e9toile des Bleus, je baigne dans une famille tr\u00e8s sportive. Je n\u2019ai eu d\u2019autres choix que de me passionner pour le sujet. Pratiquante de l\u2019athl\u00e9tisme depuis toute petite, j\u2019ai aussi un attrait tout particulier pour la Formule 1, le biathlon et le foot. Pendant les grands \u00e9v\u00e9nements, il est impossible de d\u00e9crocher de ma t\u00e9l\u00e9. C\u2019est \u00e0 travers Dicodusport que j\u2019aime d\u00e9sormais vous transmettre mes \u00e9motions et ma passion.","sameAs":["https:\/\/www.facebook.com\/roxane.lecacher","https:\/\/fr.linkedin.com\/in\/roxane-lecacher-23368313b"],"url":"https:\/\/dicodusport.fr\/blog\/author\/roxanel\/"}]}},"_links":{"self":[{"href":"https:\/\/dicodusport.fr\/blog\/wp-json\/wp\/v2\/posts\/213751","targetHints":{"allow":["GET"]}}],"collection":[{"href":"https:\/\/dicodusport.fr\/blog\/wp-json\/wp\/v2\/posts"}],"about":[{"href":"https:\/\/dicodusport.fr\/blog\/wp-json\/wp\/v2\/types\/post"}],"author":[{"embeddable":true,"href":"https:\/\/dicodusport.fr\/blog\/wp-json\/wp\/v2\/users\/54"}],"replies":[{"embeddable":true,"href":"https:\/\/dicodusport.fr\/blog\/wp-json\/wp\/v2\/comments?post=213751"}],"version-history":[{"count":0,"href":"https:\/\/dicodusport.fr\/blog\/wp-json\/wp\/v2\/posts\/213751\/revisions"}],"wp:featuredmedia":[{"embeddable":true,"href":"https:\/\/dicodusport.fr\/blog\/wp-json\/wp\/v2\/media\/214072"}],"wp:attachment":[{"href":"https:\/\/dicodusport.fr\/blog\/wp-json\/wp\/v2\/media?parent=213751"}],"wp:term":[{"taxonomy":"category","embeddable":true,"href":"https:\/\/dicodusport.fr\/blog\/wp-json\/wp\/v2\/categories?post=213751"},{"taxonomy":"post_tag","embeddable":true,"href":"https:\/\/dicodusport.fr\/blog\/wp-json\/wp\/v2\/tags?post=213751"}],"curies":[{"name":"wp","href":"https:\/\/api.w.org\/{rel}","templated":true}]}}