{"id":213848,"date":"2022-04-06T14:00:46","date_gmt":"2022-04-06T12:00:46","guid":{"rendered":"https:\/\/dicodusport.fr\/blog\/?p=213848&#038;preview=true&#038;preview_id=213848"},"modified":"2022-04-06T14:57:52","modified_gmt":"2022-04-06T12:57:52","slug":"biathlon-dorothea-wierer-devrait-poursuivre-sa-carriere","status":"publish","type":"post","link":"https:\/\/dicodusport.fr\/blog\/biathlon-dorothea-wierer-devrait-poursuivre-sa-carriere\/","title":{"rendered":"Biathlon : Dorothea Wierer devrait poursuivre sa carri\u00e8re"},"content":{"rendered":"<p style=\"text-align: justify;\"><b><i><a href=\"https:\/\/dicodusport.fr\/blog\/actualites\/biathlon\/\">BIATHLON<\/a> &#8211; Alors qu&rsquo;elle \u00e9tait ind\u00e9cise sur la suite de sa carri\u00e8re lors des finales en Norv\u00e8ge, Dorothea Wierer devrait bien \u00eatre pr\u00e9sente la saison prochaine.\u00a0<\/i><\/b><\/p>\n<p style=\"text-align: justify;\">A 32 ans, la championne italienne <strong>Dorothea Wierer<\/strong> ne savait pas si elle allait continuer sa carri\u00e8re en Coupe du monde, \u00e0 l&rsquo;issue des finales d&rsquo;Oslo, il y a trois semaines. Si sa d\u00e9cision n&rsquo;est pas encore compl\u00e8tement arr\u00eat\u00e9e, <strong>Dorothea Wierer<\/strong> penche plut\u00f4t pour \u00eatre pr\u00e9sente en vue de la reprise en novembre prochain. Pour <em>Tuttosport<\/em>, la double laur\u00e9ate du classement g\u00e9n\u00e9ral de la Coupe du monde s&rsquo;est expliqu\u00e9e.<\/p>\n<blockquote>\n<p style=\"text-align: justify;\">Pour le moment, c\u2019est plus oui que non, mais j\u2019ai besoin de faire le vide dans ma t\u00eate et de faire une pause avant de prendre une d\u00e9cision finale. Lorsque vous arrivez \u00e0 la fin de votre carri\u00e8re et que vous avez gagn\u00e9 plus que vous ne le pensiez, des doutes surgissent et vous vous posez des questions. Beaucoup de gens m\u2019\u00e9crivent et me demandent de continuer. Je suis heureuse, c\u2019est une motivation suppl\u00e9mentaire, car cela signifie qu\u2019ils s\u2019int\u00e9ressent au biathlon autant que moi.<\/p>\n<\/blockquote>\n<p style=\"text-align: justify;\">Si elle devrait bien poursuivre, l&rsquo;Italienne a aussi expliqu\u00e9 que \u00e7a serait compliqu\u00e9 d&rsquo;aller jusqu&rsquo;\u00e0 la prochaine olympiade, qui se disputera pourtant \u00e0 la maison en 2026, \u00e0 Cortina d&rsquo;Ampezzo, certainement sur le site d&rsquo;Antholz pour ce qui est des \u00e9preuves de biathlon.<\/p>\n<blockquote class=\"twitter-tweet\">\n<p dir=\"ltr\" lang=\"fr\">Dorothea Wierer partie pour continuer &#x1f44d;&#x1f1ee;&#x1f1f9;<\/p>\n<p>Si elle n\u2019a encore rien officialis\u00e9, Dorothea Wierer se voit tout de m\u00eame poursuivre sa carri\u00e8re apr\u00e8s ce dernier hiver olympique. <a href=\"https:\/\/t.co\/xnY2neoNjq\">https:\/\/t.co\/xnY2neoNjq<\/a><\/p>\n<p>\u2014 Biathlon Live (@BiathlonLivefr) <a href=\"https:\/\/twitter.com\/BiathlonLivefr\/status\/1511624559212081156?ref_src=twsrc%5Etfw\">April 6, 2022<\/a><\/p><\/blockquote>\n<p style=\"text-align: justify;\"><script async src=\"https:\/\/platform.twitter.com\/widgets.js\" charset=\"utf-8\"><\/script><\/p>\n","protected":false},"excerpt":{"rendered":"<p>BIATHLON &#8211; Alors qu&rsquo;elle \u00e9tait ind\u00e9cise sur la suite de sa carri\u00e8re lors des finales en Norv\u00e8ge, Dorothea Wierer devrait bien \u00eatre pr\u00e9sente la saison prochaine.\u00a0<\/p>\n","protected":false},"author":1,"featured_media":213851,"comment_status":"open","ping_status":"closed","sticky":false,"template":"","format":"standard","meta":{"_acf_changed":false,"_daextam_enable_autolinks":"","footnotes":""},"categories":[2426,47040],"tags":[2427,7455],"class_list":["post-213848","post","type-post","status-publish","format-standard","has-post-thumbnail","hentry","category-biathlon","category-coupe-du-monde-de-biathlon","tag-biathlon","tag-dorothea-wierer"],"acf":[],"yoast_head":"<!-- This site is optimized with the Yoast SEO Premium plugin v26.7 (Yoast SEO v26.7) - https:\/\/yoast.com\/wordpress\/plugins\/seo\/ -->\n<title>Biathlon : Dorothea Wierer devrait poursuivre sa carri\u00e8re<\/title>\n<meta name=\"description\" content=\"BIATHLON - Alors qu&#039;elle \u00e9tait ind\u00e9cise sur la suite de sa carri\u00e8re lors des finales en Norv\u00e8ge, Dorothea Wierer devrait bien continuer.\" \/>\n<meta name=\"robots\" content=\"index, follow, max-snippet:-1, max-image-preview:large, max-video-preview:-1\" \/>\n<link rel=\"canonical\" href=\"https:\/\/dicodusport.fr\/blog\/biathlon-dorothea-wierer-devrait-poursuivre-sa-carriere\/\" \/>\n<meta property=\"og:locale\" content=\"fr_FR\" \/>\n<meta property=\"og:type\" content=\"article\" \/>\n<meta property=\"og:title\" content=\"Biathlon : Dorothea Wierer devrait poursuivre sa carri\u00e8re\" \/>\n<meta property=\"og:description\" content=\"BIATHLON - Alors qu&#039;elle \u00e9tait ind\u00e9cise sur la suite de sa carri\u00e8re lors des finales en Norv\u00e8ge, Dorothea Wierer devrait bien continuer.\" \/>\n<meta property=\"og:url\" content=\"https:\/\/dicodusport.fr\/blog\/biathlon-dorothea-wierer-devrait-poursuivre-sa-carriere\/\" \/>\n<meta property=\"og:site_name\" content=\"Dicodusport\" \/>\n<meta property=\"article:publisher\" content=\"https:\/\/www.facebook.com\/dicodusport\" \/>\n<meta property=\"article:author\" content=\"https:\/\/www.facebook.com\/dicodusport\" \/>\n<meta property=\"article:published_time\" content=\"2022-04-06T12:00:46+00:00\" \/>\n<meta property=\"article:modified_time\" content=\"2022-04-06T12:57:52+00:00\" \/>\n<meta property=\"og:image\" content=\"https:\/\/dicodusport.fr\/blog\/wp-content\/uploads\/2022\/04\/Dorothea-Wierer-nest-pas-encore-a\u0300-la-retraite.png\" \/>\n\t<meta property=\"og:image:width\" content=\"800\" \/>\n\t<meta property=\"og:image:height\" content=\"445\" \/>\n\t<meta property=\"og:image:type\" content=\"image\/png\" \/>\n<meta name=\"author\" content=\"Nicolas Jacquemard\" \/>\n<meta name=\"twitter:card\" content=\"summary_large_image\" \/>\n<meta name=\"twitter:title\" content=\"Biathlon : Dorothea Wierer devrait poursuivre sa carri\u00e8re\" \/>\n<meta name=\"twitter:creator\" content=\"@https:\/\/twitter.com\/Nico_Jacquemard\" \/>\n<meta name=\"twitter:site\" content=\"@dicodusport\" \/>\n<script type=\"application\/ld+json\" class=\"yoast-schema-graph\">{\"@context\":\"https:\/\/schema.org\",\"@graph\":[{\"@type\":\"NewsArticle\",\"@id\":\"https:\/\/dicodusport.fr\/blog\/biathlon-dorothea-wierer-devrait-poursuivre-sa-carriere\/#article\",\"isPartOf\":{\"@id\":\"https:\/\/dicodusport.fr\/blog\/biathlon-dorothea-wierer-devrait-poursuivre-sa-carriere\/\"},\"author\":{\"name\":\"Nicolas Jacquemard\",\"@id\":\"https:\/\/dicodusport.fr\/blog\/#\/schema\/person\/55dcb50ad410894e431ed812bbb70191\"},\"headline\":\"Biathlon : Dorothea Wierer devrait poursuivre sa carri\u00e8re\",\"datePublished\":\"2022-04-06T12:00:46+00:00\",\"dateModified\":\"2022-04-06T12:57:52+00:00\",\"mainEntityOfPage\":{\"@id\":\"https:\/\/dicodusport.fr\/blog\/biathlon-dorothea-wierer-devrait-poursuivre-sa-carriere\/\"},\"wordCount\":307,\"commentCount\":0,\"publisher\":{\"@id\":\"https:\/\/dicodusport.fr\/blog\/#organization\"},\"image\":{\"@id\":\"https:\/\/dicodusport.fr\/blog\/biathlon-dorothea-wierer-devrait-poursuivre-sa-carriere\/#primaryimage\"},\"thumbnailUrl\":\"https:\/\/dicodusport.fr\/blog\/wp-content\/uploads\/2022\/04\/Dorothea-Wierer-nest-pas-encore-a\u0300-la-retraite.png\",\"keywords\":[\"Biathlon\",\"Dorothea Wierer\"],\"articleSection\":[\"Biathlon\",\"Coupe du monde de biathlon\"],\"inLanguage\":\"fr-FR\",\"potentialAction\":[{\"@type\":\"CommentAction\",\"name\":\"Comment\",\"target\":[\"https:\/\/dicodusport.fr\/blog\/biathlon-dorothea-wierer-devrait-poursuivre-sa-carriere\/#respond\"]}],\"copyrightYear\":\"2022\",\"copyrightHolder\":{\"@id\":\"https:\/\/dicodusport.fr\/blog\/#organization\"}},{\"@type\":\"WebPage\",\"@id\":\"https:\/\/dicodusport.fr\/blog\/biathlon-dorothea-wierer-devrait-poursuivre-sa-carriere\/\",\"url\":\"https:\/\/dicodusport.fr\/blog\/biathlon-dorothea-wierer-devrait-poursuivre-sa-carriere\/\",\"name\":\"Biathlon : Dorothea Wierer devrait poursuivre sa carri\u00e8re\",\"isPartOf\":{\"@id\":\"https:\/\/dicodusport.fr\/blog\/#website\"},\"primaryImageOfPage\":{\"@id\":\"https:\/\/dicodusport.fr\/blog\/biathlon-dorothea-wierer-devrait-poursuivre-sa-carriere\/#primaryimage\"},\"image\":{\"@id\":\"https:\/\/dicodusport.fr\/blog\/biathlon-dorothea-wierer-devrait-poursuivre-sa-carriere\/#primaryimage\"},\"thumbnailUrl\":\"https:\/\/dicodusport.fr\/blog\/wp-content\/uploads\/2022\/04\/Dorothea-Wierer-nest-pas-encore-a\u0300-la-retraite.png\",\"datePublished\":\"2022-04-06T12:00:46+00:00\",\"dateModified\":\"2022-04-06T12:57:52+00:00\",\"description\":\"BIATHLON - Alors qu'elle \u00e9tait ind\u00e9cise sur la suite de sa carri\u00e8re lors des finales en Norv\u00e8ge, Dorothea Wierer devrait bien continuer.\",\"breadcrumb\":{\"@id\":\"https:\/\/dicodusport.fr\/blog\/biathlon-dorothea-wierer-devrait-poursuivre-sa-carriere\/#breadcrumb\"},\"inLanguage\":\"fr-FR\",\"potentialAction\":[{\"@type\":\"ReadAction\",\"target\":[\"https:\/\/dicodusport.fr\/blog\/biathlon-dorothea-wierer-devrait-poursuivre-sa-carriere\/\"]}]},{\"@type\":\"ImageObject\",\"inLanguage\":\"fr-FR\",\"@id\":\"https:\/\/dicodusport.fr\/blog\/biathlon-dorothea-wierer-devrait-poursuivre-sa-carriere\/#primaryimage\",\"url\":\"https:\/\/dicodusport.fr\/blog\/wp-content\/uploads\/2022\/04\/Dorothea-Wierer-nest-pas-encore-a\u0300-la-retraite.png\",\"contentUrl\":\"https:\/\/dicodusport.fr\/blog\/wp-content\/uploads\/2022\/04\/Dorothea-Wierer-nest-pas-encore-a\u0300-la-retraite.png\",\"width\":800,\"height\":445},{\"@type\":\"BreadcrumbList\",\"@id\":\"https:\/\/dicodusport.fr\/blog\/biathlon-dorothea-wierer-devrait-poursuivre-sa-carriere\/#breadcrumb\",\"itemListElement\":[{\"@type\":\"ListItem\",\"position\":1,\"name\":\"Accueil\",\"item\":\"https:\/\/dicodusport.fr\/blog\/\"},{\"@type\":\"ListItem\",\"position\":2,\"name\":\"Biathlon : Dorothea Wierer devrait poursuivre sa carri\u00e8re\"}]},{\"@type\":\"WebSite\",\"@id\":\"https:\/\/dicodusport.fr\/blog\/#website\",\"url\":\"https:\/\/dicodusport.fr\/blog\/\",\"name\":\"Dicodusport\",\"description\":\"L&#039;encyclop\u00e9die de l&#039;actualit\u00e9 sportive\",\"publisher\":{\"@id\":\"https:\/\/dicodusport.fr\/blog\/#organization\"},\"potentialAction\":[{\"@type\":\"SearchAction\",\"target\":{\"@type\":\"EntryPoint\",\"urlTemplate\":\"https:\/\/dicodusport.fr\/blog\/?s={search_term_string}\"},\"query-input\":{\"@type\":\"PropertyValueSpecification\",\"valueRequired\":true,\"valueName\":\"search_term_string\"}}],\"inLanguage\":\"fr-FR\"},{\"@type\":\"NewsMediaOrganization\",\"@id\":\"https:\/\/dicodusport.fr\/blog\/#organization\",\"name\":\"Dicodusport\",\"url\":\"https:\/\/dicodusport.fr\/blog\/\",\"logo\":{\"@type\":\"ImageObject\",\"inLanguage\":\"fr-FR\",\"@id\":\"https:\/\/dicodusport.fr\/blog\/#\/schema\/logo\/image\/\",\"url\":\"https:\/\/dicodusport.fr\/blog\/wp-content\/uploads\/2020\/06\/cropped-LOGO-DICODUSPORT-2020-SANS-FOND-SANS-TEXTE.png\",\"contentUrl\":\"https:\/\/dicodusport.fr\/blog\/wp-content\/uploads\/2020\/06\/cropped-LOGO-DICODUSPORT-2020-SANS-FOND-SANS-TEXTE.png\",\"width\":512,\"height\":512,\"caption\":\"Dicodusport\"},\"image\":{\"@id\":\"https:\/\/dicodusport.fr\/blog\/#\/schema\/logo\/image\/\"},\"sameAs\":[\"https:\/\/www.facebook.com\/dicodusport\",\"https:\/\/x.com\/dicodusport\",\"https:\/\/www.instagram.com\/dicodusport\/\",\"https:\/\/www.youtube.com\/channel\/UC7V2KZ5sd3htJivAbA4ZG3w\"],\"description\":\"Dicodusport est l'encyclop\u00e9die de l'actualit\u00e9 sportive.\",\"email\":\"bonjour@dicodusport.fr\",\"legalName\":\"DICODUSPORT\",\"foundingDate\":\"2018-01-14\",\"vatID\":\"FR71834470973\",\"taxID\":\"83447097300043\",\"numberOfEmployees\":{\"@type\":\"QuantitativeValue\",\"minValue\":\"1\",\"maxValue\":\"10\"}},{\"@type\":\"Person\",\"@id\":\"https:\/\/dicodusport.fr\/blog\/#\/schema\/person\/55dcb50ad410894e431ed812bbb70191\",\"name\":\"Nicolas Jacquemard\",\"image\":{\"@type\":\"ImageObject\",\"inLanguage\":\"fr-FR\",\"@id\":\"https:\/\/dicodusport.fr\/blog\/#\/schema\/person\/image\/\",\"url\":\"https:\/\/dicodusport.fr\/blog\/wp-content\/uploads\/2021\/05\/Nicolas-Jacquemard-150x150.jpeg\",\"contentUrl\":\"https:\/\/dicodusport.fr\/blog\/wp-content\/uploads\/2021\/05\/Nicolas-Jacquemard-150x150.jpeg\",\"caption\":\"Nicolas Jacquemard\"},\"description\":\"Passionn\u00e9 de sport et entrepreneur depuis mes 18 ans, la cr\u00e9ation de Dicodusport m'a sembl\u00e9 \u00e9vidente pour participer \u00e0 la m\u00e9diatisation d'un plus grand nombre de sports. Le chemin est long mais avec une \u00e9quipe des plus motiv\u00e9es et les Jeux Olympiques de Paris 2024 en point de mire, nous y arriverons ! Journaliste dans le monde du sport depuis plus de 5 ans, je traite aussi bien de football, de rugby, de biathlon que de cyclisme.\",\"sameAs\":[\"https:\/\/www.facebook.com\/dicodusport\",\"https:\/\/x.com\/https:\/\/twitter.com\/Nico_Jacquemard\"],\"url\":\"https:\/\/dicodusport.fr\/blog\/author\/dicodusport\/\"}]}<\/script>\n<!-- \/ Yoast SEO Premium plugin. -->","yoast_head_json":{"title":"Biathlon : Dorothea Wierer devrait poursuivre sa carri\u00e8re","description":"BIATHLON - Alors qu'elle \u00e9tait ind\u00e9cise sur la suite de sa carri\u00e8re lors des finales en Norv\u00e8ge, Dorothea Wierer devrait bien continuer.","robots":{"index":"index","follow":"follow","max-snippet":"max-snippet:-1","max-image-preview":"max-image-preview:large","max-video-preview":"max-video-preview:-1"},"canonical":"https:\/\/dicodusport.fr\/blog\/biathlon-dorothea-wierer-devrait-poursuivre-sa-carriere\/","og_locale":"fr_FR","og_type":"article","og_title":"Biathlon : Dorothea Wierer devrait poursuivre sa carri\u00e8re","og_description":"BIATHLON - Alors qu'elle \u00e9tait ind\u00e9cise sur la suite de sa carri\u00e8re lors des finales en Norv\u00e8ge, Dorothea Wierer devrait bien continuer.","og_url":"https:\/\/dicodusport.fr\/blog\/biathlon-dorothea-wierer-devrait-poursuivre-sa-carriere\/","og_site_name":"Dicodusport","article_publisher":"https:\/\/www.facebook.com\/dicodusport","article_author":"https:\/\/www.facebook.com\/dicodusport","article_published_time":"2022-04-06T12:00:46+00:00","article_modified_time":"2022-04-06T12:57:52+00:00","og_image":[{"width":800,"height":445,"url":"https:\/\/dicodusport.fr\/blog\/wp-content\/uploads\/2022\/04\/Dorothea-Wierer-nest-pas-encore-a\u0300-la-retraite.png","type":"image\/png"}],"author":"Nicolas Jacquemard","twitter_card":"summary_large_image","twitter_title":"Biathlon : Dorothea Wierer devrait poursuivre sa carri\u00e8re","twitter_creator":"@https:\/\/twitter.com\/Nico_Jacquemard","twitter_site":"@dicodusport","schema":{"@context":"https:\/\/schema.org","@graph":[{"@type":"NewsArticle","@id":"https:\/\/dicodusport.fr\/blog\/biathlon-dorothea-wierer-devrait-poursuivre-sa-carriere\/#article","isPartOf":{"@id":"https:\/\/dicodusport.fr\/blog\/biathlon-dorothea-wierer-devrait-poursuivre-sa-carriere\/"},"author":{"name":"Nicolas Jacquemard","@id":"https:\/\/dicodusport.fr\/blog\/#\/schema\/person\/55dcb50ad410894e431ed812bbb70191"},"headline":"Biathlon : Dorothea Wierer devrait poursuivre sa carri\u00e8re","datePublished":"2022-04-06T12:00:46+00:00","dateModified":"2022-04-06T12:57:52+00:00","mainEntityOfPage":{"@id":"https:\/\/dicodusport.fr\/blog\/biathlon-dorothea-wierer-devrait-poursuivre-sa-carriere\/"},"wordCount":307,"commentCount":0,"publisher":{"@id":"https:\/\/dicodusport.fr\/blog\/#organization"},"image":{"@id":"https:\/\/dicodusport.fr\/blog\/biathlon-dorothea-wierer-devrait-poursuivre-sa-carriere\/#primaryimage"},"thumbnailUrl":"https:\/\/dicodusport.fr\/blog\/wp-content\/uploads\/2022\/04\/Dorothea-Wierer-nest-pas-encore-a\u0300-la-retraite.png","keywords":["Biathlon","Dorothea Wierer"],"articleSection":["Biathlon","Coupe du monde de biathlon"],"inLanguage":"fr-FR","potentialAction":[{"@type":"CommentAction","name":"Comment","target":["https:\/\/dicodusport.fr\/blog\/biathlon-dorothea-wierer-devrait-poursuivre-sa-carriere\/#respond"]}],"copyrightYear":"2022","copyrightHolder":{"@id":"https:\/\/dicodusport.fr\/blog\/#organization"}},{"@type":"WebPage","@id":"https:\/\/dicodusport.fr\/blog\/biathlon-dorothea-wierer-devrait-poursuivre-sa-carriere\/","url":"https:\/\/dicodusport.fr\/blog\/biathlon-dorothea-wierer-devrait-poursuivre-sa-carriere\/","name":"Biathlon : Dorothea Wierer devrait poursuivre sa carri\u00e8re","isPartOf":{"@id":"https:\/\/dicodusport.fr\/blog\/#website"},"primaryImageOfPage":{"@id":"https:\/\/dicodusport.fr\/blog\/biathlon-dorothea-wierer-devrait-poursuivre-sa-carriere\/#primaryimage"},"image":{"@id":"https:\/\/dicodusport.fr\/blog\/biathlon-dorothea-wierer-devrait-poursuivre-sa-carriere\/#primaryimage"},"thumbnailUrl":"https:\/\/dicodusport.fr\/blog\/wp-content\/uploads\/2022\/04\/Dorothea-Wierer-nest-pas-encore-a\u0300-la-retraite.png","datePublished":"2022-04-06T12:00:46+00:00","dateModified":"2022-04-06T12:57:52+00:00","description":"BIATHLON - Alors qu'elle \u00e9tait ind\u00e9cise sur la suite de sa carri\u00e8re lors des finales en Norv\u00e8ge, Dorothea Wierer devrait bien continuer.","breadcrumb":{"@id":"https:\/\/dicodusport.fr\/blog\/biathlon-dorothea-wierer-devrait-poursuivre-sa-carriere\/#breadcrumb"},"inLanguage":"fr-FR","potentialAction":[{"@type":"ReadAction","target":["https:\/\/dicodusport.fr\/blog\/biathlon-dorothea-wierer-devrait-poursuivre-sa-carriere\/"]}]},{"@type":"ImageObject","inLanguage":"fr-FR","@id":"https:\/\/dicodusport.fr\/blog\/biathlon-dorothea-wierer-devrait-poursuivre-sa-carriere\/#primaryimage","url":"https:\/\/dicodusport.fr\/blog\/wp-content\/uploads\/2022\/04\/Dorothea-Wierer-nest-pas-encore-a\u0300-la-retraite.png","contentUrl":"https:\/\/dicodusport.fr\/blog\/wp-content\/uploads\/2022\/04\/Dorothea-Wierer-nest-pas-encore-a\u0300-la-retraite.png","width":800,"height":445},{"@type":"BreadcrumbList","@id":"https:\/\/dicodusport.fr\/blog\/biathlon-dorothea-wierer-devrait-poursuivre-sa-carriere\/#breadcrumb","itemListElement":[{"@type":"ListItem","position":1,"name":"Accueil","item":"https:\/\/dicodusport.fr\/blog\/"},{"@type":"ListItem","position":2,"name":"Biathlon : Dorothea Wierer devrait poursuivre sa carri\u00e8re"}]},{"@type":"WebSite","@id":"https:\/\/dicodusport.fr\/blog\/#website","url":"https:\/\/dicodusport.fr\/blog\/","name":"Dicodusport","description":"L&#039;encyclop\u00e9die de l&#039;actualit\u00e9 sportive","publisher":{"@id":"https:\/\/dicodusport.fr\/blog\/#organization"},"potentialAction":[{"@type":"SearchAction","target":{"@type":"EntryPoint","urlTemplate":"https:\/\/dicodusport.fr\/blog\/?s={search_term_string}"},"query-input":{"@type":"PropertyValueSpecification","valueRequired":true,"valueName":"search_term_string"}}],"inLanguage":"fr-FR"},{"@type":"NewsMediaOrganization","@id":"https:\/\/dicodusport.fr\/blog\/#organization","name":"Dicodusport","url":"https:\/\/dicodusport.fr\/blog\/","logo":{"@type":"ImageObject","inLanguage":"fr-FR","@id":"https:\/\/dicodusport.fr\/blog\/#\/schema\/logo\/image\/","url":"https:\/\/dicodusport.fr\/blog\/wp-content\/uploads\/2020\/06\/cropped-LOGO-DICODUSPORT-2020-SANS-FOND-SANS-TEXTE.png","contentUrl":"https:\/\/dicodusport.fr\/blog\/wp-content\/uploads\/2020\/06\/cropped-LOGO-DICODUSPORT-2020-SANS-FOND-SANS-TEXTE.png","width":512,"height":512,"caption":"Dicodusport"},"image":{"@id":"https:\/\/dicodusport.fr\/blog\/#\/schema\/logo\/image\/"},"sameAs":["https:\/\/www.facebook.com\/dicodusport","https:\/\/x.com\/dicodusport","https:\/\/www.instagram.com\/dicodusport\/","https:\/\/www.youtube.com\/channel\/UC7V2KZ5sd3htJivAbA4ZG3w"],"description":"Dicodusport est l'encyclop\u00e9die de l'actualit\u00e9 sportive.","email":"bonjour@dicodusport.fr","legalName":"DICODUSPORT","foundingDate":"2018-01-14","vatID":"FR71834470973","taxID":"83447097300043","numberOfEmployees":{"@type":"QuantitativeValue","minValue":"1","maxValue":"10"}},{"@type":"Person","@id":"https:\/\/dicodusport.fr\/blog\/#\/schema\/person\/55dcb50ad410894e431ed812bbb70191","name":"Nicolas Jacquemard","image":{"@type":"ImageObject","inLanguage":"fr-FR","@id":"https:\/\/dicodusport.fr\/blog\/#\/schema\/person\/image\/","url":"https:\/\/dicodusport.fr\/blog\/wp-content\/uploads\/2021\/05\/Nicolas-Jacquemard-150x150.jpeg","contentUrl":"https:\/\/dicodusport.fr\/blog\/wp-content\/uploads\/2021\/05\/Nicolas-Jacquemard-150x150.jpeg","caption":"Nicolas Jacquemard"},"description":"Passionn\u00e9 de sport et entrepreneur depuis mes 18 ans, la cr\u00e9ation de Dicodusport m'a sembl\u00e9 \u00e9vidente pour participer \u00e0 la m\u00e9diatisation d'un plus grand nombre de sports. Le chemin est long mais avec une \u00e9quipe des plus motiv\u00e9es et les Jeux Olympiques de Paris 2024 en point de mire, nous y arriverons ! Journaliste dans le monde du sport depuis plus de 5 ans, je traite aussi bien de football, de rugby, de biathlon que de cyclisme.","sameAs":["https:\/\/www.facebook.com\/dicodusport","https:\/\/x.com\/https:\/\/twitter.com\/Nico_Jacquemard"],"url":"https:\/\/dicodusport.fr\/blog\/author\/dicodusport\/"}]}},"_links":{"self":[{"href":"https:\/\/dicodusport.fr\/blog\/wp-json\/wp\/v2\/posts\/213848","targetHints":{"allow":["GET"]}}],"collection":[{"href":"https:\/\/dicodusport.fr\/blog\/wp-json\/wp\/v2\/posts"}],"about":[{"href":"https:\/\/dicodusport.fr\/blog\/wp-json\/wp\/v2\/types\/post"}],"author":[{"embeddable":true,"href":"https:\/\/dicodusport.fr\/blog\/wp-json\/wp\/v2\/users\/1"}],"replies":[{"embeddable":true,"href":"https:\/\/dicodusport.fr\/blog\/wp-json\/wp\/v2\/comments?post=213848"}],"version-history":[{"count":0,"href":"https:\/\/dicodusport.fr\/blog\/wp-json\/wp\/v2\/posts\/213848\/revisions"}],"wp:featuredmedia":[{"embeddable":true,"href":"https:\/\/dicodusport.fr\/blog\/wp-json\/wp\/v2\/media\/213851"}],"wp:attachment":[{"href":"https:\/\/dicodusport.fr\/blog\/wp-json\/wp\/v2\/media?parent=213848"}],"wp:term":[{"taxonomy":"category","embeddable":true,"href":"https:\/\/dicodusport.fr\/blog\/wp-json\/wp\/v2\/categories?post=213848"},{"taxonomy":"post_tag","embeddable":true,"href":"https:\/\/dicodusport.fr\/blog\/wp-json\/wp\/v2\/tags?post=213848"}],"curies":[{"name":"wp","href":"https:\/\/api.w.org\/{rel}","templated":true}]}}