{"id":213860,"date":"2022-04-06T14:49:25","date_gmt":"2022-04-06T12:49:25","guid":{"rendered":"https:\/\/dicodusport.fr\/blog\/?p=213860&#038;preview=true&#038;preview_id=213860"},"modified":"2022-04-06T14:49:25","modified_gmt":"2022-04-06T12:49:25","slug":"l-asm-clermont-perd-damian-penaud-pour-de-longues-semaines","status":"publish","type":"post","link":"https:\/\/dicodusport.fr\/blog\/l-asm-clermont-perd-damian-penaud-pour-de-longues-semaines\/","title":{"rendered":"L&rsquo;ASM Clermont perd Damian Penaud pour de longues semaines"},"content":{"rendered":"<p style=\"text-align: justify;\"><b><i>TOP 14 2021-2022 &#8211; Gros coup dur pour l&rsquo;ASM Clermont. Le club auvergnat va devoir se passer de Damian Penaud pour les six prochaines semaines. <\/i><\/b><\/p>\n<p style=\"text-align: justify;\">Touch\u00e9 \u00e0 la cheville lors de la victoire de Clermont face \u00e0 Brive (41-10), <strong>Damian Penaud<\/strong> a pass\u00e9 des examens suppl\u00e9mentaires pour conna\u00eetre la nature de sa blessure et la dur\u00e9e de son indisponibilit\u00e9. Ce sont donc six semaines que va manquer l&rsquo;international fran\u00e7ais, un vrai coup dur pour son \u00e9quipe qui est en course pour accrocher une place en phase finale de <a href=\"https:\/\/dicodusport.fr\/blog\/top-14-2021-2022-le-classement-complet\/\">Top 14<\/a>, et qui va disputer son huiti\u00e8me de finale de Champions Cup face \u00e0 Leicester. Autrement dit, le temps de se soigner, <strong>Damian Penaud<\/strong> pourrait revenir pour les phases finales de Top 14 et les demi-finales de Champions Cup. Si les Jaunards parviennent, bien \u00e9videmment, \u00e0 rallier ces deux objectifs.<\/p>\n<blockquote class=\"twitter-tweet\">\n<p dir=\"ltr\" lang=\"fr\">&#x1f3c9; Touch\u00e9 \u00e0 le cheville droite lors de la victoire contre Brive samedi dernier, Damian Penaud sera indisponible six semaines.<a href=\"https:\/\/t.co\/ofRyBPXiDm\">https:\/\/t.co\/ofRyBPXiDm<\/a><\/p>\n<p>\u2014 RMC Sport (@RMCsport) <a href=\"https:\/\/twitter.com\/RMCsport\/status\/1511671990951755777?ref_src=twsrc%5Etfw\">April 6, 2022<\/a><\/p><\/blockquote>\n<p><script async src=\"https:\/\/platform.twitter.com\/widgets.js\" charset=\"utf-8\"><\/script><\/p>\n","protected":false},"excerpt":{"rendered":"<p>TOP 14 2021-2022 &#8211; Gros coup dur pour l&rsquo;ASM Clermont. Le club auvergnat va devoir se passer de Damian Penaud pour les six prochaines semaines.<\/p>\n","protected":false},"author":1,"featured_media":213863,"comment_status":"open","ping_status":"closed","sticky":false,"template":"","format":"standard","meta":{"_acf_changed":false,"_daextam_enable_autolinks":"","footnotes":""},"categories":[47050],"tags":[1208,7689],"class_list":["post-213860","post","type-post","status-publish","format-standard","has-post-thumbnail","hentry","category-top-14","tag-asm-clermont","tag-damian-penaud"],"acf":[],"yoast_head":"<!-- This site is optimized with the Yoast SEO Premium plugin v26.7 (Yoast SEO v26.7) - https:\/\/yoast.com\/wordpress\/plugins\/seo\/ -->\n<title>L&#039;ASM Clermont perd Damian Penaud pour de longues semaines<\/title>\n<meta name=\"description\" content=\"Gros coup dur pour l&#039;ASM Clermont. Le club auvergnat va devoir se passer de Damian Penaud pour les six prochaines semaines.\" \/>\n<meta name=\"robots\" content=\"index, follow, max-snippet:-1, max-image-preview:large, max-video-preview:-1\" \/>\n<link rel=\"canonical\" href=\"https:\/\/dicodusport.fr\/blog\/l-asm-clermont-perd-damian-penaud-pour-de-longues-semaines\/\" \/>\n<meta property=\"og:locale\" content=\"fr_FR\" \/>\n<meta property=\"og:type\" content=\"article\" \/>\n<meta property=\"og:title\" content=\"L&#039;ASM Clermont perd Damian Penaud pour de longues semaines\" \/>\n<meta property=\"og:description\" content=\"Gros coup dur pour l&#039;ASM Clermont. Le club auvergnat va devoir se passer de Damian Penaud pour les six prochaines semaines.\" \/>\n<meta property=\"og:url\" content=\"https:\/\/dicodusport.fr\/blog\/l-asm-clermont-perd-damian-penaud-pour-de-longues-semaines\/\" \/>\n<meta property=\"og:site_name\" content=\"Dicodusport\" \/>\n<meta property=\"article:publisher\" content=\"https:\/\/www.facebook.com\/dicodusport\" \/>\n<meta property=\"article:author\" content=\"https:\/\/www.facebook.com\/dicodusport\" \/>\n<meta property=\"article:published_time\" content=\"2022-04-06T12:49:25+00:00\" \/>\n<meta property=\"og:image\" content=\"https:\/\/dicodusport.fr\/blog\/wp-content\/uploads\/2022\/04\/LASM-Clermont-perd-Damian-Penaud-pour-de-longues-semaines.png\" \/>\n\t<meta property=\"og:image:width\" content=\"800\" \/>\n\t<meta property=\"og:image:height\" content=\"445\" \/>\n\t<meta property=\"og:image:type\" content=\"image\/png\" \/>\n<meta name=\"author\" content=\"Nicolas Jacquemard\" \/>\n<meta name=\"twitter:card\" content=\"summary_large_image\" \/>\n<meta name=\"twitter:title\" content=\"L&#039;ASM Clermont perd Damian Penaud pour de longues semaines\" \/>\n<meta name=\"twitter:creator\" content=\"@https:\/\/twitter.com\/Nico_Jacquemard\" \/>\n<meta name=\"twitter:site\" content=\"@dicodusport\" \/>\n<script type=\"application\/ld+json\" class=\"yoast-schema-graph\">{\"@context\":\"https:\/\/schema.org\",\"@graph\":[{\"@type\":\"NewsArticle\",\"@id\":\"https:\/\/dicodusport.fr\/blog\/l-asm-clermont-perd-damian-penaud-pour-de-longues-semaines\/#article\",\"isPartOf\":{\"@id\":\"https:\/\/dicodusport.fr\/blog\/l-asm-clermont-perd-damian-penaud-pour-de-longues-semaines\/\"},\"author\":{\"name\":\"Nicolas Jacquemard\",\"@id\":\"https:\/\/dicodusport.fr\/blog\/#\/schema\/person\/55dcb50ad410894e431ed812bbb70191\"},\"headline\":\"L&rsquo;ASM Clermont perd Damian Penaud pour de longues semaines\",\"datePublished\":\"2022-04-06T12:49:25+00:00\",\"mainEntityOfPage\":{\"@id\":\"https:\/\/dicodusport.fr\/blog\/l-asm-clermont-perd-damian-penaud-pour-de-longues-semaines\/\"},\"wordCount\":178,\"commentCount\":0,\"publisher\":{\"@id\":\"https:\/\/dicodusport.fr\/blog\/#organization\"},\"image\":{\"@id\":\"https:\/\/dicodusport.fr\/blog\/l-asm-clermont-perd-damian-penaud-pour-de-longues-semaines\/#primaryimage\"},\"thumbnailUrl\":\"https:\/\/dicodusport.fr\/blog\/wp-content\/uploads\/2022\/04\/LASM-Clermont-perd-Damian-Penaud-pour-de-longues-semaines.png\",\"keywords\":[\"ASM Clermont\",\"Damian Penaud\"],\"articleSection\":[\"Top 14\"],\"inLanguage\":\"fr-FR\",\"potentialAction\":[{\"@type\":\"CommentAction\",\"name\":\"Comment\",\"target\":[\"https:\/\/dicodusport.fr\/blog\/l-asm-clermont-perd-damian-penaud-pour-de-longues-semaines\/#respond\"]}],\"copyrightYear\":\"2022\",\"copyrightHolder\":{\"@id\":\"https:\/\/dicodusport.fr\/blog\/#organization\"}},{\"@type\":\"WebPage\",\"@id\":\"https:\/\/dicodusport.fr\/blog\/l-asm-clermont-perd-damian-penaud-pour-de-longues-semaines\/\",\"url\":\"https:\/\/dicodusport.fr\/blog\/l-asm-clermont-perd-damian-penaud-pour-de-longues-semaines\/\",\"name\":\"L'ASM Clermont perd Damian Penaud pour de longues semaines\",\"isPartOf\":{\"@id\":\"https:\/\/dicodusport.fr\/blog\/#website\"},\"primaryImageOfPage\":{\"@id\":\"https:\/\/dicodusport.fr\/blog\/l-asm-clermont-perd-damian-penaud-pour-de-longues-semaines\/#primaryimage\"},\"image\":{\"@id\":\"https:\/\/dicodusport.fr\/blog\/l-asm-clermont-perd-damian-penaud-pour-de-longues-semaines\/#primaryimage\"},\"thumbnailUrl\":\"https:\/\/dicodusport.fr\/blog\/wp-content\/uploads\/2022\/04\/LASM-Clermont-perd-Damian-Penaud-pour-de-longues-semaines.png\",\"datePublished\":\"2022-04-06T12:49:25+00:00\",\"description\":\"Gros coup dur pour l'ASM Clermont. Le club auvergnat va devoir se passer de Damian Penaud pour les six prochaines semaines.\",\"breadcrumb\":{\"@id\":\"https:\/\/dicodusport.fr\/blog\/l-asm-clermont-perd-damian-penaud-pour-de-longues-semaines\/#breadcrumb\"},\"inLanguage\":\"fr-FR\",\"potentialAction\":[{\"@type\":\"ReadAction\",\"target\":[\"https:\/\/dicodusport.fr\/blog\/l-asm-clermont-perd-damian-penaud-pour-de-longues-semaines\/\"]}]},{\"@type\":\"ImageObject\",\"inLanguage\":\"fr-FR\",\"@id\":\"https:\/\/dicodusport.fr\/blog\/l-asm-clermont-perd-damian-penaud-pour-de-longues-semaines\/#primaryimage\",\"url\":\"https:\/\/dicodusport.fr\/blog\/wp-content\/uploads\/2022\/04\/LASM-Clermont-perd-Damian-Penaud-pour-de-longues-semaines.png\",\"contentUrl\":\"https:\/\/dicodusport.fr\/blog\/wp-content\/uploads\/2022\/04\/LASM-Clermont-perd-Damian-Penaud-pour-de-longues-semaines.png\",\"width\":800,\"height\":445},{\"@type\":\"BreadcrumbList\",\"@id\":\"https:\/\/dicodusport.fr\/blog\/l-asm-clermont-perd-damian-penaud-pour-de-longues-semaines\/#breadcrumb\",\"itemListElement\":[{\"@type\":\"ListItem\",\"position\":1,\"name\":\"Accueil\",\"item\":\"https:\/\/dicodusport.fr\/blog\/\"},{\"@type\":\"ListItem\",\"position\":2,\"name\":\"L&rsquo;ASM Clermont perd Damian Penaud pour de longues semaines\"}]},{\"@type\":\"WebSite\",\"@id\":\"https:\/\/dicodusport.fr\/blog\/#website\",\"url\":\"https:\/\/dicodusport.fr\/blog\/\",\"name\":\"Dicodusport\",\"description\":\"L&#039;encyclop\u00e9die de l&#039;actualit\u00e9 sportive\",\"publisher\":{\"@id\":\"https:\/\/dicodusport.fr\/blog\/#organization\"},\"potentialAction\":[{\"@type\":\"SearchAction\",\"target\":{\"@type\":\"EntryPoint\",\"urlTemplate\":\"https:\/\/dicodusport.fr\/blog\/?s={search_term_string}\"},\"query-input\":{\"@type\":\"PropertyValueSpecification\",\"valueRequired\":true,\"valueName\":\"search_term_string\"}}],\"inLanguage\":\"fr-FR\"},{\"@type\":\"NewsMediaOrganization\",\"@id\":\"https:\/\/dicodusport.fr\/blog\/#organization\",\"name\":\"Dicodusport\",\"url\":\"https:\/\/dicodusport.fr\/blog\/\",\"logo\":{\"@type\":\"ImageObject\",\"inLanguage\":\"fr-FR\",\"@id\":\"https:\/\/dicodusport.fr\/blog\/#\/schema\/logo\/image\/\",\"url\":\"https:\/\/dicodusport.fr\/blog\/wp-content\/uploads\/2020\/06\/cropped-LOGO-DICODUSPORT-2020-SANS-FOND-SANS-TEXTE.png\",\"contentUrl\":\"https:\/\/dicodusport.fr\/blog\/wp-content\/uploads\/2020\/06\/cropped-LOGO-DICODUSPORT-2020-SANS-FOND-SANS-TEXTE.png\",\"width\":512,\"height\":512,\"caption\":\"Dicodusport\"},\"image\":{\"@id\":\"https:\/\/dicodusport.fr\/blog\/#\/schema\/logo\/image\/\"},\"sameAs\":[\"https:\/\/www.facebook.com\/dicodusport\",\"https:\/\/x.com\/dicodusport\",\"https:\/\/www.instagram.com\/dicodusport\/\",\"https:\/\/www.youtube.com\/channel\/UC7V2KZ5sd3htJivAbA4ZG3w\"],\"description\":\"Dicodusport est l'encyclop\u00e9die de l'actualit\u00e9 sportive.\",\"email\":\"bonjour@dicodusport.fr\",\"legalName\":\"DICODUSPORT\",\"foundingDate\":\"2018-01-14\",\"vatID\":\"FR71834470973\",\"taxID\":\"83447097300043\",\"numberOfEmployees\":{\"@type\":\"QuantitativeValue\",\"minValue\":\"1\",\"maxValue\":\"10\"}},{\"@type\":\"Person\",\"@id\":\"https:\/\/dicodusport.fr\/blog\/#\/schema\/person\/55dcb50ad410894e431ed812bbb70191\",\"name\":\"Nicolas Jacquemard\",\"image\":{\"@type\":\"ImageObject\",\"inLanguage\":\"fr-FR\",\"@id\":\"https:\/\/dicodusport.fr\/blog\/#\/schema\/person\/image\/\",\"url\":\"https:\/\/dicodusport.fr\/blog\/wp-content\/uploads\/2021\/05\/Nicolas-Jacquemard-150x150.jpeg\",\"contentUrl\":\"https:\/\/dicodusport.fr\/blog\/wp-content\/uploads\/2021\/05\/Nicolas-Jacquemard-150x150.jpeg\",\"caption\":\"Nicolas Jacquemard\"},\"description\":\"Passionn\u00e9 de sport et entrepreneur depuis mes 18 ans, la cr\u00e9ation de Dicodusport m'a sembl\u00e9 \u00e9vidente pour participer \u00e0 la m\u00e9diatisation d'un plus grand nombre de sports. Le chemin est long mais avec une \u00e9quipe des plus motiv\u00e9es et les Jeux Olympiques de Paris 2024 en point de mire, nous y arriverons ! Journaliste dans le monde du sport depuis plus de 5 ans, je traite aussi bien de football, de rugby, de biathlon que de cyclisme.\",\"sameAs\":[\"https:\/\/www.facebook.com\/dicodusport\",\"https:\/\/x.com\/https:\/\/twitter.com\/Nico_Jacquemard\"],\"url\":\"https:\/\/dicodusport.fr\/blog\/author\/dicodusport\/\"}]}<\/script>\n<!-- \/ Yoast SEO Premium plugin. -->","yoast_head_json":{"title":"L'ASM Clermont perd Damian Penaud pour de longues semaines","description":"Gros coup dur pour l'ASM Clermont. Le club auvergnat va devoir se passer de Damian Penaud pour les six prochaines semaines.","robots":{"index":"index","follow":"follow","max-snippet":"max-snippet:-1","max-image-preview":"max-image-preview:large","max-video-preview":"max-video-preview:-1"},"canonical":"https:\/\/dicodusport.fr\/blog\/l-asm-clermont-perd-damian-penaud-pour-de-longues-semaines\/","og_locale":"fr_FR","og_type":"article","og_title":"L'ASM Clermont perd Damian Penaud pour de longues semaines","og_description":"Gros coup dur pour l'ASM Clermont. Le club auvergnat va devoir se passer de Damian Penaud pour les six prochaines semaines.","og_url":"https:\/\/dicodusport.fr\/blog\/l-asm-clermont-perd-damian-penaud-pour-de-longues-semaines\/","og_site_name":"Dicodusport","article_publisher":"https:\/\/www.facebook.com\/dicodusport","article_author":"https:\/\/www.facebook.com\/dicodusport","article_published_time":"2022-04-06T12:49:25+00:00","og_image":[{"width":800,"height":445,"url":"https:\/\/dicodusport.fr\/blog\/wp-content\/uploads\/2022\/04\/LASM-Clermont-perd-Damian-Penaud-pour-de-longues-semaines.png","type":"image\/png"}],"author":"Nicolas Jacquemard","twitter_card":"summary_large_image","twitter_title":"L'ASM Clermont perd Damian Penaud pour de longues semaines","twitter_creator":"@https:\/\/twitter.com\/Nico_Jacquemard","twitter_site":"@dicodusport","schema":{"@context":"https:\/\/schema.org","@graph":[{"@type":"NewsArticle","@id":"https:\/\/dicodusport.fr\/blog\/l-asm-clermont-perd-damian-penaud-pour-de-longues-semaines\/#article","isPartOf":{"@id":"https:\/\/dicodusport.fr\/blog\/l-asm-clermont-perd-damian-penaud-pour-de-longues-semaines\/"},"author":{"name":"Nicolas Jacquemard","@id":"https:\/\/dicodusport.fr\/blog\/#\/schema\/person\/55dcb50ad410894e431ed812bbb70191"},"headline":"L&rsquo;ASM Clermont perd Damian Penaud pour de longues semaines","datePublished":"2022-04-06T12:49:25+00:00","mainEntityOfPage":{"@id":"https:\/\/dicodusport.fr\/blog\/l-asm-clermont-perd-damian-penaud-pour-de-longues-semaines\/"},"wordCount":178,"commentCount":0,"publisher":{"@id":"https:\/\/dicodusport.fr\/blog\/#organization"},"image":{"@id":"https:\/\/dicodusport.fr\/blog\/l-asm-clermont-perd-damian-penaud-pour-de-longues-semaines\/#primaryimage"},"thumbnailUrl":"https:\/\/dicodusport.fr\/blog\/wp-content\/uploads\/2022\/04\/LASM-Clermont-perd-Damian-Penaud-pour-de-longues-semaines.png","keywords":["ASM Clermont","Damian Penaud"],"articleSection":["Top 14"],"inLanguage":"fr-FR","potentialAction":[{"@type":"CommentAction","name":"Comment","target":["https:\/\/dicodusport.fr\/blog\/l-asm-clermont-perd-damian-penaud-pour-de-longues-semaines\/#respond"]}],"copyrightYear":"2022","copyrightHolder":{"@id":"https:\/\/dicodusport.fr\/blog\/#organization"}},{"@type":"WebPage","@id":"https:\/\/dicodusport.fr\/blog\/l-asm-clermont-perd-damian-penaud-pour-de-longues-semaines\/","url":"https:\/\/dicodusport.fr\/blog\/l-asm-clermont-perd-damian-penaud-pour-de-longues-semaines\/","name":"L'ASM Clermont perd Damian Penaud pour de longues semaines","isPartOf":{"@id":"https:\/\/dicodusport.fr\/blog\/#website"},"primaryImageOfPage":{"@id":"https:\/\/dicodusport.fr\/blog\/l-asm-clermont-perd-damian-penaud-pour-de-longues-semaines\/#primaryimage"},"image":{"@id":"https:\/\/dicodusport.fr\/blog\/l-asm-clermont-perd-damian-penaud-pour-de-longues-semaines\/#primaryimage"},"thumbnailUrl":"https:\/\/dicodusport.fr\/blog\/wp-content\/uploads\/2022\/04\/LASM-Clermont-perd-Damian-Penaud-pour-de-longues-semaines.png","datePublished":"2022-04-06T12:49:25+00:00","description":"Gros coup dur pour l'ASM Clermont. Le club auvergnat va devoir se passer de Damian Penaud pour les six prochaines semaines.","breadcrumb":{"@id":"https:\/\/dicodusport.fr\/blog\/l-asm-clermont-perd-damian-penaud-pour-de-longues-semaines\/#breadcrumb"},"inLanguage":"fr-FR","potentialAction":[{"@type":"ReadAction","target":["https:\/\/dicodusport.fr\/blog\/l-asm-clermont-perd-damian-penaud-pour-de-longues-semaines\/"]}]},{"@type":"ImageObject","inLanguage":"fr-FR","@id":"https:\/\/dicodusport.fr\/blog\/l-asm-clermont-perd-damian-penaud-pour-de-longues-semaines\/#primaryimage","url":"https:\/\/dicodusport.fr\/blog\/wp-content\/uploads\/2022\/04\/LASM-Clermont-perd-Damian-Penaud-pour-de-longues-semaines.png","contentUrl":"https:\/\/dicodusport.fr\/blog\/wp-content\/uploads\/2022\/04\/LASM-Clermont-perd-Damian-Penaud-pour-de-longues-semaines.png","width":800,"height":445},{"@type":"BreadcrumbList","@id":"https:\/\/dicodusport.fr\/blog\/l-asm-clermont-perd-damian-penaud-pour-de-longues-semaines\/#breadcrumb","itemListElement":[{"@type":"ListItem","position":1,"name":"Accueil","item":"https:\/\/dicodusport.fr\/blog\/"},{"@type":"ListItem","position":2,"name":"L&rsquo;ASM Clermont perd Damian Penaud pour de longues semaines"}]},{"@type":"WebSite","@id":"https:\/\/dicodusport.fr\/blog\/#website","url":"https:\/\/dicodusport.fr\/blog\/","name":"Dicodusport","description":"L&#039;encyclop\u00e9die de l&#039;actualit\u00e9 sportive","publisher":{"@id":"https:\/\/dicodusport.fr\/blog\/#organization"},"potentialAction":[{"@type":"SearchAction","target":{"@type":"EntryPoint","urlTemplate":"https:\/\/dicodusport.fr\/blog\/?s={search_term_string}"},"query-input":{"@type":"PropertyValueSpecification","valueRequired":true,"valueName":"search_term_string"}}],"inLanguage":"fr-FR"},{"@type":"NewsMediaOrganization","@id":"https:\/\/dicodusport.fr\/blog\/#organization","name":"Dicodusport","url":"https:\/\/dicodusport.fr\/blog\/","logo":{"@type":"ImageObject","inLanguage":"fr-FR","@id":"https:\/\/dicodusport.fr\/blog\/#\/schema\/logo\/image\/","url":"https:\/\/dicodusport.fr\/blog\/wp-content\/uploads\/2020\/06\/cropped-LOGO-DICODUSPORT-2020-SANS-FOND-SANS-TEXTE.png","contentUrl":"https:\/\/dicodusport.fr\/blog\/wp-content\/uploads\/2020\/06\/cropped-LOGO-DICODUSPORT-2020-SANS-FOND-SANS-TEXTE.png","width":512,"height":512,"caption":"Dicodusport"},"image":{"@id":"https:\/\/dicodusport.fr\/blog\/#\/schema\/logo\/image\/"},"sameAs":["https:\/\/www.facebook.com\/dicodusport","https:\/\/x.com\/dicodusport","https:\/\/www.instagram.com\/dicodusport\/","https:\/\/www.youtube.com\/channel\/UC7V2KZ5sd3htJivAbA4ZG3w"],"description":"Dicodusport est l'encyclop\u00e9die de l'actualit\u00e9 sportive.","email":"bonjour@dicodusport.fr","legalName":"DICODUSPORT","foundingDate":"2018-01-14","vatID":"FR71834470973","taxID":"83447097300043","numberOfEmployees":{"@type":"QuantitativeValue","minValue":"1","maxValue":"10"}},{"@type":"Person","@id":"https:\/\/dicodusport.fr\/blog\/#\/schema\/person\/55dcb50ad410894e431ed812bbb70191","name":"Nicolas Jacquemard","image":{"@type":"ImageObject","inLanguage":"fr-FR","@id":"https:\/\/dicodusport.fr\/blog\/#\/schema\/person\/image\/","url":"https:\/\/dicodusport.fr\/blog\/wp-content\/uploads\/2021\/05\/Nicolas-Jacquemard-150x150.jpeg","contentUrl":"https:\/\/dicodusport.fr\/blog\/wp-content\/uploads\/2021\/05\/Nicolas-Jacquemard-150x150.jpeg","caption":"Nicolas Jacquemard"},"description":"Passionn\u00e9 de sport et entrepreneur depuis mes 18 ans, la cr\u00e9ation de Dicodusport m'a sembl\u00e9 \u00e9vidente pour participer \u00e0 la m\u00e9diatisation d'un plus grand nombre de sports. Le chemin est long mais avec une \u00e9quipe des plus motiv\u00e9es et les Jeux Olympiques de Paris 2024 en point de mire, nous y arriverons ! Journaliste dans le monde du sport depuis plus de 5 ans, je traite aussi bien de football, de rugby, de biathlon que de cyclisme.","sameAs":["https:\/\/www.facebook.com\/dicodusport","https:\/\/x.com\/https:\/\/twitter.com\/Nico_Jacquemard"],"url":"https:\/\/dicodusport.fr\/blog\/author\/dicodusport\/"}]}},"_links":{"self":[{"href":"https:\/\/dicodusport.fr\/blog\/wp-json\/wp\/v2\/posts\/213860","targetHints":{"allow":["GET"]}}],"collection":[{"href":"https:\/\/dicodusport.fr\/blog\/wp-json\/wp\/v2\/posts"}],"about":[{"href":"https:\/\/dicodusport.fr\/blog\/wp-json\/wp\/v2\/types\/post"}],"author":[{"embeddable":true,"href":"https:\/\/dicodusport.fr\/blog\/wp-json\/wp\/v2\/users\/1"}],"replies":[{"embeddable":true,"href":"https:\/\/dicodusport.fr\/blog\/wp-json\/wp\/v2\/comments?post=213860"}],"version-history":[{"count":0,"href":"https:\/\/dicodusport.fr\/blog\/wp-json\/wp\/v2\/posts\/213860\/revisions"}],"wp:featuredmedia":[{"embeddable":true,"href":"https:\/\/dicodusport.fr\/blog\/wp-json\/wp\/v2\/media\/213863"}],"wp:attachment":[{"href":"https:\/\/dicodusport.fr\/blog\/wp-json\/wp\/v2\/media?parent=213860"}],"wp:term":[{"taxonomy":"category","embeddable":true,"href":"https:\/\/dicodusport.fr\/blog\/wp-json\/wp\/v2\/categories?post=213860"},{"taxonomy":"post_tag","embeddable":true,"href":"https:\/\/dicodusport.fr\/blog\/wp-json\/wp\/v2\/tags?post=213860"}],"curies":[{"name":"wp","href":"https:\/\/api.w.org\/{rel}","templated":true}]}}