{"id":214094,"date":"2022-04-07T12:11:27","date_gmt":"2022-04-07T10:11:27","guid":{"rendered":"https:\/\/dicodusport.fr\/blog\/?p=214094&#038;preview=true&#038;preview_id=214094"},"modified":"2022-04-07T14:28:30","modified_gmt":"2022-04-07T12:28:30","slug":"wout-van-aert-incertain-pour-paris-roubaix","status":"publish","type":"post","link":"https:\/\/dicodusport.fr\/blog\/wout-van-aert-incertain-pour-paris-roubaix\/","title":{"rendered":"Wout Van Aert incertain pour Paris-Roubaix"},"content":{"rendered":"<p style=\"text-align: justify;\"><b><i>CYCLISME SUR ROUTE 2022 &#8211; Forfait pour le Tour des Flandres \u00e0 cause de la Covid-19, Wout Van Aert (Jumbo-Visma) est toujours incertain pour Paris Roubaix.\u00a0<\/i><\/b><\/p>\n<p style=\"text-align: justify;\">Si la course aux pav\u00e9s avait eu lieu comme \u00e0 son habitude le week-end apr\u00e8s le Ronde, soit ce dimanche 10 avril, <a href=\"https:\/\/dicodusport.fr\/blog\/wout-van-aert-forfait-pour-le-tour-des-flandres-2022\/\"><strong>Wout Van Aert<\/strong><\/a> (Jumbo-Visma) aurait \u00e9t\u00e9 forfait, puisqu&rsquo;il ne s&rsquo;alignera pas sur l&rsquo;Amstel Gold Race dimanche. Avec une semaine de plus pour r\u00e9cup\u00e9rer, <strong>Wout Van Aert<\/strong>, qui a repris l&rsquo;entra\u00eenement, peut esp\u00e9rer \u00eatre au d\u00e9part de Paris-Roubaix. M\u00eame s&rsquo;il prend le d\u00e9part de la course \u00e0 Compi\u00e8gne, sera-t-il en condition pour jouer la victoire ? Dur \u00e0 dire, mais en cas de nouvelle absence, <strong>Mathieu van der Poel<\/strong> (Alpecin Fenix) aura une nouvelle fois la pancarte du grand favori et pourrait faire le doubl\u00e9.<\/p>\n<blockquote class=\"twitter-tweet\">\n<p dir=\"ltr\" lang=\"fr\"><a href=\"https:\/\/twitter.com\/hashtag\/Calendrier?src=hash&amp;ref_src=twsrc%5Etfw\">#Calendrier<\/a> &#x1f4c5; \/ Apr\u00e8s avoir manqu\u00e9 le Tour des Flandres, &#x1f1e7;&#x1f1ea; Wout van Aert (TJV) ne sera pas non plus au d\u00e9part de l&rsquo;Amstel Gold Race dimanche.<\/p>\n<p>Il a repris l\u2019entra\u00eenement, mais il n\u2019est pas encore certain d\u2019\u00eatre pr\u00e9sent \u00e0 Roubaix \u00e9galement.<\/p>\n<p>\u2014 Renaud Breban (@RenaudB31) <a href=\"https:\/\/twitter.com\/RenaudB31\/status\/1512000325552594948?ref_src=twsrc%5Etfw\">April 7, 2022<\/a><\/p><\/blockquote>\n<p style=\"text-align: justify;\"><script async src=\"https:\/\/platform.twitter.com\/widgets.js\" charset=\"utf-8\"><\/script><\/p>\n","protected":false},"excerpt":{"rendered":"<p>CYCLISME SUR ROUTE 2022 &#8211; Forfait pour le Tour des Flandres \u00e0 cause de la Covid-19, Wout Van Aert (Jumbo-Visma) est toujours incertain pour Paris Roubaix.\u00a0<\/p>\n","protected":false},"author":1,"featured_media":214098,"comment_status":"open","ping_status":"closed","sticky":false,"template":"","format":"standard","meta":{"_acf_changed":false,"_daextam_enable_autolinks":"","footnotes":""},"categories":[46994],"tags":[4164,8091],"class_list":["post-214094","post","type-post","status-publish","format-standard","has-post-thumbnail","hentry","category-cyclisme-sur-route","tag-paris-roubaix","tag-wout-van-aert"],"acf":[],"yoast_head":"<!-- This site is optimized with the Yoast SEO Premium plugin v26.7 (Yoast SEO v26.7) - https:\/\/yoast.com\/wordpress\/plugins\/seo\/ -->\n<title>Wout Van Aert incertain pour Paris-Roubaix<\/title>\n<meta name=\"description\" content=\"CYCLISME SUR ROUTE 2022 - Forfait pour le Tour des Flandres \u00e0 cause de la Covid-19, Wout Van Aert est toujours incertain pour Paris Roubaix.\u00a0\" \/>\n<meta name=\"robots\" content=\"index, follow, max-snippet:-1, max-image-preview:large, max-video-preview:-1\" \/>\n<link rel=\"canonical\" href=\"https:\/\/dicodusport.fr\/blog\/wout-van-aert-incertain-pour-paris-roubaix\/\" \/>\n<meta property=\"og:locale\" content=\"fr_FR\" \/>\n<meta property=\"og:type\" content=\"article\" \/>\n<meta property=\"og:title\" content=\"Wout Van Aert incertain pour Paris-Roubaix\" \/>\n<meta property=\"og:description\" content=\"CYCLISME SUR ROUTE 2022 - Forfait pour le Tour des Flandres \u00e0 cause de la Covid-19, Wout Van Aert est toujours incertain pour Paris Roubaix.\u00a0\" \/>\n<meta property=\"og:url\" content=\"https:\/\/dicodusport.fr\/blog\/wout-van-aert-incertain-pour-paris-roubaix\/\" \/>\n<meta property=\"og:site_name\" content=\"Dicodusport\" \/>\n<meta property=\"article:publisher\" content=\"https:\/\/www.facebook.com\/dicodusport\" \/>\n<meta property=\"article:author\" content=\"https:\/\/www.facebook.com\/dicodusport\" \/>\n<meta property=\"article:published_time\" content=\"2022-04-07T10:11:27+00:00\" \/>\n<meta property=\"article:modified_time\" content=\"2022-04-07T12:28:30+00:00\" \/>\n<meta property=\"og:image\" content=\"https:\/\/dicodusport.fr\/blog\/wp-content\/uploads\/2022\/04\/Wout-Van-Aert-incertain-pour-Paris-Roubaix.png\" \/>\n\t<meta property=\"og:image:width\" content=\"800\" \/>\n\t<meta property=\"og:image:height\" content=\"445\" \/>\n\t<meta property=\"og:image:type\" content=\"image\/png\" \/>\n<meta name=\"author\" content=\"Nicolas Jacquemard\" \/>\n<meta name=\"twitter:card\" content=\"summary_large_image\" \/>\n<meta name=\"twitter:title\" content=\"Wout Van Aert incertain pour Paris-Roubaix\" \/>\n<meta name=\"twitter:creator\" content=\"@https:\/\/twitter.com\/Nico_Jacquemard\" \/>\n<meta name=\"twitter:site\" content=\"@dicodusport\" \/>\n<script type=\"application\/ld+json\" class=\"yoast-schema-graph\">{\"@context\":\"https:\/\/schema.org\",\"@graph\":[{\"@type\":\"NewsArticle\",\"@id\":\"https:\/\/dicodusport.fr\/blog\/wout-van-aert-incertain-pour-paris-roubaix\/#article\",\"isPartOf\":{\"@id\":\"https:\/\/dicodusport.fr\/blog\/wout-van-aert-incertain-pour-paris-roubaix\/\"},\"author\":{\"name\":\"Nicolas Jacquemard\",\"@id\":\"https:\/\/dicodusport.fr\/blog\/#\/schema\/person\/55dcb50ad410894e431ed812bbb70191\"},\"headline\":\"Wout Van Aert incertain pour Paris-Roubaix\",\"datePublished\":\"2022-04-07T10:11:27+00:00\",\"dateModified\":\"2022-04-07T12:28:30+00:00\",\"mainEntityOfPage\":{\"@id\":\"https:\/\/dicodusport.fr\/blog\/wout-van-aert-incertain-pour-paris-roubaix\/\"},\"wordCount\":205,\"commentCount\":0,\"publisher\":{\"@id\":\"https:\/\/dicodusport.fr\/blog\/#organization\"},\"image\":{\"@id\":\"https:\/\/dicodusport.fr\/blog\/wout-van-aert-incertain-pour-paris-roubaix\/#primaryimage\"},\"thumbnailUrl\":\"https:\/\/dicodusport.fr\/blog\/wp-content\/uploads\/2022\/04\/Wout-Van-Aert-incertain-pour-Paris-Roubaix.png\",\"keywords\":[\"Paris-Roubaix\",\"Wout Van Aert\"],\"articleSection\":[\"Cyclisme sur route\"],\"inLanguage\":\"fr-FR\",\"potentialAction\":[{\"@type\":\"CommentAction\",\"name\":\"Comment\",\"target\":[\"https:\/\/dicodusport.fr\/blog\/wout-van-aert-incertain-pour-paris-roubaix\/#respond\"]}],\"copyrightYear\":\"2022\",\"copyrightHolder\":{\"@id\":\"https:\/\/dicodusport.fr\/blog\/#organization\"}},{\"@type\":\"WebPage\",\"@id\":\"https:\/\/dicodusport.fr\/blog\/wout-van-aert-incertain-pour-paris-roubaix\/\",\"url\":\"https:\/\/dicodusport.fr\/blog\/wout-van-aert-incertain-pour-paris-roubaix\/\",\"name\":\"Wout Van Aert incertain pour Paris-Roubaix\",\"isPartOf\":{\"@id\":\"https:\/\/dicodusport.fr\/blog\/#website\"},\"primaryImageOfPage\":{\"@id\":\"https:\/\/dicodusport.fr\/blog\/wout-van-aert-incertain-pour-paris-roubaix\/#primaryimage\"},\"image\":{\"@id\":\"https:\/\/dicodusport.fr\/blog\/wout-van-aert-incertain-pour-paris-roubaix\/#primaryimage\"},\"thumbnailUrl\":\"https:\/\/dicodusport.fr\/blog\/wp-content\/uploads\/2022\/04\/Wout-Van-Aert-incertain-pour-Paris-Roubaix.png\",\"datePublished\":\"2022-04-07T10:11:27+00:00\",\"dateModified\":\"2022-04-07T12:28:30+00:00\",\"description\":\"CYCLISME SUR ROUTE 2022 - Forfait pour le Tour des Flandres \u00e0 cause de la Covid-19, Wout Van Aert est toujours incertain pour Paris Roubaix.\u00a0\",\"breadcrumb\":{\"@id\":\"https:\/\/dicodusport.fr\/blog\/wout-van-aert-incertain-pour-paris-roubaix\/#breadcrumb\"},\"inLanguage\":\"fr-FR\",\"potentialAction\":[{\"@type\":\"ReadAction\",\"target\":[\"https:\/\/dicodusport.fr\/blog\/wout-van-aert-incertain-pour-paris-roubaix\/\"]}]},{\"@type\":\"ImageObject\",\"inLanguage\":\"fr-FR\",\"@id\":\"https:\/\/dicodusport.fr\/blog\/wout-van-aert-incertain-pour-paris-roubaix\/#primaryimage\",\"url\":\"https:\/\/dicodusport.fr\/blog\/wp-content\/uploads\/2022\/04\/Wout-Van-Aert-incertain-pour-Paris-Roubaix.png\",\"contentUrl\":\"https:\/\/dicodusport.fr\/blog\/wp-content\/uploads\/2022\/04\/Wout-Van-Aert-incertain-pour-Paris-Roubaix.png\",\"width\":800,\"height\":445,\"caption\":\"Wout Van Aert - Photo Icon Sport\"},{\"@type\":\"BreadcrumbList\",\"@id\":\"https:\/\/dicodusport.fr\/blog\/wout-van-aert-incertain-pour-paris-roubaix\/#breadcrumb\",\"itemListElement\":[{\"@type\":\"ListItem\",\"position\":1,\"name\":\"Accueil\",\"item\":\"https:\/\/dicodusport.fr\/blog\/\"},{\"@type\":\"ListItem\",\"position\":2,\"name\":\"Wout Van Aert incertain pour Paris-Roubaix\"}]},{\"@type\":\"WebSite\",\"@id\":\"https:\/\/dicodusport.fr\/blog\/#website\",\"url\":\"https:\/\/dicodusport.fr\/blog\/\",\"name\":\"Dicodusport\",\"description\":\"L&#039;encyclop\u00e9die de l&#039;actualit\u00e9 sportive\",\"publisher\":{\"@id\":\"https:\/\/dicodusport.fr\/blog\/#organization\"},\"potentialAction\":[{\"@type\":\"SearchAction\",\"target\":{\"@type\":\"EntryPoint\",\"urlTemplate\":\"https:\/\/dicodusport.fr\/blog\/?s={search_term_string}\"},\"query-input\":{\"@type\":\"PropertyValueSpecification\",\"valueRequired\":true,\"valueName\":\"search_term_string\"}}],\"inLanguage\":\"fr-FR\"},{\"@type\":\"NewsMediaOrganization\",\"@id\":\"https:\/\/dicodusport.fr\/blog\/#organization\",\"name\":\"Dicodusport\",\"url\":\"https:\/\/dicodusport.fr\/blog\/\",\"logo\":{\"@type\":\"ImageObject\",\"inLanguage\":\"fr-FR\",\"@id\":\"https:\/\/dicodusport.fr\/blog\/#\/schema\/logo\/image\/\",\"url\":\"https:\/\/dicodusport.fr\/blog\/wp-content\/uploads\/2020\/06\/cropped-LOGO-DICODUSPORT-2020-SANS-FOND-SANS-TEXTE.png\",\"contentUrl\":\"https:\/\/dicodusport.fr\/blog\/wp-content\/uploads\/2020\/06\/cropped-LOGO-DICODUSPORT-2020-SANS-FOND-SANS-TEXTE.png\",\"width\":512,\"height\":512,\"caption\":\"Dicodusport\"},\"image\":{\"@id\":\"https:\/\/dicodusport.fr\/blog\/#\/schema\/logo\/image\/\"},\"sameAs\":[\"https:\/\/www.facebook.com\/dicodusport\",\"https:\/\/x.com\/dicodusport\",\"https:\/\/www.instagram.com\/dicodusport\/\",\"https:\/\/www.youtube.com\/channel\/UC7V2KZ5sd3htJivAbA4ZG3w\"],\"description\":\"Dicodusport est l'encyclop\u00e9die de l'actualit\u00e9 sportive.\",\"email\":\"bonjour@dicodusport.fr\",\"legalName\":\"DICODUSPORT\",\"foundingDate\":\"2018-01-14\",\"vatID\":\"FR71834470973\",\"taxID\":\"83447097300043\",\"numberOfEmployees\":{\"@type\":\"QuantitativeValue\",\"minValue\":\"1\",\"maxValue\":\"10\"}},{\"@type\":\"Person\",\"@id\":\"https:\/\/dicodusport.fr\/blog\/#\/schema\/person\/55dcb50ad410894e431ed812bbb70191\",\"name\":\"Nicolas Jacquemard\",\"image\":{\"@type\":\"ImageObject\",\"inLanguage\":\"fr-FR\",\"@id\":\"https:\/\/dicodusport.fr\/blog\/#\/schema\/person\/image\/\",\"url\":\"https:\/\/dicodusport.fr\/blog\/wp-content\/uploads\/2021\/05\/Nicolas-Jacquemard-150x150.jpeg\",\"contentUrl\":\"https:\/\/dicodusport.fr\/blog\/wp-content\/uploads\/2021\/05\/Nicolas-Jacquemard-150x150.jpeg\",\"caption\":\"Nicolas Jacquemard\"},\"description\":\"Passionn\u00e9 de sport et entrepreneur depuis mes 18 ans, la cr\u00e9ation de Dicodusport m'a sembl\u00e9 \u00e9vidente pour participer \u00e0 la m\u00e9diatisation d'un plus grand nombre de sports. Le chemin est long mais avec une \u00e9quipe des plus motiv\u00e9es et les Jeux Olympiques de Paris 2024 en point de mire, nous y arriverons ! Journaliste dans le monde du sport depuis plus de 5 ans, je traite aussi bien de football, de rugby, de biathlon que de cyclisme.\",\"sameAs\":[\"https:\/\/www.facebook.com\/dicodusport\",\"https:\/\/x.com\/https:\/\/twitter.com\/Nico_Jacquemard\"],\"url\":\"https:\/\/dicodusport.fr\/blog\/author\/dicodusport\/\"}]}<\/script>\n<!-- \/ Yoast SEO Premium plugin. -->","yoast_head_json":{"title":"Wout Van Aert incertain pour Paris-Roubaix","description":"CYCLISME SUR ROUTE 2022 - Forfait pour le Tour des Flandres \u00e0 cause de la Covid-19, Wout Van Aert est toujours incertain pour Paris Roubaix.\u00a0","robots":{"index":"index","follow":"follow","max-snippet":"max-snippet:-1","max-image-preview":"max-image-preview:large","max-video-preview":"max-video-preview:-1"},"canonical":"https:\/\/dicodusport.fr\/blog\/wout-van-aert-incertain-pour-paris-roubaix\/","og_locale":"fr_FR","og_type":"article","og_title":"Wout Van Aert incertain pour Paris-Roubaix","og_description":"CYCLISME SUR ROUTE 2022 - Forfait pour le Tour des Flandres \u00e0 cause de la Covid-19, Wout Van Aert est toujours incertain pour Paris Roubaix.\u00a0","og_url":"https:\/\/dicodusport.fr\/blog\/wout-van-aert-incertain-pour-paris-roubaix\/","og_site_name":"Dicodusport","article_publisher":"https:\/\/www.facebook.com\/dicodusport","article_author":"https:\/\/www.facebook.com\/dicodusport","article_published_time":"2022-04-07T10:11:27+00:00","article_modified_time":"2022-04-07T12:28:30+00:00","og_image":[{"width":800,"height":445,"url":"https:\/\/dicodusport.fr\/blog\/wp-content\/uploads\/2022\/04\/Wout-Van-Aert-incertain-pour-Paris-Roubaix.png","type":"image\/png"}],"author":"Nicolas Jacquemard","twitter_card":"summary_large_image","twitter_title":"Wout Van Aert incertain pour Paris-Roubaix","twitter_creator":"@https:\/\/twitter.com\/Nico_Jacquemard","twitter_site":"@dicodusport","schema":{"@context":"https:\/\/schema.org","@graph":[{"@type":"NewsArticle","@id":"https:\/\/dicodusport.fr\/blog\/wout-van-aert-incertain-pour-paris-roubaix\/#article","isPartOf":{"@id":"https:\/\/dicodusport.fr\/blog\/wout-van-aert-incertain-pour-paris-roubaix\/"},"author":{"name":"Nicolas Jacquemard","@id":"https:\/\/dicodusport.fr\/blog\/#\/schema\/person\/55dcb50ad410894e431ed812bbb70191"},"headline":"Wout Van Aert incertain pour Paris-Roubaix","datePublished":"2022-04-07T10:11:27+00:00","dateModified":"2022-04-07T12:28:30+00:00","mainEntityOfPage":{"@id":"https:\/\/dicodusport.fr\/blog\/wout-van-aert-incertain-pour-paris-roubaix\/"},"wordCount":205,"commentCount":0,"publisher":{"@id":"https:\/\/dicodusport.fr\/blog\/#organization"},"image":{"@id":"https:\/\/dicodusport.fr\/blog\/wout-van-aert-incertain-pour-paris-roubaix\/#primaryimage"},"thumbnailUrl":"https:\/\/dicodusport.fr\/blog\/wp-content\/uploads\/2022\/04\/Wout-Van-Aert-incertain-pour-Paris-Roubaix.png","keywords":["Paris-Roubaix","Wout Van Aert"],"articleSection":["Cyclisme sur route"],"inLanguage":"fr-FR","potentialAction":[{"@type":"CommentAction","name":"Comment","target":["https:\/\/dicodusport.fr\/blog\/wout-van-aert-incertain-pour-paris-roubaix\/#respond"]}],"copyrightYear":"2022","copyrightHolder":{"@id":"https:\/\/dicodusport.fr\/blog\/#organization"}},{"@type":"WebPage","@id":"https:\/\/dicodusport.fr\/blog\/wout-van-aert-incertain-pour-paris-roubaix\/","url":"https:\/\/dicodusport.fr\/blog\/wout-van-aert-incertain-pour-paris-roubaix\/","name":"Wout Van Aert incertain pour Paris-Roubaix","isPartOf":{"@id":"https:\/\/dicodusport.fr\/blog\/#website"},"primaryImageOfPage":{"@id":"https:\/\/dicodusport.fr\/blog\/wout-van-aert-incertain-pour-paris-roubaix\/#primaryimage"},"image":{"@id":"https:\/\/dicodusport.fr\/blog\/wout-van-aert-incertain-pour-paris-roubaix\/#primaryimage"},"thumbnailUrl":"https:\/\/dicodusport.fr\/blog\/wp-content\/uploads\/2022\/04\/Wout-Van-Aert-incertain-pour-Paris-Roubaix.png","datePublished":"2022-04-07T10:11:27+00:00","dateModified":"2022-04-07T12:28:30+00:00","description":"CYCLISME SUR ROUTE 2022 - Forfait pour le Tour des Flandres \u00e0 cause de la Covid-19, Wout Van Aert est toujours incertain pour Paris Roubaix.\u00a0","breadcrumb":{"@id":"https:\/\/dicodusport.fr\/blog\/wout-van-aert-incertain-pour-paris-roubaix\/#breadcrumb"},"inLanguage":"fr-FR","potentialAction":[{"@type":"ReadAction","target":["https:\/\/dicodusport.fr\/blog\/wout-van-aert-incertain-pour-paris-roubaix\/"]}]},{"@type":"ImageObject","inLanguage":"fr-FR","@id":"https:\/\/dicodusport.fr\/blog\/wout-van-aert-incertain-pour-paris-roubaix\/#primaryimage","url":"https:\/\/dicodusport.fr\/blog\/wp-content\/uploads\/2022\/04\/Wout-Van-Aert-incertain-pour-Paris-Roubaix.png","contentUrl":"https:\/\/dicodusport.fr\/blog\/wp-content\/uploads\/2022\/04\/Wout-Van-Aert-incertain-pour-Paris-Roubaix.png","width":800,"height":445,"caption":"Wout Van Aert - Photo Icon Sport"},{"@type":"BreadcrumbList","@id":"https:\/\/dicodusport.fr\/blog\/wout-van-aert-incertain-pour-paris-roubaix\/#breadcrumb","itemListElement":[{"@type":"ListItem","position":1,"name":"Accueil","item":"https:\/\/dicodusport.fr\/blog\/"},{"@type":"ListItem","position":2,"name":"Wout Van Aert incertain pour Paris-Roubaix"}]},{"@type":"WebSite","@id":"https:\/\/dicodusport.fr\/blog\/#website","url":"https:\/\/dicodusport.fr\/blog\/","name":"Dicodusport","description":"L&#039;encyclop\u00e9die de l&#039;actualit\u00e9 sportive","publisher":{"@id":"https:\/\/dicodusport.fr\/blog\/#organization"},"potentialAction":[{"@type":"SearchAction","target":{"@type":"EntryPoint","urlTemplate":"https:\/\/dicodusport.fr\/blog\/?s={search_term_string}"},"query-input":{"@type":"PropertyValueSpecification","valueRequired":true,"valueName":"search_term_string"}}],"inLanguage":"fr-FR"},{"@type":"NewsMediaOrganization","@id":"https:\/\/dicodusport.fr\/blog\/#organization","name":"Dicodusport","url":"https:\/\/dicodusport.fr\/blog\/","logo":{"@type":"ImageObject","inLanguage":"fr-FR","@id":"https:\/\/dicodusport.fr\/blog\/#\/schema\/logo\/image\/","url":"https:\/\/dicodusport.fr\/blog\/wp-content\/uploads\/2020\/06\/cropped-LOGO-DICODUSPORT-2020-SANS-FOND-SANS-TEXTE.png","contentUrl":"https:\/\/dicodusport.fr\/blog\/wp-content\/uploads\/2020\/06\/cropped-LOGO-DICODUSPORT-2020-SANS-FOND-SANS-TEXTE.png","width":512,"height":512,"caption":"Dicodusport"},"image":{"@id":"https:\/\/dicodusport.fr\/blog\/#\/schema\/logo\/image\/"},"sameAs":["https:\/\/www.facebook.com\/dicodusport","https:\/\/x.com\/dicodusport","https:\/\/www.instagram.com\/dicodusport\/","https:\/\/www.youtube.com\/channel\/UC7V2KZ5sd3htJivAbA4ZG3w"],"description":"Dicodusport est l'encyclop\u00e9die de l'actualit\u00e9 sportive.","email":"bonjour@dicodusport.fr","legalName":"DICODUSPORT","foundingDate":"2018-01-14","vatID":"FR71834470973","taxID":"83447097300043","numberOfEmployees":{"@type":"QuantitativeValue","minValue":"1","maxValue":"10"}},{"@type":"Person","@id":"https:\/\/dicodusport.fr\/blog\/#\/schema\/person\/55dcb50ad410894e431ed812bbb70191","name":"Nicolas Jacquemard","image":{"@type":"ImageObject","inLanguage":"fr-FR","@id":"https:\/\/dicodusport.fr\/blog\/#\/schema\/person\/image\/","url":"https:\/\/dicodusport.fr\/blog\/wp-content\/uploads\/2021\/05\/Nicolas-Jacquemard-150x150.jpeg","contentUrl":"https:\/\/dicodusport.fr\/blog\/wp-content\/uploads\/2021\/05\/Nicolas-Jacquemard-150x150.jpeg","caption":"Nicolas Jacquemard"},"description":"Passionn\u00e9 de sport et entrepreneur depuis mes 18 ans, la cr\u00e9ation de Dicodusport m'a sembl\u00e9 \u00e9vidente pour participer \u00e0 la m\u00e9diatisation d'un plus grand nombre de sports. Le chemin est long mais avec une \u00e9quipe des plus motiv\u00e9es et les Jeux Olympiques de Paris 2024 en point de mire, nous y arriverons ! Journaliste dans le monde du sport depuis plus de 5 ans, je traite aussi bien de football, de rugby, de biathlon que de cyclisme.","sameAs":["https:\/\/www.facebook.com\/dicodusport","https:\/\/x.com\/https:\/\/twitter.com\/Nico_Jacquemard"],"url":"https:\/\/dicodusport.fr\/blog\/author\/dicodusport\/"}]}},"_links":{"self":[{"href":"https:\/\/dicodusport.fr\/blog\/wp-json\/wp\/v2\/posts\/214094","targetHints":{"allow":["GET"]}}],"collection":[{"href":"https:\/\/dicodusport.fr\/blog\/wp-json\/wp\/v2\/posts"}],"about":[{"href":"https:\/\/dicodusport.fr\/blog\/wp-json\/wp\/v2\/types\/post"}],"author":[{"embeddable":true,"href":"https:\/\/dicodusport.fr\/blog\/wp-json\/wp\/v2\/users\/1"}],"replies":[{"embeddable":true,"href":"https:\/\/dicodusport.fr\/blog\/wp-json\/wp\/v2\/comments?post=214094"}],"version-history":[{"count":0,"href":"https:\/\/dicodusport.fr\/blog\/wp-json\/wp\/v2\/posts\/214094\/revisions"}],"wp:featuredmedia":[{"embeddable":true,"href":"https:\/\/dicodusport.fr\/blog\/wp-json\/wp\/v2\/media\/214098"}],"wp:attachment":[{"href":"https:\/\/dicodusport.fr\/blog\/wp-json\/wp\/v2\/media?parent=214094"}],"wp:term":[{"taxonomy":"category","embeddable":true,"href":"https:\/\/dicodusport.fr\/blog\/wp-json\/wp\/v2\/categories?post=214094"},{"taxonomy":"post_tag","embeddable":true,"href":"https:\/\/dicodusport.fr\/blog\/wp-json\/wp\/v2\/tags?post=214094"}],"curies":[{"name":"wp","href":"https:\/\/api.w.org\/{rel}","templated":true}]}}