{"id":214143,"date":"2022-04-08T11:20:49","date_gmt":"2022-04-08T09:20:49","guid":{"rendered":"https:\/\/dicodusport.fr\/blog\/?p=214143"},"modified":"2022-04-08T11:39:56","modified_gmt":"2022-04-08T09:39:56","slug":"ligue-1-la-31eme-journee-a-la-loupe","status":"publish","type":"post","link":"https:\/\/dicodusport.fr\/blog\/ligue-1-la-31eme-journee-a-la-loupe\/","title":{"rendered":"Ligue 1 : La 31\u00e8me journ\u00e9e \u00e0 la loupe"},"content":{"rendered":"<p style=\"text-align: justify;\"><strong><em><a href=\"https:\/\/dicodusport.fr\/blog\/actualites\/football\/ligue-1-2021-2022\/\">LIGUE 1 2021-2022<\/a> &#8211; Alors que la 31\u00e8me journ\u00e9e de Ligue 1 d\u00e9bute ce vendredi soir, la r\u00e9daction vous propose un petit tour d&rsquo;horizon sur ce qu&rsquo;il ne faudra pas rater de cette journ\u00e9e.<br \/>\n<\/em><\/strong><\/p>\n<p style=\"text-align: justify;\">Vous avez pr\u00e9vu de suivre la Ligue 1 ce week-end ? Mais vous n&rsquo;avez pas encore pris connaissance de son programme en d\u00e9tail ? Suivez le guide. On vous propose un petit tour des diff\u00e9rents enjeux et ce qu&rsquo;il ne faudra pas rater ce week-end.<\/p>\n<h2 style=\"text-align: justify;\">Le choc : Strasbourg &#8211; Olympique Lyonnais<\/h2>\n<p style=\"text-align: justify;\">C&rsquo;est sans aucun doute l&rsquo;\u00e9quipe r\u00e9v\u00e9lation de la saison face \u00e0 l&rsquo;une des d\u00e9ceptions \u00e0 l&rsquo;heure actuelle. <strong>Le RC Strasbourg<\/strong> de <strong>Julien St\u00e9phan<\/strong> d\u00e9tonne quand l&rsquo;<strong>Olympique Lyonnais<\/strong> alterne le show et l&rsquo;effroi. Quatri\u00e8me \u00e0 l&rsquo;heure actuelle, les Alsaciens restent sur 8 matchs sans d\u00e9faite. Mieux encore, suite \u00e0 leur victoire face \u00e0 <strong>Lens<\/strong> la semaine derni\u00e8re, ils pointent \u00e0 seulement 2 points du podium. Le <strong>RCS<\/strong> pourrait bien valider un ticket europ\u00e9en en fin de saison et cela serait amplement m\u00e9rit\u00e9.<\/p>\n<p style=\"text-align: justify;\">Le podium, c&rsquo;est un objectif avou\u00e9 des hommes du pr\u00e9sident <strong>Aulas<\/strong> chaque saison. Et apr\u00e8s deux saisons sans disputer la plus prestigieuse des comp\u00e9titions europ\u00e9ennes, les <em>Gones,<\/em> qui poss\u00e8dent 8 points de retard sur <strong>Rennes<\/strong>, pourraient bien confirmer l&rsquo;adage. Avec un effectif de qualit\u00e9 et des renforts de poids cet hiver, et m\u00eame ce printemps avec <strong>Tet\u00ea<\/strong>, <strong>l&rsquo;OL<\/strong> est tr\u00e8s loin de r\u00e9pondre aux attentes. Tout le contraire de <strong>Strasbourg<\/strong> donc.<\/p>\n<h2 style=\"text-align: justify;\">Le joueur \u00e0 suivre : Kylian Mbapp\u00e9<\/h2>\n<p style=\"text-align: justify;\">Qui d&rsquo;autres que lui ? Auteur d&rsquo;une prestation de haute vol\u00e9e avec les<em> Bleus<\/em> face \u00e0 l<strong>&lsquo;Afrique du Sud<\/strong>, le num\u00e9ro 7 du <strong>PSG<\/strong> a remis cela en <strong>Ligue 1<\/strong>. Face \u00e0<strong> Lorient<\/strong>, <strong>Kylian Mbapp\u00e9<\/strong> aura non seulement inscrit un doubl\u00e9, mais \u00e9galement adress\u00e9 3 passes d\u00e9cisives ! S&rsquo;il est toujours devanc\u00e9 au classement des buteurs par <strong>Ben Yedder<\/strong> (18 contre 17), le leader d&rsquo;attaque de l&rsquo;\u00e9quipe parisienne occupe la t\u00eate de celui des passeurs. Avec 13 offrandes \u00e0 son actif, il prouve une nouvelle fois son altruisme et qu&rsquo;il poss\u00e8de plus d&rsquo;une corde \u00e0 son arc.<\/p>\n<p style=\"text-align: justify;\">Outre ses statistiques impressionnantes,<strong> Mbapp\u00e9<\/strong> \u00e9pate par la facult\u00e9 qu&rsquo;il a \u00e0 faire la diff\u00e9rence lors de chacune de ses rencontres ou presque. Apr\u00e8s la rencontre face \u00e0 Lorient, le coach des <em>Merlus<\/em> \u00e9tait admiratif. <strong>Christophe P\u00e9lissier<\/strong> admet en effet <em><strong>\u00ab<\/strong><\/em> <em><strong>C\u2019est une chance de l\u2019avoir \u00e0 Paris et qu\u2019il soit fran\u00e7ais \u00bb.<\/strong>\u00a0<\/em>Un privil\u00e8ge que tous les fans de football fran\u00e7ais et plus particuli\u00e8rement les supporters du club de la capitale, r\u00eavent de le voir prolonger.<\/p>\n<blockquote class=\"twitter-tweet\">\n<p dir=\"ltr\" lang=\"fr\">\u00a0\u00bb \u00a0\u00bb de <a href=\"https:\/\/twitter.com\/KMbappe?ref_src=twsrc%5Etfw\">@KMbappe<\/a> &#xfe0f;<a href=\"https:\/\/twitter.com\/hashtag\/PSGFCL?src=hash&amp;ref_src=twsrc%5Etfw\">#PSGFCL<\/a> (5-1) <a href=\"https:\/\/t.co\/SoBHtliR1g\">pic.twitter.com\/SoBHtliR1g<\/a><\/p>\n<p>\u2014 Ligue 1 Uber Eats (@Ligue1UberEats) <a href=\"https:\/\/twitter.com\/Ligue1UberEats\/status\/1510947526639337481?ref_src=twsrc%5Etfw\">April 4, 2022<\/a><\/p><\/blockquote>\n<p><script async src=\"https:\/\/platform.twitter.com\/widgets.js\" charset=\"utf-8\"><\/script><\/p>\n<h2 style=\"text-align: justify;\">L&rsquo;\u00e9quipe : L&rsquo;ESTAC<\/h2>\n<p style=\"text-align: justify;\">Qui aurait mis\u00e9 sur l<strong>&lsquo;ESTAC<\/strong> il y a encore quelques semaines ? <strong>Bruno Irles<\/strong>, \u00e9tait le symbole (ou la t\u00eate de turc), d&rsquo;un club qui semblait avoir perdu le cap. Dirig\u00e9 par un commandant de bord en la personne de <strong>Laurent Battles<\/strong> jusqu&rsquo;\u00e0 la tr\u00eave, son remplacement avait pu \u00e9tonner. Tout comme il faut le dire, les Aubois \u00e9tonnent depuis quelques semaines. Invaincus depuis 5 rencontres, ils ont pris 11 points sur cette p\u00e9riode. Soit un tiers de leurs points depuis le d\u00e9but de la saison. R\u00e9ussissant des performances de choix face \u00e0 des adversaires directs, les Troyens se sont donn\u00e9s un petit peu d&rsquo;air. Oppos\u00e9s \u00e0 <strong>Monaco<\/strong> ce week-end, il s&rsquo;agira d&rsquo;un retour aux sources pour leur coach. Une occasion pour le technicien et ses joueurs de prouver qu&rsquo;ils ont les \u00e9paules pour s&rsquo;inscrire dans la dur\u00e9e en <strong>Ligue 1.<\/strong><\/p>\n<h2 style=\"text-align: justify;\">Le match de la peur : FC Lorient &#8211; ASSE<\/h2>\n<p style=\"text-align: justify;\">Ils ne sont pas dans le bon wagon. Et si ces deux clubs ne souhaitent pas voir le train de la <strong>Ligue 1<\/strong> partir sans eux, il va falloir r\u00e9agir. D\u00e9faits lourdement face au<strong> PSG<\/strong> la semaine derni\u00e8re (5-1), les <em>Merlus<\/em> vont devoir montrer un autre visage face aux <em>Verts<\/em>. Les hommes de <strong>Pascal Dupraz<\/strong>, quant \u00e0 eux, ont connu \u00e9galement une d\u00e9faite assez large face \u00e0 <strong>Marseille<\/strong> sur le score de 4 \u00e0 2 dans leur <strong>Chaudron<\/strong>. Malgr\u00e9 tout, les <em>Verts<\/em>, qui \u00e9taient au fond du trou cet hiver, se sont donn\u00e9s un espoir de maintien depuis quelques semaines en inversant une courbe de r\u00e9sultats tr\u00e8s n\u00e9gative. Lors de cette rencontre, si vainqueur il y a, il fera une tr\u00e8s bonne affaire. Le perdant lui, en revanche, pourrait bien rester \u00e0 quai.<\/p>\n<blockquote class=\"twitter-tweet\">\n<p dir=\"ltr\" lang=\"fr\">&#x26bd; La conf\u00e9rence de presse de l&rsquo;ASSE qui se d\u00e9place demain \u00e0 21h.<\/p>\n<p>Les verts sont 18\u00e8me de Ligue 1, Lorient 16\u00e8me compte avec un point d&rsquo;avance. Les supporters de l&rsquo;ASSE sont interdits de d\u00e9placement.<\/p>\n<p>THREAD &#x2935;&#xfe0f;<a href=\"https:\/\/twitter.com\/ASSEofficiel?ref_src=twsrc%5Etfw\">@ASSEofficiel<\/a> <a href=\"https:\/\/twitter.com\/CoachDupraz?ref_src=twsrc%5Etfw\">@CoachDupraz<\/a> <a href=\"https:\/\/twitter.com\/hashtag\/ASSE?src=hash&amp;ref_src=twsrc%5Etfw\">#ASSE<\/a> <a href=\"https:\/\/twitter.com\/hashtag\/lorientasse?src=hash&amp;ref_src=twsrc%5Etfw\">#lorientasse<\/a> <a href=\"https:\/\/t.co\/5os2MZ4U6u\">pic.twitter.com\/5os2MZ4U6u<\/a><\/p>\n<p>\u2014 ACTIV Radio (@ActivRadio) <a href=\"https:\/\/twitter.com\/ActivRadio\/status\/1512047985898799108?ref_src=twsrc%5Etfw\">April 7, 2022<\/a><\/p><\/blockquote>\n<p><script async src=\"https:\/\/platform.twitter.com\/widgets.js\" charset=\"utf-8\"><\/script><\/p>\n<h2 style=\"text-align: justify;\"><strong>\u00c0 lire aussi<\/strong><\/h2>\n<ul>\n<li style=\"text-align: justify;\"><a href=\"https:\/\/dicodusport.fr\/blog\/calendrier-ligue-1-2021-2022-31eme-journee-programme-tv-et-resultats\/\"><strong>Le programme de la 31\u00e8me journ\u00e9e de Ligue 1<\/strong><\/a><\/li>\n<li style=\"text-align: justify;\"><a href=\"https:\/\/dicodusport.fr\/blog\/football-le-classement-de-la-ligue-1-2021-2022\/\"><strong>Le classement de la Ligue 1<\/strong><\/a><\/li>\n<\/ul>\n","protected":false},"excerpt":{"rendered":"<p>LIGUE 1 2021-2022 &#8211; Alors que la 31\u00e8me journ\u00e9e de Ligue 1 d\u00e9bute ce vendredi soir, la r\u00e9daction vous propose un petit tour d&rsquo;horizon sur ce qu&rsquo;il ne faudra pas rater de cette journ\u00e9e.<\/p>\n","protected":false},"author":37,"featured_media":214361,"comment_status":"open","ping_status":"closed","sticky":false,"template":"","format":"standard","meta":{"_acf_changed":false,"_daextam_enable_autolinks":"","footnotes":""},"categories":[2301],"tags":[1206,3027,5668,75,2236,1554,1145,2987],"class_list":["post-214143","post","type-post","status-publish","format-standard","has-post-thumbnail","hentry","category-football","tag-asse","tag-estac","tag-fc-lorient","tag-football","tag-kylian-mbappe","tag-ligue-1","tag-ol","tag-rc-strasbourg"],"acf":[],"yoast_head":"<!-- This site is optimized with the Yoast SEO Premium plugin v26.7 (Yoast SEO v26.7) - https:\/\/yoast.com\/wordpress\/plugins\/seo\/ -->\n<title>Ligue 1 : La 31\u00e8me journ\u00e9e \u00e0 la loupe<\/title>\n<meta name=\"description\" content=\"Ligue 1 - Alors que se profile la 31\u00e8me journ\u00e9e de Ligue 1, la r\u00e9daction vous propose un tour d&#039;horizon et les enjeux de la journ\u00e9e\" \/>\n<meta name=\"robots\" content=\"index, follow, max-snippet:-1, max-image-preview:large, max-video-preview:-1\" \/>\n<link rel=\"canonical\" href=\"https:\/\/dicodusport.fr\/blog\/ligue-1-la-31eme-journee-a-la-loupe\/\" \/>\n<meta property=\"og:locale\" content=\"fr_FR\" \/>\n<meta property=\"og:type\" content=\"article\" \/>\n<meta property=\"og:title\" content=\"Ligue 1 : La 31\u00e8me journ\u00e9e \u00e0 la loupe\" \/>\n<meta property=\"og:description\" content=\"Ligue 1 - Alors que se profile la 31\u00e8me journ\u00e9e de Ligue 1, la r\u00e9daction vous propose un tour d&#039;horizon et les enjeux de la journ\u00e9e\" \/>\n<meta property=\"og:url\" content=\"https:\/\/dicodusport.fr\/blog\/ligue-1-la-31eme-journee-a-la-loupe\/\" \/>\n<meta property=\"og:site_name\" content=\"Dicodusport\" \/>\n<meta property=\"article:publisher\" content=\"https:\/\/www.facebook.com\/dicodusport\" \/>\n<meta property=\"article:author\" content=\"https:\/\/www.facebook.com\/julien.correia.52\" \/>\n<meta property=\"article:published_time\" content=\"2022-04-08T09:20:49+00:00\" \/>\n<meta property=\"article:modified_time\" content=\"2022-04-08T09:39:56+00:00\" \/>\n<meta property=\"og:image\" content=\"https:\/\/dicodusport.fr\/blog\/wp-content\/uploads\/2022\/04\/Ligue-1-La-31eme-journee-a-la-loupe.png\" \/>\n\t<meta property=\"og:image:width\" content=\"800\" \/>\n\t<meta property=\"og:image:height\" content=\"445\" \/>\n\t<meta property=\"og:image:type\" content=\"image\/png\" \/>\n<meta name=\"author\" content=\"Julien Correia\" \/>\n<meta name=\"twitter:card\" content=\"summary_large_image\" \/>\n<meta name=\"twitter:title\" content=\"Ligue 1 : La 31\u00e8me journ\u00e9e \u00e0 la loupe\" \/>\n<meta name=\"twitter:creator\" content=\"@https:\/\/twitter.com\/julienco_psg70\" \/>\n<meta name=\"twitter:site\" content=\"@dicodusport\" \/>\n<script type=\"application\/ld+json\" class=\"yoast-schema-graph\">{\"@context\":\"https:\/\/schema.org\",\"@graph\":[{\"@type\":\"NewsArticle\",\"@id\":\"https:\/\/dicodusport.fr\/blog\/ligue-1-la-31eme-journee-a-la-loupe\/#article\",\"isPartOf\":{\"@id\":\"https:\/\/dicodusport.fr\/blog\/ligue-1-la-31eme-journee-a-la-loupe\/\"},\"author\":{\"name\":\"Julien Correia\",\"@id\":\"https:\/\/dicodusport.fr\/blog\/#\/schema\/person\/0f73d157e4670e108e23009fa82f2239\"},\"headline\":\"Ligue 1 : La 31\u00e8me journ\u00e9e \u00e0 la loupe\",\"datePublished\":\"2022-04-08T09:20:49+00:00\",\"dateModified\":\"2022-04-08T09:39:56+00:00\",\"mainEntityOfPage\":{\"@id\":\"https:\/\/dicodusport.fr\/blog\/ligue-1-la-31eme-journee-a-la-loupe\/\"},\"wordCount\":846,\"commentCount\":0,\"publisher\":{\"@id\":\"https:\/\/dicodusport.fr\/blog\/#organization\"},\"image\":{\"@id\":\"https:\/\/dicodusport.fr\/blog\/ligue-1-la-31eme-journee-a-la-loupe\/#primaryimage\"},\"thumbnailUrl\":\"https:\/\/dicodusport.fr\/blog\/wp-content\/uploads\/2022\/04\/Ligue-1-La-31eme-journee-a-la-loupe.png\",\"keywords\":[\"ASSE\",\"ESTAC\",\"FC Lorient\",\"Football\",\"Kylian Mbapp\u00e9\",\"Ligue 1\",\"OL\",\"RC Strasbourg\"],\"articleSection\":[\"Football\"],\"inLanguage\":\"fr-FR\",\"potentialAction\":[{\"@type\":\"CommentAction\",\"name\":\"Comment\",\"target\":[\"https:\/\/dicodusport.fr\/blog\/ligue-1-la-31eme-journee-a-la-loupe\/#respond\"]}],\"copyrightYear\":\"2022\",\"copyrightHolder\":{\"@id\":\"https:\/\/dicodusport.fr\/blog\/#organization\"}},{\"@type\":\"WebPage\",\"@id\":\"https:\/\/dicodusport.fr\/blog\/ligue-1-la-31eme-journee-a-la-loupe\/\",\"url\":\"https:\/\/dicodusport.fr\/blog\/ligue-1-la-31eme-journee-a-la-loupe\/\",\"name\":\"Ligue 1 : La 31\u00e8me journ\u00e9e \u00e0 la loupe\",\"isPartOf\":{\"@id\":\"https:\/\/dicodusport.fr\/blog\/#website\"},\"primaryImageOfPage\":{\"@id\":\"https:\/\/dicodusport.fr\/blog\/ligue-1-la-31eme-journee-a-la-loupe\/#primaryimage\"},\"image\":{\"@id\":\"https:\/\/dicodusport.fr\/blog\/ligue-1-la-31eme-journee-a-la-loupe\/#primaryimage\"},\"thumbnailUrl\":\"https:\/\/dicodusport.fr\/blog\/wp-content\/uploads\/2022\/04\/Ligue-1-La-31eme-journee-a-la-loupe.png\",\"datePublished\":\"2022-04-08T09:20:49+00:00\",\"dateModified\":\"2022-04-08T09:39:56+00:00\",\"description\":\"Ligue 1 - Alors que se profile la 31\u00e8me journ\u00e9e de Ligue 1, la r\u00e9daction vous propose un tour d'horizon et les enjeux de la journ\u00e9e\",\"breadcrumb\":{\"@id\":\"https:\/\/dicodusport.fr\/blog\/ligue-1-la-31eme-journee-a-la-loupe\/#breadcrumb\"},\"inLanguage\":\"fr-FR\",\"potentialAction\":[{\"@type\":\"ReadAction\",\"target\":[\"https:\/\/dicodusport.fr\/blog\/ligue-1-la-31eme-journee-a-la-loupe\/\"]}]},{\"@type\":\"ImageObject\",\"inLanguage\":\"fr-FR\",\"@id\":\"https:\/\/dicodusport.fr\/blog\/ligue-1-la-31eme-journee-a-la-loupe\/#primaryimage\",\"url\":\"https:\/\/dicodusport.fr\/blog\/wp-content\/uploads\/2022\/04\/Ligue-1-La-31eme-journee-a-la-loupe.png\",\"contentUrl\":\"https:\/\/dicodusport.fr\/blog\/wp-content\/uploads\/2022\/04\/Ligue-1-La-31eme-journee-a-la-loupe.png\",\"width\":800,\"height\":445,\"caption\":\"Ligue 1 La 31\u00e8me journ\u00e9e \u00e0 la loupe\"},{\"@type\":\"BreadcrumbList\",\"@id\":\"https:\/\/dicodusport.fr\/blog\/ligue-1-la-31eme-journee-a-la-loupe\/#breadcrumb\",\"itemListElement\":[{\"@type\":\"ListItem\",\"position\":1,\"name\":\"Accueil\",\"item\":\"https:\/\/dicodusport.fr\/blog\/\"},{\"@type\":\"ListItem\",\"position\":2,\"name\":\"Ligue 1 : La 31\u00e8me journ\u00e9e \u00e0 la loupe\"}]},{\"@type\":\"WebSite\",\"@id\":\"https:\/\/dicodusport.fr\/blog\/#website\",\"url\":\"https:\/\/dicodusport.fr\/blog\/\",\"name\":\"Dicodusport\",\"description\":\"L&#039;encyclop\u00e9die de l&#039;actualit\u00e9 sportive\",\"publisher\":{\"@id\":\"https:\/\/dicodusport.fr\/blog\/#organization\"},\"potentialAction\":[{\"@type\":\"SearchAction\",\"target\":{\"@type\":\"EntryPoint\",\"urlTemplate\":\"https:\/\/dicodusport.fr\/blog\/?s={search_term_string}\"},\"query-input\":{\"@type\":\"PropertyValueSpecification\",\"valueRequired\":true,\"valueName\":\"search_term_string\"}}],\"inLanguage\":\"fr-FR\"},{\"@type\":\"NewsMediaOrganization\",\"@id\":\"https:\/\/dicodusport.fr\/blog\/#organization\",\"name\":\"Dicodusport\",\"url\":\"https:\/\/dicodusport.fr\/blog\/\",\"logo\":{\"@type\":\"ImageObject\",\"inLanguage\":\"fr-FR\",\"@id\":\"https:\/\/dicodusport.fr\/blog\/#\/schema\/logo\/image\/\",\"url\":\"https:\/\/dicodusport.fr\/blog\/wp-content\/uploads\/2020\/06\/cropped-LOGO-DICODUSPORT-2020-SANS-FOND-SANS-TEXTE.png\",\"contentUrl\":\"https:\/\/dicodusport.fr\/blog\/wp-content\/uploads\/2020\/06\/cropped-LOGO-DICODUSPORT-2020-SANS-FOND-SANS-TEXTE.png\",\"width\":512,\"height\":512,\"caption\":\"Dicodusport\"},\"image\":{\"@id\":\"https:\/\/dicodusport.fr\/blog\/#\/schema\/logo\/image\/\"},\"sameAs\":[\"https:\/\/www.facebook.com\/dicodusport\",\"https:\/\/x.com\/dicodusport\",\"https:\/\/www.instagram.com\/dicodusport\/\",\"https:\/\/www.youtube.com\/channel\/UC7V2KZ5sd3htJivAbA4ZG3w\"],\"description\":\"Dicodusport est l'encyclop\u00e9die de l'actualit\u00e9 sportive.\",\"email\":\"bonjour@dicodusport.fr\",\"legalName\":\"DICODUSPORT\",\"foundingDate\":\"2018-01-14\",\"vatID\":\"FR71834470973\",\"taxID\":\"83447097300043\",\"numberOfEmployees\":{\"@type\":\"QuantitativeValue\",\"minValue\":\"1\",\"maxValue\":\"10\"}},{\"@type\":\"Person\",\"@id\":\"https:\/\/dicodusport.fr\/blog\/#\/schema\/person\/0f73d157e4670e108e23009fa82f2239\",\"name\":\"Julien Correia\",\"image\":{\"@type\":\"ImageObject\",\"inLanguage\":\"fr-FR\",\"@id\":\"https:\/\/dicodusport.fr\/blog\/#\/schema\/person\/image\/\",\"url\":\"https:\/\/dicodusport.fr\/blog\/wp-content\/uploads\/2021\/05\/Julien-Correia-150x150.jpg\",\"contentUrl\":\"https:\/\/dicodusport.fr\/blog\/wp-content\/uploads\/2021\/05\/Julien-Correia-150x150.jpg\",\"caption\":\"Julien Correia\"},\"description\":\"Journaliste\/r\u00e9dacteur depuis janvier 2019 - Tomb\u00e9 dans le monde du ballon rond \u00e9tant petit, j\u2019aurais pu devenir pro sans ces foutus ligaments crois\u00e9s. D\u00e9filant sur les champs (mais pas Elys\u00e9es) en 98, j\u2019ai \u00e9t\u00e9 berc\u00e9 par les exploits de Mister George, piqu\u00e9 par la technique du Snake, grandi avec Captain Rai et Ronnie, m\u00fbri avec Pauleta et Edi. Mais Ibracadabra, je suis d\u00e9sormais reconverti en runner\/traileur. Moins rapide que Bolt et moins endurant que Jornet, c\u2019est donc plume \u00e0 la main que je partage les exploits de ces athl\u00e8tes !\",\"sameAs\":[\"https:\/\/www.facebook.com\/julien.correia.52\",\"https:\/\/x.com\/https:\/\/twitter.com\/julienco_psg70\"],\"url\":\"https:\/\/dicodusport.fr\/blog\/author\/julien-c\/\"}]}<\/script>\n<!-- \/ Yoast SEO Premium plugin. -->","yoast_head_json":{"title":"Ligue 1 : La 31\u00e8me journ\u00e9e \u00e0 la loupe","description":"Ligue 1 - Alors que se profile la 31\u00e8me journ\u00e9e de Ligue 1, la r\u00e9daction vous propose un tour d'horizon et les enjeux de la journ\u00e9e","robots":{"index":"index","follow":"follow","max-snippet":"max-snippet:-1","max-image-preview":"max-image-preview:large","max-video-preview":"max-video-preview:-1"},"canonical":"https:\/\/dicodusport.fr\/blog\/ligue-1-la-31eme-journee-a-la-loupe\/","og_locale":"fr_FR","og_type":"article","og_title":"Ligue 1 : La 31\u00e8me journ\u00e9e \u00e0 la loupe","og_description":"Ligue 1 - Alors que se profile la 31\u00e8me journ\u00e9e de Ligue 1, la r\u00e9daction vous propose un tour d'horizon et les enjeux de la journ\u00e9e","og_url":"https:\/\/dicodusport.fr\/blog\/ligue-1-la-31eme-journee-a-la-loupe\/","og_site_name":"Dicodusport","article_publisher":"https:\/\/www.facebook.com\/dicodusport","article_author":"https:\/\/www.facebook.com\/julien.correia.52","article_published_time":"2022-04-08T09:20:49+00:00","article_modified_time":"2022-04-08T09:39:56+00:00","og_image":[{"width":800,"height":445,"url":"https:\/\/dicodusport.fr\/blog\/wp-content\/uploads\/2022\/04\/Ligue-1-La-31eme-journee-a-la-loupe.png","type":"image\/png"}],"author":"Julien Correia","twitter_card":"summary_large_image","twitter_title":"Ligue 1 : La 31\u00e8me journ\u00e9e \u00e0 la loupe","twitter_creator":"@https:\/\/twitter.com\/julienco_psg70","twitter_site":"@dicodusport","schema":{"@context":"https:\/\/schema.org","@graph":[{"@type":"NewsArticle","@id":"https:\/\/dicodusport.fr\/blog\/ligue-1-la-31eme-journee-a-la-loupe\/#article","isPartOf":{"@id":"https:\/\/dicodusport.fr\/blog\/ligue-1-la-31eme-journee-a-la-loupe\/"},"author":{"name":"Julien Correia","@id":"https:\/\/dicodusport.fr\/blog\/#\/schema\/person\/0f73d157e4670e108e23009fa82f2239"},"headline":"Ligue 1 : La 31\u00e8me journ\u00e9e \u00e0 la loupe","datePublished":"2022-04-08T09:20:49+00:00","dateModified":"2022-04-08T09:39:56+00:00","mainEntityOfPage":{"@id":"https:\/\/dicodusport.fr\/blog\/ligue-1-la-31eme-journee-a-la-loupe\/"},"wordCount":846,"commentCount":0,"publisher":{"@id":"https:\/\/dicodusport.fr\/blog\/#organization"},"image":{"@id":"https:\/\/dicodusport.fr\/blog\/ligue-1-la-31eme-journee-a-la-loupe\/#primaryimage"},"thumbnailUrl":"https:\/\/dicodusport.fr\/blog\/wp-content\/uploads\/2022\/04\/Ligue-1-La-31eme-journee-a-la-loupe.png","keywords":["ASSE","ESTAC","FC Lorient","Football","Kylian Mbapp\u00e9","Ligue 1","OL","RC Strasbourg"],"articleSection":["Football"],"inLanguage":"fr-FR","potentialAction":[{"@type":"CommentAction","name":"Comment","target":["https:\/\/dicodusport.fr\/blog\/ligue-1-la-31eme-journee-a-la-loupe\/#respond"]}],"copyrightYear":"2022","copyrightHolder":{"@id":"https:\/\/dicodusport.fr\/blog\/#organization"}},{"@type":"WebPage","@id":"https:\/\/dicodusport.fr\/blog\/ligue-1-la-31eme-journee-a-la-loupe\/","url":"https:\/\/dicodusport.fr\/blog\/ligue-1-la-31eme-journee-a-la-loupe\/","name":"Ligue 1 : La 31\u00e8me journ\u00e9e \u00e0 la loupe","isPartOf":{"@id":"https:\/\/dicodusport.fr\/blog\/#website"},"primaryImageOfPage":{"@id":"https:\/\/dicodusport.fr\/blog\/ligue-1-la-31eme-journee-a-la-loupe\/#primaryimage"},"image":{"@id":"https:\/\/dicodusport.fr\/blog\/ligue-1-la-31eme-journee-a-la-loupe\/#primaryimage"},"thumbnailUrl":"https:\/\/dicodusport.fr\/blog\/wp-content\/uploads\/2022\/04\/Ligue-1-La-31eme-journee-a-la-loupe.png","datePublished":"2022-04-08T09:20:49+00:00","dateModified":"2022-04-08T09:39:56+00:00","description":"Ligue 1 - Alors que se profile la 31\u00e8me journ\u00e9e de Ligue 1, la r\u00e9daction vous propose un tour d'horizon et les enjeux de la journ\u00e9e","breadcrumb":{"@id":"https:\/\/dicodusport.fr\/blog\/ligue-1-la-31eme-journee-a-la-loupe\/#breadcrumb"},"inLanguage":"fr-FR","potentialAction":[{"@type":"ReadAction","target":["https:\/\/dicodusport.fr\/blog\/ligue-1-la-31eme-journee-a-la-loupe\/"]}]},{"@type":"ImageObject","inLanguage":"fr-FR","@id":"https:\/\/dicodusport.fr\/blog\/ligue-1-la-31eme-journee-a-la-loupe\/#primaryimage","url":"https:\/\/dicodusport.fr\/blog\/wp-content\/uploads\/2022\/04\/Ligue-1-La-31eme-journee-a-la-loupe.png","contentUrl":"https:\/\/dicodusport.fr\/blog\/wp-content\/uploads\/2022\/04\/Ligue-1-La-31eme-journee-a-la-loupe.png","width":800,"height":445,"caption":"Ligue 1 La 31\u00e8me journ\u00e9e \u00e0 la loupe"},{"@type":"BreadcrumbList","@id":"https:\/\/dicodusport.fr\/blog\/ligue-1-la-31eme-journee-a-la-loupe\/#breadcrumb","itemListElement":[{"@type":"ListItem","position":1,"name":"Accueil","item":"https:\/\/dicodusport.fr\/blog\/"},{"@type":"ListItem","position":2,"name":"Ligue 1 : La 31\u00e8me journ\u00e9e \u00e0 la loupe"}]},{"@type":"WebSite","@id":"https:\/\/dicodusport.fr\/blog\/#website","url":"https:\/\/dicodusport.fr\/blog\/","name":"Dicodusport","description":"L&#039;encyclop\u00e9die de l&#039;actualit\u00e9 sportive","publisher":{"@id":"https:\/\/dicodusport.fr\/blog\/#organization"},"potentialAction":[{"@type":"SearchAction","target":{"@type":"EntryPoint","urlTemplate":"https:\/\/dicodusport.fr\/blog\/?s={search_term_string}"},"query-input":{"@type":"PropertyValueSpecification","valueRequired":true,"valueName":"search_term_string"}}],"inLanguage":"fr-FR"},{"@type":"NewsMediaOrganization","@id":"https:\/\/dicodusport.fr\/blog\/#organization","name":"Dicodusport","url":"https:\/\/dicodusport.fr\/blog\/","logo":{"@type":"ImageObject","inLanguage":"fr-FR","@id":"https:\/\/dicodusport.fr\/blog\/#\/schema\/logo\/image\/","url":"https:\/\/dicodusport.fr\/blog\/wp-content\/uploads\/2020\/06\/cropped-LOGO-DICODUSPORT-2020-SANS-FOND-SANS-TEXTE.png","contentUrl":"https:\/\/dicodusport.fr\/blog\/wp-content\/uploads\/2020\/06\/cropped-LOGO-DICODUSPORT-2020-SANS-FOND-SANS-TEXTE.png","width":512,"height":512,"caption":"Dicodusport"},"image":{"@id":"https:\/\/dicodusport.fr\/blog\/#\/schema\/logo\/image\/"},"sameAs":["https:\/\/www.facebook.com\/dicodusport","https:\/\/x.com\/dicodusport","https:\/\/www.instagram.com\/dicodusport\/","https:\/\/www.youtube.com\/channel\/UC7V2KZ5sd3htJivAbA4ZG3w"],"description":"Dicodusport est l'encyclop\u00e9die de l'actualit\u00e9 sportive.","email":"bonjour@dicodusport.fr","legalName":"DICODUSPORT","foundingDate":"2018-01-14","vatID":"FR71834470973","taxID":"83447097300043","numberOfEmployees":{"@type":"QuantitativeValue","minValue":"1","maxValue":"10"}},{"@type":"Person","@id":"https:\/\/dicodusport.fr\/blog\/#\/schema\/person\/0f73d157e4670e108e23009fa82f2239","name":"Julien Correia","image":{"@type":"ImageObject","inLanguage":"fr-FR","@id":"https:\/\/dicodusport.fr\/blog\/#\/schema\/person\/image\/","url":"https:\/\/dicodusport.fr\/blog\/wp-content\/uploads\/2021\/05\/Julien-Correia-150x150.jpg","contentUrl":"https:\/\/dicodusport.fr\/blog\/wp-content\/uploads\/2021\/05\/Julien-Correia-150x150.jpg","caption":"Julien Correia"},"description":"Journaliste\/r\u00e9dacteur depuis janvier 2019 - Tomb\u00e9 dans le monde du ballon rond \u00e9tant petit, j\u2019aurais pu devenir pro sans ces foutus ligaments crois\u00e9s. D\u00e9filant sur les champs (mais pas Elys\u00e9es) en 98, j\u2019ai \u00e9t\u00e9 berc\u00e9 par les exploits de Mister George, piqu\u00e9 par la technique du Snake, grandi avec Captain Rai et Ronnie, m\u00fbri avec Pauleta et Edi. Mais Ibracadabra, je suis d\u00e9sormais reconverti en runner\/traileur. Moins rapide que Bolt et moins endurant que Jornet, c\u2019est donc plume \u00e0 la main que je partage les exploits de ces athl\u00e8tes !","sameAs":["https:\/\/www.facebook.com\/julien.correia.52","https:\/\/x.com\/https:\/\/twitter.com\/julienco_psg70"],"url":"https:\/\/dicodusport.fr\/blog\/author\/julien-c\/"}]}},"_links":{"self":[{"href":"https:\/\/dicodusport.fr\/blog\/wp-json\/wp\/v2\/posts\/214143","targetHints":{"allow":["GET"]}}],"collection":[{"href":"https:\/\/dicodusport.fr\/blog\/wp-json\/wp\/v2\/posts"}],"about":[{"href":"https:\/\/dicodusport.fr\/blog\/wp-json\/wp\/v2\/types\/post"}],"author":[{"embeddable":true,"href":"https:\/\/dicodusport.fr\/blog\/wp-json\/wp\/v2\/users\/37"}],"replies":[{"embeddable":true,"href":"https:\/\/dicodusport.fr\/blog\/wp-json\/wp\/v2\/comments?post=214143"}],"version-history":[{"count":0,"href":"https:\/\/dicodusport.fr\/blog\/wp-json\/wp\/v2\/posts\/214143\/revisions"}],"wp:featuredmedia":[{"embeddable":true,"href":"https:\/\/dicodusport.fr\/blog\/wp-json\/wp\/v2\/media\/214361"}],"wp:attachment":[{"href":"https:\/\/dicodusport.fr\/blog\/wp-json\/wp\/v2\/media?parent=214143"}],"wp:term":[{"taxonomy":"category","embeddable":true,"href":"https:\/\/dicodusport.fr\/blog\/wp-json\/wp\/v2\/categories?post=214143"},{"taxonomy":"post_tag","embeddable":true,"href":"https:\/\/dicodusport.fr\/blog\/wp-json\/wp\/v2\/tags?post=214143"}],"curies":[{"name":"wp","href":"https:\/\/api.w.org\/{rel}","templated":true}]}}