{"id":214594,"date":"2022-04-09T09:37:53","date_gmt":"2022-04-09T07:37:53","guid":{"rendered":"https:\/\/dicodusport.fr\/blog\/?p=214594&#038;preview=true&#038;preview_id=214594"},"modified":"2022-04-09T11:38:44","modified_gmt":"2022-04-09T09:38:44","slug":"f1-australie-2022-charles-leclerc-partira-en-pole-position","status":"publish","type":"post","link":"https:\/\/dicodusport.fr\/blog\/f1-australie-2022-charles-leclerc-partira-en-pole-position\/","title":{"rendered":"F1 Australie 2022 : Charles Leclerc partira en pole position"},"content":{"rendered":"<p style=\"text-align: justify;\"><strong><em><a href=\"https:\/\/dicodusport.fr\/blog\/f1-australie-2022-programme-tv-horiaires-et-resultats\/\">F1 &#8211; GRAND PRIX DU D&rsquo;AUSTRALIE 2022<\/a> &#8211; <\/em><\/strong><em><b>Le Mon\u00e9gasque Charles Leclerc (Ferrari) a r\u00e9alis\u00e9 le meilleur temps des qualifications sur le circuit de l&rsquo;Albert Park. Il partira en pole position sur la grille de d\u00e9part du Grand Prix demain. C&rsquo;est sa 11\u00e8me en carri\u00e8re et la 2\u00e8me de la saison. Il devance les deux Red Bull du champion du monde Max Verstappen et de Sergio Perez. Les Fran\u00e7ais Esteban Ocon (Alpine) et Pierre Gasly (Alpha Tauri) partiront respectivement 8\u00e8me et 11\u00e8me sur la grille de d\u00e9part de la course demain.\u00a0<\/b><\/em><\/p>\n<h2>Aston Martin et Williams dans le dur<\/h2>\n<p style=\"text-align: justify;\">Sous les nuages de Melbourne sur le circuit de l\u2019Albert Park, les 20 pilotes ont pris part aux troisi\u00e8mes qualifications de la saison. Alors qu\u2019il reste 2 minutes et 30 secondes, une sc\u00e8ne incroyable s\u2019est d\u00e9roul\u00e9e. Les deux pilotes canadiens de la grille, <strong>Lance Stroll<\/strong> (Aston Martin) et <strong>Nicholas Latifi<\/strong> (Williams) se sont percut\u00e9s en piste. Cette situation a cr\u00e9\u00e9 de gros d\u00e9g\u00e2ts et aucun de ces deux-l\u00e0 ne se s\u2019est qualifi\u00e9 en Q2.<\/p>\n<blockquote class=\"twitter-tweet\">\n<p dir=\"ltr\" lang=\"fr\">DRAPEAU ROUGE &#x1f7e5;<\/p>\n<p>Incident et Crash Stroll \/ Latifi ! Pilotes OK.<a href=\"https:\/\/twitter.com\/hashtag\/AusGP?src=hash&amp;ref_src=twsrc%5Etfw\">#AusGP<\/a> <a href=\"https:\/\/twitter.com\/hashtag\/AustralianGP?src=hash&amp;ref_src=twsrc%5Etfw\">#AustralianGP<\/a> &#x1f1e6;&#x1f1fa;<\/p>\n<p>&#x25b6;&#xfe0f; <a href=\"https:\/\/t.co\/7plkVVV12v\">https:\/\/t.co\/7plkVVV12v<\/a> <a href=\"https:\/\/t.co\/eBrt02guHB\">pic.twitter.com\/eBrt02guHB<\/a><\/p>\n<p>\u2014 CANAL+ F1\u00ae (@CanalplusF1) <a href=\"https:\/\/twitter.com\/CanalplusF1\/status\/1512677313493839872?ref_src=twsrc%5Etfw\">April 9, 2022<\/a><\/p><\/blockquote>\n<p><script async src=\"https:\/\/platform.twitter.com\/widgets.js\" charset=\"utf-8\"><\/script><\/p>\n<p style=\"text-align: justify;\">Mauvaise journ\u00e9e pour Aston Martin. Apr\u00e8s que leurs deux pilotes ont fait des erreurs en essais libres 3 ce matin, <strong>Sebastian Vettel<\/strong> fait aussi partie des \u00e9limin\u00e9s et partira en 18<sup>\u00e8me<\/sup> position demain. Pourtant qualifi\u00e9 jusqu\u2019en Q3 lors des deux premi\u00e8res manches, <strong>Kevin Magnussen <\/strong>(Haas) s\u2019arr\u00eatera aujourd\u2019hui en Q1. Enfin, <strong>Alexander Albon<\/strong> (Williams) ne participera pas \u00e0 l\u2019\u00e9tape suivante non plus et partira 16<sup>\u00e8me<\/sup>.<\/p>\n<h2>Seulement cinq \u00e9curies se qualifient en Q3<\/h2>\n<p style=\"text-align: justify;\">En Q2, les pilotes ont d\u00e9sormais les pneus de leur choix, sans incidence sur la course du lendemain. Ils ont alors tous opt\u00e9 pour les pneus rouges, les plus tendres. Concernant les \u00e9limin\u00e9s avant la derni\u00e8re \u00e9tape, pour moins d\u2019un centi\u00e8me de seconde, c\u2019est le Fran\u00e7ais <strong>Pierre Gasly <\/strong>(Alpha Tauri) qui a d\u00fb abandonner ses espoirs d\u2019acc\u00e8s \u00e0 la Q3. Puis, <strong>Valtteri Bottas<\/strong> (Alfa Romeo) a malheureusement coup\u00e9 sa longue s\u00e9rie de qualifications en Q3. Ensuite, <strong>Yuki Tsunoda<\/strong> (Alpha Tauri), <strong>Guanyu Zhou<\/strong> (Alfa Romeo) et <strong>Mick Schumacher<\/strong> (Haas) ont \u00e9chou\u00e9 et partiront 13<sup>\u00e8me<\/sup>, 14<sup>\u00e8me<\/sup> \u00a0et 15<sup>\u00e8me<\/sup> demain. C\u2019est la premi\u00e8re fois de la saison que les deux McLaren se sont qualifi\u00e9es en Q3.<\/p>\n<h2>Charles Leclerc encore au top<\/h2>\n<p style=\"text-align: justify;\">La derni\u00e8re partie des qualifications nous a tenu en haleine jusque dans les derni\u00e8res secondes, comme souvent. Avant \u00e7a, <strong>Fernando Alonso<\/strong> (Alpine) a malheureusement subi un probl\u00e8me m\u00e9canique qui lui a fait perdre le contr\u00f4le de la voiture et donc taper le mur.<\/p>\n<blockquote class=\"twitter-tweet\">\n<p dir=\"ltr\" lang=\"ht\">Fernando Alonso dans le mur.<\/p>\n<p>Pilote OK.<a href=\"https:\/\/twitter.com\/hashtag\/AusGP?src=hash&amp;ref_src=twsrc%5Etfw\">#AusGP<\/a>&#x1f1e6;&#x1f1fa;<\/p>\n<p>&#x25b6;&#xfe0f; <a href=\"https:\/\/t.co\/7plkVVV12v\">https:\/\/t.co\/7plkVVV12v<\/a> <a href=\"https:\/\/t.co\/tvq1EKouPA\">pic.twitter.com\/tvq1EKouPA<\/a><\/p>\n<p>\u2014 CANAL+ F1\u00ae (@CanalplusF1) <a href=\"https:\/\/twitter.com\/CanalplusF1\/status\/1512690969753358344?ref_src=twsrc%5Etfw\">April 9, 2022<\/a><\/p><\/blockquote>\n<p><script async src=\"https:\/\/platform.twitter.com\/widgets.js\" charset=\"utf-8\"><\/script><\/p>\n<p style=\"text-align: justify;\">Au final et dans les derniers moments, le Mon\u00e9gasque <strong>Charles Leclerc <\/strong>(Ferrari) a r\u00e9alis\u00e9 le meilleur temps avec plus de deux dixi\u00e8mes d\u2019avance sur<strong> Max Verstappen <\/strong>(Red Bull). C\u2019est sa 11<sup>\u00e8me<\/sup> en carri\u00e8re et la deuxi\u00e8me de la saison apr\u00e8s celle \u00e0 Bahre\u00efn. L\u2019autre pilote de Red Bull, <strong>Sergio Perez<\/strong>, partira en deuxi\u00e8me ligne au c\u00f4t\u00e9 de l\u2019excellent <strong>Lando Norris<\/strong> (McLaren). Les deux Mercedes de <strong>Lewis Hamilton<\/strong> et <strong>George Russell <\/strong>composent la troisi\u00e8me ligne. Enfin, <strong>Daniel Ricciardo<\/strong> (McLaren), <strong>Esteban Ocon <\/strong>(Alpine), <strong>Carlos Sainz<\/strong> (Ferrari) qui s\u2019est loup\u00e9 et <strong>Fernando Alonso<\/strong> (Alpine) compl\u00e8tent le Top 10.<\/p>\n<blockquote class=\"twitter-tweet\">\n<p dir=\"ltr\" lang=\"fr\">La pole position pour <a href=\"https:\/\/twitter.com\/Charles_Leclerc?ref_src=twsrc%5Etfw\">@Charles_Leclerc<\/a> &#x1f44f;<br \/>\nVerstappen 2\u00e8me et Perez 3\u00e8me.<a href=\"https:\/\/twitter.com\/hashtag\/AusGP?src=hash&amp;ref_src=twsrc%5Etfw\">#AusGP<\/a>&#x1f1e6;&#x1f1fa;<\/p>\n<p>&#x25b6;&#xfe0f; <a href=\"https:\/\/t.co\/7plkVVV12v\">https:\/\/t.co\/7plkVVV12v<\/a> <a href=\"https:\/\/t.co\/AKhaUblLd4\">pic.twitter.com\/AKhaUblLd4<\/a><\/p>\n<p>\u2014 CANAL+ F1\u00ae (@CanalplusF1) <a href=\"https:\/\/twitter.com\/CanalplusF1\/status\/1512695781681205251?ref_src=twsrc%5Etfw\">April 9, 2022<\/a><\/p><\/blockquote>\n<p><script async src=\"https:\/\/platform.twitter.com\/widgets.js\" charset=\"utf-8\"><\/script><\/p>\n<h2><strong>\u00c0 lire aussi\u00a0<\/strong><\/h2>\n<ul>\n<li><a href=\"https:\/\/dicodusport.fr\/blog\/f1-australie-2022-grille-de-depart\/\" target=\"_blank\" rel=\"noopener\"><strong> La grille de d\u00e9part du Grand Prix d&rsquo;Australie 2022 de F1<\/strong><\/a><\/li>\n<\/ul>\n","protected":false},"excerpt":{"rendered":"<p>F1 &#8211; GRAND PRIX DU D&rsquo;AUSTRALIE 2022 &#8211; Le Mon\u00e9gasque Charles Leclerc (Ferrari) a r\u00e9alis\u00e9 le meilleur temps des qualifications sur le circuit de l&rsquo;Albert Park. Il partira en pole position sur la grille de d\u00e9part du Grand Prix demain. C&rsquo;est sa 11\u00e8me en carri\u00e8re et la 2\u00e8me de la saison. Il devance les deux Red Bull du champion du monde Max Verstappen et de Sergio Perez. Les Fran\u00e7ais Esteban Ocon (Alpine) et Pierre Gasly (Alpha Tauri) partiront respectivement 8\u00e8me et 11\u00e8me sur la grille de d\u00e9part de la course demain.\u00a0<\/p>\n","protected":false},"author":54,"featured_media":214623,"comment_status":"open","ping_status":"closed","sticky":false,"template":"","format":"standard","meta":{"_acf_changed":false,"_daextam_enable_autolinks":"","footnotes":""},"categories":[8653],"tags":[2064,22785,3166,2065,10156,3425],"class_list":["post-214594","post","type-post","status-publish","format-standard","has-post-thumbnail","hentry","category-formule-1","tag-charles-leclerc","tag-circuit-de-lalbert-park","tag-f1","tag-formule-1","tag-grand-prix-daustralie","tag-melbourne"],"acf":[],"yoast_head":"<!-- This site is optimized with the Yoast SEO Premium plugin v26.7 (Yoast SEO v26.7) - https:\/\/yoast.com\/wordpress\/plugins\/seo\/ -->\n<title>F1 Australie 2022 : Charles Leclerc partira en pole position<\/title>\n<meta name=\"description\" content=\"F1 - GRAND PRIX D&#039;AUSTRALIE 2022 - Le Mon\u00e9gasque Charles Leclerc (Ferrari) partira en pole devant Max Verstappen (Red Bull).\" \/>\n<meta name=\"robots\" content=\"index, follow, max-snippet:-1, max-image-preview:large, max-video-preview:-1\" \/>\n<link rel=\"canonical\" href=\"https:\/\/dicodusport.fr\/blog\/f1-australie-2022-charles-leclerc-partira-en-pole-position\/\" \/>\n<meta property=\"og:locale\" content=\"fr_FR\" \/>\n<meta property=\"og:type\" content=\"article\" \/>\n<meta property=\"og:title\" content=\"F1 Australie 2022 : Charles Leclerc partira en pole position\" \/>\n<meta property=\"og:description\" content=\"F1 - GRAND PRIX D&#039;AUSTRALIE 2022 - Le Mon\u00e9gasque Charles Leclerc (Ferrari) partira en pole devant Max Verstappen (Red Bull).\" \/>\n<meta property=\"og:url\" content=\"https:\/\/dicodusport.fr\/blog\/f1-australie-2022-charles-leclerc-partira-en-pole-position\/\" \/>\n<meta property=\"og:site_name\" content=\"Dicodusport\" \/>\n<meta property=\"article:publisher\" content=\"https:\/\/www.facebook.com\/dicodusport\" \/>\n<meta property=\"article:author\" content=\"https:\/\/www.facebook.com\/roxane.lecacher\" \/>\n<meta property=\"article:published_time\" content=\"2022-04-09T07:37:53+00:00\" \/>\n<meta property=\"article:modified_time\" content=\"2022-04-09T09:38:44+00:00\" \/>\n<meta property=\"og:image\" content=\"https:\/\/dicodusport.fr\/blog\/wp-content\/uploads\/2022\/04\/F1-Australie-2022-Charles-Leclerc-partira-en-pole-position.png\" \/>\n\t<meta property=\"og:image:width\" content=\"800\" \/>\n\t<meta property=\"og:image:height\" content=\"445\" \/>\n\t<meta property=\"og:image:type\" content=\"image\/png\" \/>\n<meta name=\"author\" content=\"Roxane Lecacher\" \/>\n<meta name=\"twitter:card\" content=\"summary_large_image\" \/>\n<meta name=\"twitter:title\" content=\"F1 Australie 2022 : Charles Leclerc partira en pole position\" \/>\n<meta name=\"twitter:creator\" content=\"@dicodusport\" \/>\n<meta name=\"twitter:site\" content=\"@dicodusport\" \/>\n<script type=\"application\/ld+json\" class=\"yoast-schema-graph\">{\"@context\":\"https:\/\/schema.org\",\"@graph\":[{\"@type\":\"NewsArticle\",\"@id\":\"https:\/\/dicodusport.fr\/blog\/f1-australie-2022-charles-leclerc-partira-en-pole-position\/#article\",\"isPartOf\":{\"@id\":\"https:\/\/dicodusport.fr\/blog\/f1-australie-2022-charles-leclerc-partira-en-pole-position\/\"},\"author\":{\"name\":\"Roxane Lecacher\",\"@id\":\"https:\/\/dicodusport.fr\/blog\/#\/schema\/person\/819fb2545dd2715bd7c0580d6d4b411a\"},\"headline\":\"F1 Australie 2022 : Charles Leclerc partira en pole position\",\"datePublished\":\"2022-04-09T07:37:53+00:00\",\"dateModified\":\"2022-04-09T09:38:44+00:00\",\"mainEntityOfPage\":{\"@id\":\"https:\/\/dicodusport.fr\/blog\/f1-australie-2022-charles-leclerc-partira-en-pole-position\/\"},\"wordCount\":683,\"commentCount\":0,\"publisher\":{\"@id\":\"https:\/\/dicodusport.fr\/blog\/#organization\"},\"image\":{\"@id\":\"https:\/\/dicodusport.fr\/blog\/f1-australie-2022-charles-leclerc-partira-en-pole-position\/#primaryimage\"},\"thumbnailUrl\":\"https:\/\/dicodusport.fr\/blog\/wp-content\/uploads\/2022\/04\/F1-Australie-2022-Charles-Leclerc-partira-en-pole-position.png\",\"keywords\":[\"Charles Leclerc\",\"Circuit de l'Albert Park\",\"F1\",\"Formule 1\",\"Grand Prix d'Australie\",\"Melbourne\"],\"articleSection\":[\"Formule 1\"],\"inLanguage\":\"fr-FR\",\"potentialAction\":[{\"@type\":\"CommentAction\",\"name\":\"Comment\",\"target\":[\"https:\/\/dicodusport.fr\/blog\/f1-australie-2022-charles-leclerc-partira-en-pole-position\/#respond\"]}],\"copyrightYear\":\"2022\",\"copyrightHolder\":{\"@id\":\"https:\/\/dicodusport.fr\/blog\/#organization\"}},{\"@type\":\"WebPage\",\"@id\":\"https:\/\/dicodusport.fr\/blog\/f1-australie-2022-charles-leclerc-partira-en-pole-position\/\",\"url\":\"https:\/\/dicodusport.fr\/blog\/f1-australie-2022-charles-leclerc-partira-en-pole-position\/\",\"name\":\"F1 Australie 2022 : Charles Leclerc partira en pole position\",\"isPartOf\":{\"@id\":\"https:\/\/dicodusport.fr\/blog\/#website\"},\"primaryImageOfPage\":{\"@id\":\"https:\/\/dicodusport.fr\/blog\/f1-australie-2022-charles-leclerc-partira-en-pole-position\/#primaryimage\"},\"image\":{\"@id\":\"https:\/\/dicodusport.fr\/blog\/f1-australie-2022-charles-leclerc-partira-en-pole-position\/#primaryimage\"},\"thumbnailUrl\":\"https:\/\/dicodusport.fr\/blog\/wp-content\/uploads\/2022\/04\/F1-Australie-2022-Charles-Leclerc-partira-en-pole-position.png\",\"datePublished\":\"2022-04-09T07:37:53+00:00\",\"dateModified\":\"2022-04-09T09:38:44+00:00\",\"description\":\"F1 - GRAND PRIX D'AUSTRALIE 2022 - Le Mon\u00e9gasque Charles Leclerc (Ferrari) partira en pole devant Max Verstappen (Red Bull).\",\"breadcrumb\":{\"@id\":\"https:\/\/dicodusport.fr\/blog\/f1-australie-2022-charles-leclerc-partira-en-pole-position\/#breadcrumb\"},\"inLanguage\":\"fr-FR\",\"potentialAction\":[{\"@type\":\"ReadAction\",\"target\":[\"https:\/\/dicodusport.fr\/blog\/f1-australie-2022-charles-leclerc-partira-en-pole-position\/\"]}]},{\"@type\":\"ImageObject\",\"inLanguage\":\"fr-FR\",\"@id\":\"https:\/\/dicodusport.fr\/blog\/f1-australie-2022-charles-leclerc-partira-en-pole-position\/#primaryimage\",\"url\":\"https:\/\/dicodusport.fr\/blog\/wp-content\/uploads\/2022\/04\/F1-Australie-2022-Charles-Leclerc-partira-en-pole-position.png\",\"contentUrl\":\"https:\/\/dicodusport.fr\/blog\/wp-content\/uploads\/2022\/04\/F1-Australie-2022-Charles-Leclerc-partira-en-pole-position.png\",\"width\":800,\"height\":445,\"caption\":\"F1 Australie 2022 Charles Leclerc partira en pole position\"},{\"@type\":\"BreadcrumbList\",\"@id\":\"https:\/\/dicodusport.fr\/blog\/f1-australie-2022-charles-leclerc-partira-en-pole-position\/#breadcrumb\",\"itemListElement\":[{\"@type\":\"ListItem\",\"position\":1,\"name\":\"Accueil\",\"item\":\"https:\/\/dicodusport.fr\/blog\/\"},{\"@type\":\"ListItem\",\"position\":2,\"name\":\"F1 Australie 2022 : Charles Leclerc partira en pole position\"}]},{\"@type\":\"WebSite\",\"@id\":\"https:\/\/dicodusport.fr\/blog\/#website\",\"url\":\"https:\/\/dicodusport.fr\/blog\/\",\"name\":\"Dicodusport\",\"description\":\"L&#039;encyclop\u00e9die de l&#039;actualit\u00e9 sportive\",\"publisher\":{\"@id\":\"https:\/\/dicodusport.fr\/blog\/#organization\"},\"potentialAction\":[{\"@type\":\"SearchAction\",\"target\":{\"@type\":\"EntryPoint\",\"urlTemplate\":\"https:\/\/dicodusport.fr\/blog\/?s={search_term_string}\"},\"query-input\":{\"@type\":\"PropertyValueSpecification\",\"valueRequired\":true,\"valueName\":\"search_term_string\"}}],\"inLanguage\":\"fr-FR\"},{\"@type\":\"NewsMediaOrganization\",\"@id\":\"https:\/\/dicodusport.fr\/blog\/#organization\",\"name\":\"Dicodusport\",\"url\":\"https:\/\/dicodusport.fr\/blog\/\",\"logo\":{\"@type\":\"ImageObject\",\"inLanguage\":\"fr-FR\",\"@id\":\"https:\/\/dicodusport.fr\/blog\/#\/schema\/logo\/image\/\",\"url\":\"https:\/\/dicodusport.fr\/blog\/wp-content\/uploads\/2020\/06\/cropped-LOGO-DICODUSPORT-2020-SANS-FOND-SANS-TEXTE.png\",\"contentUrl\":\"https:\/\/dicodusport.fr\/blog\/wp-content\/uploads\/2020\/06\/cropped-LOGO-DICODUSPORT-2020-SANS-FOND-SANS-TEXTE.png\",\"width\":512,\"height\":512,\"caption\":\"Dicodusport\"},\"image\":{\"@id\":\"https:\/\/dicodusport.fr\/blog\/#\/schema\/logo\/image\/\"},\"sameAs\":[\"https:\/\/www.facebook.com\/dicodusport\",\"https:\/\/x.com\/dicodusport\",\"https:\/\/www.instagram.com\/dicodusport\/\",\"https:\/\/www.youtube.com\/channel\/UC7V2KZ5sd3htJivAbA4ZG3w\"],\"description\":\"Dicodusport est l'encyclop\u00e9die de l'actualit\u00e9 sportive.\",\"email\":\"bonjour@dicodusport.fr\",\"legalName\":\"DICODUSPORT\",\"foundingDate\":\"2018-01-14\",\"vatID\":\"FR71834470973\",\"taxID\":\"83447097300043\",\"numberOfEmployees\":{\"@type\":\"QuantitativeValue\",\"minValue\":\"1\",\"maxValue\":\"10\"}},{\"@type\":\"Person\",\"@id\":\"https:\/\/dicodusport.fr\/blog\/#\/schema\/person\/819fb2545dd2715bd7c0580d6d4b411a\",\"name\":\"Roxane Lecacher\",\"image\":{\"@type\":\"ImageObject\",\"inLanguage\":\"fr-FR\",\"@id\":\"https:\/\/dicodusport.fr\/blog\/#\/schema\/person\/image\/\",\"url\":\"https:\/\/dicodusport.fr\/blog\/wp-content\/uploads\/2021\/05\/Roxane-Lecacher-150x150.jpg\",\"contentUrl\":\"https:\/\/dicodusport.fr\/blog\/wp-content\/uploads\/2021\/05\/Roxane-Lecacher-150x150.jpg\",\"caption\":\"Roxane Lecacher\"},\"description\":\"Journaliste\/r\u00e9dactrice depuis janvier 2021 - N\u00e9e quelques jours avant la premi\u00e8re \u00e9toile des Bleus, je baigne dans une famille tr\u00e8s sportive. Je n\u2019ai eu d\u2019autres choix que de me passionner pour le sujet. Pratiquante de l\u2019athl\u00e9tisme depuis toute petite, j\u2019ai aussi un attrait tout particulier pour la Formule 1, le biathlon et le foot. Pendant les grands \u00e9v\u00e9nements, il est impossible de d\u00e9crocher de ma t\u00e9l\u00e9. C\u2019est \u00e0 travers Dicodusport que j\u2019aime d\u00e9sormais vous transmettre mes \u00e9motions et ma passion.\",\"sameAs\":[\"https:\/\/www.facebook.com\/roxane.lecacher\",\"https:\/\/fr.linkedin.com\/in\/roxane-lecacher-23368313b\"],\"url\":\"https:\/\/dicodusport.fr\/blog\/author\/roxanel\/\"}]}<\/script>\n<!-- \/ Yoast SEO Premium plugin. -->","yoast_head_json":{"title":"F1 Australie 2022 : Charles Leclerc partira en pole position","description":"F1 - GRAND PRIX D'AUSTRALIE 2022 - Le Mon\u00e9gasque Charles Leclerc (Ferrari) partira en pole devant Max Verstappen (Red Bull).","robots":{"index":"index","follow":"follow","max-snippet":"max-snippet:-1","max-image-preview":"max-image-preview:large","max-video-preview":"max-video-preview:-1"},"canonical":"https:\/\/dicodusport.fr\/blog\/f1-australie-2022-charles-leclerc-partira-en-pole-position\/","og_locale":"fr_FR","og_type":"article","og_title":"F1 Australie 2022 : Charles Leclerc partira en pole position","og_description":"F1 - GRAND PRIX D'AUSTRALIE 2022 - Le Mon\u00e9gasque Charles Leclerc (Ferrari) partira en pole devant Max Verstappen (Red Bull).","og_url":"https:\/\/dicodusport.fr\/blog\/f1-australie-2022-charles-leclerc-partira-en-pole-position\/","og_site_name":"Dicodusport","article_publisher":"https:\/\/www.facebook.com\/dicodusport","article_author":"https:\/\/www.facebook.com\/roxane.lecacher","article_published_time":"2022-04-09T07:37:53+00:00","article_modified_time":"2022-04-09T09:38:44+00:00","og_image":[{"width":800,"height":445,"url":"https:\/\/dicodusport.fr\/blog\/wp-content\/uploads\/2022\/04\/F1-Australie-2022-Charles-Leclerc-partira-en-pole-position.png","type":"image\/png"}],"author":"Roxane Lecacher","twitter_card":"summary_large_image","twitter_title":"F1 Australie 2022 : Charles Leclerc partira en pole position","twitter_creator":"@dicodusport","twitter_site":"@dicodusport","schema":{"@context":"https:\/\/schema.org","@graph":[{"@type":"NewsArticle","@id":"https:\/\/dicodusport.fr\/blog\/f1-australie-2022-charles-leclerc-partira-en-pole-position\/#article","isPartOf":{"@id":"https:\/\/dicodusport.fr\/blog\/f1-australie-2022-charles-leclerc-partira-en-pole-position\/"},"author":{"name":"Roxane Lecacher","@id":"https:\/\/dicodusport.fr\/blog\/#\/schema\/person\/819fb2545dd2715bd7c0580d6d4b411a"},"headline":"F1 Australie 2022 : Charles Leclerc partira en pole position","datePublished":"2022-04-09T07:37:53+00:00","dateModified":"2022-04-09T09:38:44+00:00","mainEntityOfPage":{"@id":"https:\/\/dicodusport.fr\/blog\/f1-australie-2022-charles-leclerc-partira-en-pole-position\/"},"wordCount":683,"commentCount":0,"publisher":{"@id":"https:\/\/dicodusport.fr\/blog\/#organization"},"image":{"@id":"https:\/\/dicodusport.fr\/blog\/f1-australie-2022-charles-leclerc-partira-en-pole-position\/#primaryimage"},"thumbnailUrl":"https:\/\/dicodusport.fr\/blog\/wp-content\/uploads\/2022\/04\/F1-Australie-2022-Charles-Leclerc-partira-en-pole-position.png","keywords":["Charles Leclerc","Circuit de l'Albert Park","F1","Formule 1","Grand Prix d'Australie","Melbourne"],"articleSection":["Formule 1"],"inLanguage":"fr-FR","potentialAction":[{"@type":"CommentAction","name":"Comment","target":["https:\/\/dicodusport.fr\/blog\/f1-australie-2022-charles-leclerc-partira-en-pole-position\/#respond"]}],"copyrightYear":"2022","copyrightHolder":{"@id":"https:\/\/dicodusport.fr\/blog\/#organization"}},{"@type":"WebPage","@id":"https:\/\/dicodusport.fr\/blog\/f1-australie-2022-charles-leclerc-partira-en-pole-position\/","url":"https:\/\/dicodusport.fr\/blog\/f1-australie-2022-charles-leclerc-partira-en-pole-position\/","name":"F1 Australie 2022 : Charles Leclerc partira en pole position","isPartOf":{"@id":"https:\/\/dicodusport.fr\/blog\/#website"},"primaryImageOfPage":{"@id":"https:\/\/dicodusport.fr\/blog\/f1-australie-2022-charles-leclerc-partira-en-pole-position\/#primaryimage"},"image":{"@id":"https:\/\/dicodusport.fr\/blog\/f1-australie-2022-charles-leclerc-partira-en-pole-position\/#primaryimage"},"thumbnailUrl":"https:\/\/dicodusport.fr\/blog\/wp-content\/uploads\/2022\/04\/F1-Australie-2022-Charles-Leclerc-partira-en-pole-position.png","datePublished":"2022-04-09T07:37:53+00:00","dateModified":"2022-04-09T09:38:44+00:00","description":"F1 - GRAND PRIX D'AUSTRALIE 2022 - Le Mon\u00e9gasque Charles Leclerc (Ferrari) partira en pole devant Max Verstappen (Red Bull).","breadcrumb":{"@id":"https:\/\/dicodusport.fr\/blog\/f1-australie-2022-charles-leclerc-partira-en-pole-position\/#breadcrumb"},"inLanguage":"fr-FR","potentialAction":[{"@type":"ReadAction","target":["https:\/\/dicodusport.fr\/blog\/f1-australie-2022-charles-leclerc-partira-en-pole-position\/"]}]},{"@type":"ImageObject","inLanguage":"fr-FR","@id":"https:\/\/dicodusport.fr\/blog\/f1-australie-2022-charles-leclerc-partira-en-pole-position\/#primaryimage","url":"https:\/\/dicodusport.fr\/blog\/wp-content\/uploads\/2022\/04\/F1-Australie-2022-Charles-Leclerc-partira-en-pole-position.png","contentUrl":"https:\/\/dicodusport.fr\/blog\/wp-content\/uploads\/2022\/04\/F1-Australie-2022-Charles-Leclerc-partira-en-pole-position.png","width":800,"height":445,"caption":"F1 Australie 2022 Charles Leclerc partira en pole position"},{"@type":"BreadcrumbList","@id":"https:\/\/dicodusport.fr\/blog\/f1-australie-2022-charles-leclerc-partira-en-pole-position\/#breadcrumb","itemListElement":[{"@type":"ListItem","position":1,"name":"Accueil","item":"https:\/\/dicodusport.fr\/blog\/"},{"@type":"ListItem","position":2,"name":"F1 Australie 2022 : Charles Leclerc partira en pole position"}]},{"@type":"WebSite","@id":"https:\/\/dicodusport.fr\/blog\/#website","url":"https:\/\/dicodusport.fr\/blog\/","name":"Dicodusport","description":"L&#039;encyclop\u00e9die de l&#039;actualit\u00e9 sportive","publisher":{"@id":"https:\/\/dicodusport.fr\/blog\/#organization"},"potentialAction":[{"@type":"SearchAction","target":{"@type":"EntryPoint","urlTemplate":"https:\/\/dicodusport.fr\/blog\/?s={search_term_string}"},"query-input":{"@type":"PropertyValueSpecification","valueRequired":true,"valueName":"search_term_string"}}],"inLanguage":"fr-FR"},{"@type":"NewsMediaOrganization","@id":"https:\/\/dicodusport.fr\/blog\/#organization","name":"Dicodusport","url":"https:\/\/dicodusport.fr\/blog\/","logo":{"@type":"ImageObject","inLanguage":"fr-FR","@id":"https:\/\/dicodusport.fr\/blog\/#\/schema\/logo\/image\/","url":"https:\/\/dicodusport.fr\/blog\/wp-content\/uploads\/2020\/06\/cropped-LOGO-DICODUSPORT-2020-SANS-FOND-SANS-TEXTE.png","contentUrl":"https:\/\/dicodusport.fr\/blog\/wp-content\/uploads\/2020\/06\/cropped-LOGO-DICODUSPORT-2020-SANS-FOND-SANS-TEXTE.png","width":512,"height":512,"caption":"Dicodusport"},"image":{"@id":"https:\/\/dicodusport.fr\/blog\/#\/schema\/logo\/image\/"},"sameAs":["https:\/\/www.facebook.com\/dicodusport","https:\/\/x.com\/dicodusport","https:\/\/www.instagram.com\/dicodusport\/","https:\/\/www.youtube.com\/channel\/UC7V2KZ5sd3htJivAbA4ZG3w"],"description":"Dicodusport est l'encyclop\u00e9die de l'actualit\u00e9 sportive.","email":"bonjour@dicodusport.fr","legalName":"DICODUSPORT","foundingDate":"2018-01-14","vatID":"FR71834470973","taxID":"83447097300043","numberOfEmployees":{"@type":"QuantitativeValue","minValue":"1","maxValue":"10"}},{"@type":"Person","@id":"https:\/\/dicodusport.fr\/blog\/#\/schema\/person\/819fb2545dd2715bd7c0580d6d4b411a","name":"Roxane Lecacher","image":{"@type":"ImageObject","inLanguage":"fr-FR","@id":"https:\/\/dicodusport.fr\/blog\/#\/schema\/person\/image\/","url":"https:\/\/dicodusport.fr\/blog\/wp-content\/uploads\/2021\/05\/Roxane-Lecacher-150x150.jpg","contentUrl":"https:\/\/dicodusport.fr\/blog\/wp-content\/uploads\/2021\/05\/Roxane-Lecacher-150x150.jpg","caption":"Roxane Lecacher"},"description":"Journaliste\/r\u00e9dactrice depuis janvier 2021 - N\u00e9e quelques jours avant la premi\u00e8re \u00e9toile des Bleus, je baigne dans une famille tr\u00e8s sportive. Je n\u2019ai eu d\u2019autres choix que de me passionner pour le sujet. Pratiquante de l\u2019athl\u00e9tisme depuis toute petite, j\u2019ai aussi un attrait tout particulier pour la Formule 1, le biathlon et le foot. Pendant les grands \u00e9v\u00e9nements, il est impossible de d\u00e9crocher de ma t\u00e9l\u00e9. C\u2019est \u00e0 travers Dicodusport que j\u2019aime d\u00e9sormais vous transmettre mes \u00e9motions et ma passion.","sameAs":["https:\/\/www.facebook.com\/roxane.lecacher","https:\/\/fr.linkedin.com\/in\/roxane-lecacher-23368313b"],"url":"https:\/\/dicodusport.fr\/blog\/author\/roxanel\/"}]}},"_links":{"self":[{"href":"https:\/\/dicodusport.fr\/blog\/wp-json\/wp\/v2\/posts\/214594","targetHints":{"allow":["GET"]}}],"collection":[{"href":"https:\/\/dicodusport.fr\/blog\/wp-json\/wp\/v2\/posts"}],"about":[{"href":"https:\/\/dicodusport.fr\/blog\/wp-json\/wp\/v2\/types\/post"}],"author":[{"embeddable":true,"href":"https:\/\/dicodusport.fr\/blog\/wp-json\/wp\/v2\/users\/54"}],"replies":[{"embeddable":true,"href":"https:\/\/dicodusport.fr\/blog\/wp-json\/wp\/v2\/comments?post=214594"}],"version-history":[{"count":0,"href":"https:\/\/dicodusport.fr\/blog\/wp-json\/wp\/v2\/posts\/214594\/revisions"}],"wp:featuredmedia":[{"embeddable":true,"href":"https:\/\/dicodusport.fr\/blog\/wp-json\/wp\/v2\/media\/214623"}],"wp:attachment":[{"href":"https:\/\/dicodusport.fr\/blog\/wp-json\/wp\/v2\/media?parent=214594"}],"wp:term":[{"taxonomy":"category","embeddable":true,"href":"https:\/\/dicodusport.fr\/blog\/wp-json\/wp\/v2\/categories?post=214594"},{"taxonomy":"post_tag","embeddable":true,"href":"https:\/\/dicodusport.fr\/blog\/wp-json\/wp\/v2\/tags?post=214594"}],"curies":[{"name":"wp","href":"https:\/\/api.w.org\/{rel}","templated":true}]}}