{"id":215385,"date":"2022-04-12T08:40:20","date_gmt":"2022-04-12T06:40:20","guid":{"rendered":"https:\/\/dicodusport.fr\/blog\/?p=215385"},"modified":"2022-04-12T08:59:06","modified_gmt":"2022-04-12T06:59:06","slug":"mondial-d1a-u18-antoine-keller-ange-gardien-des-bleuets","status":"publish","type":"post","link":"https:\/\/dicodusport.fr\/blog\/mondial-d1a-u18-antoine-keller-ange-gardien-des-bleuets\/","title":{"rendered":"Mondial D1A U18 : Antoine Keller, ange gardien des Bleuets"},"content":{"rendered":"<p style=\"text-align: justify;\"><em><strong>Hockey sur Glace \/ Mondial D1A U18 &#8211; Si l&rsquo;\u00e9quipe de France s\u00e9niors d\u00e9bute \u00e0 peine sa longue pr\u00e9paration en vue des Mondiaux de Helsinki, les U18 disputent eux le Mondial D1A en ce moment m\u00eame. Ce lundi, ils ont dispos\u00e9 du Danemark (4-3) au terme d&rsquo;une rencontre renversante. Auteur de 35 arr\u00eats, le jeune gardien de 17 ans, Antoine Keller, a \u00e9t\u00e9 d\u00e9terminant, et confirme pas \u00e0 pas les belles dispositions entrevues depuis plusieurs mois.<\/strong><\/em><\/p>\n<p style=\"text-align: justify;\">Actuellement en <strong>Slovaquie<\/strong> dans la ville de <strong>Piest&rsquo;any<\/strong>\u00a0pour y disputer les <strong>championnats du monde D1A<\/strong>, l&rsquo;<strong>\u00c9quipe de France U18<\/strong> s&rsquo;est offerte de belles \u00e9motions pour se mettre dans le bain. Oppos\u00e9s au <strong>Danemark<\/strong>, les adolescents emmen\u00e9s par<strong> S\u00e9bastien Dermigny<\/strong> ont men\u00e9 2-1 au bout d&rsquo;un tiers (<strong>Emil Tavernier, Victor Baillard<\/strong>), avant d&rsquo;\u00eatre men\u00e9s 3-2 \u00e0 dix minutes du buzzer. Toutefois, les jeunes tricolores ont fait preuve de caract\u00e8re puisque dans les quatre derni\u00e8res minutes de jeu, <strong>Rapha\u00ebl Chauve, <\/strong>puis <strong>Victor Baillard<\/strong> ont renvers\u00e9 la vapeur pour offrir une premi\u00e8re victoire difficile, 4-3.<\/p>\n<h2 style=\"text-align: justify;\">D\u00e9j\u00e0 m\u00e9daill\u00e9 d&rsquo;or avec l&rsquo;\u00c9quipe de France U20<\/h2>\n<p style=\"text-align: justify;\">Toutefois, cette issue heureuse n&rsquo;aurait pu avoir lieu sans la prestation XXL d&rsquo;<strong>Antoine Keller<\/strong>. Le jeune portier de 17 ans a ainsi repouss\u00e9 35 tentatives, et n&rsquo;a allou\u00e9 que trois buts aux Danois. Durant ce temps-l\u00e0, les Bleuets comptabilisent seulement 23 tirs cadr\u00e9s, avec une pointe terrible lors du deuxi\u00e8me tiers (2 tirs). Ce midi, pour le deuxi\u00e8me match face au faible <strong>Kazakhstan<\/strong>, \u00e9cras\u00e9 9-2 pour la <strong>Norv\u00e8ge,<\/strong> il ne sera pas autant sollicit\u00e9.<\/p>\n<p style=\"text-align: justify;\">Malgr\u00e9 tout, le joueur du <strong>Gen\u00e8ve-Servette<\/strong> confirme son statut d&rsquo;homme fort de ces Bleuets aux c\u00f4t\u00e9s de Phileas Perrenoud ou Valentin Grossetete. Cela n&rsquo;a rien d&rsquo;\u00e9tonnant pour le jeune homme. En d\u00e9cembre derni\u00e8re, <a href=\"https:\/\/dicodusport.fr\/blog\/hockey-sur-glace-les-bleuets-battent-la-slovenie-pour-decrocher-la-montee-en-d1a\/\"><strong>il avait en effet remport\u00e9 le Mondial D1B avec la s\u00e9lection U20<\/strong><\/a>. Lanc\u00e9 d\u00e8s le deuxi\u00e8me match, il a par la suite impressionn\u00e9 en \u00e9tant <strong>nomm\u00e9 dans l&rsquo;\u00e9quipe type de la comp\u00e9tition<\/strong>, aux c\u00f4t\u00e9s de<strong> Tomas Simonsen<\/strong>.<\/p>\n<blockquote class=\"twitter-tweet\">\n<p dir=\"ltr\" lang=\"fr\">Men\u00e9s \u00e0 5&#x20e3; minutes de la sir\u00e8ne, les Bleuets renversent le Danemark et remportent leur premier match du Mondial gr\u00e2ce \u00e0 Victor Baillard et Rapha\u00ebl Chauvel &#x1f3af;<\/p>\n<p>Bravo les Bleuets, c&rsquo;est une belle entr\u00e9e en mati\u00e8re &#x1f60f;&#x1f44f; <a href=\"https:\/\/twitter.com\/hashtag\/HockeyFrance?src=hash&amp;ref_src=twsrc%5Etfw\">#HockeyFrance<\/a> <a href=\"https:\/\/t.co\/chvp3O5VDJ\">https:\/\/t.co\/chvp3O5VDJ<\/a><\/p>\n<p>\u2014 \u00c9quipes France Hockey (@Hockey_FRA) <a href=\"https:\/\/twitter.com\/Hockey_FRA\/status\/1513494499342917638?ref_src=twsrc%5Etfw\">April 11, 2022<\/a><\/p><\/blockquote>\n<p><script async src=\"https:\/\/platform.twitter.com\/widgets.js\" charset=\"utf-8\"><\/script><\/p>\n<h2 style=\"text-align: justify;\">Titulaire indiscutable avec les U20 du Gen\u00e8ve-Servette<\/h2>\n<p style=\"text-align: justify;\">Habitu\u00e9 au maillot bleu depuis deux ans d\u00e9sormais, il poursuit en parall\u00e8le une \u00e9volution tr\u00e8s int\u00e9ressante en <strong>Suisse<\/strong>. Natif de Dijon, le joueur de 17 ans \u00e9volue d\u00e9j\u00e0 depuis plusieurs saisons de l&rsquo;autre c\u00f4t\u00e9 des Alpes, au <strong>Gen\u00e8ve-Servette<\/strong>. Pour le moment, cela est une r\u00e9ussite totale, puisqu&rsquo;il br\u00fble les \u00e9tapes \u00e0 grande vitesse. Titulaire indiscutable (2,71 buts allou\u00e9s par match) dans le championnat U17 la saison pass\u00e9e, <strong>Antoine Keller<\/strong> a pass\u00e9 un cap suppl\u00e9mentaire cette saison en \u00e9voluant un niveau au-dessus. Il a ainsi pris part \u00e0 26 rencontres de saison r\u00e9guli\u00e8re avec les U20 (376 buts allou\u00e9s), <a href=\"https:\/\/dicodusport.fr\/blog\/hcokey-sur-glace-lucas-colombin-part-a-la-conquete-de-l-amerique\/\">o\u00f9 il a notamment c\u00f4toy\u00e9 Lucas Colombin<\/a>.<\/p>\n<p style=\"text-align: justify;\">Du haut de son m\u00e8tre 88, ce jeune gardien mobile et disposant de bons r\u00e9flexes peut esp\u00e9rer int\u00e9grer un effectif professionnel d\u00e8s 2023, s&rsquo;il parvient \u00e0 confirmer ses bonnes dispositions. La route est encore longue pour en faire de m\u00eame au niveau professionnel, mais elle est aval\u00e9e \u00e0 grande bouch\u00e9e par le jeune dijonnais. En attendant, il ne faut pas omettre les priorit\u00e9s : <strong>les trois prochaines rencontres du Mondial D1A o\u00f9 apr\u00e8s le Kazakhstan, les Bleuets affronteront la Slovaquie, la Norv\u00e8ge, et le Japon<\/strong>.<\/p>\n<blockquote class=\"twitter-tweet\">\n<p dir=\"ltr\" lang=\"und\">My D1B World Juniors All-Star team picks:<\/p>\n<p>F &#x1f1eb;&#x1f1f7; Tomas Simonsen (02)<br \/>\nF &#x1f1fa;&#x1f1e6; Danylo Korzhyletski (03)<br \/>\nF &#x1f1f8;&#x1f1ee; Marcel Mahkovec (03)<br \/>\nD &#x1f1f8;&#x1f1ee; Bine Ma\u0161i\u010d (02)<br \/>\nD &#x1f1fa;&#x1f1e6; Artur Cholach (VGK, 03)<br \/>\nG &#x1f1eb;&#x1f1f7; Antoine Keller (04)<\/p>\n<p>\u2014 Kyle Cushman (@Kyle_Cush) <a href=\"https:\/\/twitter.com\/Kyle_Cush\/status\/1472299565495824395?ref_src=twsrc%5Etfw\">December 18, 2021<\/a><\/p><\/blockquote>\n<p><script async src=\"https:\/\/platform.twitter.com\/widgets.js\" charset=\"utf-8\"><\/script><\/p>\n","protected":false},"excerpt":{"rendered":"<p>Hockey sur Glace \/ Mondial D1A U18 &#8211; Si l&rsquo;\u00e9quipe de France s\u00e9niors d\u00e9bute \u00e0 peine sa longue pr\u00e9paration en vue des Mondiaux de Helsinki, les U18 disputent eux le Mondial D1A en ce moment m\u00eame. Ce lundi, ils ont dispos\u00e9 du Danemark (4-3) au terme d&rsquo;une rencontre renversante. Auteur de 35 arr\u00eats, le jeune gardien de 17 ans Antoine Keller a \u00e9t\u00e9 d\u00e9terminant, et confirme pas \u00e0 pas les belles dispositions entrevues depuis plusieurs mois.<\/p>\n","protected":false},"author":55,"featured_media":215403,"comment_status":"open","ping_status":"closed","sticky":false,"template":"","format":"standard","meta":{"_acf_changed":false,"_daextam_enable_autolinks":"","footnotes":""},"categories":[10575],"tags":[22889,22890,20559,22891],"class_list":["post-215385","post","type-post","status-publish","format-standard","has-post-thumbnail","hentry","category-hockey-sur-glace","tag-antoine-keller","tag-france-u18","tag-geneve-servette","tag-mondiaux-d1a-u18"],"acf":[],"yoast_head":"<!-- This site is optimized with the Yoast SEO Premium plugin v26.7 (Yoast SEO v26.7) - https:\/\/yoast.com\/wordpress\/plugins\/seo\/ -->\n<title>Mondial D1A U18 : Antoine Keller, ange gardien des Bleuets<\/title>\n<meta name=\"description\" content=\"Pr\u00e9cieux dans la victoire des Bleuets U18 aux Mondiaux D1AB face au Danemark, le jeune gardien Antoine Keller poursuit sa belle progression.\" \/>\n<meta name=\"robots\" content=\"index, follow, max-snippet:-1, max-image-preview:large, max-video-preview:-1\" \/>\n<link rel=\"canonical\" href=\"https:\/\/dicodusport.fr\/blog\/mondial-d1a-u18-antoine-keller-ange-gardien-des-bleuets\/\" \/>\n<meta property=\"og:locale\" content=\"fr_FR\" \/>\n<meta property=\"og:type\" content=\"article\" \/>\n<meta property=\"og:title\" content=\"Mondial D1A U18 : Antoine Keller, ange gardien des Bleuets\" \/>\n<meta property=\"og:description\" content=\"Pr\u00e9cieux dans la victoire des Bleuets U18 aux Mondiaux D1AB face au Danemark, le jeune gardien Antoine Keller poursuit sa belle progression.\" \/>\n<meta property=\"og:url\" content=\"https:\/\/dicodusport.fr\/blog\/mondial-d1a-u18-antoine-keller-ange-gardien-des-bleuets\/\" \/>\n<meta property=\"og:site_name\" content=\"Dicodusport\" \/>\n<meta property=\"article:publisher\" content=\"https:\/\/www.facebook.com\/dicodusport\" \/>\n<meta property=\"article:published_time\" content=\"2022-04-12T06:40:20+00:00\" \/>\n<meta property=\"article:modified_time\" content=\"2022-04-12T06:59:06+00:00\" \/>\n<meta property=\"og:image\" content=\"https:\/\/dicodusport.fr\/blog\/wp-content\/uploads\/2022\/04\/Mondial-D1A-U18-Antoine-Keller-ange-gardien-des-Bleuets.png\" \/>\n\t<meta property=\"og:image:width\" content=\"800\" \/>\n\t<meta property=\"og:image:height\" content=\"445\" \/>\n\t<meta property=\"og:image:type\" content=\"image\/png\" \/>\n<meta name=\"author\" content=\"Maxime Cazenave\" \/>\n<meta name=\"twitter:card\" content=\"summary_large_image\" \/>\n<meta name=\"twitter:title\" content=\"Mondial D1A U18 : Antoine Keller, ange gardien des Bleuets\" \/>\n<meta name=\"twitter:creator\" content=\"@https:\/\/twitter.com\/Maxime_Caze\" \/>\n<meta name=\"twitter:site\" content=\"@dicodusport\" \/>\n<script type=\"application\/ld+json\" class=\"yoast-schema-graph\">{\"@context\":\"https:\/\/schema.org\",\"@graph\":[{\"@type\":\"NewsArticle\",\"@id\":\"https:\/\/dicodusport.fr\/blog\/mondial-d1a-u18-antoine-keller-ange-gardien-des-bleuets\/#article\",\"isPartOf\":{\"@id\":\"https:\/\/dicodusport.fr\/blog\/mondial-d1a-u18-antoine-keller-ange-gardien-des-bleuets\/\"},\"author\":{\"name\":\"Maxime Cazenave\",\"@id\":\"https:\/\/dicodusport.fr\/blog\/#\/schema\/person\/37def232098a7a5cbab3974a3690abb0\"},\"headline\":\"Mondial D1A U18 : Antoine Keller, ange gardien des Bleuets\",\"datePublished\":\"2022-04-12T06:40:20+00:00\",\"dateModified\":\"2022-04-12T06:59:06+00:00\",\"mainEntityOfPage\":{\"@id\":\"https:\/\/dicodusport.fr\/blog\/mondial-d1a-u18-antoine-keller-ange-gardien-des-bleuets\/\"},\"wordCount\":722,\"commentCount\":0,\"publisher\":{\"@id\":\"https:\/\/dicodusport.fr\/blog\/#organization\"},\"image\":{\"@id\":\"https:\/\/dicodusport.fr\/blog\/mondial-d1a-u18-antoine-keller-ange-gardien-des-bleuets\/#primaryimage\"},\"thumbnailUrl\":\"https:\/\/dicodusport.fr\/blog\/wp-content\/uploads\/2022\/04\/Mondial-D1A-U18-Antoine-Keller-ange-gardien-des-Bleuets.png\",\"keywords\":[\"Antoine Keller\",\"France U18\",\"Gen\u00e8ve-Servette\",\"Mondiaux D1A U18\"],\"articleSection\":[\"Hockey sur glace\"],\"inLanguage\":\"fr-FR\",\"potentialAction\":[{\"@type\":\"CommentAction\",\"name\":\"Comment\",\"target\":[\"https:\/\/dicodusport.fr\/blog\/mondial-d1a-u18-antoine-keller-ange-gardien-des-bleuets\/#respond\"]}],\"copyrightYear\":\"2022\",\"copyrightHolder\":{\"@id\":\"https:\/\/dicodusport.fr\/blog\/#organization\"}},{\"@type\":\"WebPage\",\"@id\":\"https:\/\/dicodusport.fr\/blog\/mondial-d1a-u18-antoine-keller-ange-gardien-des-bleuets\/\",\"url\":\"https:\/\/dicodusport.fr\/blog\/mondial-d1a-u18-antoine-keller-ange-gardien-des-bleuets\/\",\"name\":\"Mondial D1A U18 : Antoine Keller, ange gardien des Bleuets\",\"isPartOf\":{\"@id\":\"https:\/\/dicodusport.fr\/blog\/#website\"},\"primaryImageOfPage\":{\"@id\":\"https:\/\/dicodusport.fr\/blog\/mondial-d1a-u18-antoine-keller-ange-gardien-des-bleuets\/#primaryimage\"},\"image\":{\"@id\":\"https:\/\/dicodusport.fr\/blog\/mondial-d1a-u18-antoine-keller-ange-gardien-des-bleuets\/#primaryimage\"},\"thumbnailUrl\":\"https:\/\/dicodusport.fr\/blog\/wp-content\/uploads\/2022\/04\/Mondial-D1A-U18-Antoine-Keller-ange-gardien-des-Bleuets.png\",\"datePublished\":\"2022-04-12T06:40:20+00:00\",\"dateModified\":\"2022-04-12T06:59:06+00:00\",\"description\":\"Pr\u00e9cieux dans la victoire des Bleuets U18 aux Mondiaux D1AB face au Danemark, le jeune gardien Antoine Keller poursuit sa belle progression.\",\"breadcrumb\":{\"@id\":\"https:\/\/dicodusport.fr\/blog\/mondial-d1a-u18-antoine-keller-ange-gardien-des-bleuets\/#breadcrumb\"},\"inLanguage\":\"fr-FR\",\"potentialAction\":[{\"@type\":\"ReadAction\",\"target\":[\"https:\/\/dicodusport.fr\/blog\/mondial-d1a-u18-antoine-keller-ange-gardien-des-bleuets\/\"]}]},{\"@type\":\"ImageObject\",\"inLanguage\":\"fr-FR\",\"@id\":\"https:\/\/dicodusport.fr\/blog\/mondial-d1a-u18-antoine-keller-ange-gardien-des-bleuets\/#primaryimage\",\"url\":\"https:\/\/dicodusport.fr\/blog\/wp-content\/uploads\/2022\/04\/Mondial-D1A-U18-Antoine-Keller-ange-gardien-des-Bleuets.png\",\"contentUrl\":\"https:\/\/dicodusport.fr\/blog\/wp-content\/uploads\/2022\/04\/Mondial-D1A-U18-Antoine-Keller-ange-gardien-des-Bleuets.png\",\"width\":800,\"height\":445,\"caption\":\"Mondial D1A U18 Antoine Keller, ange gardien des Bleuets\"},{\"@type\":\"BreadcrumbList\",\"@id\":\"https:\/\/dicodusport.fr\/blog\/mondial-d1a-u18-antoine-keller-ange-gardien-des-bleuets\/#breadcrumb\",\"itemListElement\":[{\"@type\":\"ListItem\",\"position\":1,\"name\":\"Accueil\",\"item\":\"https:\/\/dicodusport.fr\/blog\/\"},{\"@type\":\"ListItem\",\"position\":2,\"name\":\"Mondial D1A U18 : Antoine Keller, ange gardien des Bleuets\"}]},{\"@type\":\"WebSite\",\"@id\":\"https:\/\/dicodusport.fr\/blog\/#website\",\"url\":\"https:\/\/dicodusport.fr\/blog\/\",\"name\":\"Dicodusport\",\"description\":\"L&#039;encyclop\u00e9die de l&#039;actualit\u00e9 sportive\",\"publisher\":{\"@id\":\"https:\/\/dicodusport.fr\/blog\/#organization\"},\"potentialAction\":[{\"@type\":\"SearchAction\",\"target\":{\"@type\":\"EntryPoint\",\"urlTemplate\":\"https:\/\/dicodusport.fr\/blog\/?s={search_term_string}\"},\"query-input\":{\"@type\":\"PropertyValueSpecification\",\"valueRequired\":true,\"valueName\":\"search_term_string\"}}],\"inLanguage\":\"fr-FR\"},{\"@type\":\"NewsMediaOrganization\",\"@id\":\"https:\/\/dicodusport.fr\/blog\/#organization\",\"name\":\"Dicodusport\",\"url\":\"https:\/\/dicodusport.fr\/blog\/\",\"logo\":{\"@type\":\"ImageObject\",\"inLanguage\":\"fr-FR\",\"@id\":\"https:\/\/dicodusport.fr\/blog\/#\/schema\/logo\/image\/\",\"url\":\"https:\/\/dicodusport.fr\/blog\/wp-content\/uploads\/2020\/06\/cropped-LOGO-DICODUSPORT-2020-SANS-FOND-SANS-TEXTE.png\",\"contentUrl\":\"https:\/\/dicodusport.fr\/blog\/wp-content\/uploads\/2020\/06\/cropped-LOGO-DICODUSPORT-2020-SANS-FOND-SANS-TEXTE.png\",\"width\":512,\"height\":512,\"caption\":\"Dicodusport\"},\"image\":{\"@id\":\"https:\/\/dicodusport.fr\/blog\/#\/schema\/logo\/image\/\"},\"sameAs\":[\"https:\/\/www.facebook.com\/dicodusport\",\"https:\/\/x.com\/dicodusport\",\"https:\/\/www.instagram.com\/dicodusport\/\",\"https:\/\/www.youtube.com\/channel\/UC7V2KZ5sd3htJivAbA4ZG3w\"],\"description\":\"Dicodusport est l'encyclop\u00e9die de l'actualit\u00e9 sportive.\",\"email\":\"bonjour@dicodusport.fr\",\"legalName\":\"DICODUSPORT\",\"foundingDate\":\"2018-01-14\",\"vatID\":\"FR71834470973\",\"taxID\":\"83447097300043\",\"numberOfEmployees\":{\"@type\":\"QuantitativeValue\",\"minValue\":\"1\",\"maxValue\":\"10\"}},{\"@type\":\"Person\",\"@id\":\"https:\/\/dicodusport.fr\/blog\/#\/schema\/person\/37def232098a7a5cbab3974a3690abb0\",\"name\":\"Maxime Cazenave\",\"image\":{\"@type\":\"ImageObject\",\"inLanguage\":\"fr-FR\",\"@id\":\"https:\/\/dicodusport.fr\/blog\/#\/schema\/person\/image\/\",\"url\":\"https:\/\/dicodusport.fr\/blog\/wp-content\/uploads\/2021\/05\/Maxime-Cazenave-150x150.jpg\",\"contentUrl\":\"https:\/\/dicodusport.fr\/blog\/wp-content\/uploads\/2021\/05\/Maxime-Cazenave-150x150.jpg\",\"caption\":\"Maxime Cazenave\"},\"description\":\"Journaliste\/R\u00e9dacteur depuis 2012 - Berc\u00e9 par l\u2019amour des Girondins de Bordeaux, les \u00e9checs de Christophe Moreau sur le Tour de France sous l'\u00e8re Lance Armstrong et le fade-away l\u00e9tal de Dirk Nowitzki, ma passion d\u00e9vorante pour le sport a toujours \u00e9t\u00e9 un pan incontournable de ma vie. Transmettre ma passion \u00e0 l\u2019\u00e9crit a \u00e9t\u00e9 une transition naturelle. Suiveur assidu de basket et de hockey sur glace, je garde toujours un peu de place pour suivre le cyclisme, le football et le maximum de performances fran\u00e7aises.\",\"sameAs\":[\"https:\/\/x.com\/https:\/\/twitter.com\/Maxime_Caze\"],\"url\":\"https:\/\/dicodusport.fr\/blog\/author\/maximec\/\"}]}<\/script>\n<!-- \/ Yoast SEO Premium plugin. -->","yoast_head_json":{"title":"Mondial D1A U18 : Antoine Keller, ange gardien des Bleuets","description":"Pr\u00e9cieux dans la victoire des Bleuets U18 aux Mondiaux D1AB face au Danemark, le jeune gardien Antoine Keller poursuit sa belle progression.","robots":{"index":"index","follow":"follow","max-snippet":"max-snippet:-1","max-image-preview":"max-image-preview:large","max-video-preview":"max-video-preview:-1"},"canonical":"https:\/\/dicodusport.fr\/blog\/mondial-d1a-u18-antoine-keller-ange-gardien-des-bleuets\/","og_locale":"fr_FR","og_type":"article","og_title":"Mondial D1A U18 : Antoine Keller, ange gardien des Bleuets","og_description":"Pr\u00e9cieux dans la victoire des Bleuets U18 aux Mondiaux D1AB face au Danemark, le jeune gardien Antoine Keller poursuit sa belle progression.","og_url":"https:\/\/dicodusport.fr\/blog\/mondial-d1a-u18-antoine-keller-ange-gardien-des-bleuets\/","og_site_name":"Dicodusport","article_publisher":"https:\/\/www.facebook.com\/dicodusport","article_published_time":"2022-04-12T06:40:20+00:00","article_modified_time":"2022-04-12T06:59:06+00:00","og_image":[{"width":800,"height":445,"url":"https:\/\/dicodusport.fr\/blog\/wp-content\/uploads\/2022\/04\/Mondial-D1A-U18-Antoine-Keller-ange-gardien-des-Bleuets.png","type":"image\/png"}],"author":"Maxime Cazenave","twitter_card":"summary_large_image","twitter_title":"Mondial D1A U18 : Antoine Keller, ange gardien des Bleuets","twitter_creator":"@https:\/\/twitter.com\/Maxime_Caze","twitter_site":"@dicodusport","schema":{"@context":"https:\/\/schema.org","@graph":[{"@type":"NewsArticle","@id":"https:\/\/dicodusport.fr\/blog\/mondial-d1a-u18-antoine-keller-ange-gardien-des-bleuets\/#article","isPartOf":{"@id":"https:\/\/dicodusport.fr\/blog\/mondial-d1a-u18-antoine-keller-ange-gardien-des-bleuets\/"},"author":{"name":"Maxime Cazenave","@id":"https:\/\/dicodusport.fr\/blog\/#\/schema\/person\/37def232098a7a5cbab3974a3690abb0"},"headline":"Mondial D1A U18 : Antoine Keller, ange gardien des Bleuets","datePublished":"2022-04-12T06:40:20+00:00","dateModified":"2022-04-12T06:59:06+00:00","mainEntityOfPage":{"@id":"https:\/\/dicodusport.fr\/blog\/mondial-d1a-u18-antoine-keller-ange-gardien-des-bleuets\/"},"wordCount":722,"commentCount":0,"publisher":{"@id":"https:\/\/dicodusport.fr\/blog\/#organization"},"image":{"@id":"https:\/\/dicodusport.fr\/blog\/mondial-d1a-u18-antoine-keller-ange-gardien-des-bleuets\/#primaryimage"},"thumbnailUrl":"https:\/\/dicodusport.fr\/blog\/wp-content\/uploads\/2022\/04\/Mondial-D1A-U18-Antoine-Keller-ange-gardien-des-Bleuets.png","keywords":["Antoine Keller","France U18","Gen\u00e8ve-Servette","Mondiaux D1A U18"],"articleSection":["Hockey sur glace"],"inLanguage":"fr-FR","potentialAction":[{"@type":"CommentAction","name":"Comment","target":["https:\/\/dicodusport.fr\/blog\/mondial-d1a-u18-antoine-keller-ange-gardien-des-bleuets\/#respond"]}],"copyrightYear":"2022","copyrightHolder":{"@id":"https:\/\/dicodusport.fr\/blog\/#organization"}},{"@type":"WebPage","@id":"https:\/\/dicodusport.fr\/blog\/mondial-d1a-u18-antoine-keller-ange-gardien-des-bleuets\/","url":"https:\/\/dicodusport.fr\/blog\/mondial-d1a-u18-antoine-keller-ange-gardien-des-bleuets\/","name":"Mondial D1A U18 : Antoine Keller, ange gardien des Bleuets","isPartOf":{"@id":"https:\/\/dicodusport.fr\/blog\/#website"},"primaryImageOfPage":{"@id":"https:\/\/dicodusport.fr\/blog\/mondial-d1a-u18-antoine-keller-ange-gardien-des-bleuets\/#primaryimage"},"image":{"@id":"https:\/\/dicodusport.fr\/blog\/mondial-d1a-u18-antoine-keller-ange-gardien-des-bleuets\/#primaryimage"},"thumbnailUrl":"https:\/\/dicodusport.fr\/blog\/wp-content\/uploads\/2022\/04\/Mondial-D1A-U18-Antoine-Keller-ange-gardien-des-Bleuets.png","datePublished":"2022-04-12T06:40:20+00:00","dateModified":"2022-04-12T06:59:06+00:00","description":"Pr\u00e9cieux dans la victoire des Bleuets U18 aux Mondiaux D1AB face au Danemark, le jeune gardien Antoine Keller poursuit sa belle progression.","breadcrumb":{"@id":"https:\/\/dicodusport.fr\/blog\/mondial-d1a-u18-antoine-keller-ange-gardien-des-bleuets\/#breadcrumb"},"inLanguage":"fr-FR","potentialAction":[{"@type":"ReadAction","target":["https:\/\/dicodusport.fr\/blog\/mondial-d1a-u18-antoine-keller-ange-gardien-des-bleuets\/"]}]},{"@type":"ImageObject","inLanguage":"fr-FR","@id":"https:\/\/dicodusport.fr\/blog\/mondial-d1a-u18-antoine-keller-ange-gardien-des-bleuets\/#primaryimage","url":"https:\/\/dicodusport.fr\/blog\/wp-content\/uploads\/2022\/04\/Mondial-D1A-U18-Antoine-Keller-ange-gardien-des-Bleuets.png","contentUrl":"https:\/\/dicodusport.fr\/blog\/wp-content\/uploads\/2022\/04\/Mondial-D1A-U18-Antoine-Keller-ange-gardien-des-Bleuets.png","width":800,"height":445,"caption":"Mondial D1A U18 Antoine Keller, ange gardien des Bleuets"},{"@type":"BreadcrumbList","@id":"https:\/\/dicodusport.fr\/blog\/mondial-d1a-u18-antoine-keller-ange-gardien-des-bleuets\/#breadcrumb","itemListElement":[{"@type":"ListItem","position":1,"name":"Accueil","item":"https:\/\/dicodusport.fr\/blog\/"},{"@type":"ListItem","position":2,"name":"Mondial D1A U18 : Antoine Keller, ange gardien des Bleuets"}]},{"@type":"WebSite","@id":"https:\/\/dicodusport.fr\/blog\/#website","url":"https:\/\/dicodusport.fr\/blog\/","name":"Dicodusport","description":"L&#039;encyclop\u00e9die de l&#039;actualit\u00e9 sportive","publisher":{"@id":"https:\/\/dicodusport.fr\/blog\/#organization"},"potentialAction":[{"@type":"SearchAction","target":{"@type":"EntryPoint","urlTemplate":"https:\/\/dicodusport.fr\/blog\/?s={search_term_string}"},"query-input":{"@type":"PropertyValueSpecification","valueRequired":true,"valueName":"search_term_string"}}],"inLanguage":"fr-FR"},{"@type":"NewsMediaOrganization","@id":"https:\/\/dicodusport.fr\/blog\/#organization","name":"Dicodusport","url":"https:\/\/dicodusport.fr\/blog\/","logo":{"@type":"ImageObject","inLanguage":"fr-FR","@id":"https:\/\/dicodusport.fr\/blog\/#\/schema\/logo\/image\/","url":"https:\/\/dicodusport.fr\/blog\/wp-content\/uploads\/2020\/06\/cropped-LOGO-DICODUSPORT-2020-SANS-FOND-SANS-TEXTE.png","contentUrl":"https:\/\/dicodusport.fr\/blog\/wp-content\/uploads\/2020\/06\/cropped-LOGO-DICODUSPORT-2020-SANS-FOND-SANS-TEXTE.png","width":512,"height":512,"caption":"Dicodusport"},"image":{"@id":"https:\/\/dicodusport.fr\/blog\/#\/schema\/logo\/image\/"},"sameAs":["https:\/\/www.facebook.com\/dicodusport","https:\/\/x.com\/dicodusport","https:\/\/www.instagram.com\/dicodusport\/","https:\/\/www.youtube.com\/channel\/UC7V2KZ5sd3htJivAbA4ZG3w"],"description":"Dicodusport est l'encyclop\u00e9die de l'actualit\u00e9 sportive.","email":"bonjour@dicodusport.fr","legalName":"DICODUSPORT","foundingDate":"2018-01-14","vatID":"FR71834470973","taxID":"83447097300043","numberOfEmployees":{"@type":"QuantitativeValue","minValue":"1","maxValue":"10"}},{"@type":"Person","@id":"https:\/\/dicodusport.fr\/blog\/#\/schema\/person\/37def232098a7a5cbab3974a3690abb0","name":"Maxime Cazenave","image":{"@type":"ImageObject","inLanguage":"fr-FR","@id":"https:\/\/dicodusport.fr\/blog\/#\/schema\/person\/image\/","url":"https:\/\/dicodusport.fr\/blog\/wp-content\/uploads\/2021\/05\/Maxime-Cazenave-150x150.jpg","contentUrl":"https:\/\/dicodusport.fr\/blog\/wp-content\/uploads\/2021\/05\/Maxime-Cazenave-150x150.jpg","caption":"Maxime Cazenave"},"description":"Journaliste\/R\u00e9dacteur depuis 2012 - Berc\u00e9 par l\u2019amour des Girondins de Bordeaux, les \u00e9checs de Christophe Moreau sur le Tour de France sous l'\u00e8re Lance Armstrong et le fade-away l\u00e9tal de Dirk Nowitzki, ma passion d\u00e9vorante pour le sport a toujours \u00e9t\u00e9 un pan incontournable de ma vie. Transmettre ma passion \u00e0 l\u2019\u00e9crit a \u00e9t\u00e9 une transition naturelle. Suiveur assidu de basket et de hockey sur glace, je garde toujours un peu de place pour suivre le cyclisme, le football et le maximum de performances fran\u00e7aises.","sameAs":["https:\/\/x.com\/https:\/\/twitter.com\/Maxime_Caze"],"url":"https:\/\/dicodusport.fr\/blog\/author\/maximec\/"}]}},"_links":{"self":[{"href":"https:\/\/dicodusport.fr\/blog\/wp-json\/wp\/v2\/posts\/215385","targetHints":{"allow":["GET"]}}],"collection":[{"href":"https:\/\/dicodusport.fr\/blog\/wp-json\/wp\/v2\/posts"}],"about":[{"href":"https:\/\/dicodusport.fr\/blog\/wp-json\/wp\/v2\/types\/post"}],"author":[{"embeddable":true,"href":"https:\/\/dicodusport.fr\/blog\/wp-json\/wp\/v2\/users\/55"}],"replies":[{"embeddable":true,"href":"https:\/\/dicodusport.fr\/blog\/wp-json\/wp\/v2\/comments?post=215385"}],"version-history":[{"count":0,"href":"https:\/\/dicodusport.fr\/blog\/wp-json\/wp\/v2\/posts\/215385\/revisions"}],"wp:featuredmedia":[{"embeddable":true,"href":"https:\/\/dicodusport.fr\/blog\/wp-json\/wp\/v2\/media\/215403"}],"wp:attachment":[{"href":"https:\/\/dicodusport.fr\/blog\/wp-json\/wp\/v2\/media?parent=215385"}],"wp:term":[{"taxonomy":"category","embeddable":true,"href":"https:\/\/dicodusport.fr\/blog\/wp-json\/wp\/v2\/categories?post=215385"},{"taxonomy":"post_tag","embeddable":true,"href":"https:\/\/dicodusport.fr\/blog\/wp-json\/wp\/v2\/tags?post=215385"}],"curies":[{"name":"wp","href":"https:\/\/api.w.org\/{rel}","templated":true}]}}