{"id":215534,"date":"2022-04-12T18:49:31","date_gmt":"2022-04-12T16:49:31","guid":{"rendered":"https:\/\/dicodusport.fr\/blog\/?p=215534&#038;preview=true&#038;preview_id=215534"},"modified":"2022-04-12T18:49:31","modified_gmt":"2022-04-12T16:49:31","slug":"fleche-brabanconne-2022-parcours-et-profil","status":"publish","type":"post","link":"https:\/\/dicodusport.fr\/blog\/fleche-brabanconne-2022-parcours-et-profil\/","title":{"rendered":"Fl\u00e8che Braban\u00e7onne 2022 : Parcours et profil"},"content":{"rendered":"<p style=\"text-align: justify;\"><strong><em><a href=\"https:\/\/dicodusport.fr\/blog\/actualites\/cyclisme\/cyclisme-sur-route-2022\/\">CYCLISME SUR ROUTE 2022<\/a> &#8211; <span class=\"tojvnm2t a6sixzi8 abs2jz4q a8s20v7p t1p8iaqh k5wvi7nf q3lfd5jv pk4s997a bipmatt0 cebpdrjk qowsmv63 owwhemhu dp1hu0rb dhp61c6y iyyx5f41\">Depuis quelques saisons,<\/span><\/em><\/strong> <strong><em>la Fl\u00e8che Braban\u00e7onne <span class=\"tojvnm2t a6sixzi8 abs2jz4q a8s20v7p t1p8iaqh k5wvi7nf q3lfd5jv pk4s997a bipmatt0 cebpdrjk qowsmv63 owwhemhu dp1hu0rb dhp61c6y iyyx5f41\">fait le pont entre les courses pav\u00e9es et les classiques pour les puncheurs. Mais, cette ann\u00e9e, ce sera diff\u00e9rent, car en raison du changement de calendrier, l&rsquo;\u00e9preuve du Brabant aura lieu avant Paris-Roubaix. Parcours et profil.<\/span><br \/>\n<\/em><\/strong><\/p>\n<h2 style=\"text-align: justify;\">L&rsquo;Histoire<\/h2>\n<p style=\"text-align: justify;\"><span class=\"tojvnm2t a6sixzi8 abs2jz4q a8s20v7p t1p8iaqh k5wvi7nf q3lfd5jv pk4s997a bipmatt0 cebpdrjk qowsmv63 owwhemhu dp1hu0rb dhp61c6y iyyx5f41\">N\u00e9 en 1961, le Brabantse Pijl \u00e9tait, avant 2010, une course de pr\u00e9paration au Tour des Flandres. Depuis, elle a fait le point de passage entre les Ardennaises et les Flandriennes. Le Belge Edwig Van Hooydonck d\u00e9tient le record de victoires avec quatre succ\u00e8s, dont une fois la m\u00eame ann\u00e9e que son succ\u00e8s sur le Ronde, en 1991. De nombreux grands noms du cyclisme belge s&rsquo;y sont impos\u00e9s comme <strong>Claude Criquielion<\/strong>, <strong>Johan Museeuw<\/strong>, <strong>Philippe Gilbert<\/strong>, <strong>Johan De Muynck<\/strong> et <strong>Freddy Maertens<\/strong>. Du c\u00f4t\u00e9 des succ\u00e8s fran\u00e7ais, <strong>Sylvain Chavanel<\/strong>\u00a0 (en 2008), <strong>Anthony Geslin<\/strong> (en 2009), <strong>Thomas Voeckler<\/strong> (en 2012) et <strong>Julian Alaphilippe<\/strong> (en 2020) ont lev\u00e9 les bras.<\/span><\/p>\n<h2 style=\"text-align: justify;\"><strong>Le parcours de la Fl\u00e8che Braban\u00e7onne 2022<\/strong><\/h2>\n<p style=\"text-align: justify;\"><span class=\"tojvnm2t a6sixzi8 abs2jz4q a8s20v7p t1p8iaqh k5wvi7nf q3lfd5jv pk4s997a bipmatt0 cebpdrjk qowsmv63 owwhemhu dp1hu0rb dhp61c6y iyyx5f41\">Comme depuis 2008, le <strong>Brabantse Pijl<\/strong> d\u00e9butera sur le Grote Markt \u00e0 Louvain \u00e0 12h30 pour une course de 204,8 kilom\u00e8tres, soit trois kilom\u00e8tres de plus que l&rsquo;an dernier. Puis, le peloton se d\u00e9placera vers le sud avec de petits reliefs mais rien de tr\u00e8s difficile. Ce ne sera qu&rsquo;apr\u00e8s 62 kilom\u00e8tres que se profilera la premi\u00e8re colline : l&rsquo;<strong>Alsemberg<\/strong>. Cette ascension classique du Brabantse Pijl \u00e9tait le lieu d&rsquo;arriv\u00e9e de la course de 1970 \u00e0 2009. Cette bosse sera suivie par d&rsquo;autres vieilles connaissances du parcours : le <strong>Sollenberg<\/strong>, le <strong>Bruine Put<\/strong>, l&rsquo;<strong>Eigenbrakelsesteenweg<\/strong> et la<strong> rue de Nivelles<\/strong>. <\/span><\/p>\n<p style=\"text-align: justify;\"><span class=\"tojvnm2t a6sixzi8 abs2jz4q a8s20v7p t1p8iaqh k5wvi7nf q3lfd5jv pk4s997a bipmatt0 cebpdrjk qowsmv63 owwhemhu dp1hu0rb dhp61c6y iyyx5f41\">Ensuite, les coureurs se dirigeront vers Overijse afin de gravir apr\u00e8s 118 kilom\u00e8tres la <strong>rue Fran\u00e7ois Dubois<\/strong> (0,9 km \u00e0 3,9%) et p\u00e9n\u00e9trer sur le tour local. Les coureurs feront face \u00e0 la mont\u00e9e pav\u00e9e du <strong>Hertstraat<\/strong> (0,7 km \u00e0 3,7%), puis la <strong>Holstheide<\/strong> (1 km \u00e0 5%), puis les pav\u00e9s de la <strong>Moskesstraat<\/strong> (0,5 km \u00e0 7%) et enfin sur la ligne d&rsquo;arriv\u00e9e (1,5km \u00e0 3,6%). Apr\u00e8s le premier passage de l&rsquo;arriv\u00e9e, trois tours attendront les coureurs avec pour d\u00e9buter le <strong>Hagaard<\/strong> (300 m\u00e8tres \u00e0 10%). <\/span><\/p>\n<p style=\"text-align: justify;\"><span class=\"tojvnm2t a6sixzi8 abs2jz4q a8s20v7p t1p8iaqh k5wvi7nf q3lfd5jv pk4s997a bipmatt0 cebpdrjk qowsmv63 owwhemhu dp1hu0rb dhp61c6y iyyx5f41\">Par la suite, ce sera \u00e0 nouveau la <strong>Hertstraat<\/strong> (0,7 km \u00e0 3,7%), puis la <strong>Holstheide<\/strong> (1 km \u00e0 5%), puis les pav\u00e9s de la <strong>Moskesstraat<\/strong> (0,5 km \u00e0 7%) et enfin sur la ligne d&rsquo;arriv\u00e9e (1,5 km \u00e0 3,6%). Comme l&rsquo;ann\u00e9e derni\u00e8re, cette arriv\u00e9e ne se fera pas par le Schavei, comme ce fut le cas de 2010 \u00e0 2020, mais en remontant par la fameuse mont\u00e9e en S (3,7% \u00e0 1,3 km). Enfin, l&rsquo;arriv\u00e9e sera jug\u00e9e sur la <strong>Brusselsesteenweg<\/strong>.<\/span><\/p>\n<div id=\"attachment_215556\" style=\"width: 1076px\" class=\"wp-caption aligncenter\"><a href=\"https:\/\/dicodusport.fr\/blog\/wp-content\/uploads\/2022\/04\/La-carte-du-parcours-de-la-Fleche-Brabanconne-2022.jpg\"><img loading=\"lazy\" decoding=\"async\" aria-describedby=\"caption-attachment-215556\" class=\"size-full wp-image-215556\" src=\"https:\/\/dicodusport.fr\/blog\/wp-content\/uploads\/2022\/04\/La-carte-du-parcours-de-la-Fleche-Brabanconne-2022.jpg\" alt=\"La carte du parcours de la Fl\u00e8che Braban\u00e7onne 2022\" width=\"1066\" height=\"934\" srcset=\"https:\/\/dicodusport.fr\/blog\/wp-content\/uploads\/2022\/04\/La-carte-du-parcours-de-la-Fleche-Brabanconne-2022.jpg 1066w, https:\/\/dicodusport.fr\/blog\/wp-content\/uploads\/2022\/04\/La-carte-du-parcours-de-la-Fleche-Brabanconne-2022-300x263.jpg 300w, https:\/\/dicodusport.fr\/blog\/wp-content\/uploads\/2022\/04\/La-carte-du-parcours-de-la-Fleche-Brabanconne-2022-1024x897.jpg 1024w, https:\/\/dicodusport.fr\/blog\/wp-content\/uploads\/2022\/04\/La-carte-du-parcours-de-la-Fleche-Brabanconne-2022-768x673.jpg 768w\" sizes=\"auto, (max-width: 1066px) 100vw, 1066px\" \/><\/a><p id=\"caption-attachment-215556\" class=\"wp-caption-text\">La carte du parcours de la Fl\u00e8che Braban\u00e7onne 2022 &#8211; Via PCS<\/p><\/div>\n<hr \/>\n<h2 style=\"text-align: justify;\">Le profil de la Fl\u00e8che Braban\u00e7onne 2022<\/h2>\n<div id=\"attachment_215560\" style=\"width: 1460px\" class=\"wp-caption aligncenter\"><a href=\"https:\/\/dicodusport.fr\/blog\/wp-content\/uploads\/2022\/04\/Profil-de-la-Fleche-Brabanconne-2022.jpg\"><img loading=\"lazy\" decoding=\"async\" aria-describedby=\"caption-attachment-215560\" class=\"size-full wp-image-215560\" src=\"https:\/\/dicodusport.fr\/blog\/wp-content\/uploads\/2022\/04\/Profil-de-la-Fleche-Brabanconne-2022.jpg\" alt=\"Profil de la Fl\u00e8che Braban\u00e7onne 2022\" width=\"1450\" height=\"625\" srcset=\"https:\/\/dicodusport.fr\/blog\/wp-content\/uploads\/2022\/04\/Profil-de-la-Fleche-Brabanconne-2022.jpg 1450w, https:\/\/dicodusport.fr\/blog\/wp-content\/uploads\/2022\/04\/Profil-de-la-Fleche-Brabanconne-2022-300x129.jpg 300w, https:\/\/dicodusport.fr\/blog\/wp-content\/uploads\/2022\/04\/Profil-de-la-Fleche-Brabanconne-2022-1024x441.jpg 1024w, https:\/\/dicodusport.fr\/blog\/wp-content\/uploads\/2022\/04\/Profil-de-la-Fleche-Brabanconne-2022-768x331.jpg 768w\" sizes=\"auto, (max-width: 1450px) 100vw, 1450px\" \/><\/a><p id=\"caption-attachment-215560\" class=\"wp-caption-text\">Profil de la Fl\u00e8che Braban\u00e7onne 2022 &#8211; Via PCS<\/p><\/div>\n<hr \/>\n<h2 style=\"text-align: justify;\">\u00c0 lire aussi<\/h2>\n<ul>\n<li style=\"text-align: justify;\"><a href=\"https:\/\/dicodusport.fr\/blog\/les-engages-de-la-fleche-brabanconne-2022\/\"><strong>La liste des engag\u00e9s de<\/strong><strong> la Fl\u00e8che Braban\u00e7onne<\/strong><\/a><\/li>\n<li style=\"text-align: justify;\"><a href=\"https:\/\/dicodusport.fr\/blog\/fleche-brabanconne-2022-a-quelle-heure-et-sur-quelle-chaine\/\"><strong>La Fl\u00e8che Braban\u00e7onne 2022 : \u00c0 quelle heure et sur quelle cha\u00eene ?<\/strong><\/a><\/li>\n<\/ul>\n<hr \/>\n<h2 style=\"text-align: justify;\">Le palmar\u00e8s des 10 derni\u00e8res \u00e9ditions<\/h2>\n<p><span class=\"tojvnm2t a6sixzi8 abs2jz4q a8s20v7p t1p8iaqh k5wvi7nf q3lfd5jv pk4s997a bipmatt0 cebpdrjk qowsmv63 owwhemhu dp1hu0rb dhp61c6y iyyx5f41\"> 2021 : PIDCOCK Thomas <\/span><\/p>\n<p><span class=\"tojvnm2t a6sixzi8 abs2jz4q a8s20v7p t1p8iaqh k5wvi7nf q3lfd5jv pk4s997a bipmatt0 cebpdrjk qowsmv63 owwhemhu dp1hu0rb dhp61c6y iyyx5f41\">2020\u00a0 ALAPHILIPPE Julian <\/span><\/p>\n<p><span class=\"tojvnm2t a6sixzi8 abs2jz4q a8s20v7p t1p8iaqh k5wvi7nf q3lfd5jv pk4s997a bipmatt0 cebpdrjk qowsmv63 owwhemhu dp1hu0rb dhp61c6y iyyx5f41\">2019 : VAN DER POEL Mathieu <\/span><\/p>\n<p><span class=\"tojvnm2t a6sixzi8 abs2jz4q a8s20v7p t1p8iaqh k5wvi7nf q3lfd5jv pk4s997a bipmatt0 cebpdrjk qowsmv63 owwhemhu dp1hu0rb dhp61c6y iyyx5f41\">2018 : WELLENS Tim <\/span><\/p>\n<p><span class=\"tojvnm2t a6sixzi8 abs2jz4q a8s20v7p t1p8iaqh k5wvi7nf q3lfd5jv pk4s997a bipmatt0 cebpdrjk qowsmv63 owwhemhu dp1hu0rb dhp61c6y iyyx5f41\">2017 : COLBRELLI Sonny <\/span><\/p>\n<p><span class=\"tojvnm2t a6sixzi8 abs2jz4q a8s20v7p t1p8iaqh k5wvi7nf q3lfd5jv pk4s997a bipmatt0 cebpdrjk qowsmv63 owwhemhu dp1hu0rb dhp61c6y iyyx5f41\">2016 : VAKO\u010c Petr <\/span><\/p>\n<p><span class=\"tojvnm2t a6sixzi8 abs2jz4q a8s20v7p t1p8iaqh k5wvi7nf q3lfd5jv pk4s997a bipmatt0 cebpdrjk qowsmv63 owwhemhu dp1hu0rb dhp61c6y iyyx5f41\">2015 : HERMANS Ben <\/span><\/p>\n<p><span class=\"tojvnm2t a6sixzi8 abs2jz4q a8s20v7p t1p8iaqh k5wvi7nf q3lfd5jv pk4s997a bipmatt0 cebpdrjk qowsmv63 owwhemhu dp1hu0rb dhp61c6y iyyx5f41\">2014 : GILBERT Philippe <\/span><\/p>\n<p><span class=\"tojvnm2t a6sixzi8 abs2jz4q a8s20v7p t1p8iaqh k5wvi7nf q3lfd5jv pk4s997a bipmatt0 cebpdrjk qowsmv63 owwhemhu dp1hu0rb dhp61c6y iyyx5f41\">2013 : SAGAN Peter <\/span><\/p>\n<p><span class=\"tojvnm2t a6sixzi8 abs2jz4q a8s20v7p t1p8iaqh k5wvi7nf q3lfd5jv pk4s997a bipmatt0 cebpdrjk qowsmv63 owwhemhu dp1hu0rb dhp61c6y iyyx5f41\">2012 : VOECKLER Thomas<\/span><\/p>\n","protected":false},"excerpt":{"rendered":"<p>CYCLISME SUR ROUTE 2022 &#8211; Depuis quelques saisons, la Fl\u00e8che Braban\u00e7onne a form\u00e9 le pont entre les courses pav\u00e9es et les classiques pour les puncheurs. Mais, cette ann\u00e9e, ce sera diff\u00e9rent, car en raison du changement de calendrier, l&rsquo;\u00e9preuve du Brabant aura lieu avant Paris-Roubaix. Parcours et profil.<\/p>\n","protected":false},"author":48,"featured_media":215565,"comment_status":"open","ping_status":"closed","sticky":false,"template":"","format":"standard","meta":{"_acf_changed":false,"_daextam_enable_autolinks":"","footnotes":""},"categories":[46994],"tags":[3119],"class_list":["post-215534","post","type-post","status-publish","format-standard","has-post-thumbnail","hentry","category-cyclisme-sur-route","tag-actualite-cyclisme"],"acf":[],"yoast_head":"<!-- This site is optimized with the Yoast SEO Premium plugin v26.7 (Yoast SEO v26.7) - https:\/\/yoast.com\/wordpress\/plugins\/seo\/ -->\n<title>Fl\u00e8che Braban\u00e7onne 2022 : Parcours et profil<\/title>\n<meta name=\"description\" content=\"CYCLISME SUR ROUTE 2022 - D\u00e9couvrez le parcours et le profil de la Fl\u00e8che Braban\u00e7onne, avec au d\u00e9part, un certain Julian Alaphilippe.\" \/>\n<meta name=\"robots\" content=\"index, follow, max-snippet:-1, max-image-preview:large, max-video-preview:-1\" \/>\n<link rel=\"canonical\" href=\"https:\/\/dicodusport.fr\/blog\/fleche-brabanconne-2022-parcours-et-profil\/\" \/>\n<meta property=\"og:locale\" content=\"fr_FR\" \/>\n<meta property=\"og:type\" content=\"article\" \/>\n<meta property=\"og:title\" content=\"Fl\u00e8che Braban\u00e7onne 2022 : Parcours et profil\" \/>\n<meta property=\"og:description\" content=\"CYCLISME SUR ROUTE 2022 - D\u00e9couvrez le parcours et le profil de la Fl\u00e8che Braban\u00e7onne, avec au d\u00e9part, un certain Julian Alaphilippe.\" \/>\n<meta property=\"og:url\" content=\"https:\/\/dicodusport.fr\/blog\/fleche-brabanconne-2022-parcours-et-profil\/\" \/>\n<meta property=\"og:site_name\" content=\"Dicodusport\" \/>\n<meta property=\"article:publisher\" content=\"https:\/\/www.facebook.com\/dicodusport\" \/>\n<meta property=\"article:author\" content=\"https:\/\/www.facebook.com\/groups\/LesRoisDuPeloton\" \/>\n<meta property=\"article:published_time\" content=\"2022-04-12T16:49:31+00:00\" \/>\n<meta property=\"og:image\" content=\"https:\/\/dicodusport.fr\/blog\/wp-content\/uploads\/2022\/04\/Fleche-Brabanconne-2022-Parcours-et-profil.png\" \/>\n\t<meta property=\"og:image:width\" content=\"800\" \/>\n\t<meta property=\"og:image:height\" content=\"445\" \/>\n\t<meta property=\"og:image:type\" content=\"image\/png\" \/>\n<meta name=\"author\" content=\"Emilien Descampiaux\" \/>\n<meta name=\"twitter:card\" content=\"summary_large_image\" \/>\n<meta name=\"twitter:title\" content=\"Fl\u00e8che Braban\u00e7onne 2022 : Parcours et profil\" \/>\n<meta name=\"twitter:creator\" content=\"@https:\/\/twitter.com\/LRoisDuPeloton\" \/>\n<meta name=\"twitter:site\" content=\"@dicodusport\" \/>\n<script type=\"application\/ld+json\" class=\"yoast-schema-graph\">{\"@context\":\"https:\/\/schema.org\",\"@graph\":[{\"@type\":\"NewsArticle\",\"@id\":\"https:\/\/dicodusport.fr\/blog\/fleche-brabanconne-2022-parcours-et-profil\/#article\",\"isPartOf\":{\"@id\":\"https:\/\/dicodusport.fr\/blog\/fleche-brabanconne-2022-parcours-et-profil\/\"},\"author\":{\"name\":\"Emilien Descampiaux\",\"@id\":\"https:\/\/dicodusport.fr\/blog\/#\/schema\/person\/6db4bae06b171592211be385b32876a7\"},\"headline\":\"Fl\u00e8che Braban\u00e7onne 2022 : Parcours et profil\",\"datePublished\":\"2022-04-12T16:49:31+00:00\",\"mainEntityOfPage\":{\"@id\":\"https:\/\/dicodusport.fr\/blog\/fleche-brabanconne-2022-parcours-et-profil\/\"},\"wordCount\":539,\"commentCount\":0,\"publisher\":{\"@id\":\"https:\/\/dicodusport.fr\/blog\/#organization\"},\"image\":{\"@id\":\"https:\/\/dicodusport.fr\/blog\/fleche-brabanconne-2022-parcours-et-profil\/#primaryimage\"},\"thumbnailUrl\":\"https:\/\/dicodusport.fr\/blog\/wp-content\/uploads\/2022\/04\/Fleche-Brabanconne-2022-Parcours-et-profil.png\",\"keywords\":[\"Actualit\u00e9 Cyclisme\"],\"articleSection\":[\"Cyclisme sur route\"],\"inLanguage\":\"fr-FR\",\"potentialAction\":[{\"@type\":\"CommentAction\",\"name\":\"Comment\",\"target\":[\"https:\/\/dicodusport.fr\/blog\/fleche-brabanconne-2022-parcours-et-profil\/#respond\"]}],\"copyrightYear\":\"2022\",\"copyrightHolder\":{\"@id\":\"https:\/\/dicodusport.fr\/blog\/#organization\"}},{\"@type\":\"WebPage\",\"@id\":\"https:\/\/dicodusport.fr\/blog\/fleche-brabanconne-2022-parcours-et-profil\/\",\"url\":\"https:\/\/dicodusport.fr\/blog\/fleche-brabanconne-2022-parcours-et-profil\/\",\"name\":\"Fl\u00e8che Braban\u00e7onne 2022 : Parcours et profil\",\"isPartOf\":{\"@id\":\"https:\/\/dicodusport.fr\/blog\/#website\"},\"primaryImageOfPage\":{\"@id\":\"https:\/\/dicodusport.fr\/blog\/fleche-brabanconne-2022-parcours-et-profil\/#primaryimage\"},\"image\":{\"@id\":\"https:\/\/dicodusport.fr\/blog\/fleche-brabanconne-2022-parcours-et-profil\/#primaryimage\"},\"thumbnailUrl\":\"https:\/\/dicodusport.fr\/blog\/wp-content\/uploads\/2022\/04\/Fleche-Brabanconne-2022-Parcours-et-profil.png\",\"datePublished\":\"2022-04-12T16:49:31+00:00\",\"description\":\"CYCLISME SUR ROUTE 2022 - D\u00e9couvrez le parcours et le profil de la Fl\u00e8che Braban\u00e7onne, avec au d\u00e9part, un certain Julian Alaphilippe.\",\"breadcrumb\":{\"@id\":\"https:\/\/dicodusport.fr\/blog\/fleche-brabanconne-2022-parcours-et-profil\/#breadcrumb\"},\"inLanguage\":\"fr-FR\",\"potentialAction\":[{\"@type\":\"ReadAction\",\"target\":[\"https:\/\/dicodusport.fr\/blog\/fleche-brabanconne-2022-parcours-et-profil\/\"]}]},{\"@type\":\"ImageObject\",\"inLanguage\":\"fr-FR\",\"@id\":\"https:\/\/dicodusport.fr\/blog\/fleche-brabanconne-2022-parcours-et-profil\/#primaryimage\",\"url\":\"https:\/\/dicodusport.fr\/blog\/wp-content\/uploads\/2022\/04\/Fleche-Brabanconne-2022-Parcours-et-profil.png\",\"contentUrl\":\"https:\/\/dicodusport.fr\/blog\/wp-content\/uploads\/2022\/04\/Fleche-Brabanconne-2022-Parcours-et-profil.png\",\"width\":800,\"height\":445,\"caption\":\"Fl\u00e8che Braban\u00e7onne 2022 Parcours et profil\"},{\"@type\":\"BreadcrumbList\",\"@id\":\"https:\/\/dicodusport.fr\/blog\/fleche-brabanconne-2022-parcours-et-profil\/#breadcrumb\",\"itemListElement\":[{\"@type\":\"ListItem\",\"position\":1,\"name\":\"Accueil\",\"item\":\"https:\/\/dicodusport.fr\/blog\/\"},{\"@type\":\"ListItem\",\"position\":2,\"name\":\"Fl\u00e8che Braban\u00e7onne 2022 : Parcours et profil\"}]},{\"@type\":\"WebSite\",\"@id\":\"https:\/\/dicodusport.fr\/blog\/#website\",\"url\":\"https:\/\/dicodusport.fr\/blog\/\",\"name\":\"Dicodusport\",\"description\":\"L&#039;encyclop\u00e9die de l&#039;actualit\u00e9 sportive\",\"publisher\":{\"@id\":\"https:\/\/dicodusport.fr\/blog\/#organization\"},\"potentialAction\":[{\"@type\":\"SearchAction\",\"target\":{\"@type\":\"EntryPoint\",\"urlTemplate\":\"https:\/\/dicodusport.fr\/blog\/?s={search_term_string}\"},\"query-input\":{\"@type\":\"PropertyValueSpecification\",\"valueRequired\":true,\"valueName\":\"search_term_string\"}}],\"inLanguage\":\"fr-FR\"},{\"@type\":\"NewsMediaOrganization\",\"@id\":\"https:\/\/dicodusport.fr\/blog\/#organization\",\"name\":\"Dicodusport\",\"url\":\"https:\/\/dicodusport.fr\/blog\/\",\"logo\":{\"@type\":\"ImageObject\",\"inLanguage\":\"fr-FR\",\"@id\":\"https:\/\/dicodusport.fr\/blog\/#\/schema\/logo\/image\/\",\"url\":\"https:\/\/dicodusport.fr\/blog\/wp-content\/uploads\/2020\/06\/cropped-LOGO-DICODUSPORT-2020-SANS-FOND-SANS-TEXTE.png\",\"contentUrl\":\"https:\/\/dicodusport.fr\/blog\/wp-content\/uploads\/2020\/06\/cropped-LOGO-DICODUSPORT-2020-SANS-FOND-SANS-TEXTE.png\",\"width\":512,\"height\":512,\"caption\":\"Dicodusport\"},\"image\":{\"@id\":\"https:\/\/dicodusport.fr\/blog\/#\/schema\/logo\/image\/\"},\"sameAs\":[\"https:\/\/www.facebook.com\/dicodusport\",\"https:\/\/x.com\/dicodusport\",\"https:\/\/www.instagram.com\/dicodusport\/\",\"https:\/\/www.youtube.com\/channel\/UC7V2KZ5sd3htJivAbA4ZG3w\"],\"description\":\"Dicodusport est l'encyclop\u00e9die de l'actualit\u00e9 sportive.\",\"email\":\"bonjour@dicodusport.fr\",\"legalName\":\"DICODUSPORT\",\"foundingDate\":\"2018-01-14\",\"vatID\":\"FR71834470973\",\"taxID\":\"83447097300043\",\"numberOfEmployees\":{\"@type\":\"QuantitativeValue\",\"minValue\":\"1\",\"maxValue\":\"10\"}},{\"@type\":\"Person\",\"@id\":\"https:\/\/dicodusport.fr\/blog\/#\/schema\/person\/6db4bae06b171592211be385b32876a7\",\"name\":\"Emilien Descampiaux\",\"image\":{\"@type\":\"ImageObject\",\"inLanguage\":\"fr-FR\",\"@id\":\"https:\/\/dicodusport.fr\/blog\/#\/schema\/person\/image\/\",\"url\":\"https:\/\/dicodusport.fr\/blog\/wp-content\/uploads\/2021\/05\/Emilien-Descampiaux-150x150.jpg\",\"contentUrl\":\"https:\/\/dicodusport.fr\/blog\/wp-content\/uploads\/2021\/05\/Emilien-Descampiaux-150x150.jpg\",\"caption\":\"Emilien Descampiaux\"},\"description\":\"Journaliste\/r\u00e9dacteur depuis 2014 - Fan de la classe de Frank Vandenbroucke, je vis cyclisme (et de ses paysages) depuis plus de 20 ans. Je suis tr\u00e8s impliqu\u00e9 sur mes diff\u00e9rents r\u00e9seaux sociaux pour partager ma passion sur le monde et l'Histoire de la bicyclette avec ma voix sur les images en noir et blanc du succ\u00e8s de Rik Van Steenbergen lors du Ronde sur le V\u00e9lodrome de Gand.\",\"sameAs\":[\"https:\/\/www.facebook.com\/groups\/LesRoisDuPeloton\",\"https:\/\/x.com\/https:\/\/twitter.com\/LRoisDuPeloton\"],\"url\":\"https:\/\/dicodusport.fr\/blog\/author\/emiliend\/\"}]}<\/script>\n<!-- \/ Yoast SEO Premium plugin. -->","yoast_head_json":{"title":"Fl\u00e8che Braban\u00e7onne 2022 : Parcours et profil","description":"CYCLISME SUR ROUTE 2022 - D\u00e9couvrez le parcours et le profil de la Fl\u00e8che Braban\u00e7onne, avec au d\u00e9part, un certain Julian Alaphilippe.","robots":{"index":"index","follow":"follow","max-snippet":"max-snippet:-1","max-image-preview":"max-image-preview:large","max-video-preview":"max-video-preview:-1"},"canonical":"https:\/\/dicodusport.fr\/blog\/fleche-brabanconne-2022-parcours-et-profil\/","og_locale":"fr_FR","og_type":"article","og_title":"Fl\u00e8che Braban\u00e7onne 2022 : Parcours et profil","og_description":"CYCLISME SUR ROUTE 2022 - D\u00e9couvrez le parcours et le profil de la Fl\u00e8che Braban\u00e7onne, avec au d\u00e9part, un certain Julian Alaphilippe.","og_url":"https:\/\/dicodusport.fr\/blog\/fleche-brabanconne-2022-parcours-et-profil\/","og_site_name":"Dicodusport","article_publisher":"https:\/\/www.facebook.com\/dicodusport","article_author":"https:\/\/www.facebook.com\/groups\/LesRoisDuPeloton","article_published_time":"2022-04-12T16:49:31+00:00","og_image":[{"width":800,"height":445,"url":"https:\/\/dicodusport.fr\/blog\/wp-content\/uploads\/2022\/04\/Fleche-Brabanconne-2022-Parcours-et-profil.png","type":"image\/png"}],"author":"Emilien Descampiaux","twitter_card":"summary_large_image","twitter_title":"Fl\u00e8che Braban\u00e7onne 2022 : Parcours et profil","twitter_creator":"@https:\/\/twitter.com\/LRoisDuPeloton","twitter_site":"@dicodusport","schema":{"@context":"https:\/\/schema.org","@graph":[{"@type":"NewsArticle","@id":"https:\/\/dicodusport.fr\/blog\/fleche-brabanconne-2022-parcours-et-profil\/#article","isPartOf":{"@id":"https:\/\/dicodusport.fr\/blog\/fleche-brabanconne-2022-parcours-et-profil\/"},"author":{"name":"Emilien Descampiaux","@id":"https:\/\/dicodusport.fr\/blog\/#\/schema\/person\/6db4bae06b171592211be385b32876a7"},"headline":"Fl\u00e8che Braban\u00e7onne 2022 : Parcours et profil","datePublished":"2022-04-12T16:49:31+00:00","mainEntityOfPage":{"@id":"https:\/\/dicodusport.fr\/blog\/fleche-brabanconne-2022-parcours-et-profil\/"},"wordCount":539,"commentCount":0,"publisher":{"@id":"https:\/\/dicodusport.fr\/blog\/#organization"},"image":{"@id":"https:\/\/dicodusport.fr\/blog\/fleche-brabanconne-2022-parcours-et-profil\/#primaryimage"},"thumbnailUrl":"https:\/\/dicodusport.fr\/blog\/wp-content\/uploads\/2022\/04\/Fleche-Brabanconne-2022-Parcours-et-profil.png","keywords":["Actualit\u00e9 Cyclisme"],"articleSection":["Cyclisme sur route"],"inLanguage":"fr-FR","potentialAction":[{"@type":"CommentAction","name":"Comment","target":["https:\/\/dicodusport.fr\/blog\/fleche-brabanconne-2022-parcours-et-profil\/#respond"]}],"copyrightYear":"2022","copyrightHolder":{"@id":"https:\/\/dicodusport.fr\/blog\/#organization"}},{"@type":"WebPage","@id":"https:\/\/dicodusport.fr\/blog\/fleche-brabanconne-2022-parcours-et-profil\/","url":"https:\/\/dicodusport.fr\/blog\/fleche-brabanconne-2022-parcours-et-profil\/","name":"Fl\u00e8che Braban\u00e7onne 2022 : Parcours et profil","isPartOf":{"@id":"https:\/\/dicodusport.fr\/blog\/#website"},"primaryImageOfPage":{"@id":"https:\/\/dicodusport.fr\/blog\/fleche-brabanconne-2022-parcours-et-profil\/#primaryimage"},"image":{"@id":"https:\/\/dicodusport.fr\/blog\/fleche-brabanconne-2022-parcours-et-profil\/#primaryimage"},"thumbnailUrl":"https:\/\/dicodusport.fr\/blog\/wp-content\/uploads\/2022\/04\/Fleche-Brabanconne-2022-Parcours-et-profil.png","datePublished":"2022-04-12T16:49:31+00:00","description":"CYCLISME SUR ROUTE 2022 - D\u00e9couvrez le parcours et le profil de la Fl\u00e8che Braban\u00e7onne, avec au d\u00e9part, un certain Julian Alaphilippe.","breadcrumb":{"@id":"https:\/\/dicodusport.fr\/blog\/fleche-brabanconne-2022-parcours-et-profil\/#breadcrumb"},"inLanguage":"fr-FR","potentialAction":[{"@type":"ReadAction","target":["https:\/\/dicodusport.fr\/blog\/fleche-brabanconne-2022-parcours-et-profil\/"]}]},{"@type":"ImageObject","inLanguage":"fr-FR","@id":"https:\/\/dicodusport.fr\/blog\/fleche-brabanconne-2022-parcours-et-profil\/#primaryimage","url":"https:\/\/dicodusport.fr\/blog\/wp-content\/uploads\/2022\/04\/Fleche-Brabanconne-2022-Parcours-et-profil.png","contentUrl":"https:\/\/dicodusport.fr\/blog\/wp-content\/uploads\/2022\/04\/Fleche-Brabanconne-2022-Parcours-et-profil.png","width":800,"height":445,"caption":"Fl\u00e8che Braban\u00e7onne 2022 Parcours et profil"},{"@type":"BreadcrumbList","@id":"https:\/\/dicodusport.fr\/blog\/fleche-brabanconne-2022-parcours-et-profil\/#breadcrumb","itemListElement":[{"@type":"ListItem","position":1,"name":"Accueil","item":"https:\/\/dicodusport.fr\/blog\/"},{"@type":"ListItem","position":2,"name":"Fl\u00e8che Braban\u00e7onne 2022 : Parcours et profil"}]},{"@type":"WebSite","@id":"https:\/\/dicodusport.fr\/blog\/#website","url":"https:\/\/dicodusport.fr\/blog\/","name":"Dicodusport","description":"L&#039;encyclop\u00e9die de l&#039;actualit\u00e9 sportive","publisher":{"@id":"https:\/\/dicodusport.fr\/blog\/#organization"},"potentialAction":[{"@type":"SearchAction","target":{"@type":"EntryPoint","urlTemplate":"https:\/\/dicodusport.fr\/blog\/?s={search_term_string}"},"query-input":{"@type":"PropertyValueSpecification","valueRequired":true,"valueName":"search_term_string"}}],"inLanguage":"fr-FR"},{"@type":"NewsMediaOrganization","@id":"https:\/\/dicodusport.fr\/blog\/#organization","name":"Dicodusport","url":"https:\/\/dicodusport.fr\/blog\/","logo":{"@type":"ImageObject","inLanguage":"fr-FR","@id":"https:\/\/dicodusport.fr\/blog\/#\/schema\/logo\/image\/","url":"https:\/\/dicodusport.fr\/blog\/wp-content\/uploads\/2020\/06\/cropped-LOGO-DICODUSPORT-2020-SANS-FOND-SANS-TEXTE.png","contentUrl":"https:\/\/dicodusport.fr\/blog\/wp-content\/uploads\/2020\/06\/cropped-LOGO-DICODUSPORT-2020-SANS-FOND-SANS-TEXTE.png","width":512,"height":512,"caption":"Dicodusport"},"image":{"@id":"https:\/\/dicodusport.fr\/blog\/#\/schema\/logo\/image\/"},"sameAs":["https:\/\/www.facebook.com\/dicodusport","https:\/\/x.com\/dicodusport","https:\/\/www.instagram.com\/dicodusport\/","https:\/\/www.youtube.com\/channel\/UC7V2KZ5sd3htJivAbA4ZG3w"],"description":"Dicodusport est l'encyclop\u00e9die de l'actualit\u00e9 sportive.","email":"bonjour@dicodusport.fr","legalName":"DICODUSPORT","foundingDate":"2018-01-14","vatID":"FR71834470973","taxID":"83447097300043","numberOfEmployees":{"@type":"QuantitativeValue","minValue":"1","maxValue":"10"}},{"@type":"Person","@id":"https:\/\/dicodusport.fr\/blog\/#\/schema\/person\/6db4bae06b171592211be385b32876a7","name":"Emilien Descampiaux","image":{"@type":"ImageObject","inLanguage":"fr-FR","@id":"https:\/\/dicodusport.fr\/blog\/#\/schema\/person\/image\/","url":"https:\/\/dicodusport.fr\/blog\/wp-content\/uploads\/2021\/05\/Emilien-Descampiaux-150x150.jpg","contentUrl":"https:\/\/dicodusport.fr\/blog\/wp-content\/uploads\/2021\/05\/Emilien-Descampiaux-150x150.jpg","caption":"Emilien Descampiaux"},"description":"Journaliste\/r\u00e9dacteur depuis 2014 - Fan de la classe de Frank Vandenbroucke, je vis cyclisme (et de ses paysages) depuis plus de 20 ans. Je suis tr\u00e8s impliqu\u00e9 sur mes diff\u00e9rents r\u00e9seaux sociaux pour partager ma passion sur le monde et l'Histoire de la bicyclette avec ma voix sur les images en noir et blanc du succ\u00e8s de Rik Van Steenbergen lors du Ronde sur le V\u00e9lodrome de Gand.","sameAs":["https:\/\/www.facebook.com\/groups\/LesRoisDuPeloton","https:\/\/x.com\/https:\/\/twitter.com\/LRoisDuPeloton"],"url":"https:\/\/dicodusport.fr\/blog\/author\/emiliend\/"}]}},"_links":{"self":[{"href":"https:\/\/dicodusport.fr\/blog\/wp-json\/wp\/v2\/posts\/215534","targetHints":{"allow":["GET"]}}],"collection":[{"href":"https:\/\/dicodusport.fr\/blog\/wp-json\/wp\/v2\/posts"}],"about":[{"href":"https:\/\/dicodusport.fr\/blog\/wp-json\/wp\/v2\/types\/post"}],"author":[{"embeddable":true,"href":"https:\/\/dicodusport.fr\/blog\/wp-json\/wp\/v2\/users\/48"}],"replies":[{"embeddable":true,"href":"https:\/\/dicodusport.fr\/blog\/wp-json\/wp\/v2\/comments?post=215534"}],"version-history":[{"count":0,"href":"https:\/\/dicodusport.fr\/blog\/wp-json\/wp\/v2\/posts\/215534\/revisions"}],"wp:featuredmedia":[{"embeddable":true,"href":"https:\/\/dicodusport.fr\/blog\/wp-json\/wp\/v2\/media\/215565"}],"wp:attachment":[{"href":"https:\/\/dicodusport.fr\/blog\/wp-json\/wp\/v2\/media?parent=215534"}],"wp:term":[{"taxonomy":"category","embeddable":true,"href":"https:\/\/dicodusport.fr\/blog\/wp-json\/wp\/v2\/categories?post=215534"},{"taxonomy":"post_tag","embeddable":true,"href":"https:\/\/dicodusport.fr\/blog\/wp-json\/wp\/v2\/tags?post=215534"}],"curies":[{"name":"wp","href":"https:\/\/api.w.org\/{rel}","templated":true}]}}