{"id":216085,"date":"2022-04-15T08:57:47","date_gmt":"2022-04-15T06:57:47","guid":{"rendered":"https:\/\/dicodusport.fr\/blog\/?p=216085&#038;preview=true&#038;preview_id=216085"},"modified":"2022-04-15T13:05:07","modified_gmt":"2022-04-15T11:05:07","slug":"le-tour-des-flandres-et-paris-roubaix-bientot-en-fin-de-saison","status":"publish","type":"post","link":"https:\/\/dicodusport.fr\/blog\/le-tour-des-flandres-et-paris-roubaix-bientot-en-fin-de-saison\/","title":{"rendered":"Le Tour des Flandres et Paris-Roubaix bient\u00f4t en fin de saison ?"},"content":{"rendered":"<p style=\"text-align: justify;\"><b><i>CYCLISME SUR ROUTE &#8211; Dans un entretien accord\u00e9 au m\u00e9dia n\u00e9erlandais Wielerflits, David Lappartient, pr\u00e9sident de l&rsquo;UCI, n&rsquo;a pas \u00e9cart\u00e9 l&rsquo;id\u00e9e de placer, lors des prochaines saisons, le Tour des Flandres et Paris-Roubaix en fin de saison. Histoire de terminer en beaut\u00e9.<\/i><\/b><\/p>\n<p style=\"text-align: justify;\">Le report de Paris-Roubaix 2021 \u00e0 l&rsquo;automne dernier a-t-il donn\u00e9 des id\u00e9es \u00e0 l&rsquo;UCI ? C&rsquo;est en tout cas ce que laisse entendre <strong>David Lappartient<\/strong>, pr\u00e9sident de l&rsquo;Union Cycliste Internationale, dans les colonnes de <a href=\"https:\/\/www.wielerflits.nl\/nieuws\/david-lappartient-vlaanderen-en-roubaix-vast-in-najaar-waarom-niet\/\" target=\"_blank\" rel=\"nofollow noopener\"><em>Wielerflits<\/em><\/a>. <em>\u00ab Terminer la saison avec le Tour des Flandres et Paris-Roubaix ? Pourquoi pas ! C\u2019est quelque chose que nous ne pouvions pas imaginer dans le pass\u00e9. Maintenant, la question se pose. Est-ce que cela n\u2019ouvrirait pas d\u2019autres possibilit\u00e9s dans le calendrier lorsque nous organisons ces deux, peut-\u00eatre les deux plus grands, Monuments \u00e0 la fin de l\u2019ann\u00e9e ? \u00bb<\/em><\/p>\n<h2 style=\"text-align: justify;\"><strong>ASO n&rsquo;est pas contre<\/strong><\/h2>\n<p style=\"text-align: justify;\">Une remise en question qui semble m\u00eame appuy\u00e9e par l&rsquo;organisateur de l&rsquo;Enfer du Nord, ASO. Et pour cause, <strong>David Lappartient<\/strong> \u00e9voque, \u00e0 juste titre, l&rsquo;exemple <a href=\"https:\/\/dicodusport.fr\/blog\/paris-roubaix-2021-sonny-colbrelli-simpose-sur-une-118eme-edition-dantesque\/\">d&rsquo;un Paris-Roubaix 2021 exceptionnel<\/a>. <em>\u00ab Il s\u2019agit de l\u2019une des \u00e9ditions de l\u2019Enfer du Nord les plus incroyables de l\u2019histoire. J\u2019en ai parl\u00e9 avec l\u2019organisateur ASO. Avant 2021, il n&rsquo;a jamais \u00e9t\u00e9 question de changer la date de Paris-Roubaix. Maintenant, ils ont un avis tr\u00e8s diff\u00e9rent. Cela cr\u00e9e beaucoup d\u2019opportunit\u00e9s pour l\u2019avenir. \u00bb<\/em>. Avant d&rsquo;ajouter : <em>\u00ab Nous avons d\u00e9j\u00e0 distribu\u00e9 les licences WorldTour aux organisateurs pour 2023, 2024 et 2025. Dans ce document que les organisateurs ont re\u00e7u, il est dit que le statut de WorldTour leur est garanti, mais la date \u00e0 laquelle la course aura lieu est un point qui peut encore \u00eatre discut\u00e9. L\u2019organisateur ne poss\u00e8de pas de date fixe sur le calendrier. \u00bb <\/em><\/p>\n<p style=\"text-align: justify;\">Va-t-on alors vers un remodelage du calendrier WorldTour d\u00e8s la saison prochaine ? La porte est en tout cas ouverte pour l&rsquo;homme fort du cyclisme international. Reste \u00e0 savoir si tous les organisateurs iront dans le sens de l&rsquo;UCI. Loin d&rsquo;\u00eatre une \u00e9vidence.<\/p>\n<blockquote class=\"twitter-tweet\">\n<p dir=\"ltr\" lang=\"nl\">NIEUWS | David Lappartient: \u201cVlaanderen en Roubaix vast in najaar? Waarom niet!\u201d<a href=\"https:\/\/t.co\/dD3c24yoay\">https:\/\/t.co\/dD3c24yoay<\/a> | <a href=\"https:\/\/twitter.com\/hashtag\/rvv?src=hash&amp;ref_src=twsrc%5Etfw\">#rvv<\/a> <a href=\"https:\/\/twitter.com\/hashtag\/parisroubaix?src=hash&amp;ref_src=twsrc%5Etfw\">#parisroubaix<\/a> <a href=\"https:\/\/t.co\/HXRt50znAY\">pic.twitter.com\/HXRt50znAY<\/a><\/p>\n<p>\u2014 WielerFlits.nl (@WielerFlits) <a href=\"https:\/\/twitter.com\/WielerFlits\/status\/1514856035185528836?ref_src=twsrc%5Etfw\">April 15, 2022<\/a><\/p><\/blockquote>\n<p><script async src=\"https:\/\/platform.twitter.com\/widgets.js\" charset=\"utf-8\"><\/script><\/p>\n","protected":false},"excerpt":{"rendered":"<p>CYCLISME SUR ROUTE &#8211; Dans un entretien accord\u00e9 au m\u00e9dia n\u00e9erlandais Wielerflits, David Lappartient, pr\u00e9sident de l&rsquo;UCI, n&rsquo;a pas \u00e9cart\u00e9 l&rsquo;id\u00e9e de placer, lors des prochaines saisons, le Tour des Flandres et Paris-Roubaix en fin de saison. Histoire de terminer en beaut\u00e9.<\/p>\n","protected":false},"author":4,"featured_media":216087,"comment_status":"open","ping_status":"closed","sticky":false,"template":"","format":"standard","meta":{"_acf_changed":false,"_daextam_enable_autolinks":"","footnotes":""},"categories":[2307],"tags":[5364,4164,4325],"class_list":["post-216085","post","type-post","status-publish","format-standard","has-post-thumbnail","hentry","category-cyclisme","tag-david-lappartient","tag-paris-roubaix","tag-tour-des-flandres"],"acf":[],"yoast_head":"<!-- This site is optimized with the Yoast SEO Premium plugin v26.7 (Yoast SEO v26.7) - https:\/\/yoast.com\/wordpress\/plugins\/seo\/ -->\n<title>Le Tour des Flandres et Paris-Roubaix bient\u00f4t en fin de saison ?<\/title>\n<meta name=\"description\" content=\"Dans un entretien accord\u00e9 \u00e0 Wielerflits, David Lappartient n&#039;a pas \u00e9cart\u00e9 l&#039;id\u00e9e de placer le Tour des Flandres et Paris-Roubaix en fin de saison.\" \/>\n<meta name=\"robots\" content=\"index, follow, max-snippet:-1, max-image-preview:large, max-video-preview:-1\" \/>\n<link rel=\"canonical\" href=\"https:\/\/dicodusport.fr\/blog\/le-tour-des-flandres-et-paris-roubaix-bientot-en-fin-de-saison\/\" \/>\n<meta property=\"og:locale\" content=\"fr_FR\" \/>\n<meta property=\"og:type\" content=\"article\" \/>\n<meta property=\"og:title\" content=\"Le Tour des Flandres et Paris-Roubaix bient\u00f4t en fin de saison ?\" \/>\n<meta property=\"og:description\" content=\"Dans un entretien accord\u00e9 \u00e0 Wielerflits, David Lappartient n&#039;a pas \u00e9cart\u00e9 l&#039;id\u00e9e de placer le Tour des Flandres et Paris-Roubaix en fin de saison.\" \/>\n<meta property=\"og:url\" content=\"https:\/\/dicodusport.fr\/blog\/le-tour-des-flandres-et-paris-roubaix-bientot-en-fin-de-saison\/\" \/>\n<meta property=\"og:site_name\" content=\"Dicodusport\" \/>\n<meta property=\"article:publisher\" content=\"https:\/\/www.facebook.com\/dicodusport\" \/>\n<meta property=\"article:author\" content=\"https:\/\/www.facebook.com\/florent.ostermann\" \/>\n<meta property=\"article:published_time\" content=\"2022-04-15T06:57:47+00:00\" \/>\n<meta property=\"article:modified_time\" content=\"2022-04-15T11:05:07+00:00\" \/>\n<meta property=\"og:image\" content=\"https:\/\/dicodusport.fr\/blog\/wp-content\/uploads\/2022\/04\/Le-Tour-des-Flandres-et-Paris-Roubaix-bientot-en-fin-de-saison-.png\" \/>\n\t<meta property=\"og:image:width\" content=\"800\" \/>\n\t<meta property=\"og:image:height\" content=\"445\" \/>\n\t<meta property=\"og:image:type\" content=\"image\/png\" \/>\n<meta name=\"author\" content=\"Flo Ostermann\" \/>\n<meta name=\"twitter:card\" content=\"summary_large_image\" \/>\n<meta name=\"twitter:title\" content=\"Le Tour des Flandres et Paris-Roubaix bient\u00f4t en fin de saison ?\" \/>\n<meta name=\"twitter:creator\" content=\"@https:\/\/twitter.com\/FlOstermann\" \/>\n<meta name=\"twitter:site\" content=\"@dicodusport\" \/>\n<script type=\"application\/ld+json\" class=\"yoast-schema-graph\">{\"@context\":\"https:\/\/schema.org\",\"@graph\":[{\"@type\":\"NewsArticle\",\"@id\":\"https:\/\/dicodusport.fr\/blog\/le-tour-des-flandres-et-paris-roubaix-bientot-en-fin-de-saison\/#article\",\"isPartOf\":{\"@id\":\"https:\/\/dicodusport.fr\/blog\/le-tour-des-flandres-et-paris-roubaix-bientot-en-fin-de-saison\/\"},\"author\":{\"name\":\"Flo Ostermann\",\"@id\":\"https:\/\/dicodusport.fr\/blog\/#\/schema\/person\/cb02af4c173ce4a653b55e9baf388d4a\"},\"headline\":\"Le Tour des Flandres et Paris-Roubaix bient\u00f4t en fin de saison ?\",\"datePublished\":\"2022-04-15T06:57:47+00:00\",\"dateModified\":\"2022-04-15T11:05:07+00:00\",\"mainEntityOfPage\":{\"@id\":\"https:\/\/dicodusport.fr\/blog\/le-tour-des-flandres-et-paris-roubaix-bientot-en-fin-de-saison\/\"},\"wordCount\":392,\"commentCount\":0,\"publisher\":{\"@id\":\"https:\/\/dicodusport.fr\/blog\/#organization\"},\"image\":{\"@id\":\"https:\/\/dicodusport.fr\/blog\/le-tour-des-flandres-et-paris-roubaix-bientot-en-fin-de-saison\/#primaryimage\"},\"thumbnailUrl\":\"https:\/\/dicodusport.fr\/blog\/wp-content\/uploads\/2022\/04\/Le-Tour-des-Flandres-et-Paris-Roubaix-bientot-en-fin-de-saison-.png\",\"keywords\":[\"David Lappartient\",\"Paris-Roubaix\",\"Tour des Flandres\"],\"articleSection\":[\"Cyclisme\"],\"inLanguage\":\"fr-FR\",\"potentialAction\":[{\"@type\":\"CommentAction\",\"name\":\"Comment\",\"target\":[\"https:\/\/dicodusport.fr\/blog\/le-tour-des-flandres-et-paris-roubaix-bientot-en-fin-de-saison\/#respond\"]}],\"copyrightYear\":\"2022\",\"copyrightHolder\":{\"@id\":\"https:\/\/dicodusport.fr\/blog\/#organization\"}},{\"@type\":\"WebPage\",\"@id\":\"https:\/\/dicodusport.fr\/blog\/le-tour-des-flandres-et-paris-roubaix-bientot-en-fin-de-saison\/\",\"url\":\"https:\/\/dicodusport.fr\/blog\/le-tour-des-flandres-et-paris-roubaix-bientot-en-fin-de-saison\/\",\"name\":\"Le Tour des Flandres et Paris-Roubaix bient\u00f4t en fin de saison ?\",\"isPartOf\":{\"@id\":\"https:\/\/dicodusport.fr\/blog\/#website\"},\"primaryImageOfPage\":{\"@id\":\"https:\/\/dicodusport.fr\/blog\/le-tour-des-flandres-et-paris-roubaix-bientot-en-fin-de-saison\/#primaryimage\"},\"image\":{\"@id\":\"https:\/\/dicodusport.fr\/blog\/le-tour-des-flandres-et-paris-roubaix-bientot-en-fin-de-saison\/#primaryimage\"},\"thumbnailUrl\":\"https:\/\/dicodusport.fr\/blog\/wp-content\/uploads\/2022\/04\/Le-Tour-des-Flandres-et-Paris-Roubaix-bientot-en-fin-de-saison-.png\",\"datePublished\":\"2022-04-15T06:57:47+00:00\",\"dateModified\":\"2022-04-15T11:05:07+00:00\",\"description\":\"Dans un entretien accord\u00e9 \u00e0 Wielerflits, David Lappartient n'a pas \u00e9cart\u00e9 l'id\u00e9e de placer le Tour des Flandres et Paris-Roubaix en fin de saison.\",\"breadcrumb\":{\"@id\":\"https:\/\/dicodusport.fr\/blog\/le-tour-des-flandres-et-paris-roubaix-bientot-en-fin-de-saison\/#breadcrumb\"},\"inLanguage\":\"fr-FR\",\"potentialAction\":[{\"@type\":\"ReadAction\",\"target\":[\"https:\/\/dicodusport.fr\/blog\/le-tour-des-flandres-et-paris-roubaix-bientot-en-fin-de-saison\/\"]}]},{\"@type\":\"ImageObject\",\"inLanguage\":\"fr-FR\",\"@id\":\"https:\/\/dicodusport.fr\/blog\/le-tour-des-flandres-et-paris-roubaix-bientot-en-fin-de-saison\/#primaryimage\",\"url\":\"https:\/\/dicodusport.fr\/blog\/wp-content\/uploads\/2022\/04\/Le-Tour-des-Flandres-et-Paris-Roubaix-bientot-en-fin-de-saison-.png\",\"contentUrl\":\"https:\/\/dicodusport.fr\/blog\/wp-content\/uploads\/2022\/04\/Le-Tour-des-Flandres-et-Paris-Roubaix-bientot-en-fin-de-saison-.png\",\"width\":800,\"height\":445,\"caption\":\"Le Tour des Flandres et Paris-Roubaix bient\u00f4t en fin de saison\"},{\"@type\":\"BreadcrumbList\",\"@id\":\"https:\/\/dicodusport.fr\/blog\/le-tour-des-flandres-et-paris-roubaix-bientot-en-fin-de-saison\/#breadcrumb\",\"itemListElement\":[{\"@type\":\"ListItem\",\"position\":1,\"name\":\"Accueil\",\"item\":\"https:\/\/dicodusport.fr\/blog\/\"},{\"@type\":\"ListItem\",\"position\":2,\"name\":\"Le Tour des Flandres et Paris-Roubaix bient\u00f4t en fin de saison ?\"}]},{\"@type\":\"WebSite\",\"@id\":\"https:\/\/dicodusport.fr\/blog\/#website\",\"url\":\"https:\/\/dicodusport.fr\/blog\/\",\"name\":\"Dicodusport\",\"description\":\"L&#039;encyclop\u00e9die de l&#039;actualit\u00e9 sportive\",\"publisher\":{\"@id\":\"https:\/\/dicodusport.fr\/blog\/#organization\"},\"potentialAction\":[{\"@type\":\"SearchAction\",\"target\":{\"@type\":\"EntryPoint\",\"urlTemplate\":\"https:\/\/dicodusport.fr\/blog\/?s={search_term_string}\"},\"query-input\":{\"@type\":\"PropertyValueSpecification\",\"valueRequired\":true,\"valueName\":\"search_term_string\"}}],\"inLanguage\":\"fr-FR\"},{\"@type\":\"NewsMediaOrganization\",\"@id\":\"https:\/\/dicodusport.fr\/blog\/#organization\",\"name\":\"Dicodusport\",\"url\":\"https:\/\/dicodusport.fr\/blog\/\",\"logo\":{\"@type\":\"ImageObject\",\"inLanguage\":\"fr-FR\",\"@id\":\"https:\/\/dicodusport.fr\/blog\/#\/schema\/logo\/image\/\",\"url\":\"https:\/\/dicodusport.fr\/blog\/wp-content\/uploads\/2020\/06\/cropped-LOGO-DICODUSPORT-2020-SANS-FOND-SANS-TEXTE.png\",\"contentUrl\":\"https:\/\/dicodusport.fr\/blog\/wp-content\/uploads\/2020\/06\/cropped-LOGO-DICODUSPORT-2020-SANS-FOND-SANS-TEXTE.png\",\"width\":512,\"height\":512,\"caption\":\"Dicodusport\"},\"image\":{\"@id\":\"https:\/\/dicodusport.fr\/blog\/#\/schema\/logo\/image\/\"},\"sameAs\":[\"https:\/\/www.facebook.com\/dicodusport\",\"https:\/\/x.com\/dicodusport\",\"https:\/\/www.instagram.com\/dicodusport\/\",\"https:\/\/www.youtube.com\/channel\/UC7V2KZ5sd3htJivAbA4ZG3w\"],\"description\":\"Dicodusport est l'encyclop\u00e9die de l'actualit\u00e9 sportive.\",\"email\":\"bonjour@dicodusport.fr\",\"legalName\":\"DICODUSPORT\",\"foundingDate\":\"2018-01-14\",\"vatID\":\"FR71834470973\",\"taxID\":\"83447097300043\",\"numberOfEmployees\":{\"@type\":\"QuantitativeValue\",\"minValue\":\"1\",\"maxValue\":\"10\"}},{\"@type\":\"Person\",\"@id\":\"https:\/\/dicodusport.fr\/blog\/#\/schema\/person\/cb02af4c173ce4a653b55e9baf388d4a\",\"name\":\"Flo Ostermann\",\"image\":{\"@type\":\"ImageObject\",\"inLanguage\":\"fr-FR\",\"@id\":\"https:\/\/dicodusport.fr\/blog\/#\/schema\/person\/image\/\",\"url\":\"https:\/\/dicodusport.fr\/blog\/wp-content\/uploads\/2021\/05\/Flo-Ostermann-150x150.jpg\",\"contentUrl\":\"https:\/\/dicodusport.fr\/blog\/wp-content\/uploads\/2021\/05\/Flo-Ostermann-150x150.jpg\",\"caption\":\"Flo Ostermann\"},\"description\":\"Journaliste\/R\u00e9dacteur depuis septembre 2015 - Mes premiers souvenirs dans le sport ? Les envol\u00e9es du Stade Toulousain et les duels Villeneuve-Schumacher et H\u00e4kkinen-Schumacher \u00e0 la fin des ann\u00e9es 90, la Coupe du monde de football en 1998, l\u2019exploit du XV de France face aux All Blacks en 1999, mais aussi Richard C\u0153ur de Lion qui vole sur les montagnes du Tour de France. Bien parti pour devenir professeur d\u2019EPS, les \u00e9v\u00e9nements de la vie (et la flemme d\u2019animer des s\u00e9ances de 3x500 m\u00e8tres toute ma vie) m\u2019ont conduit \u00e0 revoir mes plans. Me voil\u00e0 depuis fin 2017 sur Dicodusport, m\u00e9dia gr\u00e2ce (et pour) lequel je partage ma passion : le sport dans tous ses \u00e9tats. Le tout accompagn\u00e9 par les fous furieux et folles furieuses cit\u00e9s sur cette page !\",\"sameAs\":[\"https:\/\/www.facebook.com\/florent.ostermann\",\"https:\/\/x.com\/https:\/\/twitter.com\/FlOstermann\",\"admin\"],\"url\":\"https:\/\/dicodusport.fr\/blog\/author\/flo\/\"}]}<\/script>\n<!-- \/ Yoast SEO Premium plugin. -->","yoast_head_json":{"title":"Le Tour des Flandres et Paris-Roubaix bient\u00f4t en fin de saison ?","description":"Dans un entretien accord\u00e9 \u00e0 Wielerflits, David Lappartient n'a pas \u00e9cart\u00e9 l'id\u00e9e de placer le Tour des Flandres et Paris-Roubaix en fin de saison.","robots":{"index":"index","follow":"follow","max-snippet":"max-snippet:-1","max-image-preview":"max-image-preview:large","max-video-preview":"max-video-preview:-1"},"canonical":"https:\/\/dicodusport.fr\/blog\/le-tour-des-flandres-et-paris-roubaix-bientot-en-fin-de-saison\/","og_locale":"fr_FR","og_type":"article","og_title":"Le Tour des Flandres et Paris-Roubaix bient\u00f4t en fin de saison ?","og_description":"Dans un entretien accord\u00e9 \u00e0 Wielerflits, David Lappartient n'a pas \u00e9cart\u00e9 l'id\u00e9e de placer le Tour des Flandres et Paris-Roubaix en fin de saison.","og_url":"https:\/\/dicodusport.fr\/blog\/le-tour-des-flandres-et-paris-roubaix-bientot-en-fin-de-saison\/","og_site_name":"Dicodusport","article_publisher":"https:\/\/www.facebook.com\/dicodusport","article_author":"https:\/\/www.facebook.com\/florent.ostermann","article_published_time":"2022-04-15T06:57:47+00:00","article_modified_time":"2022-04-15T11:05:07+00:00","og_image":[{"width":800,"height":445,"url":"https:\/\/dicodusport.fr\/blog\/wp-content\/uploads\/2022\/04\/Le-Tour-des-Flandres-et-Paris-Roubaix-bientot-en-fin-de-saison-.png","type":"image\/png"}],"author":"Flo Ostermann","twitter_card":"summary_large_image","twitter_title":"Le Tour des Flandres et Paris-Roubaix bient\u00f4t en fin de saison ?","twitter_creator":"@https:\/\/twitter.com\/FlOstermann","twitter_site":"@dicodusport","schema":{"@context":"https:\/\/schema.org","@graph":[{"@type":"NewsArticle","@id":"https:\/\/dicodusport.fr\/blog\/le-tour-des-flandres-et-paris-roubaix-bientot-en-fin-de-saison\/#article","isPartOf":{"@id":"https:\/\/dicodusport.fr\/blog\/le-tour-des-flandres-et-paris-roubaix-bientot-en-fin-de-saison\/"},"author":{"name":"Flo Ostermann","@id":"https:\/\/dicodusport.fr\/blog\/#\/schema\/person\/cb02af4c173ce4a653b55e9baf388d4a"},"headline":"Le Tour des Flandres et Paris-Roubaix bient\u00f4t en fin de saison ?","datePublished":"2022-04-15T06:57:47+00:00","dateModified":"2022-04-15T11:05:07+00:00","mainEntityOfPage":{"@id":"https:\/\/dicodusport.fr\/blog\/le-tour-des-flandres-et-paris-roubaix-bientot-en-fin-de-saison\/"},"wordCount":392,"commentCount":0,"publisher":{"@id":"https:\/\/dicodusport.fr\/blog\/#organization"},"image":{"@id":"https:\/\/dicodusport.fr\/blog\/le-tour-des-flandres-et-paris-roubaix-bientot-en-fin-de-saison\/#primaryimage"},"thumbnailUrl":"https:\/\/dicodusport.fr\/blog\/wp-content\/uploads\/2022\/04\/Le-Tour-des-Flandres-et-Paris-Roubaix-bientot-en-fin-de-saison-.png","keywords":["David Lappartient","Paris-Roubaix","Tour des Flandres"],"articleSection":["Cyclisme"],"inLanguage":"fr-FR","potentialAction":[{"@type":"CommentAction","name":"Comment","target":["https:\/\/dicodusport.fr\/blog\/le-tour-des-flandres-et-paris-roubaix-bientot-en-fin-de-saison\/#respond"]}],"copyrightYear":"2022","copyrightHolder":{"@id":"https:\/\/dicodusport.fr\/blog\/#organization"}},{"@type":"WebPage","@id":"https:\/\/dicodusport.fr\/blog\/le-tour-des-flandres-et-paris-roubaix-bientot-en-fin-de-saison\/","url":"https:\/\/dicodusport.fr\/blog\/le-tour-des-flandres-et-paris-roubaix-bientot-en-fin-de-saison\/","name":"Le Tour des Flandres et Paris-Roubaix bient\u00f4t en fin de saison ?","isPartOf":{"@id":"https:\/\/dicodusport.fr\/blog\/#website"},"primaryImageOfPage":{"@id":"https:\/\/dicodusport.fr\/blog\/le-tour-des-flandres-et-paris-roubaix-bientot-en-fin-de-saison\/#primaryimage"},"image":{"@id":"https:\/\/dicodusport.fr\/blog\/le-tour-des-flandres-et-paris-roubaix-bientot-en-fin-de-saison\/#primaryimage"},"thumbnailUrl":"https:\/\/dicodusport.fr\/blog\/wp-content\/uploads\/2022\/04\/Le-Tour-des-Flandres-et-Paris-Roubaix-bientot-en-fin-de-saison-.png","datePublished":"2022-04-15T06:57:47+00:00","dateModified":"2022-04-15T11:05:07+00:00","description":"Dans un entretien accord\u00e9 \u00e0 Wielerflits, David Lappartient n'a pas \u00e9cart\u00e9 l'id\u00e9e de placer le Tour des Flandres et Paris-Roubaix en fin de saison.","breadcrumb":{"@id":"https:\/\/dicodusport.fr\/blog\/le-tour-des-flandres-et-paris-roubaix-bientot-en-fin-de-saison\/#breadcrumb"},"inLanguage":"fr-FR","potentialAction":[{"@type":"ReadAction","target":["https:\/\/dicodusport.fr\/blog\/le-tour-des-flandres-et-paris-roubaix-bientot-en-fin-de-saison\/"]}]},{"@type":"ImageObject","inLanguage":"fr-FR","@id":"https:\/\/dicodusport.fr\/blog\/le-tour-des-flandres-et-paris-roubaix-bientot-en-fin-de-saison\/#primaryimage","url":"https:\/\/dicodusport.fr\/blog\/wp-content\/uploads\/2022\/04\/Le-Tour-des-Flandres-et-Paris-Roubaix-bientot-en-fin-de-saison-.png","contentUrl":"https:\/\/dicodusport.fr\/blog\/wp-content\/uploads\/2022\/04\/Le-Tour-des-Flandres-et-Paris-Roubaix-bientot-en-fin-de-saison-.png","width":800,"height":445,"caption":"Le Tour des Flandres et Paris-Roubaix bient\u00f4t en fin de saison"},{"@type":"BreadcrumbList","@id":"https:\/\/dicodusport.fr\/blog\/le-tour-des-flandres-et-paris-roubaix-bientot-en-fin-de-saison\/#breadcrumb","itemListElement":[{"@type":"ListItem","position":1,"name":"Accueil","item":"https:\/\/dicodusport.fr\/blog\/"},{"@type":"ListItem","position":2,"name":"Le Tour des Flandres et Paris-Roubaix bient\u00f4t en fin de saison ?"}]},{"@type":"WebSite","@id":"https:\/\/dicodusport.fr\/blog\/#website","url":"https:\/\/dicodusport.fr\/blog\/","name":"Dicodusport","description":"L&#039;encyclop\u00e9die de l&#039;actualit\u00e9 sportive","publisher":{"@id":"https:\/\/dicodusport.fr\/blog\/#organization"},"potentialAction":[{"@type":"SearchAction","target":{"@type":"EntryPoint","urlTemplate":"https:\/\/dicodusport.fr\/blog\/?s={search_term_string}"},"query-input":{"@type":"PropertyValueSpecification","valueRequired":true,"valueName":"search_term_string"}}],"inLanguage":"fr-FR"},{"@type":"NewsMediaOrganization","@id":"https:\/\/dicodusport.fr\/blog\/#organization","name":"Dicodusport","url":"https:\/\/dicodusport.fr\/blog\/","logo":{"@type":"ImageObject","inLanguage":"fr-FR","@id":"https:\/\/dicodusport.fr\/blog\/#\/schema\/logo\/image\/","url":"https:\/\/dicodusport.fr\/blog\/wp-content\/uploads\/2020\/06\/cropped-LOGO-DICODUSPORT-2020-SANS-FOND-SANS-TEXTE.png","contentUrl":"https:\/\/dicodusport.fr\/blog\/wp-content\/uploads\/2020\/06\/cropped-LOGO-DICODUSPORT-2020-SANS-FOND-SANS-TEXTE.png","width":512,"height":512,"caption":"Dicodusport"},"image":{"@id":"https:\/\/dicodusport.fr\/blog\/#\/schema\/logo\/image\/"},"sameAs":["https:\/\/www.facebook.com\/dicodusport","https:\/\/x.com\/dicodusport","https:\/\/www.instagram.com\/dicodusport\/","https:\/\/www.youtube.com\/channel\/UC7V2KZ5sd3htJivAbA4ZG3w"],"description":"Dicodusport est l'encyclop\u00e9die de l'actualit\u00e9 sportive.","email":"bonjour@dicodusport.fr","legalName":"DICODUSPORT","foundingDate":"2018-01-14","vatID":"FR71834470973","taxID":"83447097300043","numberOfEmployees":{"@type":"QuantitativeValue","minValue":"1","maxValue":"10"}},{"@type":"Person","@id":"https:\/\/dicodusport.fr\/blog\/#\/schema\/person\/cb02af4c173ce4a653b55e9baf388d4a","name":"Flo Ostermann","image":{"@type":"ImageObject","inLanguage":"fr-FR","@id":"https:\/\/dicodusport.fr\/blog\/#\/schema\/person\/image\/","url":"https:\/\/dicodusport.fr\/blog\/wp-content\/uploads\/2021\/05\/Flo-Ostermann-150x150.jpg","contentUrl":"https:\/\/dicodusport.fr\/blog\/wp-content\/uploads\/2021\/05\/Flo-Ostermann-150x150.jpg","caption":"Flo Ostermann"},"description":"Journaliste\/R\u00e9dacteur depuis septembre 2015 - Mes premiers souvenirs dans le sport ? Les envol\u00e9es du Stade Toulousain et les duels Villeneuve-Schumacher et H\u00e4kkinen-Schumacher \u00e0 la fin des ann\u00e9es 90, la Coupe du monde de football en 1998, l\u2019exploit du XV de France face aux All Blacks en 1999, mais aussi Richard C\u0153ur de Lion qui vole sur les montagnes du Tour de France. Bien parti pour devenir professeur d\u2019EPS, les \u00e9v\u00e9nements de la vie (et la flemme d\u2019animer des s\u00e9ances de 3x500 m\u00e8tres toute ma vie) m\u2019ont conduit \u00e0 revoir mes plans. Me voil\u00e0 depuis fin 2017 sur Dicodusport, m\u00e9dia gr\u00e2ce (et pour) lequel je partage ma passion : le sport dans tous ses \u00e9tats. Le tout accompagn\u00e9 par les fous furieux et folles furieuses cit\u00e9s sur cette page !","sameAs":["https:\/\/www.facebook.com\/florent.ostermann","https:\/\/x.com\/https:\/\/twitter.com\/FlOstermann","admin"],"url":"https:\/\/dicodusport.fr\/blog\/author\/flo\/"}]}},"_links":{"self":[{"href":"https:\/\/dicodusport.fr\/blog\/wp-json\/wp\/v2\/posts\/216085","targetHints":{"allow":["GET"]}}],"collection":[{"href":"https:\/\/dicodusport.fr\/blog\/wp-json\/wp\/v2\/posts"}],"about":[{"href":"https:\/\/dicodusport.fr\/blog\/wp-json\/wp\/v2\/types\/post"}],"author":[{"embeddable":true,"href":"https:\/\/dicodusport.fr\/blog\/wp-json\/wp\/v2\/users\/4"}],"replies":[{"embeddable":true,"href":"https:\/\/dicodusport.fr\/blog\/wp-json\/wp\/v2\/comments?post=216085"}],"version-history":[{"count":0,"href":"https:\/\/dicodusport.fr\/blog\/wp-json\/wp\/v2\/posts\/216085\/revisions"}],"wp:featuredmedia":[{"embeddable":true,"href":"https:\/\/dicodusport.fr\/blog\/wp-json\/wp\/v2\/media\/216087"}],"wp:attachment":[{"href":"https:\/\/dicodusport.fr\/blog\/wp-json\/wp\/v2\/media?parent=216085"}],"wp:term":[{"taxonomy":"category","embeddable":true,"href":"https:\/\/dicodusport.fr\/blog\/wp-json\/wp\/v2\/categories?post=216085"},{"taxonomy":"post_tag","embeddable":true,"href":"https:\/\/dicodusport.fr\/blog\/wp-json\/wp\/v2\/tags?post=216085"}],"curies":[{"name":"wp","href":"https:\/\/api.w.org\/{rel}","templated":true}]}}