{"id":216108,"date":"2022-04-15T12:30:11","date_gmt":"2022-04-15T10:30:11","guid":{"rendered":"https:\/\/dicodusport.fr\/blog\/?p=216108&#038;preview=true&#038;preview_id=216108"},"modified":"2022-04-15T15:40:22","modified_gmt":"2022-04-15T13:40:22","slug":"pablo-matera-ne-reviendra-pas-au-stade-francais","status":"publish","type":"post","link":"https:\/\/dicodusport.fr\/blog\/pablo-matera-ne-reviendra-pas-au-stade-francais\/","title":{"rendered":"Pablo Matera ne reviendra pas au Stade Fran\u00e7ais"},"content":{"rendered":"<p style=\"text-align: justify;\"><b><i>TOP 14 &#8211; Selon RMC Sport, l&rsquo;Argentin Pablo Matera ne fera pas son retour au Stade Fran\u00e7ais la saison prochaine, comme pr\u00e9vu initialement.\u00a0<\/i><\/b><\/p>\n<p style=\"text-align: justify;\">Le troisi\u00e8me ligne international argentin, <strong>Pablo Matera<\/strong>, devait \u00e9voluer avec les Crusaders en Super Rugby cette saison, avant de revenir dans la capitale fran\u00e7aise. Mais le <strong>Stade Fran\u00e7ais<\/strong> ne voudrait finalement pas voir <strong>Pablo Matera<\/strong> faire son retour, en raison notamment de son manque de disponibilit\u00e9, li\u00e9e aux rassemblements avec la s\u00e9lection argentine. L&rsquo;autre raison est que le club travaille sur le recrutement du troisi\u00e8me ligne de Biarritz, <strong>Mathieu Hirigoyen<\/strong>, pour les prochaines saisons. O\u00f9 \u00e9voluera <strong>Pablo Matera<\/strong> la saison prochaine ? Pour l&rsquo;instant, pas de r\u00e9ponse. Sauf retournement de situation, \u00e7a ne sera pas au Stade Fran\u00e7ais.<\/p>\n<blockquote class=\"twitter-tweet\">\n<p dir=\"ltr\" lang=\"fr\">Stade Fran\u00e7ais : Matera ne reviendra pas <a href=\"https:\/\/t.co\/ojRMdLpkYd\">https:\/\/t.co\/ojRMdLpkYd<\/a> via <a href=\"https:\/\/twitter.com\/RMCsport?ref_src=twsrc%5Etfw\">@RMCsport<\/a><\/p>\n<p>\u2014 JF Paturaud (@JFPaturaud) <a href=\"https:\/\/twitter.com\/JFPaturaud\/status\/1514877080856580105?ref_src=twsrc%5Etfw\">April 15, 2022<\/a><\/p><\/blockquote>\n<p><script async src=\"https:\/\/platform.twitter.com\/widgets.js\" charset=\"utf-8\"><\/script><\/p>\n","protected":false},"excerpt":{"rendered":"<p>TOP 14 &#8211; Selon RMC Sport, l&rsquo;Argentin Pablo Matera ne fera pas son retour au Stade Fran\u00e7ais la saison prochaine, comme pr\u00e9vu initialement.\u00a0<\/p>\n","protected":false},"author":1,"featured_media":216109,"comment_status":"open","ping_status":"closed","sticky":false,"template":"","format":"standard","meta":{"_acf_changed":false,"_daextam_enable_autolinks":"","footnotes":""},"categories":[47050],"tags":[3076],"class_list":["post-216108","post","type-post","status-publish","format-standard","has-post-thumbnail","hentry","category-top-14","tag-stade-francais"],"acf":[],"yoast_head":"<!-- This site is optimized with the Yoast SEO Premium plugin v26.7 (Yoast SEO v26.7) - https:\/\/yoast.com\/wordpress\/plugins\/seo\/ -->\n<title>Pablo Matera ne reviendra pas au Stade Fran\u00e7ais<\/title>\n<meta name=\"description\" content=\"TOP 14 - Selon RMC Sport, l&#039;Argentin Pablo Matera ne fera pas son retour au Stade Fran\u00e7ais la saison prochaine, comme pr\u00e9vu initialement.\u00a0\" \/>\n<meta name=\"robots\" content=\"index, follow, max-snippet:-1, max-image-preview:large, max-video-preview:-1\" \/>\n<link rel=\"canonical\" href=\"https:\/\/dicodusport.fr\/blog\/pablo-matera-ne-reviendra-pas-au-stade-francais\/\" \/>\n<meta property=\"og:locale\" content=\"fr_FR\" \/>\n<meta property=\"og:type\" content=\"article\" \/>\n<meta property=\"og:title\" content=\"Pablo Matera ne reviendra pas au Stade Fran\u00e7ais\" \/>\n<meta property=\"og:description\" content=\"TOP 14 - Selon RMC Sport, l&#039;Argentin Pablo Matera ne fera pas son retour au Stade Fran\u00e7ais la saison prochaine, comme pr\u00e9vu initialement.\u00a0\" \/>\n<meta property=\"og:url\" content=\"https:\/\/dicodusport.fr\/blog\/pablo-matera-ne-reviendra-pas-au-stade-francais\/\" \/>\n<meta property=\"og:site_name\" content=\"Dicodusport\" \/>\n<meta property=\"article:publisher\" content=\"https:\/\/www.facebook.com\/dicodusport\" \/>\n<meta property=\"article:author\" content=\"https:\/\/www.facebook.com\/dicodusport\" \/>\n<meta property=\"article:published_time\" content=\"2022-04-15T10:30:11+00:00\" \/>\n<meta property=\"article:modified_time\" content=\"2022-04-15T13:40:22+00:00\" \/>\n<meta property=\"og:image\" content=\"https:\/\/dicodusport.fr\/blog\/wp-content\/uploads\/2022\/04\/Pablo-Matera-ne-reviendra-pas-au-Stade-Franc\u0327ais.png\" \/>\n\t<meta property=\"og:image:width\" content=\"800\" \/>\n\t<meta property=\"og:image:height\" content=\"445\" \/>\n\t<meta property=\"og:image:type\" content=\"image\/png\" \/>\n<meta name=\"author\" content=\"Nicolas Jacquemard\" \/>\n<meta name=\"twitter:card\" content=\"summary_large_image\" \/>\n<meta name=\"twitter:title\" content=\"Pablo Matera ne reviendra pas au Stade Fran\u00e7ais\" \/>\n<meta name=\"twitter:creator\" content=\"@https:\/\/twitter.com\/Nico_Jacquemard\" \/>\n<meta name=\"twitter:site\" content=\"@dicodusport\" \/>\n<script type=\"application\/ld+json\" class=\"yoast-schema-graph\">{\"@context\":\"https:\/\/schema.org\",\"@graph\":[{\"@type\":\"NewsArticle\",\"@id\":\"https:\/\/dicodusport.fr\/blog\/pablo-matera-ne-reviendra-pas-au-stade-francais\/#article\",\"isPartOf\":{\"@id\":\"https:\/\/dicodusport.fr\/blog\/pablo-matera-ne-reviendra-pas-au-stade-francais\/\"},\"author\":{\"name\":\"Nicolas Jacquemard\",\"@id\":\"https:\/\/dicodusport.fr\/blog\/#\/schema\/person\/55dcb50ad410894e431ed812bbb70191\"},\"headline\":\"Pablo Matera ne reviendra pas au Stade Fran\u00e7ais\",\"datePublished\":\"2022-04-15T10:30:11+00:00\",\"dateModified\":\"2022-04-15T13:40:22+00:00\",\"mainEntityOfPage\":{\"@id\":\"https:\/\/dicodusport.fr\/blog\/pablo-matera-ne-reviendra-pas-au-stade-francais\/\"},\"wordCount\":158,\"commentCount\":0,\"publisher\":{\"@id\":\"https:\/\/dicodusport.fr\/blog\/#organization\"},\"image\":{\"@id\":\"https:\/\/dicodusport.fr\/blog\/pablo-matera-ne-reviendra-pas-au-stade-francais\/#primaryimage\"},\"thumbnailUrl\":\"https:\/\/dicodusport.fr\/blog\/wp-content\/uploads\/2022\/04\/Pablo-Matera-ne-reviendra-pas-au-Stade-Franc\u0327ais.png\",\"keywords\":[\"Stade Fran\u00e7ais\"],\"articleSection\":[\"Top 14\"],\"inLanguage\":\"fr-FR\",\"potentialAction\":[{\"@type\":\"CommentAction\",\"name\":\"Comment\",\"target\":[\"https:\/\/dicodusport.fr\/blog\/pablo-matera-ne-reviendra-pas-au-stade-francais\/#respond\"]}],\"copyrightYear\":\"2022\",\"copyrightHolder\":{\"@id\":\"https:\/\/dicodusport.fr\/blog\/#organization\"}},{\"@type\":\"WebPage\",\"@id\":\"https:\/\/dicodusport.fr\/blog\/pablo-matera-ne-reviendra-pas-au-stade-francais\/\",\"url\":\"https:\/\/dicodusport.fr\/blog\/pablo-matera-ne-reviendra-pas-au-stade-francais\/\",\"name\":\"Pablo Matera ne reviendra pas au Stade Fran\u00e7ais\",\"isPartOf\":{\"@id\":\"https:\/\/dicodusport.fr\/blog\/#website\"},\"primaryImageOfPage\":{\"@id\":\"https:\/\/dicodusport.fr\/blog\/pablo-matera-ne-reviendra-pas-au-stade-francais\/#primaryimage\"},\"image\":{\"@id\":\"https:\/\/dicodusport.fr\/blog\/pablo-matera-ne-reviendra-pas-au-stade-francais\/#primaryimage\"},\"thumbnailUrl\":\"https:\/\/dicodusport.fr\/blog\/wp-content\/uploads\/2022\/04\/Pablo-Matera-ne-reviendra-pas-au-Stade-Franc\u0327ais.png\",\"datePublished\":\"2022-04-15T10:30:11+00:00\",\"dateModified\":\"2022-04-15T13:40:22+00:00\",\"description\":\"TOP 14 - Selon RMC Sport, l'Argentin Pablo Matera ne fera pas son retour au Stade Fran\u00e7ais la saison prochaine, comme pr\u00e9vu initialement.\u00a0\",\"breadcrumb\":{\"@id\":\"https:\/\/dicodusport.fr\/blog\/pablo-matera-ne-reviendra-pas-au-stade-francais\/#breadcrumb\"},\"inLanguage\":\"fr-FR\",\"potentialAction\":[{\"@type\":\"ReadAction\",\"target\":[\"https:\/\/dicodusport.fr\/blog\/pablo-matera-ne-reviendra-pas-au-stade-francais\/\"]}]},{\"@type\":\"ImageObject\",\"inLanguage\":\"fr-FR\",\"@id\":\"https:\/\/dicodusport.fr\/blog\/pablo-matera-ne-reviendra-pas-au-stade-francais\/#primaryimage\",\"url\":\"https:\/\/dicodusport.fr\/blog\/wp-content\/uploads\/2022\/04\/Pablo-Matera-ne-reviendra-pas-au-Stade-Franc\u0327ais.png\",\"contentUrl\":\"https:\/\/dicodusport.fr\/blog\/wp-content\/uploads\/2022\/04\/Pablo-Matera-ne-reviendra-pas-au-Stade-Franc\u0327ais.png\",\"width\":800,\"height\":445},{\"@type\":\"BreadcrumbList\",\"@id\":\"https:\/\/dicodusport.fr\/blog\/pablo-matera-ne-reviendra-pas-au-stade-francais\/#breadcrumb\",\"itemListElement\":[{\"@type\":\"ListItem\",\"position\":1,\"name\":\"Accueil\",\"item\":\"https:\/\/dicodusport.fr\/blog\/\"},{\"@type\":\"ListItem\",\"position\":2,\"name\":\"Pablo Matera ne reviendra pas au Stade Fran\u00e7ais\"}]},{\"@type\":\"WebSite\",\"@id\":\"https:\/\/dicodusport.fr\/blog\/#website\",\"url\":\"https:\/\/dicodusport.fr\/blog\/\",\"name\":\"Dicodusport\",\"description\":\"L&#039;encyclop\u00e9die de l&#039;actualit\u00e9 sportive\",\"publisher\":{\"@id\":\"https:\/\/dicodusport.fr\/blog\/#organization\"},\"potentialAction\":[{\"@type\":\"SearchAction\",\"target\":{\"@type\":\"EntryPoint\",\"urlTemplate\":\"https:\/\/dicodusport.fr\/blog\/?s={search_term_string}\"},\"query-input\":{\"@type\":\"PropertyValueSpecification\",\"valueRequired\":true,\"valueName\":\"search_term_string\"}}],\"inLanguage\":\"fr-FR\"},{\"@type\":\"NewsMediaOrganization\",\"@id\":\"https:\/\/dicodusport.fr\/blog\/#organization\",\"name\":\"Dicodusport\",\"url\":\"https:\/\/dicodusport.fr\/blog\/\",\"logo\":{\"@type\":\"ImageObject\",\"inLanguage\":\"fr-FR\",\"@id\":\"https:\/\/dicodusport.fr\/blog\/#\/schema\/logo\/image\/\",\"url\":\"https:\/\/dicodusport.fr\/blog\/wp-content\/uploads\/2020\/06\/cropped-LOGO-DICODUSPORT-2020-SANS-FOND-SANS-TEXTE.png\",\"contentUrl\":\"https:\/\/dicodusport.fr\/blog\/wp-content\/uploads\/2020\/06\/cropped-LOGO-DICODUSPORT-2020-SANS-FOND-SANS-TEXTE.png\",\"width\":512,\"height\":512,\"caption\":\"Dicodusport\"},\"image\":{\"@id\":\"https:\/\/dicodusport.fr\/blog\/#\/schema\/logo\/image\/\"},\"sameAs\":[\"https:\/\/www.facebook.com\/dicodusport\",\"https:\/\/x.com\/dicodusport\",\"https:\/\/www.instagram.com\/dicodusport\/\",\"https:\/\/www.youtube.com\/channel\/UC7V2KZ5sd3htJivAbA4ZG3w\"],\"description\":\"Dicodusport est l'encyclop\u00e9die de l'actualit\u00e9 sportive.\",\"email\":\"bonjour@dicodusport.fr\",\"legalName\":\"DICODUSPORT\",\"foundingDate\":\"2018-01-14\",\"vatID\":\"FR71834470973\",\"taxID\":\"83447097300043\",\"numberOfEmployees\":{\"@type\":\"QuantitativeValue\",\"minValue\":\"1\",\"maxValue\":\"10\"}},{\"@type\":\"Person\",\"@id\":\"https:\/\/dicodusport.fr\/blog\/#\/schema\/person\/55dcb50ad410894e431ed812bbb70191\",\"name\":\"Nicolas Jacquemard\",\"image\":{\"@type\":\"ImageObject\",\"inLanguage\":\"fr-FR\",\"@id\":\"https:\/\/dicodusport.fr\/blog\/#\/schema\/person\/image\/\",\"url\":\"https:\/\/dicodusport.fr\/blog\/wp-content\/uploads\/2021\/05\/Nicolas-Jacquemard-150x150.jpeg\",\"contentUrl\":\"https:\/\/dicodusport.fr\/blog\/wp-content\/uploads\/2021\/05\/Nicolas-Jacquemard-150x150.jpeg\",\"caption\":\"Nicolas Jacquemard\"},\"description\":\"Passionn\u00e9 de sport et entrepreneur depuis mes 18 ans, la cr\u00e9ation de Dicodusport m'a sembl\u00e9 \u00e9vidente pour participer \u00e0 la m\u00e9diatisation d'un plus grand nombre de sports. Le chemin est long mais avec une \u00e9quipe des plus motiv\u00e9es et les Jeux Olympiques de Paris 2024 en point de mire, nous y arriverons ! Journaliste dans le monde du sport depuis plus de 5 ans, je traite aussi bien de football, de rugby, de biathlon que de cyclisme.\",\"sameAs\":[\"https:\/\/www.facebook.com\/dicodusport\",\"https:\/\/x.com\/https:\/\/twitter.com\/Nico_Jacquemard\"],\"url\":\"https:\/\/dicodusport.fr\/blog\/author\/dicodusport\/\"}]}<\/script>\n<!-- \/ Yoast SEO Premium plugin. -->","yoast_head_json":{"title":"Pablo Matera ne reviendra pas au Stade Fran\u00e7ais","description":"TOP 14 - Selon RMC Sport, l'Argentin Pablo Matera ne fera pas son retour au Stade Fran\u00e7ais la saison prochaine, comme pr\u00e9vu initialement.\u00a0","robots":{"index":"index","follow":"follow","max-snippet":"max-snippet:-1","max-image-preview":"max-image-preview:large","max-video-preview":"max-video-preview:-1"},"canonical":"https:\/\/dicodusport.fr\/blog\/pablo-matera-ne-reviendra-pas-au-stade-francais\/","og_locale":"fr_FR","og_type":"article","og_title":"Pablo Matera ne reviendra pas au Stade Fran\u00e7ais","og_description":"TOP 14 - Selon RMC Sport, l'Argentin Pablo Matera ne fera pas son retour au Stade Fran\u00e7ais la saison prochaine, comme pr\u00e9vu initialement.\u00a0","og_url":"https:\/\/dicodusport.fr\/blog\/pablo-matera-ne-reviendra-pas-au-stade-francais\/","og_site_name":"Dicodusport","article_publisher":"https:\/\/www.facebook.com\/dicodusport","article_author":"https:\/\/www.facebook.com\/dicodusport","article_published_time":"2022-04-15T10:30:11+00:00","article_modified_time":"2022-04-15T13:40:22+00:00","og_image":[{"width":800,"height":445,"url":"https:\/\/dicodusport.fr\/blog\/wp-content\/uploads\/2022\/04\/Pablo-Matera-ne-reviendra-pas-au-Stade-Franc\u0327ais.png","type":"image\/png"}],"author":"Nicolas Jacquemard","twitter_card":"summary_large_image","twitter_title":"Pablo Matera ne reviendra pas au Stade Fran\u00e7ais","twitter_creator":"@https:\/\/twitter.com\/Nico_Jacquemard","twitter_site":"@dicodusport","schema":{"@context":"https:\/\/schema.org","@graph":[{"@type":"NewsArticle","@id":"https:\/\/dicodusport.fr\/blog\/pablo-matera-ne-reviendra-pas-au-stade-francais\/#article","isPartOf":{"@id":"https:\/\/dicodusport.fr\/blog\/pablo-matera-ne-reviendra-pas-au-stade-francais\/"},"author":{"name":"Nicolas Jacquemard","@id":"https:\/\/dicodusport.fr\/blog\/#\/schema\/person\/55dcb50ad410894e431ed812bbb70191"},"headline":"Pablo Matera ne reviendra pas au Stade Fran\u00e7ais","datePublished":"2022-04-15T10:30:11+00:00","dateModified":"2022-04-15T13:40:22+00:00","mainEntityOfPage":{"@id":"https:\/\/dicodusport.fr\/blog\/pablo-matera-ne-reviendra-pas-au-stade-francais\/"},"wordCount":158,"commentCount":0,"publisher":{"@id":"https:\/\/dicodusport.fr\/blog\/#organization"},"image":{"@id":"https:\/\/dicodusport.fr\/blog\/pablo-matera-ne-reviendra-pas-au-stade-francais\/#primaryimage"},"thumbnailUrl":"https:\/\/dicodusport.fr\/blog\/wp-content\/uploads\/2022\/04\/Pablo-Matera-ne-reviendra-pas-au-Stade-Franc\u0327ais.png","keywords":["Stade Fran\u00e7ais"],"articleSection":["Top 14"],"inLanguage":"fr-FR","potentialAction":[{"@type":"CommentAction","name":"Comment","target":["https:\/\/dicodusport.fr\/blog\/pablo-matera-ne-reviendra-pas-au-stade-francais\/#respond"]}],"copyrightYear":"2022","copyrightHolder":{"@id":"https:\/\/dicodusport.fr\/blog\/#organization"}},{"@type":"WebPage","@id":"https:\/\/dicodusport.fr\/blog\/pablo-matera-ne-reviendra-pas-au-stade-francais\/","url":"https:\/\/dicodusport.fr\/blog\/pablo-matera-ne-reviendra-pas-au-stade-francais\/","name":"Pablo Matera ne reviendra pas au Stade Fran\u00e7ais","isPartOf":{"@id":"https:\/\/dicodusport.fr\/blog\/#website"},"primaryImageOfPage":{"@id":"https:\/\/dicodusport.fr\/blog\/pablo-matera-ne-reviendra-pas-au-stade-francais\/#primaryimage"},"image":{"@id":"https:\/\/dicodusport.fr\/blog\/pablo-matera-ne-reviendra-pas-au-stade-francais\/#primaryimage"},"thumbnailUrl":"https:\/\/dicodusport.fr\/blog\/wp-content\/uploads\/2022\/04\/Pablo-Matera-ne-reviendra-pas-au-Stade-Franc\u0327ais.png","datePublished":"2022-04-15T10:30:11+00:00","dateModified":"2022-04-15T13:40:22+00:00","description":"TOP 14 - Selon RMC Sport, l'Argentin Pablo Matera ne fera pas son retour au Stade Fran\u00e7ais la saison prochaine, comme pr\u00e9vu initialement.\u00a0","breadcrumb":{"@id":"https:\/\/dicodusport.fr\/blog\/pablo-matera-ne-reviendra-pas-au-stade-francais\/#breadcrumb"},"inLanguage":"fr-FR","potentialAction":[{"@type":"ReadAction","target":["https:\/\/dicodusport.fr\/blog\/pablo-matera-ne-reviendra-pas-au-stade-francais\/"]}]},{"@type":"ImageObject","inLanguage":"fr-FR","@id":"https:\/\/dicodusport.fr\/blog\/pablo-matera-ne-reviendra-pas-au-stade-francais\/#primaryimage","url":"https:\/\/dicodusport.fr\/blog\/wp-content\/uploads\/2022\/04\/Pablo-Matera-ne-reviendra-pas-au-Stade-Franc\u0327ais.png","contentUrl":"https:\/\/dicodusport.fr\/blog\/wp-content\/uploads\/2022\/04\/Pablo-Matera-ne-reviendra-pas-au-Stade-Franc\u0327ais.png","width":800,"height":445},{"@type":"BreadcrumbList","@id":"https:\/\/dicodusport.fr\/blog\/pablo-matera-ne-reviendra-pas-au-stade-francais\/#breadcrumb","itemListElement":[{"@type":"ListItem","position":1,"name":"Accueil","item":"https:\/\/dicodusport.fr\/blog\/"},{"@type":"ListItem","position":2,"name":"Pablo Matera ne reviendra pas au Stade Fran\u00e7ais"}]},{"@type":"WebSite","@id":"https:\/\/dicodusport.fr\/blog\/#website","url":"https:\/\/dicodusport.fr\/blog\/","name":"Dicodusport","description":"L&#039;encyclop\u00e9die de l&#039;actualit\u00e9 sportive","publisher":{"@id":"https:\/\/dicodusport.fr\/blog\/#organization"},"potentialAction":[{"@type":"SearchAction","target":{"@type":"EntryPoint","urlTemplate":"https:\/\/dicodusport.fr\/blog\/?s={search_term_string}"},"query-input":{"@type":"PropertyValueSpecification","valueRequired":true,"valueName":"search_term_string"}}],"inLanguage":"fr-FR"},{"@type":"NewsMediaOrganization","@id":"https:\/\/dicodusport.fr\/blog\/#organization","name":"Dicodusport","url":"https:\/\/dicodusport.fr\/blog\/","logo":{"@type":"ImageObject","inLanguage":"fr-FR","@id":"https:\/\/dicodusport.fr\/blog\/#\/schema\/logo\/image\/","url":"https:\/\/dicodusport.fr\/blog\/wp-content\/uploads\/2020\/06\/cropped-LOGO-DICODUSPORT-2020-SANS-FOND-SANS-TEXTE.png","contentUrl":"https:\/\/dicodusport.fr\/blog\/wp-content\/uploads\/2020\/06\/cropped-LOGO-DICODUSPORT-2020-SANS-FOND-SANS-TEXTE.png","width":512,"height":512,"caption":"Dicodusport"},"image":{"@id":"https:\/\/dicodusport.fr\/blog\/#\/schema\/logo\/image\/"},"sameAs":["https:\/\/www.facebook.com\/dicodusport","https:\/\/x.com\/dicodusport","https:\/\/www.instagram.com\/dicodusport\/","https:\/\/www.youtube.com\/channel\/UC7V2KZ5sd3htJivAbA4ZG3w"],"description":"Dicodusport est l'encyclop\u00e9die de l'actualit\u00e9 sportive.","email":"bonjour@dicodusport.fr","legalName":"DICODUSPORT","foundingDate":"2018-01-14","vatID":"FR71834470973","taxID":"83447097300043","numberOfEmployees":{"@type":"QuantitativeValue","minValue":"1","maxValue":"10"}},{"@type":"Person","@id":"https:\/\/dicodusport.fr\/blog\/#\/schema\/person\/55dcb50ad410894e431ed812bbb70191","name":"Nicolas Jacquemard","image":{"@type":"ImageObject","inLanguage":"fr-FR","@id":"https:\/\/dicodusport.fr\/blog\/#\/schema\/person\/image\/","url":"https:\/\/dicodusport.fr\/blog\/wp-content\/uploads\/2021\/05\/Nicolas-Jacquemard-150x150.jpeg","contentUrl":"https:\/\/dicodusport.fr\/blog\/wp-content\/uploads\/2021\/05\/Nicolas-Jacquemard-150x150.jpeg","caption":"Nicolas Jacquemard"},"description":"Passionn\u00e9 de sport et entrepreneur depuis mes 18 ans, la cr\u00e9ation de Dicodusport m'a sembl\u00e9 \u00e9vidente pour participer \u00e0 la m\u00e9diatisation d'un plus grand nombre de sports. Le chemin est long mais avec une \u00e9quipe des plus motiv\u00e9es et les Jeux Olympiques de Paris 2024 en point de mire, nous y arriverons ! Journaliste dans le monde du sport depuis plus de 5 ans, je traite aussi bien de football, de rugby, de biathlon que de cyclisme.","sameAs":["https:\/\/www.facebook.com\/dicodusport","https:\/\/x.com\/https:\/\/twitter.com\/Nico_Jacquemard"],"url":"https:\/\/dicodusport.fr\/blog\/author\/dicodusport\/"}]}},"_links":{"self":[{"href":"https:\/\/dicodusport.fr\/blog\/wp-json\/wp\/v2\/posts\/216108","targetHints":{"allow":["GET"]}}],"collection":[{"href":"https:\/\/dicodusport.fr\/blog\/wp-json\/wp\/v2\/posts"}],"about":[{"href":"https:\/\/dicodusport.fr\/blog\/wp-json\/wp\/v2\/types\/post"}],"author":[{"embeddable":true,"href":"https:\/\/dicodusport.fr\/blog\/wp-json\/wp\/v2\/users\/1"}],"replies":[{"embeddable":true,"href":"https:\/\/dicodusport.fr\/blog\/wp-json\/wp\/v2\/comments?post=216108"}],"version-history":[{"count":0,"href":"https:\/\/dicodusport.fr\/blog\/wp-json\/wp\/v2\/posts\/216108\/revisions"}],"wp:featuredmedia":[{"embeddable":true,"href":"https:\/\/dicodusport.fr\/blog\/wp-json\/wp\/v2\/media\/216109"}],"wp:attachment":[{"href":"https:\/\/dicodusport.fr\/blog\/wp-json\/wp\/v2\/media?parent=216108"}],"wp:term":[{"taxonomy":"category","embeddable":true,"href":"https:\/\/dicodusport.fr\/blog\/wp-json\/wp\/v2\/categories?post=216108"},{"taxonomy":"post_tag","embeddable":true,"href":"https:\/\/dicodusport.fr\/blog\/wp-json\/wp\/v2\/tags?post=216108"}],"curies":[{"name":"wp","href":"https:\/\/api.w.org\/{rel}","templated":true}]}}