{"id":21627,"date":"2018-07-07T15:14:26","date_gmt":"2018-07-07T13:14:26","guid":{"rendered":"http:\/\/dicodusport.fr\/blog\/?p=21627"},"modified":"2018-07-07T15:15:29","modified_gmt":"2018-07-07T13:15:29","slug":"tour-de-france-les-coureurs-en-5-chiffres","status":"publish","type":"post","link":"https:\/\/dicodusport.fr\/blog\/tour-de-france-les-coureurs-en-5-chiffres\/","title":{"rendered":"Tour de France : Les coureurs en 5 chiffres"},"content":{"rendered":"<p style=\"text-align: justify;\"><em><strong>Ils sont 176 for\u00e7ats \u00e0 avoir pris le d\u00e9part de la premi\u00e8re \u00e9tape du Tour de France 2018. Pour l&rsquo;occasion, nous avons d\u00e9cid\u00e9 de nous pencher sur les statistiques des participants qui ont attir\u00e9 notre attention.\u00a0<\/strong><\/em><\/p>\n<h1>4<\/h1>\n<div id=\"attachment_21456\" style=\"width: 867px\" class=\"wp-caption aligncenter\"><img loading=\"lazy\" decoding=\"async\" aria-describedby=\"caption-attachment-21456\" class=\"wp-image-21456 \" src=\"http:\/\/dicodusport.fr\/blog\/wp-content\/uploads\/2018\/07\/Romain-Bardet-2018.jpg\" alt=\"\" width=\"857\" height=\"483\" srcset=\"https:\/\/dicodusport.fr\/blog\/wp-content\/uploads\/2018\/07\/Romain-Bardet-2018.jpg 1187w, https:\/\/dicodusport.fr\/blog\/wp-content\/uploads\/2018\/07\/Romain-Bardet-2018-300x169.jpg 300w, https:\/\/dicodusport.fr\/blog\/wp-content\/uploads\/2018\/07\/Romain-Bardet-2018-768x433.jpg 768w, https:\/\/dicodusport.fr\/blog\/wp-content\/uploads\/2018\/07\/Romain-Bardet-2018-1024x577.jpg 1024w\" sizes=\"auto, (max-width: 857px) 100vw, 857px\" \/><p id=\"caption-attachment-21456\" class=\"wp-caption-text\">\u00a9 Photo News<\/p><\/div>\n<p style=\"text-align: justify;\">C&rsquo;est le nombre de favoris qui se sont hiss\u00e9s sur le podium du Tour de France sans jamais remporter l&rsquo;\u00e9preuve. Le Colombien de la Movistar, Nairo Quintana, comptabilise trois podiums (2e en 2013 et 2015, 3e en 2016). Le Fran\u00e7ais Romain Bardet, leader de la formation AG2R La Mondiale s&rsquo;est class\u00e9 2e en 2016 et 3e l&rsquo;ann\u00e9e derni\u00e8re. Rigoberto Uran, le Colombien repr\u00e9sentant les couleurs de la formation Education First-Drapac, a d\u00e9croch\u00e9 lors de l&rsquo;\u00e9dition pr\u00e9c\u00e9dente une 2e place. Enfin, l&rsquo;exp\u00e9riment\u00e9 Alejandro Valverde, reste sur une 3e place lors du Tour de France 2015.<\/p>\n<h1>40 ans, 5 mois et 23 jours<\/h1>\n<div id=\"attachment_21629\" style=\"width: 455px\" class=\"wp-caption aligncenter\"><img loading=\"lazy\" decoding=\"async\" aria-describedby=\"caption-attachment-21629\" class=\"wp-image-21629 \" src=\"http:\/\/dicodusport.fr\/blog\/wp-content\/uploads\/2018\/07\/PELLIZOTTI-BAHRAIN-MERIDA-2017_0291-Custom.jpg\" alt=\"\" width=\"445\" height=\"666\" \/><p id=\"caption-attachment-21629\" class=\"wp-caption-text\">\u00a9 Bahrain Merida<\/p><\/div>\n<p style=\"text-align: justify;\">L&rsquo;Italien de la Bahrain Merida, Franco Pellizotti sera le doyen de ce 105e Tour de France. Le maillot \u00e0 pois d\u00e9chu du Tour 2009 ne participera en revanche qu&rsquo;\u00e0 son troisi\u00e8me Tour. Celui qui est pass\u00e9 pro en 2001 avec l&rsquo;\u00e9quipe Alessio rendra pas moins de 19 ans au benjamin de cette \u00e9dition, le Colombien Egan Arley Bernal de l&rsquo;\u00e9qipe Sky (21 ans 5 mois et 25 jours). Parmi les plus jeunes, il faut noter le pr\u00e9sence de David Gaudu (Groupama-FDJ), 21 ans lui aussi, deuxi\u00e8me plus jeune participant de cette Grande Boucle.<\/p>\n<h1>18<\/h1>\n<div id=\"attachment_21630\" style=\"width: 778px\" class=\"wp-caption aligncenter\"><img loading=\"lazy\" decoding=\"async\" aria-describedby=\"caption-attachment-21630\" class=\"wp-image-21630 size-full\" src=\"http:\/\/dicodusport.fr\/blog\/wp-content\/uploads\/2018\/07\/sylvain-chavanel-direct-energie-2018-768x512.jpg\" alt=\"\" width=\"768\" height=\"512\" srcset=\"https:\/\/dicodusport.fr\/blog\/wp-content\/uploads\/2018\/07\/sylvain-chavanel-direct-energie-2018-768x512.jpg 768w, https:\/\/dicodusport.fr\/blog\/wp-content\/uploads\/2018\/07\/sylvain-chavanel-direct-energie-2018-768x512-300x200.jpg 300w\" sizes=\"auto, (max-width: 768px) 100vw, 768px\" \/><p id=\"caption-attachment-21630\" class=\"wp-caption-text\">\u00a9Direct Energie<\/p><\/div>\n<p style=\"text-align: justify;\">A 18 reprises, le speaker du Tour de France a prononc\u00e9 le nom de Sylvain Chavanel lors de la pr\u00e9sentation officielle. Cette ann\u00e9e, le Fran\u00e7ais, triple vainqueur d&rsquo;\u00e9tape sur les routes du Tour va battre le record de participations (18) \u00e0 la Grande Boucle. Depuis 2001, alors qu&rsquo;il portait le maillot de Bonjour, le Ch\u00e2telleraudais n&rsquo;a rat\u00e9 aucune \u00e9dition. Malgr\u00e9 deux abandons, le coureur de l&rsquo;\u00e9quipe Direct Energie est d\u00e9sormais le seul d\u00e9tenteur de ce record.<\/p>\n<h1>9 297<\/h1>\n<div id=\"attachment_21631\" style=\"width: 596px\" class=\"wp-caption aligncenter\"><img loading=\"lazy\" decoding=\"async\" aria-describedby=\"caption-attachment-21631\" class=\"wp-image-21631 size-full\" src=\"http:\/\/dicodusport.fr\/blog\/wp-content\/uploads\/2018\/07\/luis-leon-sanchez.jpg\" alt=\"\" width=\"586\" height=\"390\" srcset=\"https:\/\/dicodusport.fr\/blog\/wp-content\/uploads\/2018\/07\/luis-leon-sanchez.jpg 586w, https:\/\/dicodusport.fr\/blog\/wp-content\/uploads\/2018\/07\/luis-leon-sanchez-300x200.jpg 300w\" sizes=\"auto, (max-width: 586px) 100vw, 586px\" \/><p id=\"caption-attachment-21631\" class=\"wp-caption-text\">\u00a9 Cyclingnews<\/p><\/div>\n<p style=\"text-align: justify;\">L&rsquo;Espagnol Luis Leon Sanchez a r\u00e9alis\u00e9 depuis le d\u00e9but de saison 9 297 kilom\u00e8tres en course. Au d\u00e9part de ce Tour de France, le coureur d&rsquo;Astana a remport\u00e9 deux succ\u00e8s : une \u00e9tape du Tour de Murcie et une sur le Tour des Alpes. Une victoire qu&rsquo;il avait d\u00e9di\u00e9 \u00e0 son co\u00e9quipier d\u00e9c\u00e9d\u00e9 l&rsquo;an dernier, Michele Scarponi.<\/p>\n<h1>11<\/h1>\n<p><img loading=\"lazy\" decoding=\"async\" class=\"aligncenter wp-image-16645 size-full\" src=\"http:\/\/dicodusport.fr\/blog\/wp-content\/uploads\/2018\/04\/Alejandro-Valverde-Fl\u00e8che-Wallonne-2018.png\" alt=\"\" width=\"800\" height=\"445\" srcset=\"https:\/\/dicodusport.fr\/blog\/wp-content\/uploads\/2018\/04\/Alejandro-Valverde-Fl\u00e8che-Wallonne-2018.png 800w, https:\/\/dicodusport.fr\/blog\/wp-content\/uploads\/2018\/04\/Alejandro-Valverde-Fl\u00e8che-Wallonne-2018-300x167.png 300w, https:\/\/dicodusport.fr\/blog\/wp-content\/uploads\/2018\/04\/Alejandro-Valverde-Fl\u00e8che-Wallonne-2018-768x427.png 768w\" sizes=\"auto, (max-width: 800px) 100vw, 800px\" \/><\/p>\n<p style=\"text-align: justify;\">En victoires. Depuis le d\u00e9but de la saison, l&rsquo;Espagnol Alejandro Valverde comptabilise 11 bouquets, une performance hors-norme, et ce, \u00e0 38 ans ! Parmi ses succ\u00e8s, 4 victoires au classement g\u00e9n\u00e9ral d&rsquo;une course \u00e0 \u00e9tapes : Route d&rsquo;Occitanie, Tour de Catalogne, Tour de la r\u00e9gion de Valence et enfin, le Tour d&rsquo;Abu Dhabi. Pour autant, il n&rsquo;est pas celui qui a le plus gagn\u00e9 cette ann\u00e9e.\u00a0Le sprinteur transalpin Elia Viviani (Quick Step) est le coureur \u00e0 comptabiliser le plus grand nombre de succ\u00e8s depuis le d\u00e9but de la saison (14).<\/p>\n<p><em><span style=\"color: #000000;\"><strong>Alexandre Reynaud<\/strong><\/span><br \/>\n<\/em><a href=\"https:\/\/twitter.com\/alexandre_rnd\" target=\"_blank\" rel=\"noopener noreferrer\"><img loading=\"lazy\" decoding=\"async\" class=\"alignnone wp-image-2908\" src=\"http:\/\/dicodusport.fr\/blog\/wp-content\/uploads\/2017\/07\/logo-twitter-150x150.png\" alt=\"\" width=\"39\" height=\"39\" \/><\/a><\/p>\n","protected":false},"excerpt":{"rendered":"<p>Ils sont 176 for\u00e7ats \u00e0 avoir pris le d\u00e9part de la premi\u00e8re \u00e9tape du Tour de France 2018. Pour l&rsquo;occasion, nous avons d\u00e9cid\u00e9 de nous pencher sur les statistiques des participants qui ont attir\u00e9 notre attention. <\/p>\n","protected":false},"author":22,"featured_media":21655,"comment_status":"open","ping_status":"closed","sticky":false,"template":"","format":"standard","meta":{"_acf_changed":false,"_daextam_enable_autolinks":"","footnotes":""},"categories":[2307,46995],"tags":[4525,4286,5377,3646],"class_list":["post-21627","post","type-post","status-publish","format-standard","has-post-thumbnail","hentry","category-cyclisme","category-tour-de-france","tag-alejandro-valverde","tag-elia-viviani","tag-nairo-quintana","tag-romain-bardet"],"acf":[],"yoast_head":"<!-- This site is optimized with the Yoast SEO Premium plugin v26.7 (Yoast SEO v26.7) - https:\/\/yoast.com\/wordpress\/plugins\/seo\/ -->\n<title>Tour de France : Les coureurs en 5 chiffres<\/title>\n<meta name=\"description\" content=\"Nous avons d\u00e9cid\u00e9 de nous pencher sur les statistiques des participants qui ont attir\u00e9 notre attention.\" \/>\n<meta name=\"robots\" content=\"index, follow, max-snippet:-1, max-image-preview:large, max-video-preview:-1\" \/>\n<link rel=\"canonical\" href=\"https:\/\/dicodusport.fr\/blog\/tour-de-france-les-coureurs-en-5-chiffres\/\" \/>\n<meta property=\"og:locale\" content=\"fr_FR\" \/>\n<meta property=\"og:type\" content=\"article\" \/>\n<meta property=\"og:title\" content=\"Tour de France : Les coureurs en 5 chiffres\" \/>\n<meta property=\"og:description\" content=\"Nous avons d\u00e9cid\u00e9 de nous pencher sur les statistiques des participants qui ont attir\u00e9 notre attention.\" \/>\n<meta property=\"og:url\" content=\"https:\/\/dicodusport.fr\/blog\/tour-de-france-les-coureurs-en-5-chiffres\/\" \/>\n<meta property=\"og:site_name\" content=\"Dicodusport\" \/>\n<meta property=\"article:publisher\" content=\"https:\/\/www.facebook.com\/dicodusport\" \/>\n<meta property=\"article:published_time\" content=\"2018-07-07T13:14:26+00:00\" \/>\n<meta property=\"article:modified_time\" content=\"2018-07-07T13:15:29+00:00\" \/>\n<meta property=\"og:image\" content=\"https:\/\/dicodusport.fr\/blog\/wp-content\/uploads\/2018\/07\/Coureurs-Tour-de-France-2018-5-chiffres.png\" \/>\n\t<meta property=\"og:image:width\" content=\"800\" \/>\n\t<meta property=\"og:image:height\" content=\"445\" \/>\n\t<meta property=\"og:image:type\" content=\"image\/png\" \/>\n<meta name=\"author\" content=\"Alexandre\" \/>\n<meta name=\"twitter:card\" content=\"summary_large_image\" \/>\n<meta name=\"twitter:creator\" content=\"@dicodusport\" \/>\n<meta name=\"twitter:site\" content=\"@dicodusport\" \/>\n<script type=\"application\/ld+json\" class=\"yoast-schema-graph\">{\"@context\":\"https:\/\/schema.org\",\"@graph\":[{\"@type\":\"NewsArticle\",\"@id\":\"https:\/\/dicodusport.fr\/blog\/tour-de-france-les-coureurs-en-5-chiffres\/#article\",\"isPartOf\":{\"@id\":\"https:\/\/dicodusport.fr\/blog\/tour-de-france-les-coureurs-en-5-chiffres\/\"},\"author\":{\"name\":\"Alexandre\",\"@id\":\"https:\/\/dicodusport.fr\/blog\/#\/schema\/person\/6de852e415462ad80b667104f37537b6\"},\"headline\":\"Tour de France : Les coureurs en 5 chiffres\",\"datePublished\":\"2018-07-07T13:14:26+00:00\",\"dateModified\":\"2018-07-07T13:15:29+00:00\",\"mainEntityOfPage\":{\"@id\":\"https:\/\/dicodusport.fr\/blog\/tour-de-france-les-coureurs-en-5-chiffres\/\"},\"wordCount\":526,\"commentCount\":0,\"publisher\":{\"@id\":\"https:\/\/dicodusport.fr\/blog\/#organization\"},\"image\":{\"@id\":\"https:\/\/dicodusport.fr\/blog\/tour-de-france-les-coureurs-en-5-chiffres\/#primaryimage\"},\"thumbnailUrl\":\"https:\/\/dicodusport.fr\/blog\/wp-content\/uploads\/2018\/07\/Coureurs-Tour-de-France-2018-5-chiffres.png\",\"keywords\":[\"Alejandro Valverde\",\"Elia Viviani\",\"Nairo Quintana\",\"Romain Bardet\"],\"articleSection\":[\"Cyclisme\",\"Tour de France\"],\"inLanguage\":\"fr-FR\",\"potentialAction\":[{\"@type\":\"CommentAction\",\"name\":\"Comment\",\"target\":[\"https:\/\/dicodusport.fr\/blog\/tour-de-france-les-coureurs-en-5-chiffres\/#respond\"]}],\"copyrightYear\":\"2018\",\"copyrightHolder\":{\"@id\":\"https:\/\/dicodusport.fr\/blog\/#organization\"}},{\"@type\":\"WebPage\",\"@id\":\"https:\/\/dicodusport.fr\/blog\/tour-de-france-les-coureurs-en-5-chiffres\/\",\"url\":\"https:\/\/dicodusport.fr\/blog\/tour-de-france-les-coureurs-en-5-chiffres\/\",\"name\":\"Tour de France : Les coureurs en 5 chiffres\",\"isPartOf\":{\"@id\":\"https:\/\/dicodusport.fr\/blog\/#website\"},\"primaryImageOfPage\":{\"@id\":\"https:\/\/dicodusport.fr\/blog\/tour-de-france-les-coureurs-en-5-chiffres\/#primaryimage\"},\"image\":{\"@id\":\"https:\/\/dicodusport.fr\/blog\/tour-de-france-les-coureurs-en-5-chiffres\/#primaryimage\"},\"thumbnailUrl\":\"https:\/\/dicodusport.fr\/blog\/wp-content\/uploads\/2018\/07\/Coureurs-Tour-de-France-2018-5-chiffres.png\",\"datePublished\":\"2018-07-07T13:14:26+00:00\",\"dateModified\":\"2018-07-07T13:15:29+00:00\",\"description\":\"Nous avons d\u00e9cid\u00e9 de nous pencher sur les statistiques des participants qui ont attir\u00e9 notre attention.\",\"breadcrumb\":{\"@id\":\"https:\/\/dicodusport.fr\/blog\/tour-de-france-les-coureurs-en-5-chiffres\/#breadcrumb\"},\"inLanguage\":\"fr-FR\",\"potentialAction\":[{\"@type\":\"ReadAction\",\"target\":[\"https:\/\/dicodusport.fr\/blog\/tour-de-france-les-coureurs-en-5-chiffres\/\"]}]},{\"@type\":\"ImageObject\",\"inLanguage\":\"fr-FR\",\"@id\":\"https:\/\/dicodusport.fr\/blog\/tour-de-france-les-coureurs-en-5-chiffres\/#primaryimage\",\"url\":\"https:\/\/dicodusport.fr\/blog\/wp-content\/uploads\/2018\/07\/Coureurs-Tour-de-France-2018-5-chiffres.png\",\"contentUrl\":\"https:\/\/dicodusport.fr\/blog\/wp-content\/uploads\/2018\/07\/Coureurs-Tour-de-France-2018-5-chiffres.png\",\"width\":800,\"height\":445},{\"@type\":\"BreadcrumbList\",\"@id\":\"https:\/\/dicodusport.fr\/blog\/tour-de-france-les-coureurs-en-5-chiffres\/#breadcrumb\",\"itemListElement\":[{\"@type\":\"ListItem\",\"position\":1,\"name\":\"Accueil\",\"item\":\"https:\/\/dicodusport.fr\/blog\/\"},{\"@type\":\"ListItem\",\"position\":2,\"name\":\"Tour de France : Les coureurs en 5 chiffres\"}]},{\"@type\":\"WebSite\",\"@id\":\"https:\/\/dicodusport.fr\/blog\/#website\",\"url\":\"https:\/\/dicodusport.fr\/blog\/\",\"name\":\"Dicodusport\",\"description\":\"L&#039;encyclop\u00e9die de l&#039;actualit\u00e9 sportive\",\"publisher\":{\"@id\":\"https:\/\/dicodusport.fr\/blog\/#organization\"},\"potentialAction\":[{\"@type\":\"SearchAction\",\"target\":{\"@type\":\"EntryPoint\",\"urlTemplate\":\"https:\/\/dicodusport.fr\/blog\/?s={search_term_string}\"},\"query-input\":{\"@type\":\"PropertyValueSpecification\",\"valueRequired\":true,\"valueName\":\"search_term_string\"}}],\"inLanguage\":\"fr-FR\"},{\"@type\":\"NewsMediaOrganization\",\"@id\":\"https:\/\/dicodusport.fr\/blog\/#organization\",\"name\":\"Dicodusport\",\"url\":\"https:\/\/dicodusport.fr\/blog\/\",\"logo\":{\"@type\":\"ImageObject\",\"inLanguage\":\"fr-FR\",\"@id\":\"https:\/\/dicodusport.fr\/blog\/#\/schema\/logo\/image\/\",\"url\":\"https:\/\/dicodusport.fr\/blog\/wp-content\/uploads\/2020\/06\/cropped-LOGO-DICODUSPORT-2020-SANS-FOND-SANS-TEXTE.png\",\"contentUrl\":\"https:\/\/dicodusport.fr\/blog\/wp-content\/uploads\/2020\/06\/cropped-LOGO-DICODUSPORT-2020-SANS-FOND-SANS-TEXTE.png\",\"width\":512,\"height\":512,\"caption\":\"Dicodusport\"},\"image\":{\"@id\":\"https:\/\/dicodusport.fr\/blog\/#\/schema\/logo\/image\/\"},\"sameAs\":[\"https:\/\/www.facebook.com\/dicodusport\",\"https:\/\/x.com\/dicodusport\",\"https:\/\/www.instagram.com\/dicodusport\/\",\"https:\/\/www.youtube.com\/channel\/UC7V2KZ5sd3htJivAbA4ZG3w\"],\"description\":\"Dicodusport est l'encyclop\u00e9die de l'actualit\u00e9 sportive.\",\"email\":\"bonjour@dicodusport.fr\",\"legalName\":\"DICODUSPORT\",\"foundingDate\":\"2018-01-14\",\"vatID\":\"FR71834470973\",\"taxID\":\"83447097300043\",\"numberOfEmployees\":{\"@type\":\"QuantitativeValue\",\"minValue\":\"1\",\"maxValue\":\"10\"}},{\"@type\":\"Person\",\"@id\":\"https:\/\/dicodusport.fr\/blog\/#\/schema\/person\/6de852e415462ad80b667104f37537b6\",\"name\":\"Alexandre\",\"image\":{\"@type\":\"ImageObject\",\"inLanguage\":\"fr-FR\",\"@id\":\"https:\/\/dicodusport.fr\/blog\/#\/schema\/person\/image\/\",\"url\":\"https:\/\/dicodusport.fr\/blog\/wp-content\/uploads\/2018\/06\/User-blue-icon-150x150.png\",\"contentUrl\":\"https:\/\/dicodusport.fr\/blog\/wp-content\/uploads\/2018\/06\/User-blue-icon-150x150.png\",\"caption\":\"Alexandre\"},\"url\":\"https:\/\/dicodusport.fr\/blog\/author\/alexandre\/\"}]}<\/script>\n<!-- \/ Yoast SEO Premium plugin. -->","yoast_head_json":{"title":"Tour de France : Les coureurs en 5 chiffres","description":"Nous avons d\u00e9cid\u00e9 de nous pencher sur les statistiques des participants qui ont attir\u00e9 notre attention.","robots":{"index":"index","follow":"follow","max-snippet":"max-snippet:-1","max-image-preview":"max-image-preview:large","max-video-preview":"max-video-preview:-1"},"canonical":"https:\/\/dicodusport.fr\/blog\/tour-de-france-les-coureurs-en-5-chiffres\/","og_locale":"fr_FR","og_type":"article","og_title":"Tour de France : Les coureurs en 5 chiffres","og_description":"Nous avons d\u00e9cid\u00e9 de nous pencher sur les statistiques des participants qui ont attir\u00e9 notre attention.","og_url":"https:\/\/dicodusport.fr\/blog\/tour-de-france-les-coureurs-en-5-chiffres\/","og_site_name":"Dicodusport","article_publisher":"https:\/\/www.facebook.com\/dicodusport","article_published_time":"2018-07-07T13:14:26+00:00","article_modified_time":"2018-07-07T13:15:29+00:00","og_image":[{"width":800,"height":445,"url":"https:\/\/dicodusport.fr\/blog\/wp-content\/uploads\/2018\/07\/Coureurs-Tour-de-France-2018-5-chiffres.png","type":"image\/png"}],"author":"Alexandre","twitter_card":"summary_large_image","twitter_creator":"@dicodusport","twitter_site":"@dicodusport","schema":{"@context":"https:\/\/schema.org","@graph":[{"@type":"NewsArticle","@id":"https:\/\/dicodusport.fr\/blog\/tour-de-france-les-coureurs-en-5-chiffres\/#article","isPartOf":{"@id":"https:\/\/dicodusport.fr\/blog\/tour-de-france-les-coureurs-en-5-chiffres\/"},"author":{"name":"Alexandre","@id":"https:\/\/dicodusport.fr\/blog\/#\/schema\/person\/6de852e415462ad80b667104f37537b6"},"headline":"Tour de France : Les coureurs en 5 chiffres","datePublished":"2018-07-07T13:14:26+00:00","dateModified":"2018-07-07T13:15:29+00:00","mainEntityOfPage":{"@id":"https:\/\/dicodusport.fr\/blog\/tour-de-france-les-coureurs-en-5-chiffres\/"},"wordCount":526,"commentCount":0,"publisher":{"@id":"https:\/\/dicodusport.fr\/blog\/#organization"},"image":{"@id":"https:\/\/dicodusport.fr\/blog\/tour-de-france-les-coureurs-en-5-chiffres\/#primaryimage"},"thumbnailUrl":"https:\/\/dicodusport.fr\/blog\/wp-content\/uploads\/2018\/07\/Coureurs-Tour-de-France-2018-5-chiffres.png","keywords":["Alejandro Valverde","Elia Viviani","Nairo Quintana","Romain Bardet"],"articleSection":["Cyclisme","Tour de France"],"inLanguage":"fr-FR","potentialAction":[{"@type":"CommentAction","name":"Comment","target":["https:\/\/dicodusport.fr\/blog\/tour-de-france-les-coureurs-en-5-chiffres\/#respond"]}],"copyrightYear":"2018","copyrightHolder":{"@id":"https:\/\/dicodusport.fr\/blog\/#organization"}},{"@type":"WebPage","@id":"https:\/\/dicodusport.fr\/blog\/tour-de-france-les-coureurs-en-5-chiffres\/","url":"https:\/\/dicodusport.fr\/blog\/tour-de-france-les-coureurs-en-5-chiffres\/","name":"Tour de France : Les coureurs en 5 chiffres","isPartOf":{"@id":"https:\/\/dicodusport.fr\/blog\/#website"},"primaryImageOfPage":{"@id":"https:\/\/dicodusport.fr\/blog\/tour-de-france-les-coureurs-en-5-chiffres\/#primaryimage"},"image":{"@id":"https:\/\/dicodusport.fr\/blog\/tour-de-france-les-coureurs-en-5-chiffres\/#primaryimage"},"thumbnailUrl":"https:\/\/dicodusport.fr\/blog\/wp-content\/uploads\/2018\/07\/Coureurs-Tour-de-France-2018-5-chiffres.png","datePublished":"2018-07-07T13:14:26+00:00","dateModified":"2018-07-07T13:15:29+00:00","description":"Nous avons d\u00e9cid\u00e9 de nous pencher sur les statistiques des participants qui ont attir\u00e9 notre attention.","breadcrumb":{"@id":"https:\/\/dicodusport.fr\/blog\/tour-de-france-les-coureurs-en-5-chiffres\/#breadcrumb"},"inLanguage":"fr-FR","potentialAction":[{"@type":"ReadAction","target":["https:\/\/dicodusport.fr\/blog\/tour-de-france-les-coureurs-en-5-chiffres\/"]}]},{"@type":"ImageObject","inLanguage":"fr-FR","@id":"https:\/\/dicodusport.fr\/blog\/tour-de-france-les-coureurs-en-5-chiffres\/#primaryimage","url":"https:\/\/dicodusport.fr\/blog\/wp-content\/uploads\/2018\/07\/Coureurs-Tour-de-France-2018-5-chiffres.png","contentUrl":"https:\/\/dicodusport.fr\/blog\/wp-content\/uploads\/2018\/07\/Coureurs-Tour-de-France-2018-5-chiffres.png","width":800,"height":445},{"@type":"BreadcrumbList","@id":"https:\/\/dicodusport.fr\/blog\/tour-de-france-les-coureurs-en-5-chiffres\/#breadcrumb","itemListElement":[{"@type":"ListItem","position":1,"name":"Accueil","item":"https:\/\/dicodusport.fr\/blog\/"},{"@type":"ListItem","position":2,"name":"Tour de France : Les coureurs en 5 chiffres"}]},{"@type":"WebSite","@id":"https:\/\/dicodusport.fr\/blog\/#website","url":"https:\/\/dicodusport.fr\/blog\/","name":"Dicodusport","description":"L&#039;encyclop\u00e9die de l&#039;actualit\u00e9 sportive","publisher":{"@id":"https:\/\/dicodusport.fr\/blog\/#organization"},"potentialAction":[{"@type":"SearchAction","target":{"@type":"EntryPoint","urlTemplate":"https:\/\/dicodusport.fr\/blog\/?s={search_term_string}"},"query-input":{"@type":"PropertyValueSpecification","valueRequired":true,"valueName":"search_term_string"}}],"inLanguage":"fr-FR"},{"@type":"NewsMediaOrganization","@id":"https:\/\/dicodusport.fr\/blog\/#organization","name":"Dicodusport","url":"https:\/\/dicodusport.fr\/blog\/","logo":{"@type":"ImageObject","inLanguage":"fr-FR","@id":"https:\/\/dicodusport.fr\/blog\/#\/schema\/logo\/image\/","url":"https:\/\/dicodusport.fr\/blog\/wp-content\/uploads\/2020\/06\/cropped-LOGO-DICODUSPORT-2020-SANS-FOND-SANS-TEXTE.png","contentUrl":"https:\/\/dicodusport.fr\/blog\/wp-content\/uploads\/2020\/06\/cropped-LOGO-DICODUSPORT-2020-SANS-FOND-SANS-TEXTE.png","width":512,"height":512,"caption":"Dicodusport"},"image":{"@id":"https:\/\/dicodusport.fr\/blog\/#\/schema\/logo\/image\/"},"sameAs":["https:\/\/www.facebook.com\/dicodusport","https:\/\/x.com\/dicodusport","https:\/\/www.instagram.com\/dicodusport\/","https:\/\/www.youtube.com\/channel\/UC7V2KZ5sd3htJivAbA4ZG3w"],"description":"Dicodusport est l'encyclop\u00e9die de l'actualit\u00e9 sportive.","email":"bonjour@dicodusport.fr","legalName":"DICODUSPORT","foundingDate":"2018-01-14","vatID":"FR71834470973","taxID":"83447097300043","numberOfEmployees":{"@type":"QuantitativeValue","minValue":"1","maxValue":"10"}},{"@type":"Person","@id":"https:\/\/dicodusport.fr\/blog\/#\/schema\/person\/6de852e415462ad80b667104f37537b6","name":"Alexandre","image":{"@type":"ImageObject","inLanguage":"fr-FR","@id":"https:\/\/dicodusport.fr\/blog\/#\/schema\/person\/image\/","url":"https:\/\/dicodusport.fr\/blog\/wp-content\/uploads\/2018\/06\/User-blue-icon-150x150.png","contentUrl":"https:\/\/dicodusport.fr\/blog\/wp-content\/uploads\/2018\/06\/User-blue-icon-150x150.png","caption":"Alexandre"},"url":"https:\/\/dicodusport.fr\/blog\/author\/alexandre\/"}]}},"_links":{"self":[{"href":"https:\/\/dicodusport.fr\/blog\/wp-json\/wp\/v2\/posts\/21627","targetHints":{"allow":["GET"]}}],"collection":[{"href":"https:\/\/dicodusport.fr\/blog\/wp-json\/wp\/v2\/posts"}],"about":[{"href":"https:\/\/dicodusport.fr\/blog\/wp-json\/wp\/v2\/types\/post"}],"author":[{"embeddable":true,"href":"https:\/\/dicodusport.fr\/blog\/wp-json\/wp\/v2\/users\/22"}],"replies":[{"embeddable":true,"href":"https:\/\/dicodusport.fr\/blog\/wp-json\/wp\/v2\/comments?post=21627"}],"version-history":[{"count":0,"href":"https:\/\/dicodusport.fr\/blog\/wp-json\/wp\/v2\/posts\/21627\/revisions"}],"wp:featuredmedia":[{"embeddable":true,"href":"https:\/\/dicodusport.fr\/blog\/wp-json\/wp\/v2\/media\/21655"}],"wp:attachment":[{"href":"https:\/\/dicodusport.fr\/blog\/wp-json\/wp\/v2\/media?parent=21627"}],"wp:term":[{"taxonomy":"category","embeddable":true,"href":"https:\/\/dicodusport.fr\/blog\/wp-json\/wp\/v2\/categories?post=21627"},{"taxonomy":"post_tag","embeddable":true,"href":"https:\/\/dicodusport.fr\/blog\/wp-json\/wp\/v2\/tags?post=21627"}],"curies":[{"name":"wp","href":"https:\/\/api.w.org\/{rel}","templated":true}]}}