{"id":216299,"date":"2022-04-15T19:43:40","date_gmt":"2022-04-15T17:43:40","guid":{"rendered":"https:\/\/dicodusport.fr\/blog\/?p=216299&#038;preview=true&#038;preview_id=216299"},"modified":"2022-04-15T19:43:40","modified_gmt":"2022-04-15T17:43:40","slug":"usap-ce-que-va-rapporter-le-depart-de-melvyn-jaminet","status":"publish","type":"post","link":"https:\/\/dicodusport.fr\/blog\/usap-ce-que-va-rapporter-le-depart-de-melvyn-jaminet\/","title":{"rendered":"USAP : Ce que va rapporter le d\u00e9part de Melvyn Jaminet"},"content":{"rendered":"<p style=\"text-align: justify;\"><b><i>TOP 14 &#8211; C&rsquo;est donc officiel depuis jeudi soir. <a href=\"https:\/\/dicodusport.fr\/blog\/officiel-melvyn-jaminet-sengage-avec-le-stade-toulousain\/\" target=\"_blank\" rel=\"noopener\">Melvyn Jaminet va bien quitter l&rsquo;USAP pour le Stade Toulousain<\/a>. Un transfert qui va rapporter, tout de m\u00eame, un peu d&rsquo;argent aux Catalans.<\/i><\/b><\/p>\n<p style=\"text-align: justify;\">Sous contrat jusqu&rsquo;en 2024, <strong>Melvyn Jaminet<\/strong> va donc quitter l&rsquo;<strong>USAP<\/strong> d\u00e8s cette saison. Au centre des tractations, jusqu&rsquo;\u00e0 l&rsquo;officialisation et la signature du contrat de l&rsquo;arri\u00e8re international, le montant de l&rsquo;indemnit\u00e9 r\u00e9gl\u00e9 pour les Stadistes, afin de s&rsquo;attacher les services de la r\u00e9v\u00e9lation de l&rsquo;ann\u00e9e 2021. Ainsi, au final, le <strong>Stade Toulousain<\/strong> aurait d\u00e9bours\u00e9 400 000 euros pour signer <strong>Melvyn Jaminet<\/strong>, soit le montant inscrit dans le contrat du joueur lorsqu&rsquo;il a prolong\u00e9 son bail \u00e0 Perpignan, l&rsquo;\u00e9t\u00e9 dernier. Certaines sources \u00e9voqueraient m\u00eame une somme l\u00e9g\u00e8rement sup\u00e9rieure, soit 450 000 euros.<\/p>\n<p style=\"text-align: justify;\">Toujours est-il que Toulouse r\u00e9alise l\u00e0 une excellente affaire. Les 800 000 euros touch\u00e9s par les Haut-Garonnais suite au d\u00e9part de <strong>Cheslin Kolbe<\/strong>, plus les indemnit\u00e9s encaiss\u00e9es de la part de la F\u00e9d\u00e9ration Fran\u00e7aise de Rugby pour les internationaux \u00e9voluant avec le XV de France, font que les Rouge et Noir peuvent se permettre quelques folies sur le march\u00e9 des transferts. Car avant <strong>Jaminet<\/strong>, <strong>Alexandre Roumat<\/strong> (UBB), <strong>Pierre-Louis Barassi<\/strong> (LOU), <strong>Arthur Reti\u00e8re<\/strong> (La Rochelle) et <strong>Ange Capuozzo<\/strong> (Grenoble) avaient d\u00e9j\u00e0 rejoint le navire toulousain.<\/p>\n<p><span class=\"DKUIkuHhUaQGcqookeE7xVP5an9Yw2hQZSn0jr3fp0u56xfSlg4lLbFsmPyHddLAs3mYMGe1CBrV9OAC82W4\"><\/p>\n<blockquote class=\"wp-embedded-content\" data-secret=\"KZIdaiM1be\"><p><a href=\"https:\/\/dicodusport.fr\/blog\/melvyn-jaminet-c-est-devenu-un-poids-ne-rien-dire-commencait-a-me-peser\/\">Melvyn Jaminet : \u00ab\u00a0C&rsquo;est devenu un poids, ne rien dire commen\u00e7ait \u00e0 me peser\u00a0\u00bb<\/a><\/p><\/blockquote>\n<p><iframe loading=\"lazy\" class=\"wp-embedded-content\" sandbox=\"allow-scripts\" security=\"restricted\" style=\"position: absolute; clip: rect(1px, 1px, 1px, 1px);\" title=\"\u00ab\u00a0Melvyn Jaminet : \u00ab\u00a0C&rsquo;est devenu un poids, ne rien dire commen\u00e7ait \u00e0 me peser\u00a0\u00bb\u00a0\u00bb &#8212; Dicodusport\" src=\"https:\/\/dicodusport.fr\/blog\/melvyn-jaminet-c-est-devenu-un-poids-ne-rien-dire-commencait-a-me-peser\/embed\/#?secret=nCLippLVJL#?secret=KZIdaiM1be\" data-secret=\"KZIdaiM1be\" width=\"600\" height=\"338\" frameborder=\"0\" marginwidth=\"0\" marginheight=\"0\" scrolling=\"no\"><\/iframe><\/span><\/p>\n","protected":false},"excerpt":{"rendered":"<p>TOP 14 &#8211; C&rsquo;est donc officiel depuis jeudi soir. Melvyn Jaminet va bien quitter l&rsquo;USAP pour le Stade Toulousain. Un transfert qui va rapporter, tout de m\u00eame, un peu d&rsquo;argent aux Catalans.<\/p>\n","protected":false},"author":4,"featured_media":211731,"comment_status":"open","ping_status":"closed","sticky":false,"template":"","format":"standard","meta":{"_acf_changed":false,"_daextam_enable_autolinks":"","footnotes":""},"categories":[47050],"tags":[18145,18144,4008,4765],"class_list":["post-216299","post","type-post","status-publish","format-standard","has-post-thumbnail","hentry","category-top-14","tag-jaminet","tag-melvyn-jaminet","tag-stade-toulousain","tag-usap"],"acf":[],"yoast_head":"<!-- This site is optimized with the Yoast SEO Premium plugin v26.7 (Yoast SEO v26.7) - https:\/\/yoast.com\/wordpress\/plugins\/seo\/ -->\n<title>USAP : Ce que va rapporter le d\u00e9part de Melvyn Jaminet<\/title>\n<meta name=\"description\" content=\"TOP 14 - Melvyn Jaminet va bien quitter l&#039;USAP pour le Stade Toulousain. Un transfert qui va rapporter aux Catalans.\" \/>\n<meta name=\"robots\" content=\"index, follow, max-snippet:-1, max-image-preview:large, max-video-preview:-1\" \/>\n<link rel=\"canonical\" href=\"https:\/\/dicodusport.fr\/blog\/usap-ce-que-va-rapporter-le-depart-de-melvyn-jaminet\/\" \/>\n<meta property=\"og:locale\" content=\"fr_FR\" \/>\n<meta property=\"og:type\" content=\"article\" \/>\n<meta property=\"og:title\" content=\"USAP : Ce que va rapporter le d\u00e9part de Melvyn Jaminet\" \/>\n<meta property=\"og:description\" content=\"TOP 14 - Melvyn Jaminet va bien quitter l&#039;USAP pour le Stade Toulousain. Un transfert qui va rapporter aux Catalans.\" \/>\n<meta property=\"og:url\" content=\"https:\/\/dicodusport.fr\/blog\/usap-ce-que-va-rapporter-le-depart-de-melvyn-jaminet\/\" \/>\n<meta property=\"og:site_name\" content=\"Dicodusport\" \/>\n<meta property=\"article:publisher\" content=\"https:\/\/www.facebook.com\/dicodusport\" \/>\n<meta property=\"article:author\" content=\"https:\/\/www.facebook.com\/florent.ostermann\" \/>\n<meta property=\"article:published_time\" content=\"2022-04-15T17:43:40+00:00\" \/>\n<meta property=\"og:image\" content=\"https:\/\/dicodusport.fr\/blog\/wp-content\/uploads\/2022\/03\/Melvyn-Jaminet-confirme-sa-volonte\u0301-de-quitter-lUSAP-a\u0300-la-fin-de-la-saison.png\" \/>\n\t<meta property=\"og:image:width\" content=\"800\" \/>\n\t<meta property=\"og:image:height\" content=\"445\" \/>\n\t<meta property=\"og:image:type\" content=\"image\/png\" \/>\n<meta name=\"author\" content=\"Flo Ostermann\" \/>\n<meta name=\"twitter:card\" content=\"summary_large_image\" \/>\n<meta name=\"twitter:title\" content=\"USAP : Ce que va rapporter le d\u00e9part de Melvyn Jaminet\" \/>\n<meta name=\"twitter:creator\" content=\"@https:\/\/twitter.com\/FlOstermann\" \/>\n<meta name=\"twitter:site\" content=\"@dicodusport\" \/>\n<script type=\"application\/ld+json\" class=\"yoast-schema-graph\">{\"@context\":\"https:\/\/schema.org\",\"@graph\":[{\"@type\":\"NewsArticle\",\"@id\":\"https:\/\/dicodusport.fr\/blog\/usap-ce-que-va-rapporter-le-depart-de-melvyn-jaminet\/#article\",\"isPartOf\":{\"@id\":\"https:\/\/dicodusport.fr\/blog\/usap-ce-que-va-rapporter-le-depart-de-melvyn-jaminet\/\"},\"author\":{\"name\":\"Flo Ostermann\",\"@id\":\"https:\/\/dicodusport.fr\/blog\/#\/schema\/person\/cb02af4c173ce4a653b55e9baf388d4a\"},\"headline\":\"USAP : Ce que va rapporter le d\u00e9part de Melvyn Jaminet\",\"datePublished\":\"2022-04-15T17:43:40+00:00\",\"mainEntityOfPage\":{\"@id\":\"https:\/\/dicodusport.fr\/blog\/usap-ce-que-va-rapporter-le-depart-de-melvyn-jaminet\/\"},\"wordCount\":249,\"commentCount\":0,\"publisher\":{\"@id\":\"https:\/\/dicodusport.fr\/blog\/#organization\"},\"image\":{\"@id\":\"https:\/\/dicodusport.fr\/blog\/usap-ce-que-va-rapporter-le-depart-de-melvyn-jaminet\/#primaryimage\"},\"thumbnailUrl\":\"https:\/\/dicodusport.fr\/blog\/wp-content\/uploads\/2022\/03\/Melvyn-Jaminet-confirme-sa-volonte\u0301-de-quitter-lUSAP-a\u0300-la-fin-de-la-saison.png\",\"keywords\":[\"Jaminet\",\"Melvyn Jaminet\",\"Stade Toulousain\",\"USAP\"],\"articleSection\":[\"Top 14\"],\"inLanguage\":\"fr-FR\",\"potentialAction\":[{\"@type\":\"CommentAction\",\"name\":\"Comment\",\"target\":[\"https:\/\/dicodusport.fr\/blog\/usap-ce-que-va-rapporter-le-depart-de-melvyn-jaminet\/#respond\"]}],\"copyrightYear\":\"2022\",\"copyrightHolder\":{\"@id\":\"https:\/\/dicodusport.fr\/blog\/#organization\"}},{\"@type\":\"WebPage\",\"@id\":\"https:\/\/dicodusport.fr\/blog\/usap-ce-que-va-rapporter-le-depart-de-melvyn-jaminet\/\",\"url\":\"https:\/\/dicodusport.fr\/blog\/usap-ce-que-va-rapporter-le-depart-de-melvyn-jaminet\/\",\"name\":\"USAP : Ce que va rapporter le d\u00e9part de Melvyn Jaminet\",\"isPartOf\":{\"@id\":\"https:\/\/dicodusport.fr\/blog\/#website\"},\"primaryImageOfPage\":{\"@id\":\"https:\/\/dicodusport.fr\/blog\/usap-ce-que-va-rapporter-le-depart-de-melvyn-jaminet\/#primaryimage\"},\"image\":{\"@id\":\"https:\/\/dicodusport.fr\/blog\/usap-ce-que-va-rapporter-le-depart-de-melvyn-jaminet\/#primaryimage\"},\"thumbnailUrl\":\"https:\/\/dicodusport.fr\/blog\/wp-content\/uploads\/2022\/03\/Melvyn-Jaminet-confirme-sa-volonte\u0301-de-quitter-lUSAP-a\u0300-la-fin-de-la-saison.png\",\"datePublished\":\"2022-04-15T17:43:40+00:00\",\"description\":\"TOP 14 - Melvyn Jaminet va bien quitter l'USAP pour le Stade Toulousain. Un transfert qui va rapporter aux Catalans.\",\"breadcrumb\":{\"@id\":\"https:\/\/dicodusport.fr\/blog\/usap-ce-que-va-rapporter-le-depart-de-melvyn-jaminet\/#breadcrumb\"},\"inLanguage\":\"fr-FR\",\"potentialAction\":[{\"@type\":\"ReadAction\",\"target\":[\"https:\/\/dicodusport.fr\/blog\/usap-ce-que-va-rapporter-le-depart-de-melvyn-jaminet\/\"]}]},{\"@type\":\"ImageObject\",\"inLanguage\":\"fr-FR\",\"@id\":\"https:\/\/dicodusport.fr\/blog\/usap-ce-que-va-rapporter-le-depart-de-melvyn-jaminet\/#primaryimage\",\"url\":\"https:\/\/dicodusport.fr\/blog\/wp-content\/uploads\/2022\/03\/Melvyn-Jaminet-confirme-sa-volonte\u0301-de-quitter-lUSAP-a\u0300-la-fin-de-la-saison.png\",\"contentUrl\":\"https:\/\/dicodusport.fr\/blog\/wp-content\/uploads\/2022\/03\/Melvyn-Jaminet-confirme-sa-volonte\u0301-de-quitter-lUSAP-a\u0300-la-fin-de-la-saison.png\",\"width\":800,\"height\":445},{\"@type\":\"BreadcrumbList\",\"@id\":\"https:\/\/dicodusport.fr\/blog\/usap-ce-que-va-rapporter-le-depart-de-melvyn-jaminet\/#breadcrumb\",\"itemListElement\":[{\"@type\":\"ListItem\",\"position\":1,\"name\":\"Accueil\",\"item\":\"https:\/\/dicodusport.fr\/blog\/\"},{\"@type\":\"ListItem\",\"position\":2,\"name\":\"USAP : Ce que va rapporter le d\u00e9part de Melvyn Jaminet\"}]},{\"@type\":\"WebSite\",\"@id\":\"https:\/\/dicodusport.fr\/blog\/#website\",\"url\":\"https:\/\/dicodusport.fr\/blog\/\",\"name\":\"Dicodusport\",\"description\":\"L&#039;encyclop\u00e9die de l&#039;actualit\u00e9 sportive\",\"publisher\":{\"@id\":\"https:\/\/dicodusport.fr\/blog\/#organization\"},\"potentialAction\":[{\"@type\":\"SearchAction\",\"target\":{\"@type\":\"EntryPoint\",\"urlTemplate\":\"https:\/\/dicodusport.fr\/blog\/?s={search_term_string}\"},\"query-input\":{\"@type\":\"PropertyValueSpecification\",\"valueRequired\":true,\"valueName\":\"search_term_string\"}}],\"inLanguage\":\"fr-FR\"},{\"@type\":\"NewsMediaOrganization\",\"@id\":\"https:\/\/dicodusport.fr\/blog\/#organization\",\"name\":\"Dicodusport\",\"url\":\"https:\/\/dicodusport.fr\/blog\/\",\"logo\":{\"@type\":\"ImageObject\",\"inLanguage\":\"fr-FR\",\"@id\":\"https:\/\/dicodusport.fr\/blog\/#\/schema\/logo\/image\/\",\"url\":\"https:\/\/dicodusport.fr\/blog\/wp-content\/uploads\/2020\/06\/cropped-LOGO-DICODUSPORT-2020-SANS-FOND-SANS-TEXTE.png\",\"contentUrl\":\"https:\/\/dicodusport.fr\/blog\/wp-content\/uploads\/2020\/06\/cropped-LOGO-DICODUSPORT-2020-SANS-FOND-SANS-TEXTE.png\",\"width\":512,\"height\":512,\"caption\":\"Dicodusport\"},\"image\":{\"@id\":\"https:\/\/dicodusport.fr\/blog\/#\/schema\/logo\/image\/\"},\"sameAs\":[\"https:\/\/www.facebook.com\/dicodusport\",\"https:\/\/x.com\/dicodusport\",\"https:\/\/www.instagram.com\/dicodusport\/\",\"https:\/\/www.youtube.com\/channel\/UC7V2KZ5sd3htJivAbA4ZG3w\"],\"description\":\"Dicodusport est l'encyclop\u00e9die de l'actualit\u00e9 sportive.\",\"email\":\"bonjour@dicodusport.fr\",\"legalName\":\"DICODUSPORT\",\"foundingDate\":\"2018-01-14\",\"vatID\":\"FR71834470973\",\"taxID\":\"83447097300043\",\"numberOfEmployees\":{\"@type\":\"QuantitativeValue\",\"minValue\":\"1\",\"maxValue\":\"10\"}},{\"@type\":\"Person\",\"@id\":\"https:\/\/dicodusport.fr\/blog\/#\/schema\/person\/cb02af4c173ce4a653b55e9baf388d4a\",\"name\":\"Flo Ostermann\",\"image\":{\"@type\":\"ImageObject\",\"inLanguage\":\"fr-FR\",\"@id\":\"https:\/\/dicodusport.fr\/blog\/#\/schema\/person\/image\/\",\"url\":\"https:\/\/dicodusport.fr\/blog\/wp-content\/uploads\/2021\/05\/Flo-Ostermann-150x150.jpg\",\"contentUrl\":\"https:\/\/dicodusport.fr\/blog\/wp-content\/uploads\/2021\/05\/Flo-Ostermann-150x150.jpg\",\"caption\":\"Flo Ostermann\"},\"description\":\"Journaliste\/R\u00e9dacteur depuis septembre 2015 - Mes premiers souvenirs dans le sport ? Les envol\u00e9es du Stade Toulousain et les duels Villeneuve-Schumacher et H\u00e4kkinen-Schumacher \u00e0 la fin des ann\u00e9es 90, la Coupe du monde de football en 1998, l\u2019exploit du XV de France face aux All Blacks en 1999, mais aussi Richard C\u0153ur de Lion qui vole sur les montagnes du Tour de France. Bien parti pour devenir professeur d\u2019EPS, les \u00e9v\u00e9nements de la vie (et la flemme d\u2019animer des s\u00e9ances de 3x500 m\u00e8tres toute ma vie) m\u2019ont conduit \u00e0 revoir mes plans. Me voil\u00e0 depuis fin 2017 sur Dicodusport, m\u00e9dia gr\u00e2ce (et pour) lequel je partage ma passion : le sport dans tous ses \u00e9tats. Le tout accompagn\u00e9 par les fous furieux et folles furieuses cit\u00e9s sur cette page !\",\"sameAs\":[\"https:\/\/www.facebook.com\/florent.ostermann\",\"https:\/\/x.com\/https:\/\/twitter.com\/FlOstermann\",\"admin\"],\"url\":\"https:\/\/dicodusport.fr\/blog\/author\/flo\/\"}]}<\/script>\n<!-- \/ Yoast SEO Premium plugin. -->","yoast_head_json":{"title":"USAP : Ce que va rapporter le d\u00e9part de Melvyn Jaminet","description":"TOP 14 - Melvyn Jaminet va bien quitter l'USAP pour le Stade Toulousain. Un transfert qui va rapporter aux Catalans.","robots":{"index":"index","follow":"follow","max-snippet":"max-snippet:-1","max-image-preview":"max-image-preview:large","max-video-preview":"max-video-preview:-1"},"canonical":"https:\/\/dicodusport.fr\/blog\/usap-ce-que-va-rapporter-le-depart-de-melvyn-jaminet\/","og_locale":"fr_FR","og_type":"article","og_title":"USAP : Ce que va rapporter le d\u00e9part de Melvyn Jaminet","og_description":"TOP 14 - Melvyn Jaminet va bien quitter l'USAP pour le Stade Toulousain. Un transfert qui va rapporter aux Catalans.","og_url":"https:\/\/dicodusport.fr\/blog\/usap-ce-que-va-rapporter-le-depart-de-melvyn-jaminet\/","og_site_name":"Dicodusport","article_publisher":"https:\/\/www.facebook.com\/dicodusport","article_author":"https:\/\/www.facebook.com\/florent.ostermann","article_published_time":"2022-04-15T17:43:40+00:00","og_image":[{"width":800,"height":445,"url":"https:\/\/dicodusport.fr\/blog\/wp-content\/uploads\/2022\/03\/Melvyn-Jaminet-confirme-sa-volonte\u0301-de-quitter-lUSAP-a\u0300-la-fin-de-la-saison.png","type":"image\/png"}],"author":"Flo Ostermann","twitter_card":"summary_large_image","twitter_title":"USAP : Ce que va rapporter le d\u00e9part de Melvyn Jaminet","twitter_creator":"@https:\/\/twitter.com\/FlOstermann","twitter_site":"@dicodusport","schema":{"@context":"https:\/\/schema.org","@graph":[{"@type":"NewsArticle","@id":"https:\/\/dicodusport.fr\/blog\/usap-ce-que-va-rapporter-le-depart-de-melvyn-jaminet\/#article","isPartOf":{"@id":"https:\/\/dicodusport.fr\/blog\/usap-ce-que-va-rapporter-le-depart-de-melvyn-jaminet\/"},"author":{"name":"Flo Ostermann","@id":"https:\/\/dicodusport.fr\/blog\/#\/schema\/person\/cb02af4c173ce4a653b55e9baf388d4a"},"headline":"USAP : Ce que va rapporter le d\u00e9part de Melvyn Jaminet","datePublished":"2022-04-15T17:43:40+00:00","mainEntityOfPage":{"@id":"https:\/\/dicodusport.fr\/blog\/usap-ce-que-va-rapporter-le-depart-de-melvyn-jaminet\/"},"wordCount":249,"commentCount":0,"publisher":{"@id":"https:\/\/dicodusport.fr\/blog\/#organization"},"image":{"@id":"https:\/\/dicodusport.fr\/blog\/usap-ce-que-va-rapporter-le-depart-de-melvyn-jaminet\/#primaryimage"},"thumbnailUrl":"https:\/\/dicodusport.fr\/blog\/wp-content\/uploads\/2022\/03\/Melvyn-Jaminet-confirme-sa-volonte\u0301-de-quitter-lUSAP-a\u0300-la-fin-de-la-saison.png","keywords":["Jaminet","Melvyn Jaminet","Stade Toulousain","USAP"],"articleSection":["Top 14"],"inLanguage":"fr-FR","potentialAction":[{"@type":"CommentAction","name":"Comment","target":["https:\/\/dicodusport.fr\/blog\/usap-ce-que-va-rapporter-le-depart-de-melvyn-jaminet\/#respond"]}],"copyrightYear":"2022","copyrightHolder":{"@id":"https:\/\/dicodusport.fr\/blog\/#organization"}},{"@type":"WebPage","@id":"https:\/\/dicodusport.fr\/blog\/usap-ce-que-va-rapporter-le-depart-de-melvyn-jaminet\/","url":"https:\/\/dicodusport.fr\/blog\/usap-ce-que-va-rapporter-le-depart-de-melvyn-jaminet\/","name":"USAP : Ce que va rapporter le d\u00e9part de Melvyn Jaminet","isPartOf":{"@id":"https:\/\/dicodusport.fr\/blog\/#website"},"primaryImageOfPage":{"@id":"https:\/\/dicodusport.fr\/blog\/usap-ce-que-va-rapporter-le-depart-de-melvyn-jaminet\/#primaryimage"},"image":{"@id":"https:\/\/dicodusport.fr\/blog\/usap-ce-que-va-rapporter-le-depart-de-melvyn-jaminet\/#primaryimage"},"thumbnailUrl":"https:\/\/dicodusport.fr\/blog\/wp-content\/uploads\/2022\/03\/Melvyn-Jaminet-confirme-sa-volonte\u0301-de-quitter-lUSAP-a\u0300-la-fin-de-la-saison.png","datePublished":"2022-04-15T17:43:40+00:00","description":"TOP 14 - Melvyn Jaminet va bien quitter l'USAP pour le Stade Toulousain. Un transfert qui va rapporter aux Catalans.","breadcrumb":{"@id":"https:\/\/dicodusport.fr\/blog\/usap-ce-que-va-rapporter-le-depart-de-melvyn-jaminet\/#breadcrumb"},"inLanguage":"fr-FR","potentialAction":[{"@type":"ReadAction","target":["https:\/\/dicodusport.fr\/blog\/usap-ce-que-va-rapporter-le-depart-de-melvyn-jaminet\/"]}]},{"@type":"ImageObject","inLanguage":"fr-FR","@id":"https:\/\/dicodusport.fr\/blog\/usap-ce-que-va-rapporter-le-depart-de-melvyn-jaminet\/#primaryimage","url":"https:\/\/dicodusport.fr\/blog\/wp-content\/uploads\/2022\/03\/Melvyn-Jaminet-confirme-sa-volonte\u0301-de-quitter-lUSAP-a\u0300-la-fin-de-la-saison.png","contentUrl":"https:\/\/dicodusport.fr\/blog\/wp-content\/uploads\/2022\/03\/Melvyn-Jaminet-confirme-sa-volonte\u0301-de-quitter-lUSAP-a\u0300-la-fin-de-la-saison.png","width":800,"height":445},{"@type":"BreadcrumbList","@id":"https:\/\/dicodusport.fr\/blog\/usap-ce-que-va-rapporter-le-depart-de-melvyn-jaminet\/#breadcrumb","itemListElement":[{"@type":"ListItem","position":1,"name":"Accueil","item":"https:\/\/dicodusport.fr\/blog\/"},{"@type":"ListItem","position":2,"name":"USAP : Ce que va rapporter le d\u00e9part de Melvyn Jaminet"}]},{"@type":"WebSite","@id":"https:\/\/dicodusport.fr\/blog\/#website","url":"https:\/\/dicodusport.fr\/blog\/","name":"Dicodusport","description":"L&#039;encyclop\u00e9die de l&#039;actualit\u00e9 sportive","publisher":{"@id":"https:\/\/dicodusport.fr\/blog\/#organization"},"potentialAction":[{"@type":"SearchAction","target":{"@type":"EntryPoint","urlTemplate":"https:\/\/dicodusport.fr\/blog\/?s={search_term_string}"},"query-input":{"@type":"PropertyValueSpecification","valueRequired":true,"valueName":"search_term_string"}}],"inLanguage":"fr-FR"},{"@type":"NewsMediaOrganization","@id":"https:\/\/dicodusport.fr\/blog\/#organization","name":"Dicodusport","url":"https:\/\/dicodusport.fr\/blog\/","logo":{"@type":"ImageObject","inLanguage":"fr-FR","@id":"https:\/\/dicodusport.fr\/blog\/#\/schema\/logo\/image\/","url":"https:\/\/dicodusport.fr\/blog\/wp-content\/uploads\/2020\/06\/cropped-LOGO-DICODUSPORT-2020-SANS-FOND-SANS-TEXTE.png","contentUrl":"https:\/\/dicodusport.fr\/blog\/wp-content\/uploads\/2020\/06\/cropped-LOGO-DICODUSPORT-2020-SANS-FOND-SANS-TEXTE.png","width":512,"height":512,"caption":"Dicodusport"},"image":{"@id":"https:\/\/dicodusport.fr\/blog\/#\/schema\/logo\/image\/"},"sameAs":["https:\/\/www.facebook.com\/dicodusport","https:\/\/x.com\/dicodusport","https:\/\/www.instagram.com\/dicodusport\/","https:\/\/www.youtube.com\/channel\/UC7V2KZ5sd3htJivAbA4ZG3w"],"description":"Dicodusport est l'encyclop\u00e9die de l'actualit\u00e9 sportive.","email":"bonjour@dicodusport.fr","legalName":"DICODUSPORT","foundingDate":"2018-01-14","vatID":"FR71834470973","taxID":"83447097300043","numberOfEmployees":{"@type":"QuantitativeValue","minValue":"1","maxValue":"10"}},{"@type":"Person","@id":"https:\/\/dicodusport.fr\/blog\/#\/schema\/person\/cb02af4c173ce4a653b55e9baf388d4a","name":"Flo Ostermann","image":{"@type":"ImageObject","inLanguage":"fr-FR","@id":"https:\/\/dicodusport.fr\/blog\/#\/schema\/person\/image\/","url":"https:\/\/dicodusport.fr\/blog\/wp-content\/uploads\/2021\/05\/Flo-Ostermann-150x150.jpg","contentUrl":"https:\/\/dicodusport.fr\/blog\/wp-content\/uploads\/2021\/05\/Flo-Ostermann-150x150.jpg","caption":"Flo Ostermann"},"description":"Journaliste\/R\u00e9dacteur depuis septembre 2015 - Mes premiers souvenirs dans le sport ? Les envol\u00e9es du Stade Toulousain et les duels Villeneuve-Schumacher et H\u00e4kkinen-Schumacher \u00e0 la fin des ann\u00e9es 90, la Coupe du monde de football en 1998, l\u2019exploit du XV de France face aux All Blacks en 1999, mais aussi Richard C\u0153ur de Lion qui vole sur les montagnes du Tour de France. Bien parti pour devenir professeur d\u2019EPS, les \u00e9v\u00e9nements de la vie (et la flemme d\u2019animer des s\u00e9ances de 3x500 m\u00e8tres toute ma vie) m\u2019ont conduit \u00e0 revoir mes plans. Me voil\u00e0 depuis fin 2017 sur Dicodusport, m\u00e9dia gr\u00e2ce (et pour) lequel je partage ma passion : le sport dans tous ses \u00e9tats. Le tout accompagn\u00e9 par les fous furieux et folles furieuses cit\u00e9s sur cette page !","sameAs":["https:\/\/www.facebook.com\/florent.ostermann","https:\/\/x.com\/https:\/\/twitter.com\/FlOstermann","admin"],"url":"https:\/\/dicodusport.fr\/blog\/author\/flo\/"}]}},"_links":{"self":[{"href":"https:\/\/dicodusport.fr\/blog\/wp-json\/wp\/v2\/posts\/216299","targetHints":{"allow":["GET"]}}],"collection":[{"href":"https:\/\/dicodusport.fr\/blog\/wp-json\/wp\/v2\/posts"}],"about":[{"href":"https:\/\/dicodusport.fr\/blog\/wp-json\/wp\/v2\/types\/post"}],"author":[{"embeddable":true,"href":"https:\/\/dicodusport.fr\/blog\/wp-json\/wp\/v2\/users\/4"}],"replies":[{"embeddable":true,"href":"https:\/\/dicodusport.fr\/blog\/wp-json\/wp\/v2\/comments?post=216299"}],"version-history":[{"count":0,"href":"https:\/\/dicodusport.fr\/blog\/wp-json\/wp\/v2\/posts\/216299\/revisions"}],"wp:featuredmedia":[{"embeddable":true,"href":"https:\/\/dicodusport.fr\/blog\/wp-json\/wp\/v2\/media\/211731"}],"wp:attachment":[{"href":"https:\/\/dicodusport.fr\/blog\/wp-json\/wp\/v2\/media?parent=216299"}],"wp:term":[{"taxonomy":"category","embeddable":true,"href":"https:\/\/dicodusport.fr\/blog\/wp-json\/wp\/v2\/categories?post=216299"},{"taxonomy":"post_tag","embeddable":true,"href":"https:\/\/dicodusport.fr\/blog\/wp-json\/wp\/v2\/tags?post=216299"}],"curies":[{"name":"wp","href":"https:\/\/api.w.org\/{rel}","templated":true}]}}