{"id":216316,"date":"2022-04-15T21:43:42","date_gmt":"2022-04-15T19:43:42","guid":{"rendered":"https:\/\/dicodusport.fr\/blog\/?p=216316"},"modified":"2022-04-16T15:34:01","modified_gmt":"2022-04-16T13:34:01","slug":"coupe-du-monde-de-tir-premiere-victoire-en-carriere-pour-camille-jedrzejewski","status":"publish","type":"post","link":"https:\/\/dicodusport.fr\/blog\/coupe-du-monde-de-tir-premiere-victoire-en-carriere-pour-camille-jedrzejewski\/","title":{"rendered":"Coupe du monde de tir : Premi\u00e8re victoire en carri\u00e8re pour Camille Jedrzejewski"},"content":{"rendered":"<p style=\"text-align: justify;\"><strong><em>COUPE DU MONDE DE TIR &#8211; Le tir sportif fran\u00e7ais se porte tr\u00e8s bien ! Nombreux sont les tireurs fran\u00e7ais dans le top 10 mondial, et on comprend mieux pourquoi. \u00c0 tout juste 19 ans, Camille Jedrzejewski a remport\u00e9 ce vendredi apr\u00e8s-midi sa toute premi\u00e8re Coupe du monde, et avec la mani\u00e8re.<\/em><\/strong><\/p>\n<h2>La premi\u00e8re d&rsquo;une longue s\u00e9rie pour <strong>Camille Jedrzejewski<\/strong> ?<\/h2>\n<p style=\"text-align: justify;\">Une chose est s\u00fbre, quand on r\u00e9ussit une telle performance \u00e0 seulement 19 ans, on peut esp\u00e9rer une belle suite de carri\u00e8re. Ce vendredi \u00e0 Rio, la pistoli\u00e8re tricolore <strong>Camille Jedrzejewski<\/strong> a impressionn\u00e9. Elle a remport\u00e9 l&rsquo;\u00e9preuve de tir au pistolet \u00e0 25m avec une belle avance. Alors qu&rsquo;elle ne sont plus que trois, la Fran\u00e7aise signe un 5\/5 alors que ses deux concurrentes doivent se contenter d&rsquo;un 3\/5. L&rsquo;Autrichienne <strong>Sylvia Steiner<\/strong> \u00e9limin\u00e9e, <strong>Camille Jedrzejewski\u00a0<\/strong>joue alors la victoire finale lors des 10 prochaines balles avec une avance de 5 points contre l&rsquo;Allemande <strong>Doreen Vennekamp<\/strong>.<\/p>\n<p style=\"text-align: justify;\">Elle s&rsquo;est m\u00eame offert le luxe d&rsquo;assurer la victoire avant l&rsquo;ultime s\u00e9rie de 5 tirs puisqu&rsquo;en menant 29-22, elle ne pouvait pas \u00eatre rattrap\u00e9e. Surement surprise par sa performance, la tireuse fran\u00e7aise a fondu en larmes apr\u00e8s la derni\u00e8re balle, avant que sa concurrente allemande ne la prenne dans ses bras. Au final, le score est sans appel, 25-32, dont 17 tirs r\u00e9ussis cons\u00e9cutifs. Absolument exceptionnel.<\/p>\n<blockquote class=\"twitter-tweet\">\n<p dir=\"ltr\" lang=\"fr\">&#x1f947; <a href=\"https:\/\/twitter.com\/Camille_Jdw?ref_src=twsrc%5Etfw\">@Camille_Jdw<\/a> d\u00e9croche la m\u00e9daille d&rsquo;or cet apr\u00e8s-midi en Pistolet 25m lors de la coupe du monde <a href=\"https:\/\/twitter.com\/ISSF_Shooting?ref_src=twsrc%5Etfw\">@ISSF_Shooting<\/a> Cibles de Rio de Janeiro &#x1f1e7;&#x1f1f7;<\/p>\n<p>&#x1f525; Il s&rsquo;agit de sa 3e m\u00e9daille remport\u00e9e dans cette comp\u00e9tition.<\/p>\n<p>Bravo Camille &#x1f499;&#x1f90d;&#x2764;&#xfe0f;<\/p>\n<p>&#x2139; <a href=\"https:\/\/t.co\/Q8RvQj6vfR\">https:\/\/t.co\/Q8RvQj6vfR<\/a> <a href=\"https:\/\/t.co\/YZ9ytuPIXt\">pic.twitter.com\/YZ9ytuPIXt<\/a><\/p>\n<p>\u2014 FFTir (@tir_ff) <a href=\"https:\/\/twitter.com\/tir_ff\/status\/1515031236363837444?ref_src=twsrc%5Etfw\">April 15, 2022<\/a><\/p><\/blockquote>\n<p><script async src=\"https:\/\/platform.twitter.com\/widgets.js\" charset=\"utf-8\"><\/script><\/p>\n","protected":false},"excerpt":{"rendered":"<p>COUPE DU MONDE DE TIR &#8211; Le tir sportif fran\u00e7ais se porte tr\u00e8s bien ! Nombreux sont les tireurs fran\u00e7ais dans le top 10 mondial, et on comprend mieux pourquoi. \u00c0 tout juste 19 ans, Camille Jedrzejewski a remport\u00e9 ce vendredi apr\u00e8s-midi sa toute premi\u00e8re Coupe du monde, et avec la mani\u00e8re.<\/p>\n","protected":false},"author":43,"featured_media":216325,"comment_status":"open","ping_status":"closed","sticky":false,"template":"","format":"standard","meta":{"_acf_changed":false,"_daextam_enable_autolinks":"","footnotes":""},"categories":[16898],"tags":[22971,24],"class_list":["post-216316","post","type-post","status-publish","format-standard","has-post-thumbnail","hentry","category-tir","tag-camille-jedrzejewski","tag-sport"],"acf":[],"yoast_head":"<!-- This site is optimized with the Yoast SEO Premium plugin v26.7 (Yoast SEO v26.7) - https:\/\/yoast.com\/wordpress\/plugins\/seo\/ -->\n<title>Coupe du monde de tir : Premi\u00e8re victoire en carri\u00e8re pour Camille Jedrzejewski<\/title>\n<meta name=\"description\" content=\"TIR SPORTIF - Quelle belle performance de Camille Jedrzejewski, qui remporte sa toute premi\u00e8re Coupe du monde \u00e0 tout juste 19 ans.\" \/>\n<meta name=\"robots\" content=\"index, follow, max-snippet:-1, max-image-preview:large, max-video-preview:-1\" \/>\n<link rel=\"canonical\" href=\"https:\/\/dicodusport.fr\/blog\/coupe-du-monde-de-tir-premiere-victoire-en-carriere-pour-camille-jedrzejewski\/\" \/>\n<meta property=\"og:locale\" content=\"fr_FR\" \/>\n<meta property=\"og:type\" content=\"article\" \/>\n<meta property=\"og:title\" content=\"Coupe du monde de tir : Premi\u00e8re victoire en carri\u00e8re pour Camille Jedrzejewski\" \/>\n<meta property=\"og:description\" content=\"TIR SPORTIF - Quelle belle performance de Camille Jedrzejewski, qui remporte sa toute premi\u00e8re Coupe du monde \u00e0 tout juste 19 ans.\" \/>\n<meta property=\"og:url\" content=\"https:\/\/dicodusport.fr\/blog\/coupe-du-monde-de-tir-premiere-victoire-en-carriere-pour-camille-jedrzejewski\/\" \/>\n<meta property=\"og:site_name\" content=\"Dicodusport\" \/>\n<meta property=\"article:publisher\" content=\"https:\/\/www.facebook.com\/dicodusport\" \/>\n<meta property=\"article:author\" content=\"https:\/\/www.facebook.com\/Max.Bld2\/\" \/>\n<meta property=\"article:published_time\" content=\"2022-04-15T19:43:42+00:00\" \/>\n<meta property=\"article:modified_time\" content=\"2022-04-16T13:34:01+00:00\" \/>\n<meta property=\"og:image\" content=\"https:\/\/dicodusport.fr\/blog\/wp-content\/uploads\/2022\/04\/Coupe-du-monde-de-tir-Premiere-victoire-en-carriere-pour-Camille-Jedrzejewski.png\" \/>\n\t<meta property=\"og:image:width\" content=\"800\" \/>\n\t<meta property=\"og:image:height\" content=\"445\" \/>\n\t<meta property=\"og:image:type\" content=\"image\/png\" \/>\n<meta name=\"author\" content=\"Maxime Boulard\" \/>\n<meta name=\"twitter:card\" content=\"summary_large_image\" \/>\n<meta name=\"twitter:title\" content=\"Coupe du monde de tir : Premi\u00e8re victoire en carri\u00e8re pour Camille Jedrzejewski\" \/>\n<meta name=\"twitter:creator\" content=\"@https:\/\/twitter.com\/MaximeB_2\" \/>\n<meta name=\"twitter:site\" content=\"@dicodusport\" \/>\n<script type=\"application\/ld+json\" class=\"yoast-schema-graph\">{\"@context\":\"https:\/\/schema.org\",\"@graph\":[{\"@type\":\"NewsArticle\",\"@id\":\"https:\/\/dicodusport.fr\/blog\/coupe-du-monde-de-tir-premiere-victoire-en-carriere-pour-camille-jedrzejewski\/#article\",\"isPartOf\":{\"@id\":\"https:\/\/dicodusport.fr\/blog\/coupe-du-monde-de-tir-premiere-victoire-en-carriere-pour-camille-jedrzejewski\/\"},\"author\":{\"name\":\"Maxime Boulard\",\"@id\":\"https:\/\/dicodusport.fr\/blog\/#\/schema\/person\/5aab10ee856e86ac63e9819a9da34784\"},\"headline\":\"Coupe du monde de tir : Premi\u00e8re victoire en carri\u00e8re pour Camille Jedrzejewski\",\"datePublished\":\"2022-04-15T19:43:42+00:00\",\"dateModified\":\"2022-04-16T13:34:01+00:00\",\"mainEntityOfPage\":{\"@id\":\"https:\/\/dicodusport.fr\/blog\/coupe-du-monde-de-tir-premiere-victoire-en-carriere-pour-camille-jedrzejewski\/\"},\"wordCount\":332,\"commentCount\":0,\"publisher\":{\"@id\":\"https:\/\/dicodusport.fr\/blog\/#organization\"},\"image\":{\"@id\":\"https:\/\/dicodusport.fr\/blog\/coupe-du-monde-de-tir-premiere-victoire-en-carriere-pour-camille-jedrzejewski\/#primaryimage\"},\"thumbnailUrl\":\"https:\/\/dicodusport.fr\/blog\/wp-content\/uploads\/2022\/04\/Coupe-du-monde-de-tir-Premiere-victoire-en-carriere-pour-Camille-Jedrzejewski.png\",\"keywords\":[\"Camille Jedrzejewski\",\"sport\"],\"articleSection\":[\"Tir\"],\"inLanguage\":\"fr-FR\",\"potentialAction\":[{\"@type\":\"CommentAction\",\"name\":\"Comment\",\"target\":[\"https:\/\/dicodusport.fr\/blog\/coupe-du-monde-de-tir-premiere-victoire-en-carriere-pour-camille-jedrzejewski\/#respond\"]}],\"copyrightYear\":\"2022\",\"copyrightHolder\":{\"@id\":\"https:\/\/dicodusport.fr\/blog\/#organization\"}},{\"@type\":\"WebPage\",\"@id\":\"https:\/\/dicodusport.fr\/blog\/coupe-du-monde-de-tir-premiere-victoire-en-carriere-pour-camille-jedrzejewski\/\",\"url\":\"https:\/\/dicodusport.fr\/blog\/coupe-du-monde-de-tir-premiere-victoire-en-carriere-pour-camille-jedrzejewski\/\",\"name\":\"Coupe du monde de tir : Premi\u00e8re victoire en carri\u00e8re pour Camille Jedrzejewski\",\"isPartOf\":{\"@id\":\"https:\/\/dicodusport.fr\/blog\/#website\"},\"primaryImageOfPage\":{\"@id\":\"https:\/\/dicodusport.fr\/blog\/coupe-du-monde-de-tir-premiere-victoire-en-carriere-pour-camille-jedrzejewski\/#primaryimage\"},\"image\":{\"@id\":\"https:\/\/dicodusport.fr\/blog\/coupe-du-monde-de-tir-premiere-victoire-en-carriere-pour-camille-jedrzejewski\/#primaryimage\"},\"thumbnailUrl\":\"https:\/\/dicodusport.fr\/blog\/wp-content\/uploads\/2022\/04\/Coupe-du-monde-de-tir-Premiere-victoire-en-carriere-pour-Camille-Jedrzejewski.png\",\"datePublished\":\"2022-04-15T19:43:42+00:00\",\"dateModified\":\"2022-04-16T13:34:01+00:00\",\"description\":\"TIR SPORTIF - Quelle belle performance de Camille Jedrzejewski, qui remporte sa toute premi\u00e8re Coupe du monde \u00e0 tout juste 19 ans.\",\"breadcrumb\":{\"@id\":\"https:\/\/dicodusport.fr\/blog\/coupe-du-monde-de-tir-premiere-victoire-en-carriere-pour-camille-jedrzejewski\/#breadcrumb\"},\"inLanguage\":\"fr-FR\",\"potentialAction\":[{\"@type\":\"ReadAction\",\"target\":[\"https:\/\/dicodusport.fr\/blog\/coupe-du-monde-de-tir-premiere-victoire-en-carriere-pour-camille-jedrzejewski\/\"]}]},{\"@type\":\"ImageObject\",\"inLanguage\":\"fr-FR\",\"@id\":\"https:\/\/dicodusport.fr\/blog\/coupe-du-monde-de-tir-premiere-victoire-en-carriere-pour-camille-jedrzejewski\/#primaryimage\",\"url\":\"https:\/\/dicodusport.fr\/blog\/wp-content\/uploads\/2022\/04\/Coupe-du-monde-de-tir-Premiere-victoire-en-carriere-pour-Camille-Jedrzejewski.png\",\"contentUrl\":\"https:\/\/dicodusport.fr\/blog\/wp-content\/uploads\/2022\/04\/Coupe-du-monde-de-tir-Premiere-victoire-en-carriere-pour-Camille-Jedrzejewski.png\",\"width\":800,\"height\":445,\"caption\":\"Coupe du monde de tir Premi\u00e8re victoire en carri\u00e8re pour Camille Jedrzejewski\"},{\"@type\":\"BreadcrumbList\",\"@id\":\"https:\/\/dicodusport.fr\/blog\/coupe-du-monde-de-tir-premiere-victoire-en-carriere-pour-camille-jedrzejewski\/#breadcrumb\",\"itemListElement\":[{\"@type\":\"ListItem\",\"position\":1,\"name\":\"Accueil\",\"item\":\"https:\/\/dicodusport.fr\/blog\/\"},{\"@type\":\"ListItem\",\"position\":2,\"name\":\"Coupe du monde de tir : Premi\u00e8re victoire en carri\u00e8re pour Camille Jedrzejewski\"}]},{\"@type\":\"WebSite\",\"@id\":\"https:\/\/dicodusport.fr\/blog\/#website\",\"url\":\"https:\/\/dicodusport.fr\/blog\/\",\"name\":\"Dicodusport\",\"description\":\"L&#039;encyclop\u00e9die de l&#039;actualit\u00e9 sportive\",\"publisher\":{\"@id\":\"https:\/\/dicodusport.fr\/blog\/#organization\"},\"potentialAction\":[{\"@type\":\"SearchAction\",\"target\":{\"@type\":\"EntryPoint\",\"urlTemplate\":\"https:\/\/dicodusport.fr\/blog\/?s={search_term_string}\"},\"query-input\":{\"@type\":\"PropertyValueSpecification\",\"valueRequired\":true,\"valueName\":\"search_term_string\"}}],\"inLanguage\":\"fr-FR\"},{\"@type\":\"NewsMediaOrganization\",\"@id\":\"https:\/\/dicodusport.fr\/blog\/#organization\",\"name\":\"Dicodusport\",\"url\":\"https:\/\/dicodusport.fr\/blog\/\",\"logo\":{\"@type\":\"ImageObject\",\"inLanguage\":\"fr-FR\",\"@id\":\"https:\/\/dicodusport.fr\/blog\/#\/schema\/logo\/image\/\",\"url\":\"https:\/\/dicodusport.fr\/blog\/wp-content\/uploads\/2020\/06\/cropped-LOGO-DICODUSPORT-2020-SANS-FOND-SANS-TEXTE.png\",\"contentUrl\":\"https:\/\/dicodusport.fr\/blog\/wp-content\/uploads\/2020\/06\/cropped-LOGO-DICODUSPORT-2020-SANS-FOND-SANS-TEXTE.png\",\"width\":512,\"height\":512,\"caption\":\"Dicodusport\"},\"image\":{\"@id\":\"https:\/\/dicodusport.fr\/blog\/#\/schema\/logo\/image\/\"},\"sameAs\":[\"https:\/\/www.facebook.com\/dicodusport\",\"https:\/\/x.com\/dicodusport\",\"https:\/\/www.instagram.com\/dicodusport\/\",\"https:\/\/www.youtube.com\/channel\/UC7V2KZ5sd3htJivAbA4ZG3w\"],\"description\":\"Dicodusport est l'encyclop\u00e9die de l'actualit\u00e9 sportive.\",\"email\":\"bonjour@dicodusport.fr\",\"legalName\":\"DICODUSPORT\",\"foundingDate\":\"2018-01-14\",\"vatID\":\"FR71834470973\",\"taxID\":\"83447097300043\",\"numberOfEmployees\":{\"@type\":\"QuantitativeValue\",\"minValue\":\"1\",\"maxValue\":\"10\"}},{\"@type\":\"Person\",\"@id\":\"https:\/\/dicodusport.fr\/blog\/#\/schema\/person\/5aab10ee856e86ac63e9819a9da34784\",\"name\":\"Maxime Boulard\",\"image\":{\"@type\":\"ImageObject\",\"inLanguage\":\"fr-FR\",\"@id\":\"https:\/\/dicodusport.fr\/blog\/#\/schema\/person\/image\/\",\"url\":\"https:\/\/dicodusport.fr\/blog\/wp-content\/uploads\/2021\/05\/Maxime-Boulard-150x150.jpg\",\"contentUrl\":\"https:\/\/dicodusport.fr\/blog\/wp-content\/uploads\/2021\/05\/Maxime-Boulard-150x150.jpg\",\"caption\":\"Maxime Boulard\"},\"description\":\"Journaliste\/r\u00e9dacteur depuis octobre 2020 - Si mon plus vieux souvenir de sport aurait pu m'en d\u00e9go\u00fbter, la finale de la Coupe du monde 2006 a \u00e9t\u00e9 tout le contraire. V\u00e9ritable d\u00e9clencheur d'une passion qui aujourd'hui ne fait que grandir avec le temps, mon leitmotiv est la France qui brille ! Je relate les exploits pass\u00e9s et pr\u00e9sents du sport bleu-blanc-rouge sans m\u00e9nagement depuis octobre 2020. Sport valide ou handisport, aucune diff\u00e9rence, il n'y a que du sport et plusieurs fa\u00e7ons de le pratiquer.\",\"sameAs\":[\"https:\/\/www.facebook.com\/Max.Bld2\/\",\"https:\/\/x.com\/https:\/\/twitter.com\/MaximeB_2\"],\"url\":\"https:\/\/dicodusport.fr\/blog\/author\/maxime-b\/\"}]}<\/script>\n<!-- \/ Yoast SEO Premium plugin. -->","yoast_head_json":{"title":"Coupe du monde de tir : Premi\u00e8re victoire en carri\u00e8re pour Camille Jedrzejewski","description":"TIR SPORTIF - Quelle belle performance de Camille Jedrzejewski, qui remporte sa toute premi\u00e8re Coupe du monde \u00e0 tout juste 19 ans.","robots":{"index":"index","follow":"follow","max-snippet":"max-snippet:-1","max-image-preview":"max-image-preview:large","max-video-preview":"max-video-preview:-1"},"canonical":"https:\/\/dicodusport.fr\/blog\/coupe-du-monde-de-tir-premiere-victoire-en-carriere-pour-camille-jedrzejewski\/","og_locale":"fr_FR","og_type":"article","og_title":"Coupe du monde de tir : Premi\u00e8re victoire en carri\u00e8re pour Camille Jedrzejewski","og_description":"TIR SPORTIF - Quelle belle performance de Camille Jedrzejewski, qui remporte sa toute premi\u00e8re Coupe du monde \u00e0 tout juste 19 ans.","og_url":"https:\/\/dicodusport.fr\/blog\/coupe-du-monde-de-tir-premiere-victoire-en-carriere-pour-camille-jedrzejewski\/","og_site_name":"Dicodusport","article_publisher":"https:\/\/www.facebook.com\/dicodusport","article_author":"https:\/\/www.facebook.com\/Max.Bld2\/","article_published_time":"2022-04-15T19:43:42+00:00","article_modified_time":"2022-04-16T13:34:01+00:00","og_image":[{"width":800,"height":445,"url":"https:\/\/dicodusport.fr\/blog\/wp-content\/uploads\/2022\/04\/Coupe-du-monde-de-tir-Premiere-victoire-en-carriere-pour-Camille-Jedrzejewski.png","type":"image\/png"}],"author":"Maxime Boulard","twitter_card":"summary_large_image","twitter_title":"Coupe du monde de tir : Premi\u00e8re victoire en carri\u00e8re pour Camille Jedrzejewski","twitter_creator":"@https:\/\/twitter.com\/MaximeB_2","twitter_site":"@dicodusport","schema":{"@context":"https:\/\/schema.org","@graph":[{"@type":"NewsArticle","@id":"https:\/\/dicodusport.fr\/blog\/coupe-du-monde-de-tir-premiere-victoire-en-carriere-pour-camille-jedrzejewski\/#article","isPartOf":{"@id":"https:\/\/dicodusport.fr\/blog\/coupe-du-monde-de-tir-premiere-victoire-en-carriere-pour-camille-jedrzejewski\/"},"author":{"name":"Maxime Boulard","@id":"https:\/\/dicodusport.fr\/blog\/#\/schema\/person\/5aab10ee856e86ac63e9819a9da34784"},"headline":"Coupe du monde de tir : Premi\u00e8re victoire en carri\u00e8re pour Camille Jedrzejewski","datePublished":"2022-04-15T19:43:42+00:00","dateModified":"2022-04-16T13:34:01+00:00","mainEntityOfPage":{"@id":"https:\/\/dicodusport.fr\/blog\/coupe-du-monde-de-tir-premiere-victoire-en-carriere-pour-camille-jedrzejewski\/"},"wordCount":332,"commentCount":0,"publisher":{"@id":"https:\/\/dicodusport.fr\/blog\/#organization"},"image":{"@id":"https:\/\/dicodusport.fr\/blog\/coupe-du-monde-de-tir-premiere-victoire-en-carriere-pour-camille-jedrzejewski\/#primaryimage"},"thumbnailUrl":"https:\/\/dicodusport.fr\/blog\/wp-content\/uploads\/2022\/04\/Coupe-du-monde-de-tir-Premiere-victoire-en-carriere-pour-Camille-Jedrzejewski.png","keywords":["Camille Jedrzejewski","sport"],"articleSection":["Tir"],"inLanguage":"fr-FR","potentialAction":[{"@type":"CommentAction","name":"Comment","target":["https:\/\/dicodusport.fr\/blog\/coupe-du-monde-de-tir-premiere-victoire-en-carriere-pour-camille-jedrzejewski\/#respond"]}],"copyrightYear":"2022","copyrightHolder":{"@id":"https:\/\/dicodusport.fr\/blog\/#organization"}},{"@type":"WebPage","@id":"https:\/\/dicodusport.fr\/blog\/coupe-du-monde-de-tir-premiere-victoire-en-carriere-pour-camille-jedrzejewski\/","url":"https:\/\/dicodusport.fr\/blog\/coupe-du-monde-de-tir-premiere-victoire-en-carriere-pour-camille-jedrzejewski\/","name":"Coupe du monde de tir : Premi\u00e8re victoire en carri\u00e8re pour Camille Jedrzejewski","isPartOf":{"@id":"https:\/\/dicodusport.fr\/blog\/#website"},"primaryImageOfPage":{"@id":"https:\/\/dicodusport.fr\/blog\/coupe-du-monde-de-tir-premiere-victoire-en-carriere-pour-camille-jedrzejewski\/#primaryimage"},"image":{"@id":"https:\/\/dicodusport.fr\/blog\/coupe-du-monde-de-tir-premiere-victoire-en-carriere-pour-camille-jedrzejewski\/#primaryimage"},"thumbnailUrl":"https:\/\/dicodusport.fr\/blog\/wp-content\/uploads\/2022\/04\/Coupe-du-monde-de-tir-Premiere-victoire-en-carriere-pour-Camille-Jedrzejewski.png","datePublished":"2022-04-15T19:43:42+00:00","dateModified":"2022-04-16T13:34:01+00:00","description":"TIR SPORTIF - Quelle belle performance de Camille Jedrzejewski, qui remporte sa toute premi\u00e8re Coupe du monde \u00e0 tout juste 19 ans.","breadcrumb":{"@id":"https:\/\/dicodusport.fr\/blog\/coupe-du-monde-de-tir-premiere-victoire-en-carriere-pour-camille-jedrzejewski\/#breadcrumb"},"inLanguage":"fr-FR","potentialAction":[{"@type":"ReadAction","target":["https:\/\/dicodusport.fr\/blog\/coupe-du-monde-de-tir-premiere-victoire-en-carriere-pour-camille-jedrzejewski\/"]}]},{"@type":"ImageObject","inLanguage":"fr-FR","@id":"https:\/\/dicodusport.fr\/blog\/coupe-du-monde-de-tir-premiere-victoire-en-carriere-pour-camille-jedrzejewski\/#primaryimage","url":"https:\/\/dicodusport.fr\/blog\/wp-content\/uploads\/2022\/04\/Coupe-du-monde-de-tir-Premiere-victoire-en-carriere-pour-Camille-Jedrzejewski.png","contentUrl":"https:\/\/dicodusport.fr\/blog\/wp-content\/uploads\/2022\/04\/Coupe-du-monde-de-tir-Premiere-victoire-en-carriere-pour-Camille-Jedrzejewski.png","width":800,"height":445,"caption":"Coupe du monde de tir Premi\u00e8re victoire en carri\u00e8re pour Camille Jedrzejewski"},{"@type":"BreadcrumbList","@id":"https:\/\/dicodusport.fr\/blog\/coupe-du-monde-de-tir-premiere-victoire-en-carriere-pour-camille-jedrzejewski\/#breadcrumb","itemListElement":[{"@type":"ListItem","position":1,"name":"Accueil","item":"https:\/\/dicodusport.fr\/blog\/"},{"@type":"ListItem","position":2,"name":"Coupe du monde de tir : Premi\u00e8re victoire en carri\u00e8re pour Camille Jedrzejewski"}]},{"@type":"WebSite","@id":"https:\/\/dicodusport.fr\/blog\/#website","url":"https:\/\/dicodusport.fr\/blog\/","name":"Dicodusport","description":"L&#039;encyclop\u00e9die de l&#039;actualit\u00e9 sportive","publisher":{"@id":"https:\/\/dicodusport.fr\/blog\/#organization"},"potentialAction":[{"@type":"SearchAction","target":{"@type":"EntryPoint","urlTemplate":"https:\/\/dicodusport.fr\/blog\/?s={search_term_string}"},"query-input":{"@type":"PropertyValueSpecification","valueRequired":true,"valueName":"search_term_string"}}],"inLanguage":"fr-FR"},{"@type":"NewsMediaOrganization","@id":"https:\/\/dicodusport.fr\/blog\/#organization","name":"Dicodusport","url":"https:\/\/dicodusport.fr\/blog\/","logo":{"@type":"ImageObject","inLanguage":"fr-FR","@id":"https:\/\/dicodusport.fr\/blog\/#\/schema\/logo\/image\/","url":"https:\/\/dicodusport.fr\/blog\/wp-content\/uploads\/2020\/06\/cropped-LOGO-DICODUSPORT-2020-SANS-FOND-SANS-TEXTE.png","contentUrl":"https:\/\/dicodusport.fr\/blog\/wp-content\/uploads\/2020\/06\/cropped-LOGO-DICODUSPORT-2020-SANS-FOND-SANS-TEXTE.png","width":512,"height":512,"caption":"Dicodusport"},"image":{"@id":"https:\/\/dicodusport.fr\/blog\/#\/schema\/logo\/image\/"},"sameAs":["https:\/\/www.facebook.com\/dicodusport","https:\/\/x.com\/dicodusport","https:\/\/www.instagram.com\/dicodusport\/","https:\/\/www.youtube.com\/channel\/UC7V2KZ5sd3htJivAbA4ZG3w"],"description":"Dicodusport est l'encyclop\u00e9die de l'actualit\u00e9 sportive.","email":"bonjour@dicodusport.fr","legalName":"DICODUSPORT","foundingDate":"2018-01-14","vatID":"FR71834470973","taxID":"83447097300043","numberOfEmployees":{"@type":"QuantitativeValue","minValue":"1","maxValue":"10"}},{"@type":"Person","@id":"https:\/\/dicodusport.fr\/blog\/#\/schema\/person\/5aab10ee856e86ac63e9819a9da34784","name":"Maxime Boulard","image":{"@type":"ImageObject","inLanguage":"fr-FR","@id":"https:\/\/dicodusport.fr\/blog\/#\/schema\/person\/image\/","url":"https:\/\/dicodusport.fr\/blog\/wp-content\/uploads\/2021\/05\/Maxime-Boulard-150x150.jpg","contentUrl":"https:\/\/dicodusport.fr\/blog\/wp-content\/uploads\/2021\/05\/Maxime-Boulard-150x150.jpg","caption":"Maxime Boulard"},"description":"Journaliste\/r\u00e9dacteur depuis octobre 2020 - Si mon plus vieux souvenir de sport aurait pu m'en d\u00e9go\u00fbter, la finale de la Coupe du monde 2006 a \u00e9t\u00e9 tout le contraire. V\u00e9ritable d\u00e9clencheur d'une passion qui aujourd'hui ne fait que grandir avec le temps, mon leitmotiv est la France qui brille ! Je relate les exploits pass\u00e9s et pr\u00e9sents du sport bleu-blanc-rouge sans m\u00e9nagement depuis octobre 2020. Sport valide ou handisport, aucune diff\u00e9rence, il n'y a que du sport et plusieurs fa\u00e7ons de le pratiquer.","sameAs":["https:\/\/www.facebook.com\/Max.Bld2\/","https:\/\/x.com\/https:\/\/twitter.com\/MaximeB_2"],"url":"https:\/\/dicodusport.fr\/blog\/author\/maxime-b\/"}]}},"_links":{"self":[{"href":"https:\/\/dicodusport.fr\/blog\/wp-json\/wp\/v2\/posts\/216316","targetHints":{"allow":["GET"]}}],"collection":[{"href":"https:\/\/dicodusport.fr\/blog\/wp-json\/wp\/v2\/posts"}],"about":[{"href":"https:\/\/dicodusport.fr\/blog\/wp-json\/wp\/v2\/types\/post"}],"author":[{"embeddable":true,"href":"https:\/\/dicodusport.fr\/blog\/wp-json\/wp\/v2\/users\/43"}],"replies":[{"embeddable":true,"href":"https:\/\/dicodusport.fr\/blog\/wp-json\/wp\/v2\/comments?post=216316"}],"version-history":[{"count":0,"href":"https:\/\/dicodusport.fr\/blog\/wp-json\/wp\/v2\/posts\/216316\/revisions"}],"wp:featuredmedia":[{"embeddable":true,"href":"https:\/\/dicodusport.fr\/blog\/wp-json\/wp\/v2\/media\/216325"}],"wp:attachment":[{"href":"https:\/\/dicodusport.fr\/blog\/wp-json\/wp\/v2\/media?parent=216316"}],"wp:term":[{"taxonomy":"category","embeddable":true,"href":"https:\/\/dicodusport.fr\/blog\/wp-json\/wp\/v2\/categories?post=216316"},{"taxonomy":"post_tag","embeddable":true,"href":"https:\/\/dicodusport.fr\/blog\/wp-json\/wp\/v2\/tags?post=216316"}],"curies":[{"name":"wp","href":"https:\/\/api.w.org\/{rel}","templated":true}]}}