{"id":216549,"date":"2022-04-16T17:11:55","date_gmt":"2022-04-16T15:11:55","guid":{"rendered":"https:\/\/dicodusport.fr\/blog\/?p=216549&#038;preview=true&#038;preview_id=216549"},"modified":"2022-04-16T17:54:59","modified_gmt":"2022-04-16T15:54:59","slug":"romain-gregoire-remporte-liege-bastogne-liege-juniors","status":"publish","type":"post","link":"https:\/\/dicodusport.fr\/blog\/romain-gregoire-remporte-liege-bastogne-liege-juniors\/","title":{"rendered":"Romain Gr\u00e9goire remporte Li\u00e8ge-Bastogne-Li\u00e8ge espoirs"},"content":{"rendered":"<p style=\"text-align: justify;\"><b><i>CYCLISME SUR ROUTE 2022 &#8211; Romain Gr\u00e9goire, coureur de la Conti Groupama-FDJ, a remport\u00e9 l&rsquo;\u00e9dition 2022 de Li\u00e8ge-Bastogne-Li\u00e8ge chez les espoirs.\u00a0<\/i><\/b><\/p>\n<p style=\"text-align: justify;\">Nouvelle ligne au palmar\u00e8s de <strong>Romain Gr\u00e9goire<\/strong> ! Champion d&rsquo;Europe et vice-champion du monde juniors en 2021, avec \u00e9galement des succ\u00e8s d\u00e9croch\u00e9s sur le Trofeo Guido Dorigo et le Tour de Valmorey, le coureur de 19 ans a triomph\u00e9 ce samedi sur Li\u00e8ge-Bastogne-Li\u00e8ge espoirs. D\u00e9j\u00e0 \u00e0 l&rsquo;attaque \u00e0 plus de 80 km de l&rsquo;arriv\u00e9e, avec notamment son co\u00e9quipier au sein de la Conti Groupama FDJ, <strong>Lenny Martinez<\/strong>, le natif de Besan\u00e7on a de nouveau pris la poudre d&rsquo;escampette \u00e0 5 km de l&rsquo;arriv\u00e9e, amenant avec lui plusieurs coureurs. Au sprint, il devance le Belge <strong>Lennert Van Eetvelt<\/strong> (Lotto-Soudal DT) et un autre coureur fran\u00e7ais, <strong>Gwen Leclainche<\/strong> (CC \u00c9tupes).<\/p>\n<p style=\"text-align: justify;\">Au palmar\u00e8s, il succ\u00e8de au Britannique <strong>Leo Hayter<\/strong>. <strong>Romain Gr\u00e9goire<\/strong> devient \u00e9galement le 8\u00e8me coureur tricolore \u00e0 l&#8217;emporter sur Li\u00e8ge-Bastogne-Li\u00e8ge espoirs, apr\u00e8s <strong>Laurent Eudeline<\/strong> en 1992, <strong>Franck Laurance<\/strong> en 1994, <strong>Fr\u00e9d\u00e9ric Drillaud<\/strong> en 1998, <strong>Philippe Koehler<\/strong> en 1999, <strong>Christophe Kern<\/strong> en 2002, <strong>Anthony Turgis<\/strong> en 2014 et <strong>Guillaume Martin<\/strong> en 2015.<\/p>\n<blockquote class=\"twitter-tweet\">\n<p dir=\"ltr\" lang=\"fr\">Romain Gr\u00e9goire (conti Groupama-FDJ) d\u00e9croche Li\u00e8ge-Bastogne-Li\u00e8ge espoirs ! Le Fran\u00e7ais, 19 ans, a r\u00e9gl\u00e9 un groupe de 7. Il s&rsquo;est montr\u00e9 offensif tout au long de la journ\u00e9e, d\u00e9j\u00e0 \u00e0 l&rsquo;avant dans la c\u00f4te de Stockeu \u00e0 84km. Gwen Leclainche (CC-Etupes) prend lui la 3e place.<\/p>\n<p>\u2014 Le Gruppetto (@LeGruppetto) <a href=\"https:\/\/twitter.com\/LeGruppetto\/status\/1515343509464797197?ref_src=twsrc%5Etfw\">April 16, 2022<\/a><\/p><\/blockquote>\n<p><script async src=\"https:\/\/platform.twitter.com\/widgets.js\" charset=\"utf-8\"><\/script><\/p>\n","protected":false},"excerpt":{"rendered":"<p>CYCLISME SUR ROUTE 2022 &#8211; Romain Gr\u00e9goire, coureur de la Conti Groupama-FDJ, a remport\u00e9 l&rsquo;\u00e9dition 2022 de Li\u00e8ge-Bastogne-Li\u00e8ge chez les espoirs.\u00a0<\/p>\n","protected":false},"author":1,"featured_media":216550,"comment_status":"open","ping_status":"closed","sticky":false,"template":"","format":"standard","meta":{"_acf_changed":false,"_daextam_enable_autolinks":"","footnotes":""},"categories":[46994],"tags":[4165,19485],"class_list":["post-216549","post","type-post","status-publish","format-standard","has-post-thumbnail","hentry","category-cyclisme-sur-route","tag-liege-bastogne-liege","tag-romain-gregoire"],"acf":[],"yoast_head":"<!-- This site is optimized with the Yoast SEO Premium plugin v26.7 (Yoast SEO v26.7) - https:\/\/yoast.com\/wordpress\/plugins\/seo\/ -->\n<title>Romain Gr\u00e9goire remporte Li\u00e8ge-Bastogne-Li\u00e8ge espoirs<\/title>\n<meta name=\"description\" content=\"Romain Gr\u00e9goire, coureur de la Conti Groupama-FDJ, a remport\u00e9 l&#039;\u00e9dition 2022 de Li\u00e8ge-Bastogne-Li\u00e8ge chez les juniors.\u00a0\" \/>\n<meta name=\"robots\" content=\"index, follow, max-snippet:-1, max-image-preview:large, max-video-preview:-1\" \/>\n<link rel=\"canonical\" href=\"https:\/\/dicodusport.fr\/blog\/romain-gregoire-remporte-liege-bastogne-liege-juniors\/\" \/>\n<meta property=\"og:locale\" content=\"fr_FR\" \/>\n<meta property=\"og:type\" content=\"article\" \/>\n<meta property=\"og:title\" content=\"Romain Gr\u00e9goire remporte Li\u00e8ge-Bastogne-Li\u00e8ge espoirs\" \/>\n<meta property=\"og:description\" content=\"Romain Gr\u00e9goire, coureur de la Conti Groupama-FDJ, a remport\u00e9 l&#039;\u00e9dition 2022 de Li\u00e8ge-Bastogne-Li\u00e8ge chez les juniors.\u00a0\" \/>\n<meta property=\"og:url\" content=\"https:\/\/dicodusport.fr\/blog\/romain-gregoire-remporte-liege-bastogne-liege-juniors\/\" \/>\n<meta property=\"og:site_name\" content=\"Dicodusport\" \/>\n<meta property=\"article:publisher\" content=\"https:\/\/www.facebook.com\/dicodusport\" \/>\n<meta property=\"article:author\" content=\"https:\/\/www.facebook.com\/dicodusport\" \/>\n<meta property=\"article:published_time\" content=\"2022-04-16T15:11:55+00:00\" \/>\n<meta property=\"article:modified_time\" content=\"2022-04-16T15:54:59+00:00\" \/>\n<meta property=\"og:image\" content=\"https:\/\/dicodusport.fr\/blog\/wp-content\/uploads\/2022\/04\/Romain-Gre\u0301goire-remporte-Lie\u0300ge-Bastogne-Lie\u0300ge-juniors.png\" \/>\n\t<meta property=\"og:image:width\" content=\"800\" \/>\n\t<meta property=\"og:image:height\" content=\"445\" \/>\n\t<meta property=\"og:image:type\" content=\"image\/png\" \/>\n<meta name=\"author\" content=\"Nicolas Jacquemard\" \/>\n<meta name=\"twitter:card\" content=\"summary_large_image\" \/>\n<meta name=\"twitter:title\" content=\"Romain Gr\u00e9goire remporte Li\u00e8ge-Bastogne-Li\u00e8ge espoirs\" \/>\n<meta name=\"twitter:creator\" content=\"@https:\/\/twitter.com\/Nico_Jacquemard\" \/>\n<meta name=\"twitter:site\" content=\"@dicodusport\" \/>\n<script type=\"application\/ld+json\" class=\"yoast-schema-graph\">{\"@context\":\"https:\/\/schema.org\",\"@graph\":[{\"@type\":\"NewsArticle\",\"@id\":\"https:\/\/dicodusport.fr\/blog\/romain-gregoire-remporte-liege-bastogne-liege-juniors\/#article\",\"isPartOf\":{\"@id\":\"https:\/\/dicodusport.fr\/blog\/romain-gregoire-remporte-liege-bastogne-liege-juniors\/\"},\"author\":{\"name\":\"Nicolas Jacquemard\",\"@id\":\"https:\/\/dicodusport.fr\/blog\/#\/schema\/person\/55dcb50ad410894e431ed812bbb70191\"},\"headline\":\"Romain Gr\u00e9goire remporte Li\u00e8ge-Bastogne-Li\u00e8ge espoirs\",\"datePublished\":\"2022-04-16T15:11:55+00:00\",\"dateModified\":\"2022-04-16T15:54:59+00:00\",\"mainEntityOfPage\":{\"@id\":\"https:\/\/dicodusport.fr\/blog\/romain-gregoire-remporte-liege-bastogne-liege-juniors\/\"},\"wordCount\":257,\"commentCount\":1,\"publisher\":{\"@id\":\"https:\/\/dicodusport.fr\/blog\/#organization\"},\"image\":{\"@id\":\"https:\/\/dicodusport.fr\/blog\/romain-gregoire-remporte-liege-bastogne-liege-juniors\/#primaryimage\"},\"thumbnailUrl\":\"https:\/\/dicodusport.fr\/blog\/wp-content\/uploads\/2022\/04\/Romain-Gre\u0301goire-remporte-Lie\u0300ge-Bastogne-Lie\u0300ge-juniors.png\",\"keywords\":[\"Li\u00e8ge-Bastogne-Li\u00e8ge\",\"Romain Gr\u00e9goire\"],\"articleSection\":[\"Cyclisme sur route\"],\"inLanguage\":\"fr-FR\",\"potentialAction\":[{\"@type\":\"CommentAction\",\"name\":\"Comment\",\"target\":[\"https:\/\/dicodusport.fr\/blog\/romain-gregoire-remporte-liege-bastogne-liege-juniors\/#respond\"]}],\"copyrightYear\":\"2022\",\"copyrightHolder\":{\"@id\":\"https:\/\/dicodusport.fr\/blog\/#organization\"}},{\"@type\":\"WebPage\",\"@id\":\"https:\/\/dicodusport.fr\/blog\/romain-gregoire-remporte-liege-bastogne-liege-juniors\/\",\"url\":\"https:\/\/dicodusport.fr\/blog\/romain-gregoire-remporte-liege-bastogne-liege-juniors\/\",\"name\":\"Romain Gr\u00e9goire remporte Li\u00e8ge-Bastogne-Li\u00e8ge espoirs\",\"isPartOf\":{\"@id\":\"https:\/\/dicodusport.fr\/blog\/#website\"},\"primaryImageOfPage\":{\"@id\":\"https:\/\/dicodusport.fr\/blog\/romain-gregoire-remporte-liege-bastogne-liege-juniors\/#primaryimage\"},\"image\":{\"@id\":\"https:\/\/dicodusport.fr\/blog\/romain-gregoire-remporte-liege-bastogne-liege-juniors\/#primaryimage\"},\"thumbnailUrl\":\"https:\/\/dicodusport.fr\/blog\/wp-content\/uploads\/2022\/04\/Romain-Gre\u0301goire-remporte-Lie\u0300ge-Bastogne-Lie\u0300ge-juniors.png\",\"datePublished\":\"2022-04-16T15:11:55+00:00\",\"dateModified\":\"2022-04-16T15:54:59+00:00\",\"description\":\"Romain Gr\u00e9goire, coureur de la Conti Groupama-FDJ, a remport\u00e9 l'\u00e9dition 2022 de Li\u00e8ge-Bastogne-Li\u00e8ge chez les juniors.\u00a0\",\"breadcrumb\":{\"@id\":\"https:\/\/dicodusport.fr\/blog\/romain-gregoire-remporte-liege-bastogne-liege-juniors\/#breadcrumb\"},\"inLanguage\":\"fr-FR\",\"potentialAction\":[{\"@type\":\"ReadAction\",\"target\":[\"https:\/\/dicodusport.fr\/blog\/romain-gregoire-remporte-liege-bastogne-liege-juniors\/\"]}]},{\"@type\":\"ImageObject\",\"inLanguage\":\"fr-FR\",\"@id\":\"https:\/\/dicodusport.fr\/blog\/romain-gregoire-remporte-liege-bastogne-liege-juniors\/#primaryimage\",\"url\":\"https:\/\/dicodusport.fr\/blog\/wp-content\/uploads\/2022\/04\/Romain-Gre\u0301goire-remporte-Lie\u0300ge-Bastogne-Lie\u0300ge-juniors.png\",\"contentUrl\":\"https:\/\/dicodusport.fr\/blog\/wp-content\/uploads\/2022\/04\/Romain-Gre\u0301goire-remporte-Lie\u0300ge-Bastogne-Lie\u0300ge-juniors.png\",\"width\":800,\"height\":445},{\"@type\":\"BreadcrumbList\",\"@id\":\"https:\/\/dicodusport.fr\/blog\/romain-gregoire-remporte-liege-bastogne-liege-juniors\/#breadcrumb\",\"itemListElement\":[{\"@type\":\"ListItem\",\"position\":1,\"name\":\"Accueil\",\"item\":\"https:\/\/dicodusport.fr\/blog\/\"},{\"@type\":\"ListItem\",\"position\":2,\"name\":\"Romain Gr\u00e9goire remporte Li\u00e8ge-Bastogne-Li\u00e8ge espoirs\"}]},{\"@type\":\"WebSite\",\"@id\":\"https:\/\/dicodusport.fr\/blog\/#website\",\"url\":\"https:\/\/dicodusport.fr\/blog\/\",\"name\":\"Dicodusport\",\"description\":\"L&#039;encyclop\u00e9die de l&#039;actualit\u00e9 sportive\",\"publisher\":{\"@id\":\"https:\/\/dicodusport.fr\/blog\/#organization\"},\"potentialAction\":[{\"@type\":\"SearchAction\",\"target\":{\"@type\":\"EntryPoint\",\"urlTemplate\":\"https:\/\/dicodusport.fr\/blog\/?s={search_term_string}\"},\"query-input\":{\"@type\":\"PropertyValueSpecification\",\"valueRequired\":true,\"valueName\":\"search_term_string\"}}],\"inLanguage\":\"fr-FR\"},{\"@type\":\"NewsMediaOrganization\",\"@id\":\"https:\/\/dicodusport.fr\/blog\/#organization\",\"name\":\"Dicodusport\",\"url\":\"https:\/\/dicodusport.fr\/blog\/\",\"logo\":{\"@type\":\"ImageObject\",\"inLanguage\":\"fr-FR\",\"@id\":\"https:\/\/dicodusport.fr\/blog\/#\/schema\/logo\/image\/\",\"url\":\"https:\/\/dicodusport.fr\/blog\/wp-content\/uploads\/2020\/06\/cropped-LOGO-DICODUSPORT-2020-SANS-FOND-SANS-TEXTE.png\",\"contentUrl\":\"https:\/\/dicodusport.fr\/blog\/wp-content\/uploads\/2020\/06\/cropped-LOGO-DICODUSPORT-2020-SANS-FOND-SANS-TEXTE.png\",\"width\":512,\"height\":512,\"caption\":\"Dicodusport\"},\"image\":{\"@id\":\"https:\/\/dicodusport.fr\/blog\/#\/schema\/logo\/image\/\"},\"sameAs\":[\"https:\/\/www.facebook.com\/dicodusport\",\"https:\/\/x.com\/dicodusport\",\"https:\/\/www.instagram.com\/dicodusport\/\",\"https:\/\/www.youtube.com\/channel\/UC7V2KZ5sd3htJivAbA4ZG3w\"],\"description\":\"Dicodusport est l'encyclop\u00e9die de l'actualit\u00e9 sportive.\",\"email\":\"bonjour@dicodusport.fr\",\"legalName\":\"DICODUSPORT\",\"foundingDate\":\"2018-01-14\",\"vatID\":\"FR71834470973\",\"taxID\":\"83447097300043\",\"numberOfEmployees\":{\"@type\":\"QuantitativeValue\",\"minValue\":\"1\",\"maxValue\":\"10\"}},{\"@type\":\"Person\",\"@id\":\"https:\/\/dicodusport.fr\/blog\/#\/schema\/person\/55dcb50ad410894e431ed812bbb70191\",\"name\":\"Nicolas Jacquemard\",\"image\":{\"@type\":\"ImageObject\",\"inLanguage\":\"fr-FR\",\"@id\":\"https:\/\/dicodusport.fr\/blog\/#\/schema\/person\/image\/\",\"url\":\"https:\/\/dicodusport.fr\/blog\/wp-content\/uploads\/2021\/05\/Nicolas-Jacquemard-150x150.jpeg\",\"contentUrl\":\"https:\/\/dicodusport.fr\/blog\/wp-content\/uploads\/2021\/05\/Nicolas-Jacquemard-150x150.jpeg\",\"caption\":\"Nicolas Jacquemard\"},\"description\":\"Passionn\u00e9 de sport et entrepreneur depuis mes 18 ans, la cr\u00e9ation de Dicodusport m'a sembl\u00e9 \u00e9vidente pour participer \u00e0 la m\u00e9diatisation d'un plus grand nombre de sports. Le chemin est long mais avec une \u00e9quipe des plus motiv\u00e9es et les Jeux Olympiques de Paris 2024 en point de mire, nous y arriverons ! Journaliste dans le monde du sport depuis plus de 5 ans, je traite aussi bien de football, de rugby, de biathlon que de cyclisme.\",\"sameAs\":[\"https:\/\/www.facebook.com\/dicodusport\",\"https:\/\/x.com\/https:\/\/twitter.com\/Nico_Jacquemard\"],\"url\":\"https:\/\/dicodusport.fr\/blog\/author\/dicodusport\/\"}]}<\/script>\n<!-- \/ Yoast SEO Premium plugin. -->","yoast_head_json":{"title":"Romain Gr\u00e9goire remporte Li\u00e8ge-Bastogne-Li\u00e8ge espoirs","description":"Romain Gr\u00e9goire, coureur de la Conti Groupama-FDJ, a remport\u00e9 l'\u00e9dition 2022 de Li\u00e8ge-Bastogne-Li\u00e8ge chez les juniors.\u00a0","robots":{"index":"index","follow":"follow","max-snippet":"max-snippet:-1","max-image-preview":"max-image-preview:large","max-video-preview":"max-video-preview:-1"},"canonical":"https:\/\/dicodusport.fr\/blog\/romain-gregoire-remporte-liege-bastogne-liege-juniors\/","og_locale":"fr_FR","og_type":"article","og_title":"Romain Gr\u00e9goire remporte Li\u00e8ge-Bastogne-Li\u00e8ge espoirs","og_description":"Romain Gr\u00e9goire, coureur de la Conti Groupama-FDJ, a remport\u00e9 l'\u00e9dition 2022 de Li\u00e8ge-Bastogne-Li\u00e8ge chez les juniors.\u00a0","og_url":"https:\/\/dicodusport.fr\/blog\/romain-gregoire-remporte-liege-bastogne-liege-juniors\/","og_site_name":"Dicodusport","article_publisher":"https:\/\/www.facebook.com\/dicodusport","article_author":"https:\/\/www.facebook.com\/dicodusport","article_published_time":"2022-04-16T15:11:55+00:00","article_modified_time":"2022-04-16T15:54:59+00:00","og_image":[{"width":800,"height":445,"url":"https:\/\/dicodusport.fr\/blog\/wp-content\/uploads\/2022\/04\/Romain-Gre\u0301goire-remporte-Lie\u0300ge-Bastogne-Lie\u0300ge-juniors.png","type":"image\/png"}],"author":"Nicolas Jacquemard","twitter_card":"summary_large_image","twitter_title":"Romain Gr\u00e9goire remporte Li\u00e8ge-Bastogne-Li\u00e8ge espoirs","twitter_creator":"@https:\/\/twitter.com\/Nico_Jacquemard","twitter_site":"@dicodusport","schema":{"@context":"https:\/\/schema.org","@graph":[{"@type":"NewsArticle","@id":"https:\/\/dicodusport.fr\/blog\/romain-gregoire-remporte-liege-bastogne-liege-juniors\/#article","isPartOf":{"@id":"https:\/\/dicodusport.fr\/blog\/romain-gregoire-remporte-liege-bastogne-liege-juniors\/"},"author":{"name":"Nicolas Jacquemard","@id":"https:\/\/dicodusport.fr\/blog\/#\/schema\/person\/55dcb50ad410894e431ed812bbb70191"},"headline":"Romain Gr\u00e9goire remporte Li\u00e8ge-Bastogne-Li\u00e8ge espoirs","datePublished":"2022-04-16T15:11:55+00:00","dateModified":"2022-04-16T15:54:59+00:00","mainEntityOfPage":{"@id":"https:\/\/dicodusport.fr\/blog\/romain-gregoire-remporte-liege-bastogne-liege-juniors\/"},"wordCount":257,"commentCount":1,"publisher":{"@id":"https:\/\/dicodusport.fr\/blog\/#organization"},"image":{"@id":"https:\/\/dicodusport.fr\/blog\/romain-gregoire-remporte-liege-bastogne-liege-juniors\/#primaryimage"},"thumbnailUrl":"https:\/\/dicodusport.fr\/blog\/wp-content\/uploads\/2022\/04\/Romain-Gre\u0301goire-remporte-Lie\u0300ge-Bastogne-Lie\u0300ge-juniors.png","keywords":["Li\u00e8ge-Bastogne-Li\u00e8ge","Romain Gr\u00e9goire"],"articleSection":["Cyclisme sur route"],"inLanguage":"fr-FR","potentialAction":[{"@type":"CommentAction","name":"Comment","target":["https:\/\/dicodusport.fr\/blog\/romain-gregoire-remporte-liege-bastogne-liege-juniors\/#respond"]}],"copyrightYear":"2022","copyrightHolder":{"@id":"https:\/\/dicodusport.fr\/blog\/#organization"}},{"@type":"WebPage","@id":"https:\/\/dicodusport.fr\/blog\/romain-gregoire-remporte-liege-bastogne-liege-juniors\/","url":"https:\/\/dicodusport.fr\/blog\/romain-gregoire-remporte-liege-bastogne-liege-juniors\/","name":"Romain Gr\u00e9goire remporte Li\u00e8ge-Bastogne-Li\u00e8ge espoirs","isPartOf":{"@id":"https:\/\/dicodusport.fr\/blog\/#website"},"primaryImageOfPage":{"@id":"https:\/\/dicodusport.fr\/blog\/romain-gregoire-remporte-liege-bastogne-liege-juniors\/#primaryimage"},"image":{"@id":"https:\/\/dicodusport.fr\/blog\/romain-gregoire-remporte-liege-bastogne-liege-juniors\/#primaryimage"},"thumbnailUrl":"https:\/\/dicodusport.fr\/blog\/wp-content\/uploads\/2022\/04\/Romain-Gre\u0301goire-remporte-Lie\u0300ge-Bastogne-Lie\u0300ge-juniors.png","datePublished":"2022-04-16T15:11:55+00:00","dateModified":"2022-04-16T15:54:59+00:00","description":"Romain Gr\u00e9goire, coureur de la Conti Groupama-FDJ, a remport\u00e9 l'\u00e9dition 2022 de Li\u00e8ge-Bastogne-Li\u00e8ge chez les juniors.\u00a0","breadcrumb":{"@id":"https:\/\/dicodusport.fr\/blog\/romain-gregoire-remporte-liege-bastogne-liege-juniors\/#breadcrumb"},"inLanguage":"fr-FR","potentialAction":[{"@type":"ReadAction","target":["https:\/\/dicodusport.fr\/blog\/romain-gregoire-remporte-liege-bastogne-liege-juniors\/"]}]},{"@type":"ImageObject","inLanguage":"fr-FR","@id":"https:\/\/dicodusport.fr\/blog\/romain-gregoire-remporte-liege-bastogne-liege-juniors\/#primaryimage","url":"https:\/\/dicodusport.fr\/blog\/wp-content\/uploads\/2022\/04\/Romain-Gre\u0301goire-remporte-Lie\u0300ge-Bastogne-Lie\u0300ge-juniors.png","contentUrl":"https:\/\/dicodusport.fr\/blog\/wp-content\/uploads\/2022\/04\/Romain-Gre\u0301goire-remporte-Lie\u0300ge-Bastogne-Lie\u0300ge-juniors.png","width":800,"height":445},{"@type":"BreadcrumbList","@id":"https:\/\/dicodusport.fr\/blog\/romain-gregoire-remporte-liege-bastogne-liege-juniors\/#breadcrumb","itemListElement":[{"@type":"ListItem","position":1,"name":"Accueil","item":"https:\/\/dicodusport.fr\/blog\/"},{"@type":"ListItem","position":2,"name":"Romain Gr\u00e9goire remporte Li\u00e8ge-Bastogne-Li\u00e8ge espoirs"}]},{"@type":"WebSite","@id":"https:\/\/dicodusport.fr\/blog\/#website","url":"https:\/\/dicodusport.fr\/blog\/","name":"Dicodusport","description":"L&#039;encyclop\u00e9die de l&#039;actualit\u00e9 sportive","publisher":{"@id":"https:\/\/dicodusport.fr\/blog\/#organization"},"potentialAction":[{"@type":"SearchAction","target":{"@type":"EntryPoint","urlTemplate":"https:\/\/dicodusport.fr\/blog\/?s={search_term_string}"},"query-input":{"@type":"PropertyValueSpecification","valueRequired":true,"valueName":"search_term_string"}}],"inLanguage":"fr-FR"},{"@type":"NewsMediaOrganization","@id":"https:\/\/dicodusport.fr\/blog\/#organization","name":"Dicodusport","url":"https:\/\/dicodusport.fr\/blog\/","logo":{"@type":"ImageObject","inLanguage":"fr-FR","@id":"https:\/\/dicodusport.fr\/blog\/#\/schema\/logo\/image\/","url":"https:\/\/dicodusport.fr\/blog\/wp-content\/uploads\/2020\/06\/cropped-LOGO-DICODUSPORT-2020-SANS-FOND-SANS-TEXTE.png","contentUrl":"https:\/\/dicodusport.fr\/blog\/wp-content\/uploads\/2020\/06\/cropped-LOGO-DICODUSPORT-2020-SANS-FOND-SANS-TEXTE.png","width":512,"height":512,"caption":"Dicodusport"},"image":{"@id":"https:\/\/dicodusport.fr\/blog\/#\/schema\/logo\/image\/"},"sameAs":["https:\/\/www.facebook.com\/dicodusport","https:\/\/x.com\/dicodusport","https:\/\/www.instagram.com\/dicodusport\/","https:\/\/www.youtube.com\/channel\/UC7V2KZ5sd3htJivAbA4ZG3w"],"description":"Dicodusport est l'encyclop\u00e9die de l'actualit\u00e9 sportive.","email":"bonjour@dicodusport.fr","legalName":"DICODUSPORT","foundingDate":"2018-01-14","vatID":"FR71834470973","taxID":"83447097300043","numberOfEmployees":{"@type":"QuantitativeValue","minValue":"1","maxValue":"10"}},{"@type":"Person","@id":"https:\/\/dicodusport.fr\/blog\/#\/schema\/person\/55dcb50ad410894e431ed812bbb70191","name":"Nicolas Jacquemard","image":{"@type":"ImageObject","inLanguage":"fr-FR","@id":"https:\/\/dicodusport.fr\/blog\/#\/schema\/person\/image\/","url":"https:\/\/dicodusport.fr\/blog\/wp-content\/uploads\/2021\/05\/Nicolas-Jacquemard-150x150.jpeg","contentUrl":"https:\/\/dicodusport.fr\/blog\/wp-content\/uploads\/2021\/05\/Nicolas-Jacquemard-150x150.jpeg","caption":"Nicolas Jacquemard"},"description":"Passionn\u00e9 de sport et entrepreneur depuis mes 18 ans, la cr\u00e9ation de Dicodusport m'a sembl\u00e9 \u00e9vidente pour participer \u00e0 la m\u00e9diatisation d'un plus grand nombre de sports. Le chemin est long mais avec une \u00e9quipe des plus motiv\u00e9es et les Jeux Olympiques de Paris 2024 en point de mire, nous y arriverons ! Journaliste dans le monde du sport depuis plus de 5 ans, je traite aussi bien de football, de rugby, de biathlon que de cyclisme.","sameAs":["https:\/\/www.facebook.com\/dicodusport","https:\/\/x.com\/https:\/\/twitter.com\/Nico_Jacquemard"],"url":"https:\/\/dicodusport.fr\/blog\/author\/dicodusport\/"}]}},"_links":{"self":[{"href":"https:\/\/dicodusport.fr\/blog\/wp-json\/wp\/v2\/posts\/216549","targetHints":{"allow":["GET"]}}],"collection":[{"href":"https:\/\/dicodusport.fr\/blog\/wp-json\/wp\/v2\/posts"}],"about":[{"href":"https:\/\/dicodusport.fr\/blog\/wp-json\/wp\/v2\/types\/post"}],"author":[{"embeddable":true,"href":"https:\/\/dicodusport.fr\/blog\/wp-json\/wp\/v2\/users\/1"}],"replies":[{"embeddable":true,"href":"https:\/\/dicodusport.fr\/blog\/wp-json\/wp\/v2\/comments?post=216549"}],"version-history":[{"count":0,"href":"https:\/\/dicodusport.fr\/blog\/wp-json\/wp\/v2\/posts\/216549\/revisions"}],"wp:featuredmedia":[{"embeddable":true,"href":"https:\/\/dicodusport.fr\/blog\/wp-json\/wp\/v2\/media\/216550"}],"wp:attachment":[{"href":"https:\/\/dicodusport.fr\/blog\/wp-json\/wp\/v2\/media?parent=216549"}],"wp:term":[{"taxonomy":"category","embeddable":true,"href":"https:\/\/dicodusport.fr\/blog\/wp-json\/wp\/v2\/categories?post=216549"},{"taxonomy":"post_tag","embeddable":true,"href":"https:\/\/dicodusport.fr\/blog\/wp-json\/wp\/v2\/tags?post=216549"}],"curies":[{"name":"wp","href":"https:\/\/api.w.org\/{rel}","templated":true}]}}