{"id":216769,"date":"2022-04-17T12:00:02","date_gmt":"2022-04-17T10:00:02","guid":{"rendered":"https:\/\/dicodusport.fr\/blog\/?p=216769&#038;preview=true&#038;preview_id=216769"},"modified":"2022-04-17T12:33:28","modified_gmt":"2022-04-17T10:33:28","slug":"silvan-dillier-sagan-etait-comme-mon-ange-mais-aussi-mon-demon","status":"publish","type":"post","link":"https:\/\/dicodusport.fr\/blog\/silvan-dillier-sagan-etait-comme-mon-ange-mais-aussi-mon-demon\/","title":{"rendered":"Silvan Dillier : \u00ab\u00a0Sagan \u00e9tait comme mon ange, mais aussi mon d\u00e9mon\u00a0\u00bb"},"content":{"rendered":"<p style=\"text-align: justify;\"><b><i>CYCLISME SUR ROUTE &#8211; Pour nos confr\u00e8res de L&rsquo;\u00c9quipe, Silvan Dillier est revenu sur sa deuxi\u00e8me place lors de Paris-Roubaix 2018 o\u00f9 il n&rsquo;avait \u00e9t\u00e9 battu que par Peter Sagan.\u00a0<\/i><\/b><\/p>\n<p style=\"text-align: justify;\">\u00c0 l&rsquo;\u00e9poque, <strong>Silvan Dillier<\/strong> avait pris l&rsquo;\u00e9chapp\u00e9e matinale et avait donc pass\u00e9 tous les <a href=\"https:\/\/dicodusport.fr\/blog\/paris-roubaix-hommes-2022-le-parcours-en-detail-et-les-30-secteurs-paves\/\" target=\"_blank\" rel=\"noopener\">secteurs pav\u00e9s de Paris-Roubaix<\/a> \u00e0 l&rsquo;avant. <strong>Peter Sagan<\/strong> \u00e9tait sorti en costaud et avait repris les fuyards, le Suisse y compris. Ce dernier avait \u00e9t\u00e9 le dernier \u00e0 suivre le Slovaque et avait choisi de collaborer avec lui, il raconte :<\/p>\n<blockquote>\n<p style=\"text-align: justify;\">J&rsquo;ai toujours vu l&rsquo;addition de Sagan \u00e0 notre groupe comme un avantage. Il voulait absolument gagner cette course, il ne faisait pas une manoeuvre comme \u00e7a juste pour le plaisir. Sagan \u00e9tait comme mon ange, mais aussi mon d\u00e9mon. D&rsquo;un c\u00f4t\u00e9, il m&rsquo;a aid\u00e9 \u00e0 finir sur le podium, mais il \u00e9tait tellement dur \u00e0 battre pour la victoire. (&#8230;) Je n&rsquo;ai jamais pens\u00e9 \u00e0 la victoire, mais plut\u00f4t \u00e0 s\u00e9curiser le podium, effectivement. C&rsquo;est pour \u00e7a que j&rsquo;ai collabor\u00e9 avec lui. Si j&rsquo;avais cess\u00e9, je ne sais pas s&rsquo;il aurait continu\u00e9 \u00e0 travailler jusqu&rsquo;au v\u00e9lodrome. Et les cinq ou six coureurs derri\u00e8re nous auraient rattrap\u00e9s et j&rsquo;aurais tout perdu. L\u00e0, j&rsquo;avais toujours la possibilit\u00e9 de gagner tout en \u00e9tant s\u00fbr d&rsquo;\u00eatre deuxi\u00e8me.<\/p>\n<\/blockquote>\n<p style=\"text-align: justify;\"><strong>Silvan Dillier<\/strong>, qui est au d\u00e9part de l&rsquo;\u00e9dition 2022, ne regrette pas ses choix ce jour-l\u00e0 et explique que pour lui l&rsquo;Enfer du Nord est la meilleure course pour \u00eatre dans une \u00e9chapp\u00e9e.<\/p>\n<blockquote class=\"twitter-tweet\">\n<p dir=\"ltr\" lang=\"fr\">&#x1f399; D\u00e9cla \/ &#x1f1e8;&#x1f1ed;<a href=\"https:\/\/twitter.com\/silvandillier?ref_src=twsrc%5Etfw\">@silvandillier<\/a> (AFC) : \u00ab\u00a0J&rsquo;\u00e9tais vraiment proche de pleurer sur mon v\u00e9lo. Je ne savais plus comment je pouvais finir cette course, c&rsquo;\u00e9tait tellement dur. J&rsquo;ai juste surv\u00e9cu gr\u00e2ce \u00e0 l&rsquo;adr\u00e9naline.\u00a0\u00bb<a href=\"https:\/\/t.co\/Kyj6QY192a\">https:\/\/t.co\/Kyj6QY192a<\/a> via <a href=\"https:\/\/twitter.com\/lequipe?ref_src=twsrc%5Etfw\">@lequipe<\/a> (&#x1f1eb;&#x1f1f7;)<\/p>\n<p>\u2014 Renaud Breban (@RenaudB31) <a href=\"https:\/\/twitter.com\/RenaudB31\/status\/1515394592845307906?ref_src=twsrc%5Etfw\">April 16, 2022<\/a><\/p><\/blockquote>\n<p style=\"text-align: justify;\"><script async src=\"https:\/\/platform.twitter.com\/widgets.js\" charset=\"utf-8\"><\/script><\/p>\n<h2 style=\"text-align: justify;\"><strong>\u00c0 lire aussi<\/strong><\/h2>\n<ul style=\"text-align: justify;\">\n<li style=\"text-align: justify;\"><a href=\"https:\/\/dicodusport.fr\/blog\/paris-roubaix-2022-a-quelle-heure-et-sur-quelle-chaine\/\"><strong>Paris-Roubaix 2022 : \u00c0 quelle heure et sur quelle cha\u00eene ?<\/strong><\/a><\/li>\n<li style=\"text-align: justify;\"><a href=\"https:\/\/dicodusport.fr\/blog\/paris-roubaix-2022-notre-pronostic\/\"><strong>La liste des engag\u00e9s de Paris-Roubaix 2022<\/strong><\/a><\/li>\n<li style=\"text-align: justify;\"><a href=\"https:\/\/dicodusport.fr\/blog\/les-engages-de-paris-roubaix-2022\/\"><strong>Notre pronostic pour Paris-Roubaix 2022<\/strong><\/a><\/li>\n<\/ul>\n","protected":false},"excerpt":{"rendered":"<p>CYCLISME SUR ROUTE &#8211; Pour nos confr\u00e8res de L&rsquo;\u00c9quipe, Silvan Dillier est revenu sur sa deuxi\u00e8me place lors de Paris-Roubaix 2018 o\u00f9 il n&rsquo;avait \u00e9t\u00e9 battu que par Peter Sagan.\u00a0<\/p>\n","protected":false},"author":1,"featured_media":216770,"comment_status":"open","ping_status":"closed","sticky":false,"template":"","format":"standard","meta":{"_acf_changed":false,"_daextam_enable_autolinks":"","footnotes":""},"categories":[46994],"tags":[574,4164,4284,4373],"class_list":["post-216769","post","type-post","status-publish","format-standard","has-post-thumbnail","hentry","category-cyclisme-sur-route","tag-cyclisme","tag-paris-roubaix","tag-peter-sagan","tag-sagan"],"acf":[],"yoast_head":"<!-- This site is optimized with the Yoast SEO Premium plugin v26.7 (Yoast SEO v26.7) - https:\/\/yoast.com\/wordpress\/plugins\/seo\/ -->\n<title>Silvan Dillier : &quot;Sagan \u00e9tait comme mon ange, mais aussi mon d\u00e9mon&quot;<\/title>\n<meta name=\"description\" content=\"Pour nos confr\u00e8res de L&#039;\u00c9quipe, Silvan Dillier est revenu sur sa deuxi\u00e8me place lors de Paris-Roubaix 2018 o\u00f9 il n&#039;avait\u00e9 \u00e9t\u00e9 battu que par Peter Sagan.\u00a0\" \/>\n<meta name=\"robots\" content=\"index, follow, max-snippet:-1, max-image-preview:large, max-video-preview:-1\" \/>\n<link rel=\"canonical\" href=\"https:\/\/dicodusport.fr\/blog\/silvan-dillier-sagan-etait-comme-mon-ange-mais-aussi-mon-demon\/\" \/>\n<meta property=\"og:locale\" content=\"fr_FR\" \/>\n<meta property=\"og:type\" content=\"article\" \/>\n<meta property=\"og:title\" content=\"Silvan Dillier : &quot;Sagan \u00e9tait comme mon ange, mais aussi mon d\u00e9mon&quot;\" \/>\n<meta property=\"og:description\" content=\"Pour nos confr\u00e8res de L&#039;\u00c9quipe, Silvan Dillier est revenu sur sa deuxi\u00e8me place lors de Paris-Roubaix 2018 o\u00f9 il n&#039;avait\u00e9 \u00e9t\u00e9 battu que par Peter Sagan.\u00a0\" \/>\n<meta property=\"og:url\" content=\"https:\/\/dicodusport.fr\/blog\/silvan-dillier-sagan-etait-comme-mon-ange-mais-aussi-mon-demon\/\" \/>\n<meta property=\"og:site_name\" content=\"Dicodusport\" \/>\n<meta property=\"article:publisher\" content=\"https:\/\/www.facebook.com\/dicodusport\" \/>\n<meta property=\"article:author\" content=\"https:\/\/www.facebook.com\/dicodusport\" \/>\n<meta property=\"article:published_time\" content=\"2022-04-17T10:00:02+00:00\" \/>\n<meta property=\"article:modified_time\" content=\"2022-04-17T10:33:28+00:00\" \/>\n<meta property=\"og:image\" content=\"https:\/\/dicodusport.fr\/blog\/wp-content\/uploads\/2022\/04\/Silvan-Dillier-Sagan-e\u0301tait-comme-mon-ange-mais-aussi-mon-de\u0301mon.png\" \/>\n\t<meta property=\"og:image:width\" content=\"800\" \/>\n\t<meta property=\"og:image:height\" content=\"445\" \/>\n\t<meta property=\"og:image:type\" content=\"image\/png\" \/>\n<meta name=\"author\" content=\"Nicolas Jacquemard\" \/>\n<meta name=\"twitter:card\" content=\"summary_large_image\" \/>\n<meta name=\"twitter:title\" content=\"Silvan Dillier : &quot;Sagan \u00e9tait comme mon ange, mais aussi mon d\u00e9mon&quot;\" \/>\n<meta name=\"twitter:creator\" content=\"@https:\/\/twitter.com\/Nico_Jacquemard\" \/>\n<meta name=\"twitter:site\" content=\"@dicodusport\" \/>\n<script type=\"application\/ld+json\" class=\"yoast-schema-graph\">{\"@context\":\"https:\/\/schema.org\",\"@graph\":[{\"@type\":\"NewsArticle\",\"@id\":\"https:\/\/dicodusport.fr\/blog\/silvan-dillier-sagan-etait-comme-mon-ange-mais-aussi-mon-demon\/#article\",\"isPartOf\":{\"@id\":\"https:\/\/dicodusport.fr\/blog\/silvan-dillier-sagan-etait-comme-mon-ange-mais-aussi-mon-demon\/\"},\"author\":{\"name\":\"Nicolas Jacquemard\",\"@id\":\"https:\/\/dicodusport.fr\/blog\/#\/schema\/person\/55dcb50ad410894e431ed812bbb70191\"},\"headline\":\"Silvan Dillier : \u00ab\u00a0Sagan \u00e9tait comme mon ange, mais aussi mon d\u00e9mon\u00a0\u00bb\",\"datePublished\":\"2022-04-17T10:00:02+00:00\",\"dateModified\":\"2022-04-17T10:33:28+00:00\",\"mainEntityOfPage\":{\"@id\":\"https:\/\/dicodusport.fr\/blog\/silvan-dillier-sagan-etait-comme-mon-ange-mais-aussi-mon-demon\/\"},\"wordCount\":360,\"commentCount\":0,\"publisher\":{\"@id\":\"https:\/\/dicodusport.fr\/blog\/#organization\"},\"image\":{\"@id\":\"https:\/\/dicodusport.fr\/blog\/silvan-dillier-sagan-etait-comme-mon-ange-mais-aussi-mon-demon\/#primaryimage\"},\"thumbnailUrl\":\"https:\/\/dicodusport.fr\/blog\/wp-content\/uploads\/2022\/04\/Silvan-Dillier-Sagan-e\u0301tait-comme-mon-ange-mais-aussi-mon-de\u0301mon.png\",\"keywords\":[\"Cyclisme\",\"Paris-Roubaix\",\"Peter Sagan\",\"Sagan\"],\"articleSection\":[\"Cyclisme sur route\"],\"inLanguage\":\"fr-FR\",\"potentialAction\":[{\"@type\":\"CommentAction\",\"name\":\"Comment\",\"target\":[\"https:\/\/dicodusport.fr\/blog\/silvan-dillier-sagan-etait-comme-mon-ange-mais-aussi-mon-demon\/#respond\"]}],\"copyrightYear\":\"2022\",\"copyrightHolder\":{\"@id\":\"https:\/\/dicodusport.fr\/blog\/#organization\"}},{\"@type\":\"WebPage\",\"@id\":\"https:\/\/dicodusport.fr\/blog\/silvan-dillier-sagan-etait-comme-mon-ange-mais-aussi-mon-demon\/\",\"url\":\"https:\/\/dicodusport.fr\/blog\/silvan-dillier-sagan-etait-comme-mon-ange-mais-aussi-mon-demon\/\",\"name\":\"Silvan Dillier : \\\"Sagan \u00e9tait comme mon ange, mais aussi mon d\u00e9mon\\\"\",\"isPartOf\":{\"@id\":\"https:\/\/dicodusport.fr\/blog\/#website\"},\"primaryImageOfPage\":{\"@id\":\"https:\/\/dicodusport.fr\/blog\/silvan-dillier-sagan-etait-comme-mon-ange-mais-aussi-mon-demon\/#primaryimage\"},\"image\":{\"@id\":\"https:\/\/dicodusport.fr\/blog\/silvan-dillier-sagan-etait-comme-mon-ange-mais-aussi-mon-demon\/#primaryimage\"},\"thumbnailUrl\":\"https:\/\/dicodusport.fr\/blog\/wp-content\/uploads\/2022\/04\/Silvan-Dillier-Sagan-e\u0301tait-comme-mon-ange-mais-aussi-mon-de\u0301mon.png\",\"datePublished\":\"2022-04-17T10:00:02+00:00\",\"dateModified\":\"2022-04-17T10:33:28+00:00\",\"description\":\"Pour nos confr\u00e8res de L'\u00c9quipe, Silvan Dillier est revenu sur sa deuxi\u00e8me place lors de Paris-Roubaix 2018 o\u00f9 il n'avait\u00e9 \u00e9t\u00e9 battu que par Peter Sagan.\u00a0\",\"breadcrumb\":{\"@id\":\"https:\/\/dicodusport.fr\/blog\/silvan-dillier-sagan-etait-comme-mon-ange-mais-aussi-mon-demon\/#breadcrumb\"},\"inLanguage\":\"fr-FR\",\"potentialAction\":[{\"@type\":\"ReadAction\",\"target\":[\"https:\/\/dicodusport.fr\/blog\/silvan-dillier-sagan-etait-comme-mon-ange-mais-aussi-mon-demon\/\"]}]},{\"@type\":\"ImageObject\",\"inLanguage\":\"fr-FR\",\"@id\":\"https:\/\/dicodusport.fr\/blog\/silvan-dillier-sagan-etait-comme-mon-ange-mais-aussi-mon-demon\/#primaryimage\",\"url\":\"https:\/\/dicodusport.fr\/blog\/wp-content\/uploads\/2022\/04\/Silvan-Dillier-Sagan-e\u0301tait-comme-mon-ange-mais-aussi-mon-de\u0301mon.png\",\"contentUrl\":\"https:\/\/dicodusport.fr\/blog\/wp-content\/uploads\/2022\/04\/Silvan-Dillier-Sagan-e\u0301tait-comme-mon-ange-mais-aussi-mon-de\u0301mon.png\",\"width\":800,\"height\":445,\"caption\":\"Silvan Dillier Sagan e\u0301tait comme mon ange, mais aussi mon de\u0301mon\"},{\"@type\":\"BreadcrumbList\",\"@id\":\"https:\/\/dicodusport.fr\/blog\/silvan-dillier-sagan-etait-comme-mon-ange-mais-aussi-mon-demon\/#breadcrumb\",\"itemListElement\":[{\"@type\":\"ListItem\",\"position\":1,\"name\":\"Accueil\",\"item\":\"https:\/\/dicodusport.fr\/blog\/\"},{\"@type\":\"ListItem\",\"position\":2,\"name\":\"Silvan Dillier : \u00ab\u00a0Sagan \u00e9tait comme mon ange, mais aussi mon d\u00e9mon\u00a0\u00bb\"}]},{\"@type\":\"WebSite\",\"@id\":\"https:\/\/dicodusport.fr\/blog\/#website\",\"url\":\"https:\/\/dicodusport.fr\/blog\/\",\"name\":\"Dicodusport\",\"description\":\"L&#039;encyclop\u00e9die de l&#039;actualit\u00e9 sportive\",\"publisher\":{\"@id\":\"https:\/\/dicodusport.fr\/blog\/#organization\"},\"potentialAction\":[{\"@type\":\"SearchAction\",\"target\":{\"@type\":\"EntryPoint\",\"urlTemplate\":\"https:\/\/dicodusport.fr\/blog\/?s={search_term_string}\"},\"query-input\":{\"@type\":\"PropertyValueSpecification\",\"valueRequired\":true,\"valueName\":\"search_term_string\"}}],\"inLanguage\":\"fr-FR\"},{\"@type\":\"NewsMediaOrganization\",\"@id\":\"https:\/\/dicodusport.fr\/blog\/#organization\",\"name\":\"Dicodusport\",\"url\":\"https:\/\/dicodusport.fr\/blog\/\",\"logo\":{\"@type\":\"ImageObject\",\"inLanguage\":\"fr-FR\",\"@id\":\"https:\/\/dicodusport.fr\/blog\/#\/schema\/logo\/image\/\",\"url\":\"https:\/\/dicodusport.fr\/blog\/wp-content\/uploads\/2020\/06\/cropped-LOGO-DICODUSPORT-2020-SANS-FOND-SANS-TEXTE.png\",\"contentUrl\":\"https:\/\/dicodusport.fr\/blog\/wp-content\/uploads\/2020\/06\/cropped-LOGO-DICODUSPORT-2020-SANS-FOND-SANS-TEXTE.png\",\"width\":512,\"height\":512,\"caption\":\"Dicodusport\"},\"image\":{\"@id\":\"https:\/\/dicodusport.fr\/blog\/#\/schema\/logo\/image\/\"},\"sameAs\":[\"https:\/\/www.facebook.com\/dicodusport\",\"https:\/\/x.com\/dicodusport\",\"https:\/\/www.instagram.com\/dicodusport\/\",\"https:\/\/www.youtube.com\/channel\/UC7V2KZ5sd3htJivAbA4ZG3w\"],\"description\":\"Dicodusport est l'encyclop\u00e9die de l'actualit\u00e9 sportive.\",\"email\":\"bonjour@dicodusport.fr\",\"legalName\":\"DICODUSPORT\",\"foundingDate\":\"2018-01-14\",\"vatID\":\"FR71834470973\",\"taxID\":\"83447097300043\",\"numberOfEmployees\":{\"@type\":\"QuantitativeValue\",\"minValue\":\"1\",\"maxValue\":\"10\"}},{\"@type\":\"Person\",\"@id\":\"https:\/\/dicodusport.fr\/blog\/#\/schema\/person\/55dcb50ad410894e431ed812bbb70191\",\"name\":\"Nicolas Jacquemard\",\"image\":{\"@type\":\"ImageObject\",\"inLanguage\":\"fr-FR\",\"@id\":\"https:\/\/dicodusport.fr\/blog\/#\/schema\/person\/image\/\",\"url\":\"https:\/\/dicodusport.fr\/blog\/wp-content\/uploads\/2021\/05\/Nicolas-Jacquemard-150x150.jpeg\",\"contentUrl\":\"https:\/\/dicodusport.fr\/blog\/wp-content\/uploads\/2021\/05\/Nicolas-Jacquemard-150x150.jpeg\",\"caption\":\"Nicolas Jacquemard\"},\"description\":\"Passionn\u00e9 de sport et entrepreneur depuis mes 18 ans, la cr\u00e9ation de Dicodusport m'a sembl\u00e9 \u00e9vidente pour participer \u00e0 la m\u00e9diatisation d'un plus grand nombre de sports. Le chemin est long mais avec une \u00e9quipe des plus motiv\u00e9es et les Jeux Olympiques de Paris 2024 en point de mire, nous y arriverons ! Journaliste dans le monde du sport depuis plus de 5 ans, je traite aussi bien de football, de rugby, de biathlon que de cyclisme.\",\"sameAs\":[\"https:\/\/www.facebook.com\/dicodusport\",\"https:\/\/x.com\/https:\/\/twitter.com\/Nico_Jacquemard\"],\"url\":\"https:\/\/dicodusport.fr\/blog\/author\/dicodusport\/\"}]}<\/script>\n<!-- \/ Yoast SEO Premium plugin. -->","yoast_head_json":{"title":"Silvan Dillier : \"Sagan \u00e9tait comme mon ange, mais aussi mon d\u00e9mon\"","description":"Pour nos confr\u00e8res de L'\u00c9quipe, Silvan Dillier est revenu sur sa deuxi\u00e8me place lors de Paris-Roubaix 2018 o\u00f9 il n'avait\u00e9 \u00e9t\u00e9 battu que par Peter Sagan.\u00a0","robots":{"index":"index","follow":"follow","max-snippet":"max-snippet:-1","max-image-preview":"max-image-preview:large","max-video-preview":"max-video-preview:-1"},"canonical":"https:\/\/dicodusport.fr\/blog\/silvan-dillier-sagan-etait-comme-mon-ange-mais-aussi-mon-demon\/","og_locale":"fr_FR","og_type":"article","og_title":"Silvan Dillier : \"Sagan \u00e9tait comme mon ange, mais aussi mon d\u00e9mon\"","og_description":"Pour nos confr\u00e8res de L'\u00c9quipe, Silvan Dillier est revenu sur sa deuxi\u00e8me place lors de Paris-Roubaix 2018 o\u00f9 il n'avait\u00e9 \u00e9t\u00e9 battu que par Peter Sagan.\u00a0","og_url":"https:\/\/dicodusport.fr\/blog\/silvan-dillier-sagan-etait-comme-mon-ange-mais-aussi-mon-demon\/","og_site_name":"Dicodusport","article_publisher":"https:\/\/www.facebook.com\/dicodusport","article_author":"https:\/\/www.facebook.com\/dicodusport","article_published_time":"2022-04-17T10:00:02+00:00","article_modified_time":"2022-04-17T10:33:28+00:00","og_image":[{"width":800,"height":445,"url":"https:\/\/dicodusport.fr\/blog\/wp-content\/uploads\/2022\/04\/Silvan-Dillier-Sagan-e\u0301tait-comme-mon-ange-mais-aussi-mon-de\u0301mon.png","type":"image\/png"}],"author":"Nicolas Jacquemard","twitter_card":"summary_large_image","twitter_title":"Silvan Dillier : \"Sagan \u00e9tait comme mon ange, mais aussi mon d\u00e9mon\"","twitter_creator":"@https:\/\/twitter.com\/Nico_Jacquemard","twitter_site":"@dicodusport","schema":{"@context":"https:\/\/schema.org","@graph":[{"@type":"NewsArticle","@id":"https:\/\/dicodusport.fr\/blog\/silvan-dillier-sagan-etait-comme-mon-ange-mais-aussi-mon-demon\/#article","isPartOf":{"@id":"https:\/\/dicodusport.fr\/blog\/silvan-dillier-sagan-etait-comme-mon-ange-mais-aussi-mon-demon\/"},"author":{"name":"Nicolas Jacquemard","@id":"https:\/\/dicodusport.fr\/blog\/#\/schema\/person\/55dcb50ad410894e431ed812bbb70191"},"headline":"Silvan Dillier : \u00ab\u00a0Sagan \u00e9tait comme mon ange, mais aussi mon d\u00e9mon\u00a0\u00bb","datePublished":"2022-04-17T10:00:02+00:00","dateModified":"2022-04-17T10:33:28+00:00","mainEntityOfPage":{"@id":"https:\/\/dicodusport.fr\/blog\/silvan-dillier-sagan-etait-comme-mon-ange-mais-aussi-mon-demon\/"},"wordCount":360,"commentCount":0,"publisher":{"@id":"https:\/\/dicodusport.fr\/blog\/#organization"},"image":{"@id":"https:\/\/dicodusport.fr\/blog\/silvan-dillier-sagan-etait-comme-mon-ange-mais-aussi-mon-demon\/#primaryimage"},"thumbnailUrl":"https:\/\/dicodusport.fr\/blog\/wp-content\/uploads\/2022\/04\/Silvan-Dillier-Sagan-e\u0301tait-comme-mon-ange-mais-aussi-mon-de\u0301mon.png","keywords":["Cyclisme","Paris-Roubaix","Peter Sagan","Sagan"],"articleSection":["Cyclisme sur route"],"inLanguage":"fr-FR","potentialAction":[{"@type":"CommentAction","name":"Comment","target":["https:\/\/dicodusport.fr\/blog\/silvan-dillier-sagan-etait-comme-mon-ange-mais-aussi-mon-demon\/#respond"]}],"copyrightYear":"2022","copyrightHolder":{"@id":"https:\/\/dicodusport.fr\/blog\/#organization"}},{"@type":"WebPage","@id":"https:\/\/dicodusport.fr\/blog\/silvan-dillier-sagan-etait-comme-mon-ange-mais-aussi-mon-demon\/","url":"https:\/\/dicodusport.fr\/blog\/silvan-dillier-sagan-etait-comme-mon-ange-mais-aussi-mon-demon\/","name":"Silvan Dillier : \"Sagan \u00e9tait comme mon ange, mais aussi mon d\u00e9mon\"","isPartOf":{"@id":"https:\/\/dicodusport.fr\/blog\/#website"},"primaryImageOfPage":{"@id":"https:\/\/dicodusport.fr\/blog\/silvan-dillier-sagan-etait-comme-mon-ange-mais-aussi-mon-demon\/#primaryimage"},"image":{"@id":"https:\/\/dicodusport.fr\/blog\/silvan-dillier-sagan-etait-comme-mon-ange-mais-aussi-mon-demon\/#primaryimage"},"thumbnailUrl":"https:\/\/dicodusport.fr\/blog\/wp-content\/uploads\/2022\/04\/Silvan-Dillier-Sagan-e\u0301tait-comme-mon-ange-mais-aussi-mon-de\u0301mon.png","datePublished":"2022-04-17T10:00:02+00:00","dateModified":"2022-04-17T10:33:28+00:00","description":"Pour nos confr\u00e8res de L'\u00c9quipe, Silvan Dillier est revenu sur sa deuxi\u00e8me place lors de Paris-Roubaix 2018 o\u00f9 il n'avait\u00e9 \u00e9t\u00e9 battu que par Peter Sagan.\u00a0","breadcrumb":{"@id":"https:\/\/dicodusport.fr\/blog\/silvan-dillier-sagan-etait-comme-mon-ange-mais-aussi-mon-demon\/#breadcrumb"},"inLanguage":"fr-FR","potentialAction":[{"@type":"ReadAction","target":["https:\/\/dicodusport.fr\/blog\/silvan-dillier-sagan-etait-comme-mon-ange-mais-aussi-mon-demon\/"]}]},{"@type":"ImageObject","inLanguage":"fr-FR","@id":"https:\/\/dicodusport.fr\/blog\/silvan-dillier-sagan-etait-comme-mon-ange-mais-aussi-mon-demon\/#primaryimage","url":"https:\/\/dicodusport.fr\/blog\/wp-content\/uploads\/2022\/04\/Silvan-Dillier-Sagan-e\u0301tait-comme-mon-ange-mais-aussi-mon-de\u0301mon.png","contentUrl":"https:\/\/dicodusport.fr\/blog\/wp-content\/uploads\/2022\/04\/Silvan-Dillier-Sagan-e\u0301tait-comme-mon-ange-mais-aussi-mon-de\u0301mon.png","width":800,"height":445,"caption":"Silvan Dillier Sagan e\u0301tait comme mon ange, mais aussi mon de\u0301mon"},{"@type":"BreadcrumbList","@id":"https:\/\/dicodusport.fr\/blog\/silvan-dillier-sagan-etait-comme-mon-ange-mais-aussi-mon-demon\/#breadcrumb","itemListElement":[{"@type":"ListItem","position":1,"name":"Accueil","item":"https:\/\/dicodusport.fr\/blog\/"},{"@type":"ListItem","position":2,"name":"Silvan Dillier : \u00ab\u00a0Sagan \u00e9tait comme mon ange, mais aussi mon d\u00e9mon\u00a0\u00bb"}]},{"@type":"WebSite","@id":"https:\/\/dicodusport.fr\/blog\/#website","url":"https:\/\/dicodusport.fr\/blog\/","name":"Dicodusport","description":"L&#039;encyclop\u00e9die de l&#039;actualit\u00e9 sportive","publisher":{"@id":"https:\/\/dicodusport.fr\/blog\/#organization"},"potentialAction":[{"@type":"SearchAction","target":{"@type":"EntryPoint","urlTemplate":"https:\/\/dicodusport.fr\/blog\/?s={search_term_string}"},"query-input":{"@type":"PropertyValueSpecification","valueRequired":true,"valueName":"search_term_string"}}],"inLanguage":"fr-FR"},{"@type":"NewsMediaOrganization","@id":"https:\/\/dicodusport.fr\/blog\/#organization","name":"Dicodusport","url":"https:\/\/dicodusport.fr\/blog\/","logo":{"@type":"ImageObject","inLanguage":"fr-FR","@id":"https:\/\/dicodusport.fr\/blog\/#\/schema\/logo\/image\/","url":"https:\/\/dicodusport.fr\/blog\/wp-content\/uploads\/2020\/06\/cropped-LOGO-DICODUSPORT-2020-SANS-FOND-SANS-TEXTE.png","contentUrl":"https:\/\/dicodusport.fr\/blog\/wp-content\/uploads\/2020\/06\/cropped-LOGO-DICODUSPORT-2020-SANS-FOND-SANS-TEXTE.png","width":512,"height":512,"caption":"Dicodusport"},"image":{"@id":"https:\/\/dicodusport.fr\/blog\/#\/schema\/logo\/image\/"},"sameAs":["https:\/\/www.facebook.com\/dicodusport","https:\/\/x.com\/dicodusport","https:\/\/www.instagram.com\/dicodusport\/","https:\/\/www.youtube.com\/channel\/UC7V2KZ5sd3htJivAbA4ZG3w"],"description":"Dicodusport est l'encyclop\u00e9die de l'actualit\u00e9 sportive.","email":"bonjour@dicodusport.fr","legalName":"DICODUSPORT","foundingDate":"2018-01-14","vatID":"FR71834470973","taxID":"83447097300043","numberOfEmployees":{"@type":"QuantitativeValue","minValue":"1","maxValue":"10"}},{"@type":"Person","@id":"https:\/\/dicodusport.fr\/blog\/#\/schema\/person\/55dcb50ad410894e431ed812bbb70191","name":"Nicolas Jacquemard","image":{"@type":"ImageObject","inLanguage":"fr-FR","@id":"https:\/\/dicodusport.fr\/blog\/#\/schema\/person\/image\/","url":"https:\/\/dicodusport.fr\/blog\/wp-content\/uploads\/2021\/05\/Nicolas-Jacquemard-150x150.jpeg","contentUrl":"https:\/\/dicodusport.fr\/blog\/wp-content\/uploads\/2021\/05\/Nicolas-Jacquemard-150x150.jpeg","caption":"Nicolas Jacquemard"},"description":"Passionn\u00e9 de sport et entrepreneur depuis mes 18 ans, la cr\u00e9ation de Dicodusport m'a sembl\u00e9 \u00e9vidente pour participer \u00e0 la m\u00e9diatisation d'un plus grand nombre de sports. Le chemin est long mais avec une \u00e9quipe des plus motiv\u00e9es et les Jeux Olympiques de Paris 2024 en point de mire, nous y arriverons ! Journaliste dans le monde du sport depuis plus de 5 ans, je traite aussi bien de football, de rugby, de biathlon que de cyclisme.","sameAs":["https:\/\/www.facebook.com\/dicodusport","https:\/\/x.com\/https:\/\/twitter.com\/Nico_Jacquemard"],"url":"https:\/\/dicodusport.fr\/blog\/author\/dicodusport\/"}]}},"_links":{"self":[{"href":"https:\/\/dicodusport.fr\/blog\/wp-json\/wp\/v2\/posts\/216769","targetHints":{"allow":["GET"]}}],"collection":[{"href":"https:\/\/dicodusport.fr\/blog\/wp-json\/wp\/v2\/posts"}],"about":[{"href":"https:\/\/dicodusport.fr\/blog\/wp-json\/wp\/v2\/types\/post"}],"author":[{"embeddable":true,"href":"https:\/\/dicodusport.fr\/blog\/wp-json\/wp\/v2\/users\/1"}],"replies":[{"embeddable":true,"href":"https:\/\/dicodusport.fr\/blog\/wp-json\/wp\/v2\/comments?post=216769"}],"version-history":[{"count":0,"href":"https:\/\/dicodusport.fr\/blog\/wp-json\/wp\/v2\/posts\/216769\/revisions"}],"wp:featuredmedia":[{"embeddable":true,"href":"https:\/\/dicodusport.fr\/blog\/wp-json\/wp\/v2\/media\/216770"}],"wp:attachment":[{"href":"https:\/\/dicodusport.fr\/blog\/wp-json\/wp\/v2\/media?parent=216769"}],"wp:term":[{"taxonomy":"category","embeddable":true,"href":"https:\/\/dicodusport.fr\/blog\/wp-json\/wp\/v2\/categories?post=216769"},{"taxonomy":"post_tag","embeddable":true,"href":"https:\/\/dicodusport.fr\/blog\/wp-json\/wp\/v2\/tags?post=216769"}],"curies":[{"name":"wp","href":"https:\/\/api.w.org\/{rel}","templated":true}]}}