{"id":216965,"date":"2022-04-18T16:08:45","date_gmt":"2022-04-18T14:08:45","guid":{"rendered":"https:\/\/dicodusport.fr\/blog\/?p=216965&#038;preview=true&#038;preview_id=216965"},"modified":"2022-04-19T16:05:36","modified_gmt":"2022-04-19T14:05:36","slug":"emilien-jacquelin-1-2-la-base-de-mon-passage-a-vide-est-purement-mentale","status":"publish","type":"post","link":"https:\/\/dicodusport.fr\/blog\/emilien-jacquelin-1-2-la-base-de-mon-passage-a-vide-est-purement-mentale\/","title":{"rendered":"\u00c9milien Jacquelin (1\/2) : \u00ab\u00a0La base de mon passage \u00e0 vide est purement mentale\u00a0\u00bb"},"content":{"rendered":"<p style=\"text-align: justify;\"><b><i><a href=\"https:\/\/dicodusport.fr\/blog\/actualites\/biathlon\/\">BIATHLON<\/a> &#8211; Alors qu&rsquo;il profite de quelques semaines de vacances avant d&rsquo;attaquer une nouvelle pr\u00e9paration pour la saison 2022-2023, \u00c9milien Jacquelin s&rsquo;est confi\u00e9 \u00e0 Dicodusport, avec la franchise et la passion qu&rsquo;on lui conna\u00eet. Ce bel entretien avec le num\u00e9ro 2 fran\u00e7ais de la derni\u00e8re saison de biathlon, vous sera propos\u00e9 en deux parties.\u00a0<\/i><\/b><\/p>\n<p><strong>\u00c0 lire aussi la deuxi\u00e8me partie de l\u2019entretien : <a href=\"https:\/\/dicodusport.fr\/blog\/emilien-jacquelin-2-2-vraiment-accepter-qui-je-suis\/\" target=\"_blank\" rel=\"noopener\">\u00c9milien Jacquelin (2\/2) : \u00ab Vraiment accepter qui je suis \u00bb<\/a><\/strong><\/p>\n<p style=\"text-align: justify;\">Dans ce premier volet, <a href=\"https:\/\/dicodusport.fr\/blog\/emilien-jacquelin-javais-envie-de-titiller-quentin\/\"><strong>\u00c9milien Jacquelin<\/strong><\/a> tire le bilan de sa saison et revient notamment sur son passage \u00e0 vide d\u00e9but 2022, en expliquant les causes de ce moment difficile. Le champion fran\u00e7ais \u00e9voque aussi son besoin de se ressourcer, la sant\u00e9 mentale des athl\u00e8tes et la duret\u00e9 des r\u00e9seaux sociaux.<\/p>\n<h3 style=\"text-align: justify;\"><strong>\u00c9milien, la saison est termin\u00e9e depuis quelques semaines, comment \u00e7a va ?<\/strong><\/h3>\n<p style=\"text-align: justify;\">\u00c7a va de mieux en mieux. J&rsquo;arrive \u00e0 dig\u00e9rer la saison et les derni\u00e8res semaines qui ont \u00e9t\u00e9 compliqu\u00e9es et longues de mon point de vue. Je profite, je fais des choses que j&rsquo;aime, je vois mes proches et ma famille. Je me rends compte au fur et \u00e0 mesure de ma carri\u00e8re que ce sont des choses qui sont importantes pour moi. J&rsquo;ai besoin de ces moments-l\u00e0 pour \u00eatre performant les jours J. Je me ressource avant de reprendre la pr\u00e9paration au mois de mai.<\/p>\n<h3 style=\"text-align: justify;\"><strong>On t&rsquo;a vu aux \u00c9tats-Unis et dans des salles NBA, peux-tu nous raconter un peu cette exp\u00e9rience ?<\/strong><\/h3>\n<p style=\"text-align: justify;\">L&rsquo;exp\u00e9rience du sport am\u00e9ricain et de la NBA, c&rsquo;est assez incroyable. J&rsquo;aime beaucoup ces sports ou \u00e7a reste un show, o\u00f9 il y a du spectacle, et c&rsquo;est d&rsquo;ailleurs de cette mani\u00e8re que j&rsquo;aime courir. Pour le basket, \u00e7a me parle beaucoup, je trouve \u00e7a tr\u00e8s int\u00e9ressant, car il y a beaucoup de similarit\u00e9s avec le biathlon. C&rsquo;est un sport sui demande de l&rsquo;adresse, du sang-froid, de la confiance en soi, de la forme physique et de la technique. Et puis il faut garder confiance, m\u00eame quand \u00e7a ne rentre pas. C&rsquo;est pour cela que j&rsquo;aime regarder du basket. Et puis le Madison Square Garden, c&rsquo;est une salle magnifique, l&rsquo;ambiance \u00e9tait juste dingue. J&rsquo;ai vraiment pass\u00e9 un bon moment !<\/p>\n<h3 style=\"text-align: justify;\">Pour en revenir au biathlon, avec un peu de recul, quel regard portes-tu sur ta saison ?<\/h3>\n<p style=\"text-align: justify;\">Avec du recul, je suis quand m\u00eame assez fier de moi. Le 1er ao\u00fbt, je me casse le poignet, c&rsquo;est une vraie blessure, la premi\u00e8re de ma carri\u00e8re, je ne savais pas du tout o\u00f9 j&rsquo;allais. Le premier truc que je me suis dit quand je suis tomb\u00e9, c&rsquo;est <em>\u00ab<\/em> <em>la saison et les Jeux Olympiques, c&rsquo;est mort \u00bb<\/em>. Il y avait beaucoup de fatalisme, et je pense que cela a \u00e9t\u00e9 une mani\u00e8re de me prot\u00e9ger. Derri\u00e8re, cela m&rsquo;a co\u00fbt\u00e9 beaucoup d&rsquo;\u00e9nergie pour continuer \u00e0 y croire et \u00e0 aller de l&rsquo;avant.<\/p>\n<p style=\"text-align: justify;\">Du coup, j&rsquo;ai le sentiment que la saison a d\u00e9but\u00e9 le 1er ao\u00fbt, car \u00e0 partir de ce moment-l\u00e0, j&rsquo;\u00e9tais encore plus s\u00e9rieux. Chaque s\u00e9ance n&rsquo;\u00e9tait pas importante, mais ultra-importante. Ce sont des efforts que j&rsquo;ai pay\u00e9s par la suite dans la saison. Mais c&rsquo;\u00e9tait d\u00e9j\u00e0 une r\u00e9elle fiert\u00e9 de revenir au plus haut niveau, car tous les gars en face de moi ont eu des pr\u00e9parations parfaites.<\/p>\n<p style=\"text-align: justify;\">Finalement, je suis tr\u00e8s fier d&rsquo;avoir retrouv\u00e9 mon niveau et d&rsquo;avoir r\u00e9alis\u00e9 un magnifique mois de d\u00e9cembre. Je voulais revenir plus fort sur les skis, et je l&rsquo;ai fait. Il y a beaucoup de positif. Apr\u00e8s, c&rsquo;est vrai que j&rsquo;ai toujours tendance \u00e0 voir le verre \u00e0 moiti\u00e9 vide, parce que j&rsquo;ai ce souci du d\u00e9tail, je suis plus perfectionniste que comp\u00e9titeur. C&rsquo;\u00e9tait important pour moi de tirer du positif de cette saison malgr\u00e9 tout, j&rsquo;ai port\u00e9 le maillot jaune, le rouge, je me suis install\u00e9, j&rsquo;ai montr\u00e9 mon niveau. Mais voil\u00e0, j&rsquo;ai manqu\u00e9 de naturel au niveau du tir pour exprimer tout mon potentiel.<\/p>\n<div id=\"attachment_216976\" style=\"width: 810px\" class=\"wp-caption aligncenter\"><a href=\"https:\/\/dicodusport.fr\/blog\/wp-content\/uploads\/2022\/04\/Emilien-Jacquelin-podium-olympique.png\"><img loading=\"lazy\" decoding=\"async\" aria-describedby=\"caption-attachment-216976\" class=\"wp-image-216976 size-full\" src=\"https:\/\/dicodusport.fr\/blog\/wp-content\/uploads\/2022\/04\/Emilien-Jacquelin-podium-olympique.png\" alt=\"\" width=\"800\" height=\"445\" srcset=\"https:\/\/dicodusport.fr\/blog\/wp-content\/uploads\/2022\/04\/Emilien-Jacquelin-podium-olympique.png 800w, https:\/\/dicodusport.fr\/blog\/wp-content\/uploads\/2022\/04\/Emilien-Jacquelin-podium-olympique-300x167.png 300w, https:\/\/dicodusport.fr\/blog\/wp-content\/uploads\/2022\/04\/Emilien-Jacquelin-podium-olympique-768x427.png 768w\" sizes=\"auto, (max-width: 800px) 100vw, 800px\" \/><\/a><p id=\"caption-attachment-216976\" class=\"wp-caption-text\">\u00c9milien Jacquelin sur le podium olympique du relais hommes avec Quentin Fillon Maillet, Fabien Claude et Simon Desthieux &#8211; \u00a9 Icon Sport<\/p><\/div>\n<h3 style=\"text-align: justify;\"><strong>Tu as eu ce passage \u00e0 vide \u00e0 partir du mois de janvier, est-ce que finalement, il \u00e9tait plus mental que physique ?<\/strong><\/h3>\n<p style=\"text-align: justify;\">La base est purement mentale ! M\u00eame dans ma vie personnelle, comme j&rsquo;aime le dire, il n&rsquo;y a pas d&rsquo;excuse, mais il y a des causes. \u00c7a a \u00e9t\u00e9 difficile pour moi ce passage. On parle souvent de la force mentale qui permet \u00e0 un athl\u00e8te d&rsquo;\u00eatre encore meilleur, mais \u00e7a marche aussi dans le sens inverse. Quand on ne se sent pas bien, notre corps cr\u00e9e du stress, on devient moins performant et c&rsquo;est un cercle vicieux. \u00c0 un moment, le mental, et surtout le n\u00e9gatif, avait pris le dessus, et \u00e7a n&rsquo;a fait que de se d\u00e9velopper. Je n&rsquo;ai pas vraiment r\u00e9ussi \u00e0 inverser la tendance sur la suite de la saison.<\/p>\n<p style=\"text-align: justify;\">M\u00eame si apr\u00e8s les JO, j&rsquo;ai retrouv\u00e9 un peu d&rsquo;\u00e9nergie mentale et physique, et m\u00eame du plaisir sur le pas de tir. Mais \u00e0 ce moment-l\u00e0, j&rsquo;\u00e9tais d\u00e9j\u00e0 d\u00e9\u00e7u et frustr\u00e9 de la p\u00e9riode que je venais de vivre, avec notamment les JO. Je ne sais pas si j&rsquo;avais les moyens de g\u00e9rer tout cela diff\u00e9remment, mais je l&rsquo;ai v\u00e9cu comme je devais le vivre, j&rsquo;ai ce sentiment en tout cas. Je le prends comme une tr\u00e8s bonne exp\u00e9rience, \u00e7a me servira pour l&rsquo;ann\u00e9e prochaine.<\/p>\n<h3 style=\"text-align: justify;\"><strong>Cela me permet d\u2019\u00e9voquer l\u2019aspect mental dans le sport de haut niveau, souvent sous-estim\u00e9 par les observateurs et le grand public. \u00c0 quel point cet aspect est important dans une performance sportive ? Et comment le travailles-tu ?<\/strong><\/h3>\n<p style=\"text-align: justify;\">Surtout sur une saison o\u00f9 tu vises un classement g\u00e9n\u00e9ral, tous sports confondus, le mental a une part \u00e9norme dans la performance. C&rsquo;est-\u00e0-dire la capacit\u00e9 \u00e0 pouvoir performer chaque jour, m\u00eame quand \u00e7a va moins bien. Je travaille dessus pour \u00eatre meilleur \u00e0 ce niveau. C&rsquo;est vrai que \u00e7a m&rsquo;attriste toujours un peu quand je vois certaines critiques, car on oublie tr\u00e8s souvent l&rsquo;aspect mental, alors qu&rsquo;un sportif de haut niveau est un humain comme un autre, et peut-\u00eatre m\u00eame plus fragile. Car le r\u00e9sultat importe tellement pour l&rsquo;estime de nous-m\u00eame, qu&rsquo;une contre-performance peut vraiment nous affaiblir. Ce n&rsquo;est pas anodin que de nombreux sportifs de haut niveau partent en d\u00e9pression en carri\u00e8re, ou en apr\u00e8s-carri\u00e8re. Il y en a de plus en plus en carri\u00e8re maintenant, mais c&rsquo;est aussi parce qu&rsquo;avant, c&rsquo;\u00e9tait un peu tabou, de montrer ses faiblesses, de dire que mentalement, c&rsquo;\u00e9tait compliqu\u00e9.<\/p>\n<p style=\"text-align: justify;\">Personnellement, je n&rsquo;ai pas peur de dire que j&rsquo;ai des hauts et des bas, je suis comme n&rsquo;importe quelle autre personne. Je trouve que justement le sport de haut niveau est l\u00e0 pour montrer que l&rsquo;on peut r\u00e9ussir malgr\u00e9 certaines faiblesses. Le sportif de haut niveau n&rsquo;est pas forc\u00e9ment un Michael Jordan, un Martin Fourcade ou un Quentin Fillon Maillet. Ce sont des personnes qui sont exceptionnelles dans leur mani\u00e8re de voir le sport et leur rigueur. Mais ce n&rsquo;est pas une finalit\u00e9, tu peux r\u00e9ussir dans le sport de haut niveau en \u00e9tant toi-m\u00eame.<\/p>\n<h3 style=\"text-align: justify;\"><strong>La duret\u00e9 des r\u00e9seaux sociaux est aussi un vrai sujet, comment g\u00e8res-tu cela ?<\/strong><\/h3>\n<p style=\"text-align: justify;\">\u00c7a a pu me toucher l&rsquo;an dernier par exemple. Tout est une question de point de vue. C&rsquo;est un tout entre moi comment je performe, ce que j&rsquo;attends de ma saison, ce que les m\u00e9dias attendent et les fans attendent. Quand tu fais un podium ou un Top 5 et que t&rsquo;es malgr\u00e9 tout critiqu\u00e9, je trouve que \u00e7a commence \u00e0 \u00eatre g\u00eanant, car quand t&rsquo;es sportif de haut niveau, tu passes plus de temps \u00e0 ne pas \u00eatre sur la plus haute marche du podium que l&rsquo;inverse. Apr\u00e8s, les r\u00e9seaux sociaux, de mani\u00e8re g\u00e9n\u00e9rale, je trouve que \u00e7a pousse \u00e0 dire tout et n&rsquo;importe quoi. Je pense que c&rsquo;est un r\u00e9el souci, mais encadrer tout, cela parait compliqu\u00e9. C&rsquo;est peut-\u00eatre en mettant plus de personne au sport qu&rsquo;ils se rendront compte, en fait, de la difficult\u00e9 que c&rsquo;est de faire ce sport, et de toutes les qualit\u00e9s que cela demande. Peut-\u00eatre qu&rsquo;ils auraient plus de bienveillance avec les athl\u00e8tes ensuite.<\/p>\n<p style=\"text-align: justify;\">Mais c&rsquo;est vrai que \u00e7a fait mal au c\u0153ur de voir des championnes et champions comme Mikaela Shiffrin se faire descendre comme \u00e7a, ou m\u00eame Alexis Pinturault avec les JO. Et puis pour moi, les \u00e9checs, \u00e7a rend un sportif encore plus humain, plus proche des personnes qui peuvent le suivre. Le sport, ce n&rsquo;est pas que des performances, mais aussi des histoires. Et ces histoires sont m\u00eames parfois plus belles avec des d\u00e9faillances. Pour en revenir aux r\u00e9seaux sociaux et la m\u00e9chancet\u00e9 qu&rsquo;il peut y avoir, c&rsquo;est vrai que j&rsquo;essaye de lire de moins en moins. L&rsquo;hiver, j&rsquo;ai tendance \u00e0 supprimer quelques applications, et \u00e7a fait du bien.<\/p>\n<p style=\"text-align: justify;\"><em><strong>Rendez-vous mardi 19 avril \u00e0 16 heures pour la deuxi\u00e8me partie de l&rsquo;entretien, o\u00f9 il sera question de la pr\u00e9paration \u00e0 venir, de ses objectifs pour la prochaine saison ou encore de l&rsquo;avenir du biathlon en France. Dans ce second volet, le double champion du monde de la poursuite vous donnera aussi son biathl\u00e8te id\u00e9al.\u00a0<\/strong><\/em><\/p>\n","protected":false},"excerpt":{"rendered":"<p>BIATHLON &#8211; Alors qu&rsquo;il profite de quelques semaines de vacances avant d&rsquo;attaquer une nouvelle pr\u00e9paration pour la saison 2022-2023, \u00c9milien Jacquelin s&rsquo;est confi\u00e9 \u00e0 Dicodusport, avec la franchise et la passion qu&rsquo;on lui conna\u00eet. Ce bel entretien avec le num\u00e9ro 2 fran\u00e7ais de la derni\u00e8re saison de biathlon, vous sera propos\u00e9 en deux parties.\u00a0<\/p>\n","protected":false},"author":1,"featured_media":217028,"comment_status":"open","ping_status":"closed","sticky":false,"template":"","format":"standard","meta":{"_acf_changed":false,"_daextam_enable_autolinks":"","footnotes":""},"categories":[2426],"tags":[2427,2692,24],"class_list":["post-216965","post","type-post","status-publish","format-standard","has-post-thumbnail","hentry","category-biathlon","tag-biathlon","tag-emilien-jacquelin","tag-sport"],"acf":[],"yoast_head":"<!-- This site is optimized with the Yoast SEO Premium plugin v26.7 (Yoast SEO v26.7) - https:\/\/yoast.com\/wordpress\/plugins\/seo\/ -->\n<title>\u00c9milien Jacquelin (1\/2) : &quot;La base de mon passage \u00e0 vide est purement mentale&quot;<\/title>\n<meta name=\"description\" content=\"Alors qu&#039;il profite de quelques semaines de vacances avant d&#039;attaquer une nouvelle pr\u00e9paration, \u00c9milien Jacquelin s&#039;est confi\u00e9 \u00e0 Dicodusport.\" \/>\n<meta name=\"robots\" content=\"index, follow, max-snippet:-1, max-image-preview:large, max-video-preview:-1\" \/>\n<link rel=\"canonical\" href=\"https:\/\/dicodusport.fr\/blog\/emilien-jacquelin-1-2-la-base-de-mon-passage-a-vide-est-purement-mentale\/\" \/>\n<meta property=\"og:locale\" content=\"fr_FR\" \/>\n<meta property=\"og:type\" content=\"article\" \/>\n<meta property=\"og:title\" content=\"\u00c9milien Jacquelin (1\/2) : &quot;La base de mon passage \u00e0 vide est purement mentale&quot;\" \/>\n<meta property=\"og:description\" content=\"Alors qu&#039;il profite de quelques semaines de vacances avant d&#039;attaquer une nouvelle pr\u00e9paration, \u00c9milien Jacquelin s&#039;est confi\u00e9 \u00e0 Dicodusport.\" \/>\n<meta property=\"og:url\" content=\"https:\/\/dicodusport.fr\/blog\/emilien-jacquelin-1-2-la-base-de-mon-passage-a-vide-est-purement-mentale\/\" \/>\n<meta property=\"og:site_name\" content=\"Dicodusport\" \/>\n<meta property=\"article:publisher\" content=\"https:\/\/www.facebook.com\/dicodusport\" \/>\n<meta property=\"article:author\" content=\"https:\/\/www.facebook.com\/dicodusport\" \/>\n<meta property=\"article:published_time\" content=\"2022-04-18T14:08:45+00:00\" \/>\n<meta property=\"article:modified_time\" content=\"2022-04-19T14:05:36+00:00\" \/>\n<meta property=\"og:image\" content=\"https:\/\/dicodusport.fr\/blog\/wp-content\/uploads\/2022\/04\/Emilien-Jacquelin-12-La-base-de-mon-passage-a-vide-est-purement-mentale.png\" \/>\n\t<meta property=\"og:image:width\" content=\"800\" \/>\n\t<meta property=\"og:image:height\" content=\"445\" \/>\n\t<meta property=\"og:image:type\" content=\"image\/png\" \/>\n<meta name=\"author\" content=\"Nicolas Jacquemard\" \/>\n<meta name=\"twitter:card\" content=\"summary_large_image\" \/>\n<meta name=\"twitter:title\" content=\"\u00c9milien Jacquelin (1\/2) : &quot;La base de mon passage \u00e0 vide est purement mentale&quot;\" \/>\n<meta name=\"twitter:creator\" content=\"@https:\/\/twitter.com\/Nico_Jacquemard\" \/>\n<meta name=\"twitter:site\" content=\"@dicodusport\" \/>\n<script type=\"application\/ld+json\" class=\"yoast-schema-graph\">{\"@context\":\"https:\/\/schema.org\",\"@graph\":[{\"@type\":\"NewsArticle\",\"@id\":\"https:\/\/dicodusport.fr\/blog\/emilien-jacquelin-1-2-la-base-de-mon-passage-a-vide-est-purement-mentale\/#article\",\"isPartOf\":{\"@id\":\"https:\/\/dicodusport.fr\/blog\/emilien-jacquelin-1-2-la-base-de-mon-passage-a-vide-est-purement-mentale\/\"},\"author\":{\"name\":\"Nicolas Jacquemard\",\"@id\":\"https:\/\/dicodusport.fr\/blog\/#\/schema\/person\/55dcb50ad410894e431ed812bbb70191\"},\"headline\":\"\u00c9milien Jacquelin (1\/2) : \u00ab\u00a0La base de mon passage \u00e0 vide est purement mentale\u00a0\u00bb\",\"datePublished\":\"2022-04-18T14:08:45+00:00\",\"dateModified\":\"2022-04-19T14:05:36+00:00\",\"mainEntityOfPage\":{\"@id\":\"https:\/\/dicodusport.fr\/blog\/emilien-jacquelin-1-2-la-base-de-mon-passage-a-vide-est-purement-mentale\/\"},\"wordCount\":1683,\"commentCount\":1,\"publisher\":{\"@id\":\"https:\/\/dicodusport.fr\/blog\/#organization\"},\"image\":{\"@id\":\"https:\/\/dicodusport.fr\/blog\/emilien-jacquelin-1-2-la-base-de-mon-passage-a-vide-est-purement-mentale\/#primaryimage\"},\"thumbnailUrl\":\"https:\/\/dicodusport.fr\/blog\/wp-content\/uploads\/2022\/04\/Emilien-Jacquelin-12-La-base-de-mon-passage-a-vide-est-purement-mentale.png\",\"keywords\":[\"Biathlon\",\"Emilien Jacquelin\",\"sport\"],\"articleSection\":[\"Biathlon\"],\"inLanguage\":\"fr-FR\",\"potentialAction\":[{\"@type\":\"CommentAction\",\"name\":\"Comment\",\"target\":[\"https:\/\/dicodusport.fr\/blog\/emilien-jacquelin-1-2-la-base-de-mon-passage-a-vide-est-purement-mentale\/#respond\"]}],\"copyrightYear\":\"2022\",\"copyrightHolder\":{\"@id\":\"https:\/\/dicodusport.fr\/blog\/#organization\"}},{\"@type\":\"WebPage\",\"@id\":\"https:\/\/dicodusport.fr\/blog\/emilien-jacquelin-1-2-la-base-de-mon-passage-a-vide-est-purement-mentale\/\",\"url\":\"https:\/\/dicodusport.fr\/blog\/emilien-jacquelin-1-2-la-base-de-mon-passage-a-vide-est-purement-mentale\/\",\"name\":\"\u00c9milien Jacquelin (1\/2) : \\\"La base de mon passage \u00e0 vide est purement mentale\\\"\",\"isPartOf\":{\"@id\":\"https:\/\/dicodusport.fr\/blog\/#website\"},\"primaryImageOfPage\":{\"@id\":\"https:\/\/dicodusport.fr\/blog\/emilien-jacquelin-1-2-la-base-de-mon-passage-a-vide-est-purement-mentale\/#primaryimage\"},\"image\":{\"@id\":\"https:\/\/dicodusport.fr\/blog\/emilien-jacquelin-1-2-la-base-de-mon-passage-a-vide-est-purement-mentale\/#primaryimage\"},\"thumbnailUrl\":\"https:\/\/dicodusport.fr\/blog\/wp-content\/uploads\/2022\/04\/Emilien-Jacquelin-12-La-base-de-mon-passage-a-vide-est-purement-mentale.png\",\"datePublished\":\"2022-04-18T14:08:45+00:00\",\"dateModified\":\"2022-04-19T14:05:36+00:00\",\"description\":\"Alors qu'il profite de quelques semaines de vacances avant d'attaquer une nouvelle pr\u00e9paration, \u00c9milien Jacquelin s'est confi\u00e9 \u00e0 Dicodusport.\",\"breadcrumb\":{\"@id\":\"https:\/\/dicodusport.fr\/blog\/emilien-jacquelin-1-2-la-base-de-mon-passage-a-vide-est-purement-mentale\/#breadcrumb\"},\"inLanguage\":\"fr-FR\",\"potentialAction\":[{\"@type\":\"ReadAction\",\"target\":[\"https:\/\/dicodusport.fr\/blog\/emilien-jacquelin-1-2-la-base-de-mon-passage-a-vide-est-purement-mentale\/\"]}]},{\"@type\":\"ImageObject\",\"inLanguage\":\"fr-FR\",\"@id\":\"https:\/\/dicodusport.fr\/blog\/emilien-jacquelin-1-2-la-base-de-mon-passage-a-vide-est-purement-mentale\/#primaryimage\",\"url\":\"https:\/\/dicodusport.fr\/blog\/wp-content\/uploads\/2022\/04\/Emilien-Jacquelin-12-La-base-de-mon-passage-a-vide-est-purement-mentale.png\",\"contentUrl\":\"https:\/\/dicodusport.fr\/blog\/wp-content\/uploads\/2022\/04\/Emilien-Jacquelin-12-La-base-de-mon-passage-a-vide-est-purement-mentale.png\",\"width\":800,\"height\":445,\"caption\":\"\u00c9milien Jacquelin (12) La base de mon passage \u00e0 vide est purement mentale\"},{\"@type\":\"BreadcrumbList\",\"@id\":\"https:\/\/dicodusport.fr\/blog\/emilien-jacquelin-1-2-la-base-de-mon-passage-a-vide-est-purement-mentale\/#breadcrumb\",\"itemListElement\":[{\"@type\":\"ListItem\",\"position\":1,\"name\":\"Accueil\",\"item\":\"https:\/\/dicodusport.fr\/blog\/\"},{\"@type\":\"ListItem\",\"position\":2,\"name\":\"\u00c9milien Jacquelin (1\/2) : \u00ab\u00a0La base de mon passage \u00e0 vide est purement mentale\u00a0\u00bb\"}]},{\"@type\":\"WebSite\",\"@id\":\"https:\/\/dicodusport.fr\/blog\/#website\",\"url\":\"https:\/\/dicodusport.fr\/blog\/\",\"name\":\"Dicodusport\",\"description\":\"L&#039;encyclop\u00e9die de l&#039;actualit\u00e9 sportive\",\"publisher\":{\"@id\":\"https:\/\/dicodusport.fr\/blog\/#organization\"},\"potentialAction\":[{\"@type\":\"SearchAction\",\"target\":{\"@type\":\"EntryPoint\",\"urlTemplate\":\"https:\/\/dicodusport.fr\/blog\/?s={search_term_string}\"},\"query-input\":{\"@type\":\"PropertyValueSpecification\",\"valueRequired\":true,\"valueName\":\"search_term_string\"}}],\"inLanguage\":\"fr-FR\"},{\"@type\":\"NewsMediaOrganization\",\"@id\":\"https:\/\/dicodusport.fr\/blog\/#organization\",\"name\":\"Dicodusport\",\"url\":\"https:\/\/dicodusport.fr\/blog\/\",\"logo\":{\"@type\":\"ImageObject\",\"inLanguage\":\"fr-FR\",\"@id\":\"https:\/\/dicodusport.fr\/blog\/#\/schema\/logo\/image\/\",\"url\":\"https:\/\/dicodusport.fr\/blog\/wp-content\/uploads\/2020\/06\/cropped-LOGO-DICODUSPORT-2020-SANS-FOND-SANS-TEXTE.png\",\"contentUrl\":\"https:\/\/dicodusport.fr\/blog\/wp-content\/uploads\/2020\/06\/cropped-LOGO-DICODUSPORT-2020-SANS-FOND-SANS-TEXTE.png\",\"width\":512,\"height\":512,\"caption\":\"Dicodusport\"},\"image\":{\"@id\":\"https:\/\/dicodusport.fr\/blog\/#\/schema\/logo\/image\/\"},\"sameAs\":[\"https:\/\/www.facebook.com\/dicodusport\",\"https:\/\/x.com\/dicodusport\",\"https:\/\/www.instagram.com\/dicodusport\/\",\"https:\/\/www.youtube.com\/channel\/UC7V2KZ5sd3htJivAbA4ZG3w\"],\"description\":\"Dicodusport est l'encyclop\u00e9die de l'actualit\u00e9 sportive.\",\"email\":\"bonjour@dicodusport.fr\",\"legalName\":\"DICODUSPORT\",\"foundingDate\":\"2018-01-14\",\"vatID\":\"FR71834470973\",\"taxID\":\"83447097300043\",\"numberOfEmployees\":{\"@type\":\"QuantitativeValue\",\"minValue\":\"1\",\"maxValue\":\"10\"}},{\"@type\":\"Person\",\"@id\":\"https:\/\/dicodusport.fr\/blog\/#\/schema\/person\/55dcb50ad410894e431ed812bbb70191\",\"name\":\"Nicolas Jacquemard\",\"image\":{\"@type\":\"ImageObject\",\"inLanguage\":\"fr-FR\",\"@id\":\"https:\/\/dicodusport.fr\/blog\/#\/schema\/person\/image\/\",\"url\":\"https:\/\/dicodusport.fr\/blog\/wp-content\/uploads\/2021\/05\/Nicolas-Jacquemard-150x150.jpeg\",\"contentUrl\":\"https:\/\/dicodusport.fr\/blog\/wp-content\/uploads\/2021\/05\/Nicolas-Jacquemard-150x150.jpeg\",\"caption\":\"Nicolas Jacquemard\"},\"description\":\"Passionn\u00e9 de sport et entrepreneur depuis mes 18 ans, la cr\u00e9ation de Dicodusport m'a sembl\u00e9 \u00e9vidente pour participer \u00e0 la m\u00e9diatisation d'un plus grand nombre de sports. Le chemin est long mais avec une \u00e9quipe des plus motiv\u00e9es et les Jeux Olympiques de Paris 2024 en point de mire, nous y arriverons ! Journaliste dans le monde du sport depuis plus de 5 ans, je traite aussi bien de football, de rugby, de biathlon que de cyclisme.\",\"sameAs\":[\"https:\/\/www.facebook.com\/dicodusport\",\"https:\/\/x.com\/https:\/\/twitter.com\/Nico_Jacquemard\"],\"url\":\"https:\/\/dicodusport.fr\/blog\/author\/dicodusport\/\"}]}<\/script>\n<!-- \/ Yoast SEO Premium plugin. -->","yoast_head_json":{"title":"\u00c9milien Jacquelin (1\/2) : \"La base de mon passage \u00e0 vide est purement mentale\"","description":"Alors qu'il profite de quelques semaines de vacances avant d'attaquer une nouvelle pr\u00e9paration, \u00c9milien Jacquelin s'est confi\u00e9 \u00e0 Dicodusport.","robots":{"index":"index","follow":"follow","max-snippet":"max-snippet:-1","max-image-preview":"max-image-preview:large","max-video-preview":"max-video-preview:-1"},"canonical":"https:\/\/dicodusport.fr\/blog\/emilien-jacquelin-1-2-la-base-de-mon-passage-a-vide-est-purement-mentale\/","og_locale":"fr_FR","og_type":"article","og_title":"\u00c9milien Jacquelin (1\/2) : \"La base de mon passage \u00e0 vide est purement mentale\"","og_description":"Alors qu'il profite de quelques semaines de vacances avant d'attaquer une nouvelle pr\u00e9paration, \u00c9milien Jacquelin s'est confi\u00e9 \u00e0 Dicodusport.","og_url":"https:\/\/dicodusport.fr\/blog\/emilien-jacquelin-1-2-la-base-de-mon-passage-a-vide-est-purement-mentale\/","og_site_name":"Dicodusport","article_publisher":"https:\/\/www.facebook.com\/dicodusport","article_author":"https:\/\/www.facebook.com\/dicodusport","article_published_time":"2022-04-18T14:08:45+00:00","article_modified_time":"2022-04-19T14:05:36+00:00","og_image":[{"width":800,"height":445,"url":"https:\/\/dicodusport.fr\/blog\/wp-content\/uploads\/2022\/04\/Emilien-Jacquelin-12-La-base-de-mon-passage-a-vide-est-purement-mentale.png","type":"image\/png"}],"author":"Nicolas Jacquemard","twitter_card":"summary_large_image","twitter_title":"\u00c9milien Jacquelin (1\/2) : \"La base de mon passage \u00e0 vide est purement mentale\"","twitter_creator":"@https:\/\/twitter.com\/Nico_Jacquemard","twitter_site":"@dicodusport","schema":{"@context":"https:\/\/schema.org","@graph":[{"@type":"NewsArticle","@id":"https:\/\/dicodusport.fr\/blog\/emilien-jacquelin-1-2-la-base-de-mon-passage-a-vide-est-purement-mentale\/#article","isPartOf":{"@id":"https:\/\/dicodusport.fr\/blog\/emilien-jacquelin-1-2-la-base-de-mon-passage-a-vide-est-purement-mentale\/"},"author":{"name":"Nicolas Jacquemard","@id":"https:\/\/dicodusport.fr\/blog\/#\/schema\/person\/55dcb50ad410894e431ed812bbb70191"},"headline":"\u00c9milien Jacquelin (1\/2) : \u00ab\u00a0La base de mon passage \u00e0 vide est purement mentale\u00a0\u00bb","datePublished":"2022-04-18T14:08:45+00:00","dateModified":"2022-04-19T14:05:36+00:00","mainEntityOfPage":{"@id":"https:\/\/dicodusport.fr\/blog\/emilien-jacquelin-1-2-la-base-de-mon-passage-a-vide-est-purement-mentale\/"},"wordCount":1683,"commentCount":1,"publisher":{"@id":"https:\/\/dicodusport.fr\/blog\/#organization"},"image":{"@id":"https:\/\/dicodusport.fr\/blog\/emilien-jacquelin-1-2-la-base-de-mon-passage-a-vide-est-purement-mentale\/#primaryimage"},"thumbnailUrl":"https:\/\/dicodusport.fr\/blog\/wp-content\/uploads\/2022\/04\/Emilien-Jacquelin-12-La-base-de-mon-passage-a-vide-est-purement-mentale.png","keywords":["Biathlon","Emilien Jacquelin","sport"],"articleSection":["Biathlon"],"inLanguage":"fr-FR","potentialAction":[{"@type":"CommentAction","name":"Comment","target":["https:\/\/dicodusport.fr\/blog\/emilien-jacquelin-1-2-la-base-de-mon-passage-a-vide-est-purement-mentale\/#respond"]}],"copyrightYear":"2022","copyrightHolder":{"@id":"https:\/\/dicodusport.fr\/blog\/#organization"}},{"@type":"WebPage","@id":"https:\/\/dicodusport.fr\/blog\/emilien-jacquelin-1-2-la-base-de-mon-passage-a-vide-est-purement-mentale\/","url":"https:\/\/dicodusport.fr\/blog\/emilien-jacquelin-1-2-la-base-de-mon-passage-a-vide-est-purement-mentale\/","name":"\u00c9milien Jacquelin (1\/2) : \"La base de mon passage \u00e0 vide est purement mentale\"","isPartOf":{"@id":"https:\/\/dicodusport.fr\/blog\/#website"},"primaryImageOfPage":{"@id":"https:\/\/dicodusport.fr\/blog\/emilien-jacquelin-1-2-la-base-de-mon-passage-a-vide-est-purement-mentale\/#primaryimage"},"image":{"@id":"https:\/\/dicodusport.fr\/blog\/emilien-jacquelin-1-2-la-base-de-mon-passage-a-vide-est-purement-mentale\/#primaryimage"},"thumbnailUrl":"https:\/\/dicodusport.fr\/blog\/wp-content\/uploads\/2022\/04\/Emilien-Jacquelin-12-La-base-de-mon-passage-a-vide-est-purement-mentale.png","datePublished":"2022-04-18T14:08:45+00:00","dateModified":"2022-04-19T14:05:36+00:00","description":"Alors qu'il profite de quelques semaines de vacances avant d'attaquer une nouvelle pr\u00e9paration, \u00c9milien Jacquelin s'est confi\u00e9 \u00e0 Dicodusport.","breadcrumb":{"@id":"https:\/\/dicodusport.fr\/blog\/emilien-jacquelin-1-2-la-base-de-mon-passage-a-vide-est-purement-mentale\/#breadcrumb"},"inLanguage":"fr-FR","potentialAction":[{"@type":"ReadAction","target":["https:\/\/dicodusport.fr\/blog\/emilien-jacquelin-1-2-la-base-de-mon-passage-a-vide-est-purement-mentale\/"]}]},{"@type":"ImageObject","inLanguage":"fr-FR","@id":"https:\/\/dicodusport.fr\/blog\/emilien-jacquelin-1-2-la-base-de-mon-passage-a-vide-est-purement-mentale\/#primaryimage","url":"https:\/\/dicodusport.fr\/blog\/wp-content\/uploads\/2022\/04\/Emilien-Jacquelin-12-La-base-de-mon-passage-a-vide-est-purement-mentale.png","contentUrl":"https:\/\/dicodusport.fr\/blog\/wp-content\/uploads\/2022\/04\/Emilien-Jacquelin-12-La-base-de-mon-passage-a-vide-est-purement-mentale.png","width":800,"height":445,"caption":"\u00c9milien Jacquelin (12) La base de mon passage \u00e0 vide est purement mentale"},{"@type":"BreadcrumbList","@id":"https:\/\/dicodusport.fr\/blog\/emilien-jacquelin-1-2-la-base-de-mon-passage-a-vide-est-purement-mentale\/#breadcrumb","itemListElement":[{"@type":"ListItem","position":1,"name":"Accueil","item":"https:\/\/dicodusport.fr\/blog\/"},{"@type":"ListItem","position":2,"name":"\u00c9milien Jacquelin (1\/2) : \u00ab\u00a0La base de mon passage \u00e0 vide est purement mentale\u00a0\u00bb"}]},{"@type":"WebSite","@id":"https:\/\/dicodusport.fr\/blog\/#website","url":"https:\/\/dicodusport.fr\/blog\/","name":"Dicodusport","description":"L&#039;encyclop\u00e9die de l&#039;actualit\u00e9 sportive","publisher":{"@id":"https:\/\/dicodusport.fr\/blog\/#organization"},"potentialAction":[{"@type":"SearchAction","target":{"@type":"EntryPoint","urlTemplate":"https:\/\/dicodusport.fr\/blog\/?s={search_term_string}"},"query-input":{"@type":"PropertyValueSpecification","valueRequired":true,"valueName":"search_term_string"}}],"inLanguage":"fr-FR"},{"@type":"NewsMediaOrganization","@id":"https:\/\/dicodusport.fr\/blog\/#organization","name":"Dicodusport","url":"https:\/\/dicodusport.fr\/blog\/","logo":{"@type":"ImageObject","inLanguage":"fr-FR","@id":"https:\/\/dicodusport.fr\/blog\/#\/schema\/logo\/image\/","url":"https:\/\/dicodusport.fr\/blog\/wp-content\/uploads\/2020\/06\/cropped-LOGO-DICODUSPORT-2020-SANS-FOND-SANS-TEXTE.png","contentUrl":"https:\/\/dicodusport.fr\/blog\/wp-content\/uploads\/2020\/06\/cropped-LOGO-DICODUSPORT-2020-SANS-FOND-SANS-TEXTE.png","width":512,"height":512,"caption":"Dicodusport"},"image":{"@id":"https:\/\/dicodusport.fr\/blog\/#\/schema\/logo\/image\/"},"sameAs":["https:\/\/www.facebook.com\/dicodusport","https:\/\/x.com\/dicodusport","https:\/\/www.instagram.com\/dicodusport\/","https:\/\/www.youtube.com\/channel\/UC7V2KZ5sd3htJivAbA4ZG3w"],"description":"Dicodusport est l'encyclop\u00e9die de l'actualit\u00e9 sportive.","email":"bonjour@dicodusport.fr","legalName":"DICODUSPORT","foundingDate":"2018-01-14","vatID":"FR71834470973","taxID":"83447097300043","numberOfEmployees":{"@type":"QuantitativeValue","minValue":"1","maxValue":"10"}},{"@type":"Person","@id":"https:\/\/dicodusport.fr\/blog\/#\/schema\/person\/55dcb50ad410894e431ed812bbb70191","name":"Nicolas Jacquemard","image":{"@type":"ImageObject","inLanguage":"fr-FR","@id":"https:\/\/dicodusport.fr\/blog\/#\/schema\/person\/image\/","url":"https:\/\/dicodusport.fr\/blog\/wp-content\/uploads\/2021\/05\/Nicolas-Jacquemard-150x150.jpeg","contentUrl":"https:\/\/dicodusport.fr\/blog\/wp-content\/uploads\/2021\/05\/Nicolas-Jacquemard-150x150.jpeg","caption":"Nicolas Jacquemard"},"description":"Passionn\u00e9 de sport et entrepreneur depuis mes 18 ans, la cr\u00e9ation de Dicodusport m'a sembl\u00e9 \u00e9vidente pour participer \u00e0 la m\u00e9diatisation d'un plus grand nombre de sports. Le chemin est long mais avec une \u00e9quipe des plus motiv\u00e9es et les Jeux Olympiques de Paris 2024 en point de mire, nous y arriverons ! Journaliste dans le monde du sport depuis plus de 5 ans, je traite aussi bien de football, de rugby, de biathlon que de cyclisme.","sameAs":["https:\/\/www.facebook.com\/dicodusport","https:\/\/x.com\/https:\/\/twitter.com\/Nico_Jacquemard"],"url":"https:\/\/dicodusport.fr\/blog\/author\/dicodusport\/"}]}},"_links":{"self":[{"href":"https:\/\/dicodusport.fr\/blog\/wp-json\/wp\/v2\/posts\/216965","targetHints":{"allow":["GET"]}}],"collection":[{"href":"https:\/\/dicodusport.fr\/blog\/wp-json\/wp\/v2\/posts"}],"about":[{"href":"https:\/\/dicodusport.fr\/blog\/wp-json\/wp\/v2\/types\/post"}],"author":[{"embeddable":true,"href":"https:\/\/dicodusport.fr\/blog\/wp-json\/wp\/v2\/users\/1"}],"replies":[{"embeddable":true,"href":"https:\/\/dicodusport.fr\/blog\/wp-json\/wp\/v2\/comments?post=216965"}],"version-history":[{"count":0,"href":"https:\/\/dicodusport.fr\/blog\/wp-json\/wp\/v2\/posts\/216965\/revisions"}],"wp:featuredmedia":[{"embeddable":true,"href":"https:\/\/dicodusport.fr\/blog\/wp-json\/wp\/v2\/media\/217028"}],"wp:attachment":[{"href":"https:\/\/dicodusport.fr\/blog\/wp-json\/wp\/v2\/media?parent=216965"}],"wp:term":[{"taxonomy":"category","embeddable":true,"href":"https:\/\/dicodusport.fr\/blog\/wp-json\/wp\/v2\/categories?post=216965"},{"taxonomy":"post_tag","embeddable":true,"href":"https:\/\/dicodusport.fr\/blog\/wp-json\/wp\/v2\/tags?post=216965"}],"curies":[{"name":"wp","href":"https:\/\/api.w.org\/{rel}","templated":true}]}}