{"id":217245,"date":"2022-04-19T19:23:00","date_gmt":"2022-04-19T17:23:00","guid":{"rendered":"https:\/\/dicodusport.fr\/blog\/?p=217245&#038;preview=true&#038;preview_id=217245"},"modified":"2022-04-19T19:23:00","modified_gmt":"2022-04-19T17:23:00","slug":"thierry-bricaud-thibaut-pinot-s-est-completement-releve","status":"publish","type":"post","link":"https:\/\/dicodusport.fr\/blog\/thierry-bricaud-thibaut-pinot-s-est-completement-releve\/","title":{"rendered":"Thierry Bricaud : \u00ab\u00a0Thibaut Pinot s&rsquo;est compl\u00e8tement relev\u00e9\u00a0\u00bb"},"content":{"rendered":"<p style=\"text-align: justify;\"><b><i>CYCLISME SUR ROUTE 2022 &#8211; Vainqueur du Tour des Alpes en 2018, Thibaut Pinot (Groupama-FDJ) ne r\u00e9\u00e9ditera pas cette performance, apr\u00e8s avoir termin\u00e9 \u00e0 plus de 13 minutes de la victoire mardi, lors de la <a href=\"https:\/\/dicodusport.fr\/blog\/tour-des-alpes-2022-classement-2eme-etape\/\">2\u00e8me \u00e9tape<\/a>.<\/i><\/b><\/p>\n<p style=\"text-align: justify;\">Dans le groupe des favoris lors de la premi\u00e8re journ\u00e9e, m\u00eame s&rsquo;il avait pris une cassure de quatre secondes dans le final, <strong>Thibaut Pinot<\/strong> a fini loin mardi. Thierry Bricaud, directeur sportif de la Groupama FDJ, s&rsquo;est expliqu\u00e9 \u00e0 l&rsquo;arriv\u00e9e .<\/p>\n<blockquote>\n<p style=\"text-align: justify;\">Thibaut n\u2019\u00e9tait pas imp\u00e9rial, d\u00fb aux cons\u00e9quences de sa chute \u00e0 la Sarthe et du petit rhume qu\u2019il a attrap\u00e9 la semaine derni\u00e8re. Quand il a compris qu\u2019il ne pouvait pas s\u2019accrocher, il s\u2019est compl\u00e8tement relev\u00e9 et a fini \u00e0 sa main.<\/p>\n<\/blockquote>\n<p style=\"text-align: justify;\">Plus dangereux au g\u00e9n\u00e9ral, <strong>Thibaut Pinot<\/strong> pourrait tenter de prendre une \u00e9chapp\u00e9e dans les trois jours restants pour retrouver le chemin de la victoire. Si <strong>Attila Valter<\/strong> et <strong>Michael Storer<\/strong> ont tenu leur rang, la bonne surprise vient de <strong>Lenny Martinez<\/strong>, m\u00eame pas 19 ans, qui termine dans le groupe des favoris, alors qu&rsquo;ils n&rsquo;\u00e9taient que 16 \u00e0 franchir la ligne ensemble. Thierry Bricaud a lou\u00e9 la belle performance de son jeune coureur.<\/p>\n<blockquote>\n<p style=\"text-align: justify;\">Pour Lenny, c\u2019est \u00e9videmment encore plus prometteur de le retrouver l\u00e0 apr\u00e8s seulement quelques jours de course avec la Conti. Il a fini avec de petites crampes, mais il apprend \u00e9norm\u00e9ment et c\u2019est encourageant.<\/p>\n<\/blockquote>\n<blockquote class=\"twitter-tweet\">\n<p dir=\"ltr\" lang=\"fr\">Lenny Martinez a pris la 14e place \u00e0 Lana, dans le temps du vainqueur. Plus jeune coureur du plateau du Tour des Alpes 2022.<\/p>\n<p>&#x1f4f8; <a href=\"https:\/\/twitter.com\/GettySport?ref_src=twsrc%5Etfw\">@GettySport<\/a> <a href=\"https:\/\/t.co\/4NggQflvud\">pic.twitter.com\/4NggQflvud<\/a><\/p>\n<p>\u2014 \u00c9quipe Cycliste Groupama-FDJ (@GroupamaFDJ) <a href=\"https:\/\/twitter.com\/GroupamaFDJ\/status\/1516416696009035783?ref_src=twsrc%5Etfw\">April 19, 2022<\/a><\/p><\/blockquote>\n<p style=\"text-align: justify;\"><script async src=\"https:\/\/platform.twitter.com\/widgets.js\" charset=\"utf-8\"><\/script><\/p>\n","protected":false},"excerpt":{"rendered":"<p>CYCLISME SUR ROUTE 2022 &#8211; Vainqueur du Tour des Alpes en 2018, Thibaut Pinot (Groupama-FDJ) ne r\u00e9\u00e9ditera pas cette performance, apr\u00e8s avoir termin\u00e9 \u00e0 plus de 13 minutes de la victoire mardi, lors de la 2\u00e8me \u00e9tape.<\/p>\n","protected":false},"author":1,"featured_media":217249,"comment_status":"open","ping_status":"closed","sticky":false,"template":"","format":"standard","meta":{"_acf_changed":false,"_daextam_enable_autolinks":"","footnotes":""},"categories":[46994],"tags":[4839,7669],"class_list":["post-217245","post","type-post","status-publish","format-standard","has-post-thumbnail","hentry","category-cyclisme-sur-route","tag-thibaut-pinot","tag-tour-des-alpes"],"acf":[],"yoast_head":"<!-- This site is optimized with the Yoast SEO Premium plugin v26.7 (Yoast SEO v26.7) - https:\/\/yoast.com\/wordpress\/plugins\/seo\/ -->\n<title>- Thierry Bricaud : &quot;Thibaut Pinot s&#039;est compl\u00e8tement relev\u00e9&quot; - Dicodusport<\/title>\n<meta name=\"description\" content=\"CYCLISME SUR ROUTE 2022 - Vainqueur du Tour des Alpes en 2018, Thibaut Pinot (Groupama-FDJ) ne r\u00e9\u00e9ditera pas cette performance en 2022.\" \/>\n<meta name=\"robots\" content=\"index, follow, max-snippet:-1, max-image-preview:large, max-video-preview:-1\" \/>\n<link rel=\"canonical\" href=\"https:\/\/dicodusport.fr\/blog\/thierry-bricaud-thibaut-pinot-s-est-completement-releve\/\" \/>\n<meta property=\"og:locale\" content=\"fr_FR\" \/>\n<meta property=\"og:type\" content=\"article\" \/>\n<meta property=\"og:title\" content=\"Thierry Bricaud : &quot;Thibaut Pinot s&#039;est compl\u00e8tement relev\u00e9&quot;\" \/>\n<meta property=\"og:description\" content=\"CYCLISME SUR ROUTE 2022 - Vainqueur du Tour des Alpes en 2018, Thibaut Pinot (Groupama-FDJ) ne r\u00e9\u00e9ditera pas cette performance en 2022.\" \/>\n<meta property=\"og:url\" content=\"https:\/\/dicodusport.fr\/blog\/thierry-bricaud-thibaut-pinot-s-est-completement-releve\/\" \/>\n<meta property=\"og:site_name\" content=\"Dicodusport\" \/>\n<meta property=\"article:publisher\" content=\"https:\/\/www.facebook.com\/dicodusport\" \/>\n<meta property=\"article:author\" content=\"https:\/\/www.facebook.com\/dicodusport\" \/>\n<meta property=\"article:published_time\" content=\"2022-04-19T17:23:00+00:00\" \/>\n<meta property=\"og:image\" content=\"https:\/\/dicodusport.fr\/blog\/wp-content\/uploads\/2022\/04\/Thierry-Bricaud-Thibaut-Pinot-sest-comple\u0300tement-releve\u0301.png\" \/>\n\t<meta property=\"og:image:width\" content=\"800\" \/>\n\t<meta property=\"og:image:height\" content=\"445\" \/>\n\t<meta property=\"og:image:type\" content=\"image\/png\" \/>\n<meta name=\"author\" content=\"Nicolas Jacquemard\" \/>\n<meta name=\"twitter:card\" content=\"summary_large_image\" \/>\n<meta name=\"twitter:title\" content=\"Thierry Bricaud : &quot;Thibaut Pinot s&#039;est compl\u00e8tement relev\u00e9&quot;\" \/>\n<meta name=\"twitter:creator\" content=\"@https:\/\/twitter.com\/Nico_Jacquemard\" \/>\n<meta name=\"twitter:site\" content=\"@dicodusport\" \/>\n<script type=\"application\/ld+json\" class=\"yoast-schema-graph\">{\"@context\":\"https:\/\/schema.org\",\"@graph\":[{\"@type\":\"NewsArticle\",\"@id\":\"https:\/\/dicodusport.fr\/blog\/thierry-bricaud-thibaut-pinot-s-est-completement-releve\/#article\",\"isPartOf\":{\"@id\":\"https:\/\/dicodusport.fr\/blog\/thierry-bricaud-thibaut-pinot-s-est-completement-releve\/\"},\"author\":{\"name\":\"Nicolas Jacquemard\",\"@id\":\"https:\/\/dicodusport.fr\/blog\/#\/schema\/person\/55dcb50ad410894e431ed812bbb70191\"},\"headline\":\"Thierry Bricaud : \u00ab\u00a0Thibaut Pinot s&rsquo;est compl\u00e8tement relev\u00e9\u00a0\u00bb\",\"datePublished\":\"2022-04-19T17:23:00+00:00\",\"mainEntityOfPage\":{\"@id\":\"https:\/\/dicodusport.fr\/blog\/thierry-bricaud-thibaut-pinot-s-est-completement-releve\/\"},\"wordCount\":288,\"commentCount\":0,\"publisher\":{\"@id\":\"https:\/\/dicodusport.fr\/blog\/#organization\"},\"image\":{\"@id\":\"https:\/\/dicodusport.fr\/blog\/thierry-bricaud-thibaut-pinot-s-est-completement-releve\/#primaryimage\"},\"thumbnailUrl\":\"https:\/\/dicodusport.fr\/blog\/wp-content\/uploads\/2022\/04\/Thierry-Bricaud-Thibaut-Pinot-sest-comple\u0300tement-releve\u0301.png\",\"keywords\":[\"Thibaut Pinot\",\"Tour des Alpes\"],\"articleSection\":[\"Cyclisme sur route\"],\"inLanguage\":\"fr-FR\",\"potentialAction\":[{\"@type\":\"CommentAction\",\"name\":\"Comment\",\"target\":[\"https:\/\/dicodusport.fr\/blog\/thierry-bricaud-thibaut-pinot-s-est-completement-releve\/#respond\"]}],\"copyrightYear\":\"2022\",\"copyrightHolder\":{\"@id\":\"https:\/\/dicodusport.fr\/blog\/#organization\"}},{\"@type\":\"WebPage\",\"@id\":\"https:\/\/dicodusport.fr\/blog\/thierry-bricaud-thibaut-pinot-s-est-completement-releve\/\",\"url\":\"https:\/\/dicodusport.fr\/blog\/thierry-bricaud-thibaut-pinot-s-est-completement-releve\/\",\"name\":\"- Thierry Bricaud : \\\"Thibaut Pinot s'est compl\u00e8tement relev\u00e9\\\" - Dicodusport\",\"isPartOf\":{\"@id\":\"https:\/\/dicodusport.fr\/blog\/#website\"},\"primaryImageOfPage\":{\"@id\":\"https:\/\/dicodusport.fr\/blog\/thierry-bricaud-thibaut-pinot-s-est-completement-releve\/#primaryimage\"},\"image\":{\"@id\":\"https:\/\/dicodusport.fr\/blog\/thierry-bricaud-thibaut-pinot-s-est-completement-releve\/#primaryimage\"},\"thumbnailUrl\":\"https:\/\/dicodusport.fr\/blog\/wp-content\/uploads\/2022\/04\/Thierry-Bricaud-Thibaut-Pinot-sest-comple\u0300tement-releve\u0301.png\",\"datePublished\":\"2022-04-19T17:23:00+00:00\",\"description\":\"CYCLISME SUR ROUTE 2022 - Vainqueur du Tour des Alpes en 2018, Thibaut Pinot (Groupama-FDJ) ne r\u00e9\u00e9ditera pas cette performance en 2022.\",\"breadcrumb\":{\"@id\":\"https:\/\/dicodusport.fr\/blog\/thierry-bricaud-thibaut-pinot-s-est-completement-releve\/#breadcrumb\"},\"inLanguage\":\"fr-FR\",\"potentialAction\":[{\"@type\":\"ReadAction\",\"target\":[\"https:\/\/dicodusport.fr\/blog\/thierry-bricaud-thibaut-pinot-s-est-completement-releve\/\"]}]},{\"@type\":\"ImageObject\",\"inLanguage\":\"fr-FR\",\"@id\":\"https:\/\/dicodusport.fr\/blog\/thierry-bricaud-thibaut-pinot-s-est-completement-releve\/#primaryimage\",\"url\":\"https:\/\/dicodusport.fr\/blog\/wp-content\/uploads\/2022\/04\/Thierry-Bricaud-Thibaut-Pinot-sest-comple\u0300tement-releve\u0301.png\",\"contentUrl\":\"https:\/\/dicodusport.fr\/blog\/wp-content\/uploads\/2022\/04\/Thierry-Bricaud-Thibaut-Pinot-sest-comple\u0300tement-releve\u0301.png\",\"width\":800,\"height\":445},{\"@type\":\"BreadcrumbList\",\"@id\":\"https:\/\/dicodusport.fr\/blog\/thierry-bricaud-thibaut-pinot-s-est-completement-releve\/#breadcrumb\",\"itemListElement\":[{\"@type\":\"ListItem\",\"position\":1,\"name\":\"Accueil\",\"item\":\"https:\/\/dicodusport.fr\/blog\/\"},{\"@type\":\"ListItem\",\"position\":2,\"name\":\"Thierry Bricaud : \u00ab\u00a0Thibaut Pinot s&rsquo;est compl\u00e8tement relev\u00e9\u00a0\u00bb\"}]},{\"@type\":\"WebSite\",\"@id\":\"https:\/\/dicodusport.fr\/blog\/#website\",\"url\":\"https:\/\/dicodusport.fr\/blog\/\",\"name\":\"Dicodusport\",\"description\":\"L&#039;encyclop\u00e9die de l&#039;actualit\u00e9 sportive\",\"publisher\":{\"@id\":\"https:\/\/dicodusport.fr\/blog\/#organization\"},\"potentialAction\":[{\"@type\":\"SearchAction\",\"target\":{\"@type\":\"EntryPoint\",\"urlTemplate\":\"https:\/\/dicodusport.fr\/blog\/?s={search_term_string}\"},\"query-input\":{\"@type\":\"PropertyValueSpecification\",\"valueRequired\":true,\"valueName\":\"search_term_string\"}}],\"inLanguage\":\"fr-FR\"},{\"@type\":\"NewsMediaOrganization\",\"@id\":\"https:\/\/dicodusport.fr\/blog\/#organization\",\"name\":\"Dicodusport\",\"url\":\"https:\/\/dicodusport.fr\/blog\/\",\"logo\":{\"@type\":\"ImageObject\",\"inLanguage\":\"fr-FR\",\"@id\":\"https:\/\/dicodusport.fr\/blog\/#\/schema\/logo\/image\/\",\"url\":\"https:\/\/dicodusport.fr\/blog\/wp-content\/uploads\/2020\/06\/cropped-LOGO-DICODUSPORT-2020-SANS-FOND-SANS-TEXTE.png\",\"contentUrl\":\"https:\/\/dicodusport.fr\/blog\/wp-content\/uploads\/2020\/06\/cropped-LOGO-DICODUSPORT-2020-SANS-FOND-SANS-TEXTE.png\",\"width\":512,\"height\":512,\"caption\":\"Dicodusport\"},\"image\":{\"@id\":\"https:\/\/dicodusport.fr\/blog\/#\/schema\/logo\/image\/\"},\"sameAs\":[\"https:\/\/www.facebook.com\/dicodusport\",\"https:\/\/x.com\/dicodusport\",\"https:\/\/www.instagram.com\/dicodusport\/\",\"https:\/\/www.youtube.com\/channel\/UC7V2KZ5sd3htJivAbA4ZG3w\"],\"description\":\"Dicodusport est l'encyclop\u00e9die de l'actualit\u00e9 sportive.\",\"email\":\"bonjour@dicodusport.fr\",\"legalName\":\"DICODUSPORT\",\"foundingDate\":\"2018-01-14\",\"vatID\":\"FR71834470973\",\"taxID\":\"83447097300043\",\"numberOfEmployees\":{\"@type\":\"QuantitativeValue\",\"minValue\":\"1\",\"maxValue\":\"10\"}},{\"@type\":\"Person\",\"@id\":\"https:\/\/dicodusport.fr\/blog\/#\/schema\/person\/55dcb50ad410894e431ed812bbb70191\",\"name\":\"Nicolas Jacquemard\",\"image\":{\"@type\":\"ImageObject\",\"inLanguage\":\"fr-FR\",\"@id\":\"https:\/\/dicodusport.fr\/blog\/#\/schema\/person\/image\/\",\"url\":\"https:\/\/dicodusport.fr\/blog\/wp-content\/uploads\/2021\/05\/Nicolas-Jacquemard-150x150.jpeg\",\"contentUrl\":\"https:\/\/dicodusport.fr\/blog\/wp-content\/uploads\/2021\/05\/Nicolas-Jacquemard-150x150.jpeg\",\"caption\":\"Nicolas Jacquemard\"},\"description\":\"Passionn\u00e9 de sport et entrepreneur depuis mes 18 ans, la cr\u00e9ation de Dicodusport m'a sembl\u00e9 \u00e9vidente pour participer \u00e0 la m\u00e9diatisation d'un plus grand nombre de sports. Le chemin est long mais avec une \u00e9quipe des plus motiv\u00e9es et les Jeux Olympiques de Paris 2024 en point de mire, nous y arriverons ! Journaliste dans le monde du sport depuis plus de 5 ans, je traite aussi bien de football, de rugby, de biathlon que de cyclisme.\",\"sameAs\":[\"https:\/\/www.facebook.com\/dicodusport\",\"https:\/\/x.com\/https:\/\/twitter.com\/Nico_Jacquemard\"],\"url\":\"https:\/\/dicodusport.fr\/blog\/author\/dicodusport\/\"}]}<\/script>\n<!-- \/ Yoast SEO Premium plugin. -->","yoast_head_json":{"title":"- Thierry Bricaud : \"Thibaut Pinot s'est compl\u00e8tement relev\u00e9\" - Dicodusport","description":"CYCLISME SUR ROUTE 2022 - Vainqueur du Tour des Alpes en 2018, Thibaut Pinot (Groupama-FDJ) ne r\u00e9\u00e9ditera pas cette performance en 2022.","robots":{"index":"index","follow":"follow","max-snippet":"max-snippet:-1","max-image-preview":"max-image-preview:large","max-video-preview":"max-video-preview:-1"},"canonical":"https:\/\/dicodusport.fr\/blog\/thierry-bricaud-thibaut-pinot-s-est-completement-releve\/","og_locale":"fr_FR","og_type":"article","og_title":"Thierry Bricaud : \"Thibaut Pinot s'est compl\u00e8tement relev\u00e9\"","og_description":"CYCLISME SUR ROUTE 2022 - Vainqueur du Tour des Alpes en 2018, Thibaut Pinot (Groupama-FDJ) ne r\u00e9\u00e9ditera pas cette performance en 2022.","og_url":"https:\/\/dicodusport.fr\/blog\/thierry-bricaud-thibaut-pinot-s-est-completement-releve\/","og_site_name":"Dicodusport","article_publisher":"https:\/\/www.facebook.com\/dicodusport","article_author":"https:\/\/www.facebook.com\/dicodusport","article_published_time":"2022-04-19T17:23:00+00:00","og_image":[{"width":800,"height":445,"url":"https:\/\/dicodusport.fr\/blog\/wp-content\/uploads\/2022\/04\/Thierry-Bricaud-Thibaut-Pinot-sest-comple\u0300tement-releve\u0301.png","type":"image\/png"}],"author":"Nicolas Jacquemard","twitter_card":"summary_large_image","twitter_title":"Thierry Bricaud : \"Thibaut Pinot s'est compl\u00e8tement relev\u00e9\"","twitter_creator":"@https:\/\/twitter.com\/Nico_Jacquemard","twitter_site":"@dicodusport","schema":{"@context":"https:\/\/schema.org","@graph":[{"@type":"NewsArticle","@id":"https:\/\/dicodusport.fr\/blog\/thierry-bricaud-thibaut-pinot-s-est-completement-releve\/#article","isPartOf":{"@id":"https:\/\/dicodusport.fr\/blog\/thierry-bricaud-thibaut-pinot-s-est-completement-releve\/"},"author":{"name":"Nicolas Jacquemard","@id":"https:\/\/dicodusport.fr\/blog\/#\/schema\/person\/55dcb50ad410894e431ed812bbb70191"},"headline":"Thierry Bricaud : \u00ab\u00a0Thibaut Pinot s&rsquo;est compl\u00e8tement relev\u00e9\u00a0\u00bb","datePublished":"2022-04-19T17:23:00+00:00","mainEntityOfPage":{"@id":"https:\/\/dicodusport.fr\/blog\/thierry-bricaud-thibaut-pinot-s-est-completement-releve\/"},"wordCount":288,"commentCount":0,"publisher":{"@id":"https:\/\/dicodusport.fr\/blog\/#organization"},"image":{"@id":"https:\/\/dicodusport.fr\/blog\/thierry-bricaud-thibaut-pinot-s-est-completement-releve\/#primaryimage"},"thumbnailUrl":"https:\/\/dicodusport.fr\/blog\/wp-content\/uploads\/2022\/04\/Thierry-Bricaud-Thibaut-Pinot-sest-comple\u0300tement-releve\u0301.png","keywords":["Thibaut Pinot","Tour des Alpes"],"articleSection":["Cyclisme sur route"],"inLanguage":"fr-FR","potentialAction":[{"@type":"CommentAction","name":"Comment","target":["https:\/\/dicodusport.fr\/blog\/thierry-bricaud-thibaut-pinot-s-est-completement-releve\/#respond"]}],"copyrightYear":"2022","copyrightHolder":{"@id":"https:\/\/dicodusport.fr\/blog\/#organization"}},{"@type":"WebPage","@id":"https:\/\/dicodusport.fr\/blog\/thierry-bricaud-thibaut-pinot-s-est-completement-releve\/","url":"https:\/\/dicodusport.fr\/blog\/thierry-bricaud-thibaut-pinot-s-est-completement-releve\/","name":"- Thierry Bricaud : \"Thibaut Pinot s'est compl\u00e8tement relev\u00e9\" - Dicodusport","isPartOf":{"@id":"https:\/\/dicodusport.fr\/blog\/#website"},"primaryImageOfPage":{"@id":"https:\/\/dicodusport.fr\/blog\/thierry-bricaud-thibaut-pinot-s-est-completement-releve\/#primaryimage"},"image":{"@id":"https:\/\/dicodusport.fr\/blog\/thierry-bricaud-thibaut-pinot-s-est-completement-releve\/#primaryimage"},"thumbnailUrl":"https:\/\/dicodusport.fr\/blog\/wp-content\/uploads\/2022\/04\/Thierry-Bricaud-Thibaut-Pinot-sest-comple\u0300tement-releve\u0301.png","datePublished":"2022-04-19T17:23:00+00:00","description":"CYCLISME SUR ROUTE 2022 - Vainqueur du Tour des Alpes en 2018, Thibaut Pinot (Groupama-FDJ) ne r\u00e9\u00e9ditera pas cette performance en 2022.","breadcrumb":{"@id":"https:\/\/dicodusport.fr\/blog\/thierry-bricaud-thibaut-pinot-s-est-completement-releve\/#breadcrumb"},"inLanguage":"fr-FR","potentialAction":[{"@type":"ReadAction","target":["https:\/\/dicodusport.fr\/blog\/thierry-bricaud-thibaut-pinot-s-est-completement-releve\/"]}]},{"@type":"ImageObject","inLanguage":"fr-FR","@id":"https:\/\/dicodusport.fr\/blog\/thierry-bricaud-thibaut-pinot-s-est-completement-releve\/#primaryimage","url":"https:\/\/dicodusport.fr\/blog\/wp-content\/uploads\/2022\/04\/Thierry-Bricaud-Thibaut-Pinot-sest-comple\u0300tement-releve\u0301.png","contentUrl":"https:\/\/dicodusport.fr\/blog\/wp-content\/uploads\/2022\/04\/Thierry-Bricaud-Thibaut-Pinot-sest-comple\u0300tement-releve\u0301.png","width":800,"height":445},{"@type":"BreadcrumbList","@id":"https:\/\/dicodusport.fr\/blog\/thierry-bricaud-thibaut-pinot-s-est-completement-releve\/#breadcrumb","itemListElement":[{"@type":"ListItem","position":1,"name":"Accueil","item":"https:\/\/dicodusport.fr\/blog\/"},{"@type":"ListItem","position":2,"name":"Thierry Bricaud : \u00ab\u00a0Thibaut Pinot s&rsquo;est compl\u00e8tement relev\u00e9\u00a0\u00bb"}]},{"@type":"WebSite","@id":"https:\/\/dicodusport.fr\/blog\/#website","url":"https:\/\/dicodusport.fr\/blog\/","name":"Dicodusport","description":"L&#039;encyclop\u00e9die de l&#039;actualit\u00e9 sportive","publisher":{"@id":"https:\/\/dicodusport.fr\/blog\/#organization"},"potentialAction":[{"@type":"SearchAction","target":{"@type":"EntryPoint","urlTemplate":"https:\/\/dicodusport.fr\/blog\/?s={search_term_string}"},"query-input":{"@type":"PropertyValueSpecification","valueRequired":true,"valueName":"search_term_string"}}],"inLanguage":"fr-FR"},{"@type":"NewsMediaOrganization","@id":"https:\/\/dicodusport.fr\/blog\/#organization","name":"Dicodusport","url":"https:\/\/dicodusport.fr\/blog\/","logo":{"@type":"ImageObject","inLanguage":"fr-FR","@id":"https:\/\/dicodusport.fr\/blog\/#\/schema\/logo\/image\/","url":"https:\/\/dicodusport.fr\/blog\/wp-content\/uploads\/2020\/06\/cropped-LOGO-DICODUSPORT-2020-SANS-FOND-SANS-TEXTE.png","contentUrl":"https:\/\/dicodusport.fr\/blog\/wp-content\/uploads\/2020\/06\/cropped-LOGO-DICODUSPORT-2020-SANS-FOND-SANS-TEXTE.png","width":512,"height":512,"caption":"Dicodusport"},"image":{"@id":"https:\/\/dicodusport.fr\/blog\/#\/schema\/logo\/image\/"},"sameAs":["https:\/\/www.facebook.com\/dicodusport","https:\/\/x.com\/dicodusport","https:\/\/www.instagram.com\/dicodusport\/","https:\/\/www.youtube.com\/channel\/UC7V2KZ5sd3htJivAbA4ZG3w"],"description":"Dicodusport est l'encyclop\u00e9die de l'actualit\u00e9 sportive.","email":"bonjour@dicodusport.fr","legalName":"DICODUSPORT","foundingDate":"2018-01-14","vatID":"FR71834470973","taxID":"83447097300043","numberOfEmployees":{"@type":"QuantitativeValue","minValue":"1","maxValue":"10"}},{"@type":"Person","@id":"https:\/\/dicodusport.fr\/blog\/#\/schema\/person\/55dcb50ad410894e431ed812bbb70191","name":"Nicolas Jacquemard","image":{"@type":"ImageObject","inLanguage":"fr-FR","@id":"https:\/\/dicodusport.fr\/blog\/#\/schema\/person\/image\/","url":"https:\/\/dicodusport.fr\/blog\/wp-content\/uploads\/2021\/05\/Nicolas-Jacquemard-150x150.jpeg","contentUrl":"https:\/\/dicodusport.fr\/blog\/wp-content\/uploads\/2021\/05\/Nicolas-Jacquemard-150x150.jpeg","caption":"Nicolas Jacquemard"},"description":"Passionn\u00e9 de sport et entrepreneur depuis mes 18 ans, la cr\u00e9ation de Dicodusport m'a sembl\u00e9 \u00e9vidente pour participer \u00e0 la m\u00e9diatisation d'un plus grand nombre de sports. Le chemin est long mais avec une \u00e9quipe des plus motiv\u00e9es et les Jeux Olympiques de Paris 2024 en point de mire, nous y arriverons ! Journaliste dans le monde du sport depuis plus de 5 ans, je traite aussi bien de football, de rugby, de biathlon que de cyclisme.","sameAs":["https:\/\/www.facebook.com\/dicodusport","https:\/\/x.com\/https:\/\/twitter.com\/Nico_Jacquemard"],"url":"https:\/\/dicodusport.fr\/blog\/author\/dicodusport\/"}]}},"_links":{"self":[{"href":"https:\/\/dicodusport.fr\/blog\/wp-json\/wp\/v2\/posts\/217245","targetHints":{"allow":["GET"]}}],"collection":[{"href":"https:\/\/dicodusport.fr\/blog\/wp-json\/wp\/v2\/posts"}],"about":[{"href":"https:\/\/dicodusport.fr\/blog\/wp-json\/wp\/v2\/types\/post"}],"author":[{"embeddable":true,"href":"https:\/\/dicodusport.fr\/blog\/wp-json\/wp\/v2\/users\/1"}],"replies":[{"embeddable":true,"href":"https:\/\/dicodusport.fr\/blog\/wp-json\/wp\/v2\/comments?post=217245"}],"version-history":[{"count":0,"href":"https:\/\/dicodusport.fr\/blog\/wp-json\/wp\/v2\/posts\/217245\/revisions"}],"wp:featuredmedia":[{"embeddable":true,"href":"https:\/\/dicodusport.fr\/blog\/wp-json\/wp\/v2\/media\/217249"}],"wp:attachment":[{"href":"https:\/\/dicodusport.fr\/blog\/wp-json\/wp\/v2\/media?parent=217245"}],"wp:term":[{"taxonomy":"category","embeddable":true,"href":"https:\/\/dicodusport.fr\/blog\/wp-json\/wp\/v2\/categories?post=217245"},{"taxonomy":"post_tag","embeddable":true,"href":"https:\/\/dicodusport.fr\/blog\/wp-json\/wp\/v2\/tags?post=217245"}],"curies":[{"name":"wp","href":"https:\/\/api.w.org\/{rel}","templated":true}]}}