{"id":217353,"date":"2022-04-20T14:16:10","date_gmt":"2022-04-20T12:16:10","guid":{"rendered":"https:\/\/dicodusport.fr\/blog\/?p=217353&#038;preview=true&#038;preview_id=217353"},"modified":"2022-04-20T14:44:41","modified_gmt":"2022-04-20T12:44:41","slug":"tour-des-alpes-2022-lennard-kamna-remporte-la-3eme-etape","status":"publish","type":"post","link":"https:\/\/dicodusport.fr\/blog\/tour-des-alpes-2022-lennard-kamna-remporte-la-3eme-etape\/","title":{"rendered":"Tour des Alpes 2022 : Lennard K\u00e4mna remporte la 3\u00e8me \u00e9tape"},"content":{"rendered":"<p style=\"text-align: justify;\"><i><b>TOUR DES ALPES 2022 &#8211; \u00c0 l&rsquo;issue d&rsquo;une journ\u00e9e longue de 154 km reliant Lana \u00e0 Niederdorf\/Villabassa, <\/b><\/i><em><b>Lennard K\u00e4mna (Bora-Hansgrohe) remporte la 3\u00e8me \u00e9tape du Tour des Alpes 2022, en effectuant la diff\u00e9rence au niveau de la flamme rouge face \u00e0 Andrey Amador (INEOS Grenadiers). Pello Bilbao conserve la tunique de leader au classement g\u00e9n\u00e9ral.\u00a0<\/b><\/em><\/p>\n<p style=\"text-align: justify;\"><b>Lennard K\u00e4mna <\/b><span style=\"font-weight: 400;\">remporte la troisi\u00e8me \u00e9tape du Tour des Alpes, une journ\u00e9e o\u00f9 le coureur allemand de la formation Bora-Hansgrohe s\u2019est montr\u00e9 \u00e0 plusieurs reprises \u00e0 la t\u00eate de la course. Aujourd&rsquo;hui, il remporte sa cinqui\u00e8me victoire professionnelle. Le d\u00e9part a \u00e9t\u00e9 donn\u00e9 \u00e0 10h15 \u00e0 Lana pour une distance de 154,6 km au programme. Une \u00e9tape qui comporte plus de 3000 m\u00e8tres de d\u00e9nivel\u00e9 positif. <\/span><\/p>\n<p style=\"text-align: justify;\"><span style=\"font-weight: 400;\">Ainsi, Lennard K\u00e4mna de la formation Bora-Hansgrohe est le premier coureur \u00e0 se distinguer en t\u00eate de course \u00e0 131 km de l\u2019arriv\u00e9e et prend rapidement 25 secondes d\u2019avance. L\u2019Allemand a \u00e9t\u00e9 en solitaire uniquement sur une distance de 6 kilom\u00e8tres. Cependant, il r\u00e9int\u00e8gre la seconde \u00e9chapp\u00e9e de la journ\u00e9e aux c\u00f4t\u00e9s de<\/span><b> Thibaut Pinot<\/b><span style=\"font-weight: 400;\"> (Groupama FDJ) ainsi que de <\/span><b>James Piccoli<\/b><span style=\"font-weight: 400;\"> (Isra\u00ebl &#8211; Premier Tech), <\/span><b>James Rojes<\/b><span style=\"font-weight: 400;\"> (Movistar), <\/span><b>Natnael Tesfazion<\/b><span style=\"font-weight: 400;\"> (Androni), <\/span><b>David Bais<\/b><span style=\"font-weight: 400;\"> (Eolo Kometa) et <\/span><b>Unai Iribar<\/b><span style=\"font-weight: 400;\"> (Euskaltel-Euskadi).\u00a0<\/span><\/p>\n<h2 style=\"text-align: justify;\">Thibault Pinot se montre \u00e0 l&rsquo;avant de la course<\/h2>\n<p style=\"text-align: justify;\"><span style=\"font-weight: 400;\">Au sprint interm\u00e9diaire situ\u00e9 \u00e0 Velturno, <\/span><b>Thibaut Pinot<\/b><span style=\"font-weight: 400;\"> franchit la ligne en premier et prend les six points mis en jeu. Le coureur fran\u00e7ais ne parvient pas \u00e0 rester dans le groupe des fuyards, tandis que le peloton s\u2019est divis\u00e9 en deux, quelques kilom\u00e8tres apr\u00e8s le sprint interm\u00e9diaire. \u00c0 85 km de la ligne, 12 coureurs animent l\u2019avant de la course. On y note la pr\u00e9sence de <\/span><b>Vadim Ponskiy<\/b><span style=\"font-weight: 400;\"> (Astana Qazaqstan Team), <\/span><b>Andrey Amador<\/b><span style=\"font-weight: 400;\"> (INEOS Grenadiers), <\/span><b>Lennard K\u00e4mna<\/b><span style=\"font-weight: 400;\"> (Bora &#8211; hansgrohe), <\/span><b>Merhawi Kudus<\/b><span style=\"font-weight: 400;\"> (EF Education-Easy Point), <\/span><b>Reuben Thompson<\/b><span style=\"font-weight: 400;\"> (Groupama-FDJ), <\/span><b>Will Barta<\/b><span style=\"font-weight: 400;\"> (Movistar),<\/span><b> Jos\u00e9 Joaquin Rojas<\/b><span style=\"font-weight: 400;\"> (Movistar), <\/span><b>Jonathan Lastra<\/b><span style=\"font-weight: 400;\"> (Caja Rural), <\/span><b>Natnael Tesfatsion<\/b><span style=\"font-weight: 400;\"> (Androni), <\/span><b>Torstein Tr\u00e6en<\/b><span style=\"font-weight: 400;\"> (Uno-X), et <\/span><b>Unai Iribar <\/b><span style=\"font-weight: 400;\">(Euskaltel-Euskadi). <\/span><\/p>\n<p style=\"text-align: justify;\"><b>Chris Hamilton<\/b><span style=\"font-weight: 400;\"> (Team DSM) est le dernier coureur \u00e0 avoir r\u00e9ussi \u00e0 s\u2019int\u00e9grer \u00e0 ce groupe de t\u00eate en se d\u00e9tachant de la premi\u00e8re partie du peloton. L\u2019\u00e9cart de l\u2019\u00e9chapp\u00e9e atteint les trois minutes d\u2019avance \u00e0 80 km de l\u2019arriv\u00e9e.\u00a0<\/span><span style=\"font-weight: 400;\">En t\u00eate de peloton, c\u2019est la formation Bahrain-Victorious qui impose son rythme pour pr\u00e9server le maillot de leader de <\/span><b>Pello Bilbao<\/b><span style=\"font-weight: 400;\">. \u00c0 noter que <\/span><b>Romain Bardet<\/b><span style=\"font-weight: 400;\"> est \u00e0 six secondes au g\u00e9n\u00e9ral durant cette troisi\u00e8me \u00e9tape.\u00a0<\/span><\/p>\n<blockquote class=\"twitter-tweet\">\n<p dir=\"ltr\" lang=\"en\">Intermediate sprint: 1. <a href=\"https:\/\/twitter.com\/ThibautPinot?ref_src=twsrc%5Etfw\">@ThibautPinot<\/a> (<a href=\"https:\/\/twitter.com\/GroupamaFDJ?ref_src=twsrc%5Etfw\">@GroupamaFDJ<\/a>) 2. Cristopher Hamilton (<a href=\"https:\/\/twitter.com\/TeamDSM?ref_src=twsrc%5Etfw\">@TeamDSM<\/a>), 3. James Piccoli (<a href=\"https:\/\/twitter.com\/IsraelPremTech?ref_src=twsrc%5Etfw\">@IsraelPremTech<\/a>). <a href=\"https:\/\/twitter.com\/hashtag\/TotA?src=hash&amp;ref_src=twsrc%5Etfw\">#TotA<\/a> <a href=\"https:\/\/twitter.com\/hashtag\/LiveUphill?src=hash&amp;ref_src=twsrc%5Etfw\">#LiveUphill<\/a> <a href=\"https:\/\/t.co\/goJKm3v7rM\">pic.twitter.com\/goJKm3v7rM<\/a><\/p>\n<p>\u2014 Tour of The Alps (@Tourof_TheAlps) <a href=\"https:\/\/twitter.com\/Tourof_TheAlps\/status\/1516709897911554052?ref_src=twsrc%5Etfw\">April 20, 2022<\/a><\/p><\/blockquote>\n<p><script async src=\"https:\/\/platform.twitter.com\/widgets.js\" charset=\"utf-8\"><\/script><\/p>\n<h2 style=\"text-align: justify;\"><strong>L&rsquo;ascension du Passo Furcia redistribue les cartes<\/strong><\/h2>\n<p style=\"text-align: justify;\"><span style=\"font-weight: 400;\">Les douze coureurs b\u00e9n\u00e9ficient de 2&rsquo;26 \u00e0 31 km de l\u2019arriv\u00e9e juste avant de d\u00e9buter l\u2019ascension du Passo Furcia d\u2019une distance de 7,9 km avec une moyenne de 7,6%. <\/span><b>Chris Hamilton <\/b><span style=\"font-weight: 400;\">(Team DSM) place une attaque dans le col. Il est rapidement rejoint par <\/span><b>James Piccoli<\/b><span style=\"font-weight: 400;\"> (Isra\u00ebl &#8211; Premier Tech). Le coureur canadien impose son rythme et fait craquer les autres coureurs de l\u2019\u00e9chapp\u00e9e. Ils ne sont plus que quatre \u00e0 animer la t\u00eate de la course \u00e0 26 km de l\u2019arriv\u00e9e :<\/span><b> Piccoli, Pronskiy, Amador et Tesfatsion<\/b><span style=\"font-weight: 400;\">. <\/span><b>Torstein Tr\u00e6en <\/b><span style=\"font-weight: 400;\">(Uno-X Pro) effectue un retour d\u00e9cisif dans l\u2019ascension et passe en t\u00eate au sommet du Passo Furcia. Cependant, le Norv\u00e9gien chute en sortie de virage dans la descente. Dans la descente, <\/span><b>Vadim Pronskiy<\/b><span style=\"font-weight: 400;\"> (Astana) forme un duo avec <\/span><b>James Piccoli <\/b><span style=\"font-weight: 400;\">(Isra\u00ebl &#8211; Premier Tech) en t\u00eate de course.\u00a0<\/span><\/p>\n<h2 style=\"text-align: justify;\"><strong>Lennard K\u00e4mna fait la diff\u00e9rence \u00e0 la flamme rouge<\/strong><\/h2>\n<p style=\"text-align: justify;\"><span style=\"font-weight: 400;\">Huit coureurs sont \u00e0 l\u2019avant pour le dix derniers kilom\u00e8tres avec les pr\u00e9sences de <\/span><b>Vadim Ponskiy<\/b><span style=\"font-weight: 400;\"> (Astana Qazaqstan Team), <\/span><b>Andrey Amador<\/b><span style=\"font-weight: 400;\"> (INEOS Grenadiers), <\/span><b>Lennard K\u00e4mna<\/b><span style=\"font-weight: 400;\"> (Bora \u2013 hansgrohe), <\/span><b>Will Barta<\/b><span style=\"font-weight: 400;\"> (Movistar), <\/span><b>Merhawi Kudus<\/b><span style=\"font-weight: 400;\"> (EF Education \u2013 EasyPost), <\/span><b>Jonathan Lastra<\/b><span style=\"font-weight: 400;\"> (Caja Rural), <\/span><b>Natnael Tesfatsion<\/b><span style=\"font-weight: 400;\"> (Androni) et <\/span><b>James Piccoli <\/b><span style=\"font-weight: 400;\">(Isra\u00ebl \u2013 Premier Tech). Leur avance passe sous la barre de la minute. Une attaque de <\/span><b>Lennard K\u00e4mna<\/b><span style=\"font-weight: 400;\"> (Bora-Hansgrohe) met en difficult\u00e9 tout le groupe \u00e0 l\u2019exception de <\/span><b>Andrey Amador<\/b><span style=\"font-weight: 400;\"> (INEOS Grenadiers). Au niveau de la flamme rouge, <\/span><b>Lennard K\u00e4mna<\/b><span style=\"font-weight: 400;\"> fait le break face \u00e0 son dernier concurrent. L\u2019Allemand qui s\u2019est illustr\u00e9 d\u00e8s le d\u00e9but de la course remporte la 3e \u00e9tape du Tour des Alpes.\u00a0<\/span><\/p>\n<blockquote class=\"twitter-tweet\">\n<p dir=\"ltr\" lang=\"en\">&#x1f1ee;&#x1f1f9;&#x1f1e6;&#x1f1f9; <a href=\"https:\/\/twitter.com\/hashtag\/TotA?src=hash&amp;ref_src=twsrc%5Etfw\">#TotA<\/a><a href=\"https:\/\/twitter.com\/lennardkaemna?ref_src=twsrc%5Etfw\">@lennardkaemna<\/a> takes the stage win! &#x1f44c;&#x1f4aa;&#x1f64c; <a href=\"https:\/\/t.co\/rHJwv0y3mm\">pic.twitter.com\/rHJwv0y3mm<\/a><\/p>\n<p>\u2014 BORA \u2013 hansgrohe (@BORAhansgrohe) <a href=\"https:\/\/twitter.com\/BORAhansgrohe\/status\/1516750868661612545?ref_src=twsrc%5Etfw\">April 20, 2022<\/a><\/p><\/blockquote>\n<p><script async src=\"https:\/\/platform.twitter.com\/widgets.js\" charset=\"utf-8\"><\/script><\/p>\n<h2 style=\"text-align: justify;\">\u00c0 lire aussi<\/h2>\n<ul>\n<li style=\"text-align: justify;\"><strong><a href=\"https:\/\/dicodusport.fr\/blog\/tour-des-alpes-2022-classement-3eme-etape\/\">Le classement de la 3\u00e8me \u00e9tape<\/a><\/strong><\/li>\n<li style=\"text-align: justify;\"><a href=\"https:\/\/dicodusport.fr\/blog\/tour-des-alpes-2022-classement-general\/\"><strong>Le classement g\u00e9n\u00e9ral du Tour des Alpes<\/strong><\/a><\/li>\n<\/ul>\n","protected":false},"excerpt":{"rendered":"<p>TOUR DES ALPES 2022 &#8211; \u00c0 l&rsquo;issue d&rsquo;une journ\u00e9e longue de 154 km reliant Lana \u00e0 Niederdorf\/Villabassa, Lennard K\u00e4mna (Bora-Hansgrohe) remporte la 3\u00e8me \u00e9tape du Tour des Alpes 2022, en effectuant la diff\u00e9rence au niveau de la flamme rouge face \u00e0 Andrey Amador (INEOS Grenadiers). Pello Bilbao conserve la tunique de leader au classement g\u00e9n\u00e9ral.\u00a0<\/p>\n","protected":false},"author":62,"featured_media":217364,"comment_status":"open","ping_status":"closed","sticky":false,"template":"","format":"standard","meta":{"_acf_changed":false,"_daextam_enable_autolinks":"","footnotes":""},"categories":[46994],"tags":[7669],"class_list":["post-217353","post","type-post","status-publish","format-standard","has-post-thumbnail","hentry","category-cyclisme-sur-route","tag-tour-des-alpes"],"acf":[],"yoast_head":"<!-- This site is optimized with the Yoast SEO Premium plugin v26.7 (Yoast SEO v26.7) - https:\/\/yoast.com\/wordpress\/plugins\/seo\/ -->\n<title>- Tour des Alpes 2022 : Lennard K\u00e4mna remporte la 3\u00e8me \u00e9tape - Dicodusport<\/title>\n<meta name=\"description\" content=\"TOUR DES ALPES 2022 - \u00c0 l&#039;issue d&#039;une journ\u00e9e longue de 154 km reliant Lana \u00e0 Niederdorf\/Villabassa, Lennard K\u00e4mna s&#039;est impos\u00e9.\" \/>\n<meta name=\"robots\" content=\"index, follow, max-snippet:-1, max-image-preview:large, max-video-preview:-1\" \/>\n<link rel=\"canonical\" href=\"https:\/\/dicodusport.fr\/blog\/tour-des-alpes-2022-lennard-kamna-remporte-la-3eme-etape\/\" \/>\n<meta property=\"og:locale\" content=\"fr_FR\" \/>\n<meta property=\"og:type\" content=\"article\" \/>\n<meta property=\"og:title\" content=\"Tour des Alpes 2022 : Lennard K\u00e4mna remporte la 3\u00e8me \u00e9tape\" \/>\n<meta property=\"og:description\" content=\"TOUR DES ALPES 2022 - \u00c0 l&#039;issue d&#039;une journ\u00e9e longue de 154 km reliant Lana \u00e0 Niederdorf\/Villabassa, Lennard K\u00e4mna s&#039;est impos\u00e9.\" \/>\n<meta property=\"og:url\" content=\"https:\/\/dicodusport.fr\/blog\/tour-des-alpes-2022-lennard-kamna-remporte-la-3eme-etape\/\" \/>\n<meta property=\"og:site_name\" content=\"Dicodusport\" \/>\n<meta property=\"article:publisher\" content=\"https:\/\/www.facebook.com\/dicodusport\" \/>\n<meta property=\"article:published_time\" content=\"2022-04-20T12:16:10+00:00\" \/>\n<meta property=\"article:modified_time\" content=\"2022-04-20T12:44:41+00:00\" \/>\n<meta property=\"og:image\" content=\"https:\/\/dicodusport.fr\/blog\/wp-content\/uploads\/2022\/04\/Tour-des-Alpes-2022-Lennard-Kamna-remporte-la-3eme-etape.png\" \/>\n\t<meta property=\"og:image:width\" content=\"800\" \/>\n\t<meta property=\"og:image:height\" content=\"445\" \/>\n\t<meta property=\"og:image:type\" content=\"image\/png\" \/>\n<meta name=\"author\" content=\"Andr\u00e9a Lamy\" \/>\n<meta name=\"twitter:card\" content=\"summary_large_image\" \/>\n<meta name=\"twitter:title\" content=\"Tour des Alpes 2022 : Lennard K\u00e4mna remporte la 3\u00e8me \u00e9tape\" \/>\n<meta name=\"twitter:creator\" content=\"@dicodusport\" \/>\n<meta name=\"twitter:site\" content=\"@dicodusport\" \/>\n<script type=\"application\/ld+json\" class=\"yoast-schema-graph\">{\"@context\":\"https:\/\/schema.org\",\"@graph\":[{\"@type\":\"NewsArticle\",\"@id\":\"https:\/\/dicodusport.fr\/blog\/tour-des-alpes-2022-lennard-kamna-remporte-la-3eme-etape\/#article\",\"isPartOf\":{\"@id\":\"https:\/\/dicodusport.fr\/blog\/tour-des-alpes-2022-lennard-kamna-remporte-la-3eme-etape\/\"},\"author\":{\"name\":\"Andr\u00e9a Lamy\",\"@id\":\"https:\/\/dicodusport.fr\/blog\/#\/schema\/person\/5b73f4b55b8683f37e9f75d6dc039f31\"},\"headline\":\"Tour des Alpes 2022 : Lennard K\u00e4mna remporte la 3\u00e8me \u00e9tape\",\"datePublished\":\"2022-04-20T12:16:10+00:00\",\"dateModified\":\"2022-04-20T12:44:41+00:00\",\"mainEntityOfPage\":{\"@id\":\"https:\/\/dicodusport.fr\/blog\/tour-des-alpes-2022-lennard-kamna-remporte-la-3eme-etape\/\"},\"wordCount\":802,\"commentCount\":0,\"publisher\":{\"@id\":\"https:\/\/dicodusport.fr\/blog\/#organization\"},\"image\":{\"@id\":\"https:\/\/dicodusport.fr\/blog\/tour-des-alpes-2022-lennard-kamna-remporte-la-3eme-etape\/#primaryimage\"},\"thumbnailUrl\":\"https:\/\/dicodusport.fr\/blog\/wp-content\/uploads\/2022\/04\/Tour-des-Alpes-2022-Lennard-Kamna-remporte-la-3eme-etape.png\",\"keywords\":[\"Tour des Alpes\"],\"articleSection\":[\"Cyclisme sur route\"],\"inLanguage\":\"fr-FR\",\"potentialAction\":[{\"@type\":\"CommentAction\",\"name\":\"Comment\",\"target\":[\"https:\/\/dicodusport.fr\/blog\/tour-des-alpes-2022-lennard-kamna-remporte-la-3eme-etape\/#respond\"]}],\"copyrightYear\":\"2022\",\"copyrightHolder\":{\"@id\":\"https:\/\/dicodusport.fr\/blog\/#organization\"}},{\"@type\":\"WebPage\",\"@id\":\"https:\/\/dicodusport.fr\/blog\/tour-des-alpes-2022-lennard-kamna-remporte-la-3eme-etape\/\",\"url\":\"https:\/\/dicodusport.fr\/blog\/tour-des-alpes-2022-lennard-kamna-remporte-la-3eme-etape\/\",\"name\":\"- Tour des Alpes 2022 : Lennard K\u00e4mna remporte la 3\u00e8me \u00e9tape - Dicodusport\",\"isPartOf\":{\"@id\":\"https:\/\/dicodusport.fr\/blog\/#website\"},\"primaryImageOfPage\":{\"@id\":\"https:\/\/dicodusport.fr\/blog\/tour-des-alpes-2022-lennard-kamna-remporte-la-3eme-etape\/#primaryimage\"},\"image\":{\"@id\":\"https:\/\/dicodusport.fr\/blog\/tour-des-alpes-2022-lennard-kamna-remporte-la-3eme-etape\/#primaryimage\"},\"thumbnailUrl\":\"https:\/\/dicodusport.fr\/blog\/wp-content\/uploads\/2022\/04\/Tour-des-Alpes-2022-Lennard-Kamna-remporte-la-3eme-etape.png\",\"datePublished\":\"2022-04-20T12:16:10+00:00\",\"dateModified\":\"2022-04-20T12:44:41+00:00\",\"description\":\"TOUR DES ALPES 2022 - \u00c0 l'issue d'une journ\u00e9e longue de 154 km reliant Lana \u00e0 Niederdorf\/Villabassa, Lennard K\u00e4mna s'est impos\u00e9.\",\"breadcrumb\":{\"@id\":\"https:\/\/dicodusport.fr\/blog\/tour-des-alpes-2022-lennard-kamna-remporte-la-3eme-etape\/#breadcrumb\"},\"inLanguage\":\"fr-FR\",\"potentialAction\":[{\"@type\":\"ReadAction\",\"target\":[\"https:\/\/dicodusport.fr\/blog\/tour-des-alpes-2022-lennard-kamna-remporte-la-3eme-etape\/\"]}]},{\"@type\":\"ImageObject\",\"inLanguage\":\"fr-FR\",\"@id\":\"https:\/\/dicodusport.fr\/blog\/tour-des-alpes-2022-lennard-kamna-remporte-la-3eme-etape\/#primaryimage\",\"url\":\"https:\/\/dicodusport.fr\/blog\/wp-content\/uploads\/2022\/04\/Tour-des-Alpes-2022-Lennard-Kamna-remporte-la-3eme-etape.png\",\"contentUrl\":\"https:\/\/dicodusport.fr\/blog\/wp-content\/uploads\/2022\/04\/Tour-des-Alpes-2022-Lennard-Kamna-remporte-la-3eme-etape.png\",\"width\":800,\"height\":445,\"caption\":\"Tour des Alpes 2022 Lennard K\u00e4mna remporte la 3\u00e8me \u00e9tape\"},{\"@type\":\"BreadcrumbList\",\"@id\":\"https:\/\/dicodusport.fr\/blog\/tour-des-alpes-2022-lennard-kamna-remporte-la-3eme-etape\/#breadcrumb\",\"itemListElement\":[{\"@type\":\"ListItem\",\"position\":1,\"name\":\"Accueil\",\"item\":\"https:\/\/dicodusport.fr\/blog\/\"},{\"@type\":\"ListItem\",\"position\":2,\"name\":\"Tour des Alpes 2022 : Lennard K\u00e4mna remporte la 3\u00e8me \u00e9tape\"}]},{\"@type\":\"WebSite\",\"@id\":\"https:\/\/dicodusport.fr\/blog\/#website\",\"url\":\"https:\/\/dicodusport.fr\/blog\/\",\"name\":\"Dicodusport\",\"description\":\"L&#039;encyclop\u00e9die de l&#039;actualit\u00e9 sportive\",\"publisher\":{\"@id\":\"https:\/\/dicodusport.fr\/blog\/#organization\"},\"potentialAction\":[{\"@type\":\"SearchAction\",\"target\":{\"@type\":\"EntryPoint\",\"urlTemplate\":\"https:\/\/dicodusport.fr\/blog\/?s={search_term_string}\"},\"query-input\":{\"@type\":\"PropertyValueSpecification\",\"valueRequired\":true,\"valueName\":\"search_term_string\"}}],\"inLanguage\":\"fr-FR\"},{\"@type\":\"NewsMediaOrganization\",\"@id\":\"https:\/\/dicodusport.fr\/blog\/#organization\",\"name\":\"Dicodusport\",\"url\":\"https:\/\/dicodusport.fr\/blog\/\",\"logo\":{\"@type\":\"ImageObject\",\"inLanguage\":\"fr-FR\",\"@id\":\"https:\/\/dicodusport.fr\/blog\/#\/schema\/logo\/image\/\",\"url\":\"https:\/\/dicodusport.fr\/blog\/wp-content\/uploads\/2020\/06\/cropped-LOGO-DICODUSPORT-2020-SANS-FOND-SANS-TEXTE.png\",\"contentUrl\":\"https:\/\/dicodusport.fr\/blog\/wp-content\/uploads\/2020\/06\/cropped-LOGO-DICODUSPORT-2020-SANS-FOND-SANS-TEXTE.png\",\"width\":512,\"height\":512,\"caption\":\"Dicodusport\"},\"image\":{\"@id\":\"https:\/\/dicodusport.fr\/blog\/#\/schema\/logo\/image\/\"},\"sameAs\":[\"https:\/\/www.facebook.com\/dicodusport\",\"https:\/\/x.com\/dicodusport\",\"https:\/\/www.instagram.com\/dicodusport\/\",\"https:\/\/www.youtube.com\/channel\/UC7V2KZ5sd3htJivAbA4ZG3w\"],\"description\":\"Dicodusport est l'encyclop\u00e9die de l'actualit\u00e9 sportive.\",\"email\":\"bonjour@dicodusport.fr\",\"legalName\":\"DICODUSPORT\",\"foundingDate\":\"2018-01-14\",\"vatID\":\"FR71834470973\",\"taxID\":\"83447097300043\",\"numberOfEmployees\":{\"@type\":\"QuantitativeValue\",\"minValue\":\"1\",\"maxValue\":\"10\"}},{\"@type\":\"Person\",\"@id\":\"https:\/\/dicodusport.fr\/blog\/#\/schema\/person\/5b73f4b55b8683f37e9f75d6dc039f31\",\"name\":\"Andr\u00e9a Lamy\",\"image\":{\"@type\":\"ImageObject\",\"inLanguage\":\"fr-FR\",\"@id\":\"https:\/\/dicodusport.fr\/blog\/#\/schema\/person\/image\/\",\"url\":\"https:\/\/dicodusport.fr\/blog\/wp-content\/uploads\/2022\/03\/Andrea-150x150.jpg\",\"contentUrl\":\"https:\/\/dicodusport.fr\/blog\/wp-content\/uploads\/2022\/03\/Andrea-150x150.jpg\",\"caption\":\"Andr\u00e9a Lamy\"},\"url\":\"https:\/\/dicodusport.fr\/blog\/author\/andrea-lamy\/\"}]}<\/script>\n<!-- \/ Yoast SEO Premium plugin. -->","yoast_head_json":{"title":"- Tour des Alpes 2022 : Lennard K\u00e4mna remporte la 3\u00e8me \u00e9tape - Dicodusport","description":"TOUR DES ALPES 2022 - \u00c0 l'issue d'une journ\u00e9e longue de 154 km reliant Lana \u00e0 Niederdorf\/Villabassa, Lennard K\u00e4mna s'est impos\u00e9.","robots":{"index":"index","follow":"follow","max-snippet":"max-snippet:-1","max-image-preview":"max-image-preview:large","max-video-preview":"max-video-preview:-1"},"canonical":"https:\/\/dicodusport.fr\/blog\/tour-des-alpes-2022-lennard-kamna-remporte-la-3eme-etape\/","og_locale":"fr_FR","og_type":"article","og_title":"Tour des Alpes 2022 : Lennard K\u00e4mna remporte la 3\u00e8me \u00e9tape","og_description":"TOUR DES ALPES 2022 - \u00c0 l'issue d'une journ\u00e9e longue de 154 km reliant Lana \u00e0 Niederdorf\/Villabassa, Lennard K\u00e4mna s'est impos\u00e9.","og_url":"https:\/\/dicodusport.fr\/blog\/tour-des-alpes-2022-lennard-kamna-remporte-la-3eme-etape\/","og_site_name":"Dicodusport","article_publisher":"https:\/\/www.facebook.com\/dicodusport","article_published_time":"2022-04-20T12:16:10+00:00","article_modified_time":"2022-04-20T12:44:41+00:00","og_image":[{"width":800,"height":445,"url":"https:\/\/dicodusport.fr\/blog\/wp-content\/uploads\/2022\/04\/Tour-des-Alpes-2022-Lennard-Kamna-remporte-la-3eme-etape.png","type":"image\/png"}],"author":"Andr\u00e9a Lamy","twitter_card":"summary_large_image","twitter_title":"Tour des Alpes 2022 : Lennard K\u00e4mna remporte la 3\u00e8me \u00e9tape","twitter_creator":"@dicodusport","twitter_site":"@dicodusport","schema":{"@context":"https:\/\/schema.org","@graph":[{"@type":"NewsArticle","@id":"https:\/\/dicodusport.fr\/blog\/tour-des-alpes-2022-lennard-kamna-remporte-la-3eme-etape\/#article","isPartOf":{"@id":"https:\/\/dicodusport.fr\/blog\/tour-des-alpes-2022-lennard-kamna-remporte-la-3eme-etape\/"},"author":{"name":"Andr\u00e9a Lamy","@id":"https:\/\/dicodusport.fr\/blog\/#\/schema\/person\/5b73f4b55b8683f37e9f75d6dc039f31"},"headline":"Tour des Alpes 2022 : Lennard K\u00e4mna remporte la 3\u00e8me \u00e9tape","datePublished":"2022-04-20T12:16:10+00:00","dateModified":"2022-04-20T12:44:41+00:00","mainEntityOfPage":{"@id":"https:\/\/dicodusport.fr\/blog\/tour-des-alpes-2022-lennard-kamna-remporte-la-3eme-etape\/"},"wordCount":802,"commentCount":0,"publisher":{"@id":"https:\/\/dicodusport.fr\/blog\/#organization"},"image":{"@id":"https:\/\/dicodusport.fr\/blog\/tour-des-alpes-2022-lennard-kamna-remporte-la-3eme-etape\/#primaryimage"},"thumbnailUrl":"https:\/\/dicodusport.fr\/blog\/wp-content\/uploads\/2022\/04\/Tour-des-Alpes-2022-Lennard-Kamna-remporte-la-3eme-etape.png","keywords":["Tour des Alpes"],"articleSection":["Cyclisme sur route"],"inLanguage":"fr-FR","potentialAction":[{"@type":"CommentAction","name":"Comment","target":["https:\/\/dicodusport.fr\/blog\/tour-des-alpes-2022-lennard-kamna-remporte-la-3eme-etape\/#respond"]}],"copyrightYear":"2022","copyrightHolder":{"@id":"https:\/\/dicodusport.fr\/blog\/#organization"}},{"@type":"WebPage","@id":"https:\/\/dicodusport.fr\/blog\/tour-des-alpes-2022-lennard-kamna-remporte-la-3eme-etape\/","url":"https:\/\/dicodusport.fr\/blog\/tour-des-alpes-2022-lennard-kamna-remporte-la-3eme-etape\/","name":"- Tour des Alpes 2022 : Lennard K\u00e4mna remporte la 3\u00e8me \u00e9tape - Dicodusport","isPartOf":{"@id":"https:\/\/dicodusport.fr\/blog\/#website"},"primaryImageOfPage":{"@id":"https:\/\/dicodusport.fr\/blog\/tour-des-alpes-2022-lennard-kamna-remporte-la-3eme-etape\/#primaryimage"},"image":{"@id":"https:\/\/dicodusport.fr\/blog\/tour-des-alpes-2022-lennard-kamna-remporte-la-3eme-etape\/#primaryimage"},"thumbnailUrl":"https:\/\/dicodusport.fr\/blog\/wp-content\/uploads\/2022\/04\/Tour-des-Alpes-2022-Lennard-Kamna-remporte-la-3eme-etape.png","datePublished":"2022-04-20T12:16:10+00:00","dateModified":"2022-04-20T12:44:41+00:00","description":"TOUR DES ALPES 2022 - \u00c0 l'issue d'une journ\u00e9e longue de 154 km reliant Lana \u00e0 Niederdorf\/Villabassa, Lennard K\u00e4mna s'est impos\u00e9.","breadcrumb":{"@id":"https:\/\/dicodusport.fr\/blog\/tour-des-alpes-2022-lennard-kamna-remporte-la-3eme-etape\/#breadcrumb"},"inLanguage":"fr-FR","potentialAction":[{"@type":"ReadAction","target":["https:\/\/dicodusport.fr\/blog\/tour-des-alpes-2022-lennard-kamna-remporte-la-3eme-etape\/"]}]},{"@type":"ImageObject","inLanguage":"fr-FR","@id":"https:\/\/dicodusport.fr\/blog\/tour-des-alpes-2022-lennard-kamna-remporte-la-3eme-etape\/#primaryimage","url":"https:\/\/dicodusport.fr\/blog\/wp-content\/uploads\/2022\/04\/Tour-des-Alpes-2022-Lennard-Kamna-remporte-la-3eme-etape.png","contentUrl":"https:\/\/dicodusport.fr\/blog\/wp-content\/uploads\/2022\/04\/Tour-des-Alpes-2022-Lennard-Kamna-remporte-la-3eme-etape.png","width":800,"height":445,"caption":"Tour des Alpes 2022 Lennard K\u00e4mna remporte la 3\u00e8me \u00e9tape"},{"@type":"BreadcrumbList","@id":"https:\/\/dicodusport.fr\/blog\/tour-des-alpes-2022-lennard-kamna-remporte-la-3eme-etape\/#breadcrumb","itemListElement":[{"@type":"ListItem","position":1,"name":"Accueil","item":"https:\/\/dicodusport.fr\/blog\/"},{"@type":"ListItem","position":2,"name":"Tour des Alpes 2022 : Lennard K\u00e4mna remporte la 3\u00e8me \u00e9tape"}]},{"@type":"WebSite","@id":"https:\/\/dicodusport.fr\/blog\/#website","url":"https:\/\/dicodusport.fr\/blog\/","name":"Dicodusport","description":"L&#039;encyclop\u00e9die de l&#039;actualit\u00e9 sportive","publisher":{"@id":"https:\/\/dicodusport.fr\/blog\/#organization"},"potentialAction":[{"@type":"SearchAction","target":{"@type":"EntryPoint","urlTemplate":"https:\/\/dicodusport.fr\/blog\/?s={search_term_string}"},"query-input":{"@type":"PropertyValueSpecification","valueRequired":true,"valueName":"search_term_string"}}],"inLanguage":"fr-FR"},{"@type":"NewsMediaOrganization","@id":"https:\/\/dicodusport.fr\/blog\/#organization","name":"Dicodusport","url":"https:\/\/dicodusport.fr\/blog\/","logo":{"@type":"ImageObject","inLanguage":"fr-FR","@id":"https:\/\/dicodusport.fr\/blog\/#\/schema\/logo\/image\/","url":"https:\/\/dicodusport.fr\/blog\/wp-content\/uploads\/2020\/06\/cropped-LOGO-DICODUSPORT-2020-SANS-FOND-SANS-TEXTE.png","contentUrl":"https:\/\/dicodusport.fr\/blog\/wp-content\/uploads\/2020\/06\/cropped-LOGO-DICODUSPORT-2020-SANS-FOND-SANS-TEXTE.png","width":512,"height":512,"caption":"Dicodusport"},"image":{"@id":"https:\/\/dicodusport.fr\/blog\/#\/schema\/logo\/image\/"},"sameAs":["https:\/\/www.facebook.com\/dicodusport","https:\/\/x.com\/dicodusport","https:\/\/www.instagram.com\/dicodusport\/","https:\/\/www.youtube.com\/channel\/UC7V2KZ5sd3htJivAbA4ZG3w"],"description":"Dicodusport est l'encyclop\u00e9die de l'actualit\u00e9 sportive.","email":"bonjour@dicodusport.fr","legalName":"DICODUSPORT","foundingDate":"2018-01-14","vatID":"FR71834470973","taxID":"83447097300043","numberOfEmployees":{"@type":"QuantitativeValue","minValue":"1","maxValue":"10"}},{"@type":"Person","@id":"https:\/\/dicodusport.fr\/blog\/#\/schema\/person\/5b73f4b55b8683f37e9f75d6dc039f31","name":"Andr\u00e9a Lamy","image":{"@type":"ImageObject","inLanguage":"fr-FR","@id":"https:\/\/dicodusport.fr\/blog\/#\/schema\/person\/image\/","url":"https:\/\/dicodusport.fr\/blog\/wp-content\/uploads\/2022\/03\/Andrea-150x150.jpg","contentUrl":"https:\/\/dicodusport.fr\/blog\/wp-content\/uploads\/2022\/03\/Andrea-150x150.jpg","caption":"Andr\u00e9a Lamy"},"url":"https:\/\/dicodusport.fr\/blog\/author\/andrea-lamy\/"}]}},"_links":{"self":[{"href":"https:\/\/dicodusport.fr\/blog\/wp-json\/wp\/v2\/posts\/217353","targetHints":{"allow":["GET"]}}],"collection":[{"href":"https:\/\/dicodusport.fr\/blog\/wp-json\/wp\/v2\/posts"}],"about":[{"href":"https:\/\/dicodusport.fr\/blog\/wp-json\/wp\/v2\/types\/post"}],"author":[{"embeddable":true,"href":"https:\/\/dicodusport.fr\/blog\/wp-json\/wp\/v2\/users\/62"}],"replies":[{"embeddable":true,"href":"https:\/\/dicodusport.fr\/blog\/wp-json\/wp\/v2\/comments?post=217353"}],"version-history":[{"count":0,"href":"https:\/\/dicodusport.fr\/blog\/wp-json\/wp\/v2\/posts\/217353\/revisions"}],"wp:featuredmedia":[{"embeddable":true,"href":"https:\/\/dicodusport.fr\/blog\/wp-json\/wp\/v2\/media\/217364"}],"wp:attachment":[{"href":"https:\/\/dicodusport.fr\/blog\/wp-json\/wp\/v2\/media?parent=217353"}],"wp:term":[{"taxonomy":"category","embeddable":true,"href":"https:\/\/dicodusport.fr\/blog\/wp-json\/wp\/v2\/categories?post=217353"},{"taxonomy":"post_tag","embeddable":true,"href":"https:\/\/dicodusport.fr\/blog\/wp-json\/wp\/v2\/tags?post=217353"}],"curies":[{"name":"wp","href":"https:\/\/api.w.org\/{rel}","templated":true}]}}