{"id":217374,"date":"2022-04-20T17:44:51","date_gmt":"2022-04-20T15:44:51","guid":{"rendered":"https:\/\/dicodusport.fr\/blog\/?p=217374&#038;preview=true&#038;preview_id=217374"},"modified":"2022-04-20T17:44:51","modified_gmt":"2022-04-20T15:44:51","slug":"emmanuel-meafou-veut-representer-la-france","status":"publish","type":"post","link":"https:\/\/dicodusport.fr\/blog\/emmanuel-meafou-veut-representer-la-france\/","title":{"rendered":"Emmanuel Meafou veut repr\u00e9senter la France"},"content":{"rendered":"<p style=\"text-align: justify;\"><b><i>RUGBY &#8211; Emmanuel Meafou, deuxi\u00e8me ligne du Stade Toulousain n\u00e9 en Australie, a expliqu\u00e9 qu&rsquo;il voulait repr\u00e9senter la France sur la sc\u00e8ne internationale.\u00a0<\/i><\/b><\/p>\n<p style=\"text-align: justify;\">Arriv\u00e9 en France en 2018, le puissant deuxi\u00e8me ligne australien, <strong>Emmanuel Meafou<\/strong>, a expliqu\u00e9 dans <em>Le French Rugby Podcast<\/em>, qu&rsquo;il voulait porter le maillot du XV de France. Le joueur s&rsquo;est expliqu\u00e9 \u00e0 ce sujet.<\/p>\n<blockquote>\n<p style=\"text-align: justify;\">Je parle beaucoup de \u00e7a avec mes co\u00e9quipiers. C&rsquo;est dans mes objectifs. Il y a d\u00e9j\u00e0 eu des discussions \u00e0 ce sujet et je fais tout pour obtenir mon passeport. Je veux jouer au meilleur niveau et je suis l\u00e0 depuis plus de trois ans donc j&rsquo;aimerais vraiment jouer pour les Bleus. Si l&rsquo;opportunit\u00e9 se pr\u00e9sente, je dirais oui sans h\u00e9siter mais avant \u00e7a je dois me concentrer sur Toulouse et y \u00eatre performant.<\/p>\n<\/blockquote>\n<p style=\"text-align: justify;\">Le deuxi\u00e8me ligne du Stade Toulousain explique qu&rsquo;il a m\u00eame d\u00e9j\u00e0 \u00e9chang\u00e9 avec <strong>Fabien Galthi\u00e9<\/strong>.<\/p>\n<blockquote>\n<p style=\"text-align: justify;\">Je n&rsquo;ai parl\u00e9 \u00e0 Fabien Galthi\u00e9 qu&rsquo;une fois, il voulait conna\u00eetre mon \u00e9tat d&rsquo;esprit, mes aspirations en tant que rugbyman. Rien de tr\u00e8s s\u00e9rieux, mais j&rsquo;ai d\u00e9j\u00e0 discut\u00e9 avec lui.<\/p>\n<\/blockquote>\n<p style=\"text-align: justify;\">Si la France n&rsquo;est pas d\u00e9pourvue de talents en deuxi\u00e8me ligne, <strong>Emmanuel Meafou<\/strong> pourrait \u00eatre la prochaine surprise de Fabien Galthi\u00e9, dans les mois \u00e0 venir.<\/p>\n<blockquote class=\"twitter-tweet\">\n<p dir=\"ltr\" lang=\"en\">Setting his stall out! &#x1f1eb;&#x1f1f7;&#x1f1e6;&#x1f1fa;<br \/>\nHow good would it be to see Manny Meafou tour Japan this summer with Les Bleus? &#x1f1ef;&#x1f1f5;<br \/>\n.<br \/>\nHit the link in our bio to watch the full episode now &#x1f399;&#x1f3a7;&#x1f5a5;<br \/>\n.<a href=\"https:\/\/twitter.com\/hashtag\/lefrenchrugbypodcast?src=hash&amp;ref_src=twsrc%5Etfw\">#lefrenchrugbypodcast<\/a> <a href=\"https:\/\/twitter.com\/hashtag\/rugby?src=hash&amp;ref_src=twsrc%5Etfw\">#rugby<\/a> <a href=\"https:\/\/twitter.com\/hashtag\/rugbylife?src=hash&amp;ref_src=twsrc%5Etfw\">#rugbylife<\/a> <a href=\"https:\/\/twitter.com\/hashtag\/rugbylifestyle?src=hash&amp;ref_src=twsrc%5Etfw\">#rugbylifestyle<\/a> <a href=\"https:\/\/twitter.com\/hashtag\/frenchrugby?src=hash&amp;ref_src=twsrc%5Etfw\">#frenchrugby<\/a> <a href=\"https:\/\/twitter.com\/hashtag\/rugbyunion?src=hash&amp;ref_src=twsrc%5Etfw\">#rugbyunion<\/a> <a href=\"https:\/\/twitter.com\/hashtag\/podcast?src=hash&amp;ref_src=twsrc%5Etfw\">#podcast<\/a> <a href=\"https:\/\/twitter.com\/hashtag\/rugbypodcast?src=hash&amp;ref_src=twsrc%5Etfw\">#rugbypodcast<\/a> <a href=\"https:\/\/t.co\/9POtN8SkSh\">pic.twitter.com\/9POtN8SkSh<\/a><\/p>\n<p>\u2014 Le French Rugby Podcast (@frenchrugbypod) <a href=\"https:\/\/twitter.com\/frenchrugbypod\/status\/1515285341476958210?ref_src=twsrc%5Etfw\">April 16, 2022<\/a><\/p><\/blockquote>\n<p style=\"text-align: justify;\"><script async src=\"https:\/\/platform.twitter.com\/widgets.js\" charset=\"utf-8\"><\/script><\/p>\n","protected":false},"excerpt":{"rendered":"<p>RUGBY &#8211; Emmanuel Meafou, deuxi\u00e8me ligne du Stade Toulousain n\u00e9 en Australie, a expliqu\u00e9 qu&rsquo;il voulait repr\u00e9senter la France sur la sc\u00e8ne internationale.\u00a0<\/p>\n","protected":false},"author":1,"featured_media":217387,"comment_status":"open","ping_status":"closed","sticky":false,"template":"","format":"standard","meta":{"_acf_changed":false,"_daextam_enable_autolinks":"","footnotes":""},"categories":[47050,19951],"tags":[23053,1638],"class_list":["post-217374","post","type-post","status-publish","format-standard","has-post-thumbnail","hentry","category-top-14","category-xv-de-france","tag-emmanuel-meafou","tag-xv-de-france"],"acf":[],"yoast_head":"<!-- This site is optimized with the Yoast SEO Premium plugin v26.7 (Yoast SEO v26.7) - https:\/\/yoast.com\/wordpress\/plugins\/seo\/ -->\n<title>- Emmanuel Meafou veut repr\u00e9senter la France - Dicodusport<\/title>\n<meta name=\"description\" content=\"RUGBY - Emmanuel Meafou, deuxi\u00e8me ligne du Stade Toulousain n\u00e9 en Australie, a expliqu\u00e9 qu&#039;il voulait repr\u00e9senter le XV de France.\" \/>\n<meta name=\"robots\" content=\"index, follow, max-snippet:-1, max-image-preview:large, max-video-preview:-1\" \/>\n<link rel=\"canonical\" href=\"https:\/\/dicodusport.fr\/blog\/emmanuel-meafou-veut-representer-la-france\/\" \/>\n<meta property=\"og:locale\" content=\"fr_FR\" \/>\n<meta property=\"og:type\" content=\"article\" \/>\n<meta property=\"og:title\" content=\"Emmanuel Meafou veut repr\u00e9senter la France\" \/>\n<meta property=\"og:description\" content=\"RUGBY - Emmanuel Meafou, deuxi\u00e8me ligne du Stade Toulousain n\u00e9 en Australie, a expliqu\u00e9 qu&#039;il voulait repr\u00e9senter le XV de France.\" \/>\n<meta property=\"og:url\" content=\"https:\/\/dicodusport.fr\/blog\/emmanuel-meafou-veut-representer-la-france\/\" \/>\n<meta property=\"og:site_name\" content=\"Dicodusport\" \/>\n<meta property=\"article:publisher\" content=\"https:\/\/www.facebook.com\/dicodusport\" \/>\n<meta property=\"article:author\" content=\"https:\/\/www.facebook.com\/dicodusport\" \/>\n<meta property=\"article:published_time\" content=\"2022-04-20T15:44:51+00:00\" \/>\n<meta property=\"og:image\" content=\"https:\/\/dicodusport.fr\/blog\/wp-content\/uploads\/2022\/04\/Emmanuel-Meafou-veut-repre\u0301senter-la-France.png\" \/>\n\t<meta property=\"og:image:width\" content=\"800\" \/>\n\t<meta property=\"og:image:height\" content=\"445\" \/>\n\t<meta property=\"og:image:type\" content=\"image\/png\" \/>\n<meta name=\"author\" content=\"Nicolas Jacquemard\" \/>\n<meta name=\"twitter:card\" content=\"summary_large_image\" \/>\n<meta name=\"twitter:title\" content=\"Emmanuel Meafou veut repr\u00e9senter la France\" \/>\n<meta name=\"twitter:creator\" content=\"@https:\/\/twitter.com\/Nico_Jacquemard\" \/>\n<meta name=\"twitter:site\" content=\"@dicodusport\" \/>\n<script type=\"application\/ld+json\" class=\"yoast-schema-graph\">{\"@context\":\"https:\/\/schema.org\",\"@graph\":[{\"@type\":\"NewsArticle\",\"@id\":\"https:\/\/dicodusport.fr\/blog\/emmanuel-meafou-veut-representer-la-france\/#article\",\"isPartOf\":{\"@id\":\"https:\/\/dicodusport.fr\/blog\/emmanuel-meafou-veut-representer-la-france\/\"},\"author\":{\"name\":\"Nicolas Jacquemard\",\"@id\":\"https:\/\/dicodusport.fr\/blog\/#\/schema\/person\/55dcb50ad410894e431ed812bbb70191\"},\"headline\":\"Emmanuel Meafou veut repr\u00e9senter la France\",\"datePublished\":\"2022-04-20T15:44:51+00:00\",\"mainEntityOfPage\":{\"@id\":\"https:\/\/dicodusport.fr\/blog\/emmanuel-meafou-veut-representer-la-france\/\"},\"wordCount\":311,\"commentCount\":0,\"publisher\":{\"@id\":\"https:\/\/dicodusport.fr\/blog\/#organization\"},\"image\":{\"@id\":\"https:\/\/dicodusport.fr\/blog\/emmanuel-meafou-veut-representer-la-france\/#primaryimage\"},\"thumbnailUrl\":\"https:\/\/dicodusport.fr\/blog\/wp-content\/uploads\/2022\/04\/Emmanuel-Meafou-veut-repre\u0301senter-la-France.png\",\"keywords\":[\"Emmanuel Meafou\",\"XV de France\"],\"articleSection\":[\"Top 14\",\"XV de France\"],\"inLanguage\":\"fr-FR\",\"potentialAction\":[{\"@type\":\"CommentAction\",\"name\":\"Comment\",\"target\":[\"https:\/\/dicodusport.fr\/blog\/emmanuel-meafou-veut-representer-la-france\/#respond\"]}],\"copyrightYear\":\"2022\",\"copyrightHolder\":{\"@id\":\"https:\/\/dicodusport.fr\/blog\/#organization\"}},{\"@type\":\"WebPage\",\"@id\":\"https:\/\/dicodusport.fr\/blog\/emmanuel-meafou-veut-representer-la-france\/\",\"url\":\"https:\/\/dicodusport.fr\/blog\/emmanuel-meafou-veut-representer-la-france\/\",\"name\":\"- Emmanuel Meafou veut repr\u00e9senter la France - Dicodusport\",\"isPartOf\":{\"@id\":\"https:\/\/dicodusport.fr\/blog\/#website\"},\"primaryImageOfPage\":{\"@id\":\"https:\/\/dicodusport.fr\/blog\/emmanuel-meafou-veut-representer-la-france\/#primaryimage\"},\"image\":{\"@id\":\"https:\/\/dicodusport.fr\/blog\/emmanuel-meafou-veut-representer-la-france\/#primaryimage\"},\"thumbnailUrl\":\"https:\/\/dicodusport.fr\/blog\/wp-content\/uploads\/2022\/04\/Emmanuel-Meafou-veut-repre\u0301senter-la-France.png\",\"datePublished\":\"2022-04-20T15:44:51+00:00\",\"description\":\"RUGBY - Emmanuel Meafou, deuxi\u00e8me ligne du Stade Toulousain n\u00e9 en Australie, a expliqu\u00e9 qu'il voulait repr\u00e9senter le XV de France.\",\"breadcrumb\":{\"@id\":\"https:\/\/dicodusport.fr\/blog\/emmanuel-meafou-veut-representer-la-france\/#breadcrumb\"},\"inLanguage\":\"fr-FR\",\"potentialAction\":[{\"@type\":\"ReadAction\",\"target\":[\"https:\/\/dicodusport.fr\/blog\/emmanuel-meafou-veut-representer-la-france\/\"]}]},{\"@type\":\"ImageObject\",\"inLanguage\":\"fr-FR\",\"@id\":\"https:\/\/dicodusport.fr\/blog\/emmanuel-meafou-veut-representer-la-france\/#primaryimage\",\"url\":\"https:\/\/dicodusport.fr\/blog\/wp-content\/uploads\/2022\/04\/Emmanuel-Meafou-veut-repre\u0301senter-la-France.png\",\"contentUrl\":\"https:\/\/dicodusport.fr\/blog\/wp-content\/uploads\/2022\/04\/Emmanuel-Meafou-veut-repre\u0301senter-la-France.png\",\"width\":800,\"height\":445,\"caption\":\"Photo Icon Sport\"},{\"@type\":\"BreadcrumbList\",\"@id\":\"https:\/\/dicodusport.fr\/blog\/emmanuel-meafou-veut-representer-la-france\/#breadcrumb\",\"itemListElement\":[{\"@type\":\"ListItem\",\"position\":1,\"name\":\"Accueil\",\"item\":\"https:\/\/dicodusport.fr\/blog\/\"},{\"@type\":\"ListItem\",\"position\":2,\"name\":\"Emmanuel Meafou veut repr\u00e9senter la France\"}]},{\"@type\":\"WebSite\",\"@id\":\"https:\/\/dicodusport.fr\/blog\/#website\",\"url\":\"https:\/\/dicodusport.fr\/blog\/\",\"name\":\"Dicodusport\",\"description\":\"L&#039;encyclop\u00e9die de l&#039;actualit\u00e9 sportive\",\"publisher\":{\"@id\":\"https:\/\/dicodusport.fr\/blog\/#organization\"},\"potentialAction\":[{\"@type\":\"SearchAction\",\"target\":{\"@type\":\"EntryPoint\",\"urlTemplate\":\"https:\/\/dicodusport.fr\/blog\/?s={search_term_string}\"},\"query-input\":{\"@type\":\"PropertyValueSpecification\",\"valueRequired\":true,\"valueName\":\"search_term_string\"}}],\"inLanguage\":\"fr-FR\"},{\"@type\":\"NewsMediaOrganization\",\"@id\":\"https:\/\/dicodusport.fr\/blog\/#organization\",\"name\":\"Dicodusport\",\"url\":\"https:\/\/dicodusport.fr\/blog\/\",\"logo\":{\"@type\":\"ImageObject\",\"inLanguage\":\"fr-FR\",\"@id\":\"https:\/\/dicodusport.fr\/blog\/#\/schema\/logo\/image\/\",\"url\":\"https:\/\/dicodusport.fr\/blog\/wp-content\/uploads\/2020\/06\/cropped-LOGO-DICODUSPORT-2020-SANS-FOND-SANS-TEXTE.png\",\"contentUrl\":\"https:\/\/dicodusport.fr\/blog\/wp-content\/uploads\/2020\/06\/cropped-LOGO-DICODUSPORT-2020-SANS-FOND-SANS-TEXTE.png\",\"width\":512,\"height\":512,\"caption\":\"Dicodusport\"},\"image\":{\"@id\":\"https:\/\/dicodusport.fr\/blog\/#\/schema\/logo\/image\/\"},\"sameAs\":[\"https:\/\/www.facebook.com\/dicodusport\",\"https:\/\/x.com\/dicodusport\",\"https:\/\/www.instagram.com\/dicodusport\/\",\"https:\/\/www.youtube.com\/channel\/UC7V2KZ5sd3htJivAbA4ZG3w\"],\"description\":\"Dicodusport est l'encyclop\u00e9die de l'actualit\u00e9 sportive.\",\"email\":\"bonjour@dicodusport.fr\",\"legalName\":\"DICODUSPORT\",\"foundingDate\":\"2018-01-14\",\"vatID\":\"FR71834470973\",\"taxID\":\"83447097300043\",\"numberOfEmployees\":{\"@type\":\"QuantitativeValue\",\"minValue\":\"1\",\"maxValue\":\"10\"}},{\"@type\":\"Person\",\"@id\":\"https:\/\/dicodusport.fr\/blog\/#\/schema\/person\/55dcb50ad410894e431ed812bbb70191\",\"name\":\"Nicolas Jacquemard\",\"image\":{\"@type\":\"ImageObject\",\"inLanguage\":\"fr-FR\",\"@id\":\"https:\/\/dicodusport.fr\/blog\/#\/schema\/person\/image\/\",\"url\":\"https:\/\/dicodusport.fr\/blog\/wp-content\/uploads\/2021\/05\/Nicolas-Jacquemard-150x150.jpeg\",\"contentUrl\":\"https:\/\/dicodusport.fr\/blog\/wp-content\/uploads\/2021\/05\/Nicolas-Jacquemard-150x150.jpeg\",\"caption\":\"Nicolas Jacquemard\"},\"description\":\"Passionn\u00e9 de sport et entrepreneur depuis mes 18 ans, la cr\u00e9ation de Dicodusport m'a sembl\u00e9 \u00e9vidente pour participer \u00e0 la m\u00e9diatisation d'un plus grand nombre de sports. Le chemin est long mais avec une \u00e9quipe des plus motiv\u00e9es et les Jeux Olympiques de Paris 2024 en point de mire, nous y arriverons ! Journaliste dans le monde du sport depuis plus de 5 ans, je traite aussi bien de football, de rugby, de biathlon que de cyclisme.\",\"sameAs\":[\"https:\/\/www.facebook.com\/dicodusport\",\"https:\/\/x.com\/https:\/\/twitter.com\/Nico_Jacquemard\"],\"url\":\"https:\/\/dicodusport.fr\/blog\/author\/dicodusport\/\"}]}<\/script>\n<!-- \/ Yoast SEO Premium plugin. -->","yoast_head_json":{"title":"- Emmanuel Meafou veut repr\u00e9senter la France - Dicodusport","description":"RUGBY - Emmanuel Meafou, deuxi\u00e8me ligne du Stade Toulousain n\u00e9 en Australie, a expliqu\u00e9 qu'il voulait repr\u00e9senter le XV de France.","robots":{"index":"index","follow":"follow","max-snippet":"max-snippet:-1","max-image-preview":"max-image-preview:large","max-video-preview":"max-video-preview:-1"},"canonical":"https:\/\/dicodusport.fr\/blog\/emmanuel-meafou-veut-representer-la-france\/","og_locale":"fr_FR","og_type":"article","og_title":"Emmanuel Meafou veut repr\u00e9senter la France","og_description":"RUGBY - Emmanuel Meafou, deuxi\u00e8me ligne du Stade Toulousain n\u00e9 en Australie, a expliqu\u00e9 qu'il voulait repr\u00e9senter le XV de France.","og_url":"https:\/\/dicodusport.fr\/blog\/emmanuel-meafou-veut-representer-la-france\/","og_site_name":"Dicodusport","article_publisher":"https:\/\/www.facebook.com\/dicodusport","article_author":"https:\/\/www.facebook.com\/dicodusport","article_published_time":"2022-04-20T15:44:51+00:00","og_image":[{"width":800,"height":445,"url":"https:\/\/dicodusport.fr\/blog\/wp-content\/uploads\/2022\/04\/Emmanuel-Meafou-veut-repre\u0301senter-la-France.png","type":"image\/png"}],"author":"Nicolas Jacquemard","twitter_card":"summary_large_image","twitter_title":"Emmanuel Meafou veut repr\u00e9senter la France","twitter_creator":"@https:\/\/twitter.com\/Nico_Jacquemard","twitter_site":"@dicodusport","schema":{"@context":"https:\/\/schema.org","@graph":[{"@type":"NewsArticle","@id":"https:\/\/dicodusport.fr\/blog\/emmanuel-meafou-veut-representer-la-france\/#article","isPartOf":{"@id":"https:\/\/dicodusport.fr\/blog\/emmanuel-meafou-veut-representer-la-france\/"},"author":{"name":"Nicolas Jacquemard","@id":"https:\/\/dicodusport.fr\/blog\/#\/schema\/person\/55dcb50ad410894e431ed812bbb70191"},"headline":"Emmanuel Meafou veut repr\u00e9senter la France","datePublished":"2022-04-20T15:44:51+00:00","mainEntityOfPage":{"@id":"https:\/\/dicodusport.fr\/blog\/emmanuel-meafou-veut-representer-la-france\/"},"wordCount":311,"commentCount":0,"publisher":{"@id":"https:\/\/dicodusport.fr\/blog\/#organization"},"image":{"@id":"https:\/\/dicodusport.fr\/blog\/emmanuel-meafou-veut-representer-la-france\/#primaryimage"},"thumbnailUrl":"https:\/\/dicodusport.fr\/blog\/wp-content\/uploads\/2022\/04\/Emmanuel-Meafou-veut-repre\u0301senter-la-France.png","keywords":["Emmanuel Meafou","XV de France"],"articleSection":["Top 14","XV de France"],"inLanguage":"fr-FR","potentialAction":[{"@type":"CommentAction","name":"Comment","target":["https:\/\/dicodusport.fr\/blog\/emmanuel-meafou-veut-representer-la-france\/#respond"]}],"copyrightYear":"2022","copyrightHolder":{"@id":"https:\/\/dicodusport.fr\/blog\/#organization"}},{"@type":"WebPage","@id":"https:\/\/dicodusport.fr\/blog\/emmanuel-meafou-veut-representer-la-france\/","url":"https:\/\/dicodusport.fr\/blog\/emmanuel-meafou-veut-representer-la-france\/","name":"- Emmanuel Meafou veut repr\u00e9senter la France - Dicodusport","isPartOf":{"@id":"https:\/\/dicodusport.fr\/blog\/#website"},"primaryImageOfPage":{"@id":"https:\/\/dicodusport.fr\/blog\/emmanuel-meafou-veut-representer-la-france\/#primaryimage"},"image":{"@id":"https:\/\/dicodusport.fr\/blog\/emmanuel-meafou-veut-representer-la-france\/#primaryimage"},"thumbnailUrl":"https:\/\/dicodusport.fr\/blog\/wp-content\/uploads\/2022\/04\/Emmanuel-Meafou-veut-repre\u0301senter-la-France.png","datePublished":"2022-04-20T15:44:51+00:00","description":"RUGBY - Emmanuel Meafou, deuxi\u00e8me ligne du Stade Toulousain n\u00e9 en Australie, a expliqu\u00e9 qu'il voulait repr\u00e9senter le XV de France.","breadcrumb":{"@id":"https:\/\/dicodusport.fr\/blog\/emmanuel-meafou-veut-representer-la-france\/#breadcrumb"},"inLanguage":"fr-FR","potentialAction":[{"@type":"ReadAction","target":["https:\/\/dicodusport.fr\/blog\/emmanuel-meafou-veut-representer-la-france\/"]}]},{"@type":"ImageObject","inLanguage":"fr-FR","@id":"https:\/\/dicodusport.fr\/blog\/emmanuel-meafou-veut-representer-la-france\/#primaryimage","url":"https:\/\/dicodusport.fr\/blog\/wp-content\/uploads\/2022\/04\/Emmanuel-Meafou-veut-repre\u0301senter-la-France.png","contentUrl":"https:\/\/dicodusport.fr\/blog\/wp-content\/uploads\/2022\/04\/Emmanuel-Meafou-veut-repre\u0301senter-la-France.png","width":800,"height":445,"caption":"Photo Icon Sport"},{"@type":"BreadcrumbList","@id":"https:\/\/dicodusport.fr\/blog\/emmanuel-meafou-veut-representer-la-france\/#breadcrumb","itemListElement":[{"@type":"ListItem","position":1,"name":"Accueil","item":"https:\/\/dicodusport.fr\/blog\/"},{"@type":"ListItem","position":2,"name":"Emmanuel Meafou veut repr\u00e9senter la France"}]},{"@type":"WebSite","@id":"https:\/\/dicodusport.fr\/blog\/#website","url":"https:\/\/dicodusport.fr\/blog\/","name":"Dicodusport","description":"L&#039;encyclop\u00e9die de l&#039;actualit\u00e9 sportive","publisher":{"@id":"https:\/\/dicodusport.fr\/blog\/#organization"},"potentialAction":[{"@type":"SearchAction","target":{"@type":"EntryPoint","urlTemplate":"https:\/\/dicodusport.fr\/blog\/?s={search_term_string}"},"query-input":{"@type":"PropertyValueSpecification","valueRequired":true,"valueName":"search_term_string"}}],"inLanguage":"fr-FR"},{"@type":"NewsMediaOrganization","@id":"https:\/\/dicodusport.fr\/blog\/#organization","name":"Dicodusport","url":"https:\/\/dicodusport.fr\/blog\/","logo":{"@type":"ImageObject","inLanguage":"fr-FR","@id":"https:\/\/dicodusport.fr\/blog\/#\/schema\/logo\/image\/","url":"https:\/\/dicodusport.fr\/blog\/wp-content\/uploads\/2020\/06\/cropped-LOGO-DICODUSPORT-2020-SANS-FOND-SANS-TEXTE.png","contentUrl":"https:\/\/dicodusport.fr\/blog\/wp-content\/uploads\/2020\/06\/cropped-LOGO-DICODUSPORT-2020-SANS-FOND-SANS-TEXTE.png","width":512,"height":512,"caption":"Dicodusport"},"image":{"@id":"https:\/\/dicodusport.fr\/blog\/#\/schema\/logo\/image\/"},"sameAs":["https:\/\/www.facebook.com\/dicodusport","https:\/\/x.com\/dicodusport","https:\/\/www.instagram.com\/dicodusport\/","https:\/\/www.youtube.com\/channel\/UC7V2KZ5sd3htJivAbA4ZG3w"],"description":"Dicodusport est l'encyclop\u00e9die de l'actualit\u00e9 sportive.","email":"bonjour@dicodusport.fr","legalName":"DICODUSPORT","foundingDate":"2018-01-14","vatID":"FR71834470973","taxID":"83447097300043","numberOfEmployees":{"@type":"QuantitativeValue","minValue":"1","maxValue":"10"}},{"@type":"Person","@id":"https:\/\/dicodusport.fr\/blog\/#\/schema\/person\/55dcb50ad410894e431ed812bbb70191","name":"Nicolas Jacquemard","image":{"@type":"ImageObject","inLanguage":"fr-FR","@id":"https:\/\/dicodusport.fr\/blog\/#\/schema\/person\/image\/","url":"https:\/\/dicodusport.fr\/blog\/wp-content\/uploads\/2021\/05\/Nicolas-Jacquemard-150x150.jpeg","contentUrl":"https:\/\/dicodusport.fr\/blog\/wp-content\/uploads\/2021\/05\/Nicolas-Jacquemard-150x150.jpeg","caption":"Nicolas Jacquemard"},"description":"Passionn\u00e9 de sport et entrepreneur depuis mes 18 ans, la cr\u00e9ation de Dicodusport m'a sembl\u00e9 \u00e9vidente pour participer \u00e0 la m\u00e9diatisation d'un plus grand nombre de sports. Le chemin est long mais avec une \u00e9quipe des plus motiv\u00e9es et les Jeux Olympiques de Paris 2024 en point de mire, nous y arriverons ! Journaliste dans le monde du sport depuis plus de 5 ans, je traite aussi bien de football, de rugby, de biathlon que de cyclisme.","sameAs":["https:\/\/www.facebook.com\/dicodusport","https:\/\/x.com\/https:\/\/twitter.com\/Nico_Jacquemard"],"url":"https:\/\/dicodusport.fr\/blog\/author\/dicodusport\/"}]}},"_links":{"self":[{"href":"https:\/\/dicodusport.fr\/blog\/wp-json\/wp\/v2\/posts\/217374","targetHints":{"allow":["GET"]}}],"collection":[{"href":"https:\/\/dicodusport.fr\/blog\/wp-json\/wp\/v2\/posts"}],"about":[{"href":"https:\/\/dicodusport.fr\/blog\/wp-json\/wp\/v2\/types\/post"}],"author":[{"embeddable":true,"href":"https:\/\/dicodusport.fr\/blog\/wp-json\/wp\/v2\/users\/1"}],"replies":[{"embeddable":true,"href":"https:\/\/dicodusport.fr\/blog\/wp-json\/wp\/v2\/comments?post=217374"}],"version-history":[{"count":0,"href":"https:\/\/dicodusport.fr\/blog\/wp-json\/wp\/v2\/posts\/217374\/revisions"}],"wp:featuredmedia":[{"embeddable":true,"href":"https:\/\/dicodusport.fr\/blog\/wp-json\/wp\/v2\/media\/217387"}],"wp:attachment":[{"href":"https:\/\/dicodusport.fr\/blog\/wp-json\/wp\/v2\/media?parent=217374"}],"wp:term":[{"taxonomy":"category","embeddable":true,"href":"https:\/\/dicodusport.fr\/blog\/wp-json\/wp\/v2\/categories?post=217374"},{"taxonomy":"post_tag","embeddable":true,"href":"https:\/\/dicodusport.fr\/blog\/wp-json\/wp\/v2\/tags?post=217374"}],"curies":[{"name":"wp","href":"https:\/\/api.w.org\/{rel}","templated":true}]}}