{"id":217380,"date":"2022-04-20T16:32:44","date_gmt":"2022-04-20T14:32:44","guid":{"rendered":"https:\/\/dicodusport.fr\/blog\/?p=217380&#038;preview=true&#038;preview_id=217380"},"modified":"2022-04-21T10:52:08","modified_gmt":"2022-04-21T08:52:08","slug":"fleche-wallonne-2022-dylan-teuns-l-emporte-devant-alejandro-valverde","status":"publish","type":"post","link":"https:\/\/dicodusport.fr\/blog\/fleche-wallonne-2022-dylan-teuns-l-emporte-devant-alejandro-valverde\/","title":{"rendered":"Fl\u00e8che Wallonne 2022 : Dylan Teuns l&#8217;emporte devant Alejandro Valverde"},"content":{"rendered":"<p style=\"text-align: justify;\"><em><strong><a href=\"https:\/\/dicodusport.fr\/blog\/actualites\/cyclisme\/cyclisme-sur-route-2022\/\">CYCLISME SUR ROUTE 2022<\/a> \u2013 Dylan Teuns (Bahrain Victorious) s&rsquo;est impos\u00e9 sur la 86\u00e8me \u00e9dition de la Fl\u00e8che Wallonne, ce mercredi, au sommet du Mur de Huy. Il a devanc\u00e9 Alejandro Valverde (Movistar) et Aleksandr Vlasov (Bora Hansgrohe). Le coureur belge, entrain\u00e9 par Michele Bartoli, avait fini troisi\u00e8me en 2017.<br \/>\n<\/strong><\/em><\/p>\n<p style=\"text-align: justify;\"><span class=\"tojvnm2t a6sixzi8 abs2jz4q a8s20v7p t1p8iaqh k5wvi7nf q3lfd5jv pk4s997a bipmatt0 cebpdrjk qowsmv63 owwhemhu dp1hu0rb dhp61c6y iyyx5f41\">D&rsquo;abord, dix coureurs ont form\u00e9 l&rsquo;\u00e9chapp\u00e9e du jour apr\u00e8s 20 kilom\u00e8tres de course : <strong>Pierre Rolland<\/strong> (B&amp;B H\u00f4tels KTM), <strong>Daryl Impey<\/strong> (Isra\u00ebl Premier Tech), <strong>Christopher Juul-Jensen<\/strong> (Team BikeExchange Jayco), <strong>Bruno Armirail<\/strong> (Groupama FDJ), <strong>Luc Wirtgen<\/strong> (Bingoal Pauwels Sauces WB), <strong>Simon Guglielmi<\/strong> (Ark\u00e9a-Samsic), <strong>Jens Reynders<\/strong> (Sport Vlaanderen-Baloise),<strong> Morten Hulgaard<\/strong> (Uno-X Pro Cycling),<strong> Jimmy Janssens<\/strong> (Alpecin-Fenix) et <strong>Valentin Ferron<\/strong> (TotalEnergies). Leur avance est mont\u00e9 \u00e0 pr\u00e8s de 3 minutes et 30 secondes apr\u00e8s 80 kilom\u00e8tres. <\/span><\/p>\n<p style=\"text-align: justify;\"><span class=\"tojvnm2t a6sixzi8 abs2jz4q a8s20v7p t1p8iaqh k5wvi7nf q3lfd5jv pk4s997a bipmatt0 cebpdrjk qowsmv63 owwhemhu dp1hu0rb dhp61c6y iyyx5f41\">Puis, les \u00e9quipes<strong> INEOS Grenadiers, Bahrain-Victorious<\/strong> et <strong>Quick-Step-Alpha Vinyl<\/strong> ont pris la poursuite en main pour r\u00e9duire l&rsquo;\u00e9cart, une fois arriv\u00e9es sur le circuit final. Les diff\u00e9rentes difficult\u00e9s ont provoqu\u00e9 une s\u00e9lection dans l&rsquo;\u00e9chapp\u00e9e matinale avec la perte de <strong>Jens Reynders<\/strong> (Sport Vlaanderen-Baloise) sur le premier tour alors que l&rsquo;\u00e9cart est pass\u00e9 sous les deux minutes. <\/span><\/p>\n<h2 style=\"text-align: justify;\">Un sc\u00e9nario classique<\/h2>\n<p style=\"text-align: justify;\"><span class=\"tojvnm2t a6sixzi8 abs2jz4q a8s20v7p t1p8iaqh k5wvi7nf q3lfd5jv pk4s997a bipmatt0 cebpdrjk qowsmv63 owwhemhu dp1hu0rb dhp61c6y iyyx5f41\">Ensuite, dans le deuxi\u00e8me tour, <strong>Daryl Impey<\/strong> (Isra\u00ebl Premier Tech), <strong>Bruno Armirail<\/strong> (Groupama FDJ), <strong>Simon Guglielmi<\/strong> (Ark\u00e9a-Samsic), <strong>Jimmy Janssens<\/strong> (Alpecin-Fenix) et <strong>Valentin Ferron<\/strong> (TotalEnergies) se sont d\u00e9barrass\u00e9s de leurs compagnons de fugue. Du c\u00f4t\u00e9 de la formation INEOS Grenadiers, <strong>Tom Pidcock<\/strong> a abandonn\u00e9 \u00e0 58 kilom\u00e8tres de l&rsquo;arriv\u00e9e. Dans le peloton, <strong>Jan Bakelants<\/strong> (Intermarch\u00e9-Wanty-Gobert) est sorti seul en contre et a rejoint les l\u00e2ch\u00e9s de l&rsquo;\u00e9chapp\u00e9e matinale. Tandis que <strong>Tadej Pogacar<\/strong> (UAE Team Emirates) a \u00e9t\u00e9 victime d&rsquo;une crevaison, le double vainqueur du Tour de France a \u00e9t\u00e9 ramen\u00e9 dans le peloton par deux \u00e9quipiers. Du c\u00f4t\u00e9 de <strong>Jonas Vingegaard<\/strong> (Jumbo-Visma), le Danois a \u00e9t\u00e9 incapable de suivre le rythme du peloton \u00e0 37 kilom\u00e8tres de l&rsquo;arriv\u00e9e. <\/span><\/p>\n<p style=\"text-align: justify;\"><span class=\"tojvnm2t a6sixzi8 abs2jz4q a8s20v7p t1p8iaqh k5wvi7nf q3lfd5jv pk4s997a bipmatt0 cebpdrjk qowsmv63 owwhemhu dp1hu0rb dhp61c6y iyyx5f41\">Par la suite, le groupe intercal\u00e9 a \u00e9t\u00e9 aval\u00e9 par le peloton. <strong>Simon Carr<\/strong> (EF Education-EasyPost) est parti en contre pour reprendre <strong>Simon Guglielmi<\/strong> (Ark\u00e9a-Samsic) dans l&rsquo;avant-derni\u00e8re ascension du Mur de Huy. Le jeune coureur britannique est revenu sur l&rsquo;\u00e9chapp\u00e9e avant de les larguer dans la C\u00f4te d&rsquo;Ereffe, sauf <strong>Valentin Ferron<\/strong> (TotalEnergies). Dans le peloton, la <strong>Bahrain-Victorious<\/strong> a contr\u00f4l\u00e9 afin de reprendre les deux derniers fuyards \u00e0 moins de 10 kilom\u00e8tres du terme. <\/span><\/p>\n<p style=\"text-align: justify;\"><span class=\"tojvnm2t a6sixzi8 abs2jz4q a8s20v7p t1p8iaqh k5wvi7nf q3lfd5jv pk4s997a bipmatt0 cebpdrjk qowsmv63 owwhemhu dp1hu0rb dhp61c6y iyyx5f41\">Dans la C\u00f4te de Cherave, la formation Cofidis a tent\u00e9 un coup avec trois coureurs pour placer <strong>R\u00e9my Rochas<\/strong>, seul en t\u00eate. Dans la descente sur Huy, le coureur fran\u00e7ais a \u00e9t\u00e9 d\u00e9bord\u00e9 par <strong>Mauri Vansevenant<\/strong> (Quick-Step-Alpha Vinyl) et <strong>S\u00f8ren Kragh Andersen<\/strong> (Team DSM). Le duo n&rsquo;avait que dix secondes d&rsquo;avance au pied du Mur de Huy et ont \u00e9t\u00e9 repris dans le dernier kilom\u00e8tre.<\/span><\/p>\n<h2 style=\"text-align: justify;\"><span class=\"tojvnm2t a6sixzi8 abs2jz4q a8s20v7p t1p8iaqh k5wvi7nf q3lfd5jv pk4s997a bipmatt0 cebpdrjk qowsmv63 owwhemhu dp1hu0rb dhp61c6y iyyx5f41\">Dylan Teuns, le 65e vainqueur de La Fl\u00e8che Wallonne<\/span><\/h2>\n<p style=\"text-align: justify;\"><span class=\"tojvnm2t a6sixzi8 abs2jz4q a8s20v7p t1p8iaqh k5wvi7nf q3lfd5jv pk4s997a bipmatt0 cebpdrjk qowsmv63 owwhemhu dp1hu0rb dhp61c6y iyyx5f41\">Enfin, dans le Mur de Huy, <strong>Enric Mas<\/strong> (Movistar) a impos\u00e9 un gros tempo. <strong>Dylan Teuns<\/strong> (Bahrain-Victorious) a \u00e9t\u00e9 le premier favori \u00e0 attaquer \u00e0 150 m\u00e8tres de la ligne. Alors qu&rsquo;<strong>Alejandro Valverde<\/strong> (Movistar) \u00e9tait remont\u00e9 au niveau du couleur belge, <strong>Dylan Teuns<\/strong> (Bahrain-Victorious) a pris le meilleur sur l&rsquo;Espagnol sur le haut du Mur. <strong>Aleksandr Vlasov<\/strong> (Bora Hansgrohe) a compl\u00e9t\u00e9 le podium. Trop court au moment de l&rsquo;attaque de Teuns, <strong>Julian Alaphilippe<\/strong> (Quick-Step-Alpha Vinyl) a fini au pied du podium devant <strong>Daniel<\/strong> <strong>Felipe Martinez<\/strong> (INEOS Grenadiers). Trois autres fran\u00e7ais sont entr\u00e9s dans les dix premiers : <strong>Rudy Molard<\/strong> (Groupama FDJ &#8211; 8e), <strong>Warren Barguil<\/strong> (Ark\u00e9a-Samsic &#8211; 9e) et <strong>Alexis Vuillermoz<\/strong> (TotalEnergies &#8211; 10e).<\/span><\/p>\n<blockquote class=\"twitter-tweet\">\n<p dir=\"ltr\" lang=\"fr\">Julian Alaphilippe ne fera pas le quadrupl\u00e9 sur la Fl\u00e8che wallonne ! Le champion du monde fran\u00e7ais prend la 4e place, Dylan Teuns s&rsquo;impose au sommet du mur de Huy <a href=\"https:\/\/twitter.com\/hashtag\/FlecheWallonne?src=hash&amp;ref_src=twsrc%5Etfw\">#FlecheWallonne<\/a> <a href=\"https:\/\/twitter.com\/hashtag\/LesRP?src=hash&amp;ref_src=twsrc%5Etfw\">#LesRP<\/a> <a href=\"https:\/\/t.co\/BEU9cbwAyA\">pic.twitter.com\/BEU9cbwAyA<\/a><\/p>\n<p>\u2014 Eurosport France (@Eurosport_FR) <a href=\"https:\/\/twitter.com\/Eurosport_FR\/status\/1516784499333472266?ref_src=twsrc%5Etfw\">April 20, 2022<\/a><\/p><\/blockquote>\n<p><script async src=\"https:\/\/platform.twitter.com\/widgets.js\" charset=\"utf-8\"><\/script><\/p>\n<p style=\"text-align: justify;\"><span class=\"tojvnm2t a6sixzi8 abs2jz4q a8s20v7p t1p8iaqh k5wvi7nf q3lfd5jv pk4s997a bipmatt0 cebpdrjk qowsmv63 owwhemhu dp1hu0rb dhp61c6y iyyx5f41\"><strong>Dylan Teuns<\/strong> a apport\u00e9 \u00e0 la Belgique son 39e succ\u00e8s sur la classique ardennaise, et la premi\u00e8re depuis 2011 avec le triomphe de Philippe Gilbert.<\/span><\/p>\n<h2 style=\"text-align: justify;\"><strong>\u00c0 lire aussi<\/strong><\/h2>\n<ul>\n<li style=\"text-align: justify;\"><a href=\"https:\/\/dicodusport.fr\/blog\/classement-fleche-wallonne-2022\/\"><strong>Le classement de la Fl\u00e8che Wallonne 2022<\/strong><\/a><\/li>\n<\/ul>\n","protected":false},"excerpt":{"rendered":"<p>CYCLISME SUR ROUTE 2022 \u2013 La 86\u00e8me \u00e9dition de la Fl\u00e8che Wallonne aura lieu le mercredi 20 avril 2022 sur les routes des provinces du Luxembourg et de Li\u00e8ge. 202,1 km et 11 c\u00f4tes seront propos\u00e9es aux coureurs des 18 \u00e9quipes WorldTeam et des 7 formations invit\u00e9es (Alpecin-Fenix, Ark\u00e9a Samsic, Bingoal Pauwels Sauces WB, Uno-X, B&#038;B H\u00f4tels p\/b KTM et Sport Vlaanderen-Baloise).<\/p>\n","protected":false},"author":48,"featured_media":217527,"comment_status":"open","ping_status":"closed","sticky":false,"template":"","format":"standard","meta":{"_acf_changed":false,"_daextam_enable_autolinks":"","footnotes":""},"categories":[46994],"tags":[3119,7706,24],"class_list":["post-217380","post","type-post","status-publish","format-standard","has-post-thumbnail","hentry","category-cyclisme-sur-route","tag-actualite-cyclisme","tag-la-fleche-wallonne","tag-sport"],"acf":[],"yoast_head":"<!-- This site is optimized with the Yoast SEO Premium plugin v26.7 (Yoast SEO v26.7) - https:\/\/yoast.com\/wordpress\/plugins\/seo\/ -->\n<title>Fl\u00e8che Wallonne 2022 : Dylan Teuns l&#039;emporte devant Alejandro Valverde<\/title>\n<meta name=\"description\" content=\"CYCLISME SUR ROUTE 2022 \u2013 Dylan Teuns (Bahrain Victorious) s&#039;est impos\u00e9 sur la 86\u00e8me \u00e9dition de la Fl\u00e8che Wallonne, ce mercredi, au sommet du Mur de Huy. Il a devanc\u00e9 Alejandro Valverde (Movistar) et Aleksandr Vlasov (Bora Hansgrohe). Le coureur belge, entrain\u00e9 par Michele Bartoli, avait fini troisi\u00e8me en 2017.\" \/>\n<meta name=\"robots\" content=\"index, follow, max-snippet:-1, max-image-preview:large, max-video-preview:-1\" \/>\n<link rel=\"canonical\" href=\"https:\/\/dicodusport.fr\/blog\/fleche-wallonne-2022-dylan-teuns-l-emporte-devant-alejandro-valverde\/\" \/>\n<meta property=\"og:locale\" content=\"fr_FR\" \/>\n<meta property=\"og:type\" content=\"article\" \/>\n<meta property=\"og:title\" content=\"Fl\u00e8che Wallonne 2022 : Dylan Teuns l&#039;emporte devant Alejandro Valverde\" \/>\n<meta property=\"og:description\" content=\"CYCLISME SUR ROUTE 2022 \u2013 Dylan Teuns (Bahrain Victorious) s&#039;est impos\u00e9 sur la 86\u00e8me \u00e9dition de la Fl\u00e8che Wallonne, ce mercredi, au sommet du Mur de Huy. Il a devanc\u00e9 Alejandro Valverde (Movistar) et Aleksandr Vlasov (Bora Hansgrohe). Le coureur belge, entrain\u00e9 par Michele Bartoli, avait fini troisi\u00e8me en 2017.\" \/>\n<meta property=\"og:url\" content=\"https:\/\/dicodusport.fr\/blog\/fleche-wallonne-2022-dylan-teuns-l-emporte-devant-alejandro-valverde\/\" \/>\n<meta property=\"og:site_name\" content=\"Dicodusport\" \/>\n<meta property=\"article:publisher\" content=\"https:\/\/www.facebook.com\/dicodusport\" \/>\n<meta property=\"article:author\" content=\"https:\/\/www.facebook.com\/groups\/LesRoisDuPeloton\" \/>\n<meta property=\"article:published_time\" content=\"2022-04-20T14:32:44+00:00\" \/>\n<meta property=\"article:modified_time\" content=\"2022-04-21T08:52:08+00:00\" \/>\n<meta property=\"og:image\" content=\"https:\/\/dicodusport.fr\/blog\/wp-content\/uploads\/2022\/04\/Fleche-Wallonne-2022-Dylan-Teuns-lemporte-devant-Alejandro-Valverde-2.png\" \/>\n\t<meta property=\"og:image:width\" content=\"800\" \/>\n\t<meta property=\"og:image:height\" content=\"445\" \/>\n\t<meta property=\"og:image:type\" content=\"image\/png\" \/>\n<meta name=\"author\" content=\"Emilien Descampiaux\" \/>\n<meta name=\"twitter:card\" content=\"summary_large_image\" \/>\n<meta name=\"twitter:title\" content=\"Fl\u00e8che Wallonne 2022 : Dylan Teuns l&#039;emporte devant Alejandro Valverde\" \/>\n<meta name=\"twitter:creator\" content=\"@https:\/\/twitter.com\/LRoisDuPeloton\" \/>\n<meta name=\"twitter:site\" content=\"@dicodusport\" \/>\n<script type=\"application\/ld+json\" class=\"yoast-schema-graph\">{\"@context\":\"https:\/\/schema.org\",\"@graph\":[{\"@type\":\"NewsArticle\",\"@id\":\"https:\/\/dicodusport.fr\/blog\/fleche-wallonne-2022-dylan-teuns-l-emporte-devant-alejandro-valverde\/#article\",\"isPartOf\":{\"@id\":\"https:\/\/dicodusport.fr\/blog\/fleche-wallonne-2022-dylan-teuns-l-emporte-devant-alejandro-valverde\/\"},\"author\":{\"name\":\"Emilien Descampiaux\",\"@id\":\"https:\/\/dicodusport.fr\/blog\/#\/schema\/person\/6db4bae06b171592211be385b32876a7\"},\"headline\":\"Fl\u00e8che Wallonne 2022 : Dylan Teuns l&#8217;emporte devant Alejandro Valverde\",\"datePublished\":\"2022-04-20T14:32:44+00:00\",\"dateModified\":\"2022-04-21T08:52:08+00:00\",\"mainEntityOfPage\":{\"@id\":\"https:\/\/dicodusport.fr\/blog\/fleche-wallonne-2022-dylan-teuns-l-emporte-devant-alejandro-valverde\/\"},\"wordCount\":701,\"commentCount\":0,\"publisher\":{\"@id\":\"https:\/\/dicodusport.fr\/blog\/#organization\"},\"image\":{\"@id\":\"https:\/\/dicodusport.fr\/blog\/fleche-wallonne-2022-dylan-teuns-l-emporte-devant-alejandro-valverde\/#primaryimage\"},\"thumbnailUrl\":\"https:\/\/dicodusport.fr\/blog\/wp-content\/uploads\/2022\/04\/Fleche-Wallonne-2022-Dylan-Teuns-lemporte-devant-Alejandro-Valverde-2.png\",\"keywords\":[\"Actualit\u00e9 Cyclisme\",\"La Fl\u00e8che Wallonne\",\"sport\"],\"articleSection\":[\"Cyclisme sur route\"],\"inLanguage\":\"fr-FR\",\"potentialAction\":[{\"@type\":\"CommentAction\",\"name\":\"Comment\",\"target\":[\"https:\/\/dicodusport.fr\/blog\/fleche-wallonne-2022-dylan-teuns-l-emporte-devant-alejandro-valverde\/#respond\"]}],\"copyrightYear\":\"2022\",\"copyrightHolder\":{\"@id\":\"https:\/\/dicodusport.fr\/blog\/#organization\"}},{\"@type\":\"WebPage\",\"@id\":\"https:\/\/dicodusport.fr\/blog\/fleche-wallonne-2022-dylan-teuns-l-emporte-devant-alejandro-valverde\/\",\"url\":\"https:\/\/dicodusport.fr\/blog\/fleche-wallonne-2022-dylan-teuns-l-emporte-devant-alejandro-valverde\/\",\"name\":\"Fl\u00e8che Wallonne 2022 : Dylan Teuns l'emporte devant Alejandro Valverde\",\"isPartOf\":{\"@id\":\"https:\/\/dicodusport.fr\/blog\/#website\"},\"primaryImageOfPage\":{\"@id\":\"https:\/\/dicodusport.fr\/blog\/fleche-wallonne-2022-dylan-teuns-l-emporte-devant-alejandro-valverde\/#primaryimage\"},\"image\":{\"@id\":\"https:\/\/dicodusport.fr\/blog\/fleche-wallonne-2022-dylan-teuns-l-emporte-devant-alejandro-valverde\/#primaryimage\"},\"thumbnailUrl\":\"https:\/\/dicodusport.fr\/blog\/wp-content\/uploads\/2022\/04\/Fleche-Wallonne-2022-Dylan-Teuns-lemporte-devant-Alejandro-Valverde-2.png\",\"datePublished\":\"2022-04-20T14:32:44+00:00\",\"dateModified\":\"2022-04-21T08:52:08+00:00\",\"description\":\"CYCLISME SUR ROUTE 2022 \u2013 Dylan Teuns (Bahrain Victorious) s'est impos\u00e9 sur la 86\u00e8me \u00e9dition de la Fl\u00e8che Wallonne, ce mercredi, au sommet du Mur de Huy. Il a devanc\u00e9 Alejandro Valverde (Movistar) et Aleksandr Vlasov (Bora Hansgrohe). Le coureur belge, entrain\u00e9 par Michele Bartoli, avait fini troisi\u00e8me en 2017.\",\"breadcrumb\":{\"@id\":\"https:\/\/dicodusport.fr\/blog\/fleche-wallonne-2022-dylan-teuns-l-emporte-devant-alejandro-valverde\/#breadcrumb\"},\"inLanguage\":\"fr-FR\",\"potentialAction\":[{\"@type\":\"ReadAction\",\"target\":[\"https:\/\/dicodusport.fr\/blog\/fleche-wallonne-2022-dylan-teuns-l-emporte-devant-alejandro-valverde\/\"]}]},{\"@type\":\"ImageObject\",\"inLanguage\":\"fr-FR\",\"@id\":\"https:\/\/dicodusport.fr\/blog\/fleche-wallonne-2022-dylan-teuns-l-emporte-devant-alejandro-valverde\/#primaryimage\",\"url\":\"https:\/\/dicodusport.fr\/blog\/wp-content\/uploads\/2022\/04\/Fleche-Wallonne-2022-Dylan-Teuns-lemporte-devant-Alejandro-Valverde-2.png\",\"contentUrl\":\"https:\/\/dicodusport.fr\/blog\/wp-content\/uploads\/2022\/04\/Fleche-Wallonne-2022-Dylan-Teuns-lemporte-devant-Alejandro-Valverde-2.png\",\"width\":800,\"height\":445,\"caption\":\"Fl\u00e8che Wallonne 2022 Dylan Teuns l'emporte devant Alejandro Valverde\"},{\"@type\":\"BreadcrumbList\",\"@id\":\"https:\/\/dicodusport.fr\/blog\/fleche-wallonne-2022-dylan-teuns-l-emporte-devant-alejandro-valverde\/#breadcrumb\",\"itemListElement\":[{\"@type\":\"ListItem\",\"position\":1,\"name\":\"Accueil\",\"item\":\"https:\/\/dicodusport.fr\/blog\/\"},{\"@type\":\"ListItem\",\"position\":2,\"name\":\"Fl\u00e8che Wallonne 2022 : Dylan Teuns l&#8217;emporte devant Alejandro Valverde\"}]},{\"@type\":\"WebSite\",\"@id\":\"https:\/\/dicodusport.fr\/blog\/#website\",\"url\":\"https:\/\/dicodusport.fr\/blog\/\",\"name\":\"Dicodusport\",\"description\":\"L&#039;encyclop\u00e9die de l&#039;actualit\u00e9 sportive\",\"publisher\":{\"@id\":\"https:\/\/dicodusport.fr\/blog\/#organization\"},\"potentialAction\":[{\"@type\":\"SearchAction\",\"target\":{\"@type\":\"EntryPoint\",\"urlTemplate\":\"https:\/\/dicodusport.fr\/blog\/?s={search_term_string}\"},\"query-input\":{\"@type\":\"PropertyValueSpecification\",\"valueRequired\":true,\"valueName\":\"search_term_string\"}}],\"inLanguage\":\"fr-FR\"},{\"@type\":\"NewsMediaOrganization\",\"@id\":\"https:\/\/dicodusport.fr\/blog\/#organization\",\"name\":\"Dicodusport\",\"url\":\"https:\/\/dicodusport.fr\/blog\/\",\"logo\":{\"@type\":\"ImageObject\",\"inLanguage\":\"fr-FR\",\"@id\":\"https:\/\/dicodusport.fr\/blog\/#\/schema\/logo\/image\/\",\"url\":\"https:\/\/dicodusport.fr\/blog\/wp-content\/uploads\/2020\/06\/cropped-LOGO-DICODUSPORT-2020-SANS-FOND-SANS-TEXTE.png\",\"contentUrl\":\"https:\/\/dicodusport.fr\/blog\/wp-content\/uploads\/2020\/06\/cropped-LOGO-DICODUSPORT-2020-SANS-FOND-SANS-TEXTE.png\",\"width\":512,\"height\":512,\"caption\":\"Dicodusport\"},\"image\":{\"@id\":\"https:\/\/dicodusport.fr\/blog\/#\/schema\/logo\/image\/\"},\"sameAs\":[\"https:\/\/www.facebook.com\/dicodusport\",\"https:\/\/x.com\/dicodusport\",\"https:\/\/www.instagram.com\/dicodusport\/\",\"https:\/\/www.youtube.com\/channel\/UC7V2KZ5sd3htJivAbA4ZG3w\"],\"description\":\"Dicodusport est l'encyclop\u00e9die de l'actualit\u00e9 sportive.\",\"email\":\"bonjour@dicodusport.fr\",\"legalName\":\"DICODUSPORT\",\"foundingDate\":\"2018-01-14\",\"vatID\":\"FR71834470973\",\"taxID\":\"83447097300043\",\"numberOfEmployees\":{\"@type\":\"QuantitativeValue\",\"minValue\":\"1\",\"maxValue\":\"10\"}},{\"@type\":\"Person\",\"@id\":\"https:\/\/dicodusport.fr\/blog\/#\/schema\/person\/6db4bae06b171592211be385b32876a7\",\"name\":\"Emilien Descampiaux\",\"image\":{\"@type\":\"ImageObject\",\"inLanguage\":\"fr-FR\",\"@id\":\"https:\/\/dicodusport.fr\/blog\/#\/schema\/person\/image\/\",\"url\":\"https:\/\/dicodusport.fr\/blog\/wp-content\/uploads\/2021\/05\/Emilien-Descampiaux-150x150.jpg\",\"contentUrl\":\"https:\/\/dicodusport.fr\/blog\/wp-content\/uploads\/2021\/05\/Emilien-Descampiaux-150x150.jpg\",\"caption\":\"Emilien Descampiaux\"},\"description\":\"Journaliste\/r\u00e9dacteur depuis 2014 - Fan de la classe de Frank Vandenbroucke, je vis cyclisme (et de ses paysages) depuis plus de 20 ans. Je suis tr\u00e8s impliqu\u00e9 sur mes diff\u00e9rents r\u00e9seaux sociaux pour partager ma passion sur le monde et l'Histoire de la bicyclette avec ma voix sur les images en noir et blanc du succ\u00e8s de Rik Van Steenbergen lors du Ronde sur le V\u00e9lodrome de Gand.\",\"sameAs\":[\"https:\/\/www.facebook.com\/groups\/LesRoisDuPeloton\",\"https:\/\/x.com\/https:\/\/twitter.com\/LRoisDuPeloton\"],\"url\":\"https:\/\/dicodusport.fr\/blog\/author\/emiliend\/\"}]}<\/script>\n<!-- \/ Yoast SEO Premium plugin. -->","yoast_head_json":{"title":"Fl\u00e8che Wallonne 2022 : Dylan Teuns l'emporte devant Alejandro Valverde","description":"CYCLISME SUR ROUTE 2022 \u2013 Dylan Teuns (Bahrain Victorious) s'est impos\u00e9 sur la 86\u00e8me \u00e9dition de la Fl\u00e8che Wallonne, ce mercredi, au sommet du Mur de Huy. Il a devanc\u00e9 Alejandro Valverde (Movistar) et Aleksandr Vlasov (Bora Hansgrohe). Le coureur belge, entrain\u00e9 par Michele Bartoli, avait fini troisi\u00e8me en 2017.","robots":{"index":"index","follow":"follow","max-snippet":"max-snippet:-1","max-image-preview":"max-image-preview:large","max-video-preview":"max-video-preview:-1"},"canonical":"https:\/\/dicodusport.fr\/blog\/fleche-wallonne-2022-dylan-teuns-l-emporte-devant-alejandro-valverde\/","og_locale":"fr_FR","og_type":"article","og_title":"Fl\u00e8che Wallonne 2022 : Dylan Teuns l'emporte devant Alejandro Valverde","og_description":"CYCLISME SUR ROUTE 2022 \u2013 Dylan Teuns (Bahrain Victorious) s'est impos\u00e9 sur la 86\u00e8me \u00e9dition de la Fl\u00e8che Wallonne, ce mercredi, au sommet du Mur de Huy. Il a devanc\u00e9 Alejandro Valverde (Movistar) et Aleksandr Vlasov (Bora Hansgrohe). Le coureur belge, entrain\u00e9 par Michele Bartoli, avait fini troisi\u00e8me en 2017.","og_url":"https:\/\/dicodusport.fr\/blog\/fleche-wallonne-2022-dylan-teuns-l-emporte-devant-alejandro-valverde\/","og_site_name":"Dicodusport","article_publisher":"https:\/\/www.facebook.com\/dicodusport","article_author":"https:\/\/www.facebook.com\/groups\/LesRoisDuPeloton","article_published_time":"2022-04-20T14:32:44+00:00","article_modified_time":"2022-04-21T08:52:08+00:00","og_image":[{"width":800,"height":445,"url":"https:\/\/dicodusport.fr\/blog\/wp-content\/uploads\/2022\/04\/Fleche-Wallonne-2022-Dylan-Teuns-lemporte-devant-Alejandro-Valverde-2.png","type":"image\/png"}],"author":"Emilien Descampiaux","twitter_card":"summary_large_image","twitter_title":"Fl\u00e8che Wallonne 2022 : Dylan Teuns l'emporte devant Alejandro Valverde","twitter_creator":"@https:\/\/twitter.com\/LRoisDuPeloton","twitter_site":"@dicodusport","schema":{"@context":"https:\/\/schema.org","@graph":[{"@type":"NewsArticle","@id":"https:\/\/dicodusport.fr\/blog\/fleche-wallonne-2022-dylan-teuns-l-emporte-devant-alejandro-valverde\/#article","isPartOf":{"@id":"https:\/\/dicodusport.fr\/blog\/fleche-wallonne-2022-dylan-teuns-l-emporte-devant-alejandro-valverde\/"},"author":{"name":"Emilien Descampiaux","@id":"https:\/\/dicodusport.fr\/blog\/#\/schema\/person\/6db4bae06b171592211be385b32876a7"},"headline":"Fl\u00e8che Wallonne 2022 : Dylan Teuns l&#8217;emporte devant Alejandro Valverde","datePublished":"2022-04-20T14:32:44+00:00","dateModified":"2022-04-21T08:52:08+00:00","mainEntityOfPage":{"@id":"https:\/\/dicodusport.fr\/blog\/fleche-wallonne-2022-dylan-teuns-l-emporte-devant-alejandro-valverde\/"},"wordCount":701,"commentCount":0,"publisher":{"@id":"https:\/\/dicodusport.fr\/blog\/#organization"},"image":{"@id":"https:\/\/dicodusport.fr\/blog\/fleche-wallonne-2022-dylan-teuns-l-emporte-devant-alejandro-valverde\/#primaryimage"},"thumbnailUrl":"https:\/\/dicodusport.fr\/blog\/wp-content\/uploads\/2022\/04\/Fleche-Wallonne-2022-Dylan-Teuns-lemporte-devant-Alejandro-Valverde-2.png","keywords":["Actualit\u00e9 Cyclisme","La Fl\u00e8che Wallonne","sport"],"articleSection":["Cyclisme sur route"],"inLanguage":"fr-FR","potentialAction":[{"@type":"CommentAction","name":"Comment","target":["https:\/\/dicodusport.fr\/blog\/fleche-wallonne-2022-dylan-teuns-l-emporte-devant-alejandro-valverde\/#respond"]}],"copyrightYear":"2022","copyrightHolder":{"@id":"https:\/\/dicodusport.fr\/blog\/#organization"}},{"@type":"WebPage","@id":"https:\/\/dicodusport.fr\/blog\/fleche-wallonne-2022-dylan-teuns-l-emporte-devant-alejandro-valverde\/","url":"https:\/\/dicodusport.fr\/blog\/fleche-wallonne-2022-dylan-teuns-l-emporte-devant-alejandro-valverde\/","name":"Fl\u00e8che Wallonne 2022 : Dylan Teuns l'emporte devant Alejandro Valverde","isPartOf":{"@id":"https:\/\/dicodusport.fr\/blog\/#website"},"primaryImageOfPage":{"@id":"https:\/\/dicodusport.fr\/blog\/fleche-wallonne-2022-dylan-teuns-l-emporte-devant-alejandro-valverde\/#primaryimage"},"image":{"@id":"https:\/\/dicodusport.fr\/blog\/fleche-wallonne-2022-dylan-teuns-l-emporte-devant-alejandro-valverde\/#primaryimage"},"thumbnailUrl":"https:\/\/dicodusport.fr\/blog\/wp-content\/uploads\/2022\/04\/Fleche-Wallonne-2022-Dylan-Teuns-lemporte-devant-Alejandro-Valverde-2.png","datePublished":"2022-04-20T14:32:44+00:00","dateModified":"2022-04-21T08:52:08+00:00","description":"CYCLISME SUR ROUTE 2022 \u2013 Dylan Teuns (Bahrain Victorious) s'est impos\u00e9 sur la 86\u00e8me \u00e9dition de la Fl\u00e8che Wallonne, ce mercredi, au sommet du Mur de Huy. Il a devanc\u00e9 Alejandro Valverde (Movistar) et Aleksandr Vlasov (Bora Hansgrohe). Le coureur belge, entrain\u00e9 par Michele Bartoli, avait fini troisi\u00e8me en 2017.","breadcrumb":{"@id":"https:\/\/dicodusport.fr\/blog\/fleche-wallonne-2022-dylan-teuns-l-emporte-devant-alejandro-valverde\/#breadcrumb"},"inLanguage":"fr-FR","potentialAction":[{"@type":"ReadAction","target":["https:\/\/dicodusport.fr\/blog\/fleche-wallonne-2022-dylan-teuns-l-emporte-devant-alejandro-valverde\/"]}]},{"@type":"ImageObject","inLanguage":"fr-FR","@id":"https:\/\/dicodusport.fr\/blog\/fleche-wallonne-2022-dylan-teuns-l-emporte-devant-alejandro-valverde\/#primaryimage","url":"https:\/\/dicodusport.fr\/blog\/wp-content\/uploads\/2022\/04\/Fleche-Wallonne-2022-Dylan-Teuns-lemporte-devant-Alejandro-Valverde-2.png","contentUrl":"https:\/\/dicodusport.fr\/blog\/wp-content\/uploads\/2022\/04\/Fleche-Wallonne-2022-Dylan-Teuns-lemporte-devant-Alejandro-Valverde-2.png","width":800,"height":445,"caption":"Fl\u00e8che Wallonne 2022 Dylan Teuns l'emporte devant Alejandro Valverde"},{"@type":"BreadcrumbList","@id":"https:\/\/dicodusport.fr\/blog\/fleche-wallonne-2022-dylan-teuns-l-emporte-devant-alejandro-valverde\/#breadcrumb","itemListElement":[{"@type":"ListItem","position":1,"name":"Accueil","item":"https:\/\/dicodusport.fr\/blog\/"},{"@type":"ListItem","position":2,"name":"Fl\u00e8che Wallonne 2022 : Dylan Teuns l&#8217;emporte devant Alejandro Valverde"}]},{"@type":"WebSite","@id":"https:\/\/dicodusport.fr\/blog\/#website","url":"https:\/\/dicodusport.fr\/blog\/","name":"Dicodusport","description":"L&#039;encyclop\u00e9die de l&#039;actualit\u00e9 sportive","publisher":{"@id":"https:\/\/dicodusport.fr\/blog\/#organization"},"potentialAction":[{"@type":"SearchAction","target":{"@type":"EntryPoint","urlTemplate":"https:\/\/dicodusport.fr\/blog\/?s={search_term_string}"},"query-input":{"@type":"PropertyValueSpecification","valueRequired":true,"valueName":"search_term_string"}}],"inLanguage":"fr-FR"},{"@type":"NewsMediaOrganization","@id":"https:\/\/dicodusport.fr\/blog\/#organization","name":"Dicodusport","url":"https:\/\/dicodusport.fr\/blog\/","logo":{"@type":"ImageObject","inLanguage":"fr-FR","@id":"https:\/\/dicodusport.fr\/blog\/#\/schema\/logo\/image\/","url":"https:\/\/dicodusport.fr\/blog\/wp-content\/uploads\/2020\/06\/cropped-LOGO-DICODUSPORT-2020-SANS-FOND-SANS-TEXTE.png","contentUrl":"https:\/\/dicodusport.fr\/blog\/wp-content\/uploads\/2020\/06\/cropped-LOGO-DICODUSPORT-2020-SANS-FOND-SANS-TEXTE.png","width":512,"height":512,"caption":"Dicodusport"},"image":{"@id":"https:\/\/dicodusport.fr\/blog\/#\/schema\/logo\/image\/"},"sameAs":["https:\/\/www.facebook.com\/dicodusport","https:\/\/x.com\/dicodusport","https:\/\/www.instagram.com\/dicodusport\/","https:\/\/www.youtube.com\/channel\/UC7V2KZ5sd3htJivAbA4ZG3w"],"description":"Dicodusport est l'encyclop\u00e9die de l'actualit\u00e9 sportive.","email":"bonjour@dicodusport.fr","legalName":"DICODUSPORT","foundingDate":"2018-01-14","vatID":"FR71834470973","taxID":"83447097300043","numberOfEmployees":{"@type":"QuantitativeValue","minValue":"1","maxValue":"10"}},{"@type":"Person","@id":"https:\/\/dicodusport.fr\/blog\/#\/schema\/person\/6db4bae06b171592211be385b32876a7","name":"Emilien Descampiaux","image":{"@type":"ImageObject","inLanguage":"fr-FR","@id":"https:\/\/dicodusport.fr\/blog\/#\/schema\/person\/image\/","url":"https:\/\/dicodusport.fr\/blog\/wp-content\/uploads\/2021\/05\/Emilien-Descampiaux-150x150.jpg","contentUrl":"https:\/\/dicodusport.fr\/blog\/wp-content\/uploads\/2021\/05\/Emilien-Descampiaux-150x150.jpg","caption":"Emilien Descampiaux"},"description":"Journaliste\/r\u00e9dacteur depuis 2014 - Fan de la classe de Frank Vandenbroucke, je vis cyclisme (et de ses paysages) depuis plus de 20 ans. Je suis tr\u00e8s impliqu\u00e9 sur mes diff\u00e9rents r\u00e9seaux sociaux pour partager ma passion sur le monde et l'Histoire de la bicyclette avec ma voix sur les images en noir et blanc du succ\u00e8s de Rik Van Steenbergen lors du Ronde sur le V\u00e9lodrome de Gand.","sameAs":["https:\/\/www.facebook.com\/groups\/LesRoisDuPeloton","https:\/\/x.com\/https:\/\/twitter.com\/LRoisDuPeloton"],"url":"https:\/\/dicodusport.fr\/blog\/author\/emiliend\/"}]}},"_links":{"self":[{"href":"https:\/\/dicodusport.fr\/blog\/wp-json\/wp\/v2\/posts\/217380","targetHints":{"allow":["GET"]}}],"collection":[{"href":"https:\/\/dicodusport.fr\/blog\/wp-json\/wp\/v2\/posts"}],"about":[{"href":"https:\/\/dicodusport.fr\/blog\/wp-json\/wp\/v2\/types\/post"}],"author":[{"embeddable":true,"href":"https:\/\/dicodusport.fr\/blog\/wp-json\/wp\/v2\/users\/48"}],"replies":[{"embeddable":true,"href":"https:\/\/dicodusport.fr\/blog\/wp-json\/wp\/v2\/comments?post=217380"}],"version-history":[{"count":0,"href":"https:\/\/dicodusport.fr\/blog\/wp-json\/wp\/v2\/posts\/217380\/revisions"}],"wp:featuredmedia":[{"embeddable":true,"href":"https:\/\/dicodusport.fr\/blog\/wp-json\/wp\/v2\/media\/217527"}],"wp:attachment":[{"href":"https:\/\/dicodusport.fr\/blog\/wp-json\/wp\/v2\/media?parent=217380"}],"wp:term":[{"taxonomy":"category","embeddable":true,"href":"https:\/\/dicodusport.fr\/blog\/wp-json\/wp\/v2\/categories?post=217380"},{"taxonomy":"post_tag","embeddable":true,"href":"https:\/\/dicodusport.fr\/blog\/wp-json\/wp\/v2\/tags?post=217380"}],"curies":[{"name":"wp","href":"https:\/\/api.w.org\/{rel}","templated":true}]}}