{"id":217805,"date":"2022-04-22T16:50:47","date_gmt":"2022-04-22T14:50:47","guid":{"rendered":"https:\/\/dicodusport.fr\/blog\/?p=217805&#038;preview=true&#038;preview_id=217805"},"modified":"2022-04-23T17:03:53","modified_gmt":"2022-04-23T15:03:53","slug":"f1-emilie-romagne-imola-2022-grille-de-depart-course-sprint","status":"publish","type":"post","link":"https:\/\/dicodusport.fr\/blog\/f1-emilie-romagne-imola-2022-grille-de-depart-course-sprint\/","title":{"rendered":"F1 \u00c9milie-Romagne 2022 : Grille de d\u00e9part course sprint"},"content":{"rendered":"<p style=\"text-align: justify;\"><em><b><a href=\"https:\/\/dicodusport.fr\/blog\/f1-emilie-romagne-2022-horaires-programme-tv-et-resultats\/\">F1 &#8211; GRAND PRIX D&rsquo;\u00c9MILIE-ROMAGNE 2022<\/a> &#8211; D\u00e9couvrez la grille de d\u00e9part de la course sprint du Grand Prix d&rsquo;\u00c9milie-Romagne 2022 \u00e0 Imola, \u00e0 l&rsquo;issue des qualifications qui se sont d\u00e9roul\u00e9es ce vendredi 22 avril.<\/b><\/em><\/p>\n<hr \/>\n<h2 style=\"text-align: center;\">Grille de d\u00e9part<\/h2>\n<hr \/>\n<table style=\"width: 800px; border-collapse: collapse;\">\n<tbody>\n<tr>\n<td style=\"vertical-align: top; text-align: center; border-style: none; background-color: #ffffff; width: 400px; height: 120px;\"><span style=\"font-size: 1.0em;\"><strong><img loading=\"lazy\" decoding=\"async\" class=\"alignnone wp-image-208533 size-full\" src=\"https:\/\/dicodusport.fr\/blog\/wp-content\/uploads\/2020\/11\/F1-Red-Bull-Racing-2022.png\" alt=\"\" width=\"100\" height=\"25\" \/><br \/>\n1. &#x1f1f3;&#x1f1f1; MAX VERSTAPPEN<br \/>\n<\/strong><span style=\"font-size: 0.8em;\">RED BULL<\/span><\/span><\/td>\n<td style=\"vertical-align: bottom; text-align: center; border-style: none; background-color: #ffffff; width: 400px; height: 120px;\"><span style=\"font-size: 1.0em;\"><strong><img loading=\"lazy\" decoding=\"async\" class=\"alignnone size-full wp-image-208537\" src=\"https:\/\/dicodusport.fr\/blog\/wp-content\/uploads\/2020\/11\/F1-Ferrari-2022.png\" alt=\"\" width=\"100\" height=\"25\" \/><br \/>\n2. &#x1f1f2;&#x1f1e8; CHARLES LECLERC<br \/>\n<\/strong><span style=\"font-size: 0.8em;\">FERRARI<\/span><\/span><\/td>\n<\/tr>\n<tr>\n<td style=\"text-align: center; border-style: none; vertical-align: top; background-color: #ffffff; width: 400px; height: 120px;\"><span style=\"font-size: 1.0em;\"><strong><img loading=\"lazy\" decoding=\"async\" class=\"alignnone wp-image-208535 size-full\" src=\"https:\/\/dicodusport.fr\/blog\/wp-content\/uploads\/2020\/11\/F1-McLaren-2022.png\" alt=\"\" width=\"100\" height=\"25\" \/><br \/>\n<\/strong><strong>3. &#x1f1ec;&#x1f1e7; LANDO NORRIS<\/strong><\/span><br \/>\n<span style=\"font-size: 0.8em;\">MCLAREN<\/span><\/td>\n<td style=\"text-align: center; border-style: none; vertical-align: bottom; background-color: #ffffff; width: 400px; height: 120px;\"><span style=\"font-size: 1.0em;\"><strong><img loading=\"lazy\" decoding=\"async\" class=\"alignnone size-full wp-image-208536\" src=\"https:\/\/dicodusport.fr\/blog\/wp-content\/uploads\/2020\/11\/F1-Haas-2022.png\" alt=\"\" width=\"100\" height=\"25\" \/><br \/>\n<\/strong><strong>4. &#x1f1e9;&#x1f1f0; KEVIN MAGNUSSEN<\/strong><\/span><br \/>\n<span style=\"font-size: 0.8em;\">HAAS<\/span><\/td>\n<\/tr>\n<tr>\n<td style=\"text-align: center; border-style: none; vertical-align: top; background-color: #ffffff; width: 400px; height: 120px;\"><span style=\"font-size: 1.0em;\"><strong><img loading=\"lazy\" decoding=\"async\" class=\"alignnone wp-image-208525 size-full\" src=\"https:\/\/dicodusport.fr\/blog\/wp-content\/uploads\/2020\/11\/F1-Alpine-2022.png\" alt=\"\" width=\"100\" height=\"25\" \/><br \/>\n5. &#x1f1ea;&#x1f1f8; FERNANDO ALONSO<br \/>\n<\/strong><span style=\"font-size: 0.8em;\">ALPINE<\/span><\/span><\/td>\n<td style=\"text-align: center; border-style: none; vertical-align: bottom; background-color: #ffffff; width: 400px; height: 120px;\"><span style=\"font-size: 1.0em;\"><strong><img loading=\"lazy\" decoding=\"async\" class=\"alignnone wp-image-208535 size-full\" src=\"https:\/\/dicodusport.fr\/blog\/wp-content\/uploads\/2020\/11\/F1-McLaren-2022.png\" alt=\"\" width=\"100\" height=\"25\" \/><br \/>\n<\/strong><strong>6. &#x1f1e6;&#x1f1fa; DANIEL RICCIARDO<\/strong><\/span><br \/>\n<span style=\"font-size: 0.8em;\">MCLAREN<\/span><\/td>\n<\/tr>\n<tr>\n<td style=\"text-align: center; border-style: none; vertical-align: top; background-color: #ffffff; width: 400px; height: 120px;\"><span style=\"font-size: 1.0em;\"><strong><img loading=\"lazy\" decoding=\"async\" class=\"alignnone wp-image-208533 size-full\" src=\"https:\/\/dicodusport.fr\/blog\/wp-content\/uploads\/2020\/11\/F1-Red-Bull-Racing-2022.png\" alt=\"\" width=\"100\" height=\"25\" \/><br \/>\n7. &#x1f1f2;&#x1f1fd; SERGIO PEREZ<br \/>\n<\/strong><span style=\"font-size: 0.8em;\">RED BULL<\/span><\/span><\/td>\n<td style=\"text-align: center; border-style: none; vertical-align: bottom; background-color: #ffffff; width: 400px; height: 120px;\"><span style=\"font-size: 1.0em;\"><strong><img loading=\"lazy\" decoding=\"async\" class=\"alignnone size-full wp-image-208539\" src=\"https:\/\/dicodusport.fr\/blog\/wp-content\/uploads\/2020\/11\/F1-Alfa-Romeo-Racing-2022.png\" alt=\"\" width=\"100\" height=\"25\" \/><br \/>\n8. &#x1f1eb;&#x1f1ee; VALTTERI BOTTAS<br \/>\n<\/strong><span style=\"font-size: 0.8em;\">ALFA ROMEO<\/span><\/span><\/td>\n<\/tr>\n<tr>\n<td style=\"text-align: center; border-style: none; vertical-align: top; background-color: #ffffff; width: 400px; height: 120px;\"><span style=\"font-size: 1.0em;\"><strong><img loading=\"lazy\" decoding=\"async\" class=\"alignnone wp-image-208531 size-full\" src=\"https:\/\/dicodusport.fr\/blog\/wp-content\/uploads\/2020\/11\/F1-Aston-Martin-2022.png\" alt=\"\" width=\"100\" height=\"25\" \/><br \/>\n9. &#x1f1e9;&#x1f1ea; SEBASTIAN VETTEL<br \/>\n<\/strong><span style=\"font-size: 0.8em;\">ASTON MARTIN<\/span><\/span><\/td>\n<td style=\"text-align: center; border-style: none; vertical-align: bottom; background-color: #ffffff; width: 400px; height: 120px;\"><span style=\"font-size: 1.0em;\"><strong><img loading=\"lazy\" decoding=\"async\" class=\"alignnone size-full wp-image-208537\" src=\"https:\/\/dicodusport.fr\/blog\/wp-content\/uploads\/2020\/11\/F1-Ferrari-2022.png\" alt=\"\" width=\"100\" height=\"25\" \/><br \/>\n<\/strong><strong>10. &#x1f1ea;&#x1f1f8; CARLOS SAINZ<br \/>\n<\/strong><span style=\"font-size: 0.8em;\">FERRARI<\/span><\/span><\/td>\n<\/tr>\n<tr>\n<td style=\"text-align: center; border-style: none; vertical-align: top; background-color: #ffffff; width: 400px; height: 120px;\"><span style=\"font-size: 1.0em;\"><strong><img loading=\"lazy\" decoding=\"async\" class=\"alignnone wp-image-208534 size-full\" src=\"https:\/\/dicodusport.fr\/blog\/wp-content\/uploads\/2020\/11\/F1-Mercedes-2022.png\" alt=\"\" width=\"100\" height=\"25\" \/><br \/>\n11. &#x1f1ec;&#x1f1e7; GEORGE RUSSELL<br \/>\n<\/strong><span style=\"font-size: 0.8em;\">MERCEDES<\/span><\/span><\/td>\n<td style=\"text-align: center; border-style: none; vertical-align: bottom; background-color: #ffffff; width: 400px; height: 120px;\"><span style=\"font-size: 1.0em;\"><strong><img loading=\"lazy\" decoding=\"async\" class=\"alignnone size-full wp-image-208536\" src=\"https:\/\/dicodusport.fr\/blog\/wp-content\/uploads\/2020\/11\/F1-Haas-2022.png\" alt=\"\" width=\"100\" height=\"25\" \/><br \/>\n12. &#x1f1e9;&#x1f1ea; MICK SCHUMACHER<br \/>\n<\/strong><span style=\"font-size: 0.8em;\">HAAS<\/span><\/span><\/td>\n<\/tr>\n<tr>\n<td style=\"text-align: center; border-style: none; vertical-align: top; background-color: #ffffff; width: 400px; height: 120px;\"><span style=\"font-size: 1.0em;\"><strong><img loading=\"lazy\" decoding=\"async\" class=\"alignnone wp-image-208534 size-full\" src=\"https:\/\/dicodusport.fr\/blog\/wp-content\/uploads\/2020\/11\/F1-Mercedes-2022.png\" alt=\"\" width=\"100\" height=\"25\" \/><br \/>\n13. &#x1f1ec;&#x1f1e7; LEWIS HAMILTON<br \/>\n<\/strong><span style=\"font-size: 0.8em;\">MERCEDES<\/span><\/span><\/td>\n<td style=\"text-align: center; border-style: none; vertical-align: bottom; background-color: #ffffff; width: 400px; height: 120px;\"><span style=\"font-size: 1.0em;\"><strong><img loading=\"lazy\" decoding=\"async\" class=\"alignnone size-full wp-image-208539\" src=\"https:\/\/dicodusport.fr\/blog\/wp-content\/uploads\/2020\/11\/F1-Alfa-Romeo-Racing-2022.png\" alt=\"\" width=\"100\" height=\"25\" \/><br \/>\n<\/strong><strong>14. &#x1f1e8;&#x1f1f3; GUANYU ZHOU<\/strong><\/span><br \/>\n<span style=\"font-size: 0.8em;\">ALFA ROMEO<\/span><\/td>\n<\/tr>\n<tr>\n<td style=\"text-align: center; border-style: none; vertical-align: top; background-color: #ffffff; width: 400px; height: 120px;\"><img loading=\"lazy\" decoding=\"async\" class=\"alignnone wp-image-208531 size-full\" src=\"https:\/\/dicodusport.fr\/blog\/wp-content\/uploads\/2020\/11\/F1-Aston-Martin-2022.png\" alt=\"\" width=\"100\" height=\"25\" \/><br \/>\n<span style=\"font-size: 1.0em;\"><strong>15. &#x1f1e8;&#x1f1e6; LANCE STROLL<br \/>\n<\/strong><span style=\"font-size: 0.8em;\">ASTON MARTIN<\/span><\/span><\/td>\n<td style=\"text-align: center; border-style: none; vertical-align: bottom; background-color: #ffffff; width: 400px; height: 120px;\"><span style=\"font-size: 1.0em;\"><strong><img loading=\"lazy\" decoding=\"async\" class=\"alignnone size-full wp-image-208538\" src=\"https:\/\/dicodusport.fr\/blog\/wp-content\/uploads\/2020\/11\/F1-AlphaTauri-2022.png\" alt=\"\" width=\"100\" height=\"25\" \/><br \/>\n<\/strong><strong>16. &#x1f1ef;&#x1f1f5; YUKI TSUNODA<\/strong><\/span><br \/>\n<span style=\"font-size: 0.8em;\">ALPHATAURI<\/span><\/td>\n<\/tr>\n<tr>\n<td style=\"text-align: center; border-style: none; vertical-align: top; background-color: #ffffff; width: 400px; height: 120px;\"><span style=\"font-size: 1.0em;\"><strong><img loading=\"lazy\" decoding=\"async\" class=\"alignnone size-full wp-image-208538\" src=\"https:\/\/dicodusport.fr\/blog\/wp-content\/uploads\/2020\/11\/F1-AlphaTauri-2022.png\" alt=\"\" width=\"100\" height=\"25\" \/><br \/>\n<\/strong><strong>17. &#x1f1eb;&#x1f1f7; PIERRE GASLY<\/strong><\/span><br \/>\n<span style=\"font-size: 0.8em;\">ALPHATAURI<\/span><\/td>\n<td style=\"text-align: center; border-style: none; vertical-align: bottom; background-color: #ffffff; width: 400px; height: 120px;\"><span style=\"font-size: 1.0em;\"><strong><img loading=\"lazy\" decoding=\"async\" class=\"alignnone size-full wp-image-208532\" src=\"https:\/\/dicodusport.fr\/blog\/wp-content\/uploads\/2020\/11\/F1-Williams-2022.png\" alt=\"\" width=\"100\" height=\"25\" \/><br \/>\n18. &#x1f1e8;&#x1f1e6; NICHOLAS LATIFI<br \/>\n<\/strong><span style=\"font-size: 0.8em;\">WILLIAMS<\/span><\/span><\/td>\n<\/tr>\n<tr>\n<td style=\"text-align: center; border-style: none; vertical-align: top; background-color: #ffffff; width: 400px; height: 120px;\"><span style=\"font-size: 1.0em;\"><strong><img loading=\"lazy\" decoding=\"async\" class=\"alignnone wp-image-208525 size-full\" src=\"https:\/\/dicodusport.fr\/blog\/wp-content\/uploads\/2020\/11\/F1-Alpine-2022.png\" alt=\"\" width=\"100\" height=\"25\" \/><br \/>\n19. &#x1f1eb;&#x1f1f7; ESTEBAN OCON<br \/>\n<\/strong><span style=\"font-size: 0.8em;\">ALPINE<\/span><\/span><\/td>\n<td style=\"text-align: center; border-style: none; vertical-align: bottom; background-color: #ffffff; width: 400px; height: 120px;\"><span style=\"font-size: 1.0em;\"><strong><img loading=\"lazy\" decoding=\"async\" class=\"alignnone size-full wp-image-208532\" src=\"https:\/\/dicodusport.fr\/blog\/wp-content\/uploads\/2020\/11\/F1-Williams-2022.png\" alt=\"\" width=\"100\" height=\"25\" \/><br \/>\n<\/strong><strong>20. &#x1f1f9;&#x1f1ed; ALEXANDER ALBON<\/strong><\/span><br \/>\n<span style=\"font-size: 0.8em;\">WILLIAMS<\/span><\/td>\n<\/tr>\n<\/tbody>\n<\/table>\n<hr \/>\n<h2 style=\"text-align: justify;\">\u00c0 lire aussi<\/h2>\n<ul>\n<li style=\"text-align: justify;\"><a href=\"https:\/\/dicodusport.fr\/blog\/f1-2022-calendrier-complet-et-resultats\/\"><strong>F1 2022 &#8211; Calendrier et r\u00e9sultats<\/strong><\/a><\/li>\n<li style=\"text-align: justify;\"><a href=\"https:\/\/dicodusport.fr\/blog\/salaires-pilotes-f1-2022\/\"><strong>Les salaires des pilotes de F1 en 2022<\/strong><\/a><\/li>\n<\/ul>\n","protected":false},"excerpt":{"rendered":"<p>F1 &#8211; GRAND PRIX D&rsquo;\u00c9MILIE-ROMAGNE 2022 &#8211; D\u00e9couvrez la grille de d\u00e9part de la course sprint du Grand Prix d&rsquo;\u00c9milie-Romagne 2022 \u00e0 Imola, \u00e0 l&rsquo;issue des qualifications qui se sont d\u00e9roul\u00e9es ce vendredi 22 avril.<\/p>\n","protected":false},"author":4,"featured_media":217806,"comment_status":"open","ping_status":"closed","sticky":false,"template":"","format":"standard","meta":{"_acf_changed":false,"_daextam_enable_autolinks":"","footnotes":""},"categories":[8653],"tags":[3166,16033,23086,2065,11696],"class_list":["post-217805","post","type-post","status-publish","format-standard","has-post-thumbnail","hentry","category-formule-1","tag-f1","tag-f1-emilie-romagne","tag-f1-imola","tag-formule-1","tag-grand-prix-demilie-romagne"],"acf":[],"yoast_head":"<!-- This site is optimized with the Yoast SEO Premium plugin v26.7 (Yoast SEO v26.7) - https:\/\/yoast.com\/wordpress\/plugins\/seo\/ -->\n<title>F1 \u00c9milie-Romagne 2022 : Grille de d\u00e9part course sprint<\/title>\n<meta name=\"description\" content=\"F1 - GRAND PRIX D&#039;\u00c9MILIE-ROMAGNE 2022 - D\u00e9couvrez la grille de d\u00e9part de la course sprint du Grand Prix d&#039;\u00c9milie-Romagne 2022 \u00e0 Imola.\" \/>\n<meta name=\"robots\" content=\"index, follow, max-snippet:-1, max-image-preview:large, max-video-preview:-1\" \/>\n<link rel=\"canonical\" href=\"https:\/\/dicodusport.fr\/blog\/f1-emilie-romagne-imola-2022-grille-de-depart-course-sprint\/\" \/>\n<meta property=\"og:locale\" content=\"fr_FR\" \/>\n<meta property=\"og:type\" content=\"article\" \/>\n<meta property=\"og:title\" content=\"F1 \u00c9milie-Romagne 2022 : Grille de d\u00e9part course sprint\" \/>\n<meta property=\"og:description\" content=\"F1 - GRAND PRIX D&#039;\u00c9MILIE-ROMAGNE 2022 - D\u00e9couvrez la grille de d\u00e9part de la course sprint du Grand Prix d&#039;\u00c9milie-Romagne 2022 \u00e0 Imola.\" \/>\n<meta property=\"og:url\" content=\"https:\/\/dicodusport.fr\/blog\/f1-emilie-romagne-imola-2022-grille-de-depart-course-sprint\/\" \/>\n<meta property=\"og:site_name\" content=\"Dicodusport\" \/>\n<meta property=\"article:publisher\" content=\"https:\/\/www.facebook.com\/dicodusport\" \/>\n<meta property=\"article:author\" content=\"https:\/\/www.facebook.com\/florent.ostermann\" \/>\n<meta property=\"article:published_time\" content=\"2022-04-22T14:50:47+00:00\" \/>\n<meta property=\"article:modified_time\" content=\"2022-04-23T15:03:53+00:00\" \/>\n<meta property=\"og:image\" content=\"https:\/\/dicodusport.fr\/blog\/wp-content\/uploads\/2022\/04\/F1-Emilie-Romagne-2022-Grille-de-depart-course-sprint.png\" \/>\n\t<meta property=\"og:image:width\" content=\"1200\" \/>\n\t<meta property=\"og:image:height\" content=\"670\" \/>\n\t<meta property=\"og:image:type\" content=\"image\/png\" \/>\n<meta name=\"author\" content=\"Flo Ostermann\" \/>\n<meta name=\"twitter:card\" content=\"summary_large_image\" \/>\n<meta name=\"twitter:title\" content=\"F1 \u00c9milie-Romagne 2022 : Grille de d\u00e9part course sprint\" \/>\n<meta name=\"twitter:creator\" content=\"@https:\/\/twitter.com\/FlOstermann\" \/>\n<meta name=\"twitter:site\" content=\"@dicodusport\" \/>\n<script type=\"application\/ld+json\" class=\"yoast-schema-graph\">{\"@context\":\"https:\/\/schema.org\",\"@graph\":[{\"@type\":\"NewsArticle\",\"@id\":\"https:\/\/dicodusport.fr\/blog\/f1-emilie-romagne-imola-2022-grille-de-depart-course-sprint\/#article\",\"isPartOf\":{\"@id\":\"https:\/\/dicodusport.fr\/blog\/f1-emilie-romagne-imola-2022-grille-de-depart-course-sprint\/\"},\"author\":{\"name\":\"Flo Ostermann\",\"@id\":\"https:\/\/dicodusport.fr\/blog\/#\/schema\/person\/cb02af4c173ce4a653b55e9baf388d4a\"},\"headline\":\"F1 \u00c9milie-Romagne 2022 : Grille de d\u00e9part course sprint\",\"datePublished\":\"2022-04-22T14:50:47+00:00\",\"dateModified\":\"2022-04-23T15:03:53+00:00\",\"mainEntityOfPage\":{\"@id\":\"https:\/\/dicodusport.fr\/blog\/f1-emilie-romagne-imola-2022-grille-de-depart-course-sprint\/\"},\"wordCount\":250,\"commentCount\":0,\"publisher\":{\"@id\":\"https:\/\/dicodusport.fr\/blog\/#organization\"},\"image\":{\"@id\":\"https:\/\/dicodusport.fr\/blog\/f1-emilie-romagne-imola-2022-grille-de-depart-course-sprint\/#primaryimage\"},\"thumbnailUrl\":\"https:\/\/dicodusport.fr\/blog\/wp-content\/uploads\/2022\/04\/F1-Emilie-Romagne-2022-Grille-de-depart-course-sprint.png\",\"keywords\":[\"F1\",\"F1 \u00c9milie-Romagne\",\"F1 Imola\",\"Formule 1\",\"Grand Prix d'\u00c9milie-Romagne\"],\"articleSection\":[\"Formule 1\"],\"inLanguage\":\"fr-FR\",\"potentialAction\":[{\"@type\":\"CommentAction\",\"name\":\"Comment\",\"target\":[\"https:\/\/dicodusport.fr\/blog\/f1-emilie-romagne-imola-2022-grille-de-depart-course-sprint\/#respond\"]}],\"copyrightYear\":\"2022\",\"copyrightHolder\":{\"@id\":\"https:\/\/dicodusport.fr\/blog\/#organization\"}},{\"@type\":\"WebPage\",\"@id\":\"https:\/\/dicodusport.fr\/blog\/f1-emilie-romagne-imola-2022-grille-de-depart-course-sprint\/\",\"url\":\"https:\/\/dicodusport.fr\/blog\/f1-emilie-romagne-imola-2022-grille-de-depart-course-sprint\/\",\"name\":\"F1 \u00c9milie-Romagne 2022 : Grille de d\u00e9part course sprint\",\"isPartOf\":{\"@id\":\"https:\/\/dicodusport.fr\/blog\/#website\"},\"primaryImageOfPage\":{\"@id\":\"https:\/\/dicodusport.fr\/blog\/f1-emilie-romagne-imola-2022-grille-de-depart-course-sprint\/#primaryimage\"},\"image\":{\"@id\":\"https:\/\/dicodusport.fr\/blog\/f1-emilie-romagne-imola-2022-grille-de-depart-course-sprint\/#primaryimage\"},\"thumbnailUrl\":\"https:\/\/dicodusport.fr\/blog\/wp-content\/uploads\/2022\/04\/F1-Emilie-Romagne-2022-Grille-de-depart-course-sprint.png\",\"datePublished\":\"2022-04-22T14:50:47+00:00\",\"dateModified\":\"2022-04-23T15:03:53+00:00\",\"description\":\"F1 - GRAND PRIX D'\u00c9MILIE-ROMAGNE 2022 - D\u00e9couvrez la grille de d\u00e9part de la course sprint du Grand Prix d'\u00c9milie-Romagne 2022 \u00e0 Imola.\",\"breadcrumb\":{\"@id\":\"https:\/\/dicodusport.fr\/blog\/f1-emilie-romagne-imola-2022-grille-de-depart-course-sprint\/#breadcrumb\"},\"inLanguage\":\"fr-FR\",\"potentialAction\":[{\"@type\":\"ReadAction\",\"target\":[\"https:\/\/dicodusport.fr\/blog\/f1-emilie-romagne-imola-2022-grille-de-depart-course-sprint\/\"]}]},{\"@type\":\"ImageObject\",\"inLanguage\":\"fr-FR\",\"@id\":\"https:\/\/dicodusport.fr\/blog\/f1-emilie-romagne-imola-2022-grille-de-depart-course-sprint\/#primaryimage\",\"url\":\"https:\/\/dicodusport.fr\/blog\/wp-content\/uploads\/2022\/04\/F1-Emilie-Romagne-2022-Grille-de-depart-course-sprint.png\",\"contentUrl\":\"https:\/\/dicodusport.fr\/blog\/wp-content\/uploads\/2022\/04\/F1-Emilie-Romagne-2022-Grille-de-depart-course-sprint.png\",\"width\":1200,\"height\":670,\"caption\":\"F1 \u00c9milie-Romagne 2022 Grille de d\u00e9part course sprint\"},{\"@type\":\"BreadcrumbList\",\"@id\":\"https:\/\/dicodusport.fr\/blog\/f1-emilie-romagne-imola-2022-grille-de-depart-course-sprint\/#breadcrumb\",\"itemListElement\":[{\"@type\":\"ListItem\",\"position\":1,\"name\":\"Accueil\",\"item\":\"https:\/\/dicodusport.fr\/blog\/\"},{\"@type\":\"ListItem\",\"position\":2,\"name\":\"F1 \u00c9milie-Romagne 2022 : Grille de d\u00e9part course sprint\"}]},{\"@type\":\"WebSite\",\"@id\":\"https:\/\/dicodusport.fr\/blog\/#website\",\"url\":\"https:\/\/dicodusport.fr\/blog\/\",\"name\":\"Dicodusport\",\"description\":\"L&#039;encyclop\u00e9die de l&#039;actualit\u00e9 sportive\",\"publisher\":{\"@id\":\"https:\/\/dicodusport.fr\/blog\/#organization\"},\"potentialAction\":[{\"@type\":\"SearchAction\",\"target\":{\"@type\":\"EntryPoint\",\"urlTemplate\":\"https:\/\/dicodusport.fr\/blog\/?s={search_term_string}\"},\"query-input\":{\"@type\":\"PropertyValueSpecification\",\"valueRequired\":true,\"valueName\":\"search_term_string\"}}],\"inLanguage\":\"fr-FR\"},{\"@type\":\"NewsMediaOrganization\",\"@id\":\"https:\/\/dicodusport.fr\/blog\/#organization\",\"name\":\"Dicodusport\",\"url\":\"https:\/\/dicodusport.fr\/blog\/\",\"logo\":{\"@type\":\"ImageObject\",\"inLanguage\":\"fr-FR\",\"@id\":\"https:\/\/dicodusport.fr\/blog\/#\/schema\/logo\/image\/\",\"url\":\"https:\/\/dicodusport.fr\/blog\/wp-content\/uploads\/2020\/06\/cropped-LOGO-DICODUSPORT-2020-SANS-FOND-SANS-TEXTE.png\",\"contentUrl\":\"https:\/\/dicodusport.fr\/blog\/wp-content\/uploads\/2020\/06\/cropped-LOGO-DICODUSPORT-2020-SANS-FOND-SANS-TEXTE.png\",\"width\":512,\"height\":512,\"caption\":\"Dicodusport\"},\"image\":{\"@id\":\"https:\/\/dicodusport.fr\/blog\/#\/schema\/logo\/image\/\"},\"sameAs\":[\"https:\/\/www.facebook.com\/dicodusport\",\"https:\/\/x.com\/dicodusport\",\"https:\/\/www.instagram.com\/dicodusport\/\",\"https:\/\/www.youtube.com\/channel\/UC7V2KZ5sd3htJivAbA4ZG3w\"],\"description\":\"Dicodusport est l'encyclop\u00e9die de l'actualit\u00e9 sportive.\",\"email\":\"bonjour@dicodusport.fr\",\"legalName\":\"DICODUSPORT\",\"foundingDate\":\"2018-01-14\",\"vatID\":\"FR71834470973\",\"taxID\":\"83447097300043\",\"numberOfEmployees\":{\"@type\":\"QuantitativeValue\",\"minValue\":\"1\",\"maxValue\":\"10\"}},{\"@type\":\"Person\",\"@id\":\"https:\/\/dicodusport.fr\/blog\/#\/schema\/person\/cb02af4c173ce4a653b55e9baf388d4a\",\"name\":\"Flo Ostermann\",\"image\":{\"@type\":\"ImageObject\",\"inLanguage\":\"fr-FR\",\"@id\":\"https:\/\/dicodusport.fr\/blog\/#\/schema\/person\/image\/\",\"url\":\"https:\/\/dicodusport.fr\/blog\/wp-content\/uploads\/2021\/05\/Flo-Ostermann-150x150.jpg\",\"contentUrl\":\"https:\/\/dicodusport.fr\/blog\/wp-content\/uploads\/2021\/05\/Flo-Ostermann-150x150.jpg\",\"caption\":\"Flo Ostermann\"},\"description\":\"Journaliste\/R\u00e9dacteur depuis septembre 2015 - Mes premiers souvenirs dans le sport ? Les envol\u00e9es du Stade Toulousain et les duels Villeneuve-Schumacher et H\u00e4kkinen-Schumacher \u00e0 la fin des ann\u00e9es 90, la Coupe du monde de football en 1998, l\u2019exploit du XV de France face aux All Blacks en 1999, mais aussi Richard C\u0153ur de Lion qui vole sur les montagnes du Tour de France. Bien parti pour devenir professeur d\u2019EPS, les \u00e9v\u00e9nements de la vie (et la flemme d\u2019animer des s\u00e9ances de 3x500 m\u00e8tres toute ma vie) m\u2019ont conduit \u00e0 revoir mes plans. Me voil\u00e0 depuis fin 2017 sur Dicodusport, m\u00e9dia gr\u00e2ce (et pour) lequel je partage ma passion : le sport dans tous ses \u00e9tats. Le tout accompagn\u00e9 par les fous furieux et folles furieuses cit\u00e9s sur cette page !\",\"sameAs\":[\"https:\/\/www.facebook.com\/florent.ostermann\",\"https:\/\/x.com\/https:\/\/twitter.com\/FlOstermann\",\"admin\"],\"url\":\"https:\/\/dicodusport.fr\/blog\/author\/flo\/\"}]}<\/script>\n<!-- \/ Yoast SEO Premium plugin. -->","yoast_head_json":{"title":"F1 \u00c9milie-Romagne 2022 : Grille de d\u00e9part course sprint","description":"F1 - GRAND PRIX D'\u00c9MILIE-ROMAGNE 2022 - D\u00e9couvrez la grille de d\u00e9part de la course sprint du Grand Prix d'\u00c9milie-Romagne 2022 \u00e0 Imola.","robots":{"index":"index","follow":"follow","max-snippet":"max-snippet:-1","max-image-preview":"max-image-preview:large","max-video-preview":"max-video-preview:-1"},"canonical":"https:\/\/dicodusport.fr\/blog\/f1-emilie-romagne-imola-2022-grille-de-depart-course-sprint\/","og_locale":"fr_FR","og_type":"article","og_title":"F1 \u00c9milie-Romagne 2022 : Grille de d\u00e9part course sprint","og_description":"F1 - GRAND PRIX D'\u00c9MILIE-ROMAGNE 2022 - D\u00e9couvrez la grille de d\u00e9part de la course sprint du Grand Prix d'\u00c9milie-Romagne 2022 \u00e0 Imola.","og_url":"https:\/\/dicodusport.fr\/blog\/f1-emilie-romagne-imola-2022-grille-de-depart-course-sprint\/","og_site_name":"Dicodusport","article_publisher":"https:\/\/www.facebook.com\/dicodusport","article_author":"https:\/\/www.facebook.com\/florent.ostermann","article_published_time":"2022-04-22T14:50:47+00:00","article_modified_time":"2022-04-23T15:03:53+00:00","og_image":[{"width":1200,"height":670,"url":"https:\/\/dicodusport.fr\/blog\/wp-content\/uploads\/2022\/04\/F1-Emilie-Romagne-2022-Grille-de-depart-course-sprint.png","type":"image\/png"}],"author":"Flo Ostermann","twitter_card":"summary_large_image","twitter_title":"F1 \u00c9milie-Romagne 2022 : Grille de d\u00e9part course sprint","twitter_creator":"@https:\/\/twitter.com\/FlOstermann","twitter_site":"@dicodusport","schema":{"@context":"https:\/\/schema.org","@graph":[{"@type":"NewsArticle","@id":"https:\/\/dicodusport.fr\/blog\/f1-emilie-romagne-imola-2022-grille-de-depart-course-sprint\/#article","isPartOf":{"@id":"https:\/\/dicodusport.fr\/blog\/f1-emilie-romagne-imola-2022-grille-de-depart-course-sprint\/"},"author":{"name":"Flo Ostermann","@id":"https:\/\/dicodusport.fr\/blog\/#\/schema\/person\/cb02af4c173ce4a653b55e9baf388d4a"},"headline":"F1 \u00c9milie-Romagne 2022 : Grille de d\u00e9part course sprint","datePublished":"2022-04-22T14:50:47+00:00","dateModified":"2022-04-23T15:03:53+00:00","mainEntityOfPage":{"@id":"https:\/\/dicodusport.fr\/blog\/f1-emilie-romagne-imola-2022-grille-de-depart-course-sprint\/"},"wordCount":250,"commentCount":0,"publisher":{"@id":"https:\/\/dicodusport.fr\/blog\/#organization"},"image":{"@id":"https:\/\/dicodusport.fr\/blog\/f1-emilie-romagne-imola-2022-grille-de-depart-course-sprint\/#primaryimage"},"thumbnailUrl":"https:\/\/dicodusport.fr\/blog\/wp-content\/uploads\/2022\/04\/F1-Emilie-Romagne-2022-Grille-de-depart-course-sprint.png","keywords":["F1","F1 \u00c9milie-Romagne","F1 Imola","Formule 1","Grand Prix d'\u00c9milie-Romagne"],"articleSection":["Formule 1"],"inLanguage":"fr-FR","potentialAction":[{"@type":"CommentAction","name":"Comment","target":["https:\/\/dicodusport.fr\/blog\/f1-emilie-romagne-imola-2022-grille-de-depart-course-sprint\/#respond"]}],"copyrightYear":"2022","copyrightHolder":{"@id":"https:\/\/dicodusport.fr\/blog\/#organization"}},{"@type":"WebPage","@id":"https:\/\/dicodusport.fr\/blog\/f1-emilie-romagne-imola-2022-grille-de-depart-course-sprint\/","url":"https:\/\/dicodusport.fr\/blog\/f1-emilie-romagne-imola-2022-grille-de-depart-course-sprint\/","name":"F1 \u00c9milie-Romagne 2022 : Grille de d\u00e9part course sprint","isPartOf":{"@id":"https:\/\/dicodusport.fr\/blog\/#website"},"primaryImageOfPage":{"@id":"https:\/\/dicodusport.fr\/blog\/f1-emilie-romagne-imola-2022-grille-de-depart-course-sprint\/#primaryimage"},"image":{"@id":"https:\/\/dicodusport.fr\/blog\/f1-emilie-romagne-imola-2022-grille-de-depart-course-sprint\/#primaryimage"},"thumbnailUrl":"https:\/\/dicodusport.fr\/blog\/wp-content\/uploads\/2022\/04\/F1-Emilie-Romagne-2022-Grille-de-depart-course-sprint.png","datePublished":"2022-04-22T14:50:47+00:00","dateModified":"2022-04-23T15:03:53+00:00","description":"F1 - GRAND PRIX D'\u00c9MILIE-ROMAGNE 2022 - D\u00e9couvrez la grille de d\u00e9part de la course sprint du Grand Prix d'\u00c9milie-Romagne 2022 \u00e0 Imola.","breadcrumb":{"@id":"https:\/\/dicodusport.fr\/blog\/f1-emilie-romagne-imola-2022-grille-de-depart-course-sprint\/#breadcrumb"},"inLanguage":"fr-FR","potentialAction":[{"@type":"ReadAction","target":["https:\/\/dicodusport.fr\/blog\/f1-emilie-romagne-imola-2022-grille-de-depart-course-sprint\/"]}]},{"@type":"ImageObject","inLanguage":"fr-FR","@id":"https:\/\/dicodusport.fr\/blog\/f1-emilie-romagne-imola-2022-grille-de-depart-course-sprint\/#primaryimage","url":"https:\/\/dicodusport.fr\/blog\/wp-content\/uploads\/2022\/04\/F1-Emilie-Romagne-2022-Grille-de-depart-course-sprint.png","contentUrl":"https:\/\/dicodusport.fr\/blog\/wp-content\/uploads\/2022\/04\/F1-Emilie-Romagne-2022-Grille-de-depart-course-sprint.png","width":1200,"height":670,"caption":"F1 \u00c9milie-Romagne 2022 Grille de d\u00e9part course sprint"},{"@type":"BreadcrumbList","@id":"https:\/\/dicodusport.fr\/blog\/f1-emilie-romagne-imola-2022-grille-de-depart-course-sprint\/#breadcrumb","itemListElement":[{"@type":"ListItem","position":1,"name":"Accueil","item":"https:\/\/dicodusport.fr\/blog\/"},{"@type":"ListItem","position":2,"name":"F1 \u00c9milie-Romagne 2022 : Grille de d\u00e9part course sprint"}]},{"@type":"WebSite","@id":"https:\/\/dicodusport.fr\/blog\/#website","url":"https:\/\/dicodusport.fr\/blog\/","name":"Dicodusport","description":"L&#039;encyclop\u00e9die de l&#039;actualit\u00e9 sportive","publisher":{"@id":"https:\/\/dicodusport.fr\/blog\/#organization"},"potentialAction":[{"@type":"SearchAction","target":{"@type":"EntryPoint","urlTemplate":"https:\/\/dicodusport.fr\/blog\/?s={search_term_string}"},"query-input":{"@type":"PropertyValueSpecification","valueRequired":true,"valueName":"search_term_string"}}],"inLanguage":"fr-FR"},{"@type":"NewsMediaOrganization","@id":"https:\/\/dicodusport.fr\/blog\/#organization","name":"Dicodusport","url":"https:\/\/dicodusport.fr\/blog\/","logo":{"@type":"ImageObject","inLanguage":"fr-FR","@id":"https:\/\/dicodusport.fr\/blog\/#\/schema\/logo\/image\/","url":"https:\/\/dicodusport.fr\/blog\/wp-content\/uploads\/2020\/06\/cropped-LOGO-DICODUSPORT-2020-SANS-FOND-SANS-TEXTE.png","contentUrl":"https:\/\/dicodusport.fr\/blog\/wp-content\/uploads\/2020\/06\/cropped-LOGO-DICODUSPORT-2020-SANS-FOND-SANS-TEXTE.png","width":512,"height":512,"caption":"Dicodusport"},"image":{"@id":"https:\/\/dicodusport.fr\/blog\/#\/schema\/logo\/image\/"},"sameAs":["https:\/\/www.facebook.com\/dicodusport","https:\/\/x.com\/dicodusport","https:\/\/www.instagram.com\/dicodusport\/","https:\/\/www.youtube.com\/channel\/UC7V2KZ5sd3htJivAbA4ZG3w"],"description":"Dicodusport est l'encyclop\u00e9die de l'actualit\u00e9 sportive.","email":"bonjour@dicodusport.fr","legalName":"DICODUSPORT","foundingDate":"2018-01-14","vatID":"FR71834470973","taxID":"83447097300043","numberOfEmployees":{"@type":"QuantitativeValue","minValue":"1","maxValue":"10"}},{"@type":"Person","@id":"https:\/\/dicodusport.fr\/blog\/#\/schema\/person\/cb02af4c173ce4a653b55e9baf388d4a","name":"Flo Ostermann","image":{"@type":"ImageObject","inLanguage":"fr-FR","@id":"https:\/\/dicodusport.fr\/blog\/#\/schema\/person\/image\/","url":"https:\/\/dicodusport.fr\/blog\/wp-content\/uploads\/2021\/05\/Flo-Ostermann-150x150.jpg","contentUrl":"https:\/\/dicodusport.fr\/blog\/wp-content\/uploads\/2021\/05\/Flo-Ostermann-150x150.jpg","caption":"Flo Ostermann"},"description":"Journaliste\/R\u00e9dacteur depuis septembre 2015 - Mes premiers souvenirs dans le sport ? Les envol\u00e9es du Stade Toulousain et les duels Villeneuve-Schumacher et H\u00e4kkinen-Schumacher \u00e0 la fin des ann\u00e9es 90, la Coupe du monde de football en 1998, l\u2019exploit du XV de France face aux All Blacks en 1999, mais aussi Richard C\u0153ur de Lion qui vole sur les montagnes du Tour de France. Bien parti pour devenir professeur d\u2019EPS, les \u00e9v\u00e9nements de la vie (et la flemme d\u2019animer des s\u00e9ances de 3x500 m\u00e8tres toute ma vie) m\u2019ont conduit \u00e0 revoir mes plans. Me voil\u00e0 depuis fin 2017 sur Dicodusport, m\u00e9dia gr\u00e2ce (et pour) lequel je partage ma passion : le sport dans tous ses \u00e9tats. Le tout accompagn\u00e9 par les fous furieux et folles furieuses cit\u00e9s sur cette page !","sameAs":["https:\/\/www.facebook.com\/florent.ostermann","https:\/\/x.com\/https:\/\/twitter.com\/FlOstermann","admin"],"url":"https:\/\/dicodusport.fr\/blog\/author\/flo\/"}]}},"_links":{"self":[{"href":"https:\/\/dicodusport.fr\/blog\/wp-json\/wp\/v2\/posts\/217805","targetHints":{"allow":["GET"]}}],"collection":[{"href":"https:\/\/dicodusport.fr\/blog\/wp-json\/wp\/v2\/posts"}],"about":[{"href":"https:\/\/dicodusport.fr\/blog\/wp-json\/wp\/v2\/types\/post"}],"author":[{"embeddable":true,"href":"https:\/\/dicodusport.fr\/blog\/wp-json\/wp\/v2\/users\/4"}],"replies":[{"embeddable":true,"href":"https:\/\/dicodusport.fr\/blog\/wp-json\/wp\/v2\/comments?post=217805"}],"version-history":[{"count":0,"href":"https:\/\/dicodusport.fr\/blog\/wp-json\/wp\/v2\/posts\/217805\/revisions"}],"wp:featuredmedia":[{"embeddable":true,"href":"https:\/\/dicodusport.fr\/blog\/wp-json\/wp\/v2\/media\/217806"}],"wp:attachment":[{"href":"https:\/\/dicodusport.fr\/blog\/wp-json\/wp\/v2\/media?parent=217805"}],"wp:term":[{"taxonomy":"category","embeddable":true,"href":"https:\/\/dicodusport.fr\/blog\/wp-json\/wp\/v2\/categories?post=217805"},{"taxonomy":"post_tag","embeddable":true,"href":"https:\/\/dicodusport.fr\/blog\/wp-json\/wp\/v2\/tags?post=217805"}],"curies":[{"name":"wp","href":"https:\/\/api.w.org\/{rel}","templated":true}]}}