{"id":21788,"date":"2018-07-11T16:10:06","date_gmt":"2018-07-11T14:10:06","guid":{"rendered":"http:\/\/dicodusport.fr\/blog\/?p=21788"},"modified":"2018-07-11T16:10:16","modified_gmt":"2018-07-11T14:10:16","slug":"face-a-face-ronaldo-vers-la-juventus-est-ce-une-bonne-operation-pour-les-deux-camps","status":"publish","type":"post","link":"https:\/\/dicodusport.fr\/blog\/face-a-face-ronaldo-vers-la-juventus-est-ce-une-bonne-operation-pour-les-deux-camps\/","title":{"rendered":"Face \u00e0 face : Ronaldo vers la Juventus, est-ce une bonne op\u00e9ration pour les deux camps ?"},"content":{"rendered":"<p style=\"text-align: justify;\"><strong><em>Chaque mercredi, les r\u00e9dacteurs de Dicodusport entrent sur le ring et s\u2019affrontent dans un Face \u00e0 Face autour d\u2019un sujet d\u2019actualit\u00e9. Dans ce un-contre-un engag\u00e9, chaque r\u00e9dacteur ou r\u00e9dactrice tentera de convaincre son adversaire ainsi que vous, cher lecteur, qu\u2019il m\u00e9rite de remporter ce duel. Un arbitre sera alors charg\u00e9 de les d\u00e9partager et de d\u00e9signer un vainqueur. Aujourd&rsquo;hui, le d\u00e9bat porte sur le transfert de Ronaldo du Real Madrid \u00e0 la Juventus Turin. Une bonne op\u00e9ration pour les deux camps ?<\/em><\/strong><\/p>\n<hr \/>\n<h4><\/h4>\n<div id=\"attachment_11968\" style=\"width: 271px\" class=\"wp-caption aligncenter\"><img loading=\"lazy\" decoding=\"async\" aria-describedby=\"caption-attachment-11968\" class=\"wp-image-11968 size-medium\" src=\"http:\/\/dicodusport.fr\/blog\/wp-content\/uploads\/2018\/02\/sofiane-261x300.png\" alt=\"\" width=\"261\" height=\"300\" srcset=\"https:\/\/dicodusport.fr\/blog\/wp-content\/uploads\/2018\/02\/sofiane-261x300.png 261w, https:\/\/dicodusport.fr\/blog\/wp-content\/uploads\/2018\/02\/sofiane.png 536w\" sizes=\"auto, (max-width: 261px) 100vw, 261px\" \/><p id=\"caption-attachment-11968\" class=\"wp-caption-text\">Pour Sofiane pas de doute : c&rsquo;est le transfert de l&rsquo;\u00e9t\u00e9<\/p><\/div>\n<h4>&#x1f44d;\u00a0Sofiane : \u00e9videmment c&rsquo;est une bonne op\u00e9ration<\/h4>\n<p style=\"text-align: justify;\">La sensation est cr\u00e9\u00e9e. D\u2019ores et d\u00e9j\u00e0 LE transfert de cet \u00e9t\u00e9, Cristiano Ronaldo apr\u00e8s 9 ann\u00e9es de bons et loyaux services a d\u00e9cid\u00e9 de s\u2019offrir une nouvelle \u00e9tape. Ce joueur stratosph\u00e9rique en qu\u00eate perp\u00e9tuelle de records s\u2019en va donc essayer d\u2019\u00e9galer Clarence Seedorf (vainqueur de la C1 avec trois clubs diff\u00e9rents), et aussi Francisco Gento ancienne grande ic\u00f4ne madril\u00e8ne ayant soulev\u00e9 \u00e0 6 reprises le troph\u00e9e (le plus grand vainqueur de la comp\u00e9tition).<br \/>\nQuid des supporters parisiens qui ne peuvent qu\u2019\u00eatre attrist\u00e9s de ne pas le voir d\u00e9barquer du c\u00f4t\u00e9 de la capitale (faute au fair-play financier ?). Ou encore des supporters mancuniens qui apr\u00e8s un \u00ab Pog\u2019back \u00bb esp\u00e9raient dans un coin de leur t\u00eate revoir la star portugaise chez les Red Devils.<br \/>\nCe sera finalement du c\u00f4t\u00e9 de la Vieille Dame, chez qui il a laiss\u00e9 le souvenir imp\u00e9rissable de son retourn\u00e9 acrobatique.<br \/>\nCR7 gagne partout o\u00f9 il passe. Cela sera l\u2019occasion de donner un grand boost au football italien qui, ces derni\u00e8res ann\u00e9es, \u00e9tait clairement en baisse de r\u00e9gime. Coup de boost sportivement bien s\u00fbr, in\u00e9vitablement sur l\u2019aspect m\u00e9diatique, mais aussi sur l\u2019aspect \u00e9conomique.<\/p>\n<p style=\"text-align: justify;\">Et puis, j\u2019ai envie de dire enfin ! Ses relations avec Florentino P\u00e9rez se d\u00e9t\u00e9rioraient ces derni\u00e8res ann\u00e9es si bien que ses vell\u00e9it\u00e9s de d\u00e9part \u00e9taient constamment consid\u00e9r\u00e9es comme \u00e9tant des coups de strat\u00e8ge afin de ren\u00e9gocier son contrat. Le d\u00e9part de Zizou a in\u00e9vitablement ent\u00e9rin\u00e9 son envie de changement. Bonne op\u00e9ration pour la Maison Blanche qui va r\u00e9cup\u00e9rer des fonds afin de renouveler son \u00e9quipe, et vous l\u2019aurez donc compris excellente op\u00e9ration pour la Juve.<br \/>\nCela ouvre aussi la porte \u00e0 de nombreux fantasmes, ce transfert qui va forc\u00e9ment en attirer d\u2019autres. Tous les ingr\u00e9dients sont r\u00e9unis pour avoir un mercato estival mouvement\u00e9 d\u2019embl\u00e9e !<\/p>\n<hr \/>\n<div id=\"attachment_11970\" style=\"width: 310px\" class=\"wp-caption aligncenter\"><img loading=\"lazy\" decoding=\"async\" aria-describedby=\"caption-attachment-11970\" class=\"wp-image-11970 size-medium\" src=\"http:\/\/dicodusport.fr\/blog\/wp-content\/uploads\/2018\/02\/Mathieu-300x300.jpg\" alt=\"\" width=\"300\" height=\"300\" srcset=\"https:\/\/dicodusport.fr\/blog\/wp-content\/uploads\/2018\/02\/Mathieu-300x300.jpg 300w, https:\/\/dicodusport.fr\/blog\/wp-content\/uploads\/2018\/02\/Mathieu-150x150.jpg 150w, https:\/\/dicodusport.fr\/blog\/wp-content\/uploads\/2018\/02\/Mathieu.jpg 400w\" sizes=\"auto, (max-width: 300px) 100vw, 300px\" \/><p id=\"caption-attachment-11970\" class=\"wp-caption-text\">Ce n&rsquo;est peut-\u00eatre pas une si bonne affaire pour Mathieu&#8230;<\/p><\/div>\n<h4>&#x1f44e;\u00a0Mathieu : non ce transfert n&rsquo;est pas une si bonne op\u00e9ration<\/h4>\n<p style=\"text-align: justify;\">Non, ce transfert est une tr\u00e8s mauvaise op\u00e9ration pour le Real Madrid, et une excellente affaire pour la Juventus, tout du moins sur le court terme. Comment penser que vendre le meilleur joueur du monde est une bonne op\u00e9ration pour le Real Madrid ? M\u00eame si le joueur avait des vell\u00e9it\u00e9s de d\u00e9part, et que le Real ne pouvait le retenir, c\u2019est une \u00e9norme perte pour un club qui reste quand m\u00eame sur 3 Ligues des Champions cons\u00e9cutives, et 4 en 5 ans avec Cristiano en leader de l\u2019\u00e9quipe. Ajout\u00e9 au d\u00e9part de Zidane, le d\u00e9part de Ronaldo va forc\u00e9ment causer une baisse des r\u00e9sultats sportifs pour les Madril\u00e8nes, surtout en connaissant les habitudes de Florentino P\u00e9rez sur le march\u00e9 des transferts. Ce dernier trouvera-t-il un ou plusieurs joueurs pour remplacer Cristiano Ronaldo en terme<br \/>\nd\u2019engagement, de performance et d\u2019impact sur le vestiaire madril\u00e8ne. Rien n\u2019est moins s\u00fbr&#8230;<\/p>\n<p style=\"text-align: justify;\">Pour la Juventus, l\u2019arriv\u00e9e de Ronaldo semble \u00eatre une bonne affaire sur le tr\u00e8s court terme. Mais payer entre 100 et 150 millions pour un joueur qui ne jouera sans doute plus que 3 ou 4 ans au plus haut niveau, et qui sera progressivement sur le d\u00e9clin ? Cette arriv\u00e9e va-t-elle plaire au reste du vestiaire turinois, aupr\u00e8s duquel Cristiano va devoir s\u2019acclimater rapidement ? Qui vendre en contrepartie pour respecter le fair-play financier ? Le d\u00e9part de Buffon et l\u2019arriv\u00e9e de Ronaldo ont-ils chang\u00e9 l\u2019\u00e2me de la Vieille Dame ? Tant de questions dont l\u2019issue reste aujourd\u2019hui incertaine&#8230;<\/p>\n<hr \/>\n<h4>Verdict de l&rsquo;arbitre :<\/h4>\n<p style=\"text-align: justify;\">Pour la Juventus, nos deux r\u00e9dacteurs du jour sont d&rsquo;accord sur le fait que c&rsquo;est \u00e9videmment une tr\u00e8s bonne op\u00e9ration m\u00eame si ce n&rsquo;est pas un transfert qui s&rsquo;inscrit dans le long terme. Mathieu pointe \u00e9galement les probl\u00e8mes de vestiaires qui peuvent se poser. M\u00eame si \u00e9videmment l&rsquo;arriv\u00e9e d&rsquo;une personne aussi charismatique va bousculer les choses chez la Vieille Dame, Ronaldo ne devrait pas avoir trop de probl\u00e8me \u00e0 prendre ses marques dans le championnat italien et aupr\u00e8s de ses co\u00e9quipiers. Attardons-nous plut\u00f4t du c\u00f4t\u00e9 du club espagnol. Au premier abord, comme le souligne Mathieu, la perte sera \u00e9norme puisqu&rsquo;il \u00e9tait le leader incontournable de l&rsquo;\u00e9quipe. Coupl\u00e9 au d\u00e9part de Zidane, le club madril\u00e8ne devra bien g\u00e9rer la transition pour ne pas conna\u00eetre des jours moins heureux. S&rsquo;il est peu probable de retrouver un joueur qui ait les m\u00eames qualit\u00e9s que Ronaldo, son d\u00e9part ouvre une nouvelle \u00e8re. Les indemnit\u00e9s \u00e9lev\u00e9es du transfert vont permettre \u00e0 la Maison Blanche de renouveler son \u00e9quipe et le club peut r\u00e9aliser un gros coup en s&rsquo;offrant un grand joueur, plus jeune qui serait la nouvelle t\u00eate d&rsquo;affiche du Real pour les ann\u00e9es \u00e0 venir. Les relations entre le pr\u00e9sident du club et Ronaldo n&rsquo;\u00e9taient pas au beau fixe et c&rsquo;\u00e9tait probablement le bon moment pour le laisser partir tout en r\u00e9cup\u00e9rant une grosse somme.<\/p>\n<p style=\"text-align: justify;\"><strong>&#x1f3c6; Sofiane remporte donc ce d\u00e9bat !<\/strong><\/p>\n<p style=\"text-align: justify;\"><strong><em>Arlette<\/em><\/strong><br \/>\n<a href=\"http:\/\/twitter.com\/Shiclette94\"><img loading=\"lazy\" decoding=\"async\" class=\"size-full wp-image-2908\" src=\"http:\/\/dicodusport.fr\/blog\/wp-content\/uploads\/2017\/07\/logo-twitter-e1516110106986.png\" alt=\"\" width=\"39\" height=\"39\" \/><\/a><\/p>\n","protected":false},"excerpt":{"rendered":"<p>Chaque mercredi, les r\u00e9dacteurs de Dicodusport entrent sur le ring et s\u2019affrontent dans un Face \u00e0 Face autour d\u2019un sujet d\u2019actualit\u00e9. Dans ce un-contre-un engag\u00e9, chaque r\u00e9dacteur ou r\u00e9dactrice tentera de convaincre son adversaire ainsi que vous, cher lecteur, qu\u2019il m\u00e9rite de remporter ce duel. Un arbitre sera alors charg\u00e9 de les d\u00e9partager et de d\u00e9signer un vainqueur. Aujourd&rsquo;hui, le d\u00e9bat porte sur l&rsquo;\u00e9ventuel transfert de Ronaldo du Real Madrid \u00e0 la Juventus Turin. Une bonne op\u00e9ration pour les deux camps ?<\/p>\n","protected":false},"author":12,"featured_media":21848,"comment_status":"open","ping_status":"closed","sticky":false,"template":"","format":"standard","meta":{"_acf_changed":false,"_daextam_enable_autolinks":"","footnotes":""},"categories":[2,2348,2301],"tags":[386,2420,75,4614,521,266,5443],"class_list":["post-21788","post","type-post","status-publish","format-standard","has-post-thumbnail","hentry","category-actualites","category-face-a-face","category-football","tag-cristiano-ronaldo","tag-debat","tag-football","tag-juventus-turin","tag-real-madrid","tag-ronaldo","tag-transfert"],"acf":[],"yoast_head":"<!-- This site is optimized with the Yoast SEO Premium plugin v26.7 (Yoast SEO v26.7) - https:\/\/yoast.com\/wordpress\/plugins\/seo\/ -->\n<title>Face \u00e0 face : Ronaldo vers la Juventus, est-ce une bonne op\u00e9ration pour les deux camps ?<\/title>\n<meta name=\"description\" content=\"Aujourd&#039;hui, le d\u00e9bat porte sur l&#039;\u00e9ventuel transfert de Ronaldo du Real Madrid \u00e0 la Juventus Turin. Une bonne op\u00e9ration pour les deux camps ?\" \/>\n<meta name=\"robots\" content=\"index, follow, max-snippet:-1, max-image-preview:large, max-video-preview:-1\" \/>\n<link rel=\"canonical\" href=\"https:\/\/dicodusport.fr\/blog\/face-a-face-ronaldo-vers-la-juventus-est-ce-une-bonne-operation-pour-les-deux-camps\/\" \/>\n<meta property=\"og:locale\" content=\"fr_FR\" \/>\n<meta property=\"og:type\" content=\"article\" \/>\n<meta property=\"og:title\" content=\"Face \u00e0 face : Ronaldo vers la Juventus, est-ce une bonne op\u00e9ration pour les deux camps ?\" \/>\n<meta property=\"og:description\" content=\"Aujourd&#039;hui, le d\u00e9bat porte sur l&#039;\u00e9ventuel transfert de Ronaldo du Real Madrid \u00e0 la Juventus Turin. Une bonne op\u00e9ration pour les deux camps ?\" \/>\n<meta property=\"og:url\" content=\"https:\/\/dicodusport.fr\/blog\/face-a-face-ronaldo-vers-la-juventus-est-ce-une-bonne-operation-pour-les-deux-camps\/\" \/>\n<meta property=\"og:site_name\" content=\"Dicodusport\" \/>\n<meta property=\"article:publisher\" content=\"https:\/\/www.facebook.com\/dicodusport\" \/>\n<meta property=\"article:published_time\" content=\"2018-07-11T14:10:06+00:00\" \/>\n<meta property=\"article:modified_time\" content=\"2018-07-11T14:10:16+00:00\" \/>\n<meta property=\"og:image\" content=\"https:\/\/dicodusport.fr\/blog\/wp-content\/uploads\/2018\/07\/Ronaldo.png\" \/>\n\t<meta property=\"og:image:width\" content=\"800\" \/>\n\t<meta property=\"og:image:height\" content=\"445\" \/>\n\t<meta property=\"og:image:type\" content=\"image\/png\" \/>\n<meta name=\"author\" content=\"Arlette Yeye\" \/>\n<meta name=\"twitter:card\" content=\"summary_large_image\" \/>\n<meta name=\"twitter:creator\" content=\"@https:\/\/twitter.com\/Shiclette94\" \/>\n<meta name=\"twitter:site\" content=\"@dicodusport\" \/>\n<script type=\"application\/ld+json\" class=\"yoast-schema-graph\">{\"@context\":\"https:\/\/schema.org\",\"@graph\":[{\"@type\":\"NewsArticle\",\"@id\":\"https:\/\/dicodusport.fr\/blog\/face-a-face-ronaldo-vers-la-juventus-est-ce-une-bonne-operation-pour-les-deux-camps\/#article\",\"isPartOf\":{\"@id\":\"https:\/\/dicodusport.fr\/blog\/face-a-face-ronaldo-vers-la-juventus-est-ce-une-bonne-operation-pour-les-deux-camps\/\"},\"author\":{\"name\":\"Arlette Yeye\",\"@id\":\"https:\/\/dicodusport.fr\/blog\/#\/schema\/person\/cce96fa88785bd8573e3d43078ac8c79\"},\"headline\":\"Face \u00e0 face : Ronaldo vers la Juventus, est-ce une bonne op\u00e9ration pour les deux camps ?\",\"datePublished\":\"2018-07-11T14:10:06+00:00\",\"dateModified\":\"2018-07-11T14:10:16+00:00\",\"mainEntityOfPage\":{\"@id\":\"https:\/\/dicodusport.fr\/blog\/face-a-face-ronaldo-vers-la-juventus-est-ce-une-bonne-operation-pour-les-deux-camps\/\"},\"wordCount\":1062,\"commentCount\":0,\"publisher\":{\"@id\":\"https:\/\/dicodusport.fr\/blog\/#organization\"},\"image\":{\"@id\":\"https:\/\/dicodusport.fr\/blog\/face-a-face-ronaldo-vers-la-juventus-est-ce-une-bonne-operation-pour-les-deux-camps\/#primaryimage\"},\"thumbnailUrl\":\"https:\/\/dicodusport.fr\/blog\/wp-content\/uploads\/2018\/07\/Ronaldo.png\",\"keywords\":[\"Cristiano Ronaldo\",\"D\u00e9bat\",\"Football\",\"Juventus Turin\",\"Real Madrid\",\"Ronaldo\",\"transfert\"],\"articleSection\":[\"Actualit\u00e9s\",\"Face \u00e0 face\",\"Football\"],\"inLanguage\":\"fr-FR\",\"potentialAction\":[{\"@type\":\"CommentAction\",\"name\":\"Comment\",\"target\":[\"https:\/\/dicodusport.fr\/blog\/face-a-face-ronaldo-vers-la-juventus-est-ce-une-bonne-operation-pour-les-deux-camps\/#respond\"]}],\"copyrightYear\":\"2018\",\"copyrightHolder\":{\"@id\":\"https:\/\/dicodusport.fr\/blog\/#organization\"}},{\"@type\":\"WebPage\",\"@id\":\"https:\/\/dicodusport.fr\/blog\/face-a-face-ronaldo-vers-la-juventus-est-ce-une-bonne-operation-pour-les-deux-camps\/\",\"url\":\"https:\/\/dicodusport.fr\/blog\/face-a-face-ronaldo-vers-la-juventus-est-ce-une-bonne-operation-pour-les-deux-camps\/\",\"name\":\"Face \u00e0 face : Ronaldo vers la Juventus, est-ce une bonne op\u00e9ration pour les deux camps ?\",\"isPartOf\":{\"@id\":\"https:\/\/dicodusport.fr\/blog\/#website\"},\"primaryImageOfPage\":{\"@id\":\"https:\/\/dicodusport.fr\/blog\/face-a-face-ronaldo-vers-la-juventus-est-ce-une-bonne-operation-pour-les-deux-camps\/#primaryimage\"},\"image\":{\"@id\":\"https:\/\/dicodusport.fr\/blog\/face-a-face-ronaldo-vers-la-juventus-est-ce-une-bonne-operation-pour-les-deux-camps\/#primaryimage\"},\"thumbnailUrl\":\"https:\/\/dicodusport.fr\/blog\/wp-content\/uploads\/2018\/07\/Ronaldo.png\",\"datePublished\":\"2018-07-11T14:10:06+00:00\",\"dateModified\":\"2018-07-11T14:10:16+00:00\",\"description\":\"Aujourd'hui, le d\u00e9bat porte sur l'\u00e9ventuel transfert de Ronaldo du Real Madrid \u00e0 la Juventus Turin. Une bonne op\u00e9ration pour les deux camps ?\",\"breadcrumb\":{\"@id\":\"https:\/\/dicodusport.fr\/blog\/face-a-face-ronaldo-vers-la-juventus-est-ce-une-bonne-operation-pour-les-deux-camps\/#breadcrumb\"},\"inLanguage\":\"fr-FR\",\"potentialAction\":[{\"@type\":\"ReadAction\",\"target\":[\"https:\/\/dicodusport.fr\/blog\/face-a-face-ronaldo-vers-la-juventus-est-ce-une-bonne-operation-pour-les-deux-camps\/\"]}]},{\"@type\":\"ImageObject\",\"inLanguage\":\"fr-FR\",\"@id\":\"https:\/\/dicodusport.fr\/blog\/face-a-face-ronaldo-vers-la-juventus-est-ce-une-bonne-operation-pour-les-deux-camps\/#primaryimage\",\"url\":\"https:\/\/dicodusport.fr\/blog\/wp-content\/uploads\/2018\/07\/Ronaldo.png\",\"contentUrl\":\"https:\/\/dicodusport.fr\/blog\/wp-content\/uploads\/2018\/07\/Ronaldo.png\",\"width\":800,\"height\":445},{\"@type\":\"BreadcrumbList\",\"@id\":\"https:\/\/dicodusport.fr\/blog\/face-a-face-ronaldo-vers-la-juventus-est-ce-une-bonne-operation-pour-les-deux-camps\/#breadcrumb\",\"itemListElement\":[{\"@type\":\"ListItem\",\"position\":1,\"name\":\"Accueil\",\"item\":\"https:\/\/dicodusport.fr\/blog\/\"},{\"@type\":\"ListItem\",\"position\":2,\"name\":\"Face \u00e0 face : Ronaldo vers la Juventus, est-ce une bonne op\u00e9ration pour les deux camps ?\"}]},{\"@type\":\"WebSite\",\"@id\":\"https:\/\/dicodusport.fr\/blog\/#website\",\"url\":\"https:\/\/dicodusport.fr\/blog\/\",\"name\":\"Dicodusport\",\"description\":\"L&#039;encyclop\u00e9die de l&#039;actualit\u00e9 sportive\",\"publisher\":{\"@id\":\"https:\/\/dicodusport.fr\/blog\/#organization\"},\"potentialAction\":[{\"@type\":\"SearchAction\",\"target\":{\"@type\":\"EntryPoint\",\"urlTemplate\":\"https:\/\/dicodusport.fr\/blog\/?s={search_term_string}\"},\"query-input\":{\"@type\":\"PropertyValueSpecification\",\"valueRequired\":true,\"valueName\":\"search_term_string\"}}],\"inLanguage\":\"fr-FR\"},{\"@type\":\"NewsMediaOrganization\",\"@id\":\"https:\/\/dicodusport.fr\/blog\/#organization\",\"name\":\"Dicodusport\",\"url\":\"https:\/\/dicodusport.fr\/blog\/\",\"logo\":{\"@type\":\"ImageObject\",\"inLanguage\":\"fr-FR\",\"@id\":\"https:\/\/dicodusport.fr\/blog\/#\/schema\/logo\/image\/\",\"url\":\"https:\/\/dicodusport.fr\/blog\/wp-content\/uploads\/2020\/06\/cropped-LOGO-DICODUSPORT-2020-SANS-FOND-SANS-TEXTE.png\",\"contentUrl\":\"https:\/\/dicodusport.fr\/blog\/wp-content\/uploads\/2020\/06\/cropped-LOGO-DICODUSPORT-2020-SANS-FOND-SANS-TEXTE.png\",\"width\":512,\"height\":512,\"caption\":\"Dicodusport\"},\"image\":{\"@id\":\"https:\/\/dicodusport.fr\/blog\/#\/schema\/logo\/image\/\"},\"sameAs\":[\"https:\/\/www.facebook.com\/dicodusport\",\"https:\/\/x.com\/dicodusport\",\"https:\/\/www.instagram.com\/dicodusport\/\",\"https:\/\/www.youtube.com\/channel\/UC7V2KZ5sd3htJivAbA4ZG3w\"],\"description\":\"Dicodusport est l'encyclop\u00e9die de l'actualit\u00e9 sportive.\",\"email\":\"bonjour@dicodusport.fr\",\"legalName\":\"DICODUSPORT\",\"foundingDate\":\"2018-01-14\",\"vatID\":\"FR71834470973\",\"taxID\":\"83447097300043\",\"numberOfEmployees\":{\"@type\":\"QuantitativeValue\",\"minValue\":\"1\",\"maxValue\":\"10\"}},{\"@type\":\"Person\",\"@id\":\"https:\/\/dicodusport.fr\/blog\/#\/schema\/person\/cce96fa88785bd8573e3d43078ac8c79\",\"name\":\"Arlette Yeye\",\"image\":{\"@type\":\"ImageObject\",\"inLanguage\":\"fr-FR\",\"@id\":\"https:\/\/dicodusport.fr\/blog\/#\/schema\/person\/image\/\",\"url\":\"https:\/\/secure.gravatar.com\/avatar\/dca4a6239e6d708e46c45d60e160de6c?s=96&d=wp_user_avatar&r=g\",\"contentUrl\":\"https:\/\/secure.gravatar.com\/avatar\/dca4a6239e6d708e46c45d60e160de6c?s=96&d=wp_user_avatar&r=g\",\"caption\":\"Arlette Yeye\"},\"description\":\"Journaliste\/r\u00e9dactrice depuis septembre 2015 - Supportrice de Chelsea, j'ai pour sports de pr\u00e9dilection le handball, l'athl\u00e9tisme et le tennis. Si je tweete plus vite que mon ombre, vous pouvez aussi me retrouver les week-ends sur les playgrounds de Bruxelles pour un petit foot ou basket entre potes. Parcourir la France, l'Europe et plus si affinit\u00e9s pour suivre mes sportifs pr\u00e9f\u00e9r\u00e9s ? Mon kif ! Et c'est avec plaisir que je partage les r\u00e9sultats des sports populaires mais \u00e9galement plus confidentiels pour Dicodusport.\",\"sameAs\":[\"https:\/\/x.com\/https:\/\/twitter.com\/Shiclette94\"],\"url\":\"https:\/\/dicodusport.fr\/blog\/author\/arlette\/\"}]}<\/script>\n<!-- \/ Yoast SEO Premium plugin. -->","yoast_head_json":{"title":"Face \u00e0 face : Ronaldo vers la Juventus, est-ce une bonne op\u00e9ration pour les deux camps ?","description":"Aujourd'hui, le d\u00e9bat porte sur l'\u00e9ventuel transfert de Ronaldo du Real Madrid \u00e0 la Juventus Turin. Une bonne op\u00e9ration pour les deux camps ?","robots":{"index":"index","follow":"follow","max-snippet":"max-snippet:-1","max-image-preview":"max-image-preview:large","max-video-preview":"max-video-preview:-1"},"canonical":"https:\/\/dicodusport.fr\/blog\/face-a-face-ronaldo-vers-la-juventus-est-ce-une-bonne-operation-pour-les-deux-camps\/","og_locale":"fr_FR","og_type":"article","og_title":"Face \u00e0 face : Ronaldo vers la Juventus, est-ce une bonne op\u00e9ration pour les deux camps ?","og_description":"Aujourd'hui, le d\u00e9bat porte sur l'\u00e9ventuel transfert de Ronaldo du Real Madrid \u00e0 la Juventus Turin. Une bonne op\u00e9ration pour les deux camps ?","og_url":"https:\/\/dicodusport.fr\/blog\/face-a-face-ronaldo-vers-la-juventus-est-ce-une-bonne-operation-pour-les-deux-camps\/","og_site_name":"Dicodusport","article_publisher":"https:\/\/www.facebook.com\/dicodusport","article_published_time":"2018-07-11T14:10:06+00:00","article_modified_time":"2018-07-11T14:10:16+00:00","og_image":[{"width":800,"height":445,"url":"https:\/\/dicodusport.fr\/blog\/wp-content\/uploads\/2018\/07\/Ronaldo.png","type":"image\/png"}],"author":"Arlette Yeye","twitter_card":"summary_large_image","twitter_creator":"@https:\/\/twitter.com\/Shiclette94","twitter_site":"@dicodusport","schema":{"@context":"https:\/\/schema.org","@graph":[{"@type":"NewsArticle","@id":"https:\/\/dicodusport.fr\/blog\/face-a-face-ronaldo-vers-la-juventus-est-ce-une-bonne-operation-pour-les-deux-camps\/#article","isPartOf":{"@id":"https:\/\/dicodusport.fr\/blog\/face-a-face-ronaldo-vers-la-juventus-est-ce-une-bonne-operation-pour-les-deux-camps\/"},"author":{"name":"Arlette Yeye","@id":"https:\/\/dicodusport.fr\/blog\/#\/schema\/person\/cce96fa88785bd8573e3d43078ac8c79"},"headline":"Face \u00e0 face : Ronaldo vers la Juventus, est-ce une bonne op\u00e9ration pour les deux camps ?","datePublished":"2018-07-11T14:10:06+00:00","dateModified":"2018-07-11T14:10:16+00:00","mainEntityOfPage":{"@id":"https:\/\/dicodusport.fr\/blog\/face-a-face-ronaldo-vers-la-juventus-est-ce-une-bonne-operation-pour-les-deux-camps\/"},"wordCount":1062,"commentCount":0,"publisher":{"@id":"https:\/\/dicodusport.fr\/blog\/#organization"},"image":{"@id":"https:\/\/dicodusport.fr\/blog\/face-a-face-ronaldo-vers-la-juventus-est-ce-une-bonne-operation-pour-les-deux-camps\/#primaryimage"},"thumbnailUrl":"https:\/\/dicodusport.fr\/blog\/wp-content\/uploads\/2018\/07\/Ronaldo.png","keywords":["Cristiano Ronaldo","D\u00e9bat","Football","Juventus Turin","Real Madrid","Ronaldo","transfert"],"articleSection":["Actualit\u00e9s","Face \u00e0 face","Football"],"inLanguage":"fr-FR","potentialAction":[{"@type":"CommentAction","name":"Comment","target":["https:\/\/dicodusport.fr\/blog\/face-a-face-ronaldo-vers-la-juventus-est-ce-une-bonne-operation-pour-les-deux-camps\/#respond"]}],"copyrightYear":"2018","copyrightHolder":{"@id":"https:\/\/dicodusport.fr\/blog\/#organization"}},{"@type":"WebPage","@id":"https:\/\/dicodusport.fr\/blog\/face-a-face-ronaldo-vers-la-juventus-est-ce-une-bonne-operation-pour-les-deux-camps\/","url":"https:\/\/dicodusport.fr\/blog\/face-a-face-ronaldo-vers-la-juventus-est-ce-une-bonne-operation-pour-les-deux-camps\/","name":"Face \u00e0 face : Ronaldo vers la Juventus, est-ce une bonne op\u00e9ration pour les deux camps ?","isPartOf":{"@id":"https:\/\/dicodusport.fr\/blog\/#website"},"primaryImageOfPage":{"@id":"https:\/\/dicodusport.fr\/blog\/face-a-face-ronaldo-vers-la-juventus-est-ce-une-bonne-operation-pour-les-deux-camps\/#primaryimage"},"image":{"@id":"https:\/\/dicodusport.fr\/blog\/face-a-face-ronaldo-vers-la-juventus-est-ce-une-bonne-operation-pour-les-deux-camps\/#primaryimage"},"thumbnailUrl":"https:\/\/dicodusport.fr\/blog\/wp-content\/uploads\/2018\/07\/Ronaldo.png","datePublished":"2018-07-11T14:10:06+00:00","dateModified":"2018-07-11T14:10:16+00:00","description":"Aujourd'hui, le d\u00e9bat porte sur l'\u00e9ventuel transfert de Ronaldo du Real Madrid \u00e0 la Juventus Turin. Une bonne op\u00e9ration pour les deux camps ?","breadcrumb":{"@id":"https:\/\/dicodusport.fr\/blog\/face-a-face-ronaldo-vers-la-juventus-est-ce-une-bonne-operation-pour-les-deux-camps\/#breadcrumb"},"inLanguage":"fr-FR","potentialAction":[{"@type":"ReadAction","target":["https:\/\/dicodusport.fr\/blog\/face-a-face-ronaldo-vers-la-juventus-est-ce-une-bonne-operation-pour-les-deux-camps\/"]}]},{"@type":"ImageObject","inLanguage":"fr-FR","@id":"https:\/\/dicodusport.fr\/blog\/face-a-face-ronaldo-vers-la-juventus-est-ce-une-bonne-operation-pour-les-deux-camps\/#primaryimage","url":"https:\/\/dicodusport.fr\/blog\/wp-content\/uploads\/2018\/07\/Ronaldo.png","contentUrl":"https:\/\/dicodusport.fr\/blog\/wp-content\/uploads\/2018\/07\/Ronaldo.png","width":800,"height":445},{"@type":"BreadcrumbList","@id":"https:\/\/dicodusport.fr\/blog\/face-a-face-ronaldo-vers-la-juventus-est-ce-une-bonne-operation-pour-les-deux-camps\/#breadcrumb","itemListElement":[{"@type":"ListItem","position":1,"name":"Accueil","item":"https:\/\/dicodusport.fr\/blog\/"},{"@type":"ListItem","position":2,"name":"Face \u00e0 face : Ronaldo vers la Juventus, est-ce une bonne op\u00e9ration pour les deux camps ?"}]},{"@type":"WebSite","@id":"https:\/\/dicodusport.fr\/blog\/#website","url":"https:\/\/dicodusport.fr\/blog\/","name":"Dicodusport","description":"L&#039;encyclop\u00e9die de l&#039;actualit\u00e9 sportive","publisher":{"@id":"https:\/\/dicodusport.fr\/blog\/#organization"},"potentialAction":[{"@type":"SearchAction","target":{"@type":"EntryPoint","urlTemplate":"https:\/\/dicodusport.fr\/blog\/?s={search_term_string}"},"query-input":{"@type":"PropertyValueSpecification","valueRequired":true,"valueName":"search_term_string"}}],"inLanguage":"fr-FR"},{"@type":"NewsMediaOrganization","@id":"https:\/\/dicodusport.fr\/blog\/#organization","name":"Dicodusport","url":"https:\/\/dicodusport.fr\/blog\/","logo":{"@type":"ImageObject","inLanguage":"fr-FR","@id":"https:\/\/dicodusport.fr\/blog\/#\/schema\/logo\/image\/","url":"https:\/\/dicodusport.fr\/blog\/wp-content\/uploads\/2020\/06\/cropped-LOGO-DICODUSPORT-2020-SANS-FOND-SANS-TEXTE.png","contentUrl":"https:\/\/dicodusport.fr\/blog\/wp-content\/uploads\/2020\/06\/cropped-LOGO-DICODUSPORT-2020-SANS-FOND-SANS-TEXTE.png","width":512,"height":512,"caption":"Dicodusport"},"image":{"@id":"https:\/\/dicodusport.fr\/blog\/#\/schema\/logo\/image\/"},"sameAs":["https:\/\/www.facebook.com\/dicodusport","https:\/\/x.com\/dicodusport","https:\/\/www.instagram.com\/dicodusport\/","https:\/\/www.youtube.com\/channel\/UC7V2KZ5sd3htJivAbA4ZG3w"],"description":"Dicodusport est l'encyclop\u00e9die de l'actualit\u00e9 sportive.","email":"bonjour@dicodusport.fr","legalName":"DICODUSPORT","foundingDate":"2018-01-14","vatID":"FR71834470973","taxID":"83447097300043","numberOfEmployees":{"@type":"QuantitativeValue","minValue":"1","maxValue":"10"}},{"@type":"Person","@id":"https:\/\/dicodusport.fr\/blog\/#\/schema\/person\/cce96fa88785bd8573e3d43078ac8c79","name":"Arlette Yeye","image":{"@type":"ImageObject","inLanguage":"fr-FR","@id":"https:\/\/dicodusport.fr\/blog\/#\/schema\/person\/image\/","url":"https:\/\/secure.gravatar.com\/avatar\/dca4a6239e6d708e46c45d60e160de6c?s=96&d=wp_user_avatar&r=g","contentUrl":"https:\/\/secure.gravatar.com\/avatar\/dca4a6239e6d708e46c45d60e160de6c?s=96&d=wp_user_avatar&r=g","caption":"Arlette Yeye"},"description":"Journaliste\/r\u00e9dactrice depuis septembre 2015 - Supportrice de Chelsea, j'ai pour sports de pr\u00e9dilection le handball, l'athl\u00e9tisme et le tennis. Si je tweete plus vite que mon ombre, vous pouvez aussi me retrouver les week-ends sur les playgrounds de Bruxelles pour un petit foot ou basket entre potes. Parcourir la France, l'Europe et plus si affinit\u00e9s pour suivre mes sportifs pr\u00e9f\u00e9r\u00e9s ? Mon kif ! Et c'est avec plaisir que je partage les r\u00e9sultats des sports populaires mais \u00e9galement plus confidentiels pour Dicodusport.","sameAs":["https:\/\/x.com\/https:\/\/twitter.com\/Shiclette94"],"url":"https:\/\/dicodusport.fr\/blog\/author\/arlette\/"}]}},"_links":{"self":[{"href":"https:\/\/dicodusport.fr\/blog\/wp-json\/wp\/v2\/posts\/21788","targetHints":{"allow":["GET"]}}],"collection":[{"href":"https:\/\/dicodusport.fr\/blog\/wp-json\/wp\/v2\/posts"}],"about":[{"href":"https:\/\/dicodusport.fr\/blog\/wp-json\/wp\/v2\/types\/post"}],"author":[{"embeddable":true,"href":"https:\/\/dicodusport.fr\/blog\/wp-json\/wp\/v2\/users\/12"}],"replies":[{"embeddable":true,"href":"https:\/\/dicodusport.fr\/blog\/wp-json\/wp\/v2\/comments?post=21788"}],"version-history":[{"count":0,"href":"https:\/\/dicodusport.fr\/blog\/wp-json\/wp\/v2\/posts\/21788\/revisions"}],"wp:featuredmedia":[{"embeddable":true,"href":"https:\/\/dicodusport.fr\/blog\/wp-json\/wp\/v2\/media\/21848"}],"wp:attachment":[{"href":"https:\/\/dicodusport.fr\/blog\/wp-json\/wp\/v2\/media?parent=21788"}],"wp:term":[{"taxonomy":"category","embeddable":true,"href":"https:\/\/dicodusport.fr\/blog\/wp-json\/wp\/v2\/categories?post=21788"},{"taxonomy":"post_tag","embeddable":true,"href":"https:\/\/dicodusport.fr\/blog\/wp-json\/wp\/v2\/tags?post=21788"}],"curies":[{"name":"wp","href":"https:\/\/api.w.org\/{rel}","templated":true}]}}