{"id":218002,"date":"2022-04-23T12:07:04","date_gmt":"2022-04-23T10:07:04","guid":{"rendered":"https:\/\/dicodusport.fr\/blog\/?p=218002&#038;preview=true&#038;preview_id=218002"},"modified":"2022-04-23T12:28:18","modified_gmt":"2022-04-23T10:28:18","slug":"tadej-pogacar-forfait-pour-liege-bastogne-liege","status":"publish","type":"post","link":"https:\/\/dicodusport.fr\/blog\/tadej-pogacar-forfait-pour-liege-bastogne-liege\/","title":{"rendered":"Tadej Pogacar forfait pour Li\u00e8ge-Bastogne-Li\u00e8ge"},"content":{"rendered":"<p style=\"text-align: justify;\"><b><i>CYCLISME SUR ROUTE &#8211; Tadej Pogacar (UAE Team Emirates), vainqueur de l&rsquo;\u00e9dition 2021, doit renoncer \u00e0 participer \u00e0 <a href=\"https:\/\/dicodusport.fr\/blog\/liege-bastogne-liege-2022-parcours-et-profil\/\">Li\u00e8ge-Bastogne-Li\u00e8ge<\/a> demain, pour des raisons familiales.\u00a0<\/i><\/b><\/p>\n<p style=\"text-align: justify;\">Touch\u00e9 par le d\u00e9c\u00e8s de sa belle-m\u00e8re, le champion slov\u00e8ne <strong>Tadej Pogacar<\/strong> est rentr\u00e9 chez lui en fin de semaine. S&rsquo;il devait dans un premier temps revenir ce samedi en Belgique pour courir Li\u00e8ge-Bastogne li\u00e8ge dimanche, le double vainqueur sortant du Tour de France a finalement renonc\u00e9 \u00e0 s&rsquo;aligner. Le tenant du titre sur la Doyenne sera donc absent, comme le troisi\u00e8me de l&rsquo;an pass\u00e9e, <strong>David Gaudu<\/strong>. <strong>Julian Alaphilippe<\/strong> et <strong>Wout Van Aert<\/strong> sont maintenant les deux grands favoris pour l&rsquo;\u00e9dition 2022.<\/p>\n<blockquote class=\"twitter-tweet\">\n<p dir=\"ltr\" lang=\"en\">Sadly I won&rsquo;t be at the start of <a href=\"https:\/\/twitter.com\/LiegeBastogneL?ref_src=twsrc%5Etfw\">@LiegeBastogneL<\/a> tomorrow.<\/p>\n<p>It&rsquo;s been a tough few days but I&rsquo;d like to thank everybody for their understanding<\/p>\n<p>A special thank you to <a href=\"https:\/\/twitter.com\/TeamEmiratesUAE?ref_src=twsrc%5Etfw\">@TeamEmiratesUAE<\/a> &amp; especially to Mauro Gianetti and Team President Matar for their support in this situation &#x1f64f; <a href=\"https:\/\/t.co\/px8VYkso65\">pic.twitter.com\/px8VYkso65<\/a><\/p>\n<p>\u2014 Tadej Poga\u010dar (@TamauPogi) <a href=\"https:\/\/twitter.com\/TamauPogi\/status\/1517805756816449536?ref_src=twsrc%5Etfw\">April 23, 2022<\/a><\/p><\/blockquote>\n<p><script async src=\"https:\/\/platform.twitter.com\/widgets.js\" charset=\"utf-8\"><\/script><\/p>\n","protected":false},"excerpt":{"rendered":"<p>Tadej Pogacar, vainqueur de l&rsquo;\u00e9dition 2021, doit renoncer \u00e0 participer \u00e0 Li\u00e8ge-Bastogne-Li\u00e8ge demain pour des raisons familiales.\u00a0<\/p>\n","protected":false},"author":1,"featured_media":218003,"comment_status":"open","ping_status":"closed","sticky":false,"template":"","format":"standard","meta":{"_acf_changed":false,"_daextam_enable_autolinks":"","footnotes":""},"categories":[46994],"tags":[4165,11674],"class_list":["post-218002","post","type-post","status-publish","format-standard","has-post-thumbnail","hentry","category-cyclisme-sur-route","tag-liege-bastogne-liege","tag-tadej-pogacar"],"acf":[],"yoast_head":"<!-- This site is optimized with the Yoast SEO Premium plugin v26.7 (Yoast SEO v26.7) - https:\/\/yoast.com\/wordpress\/plugins\/seo\/ -->\n<title>- Tadej Pogacar forfait pour Li\u00e8ge-Bastogne-Li\u00e8ge - Dicodusport<\/title>\n<meta name=\"description\" content=\"Tadej Pogacar, vainqueur de l&#039;\u00e9dition 2021, doit renoncer \u00e0 participer \u00e0 Li\u00e8ge-Bastogne-Li\u00e8ge demain pour des raisons familiales.\u00a0\" \/>\n<meta name=\"robots\" content=\"index, follow, max-snippet:-1, max-image-preview:large, max-video-preview:-1\" \/>\n<link rel=\"canonical\" href=\"https:\/\/dicodusport.fr\/blog\/tadej-pogacar-forfait-pour-liege-bastogne-liege\/\" \/>\n<meta property=\"og:locale\" content=\"fr_FR\" \/>\n<meta property=\"og:type\" content=\"article\" \/>\n<meta property=\"og:title\" content=\"Tadej Pogacar forfait pour Li\u00e8ge-Bastogne-Li\u00e8ge\" \/>\n<meta property=\"og:description\" content=\"Tadej Pogacar, vainqueur de l&#039;\u00e9dition 2021, doit renoncer \u00e0 participer \u00e0 Li\u00e8ge-Bastogne-Li\u00e8ge demain pour des raisons familiales.\u00a0\" \/>\n<meta property=\"og:url\" content=\"https:\/\/dicodusport.fr\/blog\/tadej-pogacar-forfait-pour-liege-bastogne-liege\/\" \/>\n<meta property=\"og:site_name\" content=\"Dicodusport\" \/>\n<meta property=\"article:publisher\" content=\"https:\/\/www.facebook.com\/dicodusport\" \/>\n<meta property=\"article:author\" content=\"https:\/\/www.facebook.com\/dicodusport\" \/>\n<meta property=\"article:published_time\" content=\"2022-04-23T10:07:04+00:00\" \/>\n<meta property=\"article:modified_time\" content=\"2022-04-23T10:28:18+00:00\" \/>\n<meta property=\"og:image\" content=\"https:\/\/dicodusport.fr\/blog\/wp-content\/uploads\/2022\/04\/Tadej-Pogacar-forfait-pour-Lie\u0300ge-Bastogne-Lie\u0300ge.png\" \/>\n\t<meta property=\"og:image:width\" content=\"800\" \/>\n\t<meta property=\"og:image:height\" content=\"445\" \/>\n\t<meta property=\"og:image:type\" content=\"image\/png\" \/>\n<meta name=\"author\" content=\"Nicolas Jacquemard\" \/>\n<meta name=\"twitter:card\" content=\"summary_large_image\" \/>\n<meta name=\"twitter:title\" content=\"Tadej Pogacar forfait pour Li\u00e8ge-Bastogne-Li\u00e8ge\" \/>\n<meta name=\"twitter:creator\" content=\"@https:\/\/twitter.com\/Nico_Jacquemard\" \/>\n<meta name=\"twitter:site\" content=\"@dicodusport\" \/>\n<script type=\"application\/ld+json\" class=\"yoast-schema-graph\">{\"@context\":\"https:\/\/schema.org\",\"@graph\":[{\"@type\":\"NewsArticle\",\"@id\":\"https:\/\/dicodusport.fr\/blog\/tadej-pogacar-forfait-pour-liege-bastogne-liege\/#article\",\"isPartOf\":{\"@id\":\"https:\/\/dicodusport.fr\/blog\/tadej-pogacar-forfait-pour-liege-bastogne-liege\/\"},\"author\":{\"name\":\"Nicolas Jacquemard\",\"@id\":\"https:\/\/dicodusport.fr\/blog\/#\/schema\/person\/55dcb50ad410894e431ed812bbb70191\"},\"headline\":\"Tadej Pogacar forfait pour Li\u00e8ge-Bastogne-Li\u00e8ge\",\"datePublished\":\"2022-04-23T10:07:04+00:00\",\"dateModified\":\"2022-04-23T10:28:18+00:00\",\"mainEntityOfPage\":{\"@id\":\"https:\/\/dicodusport.fr\/blog\/tadej-pogacar-forfait-pour-liege-bastogne-liege\/\"},\"wordCount\":185,\"commentCount\":0,\"publisher\":{\"@id\":\"https:\/\/dicodusport.fr\/blog\/#organization\"},\"image\":{\"@id\":\"https:\/\/dicodusport.fr\/blog\/tadej-pogacar-forfait-pour-liege-bastogne-liege\/#primaryimage\"},\"thumbnailUrl\":\"https:\/\/dicodusport.fr\/blog\/wp-content\/uploads\/2022\/04\/Tadej-Pogacar-forfait-pour-Lie\u0300ge-Bastogne-Lie\u0300ge.png\",\"keywords\":[\"Li\u00e8ge-Bastogne-Li\u00e8ge\",\"Tadej Pogacar\"],\"articleSection\":[\"Cyclisme sur route\"],\"inLanguage\":\"fr-FR\",\"potentialAction\":[{\"@type\":\"CommentAction\",\"name\":\"Comment\",\"target\":[\"https:\/\/dicodusport.fr\/blog\/tadej-pogacar-forfait-pour-liege-bastogne-liege\/#respond\"]}],\"copyrightYear\":\"2022\",\"copyrightHolder\":{\"@id\":\"https:\/\/dicodusport.fr\/blog\/#organization\"}},{\"@type\":\"WebPage\",\"@id\":\"https:\/\/dicodusport.fr\/blog\/tadej-pogacar-forfait-pour-liege-bastogne-liege\/\",\"url\":\"https:\/\/dicodusport.fr\/blog\/tadej-pogacar-forfait-pour-liege-bastogne-liege\/\",\"name\":\"- Tadej Pogacar forfait pour Li\u00e8ge-Bastogne-Li\u00e8ge - Dicodusport\",\"isPartOf\":{\"@id\":\"https:\/\/dicodusport.fr\/blog\/#website\"},\"primaryImageOfPage\":{\"@id\":\"https:\/\/dicodusport.fr\/blog\/tadej-pogacar-forfait-pour-liege-bastogne-liege\/#primaryimage\"},\"image\":{\"@id\":\"https:\/\/dicodusport.fr\/blog\/tadej-pogacar-forfait-pour-liege-bastogne-liege\/#primaryimage\"},\"thumbnailUrl\":\"https:\/\/dicodusport.fr\/blog\/wp-content\/uploads\/2022\/04\/Tadej-Pogacar-forfait-pour-Lie\u0300ge-Bastogne-Lie\u0300ge.png\",\"datePublished\":\"2022-04-23T10:07:04+00:00\",\"dateModified\":\"2022-04-23T10:28:18+00:00\",\"description\":\"Tadej Pogacar, vainqueur de l'\u00e9dition 2021, doit renoncer \u00e0 participer \u00e0 Li\u00e8ge-Bastogne-Li\u00e8ge demain pour des raisons familiales.\u00a0\",\"breadcrumb\":{\"@id\":\"https:\/\/dicodusport.fr\/blog\/tadej-pogacar-forfait-pour-liege-bastogne-liege\/#breadcrumb\"},\"inLanguage\":\"fr-FR\",\"potentialAction\":[{\"@type\":\"ReadAction\",\"target\":[\"https:\/\/dicodusport.fr\/blog\/tadej-pogacar-forfait-pour-liege-bastogne-liege\/\"]}]},{\"@type\":\"ImageObject\",\"inLanguage\":\"fr-FR\",\"@id\":\"https:\/\/dicodusport.fr\/blog\/tadej-pogacar-forfait-pour-liege-bastogne-liege\/#primaryimage\",\"url\":\"https:\/\/dicodusport.fr\/blog\/wp-content\/uploads\/2022\/04\/Tadej-Pogacar-forfait-pour-Lie\u0300ge-Bastogne-Lie\u0300ge.png\",\"contentUrl\":\"https:\/\/dicodusport.fr\/blog\/wp-content\/uploads\/2022\/04\/Tadej-Pogacar-forfait-pour-Lie\u0300ge-Bastogne-Lie\u0300ge.png\",\"width\":800,\"height\":445,\"caption\":\"Tadej Pogacar - Photo Icon Sport\"},{\"@type\":\"BreadcrumbList\",\"@id\":\"https:\/\/dicodusport.fr\/blog\/tadej-pogacar-forfait-pour-liege-bastogne-liege\/#breadcrumb\",\"itemListElement\":[{\"@type\":\"ListItem\",\"position\":1,\"name\":\"Accueil\",\"item\":\"https:\/\/dicodusport.fr\/blog\/\"},{\"@type\":\"ListItem\",\"position\":2,\"name\":\"Tadej Pogacar forfait pour Li\u00e8ge-Bastogne-Li\u00e8ge\"}]},{\"@type\":\"WebSite\",\"@id\":\"https:\/\/dicodusport.fr\/blog\/#website\",\"url\":\"https:\/\/dicodusport.fr\/blog\/\",\"name\":\"Dicodusport\",\"description\":\"L&#039;encyclop\u00e9die de l&#039;actualit\u00e9 sportive\",\"publisher\":{\"@id\":\"https:\/\/dicodusport.fr\/blog\/#organization\"},\"potentialAction\":[{\"@type\":\"SearchAction\",\"target\":{\"@type\":\"EntryPoint\",\"urlTemplate\":\"https:\/\/dicodusport.fr\/blog\/?s={search_term_string}\"},\"query-input\":{\"@type\":\"PropertyValueSpecification\",\"valueRequired\":true,\"valueName\":\"search_term_string\"}}],\"inLanguage\":\"fr-FR\"},{\"@type\":\"NewsMediaOrganization\",\"@id\":\"https:\/\/dicodusport.fr\/blog\/#organization\",\"name\":\"Dicodusport\",\"url\":\"https:\/\/dicodusport.fr\/blog\/\",\"logo\":{\"@type\":\"ImageObject\",\"inLanguage\":\"fr-FR\",\"@id\":\"https:\/\/dicodusport.fr\/blog\/#\/schema\/logo\/image\/\",\"url\":\"https:\/\/dicodusport.fr\/blog\/wp-content\/uploads\/2020\/06\/cropped-LOGO-DICODUSPORT-2020-SANS-FOND-SANS-TEXTE.png\",\"contentUrl\":\"https:\/\/dicodusport.fr\/blog\/wp-content\/uploads\/2020\/06\/cropped-LOGO-DICODUSPORT-2020-SANS-FOND-SANS-TEXTE.png\",\"width\":512,\"height\":512,\"caption\":\"Dicodusport\"},\"image\":{\"@id\":\"https:\/\/dicodusport.fr\/blog\/#\/schema\/logo\/image\/\"},\"sameAs\":[\"https:\/\/www.facebook.com\/dicodusport\",\"https:\/\/x.com\/dicodusport\",\"https:\/\/www.instagram.com\/dicodusport\/\",\"https:\/\/www.youtube.com\/channel\/UC7V2KZ5sd3htJivAbA4ZG3w\"],\"description\":\"Dicodusport est l'encyclop\u00e9die de l'actualit\u00e9 sportive.\",\"email\":\"bonjour@dicodusport.fr\",\"legalName\":\"DICODUSPORT\",\"foundingDate\":\"2018-01-14\",\"vatID\":\"FR71834470973\",\"taxID\":\"83447097300043\",\"numberOfEmployees\":{\"@type\":\"QuantitativeValue\",\"minValue\":\"1\",\"maxValue\":\"10\"}},{\"@type\":\"Person\",\"@id\":\"https:\/\/dicodusport.fr\/blog\/#\/schema\/person\/55dcb50ad410894e431ed812bbb70191\",\"name\":\"Nicolas Jacquemard\",\"image\":{\"@type\":\"ImageObject\",\"inLanguage\":\"fr-FR\",\"@id\":\"https:\/\/dicodusport.fr\/blog\/#\/schema\/person\/image\/\",\"url\":\"https:\/\/dicodusport.fr\/blog\/wp-content\/uploads\/2021\/05\/Nicolas-Jacquemard-150x150.jpeg\",\"contentUrl\":\"https:\/\/dicodusport.fr\/blog\/wp-content\/uploads\/2021\/05\/Nicolas-Jacquemard-150x150.jpeg\",\"caption\":\"Nicolas Jacquemard\"},\"description\":\"Passionn\u00e9 de sport et entrepreneur depuis mes 18 ans, la cr\u00e9ation de Dicodusport m'a sembl\u00e9 \u00e9vidente pour participer \u00e0 la m\u00e9diatisation d'un plus grand nombre de sports. Le chemin est long mais avec une \u00e9quipe des plus motiv\u00e9es et les Jeux Olympiques de Paris 2024 en point de mire, nous y arriverons ! Journaliste dans le monde du sport depuis plus de 5 ans, je traite aussi bien de football, de rugby, de biathlon que de cyclisme.\",\"sameAs\":[\"https:\/\/www.facebook.com\/dicodusport\",\"https:\/\/x.com\/https:\/\/twitter.com\/Nico_Jacquemard\"],\"url\":\"https:\/\/dicodusport.fr\/blog\/author\/dicodusport\/\"}]}<\/script>\n<!-- \/ Yoast SEO Premium plugin. -->","yoast_head_json":{"title":"- Tadej Pogacar forfait pour Li\u00e8ge-Bastogne-Li\u00e8ge - Dicodusport","description":"Tadej Pogacar, vainqueur de l'\u00e9dition 2021, doit renoncer \u00e0 participer \u00e0 Li\u00e8ge-Bastogne-Li\u00e8ge demain pour des raisons familiales.\u00a0","robots":{"index":"index","follow":"follow","max-snippet":"max-snippet:-1","max-image-preview":"max-image-preview:large","max-video-preview":"max-video-preview:-1"},"canonical":"https:\/\/dicodusport.fr\/blog\/tadej-pogacar-forfait-pour-liege-bastogne-liege\/","og_locale":"fr_FR","og_type":"article","og_title":"Tadej Pogacar forfait pour Li\u00e8ge-Bastogne-Li\u00e8ge","og_description":"Tadej Pogacar, vainqueur de l'\u00e9dition 2021, doit renoncer \u00e0 participer \u00e0 Li\u00e8ge-Bastogne-Li\u00e8ge demain pour des raisons familiales.\u00a0","og_url":"https:\/\/dicodusport.fr\/blog\/tadej-pogacar-forfait-pour-liege-bastogne-liege\/","og_site_name":"Dicodusport","article_publisher":"https:\/\/www.facebook.com\/dicodusport","article_author":"https:\/\/www.facebook.com\/dicodusport","article_published_time":"2022-04-23T10:07:04+00:00","article_modified_time":"2022-04-23T10:28:18+00:00","og_image":[{"width":800,"height":445,"url":"https:\/\/dicodusport.fr\/blog\/wp-content\/uploads\/2022\/04\/Tadej-Pogacar-forfait-pour-Lie\u0300ge-Bastogne-Lie\u0300ge.png","type":"image\/png"}],"author":"Nicolas Jacquemard","twitter_card":"summary_large_image","twitter_title":"Tadej Pogacar forfait pour Li\u00e8ge-Bastogne-Li\u00e8ge","twitter_creator":"@https:\/\/twitter.com\/Nico_Jacquemard","twitter_site":"@dicodusport","schema":{"@context":"https:\/\/schema.org","@graph":[{"@type":"NewsArticle","@id":"https:\/\/dicodusport.fr\/blog\/tadej-pogacar-forfait-pour-liege-bastogne-liege\/#article","isPartOf":{"@id":"https:\/\/dicodusport.fr\/blog\/tadej-pogacar-forfait-pour-liege-bastogne-liege\/"},"author":{"name":"Nicolas Jacquemard","@id":"https:\/\/dicodusport.fr\/blog\/#\/schema\/person\/55dcb50ad410894e431ed812bbb70191"},"headline":"Tadej Pogacar forfait pour Li\u00e8ge-Bastogne-Li\u00e8ge","datePublished":"2022-04-23T10:07:04+00:00","dateModified":"2022-04-23T10:28:18+00:00","mainEntityOfPage":{"@id":"https:\/\/dicodusport.fr\/blog\/tadej-pogacar-forfait-pour-liege-bastogne-liege\/"},"wordCount":185,"commentCount":0,"publisher":{"@id":"https:\/\/dicodusport.fr\/blog\/#organization"},"image":{"@id":"https:\/\/dicodusport.fr\/blog\/tadej-pogacar-forfait-pour-liege-bastogne-liege\/#primaryimage"},"thumbnailUrl":"https:\/\/dicodusport.fr\/blog\/wp-content\/uploads\/2022\/04\/Tadej-Pogacar-forfait-pour-Lie\u0300ge-Bastogne-Lie\u0300ge.png","keywords":["Li\u00e8ge-Bastogne-Li\u00e8ge","Tadej Pogacar"],"articleSection":["Cyclisme sur route"],"inLanguage":"fr-FR","potentialAction":[{"@type":"CommentAction","name":"Comment","target":["https:\/\/dicodusport.fr\/blog\/tadej-pogacar-forfait-pour-liege-bastogne-liege\/#respond"]}],"copyrightYear":"2022","copyrightHolder":{"@id":"https:\/\/dicodusport.fr\/blog\/#organization"}},{"@type":"WebPage","@id":"https:\/\/dicodusport.fr\/blog\/tadej-pogacar-forfait-pour-liege-bastogne-liege\/","url":"https:\/\/dicodusport.fr\/blog\/tadej-pogacar-forfait-pour-liege-bastogne-liege\/","name":"- Tadej Pogacar forfait pour Li\u00e8ge-Bastogne-Li\u00e8ge - Dicodusport","isPartOf":{"@id":"https:\/\/dicodusport.fr\/blog\/#website"},"primaryImageOfPage":{"@id":"https:\/\/dicodusport.fr\/blog\/tadej-pogacar-forfait-pour-liege-bastogne-liege\/#primaryimage"},"image":{"@id":"https:\/\/dicodusport.fr\/blog\/tadej-pogacar-forfait-pour-liege-bastogne-liege\/#primaryimage"},"thumbnailUrl":"https:\/\/dicodusport.fr\/blog\/wp-content\/uploads\/2022\/04\/Tadej-Pogacar-forfait-pour-Lie\u0300ge-Bastogne-Lie\u0300ge.png","datePublished":"2022-04-23T10:07:04+00:00","dateModified":"2022-04-23T10:28:18+00:00","description":"Tadej Pogacar, vainqueur de l'\u00e9dition 2021, doit renoncer \u00e0 participer \u00e0 Li\u00e8ge-Bastogne-Li\u00e8ge demain pour des raisons familiales.\u00a0","breadcrumb":{"@id":"https:\/\/dicodusport.fr\/blog\/tadej-pogacar-forfait-pour-liege-bastogne-liege\/#breadcrumb"},"inLanguage":"fr-FR","potentialAction":[{"@type":"ReadAction","target":["https:\/\/dicodusport.fr\/blog\/tadej-pogacar-forfait-pour-liege-bastogne-liege\/"]}]},{"@type":"ImageObject","inLanguage":"fr-FR","@id":"https:\/\/dicodusport.fr\/blog\/tadej-pogacar-forfait-pour-liege-bastogne-liege\/#primaryimage","url":"https:\/\/dicodusport.fr\/blog\/wp-content\/uploads\/2022\/04\/Tadej-Pogacar-forfait-pour-Lie\u0300ge-Bastogne-Lie\u0300ge.png","contentUrl":"https:\/\/dicodusport.fr\/blog\/wp-content\/uploads\/2022\/04\/Tadej-Pogacar-forfait-pour-Lie\u0300ge-Bastogne-Lie\u0300ge.png","width":800,"height":445,"caption":"Tadej Pogacar - Photo Icon Sport"},{"@type":"BreadcrumbList","@id":"https:\/\/dicodusport.fr\/blog\/tadej-pogacar-forfait-pour-liege-bastogne-liege\/#breadcrumb","itemListElement":[{"@type":"ListItem","position":1,"name":"Accueil","item":"https:\/\/dicodusport.fr\/blog\/"},{"@type":"ListItem","position":2,"name":"Tadej Pogacar forfait pour Li\u00e8ge-Bastogne-Li\u00e8ge"}]},{"@type":"WebSite","@id":"https:\/\/dicodusport.fr\/blog\/#website","url":"https:\/\/dicodusport.fr\/blog\/","name":"Dicodusport","description":"L&#039;encyclop\u00e9die de l&#039;actualit\u00e9 sportive","publisher":{"@id":"https:\/\/dicodusport.fr\/blog\/#organization"},"potentialAction":[{"@type":"SearchAction","target":{"@type":"EntryPoint","urlTemplate":"https:\/\/dicodusport.fr\/blog\/?s={search_term_string}"},"query-input":{"@type":"PropertyValueSpecification","valueRequired":true,"valueName":"search_term_string"}}],"inLanguage":"fr-FR"},{"@type":"NewsMediaOrganization","@id":"https:\/\/dicodusport.fr\/blog\/#organization","name":"Dicodusport","url":"https:\/\/dicodusport.fr\/blog\/","logo":{"@type":"ImageObject","inLanguage":"fr-FR","@id":"https:\/\/dicodusport.fr\/blog\/#\/schema\/logo\/image\/","url":"https:\/\/dicodusport.fr\/blog\/wp-content\/uploads\/2020\/06\/cropped-LOGO-DICODUSPORT-2020-SANS-FOND-SANS-TEXTE.png","contentUrl":"https:\/\/dicodusport.fr\/blog\/wp-content\/uploads\/2020\/06\/cropped-LOGO-DICODUSPORT-2020-SANS-FOND-SANS-TEXTE.png","width":512,"height":512,"caption":"Dicodusport"},"image":{"@id":"https:\/\/dicodusport.fr\/blog\/#\/schema\/logo\/image\/"},"sameAs":["https:\/\/www.facebook.com\/dicodusport","https:\/\/x.com\/dicodusport","https:\/\/www.instagram.com\/dicodusport\/","https:\/\/www.youtube.com\/channel\/UC7V2KZ5sd3htJivAbA4ZG3w"],"description":"Dicodusport est l'encyclop\u00e9die de l'actualit\u00e9 sportive.","email":"bonjour@dicodusport.fr","legalName":"DICODUSPORT","foundingDate":"2018-01-14","vatID":"FR71834470973","taxID":"83447097300043","numberOfEmployees":{"@type":"QuantitativeValue","minValue":"1","maxValue":"10"}},{"@type":"Person","@id":"https:\/\/dicodusport.fr\/blog\/#\/schema\/person\/55dcb50ad410894e431ed812bbb70191","name":"Nicolas Jacquemard","image":{"@type":"ImageObject","inLanguage":"fr-FR","@id":"https:\/\/dicodusport.fr\/blog\/#\/schema\/person\/image\/","url":"https:\/\/dicodusport.fr\/blog\/wp-content\/uploads\/2021\/05\/Nicolas-Jacquemard-150x150.jpeg","contentUrl":"https:\/\/dicodusport.fr\/blog\/wp-content\/uploads\/2021\/05\/Nicolas-Jacquemard-150x150.jpeg","caption":"Nicolas Jacquemard"},"description":"Passionn\u00e9 de sport et entrepreneur depuis mes 18 ans, la cr\u00e9ation de Dicodusport m'a sembl\u00e9 \u00e9vidente pour participer \u00e0 la m\u00e9diatisation d'un plus grand nombre de sports. Le chemin est long mais avec une \u00e9quipe des plus motiv\u00e9es et les Jeux Olympiques de Paris 2024 en point de mire, nous y arriverons ! Journaliste dans le monde du sport depuis plus de 5 ans, je traite aussi bien de football, de rugby, de biathlon que de cyclisme.","sameAs":["https:\/\/www.facebook.com\/dicodusport","https:\/\/x.com\/https:\/\/twitter.com\/Nico_Jacquemard"],"url":"https:\/\/dicodusport.fr\/blog\/author\/dicodusport\/"}]}},"_links":{"self":[{"href":"https:\/\/dicodusport.fr\/blog\/wp-json\/wp\/v2\/posts\/218002","targetHints":{"allow":["GET"]}}],"collection":[{"href":"https:\/\/dicodusport.fr\/blog\/wp-json\/wp\/v2\/posts"}],"about":[{"href":"https:\/\/dicodusport.fr\/blog\/wp-json\/wp\/v2\/types\/post"}],"author":[{"embeddable":true,"href":"https:\/\/dicodusport.fr\/blog\/wp-json\/wp\/v2\/users\/1"}],"replies":[{"embeddable":true,"href":"https:\/\/dicodusport.fr\/blog\/wp-json\/wp\/v2\/comments?post=218002"}],"version-history":[{"count":0,"href":"https:\/\/dicodusport.fr\/blog\/wp-json\/wp\/v2\/posts\/218002\/revisions"}],"wp:featuredmedia":[{"embeddable":true,"href":"https:\/\/dicodusport.fr\/blog\/wp-json\/wp\/v2\/media\/218003"}],"wp:attachment":[{"href":"https:\/\/dicodusport.fr\/blog\/wp-json\/wp\/v2\/media?parent=218002"}],"wp:term":[{"taxonomy":"category","embeddable":true,"href":"https:\/\/dicodusport.fr\/blog\/wp-json\/wp\/v2\/categories?post=218002"},{"taxonomy":"post_tag","embeddable":true,"href":"https:\/\/dicodusport.fr\/blog\/wp-json\/wp\/v2\/tags?post=218002"}],"curies":[{"name":"wp","href":"https:\/\/api.w.org\/{rel}","templated":true}]}}