{"id":21827,"date":"2018-07-11T11:07:24","date_gmt":"2018-07-11T09:07:24","guid":{"rendered":"http:\/\/dicodusport.fr\/blog\/?p=21827"},"modified":"2018-07-11T11:23:16","modified_gmt":"2018-07-11T09:23:16","slug":"thomas-baroukh-une-belle-marge-de-progression-avec-pierre","status":"publish","type":"post","link":"https:\/\/dicodusport.fr\/blog\/thomas-baroukh-une-belle-marge-de-progression-avec-pierre\/","title":{"rendered":"Thomas Baroukh : \u00ab Une belle marge de progression avec Pierre \u00bb"},"content":{"rendered":"<p style=\"text-align: justify;\"><em><strong>A quelques jours de la deuxi\u00e8me sortie du deux de couple poids l\u00e9ger fran\u00e7ais \u00e0 Lucerne, nous avons rencontr\u00e9 Thomas Baroukh, nouveau co\u00e9quipier de Pierre Houin.\u00a0<\/strong><\/em><\/p>\n<h5 style=\"text-align: justify;\">Thomas, peux-tu te pr\u00e9senter en quelques mots ?<\/h5>\n<p style=\"text-align: justify;\">Thomas Baroukh, j&rsquo;ai 30 ans, je fais de l&rsquo;aviron depuis 19 ans et je suis ing\u00e9nieur chez Enedis depuis 8 ans. J&rsquo;ai particip\u00e9\u00a0deux fois aux Jeux Olympiques avec une m\u00e9daille de bronze en 2016 \u00e0 la cl\u00e9.<\/p>\n<h5 style=\"text-align: justify;\">Deuxi\u00e8me des championnats de France bateau court il y a quelque semaines, es-tu satisfait de cette course ?<\/h5>\n<p style=\"text-align: justify;\">Je suis relativement satisfait car cette deuxi\u00e8me place me permet de monter dans le double de fa\u00e7on assez indiscutable. La saison\u00a0n&rsquo;a pas \u00e9t\u00e9 simple, le choix de repasser en poids l\u00e9ger s&rsquo;est fait assez tard donc c&rsquo;\u00e9tait loin d&rsquo;\u00eatre une \u00e9vidence que je puisse monter dans ce bateau. Sur le d\u00e9roulement du championnat et de la finale, je pense que je n&rsquo;\u00e9tais pas en fome, j&rsquo;\u00e9tais malade donc un peu fatigu\u00e9 et je n&rsquo;ai pas pu d\u00e9rouler mes courses comme d&rsquo;habitude.<\/p>\n<h5 style=\"text-align: justify;\">Tu as donc int\u00e9gr\u00e9 le double pour remplacer J\u00e9r\u00e9mie Azou, un des plus grands rameurs fran\u00e7ais. Est-ce que tu as ressenti un peu de pression ?<\/h5>\n<p style=\"text-align: justify;\">Je n&rsquo;ai jamais vraiment consider\u00e9 que je prenais sa place car \u00e7a reste le double poids l\u00e9ger fran\u00e7ais, mais c&rsquo;est une autre histoire qui ne se fera pas sur les m\u00eames qualit\u00e9s, je ne suis pas J\u00e9r\u00e9mie Azou, j&rsquo;ai d&rsquo;autres qualit\u00e9s et il faut que je fasse avec. Les rep\u00e8res que Pierre avait avec J\u00e9r\u00e9mie nous sont utiles \u00e0 l&rsquo;entra\u00eenement,\u00a0 mais c&rsquo;est \u00e0 nous de trouver notre propre geste et d&rsquo;\u00e9crire notre propre histoire. Pour le moment, nous avons plusieurs mois pour travailler ensemble car l&rsquo;ann\u00e9e prochaine les compteurs seront remis \u00e0 0. On va essayer de construire et esp\u00e9rer que ce soit pour la plus longue dur\u00e9e possible mais pour le moment, le bail c&rsquo;est jusqu&rsquo;en septembre.<\/p>\n<p style=\"text-align: justify;\">Donc non pas particuli\u00e8rement de pression. J&rsquo;ai c\u00f4toy\u00e9 J\u00e9r\u00e9mie pendant longtemps, comme je disais je n&rsquo;ai pas ses qualit\u00e9s donc je ne peux pas tout de suite pr\u00e9tendre aux m\u00eames choses et aux m\u00eames r\u00e9sultats, mais c&rsquo;est un bel objectif \u00e0 relever.<\/p>\n<div id=\"attachment_21854\" style=\"width: 722px\" class=\"wp-caption aligncenter\"><img loading=\"lazy\" decoding=\"async\" aria-describedby=\"caption-attachment-21854\" class=\" wp-image-21854\" src=\"http:\/\/dicodusport.fr\/blog\/wp-content\/uploads\/2018\/07\/cFFA-Championnat-de-France-bateaux-courts-Cazaubon-15-04-2018-Daniel-Blin-122.jpg\" alt=\"\" width=\"712\" height=\"475\" srcset=\"https:\/\/dicodusport.fr\/blog\/wp-content\/uploads\/2018\/07\/cFFA-Championnat-de-France-bateaux-courts-Cazaubon-15-04-2018-Daniel-Blin-122.jpg 5760w, https:\/\/dicodusport.fr\/blog\/wp-content\/uploads\/2018\/07\/cFFA-Championnat-de-France-bateaux-courts-Cazaubon-15-04-2018-Daniel-Blin-122-300x200.jpg 300w, https:\/\/dicodusport.fr\/blog\/wp-content\/uploads\/2018\/07\/cFFA-Championnat-de-France-bateaux-courts-Cazaubon-15-04-2018-Daniel-Blin-122-768x512.jpg 768w, https:\/\/dicodusport.fr\/blog\/wp-content\/uploads\/2018\/07\/cFFA-Championnat-de-France-bateaux-courts-Cazaubon-15-04-2018-Daniel-Blin-122-1024x683.jpg 1024w\" sizes=\"auto, (max-width: 712px) 100vw, 712px\" \/><p id=\"caption-attachment-21854\" class=\"wp-caption-text\">\u00a9 Daniel Blin \/ FFAviron<\/p><\/div>\n<h5 style=\"text-align: justify;\">Quatri\u00e8me\u00a0pour la premi\u00e8re course \u00e0 Linz, quelle analyse\u00a0fais-tu de votre performance ?<\/h5>\n<p style=\"text-align: justify;\">Nous faisons la m\u00eame analyse avec Pierre et m\u00eame notre entraineur, Alexis. Nous avons identifi\u00e9 ce qui pouvait nous faire progresser encore, nous nous sommes rassur\u00e9s sur notre performance en course. Nous savons que nous allons tr\u00e8s vite quand la cadence est plus basse et qu&rsquo;il faut arriver \u00e0 trouver le m\u00eame rendement sur nos cadences de courses. C&rsquo;est \u00e0 la fois rassurant et satisfaisant de voir que les \u00e9carts avec les meilleurs bateaux mondiaux sont relativement faibles, sachant que nous avons une marge de progression.<\/p>\n<h5 style=\"text-align: justify;\">Qu\u2019est-ce que vous aimeriez r\u00e9ussir \u00e0 faire de mieux \u00e0 Lucerne ?<\/h5>\n<p style=\"text-align: justify;\">Les Italiens et Norv\u00e9giens ne seront pas align\u00e9s donc nous ne pourrons pas voir d&rsquo;\u00e9volutions par rapport \u00e0 eux. Les Belges, les Polonais et les Irlandais seront l\u00e0 donc il y aura de la concurrence qui nous permettra de nous \u00e9talonner. Personnellement, ce qui nous fera dire qu&rsquo;on est sur la bonne voix, ce sont les sensations que l&rsquo;on va avoir sur les courses et de voir a posteriori si nous avons r\u00e9ussi \u00e0 corriger les probl\u00e8me identifi\u00e9s \u00e0 Linz ou si d&rsquo;autres sont apparus.<\/p>\n<h5 style=\"text-align: justify;\">Comment \u00e7a se passe avec Pierre ? Arrivez-vous \u00e0 trouver vos marques ?<\/h5>\n<p style=\"text-align: justify;\">Cela se passe tr\u00e8s bien, nous avons la chance de ressentir les m\u00eames choses dans le bateau et de faire les m\u00eames analyses sur chaque entra\u00eenement, cela \u00e9vite de trop se prendre la t\u00eate. On \u00e9change autant que besoin, pas \u00e9normement dans le bateau car ce n&rsquo;est pas forcement une habitude que Pierre a. J&rsquo;avais pour habitude de plus parler dans les bateaux quand j&rsquo;\u00e9tais en pointe mais je n&rsquo;en ressens pas le besoin avec Pierre. On continue aussi \u00e0 se d\u00e9couvrir hors du bateau.<\/p>\n<h5 style=\"text-align: justify;\">Quel est ton objectif ultime comme rameur ?<\/h5>\n<p style=\"text-align: justify;\">Mon objectif, c&rsquo;est de faire mieux aux JO de 2020 que ce que j&rsquo;ai fait \u00e0 ceux de 2016, donc cela ne laisse pas beaucoup de possibilit\u00e9s. (Rires)<\/p>\n<h5 style=\"text-align: justify;\">Et Paris 2024 comme rameur, c&rsquo;est possible ?<\/h5>\n<p style=\"text-align: justify;\">Non c&rsquo;est trop loin, je pense que j&rsquo;aurai envie de passer \u00e0\u00a0autre chose apr\u00e8s 2020 peu importe le r\u00e9sultat \u00e0 Tokyo. Paris 2024 \u00e7a ne\u00a0sera pas comme athl\u00e8te mais pourquoi pas comme b\u00e9n\u00e9vole ou impliqu\u00e9 dans l&rsquo;organisation.<\/p>\n<p style=\"text-align: justify;\"><em><strong>Nicolas Jacquemard<\/strong><br \/>\n<\/em><a style=\"color: #000000;\" href=\"https:\/\/twitter.com\/Nico_Jacquemard\" target=\"_blank\" rel=\"noopener noreferrer\"><img loading=\"lazy\" decoding=\"async\" class=\"alignnone wp-image-2908\" src=\"http:\/\/dicodusport.fr\/blog\/wp-content\/uploads\/2017\/07\/logo-twitter-150x150.png\" alt=\"\" width=\"39\" height=\"39\" \/><\/a><a style=\"color: #000000;\" href=\"https:\/\/www.facebook.com\/dicodusport\/\" target=\"_blank\" rel=\"noopener noreferrer\"><img loading=\"lazy\" decoding=\"async\" class=\"alignnone wp-image-2909\" src=\"http:\/\/dicodusport.fr\/blog\/wp-content\/uploads\/2017\/07\/logo-facebook-150x150.png\" alt=\"\" width=\"40\" height=\"40\" \/><\/a><\/p>\n","protected":false},"excerpt":{"rendered":"<p>A quelques jours de la deuxi\u00e8me sortie du deux de couple poids l\u00e9ger fran\u00e7ais \u00e0 Lucerne, nous avons rencontr\u00e9 Thomas Baroukh, nouveau co\u00e9quipier de Pierre Houin. <\/p>\n","protected":false},"author":1,"featured_media":21855,"comment_status":"open","ping_status":"closed","sticky":false,"template":"","format":"standard","meta":{"_acf_changed":false,"_daextam_enable_autolinks":"","footnotes":""},"categories":[2309,4],"tags":[739,738,741,4507],"class_list":["post-21827","post","type-post","status-publish","format-standard","has-post-thumbnail","hentry","category-aviron","category-portraits","tag-aviron","tag-jeremie-azou","tag-pierre-houin","tag-thomas-baroukh"],"acf":[],"yoast_head":"<!-- This site is optimized with the Yoast SEO Premium plugin v26.7 (Yoast SEO v26.7) - https:\/\/yoast.com\/wordpress\/plugins\/seo\/ -->\n<title>Thomas Baroukh : \u00ab Une belle marge de progression avec Pierre \u00bb<\/title>\n<meta name=\"description\" content=\"A quelques jours de la deuxi\u00e8me sortie du deux de couple poids l\u00e9ger fran\u00e7ais, nous avons rencontr\u00e9 Thomas Baroukh, nouveau co\u00e9quipier de Pierre Houin.\" \/>\n<meta name=\"robots\" content=\"index, follow, max-snippet:-1, max-image-preview:large, max-video-preview:-1\" \/>\n<link rel=\"canonical\" href=\"https:\/\/dicodusport.fr\/blog\/thomas-baroukh-une-belle-marge-de-progression-avec-pierre\/\" \/>\n<meta property=\"og:locale\" content=\"fr_FR\" \/>\n<meta property=\"og:type\" content=\"article\" \/>\n<meta property=\"og:title\" content=\"Thomas Baroukh : \u00ab Une belle marge de progression avec Pierre \u00bb\" \/>\n<meta property=\"og:description\" content=\"A quelques jours de la deuxi\u00e8me sortie du deux de couple poids l\u00e9ger fran\u00e7ais, nous avons rencontr\u00e9 Thomas Baroukh, nouveau co\u00e9quipier de Pierre Houin.\" \/>\n<meta property=\"og:url\" content=\"https:\/\/dicodusport.fr\/blog\/thomas-baroukh-une-belle-marge-de-progression-avec-pierre\/\" \/>\n<meta property=\"og:site_name\" content=\"Dicodusport\" \/>\n<meta property=\"article:publisher\" content=\"https:\/\/www.facebook.com\/dicodusport\" \/>\n<meta property=\"article:author\" content=\"https:\/\/www.facebook.com\/dicodusport\" \/>\n<meta property=\"article:published_time\" content=\"2018-07-11T09:07:24+00:00\" \/>\n<meta property=\"article:modified_time\" content=\"2018-07-11T09:23:16+00:00\" \/>\n<meta property=\"og:image\" content=\"https:\/\/dicodusport.fr\/blog\/wp-content\/uploads\/2018\/07\/Thomas-Baroukh.png\" \/>\n\t<meta property=\"og:image:width\" content=\"1200\" \/>\n\t<meta property=\"og:image:height\" content=\"670\" \/>\n\t<meta property=\"og:image:type\" content=\"image\/png\" \/>\n<meta name=\"author\" content=\"Nicolas Jacquemard\" \/>\n<meta name=\"twitter:card\" content=\"summary_large_image\" \/>\n<meta name=\"twitter:creator\" content=\"@https:\/\/twitter.com\/Nico_Jacquemard\" \/>\n<meta name=\"twitter:site\" content=\"@dicodusport\" \/>\n<script type=\"application\/ld+json\" class=\"yoast-schema-graph\">{\"@context\":\"https:\/\/schema.org\",\"@graph\":[{\"@type\":\"NewsArticle\",\"@id\":\"https:\/\/dicodusport.fr\/blog\/thomas-baroukh-une-belle-marge-de-progression-avec-pierre\/#article\",\"isPartOf\":{\"@id\":\"https:\/\/dicodusport.fr\/blog\/thomas-baroukh-une-belle-marge-de-progression-avec-pierre\/\"},\"author\":{\"name\":\"Nicolas Jacquemard\",\"@id\":\"https:\/\/dicodusport.fr\/blog\/#\/schema\/person\/55dcb50ad410894e431ed812bbb70191\"},\"headline\":\"Thomas Baroukh : \u00ab Une belle marge de progression avec Pierre \u00bb\",\"datePublished\":\"2018-07-11T09:07:24+00:00\",\"dateModified\":\"2018-07-11T09:23:16+00:00\",\"mainEntityOfPage\":{\"@id\":\"https:\/\/dicodusport.fr\/blog\/thomas-baroukh-une-belle-marge-de-progression-avec-pierre\/\"},\"wordCount\":825,\"commentCount\":0,\"publisher\":{\"@id\":\"https:\/\/dicodusport.fr\/blog\/#organization\"},\"image\":{\"@id\":\"https:\/\/dicodusport.fr\/blog\/thomas-baroukh-une-belle-marge-de-progression-avec-pierre\/#primaryimage\"},\"thumbnailUrl\":\"https:\/\/dicodusport.fr\/blog\/wp-content\/uploads\/2018\/07\/Thomas-Baroukh.png\",\"keywords\":[\"aviron\",\"j\u00e9r\u00e9mie azou\",\"pierre houin\",\"Thomas Baroukh\"],\"articleSection\":[\"Aviron\",\"Portraits\"],\"inLanguage\":\"fr-FR\",\"potentialAction\":[{\"@type\":\"CommentAction\",\"name\":\"Comment\",\"target\":[\"https:\/\/dicodusport.fr\/blog\/thomas-baroukh-une-belle-marge-de-progression-avec-pierre\/#respond\"]}],\"copyrightYear\":\"2018\",\"copyrightHolder\":{\"@id\":\"https:\/\/dicodusport.fr\/blog\/#organization\"}},{\"@type\":\"WebPage\",\"@id\":\"https:\/\/dicodusport.fr\/blog\/thomas-baroukh-une-belle-marge-de-progression-avec-pierre\/\",\"url\":\"https:\/\/dicodusport.fr\/blog\/thomas-baroukh-une-belle-marge-de-progression-avec-pierre\/\",\"name\":\"Thomas Baroukh : \u00ab Une belle marge de progression avec Pierre \u00bb\",\"isPartOf\":{\"@id\":\"https:\/\/dicodusport.fr\/blog\/#website\"},\"primaryImageOfPage\":{\"@id\":\"https:\/\/dicodusport.fr\/blog\/thomas-baroukh-une-belle-marge-de-progression-avec-pierre\/#primaryimage\"},\"image\":{\"@id\":\"https:\/\/dicodusport.fr\/blog\/thomas-baroukh-une-belle-marge-de-progression-avec-pierre\/#primaryimage\"},\"thumbnailUrl\":\"https:\/\/dicodusport.fr\/blog\/wp-content\/uploads\/2018\/07\/Thomas-Baroukh.png\",\"datePublished\":\"2018-07-11T09:07:24+00:00\",\"dateModified\":\"2018-07-11T09:23:16+00:00\",\"description\":\"A quelques jours de la deuxi\u00e8me sortie du deux de couple poids l\u00e9ger fran\u00e7ais, nous avons rencontr\u00e9 Thomas Baroukh, nouveau co\u00e9quipier de Pierre Houin.\",\"breadcrumb\":{\"@id\":\"https:\/\/dicodusport.fr\/blog\/thomas-baroukh-une-belle-marge-de-progression-avec-pierre\/#breadcrumb\"},\"inLanguage\":\"fr-FR\",\"potentialAction\":[{\"@type\":\"ReadAction\",\"target\":[\"https:\/\/dicodusport.fr\/blog\/thomas-baroukh-une-belle-marge-de-progression-avec-pierre\/\"]}]},{\"@type\":\"ImageObject\",\"inLanguage\":\"fr-FR\",\"@id\":\"https:\/\/dicodusport.fr\/blog\/thomas-baroukh-une-belle-marge-de-progression-avec-pierre\/#primaryimage\",\"url\":\"https:\/\/dicodusport.fr\/blog\/wp-content\/uploads\/2018\/07\/Thomas-Baroukh.png\",\"contentUrl\":\"https:\/\/dicodusport.fr\/blog\/wp-content\/uploads\/2018\/07\/Thomas-Baroukh.png\",\"width\":1200,\"height\":670},{\"@type\":\"BreadcrumbList\",\"@id\":\"https:\/\/dicodusport.fr\/blog\/thomas-baroukh-une-belle-marge-de-progression-avec-pierre\/#breadcrumb\",\"itemListElement\":[{\"@type\":\"ListItem\",\"position\":1,\"name\":\"Accueil\",\"item\":\"https:\/\/dicodusport.fr\/blog\/\"},{\"@type\":\"ListItem\",\"position\":2,\"name\":\"Thomas Baroukh : \u00ab Une belle marge de progression avec Pierre \u00bb\"}]},{\"@type\":\"WebSite\",\"@id\":\"https:\/\/dicodusport.fr\/blog\/#website\",\"url\":\"https:\/\/dicodusport.fr\/blog\/\",\"name\":\"Dicodusport\",\"description\":\"L&#039;encyclop\u00e9die de l&#039;actualit\u00e9 sportive\",\"publisher\":{\"@id\":\"https:\/\/dicodusport.fr\/blog\/#organization\"},\"potentialAction\":[{\"@type\":\"SearchAction\",\"target\":{\"@type\":\"EntryPoint\",\"urlTemplate\":\"https:\/\/dicodusport.fr\/blog\/?s={search_term_string}\"},\"query-input\":{\"@type\":\"PropertyValueSpecification\",\"valueRequired\":true,\"valueName\":\"search_term_string\"}}],\"inLanguage\":\"fr-FR\"},{\"@type\":\"NewsMediaOrganization\",\"@id\":\"https:\/\/dicodusport.fr\/blog\/#organization\",\"name\":\"Dicodusport\",\"url\":\"https:\/\/dicodusport.fr\/blog\/\",\"logo\":{\"@type\":\"ImageObject\",\"inLanguage\":\"fr-FR\",\"@id\":\"https:\/\/dicodusport.fr\/blog\/#\/schema\/logo\/image\/\",\"url\":\"https:\/\/dicodusport.fr\/blog\/wp-content\/uploads\/2020\/06\/cropped-LOGO-DICODUSPORT-2020-SANS-FOND-SANS-TEXTE.png\",\"contentUrl\":\"https:\/\/dicodusport.fr\/blog\/wp-content\/uploads\/2020\/06\/cropped-LOGO-DICODUSPORT-2020-SANS-FOND-SANS-TEXTE.png\",\"width\":512,\"height\":512,\"caption\":\"Dicodusport\"},\"image\":{\"@id\":\"https:\/\/dicodusport.fr\/blog\/#\/schema\/logo\/image\/\"},\"sameAs\":[\"https:\/\/www.facebook.com\/dicodusport\",\"https:\/\/x.com\/dicodusport\",\"https:\/\/www.instagram.com\/dicodusport\/\",\"https:\/\/www.youtube.com\/channel\/UC7V2KZ5sd3htJivAbA4ZG3w\"],\"description\":\"Dicodusport est l'encyclop\u00e9die de l'actualit\u00e9 sportive.\",\"email\":\"bonjour@dicodusport.fr\",\"legalName\":\"DICODUSPORT\",\"foundingDate\":\"2018-01-14\",\"vatID\":\"FR71834470973\",\"taxID\":\"83447097300043\",\"numberOfEmployees\":{\"@type\":\"QuantitativeValue\",\"minValue\":\"1\",\"maxValue\":\"10\"}},{\"@type\":\"Person\",\"@id\":\"https:\/\/dicodusport.fr\/blog\/#\/schema\/person\/55dcb50ad410894e431ed812bbb70191\",\"name\":\"Nicolas Jacquemard\",\"image\":{\"@type\":\"ImageObject\",\"inLanguage\":\"fr-FR\",\"@id\":\"https:\/\/dicodusport.fr\/blog\/#\/schema\/person\/image\/\",\"url\":\"https:\/\/dicodusport.fr\/blog\/wp-content\/uploads\/2021\/05\/Nicolas-Jacquemard-150x150.jpeg\",\"contentUrl\":\"https:\/\/dicodusport.fr\/blog\/wp-content\/uploads\/2021\/05\/Nicolas-Jacquemard-150x150.jpeg\",\"caption\":\"Nicolas Jacquemard\"},\"description\":\"Passionn\u00e9 de sport et entrepreneur depuis mes 18 ans, la cr\u00e9ation de Dicodusport m'a sembl\u00e9 \u00e9vidente pour participer \u00e0 la m\u00e9diatisation d'un plus grand nombre de sports. Le chemin est long mais avec une \u00e9quipe des plus motiv\u00e9es et les Jeux Olympiques de Paris 2024 en point de mire, nous y arriverons ! Journaliste dans le monde du sport depuis plus de 5 ans, je traite aussi bien de football, de rugby, de biathlon que de cyclisme.\",\"sameAs\":[\"https:\/\/www.facebook.com\/dicodusport\",\"https:\/\/x.com\/https:\/\/twitter.com\/Nico_Jacquemard\"],\"url\":\"https:\/\/dicodusport.fr\/blog\/author\/dicodusport\/\"}]}<\/script>\n<!-- \/ Yoast SEO Premium plugin. -->","yoast_head_json":{"title":"Thomas Baroukh : \u00ab Une belle marge de progression avec Pierre \u00bb","description":"A quelques jours de la deuxi\u00e8me sortie du deux de couple poids l\u00e9ger fran\u00e7ais, nous avons rencontr\u00e9 Thomas Baroukh, nouveau co\u00e9quipier de Pierre Houin.","robots":{"index":"index","follow":"follow","max-snippet":"max-snippet:-1","max-image-preview":"max-image-preview:large","max-video-preview":"max-video-preview:-1"},"canonical":"https:\/\/dicodusport.fr\/blog\/thomas-baroukh-une-belle-marge-de-progression-avec-pierre\/","og_locale":"fr_FR","og_type":"article","og_title":"Thomas Baroukh : \u00ab Une belle marge de progression avec Pierre \u00bb","og_description":"A quelques jours de la deuxi\u00e8me sortie du deux de couple poids l\u00e9ger fran\u00e7ais, nous avons rencontr\u00e9 Thomas Baroukh, nouveau co\u00e9quipier de Pierre Houin.","og_url":"https:\/\/dicodusport.fr\/blog\/thomas-baroukh-une-belle-marge-de-progression-avec-pierre\/","og_site_name":"Dicodusport","article_publisher":"https:\/\/www.facebook.com\/dicodusport","article_author":"https:\/\/www.facebook.com\/dicodusport","article_published_time":"2018-07-11T09:07:24+00:00","article_modified_time":"2018-07-11T09:23:16+00:00","og_image":[{"width":1200,"height":670,"url":"https:\/\/dicodusport.fr\/blog\/wp-content\/uploads\/2018\/07\/Thomas-Baroukh.png","type":"image\/png"}],"author":"Nicolas Jacquemard","twitter_card":"summary_large_image","twitter_creator":"@https:\/\/twitter.com\/Nico_Jacquemard","twitter_site":"@dicodusport","schema":{"@context":"https:\/\/schema.org","@graph":[{"@type":"NewsArticle","@id":"https:\/\/dicodusport.fr\/blog\/thomas-baroukh-une-belle-marge-de-progression-avec-pierre\/#article","isPartOf":{"@id":"https:\/\/dicodusport.fr\/blog\/thomas-baroukh-une-belle-marge-de-progression-avec-pierre\/"},"author":{"name":"Nicolas Jacquemard","@id":"https:\/\/dicodusport.fr\/blog\/#\/schema\/person\/55dcb50ad410894e431ed812bbb70191"},"headline":"Thomas Baroukh : \u00ab Une belle marge de progression avec Pierre \u00bb","datePublished":"2018-07-11T09:07:24+00:00","dateModified":"2018-07-11T09:23:16+00:00","mainEntityOfPage":{"@id":"https:\/\/dicodusport.fr\/blog\/thomas-baroukh-une-belle-marge-de-progression-avec-pierre\/"},"wordCount":825,"commentCount":0,"publisher":{"@id":"https:\/\/dicodusport.fr\/blog\/#organization"},"image":{"@id":"https:\/\/dicodusport.fr\/blog\/thomas-baroukh-une-belle-marge-de-progression-avec-pierre\/#primaryimage"},"thumbnailUrl":"https:\/\/dicodusport.fr\/blog\/wp-content\/uploads\/2018\/07\/Thomas-Baroukh.png","keywords":["aviron","j\u00e9r\u00e9mie azou","pierre houin","Thomas Baroukh"],"articleSection":["Aviron","Portraits"],"inLanguage":"fr-FR","potentialAction":[{"@type":"CommentAction","name":"Comment","target":["https:\/\/dicodusport.fr\/blog\/thomas-baroukh-une-belle-marge-de-progression-avec-pierre\/#respond"]}],"copyrightYear":"2018","copyrightHolder":{"@id":"https:\/\/dicodusport.fr\/blog\/#organization"}},{"@type":"WebPage","@id":"https:\/\/dicodusport.fr\/blog\/thomas-baroukh-une-belle-marge-de-progression-avec-pierre\/","url":"https:\/\/dicodusport.fr\/blog\/thomas-baroukh-une-belle-marge-de-progression-avec-pierre\/","name":"Thomas Baroukh : \u00ab Une belle marge de progression avec Pierre \u00bb","isPartOf":{"@id":"https:\/\/dicodusport.fr\/blog\/#website"},"primaryImageOfPage":{"@id":"https:\/\/dicodusport.fr\/blog\/thomas-baroukh-une-belle-marge-de-progression-avec-pierre\/#primaryimage"},"image":{"@id":"https:\/\/dicodusport.fr\/blog\/thomas-baroukh-une-belle-marge-de-progression-avec-pierre\/#primaryimage"},"thumbnailUrl":"https:\/\/dicodusport.fr\/blog\/wp-content\/uploads\/2018\/07\/Thomas-Baroukh.png","datePublished":"2018-07-11T09:07:24+00:00","dateModified":"2018-07-11T09:23:16+00:00","description":"A quelques jours de la deuxi\u00e8me sortie du deux de couple poids l\u00e9ger fran\u00e7ais, nous avons rencontr\u00e9 Thomas Baroukh, nouveau co\u00e9quipier de Pierre Houin.","breadcrumb":{"@id":"https:\/\/dicodusport.fr\/blog\/thomas-baroukh-une-belle-marge-de-progression-avec-pierre\/#breadcrumb"},"inLanguage":"fr-FR","potentialAction":[{"@type":"ReadAction","target":["https:\/\/dicodusport.fr\/blog\/thomas-baroukh-une-belle-marge-de-progression-avec-pierre\/"]}]},{"@type":"ImageObject","inLanguage":"fr-FR","@id":"https:\/\/dicodusport.fr\/blog\/thomas-baroukh-une-belle-marge-de-progression-avec-pierre\/#primaryimage","url":"https:\/\/dicodusport.fr\/blog\/wp-content\/uploads\/2018\/07\/Thomas-Baroukh.png","contentUrl":"https:\/\/dicodusport.fr\/blog\/wp-content\/uploads\/2018\/07\/Thomas-Baroukh.png","width":1200,"height":670},{"@type":"BreadcrumbList","@id":"https:\/\/dicodusport.fr\/blog\/thomas-baroukh-une-belle-marge-de-progression-avec-pierre\/#breadcrumb","itemListElement":[{"@type":"ListItem","position":1,"name":"Accueil","item":"https:\/\/dicodusport.fr\/blog\/"},{"@type":"ListItem","position":2,"name":"Thomas Baroukh : \u00ab Une belle marge de progression avec Pierre \u00bb"}]},{"@type":"WebSite","@id":"https:\/\/dicodusport.fr\/blog\/#website","url":"https:\/\/dicodusport.fr\/blog\/","name":"Dicodusport","description":"L&#039;encyclop\u00e9die de l&#039;actualit\u00e9 sportive","publisher":{"@id":"https:\/\/dicodusport.fr\/blog\/#organization"},"potentialAction":[{"@type":"SearchAction","target":{"@type":"EntryPoint","urlTemplate":"https:\/\/dicodusport.fr\/blog\/?s={search_term_string}"},"query-input":{"@type":"PropertyValueSpecification","valueRequired":true,"valueName":"search_term_string"}}],"inLanguage":"fr-FR"},{"@type":"NewsMediaOrganization","@id":"https:\/\/dicodusport.fr\/blog\/#organization","name":"Dicodusport","url":"https:\/\/dicodusport.fr\/blog\/","logo":{"@type":"ImageObject","inLanguage":"fr-FR","@id":"https:\/\/dicodusport.fr\/blog\/#\/schema\/logo\/image\/","url":"https:\/\/dicodusport.fr\/blog\/wp-content\/uploads\/2020\/06\/cropped-LOGO-DICODUSPORT-2020-SANS-FOND-SANS-TEXTE.png","contentUrl":"https:\/\/dicodusport.fr\/blog\/wp-content\/uploads\/2020\/06\/cropped-LOGO-DICODUSPORT-2020-SANS-FOND-SANS-TEXTE.png","width":512,"height":512,"caption":"Dicodusport"},"image":{"@id":"https:\/\/dicodusport.fr\/blog\/#\/schema\/logo\/image\/"},"sameAs":["https:\/\/www.facebook.com\/dicodusport","https:\/\/x.com\/dicodusport","https:\/\/www.instagram.com\/dicodusport\/","https:\/\/www.youtube.com\/channel\/UC7V2KZ5sd3htJivAbA4ZG3w"],"description":"Dicodusport est l'encyclop\u00e9die de l'actualit\u00e9 sportive.","email":"bonjour@dicodusport.fr","legalName":"DICODUSPORT","foundingDate":"2018-01-14","vatID":"FR71834470973","taxID":"83447097300043","numberOfEmployees":{"@type":"QuantitativeValue","minValue":"1","maxValue":"10"}},{"@type":"Person","@id":"https:\/\/dicodusport.fr\/blog\/#\/schema\/person\/55dcb50ad410894e431ed812bbb70191","name":"Nicolas Jacquemard","image":{"@type":"ImageObject","inLanguage":"fr-FR","@id":"https:\/\/dicodusport.fr\/blog\/#\/schema\/person\/image\/","url":"https:\/\/dicodusport.fr\/blog\/wp-content\/uploads\/2021\/05\/Nicolas-Jacquemard-150x150.jpeg","contentUrl":"https:\/\/dicodusport.fr\/blog\/wp-content\/uploads\/2021\/05\/Nicolas-Jacquemard-150x150.jpeg","caption":"Nicolas Jacquemard"},"description":"Passionn\u00e9 de sport et entrepreneur depuis mes 18 ans, la cr\u00e9ation de Dicodusport m'a sembl\u00e9 \u00e9vidente pour participer \u00e0 la m\u00e9diatisation d'un plus grand nombre de sports. Le chemin est long mais avec une \u00e9quipe des plus motiv\u00e9es et les Jeux Olympiques de Paris 2024 en point de mire, nous y arriverons ! Journaliste dans le monde du sport depuis plus de 5 ans, je traite aussi bien de football, de rugby, de biathlon que de cyclisme.","sameAs":["https:\/\/www.facebook.com\/dicodusport","https:\/\/x.com\/https:\/\/twitter.com\/Nico_Jacquemard"],"url":"https:\/\/dicodusport.fr\/blog\/author\/dicodusport\/"}]}},"_links":{"self":[{"href":"https:\/\/dicodusport.fr\/blog\/wp-json\/wp\/v2\/posts\/21827","targetHints":{"allow":["GET"]}}],"collection":[{"href":"https:\/\/dicodusport.fr\/blog\/wp-json\/wp\/v2\/posts"}],"about":[{"href":"https:\/\/dicodusport.fr\/blog\/wp-json\/wp\/v2\/types\/post"}],"author":[{"embeddable":true,"href":"https:\/\/dicodusport.fr\/blog\/wp-json\/wp\/v2\/users\/1"}],"replies":[{"embeddable":true,"href":"https:\/\/dicodusport.fr\/blog\/wp-json\/wp\/v2\/comments?post=21827"}],"version-history":[{"count":0,"href":"https:\/\/dicodusport.fr\/blog\/wp-json\/wp\/v2\/posts\/21827\/revisions"}],"wp:featuredmedia":[{"embeddable":true,"href":"https:\/\/dicodusport.fr\/blog\/wp-json\/wp\/v2\/media\/21855"}],"wp:attachment":[{"href":"https:\/\/dicodusport.fr\/blog\/wp-json\/wp\/v2\/media?parent=21827"}],"wp:term":[{"taxonomy":"category","embeddable":true,"href":"https:\/\/dicodusport.fr\/blog\/wp-json\/wp\/v2\/categories?post=21827"},{"taxonomy":"post_tag","embeddable":true,"href":"https:\/\/dicodusport.fr\/blog\/wp-json\/wp\/v2\/tags?post=21827"}],"curies":[{"name":"wp","href":"https:\/\/api.w.org\/{rel}","templated":true}]}}