{"id":218319,"date":"2022-04-24T16:42:12","date_gmt":"2022-04-24T14:42:12","guid":{"rendered":"https:\/\/dicodusport.fr\/blog\/?p=218319&#038;preview=true&#038;preview_id=218319"},"modified":"2022-04-24T20:39:27","modified_gmt":"2022-04-24T18:39:27","slug":"liege-bastogne-liege-2022-premier-monument-pour-remco-evenepoel","status":"publish","type":"post","link":"https:\/\/dicodusport.fr\/blog\/liege-bastogne-liege-2022-premier-monument-pour-remco-evenepoel\/","title":{"rendered":"Li\u00e8ge-Bastogne-Li\u00e8ge 2022 : Premier Monument pour Remco Evenepoel !"},"content":{"rendered":"<p style=\"text-align: justify;\"><em><strong><a href=\"https:\/\/dicodusport.fr\/blog\/actualites\/cyclisme\/cyclisme-sur-route-2022\/\">CYCLISME SUR ROUTE 2022<\/a> \u2013 Parti au sommet de La Redoute, Remco Evenepoel (Quick-Step Alpha Vinyl) a remport\u00e9 la 108e \u00e9dition de Li\u00e8ge-Bastogne-Li\u00e8ge. Le coureur belge de 22 ans a devanc\u00e9 Quinten Hermans (Intermarch\u00e9 Wanty Gobert) et Wout Van Aert (Jumbo Visma). Remco Evenepoel a sauv\u00e9 le printemps plus que mitig\u00e9 de la formation de Patrick Lefevere, avec une Doyenne marqu\u00e9e aussi par <a href=\"https:\/\/dicodusport.fr\/blog\/lourde-chute-et-abandon-de-julian-alaphilippe-sur-liege-bastogne-liege\">la chute de Julian Alaphilippe<\/a>.<br \/>\n<\/strong><\/em><\/p>\n<p style=\"text-align: justify;\">D&rsquo;abord, onze coureurs ont constitu\u00e9 l&rsquo;\u00e9chapp\u00e9e matinale : <strong>Bruno Armirail<\/strong> (Groupama &#8211; FDJ), <strong>Sylvain Moniquet, Harm Vanhoucke<\/strong> (Lotto Soudal), <strong>Jacob Hindsgaul<\/strong> (Uno-X Pro Cycling Team), <strong>Baptiste Planckaert<\/strong> (Intermarch\u00e9 &#8211; Wanty &#8211; Gobert Mat\u00e9riaux), <strong>Paul<\/strong> <strong>Ourselin, Fabien Doubey<\/strong> (TotalEnergies), <strong>Kenny Molly, Marco Tizza, Luc Wirtgen<\/strong> (Bingoal Pauwels Sauces WB) et <strong>Pau Miquel<\/strong> (Equipo Kern Pharma). Malheureusement pour <strong>Gilles De Wilde<\/strong> (Sport Vlaanderen &#8211; Baloise), le coureur belge n&rsquo;a jamais r\u00e9ussi \u00e0 revenir sur les hommes de t\u00eate et a \u00e9t\u00e9 aval\u00e9 par le peloton.<\/p>\n<p style=\"text-align: justify;\">Puis, le peloton a laiss\u00e9 plus de 6 minutes et 30 secondes d&rsquo;avance aux fuyards. Ensuite, l&rsquo;\u00e9quipe <strong>Quick-Step-Alpha Vinyl<\/strong> a pris les commandes du peloton pour aborder les difficult\u00e9s en t\u00eate du peloton. Du c\u00f4t\u00e9 de l&rsquo;\u00e9chapp\u00e9e, avec la trilogie la C\u00f4te de Mont-le-Soie, la C\u00f4te de Wanne et la C\u00f4te de Stockeu, <strong>Bruno Armirail<\/strong> (Groupama FDJ), <strong>Harm Vanhoucke, Sylvain Moniquet<\/strong> (Lotto Soudal), <strong>Fabien Doubey, Paul Ourselin<\/strong> (TotalEnergies) et <strong>Luc Wirtgen<\/strong> (Pauwels Sauces WB) ont distanc\u00e9 leurs compagnons de fugue.<\/p>\n<h2 style=\"text-align: justify;\">Julian Alaphilippe, \u00e9limin\u00e9 sur chute<\/h2>\n<p style=\"text-align: justify;\">Plus d&rsquo;une vingtaine de coureurs ont \u00e9t\u00e9 pris dans une chute dans la descente de la C\u00f4te de La Haute-Lev\u00e9e avec des pr\u00e9tendants comme <strong>Tim Wellens<\/strong> (Lotto Soudal), <strong>Ruben Guerreiro, Rigoberto Uran<\/strong> (EF Education-EasyPost), <strong>Romain Bardet<\/strong> (Team DSM), <strong>Julian Alaphilippe<\/strong> (Quick-Step-Alpha Vinyl) et <strong>Brandon McNulty<\/strong> (UAE Team Emirates). Le double champion du monde n&rsquo;a pas pu repartir.<\/p>\n<p><span class=\"Y0nUTsPEBVW6q7FH6NNb4YzOJR1ivlMkLf4jTaO8hSHjdVgoqyK9tIkglpG237mmKWw8CFxCZciQcraBLfDbytA2DrdIs\"><\/p>\n<blockquote class=\"wp-embedded-content\" data-secret=\"kdH7tzv0zn\"><p><a href=\"https:\/\/dicodusport.fr\/blog\/lourde-chute-et-abandon-de-julian-alaphilippe-sur-liege-bastogne-liege\/\">Lourde chute et abandon de Julian Alaphilippe sur Li\u00e8ge-Bastogne-Li\u00e8ge<\/a><\/p><\/blockquote>\n<p><iframe loading=\"lazy\" class=\"wp-embedded-content\" sandbox=\"allow-scripts\" security=\"restricted\" style=\"position: absolute; clip: rect(1px, 1px, 1px, 1px);\" title=\"\u00ab\u00a0Lourde chute et abandon de Julian Alaphilippe sur Li\u00e8ge-Bastogne-Li\u00e8ge\u00a0\u00bb &#8212; Dicodusport\" src=\"https:\/\/dicodusport.fr\/blog\/lourde-chute-et-abandon-de-julian-alaphilippe-sur-liege-bastogne-liege\/embed\/#?secret=P1SgkEVknf#?secret=kdH7tzv0zn\" data-secret=\"kdH7tzv0zn\" width=\"600\" height=\"338\" frameborder=\"0\" marginwidth=\"0\" marginheight=\"0\" scrolling=\"no\"><\/iframe><\/span><\/p>\n<p style=\"text-align: justify;\">Pris dans la chute, <strong>Alejandro Valverde<\/strong> (Movistar), <strong>Tom Pidcock<\/strong> INEOS Grenadiers) et <strong>Bauke Mollema<\/strong> (Trek Segafredo) ont r\u00e9ussi \u00e0 rentrer dans le peloton emmen\u00e9 par la <strong>Bahrain-Victorious<\/strong> alors que les attaquants n&rsquo;avaient plus que trois minutes d&rsquo;avance au sommet du Col du Rosier. Par la suite, dans la C\u00f4te de Desni\u00e9, <strong>Mikel Landa<\/strong> (Bahrain Victorious) a pos\u00e9 plusieurs attaques pour provoquer une s\u00e9lection dans le peloton.<\/p>\n<h2 style=\"text-align: justify;\">Remco Evenepoel met le feu !<\/h2>\n<p style=\"text-align: justify;\"><strong>Bruno Armirail<\/strong> (Groupama FDJ) a bascul\u00e9 seul au sommet de la C\u00f4te de La Redoute. Apr\u00e8s un gros tempo de <strong>Mauri Vansevenant<\/strong> (Quick-Step Alpha Vinyl), <strong>Remco Evenepoel<\/strong> (Quick-Step Alpha Vinyl) a attaqu\u00e9 au sommet de cette mont\u00e9e, \u00e0 30 kilom\u00e8tres du terme. Derri\u00e8re, les formations <strong>Bahrain Victorious, INEOS Grenadiers<\/strong> et <strong>Movistar<\/strong> sont oblig\u00e9es de rouler. <strong>Remco Evenepoel<\/strong> (Quick-Step Alpha Vinyl) a d\u00e9pos\u00e9 <strong>Paul Ourselin<\/strong> (TotalEnergies) et <strong>Sylvain Moniquet<\/strong> (Lotto Soudal). Le coureur belge est revenu sur <strong>Bruno Armirail<\/strong> (Groupama FDJ) \u00e0 21 kilom\u00e8tres de l&rsquo;arriv\u00e9e.<\/p>\n<p style=\"text-align: justify;\"><strong>Remco Evenepoel<\/strong> (Quick-Step Alpha Vinyl) a finalement l\u00e2ch\u00e9 <strong>Bruno Armirail<\/strong> (Groupama FDJ) dans les premiers pourcentages de La Roche-aux-Foucons afin de maintenir une trentaine de secondes d&rsquo;avance. Derri\u00e8re, <strong>Enric Mas<\/strong> (Movistar) et <strong>Jack Haig<\/strong> (Bahrain Victorious) ont impos\u00e9 un gros tempo pour amaigrir le peloton et tenter de se rapprocher du coureur belge.<\/p>\n<p style=\"text-align: justify;\"><strong>Aleksandr Vlasov<\/strong> (Bora Hansgrohe) a lanc\u00e9 les hostilit\u00e9s avant d&rsquo;\u00eatre contr\u00e9 par <strong>Dylan Teuns<\/strong> (Bahrain Victorious). Le vainqueur de La Fl\u00e8che Wallonne \u00e9tait accompagn\u00e9 de <strong>Daniel Felipe Martinez<\/strong> (INEOS Grenadiers) et <strong>Sergio Higuita<\/strong> (Bora Hansgrohe). Ces attaques ont permis de distancer le champion de Belgique Wout Van Aert (Jumbo Visma).\u00a0 Dans la descente vers Li\u00e8ge, <strong>Aleksandr Vlasov<\/strong> (Bora Hansgrohe) est parti en chasse derri\u00e8re Evenepoel, mais le coureur belge a \u00e9t\u00e9 repris au bas de la descente.<\/p>\n<h2 style=\"text-align: justify;\">Tripl\u00e9 belge \u00e0 Li\u00e8ge !<\/h2>\n<p style=\"text-align: justify;\">Finalement, <strong>Remco Evenepoel<\/strong> (Quick-Step Alpha Vinyl) s&rsquo;est impos\u00e9 apr\u00e8s un num\u00e9ro en solitaire de 30 kilom\u00e8tres malgr\u00e9 le vent de face dans le final. <strong>Quinten Hermans<\/strong> (Intermarch\u00e9-Wanty-Gobert) a r\u00e9gl\u00e9 le groupe \u00e0 48 secondes devant <strong>Wout Van Aert<\/strong> (Jumbo Visma). <strong>Daniel Felipe Martinez<\/strong> (IENOS Grenadiers) a fini au pied du podium devant <strong>Sergio Higuita<\/strong> (Bora Hansgrohe) et <strong>Dylan Teuns<\/strong> (Bahrain Victorious).<\/p>\n<blockquote class=\"twitter-tweet\">\n<p dir=\"ltr\" lang=\"fr\">Premi\u00e8re participation, premier Monument et premier Li\u00e8ge-Bastogne-Li\u00e8ge \u00e0 seulement 22 ans : &#x1f44f; \u00e0 l&rsquo;incroyable Remco Evenepoel ! <a href=\"https:\/\/twitter.com\/hashtag\/LBL?src=hash&amp;ref_src=twsrc%5Etfw\">#LBL<\/a> <a href=\"https:\/\/twitter.com\/hashtag\/LesRP?src=hash&amp;ref_src=twsrc%5Etfw\">#LesRP<\/a> <a href=\"https:\/\/t.co\/cKbeQNFafn\">pic.twitter.com\/cKbeQNFafn<\/a><\/p>\n<p>\u2014 Eurosport France (@Eurosport_FR) <a href=\"https:\/\/twitter.com\/Eurosport_FR\/status\/1518239937849704451?ref_src=twsrc%5Etfw\">April 24, 2022<\/a><\/p><\/blockquote>\n<p><script async src=\"https:\/\/platform.twitter.com\/widgets.js\" charset=\"utf-8\"><\/script><\/p>\n<p style=\"text-align: justify;\"><strong>Remco Evenepoel<\/strong> a apport\u00e9 la 58e victoire belge sur La Doyenne, et le premier tripl\u00e9 depuis 1976 avec la victoire de Joseph Bruy\u00e8re devant Freddy Maertens et Frans Verbeeck.<\/p>\n<h2 style=\"text-align: justify;\"><strong>\u00c0 lire aussi<\/strong><\/h2>\n<ul>\n<li style=\"text-align: justify;\"><a href=\"https:\/\/dicodusport.fr\/blog\/classement-liege-bastogne-liege-2022\/\"><strong>Le classement de Li\u00e8ge-Bastogne-Li\u00e8ge 2022<\/strong><\/a><\/li>\n<\/ul>\n","protected":false},"excerpt":{"rendered":"<p>CYCLISME SUR ROUTE 2022 \u2013 Parti au sommet de La Redoute, Remco Evenepoel (Quick-Step Alpha Vinyl) a remport\u00e9 la 108e \u00e9dition de Li\u00e8ge-Bastogne-Li\u00e8ge. Le coureur belge de 22 ans a devanc\u00e9 Quinten Hermans (Intermarch\u00e9 Wanty Gobert) et Wout Van Aert (Jumbo Visma). Remco Evenepoel a sauv\u00e9 le printemps plus que mitig\u00e9 de la formation de Patrick Lefevere, avec une Doyenne marqu\u00e9e aussi par la chute de Julian Alaphilippe.<\/p>\n","protected":false},"author":48,"featured_media":218552,"comment_status":"open","ping_status":"closed","sticky":false,"template":"","format":"standard","meta":{"_acf_changed":false,"_daextam_enable_autolinks":"","footnotes":""},"categories":[46994],"tags":[3119,4165,8420,24],"class_list":["post-218319","post","type-post","status-publish","format-standard","has-post-thumbnail","hentry","category-cyclisme-sur-route","tag-actualite-cyclisme","tag-liege-bastogne-liege","tag-remco-evenepoel","tag-sport"],"acf":[],"yoast_head":"<!-- This site is optimized with the Yoast SEO Premium plugin v26.7 (Yoast SEO v26.7) - https:\/\/yoast.com\/wordpress\/plugins\/seo\/ -->\n<title>Li\u00e8ge-Bastogne-Li\u00e8ge 2022 : Premier Monument pour Remco Evenepoel !<\/title>\n<meta name=\"description\" content=\"Parti au sommet de La Redoute, Remco Evenepoel (Quick-Step Alpha Vinyl) a remport\u00e9 la 108e \u00e9dition de Li\u00e8ge-Bastogne-Li\u00e8ge.\" \/>\n<meta name=\"robots\" content=\"index, follow, max-snippet:-1, max-image-preview:large, max-video-preview:-1\" \/>\n<link rel=\"canonical\" href=\"https:\/\/dicodusport.fr\/blog\/liege-bastogne-liege-2022-premier-monument-pour-remco-evenepoel\/\" \/>\n<meta property=\"og:locale\" content=\"fr_FR\" \/>\n<meta property=\"og:type\" content=\"article\" \/>\n<meta property=\"og:title\" content=\"Li\u00e8ge-Bastogne-Li\u00e8ge 2022 : Premier Monument pour Remco Evenepoel !\" \/>\n<meta property=\"og:description\" content=\"Parti au sommet de La Redoute, Remco Evenepoel (Quick-Step Alpha Vinyl) a remport\u00e9 la 108e \u00e9dition de Li\u00e8ge-Bastogne-Li\u00e8ge.\" \/>\n<meta property=\"og:url\" content=\"https:\/\/dicodusport.fr\/blog\/liege-bastogne-liege-2022-premier-monument-pour-remco-evenepoel\/\" \/>\n<meta property=\"og:site_name\" content=\"Dicodusport\" \/>\n<meta property=\"article:publisher\" content=\"https:\/\/www.facebook.com\/dicodusport\" \/>\n<meta property=\"article:author\" content=\"https:\/\/www.facebook.com\/groups\/LesRoisDuPeloton\" \/>\n<meta property=\"article:published_time\" content=\"2022-04-24T14:42:12+00:00\" \/>\n<meta property=\"article:modified_time\" content=\"2022-04-24T18:39:27+00:00\" \/>\n<meta property=\"og:image\" content=\"https:\/\/dicodusport.fr\/blog\/wp-content\/uploads\/2022\/04\/Liege-Bastogne-Liege-2022-Premier-Monument-pour-Remco-Evenepoel-1.png\" \/>\n\t<meta property=\"og:image:width\" content=\"800\" \/>\n\t<meta property=\"og:image:height\" content=\"445\" \/>\n\t<meta property=\"og:image:type\" content=\"image\/png\" \/>\n<meta name=\"author\" content=\"Emilien Descampiaux\" \/>\n<meta name=\"twitter:card\" content=\"summary_large_image\" \/>\n<meta name=\"twitter:title\" content=\"Li\u00e8ge-Bastogne-Li\u00e8ge 2022 : Premier Monument pour Remco Evenepoel !\" \/>\n<meta name=\"twitter:creator\" content=\"@https:\/\/twitter.com\/LRoisDuPeloton\" \/>\n<meta name=\"twitter:site\" content=\"@dicodusport\" \/>\n<script type=\"application\/ld+json\" class=\"yoast-schema-graph\">{\"@context\":\"https:\/\/schema.org\",\"@graph\":[{\"@type\":\"NewsArticle\",\"@id\":\"https:\/\/dicodusport.fr\/blog\/liege-bastogne-liege-2022-premier-monument-pour-remco-evenepoel\/#article\",\"isPartOf\":{\"@id\":\"https:\/\/dicodusport.fr\/blog\/liege-bastogne-liege-2022-premier-monument-pour-remco-evenepoel\/\"},\"author\":{\"name\":\"Emilien Descampiaux\",\"@id\":\"https:\/\/dicodusport.fr\/blog\/#\/schema\/person\/6db4bae06b171592211be385b32876a7\"},\"headline\":\"Li\u00e8ge-Bastogne-Li\u00e8ge 2022 : Premier Monument pour Remco Evenepoel !\",\"datePublished\":\"2022-04-24T14:42:12+00:00\",\"dateModified\":\"2022-04-24T18:39:27+00:00\",\"mainEntityOfPage\":{\"@id\":\"https:\/\/dicodusport.fr\/blog\/liege-bastogne-liege-2022-premier-monument-pour-remco-evenepoel\/\"},\"wordCount\":765,\"commentCount\":0,\"publisher\":{\"@id\":\"https:\/\/dicodusport.fr\/blog\/#organization\"},\"image\":{\"@id\":\"https:\/\/dicodusport.fr\/blog\/liege-bastogne-liege-2022-premier-monument-pour-remco-evenepoel\/#primaryimage\"},\"thumbnailUrl\":\"https:\/\/dicodusport.fr\/blog\/wp-content\/uploads\/2022\/04\/Liege-Bastogne-Liege-2022-Premier-Monument-pour-Remco-Evenepoel-1.png\",\"keywords\":[\"Actualit\u00e9 Cyclisme\",\"Li\u00e8ge-Bastogne-Li\u00e8ge\",\"Remco Evenepoel\",\"sport\"],\"articleSection\":[\"Cyclisme sur route\"],\"inLanguage\":\"fr-FR\",\"potentialAction\":[{\"@type\":\"CommentAction\",\"name\":\"Comment\",\"target\":[\"https:\/\/dicodusport.fr\/blog\/liege-bastogne-liege-2022-premier-monument-pour-remco-evenepoel\/#respond\"]}],\"copyrightYear\":\"2022\",\"copyrightHolder\":{\"@id\":\"https:\/\/dicodusport.fr\/blog\/#organization\"}},{\"@type\":\"WebPage\",\"@id\":\"https:\/\/dicodusport.fr\/blog\/liege-bastogne-liege-2022-premier-monument-pour-remco-evenepoel\/\",\"url\":\"https:\/\/dicodusport.fr\/blog\/liege-bastogne-liege-2022-premier-monument-pour-remco-evenepoel\/\",\"name\":\"Li\u00e8ge-Bastogne-Li\u00e8ge 2022 : Premier Monument pour Remco Evenepoel !\",\"isPartOf\":{\"@id\":\"https:\/\/dicodusport.fr\/blog\/#website\"},\"primaryImageOfPage\":{\"@id\":\"https:\/\/dicodusport.fr\/blog\/liege-bastogne-liege-2022-premier-monument-pour-remco-evenepoel\/#primaryimage\"},\"image\":{\"@id\":\"https:\/\/dicodusport.fr\/blog\/liege-bastogne-liege-2022-premier-monument-pour-remco-evenepoel\/#primaryimage\"},\"thumbnailUrl\":\"https:\/\/dicodusport.fr\/blog\/wp-content\/uploads\/2022\/04\/Liege-Bastogne-Liege-2022-Premier-Monument-pour-Remco-Evenepoel-1.png\",\"datePublished\":\"2022-04-24T14:42:12+00:00\",\"dateModified\":\"2022-04-24T18:39:27+00:00\",\"description\":\"Parti au sommet de La Redoute, Remco Evenepoel (Quick-Step Alpha Vinyl) a remport\u00e9 la 108e \u00e9dition de Li\u00e8ge-Bastogne-Li\u00e8ge.\",\"breadcrumb\":{\"@id\":\"https:\/\/dicodusport.fr\/blog\/liege-bastogne-liege-2022-premier-monument-pour-remco-evenepoel\/#breadcrumb\"},\"inLanguage\":\"fr-FR\",\"potentialAction\":[{\"@type\":\"ReadAction\",\"target\":[\"https:\/\/dicodusport.fr\/blog\/liege-bastogne-liege-2022-premier-monument-pour-remco-evenepoel\/\"]}]},{\"@type\":\"ImageObject\",\"inLanguage\":\"fr-FR\",\"@id\":\"https:\/\/dicodusport.fr\/blog\/liege-bastogne-liege-2022-premier-monument-pour-remco-evenepoel\/#primaryimage\",\"url\":\"https:\/\/dicodusport.fr\/blog\/wp-content\/uploads\/2022\/04\/Liege-Bastogne-Liege-2022-Premier-Monument-pour-Remco-Evenepoel-1.png\",\"contentUrl\":\"https:\/\/dicodusport.fr\/blog\/wp-content\/uploads\/2022\/04\/Liege-Bastogne-Liege-2022-Premier-Monument-pour-Remco-Evenepoel-1.png\",\"width\":800,\"height\":445,\"caption\":\"Li\u00e8ge-Bastogne-Li\u00e8ge 2022, le Premier Monument de Remco Evenepoel - Photo Icon Sport\"},{\"@type\":\"BreadcrumbList\",\"@id\":\"https:\/\/dicodusport.fr\/blog\/liege-bastogne-liege-2022-premier-monument-pour-remco-evenepoel\/#breadcrumb\",\"itemListElement\":[{\"@type\":\"ListItem\",\"position\":1,\"name\":\"Accueil\",\"item\":\"https:\/\/dicodusport.fr\/blog\/\"},{\"@type\":\"ListItem\",\"position\":2,\"name\":\"Li\u00e8ge-Bastogne-Li\u00e8ge 2022 : Premier Monument pour Remco Evenepoel !\"}]},{\"@type\":\"WebSite\",\"@id\":\"https:\/\/dicodusport.fr\/blog\/#website\",\"url\":\"https:\/\/dicodusport.fr\/blog\/\",\"name\":\"Dicodusport\",\"description\":\"L&#039;encyclop\u00e9die de l&#039;actualit\u00e9 sportive\",\"publisher\":{\"@id\":\"https:\/\/dicodusport.fr\/blog\/#organization\"},\"potentialAction\":[{\"@type\":\"SearchAction\",\"target\":{\"@type\":\"EntryPoint\",\"urlTemplate\":\"https:\/\/dicodusport.fr\/blog\/?s={search_term_string}\"},\"query-input\":{\"@type\":\"PropertyValueSpecification\",\"valueRequired\":true,\"valueName\":\"search_term_string\"}}],\"inLanguage\":\"fr-FR\"},{\"@type\":\"NewsMediaOrganization\",\"@id\":\"https:\/\/dicodusport.fr\/blog\/#organization\",\"name\":\"Dicodusport\",\"url\":\"https:\/\/dicodusport.fr\/blog\/\",\"logo\":{\"@type\":\"ImageObject\",\"inLanguage\":\"fr-FR\",\"@id\":\"https:\/\/dicodusport.fr\/blog\/#\/schema\/logo\/image\/\",\"url\":\"https:\/\/dicodusport.fr\/blog\/wp-content\/uploads\/2020\/06\/cropped-LOGO-DICODUSPORT-2020-SANS-FOND-SANS-TEXTE.png\",\"contentUrl\":\"https:\/\/dicodusport.fr\/blog\/wp-content\/uploads\/2020\/06\/cropped-LOGO-DICODUSPORT-2020-SANS-FOND-SANS-TEXTE.png\",\"width\":512,\"height\":512,\"caption\":\"Dicodusport\"},\"image\":{\"@id\":\"https:\/\/dicodusport.fr\/blog\/#\/schema\/logo\/image\/\"},\"sameAs\":[\"https:\/\/www.facebook.com\/dicodusport\",\"https:\/\/x.com\/dicodusport\",\"https:\/\/www.instagram.com\/dicodusport\/\",\"https:\/\/www.youtube.com\/channel\/UC7V2KZ5sd3htJivAbA4ZG3w\"],\"description\":\"Dicodusport est l'encyclop\u00e9die de l'actualit\u00e9 sportive.\",\"email\":\"bonjour@dicodusport.fr\",\"legalName\":\"DICODUSPORT\",\"foundingDate\":\"2018-01-14\",\"vatID\":\"FR71834470973\",\"taxID\":\"83447097300043\",\"numberOfEmployees\":{\"@type\":\"QuantitativeValue\",\"minValue\":\"1\",\"maxValue\":\"10\"}},{\"@type\":\"Person\",\"@id\":\"https:\/\/dicodusport.fr\/blog\/#\/schema\/person\/6db4bae06b171592211be385b32876a7\",\"name\":\"Emilien Descampiaux\",\"image\":{\"@type\":\"ImageObject\",\"inLanguage\":\"fr-FR\",\"@id\":\"https:\/\/dicodusport.fr\/blog\/#\/schema\/person\/image\/\",\"url\":\"https:\/\/dicodusport.fr\/blog\/wp-content\/uploads\/2021\/05\/Emilien-Descampiaux-150x150.jpg\",\"contentUrl\":\"https:\/\/dicodusport.fr\/blog\/wp-content\/uploads\/2021\/05\/Emilien-Descampiaux-150x150.jpg\",\"caption\":\"Emilien Descampiaux\"},\"description\":\"Journaliste\/r\u00e9dacteur depuis 2014 - Fan de la classe de Frank Vandenbroucke, je vis cyclisme (et de ses paysages) depuis plus de 20 ans. Je suis tr\u00e8s impliqu\u00e9 sur mes diff\u00e9rents r\u00e9seaux sociaux pour partager ma passion sur le monde et l'Histoire de la bicyclette avec ma voix sur les images en noir et blanc du succ\u00e8s de Rik Van Steenbergen lors du Ronde sur le V\u00e9lodrome de Gand.\",\"sameAs\":[\"https:\/\/www.facebook.com\/groups\/LesRoisDuPeloton\",\"https:\/\/x.com\/https:\/\/twitter.com\/LRoisDuPeloton\"],\"url\":\"https:\/\/dicodusport.fr\/blog\/author\/emiliend\/\"}]}<\/script>\n<!-- \/ Yoast SEO Premium plugin. -->","yoast_head_json":{"title":"Li\u00e8ge-Bastogne-Li\u00e8ge 2022 : Premier Monument pour Remco Evenepoel !","description":"Parti au sommet de La Redoute, Remco Evenepoel (Quick-Step Alpha Vinyl) a remport\u00e9 la 108e \u00e9dition de Li\u00e8ge-Bastogne-Li\u00e8ge.","robots":{"index":"index","follow":"follow","max-snippet":"max-snippet:-1","max-image-preview":"max-image-preview:large","max-video-preview":"max-video-preview:-1"},"canonical":"https:\/\/dicodusport.fr\/blog\/liege-bastogne-liege-2022-premier-monument-pour-remco-evenepoel\/","og_locale":"fr_FR","og_type":"article","og_title":"Li\u00e8ge-Bastogne-Li\u00e8ge 2022 : Premier Monument pour Remco Evenepoel !","og_description":"Parti au sommet de La Redoute, Remco Evenepoel (Quick-Step Alpha Vinyl) a remport\u00e9 la 108e \u00e9dition de Li\u00e8ge-Bastogne-Li\u00e8ge.","og_url":"https:\/\/dicodusport.fr\/blog\/liege-bastogne-liege-2022-premier-monument-pour-remco-evenepoel\/","og_site_name":"Dicodusport","article_publisher":"https:\/\/www.facebook.com\/dicodusport","article_author":"https:\/\/www.facebook.com\/groups\/LesRoisDuPeloton","article_published_time":"2022-04-24T14:42:12+00:00","article_modified_time":"2022-04-24T18:39:27+00:00","og_image":[{"width":800,"height":445,"url":"https:\/\/dicodusport.fr\/blog\/wp-content\/uploads\/2022\/04\/Liege-Bastogne-Liege-2022-Premier-Monument-pour-Remco-Evenepoel-1.png","type":"image\/png"}],"author":"Emilien Descampiaux","twitter_card":"summary_large_image","twitter_title":"Li\u00e8ge-Bastogne-Li\u00e8ge 2022 : Premier Monument pour Remco Evenepoel !","twitter_creator":"@https:\/\/twitter.com\/LRoisDuPeloton","twitter_site":"@dicodusport","schema":{"@context":"https:\/\/schema.org","@graph":[{"@type":"NewsArticle","@id":"https:\/\/dicodusport.fr\/blog\/liege-bastogne-liege-2022-premier-monument-pour-remco-evenepoel\/#article","isPartOf":{"@id":"https:\/\/dicodusport.fr\/blog\/liege-bastogne-liege-2022-premier-monument-pour-remco-evenepoel\/"},"author":{"name":"Emilien Descampiaux","@id":"https:\/\/dicodusport.fr\/blog\/#\/schema\/person\/6db4bae06b171592211be385b32876a7"},"headline":"Li\u00e8ge-Bastogne-Li\u00e8ge 2022 : Premier Monument pour Remco Evenepoel !","datePublished":"2022-04-24T14:42:12+00:00","dateModified":"2022-04-24T18:39:27+00:00","mainEntityOfPage":{"@id":"https:\/\/dicodusport.fr\/blog\/liege-bastogne-liege-2022-premier-monument-pour-remco-evenepoel\/"},"wordCount":765,"commentCount":0,"publisher":{"@id":"https:\/\/dicodusport.fr\/blog\/#organization"},"image":{"@id":"https:\/\/dicodusport.fr\/blog\/liege-bastogne-liege-2022-premier-monument-pour-remco-evenepoel\/#primaryimage"},"thumbnailUrl":"https:\/\/dicodusport.fr\/blog\/wp-content\/uploads\/2022\/04\/Liege-Bastogne-Liege-2022-Premier-Monument-pour-Remco-Evenepoel-1.png","keywords":["Actualit\u00e9 Cyclisme","Li\u00e8ge-Bastogne-Li\u00e8ge","Remco Evenepoel","sport"],"articleSection":["Cyclisme sur route"],"inLanguage":"fr-FR","potentialAction":[{"@type":"CommentAction","name":"Comment","target":["https:\/\/dicodusport.fr\/blog\/liege-bastogne-liege-2022-premier-monument-pour-remco-evenepoel\/#respond"]}],"copyrightYear":"2022","copyrightHolder":{"@id":"https:\/\/dicodusport.fr\/blog\/#organization"}},{"@type":"WebPage","@id":"https:\/\/dicodusport.fr\/blog\/liege-bastogne-liege-2022-premier-monument-pour-remco-evenepoel\/","url":"https:\/\/dicodusport.fr\/blog\/liege-bastogne-liege-2022-premier-monument-pour-remco-evenepoel\/","name":"Li\u00e8ge-Bastogne-Li\u00e8ge 2022 : Premier Monument pour Remco Evenepoel !","isPartOf":{"@id":"https:\/\/dicodusport.fr\/blog\/#website"},"primaryImageOfPage":{"@id":"https:\/\/dicodusport.fr\/blog\/liege-bastogne-liege-2022-premier-monument-pour-remco-evenepoel\/#primaryimage"},"image":{"@id":"https:\/\/dicodusport.fr\/blog\/liege-bastogne-liege-2022-premier-monument-pour-remco-evenepoel\/#primaryimage"},"thumbnailUrl":"https:\/\/dicodusport.fr\/blog\/wp-content\/uploads\/2022\/04\/Liege-Bastogne-Liege-2022-Premier-Monument-pour-Remco-Evenepoel-1.png","datePublished":"2022-04-24T14:42:12+00:00","dateModified":"2022-04-24T18:39:27+00:00","description":"Parti au sommet de La Redoute, Remco Evenepoel (Quick-Step Alpha Vinyl) a remport\u00e9 la 108e \u00e9dition de Li\u00e8ge-Bastogne-Li\u00e8ge.","breadcrumb":{"@id":"https:\/\/dicodusport.fr\/blog\/liege-bastogne-liege-2022-premier-monument-pour-remco-evenepoel\/#breadcrumb"},"inLanguage":"fr-FR","potentialAction":[{"@type":"ReadAction","target":["https:\/\/dicodusport.fr\/blog\/liege-bastogne-liege-2022-premier-monument-pour-remco-evenepoel\/"]}]},{"@type":"ImageObject","inLanguage":"fr-FR","@id":"https:\/\/dicodusport.fr\/blog\/liege-bastogne-liege-2022-premier-monument-pour-remco-evenepoel\/#primaryimage","url":"https:\/\/dicodusport.fr\/blog\/wp-content\/uploads\/2022\/04\/Liege-Bastogne-Liege-2022-Premier-Monument-pour-Remco-Evenepoel-1.png","contentUrl":"https:\/\/dicodusport.fr\/blog\/wp-content\/uploads\/2022\/04\/Liege-Bastogne-Liege-2022-Premier-Monument-pour-Remco-Evenepoel-1.png","width":800,"height":445,"caption":"Li\u00e8ge-Bastogne-Li\u00e8ge 2022, le Premier Monument de Remco Evenepoel - Photo Icon Sport"},{"@type":"BreadcrumbList","@id":"https:\/\/dicodusport.fr\/blog\/liege-bastogne-liege-2022-premier-monument-pour-remco-evenepoel\/#breadcrumb","itemListElement":[{"@type":"ListItem","position":1,"name":"Accueil","item":"https:\/\/dicodusport.fr\/blog\/"},{"@type":"ListItem","position":2,"name":"Li\u00e8ge-Bastogne-Li\u00e8ge 2022 : Premier Monument pour Remco Evenepoel !"}]},{"@type":"WebSite","@id":"https:\/\/dicodusport.fr\/blog\/#website","url":"https:\/\/dicodusport.fr\/blog\/","name":"Dicodusport","description":"L&#039;encyclop\u00e9die de l&#039;actualit\u00e9 sportive","publisher":{"@id":"https:\/\/dicodusport.fr\/blog\/#organization"},"potentialAction":[{"@type":"SearchAction","target":{"@type":"EntryPoint","urlTemplate":"https:\/\/dicodusport.fr\/blog\/?s={search_term_string}"},"query-input":{"@type":"PropertyValueSpecification","valueRequired":true,"valueName":"search_term_string"}}],"inLanguage":"fr-FR"},{"@type":"NewsMediaOrganization","@id":"https:\/\/dicodusport.fr\/blog\/#organization","name":"Dicodusport","url":"https:\/\/dicodusport.fr\/blog\/","logo":{"@type":"ImageObject","inLanguage":"fr-FR","@id":"https:\/\/dicodusport.fr\/blog\/#\/schema\/logo\/image\/","url":"https:\/\/dicodusport.fr\/blog\/wp-content\/uploads\/2020\/06\/cropped-LOGO-DICODUSPORT-2020-SANS-FOND-SANS-TEXTE.png","contentUrl":"https:\/\/dicodusport.fr\/blog\/wp-content\/uploads\/2020\/06\/cropped-LOGO-DICODUSPORT-2020-SANS-FOND-SANS-TEXTE.png","width":512,"height":512,"caption":"Dicodusport"},"image":{"@id":"https:\/\/dicodusport.fr\/blog\/#\/schema\/logo\/image\/"},"sameAs":["https:\/\/www.facebook.com\/dicodusport","https:\/\/x.com\/dicodusport","https:\/\/www.instagram.com\/dicodusport\/","https:\/\/www.youtube.com\/channel\/UC7V2KZ5sd3htJivAbA4ZG3w"],"description":"Dicodusport est l'encyclop\u00e9die de l'actualit\u00e9 sportive.","email":"bonjour@dicodusport.fr","legalName":"DICODUSPORT","foundingDate":"2018-01-14","vatID":"FR71834470973","taxID":"83447097300043","numberOfEmployees":{"@type":"QuantitativeValue","minValue":"1","maxValue":"10"}},{"@type":"Person","@id":"https:\/\/dicodusport.fr\/blog\/#\/schema\/person\/6db4bae06b171592211be385b32876a7","name":"Emilien Descampiaux","image":{"@type":"ImageObject","inLanguage":"fr-FR","@id":"https:\/\/dicodusport.fr\/blog\/#\/schema\/person\/image\/","url":"https:\/\/dicodusport.fr\/blog\/wp-content\/uploads\/2021\/05\/Emilien-Descampiaux-150x150.jpg","contentUrl":"https:\/\/dicodusport.fr\/blog\/wp-content\/uploads\/2021\/05\/Emilien-Descampiaux-150x150.jpg","caption":"Emilien Descampiaux"},"description":"Journaliste\/r\u00e9dacteur depuis 2014 - Fan de la classe de Frank Vandenbroucke, je vis cyclisme (et de ses paysages) depuis plus de 20 ans. Je suis tr\u00e8s impliqu\u00e9 sur mes diff\u00e9rents r\u00e9seaux sociaux pour partager ma passion sur le monde et l'Histoire de la bicyclette avec ma voix sur les images en noir et blanc du succ\u00e8s de Rik Van Steenbergen lors du Ronde sur le V\u00e9lodrome de Gand.","sameAs":["https:\/\/www.facebook.com\/groups\/LesRoisDuPeloton","https:\/\/x.com\/https:\/\/twitter.com\/LRoisDuPeloton"],"url":"https:\/\/dicodusport.fr\/blog\/author\/emiliend\/"}]}},"_links":{"self":[{"href":"https:\/\/dicodusport.fr\/blog\/wp-json\/wp\/v2\/posts\/218319","targetHints":{"allow":["GET"]}}],"collection":[{"href":"https:\/\/dicodusport.fr\/blog\/wp-json\/wp\/v2\/posts"}],"about":[{"href":"https:\/\/dicodusport.fr\/blog\/wp-json\/wp\/v2\/types\/post"}],"author":[{"embeddable":true,"href":"https:\/\/dicodusport.fr\/blog\/wp-json\/wp\/v2\/users\/48"}],"replies":[{"embeddable":true,"href":"https:\/\/dicodusport.fr\/blog\/wp-json\/wp\/v2\/comments?post=218319"}],"version-history":[{"count":0,"href":"https:\/\/dicodusport.fr\/blog\/wp-json\/wp\/v2\/posts\/218319\/revisions"}],"wp:featuredmedia":[{"embeddable":true,"href":"https:\/\/dicodusport.fr\/blog\/wp-json\/wp\/v2\/media\/218552"}],"wp:attachment":[{"href":"https:\/\/dicodusport.fr\/blog\/wp-json\/wp\/v2\/media?parent=218319"}],"wp:term":[{"taxonomy":"category","embeddable":true,"href":"https:\/\/dicodusport.fr\/blog\/wp-json\/wp\/v2\/categories?post=218319"},{"taxonomy":"post_tag","embeddable":true,"href":"https:\/\/dicodusport.fr\/blog\/wp-json\/wp\/v2\/tags?post=218319"}],"curies":[{"name":"wp","href":"https:\/\/api.w.org\/{rel}","templated":true}]}}