{"id":218502,"date":"2022-04-24T18:16:33","date_gmt":"2022-04-24T16:16:33","guid":{"rendered":"https:\/\/dicodusport.fr\/blog\/?p=218502&#038;preview=true&#038;preview_id=218502"},"modified":"2022-04-24T18:47:16","modified_gmt":"2022-04-24T16:47:16","slug":"romain-bardet-julian-alaphilippe-ne-pouvait-ni-bouger-ni-respirer","status":"publish","type":"post","link":"https:\/\/dicodusport.fr\/blog\/romain-bardet-julian-alaphilippe-ne-pouvait-ni-bouger-ni-respirer\/","title":{"rendered":"Romain Bardet : \u00ab\u00a0Julian Alaphilippe ne pouvait ni bouger ni respirer\u00a0\u00bb"},"content":{"rendered":"<p style=\"text-align: justify;\"><b><i><em><strong><a href=\"https:\/\/dicodusport.fr\/blog\/actualites\/cyclisme\/cyclisme-sur-route-2022\/\">CYCLISME SUR ROUTE 2022<\/a> \u2013 <\/strong><\/em>Il y a des gestes qui valent au moins autant qu&rsquo;une victoire. Romain Bardet (Team DSM) a marqu\u00e9 l&rsquo;\u00e9dition 2022 de Li\u00e8ge-Bastogne-Li\u00e8ge au moment de la chute de Julian Alaphilippe. <\/i><\/b><\/p>\n<p style=\"text-align: justify;\">Le leader de la DSM, <strong>Romain Bardet<\/strong>, \u00e9tait en tr\u00e8s grande forme avec une d\u00e9monstration sur le <strong>Tour des Alpes<\/strong>. Pris dans la chute, il aurait pu repartir, mais il est all\u00e9 porter assistance \u00e0 son compatriote, qui \u00e9tait quelques m\u00e8tres plus bas. \u00c0 l&rsquo;arriv\u00e9e, Romain Bardet s&rsquo;est expliqu\u00e9 \u00e0 <em>Velo News<\/em>.<\/p>\n<blockquote>\n<p style=\"text-align: justify;\">C&rsquo;\u00e9tait juste un cauchemar. Quand j&rsquo;ai regard\u00e9 autour de moi, j&rsquo;ai vu Julian \u00e0 5 ou 6 m\u00e8tres plus bas et \u00e7a a \u00e9t\u00e9 un choc \u00e9motionnel. Personne ne venait et il avait vraiment besoin d&rsquo;aide. C&rsquo;\u00e9tait une situation d&rsquo;urgence. Il ne pouvait pas bouger ni respirer. (&#8230;) Il se sentait conscient mais il ne pouvait pas vraiment parler. J&rsquo;esp\u00e8re vraiment qu&rsquo;il va bien. Le m\u00e9canicien est venu, puis le m\u00e9decin. La route \u00e9tait compl\u00e8tement bloqu\u00e9e.<\/p>\n<\/blockquote>\n<p style=\"text-align: justify;\">Si <a href=\"https:\/\/dicodusport.fr\/blog\/lourde-chute-et-abandon-de-julian-alaphilippe-sur-liege-bastogne-liege\/\" target=\"_blank\" rel=\"noopener\">Julian Alaphilippe est parti conscient \u00e0 l&rsquo;h\u00f4pital apr\u00e8s sa lourde chute<\/a>, il n&rsquo;y a pas plus d&rsquo;informations pour le moment sur la gravit\u00e9 de ses blessures. <strong>Romain Bardet<\/strong> va maintenant se pr\u00e9parer pour le Tour d&rsquo;Italie o\u00f9 il visera une place au g\u00e9n\u00e9ral.<\/p>\n<blockquote class=\"twitter-tweet\">\n<p dir=\"ltr\" lang=\"fr\">Romain Bardet:\u00a0\u00bbC&rsquo;\u00e9tait juste un cauchemar. Quand j&rsquo;ai regard\u00e9 autour de moi, j&rsquo;ai vu Julian \u00e0 5 ou 6 m\u00e8tres plus bas et \u00e7a a \u00e9t\u00e9 un choc \u00e9motionnel. Personne ne venait et il avait vraiment besoin d&rsquo;aide. C&rsquo;\u00e9tait une situation d&rsquo;urgence. Il ne pouvait pas bouger ni respirer.\u00a0\u00bb <a href=\"https:\/\/twitter.com\/hashtag\/LBL?src=hash&amp;ref_src=twsrc%5Etfw\">#LBL<\/a><\/p>\n<p>\u2014 Le Gruppetto (@LeGruppetto) <a href=\"https:\/\/twitter.com\/LeGruppetto\/status\/1518259202401128448?ref_src=twsrc%5Etfw\">April 24, 2022<\/a><\/p><\/blockquote>\n<p style=\"text-align: justify;\"><script async src=\"https:\/\/platform.twitter.com\/widgets.js\" charset=\"utf-8\"><\/script><\/p>\n<h2 style=\"text-align: justify;\"><strong>\u00c0 lire aussi<\/strong><\/h2>\n<ul>\n<li style=\"text-align: justify;\"><a href=\"https:\/\/dicodusport.fr\/blog\/classement-liege-bastogne-liege-2022\/\"><strong>Le classement de Li\u00e8ge-Bastogne-Li\u00e8ge 2022<\/strong><\/a><\/li>\n<\/ul>\n","protected":false},"excerpt":{"rendered":"<p>Il y a des gestes qui valent au moins autant qu&rsquo;une victoire. Romain Bardet (Team DSM) a marqu\u00e9 l&rsquo;\u00e9dition 2022 de Li\u00e8ge-Bastogne-Li\u00e8ge au moment de la chute de Julian Alaphilippe.<\/p>\n","protected":false},"author":1,"featured_media":218505,"comment_status":"open","ping_status":"closed","sticky":false,"template":"","format":"standard","meta":{"_acf_changed":false,"_daextam_enable_autolinks":"","footnotes":""},"categories":[46994],"tags":[1719,4165,3646],"class_list":["post-218502","post","type-post","status-publish","format-standard","has-post-thumbnail","hentry","category-cyclisme-sur-route","tag-julian-alaphilippe","tag-liege-bastogne-liege","tag-romain-bardet"],"acf":[],"yoast_head":"<!-- This site is optimized with the Yoast SEO Premium plugin v26.7 (Yoast SEO v26.7) - https:\/\/yoast.com\/wordpress\/plugins\/seo\/ -->\n<title>- Romain Bardet : &quot;Julian Alaphilippe ne pouvait ni bouger ni respirer&quot; - Dicodusport<\/title>\n<meta name=\"description\" content=\"Il y a des gestes qui valent au moins autant qu&#039;une victoire. Romain Bardet (Team DSM) a marqu\u00e9 l&#039;\u00e9dition 2022 de Li\u00e8ge-Bastogne-Li\u00e8ge au moment de la chute de Julian Alaphilippe.\" \/>\n<meta name=\"robots\" content=\"index, follow, max-snippet:-1, max-image-preview:large, max-video-preview:-1\" \/>\n<link rel=\"canonical\" href=\"https:\/\/dicodusport.fr\/blog\/romain-bardet-julian-alaphilippe-ne-pouvait-ni-bouger-ni-respirer\/\" \/>\n<meta property=\"og:locale\" content=\"fr_FR\" \/>\n<meta property=\"og:type\" content=\"article\" \/>\n<meta property=\"og:title\" content=\"Romain Bardet : &quot;Julian Alaphilippe ne pouvait ni bouger ni respirer&quot;\" \/>\n<meta property=\"og:description\" content=\"Il y a des gestes qui valent au moins autant qu&#039;une victoire. Romain Bardet (Team DSM) a marqu\u00e9 l&#039;\u00e9dition 2022 de Li\u00e8ge-Bastogne-Li\u00e8ge au moment de la chute de Julian Alaphilippe.\" \/>\n<meta property=\"og:url\" content=\"https:\/\/dicodusport.fr\/blog\/romain-bardet-julian-alaphilippe-ne-pouvait-ni-bouger-ni-respirer\/\" \/>\n<meta property=\"og:site_name\" content=\"Dicodusport\" \/>\n<meta property=\"article:publisher\" content=\"https:\/\/www.facebook.com\/dicodusport\" \/>\n<meta property=\"article:author\" content=\"https:\/\/www.facebook.com\/dicodusport\" \/>\n<meta property=\"article:published_time\" content=\"2022-04-24T16:16:33+00:00\" \/>\n<meta property=\"article:modified_time\" content=\"2022-04-24T16:47:16+00:00\" \/>\n<meta property=\"og:image\" content=\"https:\/\/dicodusport.fr\/blog\/wp-content\/uploads\/2022\/04\/Romain-Bardet-Julian-Alaphilippe-ne-pouvait-ni-bouger-ni-respirer.png\" \/>\n\t<meta property=\"og:image:width\" content=\"800\" \/>\n\t<meta property=\"og:image:height\" content=\"445\" \/>\n\t<meta property=\"og:image:type\" content=\"image\/png\" \/>\n<meta name=\"author\" content=\"Nicolas Jacquemard\" \/>\n<meta name=\"twitter:card\" content=\"summary_large_image\" \/>\n<meta name=\"twitter:title\" content=\"Romain Bardet : &quot;Julian Alaphilippe ne pouvait ni bouger ni respirer&quot;\" \/>\n<meta name=\"twitter:creator\" content=\"@https:\/\/twitter.com\/Nico_Jacquemard\" \/>\n<meta name=\"twitter:site\" content=\"@dicodusport\" \/>\n<script type=\"application\/ld+json\" class=\"yoast-schema-graph\">{\"@context\":\"https:\/\/schema.org\",\"@graph\":[{\"@type\":\"NewsArticle\",\"@id\":\"https:\/\/dicodusport.fr\/blog\/romain-bardet-julian-alaphilippe-ne-pouvait-ni-bouger-ni-respirer\/#article\",\"isPartOf\":{\"@id\":\"https:\/\/dicodusport.fr\/blog\/romain-bardet-julian-alaphilippe-ne-pouvait-ni-bouger-ni-respirer\/\"},\"author\":{\"name\":\"Nicolas Jacquemard\",\"@id\":\"https:\/\/dicodusport.fr\/blog\/#\/schema\/person\/55dcb50ad410894e431ed812bbb70191\"},\"headline\":\"Romain Bardet : \u00ab\u00a0Julian Alaphilippe ne pouvait ni bouger ni respirer\u00a0\u00bb\",\"datePublished\":\"2022-04-24T16:16:33+00:00\",\"dateModified\":\"2022-04-24T16:47:16+00:00\",\"mainEntityOfPage\":{\"@id\":\"https:\/\/dicodusport.fr\/blog\/romain-bardet-julian-alaphilippe-ne-pouvait-ni-bouger-ni-respirer\/\"},\"wordCount\":305,\"commentCount\":0,\"publisher\":{\"@id\":\"https:\/\/dicodusport.fr\/blog\/#organization\"},\"image\":{\"@id\":\"https:\/\/dicodusport.fr\/blog\/romain-bardet-julian-alaphilippe-ne-pouvait-ni-bouger-ni-respirer\/#primaryimage\"},\"thumbnailUrl\":\"https:\/\/dicodusport.fr\/blog\/wp-content\/uploads\/2022\/04\/Romain-Bardet-Julian-Alaphilippe-ne-pouvait-ni-bouger-ni-respirer.png\",\"keywords\":[\"Julian Alaphilippe\",\"Li\u00e8ge-Bastogne-Li\u00e8ge\",\"Romain Bardet\"],\"articleSection\":[\"Cyclisme sur route\"],\"inLanguage\":\"fr-FR\",\"potentialAction\":[{\"@type\":\"CommentAction\",\"name\":\"Comment\",\"target\":[\"https:\/\/dicodusport.fr\/blog\/romain-bardet-julian-alaphilippe-ne-pouvait-ni-bouger-ni-respirer\/#respond\"]}],\"copyrightYear\":\"2022\",\"copyrightHolder\":{\"@id\":\"https:\/\/dicodusport.fr\/blog\/#organization\"}},{\"@type\":\"WebPage\",\"@id\":\"https:\/\/dicodusport.fr\/blog\/romain-bardet-julian-alaphilippe-ne-pouvait-ni-bouger-ni-respirer\/\",\"url\":\"https:\/\/dicodusport.fr\/blog\/romain-bardet-julian-alaphilippe-ne-pouvait-ni-bouger-ni-respirer\/\",\"name\":\"- Romain Bardet : \\\"Julian Alaphilippe ne pouvait ni bouger ni respirer\\\" - Dicodusport\",\"isPartOf\":{\"@id\":\"https:\/\/dicodusport.fr\/blog\/#website\"},\"primaryImageOfPage\":{\"@id\":\"https:\/\/dicodusport.fr\/blog\/romain-bardet-julian-alaphilippe-ne-pouvait-ni-bouger-ni-respirer\/#primaryimage\"},\"image\":{\"@id\":\"https:\/\/dicodusport.fr\/blog\/romain-bardet-julian-alaphilippe-ne-pouvait-ni-bouger-ni-respirer\/#primaryimage\"},\"thumbnailUrl\":\"https:\/\/dicodusport.fr\/blog\/wp-content\/uploads\/2022\/04\/Romain-Bardet-Julian-Alaphilippe-ne-pouvait-ni-bouger-ni-respirer.png\",\"datePublished\":\"2022-04-24T16:16:33+00:00\",\"dateModified\":\"2022-04-24T16:47:16+00:00\",\"description\":\"Il y a des gestes qui valent au moins autant qu'une victoire. Romain Bardet (Team DSM) a marqu\u00e9 l'\u00e9dition 2022 de Li\u00e8ge-Bastogne-Li\u00e8ge au moment de la chute de Julian Alaphilippe.\",\"breadcrumb\":{\"@id\":\"https:\/\/dicodusport.fr\/blog\/romain-bardet-julian-alaphilippe-ne-pouvait-ni-bouger-ni-respirer\/#breadcrumb\"},\"inLanguage\":\"fr-FR\",\"potentialAction\":[{\"@type\":\"ReadAction\",\"target\":[\"https:\/\/dicodusport.fr\/blog\/romain-bardet-julian-alaphilippe-ne-pouvait-ni-bouger-ni-respirer\/\"]}]},{\"@type\":\"ImageObject\",\"inLanguage\":\"fr-FR\",\"@id\":\"https:\/\/dicodusport.fr\/blog\/romain-bardet-julian-alaphilippe-ne-pouvait-ni-bouger-ni-respirer\/#primaryimage\",\"url\":\"https:\/\/dicodusport.fr\/blog\/wp-content\/uploads\/2022\/04\/Romain-Bardet-Julian-Alaphilippe-ne-pouvait-ni-bouger-ni-respirer.png\",\"contentUrl\":\"https:\/\/dicodusport.fr\/blog\/wp-content\/uploads\/2022\/04\/Romain-Bardet-Julian-Alaphilippe-ne-pouvait-ni-bouger-ni-respirer.png\",\"width\":800,\"height\":445},{\"@type\":\"BreadcrumbList\",\"@id\":\"https:\/\/dicodusport.fr\/blog\/romain-bardet-julian-alaphilippe-ne-pouvait-ni-bouger-ni-respirer\/#breadcrumb\",\"itemListElement\":[{\"@type\":\"ListItem\",\"position\":1,\"name\":\"Accueil\",\"item\":\"https:\/\/dicodusport.fr\/blog\/\"},{\"@type\":\"ListItem\",\"position\":2,\"name\":\"Romain Bardet : \u00ab\u00a0Julian Alaphilippe ne pouvait ni bouger ni respirer\u00a0\u00bb\"}]},{\"@type\":\"WebSite\",\"@id\":\"https:\/\/dicodusport.fr\/blog\/#website\",\"url\":\"https:\/\/dicodusport.fr\/blog\/\",\"name\":\"Dicodusport\",\"description\":\"L&#039;encyclop\u00e9die de l&#039;actualit\u00e9 sportive\",\"publisher\":{\"@id\":\"https:\/\/dicodusport.fr\/blog\/#organization\"},\"potentialAction\":[{\"@type\":\"SearchAction\",\"target\":{\"@type\":\"EntryPoint\",\"urlTemplate\":\"https:\/\/dicodusport.fr\/blog\/?s={search_term_string}\"},\"query-input\":{\"@type\":\"PropertyValueSpecification\",\"valueRequired\":true,\"valueName\":\"search_term_string\"}}],\"inLanguage\":\"fr-FR\"},{\"@type\":\"NewsMediaOrganization\",\"@id\":\"https:\/\/dicodusport.fr\/blog\/#organization\",\"name\":\"Dicodusport\",\"url\":\"https:\/\/dicodusport.fr\/blog\/\",\"logo\":{\"@type\":\"ImageObject\",\"inLanguage\":\"fr-FR\",\"@id\":\"https:\/\/dicodusport.fr\/blog\/#\/schema\/logo\/image\/\",\"url\":\"https:\/\/dicodusport.fr\/blog\/wp-content\/uploads\/2020\/06\/cropped-LOGO-DICODUSPORT-2020-SANS-FOND-SANS-TEXTE.png\",\"contentUrl\":\"https:\/\/dicodusport.fr\/blog\/wp-content\/uploads\/2020\/06\/cropped-LOGO-DICODUSPORT-2020-SANS-FOND-SANS-TEXTE.png\",\"width\":512,\"height\":512,\"caption\":\"Dicodusport\"},\"image\":{\"@id\":\"https:\/\/dicodusport.fr\/blog\/#\/schema\/logo\/image\/\"},\"sameAs\":[\"https:\/\/www.facebook.com\/dicodusport\",\"https:\/\/x.com\/dicodusport\",\"https:\/\/www.instagram.com\/dicodusport\/\",\"https:\/\/www.youtube.com\/channel\/UC7V2KZ5sd3htJivAbA4ZG3w\"],\"description\":\"Dicodusport est l'encyclop\u00e9die de l'actualit\u00e9 sportive.\",\"email\":\"bonjour@dicodusport.fr\",\"legalName\":\"DICODUSPORT\",\"foundingDate\":\"2018-01-14\",\"vatID\":\"FR71834470973\",\"taxID\":\"83447097300043\",\"numberOfEmployees\":{\"@type\":\"QuantitativeValue\",\"minValue\":\"1\",\"maxValue\":\"10\"}},{\"@type\":\"Person\",\"@id\":\"https:\/\/dicodusport.fr\/blog\/#\/schema\/person\/55dcb50ad410894e431ed812bbb70191\",\"name\":\"Nicolas Jacquemard\",\"image\":{\"@type\":\"ImageObject\",\"inLanguage\":\"fr-FR\",\"@id\":\"https:\/\/dicodusport.fr\/blog\/#\/schema\/person\/image\/\",\"url\":\"https:\/\/dicodusport.fr\/blog\/wp-content\/uploads\/2021\/05\/Nicolas-Jacquemard-150x150.jpeg\",\"contentUrl\":\"https:\/\/dicodusport.fr\/blog\/wp-content\/uploads\/2021\/05\/Nicolas-Jacquemard-150x150.jpeg\",\"caption\":\"Nicolas Jacquemard\"},\"description\":\"Passionn\u00e9 de sport et entrepreneur depuis mes 18 ans, la cr\u00e9ation de Dicodusport m'a sembl\u00e9 \u00e9vidente pour participer \u00e0 la m\u00e9diatisation d'un plus grand nombre de sports. Le chemin est long mais avec une \u00e9quipe des plus motiv\u00e9es et les Jeux Olympiques de Paris 2024 en point de mire, nous y arriverons ! Journaliste dans le monde du sport depuis plus de 5 ans, je traite aussi bien de football, de rugby, de biathlon que de cyclisme.\",\"sameAs\":[\"https:\/\/www.facebook.com\/dicodusport\",\"https:\/\/x.com\/https:\/\/twitter.com\/Nico_Jacquemard\"],\"url\":\"https:\/\/dicodusport.fr\/blog\/author\/dicodusport\/\"}]}<\/script>\n<!-- \/ Yoast SEO Premium plugin. -->","yoast_head_json":{"title":"- Romain Bardet : \"Julian Alaphilippe ne pouvait ni bouger ni respirer\" - Dicodusport","description":"Il y a des gestes qui valent au moins autant qu'une victoire. Romain Bardet (Team DSM) a marqu\u00e9 l'\u00e9dition 2022 de Li\u00e8ge-Bastogne-Li\u00e8ge au moment de la chute de Julian Alaphilippe.","robots":{"index":"index","follow":"follow","max-snippet":"max-snippet:-1","max-image-preview":"max-image-preview:large","max-video-preview":"max-video-preview:-1"},"canonical":"https:\/\/dicodusport.fr\/blog\/romain-bardet-julian-alaphilippe-ne-pouvait-ni-bouger-ni-respirer\/","og_locale":"fr_FR","og_type":"article","og_title":"Romain Bardet : \"Julian Alaphilippe ne pouvait ni bouger ni respirer\"","og_description":"Il y a des gestes qui valent au moins autant qu'une victoire. Romain Bardet (Team DSM) a marqu\u00e9 l'\u00e9dition 2022 de Li\u00e8ge-Bastogne-Li\u00e8ge au moment de la chute de Julian Alaphilippe.","og_url":"https:\/\/dicodusport.fr\/blog\/romain-bardet-julian-alaphilippe-ne-pouvait-ni-bouger-ni-respirer\/","og_site_name":"Dicodusport","article_publisher":"https:\/\/www.facebook.com\/dicodusport","article_author":"https:\/\/www.facebook.com\/dicodusport","article_published_time":"2022-04-24T16:16:33+00:00","article_modified_time":"2022-04-24T16:47:16+00:00","og_image":[{"width":800,"height":445,"url":"https:\/\/dicodusport.fr\/blog\/wp-content\/uploads\/2022\/04\/Romain-Bardet-Julian-Alaphilippe-ne-pouvait-ni-bouger-ni-respirer.png","type":"image\/png"}],"author":"Nicolas Jacquemard","twitter_card":"summary_large_image","twitter_title":"Romain Bardet : \"Julian Alaphilippe ne pouvait ni bouger ni respirer\"","twitter_creator":"@https:\/\/twitter.com\/Nico_Jacquemard","twitter_site":"@dicodusport","schema":{"@context":"https:\/\/schema.org","@graph":[{"@type":"NewsArticle","@id":"https:\/\/dicodusport.fr\/blog\/romain-bardet-julian-alaphilippe-ne-pouvait-ni-bouger-ni-respirer\/#article","isPartOf":{"@id":"https:\/\/dicodusport.fr\/blog\/romain-bardet-julian-alaphilippe-ne-pouvait-ni-bouger-ni-respirer\/"},"author":{"name":"Nicolas Jacquemard","@id":"https:\/\/dicodusport.fr\/blog\/#\/schema\/person\/55dcb50ad410894e431ed812bbb70191"},"headline":"Romain Bardet : \u00ab\u00a0Julian Alaphilippe ne pouvait ni bouger ni respirer\u00a0\u00bb","datePublished":"2022-04-24T16:16:33+00:00","dateModified":"2022-04-24T16:47:16+00:00","mainEntityOfPage":{"@id":"https:\/\/dicodusport.fr\/blog\/romain-bardet-julian-alaphilippe-ne-pouvait-ni-bouger-ni-respirer\/"},"wordCount":305,"commentCount":0,"publisher":{"@id":"https:\/\/dicodusport.fr\/blog\/#organization"},"image":{"@id":"https:\/\/dicodusport.fr\/blog\/romain-bardet-julian-alaphilippe-ne-pouvait-ni-bouger-ni-respirer\/#primaryimage"},"thumbnailUrl":"https:\/\/dicodusport.fr\/blog\/wp-content\/uploads\/2022\/04\/Romain-Bardet-Julian-Alaphilippe-ne-pouvait-ni-bouger-ni-respirer.png","keywords":["Julian Alaphilippe","Li\u00e8ge-Bastogne-Li\u00e8ge","Romain Bardet"],"articleSection":["Cyclisme sur route"],"inLanguage":"fr-FR","potentialAction":[{"@type":"CommentAction","name":"Comment","target":["https:\/\/dicodusport.fr\/blog\/romain-bardet-julian-alaphilippe-ne-pouvait-ni-bouger-ni-respirer\/#respond"]}],"copyrightYear":"2022","copyrightHolder":{"@id":"https:\/\/dicodusport.fr\/blog\/#organization"}},{"@type":"WebPage","@id":"https:\/\/dicodusport.fr\/blog\/romain-bardet-julian-alaphilippe-ne-pouvait-ni-bouger-ni-respirer\/","url":"https:\/\/dicodusport.fr\/blog\/romain-bardet-julian-alaphilippe-ne-pouvait-ni-bouger-ni-respirer\/","name":"- Romain Bardet : \"Julian Alaphilippe ne pouvait ni bouger ni respirer\" - Dicodusport","isPartOf":{"@id":"https:\/\/dicodusport.fr\/blog\/#website"},"primaryImageOfPage":{"@id":"https:\/\/dicodusport.fr\/blog\/romain-bardet-julian-alaphilippe-ne-pouvait-ni-bouger-ni-respirer\/#primaryimage"},"image":{"@id":"https:\/\/dicodusport.fr\/blog\/romain-bardet-julian-alaphilippe-ne-pouvait-ni-bouger-ni-respirer\/#primaryimage"},"thumbnailUrl":"https:\/\/dicodusport.fr\/blog\/wp-content\/uploads\/2022\/04\/Romain-Bardet-Julian-Alaphilippe-ne-pouvait-ni-bouger-ni-respirer.png","datePublished":"2022-04-24T16:16:33+00:00","dateModified":"2022-04-24T16:47:16+00:00","description":"Il y a des gestes qui valent au moins autant qu'une victoire. Romain Bardet (Team DSM) a marqu\u00e9 l'\u00e9dition 2022 de Li\u00e8ge-Bastogne-Li\u00e8ge au moment de la chute de Julian Alaphilippe.","breadcrumb":{"@id":"https:\/\/dicodusport.fr\/blog\/romain-bardet-julian-alaphilippe-ne-pouvait-ni-bouger-ni-respirer\/#breadcrumb"},"inLanguage":"fr-FR","potentialAction":[{"@type":"ReadAction","target":["https:\/\/dicodusport.fr\/blog\/romain-bardet-julian-alaphilippe-ne-pouvait-ni-bouger-ni-respirer\/"]}]},{"@type":"ImageObject","inLanguage":"fr-FR","@id":"https:\/\/dicodusport.fr\/blog\/romain-bardet-julian-alaphilippe-ne-pouvait-ni-bouger-ni-respirer\/#primaryimage","url":"https:\/\/dicodusport.fr\/blog\/wp-content\/uploads\/2022\/04\/Romain-Bardet-Julian-Alaphilippe-ne-pouvait-ni-bouger-ni-respirer.png","contentUrl":"https:\/\/dicodusport.fr\/blog\/wp-content\/uploads\/2022\/04\/Romain-Bardet-Julian-Alaphilippe-ne-pouvait-ni-bouger-ni-respirer.png","width":800,"height":445},{"@type":"BreadcrumbList","@id":"https:\/\/dicodusport.fr\/blog\/romain-bardet-julian-alaphilippe-ne-pouvait-ni-bouger-ni-respirer\/#breadcrumb","itemListElement":[{"@type":"ListItem","position":1,"name":"Accueil","item":"https:\/\/dicodusport.fr\/blog\/"},{"@type":"ListItem","position":2,"name":"Romain Bardet : \u00ab\u00a0Julian Alaphilippe ne pouvait ni bouger ni respirer\u00a0\u00bb"}]},{"@type":"WebSite","@id":"https:\/\/dicodusport.fr\/blog\/#website","url":"https:\/\/dicodusport.fr\/blog\/","name":"Dicodusport","description":"L&#039;encyclop\u00e9die de l&#039;actualit\u00e9 sportive","publisher":{"@id":"https:\/\/dicodusport.fr\/blog\/#organization"},"potentialAction":[{"@type":"SearchAction","target":{"@type":"EntryPoint","urlTemplate":"https:\/\/dicodusport.fr\/blog\/?s={search_term_string}"},"query-input":{"@type":"PropertyValueSpecification","valueRequired":true,"valueName":"search_term_string"}}],"inLanguage":"fr-FR"},{"@type":"NewsMediaOrganization","@id":"https:\/\/dicodusport.fr\/blog\/#organization","name":"Dicodusport","url":"https:\/\/dicodusport.fr\/blog\/","logo":{"@type":"ImageObject","inLanguage":"fr-FR","@id":"https:\/\/dicodusport.fr\/blog\/#\/schema\/logo\/image\/","url":"https:\/\/dicodusport.fr\/blog\/wp-content\/uploads\/2020\/06\/cropped-LOGO-DICODUSPORT-2020-SANS-FOND-SANS-TEXTE.png","contentUrl":"https:\/\/dicodusport.fr\/blog\/wp-content\/uploads\/2020\/06\/cropped-LOGO-DICODUSPORT-2020-SANS-FOND-SANS-TEXTE.png","width":512,"height":512,"caption":"Dicodusport"},"image":{"@id":"https:\/\/dicodusport.fr\/blog\/#\/schema\/logo\/image\/"},"sameAs":["https:\/\/www.facebook.com\/dicodusport","https:\/\/x.com\/dicodusport","https:\/\/www.instagram.com\/dicodusport\/","https:\/\/www.youtube.com\/channel\/UC7V2KZ5sd3htJivAbA4ZG3w"],"description":"Dicodusport est l'encyclop\u00e9die de l'actualit\u00e9 sportive.","email":"bonjour@dicodusport.fr","legalName":"DICODUSPORT","foundingDate":"2018-01-14","vatID":"FR71834470973","taxID":"83447097300043","numberOfEmployees":{"@type":"QuantitativeValue","minValue":"1","maxValue":"10"}},{"@type":"Person","@id":"https:\/\/dicodusport.fr\/blog\/#\/schema\/person\/55dcb50ad410894e431ed812bbb70191","name":"Nicolas Jacquemard","image":{"@type":"ImageObject","inLanguage":"fr-FR","@id":"https:\/\/dicodusport.fr\/blog\/#\/schema\/person\/image\/","url":"https:\/\/dicodusport.fr\/blog\/wp-content\/uploads\/2021\/05\/Nicolas-Jacquemard-150x150.jpeg","contentUrl":"https:\/\/dicodusport.fr\/blog\/wp-content\/uploads\/2021\/05\/Nicolas-Jacquemard-150x150.jpeg","caption":"Nicolas Jacquemard"},"description":"Passionn\u00e9 de sport et entrepreneur depuis mes 18 ans, la cr\u00e9ation de Dicodusport m'a sembl\u00e9 \u00e9vidente pour participer \u00e0 la m\u00e9diatisation d'un plus grand nombre de sports. Le chemin est long mais avec une \u00e9quipe des plus motiv\u00e9es et les Jeux Olympiques de Paris 2024 en point de mire, nous y arriverons ! Journaliste dans le monde du sport depuis plus de 5 ans, je traite aussi bien de football, de rugby, de biathlon que de cyclisme.","sameAs":["https:\/\/www.facebook.com\/dicodusport","https:\/\/x.com\/https:\/\/twitter.com\/Nico_Jacquemard"],"url":"https:\/\/dicodusport.fr\/blog\/author\/dicodusport\/"}]}},"_links":{"self":[{"href":"https:\/\/dicodusport.fr\/blog\/wp-json\/wp\/v2\/posts\/218502","targetHints":{"allow":["GET"]}}],"collection":[{"href":"https:\/\/dicodusport.fr\/blog\/wp-json\/wp\/v2\/posts"}],"about":[{"href":"https:\/\/dicodusport.fr\/blog\/wp-json\/wp\/v2\/types\/post"}],"author":[{"embeddable":true,"href":"https:\/\/dicodusport.fr\/blog\/wp-json\/wp\/v2\/users\/1"}],"replies":[{"embeddable":true,"href":"https:\/\/dicodusport.fr\/blog\/wp-json\/wp\/v2\/comments?post=218502"}],"version-history":[{"count":0,"href":"https:\/\/dicodusport.fr\/blog\/wp-json\/wp\/v2\/posts\/218502\/revisions"}],"wp:featuredmedia":[{"embeddable":true,"href":"https:\/\/dicodusport.fr\/blog\/wp-json\/wp\/v2\/media\/218505"}],"wp:attachment":[{"href":"https:\/\/dicodusport.fr\/blog\/wp-json\/wp\/v2\/media?parent=218502"}],"wp:term":[{"taxonomy":"category","embeddable":true,"href":"https:\/\/dicodusport.fr\/blog\/wp-json\/wp\/v2\/categories?post=218502"},{"taxonomy":"post_tag","embeddable":true,"href":"https:\/\/dicodusport.fr\/blog\/wp-json\/wp\/v2\/tags?post=218502"}],"curies":[{"name":"wp","href":"https:\/\/api.w.org\/{rel}","templated":true}]}}