{"id":218603,"date":"2022-05-01T17:01:38","date_gmt":"2022-05-01T15:01:38","guid":{"rendered":"https:\/\/dicodusport.fr\/blog\/?p=218603&#038;preview=true&#038;preview_id=218603"},"modified":"2022-05-01T17:48:52","modified_gmt":"2022-05-01T15:48:52","slug":"programme-et-resultats-championnats-europe-judo-2022","status":"publish","type":"post","link":"https:\/\/dicodusport.fr\/blog\/programme-et-resultats-championnats-europe-judo-2022\/","title":{"rendered":"Programme et r\u00e9sultats Championnats d&rsquo;Europe de judo 2022"},"content":{"rendered":"<p style=\"text-align: justify;\"><strong><em>JUDO &#8211; Les Championnats d&rsquo;Europe se d\u00e9roulent du vendredi 29 avril au dimanche 1er mai \u00e0 Sofia (Bulgarie). Programme de la comp\u00e9tition.<\/em><\/strong><\/p>\n<h3 style=\"text-align: justify;\">Vendredi 29 avril<\/h3>\n<p style=\"text-align: justify;\"><strong>8h30 : \u00e9liminatoires<\/strong><br \/>\n<strong>15h : finales\u00a0<\/strong><\/p>\n<p style=\"text-align: justify;\"><strong>Femmes<\/strong><br \/>\n<a href=\"http:\/\/judolive01.lb.judobase.org\/www.judo-world.net\/eju\/european\/ec_sen2022_sofia\/\/tta.php?tta_mode=&amp;aktion=pdf_sheet&amp;klasse=-48\" target=\"_blank\" rel=\"noopener\">-48 kg<\/a> , <a href=\"http:\/\/judolive01.lb.judobase.org\/www.judo-world.net\/eju\/european\/ec_sen2022_sofia\/\/tta.php?tta_mode=&amp;aktion=pdf_sheet&amp;klasse=-52\" target=\"_blank\" rel=\"noopener\">-52 kg<\/a>, <a href=\"http:\/\/judolive01.lb.judobase.org\/www.judo-world.net\/eju\/european\/ec_sen2022_sofia\/\/tta.php?tta_mode=&amp;aktion=pdf_sheet&amp;klasse=-57\" target=\"_blank\" rel=\"noopener\">-57 kg<\/a><\/p>\n<p style=\"text-align: justify;\"><strong>Hommes<\/strong><br \/>\n<a href=\"http:\/\/judolive01.lb.judobase.org\/www.judo-world.net\/eju\/european\/ec_sen2022_sofia\/\/tta.php?tta_mode=&amp;aktion=pdf_sheet&amp;klasse=-60\" target=\"_blank\" rel=\"noopener\">-60 kg<\/a>, <a href=\"http:\/\/judolive01.lb.judobase.org\/www.judo-world.net\/eju\/european\/ec_sen2022_sofia\/\/tta.php?tta_mode=&amp;aktion=pdf_sheet&amp;klasse=-66\" target=\"_blank\" rel=\"noopener\">-66 kg<\/a><\/p>\n<ul>\n<li><a href=\"https:\/\/dicodusport.fr\/blog\/judo-shirine-boukli-recupere-son-titre-europeen-cedric-revol-en-bronze\/\" target=\"_blank\" rel=\"noopener\"><strong>Shirine Boukli remporte l&rsquo;or, C\u00e9driv Revol en bronze<\/strong><\/a><\/li>\n<li><a href=\"https:\/\/dicodusport.fr\/blog\/championnats-deurope-de-judo-amandine-buchard-remporte-la-medaille-dargent\/\" target=\"_blank\" rel=\"noopener\"><strong>Amandine Buchard remporte la m\u00e9daille d&rsquo;argent<\/strong><\/a><\/li>\n<li><a href=\"https:\/\/dicodusport.fr\/blog\/judo-sarah-leonie-cysique-vice-championne-deurope\/\" target=\"_blank\" rel=\"noopener\"><strong>Sarah-L\u00e9onie Cysique en argent<\/strong><\/a><\/li>\n<\/ul>\n<hr \/>\n<h3 style=\"text-align: justify;\">Samedi 30 avril<\/h3>\n<p style=\"text-align: justify;\"><strong>8h30 : \u00e9liminatoires<\/strong><br \/>\n<strong>15h : finales<\/strong><\/p>\n<p style=\"text-align: justify;\"><strong>Femmes<\/strong><br \/>\n<a href=\"http:\/\/judolive01.lb.judobase.org\/www.judo-world.net\/eju\/european\/ec_sen2022_sofia\/\/tta.php?tta_mode=&amp;aktion=pdf_sheet&amp;klasse=-63\" target=\"_blank\" rel=\"noopener\">-63 kg<\/a>, <a href=\"http:\/\/judolive01.lb.judobase.org\/www.judo-world.net\/eju\/european\/ec_sen2022_sofia\/\/tta.php?tta_mode=&amp;aktion=pdf_sheet&amp;klasse=-70\" target=\"_blank\" rel=\"noopener\">-70 kg<\/a><\/p>\n<p style=\"text-align: justify;\"><strong>Hommes<\/strong><br \/>\n<a href=\"http:\/\/judolive01.lb.judobase.org\/www.judo-world.net\/eju\/european\/ec_sen2022_sofia\/\/tta.php?tta_mode=&amp;aktion=pdf_sheet&amp;klasse=-73\" target=\"_blank\" rel=\"noopener\">-73 kg<\/a>, <a href=\"http:\/\/judolive01.lb.judobase.org\/www.judo-world.net\/eju\/european\/ec_sen2022_sofia\/\/tta.php?tta_mode=&amp;aktion=pdf_sheet&amp;klasse=-81\" target=\"_blank\" rel=\"noopener\">-81 kg<\/a><\/p>\n<ul>\n<li><a href=\"https:\/\/dicodusport.fr\/blog\/judo-marie-eve-gahie-championne-deurope-margaux-pinot-en-bronze\/\" target=\"_blank\" rel=\"noopener\"><strong>Marie-\u00c8ve Gahi\u00e9 championne d&rsquo;Europe, Margaux Pinot en bronze<\/strong><\/a><\/li>\n<\/ul>\n<hr \/>\n<h3 style=\"text-align: justify;\">Dimanche 1er mai<\/h3>\n<p style=\"text-align: justify;\"><strong>9h : \u00e9liminatoires<\/strong><br \/>\n<strong>15h : finales<br \/>\n<\/strong><\/p>\n<p style=\"text-align: justify;\"><strong>Femmes<\/strong><br \/>\n<a href=\"http:\/\/judolive01.lb.judobase.org\/www.judo-world.net\/eju\/european\/ec_sen2022_sofia\/\/tta.php?tta_mode=&amp;aktion=pdf_sheet&amp;klasse=-78\" target=\"_blank\" rel=\"noopener\">-78 kg<\/a>, <a href=\"http:\/\/judolive01.lb.judobase.org\/www.judo-world.net\/eju\/european\/ec_sen2022_sofia\/\/tta.php?tta_mode=&amp;aktion=pdf_sheet&amp;klasse=p78\" target=\"_blank\" rel=\"noopener\">+78 kg<\/a><\/p>\n<p style=\"text-align: justify;\"><strong>Hommes<\/strong><br \/>\n<a href=\"http:\/\/judolive01.lb.judobase.org\/www.judo-world.net\/eju\/european\/ec_sen2022_sofia\/\/tta.php?tta_mode=&amp;aktion=pdf_sheet&amp;klasse=-90\" target=\"_blank\" rel=\"noopener\">-90 kg<\/a>, <a href=\"http:\/\/judolive01.lb.judobase.org\/www.judo-world.net\/eju\/european\/ec_sen2022_sofia\/\/tta.php?tta_mode=&amp;aktion=pdf_sheet&amp;klasse=-100\" target=\"_blank\" rel=\"noopener\">-100 kg<\/a>, <a href=\"http:\/\/judolive01.lb.judobase.org\/www.judo-world.net\/eju\/european\/ec_sen2022_sofia\/\/tta.php?tta_mode=&amp;aktion=pdf_sheet&amp;klasse=p100\" target=\"_blank\" rel=\"noopener\">+100 kg<\/a><\/p>\n<ul>\n<li><a href=\"https:\/\/dicodusport.fr\/blog\/judo-troisieme-titre-europeen-pour-romane-dicko-madeleine-malonga-en-bronze\/\" target=\"_blank\" rel=\"noopener\"><strong>Romane Dicko remporte l&rsquo;or, Madeleine Malonga en bronze<\/strong><\/a><\/li>\n<\/ul>\n<hr \/>\n<p style=\"text-align: justify;\">Tous les combats sont \u00e0 suivre sur la cha\u00eene de l&rsquo;<a href=\"https:\/\/www.youtube.com\/user\/europeanjudo\" target=\"_blank\" rel=\"noopener\">EJU<\/a> (sauf les finales, non disponibles en France).<\/p>\n<p style=\"text-align: justify;\"><a href=\"https:\/\/live.lequipe.fr\/\" target=\"_blank\" rel=\"noopener\"><strong>L&rsquo;Equipe live<\/strong><\/a> diffusera les finales \u00e0 partir de 15h.<\/p>\n<hr \/>\n<h2>Les podiums<\/h2>\n<h3 style=\"text-align: justify;\">Femmes<\/h3>\n<div class=\"su-table su-table-alternate\">\n<table style=\"width: 800px;border-collapse: collapse\">\n<tbody>\n<tr>\n<td style=\"text-align: center;width: 200px;vertical-align: middle\"><strong>\u00c9preuves<\/strong><\/td>\n<td style=\"background-color: #fff242;text-align: center;width: 200px;vertical-align: middle\"><strong>&#x1f947; Or<\/strong><\/td>\n<td style=\"background-color: #a8a8a8;text-align: center;width: 200px;vertical-align: middle\"><strong>&#x1f948; Argent<\/strong><\/td>\n<td style=\"background-color: #c97159;text-align: center;width: 200px;vertical-align: middle\"><strong>&#x1f949; Bronze<\/strong><\/td>\n<\/tr>\n<tr>\n<td style=\"text-align: center;width: 200px;vertical-align: middle\"><strong>-48 kg<\/strong><\/td>\n<td style=\"text-align: center;width: 200px;vertical-align: middle\">&#x1f1eb;&#x1f1f7; <strong>Shirine Boukli<\/strong><\/td>\n<td style=\"text-align: center;width: 200px;vertical-align: middle\">&#x1f1f5;&#x1f1f9; Catarina Costa<\/td>\n<td style=\"text-align: center;width: 200px;vertical-align: middle\">&#x1f1ee;&#x1f1f1; Shira Rishony<br \/>\n&#x1f1ea;&#x1f1f8; Julia Figueroa<\/td>\n<\/tr>\n<tr>\n<td style=\"text-align: center;width: 200px;vertical-align: middle\"><strong>-52 kg<\/strong><\/td>\n<td style=\"text-align: center;width: 200px;vertical-align: middle\">&#x1f1ec;&#x1f1e7; <strong>Chelsie Giles<\/strong><\/td>\n<td style=\"text-align: center;width: 200px;vertical-align: middle\"><strong>&#x1f1eb;&#x1f1f7; <\/strong>Amandine Buchard<\/td>\n<td style=\"text-align: center;width: 200px;vertical-align: middle\">&#x1f1fd;&#x1f1f0; Distria Krasniqi<br \/>\n&#x1f1ed;&#x1f1f7; Ana Viktorija Puljiz<\/td>\n<\/tr>\n<tr>\n<td style=\"text-align: center;width: 200px;vertical-align: middle\"><strong>-57 kg<\/strong><\/td>\n<td style=\"text-align: center;width: 200px;vertical-align: middle\">&#x1f1ee;&#x1f1f1; <strong>Timna Nelson Levy<\/strong><\/td>\n<td style=\"text-align: center;width: 200px;vertical-align: middle\">&#x1f1eb;&#x1f1f7; Sarah-L\u00e9onie Cysique<\/td>\n<td style=\"text-align: center;width: 200px;vertical-align: middle\">&#x1f1e7;&#x1f1ea; Mina Libeer<br \/>\n&#x1f1ec;&#x1f1ea; Eteri Liparteliani<\/td>\n<\/tr>\n<tr>\n<td style=\"text-align: center;width: 200px;vertical-align: middle\"><strong>-63 kg<\/strong><\/td>\n<td style=\"text-align: center;width: 200px;vertical-align: middle\"><strong>&#x1f1ec;&#x1f1e7; Gemma Howell<\/strong><\/td>\n<td style=\"text-align: center;width: 200px;vertical-align: middle\">&#x1f1fd;&#x1f1f0; Laura Fazliu<\/td>\n<td style=\"text-align: center;width: 200px;vertical-align: middle\">&#x1f1ed;&#x1f1fa; Szofi Ozbas<br \/>\n&#x1f1ee;&#x1f1f1; Gili Sharir<\/td>\n<\/tr>\n<tr>\n<td style=\"text-align: center;width: 200px;vertical-align: middle\"><strong>-70 kg<\/strong><\/td>\n<td style=\"text-align: center;width: 200px;vertical-align: middle\">&#x1f1eb;&#x1f1f7;<strong> Marie-\u00c8ve Gahi\u00e9<\/strong><\/td>\n<td style=\"text-align: center;width: 200px;vertical-align: middle\">&#x1f1f3;&#x1f1f1; Sanne Van Dijke<\/td>\n<td style=\"text-align: center;width: 200px;vertical-align: middle\">&#x1f1eb;&#x1f1f7; Margaux Pinot<br \/>\n&#x1f1f8;&#x1f1ee; Anka Pogacnik<\/td>\n<\/tr>\n<tr>\n<td style=\"text-align: center;width: 200px;vertical-align: middle\"><strong>-78 kg<\/strong><\/td>\n<td style=\"text-align: center;width: 200px;vertical-align: middle\">&#x1f1e9;&#x1f1ea; <strong>Alina Boehm<\/strong><\/td>\n<td style=\"text-align: center;width: 200px;vertical-align: middle\">&#x1f1f3;&#x1f1f1; <strong>Guusje Steenhuis<\/strong><\/td>\n<td style=\"text-align: center;width: 200px;vertical-align: middle\">&#x1f1eb;&#x1f1f7; Madeleine Malonga<br \/>\n&#x1f1ee;&#x1f1f9; Alice Bellandi<\/td>\n<\/tr>\n<tr>\n<td style=\"text-align: center;width: 200px;vertical-align: middle\"><strong>+78 kg<\/strong><\/td>\n<td style=\"text-align: center;width: 200px;vertical-align: middle\">&#x1f1eb;&#x1f1f7;<strong> Romane Dicko<\/strong><\/td>\n<td style=\"text-align: center;width: 200px;vertical-align: middle\">&#x1f1ee;&#x1f1f1; Raz Hershko<\/td>\n<td style=\"text-align: center;width: 200px;vertical-align: middle\">&#x1f1ee;&#x1f1f9; Asya Tavano<br \/>\n&#x1f1f9;&#x1f1f7; Sebile Akbulut<\/td>\n<\/tr>\n<\/tbody>\n<\/table>\n<\/div>\n<h3 style=\"text-align: justify;\">Hommes<\/h3>\n<div class=\"su-table su-table-alternate\">\n<table style=\"width: 800px;border-collapse: collapse\">\n<tbody>\n<tr>\n<td style=\"text-align: center;width: 200px;vertical-align: middle\"><strong>\u00c9preuves<\/strong><\/td>\n<td style=\"background-color: #fff242;text-align: center;width: 200px;vertical-align: middle\"><strong>&#x1f947; Or<\/strong><\/td>\n<td style=\"background-color: #a8a8a8;text-align: center;width: 200px;vertical-align: middle\"><strong>&#x1f948; Argent<\/strong><\/td>\n<td style=\"background-color: #c97159;text-align: center;width: 200px;vertical-align: middle\"><strong>&#x1f949; Bronze<\/strong><\/td>\n<\/tr>\n<tr>\n<td style=\"text-align: center;width: 200px;vertical-align: middle\"><strong>-60 kg<\/strong><\/td>\n<td style=\"text-align: center;width: 200px;vertical-align: middle\">&#x1f1ea;&#x1f1f8; <strong>Garrigos Francisco<\/strong><\/td>\n<td style=\"text-align: center;width: 200px;vertical-align: middle\">&#x1f1e7;&#x1f1ec; Yanislav Gerchev<\/td>\n<td style=\"text-align: center;width: 200px;vertical-align: middle\">&#x1f1eb;&#x1f1f7; C\u00e9dric Revol<br \/>\n&#x1f1e7;&#x1f1ea; Jorre Verstraeten<\/td>\n<\/tr>\n<tr>\n<td style=\"text-align: center;width: 200px;vertical-align: middle\"><strong>-66 kg<\/strong><\/td>\n<td style=\"text-align: center;width: 200px;vertical-align: middle\">&#x1f1fa;&#x1f1e6; <strong>Bogdan Iadov<\/strong><\/td>\n<td style=\"text-align: center;width: 200px;vertical-align: middle\">&#x1f1ea;&#x1f1f8; Alberto Gaitero Martin<\/td>\n<td style=\"text-align: center;width: 200px;vertical-align: middle\">&#x1f1ee;&#x1f1f9; Elios Manzi<br \/>\n&#x1f1f2;&#x1f1e9; Denis Vieru<\/td>\n<\/tr>\n<tr>\n<td style=\"text-align: center;width: 200px;vertical-align: middle\"><strong>-73 kg<\/strong><\/td>\n<td style=\"text-align: center;width: 200px;vertical-align: middle\">&#x1f1e6;&#x1f1ff; <strong>Hidayat Heydarov<\/strong><\/td>\n<td style=\"text-align: center;width: 200px;vertical-align: middle\">&#x1f1ee;&#x1f1f9; Giovanni Esposito<\/td>\n<td style=\"text-align: center;width: 200px;vertical-align: middle\">&#x1f1e7;&#x1f1ec; Mark Hristov<br \/>\n&#x1f1e6;&#x1f1ff; Rustam Orujov<\/td>\n<\/tr>\n<tr>\n<td style=\"text-align: center;width: 200px;vertical-align: middle\"><strong>-81 kg<\/strong><\/td>\n<td style=\"text-align: center;width: 200px;vertical-align: middle\">&#x1f1ec;&#x1f1ea; <strong>Tato Grigalashvili<\/strong><\/td>\n<td style=\"text-align: center;width: 200px;vertical-align: middle\">&#x1f1e7;&#x1f1ea; Matthias Casse<\/td>\n<td style=\"text-align: center;width: 200px;vertical-align: middle\">&#x1f1e7;&#x1f1ea; Sami Chouchi<br \/>\n&#x1f1ed;&#x1f1fa; Attila Ungvari<\/td>\n<\/tr>\n<tr>\n<td style=\"text-align: center;width: 200px;vertical-align: middle\"><strong>-90 kg<\/strong><\/td>\n<td style=\"text-align: center;width: 200px;vertical-align: middle\">&#x1f1ec;&#x1f1ea; <strong>Luka Maisuradze<\/strong><\/td>\n<td style=\"text-align: center;width: 200px;vertical-align: middle\">&#x1f1f7;&#x1f1f8; Darko Brasnjovic<\/td>\n<td style=\"text-align: center;width: 200px;vertical-align: middle\">&#x1f1e6;&#x1f1ff; Mammadali Mehdiyev<br \/>\n&#x1f1ec;&#x1f1f7; Theodoros Tselidis<\/td>\n<\/tr>\n<tr>\n<td style=\"text-align: center;width: 200px;vertical-align: middle\"><strong>-100 kg<\/strong><\/td>\n<td style=\"text-align: center;width: 200px;vertical-align: middle\">&#x1f1f3;&#x1f1f1; <strong>Michael Korrel<\/strong><\/td>\n<td style=\"text-align: center;width: 200px;vertical-align: middle\">&#x1f1f5;&#x1f1f1; Piotr Kuczera<\/td>\n<td style=\"text-align: center;width: 200px;vertical-align: middle\">&#x1f1ea;&#x1f1f8; Nikoloz Sherazadishvili<br \/>\n&#x1f1e8;&#x1f1ed; Daniel Eich<\/td>\n<\/tr>\n<tr>\n<td style=\"text-align: center;width: 200px;vertical-align: middle\"><strong>+100 kg<\/strong><\/td>\n<td style=\"text-align: center;width: 200px;vertical-align: middle\"><strong>&#x1f1f3;&#x1f1f1; Jur Spijkers<\/strong><\/td>\n<td style=\"text-align: center;width: 200px;vertical-align: middle\">&#x1f1e9;&#x1f1ea; Johannes Frey<\/td>\n<td style=\"text-align: center;width: 200px;vertical-align: middle\">&#x1f1f3;&#x1f1f1; Roy Meyer<br \/>\n&#x1f1ec;&#x1f1ea; Guram Tushishvili<\/td>\n<\/tr>\n<\/tbody>\n<\/table>\n<\/div>\n<p>&nbsp;<\/p>\n<h2>\u00c0 lire aussi<\/h2>\n<ul>\n<li><strong><a href=\"https:\/\/dicodusport.fr\/blog\/judo-championnats-deurope-2022-la-selection-francaise\/\" target=\"_blank\" rel=\"noopener\">La s\u00e9lection fran\u00e7aise<\/a><\/strong><\/li>\n<\/ul>\n","protected":false},"excerpt":{"rendered":"<p>JUDO &#8211; Les Championnats d&rsquo;Europe se d\u00e9roulent du vendredi 29 avril au dimanche 1er mai \u00e0 Sofia (Bulgarie). Programme de la comp\u00e9tition.<\/p>\n","protected":false},"author":12,"featured_media":219049,"comment_status":"open","ping_status":"closed","sticky":false,"template":"","format":"standard","meta":{"_acf_changed":false,"_daextam_enable_autolinks":"","footnotes":""},"categories":[8651],"tags":[12310,68],"class_list":["post-218603","post","type-post","status-publish","format-standard","has-post-thumbnail","hentry","category-judo","tag-championnats-deurope-de-judo","tag-judo"],"acf":[],"yoast_head":"<!-- This site is optimized with the Yoast SEO Premium plugin v26.7 (Yoast SEO v26.7) - https:\/\/yoast.com\/wordpress\/plugins\/seo\/ -->\n<title>Programme et r\u00e9sultats Championnats d&#039;Europe de judo 2022<\/title>\n<meta name=\"description\" content=\"JUDO - Les Championnats d&#039;Europe se d\u00e9roulent du vendredi 29 avril au dimanche 1er mai \u00e0 Sofia (Bulgarie). Programme de la comp\u00e9tition.\" \/>\n<meta name=\"robots\" content=\"index, follow, max-snippet:-1, max-image-preview:large, max-video-preview:-1\" \/>\n<link rel=\"canonical\" href=\"https:\/\/dicodusport.fr\/blog\/programme-et-resultats-championnats-europe-judo-2022\/\" \/>\n<meta property=\"og:locale\" content=\"fr_FR\" \/>\n<meta property=\"og:type\" content=\"article\" \/>\n<meta property=\"og:title\" content=\"Programme et r\u00e9sultats Championnats d&#039;Europe de judo 2022\" \/>\n<meta property=\"og:description\" content=\"JUDO - Les Championnats d&#039;Europe se d\u00e9roulent du vendredi 29 avril au dimanche 1er mai \u00e0 Sofia (Bulgarie). Programme de la comp\u00e9tition.\" \/>\n<meta property=\"og:url\" content=\"https:\/\/dicodusport.fr\/blog\/programme-et-resultats-championnats-europe-judo-2022\/\" \/>\n<meta property=\"og:site_name\" content=\"Dicodusport\" \/>\n<meta property=\"article:publisher\" content=\"https:\/\/www.facebook.com\/dicodusport\" \/>\n<meta property=\"article:published_time\" content=\"2022-05-01T15:01:38+00:00\" \/>\n<meta property=\"article:modified_time\" content=\"2022-05-01T15:48:52+00:00\" \/>\n<meta property=\"og:image\" content=\"https:\/\/dicodusport.fr\/blog\/wp-content\/uploads\/2022\/04\/Programme-et-resultats-Championnats-dEurope-de-judo-2022-.png\" \/>\n\t<meta property=\"og:image:width\" content=\"1200\" \/>\n\t<meta property=\"og:image:height\" content=\"670\" \/>\n\t<meta property=\"og:image:type\" content=\"image\/png\" \/>\n<meta name=\"author\" content=\"Arlette Yeye\" \/>\n<meta name=\"twitter:card\" content=\"summary_large_image\" \/>\n<meta name=\"twitter:title\" content=\"Programme et r\u00e9sultats Championnats d&#039;Europe de judo 2022\" \/>\n<meta name=\"twitter:creator\" content=\"@https:\/\/twitter.com\/Shiclette94\" \/>\n<meta name=\"twitter:site\" content=\"@dicodusport\" \/>\n<script type=\"application\/ld+json\" class=\"yoast-schema-graph\">{\"@context\":\"https:\/\/schema.org\",\"@graph\":[{\"@type\":\"NewsArticle\",\"@id\":\"https:\/\/dicodusport.fr\/blog\/programme-et-resultats-championnats-europe-judo-2022\/#article\",\"isPartOf\":{\"@id\":\"https:\/\/dicodusport.fr\/blog\/programme-et-resultats-championnats-europe-judo-2022\/\"},\"author\":{\"name\":\"Arlette Yeye\",\"@id\":\"https:\/\/dicodusport.fr\/blog\/#\/schema\/person\/cce96fa88785bd8573e3d43078ac8c79\"},\"headline\":\"Programme et r\u00e9sultats Championnats d&rsquo;Europe de judo 2022\",\"datePublished\":\"2022-05-01T15:01:38+00:00\",\"dateModified\":\"2022-05-01T15:48:52+00:00\",\"mainEntityOfPage\":{\"@id\":\"https:\/\/dicodusport.fr\/blog\/programme-et-resultats-championnats-europe-judo-2022\/\"},\"wordCount\":674,\"commentCount\":0,\"publisher\":{\"@id\":\"https:\/\/dicodusport.fr\/blog\/#organization\"},\"image\":{\"@id\":\"https:\/\/dicodusport.fr\/blog\/programme-et-resultats-championnats-europe-judo-2022\/#primaryimage\"},\"thumbnailUrl\":\"https:\/\/dicodusport.fr\/blog\/wp-content\/uploads\/2022\/04\/Programme-et-resultats-Championnats-dEurope-de-judo-2022-.png\",\"keywords\":[\"Championnats d'Europe de judo\",\"Judo\"],\"articleSection\":[\"Judo\"],\"inLanguage\":\"fr-FR\",\"potentialAction\":[{\"@type\":\"CommentAction\",\"name\":\"Comment\",\"target\":[\"https:\/\/dicodusport.fr\/blog\/programme-et-resultats-championnats-europe-judo-2022\/#respond\"]}],\"copyrightYear\":\"2022\",\"copyrightHolder\":{\"@id\":\"https:\/\/dicodusport.fr\/blog\/#organization\"}},{\"@type\":\"WebPage\",\"@id\":\"https:\/\/dicodusport.fr\/blog\/programme-et-resultats-championnats-europe-judo-2022\/\",\"url\":\"https:\/\/dicodusport.fr\/blog\/programme-et-resultats-championnats-europe-judo-2022\/\",\"name\":\"Programme et r\u00e9sultats Championnats d'Europe de judo 2022\",\"isPartOf\":{\"@id\":\"https:\/\/dicodusport.fr\/blog\/#website\"},\"primaryImageOfPage\":{\"@id\":\"https:\/\/dicodusport.fr\/blog\/programme-et-resultats-championnats-europe-judo-2022\/#primaryimage\"},\"image\":{\"@id\":\"https:\/\/dicodusport.fr\/blog\/programme-et-resultats-championnats-europe-judo-2022\/#primaryimage\"},\"thumbnailUrl\":\"https:\/\/dicodusport.fr\/blog\/wp-content\/uploads\/2022\/04\/Programme-et-resultats-Championnats-dEurope-de-judo-2022-.png\",\"datePublished\":\"2022-05-01T15:01:38+00:00\",\"dateModified\":\"2022-05-01T15:48:52+00:00\",\"description\":\"JUDO - Les Championnats d'Europe se d\u00e9roulent du vendredi 29 avril au dimanche 1er mai \u00e0 Sofia (Bulgarie). Programme de la comp\u00e9tition.\",\"breadcrumb\":{\"@id\":\"https:\/\/dicodusport.fr\/blog\/programme-et-resultats-championnats-europe-judo-2022\/#breadcrumb\"},\"inLanguage\":\"fr-FR\",\"potentialAction\":[{\"@type\":\"ReadAction\",\"target\":[\"https:\/\/dicodusport.fr\/blog\/programme-et-resultats-championnats-europe-judo-2022\/\"]}]},{\"@type\":\"ImageObject\",\"inLanguage\":\"fr-FR\",\"@id\":\"https:\/\/dicodusport.fr\/blog\/programme-et-resultats-championnats-europe-judo-2022\/#primaryimage\",\"url\":\"https:\/\/dicodusport.fr\/blog\/wp-content\/uploads\/2022\/04\/Programme-et-resultats-Championnats-dEurope-de-judo-2022-.png\",\"contentUrl\":\"https:\/\/dicodusport.fr\/blog\/wp-content\/uploads\/2022\/04\/Programme-et-resultats-Championnats-dEurope-de-judo-2022-.png\",\"width\":1200,\"height\":670,\"caption\":\"Programme et r\u00e9sultats Championnats d'Europe de judo 2022\"},{\"@type\":\"BreadcrumbList\",\"@id\":\"https:\/\/dicodusport.fr\/blog\/programme-et-resultats-championnats-europe-judo-2022\/#breadcrumb\",\"itemListElement\":[{\"@type\":\"ListItem\",\"position\":1,\"name\":\"Accueil\",\"item\":\"https:\/\/dicodusport.fr\/blog\/\"},{\"@type\":\"ListItem\",\"position\":2,\"name\":\"Programme et r\u00e9sultats Championnats d&rsquo;Europe de judo 2022\"}]},{\"@type\":\"WebSite\",\"@id\":\"https:\/\/dicodusport.fr\/blog\/#website\",\"url\":\"https:\/\/dicodusport.fr\/blog\/\",\"name\":\"Dicodusport\",\"description\":\"L&#039;encyclop\u00e9die de l&#039;actualit\u00e9 sportive\",\"publisher\":{\"@id\":\"https:\/\/dicodusport.fr\/blog\/#organization\"},\"potentialAction\":[{\"@type\":\"SearchAction\",\"target\":{\"@type\":\"EntryPoint\",\"urlTemplate\":\"https:\/\/dicodusport.fr\/blog\/?s={search_term_string}\"},\"query-input\":{\"@type\":\"PropertyValueSpecification\",\"valueRequired\":true,\"valueName\":\"search_term_string\"}}],\"inLanguage\":\"fr-FR\"},{\"@type\":\"NewsMediaOrganization\",\"@id\":\"https:\/\/dicodusport.fr\/blog\/#organization\",\"name\":\"Dicodusport\",\"url\":\"https:\/\/dicodusport.fr\/blog\/\",\"logo\":{\"@type\":\"ImageObject\",\"inLanguage\":\"fr-FR\",\"@id\":\"https:\/\/dicodusport.fr\/blog\/#\/schema\/logo\/image\/\",\"url\":\"https:\/\/dicodusport.fr\/blog\/wp-content\/uploads\/2020\/06\/cropped-LOGO-DICODUSPORT-2020-SANS-FOND-SANS-TEXTE.png\",\"contentUrl\":\"https:\/\/dicodusport.fr\/blog\/wp-content\/uploads\/2020\/06\/cropped-LOGO-DICODUSPORT-2020-SANS-FOND-SANS-TEXTE.png\",\"width\":512,\"height\":512,\"caption\":\"Dicodusport\"},\"image\":{\"@id\":\"https:\/\/dicodusport.fr\/blog\/#\/schema\/logo\/image\/\"},\"sameAs\":[\"https:\/\/www.facebook.com\/dicodusport\",\"https:\/\/x.com\/dicodusport\",\"https:\/\/www.instagram.com\/dicodusport\/\",\"https:\/\/www.youtube.com\/channel\/UC7V2KZ5sd3htJivAbA4ZG3w\"],\"description\":\"Dicodusport est l'encyclop\u00e9die de l'actualit\u00e9 sportive.\",\"email\":\"bonjour@dicodusport.fr\",\"legalName\":\"DICODUSPORT\",\"foundingDate\":\"2018-01-14\",\"vatID\":\"FR71834470973\",\"taxID\":\"83447097300043\",\"numberOfEmployees\":{\"@type\":\"QuantitativeValue\",\"minValue\":\"1\",\"maxValue\":\"10\"}},{\"@type\":\"Person\",\"@id\":\"https:\/\/dicodusport.fr\/blog\/#\/schema\/person\/cce96fa88785bd8573e3d43078ac8c79\",\"name\":\"Arlette Yeye\",\"image\":{\"@type\":\"ImageObject\",\"inLanguage\":\"fr-FR\",\"@id\":\"https:\/\/dicodusport.fr\/blog\/#\/schema\/person\/image\/\",\"url\":\"https:\/\/secure.gravatar.com\/avatar\/dca4a6239e6d708e46c45d60e160de6c?s=96&d=wp_user_avatar&r=g\",\"contentUrl\":\"https:\/\/secure.gravatar.com\/avatar\/dca4a6239e6d708e46c45d60e160de6c?s=96&d=wp_user_avatar&r=g\",\"caption\":\"Arlette Yeye\"},\"description\":\"Journaliste\/r\u00e9dactrice depuis septembre 2015 - Supportrice de Chelsea, j'ai pour sports de pr\u00e9dilection le handball, l'athl\u00e9tisme et le tennis. Si je tweete plus vite que mon ombre, vous pouvez aussi me retrouver les week-ends sur les playgrounds de Bruxelles pour un petit foot ou basket entre potes. Parcourir la France, l'Europe et plus si affinit\u00e9s pour suivre mes sportifs pr\u00e9f\u00e9r\u00e9s ? Mon kif ! Et c'est avec plaisir que je partage les r\u00e9sultats des sports populaires mais \u00e9galement plus confidentiels pour Dicodusport.\",\"sameAs\":[\"https:\/\/x.com\/https:\/\/twitter.com\/Shiclette94\"],\"url\":\"https:\/\/dicodusport.fr\/blog\/author\/arlette\/\"}]}<\/script>\n<!-- \/ Yoast SEO Premium plugin. -->","yoast_head_json":{"title":"Programme et r\u00e9sultats Championnats d'Europe de judo 2022","description":"JUDO - Les Championnats d'Europe se d\u00e9roulent du vendredi 29 avril au dimanche 1er mai \u00e0 Sofia (Bulgarie). Programme de la comp\u00e9tition.","robots":{"index":"index","follow":"follow","max-snippet":"max-snippet:-1","max-image-preview":"max-image-preview:large","max-video-preview":"max-video-preview:-1"},"canonical":"https:\/\/dicodusport.fr\/blog\/programme-et-resultats-championnats-europe-judo-2022\/","og_locale":"fr_FR","og_type":"article","og_title":"Programme et r\u00e9sultats Championnats d'Europe de judo 2022","og_description":"JUDO - Les Championnats d'Europe se d\u00e9roulent du vendredi 29 avril au dimanche 1er mai \u00e0 Sofia (Bulgarie). Programme de la comp\u00e9tition.","og_url":"https:\/\/dicodusport.fr\/blog\/programme-et-resultats-championnats-europe-judo-2022\/","og_site_name":"Dicodusport","article_publisher":"https:\/\/www.facebook.com\/dicodusport","article_published_time":"2022-05-01T15:01:38+00:00","article_modified_time":"2022-05-01T15:48:52+00:00","og_image":[{"width":1200,"height":670,"url":"https:\/\/dicodusport.fr\/blog\/wp-content\/uploads\/2022\/04\/Programme-et-resultats-Championnats-dEurope-de-judo-2022-.png","type":"image\/png"}],"author":"Arlette Yeye","twitter_card":"summary_large_image","twitter_title":"Programme et r\u00e9sultats Championnats d'Europe de judo 2022","twitter_creator":"@https:\/\/twitter.com\/Shiclette94","twitter_site":"@dicodusport","schema":{"@context":"https:\/\/schema.org","@graph":[{"@type":"NewsArticle","@id":"https:\/\/dicodusport.fr\/blog\/programme-et-resultats-championnats-europe-judo-2022\/#article","isPartOf":{"@id":"https:\/\/dicodusport.fr\/blog\/programme-et-resultats-championnats-europe-judo-2022\/"},"author":{"name":"Arlette Yeye","@id":"https:\/\/dicodusport.fr\/blog\/#\/schema\/person\/cce96fa88785bd8573e3d43078ac8c79"},"headline":"Programme et r\u00e9sultats Championnats d&rsquo;Europe de judo 2022","datePublished":"2022-05-01T15:01:38+00:00","dateModified":"2022-05-01T15:48:52+00:00","mainEntityOfPage":{"@id":"https:\/\/dicodusport.fr\/blog\/programme-et-resultats-championnats-europe-judo-2022\/"},"wordCount":674,"commentCount":0,"publisher":{"@id":"https:\/\/dicodusport.fr\/blog\/#organization"},"image":{"@id":"https:\/\/dicodusport.fr\/blog\/programme-et-resultats-championnats-europe-judo-2022\/#primaryimage"},"thumbnailUrl":"https:\/\/dicodusport.fr\/blog\/wp-content\/uploads\/2022\/04\/Programme-et-resultats-Championnats-dEurope-de-judo-2022-.png","keywords":["Championnats d'Europe de judo","Judo"],"articleSection":["Judo"],"inLanguage":"fr-FR","potentialAction":[{"@type":"CommentAction","name":"Comment","target":["https:\/\/dicodusport.fr\/blog\/programme-et-resultats-championnats-europe-judo-2022\/#respond"]}],"copyrightYear":"2022","copyrightHolder":{"@id":"https:\/\/dicodusport.fr\/blog\/#organization"}},{"@type":"WebPage","@id":"https:\/\/dicodusport.fr\/blog\/programme-et-resultats-championnats-europe-judo-2022\/","url":"https:\/\/dicodusport.fr\/blog\/programme-et-resultats-championnats-europe-judo-2022\/","name":"Programme et r\u00e9sultats Championnats d'Europe de judo 2022","isPartOf":{"@id":"https:\/\/dicodusport.fr\/blog\/#website"},"primaryImageOfPage":{"@id":"https:\/\/dicodusport.fr\/blog\/programme-et-resultats-championnats-europe-judo-2022\/#primaryimage"},"image":{"@id":"https:\/\/dicodusport.fr\/blog\/programme-et-resultats-championnats-europe-judo-2022\/#primaryimage"},"thumbnailUrl":"https:\/\/dicodusport.fr\/blog\/wp-content\/uploads\/2022\/04\/Programme-et-resultats-Championnats-dEurope-de-judo-2022-.png","datePublished":"2022-05-01T15:01:38+00:00","dateModified":"2022-05-01T15:48:52+00:00","description":"JUDO - Les Championnats d'Europe se d\u00e9roulent du vendredi 29 avril au dimanche 1er mai \u00e0 Sofia (Bulgarie). Programme de la comp\u00e9tition.","breadcrumb":{"@id":"https:\/\/dicodusport.fr\/blog\/programme-et-resultats-championnats-europe-judo-2022\/#breadcrumb"},"inLanguage":"fr-FR","potentialAction":[{"@type":"ReadAction","target":["https:\/\/dicodusport.fr\/blog\/programme-et-resultats-championnats-europe-judo-2022\/"]}]},{"@type":"ImageObject","inLanguage":"fr-FR","@id":"https:\/\/dicodusport.fr\/blog\/programme-et-resultats-championnats-europe-judo-2022\/#primaryimage","url":"https:\/\/dicodusport.fr\/blog\/wp-content\/uploads\/2022\/04\/Programme-et-resultats-Championnats-dEurope-de-judo-2022-.png","contentUrl":"https:\/\/dicodusport.fr\/blog\/wp-content\/uploads\/2022\/04\/Programme-et-resultats-Championnats-dEurope-de-judo-2022-.png","width":1200,"height":670,"caption":"Programme et r\u00e9sultats Championnats d'Europe de judo 2022"},{"@type":"BreadcrumbList","@id":"https:\/\/dicodusport.fr\/blog\/programme-et-resultats-championnats-europe-judo-2022\/#breadcrumb","itemListElement":[{"@type":"ListItem","position":1,"name":"Accueil","item":"https:\/\/dicodusport.fr\/blog\/"},{"@type":"ListItem","position":2,"name":"Programme et r\u00e9sultats Championnats d&rsquo;Europe de judo 2022"}]},{"@type":"WebSite","@id":"https:\/\/dicodusport.fr\/blog\/#website","url":"https:\/\/dicodusport.fr\/blog\/","name":"Dicodusport","description":"L&#039;encyclop\u00e9die de l&#039;actualit\u00e9 sportive","publisher":{"@id":"https:\/\/dicodusport.fr\/blog\/#organization"},"potentialAction":[{"@type":"SearchAction","target":{"@type":"EntryPoint","urlTemplate":"https:\/\/dicodusport.fr\/blog\/?s={search_term_string}"},"query-input":{"@type":"PropertyValueSpecification","valueRequired":true,"valueName":"search_term_string"}}],"inLanguage":"fr-FR"},{"@type":"NewsMediaOrganization","@id":"https:\/\/dicodusport.fr\/blog\/#organization","name":"Dicodusport","url":"https:\/\/dicodusport.fr\/blog\/","logo":{"@type":"ImageObject","inLanguage":"fr-FR","@id":"https:\/\/dicodusport.fr\/blog\/#\/schema\/logo\/image\/","url":"https:\/\/dicodusport.fr\/blog\/wp-content\/uploads\/2020\/06\/cropped-LOGO-DICODUSPORT-2020-SANS-FOND-SANS-TEXTE.png","contentUrl":"https:\/\/dicodusport.fr\/blog\/wp-content\/uploads\/2020\/06\/cropped-LOGO-DICODUSPORT-2020-SANS-FOND-SANS-TEXTE.png","width":512,"height":512,"caption":"Dicodusport"},"image":{"@id":"https:\/\/dicodusport.fr\/blog\/#\/schema\/logo\/image\/"},"sameAs":["https:\/\/www.facebook.com\/dicodusport","https:\/\/x.com\/dicodusport","https:\/\/www.instagram.com\/dicodusport\/","https:\/\/www.youtube.com\/channel\/UC7V2KZ5sd3htJivAbA4ZG3w"],"description":"Dicodusport est l'encyclop\u00e9die de l'actualit\u00e9 sportive.","email":"bonjour@dicodusport.fr","legalName":"DICODUSPORT","foundingDate":"2018-01-14","vatID":"FR71834470973","taxID":"83447097300043","numberOfEmployees":{"@type":"QuantitativeValue","minValue":"1","maxValue":"10"}},{"@type":"Person","@id":"https:\/\/dicodusport.fr\/blog\/#\/schema\/person\/cce96fa88785bd8573e3d43078ac8c79","name":"Arlette Yeye","image":{"@type":"ImageObject","inLanguage":"fr-FR","@id":"https:\/\/dicodusport.fr\/blog\/#\/schema\/person\/image\/","url":"https:\/\/secure.gravatar.com\/avatar\/dca4a6239e6d708e46c45d60e160de6c?s=96&d=wp_user_avatar&r=g","contentUrl":"https:\/\/secure.gravatar.com\/avatar\/dca4a6239e6d708e46c45d60e160de6c?s=96&d=wp_user_avatar&r=g","caption":"Arlette Yeye"},"description":"Journaliste\/r\u00e9dactrice depuis septembre 2015 - Supportrice de Chelsea, j'ai pour sports de pr\u00e9dilection le handball, l'athl\u00e9tisme et le tennis. Si je tweete plus vite que mon ombre, vous pouvez aussi me retrouver les week-ends sur les playgrounds de Bruxelles pour un petit foot ou basket entre potes. Parcourir la France, l'Europe et plus si affinit\u00e9s pour suivre mes sportifs pr\u00e9f\u00e9r\u00e9s ? Mon kif ! Et c'est avec plaisir que je partage les r\u00e9sultats des sports populaires mais \u00e9galement plus confidentiels pour Dicodusport.","sameAs":["https:\/\/x.com\/https:\/\/twitter.com\/Shiclette94"],"url":"https:\/\/dicodusport.fr\/blog\/author\/arlette\/"}]}},"_links":{"self":[{"href":"https:\/\/dicodusport.fr\/blog\/wp-json\/wp\/v2\/posts\/218603","targetHints":{"allow":["GET"]}}],"collection":[{"href":"https:\/\/dicodusport.fr\/blog\/wp-json\/wp\/v2\/posts"}],"about":[{"href":"https:\/\/dicodusport.fr\/blog\/wp-json\/wp\/v2\/types\/post"}],"author":[{"embeddable":true,"href":"https:\/\/dicodusport.fr\/blog\/wp-json\/wp\/v2\/users\/12"}],"replies":[{"embeddable":true,"href":"https:\/\/dicodusport.fr\/blog\/wp-json\/wp\/v2\/comments?post=218603"}],"version-history":[{"count":0,"href":"https:\/\/dicodusport.fr\/blog\/wp-json\/wp\/v2\/posts\/218603\/revisions"}],"wp:featuredmedia":[{"embeddable":true,"href":"https:\/\/dicodusport.fr\/blog\/wp-json\/wp\/v2\/media\/219049"}],"wp:attachment":[{"href":"https:\/\/dicodusport.fr\/blog\/wp-json\/wp\/v2\/media?parent=218603"}],"wp:term":[{"taxonomy":"category","embeddable":true,"href":"https:\/\/dicodusport.fr\/blog\/wp-json\/wp\/v2\/categories?post=218603"},{"taxonomy":"post_tag","embeddable":true,"href":"https:\/\/dicodusport.fr\/blog\/wp-json\/wp\/v2\/tags?post=218603"}],"curies":[{"name":"wp","href":"https:\/\/api.w.org\/{rel}","templated":true}]}}