{"id":218850,"date":"2022-04-26T21:08:06","date_gmt":"2022-04-26T19:08:06","guid":{"rendered":"https:\/\/dicodusport.fr\/blog\/?p=218850&#038;preview=true&#038;preview_id=218850"},"modified":"2022-04-26T21:18:47","modified_gmt":"2022-04-26T19:18:47","slug":"qualifications-masters-1000-de-madrid-4-7-pour-les-francaises","status":"publish","type":"post","link":"https:\/\/dicodusport.fr\/blog\/qualifications-masters-1000-de-madrid-4-7-pour-les-francaises\/","title":{"rendered":"Qualifications Masters 1000 de Madrid : 4\/7 pour les Fran\u00e7aises"},"content":{"rendered":"<p style=\"text-align: justify;\"><strong><em>Les qualifications pour le <a title=\"Masters 1000 de Madrid 2022 \u2013 Le tableau de simple femmes\" href=\"https:\/\/dicodusport.fr\/blog\/masters-1000-de-madrid-2022-le-tableau-de-simple-femmes\/\" target=\"_blank\" rel=\"noopener\">Masters 1000 de Madrid<\/a> ont commenc\u00e9 ce mardi. Parmi les 7 Fran\u00e7aises engag\u00e9es, la moiti\u00e9 pourront tenter d&rsquo;acc\u00e9der au grand tableau.<\/em><\/strong><\/p>\n<p style=\"text-align: justify;\">Aliz\u00e9 Cornet est la seule joueuse fran\u00e7aise directement qualifi\u00e9e pour le Masters 1000 de Madrid. Ses compatriotes doivent elles, passer par les qualifications. Et 4 d&rsquo;entre elles ont pass\u00e9 le premier tour.<\/p>\n<h2 style=\"text-align: justify;\">Dodin et Tan dans la douleur<\/h2>\n<p style=\"text-align: justify;\"><strong>Oc\u00e9ane Dodin<\/strong> affrontait <strong>Panna Udvardy<\/strong> et la Fran\u00e7aise a \u00e9t\u00e9 la premi\u00e8re \u00e0 faire le break (2-1). Apr\u00e8s un long jeu tr\u00e8s accroch\u00e9 et 3 balles de break sauv\u00e9es, Dodin menait 4-1. Apr\u00e8s un break\/d\u00e9break, elle a remport\u00e9 la premi\u00e8re manche 6-2. Malgr\u00e9 un faible pourcentage de premi\u00e8res balles (41%), elle a remport\u00e9 67% de ses points derri\u00e8re son premier service.<\/p>\n<p style=\"text-align: justify;\">Dans la deuxi\u00e8me manche, elle a encore sauv\u00e9 3 balles de break dans le 3e jeu, mais a finalement conc\u00e9d\u00e9 le break \u00e0 3-5. Si elle est parvenue \u00e0 tout de suite prendre le service de son adversaire, elle a encore conc\u00e9d\u00e9 le sien pour perdre le set 4-6.<\/p>\n<p style=\"text-align: justify;\">Le dernier set a \u00e9t\u00e9 une succession de breaks, \u00e0 commencer par celui de la Hongroise d\u00e8s le premier jeu. Dodin a recoll\u00e9 \u00e0 2-2. Apr\u00e8s 3 breaks, Dodin servait pour le match. Elle a resserr\u00e9 le jeu pour s&rsquo;imposer 6-2 4-6 6-4. Au prochain match, elle affrontera la Br\u00e9silienne <strong>Beatriz Haddad Maia<\/strong>.<\/p>\n<p style=\"text-align: justify;\">Apr\u00e8s un premier set solide face \u00e0 <strong>Lauren Davis<\/strong> (6-4), <strong>Harmony Tan<\/strong> a conc\u00e9d\u00e9 deux fois son service pour \u00eatre men\u00e9e rapidement 0-4. Malgr\u00e9 3 balles de break, elle est enfin parvenue \u00e0 tenir son engagement mais c&rsquo;\u00e9tait la seule fois du set. L&rsquo;Am\u00e9ricaine est revenue \u00e0 un set partout (6-1). Harmony Tan s&rsquo;est d\u00e9sunie et a vu les jeux se succ\u00e9der jusqu&rsquo;\u00e0 3-0.<\/p>\n<p style=\"text-align: justify;\">C&rsquo;est l\u00e0 qu&rsquo;elle a remport\u00e9 sa mise en jeu puis r\u00e9alis\u00e9 le break derri\u00e8re. Davis a pourtant r\u00e9alis\u00e9 un nouveau break au meilleur des moments pour servir pour le match (5-3). Mais une nouvelle fois, Harmony Tan n&rsquo;a pas abdiqu\u00e9. Apr\u00e8s un nouveau break et un jeu blanc, la Fran\u00e7aise est revenue \u00e0 5-5. Men\u00e9e en d\u00e9but de tie-break, la Fran\u00e7aise a refait son retard et a eu deux services pour conclure \u00e0 5-4. Mais sa premi\u00e8re balle de match s&rsquo;est jou\u00e9e sur le service de son adversaire. Qu&rsquo;\u00e0 cela ne tienne, au bout d&rsquo;un combat de 2h23, la Fran\u00e7aise s&rsquo;est impos\u00e9e 6-4 1-6 7-6[5]. Au prochain tour, elle affrontera <strong>Dayana Yastremska<\/strong>.<\/p>\n<h2 style=\"text-align: justify;\">Premi\u00e8re victoire pour Mladenovic !<\/h2>\n<p style=\"text-align: justify;\">Apr\u00e8s 2 breaks de part et d&rsquo;autre en d\u00e9but de match, <strong>Kristina Mladenovic<\/strong> qui affrontait Mayar Sherif a sauv\u00e9 une balle de set pour l&rsquo;Egyptienne sur son service \u00e0 5-4 puis 3 nouvelles balles de set \u00e0 6-5. Finalement, la d\u00e9cision s&rsquo;est faite au tie-break. Et la Fran\u00e7aise qui en \u00e9tait \u00e0 3 tie-breaks perdus contre 1 gagn\u00e9 cette ann\u00e9e a finalement remport\u00e9 la premi\u00e8re manche, 9-7 au tie-break.<\/p>\n<p style=\"text-align: justify;\">Apr\u00e8s une premi\u00e8re manche accroch\u00e9e, Sherif a r\u00e9alis\u00e9 le break d&rsquo;entr\u00e9e. Elle a gard\u00e9 cette avance jusqu&rsquo;au 7e jeu o\u00f9 Mladenovic s&rsquo;est procur\u00e9e 2 balles de break pour revenir \u00e0 \u00e9galit\u00e9 \u00e0 4-4. Et sans devoir passer par un nouveau tie-break, Mladenovic s&rsquo;est impos\u00e9e 7-6[7] 7-5.<\/p>\n<p style=\"text-align: justify;\">Englu\u00e9e dans une spirale n\u00e9gative accompagn\u00e9e de blessures, la Fran\u00e7aise a enfin remport\u00e9 son premier match de l&rsquo;ann\u00e9e 2022 apr\u00e8s 6 tentatives, dont 1 sur le circuit ITF. Pour tenter de rejoindre le grand tableau de Madrid, elle affrontera <strong>Anastasia Potapova<\/strong>.<\/p>\n<h2>Burel s&rsquo;offre Parry<\/h2>\n<p style=\"text-align: justify;\">Avec le duel franco-fran\u00e7ais entre <strong>Diane Parry<\/strong> et <strong>Clara Burel<\/strong>, une Fran\u00e7aise \u00e9tait assur\u00e9e d&rsquo;atteindre le dernier tour. C&rsquo;\u00e9tait le premier affrontement entre les deux jeunes joueuses. Et la rencontre a tourn\u00e9 \u00e0 l&rsquo;avantage de la mieux class\u00e9e. Clara Burel st mieux rentr\u00e9e dans le match r\u00e9alisant 2 breaks rapides pour mener 3-0. Diane Parry a annul\u00e9 un break et la pluie s&rsquo;en est m\u00eal\u00e9e. Apr\u00e8s une longue interruption, le match a repris et Burel a gard\u00e9 son break d&rsquo;avance pour remporter la manche 6-4. La deuxi\u00e8me manche a \u00e9t\u00e9 serr\u00e9e jusqu&rsquo;au tie-break, lui aussi ind\u00e9cis, finalement remport\u00e9 par Parry 7-5. La Ni\u00e7oise a alors pris l&rsquo;ascendant, chipant le service de son adversaire d\u00e8s le d\u00e9but du troisi\u00e8me set. Parry a fait la course en t\u00eate avant que Burel ne revienne \u00e0 \u00e9galit\u00e9 \u00e0 3-3. Les deux joueuses ont alors tenu leur service. A l&rsquo;exp\u00e9rience, Burel s&rsquo;est impos\u00e9e en r\u00e9alisant un break pour conclure le match sur un jeu blanc (6-4 5-7 6-4). Demain, elle affrontera <strong>Ekaterina Alexandrova<\/strong>, la t\u00eate de s\u00e9rie n\u00b01.<\/p>\n<h2 style=\"text-align: justify;\">Chlo\u00e9 Paquet et Fiona Ferro \u00e0 la trappe<\/h2>\n<p style=\"text-align: justify;\"><strong>Chlo\u00e9 Paquet<\/strong> affrontait <strong>Greet Minnen<\/strong>. Et la Fran\u00e7aise a conc\u00e9d\u00e9 le premier break lors du 5e jeu. Si elle a menac\u00e9 la Belge sur le jeu suivant, celle-ci a confirm\u00e9 le break. En fin de manche, Paquet a sauv\u00e9 3 balles de set et obtenu 3 balles de break pour revenir \u00e0 \u00e9galit\u00e9. Ce qu&rsquo;elle a fait, avant de conc\u00e9der un nouveau break. Cette fois, la Belge ne s&rsquo;est pas fait rattraper et a conclu la manche 7-5. La Fran\u00e7aise n&rsquo;a pas tenu la cadence et Minnen s&rsquo;est impos\u00e9e 7-5 6-3.<\/p>\n<p style=\"text-align: justify;\">Toujours autant en difficult\u00e9, <strong>Fiona Ferro<\/strong> n&rsquo;a pas vu le jour face \u00e0 <strong>Marie Bouzkova<\/strong>. Elle s&rsquo;est inclin\u00e9e 2-6 2-6.<\/p>\n<blockquote class=\"twitter-tweet\">\n<p dir=\"ltr\" lang=\"cs\">Match Results (Q1) | Day 1&#x20e3;<\/p>\n<p>&#x1f1ee;&#x1f1f9; Bronzetti v &#x1f1ea;&#x1f1f8; Mart\u00ednez 76(8) 60<br \/>\n&#x1f1eb;&#x1f1f7; Mladenovic v &#x1f1ea;&#x1f1ec; Sherif 76(7) 75<br \/>\n&#x1f1fa;&#x1f1e6; Yastremska v &#x1f1fa;&#x1f1f8; Brengle 26 62 64<br \/>\n&#x1f1eb;&#x1f1f7; Tan v &#x1f1fa;&#x1f1f8; Davis 64 16 76(5)<br \/>\nRakhimova v &#x1f1f5;&#x1f1f1; Frech 61 64<br \/>\n&#x1f1ea;&#x1f1ea; Kanepi v &#x1f1ec;&#x1f1e7; Dart 61 61<br \/>\n&#x1f1ee;&#x1f1f9; Trevisan v &#x1f1ea;&#x1f1f8; Bucsa 61 63<a href=\"https:\/\/twitter.com\/WTA?ref_src=twsrc%5Etfw\">@WTA<\/a> | <a href=\"https:\/\/twitter.com\/WTA_Espanol?ref_src=twsrc%5Etfw\">@WTA_Espanol<\/a> | <a href=\"https:\/\/twitter.com\/hashtag\/MMOPEN?src=hash&amp;ref_src=twsrc%5Etfw\">#MMOPEN<\/a> <a href=\"https:\/\/t.co\/fLzuDTmME3\">pic.twitter.com\/fLzuDTmME3<\/a><\/p>\n<p>\u2014 #MMOPEN (@MutuaMadridOpen) <a href=\"https:\/\/twitter.com\/MutuaMadridOpen\/status\/1518950899485454337?ref_src=twsrc%5Etfw\">April 26, 2022<\/a><\/p><\/blockquote>\n<p><script async src=\"https:\/\/platform.twitter.com\/widgets.js\" charset=\"utf-8\"><\/script><\/p>\n","protected":false},"excerpt":{"rendered":"<p>Les qualifications pour le Masters 1000 de Madrid ont commenc\u00e9 ce mardi. Parmi les 7 Fran\u00e7aises engag\u00e9es, la moiti\u00e9 pourront tenter d&rsquo;acc\u00e9der au grand tableau.<\/p>\n","protected":false},"author":12,"featured_media":218922,"comment_status":"open","ping_status":"closed","sticky":false,"template":"","format":"standard","meta":{"_acf_changed":false,"_daextam_enable_autolinks":"","footnotes":""},"categories":[2302],"tags":[3540,5848,3377,7921],"class_list":["post-218850","post","type-post","status-publish","format-standard","has-post-thumbnail","hentry","category-tennis","tag-clara-burel","tag-harmony-tan","tag-mladenovic","tag-oceane-dodin"],"acf":[],"yoast_head":"<!-- This site is optimized with the Yoast SEO Premium plugin v26.7 (Yoast SEO v26.7) - https:\/\/yoast.com\/wordpress\/plugins\/seo\/ -->\n<title>Qualifications Masters 1000 de Madrid : 4\/7 pour les Fran\u00e7aises<\/title>\n<meta name=\"description\" content=\"Parmi les 7 Fran\u00e7aises engag\u00e9es dans les qualifications pour le Masters 1000 de Madri la moiti\u00e9 pourront tenter d&#039;acc\u00e9der au grand tableau.\" \/>\n<meta name=\"robots\" content=\"index, follow, max-snippet:-1, max-image-preview:large, max-video-preview:-1\" \/>\n<link rel=\"canonical\" href=\"https:\/\/dicodusport.fr\/blog\/qualifications-masters-1000-de-madrid-4-7-pour-les-francaises\/\" \/>\n<meta property=\"og:locale\" content=\"fr_FR\" \/>\n<meta property=\"og:type\" content=\"article\" \/>\n<meta property=\"og:title\" content=\"Qualifications Masters 1000 de Madrid : 4\/7 pour les Fran\u00e7aises\" \/>\n<meta property=\"og:description\" content=\"Parmi les 7 Fran\u00e7aises engag\u00e9es dans les qualifications pour le Masters 1000 de Madri la moiti\u00e9 pourront tenter d&#039;acc\u00e9der au grand tableau.\" \/>\n<meta property=\"og:url\" content=\"https:\/\/dicodusport.fr\/blog\/qualifications-masters-1000-de-madrid-4-7-pour-les-francaises\/\" \/>\n<meta property=\"og:site_name\" content=\"Dicodusport\" \/>\n<meta property=\"article:publisher\" content=\"https:\/\/www.facebook.com\/dicodusport\" \/>\n<meta property=\"article:published_time\" content=\"2022-04-26T19:08:06+00:00\" \/>\n<meta property=\"article:modified_time\" content=\"2022-04-26T19:18:47+00:00\" \/>\n<meta property=\"og:image\" content=\"https:\/\/dicodusport.fr\/blog\/wp-content\/uploads\/2022\/04\/Qualifications-Masters-1000-de-Madrid-47-pour-les-Francaises.jpg\" \/>\n\t<meta property=\"og:image:width\" content=\"800\" \/>\n\t<meta property=\"og:image:height\" content=\"445\" \/>\n\t<meta property=\"og:image:type\" content=\"image\/jpeg\" \/>\n<meta name=\"author\" content=\"Arlette Yeye\" \/>\n<meta name=\"twitter:card\" content=\"summary_large_image\" \/>\n<meta name=\"twitter:title\" content=\"Qualifications Masters 1000 de Madrid : 4\/7 pour les Fran\u00e7aises\" \/>\n<meta name=\"twitter:creator\" content=\"@https:\/\/twitter.com\/Shiclette94\" \/>\n<meta name=\"twitter:site\" content=\"@dicodusport\" \/>\n<script type=\"application\/ld+json\" class=\"yoast-schema-graph\">{\"@context\":\"https:\/\/schema.org\",\"@graph\":[{\"@type\":\"NewsArticle\",\"@id\":\"https:\/\/dicodusport.fr\/blog\/qualifications-masters-1000-de-madrid-4-7-pour-les-francaises\/#article\",\"isPartOf\":{\"@id\":\"https:\/\/dicodusport.fr\/blog\/qualifications-masters-1000-de-madrid-4-7-pour-les-francaises\/\"},\"author\":{\"name\":\"Arlette Yeye\",\"@id\":\"https:\/\/dicodusport.fr\/blog\/#\/schema\/person\/cce96fa88785bd8573e3d43078ac8c79\"},\"headline\":\"Qualifications Masters 1000 de Madrid : 4\/7 pour les Fran\u00e7aises\",\"datePublished\":\"2022-04-26T19:08:06+00:00\",\"dateModified\":\"2022-04-26T19:18:47+00:00\",\"mainEntityOfPage\":{\"@id\":\"https:\/\/dicodusport.fr\/blog\/qualifications-masters-1000-de-madrid-4-7-pour-les-francaises\/\"},\"wordCount\":1065,\"commentCount\":0,\"publisher\":{\"@id\":\"https:\/\/dicodusport.fr\/blog\/#organization\"},\"image\":{\"@id\":\"https:\/\/dicodusport.fr\/blog\/qualifications-masters-1000-de-madrid-4-7-pour-les-francaises\/#primaryimage\"},\"thumbnailUrl\":\"https:\/\/dicodusport.fr\/blog\/wp-content\/uploads\/2022\/04\/Qualifications-Masters-1000-de-Madrid-47-pour-les-Francaises.jpg\",\"keywords\":[\"Clara Burel\",\"Harmony Tan\",\"Mladenovic\",\"Oc\u00e9ane Dodin\"],\"articleSection\":[\"Tennis\"],\"inLanguage\":\"fr-FR\",\"potentialAction\":[{\"@type\":\"CommentAction\",\"name\":\"Comment\",\"target\":[\"https:\/\/dicodusport.fr\/blog\/qualifications-masters-1000-de-madrid-4-7-pour-les-francaises\/#respond\"]}],\"copyrightYear\":\"2022\",\"copyrightHolder\":{\"@id\":\"https:\/\/dicodusport.fr\/blog\/#organization\"}},{\"@type\":\"WebPage\",\"@id\":\"https:\/\/dicodusport.fr\/blog\/qualifications-masters-1000-de-madrid-4-7-pour-les-francaises\/\",\"url\":\"https:\/\/dicodusport.fr\/blog\/qualifications-masters-1000-de-madrid-4-7-pour-les-francaises\/\",\"name\":\"Qualifications Masters 1000 de Madrid : 4\/7 pour les Fran\u00e7aises\",\"isPartOf\":{\"@id\":\"https:\/\/dicodusport.fr\/blog\/#website\"},\"primaryImageOfPage\":{\"@id\":\"https:\/\/dicodusport.fr\/blog\/qualifications-masters-1000-de-madrid-4-7-pour-les-francaises\/#primaryimage\"},\"image\":{\"@id\":\"https:\/\/dicodusport.fr\/blog\/qualifications-masters-1000-de-madrid-4-7-pour-les-francaises\/#primaryimage\"},\"thumbnailUrl\":\"https:\/\/dicodusport.fr\/blog\/wp-content\/uploads\/2022\/04\/Qualifications-Masters-1000-de-Madrid-47-pour-les-Francaises.jpg\",\"datePublished\":\"2022-04-26T19:08:06+00:00\",\"dateModified\":\"2022-04-26T19:18:47+00:00\",\"description\":\"Parmi les 7 Fran\u00e7aises engag\u00e9es dans les qualifications pour le Masters 1000 de Madri la moiti\u00e9 pourront tenter d'acc\u00e9der au grand tableau.\",\"breadcrumb\":{\"@id\":\"https:\/\/dicodusport.fr\/blog\/qualifications-masters-1000-de-madrid-4-7-pour-les-francaises\/#breadcrumb\"},\"inLanguage\":\"fr-FR\",\"potentialAction\":[{\"@type\":\"ReadAction\",\"target\":[\"https:\/\/dicodusport.fr\/blog\/qualifications-masters-1000-de-madrid-4-7-pour-les-francaises\/\"]}]},{\"@type\":\"ImageObject\",\"inLanguage\":\"fr-FR\",\"@id\":\"https:\/\/dicodusport.fr\/blog\/qualifications-masters-1000-de-madrid-4-7-pour-les-francaises\/#primaryimage\",\"url\":\"https:\/\/dicodusport.fr\/blog\/wp-content\/uploads\/2022\/04\/Qualifications-Masters-1000-de-Madrid-47-pour-les-Francaises.jpg\",\"contentUrl\":\"https:\/\/dicodusport.fr\/blog\/wp-content\/uploads\/2022\/04\/Qualifications-Masters-1000-de-Madrid-47-pour-les-Francaises.jpg\",\"width\":800,\"height\":445,\"caption\":\"Qualifications Masters 1000 de Madrid 47 pour les Fran\u00e7aises\"},{\"@type\":\"BreadcrumbList\",\"@id\":\"https:\/\/dicodusport.fr\/blog\/qualifications-masters-1000-de-madrid-4-7-pour-les-francaises\/#breadcrumb\",\"itemListElement\":[{\"@type\":\"ListItem\",\"position\":1,\"name\":\"Accueil\",\"item\":\"https:\/\/dicodusport.fr\/blog\/\"},{\"@type\":\"ListItem\",\"position\":2,\"name\":\"Qualifications Masters 1000 de Madrid : 4\/7 pour les Fran\u00e7aises\"}]},{\"@type\":\"WebSite\",\"@id\":\"https:\/\/dicodusport.fr\/blog\/#website\",\"url\":\"https:\/\/dicodusport.fr\/blog\/\",\"name\":\"Dicodusport\",\"description\":\"L&#039;encyclop\u00e9die de l&#039;actualit\u00e9 sportive\",\"publisher\":{\"@id\":\"https:\/\/dicodusport.fr\/blog\/#organization\"},\"potentialAction\":[{\"@type\":\"SearchAction\",\"target\":{\"@type\":\"EntryPoint\",\"urlTemplate\":\"https:\/\/dicodusport.fr\/blog\/?s={search_term_string}\"},\"query-input\":{\"@type\":\"PropertyValueSpecification\",\"valueRequired\":true,\"valueName\":\"search_term_string\"}}],\"inLanguage\":\"fr-FR\"},{\"@type\":\"NewsMediaOrganization\",\"@id\":\"https:\/\/dicodusport.fr\/blog\/#organization\",\"name\":\"Dicodusport\",\"url\":\"https:\/\/dicodusport.fr\/blog\/\",\"logo\":{\"@type\":\"ImageObject\",\"inLanguage\":\"fr-FR\",\"@id\":\"https:\/\/dicodusport.fr\/blog\/#\/schema\/logo\/image\/\",\"url\":\"https:\/\/dicodusport.fr\/blog\/wp-content\/uploads\/2020\/06\/cropped-LOGO-DICODUSPORT-2020-SANS-FOND-SANS-TEXTE.png\",\"contentUrl\":\"https:\/\/dicodusport.fr\/blog\/wp-content\/uploads\/2020\/06\/cropped-LOGO-DICODUSPORT-2020-SANS-FOND-SANS-TEXTE.png\",\"width\":512,\"height\":512,\"caption\":\"Dicodusport\"},\"image\":{\"@id\":\"https:\/\/dicodusport.fr\/blog\/#\/schema\/logo\/image\/\"},\"sameAs\":[\"https:\/\/www.facebook.com\/dicodusport\",\"https:\/\/x.com\/dicodusport\",\"https:\/\/www.instagram.com\/dicodusport\/\",\"https:\/\/www.youtube.com\/channel\/UC7V2KZ5sd3htJivAbA4ZG3w\"],\"description\":\"Dicodusport est l'encyclop\u00e9die de l'actualit\u00e9 sportive.\",\"email\":\"bonjour@dicodusport.fr\",\"legalName\":\"DICODUSPORT\",\"foundingDate\":\"2018-01-14\",\"vatID\":\"FR71834470973\",\"taxID\":\"83447097300043\",\"numberOfEmployees\":{\"@type\":\"QuantitativeValue\",\"minValue\":\"1\",\"maxValue\":\"10\"}},{\"@type\":\"Person\",\"@id\":\"https:\/\/dicodusport.fr\/blog\/#\/schema\/person\/cce96fa88785bd8573e3d43078ac8c79\",\"name\":\"Arlette Yeye\",\"image\":{\"@type\":\"ImageObject\",\"inLanguage\":\"fr-FR\",\"@id\":\"https:\/\/dicodusport.fr\/blog\/#\/schema\/person\/image\/\",\"url\":\"https:\/\/secure.gravatar.com\/avatar\/dca4a6239e6d708e46c45d60e160de6c?s=96&d=wp_user_avatar&r=g\",\"contentUrl\":\"https:\/\/secure.gravatar.com\/avatar\/dca4a6239e6d708e46c45d60e160de6c?s=96&d=wp_user_avatar&r=g\",\"caption\":\"Arlette Yeye\"},\"description\":\"Journaliste\/r\u00e9dactrice depuis septembre 2015 - Supportrice de Chelsea, j'ai pour sports de pr\u00e9dilection le handball, l'athl\u00e9tisme et le tennis. Si je tweete plus vite que mon ombre, vous pouvez aussi me retrouver les week-ends sur les playgrounds de Bruxelles pour un petit foot ou basket entre potes. Parcourir la France, l'Europe et plus si affinit\u00e9s pour suivre mes sportifs pr\u00e9f\u00e9r\u00e9s ? Mon kif ! Et c'est avec plaisir que je partage les r\u00e9sultats des sports populaires mais \u00e9galement plus confidentiels pour Dicodusport.\",\"sameAs\":[\"https:\/\/x.com\/https:\/\/twitter.com\/Shiclette94\"],\"url\":\"https:\/\/dicodusport.fr\/blog\/author\/arlette\/\"}]}<\/script>\n<!-- \/ Yoast SEO Premium plugin. -->","yoast_head_json":{"title":"Qualifications Masters 1000 de Madrid : 4\/7 pour les Fran\u00e7aises","description":"Parmi les 7 Fran\u00e7aises engag\u00e9es dans les qualifications pour le Masters 1000 de Madri la moiti\u00e9 pourront tenter d'acc\u00e9der au grand tableau.","robots":{"index":"index","follow":"follow","max-snippet":"max-snippet:-1","max-image-preview":"max-image-preview:large","max-video-preview":"max-video-preview:-1"},"canonical":"https:\/\/dicodusport.fr\/blog\/qualifications-masters-1000-de-madrid-4-7-pour-les-francaises\/","og_locale":"fr_FR","og_type":"article","og_title":"Qualifications Masters 1000 de Madrid : 4\/7 pour les Fran\u00e7aises","og_description":"Parmi les 7 Fran\u00e7aises engag\u00e9es dans les qualifications pour le Masters 1000 de Madri la moiti\u00e9 pourront tenter d'acc\u00e9der au grand tableau.","og_url":"https:\/\/dicodusport.fr\/blog\/qualifications-masters-1000-de-madrid-4-7-pour-les-francaises\/","og_site_name":"Dicodusport","article_publisher":"https:\/\/www.facebook.com\/dicodusport","article_published_time":"2022-04-26T19:08:06+00:00","article_modified_time":"2022-04-26T19:18:47+00:00","og_image":[{"width":800,"height":445,"url":"https:\/\/dicodusport.fr\/blog\/wp-content\/uploads\/2022\/04\/Qualifications-Masters-1000-de-Madrid-47-pour-les-Francaises.jpg","type":"image\/jpeg"}],"author":"Arlette Yeye","twitter_card":"summary_large_image","twitter_title":"Qualifications Masters 1000 de Madrid : 4\/7 pour les Fran\u00e7aises","twitter_creator":"@https:\/\/twitter.com\/Shiclette94","twitter_site":"@dicodusport","schema":{"@context":"https:\/\/schema.org","@graph":[{"@type":"NewsArticle","@id":"https:\/\/dicodusport.fr\/blog\/qualifications-masters-1000-de-madrid-4-7-pour-les-francaises\/#article","isPartOf":{"@id":"https:\/\/dicodusport.fr\/blog\/qualifications-masters-1000-de-madrid-4-7-pour-les-francaises\/"},"author":{"name":"Arlette Yeye","@id":"https:\/\/dicodusport.fr\/blog\/#\/schema\/person\/cce96fa88785bd8573e3d43078ac8c79"},"headline":"Qualifications Masters 1000 de Madrid : 4\/7 pour les Fran\u00e7aises","datePublished":"2022-04-26T19:08:06+00:00","dateModified":"2022-04-26T19:18:47+00:00","mainEntityOfPage":{"@id":"https:\/\/dicodusport.fr\/blog\/qualifications-masters-1000-de-madrid-4-7-pour-les-francaises\/"},"wordCount":1065,"commentCount":0,"publisher":{"@id":"https:\/\/dicodusport.fr\/blog\/#organization"},"image":{"@id":"https:\/\/dicodusport.fr\/blog\/qualifications-masters-1000-de-madrid-4-7-pour-les-francaises\/#primaryimage"},"thumbnailUrl":"https:\/\/dicodusport.fr\/blog\/wp-content\/uploads\/2022\/04\/Qualifications-Masters-1000-de-Madrid-47-pour-les-Francaises.jpg","keywords":["Clara Burel","Harmony Tan","Mladenovic","Oc\u00e9ane Dodin"],"articleSection":["Tennis"],"inLanguage":"fr-FR","potentialAction":[{"@type":"CommentAction","name":"Comment","target":["https:\/\/dicodusport.fr\/blog\/qualifications-masters-1000-de-madrid-4-7-pour-les-francaises\/#respond"]}],"copyrightYear":"2022","copyrightHolder":{"@id":"https:\/\/dicodusport.fr\/blog\/#organization"}},{"@type":"WebPage","@id":"https:\/\/dicodusport.fr\/blog\/qualifications-masters-1000-de-madrid-4-7-pour-les-francaises\/","url":"https:\/\/dicodusport.fr\/blog\/qualifications-masters-1000-de-madrid-4-7-pour-les-francaises\/","name":"Qualifications Masters 1000 de Madrid : 4\/7 pour les Fran\u00e7aises","isPartOf":{"@id":"https:\/\/dicodusport.fr\/blog\/#website"},"primaryImageOfPage":{"@id":"https:\/\/dicodusport.fr\/blog\/qualifications-masters-1000-de-madrid-4-7-pour-les-francaises\/#primaryimage"},"image":{"@id":"https:\/\/dicodusport.fr\/blog\/qualifications-masters-1000-de-madrid-4-7-pour-les-francaises\/#primaryimage"},"thumbnailUrl":"https:\/\/dicodusport.fr\/blog\/wp-content\/uploads\/2022\/04\/Qualifications-Masters-1000-de-Madrid-47-pour-les-Francaises.jpg","datePublished":"2022-04-26T19:08:06+00:00","dateModified":"2022-04-26T19:18:47+00:00","description":"Parmi les 7 Fran\u00e7aises engag\u00e9es dans les qualifications pour le Masters 1000 de Madri la moiti\u00e9 pourront tenter d'acc\u00e9der au grand tableau.","breadcrumb":{"@id":"https:\/\/dicodusport.fr\/blog\/qualifications-masters-1000-de-madrid-4-7-pour-les-francaises\/#breadcrumb"},"inLanguage":"fr-FR","potentialAction":[{"@type":"ReadAction","target":["https:\/\/dicodusport.fr\/blog\/qualifications-masters-1000-de-madrid-4-7-pour-les-francaises\/"]}]},{"@type":"ImageObject","inLanguage":"fr-FR","@id":"https:\/\/dicodusport.fr\/blog\/qualifications-masters-1000-de-madrid-4-7-pour-les-francaises\/#primaryimage","url":"https:\/\/dicodusport.fr\/blog\/wp-content\/uploads\/2022\/04\/Qualifications-Masters-1000-de-Madrid-47-pour-les-Francaises.jpg","contentUrl":"https:\/\/dicodusport.fr\/blog\/wp-content\/uploads\/2022\/04\/Qualifications-Masters-1000-de-Madrid-47-pour-les-Francaises.jpg","width":800,"height":445,"caption":"Qualifications Masters 1000 de Madrid 47 pour les Fran\u00e7aises"},{"@type":"BreadcrumbList","@id":"https:\/\/dicodusport.fr\/blog\/qualifications-masters-1000-de-madrid-4-7-pour-les-francaises\/#breadcrumb","itemListElement":[{"@type":"ListItem","position":1,"name":"Accueil","item":"https:\/\/dicodusport.fr\/blog\/"},{"@type":"ListItem","position":2,"name":"Qualifications Masters 1000 de Madrid : 4\/7 pour les Fran\u00e7aises"}]},{"@type":"WebSite","@id":"https:\/\/dicodusport.fr\/blog\/#website","url":"https:\/\/dicodusport.fr\/blog\/","name":"Dicodusport","description":"L&#039;encyclop\u00e9die de l&#039;actualit\u00e9 sportive","publisher":{"@id":"https:\/\/dicodusport.fr\/blog\/#organization"},"potentialAction":[{"@type":"SearchAction","target":{"@type":"EntryPoint","urlTemplate":"https:\/\/dicodusport.fr\/blog\/?s={search_term_string}"},"query-input":{"@type":"PropertyValueSpecification","valueRequired":true,"valueName":"search_term_string"}}],"inLanguage":"fr-FR"},{"@type":"NewsMediaOrganization","@id":"https:\/\/dicodusport.fr\/blog\/#organization","name":"Dicodusport","url":"https:\/\/dicodusport.fr\/blog\/","logo":{"@type":"ImageObject","inLanguage":"fr-FR","@id":"https:\/\/dicodusport.fr\/blog\/#\/schema\/logo\/image\/","url":"https:\/\/dicodusport.fr\/blog\/wp-content\/uploads\/2020\/06\/cropped-LOGO-DICODUSPORT-2020-SANS-FOND-SANS-TEXTE.png","contentUrl":"https:\/\/dicodusport.fr\/blog\/wp-content\/uploads\/2020\/06\/cropped-LOGO-DICODUSPORT-2020-SANS-FOND-SANS-TEXTE.png","width":512,"height":512,"caption":"Dicodusport"},"image":{"@id":"https:\/\/dicodusport.fr\/blog\/#\/schema\/logo\/image\/"},"sameAs":["https:\/\/www.facebook.com\/dicodusport","https:\/\/x.com\/dicodusport","https:\/\/www.instagram.com\/dicodusport\/","https:\/\/www.youtube.com\/channel\/UC7V2KZ5sd3htJivAbA4ZG3w"],"description":"Dicodusport est l'encyclop\u00e9die de l'actualit\u00e9 sportive.","email":"bonjour@dicodusport.fr","legalName":"DICODUSPORT","foundingDate":"2018-01-14","vatID":"FR71834470973","taxID":"83447097300043","numberOfEmployees":{"@type":"QuantitativeValue","minValue":"1","maxValue":"10"}},{"@type":"Person","@id":"https:\/\/dicodusport.fr\/blog\/#\/schema\/person\/cce96fa88785bd8573e3d43078ac8c79","name":"Arlette Yeye","image":{"@type":"ImageObject","inLanguage":"fr-FR","@id":"https:\/\/dicodusport.fr\/blog\/#\/schema\/person\/image\/","url":"https:\/\/secure.gravatar.com\/avatar\/dca4a6239e6d708e46c45d60e160de6c?s=96&d=wp_user_avatar&r=g","contentUrl":"https:\/\/secure.gravatar.com\/avatar\/dca4a6239e6d708e46c45d60e160de6c?s=96&d=wp_user_avatar&r=g","caption":"Arlette Yeye"},"description":"Journaliste\/r\u00e9dactrice depuis septembre 2015 - Supportrice de Chelsea, j'ai pour sports de pr\u00e9dilection le handball, l'athl\u00e9tisme et le tennis. Si je tweete plus vite que mon ombre, vous pouvez aussi me retrouver les week-ends sur les playgrounds de Bruxelles pour un petit foot ou basket entre potes. Parcourir la France, l'Europe et plus si affinit\u00e9s pour suivre mes sportifs pr\u00e9f\u00e9r\u00e9s ? Mon kif ! Et c'est avec plaisir que je partage les r\u00e9sultats des sports populaires mais \u00e9galement plus confidentiels pour Dicodusport.","sameAs":["https:\/\/x.com\/https:\/\/twitter.com\/Shiclette94"],"url":"https:\/\/dicodusport.fr\/blog\/author\/arlette\/"}]}},"_links":{"self":[{"href":"https:\/\/dicodusport.fr\/blog\/wp-json\/wp\/v2\/posts\/218850","targetHints":{"allow":["GET"]}}],"collection":[{"href":"https:\/\/dicodusport.fr\/blog\/wp-json\/wp\/v2\/posts"}],"about":[{"href":"https:\/\/dicodusport.fr\/blog\/wp-json\/wp\/v2\/types\/post"}],"author":[{"embeddable":true,"href":"https:\/\/dicodusport.fr\/blog\/wp-json\/wp\/v2\/users\/12"}],"replies":[{"embeddable":true,"href":"https:\/\/dicodusport.fr\/blog\/wp-json\/wp\/v2\/comments?post=218850"}],"version-history":[{"count":0,"href":"https:\/\/dicodusport.fr\/blog\/wp-json\/wp\/v2\/posts\/218850\/revisions"}],"wp:featuredmedia":[{"embeddable":true,"href":"https:\/\/dicodusport.fr\/blog\/wp-json\/wp\/v2\/media\/218922"}],"wp:attachment":[{"href":"https:\/\/dicodusport.fr\/blog\/wp-json\/wp\/v2\/media?parent=218850"}],"wp:term":[{"taxonomy":"category","embeddable":true,"href":"https:\/\/dicodusport.fr\/blog\/wp-json\/wp\/v2\/categories?post=218850"},{"taxonomy":"post_tag","embeddable":true,"href":"https:\/\/dicodusport.fr\/blog\/wp-json\/wp\/v2\/tags?post=218850"}],"curies":[{"name":"wp","href":"https:\/\/api.w.org\/{rel}","templated":true}]}}