{"id":218870,"date":"2022-04-26T15:08:00","date_gmt":"2022-04-26T13:08:00","guid":{"rendered":"https:\/\/dicodusport.fr\/blog\/?p=218870&#038;preview=true&#038;preview_id=218870"},"modified":"2022-04-26T15:58:08","modified_gmt":"2022-04-26T13:58:08","slug":"roger-federer-confirme-son-retour-a-la-competition-fin-2022","status":"publish","type":"post","link":"https:\/\/dicodusport.fr\/blog\/roger-federer-confirme-son-retour-a-la-competition-fin-2022\/","title":{"rendered":"Roger Federer confirme son retour \u00e0 la comp\u00e9tition fin 2022"},"content":{"rendered":"<p style=\"text-align: justify;\"><b><i>TENNIS &#8211; Le Suisse Roger Federer a annonc\u00e9 qu&rsquo;il ferait son retour sur les courts, \u00e0 l&rsquo;occasion du Tournoi de B\u00e2le, en octobre prochain.<\/i><\/b><\/p>\n<p style=\"text-align: justify;\">Absent des courts depuis son quart de finale de Wimbledon perdu face \u00e0 Hubert Hurkacz, le champion suisse <a href=\"https:\/\/dicodusport.fr\/blog\/roger-federer-je-ne-sais-pas-si-je-rejouerais-a-wimbledon\/\"><strong>Roger Federer<\/strong><\/a> a annonc\u00e9 sa pr\u00e9sence au tournoi de B\u00e2le, du 24 au 30 octobre prochain. Reverra-t-on <strong>Roger Federer<\/strong> avant ? Pour le moment, aucun tournoi n&rsquo;est pr\u00e9vu avant le rendez-vous \u00e0 B\u00e2le, et le champion de bient\u00f4t 41 ans avisera en fonction de ses sensations \u00e0 l&rsquo;entra\u00eenement dans les prochaines semaines. <strong>Roger Federer<\/strong> doit participer \u00e0 la Laver Cup fin septembre, avant donc de faire son retour sur le circuit ATP quelques semaines plus tard, \u00e0 moins qu&rsquo;il n&rsquo;ajoute d&rsquo;autres rendez-vous d&rsquo;ici l\u00e0.<\/p>\n<blockquote class=\"twitter-tweet\">\n<p dir=\"ltr\" lang=\"en\">&#x1f1e8;&#x1f1ed; COMING HOME &#x1f1e8;&#x1f1ed;<a href=\"https:\/\/twitter.com\/rogerfederer?ref_src=twsrc%5Etfw\">@rogerfederer<\/a> has announced he will return to tournament tennis in Basel in October! <a href=\"https:\/\/t.co\/AAjQaXJA4a\">pic.twitter.com\/AAjQaXJA4a<\/a><\/p>\n<p>\u2014 Tennis TV (@TennisTV) <a href=\"https:\/\/twitter.com\/TennisTV\/status\/1518932932496396288?ref_src=twsrc%5Etfw\">April 26, 2022<\/a><\/p><\/blockquote>\n<p style=\"text-align: justify;\"><script async src=\"https:\/\/platform.twitter.com\/widgets.js\" charset=\"utf-8\"><\/script><\/p>\n","protected":false},"excerpt":{"rendered":"<p>TENNIS &#8211; Le Suisse Roger Federer a annonc\u00e9 qu&rsquo;il ferait son retour sur les courts, \u00e0 l&rsquo;occasion du Tournoi de B\u00e2le, en octobre prochain.<\/p>\n","protected":false},"author":1,"featured_media":218872,"comment_status":"open","ping_status":"closed","sticky":false,"template":"","format":"standard","meta":{"_acf_changed":false,"_daextam_enable_autolinks":"","footnotes":""},"categories":[2302],"tags":[156,965,136],"class_list":["post-218870","post","type-post","status-publish","format-standard","has-post-thumbnail","hentry","category-tennis","tag-atp","tag-roger-federer","tag-tennis"],"acf":[],"yoast_head":"<!-- This site is optimized with the Yoast SEO Premium plugin v26.7 (Yoast SEO v26.7) - https:\/\/yoast.com\/wordpress\/plugins\/seo\/ -->\n<title>Tennis - Roger Federer confirme son retour \u00e0 la comp\u00e9tition fin 2022 - Dicodusport<\/title>\n<meta name=\"description\" content=\"TENNIS - Le Suisse Roger Federer a annonc\u00e9 qu&#039;il ferait son retour sur les courts, \u00e0 l&#039;occasion du Tournoi de B\u00e2le, en octobre prochain.\" \/>\n<meta name=\"robots\" content=\"index, follow, max-snippet:-1, max-image-preview:large, max-video-preview:-1\" \/>\n<link rel=\"canonical\" href=\"https:\/\/dicodusport.fr\/blog\/roger-federer-confirme-son-retour-a-la-competition-fin-2022\/\" \/>\n<meta property=\"og:locale\" content=\"fr_FR\" \/>\n<meta property=\"og:type\" content=\"article\" \/>\n<meta property=\"og:title\" content=\"Roger Federer confirme son retour \u00e0 la comp\u00e9tition fin 2022\" \/>\n<meta property=\"og:description\" content=\"TENNIS - Le Suisse Roger Federer a annonc\u00e9 qu&#039;il ferait son retour sur les courts, \u00e0 l&#039;occasion du Tournoi de B\u00e2le, en octobre prochain.\" \/>\n<meta property=\"og:url\" content=\"https:\/\/dicodusport.fr\/blog\/roger-federer-confirme-son-retour-a-la-competition-fin-2022\/\" \/>\n<meta property=\"og:site_name\" content=\"Dicodusport\" \/>\n<meta property=\"article:publisher\" content=\"https:\/\/www.facebook.com\/dicodusport\" \/>\n<meta property=\"article:author\" content=\"https:\/\/www.facebook.com\/dicodusport\" \/>\n<meta property=\"article:published_time\" content=\"2022-04-26T13:08:00+00:00\" \/>\n<meta property=\"article:modified_time\" content=\"2022-04-26T13:58:08+00:00\" \/>\n<meta property=\"og:image\" content=\"https:\/\/dicodusport.fr\/blog\/wp-content\/uploads\/2022\/04\/Roger-Federer-confirme-son-retour-a\u0300-la-compe\u0301tition-fin-2022.png\" \/>\n\t<meta property=\"og:image:width\" content=\"800\" \/>\n\t<meta property=\"og:image:height\" content=\"445\" \/>\n\t<meta property=\"og:image:type\" content=\"image\/png\" \/>\n<meta name=\"author\" content=\"Nicolas Jacquemard\" \/>\n<meta name=\"twitter:card\" content=\"summary_large_image\" \/>\n<meta name=\"twitter:title\" content=\"Roger Federer confirme son retour \u00e0 la comp\u00e9tition fin 2022\" \/>\n<meta name=\"twitter:creator\" content=\"@https:\/\/twitter.com\/Nico_Jacquemard\" \/>\n<meta name=\"twitter:site\" content=\"@dicodusport\" \/>\n<script type=\"application\/ld+json\" class=\"yoast-schema-graph\">{\"@context\":\"https:\/\/schema.org\",\"@graph\":[{\"@type\":\"NewsArticle\",\"@id\":\"https:\/\/dicodusport.fr\/blog\/roger-federer-confirme-son-retour-a-la-competition-fin-2022\/#article\",\"isPartOf\":{\"@id\":\"https:\/\/dicodusport.fr\/blog\/roger-federer-confirme-son-retour-a-la-competition-fin-2022\/\"},\"author\":{\"name\":\"Nicolas Jacquemard\",\"@id\":\"https:\/\/dicodusport.fr\/blog\/#\/schema\/person\/55dcb50ad410894e431ed812bbb70191\"},\"headline\":\"Roger Federer confirme son retour \u00e0 la comp\u00e9tition fin 2022\",\"datePublished\":\"2022-04-26T13:08:00+00:00\",\"dateModified\":\"2022-04-26T13:58:08+00:00\",\"mainEntityOfPage\":{\"@id\":\"https:\/\/dicodusport.fr\/blog\/roger-federer-confirme-son-retour-a-la-competition-fin-2022\/\"},\"wordCount\":176,\"commentCount\":0,\"publisher\":{\"@id\":\"https:\/\/dicodusport.fr\/blog\/#organization\"},\"image\":{\"@id\":\"https:\/\/dicodusport.fr\/blog\/roger-federer-confirme-son-retour-a-la-competition-fin-2022\/#primaryimage\"},\"thumbnailUrl\":\"https:\/\/dicodusport.fr\/blog\/wp-content\/uploads\/2022\/04\/Roger-Federer-confirme-son-retour-a\u0300-la-compe\u0301tition-fin-2022.png\",\"keywords\":[\"ATP\",\"Roger Federer\",\"Tennis\"],\"articleSection\":[\"Tennis\"],\"inLanguage\":\"fr-FR\",\"potentialAction\":[{\"@type\":\"CommentAction\",\"name\":\"Comment\",\"target\":[\"https:\/\/dicodusport.fr\/blog\/roger-federer-confirme-son-retour-a-la-competition-fin-2022\/#respond\"]}],\"copyrightYear\":\"2022\",\"copyrightHolder\":{\"@id\":\"https:\/\/dicodusport.fr\/blog\/#organization\"}},{\"@type\":\"WebPage\",\"@id\":\"https:\/\/dicodusport.fr\/blog\/roger-federer-confirme-son-retour-a-la-competition-fin-2022\/\",\"url\":\"https:\/\/dicodusport.fr\/blog\/roger-federer-confirme-son-retour-a-la-competition-fin-2022\/\",\"name\":\"Tennis - Roger Federer confirme son retour \u00e0 la comp\u00e9tition fin 2022 - Dicodusport\",\"isPartOf\":{\"@id\":\"https:\/\/dicodusport.fr\/blog\/#website\"},\"primaryImageOfPage\":{\"@id\":\"https:\/\/dicodusport.fr\/blog\/roger-federer-confirme-son-retour-a-la-competition-fin-2022\/#primaryimage\"},\"image\":{\"@id\":\"https:\/\/dicodusport.fr\/blog\/roger-federer-confirme-son-retour-a-la-competition-fin-2022\/#primaryimage\"},\"thumbnailUrl\":\"https:\/\/dicodusport.fr\/blog\/wp-content\/uploads\/2022\/04\/Roger-Federer-confirme-son-retour-a\u0300-la-compe\u0301tition-fin-2022.png\",\"datePublished\":\"2022-04-26T13:08:00+00:00\",\"dateModified\":\"2022-04-26T13:58:08+00:00\",\"description\":\"TENNIS - Le Suisse Roger Federer a annonc\u00e9 qu'il ferait son retour sur les courts, \u00e0 l'occasion du Tournoi de B\u00e2le, en octobre prochain.\",\"breadcrumb\":{\"@id\":\"https:\/\/dicodusport.fr\/blog\/roger-federer-confirme-son-retour-a-la-competition-fin-2022\/#breadcrumb\"},\"inLanguage\":\"fr-FR\",\"potentialAction\":[{\"@type\":\"ReadAction\",\"target\":[\"https:\/\/dicodusport.fr\/blog\/roger-federer-confirme-son-retour-a-la-competition-fin-2022\/\"]}]},{\"@type\":\"ImageObject\",\"inLanguage\":\"fr-FR\",\"@id\":\"https:\/\/dicodusport.fr\/blog\/roger-federer-confirme-son-retour-a-la-competition-fin-2022\/#primaryimage\",\"url\":\"https:\/\/dicodusport.fr\/blog\/wp-content\/uploads\/2022\/04\/Roger-Federer-confirme-son-retour-a\u0300-la-compe\u0301tition-fin-2022.png\",\"contentUrl\":\"https:\/\/dicodusport.fr\/blog\/wp-content\/uploads\/2022\/04\/Roger-Federer-confirme-son-retour-a\u0300-la-compe\u0301tition-fin-2022.png\",\"width\":800,\"height\":445},{\"@type\":\"BreadcrumbList\",\"@id\":\"https:\/\/dicodusport.fr\/blog\/roger-federer-confirme-son-retour-a-la-competition-fin-2022\/#breadcrumb\",\"itemListElement\":[{\"@type\":\"ListItem\",\"position\":1,\"name\":\"Accueil\",\"item\":\"https:\/\/dicodusport.fr\/blog\/\"},{\"@type\":\"ListItem\",\"position\":2,\"name\":\"Roger Federer confirme son retour \u00e0 la comp\u00e9tition fin 2022\"}]},{\"@type\":\"WebSite\",\"@id\":\"https:\/\/dicodusport.fr\/blog\/#website\",\"url\":\"https:\/\/dicodusport.fr\/blog\/\",\"name\":\"Dicodusport\",\"description\":\"L&#039;encyclop\u00e9die de l&#039;actualit\u00e9 sportive\",\"publisher\":{\"@id\":\"https:\/\/dicodusport.fr\/blog\/#organization\"},\"potentialAction\":[{\"@type\":\"SearchAction\",\"target\":{\"@type\":\"EntryPoint\",\"urlTemplate\":\"https:\/\/dicodusport.fr\/blog\/?s={search_term_string}\"},\"query-input\":{\"@type\":\"PropertyValueSpecification\",\"valueRequired\":true,\"valueName\":\"search_term_string\"}}],\"inLanguage\":\"fr-FR\"},{\"@type\":\"NewsMediaOrganization\",\"@id\":\"https:\/\/dicodusport.fr\/blog\/#organization\",\"name\":\"Dicodusport\",\"url\":\"https:\/\/dicodusport.fr\/blog\/\",\"logo\":{\"@type\":\"ImageObject\",\"inLanguage\":\"fr-FR\",\"@id\":\"https:\/\/dicodusport.fr\/blog\/#\/schema\/logo\/image\/\",\"url\":\"https:\/\/dicodusport.fr\/blog\/wp-content\/uploads\/2020\/06\/cropped-LOGO-DICODUSPORT-2020-SANS-FOND-SANS-TEXTE.png\",\"contentUrl\":\"https:\/\/dicodusport.fr\/blog\/wp-content\/uploads\/2020\/06\/cropped-LOGO-DICODUSPORT-2020-SANS-FOND-SANS-TEXTE.png\",\"width\":512,\"height\":512,\"caption\":\"Dicodusport\"},\"image\":{\"@id\":\"https:\/\/dicodusport.fr\/blog\/#\/schema\/logo\/image\/\"},\"sameAs\":[\"https:\/\/www.facebook.com\/dicodusport\",\"https:\/\/x.com\/dicodusport\",\"https:\/\/www.instagram.com\/dicodusport\/\",\"https:\/\/www.youtube.com\/channel\/UC7V2KZ5sd3htJivAbA4ZG3w\"],\"description\":\"Dicodusport est l'encyclop\u00e9die de l'actualit\u00e9 sportive.\",\"email\":\"bonjour@dicodusport.fr\",\"legalName\":\"DICODUSPORT\",\"foundingDate\":\"2018-01-14\",\"vatID\":\"FR71834470973\",\"taxID\":\"83447097300043\",\"numberOfEmployees\":{\"@type\":\"QuantitativeValue\",\"minValue\":\"1\",\"maxValue\":\"10\"}},{\"@type\":\"Person\",\"@id\":\"https:\/\/dicodusport.fr\/blog\/#\/schema\/person\/55dcb50ad410894e431ed812bbb70191\",\"name\":\"Nicolas Jacquemard\",\"image\":{\"@type\":\"ImageObject\",\"inLanguage\":\"fr-FR\",\"@id\":\"https:\/\/dicodusport.fr\/blog\/#\/schema\/person\/image\/\",\"url\":\"https:\/\/dicodusport.fr\/blog\/wp-content\/uploads\/2021\/05\/Nicolas-Jacquemard-150x150.jpeg\",\"contentUrl\":\"https:\/\/dicodusport.fr\/blog\/wp-content\/uploads\/2021\/05\/Nicolas-Jacquemard-150x150.jpeg\",\"caption\":\"Nicolas Jacquemard\"},\"description\":\"Passionn\u00e9 de sport et entrepreneur depuis mes 18 ans, la cr\u00e9ation de Dicodusport m'a sembl\u00e9 \u00e9vidente pour participer \u00e0 la m\u00e9diatisation d'un plus grand nombre de sports. Le chemin est long mais avec une \u00e9quipe des plus motiv\u00e9es et les Jeux Olympiques de Paris 2024 en point de mire, nous y arriverons ! Journaliste dans le monde du sport depuis plus de 5 ans, je traite aussi bien de football, de rugby, de biathlon que de cyclisme.\",\"sameAs\":[\"https:\/\/www.facebook.com\/dicodusport\",\"https:\/\/x.com\/https:\/\/twitter.com\/Nico_Jacquemard\"],\"url\":\"https:\/\/dicodusport.fr\/blog\/author\/dicodusport\/\"}]}<\/script>\n<!-- \/ Yoast SEO Premium plugin. -->","yoast_head_json":{"title":"Tennis - Roger Federer confirme son retour \u00e0 la comp\u00e9tition fin 2022 - Dicodusport","description":"TENNIS - Le Suisse Roger Federer a annonc\u00e9 qu'il ferait son retour sur les courts, \u00e0 l'occasion du Tournoi de B\u00e2le, en octobre prochain.","robots":{"index":"index","follow":"follow","max-snippet":"max-snippet:-1","max-image-preview":"max-image-preview:large","max-video-preview":"max-video-preview:-1"},"canonical":"https:\/\/dicodusport.fr\/blog\/roger-federer-confirme-son-retour-a-la-competition-fin-2022\/","og_locale":"fr_FR","og_type":"article","og_title":"Roger Federer confirme son retour \u00e0 la comp\u00e9tition fin 2022","og_description":"TENNIS - Le Suisse Roger Federer a annonc\u00e9 qu'il ferait son retour sur les courts, \u00e0 l'occasion du Tournoi de B\u00e2le, en octobre prochain.","og_url":"https:\/\/dicodusport.fr\/blog\/roger-federer-confirme-son-retour-a-la-competition-fin-2022\/","og_site_name":"Dicodusport","article_publisher":"https:\/\/www.facebook.com\/dicodusport","article_author":"https:\/\/www.facebook.com\/dicodusport","article_published_time":"2022-04-26T13:08:00+00:00","article_modified_time":"2022-04-26T13:58:08+00:00","og_image":[{"width":800,"height":445,"url":"https:\/\/dicodusport.fr\/blog\/wp-content\/uploads\/2022\/04\/Roger-Federer-confirme-son-retour-a\u0300-la-compe\u0301tition-fin-2022.png","type":"image\/png"}],"author":"Nicolas Jacquemard","twitter_card":"summary_large_image","twitter_title":"Roger Federer confirme son retour \u00e0 la comp\u00e9tition fin 2022","twitter_creator":"@https:\/\/twitter.com\/Nico_Jacquemard","twitter_site":"@dicodusport","schema":{"@context":"https:\/\/schema.org","@graph":[{"@type":"NewsArticle","@id":"https:\/\/dicodusport.fr\/blog\/roger-federer-confirme-son-retour-a-la-competition-fin-2022\/#article","isPartOf":{"@id":"https:\/\/dicodusport.fr\/blog\/roger-federer-confirme-son-retour-a-la-competition-fin-2022\/"},"author":{"name":"Nicolas Jacquemard","@id":"https:\/\/dicodusport.fr\/blog\/#\/schema\/person\/55dcb50ad410894e431ed812bbb70191"},"headline":"Roger Federer confirme son retour \u00e0 la comp\u00e9tition fin 2022","datePublished":"2022-04-26T13:08:00+00:00","dateModified":"2022-04-26T13:58:08+00:00","mainEntityOfPage":{"@id":"https:\/\/dicodusport.fr\/blog\/roger-federer-confirme-son-retour-a-la-competition-fin-2022\/"},"wordCount":176,"commentCount":0,"publisher":{"@id":"https:\/\/dicodusport.fr\/blog\/#organization"},"image":{"@id":"https:\/\/dicodusport.fr\/blog\/roger-federer-confirme-son-retour-a-la-competition-fin-2022\/#primaryimage"},"thumbnailUrl":"https:\/\/dicodusport.fr\/blog\/wp-content\/uploads\/2022\/04\/Roger-Federer-confirme-son-retour-a\u0300-la-compe\u0301tition-fin-2022.png","keywords":["ATP","Roger Federer","Tennis"],"articleSection":["Tennis"],"inLanguage":"fr-FR","potentialAction":[{"@type":"CommentAction","name":"Comment","target":["https:\/\/dicodusport.fr\/blog\/roger-federer-confirme-son-retour-a-la-competition-fin-2022\/#respond"]}],"copyrightYear":"2022","copyrightHolder":{"@id":"https:\/\/dicodusport.fr\/blog\/#organization"}},{"@type":"WebPage","@id":"https:\/\/dicodusport.fr\/blog\/roger-federer-confirme-son-retour-a-la-competition-fin-2022\/","url":"https:\/\/dicodusport.fr\/blog\/roger-federer-confirme-son-retour-a-la-competition-fin-2022\/","name":"Tennis - Roger Federer confirme son retour \u00e0 la comp\u00e9tition fin 2022 - Dicodusport","isPartOf":{"@id":"https:\/\/dicodusport.fr\/blog\/#website"},"primaryImageOfPage":{"@id":"https:\/\/dicodusport.fr\/blog\/roger-federer-confirme-son-retour-a-la-competition-fin-2022\/#primaryimage"},"image":{"@id":"https:\/\/dicodusport.fr\/blog\/roger-federer-confirme-son-retour-a-la-competition-fin-2022\/#primaryimage"},"thumbnailUrl":"https:\/\/dicodusport.fr\/blog\/wp-content\/uploads\/2022\/04\/Roger-Federer-confirme-son-retour-a\u0300-la-compe\u0301tition-fin-2022.png","datePublished":"2022-04-26T13:08:00+00:00","dateModified":"2022-04-26T13:58:08+00:00","description":"TENNIS - Le Suisse Roger Federer a annonc\u00e9 qu'il ferait son retour sur les courts, \u00e0 l'occasion du Tournoi de B\u00e2le, en octobre prochain.","breadcrumb":{"@id":"https:\/\/dicodusport.fr\/blog\/roger-federer-confirme-son-retour-a-la-competition-fin-2022\/#breadcrumb"},"inLanguage":"fr-FR","potentialAction":[{"@type":"ReadAction","target":["https:\/\/dicodusport.fr\/blog\/roger-federer-confirme-son-retour-a-la-competition-fin-2022\/"]}]},{"@type":"ImageObject","inLanguage":"fr-FR","@id":"https:\/\/dicodusport.fr\/blog\/roger-federer-confirme-son-retour-a-la-competition-fin-2022\/#primaryimage","url":"https:\/\/dicodusport.fr\/blog\/wp-content\/uploads\/2022\/04\/Roger-Federer-confirme-son-retour-a\u0300-la-compe\u0301tition-fin-2022.png","contentUrl":"https:\/\/dicodusport.fr\/blog\/wp-content\/uploads\/2022\/04\/Roger-Federer-confirme-son-retour-a\u0300-la-compe\u0301tition-fin-2022.png","width":800,"height":445},{"@type":"BreadcrumbList","@id":"https:\/\/dicodusport.fr\/blog\/roger-federer-confirme-son-retour-a-la-competition-fin-2022\/#breadcrumb","itemListElement":[{"@type":"ListItem","position":1,"name":"Accueil","item":"https:\/\/dicodusport.fr\/blog\/"},{"@type":"ListItem","position":2,"name":"Roger Federer confirme son retour \u00e0 la comp\u00e9tition fin 2022"}]},{"@type":"WebSite","@id":"https:\/\/dicodusport.fr\/blog\/#website","url":"https:\/\/dicodusport.fr\/blog\/","name":"Dicodusport","description":"L&#039;encyclop\u00e9die de l&#039;actualit\u00e9 sportive","publisher":{"@id":"https:\/\/dicodusport.fr\/blog\/#organization"},"potentialAction":[{"@type":"SearchAction","target":{"@type":"EntryPoint","urlTemplate":"https:\/\/dicodusport.fr\/blog\/?s={search_term_string}"},"query-input":{"@type":"PropertyValueSpecification","valueRequired":true,"valueName":"search_term_string"}}],"inLanguage":"fr-FR"},{"@type":"NewsMediaOrganization","@id":"https:\/\/dicodusport.fr\/blog\/#organization","name":"Dicodusport","url":"https:\/\/dicodusport.fr\/blog\/","logo":{"@type":"ImageObject","inLanguage":"fr-FR","@id":"https:\/\/dicodusport.fr\/blog\/#\/schema\/logo\/image\/","url":"https:\/\/dicodusport.fr\/blog\/wp-content\/uploads\/2020\/06\/cropped-LOGO-DICODUSPORT-2020-SANS-FOND-SANS-TEXTE.png","contentUrl":"https:\/\/dicodusport.fr\/blog\/wp-content\/uploads\/2020\/06\/cropped-LOGO-DICODUSPORT-2020-SANS-FOND-SANS-TEXTE.png","width":512,"height":512,"caption":"Dicodusport"},"image":{"@id":"https:\/\/dicodusport.fr\/blog\/#\/schema\/logo\/image\/"},"sameAs":["https:\/\/www.facebook.com\/dicodusport","https:\/\/x.com\/dicodusport","https:\/\/www.instagram.com\/dicodusport\/","https:\/\/www.youtube.com\/channel\/UC7V2KZ5sd3htJivAbA4ZG3w"],"description":"Dicodusport est l'encyclop\u00e9die de l'actualit\u00e9 sportive.","email":"bonjour@dicodusport.fr","legalName":"DICODUSPORT","foundingDate":"2018-01-14","vatID":"FR71834470973","taxID":"83447097300043","numberOfEmployees":{"@type":"QuantitativeValue","minValue":"1","maxValue":"10"}},{"@type":"Person","@id":"https:\/\/dicodusport.fr\/blog\/#\/schema\/person\/55dcb50ad410894e431ed812bbb70191","name":"Nicolas Jacquemard","image":{"@type":"ImageObject","inLanguage":"fr-FR","@id":"https:\/\/dicodusport.fr\/blog\/#\/schema\/person\/image\/","url":"https:\/\/dicodusport.fr\/blog\/wp-content\/uploads\/2021\/05\/Nicolas-Jacquemard-150x150.jpeg","contentUrl":"https:\/\/dicodusport.fr\/blog\/wp-content\/uploads\/2021\/05\/Nicolas-Jacquemard-150x150.jpeg","caption":"Nicolas Jacquemard"},"description":"Passionn\u00e9 de sport et entrepreneur depuis mes 18 ans, la cr\u00e9ation de Dicodusport m'a sembl\u00e9 \u00e9vidente pour participer \u00e0 la m\u00e9diatisation d'un plus grand nombre de sports. Le chemin est long mais avec une \u00e9quipe des plus motiv\u00e9es et les Jeux Olympiques de Paris 2024 en point de mire, nous y arriverons ! Journaliste dans le monde du sport depuis plus de 5 ans, je traite aussi bien de football, de rugby, de biathlon que de cyclisme.","sameAs":["https:\/\/www.facebook.com\/dicodusport","https:\/\/x.com\/https:\/\/twitter.com\/Nico_Jacquemard"],"url":"https:\/\/dicodusport.fr\/blog\/author\/dicodusport\/"}]}},"_links":{"self":[{"href":"https:\/\/dicodusport.fr\/blog\/wp-json\/wp\/v2\/posts\/218870","targetHints":{"allow":["GET"]}}],"collection":[{"href":"https:\/\/dicodusport.fr\/blog\/wp-json\/wp\/v2\/posts"}],"about":[{"href":"https:\/\/dicodusport.fr\/blog\/wp-json\/wp\/v2\/types\/post"}],"author":[{"embeddable":true,"href":"https:\/\/dicodusport.fr\/blog\/wp-json\/wp\/v2\/users\/1"}],"replies":[{"embeddable":true,"href":"https:\/\/dicodusport.fr\/blog\/wp-json\/wp\/v2\/comments?post=218870"}],"version-history":[{"count":0,"href":"https:\/\/dicodusport.fr\/blog\/wp-json\/wp\/v2\/posts\/218870\/revisions"}],"wp:featuredmedia":[{"embeddable":true,"href":"https:\/\/dicodusport.fr\/blog\/wp-json\/wp\/v2\/media\/218872"}],"wp:attachment":[{"href":"https:\/\/dicodusport.fr\/blog\/wp-json\/wp\/v2\/media?parent=218870"}],"wp:term":[{"taxonomy":"category","embeddable":true,"href":"https:\/\/dicodusport.fr\/blog\/wp-json\/wp\/v2\/categories?post=218870"},{"taxonomy":"post_tag","embeddable":true,"href":"https:\/\/dicodusport.fr\/blog\/wp-json\/wp\/v2\/tags?post=218870"}],"curies":[{"name":"wp","href":"https:\/\/api.w.org\/{rel}","templated":true}]}}