{"id":219035,"date":"2022-04-27T10:34:46","date_gmt":"2022-04-27T08:34:46","guid":{"rendered":"https:\/\/dicodusport.fr\/blog\/?p=219035&#038;preview=true&#038;preview_id=219035"},"modified":"2022-04-27T11:03:05","modified_gmt":"2022-04-27T09:03:05","slug":"olympique-lyonnais-vise-moussa-sissoko","status":"publish","type":"post","link":"https:\/\/dicodusport.fr\/blog\/olympique-lyonnais-vise-moussa-sissoko\/","title":{"rendered":"L&rsquo;Olympique Lyonnais vise Moussa Sissoko"},"content":{"rendered":"<p style=\"text-align: justify;\"><strong><em>MERCATO &#8211; Selon nos confr\u00e8res de l&rsquo;\u00c9quipe, l&rsquo;Olympique Lyonnais se penche sur le cas de Moussa Sissoko.<\/em><\/strong><\/p>\n<p style=\"text-align: justify;\"><strong>Lyon<\/strong> travaille sur le dossier d&rsquo;<strong>Issa Diop<\/strong> le d\u00e9fenseur de <strong>West Ham<\/strong> de 25 ans pour renforcer son axe central la saison prochaine alors que <strong>Jason Denayer<\/strong> devrait lui quitter le club. Le d\u00e9fenseur des Hammers a le m\u00eame agent que <strong>Moussa Sissoko<\/strong> et Beno\u00eet Cheyrou aurait profit\u00e9 des discussions avec le premier pour \u00e9voquer le cas du deuxi\u00e8me. <a href=\"https:\/\/www.flashscore.fr\/joueur\/sissoko-moussa\/fwpa5yY2\/\" target=\"_blank\" rel=\"noopener\"><strong>Moussa Sissoko<\/strong><\/a> est sous contrat \u00e0 <strong>Watford<\/strong> mais comme le club va \u00eatre rel\u00e9gu\u00e9 en Championship sauf miracle, il pourrait le laisser partir contre une somme tr\u00e8s raisonnable. Si le responsable du recrutement de l&rsquo;<strong>OL<\/strong> est convaincu par l&rsquo;ancien milieu des Bleus, ce n&rsquo;est pas le cas de tous les dirigeants du club et des discussions vont avoir lieu en interne pour savoir si la piste est suivie ou abandonn\u00e9e.<\/p>\n<blockquote class=\"twitter-tweet\">\n<p dir=\"ltr\" lang=\"fr\">Les dirigeants de l&rsquo;OL, qui visent le d\u00e9fenseur de West Ham Issa Diop, ont \u00e9galement pris des renseignements sur Moussa Sissoko, le milieu fran\u00e7ais de Watford <a href=\"https:\/\/t.co\/Mt38r6vM9I\">https:\/\/t.co\/Mt38r6vM9I<\/a> <a href=\"https:\/\/t.co\/zMvvunmand\">pic.twitter.com\/zMvvunmand<\/a><\/p>\n<p>\u2014 L&rsquo;\u00c9QUIPE (@lequipe) <a href=\"https:\/\/twitter.com\/lequipe\/status\/1518995352518545409?ref_src=twsrc%5Etfw\">April 26, 2022<\/a><\/p><\/blockquote>\n<p><script async src=\"https:\/\/platform.twitter.com\/widgets.js\" charset=\"utf-8\"><\/script><\/p>\n","protected":false},"excerpt":{"rendered":"<p>MERCATO &#8211; Selon nos confr\u00e8res de l&rsquo;\u00c9quipe, l&rsquo;Olympique Lyonnais se penche sur le cas de Moussa Sissoko.<\/p>\n","protected":false},"author":1,"featured_media":219037,"comment_status":"open","ping_status":"closed","sticky":false,"template":"","format":"standard","meta":{"_acf_changed":false,"_daextam_enable_autolinks":"","footnotes":""},"categories":[47045],"tags":[1554,1145,1146],"class_list":["post-219035","post","type-post","status-publish","format-standard","has-post-thumbnail","hentry","category-ligue-1","tag-ligue-1","tag-ol","tag-olympique-lyonnais"],"acf":[],"yoast_head":"<!-- This site is optimized with the Yoast SEO Premium plugin v26.7 (Yoast SEO v26.7) - https:\/\/yoast.com\/wordpress\/plugins\/seo\/ -->\n<title>- L&#039;Olympique Lyonnais vise Moussa Sissoko - Dicodusport<\/title>\n<meta name=\"description\" content=\"MERCATO - Selon nos confr\u00e8res de l&#039;\u00c9quipe, l&#039;Olympique Lyonnais se penche sur le cas de Moussa Sissoko.\" \/>\n<meta name=\"robots\" content=\"index, follow, max-snippet:-1, max-image-preview:large, max-video-preview:-1\" \/>\n<link rel=\"canonical\" href=\"https:\/\/dicodusport.fr\/blog\/olympique-lyonnais-vise-moussa-sissoko\/\" \/>\n<meta property=\"og:locale\" content=\"fr_FR\" \/>\n<meta property=\"og:type\" content=\"article\" \/>\n<meta property=\"og:title\" content=\"L&#039;Olympique Lyonnais vise Moussa Sissoko\" \/>\n<meta property=\"og:description\" content=\"MERCATO - Selon nos confr\u00e8res de l&#039;\u00c9quipe, l&#039;Olympique Lyonnais se penche sur le cas de Moussa Sissoko.\" \/>\n<meta property=\"og:url\" content=\"https:\/\/dicodusport.fr\/blog\/olympique-lyonnais-vise-moussa-sissoko\/\" \/>\n<meta property=\"og:site_name\" content=\"Dicodusport\" \/>\n<meta property=\"article:publisher\" content=\"https:\/\/www.facebook.com\/dicodusport\" \/>\n<meta property=\"article:author\" content=\"https:\/\/www.facebook.com\/dicodusport\" \/>\n<meta property=\"article:published_time\" content=\"2022-04-27T08:34:46+00:00\" \/>\n<meta property=\"article:modified_time\" content=\"2022-04-27T09:03:05+00:00\" \/>\n<meta property=\"og:image\" content=\"https:\/\/dicodusport.fr\/blog\/wp-content\/uploads\/2022\/04\/LOL-vise-Moussa-Sissoko.png\" \/>\n\t<meta property=\"og:image:width\" content=\"800\" \/>\n\t<meta property=\"og:image:height\" content=\"445\" \/>\n\t<meta property=\"og:image:type\" content=\"image\/png\" \/>\n<meta name=\"author\" content=\"Nicolas Jacquemard\" \/>\n<meta name=\"twitter:card\" content=\"summary_large_image\" \/>\n<meta name=\"twitter:title\" content=\"L&#039;Olympique Lyonnais vise Moussa Sissoko\" \/>\n<meta name=\"twitter:creator\" content=\"@https:\/\/twitter.com\/Nico_Jacquemard\" \/>\n<meta name=\"twitter:site\" content=\"@dicodusport\" \/>\n<script type=\"application\/ld+json\" class=\"yoast-schema-graph\">{\"@context\":\"https:\/\/schema.org\",\"@graph\":[{\"@type\":\"NewsArticle\",\"@id\":\"https:\/\/dicodusport.fr\/blog\/olympique-lyonnais-vise-moussa-sissoko\/#article\",\"isPartOf\":{\"@id\":\"https:\/\/dicodusport.fr\/blog\/olympique-lyonnais-vise-moussa-sissoko\/\"},\"author\":{\"name\":\"Nicolas Jacquemard\",\"@id\":\"https:\/\/dicodusport.fr\/blog\/#\/schema\/person\/55dcb50ad410894e431ed812bbb70191\"},\"headline\":\"L&rsquo;Olympique Lyonnais vise Moussa Sissoko\",\"datePublished\":\"2022-04-27T08:34:46+00:00\",\"dateModified\":\"2022-04-27T09:03:05+00:00\",\"mainEntityOfPage\":{\"@id\":\"https:\/\/dicodusport.fr\/blog\/olympique-lyonnais-vise-moussa-sissoko\/\"},\"wordCount\":209,\"commentCount\":0,\"publisher\":{\"@id\":\"https:\/\/dicodusport.fr\/blog\/#organization\"},\"image\":{\"@id\":\"https:\/\/dicodusport.fr\/blog\/olympique-lyonnais-vise-moussa-sissoko\/#primaryimage\"},\"thumbnailUrl\":\"https:\/\/dicodusport.fr\/blog\/wp-content\/uploads\/2022\/04\/LOL-vise-Moussa-Sissoko.png\",\"keywords\":[\"Ligue 1\",\"OL\",\"Olympique lyonnais\"],\"articleSection\":[\"Ligue 1\"],\"inLanguage\":\"fr-FR\",\"potentialAction\":[{\"@type\":\"CommentAction\",\"name\":\"Comment\",\"target\":[\"https:\/\/dicodusport.fr\/blog\/olympique-lyonnais-vise-moussa-sissoko\/#respond\"]}],\"copyrightYear\":\"2022\",\"copyrightHolder\":{\"@id\":\"https:\/\/dicodusport.fr\/blog\/#organization\"}},{\"@type\":\"WebPage\",\"@id\":\"https:\/\/dicodusport.fr\/blog\/olympique-lyonnais-vise-moussa-sissoko\/\",\"url\":\"https:\/\/dicodusport.fr\/blog\/olympique-lyonnais-vise-moussa-sissoko\/\",\"name\":\"- L'Olympique Lyonnais vise Moussa Sissoko - Dicodusport\",\"isPartOf\":{\"@id\":\"https:\/\/dicodusport.fr\/blog\/#website\"},\"primaryImageOfPage\":{\"@id\":\"https:\/\/dicodusport.fr\/blog\/olympique-lyonnais-vise-moussa-sissoko\/#primaryimage\"},\"image\":{\"@id\":\"https:\/\/dicodusport.fr\/blog\/olympique-lyonnais-vise-moussa-sissoko\/#primaryimage\"},\"thumbnailUrl\":\"https:\/\/dicodusport.fr\/blog\/wp-content\/uploads\/2022\/04\/LOL-vise-Moussa-Sissoko.png\",\"datePublished\":\"2022-04-27T08:34:46+00:00\",\"dateModified\":\"2022-04-27T09:03:05+00:00\",\"description\":\"MERCATO - Selon nos confr\u00e8res de l'\u00c9quipe, l'Olympique Lyonnais se penche sur le cas de Moussa Sissoko.\",\"breadcrumb\":{\"@id\":\"https:\/\/dicodusport.fr\/blog\/olympique-lyonnais-vise-moussa-sissoko\/#breadcrumb\"},\"inLanguage\":\"fr-FR\",\"potentialAction\":[{\"@type\":\"ReadAction\",\"target\":[\"https:\/\/dicodusport.fr\/blog\/olympique-lyonnais-vise-moussa-sissoko\/\"]}]},{\"@type\":\"ImageObject\",\"inLanguage\":\"fr-FR\",\"@id\":\"https:\/\/dicodusport.fr\/blog\/olympique-lyonnais-vise-moussa-sissoko\/#primaryimage\",\"url\":\"https:\/\/dicodusport.fr\/blog\/wp-content\/uploads\/2022\/04\/LOL-vise-Moussa-Sissoko.png\",\"contentUrl\":\"https:\/\/dicodusport.fr\/blog\/wp-content\/uploads\/2022\/04\/LOL-vise-Moussa-Sissoko.png\",\"width\":800,\"height\":445},{\"@type\":\"BreadcrumbList\",\"@id\":\"https:\/\/dicodusport.fr\/blog\/olympique-lyonnais-vise-moussa-sissoko\/#breadcrumb\",\"itemListElement\":[{\"@type\":\"ListItem\",\"position\":1,\"name\":\"Accueil\",\"item\":\"https:\/\/dicodusport.fr\/blog\/\"},{\"@type\":\"ListItem\",\"position\":2,\"name\":\"L&rsquo;Olympique Lyonnais vise Moussa Sissoko\"}]},{\"@type\":\"WebSite\",\"@id\":\"https:\/\/dicodusport.fr\/blog\/#website\",\"url\":\"https:\/\/dicodusport.fr\/blog\/\",\"name\":\"Dicodusport\",\"description\":\"L&#039;encyclop\u00e9die de l&#039;actualit\u00e9 sportive\",\"publisher\":{\"@id\":\"https:\/\/dicodusport.fr\/blog\/#organization\"},\"potentialAction\":[{\"@type\":\"SearchAction\",\"target\":{\"@type\":\"EntryPoint\",\"urlTemplate\":\"https:\/\/dicodusport.fr\/blog\/?s={search_term_string}\"},\"query-input\":{\"@type\":\"PropertyValueSpecification\",\"valueRequired\":true,\"valueName\":\"search_term_string\"}}],\"inLanguage\":\"fr-FR\"},{\"@type\":\"NewsMediaOrganization\",\"@id\":\"https:\/\/dicodusport.fr\/blog\/#organization\",\"name\":\"Dicodusport\",\"url\":\"https:\/\/dicodusport.fr\/blog\/\",\"logo\":{\"@type\":\"ImageObject\",\"inLanguage\":\"fr-FR\",\"@id\":\"https:\/\/dicodusport.fr\/blog\/#\/schema\/logo\/image\/\",\"url\":\"https:\/\/dicodusport.fr\/blog\/wp-content\/uploads\/2020\/06\/cropped-LOGO-DICODUSPORT-2020-SANS-FOND-SANS-TEXTE.png\",\"contentUrl\":\"https:\/\/dicodusport.fr\/blog\/wp-content\/uploads\/2020\/06\/cropped-LOGO-DICODUSPORT-2020-SANS-FOND-SANS-TEXTE.png\",\"width\":512,\"height\":512,\"caption\":\"Dicodusport\"},\"image\":{\"@id\":\"https:\/\/dicodusport.fr\/blog\/#\/schema\/logo\/image\/\"},\"sameAs\":[\"https:\/\/www.facebook.com\/dicodusport\",\"https:\/\/x.com\/dicodusport\",\"https:\/\/www.instagram.com\/dicodusport\/\",\"https:\/\/www.youtube.com\/channel\/UC7V2KZ5sd3htJivAbA4ZG3w\"],\"description\":\"Dicodusport est l'encyclop\u00e9die de l'actualit\u00e9 sportive.\",\"email\":\"bonjour@dicodusport.fr\",\"legalName\":\"DICODUSPORT\",\"foundingDate\":\"2018-01-14\",\"vatID\":\"FR71834470973\",\"taxID\":\"83447097300043\",\"numberOfEmployees\":{\"@type\":\"QuantitativeValue\",\"minValue\":\"1\",\"maxValue\":\"10\"}},{\"@type\":\"Person\",\"@id\":\"https:\/\/dicodusport.fr\/blog\/#\/schema\/person\/55dcb50ad410894e431ed812bbb70191\",\"name\":\"Nicolas Jacquemard\",\"image\":{\"@type\":\"ImageObject\",\"inLanguage\":\"fr-FR\",\"@id\":\"https:\/\/dicodusport.fr\/blog\/#\/schema\/person\/image\/\",\"url\":\"https:\/\/dicodusport.fr\/blog\/wp-content\/uploads\/2021\/05\/Nicolas-Jacquemard-150x150.jpeg\",\"contentUrl\":\"https:\/\/dicodusport.fr\/blog\/wp-content\/uploads\/2021\/05\/Nicolas-Jacquemard-150x150.jpeg\",\"caption\":\"Nicolas Jacquemard\"},\"description\":\"Passionn\u00e9 de sport et entrepreneur depuis mes 18 ans, la cr\u00e9ation de Dicodusport m'a sembl\u00e9 \u00e9vidente pour participer \u00e0 la m\u00e9diatisation d'un plus grand nombre de sports. Le chemin est long mais avec une \u00e9quipe des plus motiv\u00e9es et les Jeux Olympiques de Paris 2024 en point de mire, nous y arriverons ! Journaliste dans le monde du sport depuis plus de 5 ans, je traite aussi bien de football, de rugby, de biathlon que de cyclisme.\",\"sameAs\":[\"https:\/\/www.facebook.com\/dicodusport\",\"https:\/\/x.com\/https:\/\/twitter.com\/Nico_Jacquemard\"],\"url\":\"https:\/\/dicodusport.fr\/blog\/author\/dicodusport\/\"}]}<\/script>\n<!-- \/ Yoast SEO Premium plugin. -->","yoast_head_json":{"title":"- L'Olympique Lyonnais vise Moussa Sissoko - Dicodusport","description":"MERCATO - Selon nos confr\u00e8res de l'\u00c9quipe, l'Olympique Lyonnais se penche sur le cas de Moussa Sissoko.","robots":{"index":"index","follow":"follow","max-snippet":"max-snippet:-1","max-image-preview":"max-image-preview:large","max-video-preview":"max-video-preview:-1"},"canonical":"https:\/\/dicodusport.fr\/blog\/olympique-lyonnais-vise-moussa-sissoko\/","og_locale":"fr_FR","og_type":"article","og_title":"L'Olympique Lyonnais vise Moussa Sissoko","og_description":"MERCATO - Selon nos confr\u00e8res de l'\u00c9quipe, l'Olympique Lyonnais se penche sur le cas de Moussa Sissoko.","og_url":"https:\/\/dicodusport.fr\/blog\/olympique-lyonnais-vise-moussa-sissoko\/","og_site_name":"Dicodusport","article_publisher":"https:\/\/www.facebook.com\/dicodusport","article_author":"https:\/\/www.facebook.com\/dicodusport","article_published_time":"2022-04-27T08:34:46+00:00","article_modified_time":"2022-04-27T09:03:05+00:00","og_image":[{"width":800,"height":445,"url":"https:\/\/dicodusport.fr\/blog\/wp-content\/uploads\/2022\/04\/LOL-vise-Moussa-Sissoko.png","type":"image\/png"}],"author":"Nicolas Jacquemard","twitter_card":"summary_large_image","twitter_title":"L'Olympique Lyonnais vise Moussa Sissoko","twitter_creator":"@https:\/\/twitter.com\/Nico_Jacquemard","twitter_site":"@dicodusport","schema":{"@context":"https:\/\/schema.org","@graph":[{"@type":"NewsArticle","@id":"https:\/\/dicodusport.fr\/blog\/olympique-lyonnais-vise-moussa-sissoko\/#article","isPartOf":{"@id":"https:\/\/dicodusport.fr\/blog\/olympique-lyonnais-vise-moussa-sissoko\/"},"author":{"name":"Nicolas Jacquemard","@id":"https:\/\/dicodusport.fr\/blog\/#\/schema\/person\/55dcb50ad410894e431ed812bbb70191"},"headline":"L&rsquo;Olympique Lyonnais vise Moussa Sissoko","datePublished":"2022-04-27T08:34:46+00:00","dateModified":"2022-04-27T09:03:05+00:00","mainEntityOfPage":{"@id":"https:\/\/dicodusport.fr\/blog\/olympique-lyonnais-vise-moussa-sissoko\/"},"wordCount":209,"commentCount":0,"publisher":{"@id":"https:\/\/dicodusport.fr\/blog\/#organization"},"image":{"@id":"https:\/\/dicodusport.fr\/blog\/olympique-lyonnais-vise-moussa-sissoko\/#primaryimage"},"thumbnailUrl":"https:\/\/dicodusport.fr\/blog\/wp-content\/uploads\/2022\/04\/LOL-vise-Moussa-Sissoko.png","keywords":["Ligue 1","OL","Olympique lyonnais"],"articleSection":["Ligue 1"],"inLanguage":"fr-FR","potentialAction":[{"@type":"CommentAction","name":"Comment","target":["https:\/\/dicodusport.fr\/blog\/olympique-lyonnais-vise-moussa-sissoko\/#respond"]}],"copyrightYear":"2022","copyrightHolder":{"@id":"https:\/\/dicodusport.fr\/blog\/#organization"}},{"@type":"WebPage","@id":"https:\/\/dicodusport.fr\/blog\/olympique-lyonnais-vise-moussa-sissoko\/","url":"https:\/\/dicodusport.fr\/blog\/olympique-lyonnais-vise-moussa-sissoko\/","name":"- L'Olympique Lyonnais vise Moussa Sissoko - Dicodusport","isPartOf":{"@id":"https:\/\/dicodusport.fr\/blog\/#website"},"primaryImageOfPage":{"@id":"https:\/\/dicodusport.fr\/blog\/olympique-lyonnais-vise-moussa-sissoko\/#primaryimage"},"image":{"@id":"https:\/\/dicodusport.fr\/blog\/olympique-lyonnais-vise-moussa-sissoko\/#primaryimage"},"thumbnailUrl":"https:\/\/dicodusport.fr\/blog\/wp-content\/uploads\/2022\/04\/LOL-vise-Moussa-Sissoko.png","datePublished":"2022-04-27T08:34:46+00:00","dateModified":"2022-04-27T09:03:05+00:00","description":"MERCATO - Selon nos confr\u00e8res de l'\u00c9quipe, l'Olympique Lyonnais se penche sur le cas de Moussa Sissoko.","breadcrumb":{"@id":"https:\/\/dicodusport.fr\/blog\/olympique-lyonnais-vise-moussa-sissoko\/#breadcrumb"},"inLanguage":"fr-FR","potentialAction":[{"@type":"ReadAction","target":["https:\/\/dicodusport.fr\/blog\/olympique-lyonnais-vise-moussa-sissoko\/"]}]},{"@type":"ImageObject","inLanguage":"fr-FR","@id":"https:\/\/dicodusport.fr\/blog\/olympique-lyonnais-vise-moussa-sissoko\/#primaryimage","url":"https:\/\/dicodusport.fr\/blog\/wp-content\/uploads\/2022\/04\/LOL-vise-Moussa-Sissoko.png","contentUrl":"https:\/\/dicodusport.fr\/blog\/wp-content\/uploads\/2022\/04\/LOL-vise-Moussa-Sissoko.png","width":800,"height":445},{"@type":"BreadcrumbList","@id":"https:\/\/dicodusport.fr\/blog\/olympique-lyonnais-vise-moussa-sissoko\/#breadcrumb","itemListElement":[{"@type":"ListItem","position":1,"name":"Accueil","item":"https:\/\/dicodusport.fr\/blog\/"},{"@type":"ListItem","position":2,"name":"L&rsquo;Olympique Lyonnais vise Moussa Sissoko"}]},{"@type":"WebSite","@id":"https:\/\/dicodusport.fr\/blog\/#website","url":"https:\/\/dicodusport.fr\/blog\/","name":"Dicodusport","description":"L&#039;encyclop\u00e9die de l&#039;actualit\u00e9 sportive","publisher":{"@id":"https:\/\/dicodusport.fr\/blog\/#organization"},"potentialAction":[{"@type":"SearchAction","target":{"@type":"EntryPoint","urlTemplate":"https:\/\/dicodusport.fr\/blog\/?s={search_term_string}"},"query-input":{"@type":"PropertyValueSpecification","valueRequired":true,"valueName":"search_term_string"}}],"inLanguage":"fr-FR"},{"@type":"NewsMediaOrganization","@id":"https:\/\/dicodusport.fr\/blog\/#organization","name":"Dicodusport","url":"https:\/\/dicodusport.fr\/blog\/","logo":{"@type":"ImageObject","inLanguage":"fr-FR","@id":"https:\/\/dicodusport.fr\/blog\/#\/schema\/logo\/image\/","url":"https:\/\/dicodusport.fr\/blog\/wp-content\/uploads\/2020\/06\/cropped-LOGO-DICODUSPORT-2020-SANS-FOND-SANS-TEXTE.png","contentUrl":"https:\/\/dicodusport.fr\/blog\/wp-content\/uploads\/2020\/06\/cropped-LOGO-DICODUSPORT-2020-SANS-FOND-SANS-TEXTE.png","width":512,"height":512,"caption":"Dicodusport"},"image":{"@id":"https:\/\/dicodusport.fr\/blog\/#\/schema\/logo\/image\/"},"sameAs":["https:\/\/www.facebook.com\/dicodusport","https:\/\/x.com\/dicodusport","https:\/\/www.instagram.com\/dicodusport\/","https:\/\/www.youtube.com\/channel\/UC7V2KZ5sd3htJivAbA4ZG3w"],"description":"Dicodusport est l'encyclop\u00e9die de l'actualit\u00e9 sportive.","email":"bonjour@dicodusport.fr","legalName":"DICODUSPORT","foundingDate":"2018-01-14","vatID":"FR71834470973","taxID":"83447097300043","numberOfEmployees":{"@type":"QuantitativeValue","minValue":"1","maxValue":"10"}},{"@type":"Person","@id":"https:\/\/dicodusport.fr\/blog\/#\/schema\/person\/55dcb50ad410894e431ed812bbb70191","name":"Nicolas Jacquemard","image":{"@type":"ImageObject","inLanguage":"fr-FR","@id":"https:\/\/dicodusport.fr\/blog\/#\/schema\/person\/image\/","url":"https:\/\/dicodusport.fr\/blog\/wp-content\/uploads\/2021\/05\/Nicolas-Jacquemard-150x150.jpeg","contentUrl":"https:\/\/dicodusport.fr\/blog\/wp-content\/uploads\/2021\/05\/Nicolas-Jacquemard-150x150.jpeg","caption":"Nicolas Jacquemard"},"description":"Passionn\u00e9 de sport et entrepreneur depuis mes 18 ans, la cr\u00e9ation de Dicodusport m'a sembl\u00e9 \u00e9vidente pour participer \u00e0 la m\u00e9diatisation d'un plus grand nombre de sports. Le chemin est long mais avec une \u00e9quipe des plus motiv\u00e9es et les Jeux Olympiques de Paris 2024 en point de mire, nous y arriverons ! Journaliste dans le monde du sport depuis plus de 5 ans, je traite aussi bien de football, de rugby, de biathlon que de cyclisme.","sameAs":["https:\/\/www.facebook.com\/dicodusport","https:\/\/x.com\/https:\/\/twitter.com\/Nico_Jacquemard"],"url":"https:\/\/dicodusport.fr\/blog\/author\/dicodusport\/"}]}},"_links":{"self":[{"href":"https:\/\/dicodusport.fr\/blog\/wp-json\/wp\/v2\/posts\/219035","targetHints":{"allow":["GET"]}}],"collection":[{"href":"https:\/\/dicodusport.fr\/blog\/wp-json\/wp\/v2\/posts"}],"about":[{"href":"https:\/\/dicodusport.fr\/blog\/wp-json\/wp\/v2\/types\/post"}],"author":[{"embeddable":true,"href":"https:\/\/dicodusport.fr\/blog\/wp-json\/wp\/v2\/users\/1"}],"replies":[{"embeddable":true,"href":"https:\/\/dicodusport.fr\/blog\/wp-json\/wp\/v2\/comments?post=219035"}],"version-history":[{"count":0,"href":"https:\/\/dicodusport.fr\/blog\/wp-json\/wp\/v2\/posts\/219035\/revisions"}],"wp:featuredmedia":[{"embeddable":true,"href":"https:\/\/dicodusport.fr\/blog\/wp-json\/wp\/v2\/media\/219037"}],"wp:attachment":[{"href":"https:\/\/dicodusport.fr\/blog\/wp-json\/wp\/v2\/media?parent=219035"}],"wp:term":[{"taxonomy":"category","embeddable":true,"href":"https:\/\/dicodusport.fr\/blog\/wp-json\/wp\/v2\/categories?post=219035"},{"taxonomy":"post_tag","embeddable":true,"href":"https:\/\/dicodusport.fr\/blog\/wp-json\/wp\/v2\/tags?post=219035"}],"curies":[{"name":"wp","href":"https:\/\/api.w.org\/{rel}","templated":true}]}}