{"id":219047,"date":"2022-04-27T18:26:47","date_gmt":"2022-04-27T16:26:47","guid":{"rendered":"https:\/\/dicodusport.fr\/blog\/?p=219047&#038;preview=true&#038;preview_id=219047"},"modified":"2022-04-27T18:26:47","modified_gmt":"2022-04-27T16:26:47","slug":"badminton-championnats-europe-les-francais-seront-presents-en-nombre-lors-des-quarts-de-finale","status":"publish","type":"post","link":"https:\/\/dicodusport.fr\/blog\/badminton-championnats-europe-les-francais-seront-presents-en-nombre-lors-des-quarts-de-finale\/","title":{"rendered":"Badminton Championnats d&rsquo;Europe : les Fran\u00e7ais seront en nombre lors des quarts de finale"},"content":{"rendered":"<p style=\"text-align: justify;\"><b><i><a href=\"https:\/\/dicodusport.fr\/blog\/badminton-championnats-europe-2022-programme-et-tableau-des-medailles\/\">CHAMPIONNATS D&rsquo;EUROPE DE BADMINTON 2022<\/a> &#8211; Les 8\u00e8mes de finale de toutes les cat\u00e9gories avaient lieu aujourd&rsquo;hui \u00e0 Madrid. Sur 12 chances, simples et doubles confondus, les Bleus ont enregistr\u00e9 huit qualifications pour les quarts, pr\u00e9vus demain.\u00a0<\/i><\/b><\/p>\n<p style=\"text-align: justify;\">Trois sur trois pour les hommes en 8\u00e8mes de finale. Le n\u00b01 tricolore, <strong>Toma Junior Popov<\/strong>, s&rsquo;est qualifi\u00e9 sans trembler contre le Su\u00e9dois <strong>Felix Burestedt.<\/strong> La confrontation en quarts avec le Danois <strong>Hans-Kristian Solberg Vittinghus,<\/strong> d&rsquo;un niveau suppos\u00e9 \u00e9quivalent, vaudra le d\u00e9tour.<strong> Thomas Rouxel<\/strong> a lui aussi franchi ce tour en deux manches et affrontera \u00e9galement un Danois, mais c&rsquo;est tout simplement le n\u00b01 mondial, <strong>Viktor Axelsen,<\/strong> champion olympique en titre, qui se dressera sur son chemin. Enfin, l&rsquo;inusable <strong>Brice Leverdez<\/strong>, 36 ans, a d\u00fb s&#8217;employer pour dominer le Slovaque <strong>Milan Dratva<\/strong> en trois manches. M\u00e9daill\u00e9 de bronze en 2018, il affrontera <strong>Misha Zilberman<\/strong>, qui a surpris un des favoris, le N\u00e9erlandais <strong>Mark Caljouw<\/strong>.<\/p>\n<blockquote class=\"twitter-tweet\">\n<p dir=\"ltr\" lang=\"fr\"><a href=\"https:\/\/twitter.com\/hashtag\/Madrid22?src=hash&amp;ref_src=twsrc%5Etfw\">#Madrid22<\/a> En simple hommes, les gar\u00e7ons re\u00e7us 3\/3 ! <a href=\"https:\/\/twitter.com\/BriceLeverdez1?ref_src=twsrc%5Etfw\">@BriceLeverdez1<\/a>, Thomas ROUXEL et <a href=\"https:\/\/twitter.com\/Toma_Jr_Popov?ref_src=twsrc%5Etfw\">@Toma_Jr_Popov<\/a> filent en quarts &#x1f60e; <a href=\"https:\/\/t.co\/CLc0MYzlCG\">pic.twitter.com\/CLc0MYzlCG<\/a><\/p>\n<p>\u2014 FFBaD (@FFBaD) <a href=\"https:\/\/twitter.com\/FFBaD\/status\/1519285974043402240?ref_src=twsrc%5Etfw\">April 27, 2022<\/a><\/p><\/blockquote>\n<p><script async src=\"https:\/\/platform.twitter.com\/widgets.js\" charset=\"utf-8\"><\/script><\/p>\n<h2 style=\"text-align: justify;\">Xuefei Qi au rendez-vous<\/h2>\n<p style=\"text-align: justify;\">Chez les dames,<strong> Xuefei Qi<\/strong> a fait honneur \u00e0 son statut de n\u00b01 tricolore en se qualifiant sans coup f\u00e9rir pour les quarts de finale. Une belle surprise, puisqu&rsquo;elle a dispos\u00e9 de la t\u00eate de s\u00e9rie n\u00b05, l&rsquo;Allemande <strong>Yvonne Li<\/strong>. Mais l&rsquo;affaire va singuli\u00e8rement se corser au prochain tour, puisqu&rsquo;elle d\u00e9fiera la Danoise <strong>Mia Blichfeldt,<\/strong> 14\u00e8me mondiale, soit 30 places devant la Tricolore. <strong>L\u00e9onice Huet<\/strong> s&rsquo;est elle logiquement inclin\u00e9e contre une autre Danoise, <strong>Line Christophersen<\/strong>.<\/p>\n<blockquote class=\"twitter-tweet\">\n<p dir=\"ltr\" lang=\"en\">R16 &#8211; Women&rsquo;s Singles<\/p>\n<p>Qi Xuefei (FRA) created an upset by beating the 5th seeded, Yvonne Li (GER), with 21-13 21-15. Another test for her tomorrow as Mia Blichfeldt is waiting at the QF. <a href=\"https:\/\/twitter.com\/hashtag\/EC22?src=hash&amp;ref_src=twsrc%5Etfw\">#EC22<\/a> <a href=\"https:\/\/twitter.com\/hashtag\/Madrid22?src=hash&amp;ref_src=twsrc%5Etfw\">#Madrid22<\/a> <a href=\"https:\/\/twitter.com\/hashtag\/BadmintonEropa?src=hash&amp;ref_src=twsrc%5Etfw\">#BadmintonEropa<\/a> <a href=\"https:\/\/t.co\/dmcyXCZOab\">pic.twitter.com\/dmcyXCZOab<\/a><\/p>\n<p>\u2014 Badminton Eropa (@badmintoneropa) <a href=\"https:\/\/twitter.com\/badmintoneropa\/status\/1519313332683309057?ref_src=twsrc%5Etfw\">April 27, 2022<\/a><\/p><\/blockquote>\n<p><script async src=\"https:\/\/platform.twitter.com\/widgets.js\" charset=\"utf-8\"><\/script><\/p>\n<h2>La paire Gicquel \/ Delrue en route vers la m\u00e9daille<\/h2>\n<p style=\"text-align: justify;\">La plus grande chance de m\u00e9daille fran\u00e7aise, le double mixte<strong> Thom Gicquel<\/strong> \/ <strong>Delphine Delrue<\/strong>, effectuait son entr\u00e9e dans le tournoi. Vainqueurs en trois manches, ils seront au rendez-vous des quarts de finale, contre la paire britannique <strong>Hemming \/ Pugh,<\/strong> largement inf\u00e9rieure sur le papier. Dans la m\u00eame cat\u00e9gorie, <strong>William Villeger<\/strong> et <strong>Anne Tran<\/strong> sont pass\u00e9s proches d&rsquo;un exploit retentissant. Ils se sont inclin\u00e9s 21\/19 au troisi\u00e8me set contre la meilleure paire europ\u00e9enne, <strong>Marcus Ellis \/ Lauren Smith,<\/strong> finalistes l&rsquo;an dernier.<\/p>\n<blockquote class=\"twitter-tweet\">\n<p dir=\"ltr\" lang=\"en\">R16 &#8211; Mixed Doubles<\/p>\n<p>Thom Gicquel and <a href=\"https:\/\/twitter.com\/dedeyyyyy?ref_src=twsrc%5Etfw\">@dedeyyyyy<\/a> (FRA\/2) survived the test from Jansen\/Efler (GER) with 21-18 16-21 21-11. Into the QF!! &#x1f525;&#x1f525; <a href=\"https:\/\/twitter.com\/FFBaD?ref_src=twsrc%5Etfw\">@FFBaD<\/a> <a href=\"https:\/\/twitter.com\/hashtag\/EC22?src=hash&amp;ref_src=twsrc%5Etfw\">#EC22<\/a> <a href=\"https:\/\/twitter.com\/hashtag\/Madrid22?src=hash&amp;ref_src=twsrc%5Etfw\">#Madrid22<\/a> <a href=\"https:\/\/twitter.com\/hashtag\/BadmintonEropa?src=hash&amp;ref_src=twsrc%5Etfw\">#BadmintonEropa<\/a> <a href=\"https:\/\/t.co\/WcFtiaWC8E\">pic.twitter.com\/WcFtiaWC8E<\/a><\/p>\n<p>\u2014 Badminton Eropa (@badmintoneropa) <a href=\"https:\/\/twitter.com\/badmintoneropa\/status\/1519239819553275904?ref_src=twsrc%5Etfw\">April 27, 2022<\/a><\/p><\/blockquote>\n<p><script async src=\"https:\/\/platform.twitter.com\/widgets.js\" charset=\"utf-8\"><\/script><\/p>\n<p style=\"text-align: justify;\">De son c\u00f4t\u00e9,<strong> William Villiger<\/strong> s&rsquo;est consol\u00e9 en double messieurs, associ\u00e9 \u00e0 <strong>Fabien Delrue.<\/strong> Ils se sont qualifi\u00e9s pour les quarts de finale, mais y rencontreront la redoutable paire allemande <strong>Lamsfuss \/ Seidel<\/strong>. Les fr\u00e8res <strong>Toma Junior<\/strong> et <strong>Christo Popov<\/strong> se sont \u00e9galement qualifi\u00e9s, et auront leur chance contre la doublette britannique <strong>Dunn \/ Hall,<\/strong> qui a mis fin au parcours de <strong>Lucas Corv\u00e9e<\/strong> et <strong>Ronan Labar.<\/strong><\/p>\n<blockquote class=\"twitter-tweet\">\n<p dir=\"ltr\" lang=\"en\">.<a href=\"https:\/\/twitter.com\/Toma_Jr_Popov?ref_src=twsrc%5Etfw\">@Toma_Jr_Popov<\/a> and <a href=\"https:\/\/twitter.com\/Popov_Christo?ref_src=twsrc%5Etfw\">@Popov_Christo<\/a> run into the QF with a win against Monroy\/Piris (ESP) with 21-10 22-20 &#x1f44f;&#x1f3fc;&#x1f44f;&#x1f3fc; <a href=\"https:\/\/twitter.com\/hashtag\/EC22?src=hash&amp;ref_src=twsrc%5Etfw\">#EC22<\/a> <a href=\"https:\/\/twitter.com\/hashtag\/Madrid22?src=hash&amp;ref_src=twsrc%5Etfw\">#Madrid22<\/a> <a href=\"https:\/\/twitter.com\/hashtag\/BadmintonEropa?src=hash&amp;ref_src=twsrc%5Etfw\">#BadmintonEropa<\/a> <a href=\"https:\/\/t.co\/oiAoVESk7z\">pic.twitter.com\/oiAoVESk7z<\/a><\/p>\n<p>\u2014 Badminton Eropa (@badmintoneropa) <a href=\"https:\/\/twitter.com\/badmintoneropa\/status\/1519312570477588481?ref_src=twsrc%5Etfw\">April 27, 2022<\/a><\/p><\/blockquote>\n<p><script async src=\"https:\/\/platform.twitter.com\/widgets.js\" charset=\"utf-8\"><\/script><\/p>\n<p style=\"text-align: justify;\">Chez les femmes, <strong>Anne Tran,<\/strong> associ\u00e9e \u00e0 <strong>Margot Lambert<\/strong>, a \u00e9galement rebondi apr\u00e8s son \u00e9chec en mixte en se qualifiant pour les quarts. Mais les deux Bleues ne seront pas favorites contre la paire danoise <strong>Fruergaard \/ Thynesen,<\/strong> th\u00e9oriquement bien sup\u00e9rieure.<strong> Flavia Vallet<\/strong> et <strong>\u00c9milie Vercelot<\/strong>, elles, n&rsquo;ont rien pu faire contre les s\u0153urs <strong>Stoeva<\/strong>, doubles tenantes du titre, et voient leur parcours prendre fin.<\/p>\n<blockquote class=\"twitter-tweet\">\n<p dir=\"ltr\" lang=\"en\">The first seed of the tournament, <a href=\"https:\/\/twitter.com\/GStoewa?ref_src=twsrc%5Etfw\">@GStoewa<\/a> and <a href=\"https:\/\/twitter.com\/stefanistoeva?ref_src=twsrc%5Etfw\">@stefanistoeva<\/a> (BUL), defeated Vallet\/Vercelot (FRA) with 21-12 21-10. So far, so good for the defending champion. <a href=\"https:\/\/twitter.com\/hashtag\/EC22?src=hash&amp;ref_src=twsrc%5Etfw\">#EC22<\/a> <a href=\"https:\/\/twitter.com\/hashtag\/Madrid22?src=hash&amp;ref_src=twsrc%5Etfw\">#Madrid22<\/a> <a href=\"https:\/\/twitter.com\/hashtag\/BadmintonEropa?src=hash&amp;ref_src=twsrc%5Etfw\">#BadmintonEropa<\/a> <a href=\"https:\/\/t.co\/gGu7q0uEWU\">pic.twitter.com\/gGu7q0uEWU<\/a><\/p>\n<p>\u2014 Badminton Eropa (@badmintoneropa) <a href=\"https:\/\/twitter.com\/badmintoneropa\/status\/1519317306782150658?ref_src=twsrc%5Etfw\">April 27, 2022<\/a><\/p><\/blockquote>\n<p><script async src=\"https:\/\/platform.twitter.com\/widgets.js\" charset=\"utf-8\"><\/script><\/p>\n","protected":false},"excerpt":{"rendered":"<p>CHAMPIONNATS D&rsquo;EUROPE DE BADMINTON 2022 &#8211; Les 8\u00e8mes de finale de toutes les cat\u00e9gories avaient lieu aujourd&rsquo;hui \u00e0 Madrid. Sur 12 chances, simples et doubles confondus, les Bleus ont enregistr\u00e9 huit qualifications pour les quarts, pr\u00e9vus demain.\u00a0<\/p>\n","protected":false},"author":59,"featured_media":219223,"comment_status":"open","ping_status":"closed","sticky":false,"template":"","format":"standard","meta":{"_acf_changed":false,"_daextam_enable_autolinks":"","footnotes":""},"categories":[13604],"tags":[2184,15850],"class_list":["post-219047","post","type-post","status-publish","format-standard","has-post-thumbnail","hentry","category-badminton","tag-badminton","tag-championnats-deurope-de-badminton"],"acf":[],"yoast_head":"<!-- This site is optimized with the Yoast SEO Premium plugin v26.7 (Yoast SEO v26.7) - https:\/\/yoast.com\/wordpress\/plugins\/seo\/ -->\n<title>Badminton - Badminton Championnats d&#039;Europe : les Fran\u00e7ais seront en nombre lors des quarts de finale - Dicodusport<\/title>\n<meta name=\"description\" content=\"CHAMPIONNATS D&#039;EUROPE DE BADMINTON 2022 - Huit qualifications sur douze possibles pour les Fran\u00e7ais lors des 8\u00e8mes de finale.\" \/>\n<meta name=\"robots\" content=\"index, follow, max-snippet:-1, max-image-preview:large, max-video-preview:-1\" \/>\n<link rel=\"canonical\" href=\"https:\/\/dicodusport.fr\/blog\/badminton-championnats-europe-les-francais-seront-presents-en-nombre-lors-des-quarts-de-finale\/\" \/>\n<meta property=\"og:locale\" content=\"fr_FR\" \/>\n<meta property=\"og:type\" content=\"article\" \/>\n<meta property=\"og:title\" content=\"Badminton Championnats d&#039;Europe : les Fran\u00e7ais seront en nombre lors des quarts de finale\" \/>\n<meta property=\"og:description\" content=\"CHAMPIONNATS D&#039;EUROPE DE BADMINTON 2022 - Huit qualifications sur douze possibles pour les Fran\u00e7ais lors des 8\u00e8mes de finale.\" \/>\n<meta property=\"og:url\" content=\"https:\/\/dicodusport.fr\/blog\/badminton-championnats-europe-les-francais-seront-presents-en-nombre-lors-des-quarts-de-finale\/\" \/>\n<meta property=\"og:site_name\" content=\"Dicodusport\" \/>\n<meta property=\"article:publisher\" content=\"https:\/\/www.facebook.com\/dicodusport\" \/>\n<meta property=\"article:author\" content=\"https:\/\/www.facebook.com\/sebastien.gente\/\" \/>\n<meta property=\"article:published_time\" content=\"2022-04-27T16:26:47+00:00\" \/>\n<meta property=\"og:image\" content=\"https:\/\/dicodusport.fr\/blog\/wp-content\/uploads\/2022\/04\/Badminton-Championnats-dEurope-les-Francais-seront-en-nombre-lors-des-quarts-de-finale.png\" \/>\n\t<meta property=\"og:image:width\" content=\"800\" \/>\n\t<meta property=\"og:image:height\" content=\"445\" \/>\n\t<meta property=\"og:image:type\" content=\"image\/png\" \/>\n<meta name=\"author\" content=\"S\u00e9bastien Gente\" \/>\n<meta name=\"twitter:card\" content=\"summary_large_image\" \/>\n<meta name=\"twitter:title\" content=\"Badminton Championnats d&#039;Europe : les Fran\u00e7ais seront en nombre lors des quarts de finale\" \/>\n<meta name=\"twitter:creator\" content=\"@https:\/\/twitter.com\/globulo24\" \/>\n<meta name=\"twitter:site\" content=\"@dicodusport\" \/>\n<script type=\"application\/ld+json\" class=\"yoast-schema-graph\">{\"@context\":\"https:\/\/schema.org\",\"@graph\":[{\"@type\":\"NewsArticle\",\"@id\":\"https:\/\/dicodusport.fr\/blog\/badminton-championnats-europe-les-francais-seront-presents-en-nombre-lors-des-quarts-de-finale\/#article\",\"isPartOf\":{\"@id\":\"https:\/\/dicodusport.fr\/blog\/badminton-championnats-europe-les-francais-seront-presents-en-nombre-lors-des-quarts-de-finale\/\"},\"author\":{\"name\":\"S\u00e9bastien Gente\",\"@id\":\"https:\/\/dicodusport.fr\/blog\/#\/schema\/person\/627966a6cde45dbd8c5e36ac85d783da\"},\"headline\":\"Badminton Championnats d&rsquo;Europe : les Fran\u00e7ais seront en nombre lors des quarts de finale\",\"datePublished\":\"2022-04-27T16:26:47+00:00\",\"mainEntityOfPage\":{\"@id\":\"https:\/\/dicodusport.fr\/blog\/badminton-championnats-europe-les-francais-seront-presents-en-nombre-lors-des-quarts-de-finale\/\"},\"wordCount\":699,\"commentCount\":0,\"publisher\":{\"@id\":\"https:\/\/dicodusport.fr\/blog\/#organization\"},\"image\":{\"@id\":\"https:\/\/dicodusport.fr\/blog\/badminton-championnats-europe-les-francais-seront-presents-en-nombre-lors-des-quarts-de-finale\/#primaryimage\"},\"thumbnailUrl\":\"https:\/\/dicodusport.fr\/blog\/wp-content\/uploads\/2022\/04\/Badminton-Championnats-dEurope-les-Francais-seront-en-nombre-lors-des-quarts-de-finale.png\",\"keywords\":[\"Badminton\",\"Championnats d'Europe de badminton\"],\"articleSection\":[\"Badminton\"],\"inLanguage\":\"fr-FR\",\"potentialAction\":[{\"@type\":\"CommentAction\",\"name\":\"Comment\",\"target\":[\"https:\/\/dicodusport.fr\/blog\/badminton-championnats-europe-les-francais-seront-presents-en-nombre-lors-des-quarts-de-finale\/#respond\"]}],\"copyrightYear\":\"2022\",\"copyrightHolder\":{\"@id\":\"https:\/\/dicodusport.fr\/blog\/#organization\"}},{\"@type\":\"WebPage\",\"@id\":\"https:\/\/dicodusport.fr\/blog\/badminton-championnats-europe-les-francais-seront-presents-en-nombre-lors-des-quarts-de-finale\/\",\"url\":\"https:\/\/dicodusport.fr\/blog\/badminton-championnats-europe-les-francais-seront-presents-en-nombre-lors-des-quarts-de-finale\/\",\"name\":\"Badminton - Badminton Championnats d'Europe : les Fran\u00e7ais seront en nombre lors des quarts de finale - Dicodusport\",\"isPartOf\":{\"@id\":\"https:\/\/dicodusport.fr\/blog\/#website\"},\"primaryImageOfPage\":{\"@id\":\"https:\/\/dicodusport.fr\/blog\/badminton-championnats-europe-les-francais-seront-presents-en-nombre-lors-des-quarts-de-finale\/#primaryimage\"},\"image\":{\"@id\":\"https:\/\/dicodusport.fr\/blog\/badminton-championnats-europe-les-francais-seront-presents-en-nombre-lors-des-quarts-de-finale\/#primaryimage\"},\"thumbnailUrl\":\"https:\/\/dicodusport.fr\/blog\/wp-content\/uploads\/2022\/04\/Badminton-Championnats-dEurope-les-Francais-seront-en-nombre-lors-des-quarts-de-finale.png\",\"datePublished\":\"2022-04-27T16:26:47+00:00\",\"description\":\"CHAMPIONNATS D'EUROPE DE BADMINTON 2022 - Huit qualifications sur douze possibles pour les Fran\u00e7ais lors des 8\u00e8mes de finale.\",\"breadcrumb\":{\"@id\":\"https:\/\/dicodusport.fr\/blog\/badminton-championnats-europe-les-francais-seront-presents-en-nombre-lors-des-quarts-de-finale\/#breadcrumb\"},\"inLanguage\":\"fr-FR\",\"potentialAction\":[{\"@type\":\"ReadAction\",\"target\":[\"https:\/\/dicodusport.fr\/blog\/badminton-championnats-europe-les-francais-seront-presents-en-nombre-lors-des-quarts-de-finale\/\"]}]},{\"@type\":\"ImageObject\",\"inLanguage\":\"fr-FR\",\"@id\":\"https:\/\/dicodusport.fr\/blog\/badminton-championnats-europe-les-francais-seront-presents-en-nombre-lors-des-quarts-de-finale\/#primaryimage\",\"url\":\"https:\/\/dicodusport.fr\/blog\/wp-content\/uploads\/2022\/04\/Badminton-Championnats-dEurope-les-Francais-seront-en-nombre-lors-des-quarts-de-finale.png\",\"contentUrl\":\"https:\/\/dicodusport.fr\/blog\/wp-content\/uploads\/2022\/04\/Badminton-Championnats-dEurope-les-Francais-seront-en-nombre-lors-des-quarts-de-finale.png\",\"width\":800,\"height\":445,\"caption\":\"Badminton Championnats d'Europe les Fran\u00e7ais seront en nombre lors des quarts de finale\"},{\"@type\":\"BreadcrumbList\",\"@id\":\"https:\/\/dicodusport.fr\/blog\/badminton-championnats-europe-les-francais-seront-presents-en-nombre-lors-des-quarts-de-finale\/#breadcrumb\",\"itemListElement\":[{\"@type\":\"ListItem\",\"position\":1,\"name\":\"Accueil\",\"item\":\"https:\/\/dicodusport.fr\/blog\/\"},{\"@type\":\"ListItem\",\"position\":2,\"name\":\"Badminton Championnats d&rsquo;Europe : les Fran\u00e7ais seront en nombre lors des quarts de finale\"}]},{\"@type\":\"WebSite\",\"@id\":\"https:\/\/dicodusport.fr\/blog\/#website\",\"url\":\"https:\/\/dicodusport.fr\/blog\/\",\"name\":\"Dicodusport\",\"description\":\"L&#039;encyclop\u00e9die de l&#039;actualit\u00e9 sportive\",\"publisher\":{\"@id\":\"https:\/\/dicodusport.fr\/blog\/#organization\"},\"potentialAction\":[{\"@type\":\"SearchAction\",\"target\":{\"@type\":\"EntryPoint\",\"urlTemplate\":\"https:\/\/dicodusport.fr\/blog\/?s={search_term_string}\"},\"query-input\":{\"@type\":\"PropertyValueSpecification\",\"valueRequired\":true,\"valueName\":\"search_term_string\"}}],\"inLanguage\":\"fr-FR\"},{\"@type\":\"NewsMediaOrganization\",\"@id\":\"https:\/\/dicodusport.fr\/blog\/#organization\",\"name\":\"Dicodusport\",\"url\":\"https:\/\/dicodusport.fr\/blog\/\",\"logo\":{\"@type\":\"ImageObject\",\"inLanguage\":\"fr-FR\",\"@id\":\"https:\/\/dicodusport.fr\/blog\/#\/schema\/logo\/image\/\",\"url\":\"https:\/\/dicodusport.fr\/blog\/wp-content\/uploads\/2020\/06\/cropped-LOGO-DICODUSPORT-2020-SANS-FOND-SANS-TEXTE.png\",\"contentUrl\":\"https:\/\/dicodusport.fr\/blog\/wp-content\/uploads\/2020\/06\/cropped-LOGO-DICODUSPORT-2020-SANS-FOND-SANS-TEXTE.png\",\"width\":512,\"height\":512,\"caption\":\"Dicodusport\"},\"image\":{\"@id\":\"https:\/\/dicodusport.fr\/blog\/#\/schema\/logo\/image\/\"},\"sameAs\":[\"https:\/\/www.facebook.com\/dicodusport\",\"https:\/\/x.com\/dicodusport\",\"https:\/\/www.instagram.com\/dicodusport\/\",\"https:\/\/www.youtube.com\/channel\/UC7V2KZ5sd3htJivAbA4ZG3w\"],\"description\":\"Dicodusport est l'encyclop\u00e9die de l'actualit\u00e9 sportive.\",\"email\":\"bonjour@dicodusport.fr\",\"legalName\":\"DICODUSPORT\",\"foundingDate\":\"2018-01-14\",\"vatID\":\"FR71834470973\",\"taxID\":\"83447097300043\",\"numberOfEmployees\":{\"@type\":\"QuantitativeValue\",\"minValue\":\"1\",\"maxValue\":\"10\"}},{\"@type\":\"Person\",\"@id\":\"https:\/\/dicodusport.fr\/blog\/#\/schema\/person\/627966a6cde45dbd8c5e36ac85d783da\",\"name\":\"S\u00e9bastien Gente\",\"image\":{\"@type\":\"ImageObject\",\"inLanguage\":\"fr-FR\",\"@id\":\"https:\/\/dicodusport.fr\/blog\/#\/schema\/person\/image\/\",\"url\":\"https:\/\/dicodusport.fr\/blog\/wp-content\/uploads\/2021\/09\/1510990_10205810251400683_4124423575079401707_n-150x150.jpg\",\"contentUrl\":\"https:\/\/dicodusport.fr\/blog\/wp-content\/uploads\/2021\/09\/1510990_10205810251400683_4124423575079401707_n-150x150.jpg\",\"caption\":\"S\u00e9bastien Gente\"},\"description\":\"John Stockton, Gianni Bugno, Zinedine Zidane, Steffi Graf, Frode Andresen, St\u00e9phane Stoecklin, Davis Kamoga, Primoz Peterka, Werner Schlager et Aur\u00e9lien Rougerie. Point commun entre ces sportifs? Ils m'ont fait r\u00eaver et ont berc\u00e9 mon adolescence. Je suis un fondu de sports et j'essaie de retranscrire ma passion \u00e0 travers mes articles. Originaire du P\u00e9rigord, ma passion pour les Girondins, les Jaunards et les Jazzmen transpire dans mes \u00e9crits. \u00c0 Dicodusport depuis 2021, je d\u00e9niche les sports m\u00e9connus dans lesquels la France brille, et il y en a !\",\"sameAs\":[\"https:\/\/www.facebook.com\/sebastien.gente\/\",\"https:\/\/www.instagram.com\/sebgente\/\",\"https:\/\/www.linkedin.com\/in\/sbastien-gente-a29583169\/\",\"https:\/\/x.com\/https:\/\/twitter.com\/globulo24\",\"SebastienGente\"],\"worksFor\":\"S\u00e9bastien GENTE\",\"url\":\"https:\/\/dicodusport.fr\/blog\/author\/sebastiengente\/\"}]}<\/script>\n<!-- \/ Yoast SEO Premium plugin. -->","yoast_head_json":{"title":"Badminton - Badminton Championnats d'Europe : les Fran\u00e7ais seront en nombre lors des quarts de finale - Dicodusport","description":"CHAMPIONNATS D'EUROPE DE BADMINTON 2022 - Huit qualifications sur douze possibles pour les Fran\u00e7ais lors des 8\u00e8mes de finale.","robots":{"index":"index","follow":"follow","max-snippet":"max-snippet:-1","max-image-preview":"max-image-preview:large","max-video-preview":"max-video-preview:-1"},"canonical":"https:\/\/dicodusport.fr\/blog\/badminton-championnats-europe-les-francais-seront-presents-en-nombre-lors-des-quarts-de-finale\/","og_locale":"fr_FR","og_type":"article","og_title":"Badminton Championnats d'Europe : les Fran\u00e7ais seront en nombre lors des quarts de finale","og_description":"CHAMPIONNATS D'EUROPE DE BADMINTON 2022 - Huit qualifications sur douze possibles pour les Fran\u00e7ais lors des 8\u00e8mes de finale.","og_url":"https:\/\/dicodusport.fr\/blog\/badminton-championnats-europe-les-francais-seront-presents-en-nombre-lors-des-quarts-de-finale\/","og_site_name":"Dicodusport","article_publisher":"https:\/\/www.facebook.com\/dicodusport","article_author":"https:\/\/www.facebook.com\/sebastien.gente\/","article_published_time":"2022-04-27T16:26:47+00:00","og_image":[{"width":800,"height":445,"url":"https:\/\/dicodusport.fr\/blog\/wp-content\/uploads\/2022\/04\/Badminton-Championnats-dEurope-les-Francais-seront-en-nombre-lors-des-quarts-de-finale.png","type":"image\/png"}],"author":"S\u00e9bastien Gente","twitter_card":"summary_large_image","twitter_title":"Badminton Championnats d'Europe : les Fran\u00e7ais seront en nombre lors des quarts de finale","twitter_creator":"@https:\/\/twitter.com\/globulo24","twitter_site":"@dicodusport","schema":{"@context":"https:\/\/schema.org","@graph":[{"@type":"NewsArticle","@id":"https:\/\/dicodusport.fr\/blog\/badminton-championnats-europe-les-francais-seront-presents-en-nombre-lors-des-quarts-de-finale\/#article","isPartOf":{"@id":"https:\/\/dicodusport.fr\/blog\/badminton-championnats-europe-les-francais-seront-presents-en-nombre-lors-des-quarts-de-finale\/"},"author":{"name":"S\u00e9bastien Gente","@id":"https:\/\/dicodusport.fr\/blog\/#\/schema\/person\/627966a6cde45dbd8c5e36ac85d783da"},"headline":"Badminton Championnats d&rsquo;Europe : les Fran\u00e7ais seront en nombre lors des quarts de finale","datePublished":"2022-04-27T16:26:47+00:00","mainEntityOfPage":{"@id":"https:\/\/dicodusport.fr\/blog\/badminton-championnats-europe-les-francais-seront-presents-en-nombre-lors-des-quarts-de-finale\/"},"wordCount":699,"commentCount":0,"publisher":{"@id":"https:\/\/dicodusport.fr\/blog\/#organization"},"image":{"@id":"https:\/\/dicodusport.fr\/blog\/badminton-championnats-europe-les-francais-seront-presents-en-nombre-lors-des-quarts-de-finale\/#primaryimage"},"thumbnailUrl":"https:\/\/dicodusport.fr\/blog\/wp-content\/uploads\/2022\/04\/Badminton-Championnats-dEurope-les-Francais-seront-en-nombre-lors-des-quarts-de-finale.png","keywords":["Badminton","Championnats d'Europe de badminton"],"articleSection":["Badminton"],"inLanguage":"fr-FR","potentialAction":[{"@type":"CommentAction","name":"Comment","target":["https:\/\/dicodusport.fr\/blog\/badminton-championnats-europe-les-francais-seront-presents-en-nombre-lors-des-quarts-de-finale\/#respond"]}],"copyrightYear":"2022","copyrightHolder":{"@id":"https:\/\/dicodusport.fr\/blog\/#organization"}},{"@type":"WebPage","@id":"https:\/\/dicodusport.fr\/blog\/badminton-championnats-europe-les-francais-seront-presents-en-nombre-lors-des-quarts-de-finale\/","url":"https:\/\/dicodusport.fr\/blog\/badminton-championnats-europe-les-francais-seront-presents-en-nombre-lors-des-quarts-de-finale\/","name":"Badminton - Badminton Championnats d'Europe : les Fran\u00e7ais seront en nombre lors des quarts de finale - Dicodusport","isPartOf":{"@id":"https:\/\/dicodusport.fr\/blog\/#website"},"primaryImageOfPage":{"@id":"https:\/\/dicodusport.fr\/blog\/badminton-championnats-europe-les-francais-seront-presents-en-nombre-lors-des-quarts-de-finale\/#primaryimage"},"image":{"@id":"https:\/\/dicodusport.fr\/blog\/badminton-championnats-europe-les-francais-seront-presents-en-nombre-lors-des-quarts-de-finale\/#primaryimage"},"thumbnailUrl":"https:\/\/dicodusport.fr\/blog\/wp-content\/uploads\/2022\/04\/Badminton-Championnats-dEurope-les-Francais-seront-en-nombre-lors-des-quarts-de-finale.png","datePublished":"2022-04-27T16:26:47+00:00","description":"CHAMPIONNATS D'EUROPE DE BADMINTON 2022 - Huit qualifications sur douze possibles pour les Fran\u00e7ais lors des 8\u00e8mes de finale.","breadcrumb":{"@id":"https:\/\/dicodusport.fr\/blog\/badminton-championnats-europe-les-francais-seront-presents-en-nombre-lors-des-quarts-de-finale\/#breadcrumb"},"inLanguage":"fr-FR","potentialAction":[{"@type":"ReadAction","target":["https:\/\/dicodusport.fr\/blog\/badminton-championnats-europe-les-francais-seront-presents-en-nombre-lors-des-quarts-de-finale\/"]}]},{"@type":"ImageObject","inLanguage":"fr-FR","@id":"https:\/\/dicodusport.fr\/blog\/badminton-championnats-europe-les-francais-seront-presents-en-nombre-lors-des-quarts-de-finale\/#primaryimage","url":"https:\/\/dicodusport.fr\/blog\/wp-content\/uploads\/2022\/04\/Badminton-Championnats-dEurope-les-Francais-seront-en-nombre-lors-des-quarts-de-finale.png","contentUrl":"https:\/\/dicodusport.fr\/blog\/wp-content\/uploads\/2022\/04\/Badminton-Championnats-dEurope-les-Francais-seront-en-nombre-lors-des-quarts-de-finale.png","width":800,"height":445,"caption":"Badminton Championnats d'Europe les Fran\u00e7ais seront en nombre lors des quarts de finale"},{"@type":"BreadcrumbList","@id":"https:\/\/dicodusport.fr\/blog\/badminton-championnats-europe-les-francais-seront-presents-en-nombre-lors-des-quarts-de-finale\/#breadcrumb","itemListElement":[{"@type":"ListItem","position":1,"name":"Accueil","item":"https:\/\/dicodusport.fr\/blog\/"},{"@type":"ListItem","position":2,"name":"Badminton Championnats d&rsquo;Europe : les Fran\u00e7ais seront en nombre lors des quarts de finale"}]},{"@type":"WebSite","@id":"https:\/\/dicodusport.fr\/blog\/#website","url":"https:\/\/dicodusport.fr\/blog\/","name":"Dicodusport","description":"L&#039;encyclop\u00e9die de l&#039;actualit\u00e9 sportive","publisher":{"@id":"https:\/\/dicodusport.fr\/blog\/#organization"},"potentialAction":[{"@type":"SearchAction","target":{"@type":"EntryPoint","urlTemplate":"https:\/\/dicodusport.fr\/blog\/?s={search_term_string}"},"query-input":{"@type":"PropertyValueSpecification","valueRequired":true,"valueName":"search_term_string"}}],"inLanguage":"fr-FR"},{"@type":"NewsMediaOrganization","@id":"https:\/\/dicodusport.fr\/blog\/#organization","name":"Dicodusport","url":"https:\/\/dicodusport.fr\/blog\/","logo":{"@type":"ImageObject","inLanguage":"fr-FR","@id":"https:\/\/dicodusport.fr\/blog\/#\/schema\/logo\/image\/","url":"https:\/\/dicodusport.fr\/blog\/wp-content\/uploads\/2020\/06\/cropped-LOGO-DICODUSPORT-2020-SANS-FOND-SANS-TEXTE.png","contentUrl":"https:\/\/dicodusport.fr\/blog\/wp-content\/uploads\/2020\/06\/cropped-LOGO-DICODUSPORT-2020-SANS-FOND-SANS-TEXTE.png","width":512,"height":512,"caption":"Dicodusport"},"image":{"@id":"https:\/\/dicodusport.fr\/blog\/#\/schema\/logo\/image\/"},"sameAs":["https:\/\/www.facebook.com\/dicodusport","https:\/\/x.com\/dicodusport","https:\/\/www.instagram.com\/dicodusport\/","https:\/\/www.youtube.com\/channel\/UC7V2KZ5sd3htJivAbA4ZG3w"],"description":"Dicodusport est l'encyclop\u00e9die de l'actualit\u00e9 sportive.","email":"bonjour@dicodusport.fr","legalName":"DICODUSPORT","foundingDate":"2018-01-14","vatID":"FR71834470973","taxID":"83447097300043","numberOfEmployees":{"@type":"QuantitativeValue","minValue":"1","maxValue":"10"}},{"@type":"Person","@id":"https:\/\/dicodusport.fr\/blog\/#\/schema\/person\/627966a6cde45dbd8c5e36ac85d783da","name":"S\u00e9bastien Gente","image":{"@type":"ImageObject","inLanguage":"fr-FR","@id":"https:\/\/dicodusport.fr\/blog\/#\/schema\/person\/image\/","url":"https:\/\/dicodusport.fr\/blog\/wp-content\/uploads\/2021\/09\/1510990_10205810251400683_4124423575079401707_n-150x150.jpg","contentUrl":"https:\/\/dicodusport.fr\/blog\/wp-content\/uploads\/2021\/09\/1510990_10205810251400683_4124423575079401707_n-150x150.jpg","caption":"S\u00e9bastien Gente"},"description":"John Stockton, Gianni Bugno, Zinedine Zidane, Steffi Graf, Frode Andresen, St\u00e9phane Stoecklin, Davis Kamoga, Primoz Peterka, Werner Schlager et Aur\u00e9lien Rougerie. Point commun entre ces sportifs? Ils m'ont fait r\u00eaver et ont berc\u00e9 mon adolescence. Je suis un fondu de sports et j'essaie de retranscrire ma passion \u00e0 travers mes articles. Originaire du P\u00e9rigord, ma passion pour les Girondins, les Jaunards et les Jazzmen transpire dans mes \u00e9crits. \u00c0 Dicodusport depuis 2021, je d\u00e9niche les sports m\u00e9connus dans lesquels la France brille, et il y en a !","sameAs":["https:\/\/www.facebook.com\/sebastien.gente\/","https:\/\/www.instagram.com\/sebgente\/","https:\/\/www.linkedin.com\/in\/sbastien-gente-a29583169\/","https:\/\/x.com\/https:\/\/twitter.com\/globulo24","SebastienGente"],"worksFor":"S\u00e9bastien GENTE","url":"https:\/\/dicodusport.fr\/blog\/author\/sebastiengente\/"}]}},"_links":{"self":[{"href":"https:\/\/dicodusport.fr\/blog\/wp-json\/wp\/v2\/posts\/219047","targetHints":{"allow":["GET"]}}],"collection":[{"href":"https:\/\/dicodusport.fr\/blog\/wp-json\/wp\/v2\/posts"}],"about":[{"href":"https:\/\/dicodusport.fr\/blog\/wp-json\/wp\/v2\/types\/post"}],"author":[{"embeddable":true,"href":"https:\/\/dicodusport.fr\/blog\/wp-json\/wp\/v2\/users\/59"}],"replies":[{"embeddable":true,"href":"https:\/\/dicodusport.fr\/blog\/wp-json\/wp\/v2\/comments?post=219047"}],"version-history":[{"count":0,"href":"https:\/\/dicodusport.fr\/blog\/wp-json\/wp\/v2\/posts\/219047\/revisions"}],"wp:featuredmedia":[{"embeddable":true,"href":"https:\/\/dicodusport.fr\/blog\/wp-json\/wp\/v2\/media\/219223"}],"wp:attachment":[{"href":"https:\/\/dicodusport.fr\/blog\/wp-json\/wp\/v2\/media?parent=219047"}],"wp:term":[{"taxonomy":"category","embeddable":true,"href":"https:\/\/dicodusport.fr\/blog\/wp-json\/wp\/v2\/categories?post=219047"},{"taxonomy":"post_tag","embeddable":true,"href":"https:\/\/dicodusport.fr\/blog\/wp-json\/wp\/v2\/tags?post=219047"}],"curies":[{"name":"wp","href":"https:\/\/api.w.org\/{rel}","templated":true}]}}