{"id":21962,"date":"2018-07-13T18:16:56","date_gmt":"2018-07-13T16:16:56","guid":{"rendered":"http:\/\/dicodusport.fr\/blog\/?p=21962"},"modified":"2018-07-13T18:22:43","modified_gmt":"2018-07-13T16:22:43","slug":"tour-de-france-groenewegen-offredo-bordure-ce-qu-il-faut-retenir-de-la-7eme-etape","status":"publish","type":"post","link":"https:\/\/dicodusport.fr\/blog\/tour-de-france-groenewegen-offredo-bordure-ce-qu-il-faut-retenir-de-la-7eme-etape\/","title":{"rendered":"Tour de France : Groenewegen, Offredo, bordure, ce qu&rsquo;il faut retenir de la 7\u00e8me \u00e9tape"},"content":{"rendered":"<p style=\"text-align: justify;\"><strong><em>Victoire de Dylan Groenewegen, devant Fernando Gaviria et Peter Sagan. Voici les 3 choses \u00e0 retenir de cette septi\u00e8me \u00e9tape.<\/em><\/strong><\/p>\n<p style=\"text-align: justify;\"><strong>Groenewegen en costaud :\u00a0<\/strong>On attendait Fernando Gaviria ou Peter Sagan, c&rsquo;est finalement le n\u00e9erlandais Dylan Groenewegen qui s&rsquo;est impos\u00e9 \u00e0 Chartres. Vainqueur sur les Champs-\u00c9lys\u00e9es l&rsquo;an pass\u00e9, il a profit\u00e9 du formidable travail de son \u00e9quipe pour l&#8217;emporter devant Fernando Gaviria, Peter Sagan et Arnaud D\u00e9mare.<\/p>\n<p style=\"text-align: justify;\"><strong><span class=\"st\">AG2R et Trek \u00e0 la man\u0153uvre <\/span>: <\/strong>A 100 km de l&rsquo;arriv\u00e9e, alors que le vent \u00e9tait de c\u00f4t\u00e9, AG2R et Trek ont mis la pagaille dans un peloton plut\u00f4t tranquille jusque-l\u00e0. Un coup de bordure suivi ensuite par la Movistar, qui a pi\u00e9g\u00e9 durant quelques kilom\u00e8tres Dan Martin, le vainqueur d&rsquo;hier et l&rsquo;un des outsiders pour le classement g\u00e9n\u00e9ral. Tout est rentr\u00e9 dans l&rsquo;ordre \u00e0 92km de l&rsquo;arriv\u00e9e.<\/p>\n<p style=\"text-align: justify;\"><strong><span class=\"st\">Offredo et Pichon en solitaire <\/span>: <\/strong>Un \u00e9tape longue de 231 km, cela n&rsquo;a pas incit\u00e9 une \u00e9chapp\u00e9e au long fleuve. Pourtant, deux Fran\u00e7ais ont tent\u00e9 le diable, avec tout d&rsquo;abord Yoann Offredo, l&rsquo;Essonien de la formation Wanty-Groupe Gobert. Parti \u00e0 195 km de l&rsquo;arriv\u00e9e, il a compt\u00e9 plus de neuf minutes d&rsquo;avance, avant d&rsquo;\u00eatre aval\u00e9 par le peloton suite au coup de bordure. Une nouvelle fois agac\u00e9e de se retrouver seul \u00e0 l&rsquo;avant de la course, il a fait le spectacle, en \u00e9changeant avec les motos suiveuses. Dans la foul\u00e9e, c&rsquo;est Laurent Pichon qui s&rsquo;est fait la malle. Le coureur de Fortuneo-Samsic n&rsquo;a jamais eu une avance sup\u00e9rieure \u00e0 deux minutes, se faisant reprendre \u00e0 moins de 40 km du terme de cette \u00e9tape.<\/p>\n<p><em><strong>F<\/strong><\/em><em><strong>lo Ostermann<br \/>\n<a href=\"https:\/\/www.facebook.com\/florent.ostermann\"><img loading=\"lazy\" decoding=\"async\" class=\"alignnone wp-image-2909\" src=\"http:\/\/dicodusport.fr\/blog\/wp-content\/uploads\/2017\/07\/logo-facebook-150x150.png\" sizes=\"auto, (max-width: 40px) 100vw, 40px\" srcset=\"https:\/\/dicodusport.fr\/blog\/wp-content\/uploads\/2017\/07\/logo-facebook-150x150.png 150w, https:\/\/dicodusport.fr\/blog\/wp-content\/uploads\/2017\/07\/logo-facebook-300x300.png 300w, https:\/\/dicodusport.fr\/blog\/wp-content\/uploads\/2017\/07\/logo-facebook.png 400w\" alt=\"\" width=\"40\" height=\"40\" \/><\/a><a href=\"https:\/\/twitter.com\/SportInsideMag\"><img loading=\"lazy\" decoding=\"async\" class=\"alignnone wp-image-2908\" src=\"http:\/\/dicodusport.fr\/blog\/wp-content\/uploads\/2017\/07\/logo-twitter-150x150.png\" alt=\"\" width=\"39\" height=\"39\" \/><\/a><\/strong><\/em><\/p>\n","protected":false},"excerpt":{"rendered":"<p>Victoire de Dylan Groenewegen, devant Fernando Gaviria et Peter Sagan. Voici les 3 choses \u00e0 retenir de cette septi\u00e8me \u00e9tape.<\/p>\n","protected":false},"author":4,"featured_media":22008,"comment_status":"open","ping_status":"closed","sticky":false,"template":"","format":"standard","meta":{"_acf_changed":false,"_daextam_enable_autolinks":"","footnotes":""},"categories":[2,2307,46995],"tags":[574,1262],"class_list":["post-21962","post","type-post","status-publish","format-standard","has-post-thumbnail","hentry","category-actualites","category-cyclisme","category-tour-de-france","tag-cyclisme","tag-tour-de-france"],"acf":[],"yoast_head":"<!-- This site is optimized with the Yoast SEO Premium plugin v26.7 (Yoast SEO v26.7) - https:\/\/yoast.com\/wordpress\/plugins\/seo\/ -->\n<title>Tour de France : Groenewegen, Offredo, bordure, ce qu&#039;il faut retenir de la 7\u00e8me \u00e9tape<\/title>\n<meta name=\"description\" content=\"Victoire de Dylan Groenewegen, devant Fernando Gaviria et Peter Sagan. Voici les 3 choses \u00e0 retenir de cette septi\u00e8me \u00e9tape.\" \/>\n<meta name=\"robots\" content=\"index, follow, max-snippet:-1, max-image-preview:large, max-video-preview:-1\" \/>\n<link rel=\"canonical\" href=\"https:\/\/dicodusport.fr\/blog\/tour-de-france-groenewegen-offredo-bordure-ce-qu-il-faut-retenir-de-la-7eme-etape\/\" \/>\n<meta property=\"og:locale\" content=\"fr_FR\" \/>\n<meta property=\"og:type\" content=\"article\" \/>\n<meta property=\"og:title\" content=\"Tour de France : Groenewegen, Offredo, bordure, ce qu&#039;il faut retenir de la 7\u00e8me \u00e9tape\" \/>\n<meta property=\"og:description\" content=\"Victoire de Dylan Groenewegen, devant Fernando Gaviria et Peter Sagan. Voici les 3 choses \u00e0 retenir de cette septi\u00e8me \u00e9tape.\" \/>\n<meta property=\"og:url\" content=\"https:\/\/dicodusport.fr\/blog\/tour-de-france-groenewegen-offredo-bordure-ce-qu-il-faut-retenir-de-la-7eme-etape\/\" \/>\n<meta property=\"og:site_name\" content=\"Dicodusport\" \/>\n<meta property=\"article:publisher\" content=\"https:\/\/www.facebook.com\/dicodusport\" \/>\n<meta property=\"article:author\" content=\"https:\/\/www.facebook.com\/florent.ostermann\" \/>\n<meta property=\"article:published_time\" content=\"2018-07-13T16:16:56+00:00\" \/>\n<meta property=\"article:modified_time\" content=\"2018-07-13T16:22:43+00:00\" \/>\n<meta property=\"og:image\" content=\"https:\/\/dicodusport.fr\/blog\/wp-content\/uploads\/2018\/07\/Dylan-Groenewegen.png\" \/>\n\t<meta property=\"og:image:width\" content=\"800\" \/>\n\t<meta property=\"og:image:height\" content=\"445\" \/>\n\t<meta property=\"og:image:type\" content=\"image\/png\" \/>\n<meta name=\"author\" content=\"Flo Ostermann\" \/>\n<meta name=\"twitter:card\" content=\"summary_large_image\" \/>\n<meta name=\"twitter:creator\" content=\"@https:\/\/twitter.com\/FlOstermann\" \/>\n<meta name=\"twitter:site\" content=\"@dicodusport\" \/>\n<script type=\"application\/ld+json\" class=\"yoast-schema-graph\">{\"@context\":\"https:\/\/schema.org\",\"@graph\":[{\"@type\":\"NewsArticle\",\"@id\":\"https:\/\/dicodusport.fr\/blog\/tour-de-france-groenewegen-offredo-bordure-ce-qu-il-faut-retenir-de-la-7eme-etape\/#article\",\"isPartOf\":{\"@id\":\"https:\/\/dicodusport.fr\/blog\/tour-de-france-groenewegen-offredo-bordure-ce-qu-il-faut-retenir-de-la-7eme-etape\/\"},\"author\":{\"name\":\"Flo Ostermann\",\"@id\":\"https:\/\/dicodusport.fr\/blog\/#\/schema\/person\/cb02af4c173ce4a653b55e9baf388d4a\"},\"headline\":\"Tour de France : Groenewegen, Offredo, bordure, ce qu&rsquo;il faut retenir de la 7\u00e8me \u00e9tape\",\"datePublished\":\"2018-07-13T16:16:56+00:00\",\"dateModified\":\"2018-07-13T16:22:43+00:00\",\"mainEntityOfPage\":{\"@id\":\"https:\/\/dicodusport.fr\/blog\/tour-de-france-groenewegen-offredo-bordure-ce-qu-il-faut-retenir-de-la-7eme-etape\/\"},\"wordCount\":304,\"commentCount\":0,\"publisher\":{\"@id\":\"https:\/\/dicodusport.fr\/blog\/#organization\"},\"image\":{\"@id\":\"https:\/\/dicodusport.fr\/blog\/tour-de-france-groenewegen-offredo-bordure-ce-qu-il-faut-retenir-de-la-7eme-etape\/#primaryimage\"},\"thumbnailUrl\":\"https:\/\/dicodusport.fr\/blog\/wp-content\/uploads\/2018\/07\/Dylan-Groenewegen.png\",\"keywords\":[\"Cyclisme\",\"Tour de France\"],\"articleSection\":[\"Actualit\u00e9s\",\"Cyclisme\",\"Tour de France\"],\"inLanguage\":\"fr-FR\",\"potentialAction\":[{\"@type\":\"CommentAction\",\"name\":\"Comment\",\"target\":[\"https:\/\/dicodusport.fr\/blog\/tour-de-france-groenewegen-offredo-bordure-ce-qu-il-faut-retenir-de-la-7eme-etape\/#respond\"]}],\"copyrightYear\":\"2018\",\"copyrightHolder\":{\"@id\":\"https:\/\/dicodusport.fr\/blog\/#organization\"}},{\"@type\":\"WebPage\",\"@id\":\"https:\/\/dicodusport.fr\/blog\/tour-de-france-groenewegen-offredo-bordure-ce-qu-il-faut-retenir-de-la-7eme-etape\/\",\"url\":\"https:\/\/dicodusport.fr\/blog\/tour-de-france-groenewegen-offredo-bordure-ce-qu-il-faut-retenir-de-la-7eme-etape\/\",\"name\":\"Tour de France : Groenewegen, Offredo, bordure, ce qu'il faut retenir de la 7\u00e8me \u00e9tape\",\"isPartOf\":{\"@id\":\"https:\/\/dicodusport.fr\/blog\/#website\"},\"primaryImageOfPage\":{\"@id\":\"https:\/\/dicodusport.fr\/blog\/tour-de-france-groenewegen-offredo-bordure-ce-qu-il-faut-retenir-de-la-7eme-etape\/#primaryimage\"},\"image\":{\"@id\":\"https:\/\/dicodusport.fr\/blog\/tour-de-france-groenewegen-offredo-bordure-ce-qu-il-faut-retenir-de-la-7eme-etape\/#primaryimage\"},\"thumbnailUrl\":\"https:\/\/dicodusport.fr\/blog\/wp-content\/uploads\/2018\/07\/Dylan-Groenewegen.png\",\"datePublished\":\"2018-07-13T16:16:56+00:00\",\"dateModified\":\"2018-07-13T16:22:43+00:00\",\"description\":\"Victoire de Dylan Groenewegen, devant Fernando Gaviria et Peter Sagan. Voici les 3 choses \u00e0 retenir de cette septi\u00e8me \u00e9tape.\",\"breadcrumb\":{\"@id\":\"https:\/\/dicodusport.fr\/blog\/tour-de-france-groenewegen-offredo-bordure-ce-qu-il-faut-retenir-de-la-7eme-etape\/#breadcrumb\"},\"inLanguage\":\"fr-FR\",\"potentialAction\":[{\"@type\":\"ReadAction\",\"target\":[\"https:\/\/dicodusport.fr\/blog\/tour-de-france-groenewegen-offredo-bordure-ce-qu-il-faut-retenir-de-la-7eme-etape\/\"]}]},{\"@type\":\"ImageObject\",\"inLanguage\":\"fr-FR\",\"@id\":\"https:\/\/dicodusport.fr\/blog\/tour-de-france-groenewegen-offredo-bordure-ce-qu-il-faut-retenir-de-la-7eme-etape\/#primaryimage\",\"url\":\"https:\/\/dicodusport.fr\/blog\/wp-content\/uploads\/2018\/07\/Dylan-Groenewegen.png\",\"contentUrl\":\"https:\/\/dicodusport.fr\/blog\/wp-content\/uploads\/2018\/07\/Dylan-Groenewegen.png\",\"width\":800,\"height\":445,\"caption\":\"Dylan Groenewegen\"},{\"@type\":\"BreadcrumbList\",\"@id\":\"https:\/\/dicodusport.fr\/blog\/tour-de-france-groenewegen-offredo-bordure-ce-qu-il-faut-retenir-de-la-7eme-etape\/#breadcrumb\",\"itemListElement\":[{\"@type\":\"ListItem\",\"position\":1,\"name\":\"Accueil\",\"item\":\"https:\/\/dicodusport.fr\/blog\/\"},{\"@type\":\"ListItem\",\"position\":2,\"name\":\"Tour de France : Groenewegen, Offredo, bordure, ce qu&rsquo;il faut retenir de la 7\u00e8me \u00e9tape\"}]},{\"@type\":\"WebSite\",\"@id\":\"https:\/\/dicodusport.fr\/blog\/#website\",\"url\":\"https:\/\/dicodusport.fr\/blog\/\",\"name\":\"Dicodusport\",\"description\":\"L&#039;encyclop\u00e9die de l&#039;actualit\u00e9 sportive\",\"publisher\":{\"@id\":\"https:\/\/dicodusport.fr\/blog\/#organization\"},\"potentialAction\":[{\"@type\":\"SearchAction\",\"target\":{\"@type\":\"EntryPoint\",\"urlTemplate\":\"https:\/\/dicodusport.fr\/blog\/?s={search_term_string}\"},\"query-input\":{\"@type\":\"PropertyValueSpecification\",\"valueRequired\":true,\"valueName\":\"search_term_string\"}}],\"inLanguage\":\"fr-FR\"},{\"@type\":\"NewsMediaOrganization\",\"@id\":\"https:\/\/dicodusport.fr\/blog\/#organization\",\"name\":\"Dicodusport\",\"url\":\"https:\/\/dicodusport.fr\/blog\/\",\"logo\":{\"@type\":\"ImageObject\",\"inLanguage\":\"fr-FR\",\"@id\":\"https:\/\/dicodusport.fr\/blog\/#\/schema\/logo\/image\/\",\"url\":\"https:\/\/dicodusport.fr\/blog\/wp-content\/uploads\/2020\/06\/cropped-LOGO-DICODUSPORT-2020-SANS-FOND-SANS-TEXTE.png\",\"contentUrl\":\"https:\/\/dicodusport.fr\/blog\/wp-content\/uploads\/2020\/06\/cropped-LOGO-DICODUSPORT-2020-SANS-FOND-SANS-TEXTE.png\",\"width\":512,\"height\":512,\"caption\":\"Dicodusport\"},\"image\":{\"@id\":\"https:\/\/dicodusport.fr\/blog\/#\/schema\/logo\/image\/\"},\"sameAs\":[\"https:\/\/www.facebook.com\/dicodusport\",\"https:\/\/x.com\/dicodusport\",\"https:\/\/www.instagram.com\/dicodusport\/\",\"https:\/\/www.youtube.com\/channel\/UC7V2KZ5sd3htJivAbA4ZG3w\"],\"description\":\"Dicodusport est l'encyclop\u00e9die de l'actualit\u00e9 sportive.\",\"email\":\"bonjour@dicodusport.fr\",\"legalName\":\"DICODUSPORT\",\"foundingDate\":\"2018-01-14\",\"vatID\":\"FR71834470973\",\"taxID\":\"83447097300043\",\"numberOfEmployees\":{\"@type\":\"QuantitativeValue\",\"minValue\":\"1\",\"maxValue\":\"10\"}},{\"@type\":\"Person\",\"@id\":\"https:\/\/dicodusport.fr\/blog\/#\/schema\/person\/cb02af4c173ce4a653b55e9baf388d4a\",\"name\":\"Flo Ostermann\",\"image\":{\"@type\":\"ImageObject\",\"inLanguage\":\"fr-FR\",\"@id\":\"https:\/\/dicodusport.fr\/blog\/#\/schema\/person\/image\/\",\"url\":\"https:\/\/dicodusport.fr\/blog\/wp-content\/uploads\/2021\/05\/Flo-Ostermann-150x150.jpg\",\"contentUrl\":\"https:\/\/dicodusport.fr\/blog\/wp-content\/uploads\/2021\/05\/Flo-Ostermann-150x150.jpg\",\"caption\":\"Flo Ostermann\"},\"description\":\"Journaliste\/R\u00e9dacteur depuis septembre 2015 - Mes premiers souvenirs dans le sport ? Les envol\u00e9es du Stade Toulousain et les duels Villeneuve-Schumacher et H\u00e4kkinen-Schumacher \u00e0 la fin des ann\u00e9es 90, la Coupe du monde de football en 1998, l\u2019exploit du XV de France face aux All Blacks en 1999, mais aussi Richard C\u0153ur de Lion qui vole sur les montagnes du Tour de France. Bien parti pour devenir professeur d\u2019EPS, les \u00e9v\u00e9nements de la vie (et la flemme d\u2019animer des s\u00e9ances de 3x500 m\u00e8tres toute ma vie) m\u2019ont conduit \u00e0 revoir mes plans. Me voil\u00e0 depuis fin 2017 sur Dicodusport, m\u00e9dia gr\u00e2ce (et pour) lequel je partage ma passion : le sport dans tous ses \u00e9tats. Le tout accompagn\u00e9 par les fous furieux et folles furieuses cit\u00e9s sur cette page !\",\"sameAs\":[\"https:\/\/www.facebook.com\/florent.ostermann\",\"https:\/\/x.com\/https:\/\/twitter.com\/FlOstermann\",\"admin\"],\"url\":\"https:\/\/dicodusport.fr\/blog\/author\/flo\/\"}]}<\/script>\n<!-- \/ Yoast SEO Premium plugin. -->","yoast_head_json":{"title":"Tour de France : Groenewegen, Offredo, bordure, ce qu'il faut retenir de la 7\u00e8me \u00e9tape","description":"Victoire de Dylan Groenewegen, devant Fernando Gaviria et Peter Sagan. Voici les 3 choses \u00e0 retenir de cette septi\u00e8me \u00e9tape.","robots":{"index":"index","follow":"follow","max-snippet":"max-snippet:-1","max-image-preview":"max-image-preview:large","max-video-preview":"max-video-preview:-1"},"canonical":"https:\/\/dicodusport.fr\/blog\/tour-de-france-groenewegen-offredo-bordure-ce-qu-il-faut-retenir-de-la-7eme-etape\/","og_locale":"fr_FR","og_type":"article","og_title":"Tour de France : Groenewegen, Offredo, bordure, ce qu'il faut retenir de la 7\u00e8me \u00e9tape","og_description":"Victoire de Dylan Groenewegen, devant Fernando Gaviria et Peter Sagan. Voici les 3 choses \u00e0 retenir de cette septi\u00e8me \u00e9tape.","og_url":"https:\/\/dicodusport.fr\/blog\/tour-de-france-groenewegen-offredo-bordure-ce-qu-il-faut-retenir-de-la-7eme-etape\/","og_site_name":"Dicodusport","article_publisher":"https:\/\/www.facebook.com\/dicodusport","article_author":"https:\/\/www.facebook.com\/florent.ostermann","article_published_time":"2018-07-13T16:16:56+00:00","article_modified_time":"2018-07-13T16:22:43+00:00","og_image":[{"width":800,"height":445,"url":"https:\/\/dicodusport.fr\/blog\/wp-content\/uploads\/2018\/07\/Dylan-Groenewegen.png","type":"image\/png"}],"author":"Flo Ostermann","twitter_card":"summary_large_image","twitter_creator":"@https:\/\/twitter.com\/FlOstermann","twitter_site":"@dicodusport","schema":{"@context":"https:\/\/schema.org","@graph":[{"@type":"NewsArticle","@id":"https:\/\/dicodusport.fr\/blog\/tour-de-france-groenewegen-offredo-bordure-ce-qu-il-faut-retenir-de-la-7eme-etape\/#article","isPartOf":{"@id":"https:\/\/dicodusport.fr\/blog\/tour-de-france-groenewegen-offredo-bordure-ce-qu-il-faut-retenir-de-la-7eme-etape\/"},"author":{"name":"Flo Ostermann","@id":"https:\/\/dicodusport.fr\/blog\/#\/schema\/person\/cb02af4c173ce4a653b55e9baf388d4a"},"headline":"Tour de France : Groenewegen, Offredo, bordure, ce qu&rsquo;il faut retenir de la 7\u00e8me \u00e9tape","datePublished":"2018-07-13T16:16:56+00:00","dateModified":"2018-07-13T16:22:43+00:00","mainEntityOfPage":{"@id":"https:\/\/dicodusport.fr\/blog\/tour-de-france-groenewegen-offredo-bordure-ce-qu-il-faut-retenir-de-la-7eme-etape\/"},"wordCount":304,"commentCount":0,"publisher":{"@id":"https:\/\/dicodusport.fr\/blog\/#organization"},"image":{"@id":"https:\/\/dicodusport.fr\/blog\/tour-de-france-groenewegen-offredo-bordure-ce-qu-il-faut-retenir-de-la-7eme-etape\/#primaryimage"},"thumbnailUrl":"https:\/\/dicodusport.fr\/blog\/wp-content\/uploads\/2018\/07\/Dylan-Groenewegen.png","keywords":["Cyclisme","Tour de France"],"articleSection":["Actualit\u00e9s","Cyclisme","Tour de France"],"inLanguage":"fr-FR","potentialAction":[{"@type":"CommentAction","name":"Comment","target":["https:\/\/dicodusport.fr\/blog\/tour-de-france-groenewegen-offredo-bordure-ce-qu-il-faut-retenir-de-la-7eme-etape\/#respond"]}],"copyrightYear":"2018","copyrightHolder":{"@id":"https:\/\/dicodusport.fr\/blog\/#organization"}},{"@type":"WebPage","@id":"https:\/\/dicodusport.fr\/blog\/tour-de-france-groenewegen-offredo-bordure-ce-qu-il-faut-retenir-de-la-7eme-etape\/","url":"https:\/\/dicodusport.fr\/blog\/tour-de-france-groenewegen-offredo-bordure-ce-qu-il-faut-retenir-de-la-7eme-etape\/","name":"Tour de France : Groenewegen, Offredo, bordure, ce qu'il faut retenir de la 7\u00e8me \u00e9tape","isPartOf":{"@id":"https:\/\/dicodusport.fr\/blog\/#website"},"primaryImageOfPage":{"@id":"https:\/\/dicodusport.fr\/blog\/tour-de-france-groenewegen-offredo-bordure-ce-qu-il-faut-retenir-de-la-7eme-etape\/#primaryimage"},"image":{"@id":"https:\/\/dicodusport.fr\/blog\/tour-de-france-groenewegen-offredo-bordure-ce-qu-il-faut-retenir-de-la-7eme-etape\/#primaryimage"},"thumbnailUrl":"https:\/\/dicodusport.fr\/blog\/wp-content\/uploads\/2018\/07\/Dylan-Groenewegen.png","datePublished":"2018-07-13T16:16:56+00:00","dateModified":"2018-07-13T16:22:43+00:00","description":"Victoire de Dylan Groenewegen, devant Fernando Gaviria et Peter Sagan. Voici les 3 choses \u00e0 retenir de cette septi\u00e8me \u00e9tape.","breadcrumb":{"@id":"https:\/\/dicodusport.fr\/blog\/tour-de-france-groenewegen-offredo-bordure-ce-qu-il-faut-retenir-de-la-7eme-etape\/#breadcrumb"},"inLanguage":"fr-FR","potentialAction":[{"@type":"ReadAction","target":["https:\/\/dicodusport.fr\/blog\/tour-de-france-groenewegen-offredo-bordure-ce-qu-il-faut-retenir-de-la-7eme-etape\/"]}]},{"@type":"ImageObject","inLanguage":"fr-FR","@id":"https:\/\/dicodusport.fr\/blog\/tour-de-france-groenewegen-offredo-bordure-ce-qu-il-faut-retenir-de-la-7eme-etape\/#primaryimage","url":"https:\/\/dicodusport.fr\/blog\/wp-content\/uploads\/2018\/07\/Dylan-Groenewegen.png","contentUrl":"https:\/\/dicodusport.fr\/blog\/wp-content\/uploads\/2018\/07\/Dylan-Groenewegen.png","width":800,"height":445,"caption":"Dylan Groenewegen"},{"@type":"BreadcrumbList","@id":"https:\/\/dicodusport.fr\/blog\/tour-de-france-groenewegen-offredo-bordure-ce-qu-il-faut-retenir-de-la-7eme-etape\/#breadcrumb","itemListElement":[{"@type":"ListItem","position":1,"name":"Accueil","item":"https:\/\/dicodusport.fr\/blog\/"},{"@type":"ListItem","position":2,"name":"Tour de France : Groenewegen, Offredo, bordure, ce qu&rsquo;il faut retenir de la 7\u00e8me \u00e9tape"}]},{"@type":"WebSite","@id":"https:\/\/dicodusport.fr\/blog\/#website","url":"https:\/\/dicodusport.fr\/blog\/","name":"Dicodusport","description":"L&#039;encyclop\u00e9die de l&#039;actualit\u00e9 sportive","publisher":{"@id":"https:\/\/dicodusport.fr\/blog\/#organization"},"potentialAction":[{"@type":"SearchAction","target":{"@type":"EntryPoint","urlTemplate":"https:\/\/dicodusport.fr\/blog\/?s={search_term_string}"},"query-input":{"@type":"PropertyValueSpecification","valueRequired":true,"valueName":"search_term_string"}}],"inLanguage":"fr-FR"},{"@type":"NewsMediaOrganization","@id":"https:\/\/dicodusport.fr\/blog\/#organization","name":"Dicodusport","url":"https:\/\/dicodusport.fr\/blog\/","logo":{"@type":"ImageObject","inLanguage":"fr-FR","@id":"https:\/\/dicodusport.fr\/blog\/#\/schema\/logo\/image\/","url":"https:\/\/dicodusport.fr\/blog\/wp-content\/uploads\/2020\/06\/cropped-LOGO-DICODUSPORT-2020-SANS-FOND-SANS-TEXTE.png","contentUrl":"https:\/\/dicodusport.fr\/blog\/wp-content\/uploads\/2020\/06\/cropped-LOGO-DICODUSPORT-2020-SANS-FOND-SANS-TEXTE.png","width":512,"height":512,"caption":"Dicodusport"},"image":{"@id":"https:\/\/dicodusport.fr\/blog\/#\/schema\/logo\/image\/"},"sameAs":["https:\/\/www.facebook.com\/dicodusport","https:\/\/x.com\/dicodusport","https:\/\/www.instagram.com\/dicodusport\/","https:\/\/www.youtube.com\/channel\/UC7V2KZ5sd3htJivAbA4ZG3w"],"description":"Dicodusport est l'encyclop\u00e9die de l'actualit\u00e9 sportive.","email":"bonjour@dicodusport.fr","legalName":"DICODUSPORT","foundingDate":"2018-01-14","vatID":"FR71834470973","taxID":"83447097300043","numberOfEmployees":{"@type":"QuantitativeValue","minValue":"1","maxValue":"10"}},{"@type":"Person","@id":"https:\/\/dicodusport.fr\/blog\/#\/schema\/person\/cb02af4c173ce4a653b55e9baf388d4a","name":"Flo Ostermann","image":{"@type":"ImageObject","inLanguage":"fr-FR","@id":"https:\/\/dicodusport.fr\/blog\/#\/schema\/person\/image\/","url":"https:\/\/dicodusport.fr\/blog\/wp-content\/uploads\/2021\/05\/Flo-Ostermann-150x150.jpg","contentUrl":"https:\/\/dicodusport.fr\/blog\/wp-content\/uploads\/2021\/05\/Flo-Ostermann-150x150.jpg","caption":"Flo Ostermann"},"description":"Journaliste\/R\u00e9dacteur depuis septembre 2015 - Mes premiers souvenirs dans le sport ? Les envol\u00e9es du Stade Toulousain et les duels Villeneuve-Schumacher et H\u00e4kkinen-Schumacher \u00e0 la fin des ann\u00e9es 90, la Coupe du monde de football en 1998, l\u2019exploit du XV de France face aux All Blacks en 1999, mais aussi Richard C\u0153ur de Lion qui vole sur les montagnes du Tour de France. Bien parti pour devenir professeur d\u2019EPS, les \u00e9v\u00e9nements de la vie (et la flemme d\u2019animer des s\u00e9ances de 3x500 m\u00e8tres toute ma vie) m\u2019ont conduit \u00e0 revoir mes plans. Me voil\u00e0 depuis fin 2017 sur Dicodusport, m\u00e9dia gr\u00e2ce (et pour) lequel je partage ma passion : le sport dans tous ses \u00e9tats. Le tout accompagn\u00e9 par les fous furieux et folles furieuses cit\u00e9s sur cette page !","sameAs":["https:\/\/www.facebook.com\/florent.ostermann","https:\/\/x.com\/https:\/\/twitter.com\/FlOstermann","admin"],"url":"https:\/\/dicodusport.fr\/blog\/author\/flo\/"}]}},"_links":{"self":[{"href":"https:\/\/dicodusport.fr\/blog\/wp-json\/wp\/v2\/posts\/21962","targetHints":{"allow":["GET"]}}],"collection":[{"href":"https:\/\/dicodusport.fr\/blog\/wp-json\/wp\/v2\/posts"}],"about":[{"href":"https:\/\/dicodusport.fr\/blog\/wp-json\/wp\/v2\/types\/post"}],"author":[{"embeddable":true,"href":"https:\/\/dicodusport.fr\/blog\/wp-json\/wp\/v2\/users\/4"}],"replies":[{"embeddable":true,"href":"https:\/\/dicodusport.fr\/blog\/wp-json\/wp\/v2\/comments?post=21962"}],"version-history":[{"count":0,"href":"https:\/\/dicodusport.fr\/blog\/wp-json\/wp\/v2\/posts\/21962\/revisions"}],"wp:featuredmedia":[{"embeddable":true,"href":"https:\/\/dicodusport.fr\/blog\/wp-json\/wp\/v2\/media\/22008"}],"wp:attachment":[{"href":"https:\/\/dicodusport.fr\/blog\/wp-json\/wp\/v2\/media?parent=21962"}],"wp:term":[{"taxonomy":"category","embeddable":true,"href":"https:\/\/dicodusport.fr\/blog\/wp-json\/wp\/v2\/categories?post=21962"},{"taxonomy":"post_tag","embeddable":true,"href":"https:\/\/dicodusport.fr\/blog\/wp-json\/wp\/v2\/tags?post=21962"}],"curies":[{"name":"wp","href":"https:\/\/api.w.org\/{rel}","templated":true}]}}