{"id":22038,"date":"2018-07-14T16:32:20","date_gmt":"2018-07-14T14:32:20","guid":{"rendered":"http:\/\/dicodusport.fr\/blog\/?p=22038"},"modified":"2018-07-14T17:12:18","modified_gmt":"2018-07-14T15:12:18","slug":"tour-de-france-groenewegen-dan-martin-ennui-ce-qu-il-faut-retenir-de-la-8eme-etape","status":"publish","type":"post","link":"https:\/\/dicodusport.fr\/blog\/tour-de-france-groenewegen-dan-martin-ennui-ce-qu-il-faut-retenir-de-la-8eme-etape\/","title":{"rendered":"Tour de France : Groenewegen, Dan Martin, ennui, ce qu&rsquo;il faut retenir de la 8\u00e8me \u00e9tape"},"content":{"rendered":"<p style=\"text-align: justify;\"><strong><em>Victoire de Dylan Groenewegen, devant Peter Sagan et John Degenkolb. Voici les 3 choses \u00e0 retenir de cette huiti\u00e8me \u00e9tape.<\/em><\/strong><\/p>\n<p style=\"text-align: justify;\"><strong>La passe de 2 pour Groenewegen : <\/strong>Dylan Groenewegen double la mise apr\u00e8s s&rsquo;\u00eatre impos\u00e9 hier \u00e0 Chartres. Le sprinteur n\u00e9erlandais a \u00e9t\u00e9 surpuissant pour devancer Andr\u00e9 Greipel et Fernando Gaviria. Ces deux derniers ont finalement \u00e9t\u00e9 d\u00e9class\u00e9s \u00e0 cause d&rsquo;un sprint houleux durant lequel l&rsquo;Allemand et le Colombien se sont donn\u00e9s des coups de casque. Quatri\u00e8me place pour Peter Sagan, qui a lanc\u00e9 de (trop) loin son sprint. Arnaud D\u00e9mare, r\u00e9gional de l&rsquo;\u00e9tape, prend la 7\u00e8me place apr\u00e8s avoir perdu les roues de son train \u00e0 deux kilom\u00e8tres de l&rsquo;arriv\u00e9e.<\/p>\n<p style=\"text-align: justify;\"><strong><span class=\"st\">L&rsquo;ennui, encore <\/span>:\u00a0<\/strong>Le sc\u00e9nario attendu a bien eu lieu vers Amiens aujourd&rsquo;hui. 14 juillet oblige, un coureur tricolore s&rsquo;est montr\u00e9, avec Fabien Grellier (Direct Energie), accompagn\u00e9 du N\u00e9erlandais Marco Minnaard (Wanty-Groupe Gobert). Le duo a pris la poudre d&rsquo;escampette \u00e0 158 km de l&rsquo;arriv\u00e9e, aid\u00e9 par Laurens Ten Dam (Sunweb). Ce dernier s&rsquo;\u00e9tant finalement relev\u00e9, Grellier et Minnaard ont donc pass\u00e9 la journ\u00e9e en t\u00eate, avant de se faire reprendre \u00e0 moins de 10 km de l&rsquo;arriv\u00e9e. A part \u00e7a, la sensation d&rsquo;ennui qui perdure depuis le d\u00e9part, samedi dernier. D&rsquo;ailleurs, certains coureurs du peloton commencent \u00e0 trouver le temps long, comme par exemple Alejandro Valverde (Movistar), pour qui ce genre d&rsquo;\u00e9tape n&rsquo;a <em>\u00ab aucun sens \u00bb<\/em>. On ne le contredira pas.<\/p>\n<p style=\"text-align: justify;\"><strong><span class=\"st\">Dan Martin \u00e0 terre <\/span>:\u00a0<\/strong>Brillant vainqueur \u00e0 M\u00fbr-de-Bretagne et s\u00e9rieux outsider pour le classement g\u00e9n\u00e9ral, l&rsquo;Irlandais Dan Martin (UAE Emirates) a \u00e9t\u00e9 pris dans une chute \u00e0 17 km de l&rsquo;arriv\u00e9e. Une nouvelle fois plac\u00e9e \u00e0 l&rsquo;arri\u00e8re du peloton, il est tomb\u00e9 assez s\u00e9rieusement et a perdu beaucoup de temps, 1&rsquo;17\u00a0\u00bb pr\u00e9cis\u00e9ment. Autre victime de cette chute, Julian Alaphilippe. Cons\u00e9quence, le vainqueur de la Fl\u00e8che Wallonne cette ann\u00e9e sort du Top 10 ce soir.<\/p>\n<p><em><strong>F<\/strong><\/em><em><strong>lo Ostermann<br \/>\n<a href=\"https:\/\/www.facebook.com\/florent.ostermann\"><img loading=\"lazy\" decoding=\"async\" class=\"alignnone wp-image-2909\" src=\"http:\/\/dicodusport.fr\/blog\/wp-content\/uploads\/2017\/07\/logo-facebook-150x150.png\" sizes=\"auto, (max-width: 40px) 100vw, 40px\" srcset=\"https:\/\/dicodusport.fr\/blog\/wp-content\/uploads\/2017\/07\/logo-facebook-150x150.png 150w, https:\/\/dicodusport.fr\/blog\/wp-content\/uploads\/2017\/07\/logo-facebook-300x300.png 300w, https:\/\/dicodusport.fr\/blog\/wp-content\/uploads\/2017\/07\/logo-facebook.png 400w\" alt=\"\" width=\"40\" height=\"40\" \/><\/a><a href=\"https:\/\/twitter.com\/SportInsideMag\"><img loading=\"lazy\" decoding=\"async\" class=\"alignnone wp-image-2908\" src=\"http:\/\/dicodusport.fr\/blog\/wp-content\/uploads\/2017\/07\/logo-twitter-150x150.png\" alt=\"\" width=\"39\" height=\"39\" \/><\/a><\/strong><\/em><\/p>\n","protected":false},"excerpt":{"rendered":"<p>Victoire de Dylan Groenewegen, devant Peter Sagan et John Degenkolb. Voici les 3 choses \u00e0 retenir de cette huiti\u00e8me \u00e9tape.<\/p>\n","protected":false},"author":4,"featured_media":22039,"comment_status":"open","ping_status":"closed","sticky":false,"template":"","format":"standard","meta":{"_acf_changed":false,"_daextam_enable_autolinks":"","footnotes":""},"categories":[2,2307,46995],"tags":[1731,574,1262],"class_list":["post-22038","post","type-post","status-publish","format-standard","has-post-thumbnail","hentry","category-actualites","category-cyclisme","category-tour-de-france","tag-amiens","tag-cyclisme","tag-tour-de-france"],"acf":[],"yoast_head":"<!-- This site is optimized with the Yoast SEO Premium plugin v26.7 (Yoast SEO v26.7) - https:\/\/yoast.com\/wordpress\/plugins\/seo\/ -->\n<title>Tour de France : Groenewegen, Dan Martin, ennui, ce qu&#039;il faut retenir de la 8\u00e8me \u00e9tape<\/title>\n<meta name=\"description\" content=\"Victoire de Dylan Groenewegen, devant Peter Sagan et John Degenkolb. Voici les 3 choses \u00e0 retenir de cette huiti\u00e8me \u00e9tape.\" \/>\n<meta name=\"robots\" content=\"index, follow, max-snippet:-1, max-image-preview:large, max-video-preview:-1\" \/>\n<link rel=\"canonical\" href=\"https:\/\/dicodusport.fr\/blog\/tour-de-france-groenewegen-dan-martin-ennui-ce-qu-il-faut-retenir-de-la-8eme-etape\/\" \/>\n<meta property=\"og:locale\" content=\"fr_FR\" \/>\n<meta property=\"og:type\" content=\"article\" \/>\n<meta property=\"og:title\" content=\"Tour de France : Groenewegen, Dan Martin, ennui, ce qu&#039;il faut retenir de la 8\u00e8me \u00e9tape\" \/>\n<meta property=\"og:description\" content=\"Victoire de Dylan Groenewegen, devant Peter Sagan et John Degenkolb. Voici les 3 choses \u00e0 retenir de cette huiti\u00e8me \u00e9tape.\" \/>\n<meta property=\"og:url\" content=\"https:\/\/dicodusport.fr\/blog\/tour-de-france-groenewegen-dan-martin-ennui-ce-qu-il-faut-retenir-de-la-8eme-etape\/\" \/>\n<meta property=\"og:site_name\" content=\"Dicodusport\" \/>\n<meta property=\"article:publisher\" content=\"https:\/\/www.facebook.com\/dicodusport\" \/>\n<meta property=\"article:author\" content=\"https:\/\/www.facebook.com\/florent.ostermann\" \/>\n<meta property=\"article:published_time\" content=\"2018-07-14T14:32:20+00:00\" \/>\n<meta property=\"article:modified_time\" content=\"2018-07-14T15:12:18+00:00\" \/>\n<meta property=\"og:image\" content=\"https:\/\/dicodusport.fr\/blog\/wp-content\/uploads\/2018\/07\/Groenewegen-8\u00e8me-\u00e9tape.png\" \/>\n\t<meta property=\"og:image:width\" content=\"800\" \/>\n\t<meta property=\"og:image:height\" content=\"445\" \/>\n\t<meta property=\"og:image:type\" content=\"image\/png\" \/>\n<meta name=\"author\" content=\"Flo Ostermann\" \/>\n<meta name=\"twitter:card\" content=\"summary_large_image\" \/>\n<meta name=\"twitter:creator\" content=\"@https:\/\/twitter.com\/FlOstermann\" \/>\n<meta name=\"twitter:site\" content=\"@dicodusport\" \/>\n<script type=\"application\/ld+json\" class=\"yoast-schema-graph\">{\"@context\":\"https:\/\/schema.org\",\"@graph\":[{\"@type\":\"NewsArticle\",\"@id\":\"https:\/\/dicodusport.fr\/blog\/tour-de-france-groenewegen-dan-martin-ennui-ce-qu-il-faut-retenir-de-la-8eme-etape\/#article\",\"isPartOf\":{\"@id\":\"https:\/\/dicodusport.fr\/blog\/tour-de-france-groenewegen-dan-martin-ennui-ce-qu-il-faut-retenir-de-la-8eme-etape\/\"},\"author\":{\"name\":\"Flo Ostermann\",\"@id\":\"https:\/\/dicodusport.fr\/blog\/#\/schema\/person\/cb02af4c173ce4a653b55e9baf388d4a\"},\"headline\":\"Tour de France : Groenewegen, Dan Martin, ennui, ce qu&rsquo;il faut retenir de la 8\u00e8me \u00e9tape\",\"datePublished\":\"2018-07-14T14:32:20+00:00\",\"dateModified\":\"2018-07-14T15:12:18+00:00\",\"mainEntityOfPage\":{\"@id\":\"https:\/\/dicodusport.fr\/blog\/tour-de-france-groenewegen-dan-martin-ennui-ce-qu-il-faut-retenir-de-la-8eme-etape\/\"},\"wordCount\":355,\"commentCount\":0,\"publisher\":{\"@id\":\"https:\/\/dicodusport.fr\/blog\/#organization\"},\"image\":{\"@id\":\"https:\/\/dicodusport.fr\/blog\/tour-de-france-groenewegen-dan-martin-ennui-ce-qu-il-faut-retenir-de-la-8eme-etape\/#primaryimage\"},\"thumbnailUrl\":\"https:\/\/dicodusport.fr\/blog\/wp-content\/uploads\/2018\/07\/Groenewegen-8\u00e8me-\u00e9tape.png\",\"keywords\":[\"Amiens\",\"Cyclisme\",\"Tour de France\"],\"articleSection\":[\"Actualit\u00e9s\",\"Cyclisme\",\"Tour de France\"],\"inLanguage\":\"fr-FR\",\"potentialAction\":[{\"@type\":\"CommentAction\",\"name\":\"Comment\",\"target\":[\"https:\/\/dicodusport.fr\/blog\/tour-de-france-groenewegen-dan-martin-ennui-ce-qu-il-faut-retenir-de-la-8eme-etape\/#respond\"]}],\"copyrightYear\":\"2018\",\"copyrightHolder\":{\"@id\":\"https:\/\/dicodusport.fr\/blog\/#organization\"}},{\"@type\":\"WebPage\",\"@id\":\"https:\/\/dicodusport.fr\/blog\/tour-de-france-groenewegen-dan-martin-ennui-ce-qu-il-faut-retenir-de-la-8eme-etape\/\",\"url\":\"https:\/\/dicodusport.fr\/blog\/tour-de-france-groenewegen-dan-martin-ennui-ce-qu-il-faut-retenir-de-la-8eme-etape\/\",\"name\":\"Tour de France : Groenewegen, Dan Martin, ennui, ce qu'il faut retenir de la 8\u00e8me \u00e9tape\",\"isPartOf\":{\"@id\":\"https:\/\/dicodusport.fr\/blog\/#website\"},\"primaryImageOfPage\":{\"@id\":\"https:\/\/dicodusport.fr\/blog\/tour-de-france-groenewegen-dan-martin-ennui-ce-qu-il-faut-retenir-de-la-8eme-etape\/#primaryimage\"},\"image\":{\"@id\":\"https:\/\/dicodusport.fr\/blog\/tour-de-france-groenewegen-dan-martin-ennui-ce-qu-il-faut-retenir-de-la-8eme-etape\/#primaryimage\"},\"thumbnailUrl\":\"https:\/\/dicodusport.fr\/blog\/wp-content\/uploads\/2018\/07\/Groenewegen-8\u00e8me-\u00e9tape.png\",\"datePublished\":\"2018-07-14T14:32:20+00:00\",\"dateModified\":\"2018-07-14T15:12:18+00:00\",\"description\":\"Victoire de Dylan Groenewegen, devant Peter Sagan et John Degenkolb. Voici les 3 choses \u00e0 retenir de cette huiti\u00e8me \u00e9tape.\",\"breadcrumb\":{\"@id\":\"https:\/\/dicodusport.fr\/blog\/tour-de-france-groenewegen-dan-martin-ennui-ce-qu-il-faut-retenir-de-la-8eme-etape\/#breadcrumb\"},\"inLanguage\":\"fr-FR\",\"potentialAction\":[{\"@type\":\"ReadAction\",\"target\":[\"https:\/\/dicodusport.fr\/blog\/tour-de-france-groenewegen-dan-martin-ennui-ce-qu-il-faut-retenir-de-la-8eme-etape\/\"]}]},{\"@type\":\"ImageObject\",\"inLanguage\":\"fr-FR\",\"@id\":\"https:\/\/dicodusport.fr\/blog\/tour-de-france-groenewegen-dan-martin-ennui-ce-qu-il-faut-retenir-de-la-8eme-etape\/#primaryimage\",\"url\":\"https:\/\/dicodusport.fr\/blog\/wp-content\/uploads\/2018\/07\/Groenewegen-8\u00e8me-\u00e9tape.png\",\"contentUrl\":\"https:\/\/dicodusport.fr\/blog\/wp-content\/uploads\/2018\/07\/Groenewegen-8\u00e8me-\u00e9tape.png\",\"width\":800,\"height\":445,\"caption\":\"Groenewegen 8\u00e8me \u00e9tape\"},{\"@type\":\"BreadcrumbList\",\"@id\":\"https:\/\/dicodusport.fr\/blog\/tour-de-france-groenewegen-dan-martin-ennui-ce-qu-il-faut-retenir-de-la-8eme-etape\/#breadcrumb\",\"itemListElement\":[{\"@type\":\"ListItem\",\"position\":1,\"name\":\"Accueil\",\"item\":\"https:\/\/dicodusport.fr\/blog\/\"},{\"@type\":\"ListItem\",\"position\":2,\"name\":\"Tour de France : Groenewegen, Dan Martin, ennui, ce qu&rsquo;il faut retenir de la 8\u00e8me \u00e9tape\"}]},{\"@type\":\"WebSite\",\"@id\":\"https:\/\/dicodusport.fr\/blog\/#website\",\"url\":\"https:\/\/dicodusport.fr\/blog\/\",\"name\":\"Dicodusport\",\"description\":\"L&#039;encyclop\u00e9die de l&#039;actualit\u00e9 sportive\",\"publisher\":{\"@id\":\"https:\/\/dicodusport.fr\/blog\/#organization\"},\"potentialAction\":[{\"@type\":\"SearchAction\",\"target\":{\"@type\":\"EntryPoint\",\"urlTemplate\":\"https:\/\/dicodusport.fr\/blog\/?s={search_term_string}\"},\"query-input\":{\"@type\":\"PropertyValueSpecification\",\"valueRequired\":true,\"valueName\":\"search_term_string\"}}],\"inLanguage\":\"fr-FR\"},{\"@type\":\"NewsMediaOrganization\",\"@id\":\"https:\/\/dicodusport.fr\/blog\/#organization\",\"name\":\"Dicodusport\",\"url\":\"https:\/\/dicodusport.fr\/blog\/\",\"logo\":{\"@type\":\"ImageObject\",\"inLanguage\":\"fr-FR\",\"@id\":\"https:\/\/dicodusport.fr\/blog\/#\/schema\/logo\/image\/\",\"url\":\"https:\/\/dicodusport.fr\/blog\/wp-content\/uploads\/2020\/06\/cropped-LOGO-DICODUSPORT-2020-SANS-FOND-SANS-TEXTE.png\",\"contentUrl\":\"https:\/\/dicodusport.fr\/blog\/wp-content\/uploads\/2020\/06\/cropped-LOGO-DICODUSPORT-2020-SANS-FOND-SANS-TEXTE.png\",\"width\":512,\"height\":512,\"caption\":\"Dicodusport\"},\"image\":{\"@id\":\"https:\/\/dicodusport.fr\/blog\/#\/schema\/logo\/image\/\"},\"sameAs\":[\"https:\/\/www.facebook.com\/dicodusport\",\"https:\/\/x.com\/dicodusport\",\"https:\/\/www.instagram.com\/dicodusport\/\",\"https:\/\/www.youtube.com\/channel\/UC7V2KZ5sd3htJivAbA4ZG3w\"],\"description\":\"Dicodusport est l'encyclop\u00e9die de l'actualit\u00e9 sportive.\",\"email\":\"bonjour@dicodusport.fr\",\"legalName\":\"DICODUSPORT\",\"foundingDate\":\"2018-01-14\",\"vatID\":\"FR71834470973\",\"taxID\":\"83447097300043\",\"numberOfEmployees\":{\"@type\":\"QuantitativeValue\",\"minValue\":\"1\",\"maxValue\":\"10\"}},{\"@type\":\"Person\",\"@id\":\"https:\/\/dicodusport.fr\/blog\/#\/schema\/person\/cb02af4c173ce4a653b55e9baf388d4a\",\"name\":\"Flo Ostermann\",\"image\":{\"@type\":\"ImageObject\",\"inLanguage\":\"fr-FR\",\"@id\":\"https:\/\/dicodusport.fr\/blog\/#\/schema\/person\/image\/\",\"url\":\"https:\/\/dicodusport.fr\/blog\/wp-content\/uploads\/2021\/05\/Flo-Ostermann-150x150.jpg\",\"contentUrl\":\"https:\/\/dicodusport.fr\/blog\/wp-content\/uploads\/2021\/05\/Flo-Ostermann-150x150.jpg\",\"caption\":\"Flo Ostermann\"},\"description\":\"Journaliste\/R\u00e9dacteur depuis septembre 2015 - Mes premiers souvenirs dans le sport ? Les envol\u00e9es du Stade Toulousain et les duels Villeneuve-Schumacher et H\u00e4kkinen-Schumacher \u00e0 la fin des ann\u00e9es 90, la Coupe du monde de football en 1998, l\u2019exploit du XV de France face aux All Blacks en 1999, mais aussi Richard C\u0153ur de Lion qui vole sur les montagnes du Tour de France. Bien parti pour devenir professeur d\u2019EPS, les \u00e9v\u00e9nements de la vie (et la flemme d\u2019animer des s\u00e9ances de 3x500 m\u00e8tres toute ma vie) m\u2019ont conduit \u00e0 revoir mes plans. Me voil\u00e0 depuis fin 2017 sur Dicodusport, m\u00e9dia gr\u00e2ce (et pour) lequel je partage ma passion : le sport dans tous ses \u00e9tats. Le tout accompagn\u00e9 par les fous furieux et folles furieuses cit\u00e9s sur cette page !\",\"sameAs\":[\"https:\/\/www.facebook.com\/florent.ostermann\",\"https:\/\/x.com\/https:\/\/twitter.com\/FlOstermann\",\"admin\"],\"url\":\"https:\/\/dicodusport.fr\/blog\/author\/flo\/\"}]}<\/script>\n<!-- \/ Yoast SEO Premium plugin. -->","yoast_head_json":{"title":"Tour de France : Groenewegen, Dan Martin, ennui, ce qu'il faut retenir de la 8\u00e8me \u00e9tape","description":"Victoire de Dylan Groenewegen, devant Peter Sagan et John Degenkolb. Voici les 3 choses \u00e0 retenir de cette huiti\u00e8me \u00e9tape.","robots":{"index":"index","follow":"follow","max-snippet":"max-snippet:-1","max-image-preview":"max-image-preview:large","max-video-preview":"max-video-preview:-1"},"canonical":"https:\/\/dicodusport.fr\/blog\/tour-de-france-groenewegen-dan-martin-ennui-ce-qu-il-faut-retenir-de-la-8eme-etape\/","og_locale":"fr_FR","og_type":"article","og_title":"Tour de France : Groenewegen, Dan Martin, ennui, ce qu'il faut retenir de la 8\u00e8me \u00e9tape","og_description":"Victoire de Dylan Groenewegen, devant Peter Sagan et John Degenkolb. Voici les 3 choses \u00e0 retenir de cette huiti\u00e8me \u00e9tape.","og_url":"https:\/\/dicodusport.fr\/blog\/tour-de-france-groenewegen-dan-martin-ennui-ce-qu-il-faut-retenir-de-la-8eme-etape\/","og_site_name":"Dicodusport","article_publisher":"https:\/\/www.facebook.com\/dicodusport","article_author":"https:\/\/www.facebook.com\/florent.ostermann","article_published_time":"2018-07-14T14:32:20+00:00","article_modified_time":"2018-07-14T15:12:18+00:00","og_image":[{"width":800,"height":445,"url":"https:\/\/dicodusport.fr\/blog\/wp-content\/uploads\/2018\/07\/Groenewegen-8\u00e8me-\u00e9tape.png","type":"image\/png"}],"author":"Flo Ostermann","twitter_card":"summary_large_image","twitter_creator":"@https:\/\/twitter.com\/FlOstermann","twitter_site":"@dicodusport","schema":{"@context":"https:\/\/schema.org","@graph":[{"@type":"NewsArticle","@id":"https:\/\/dicodusport.fr\/blog\/tour-de-france-groenewegen-dan-martin-ennui-ce-qu-il-faut-retenir-de-la-8eme-etape\/#article","isPartOf":{"@id":"https:\/\/dicodusport.fr\/blog\/tour-de-france-groenewegen-dan-martin-ennui-ce-qu-il-faut-retenir-de-la-8eme-etape\/"},"author":{"name":"Flo Ostermann","@id":"https:\/\/dicodusport.fr\/blog\/#\/schema\/person\/cb02af4c173ce4a653b55e9baf388d4a"},"headline":"Tour de France : Groenewegen, Dan Martin, ennui, ce qu&rsquo;il faut retenir de la 8\u00e8me \u00e9tape","datePublished":"2018-07-14T14:32:20+00:00","dateModified":"2018-07-14T15:12:18+00:00","mainEntityOfPage":{"@id":"https:\/\/dicodusport.fr\/blog\/tour-de-france-groenewegen-dan-martin-ennui-ce-qu-il-faut-retenir-de-la-8eme-etape\/"},"wordCount":355,"commentCount":0,"publisher":{"@id":"https:\/\/dicodusport.fr\/blog\/#organization"},"image":{"@id":"https:\/\/dicodusport.fr\/blog\/tour-de-france-groenewegen-dan-martin-ennui-ce-qu-il-faut-retenir-de-la-8eme-etape\/#primaryimage"},"thumbnailUrl":"https:\/\/dicodusport.fr\/blog\/wp-content\/uploads\/2018\/07\/Groenewegen-8\u00e8me-\u00e9tape.png","keywords":["Amiens","Cyclisme","Tour de France"],"articleSection":["Actualit\u00e9s","Cyclisme","Tour de France"],"inLanguage":"fr-FR","potentialAction":[{"@type":"CommentAction","name":"Comment","target":["https:\/\/dicodusport.fr\/blog\/tour-de-france-groenewegen-dan-martin-ennui-ce-qu-il-faut-retenir-de-la-8eme-etape\/#respond"]}],"copyrightYear":"2018","copyrightHolder":{"@id":"https:\/\/dicodusport.fr\/blog\/#organization"}},{"@type":"WebPage","@id":"https:\/\/dicodusport.fr\/blog\/tour-de-france-groenewegen-dan-martin-ennui-ce-qu-il-faut-retenir-de-la-8eme-etape\/","url":"https:\/\/dicodusport.fr\/blog\/tour-de-france-groenewegen-dan-martin-ennui-ce-qu-il-faut-retenir-de-la-8eme-etape\/","name":"Tour de France : Groenewegen, Dan Martin, ennui, ce qu'il faut retenir de la 8\u00e8me \u00e9tape","isPartOf":{"@id":"https:\/\/dicodusport.fr\/blog\/#website"},"primaryImageOfPage":{"@id":"https:\/\/dicodusport.fr\/blog\/tour-de-france-groenewegen-dan-martin-ennui-ce-qu-il-faut-retenir-de-la-8eme-etape\/#primaryimage"},"image":{"@id":"https:\/\/dicodusport.fr\/blog\/tour-de-france-groenewegen-dan-martin-ennui-ce-qu-il-faut-retenir-de-la-8eme-etape\/#primaryimage"},"thumbnailUrl":"https:\/\/dicodusport.fr\/blog\/wp-content\/uploads\/2018\/07\/Groenewegen-8\u00e8me-\u00e9tape.png","datePublished":"2018-07-14T14:32:20+00:00","dateModified":"2018-07-14T15:12:18+00:00","description":"Victoire de Dylan Groenewegen, devant Peter Sagan et John Degenkolb. Voici les 3 choses \u00e0 retenir de cette huiti\u00e8me \u00e9tape.","breadcrumb":{"@id":"https:\/\/dicodusport.fr\/blog\/tour-de-france-groenewegen-dan-martin-ennui-ce-qu-il-faut-retenir-de-la-8eme-etape\/#breadcrumb"},"inLanguage":"fr-FR","potentialAction":[{"@type":"ReadAction","target":["https:\/\/dicodusport.fr\/blog\/tour-de-france-groenewegen-dan-martin-ennui-ce-qu-il-faut-retenir-de-la-8eme-etape\/"]}]},{"@type":"ImageObject","inLanguage":"fr-FR","@id":"https:\/\/dicodusport.fr\/blog\/tour-de-france-groenewegen-dan-martin-ennui-ce-qu-il-faut-retenir-de-la-8eme-etape\/#primaryimage","url":"https:\/\/dicodusport.fr\/blog\/wp-content\/uploads\/2018\/07\/Groenewegen-8\u00e8me-\u00e9tape.png","contentUrl":"https:\/\/dicodusport.fr\/blog\/wp-content\/uploads\/2018\/07\/Groenewegen-8\u00e8me-\u00e9tape.png","width":800,"height":445,"caption":"Groenewegen 8\u00e8me \u00e9tape"},{"@type":"BreadcrumbList","@id":"https:\/\/dicodusport.fr\/blog\/tour-de-france-groenewegen-dan-martin-ennui-ce-qu-il-faut-retenir-de-la-8eme-etape\/#breadcrumb","itemListElement":[{"@type":"ListItem","position":1,"name":"Accueil","item":"https:\/\/dicodusport.fr\/blog\/"},{"@type":"ListItem","position":2,"name":"Tour de France : Groenewegen, Dan Martin, ennui, ce qu&rsquo;il faut retenir de la 8\u00e8me \u00e9tape"}]},{"@type":"WebSite","@id":"https:\/\/dicodusport.fr\/blog\/#website","url":"https:\/\/dicodusport.fr\/blog\/","name":"Dicodusport","description":"L&#039;encyclop\u00e9die de l&#039;actualit\u00e9 sportive","publisher":{"@id":"https:\/\/dicodusport.fr\/blog\/#organization"},"potentialAction":[{"@type":"SearchAction","target":{"@type":"EntryPoint","urlTemplate":"https:\/\/dicodusport.fr\/blog\/?s={search_term_string}"},"query-input":{"@type":"PropertyValueSpecification","valueRequired":true,"valueName":"search_term_string"}}],"inLanguage":"fr-FR"},{"@type":"NewsMediaOrganization","@id":"https:\/\/dicodusport.fr\/blog\/#organization","name":"Dicodusport","url":"https:\/\/dicodusport.fr\/blog\/","logo":{"@type":"ImageObject","inLanguage":"fr-FR","@id":"https:\/\/dicodusport.fr\/blog\/#\/schema\/logo\/image\/","url":"https:\/\/dicodusport.fr\/blog\/wp-content\/uploads\/2020\/06\/cropped-LOGO-DICODUSPORT-2020-SANS-FOND-SANS-TEXTE.png","contentUrl":"https:\/\/dicodusport.fr\/blog\/wp-content\/uploads\/2020\/06\/cropped-LOGO-DICODUSPORT-2020-SANS-FOND-SANS-TEXTE.png","width":512,"height":512,"caption":"Dicodusport"},"image":{"@id":"https:\/\/dicodusport.fr\/blog\/#\/schema\/logo\/image\/"},"sameAs":["https:\/\/www.facebook.com\/dicodusport","https:\/\/x.com\/dicodusport","https:\/\/www.instagram.com\/dicodusport\/","https:\/\/www.youtube.com\/channel\/UC7V2KZ5sd3htJivAbA4ZG3w"],"description":"Dicodusport est l'encyclop\u00e9die de l'actualit\u00e9 sportive.","email":"bonjour@dicodusport.fr","legalName":"DICODUSPORT","foundingDate":"2018-01-14","vatID":"FR71834470973","taxID":"83447097300043","numberOfEmployees":{"@type":"QuantitativeValue","minValue":"1","maxValue":"10"}},{"@type":"Person","@id":"https:\/\/dicodusport.fr\/blog\/#\/schema\/person\/cb02af4c173ce4a653b55e9baf388d4a","name":"Flo Ostermann","image":{"@type":"ImageObject","inLanguage":"fr-FR","@id":"https:\/\/dicodusport.fr\/blog\/#\/schema\/person\/image\/","url":"https:\/\/dicodusport.fr\/blog\/wp-content\/uploads\/2021\/05\/Flo-Ostermann-150x150.jpg","contentUrl":"https:\/\/dicodusport.fr\/blog\/wp-content\/uploads\/2021\/05\/Flo-Ostermann-150x150.jpg","caption":"Flo Ostermann"},"description":"Journaliste\/R\u00e9dacteur depuis septembre 2015 - Mes premiers souvenirs dans le sport ? Les envol\u00e9es du Stade Toulousain et les duels Villeneuve-Schumacher et H\u00e4kkinen-Schumacher \u00e0 la fin des ann\u00e9es 90, la Coupe du monde de football en 1998, l\u2019exploit du XV de France face aux All Blacks en 1999, mais aussi Richard C\u0153ur de Lion qui vole sur les montagnes du Tour de France. Bien parti pour devenir professeur d\u2019EPS, les \u00e9v\u00e9nements de la vie (et la flemme d\u2019animer des s\u00e9ances de 3x500 m\u00e8tres toute ma vie) m\u2019ont conduit \u00e0 revoir mes plans. Me voil\u00e0 depuis fin 2017 sur Dicodusport, m\u00e9dia gr\u00e2ce (et pour) lequel je partage ma passion : le sport dans tous ses \u00e9tats. Le tout accompagn\u00e9 par les fous furieux et folles furieuses cit\u00e9s sur cette page !","sameAs":["https:\/\/www.facebook.com\/florent.ostermann","https:\/\/x.com\/https:\/\/twitter.com\/FlOstermann","admin"],"url":"https:\/\/dicodusport.fr\/blog\/author\/flo\/"}]}},"_links":{"self":[{"href":"https:\/\/dicodusport.fr\/blog\/wp-json\/wp\/v2\/posts\/22038","targetHints":{"allow":["GET"]}}],"collection":[{"href":"https:\/\/dicodusport.fr\/blog\/wp-json\/wp\/v2\/posts"}],"about":[{"href":"https:\/\/dicodusport.fr\/blog\/wp-json\/wp\/v2\/types\/post"}],"author":[{"embeddable":true,"href":"https:\/\/dicodusport.fr\/blog\/wp-json\/wp\/v2\/users\/4"}],"replies":[{"embeddable":true,"href":"https:\/\/dicodusport.fr\/blog\/wp-json\/wp\/v2\/comments?post=22038"}],"version-history":[{"count":0,"href":"https:\/\/dicodusport.fr\/blog\/wp-json\/wp\/v2\/posts\/22038\/revisions"}],"wp:featuredmedia":[{"embeddable":true,"href":"https:\/\/dicodusport.fr\/blog\/wp-json\/wp\/v2\/media\/22039"}],"wp:attachment":[{"href":"https:\/\/dicodusport.fr\/blog\/wp-json\/wp\/v2\/media?parent=22038"}],"wp:term":[{"taxonomy":"category","embeddable":true,"href":"https:\/\/dicodusport.fr\/blog\/wp-json\/wp\/v2\/categories?post=22038"},{"taxonomy":"post_tag","embeddable":true,"href":"https:\/\/dicodusport.fr\/blog\/wp-json\/wp\/v2\/tags?post=22038"}],"curies":[{"name":"wp","href":"https:\/\/api.w.org\/{rel}","templated":true}]}}