{"id":220656,"date":"2022-05-05T09:23:24","date_gmt":"2022-05-05T07:23:24","guid":{"rendered":"https:\/\/dicodusport.fr\/blog\/?p=220656&#038;preview=true&#038;preview_id=220656"},"modified":"2022-05-05T14:53:33","modified_gmt":"2022-05-05T12:53:33","slug":"tour-ditalie-2022-les-favoris-du-maillot-cyclamen-pour-le-classement-par-points","status":"publish","type":"post","link":"https:\/\/dicodusport.fr\/blog\/tour-ditalie-2022-les-favoris-du-maillot-cyclamen-pour-le-classement-par-points\/","title":{"rendered":"Tour d&rsquo;Italie 2022 : Les favoris du maillot cyclamen pour le classement par points"},"content":{"rendered":"<p style=\"text-align: justify;\"><strong><em><a href=\"https:\/\/dicodusport.fr\/blog\/actualites\/cyclisme\/cyclisme-sur-route-2022\/\">CYCLISME SUR ROUTE 2022<\/a> &#8211; La 105\u00e8me \u00e9dition du Giro, le Tour d&rsquo;Italie 2022, d\u00e9marre ce vendredi 6 mai 2022. D\u00e9couvrez les pr\u00e9tendants au maillot du classement par points.<br \/>\n<\/em><\/strong><\/p>\n<p style=\"text-align: justify;\">Le <strong>maillot cyclamen<\/strong> (qui a \u00e9t\u00e9 rouge de 2010 \u00e0 2016), sponsoris\u00e9 par la marque de caf\u00e9 Segafredo, est apparu en 1966 et r\u00e9compense le leader du classement par points. Comme sur le Tour de France, il y a une diff\u00e9renciation dans l&rsquo;attribution des points entre les diff\u00e9rents types d&rsquo;\u00e9tape, \u00e0 la fois sur les arriv\u00e9es et lors des sprints interm\u00e9diaires. Le record de victoires dans ce classement revient aux deux l\u00e9gendes du cyclisme italien <strong>Giuseppe Saronni<\/strong> et <strong>Francesco Moser<\/strong> avec quatre succ\u00e8s. La France a remport\u00e9 ce maillot \u00e0 trois reprises avec <strong>Arnaud D\u00e9mare<\/strong> (2020), <strong>Nacer Bouhanni<\/strong> (2014) et <strong>Laurent Jalabert<\/strong> (1999).<\/p>\n<div id=\"attachment_221140\" style=\"width: 750px\" class=\"wp-caption aligncenter\"><a href=\"https:\/\/dicodusport.fr\/blog\/wp-content\/uploads\/2022\/05\/Arnaud-Demare-et-le-maillot-cyclamen-en-2020-scaled.jpg\"><img loading=\"lazy\" decoding=\"async\" aria-describedby=\"caption-attachment-221140\" class=\"size-large wp-image-221140\" src=\"https:\/\/dicodusport.fr\/blog\/wp-content\/uploads\/2022\/05\/Arnaud-Demare-et-le-maillot-cyclamen-en-2020-1024x683.jpg\" alt=\"Arnaud D\u00e9mare et le maillot cyclamen en 2020\" width=\"740\" height=\"494\" srcset=\"https:\/\/dicodusport.fr\/blog\/wp-content\/uploads\/2022\/05\/Arnaud-Demare-et-le-maillot-cyclamen-en-2020-1024x683.jpg 1024w, https:\/\/dicodusport.fr\/blog\/wp-content\/uploads\/2022\/05\/Arnaud-Demare-et-le-maillot-cyclamen-en-2020-300x200.jpg 300w, https:\/\/dicodusport.fr\/blog\/wp-content\/uploads\/2022\/05\/Arnaud-Demare-et-le-maillot-cyclamen-en-2020-768x512.jpg 768w, https:\/\/dicodusport.fr\/blog\/wp-content\/uploads\/2022\/05\/Arnaud-Demare-et-le-maillot-cyclamen-en-2020-1536x1024.jpg 1536w, https:\/\/dicodusport.fr\/blog\/wp-content\/uploads\/2022\/05\/Arnaud-Demare-et-le-maillot-cyclamen-en-2020-2048x1365.jpg 2048w\" sizes=\"auto, (max-width: 740px) 100vw, 740px\" \/><\/a><p id=\"caption-attachment-221140\" class=\"wp-caption-text\">Arnaud D\u00e9mare et le maillot cyclamen en 2020 &#8211; Icon Sport<\/p><\/div>\n<h2 style=\"text-align: justify;\">Le bar\u00e8me<\/h2>\n<p style=\"text-align: justify;\"><span class=\"tojvnm2t a6sixzi8 abs2jz4q a8s20v7p t1p8iaqh k5wvi7nf q3lfd5jv pk4s997a bipmatt0 cebpdrjk qowsmv63 owwhemhu dp1hu0rb dhp61c6y iyyx5f41\"><strong>\u00c9tapes de plaine (\u00c9tape 1, 3, 5, 6, 11, 13, 18)<\/strong><br \/>\n<\/span><span class=\"tojvnm2t a6sixzi8 abs2jz4q a8s20v7p t1p8iaqh k5wvi7nf q3lfd5jv pk4s997a bipmatt0 cebpdrjk qowsmv63 owwhemhu dp1hu0rb dhp61c6y iyyx5f41\">\u00c0 l&rsquo;arriv\u00e9e : 50 \u2013 35 \u2013 25 \u2013 18 \u2013 14 \u2013 12 \u2013 10 \u2013 8 \u2013 7 \u2013 6 \u2013 5 \u2013 4 \u2013 3 \u2013 2 \u2013 1.<\/span><\/p>\n<p style=\"text-align: justify;\"><span class=\"tojvnm2t a6sixzi8 abs2jz4q a8s20v7p t1p8iaqh k5wvi7nf q3lfd5jv pk4s997a bipmatt0 cebpdrjk qowsmv63 owwhemhu dp1hu0rb dhp61c6y iyyx5f41\"><strong>\u00c9tapes vallonn\u00e9es (\u00c9tape 7, 8, 10, 12, 14, 19)<\/strong><br \/>\n<\/span><span class=\"tojvnm2t a6sixzi8 abs2jz4q a8s20v7p t1p8iaqh k5wvi7nf q3lfd5jv pk4s997a bipmatt0 cebpdrjk qowsmv63 owwhemhu dp1hu0rb dhp61c6y iyyx5f41\">\u00c0 l&rsquo;arriv\u00e9e : 25 \u2013 18 \u2013 12 \u2013 8 \u2013 6 \u2013 5 \u2013 4 \u2013 3 \u2013 2 \u2013 1.<\/span><\/p>\n<p style=\"text-align: justify;\"><span class=\"tojvnm2t a6sixzi8 abs2jz4q a8s20v7p t1p8iaqh k5wvi7nf q3lfd5jv pk4s997a bipmatt0 cebpdrjk qowsmv63 owwhemhu dp1hu0rb dhp61c6y iyyx5f41\"><strong>\u00c9tapes de montagne et contre-la-montre individuel (montagne \u00e9tape 4, 9, 15, 16, 17, 20 &amp; contre-la-montre \u00e9tape 2, 21)<\/strong><br \/>\n<\/span><span class=\"tojvnm2t a6sixzi8 abs2jz4q a8s20v7p t1p8iaqh k5wvi7nf q3lfd5jv pk4s997a bipmatt0 cebpdrjk qowsmv63 owwhemhu dp1hu0rb dhp61c6y iyyx5f41\">\u00c0 l&rsquo;arriv\u00e9e : 15 \u2013 12 \u2013 9 \u2013 7 \u2013 6 \u2013 5 \u2013 4 \u2013 3 \u2013 2 \u2013 1.<\/span><\/p>\n<p style=\"text-align: justify;\"><strong><span class=\"tojvnm2t a6sixzi8 abs2jz4q a8s20v7p t1p8iaqh k5wvi7nf q3lfd5jv pk4s997a bipmatt0 cebpdrjk qowsmv63 owwhemhu dp1hu0rb dhp61c6y iyyx5f41\">Sprints interm\u00e9diaires 12 \u2013 8 \u2013 6 \u2013 5 \u2013 4 \u2013 3 \u2013 2 \u2013 1<\/span><\/strong><\/p>\n<h2 style=\"text-align: justify;\">Les pr\u00e9tendants<\/h2>\n<p style=\"text-align: justify;\"><span class=\"d2edcug0 hpfvmrgz qv66sw1b c1et5uql lr9zc1uh a8c37x1j fe6kdd0r mau55g9w c8b282yb keod5gw0 nxhoafnm aigsh9s9 d3f4x2em iv3no6db jq4qci2q a3bd9o3v b1v8xokw oo9gr5id hzawbc8m\" dir=\"auto\">Trois types de coureurs pourront se disputer le maillot cyclamen sur cette 105\u00e8me \u00e9dition. D&rsquo;abord, les coureurs polyvalents capables de marquer des points sur de nombreux terrains. Tr\u00e8s en vue sur le dernier Tour de France en portant le maillot jaune, <strong>Mathieu van der Poel<\/strong> est un tr\u00e8s bon sprinteur avec d&rsquo;excellentes capacit\u00e9s de puncheur, sans oublier son \u00e9tat d&rsquo;esprit offensif. N\u00e9anmoins, contrairement \u00e0 la Grande Boucle, le vainqueur du Ronde va devoir passer la haute montagne sans encombre. Vainqueur de 4 classements par points sur La Vuelta, <strong>Alejandro Valverde<\/strong> a toujours un punch exceptionnel, avec des capacit\u00e9s pour r\u00e9gler un petit groupe apr\u00e8s une \u00e9tape difficile, sans oublier qu&rsquo;il reste un tr\u00e8s bon grimpeur. Il pourrait d&rsquo;ailleurs \u00e9galement jouer le classement de la montagne.<\/span><\/p>\n<p><span class=\"gC9PIGp2kOtGB2lr5E0eCDF8K8JQaV1J7BNyH3fYFdQtHbZ664mXRvX0xO9wjpTvqdwLnzonU5YuAoaASerE\"><\/p>\n<blockquote class=\"wp-embedded-content\" data-secret=\"UjWHsmMLko\"><p><a href=\"https:\/\/dicodusport.fr\/blog\/tour-d-italie-2022-favoris-maillot-bleu-classement-montagne\/\">Tour d&rsquo;Italie 2022 : Les favoris pour le maillot bleu du classement de la montagne<\/a><\/p><\/blockquote>\n<p><iframe loading=\"lazy\" class=\"wp-embedded-content\" sandbox=\"allow-scripts\" security=\"restricted\" style=\"position: absolute; clip: rect(1px, 1px, 1px, 1px);\" title=\"\u00ab\u00a0Tour d&rsquo;Italie 2022 : Les favoris pour le maillot bleu du classement de la montagne\u00a0\u00bb &#8212; Dicodusport\" src=\"https:\/\/dicodusport.fr\/blog\/tour-d-italie-2022-favoris-maillot-bleu-classement-montagne\/embed\/#?secret=EiAaHeY5Vz#?secret=UjWHsmMLko\" data-secret=\"UjWHsmMLko\" width=\"600\" height=\"338\" frameborder=\"0\" marginwidth=\"0\" marginheight=\"0\" scrolling=\"no\"><\/iframe><\/span><\/p>\n<p style=\"text-align: justify;\"><span class=\"d2edcug0 hpfvmrgz qv66sw1b c1et5uql lr9zc1uh a8c37x1j fe6kdd0r mau55g9w c8b282yb keod5gw0 nxhoafnm aigsh9s9 d3f4x2em iv3no6db jq4qci2q a3bd9o3v b1v8xokw oo9gr5id hzawbc8m\" dir=\"auto\">Solide sprinteur mais aussi baroudeur sur tous les profils (sauf la haute montagne) <strong>Magnus Cort Nielsen<\/strong> a \u00e9t\u00e9 un des grands noms de la derni\u00e8re Vuelta, avec trois succ\u00e8s d&rsquo;\u00e9tape ainsi que le classement de la combativit\u00e9, en \u00e9tant le plus fort des \u00e9chapp\u00e9s ou le plus rapide d&rsquo;un petit groupe. Le vainqueur de Gand-Wevelgem, <strong>Biniam Girmay<\/strong>, d\u00e9couvrira les routes du Tour d&rsquo;Italie. R\u00e9cemment prolong\u00e9 jusqu&rsquo;en 2026 par Intermarch\u00e9 &#8211; Wanty Gobert, le coureur \u00e9rythr\u00e9en a un profil tr\u00e8s proche de celui du Mathieu van der Poel, en allant chercher des gros points dans les sprints massifs et en brillant sur les \u00e9tapes vallonn\u00e9es. <strong>Andrea Vendrame <\/strong>a un profil pour viser ce type de classement, puisqu&rsquo;il peut marquer des points en plaine et sur les \u00e9tapes vallonn\u00e9es, en allant, pourquoi pas, dans les \u00e9chapp\u00e9es.<br \/>\n<\/span><\/p>\n<h3 style=\"text-align: justify;\">Les purs sprinteurs ont-ils une chance ?<\/h3>\n<p style=\"text-align: justify;\">Ensuite, avec un nombre de points tr\u00e8s important sur les \u00e9tapes de plaine, les sprinteurs seront \u00e9galement des s\u00e9rieux pr\u00e9tendants \u00e0 ce maillot distinctif. <span class=\"d2edcug0 hpfvmrgz qv66sw1b c1et5uql lr9zc1uh a8c37x1j fe6kdd0r mau55g9w c8b282yb keod5gw0 nxhoafnm aigsh9s9 d3f4x2em iv3no6db jq4qci2q a3bd9o3v b1v8xokw oo9gr5id hzawbc8m\" dir=\"auto\"><strong>Arnaud D\u00e9mare<\/strong> a remport\u00e9 ce maillot en 2020 gr\u00e2ce \u00e0 ses quatre succ\u00e8s d&rsquo;\u00e9tape. Malheureusement, depuis<\/span>, le Picard n&rsquo;a pas retrouv\u00e9 de sa superbe. Mais s&rsquo;il d\u00e9bloque rapidement son compteur, la confiance engrang\u00e9e pourrait lui permettre de prendre un maximum de points. Laur\u00e9at \u00e0 deux reprises en 2015 et en 2016 de ce maillot, <span class=\"d2edcug0 hpfvmrgz qv66sw1b c1et5uql lr9zc1uh a8c37x1j fe6kdd0r mau55g9w c8b282yb keod5gw0 nxhoafnm aigsh9s9 d3f4x2em iv3no6db jq4qci2q a3bd9o3v b1v8xokw oo9gr5id hzawbc8m\" dir=\"auto\"><strong>Giacomo Nizzolo<\/strong> a enfin trouv\u00e9 l&rsquo;ouverture en 2021 pour remporter une \u00e9tape sur son Tour national. Tr\u00e8s r\u00e9gulier, le sprinteur italien terminera sans doute les trois semaines de comp\u00e9tition. <span class=\"tojvnm2t a6sixzi8 abs2jz4q a8s20v7p t1p8iaqh k5wvi7nf q3lfd5jv pk4s997a bipmatt0 cebpdrjk qowsmv63 owwhemhu dp1hu0rb dhp61c6y iyyx5f41\">Nizzolo s&rsquo;est cass\u00e9 le poignet \u00e0 Milan-San Remo et a ax\u00e9 sa pr\u00e9paration pour le Giro, avec une participation au Grand Prix de Francfort et sur le Tour des Alpes.<\/span> <\/span><\/p>\n<p style=\"text-align: justify;\"><span class=\"d2edcug0 hpfvmrgz qv66sw1b c1et5uql lr9zc1uh a8c37x1j fe6kdd0r mau55g9w c8b282yb keod5gw0 nxhoafnm aigsh9s9 d3f4x2em iv3no6db jq4qci2q a3bd9o3v b1v8xokw oo9gr5id hzawbc8m\" dir=\"auto\">Grand chasseur d&rsquo;\u00e9tapes, <strong>Caleb Ewan<\/strong> (5 bouquets en carri\u00e8re) et <strong>Mark Cavendish<\/strong> (vainqueur de 15 \u00e9tapes) devraient quitter la course au bout de deux semaines. Surtout que la Lotto Soudal est en qu\u00eate de points pour se maintenir en World Tour et pourrait envoyer son sprinteur australien sur d&rsquo;autres courses rapidement apr\u00e8s le Giro. <span class=\"tojvnm2t a6sixzi8 abs2jz4q a8s20v7p t1p8iaqh k5wvi7nf q3lfd5jv pk4s997a bipmatt0 cebpdrjk qowsmv63 owwhemhu dp1hu0rb dhp61c6y iyyx5f41\">En raison de maladie, Ewan a d\u00fb manquer Milan-San Remo. Il a alors \u00e9t\u00e9 d\u00e9cid\u00e9 de pr\u00e9parer le Giro en passant par le Tour de Turquie, o\u00f9 il s&rsquo;est impos\u00e9 \u00e0 deux reprises.<\/span> Du c\u00f4t\u00e9 de Cavendish, le sprinteur britannique devrait voir sa route barr\u00e9e sur le Tour par Fabio Jakobsen. <span class=\"tojvnm2t a6sixzi8 abs2jz4q a8s20v7p t1p8iaqh k5wvi7nf q3lfd5jv pk4s997a bipmatt0 cebpdrjk qowsmv63 owwhemhu dp1hu0rb dhp61c6y iyyx5f41\"><em>Le Cav&rsquo;<\/em> a d\u00e9j\u00e0 d\u00e9croch\u00e9 trois victoires cette ann\u00e9e avec une \u00e9tape du Tour d&rsquo;Oman, une \u00e9tape de l&rsquo;UAE Tour et la classique Milan-Turin.<\/span> N\u00e9anmoins, la haute montagne pourrait lui barrer la route de V\u00e9rone. Dans un profil plus puncheur, <strong>Diego Ulissi <\/strong>a d\u00e9j\u00e0 glan\u00e9 8 bouquets sur le Tour d&rsquo;Italie, mais sera attel\u00e9 \u00e0 aider Joao Almeida.<br \/>\n<\/span><\/p>\n<p style=\"text-align: justify;\"><span class=\"tojvnm2t a6sixzi8 abs2jz4q a8s20v7p t1p8iaqh k5wvi7nf q3lfd5jv pk4s997a bipmatt0 cebpdrjk qowsmv63 owwhemhu dp1hu0rb dhp61c6y iyyx5f41\">D\u00e9cevant avec qu&rsquo;un seul bouquet, <strong>Phil Bauhaus<\/strong> tentera de s&rsquo;imposer au sprint au sein d&rsquo;une \u00e9quipe articul\u00e9e pour le g\u00e9n\u00e9ral. <strong>Fernando Gaviria<\/strong> se trouvera dans la m\u00eame situation chez UAE Team Emirates. Apr\u00e8s deux mois de convalescence en raison d&rsquo;une fracture de la clavicule, Gaviria a manqu\u00e9 de jus en Romandie mais a termin\u00e9 deuxi\u00e8me \u00e0 Francfort. Dans l&rsquo;\u00e9dition 2021, <strong>Davide Cimolai<\/strong> a \u00e9t\u00e9 le seul \u00e0 pouvoir menacer Sagan gr\u00e2ce \u00e0 sa r\u00e9gularit\u00e9. Cimolai a peu perform\u00e9 \u00e0 l&rsquo;approche du Giro au sein de sa nouvelle \u00e9quipe Cofidis. Il n&rsquo;a termin\u00e9 que quatri\u00e8me lors de la derni\u00e8re \u00e9tape de Tirreno-Adriatico.<\/span><\/p>\n<p style=\"text-align: justify;\">Enfin, avec ses nombreuses \u00e9tapes vallonn\u00e9es et de montagne, un des pr\u00e9tendants au classement g\u00e9n\u00e9ral serait un envisageable vainqueur de ce classement surtout avec de nombreux succ\u00e8s d&rsquo;\u00e9tape et places d&rsquo;honneur. <span class=\"d2edcug0 hpfvmrgz qv66sw1b c1et5uql lr9zc1uh a8c37x1j fe6kdd0r mau55g9w c8b282yb keod5gw0 nxhoafnm aigsh9s9 d3f4x2em iv3no6db jq4qci2q a3bd9o3v b1v8xokw oo9gr5id hzawbc8m\" dir=\"auto\"><strong>Simon Yates<\/strong> a un profil tr\u00e8s int\u00e9ressant avec un gros punch, en plus d&rsquo;\u00eatre un excellent grimpeur. <strong>Miguel Angel L\u00f3pez<\/strong>, <strong>Mikel Landa<\/strong> (s&rsquo;il a trouv\u00e9 le chat noir) et <strong>Richard Carapaz<\/strong> seront \u00e9galement \u00e0 suivre, surtout ce dernier. Le coureur \u00e9quatorien a montr\u00e9 une grande solidit\u00e9 face \u00e0 des cadors comme Primoz Roglic, sur le Tour d&rsquo;Espagne et Tadej Pogacar, sur le Tour de France.<br \/>\n<\/span><\/p>\n<h2 style=\"text-align: justify;\">\u00c0 lire aussi<\/h2>\n<ul>\n<li style=\"text-align: justify;\"><a href=\"https:\/\/dicodusport.fr\/blog\/les-engages-du-tour-italie-2022\/\" target=\"_blank\" rel=\"noopener\"><strong>Les engag\u00e9s du Tour d&rsquo;Italie 2022<\/strong><\/a><\/li>\n<li style=\"text-align: justify;\"><a href=\"https:\/\/dicodusport.fr\/blog\/tour-italie-2022-le-profil-des-21-etapes\/\" target=\"_blank\" rel=\"noopener\"><b>Le profil des 21 \u00e9tapes du Tour d&rsquo;Italie 2022<\/b><\/a><\/li>\n<\/ul>\n","protected":false},"excerpt":{"rendered":"<p>CYCLISME SUR ROUTE 2022 &#8211; La 105\u00e8me \u00e9dition du Giro, le Tour d&rsquo;Italie 2022, d\u00e9marre ce vendredi 6 mai 2022. D\u00e9couvrez les pr\u00e9tendants au maillot du classement par points.<\/p>\n","protected":false},"author":48,"featured_media":221139,"comment_status":"open","ping_status":"closed","sticky":false,"template":"","format":"standard","meta":{"_acf_changed":false,"_daextam_enable_autolinks":"","footnotes":""},"categories":[47041],"tags":[4722],"class_list":["post-220656","post","type-post","status-publish","format-standard","has-post-thumbnail","hentry","category-tour-d-italie","tag-tour-ditalie"],"acf":[],"yoast_head":"<!-- This site is optimized with the Yoast SEO Premium plugin v26.7 (Yoast SEO v26.7) - https:\/\/yoast.com\/wordpress\/plugins\/seo\/ -->\n<title>Tour d&#039;Italie 2022 : Les favoris du maillot cyclamen pour le classement par points<\/title>\n<meta name=\"description\" content=\"La 105\u00e8me \u00e9dition du Giro, le Tour d&#039;Italie 2022, d\u00e9marre ce vendredi 6 mai 2022. Les favoris au maillot du classement par points.\" \/>\n<meta name=\"robots\" content=\"index, follow, max-snippet:-1, max-image-preview:large, max-video-preview:-1\" \/>\n<link rel=\"canonical\" href=\"https:\/\/dicodusport.fr\/blog\/tour-ditalie-2022-les-favoris-du-maillot-cyclamen-pour-le-classement-par-points\/\" \/>\n<meta property=\"og:locale\" content=\"fr_FR\" \/>\n<meta property=\"og:type\" content=\"article\" \/>\n<meta property=\"og:title\" content=\"Tour d&#039;Italie 2022 : Les favoris du maillot cyclamen pour le classement par points\" \/>\n<meta property=\"og:description\" content=\"La 105\u00e8me \u00e9dition du Giro, le Tour d&#039;Italie 2022, d\u00e9marre ce vendredi 6 mai 2022. Les favoris au maillot du classement par points.\" \/>\n<meta property=\"og:url\" content=\"https:\/\/dicodusport.fr\/blog\/tour-ditalie-2022-les-favoris-du-maillot-cyclamen-pour-le-classement-par-points\/\" \/>\n<meta property=\"og:site_name\" content=\"Dicodusport\" \/>\n<meta property=\"article:publisher\" content=\"https:\/\/www.facebook.com\/dicodusport\" \/>\n<meta property=\"article:author\" content=\"https:\/\/www.facebook.com\/groups\/LesRoisDuPeloton\" \/>\n<meta property=\"article:published_time\" content=\"2022-05-05T07:23:24+00:00\" \/>\n<meta property=\"article:modified_time\" content=\"2022-05-05T12:53:33+00:00\" \/>\n<meta property=\"og:image\" content=\"https:\/\/dicodusport.fr\/blog\/wp-content\/uploads\/2022\/05\/Tour-dItalie-2022-Les-favoris-du-maillot-cyclamen-pour-le-classement-par-points.png\" \/>\n\t<meta property=\"og:image:width\" content=\"800\" \/>\n\t<meta property=\"og:image:height\" content=\"445\" \/>\n\t<meta property=\"og:image:type\" content=\"image\/png\" \/>\n<meta name=\"author\" content=\"Emilien Descampiaux\" \/>\n<meta name=\"twitter:card\" content=\"summary_large_image\" \/>\n<meta name=\"twitter:title\" content=\"Tour d&#039;Italie 2022 : Les favoris du maillot cyclamen pour le classement par points\" \/>\n<meta name=\"twitter:creator\" content=\"@https:\/\/twitter.com\/LRoisDuPeloton\" \/>\n<meta name=\"twitter:site\" content=\"@dicodusport\" \/>\n<script type=\"application\/ld+json\" class=\"yoast-schema-graph\">{\"@context\":\"https:\/\/schema.org\",\"@graph\":[{\"@type\":\"NewsArticle\",\"@id\":\"https:\/\/dicodusport.fr\/blog\/tour-ditalie-2022-les-favoris-du-maillot-cyclamen-pour-le-classement-par-points\/#article\",\"isPartOf\":{\"@id\":\"https:\/\/dicodusport.fr\/blog\/tour-ditalie-2022-les-favoris-du-maillot-cyclamen-pour-le-classement-par-points\/\"},\"author\":{\"name\":\"Emilien Descampiaux\",\"@id\":\"https:\/\/dicodusport.fr\/blog\/#\/schema\/person\/6db4bae06b171592211be385b32876a7\"},\"headline\":\"Tour d&rsquo;Italie 2022 : Les favoris du maillot cyclamen pour le classement par points\",\"datePublished\":\"2022-05-05T07:23:24+00:00\",\"dateModified\":\"2022-05-05T12:53:33+00:00\",\"mainEntityOfPage\":{\"@id\":\"https:\/\/dicodusport.fr\/blog\/tour-ditalie-2022-les-favoris-du-maillot-cyclamen-pour-le-classement-par-points\/\"},\"wordCount\":1061,\"commentCount\":0,\"publisher\":{\"@id\":\"https:\/\/dicodusport.fr\/blog\/#organization\"},\"image\":{\"@id\":\"https:\/\/dicodusport.fr\/blog\/tour-ditalie-2022-les-favoris-du-maillot-cyclamen-pour-le-classement-par-points\/#primaryimage\"},\"thumbnailUrl\":\"https:\/\/dicodusport.fr\/blog\/wp-content\/uploads\/2022\/05\/Tour-dItalie-2022-Les-favoris-du-maillot-cyclamen-pour-le-classement-par-points.png\",\"keywords\":[\"Tour d'Italie\"],\"articleSection\":[\"Tour d'Italie\"],\"inLanguage\":\"fr-FR\",\"potentialAction\":[{\"@type\":\"CommentAction\",\"name\":\"Comment\",\"target\":[\"https:\/\/dicodusport.fr\/blog\/tour-ditalie-2022-les-favoris-du-maillot-cyclamen-pour-le-classement-par-points\/#respond\"]}],\"copyrightYear\":\"2022\",\"copyrightHolder\":{\"@id\":\"https:\/\/dicodusport.fr\/blog\/#organization\"}},{\"@type\":\"WebPage\",\"@id\":\"https:\/\/dicodusport.fr\/blog\/tour-ditalie-2022-les-favoris-du-maillot-cyclamen-pour-le-classement-par-points\/\",\"url\":\"https:\/\/dicodusport.fr\/blog\/tour-ditalie-2022-les-favoris-du-maillot-cyclamen-pour-le-classement-par-points\/\",\"name\":\"Tour d'Italie 2022 : Les favoris du maillot cyclamen pour le classement par points\",\"isPartOf\":{\"@id\":\"https:\/\/dicodusport.fr\/blog\/#website\"},\"primaryImageOfPage\":{\"@id\":\"https:\/\/dicodusport.fr\/blog\/tour-ditalie-2022-les-favoris-du-maillot-cyclamen-pour-le-classement-par-points\/#primaryimage\"},\"image\":{\"@id\":\"https:\/\/dicodusport.fr\/blog\/tour-ditalie-2022-les-favoris-du-maillot-cyclamen-pour-le-classement-par-points\/#primaryimage\"},\"thumbnailUrl\":\"https:\/\/dicodusport.fr\/blog\/wp-content\/uploads\/2022\/05\/Tour-dItalie-2022-Les-favoris-du-maillot-cyclamen-pour-le-classement-par-points.png\",\"datePublished\":\"2022-05-05T07:23:24+00:00\",\"dateModified\":\"2022-05-05T12:53:33+00:00\",\"description\":\"La 105\u00e8me \u00e9dition du Giro, le Tour d'Italie 2022, d\u00e9marre ce vendredi 6 mai 2022. Les favoris au maillot du classement par points.\",\"breadcrumb\":{\"@id\":\"https:\/\/dicodusport.fr\/blog\/tour-ditalie-2022-les-favoris-du-maillot-cyclamen-pour-le-classement-par-points\/#breadcrumb\"},\"inLanguage\":\"fr-FR\",\"potentialAction\":[{\"@type\":\"ReadAction\",\"target\":[\"https:\/\/dicodusport.fr\/blog\/tour-ditalie-2022-les-favoris-du-maillot-cyclamen-pour-le-classement-par-points\/\"]}]},{\"@type\":\"ImageObject\",\"inLanguage\":\"fr-FR\",\"@id\":\"https:\/\/dicodusport.fr\/blog\/tour-ditalie-2022-les-favoris-du-maillot-cyclamen-pour-le-classement-par-points\/#primaryimage\",\"url\":\"https:\/\/dicodusport.fr\/blog\/wp-content\/uploads\/2022\/05\/Tour-dItalie-2022-Les-favoris-du-maillot-cyclamen-pour-le-classement-par-points.png\",\"contentUrl\":\"https:\/\/dicodusport.fr\/blog\/wp-content\/uploads\/2022\/05\/Tour-dItalie-2022-Les-favoris-du-maillot-cyclamen-pour-le-classement-par-points.png\",\"width\":800,\"height\":445,\"caption\":\"Tour d'Italie 2022 Les favoris du maillot cyclamen pour le classement par points\"},{\"@type\":\"BreadcrumbList\",\"@id\":\"https:\/\/dicodusport.fr\/blog\/tour-ditalie-2022-les-favoris-du-maillot-cyclamen-pour-le-classement-par-points\/#breadcrumb\",\"itemListElement\":[{\"@type\":\"ListItem\",\"position\":1,\"name\":\"Accueil\",\"item\":\"https:\/\/dicodusport.fr\/blog\/\"},{\"@type\":\"ListItem\",\"position\":2,\"name\":\"Tour d&rsquo;Italie 2022 : Les favoris du maillot cyclamen pour le classement par points\"}]},{\"@type\":\"WebSite\",\"@id\":\"https:\/\/dicodusport.fr\/blog\/#website\",\"url\":\"https:\/\/dicodusport.fr\/blog\/\",\"name\":\"Dicodusport\",\"description\":\"L&#039;encyclop\u00e9die de l&#039;actualit\u00e9 sportive\",\"publisher\":{\"@id\":\"https:\/\/dicodusport.fr\/blog\/#organization\"},\"potentialAction\":[{\"@type\":\"SearchAction\",\"target\":{\"@type\":\"EntryPoint\",\"urlTemplate\":\"https:\/\/dicodusport.fr\/blog\/?s={search_term_string}\"},\"query-input\":{\"@type\":\"PropertyValueSpecification\",\"valueRequired\":true,\"valueName\":\"search_term_string\"}}],\"inLanguage\":\"fr-FR\"},{\"@type\":\"NewsMediaOrganization\",\"@id\":\"https:\/\/dicodusport.fr\/blog\/#organization\",\"name\":\"Dicodusport\",\"url\":\"https:\/\/dicodusport.fr\/blog\/\",\"logo\":{\"@type\":\"ImageObject\",\"inLanguage\":\"fr-FR\",\"@id\":\"https:\/\/dicodusport.fr\/blog\/#\/schema\/logo\/image\/\",\"url\":\"https:\/\/dicodusport.fr\/blog\/wp-content\/uploads\/2020\/06\/cropped-LOGO-DICODUSPORT-2020-SANS-FOND-SANS-TEXTE.png\",\"contentUrl\":\"https:\/\/dicodusport.fr\/blog\/wp-content\/uploads\/2020\/06\/cropped-LOGO-DICODUSPORT-2020-SANS-FOND-SANS-TEXTE.png\",\"width\":512,\"height\":512,\"caption\":\"Dicodusport\"},\"image\":{\"@id\":\"https:\/\/dicodusport.fr\/blog\/#\/schema\/logo\/image\/\"},\"sameAs\":[\"https:\/\/www.facebook.com\/dicodusport\",\"https:\/\/x.com\/dicodusport\",\"https:\/\/www.instagram.com\/dicodusport\/\",\"https:\/\/www.youtube.com\/channel\/UC7V2KZ5sd3htJivAbA4ZG3w\"],\"description\":\"Dicodusport est l'encyclop\u00e9die de l'actualit\u00e9 sportive.\",\"email\":\"bonjour@dicodusport.fr\",\"legalName\":\"DICODUSPORT\",\"foundingDate\":\"2018-01-14\",\"vatID\":\"FR71834470973\",\"taxID\":\"83447097300043\",\"numberOfEmployees\":{\"@type\":\"QuantitativeValue\",\"minValue\":\"1\",\"maxValue\":\"10\"}},{\"@type\":\"Person\",\"@id\":\"https:\/\/dicodusport.fr\/blog\/#\/schema\/person\/6db4bae06b171592211be385b32876a7\",\"name\":\"Emilien Descampiaux\",\"image\":{\"@type\":\"ImageObject\",\"inLanguage\":\"fr-FR\",\"@id\":\"https:\/\/dicodusport.fr\/blog\/#\/schema\/person\/image\/\",\"url\":\"https:\/\/dicodusport.fr\/blog\/wp-content\/uploads\/2021\/05\/Emilien-Descampiaux-150x150.jpg\",\"contentUrl\":\"https:\/\/dicodusport.fr\/blog\/wp-content\/uploads\/2021\/05\/Emilien-Descampiaux-150x150.jpg\",\"caption\":\"Emilien Descampiaux\"},\"description\":\"Journaliste\/r\u00e9dacteur depuis 2014 - Fan de la classe de Frank Vandenbroucke, je vis cyclisme (et de ses paysages) depuis plus de 20 ans. Je suis tr\u00e8s impliqu\u00e9 sur mes diff\u00e9rents r\u00e9seaux sociaux pour partager ma passion sur le monde et l'Histoire de la bicyclette avec ma voix sur les images en noir et blanc du succ\u00e8s de Rik Van Steenbergen lors du Ronde sur le V\u00e9lodrome de Gand.\",\"sameAs\":[\"https:\/\/www.facebook.com\/groups\/LesRoisDuPeloton\",\"https:\/\/x.com\/https:\/\/twitter.com\/LRoisDuPeloton\"],\"url\":\"https:\/\/dicodusport.fr\/blog\/author\/emiliend\/\"}]}<\/script>\n<!-- \/ Yoast SEO Premium plugin. -->","yoast_head_json":{"title":"Tour d'Italie 2022 : Les favoris du maillot cyclamen pour le classement par points","description":"La 105\u00e8me \u00e9dition du Giro, le Tour d'Italie 2022, d\u00e9marre ce vendredi 6 mai 2022. Les favoris au maillot du classement par points.","robots":{"index":"index","follow":"follow","max-snippet":"max-snippet:-1","max-image-preview":"max-image-preview:large","max-video-preview":"max-video-preview:-1"},"canonical":"https:\/\/dicodusport.fr\/blog\/tour-ditalie-2022-les-favoris-du-maillot-cyclamen-pour-le-classement-par-points\/","og_locale":"fr_FR","og_type":"article","og_title":"Tour d'Italie 2022 : Les favoris du maillot cyclamen pour le classement par points","og_description":"La 105\u00e8me \u00e9dition du Giro, le Tour d'Italie 2022, d\u00e9marre ce vendredi 6 mai 2022. Les favoris au maillot du classement par points.","og_url":"https:\/\/dicodusport.fr\/blog\/tour-ditalie-2022-les-favoris-du-maillot-cyclamen-pour-le-classement-par-points\/","og_site_name":"Dicodusport","article_publisher":"https:\/\/www.facebook.com\/dicodusport","article_author":"https:\/\/www.facebook.com\/groups\/LesRoisDuPeloton","article_published_time":"2022-05-05T07:23:24+00:00","article_modified_time":"2022-05-05T12:53:33+00:00","og_image":[{"width":800,"height":445,"url":"https:\/\/dicodusport.fr\/blog\/wp-content\/uploads\/2022\/05\/Tour-dItalie-2022-Les-favoris-du-maillot-cyclamen-pour-le-classement-par-points.png","type":"image\/png"}],"author":"Emilien Descampiaux","twitter_card":"summary_large_image","twitter_title":"Tour d'Italie 2022 : Les favoris du maillot cyclamen pour le classement par points","twitter_creator":"@https:\/\/twitter.com\/LRoisDuPeloton","twitter_site":"@dicodusport","schema":{"@context":"https:\/\/schema.org","@graph":[{"@type":"NewsArticle","@id":"https:\/\/dicodusport.fr\/blog\/tour-ditalie-2022-les-favoris-du-maillot-cyclamen-pour-le-classement-par-points\/#article","isPartOf":{"@id":"https:\/\/dicodusport.fr\/blog\/tour-ditalie-2022-les-favoris-du-maillot-cyclamen-pour-le-classement-par-points\/"},"author":{"name":"Emilien Descampiaux","@id":"https:\/\/dicodusport.fr\/blog\/#\/schema\/person\/6db4bae06b171592211be385b32876a7"},"headline":"Tour d&rsquo;Italie 2022 : Les favoris du maillot cyclamen pour le classement par points","datePublished":"2022-05-05T07:23:24+00:00","dateModified":"2022-05-05T12:53:33+00:00","mainEntityOfPage":{"@id":"https:\/\/dicodusport.fr\/blog\/tour-ditalie-2022-les-favoris-du-maillot-cyclamen-pour-le-classement-par-points\/"},"wordCount":1061,"commentCount":0,"publisher":{"@id":"https:\/\/dicodusport.fr\/blog\/#organization"},"image":{"@id":"https:\/\/dicodusport.fr\/blog\/tour-ditalie-2022-les-favoris-du-maillot-cyclamen-pour-le-classement-par-points\/#primaryimage"},"thumbnailUrl":"https:\/\/dicodusport.fr\/blog\/wp-content\/uploads\/2022\/05\/Tour-dItalie-2022-Les-favoris-du-maillot-cyclamen-pour-le-classement-par-points.png","keywords":["Tour d'Italie"],"articleSection":["Tour d'Italie"],"inLanguage":"fr-FR","potentialAction":[{"@type":"CommentAction","name":"Comment","target":["https:\/\/dicodusport.fr\/blog\/tour-ditalie-2022-les-favoris-du-maillot-cyclamen-pour-le-classement-par-points\/#respond"]}],"copyrightYear":"2022","copyrightHolder":{"@id":"https:\/\/dicodusport.fr\/blog\/#organization"}},{"@type":"WebPage","@id":"https:\/\/dicodusport.fr\/blog\/tour-ditalie-2022-les-favoris-du-maillot-cyclamen-pour-le-classement-par-points\/","url":"https:\/\/dicodusport.fr\/blog\/tour-ditalie-2022-les-favoris-du-maillot-cyclamen-pour-le-classement-par-points\/","name":"Tour d'Italie 2022 : Les favoris du maillot cyclamen pour le classement par points","isPartOf":{"@id":"https:\/\/dicodusport.fr\/blog\/#website"},"primaryImageOfPage":{"@id":"https:\/\/dicodusport.fr\/blog\/tour-ditalie-2022-les-favoris-du-maillot-cyclamen-pour-le-classement-par-points\/#primaryimage"},"image":{"@id":"https:\/\/dicodusport.fr\/blog\/tour-ditalie-2022-les-favoris-du-maillot-cyclamen-pour-le-classement-par-points\/#primaryimage"},"thumbnailUrl":"https:\/\/dicodusport.fr\/blog\/wp-content\/uploads\/2022\/05\/Tour-dItalie-2022-Les-favoris-du-maillot-cyclamen-pour-le-classement-par-points.png","datePublished":"2022-05-05T07:23:24+00:00","dateModified":"2022-05-05T12:53:33+00:00","description":"La 105\u00e8me \u00e9dition du Giro, le Tour d'Italie 2022, d\u00e9marre ce vendredi 6 mai 2022. Les favoris au maillot du classement par points.","breadcrumb":{"@id":"https:\/\/dicodusport.fr\/blog\/tour-ditalie-2022-les-favoris-du-maillot-cyclamen-pour-le-classement-par-points\/#breadcrumb"},"inLanguage":"fr-FR","potentialAction":[{"@type":"ReadAction","target":["https:\/\/dicodusport.fr\/blog\/tour-ditalie-2022-les-favoris-du-maillot-cyclamen-pour-le-classement-par-points\/"]}]},{"@type":"ImageObject","inLanguage":"fr-FR","@id":"https:\/\/dicodusport.fr\/blog\/tour-ditalie-2022-les-favoris-du-maillot-cyclamen-pour-le-classement-par-points\/#primaryimage","url":"https:\/\/dicodusport.fr\/blog\/wp-content\/uploads\/2022\/05\/Tour-dItalie-2022-Les-favoris-du-maillot-cyclamen-pour-le-classement-par-points.png","contentUrl":"https:\/\/dicodusport.fr\/blog\/wp-content\/uploads\/2022\/05\/Tour-dItalie-2022-Les-favoris-du-maillot-cyclamen-pour-le-classement-par-points.png","width":800,"height":445,"caption":"Tour d'Italie 2022 Les favoris du maillot cyclamen pour le classement par points"},{"@type":"BreadcrumbList","@id":"https:\/\/dicodusport.fr\/blog\/tour-ditalie-2022-les-favoris-du-maillot-cyclamen-pour-le-classement-par-points\/#breadcrumb","itemListElement":[{"@type":"ListItem","position":1,"name":"Accueil","item":"https:\/\/dicodusport.fr\/blog\/"},{"@type":"ListItem","position":2,"name":"Tour d&rsquo;Italie 2022 : Les favoris du maillot cyclamen pour le classement par points"}]},{"@type":"WebSite","@id":"https:\/\/dicodusport.fr\/blog\/#website","url":"https:\/\/dicodusport.fr\/blog\/","name":"Dicodusport","description":"L&#039;encyclop\u00e9die de l&#039;actualit\u00e9 sportive","publisher":{"@id":"https:\/\/dicodusport.fr\/blog\/#organization"},"potentialAction":[{"@type":"SearchAction","target":{"@type":"EntryPoint","urlTemplate":"https:\/\/dicodusport.fr\/blog\/?s={search_term_string}"},"query-input":{"@type":"PropertyValueSpecification","valueRequired":true,"valueName":"search_term_string"}}],"inLanguage":"fr-FR"},{"@type":"NewsMediaOrganization","@id":"https:\/\/dicodusport.fr\/blog\/#organization","name":"Dicodusport","url":"https:\/\/dicodusport.fr\/blog\/","logo":{"@type":"ImageObject","inLanguage":"fr-FR","@id":"https:\/\/dicodusport.fr\/blog\/#\/schema\/logo\/image\/","url":"https:\/\/dicodusport.fr\/blog\/wp-content\/uploads\/2020\/06\/cropped-LOGO-DICODUSPORT-2020-SANS-FOND-SANS-TEXTE.png","contentUrl":"https:\/\/dicodusport.fr\/blog\/wp-content\/uploads\/2020\/06\/cropped-LOGO-DICODUSPORT-2020-SANS-FOND-SANS-TEXTE.png","width":512,"height":512,"caption":"Dicodusport"},"image":{"@id":"https:\/\/dicodusport.fr\/blog\/#\/schema\/logo\/image\/"},"sameAs":["https:\/\/www.facebook.com\/dicodusport","https:\/\/x.com\/dicodusport","https:\/\/www.instagram.com\/dicodusport\/","https:\/\/www.youtube.com\/channel\/UC7V2KZ5sd3htJivAbA4ZG3w"],"description":"Dicodusport est l'encyclop\u00e9die de l'actualit\u00e9 sportive.","email":"bonjour@dicodusport.fr","legalName":"DICODUSPORT","foundingDate":"2018-01-14","vatID":"FR71834470973","taxID":"83447097300043","numberOfEmployees":{"@type":"QuantitativeValue","minValue":"1","maxValue":"10"}},{"@type":"Person","@id":"https:\/\/dicodusport.fr\/blog\/#\/schema\/person\/6db4bae06b171592211be385b32876a7","name":"Emilien Descampiaux","image":{"@type":"ImageObject","inLanguage":"fr-FR","@id":"https:\/\/dicodusport.fr\/blog\/#\/schema\/person\/image\/","url":"https:\/\/dicodusport.fr\/blog\/wp-content\/uploads\/2021\/05\/Emilien-Descampiaux-150x150.jpg","contentUrl":"https:\/\/dicodusport.fr\/blog\/wp-content\/uploads\/2021\/05\/Emilien-Descampiaux-150x150.jpg","caption":"Emilien Descampiaux"},"description":"Journaliste\/r\u00e9dacteur depuis 2014 - Fan de la classe de Frank Vandenbroucke, je vis cyclisme (et de ses paysages) depuis plus de 20 ans. Je suis tr\u00e8s impliqu\u00e9 sur mes diff\u00e9rents r\u00e9seaux sociaux pour partager ma passion sur le monde et l'Histoire de la bicyclette avec ma voix sur les images en noir et blanc du succ\u00e8s de Rik Van Steenbergen lors du Ronde sur le V\u00e9lodrome de Gand.","sameAs":["https:\/\/www.facebook.com\/groups\/LesRoisDuPeloton","https:\/\/x.com\/https:\/\/twitter.com\/LRoisDuPeloton"],"url":"https:\/\/dicodusport.fr\/blog\/author\/emiliend\/"}]}},"_links":{"self":[{"href":"https:\/\/dicodusport.fr\/blog\/wp-json\/wp\/v2\/posts\/220656","targetHints":{"allow":["GET"]}}],"collection":[{"href":"https:\/\/dicodusport.fr\/blog\/wp-json\/wp\/v2\/posts"}],"about":[{"href":"https:\/\/dicodusport.fr\/blog\/wp-json\/wp\/v2\/types\/post"}],"author":[{"embeddable":true,"href":"https:\/\/dicodusport.fr\/blog\/wp-json\/wp\/v2\/users\/48"}],"replies":[{"embeddable":true,"href":"https:\/\/dicodusport.fr\/blog\/wp-json\/wp\/v2\/comments?post=220656"}],"version-history":[{"count":0,"href":"https:\/\/dicodusport.fr\/blog\/wp-json\/wp\/v2\/posts\/220656\/revisions"}],"wp:featuredmedia":[{"embeddable":true,"href":"https:\/\/dicodusport.fr\/blog\/wp-json\/wp\/v2\/media\/221139"}],"wp:attachment":[{"href":"https:\/\/dicodusport.fr\/blog\/wp-json\/wp\/v2\/media?parent=220656"}],"wp:term":[{"taxonomy":"category","embeddable":true,"href":"https:\/\/dicodusport.fr\/blog\/wp-json\/wp\/v2\/categories?post=220656"},{"taxonomy":"post_tag","embeddable":true,"href":"https:\/\/dicodusport.fr\/blog\/wp-json\/wp\/v2\/tags?post=220656"}],"curies":[{"name":"wp","href":"https:\/\/api.w.org\/{rel}","templated":true}]}}