{"id":220677,"date":"2022-05-03T17:05:16","date_gmt":"2022-05-03T15:05:16","guid":{"rendered":"https:\/\/dicodusport.fr\/blog\/?p=220677"},"modified":"2022-05-03T21:36:49","modified_gmt":"2022-05-03T19:36:49","slug":"badminton-championnats-d-europe-carolina-marin-de-retour-au-sommet","status":"publish","type":"post","link":"https:\/\/dicodusport.fr\/blog\/badminton-championnats-d-europe-carolina-marin-de-retour-au-sommet\/","title":{"rendered":"Badminton Championnats d\u2019Europe\u00a0: Carolina Marin de retour au sommet"},"content":{"rendered":"<p style=\"text-align: justify;\"><em><b>Badminton Championnats d\u2019Europe \u2013 Cela faisait presque un an qu\u2019elle n\u2019avait plus disput\u00e9 une comp\u00e9tition officielle. Mais peu importe, la reine du badminton europ\u00e9en reste \u00e9gale \u00e0 elle-m\u00eame sur le Vieux Continent : intouchable. Ce samedi, l\u2019Espagnole a d\u00e9croch\u00e9 son sixi\u00e8me titre de championne d&rsquo;Europe, sans doute le plus fort en \u00e9motions apr\u00e8s trois ann\u00e9es compliqu\u00e9es autant physiquement qu&rsquo;\u00e9motionnellement.<\/b><\/em><\/p>\n<p style=\"text-align: justify;\">Comme le dit l\u2019adage, les grandes championnes ne meurent jamais. Et ce n\u2019est, sans doute, pas <strong>Carolina Marin<\/strong> qui dira le contraire. Ce dimanche, l\u2019Espagnole de 29 ans a frapp\u00e9 fort en d\u00e9crochant le <strong>sixi\u00e8me titre de championne d\u2019Europe de sa carri\u00e8re<\/strong>. Une routine habituelle pour la joueuse, mais qui cette ann\u00e9e a un parfum plus symbolique au vu chemin parcouru.<\/p>\n<h2>Deux graves blessures aux deux genoux<\/h2>\n<p style=\"text-align: justify;\">Effectivement, si l\u2019on retrace la route, il n\u2019\u00e9tait pas si \u00e9vident de la voir d\u00e9crocher une nouvelle couronne. En juin 2021, l\u2019athl\u00e8te espagnole a connu une <strong>terrible blessure au ligament crois\u00e9 ant\u00e9rieur<\/strong> de son genou gauche. Cela l\u2019a ainsi \u00e9loign\u00e9 des courts durant pr\u00e8s d\u2019un an, l\u2019emp\u00eachant notamment de d\u00e9fendre son titre olympique aux Jeux de Tokyo. Ce n&rsquo;\u00e9tait pas la premi\u00e8re fois que son corps avait l\u00e2ch\u00e9 puisqu\u2019en 2019, elle avait d\u00e9j\u00e0 \u00e9t\u00e9 absente pr\u00e8s de huit mois pour un autre gros p\u00e9pin, au genou droit cette fois. Depuis, l\u2019Espagnole s\u2019est reconstruite progressivement avec pour but de revenir en forme pour les <strong>championnats d&rsquo;Europe 2022<\/strong>, disput\u00e9s chez elle, \u00e0 <strong>Madrid<\/strong>.<\/p>\n<p style=\"text-align: justify;\">Ce n\u2019est pas un secret, les comp\u00e9titions europ\u00e9ennes sont en g\u00e9n\u00e9ral une formalit\u00e9 pour l&rsquo;Espagnole. D\u00e9j\u00e0 titr\u00e9e \u00e0 cinq reprises, elle repartait de nouveau avec un statut de femme \u00e0 abattre. Mais comme toujours, cela ne l\u2019a pas emp\u00each\u00e9 de r\u00e9gner en ma\u00eetre. Pour en arriver l\u00e0, le parcours n\u2019a pas \u00e9t\u00e9 ais\u00e9. Si les deux premiers tours ont \u00e9t\u00e9 pass\u00e9s avec une facilit\u00e9 d\u00e9concertante, le quart de finale fut lui beaucoup plus difficile face \u00e0 la Danoise <strong>Line Hojmark Kjaersfledt<\/strong>. Cette derni\u00e8re repr\u00e9sentait l\u2019une des seules v\u00e9ritables menaces pour enrayer la machine. Durant deux sets, la lutte a \u00e9t\u00e9 acharn\u00e9e, mais l\u2019Espagnole a fini par prendre le dessus en passant un terrible 13-1 dans le dernier set pour l\u2019emporter. Une victoire qui lui a permis d\u2019engranger la confiance n\u00e9cessaire pour ensuite se d\u00e9faire de <strong>Neslihan Yigit<\/strong> en demi-finale, puis de <strong>Kristy Gilmour<\/strong> en finale.<\/p>\n<blockquote class=\"twitter-tweet\">\n<p dir=\"ltr\" lang=\"en\">What a comeback AGAIN by Carolina Marin after the injury<br \/>\nSHE IS AT HER 100% AGAIN, BEWARE WOMEN&rsquo;S SINGLES <a href=\"https:\/\/t.co\/2bdDIQZvlP\">pic.twitter.com\/2bdDIQZvlP<\/a><\/p>\n<p>\u2014 Basil &#x1f3f8;&#x1f3f8; (@talkminton) <a href=\"https:\/\/twitter.com\/talkminton\/status\/1520366741360357376?ref_src=twsrc%5Etfw\">April 30, 2022<\/a><\/p><\/blockquote>\n<p><script async src=\"https:\/\/platform.twitter.com\/widgets.js\" charset=\"utf-8\"><\/script><\/p>\n<h2>\u00ab\u00a0Je d\u00e9die ce titre \u00e0 mon p\u00e8re\u00a0\u00bb<\/h2>\n<p style=\"text-align: justify;\">Exp\u00e9ditive et autoritaire, <strong>Carolina Marin<\/strong> a affirm\u00e9 de nouveau son impressionnante domination en d\u00e9crochant ce sixi\u00e8me sacre \u00e0 la saveur si particuli\u00e8re. En effet, le fait de pouvoir le faire \u00e0 domicile, devant le public madril\u00e8ne, a donn\u00e9 une dimension particuli\u00e8re \u00e0 l\u2019\u00e9v\u00e8nement. En montant sur le podium, l\u2019\u00e9motion de la championne, d\u00e9chue sans pouvoir d\u00e9fendre sa m\u00e9daille olympique \u00e0 <strong>Tokyo 2020<\/strong>, s\u2019est ressentie, comme elle l\u2019a confi\u00e9e dans les colonnes de Marca : <em>\u00abJe dois avouer une chose. J\u2019ai essay\u00e9 de me contr\u00f4ler sur le podium et de ne pas pleurer. Des images de l\u2019or que j\u2019ai remport\u00e9 \u00e0 Rio me sont revenues \u00e0 l\u2019esprit, et j\u2019ai commenc\u00e9 \u00e0 penser \u00e0 Paris 2024. Je veux \u00eatre sur ce podium, et entendre de nouveau l\u2019hymne. \u00bb<\/em><\/p>\n<p style=\"text-align: justify;\">Au-del\u00e0 de l\u2019\u00e9motion sportive r\u00e9compensant le chemin accompli pour effectuer ce retour au plus haut niveau, une \u00e9motion personnelle s\u2019est \u00e9galement rajout\u00e9e \u00e0 cela. Il y a moins de deux ans, le 26 juillet 2020, Carolina Marin a vu son monde s\u2019effondrer, frapp\u00e9e par le d\u00e9c\u00e8s de son p\u00e8re, <strong>Gonzalo<\/strong>. Gravement bless\u00e9 suite \u00e0 un accident de travail, ce dernier a souffert plusieurs mois avant de rendre son dernier souffle. Cela a ainsi marqu\u00e9 au plus profond de son \u00eatre la joueuse espagnole. En conf\u00e9rence de presse, elle lui a ainsi rendu un vibrant hommage : <em>\u00ab Je le d\u00e9die \u00e0 toute l\u2019\u00e9quipe et \u00e0 une personne en particulier, mon p\u00e8re, qui est le seul \u00e0 ne pas \u00eatre l\u00e0. Mais o\u00f9 qu\u2019il soit, il sera fier. Je le porte toujours avec moi. \u00bb<\/em><\/p>\n<p style=\"text-align: justify;\">\u00c0 28 ans, l\u2019Espagnole part donc sur un nouveau cycle de sa carri\u00e8re et de sa vie apr\u00e8s une p\u00e9riode difficile, autant physiquement qu\u2019\u00e9motionnellement. D\u00e9sormais, la meilleure joueuse europ\u00e9enne est pr\u00eate \u00e0 de nouveau se mesurer au gratin mondial avec un objectif ultime : un deuxi\u00e8me titre olympique \u00e0 Paris 2024. Histoire de renforcer encore plus son statut d\u2019ic\u00f4ne du badminton f\u00e9minin.<\/p>\n<blockquote class=\"twitter-tweet\">\n<p dir=\"ltr\" lang=\"es\">Pap\u00e1, ayer te sent\u00ed muy cerca &#x2764;&#xfe0f;&#x2b50; S\u00e9 que all\u00e1 donde est\u00e9s lo disfrutaste tanto como nosotros &#x1f64f;<\/p>\n<p>\u00a9&#xfe0f; <a href=\"https:\/\/twitter.com\/badmintonphoto?ref_src=twsrc%5Etfw\">@badmintonphoto<\/a> <a href=\"https:\/\/t.co\/2aoAcZYlKS\">pic.twitter.com\/2aoAcZYlKS<\/a><\/p>\n<p>\u2014 Carolina Mar\u00edn (@CarolinaMarin) <a href=\"https:\/\/twitter.com\/CarolinaMarin\/status\/1520719903443017728?ref_src=twsrc%5Etfw\">May 1, 2022<\/a><\/p><\/blockquote>\n<p><script async src=\"https:\/\/platform.twitter.com\/widgets.js\" charset=\"utf-8\"><\/script><\/p>\n","protected":false},"excerpt":{"rendered":"<p>Badminton Championnats d\u2019Europe \u2013 Cela faisait presque un an qu\u2019elle n\u2019avait plus disput\u00e9 une comp\u00e9tition officielle. Mais peu importe, la reine du badminton europ\u00e9en reste \u00e9gale \u00e0 elle-m\u00eame sur le Vieux Continent : intouchable. Ce samedi, l\u2019Espagnole a d\u00e9croch\u00e9 son sixi\u00e8me titre de championne d&rsquo;Europe, sans doute le plus fort en \u00e9motions apr\u00e8s trois ann\u00e9es compliqu\u00e9es autant physiquement qu&rsquo;\u00e9motionnellement.<\/p>\n","protected":false},"author":55,"featured_media":220825,"comment_status":"open","ping_status":"closed","sticky":false,"template":"","format":"standard","meta":{"_acf_changed":false,"_daextam_enable_autolinks":"","footnotes":""},"categories":[13604],"tags":[2184,1004],"class_list":["post-220677","post","type-post","status-publish","format-standard","has-post-thumbnail","hentry","category-badminton","tag-badminton","tag-paris-2024"],"acf":[],"yoast_head":"<!-- This site is optimized with the Yoast SEO Premium plugin v26.7 (Yoast SEO v26.7) - https:\/\/yoast.com\/wordpress\/plugins\/seo\/ -->\n<title>Badminton Championnats d\u2019Europe\u00a0: Carolina Marin de retour au sommet<\/title>\n<meta name=\"description\" content=\"Carolina Marin a d\u00e9croch\u00e9 un sixi\u00e8me titre de championne d&#039;Europe de badminton, et r\u00e8gne de nouveau sur le continent en reine.\" \/>\n<meta name=\"robots\" content=\"index, follow, max-snippet:-1, max-image-preview:large, max-video-preview:-1\" \/>\n<link rel=\"canonical\" href=\"https:\/\/dicodusport.fr\/blog\/badminton-championnats-d-europe-carolina-marin-de-retour-au-sommet\/\" \/>\n<meta property=\"og:locale\" content=\"fr_FR\" \/>\n<meta property=\"og:type\" content=\"article\" \/>\n<meta property=\"og:title\" content=\"Badminton Championnats d\u2019Europe\u00a0: Carolina Marin de retour au sommet\" \/>\n<meta property=\"og:description\" content=\"Carolina Marin a d\u00e9croch\u00e9 un sixi\u00e8me titre de championne d&#039;Europe de badminton, et r\u00e8gne de nouveau sur le continent en reine.\" \/>\n<meta property=\"og:url\" content=\"https:\/\/dicodusport.fr\/blog\/badminton-championnats-d-europe-carolina-marin-de-retour-au-sommet\/\" \/>\n<meta property=\"og:site_name\" content=\"Dicodusport\" \/>\n<meta property=\"article:publisher\" content=\"https:\/\/www.facebook.com\/dicodusport\" \/>\n<meta property=\"article:published_time\" content=\"2022-05-03T15:05:16+00:00\" \/>\n<meta property=\"article:modified_time\" content=\"2022-05-03T19:36:49+00:00\" \/>\n<meta property=\"og:image\" content=\"https:\/\/dicodusport.fr\/blog\/wp-content\/uploads\/2022\/05\/Badminton-Championnats-dEurope-Carolina-Marin-de-retour-au-sommet.png\" \/>\n\t<meta property=\"og:image:width\" content=\"800\" \/>\n\t<meta property=\"og:image:height\" content=\"445\" \/>\n\t<meta property=\"og:image:type\" content=\"image\/png\" \/>\n<meta name=\"author\" content=\"Maxime Cazenave\" \/>\n<meta name=\"twitter:card\" content=\"summary_large_image\" \/>\n<meta name=\"twitter:title\" content=\"Badminton Championnats d\u2019Europe\u00a0: Carolina Marin de retour au sommet\" \/>\n<meta name=\"twitter:creator\" content=\"@https:\/\/twitter.com\/Maxime_Caze\" \/>\n<meta name=\"twitter:site\" content=\"@dicodusport\" \/>\n<script type=\"application\/ld+json\" class=\"yoast-schema-graph\">{\"@context\":\"https:\/\/schema.org\",\"@graph\":[{\"@type\":\"NewsArticle\",\"@id\":\"https:\/\/dicodusport.fr\/blog\/badminton-championnats-d-europe-carolina-marin-de-retour-au-sommet\/#article\",\"isPartOf\":{\"@id\":\"https:\/\/dicodusport.fr\/blog\/badminton-championnats-d-europe-carolina-marin-de-retour-au-sommet\/\"},\"author\":{\"name\":\"Maxime Cazenave\",\"@id\":\"https:\/\/dicodusport.fr\/blog\/#\/schema\/person\/37def232098a7a5cbab3974a3690abb0\"},\"headline\":\"Badminton Championnats d\u2019Europe\u00a0: Carolina Marin de retour au sommet\",\"datePublished\":\"2022-05-03T15:05:16+00:00\",\"dateModified\":\"2022-05-03T19:36:49+00:00\",\"mainEntityOfPage\":{\"@id\":\"https:\/\/dicodusport.fr\/blog\/badminton-championnats-d-europe-carolina-marin-de-retour-au-sommet\/\"},\"wordCount\":870,\"commentCount\":0,\"publisher\":{\"@id\":\"https:\/\/dicodusport.fr\/blog\/#organization\"},\"image\":{\"@id\":\"https:\/\/dicodusport.fr\/blog\/badminton-championnats-d-europe-carolina-marin-de-retour-au-sommet\/#primaryimage\"},\"thumbnailUrl\":\"https:\/\/dicodusport.fr\/blog\/wp-content\/uploads\/2022\/05\/Badminton-Championnats-dEurope-Carolina-Marin-de-retour-au-sommet.png\",\"keywords\":[\"Badminton\",\"Paris 2024\"],\"articleSection\":[\"Badminton\"],\"inLanguage\":\"fr-FR\",\"potentialAction\":[{\"@type\":\"CommentAction\",\"name\":\"Comment\",\"target\":[\"https:\/\/dicodusport.fr\/blog\/badminton-championnats-d-europe-carolina-marin-de-retour-au-sommet\/#respond\"]}],\"copyrightYear\":\"2022\",\"copyrightHolder\":{\"@id\":\"https:\/\/dicodusport.fr\/blog\/#organization\"}},{\"@type\":\"WebPage\",\"@id\":\"https:\/\/dicodusport.fr\/blog\/badminton-championnats-d-europe-carolina-marin-de-retour-au-sommet\/\",\"url\":\"https:\/\/dicodusport.fr\/blog\/badminton-championnats-d-europe-carolina-marin-de-retour-au-sommet\/\",\"name\":\"Badminton Championnats d\u2019Europe\u00a0: Carolina Marin de retour au sommet\",\"isPartOf\":{\"@id\":\"https:\/\/dicodusport.fr\/blog\/#website\"},\"primaryImageOfPage\":{\"@id\":\"https:\/\/dicodusport.fr\/blog\/badminton-championnats-d-europe-carolina-marin-de-retour-au-sommet\/#primaryimage\"},\"image\":{\"@id\":\"https:\/\/dicodusport.fr\/blog\/badminton-championnats-d-europe-carolina-marin-de-retour-au-sommet\/#primaryimage\"},\"thumbnailUrl\":\"https:\/\/dicodusport.fr\/blog\/wp-content\/uploads\/2022\/05\/Badminton-Championnats-dEurope-Carolina-Marin-de-retour-au-sommet.png\",\"datePublished\":\"2022-05-03T15:05:16+00:00\",\"dateModified\":\"2022-05-03T19:36:49+00:00\",\"description\":\"Carolina Marin a d\u00e9croch\u00e9 un sixi\u00e8me titre de championne d'Europe de badminton, et r\u00e8gne de nouveau sur le continent en reine.\",\"breadcrumb\":{\"@id\":\"https:\/\/dicodusport.fr\/blog\/badminton-championnats-d-europe-carolina-marin-de-retour-au-sommet\/#breadcrumb\"},\"inLanguage\":\"fr-FR\",\"potentialAction\":[{\"@type\":\"ReadAction\",\"target\":[\"https:\/\/dicodusport.fr\/blog\/badminton-championnats-d-europe-carolina-marin-de-retour-au-sommet\/\"]}]},{\"@type\":\"ImageObject\",\"inLanguage\":\"fr-FR\",\"@id\":\"https:\/\/dicodusport.fr\/blog\/badminton-championnats-d-europe-carolina-marin-de-retour-au-sommet\/#primaryimage\",\"url\":\"https:\/\/dicodusport.fr\/blog\/wp-content\/uploads\/2022\/05\/Badminton-Championnats-dEurope-Carolina-Marin-de-retour-au-sommet.png\",\"contentUrl\":\"https:\/\/dicodusport.fr\/blog\/wp-content\/uploads\/2022\/05\/Badminton-Championnats-dEurope-Carolina-Marin-de-retour-au-sommet.png\",\"width\":800,\"height\":445,\"caption\":\"Badminton Championnats d\u2019Europe\u00a0 Carolina Marin de retour au sommet\"},{\"@type\":\"BreadcrumbList\",\"@id\":\"https:\/\/dicodusport.fr\/blog\/badminton-championnats-d-europe-carolina-marin-de-retour-au-sommet\/#breadcrumb\",\"itemListElement\":[{\"@type\":\"ListItem\",\"position\":1,\"name\":\"Accueil\",\"item\":\"https:\/\/dicodusport.fr\/blog\/\"},{\"@type\":\"ListItem\",\"position\":2,\"name\":\"Badminton Championnats d\u2019Europe\u00a0: Carolina Marin de retour au sommet\"}]},{\"@type\":\"WebSite\",\"@id\":\"https:\/\/dicodusport.fr\/blog\/#website\",\"url\":\"https:\/\/dicodusport.fr\/blog\/\",\"name\":\"Dicodusport\",\"description\":\"L&#039;encyclop\u00e9die de l&#039;actualit\u00e9 sportive\",\"publisher\":{\"@id\":\"https:\/\/dicodusport.fr\/blog\/#organization\"},\"potentialAction\":[{\"@type\":\"SearchAction\",\"target\":{\"@type\":\"EntryPoint\",\"urlTemplate\":\"https:\/\/dicodusport.fr\/blog\/?s={search_term_string}\"},\"query-input\":{\"@type\":\"PropertyValueSpecification\",\"valueRequired\":true,\"valueName\":\"search_term_string\"}}],\"inLanguage\":\"fr-FR\"},{\"@type\":\"NewsMediaOrganization\",\"@id\":\"https:\/\/dicodusport.fr\/blog\/#organization\",\"name\":\"Dicodusport\",\"url\":\"https:\/\/dicodusport.fr\/blog\/\",\"logo\":{\"@type\":\"ImageObject\",\"inLanguage\":\"fr-FR\",\"@id\":\"https:\/\/dicodusport.fr\/blog\/#\/schema\/logo\/image\/\",\"url\":\"https:\/\/dicodusport.fr\/blog\/wp-content\/uploads\/2020\/06\/cropped-LOGO-DICODUSPORT-2020-SANS-FOND-SANS-TEXTE.png\",\"contentUrl\":\"https:\/\/dicodusport.fr\/blog\/wp-content\/uploads\/2020\/06\/cropped-LOGO-DICODUSPORT-2020-SANS-FOND-SANS-TEXTE.png\",\"width\":512,\"height\":512,\"caption\":\"Dicodusport\"},\"image\":{\"@id\":\"https:\/\/dicodusport.fr\/blog\/#\/schema\/logo\/image\/\"},\"sameAs\":[\"https:\/\/www.facebook.com\/dicodusport\",\"https:\/\/x.com\/dicodusport\",\"https:\/\/www.instagram.com\/dicodusport\/\",\"https:\/\/www.youtube.com\/channel\/UC7V2KZ5sd3htJivAbA4ZG3w\"],\"description\":\"Dicodusport est l'encyclop\u00e9die de l'actualit\u00e9 sportive.\",\"email\":\"bonjour@dicodusport.fr\",\"legalName\":\"DICODUSPORT\",\"foundingDate\":\"2018-01-14\",\"vatID\":\"FR71834470973\",\"taxID\":\"83447097300043\",\"numberOfEmployees\":{\"@type\":\"QuantitativeValue\",\"minValue\":\"1\",\"maxValue\":\"10\"}},{\"@type\":\"Person\",\"@id\":\"https:\/\/dicodusport.fr\/blog\/#\/schema\/person\/37def232098a7a5cbab3974a3690abb0\",\"name\":\"Maxime Cazenave\",\"image\":{\"@type\":\"ImageObject\",\"inLanguage\":\"fr-FR\",\"@id\":\"https:\/\/dicodusport.fr\/blog\/#\/schema\/person\/image\/\",\"url\":\"https:\/\/dicodusport.fr\/blog\/wp-content\/uploads\/2021\/05\/Maxime-Cazenave-150x150.jpg\",\"contentUrl\":\"https:\/\/dicodusport.fr\/blog\/wp-content\/uploads\/2021\/05\/Maxime-Cazenave-150x150.jpg\",\"caption\":\"Maxime Cazenave\"},\"description\":\"Journaliste\/R\u00e9dacteur depuis 2012 - Berc\u00e9 par l\u2019amour des Girondins de Bordeaux, les \u00e9checs de Christophe Moreau sur le Tour de France sous l'\u00e8re Lance Armstrong et le fade-away l\u00e9tal de Dirk Nowitzki, ma passion d\u00e9vorante pour le sport a toujours \u00e9t\u00e9 un pan incontournable de ma vie. Transmettre ma passion \u00e0 l\u2019\u00e9crit a \u00e9t\u00e9 une transition naturelle. Suiveur assidu de basket et de hockey sur glace, je garde toujours un peu de place pour suivre le cyclisme, le football et le maximum de performances fran\u00e7aises.\",\"sameAs\":[\"https:\/\/x.com\/https:\/\/twitter.com\/Maxime_Caze\"],\"url\":\"https:\/\/dicodusport.fr\/blog\/author\/maximec\/\"}]}<\/script>\n<!-- \/ Yoast SEO Premium plugin. -->","yoast_head_json":{"title":"Badminton Championnats d\u2019Europe\u00a0: Carolina Marin de retour au sommet","description":"Carolina Marin a d\u00e9croch\u00e9 un sixi\u00e8me titre de championne d'Europe de badminton, et r\u00e8gne de nouveau sur le continent en reine.","robots":{"index":"index","follow":"follow","max-snippet":"max-snippet:-1","max-image-preview":"max-image-preview:large","max-video-preview":"max-video-preview:-1"},"canonical":"https:\/\/dicodusport.fr\/blog\/badminton-championnats-d-europe-carolina-marin-de-retour-au-sommet\/","og_locale":"fr_FR","og_type":"article","og_title":"Badminton Championnats d\u2019Europe\u00a0: Carolina Marin de retour au sommet","og_description":"Carolina Marin a d\u00e9croch\u00e9 un sixi\u00e8me titre de championne d'Europe de badminton, et r\u00e8gne de nouveau sur le continent en reine.","og_url":"https:\/\/dicodusport.fr\/blog\/badminton-championnats-d-europe-carolina-marin-de-retour-au-sommet\/","og_site_name":"Dicodusport","article_publisher":"https:\/\/www.facebook.com\/dicodusport","article_published_time":"2022-05-03T15:05:16+00:00","article_modified_time":"2022-05-03T19:36:49+00:00","og_image":[{"width":800,"height":445,"url":"https:\/\/dicodusport.fr\/blog\/wp-content\/uploads\/2022\/05\/Badminton-Championnats-dEurope-Carolina-Marin-de-retour-au-sommet.png","type":"image\/png"}],"author":"Maxime Cazenave","twitter_card":"summary_large_image","twitter_title":"Badminton Championnats d\u2019Europe\u00a0: Carolina Marin de retour au sommet","twitter_creator":"@https:\/\/twitter.com\/Maxime_Caze","twitter_site":"@dicodusport","schema":{"@context":"https:\/\/schema.org","@graph":[{"@type":"NewsArticle","@id":"https:\/\/dicodusport.fr\/blog\/badminton-championnats-d-europe-carolina-marin-de-retour-au-sommet\/#article","isPartOf":{"@id":"https:\/\/dicodusport.fr\/blog\/badminton-championnats-d-europe-carolina-marin-de-retour-au-sommet\/"},"author":{"name":"Maxime Cazenave","@id":"https:\/\/dicodusport.fr\/blog\/#\/schema\/person\/37def232098a7a5cbab3974a3690abb0"},"headline":"Badminton Championnats d\u2019Europe\u00a0: Carolina Marin de retour au sommet","datePublished":"2022-05-03T15:05:16+00:00","dateModified":"2022-05-03T19:36:49+00:00","mainEntityOfPage":{"@id":"https:\/\/dicodusport.fr\/blog\/badminton-championnats-d-europe-carolina-marin-de-retour-au-sommet\/"},"wordCount":870,"commentCount":0,"publisher":{"@id":"https:\/\/dicodusport.fr\/blog\/#organization"},"image":{"@id":"https:\/\/dicodusport.fr\/blog\/badminton-championnats-d-europe-carolina-marin-de-retour-au-sommet\/#primaryimage"},"thumbnailUrl":"https:\/\/dicodusport.fr\/blog\/wp-content\/uploads\/2022\/05\/Badminton-Championnats-dEurope-Carolina-Marin-de-retour-au-sommet.png","keywords":["Badminton","Paris 2024"],"articleSection":["Badminton"],"inLanguage":"fr-FR","potentialAction":[{"@type":"CommentAction","name":"Comment","target":["https:\/\/dicodusport.fr\/blog\/badminton-championnats-d-europe-carolina-marin-de-retour-au-sommet\/#respond"]}],"copyrightYear":"2022","copyrightHolder":{"@id":"https:\/\/dicodusport.fr\/blog\/#organization"}},{"@type":"WebPage","@id":"https:\/\/dicodusport.fr\/blog\/badminton-championnats-d-europe-carolina-marin-de-retour-au-sommet\/","url":"https:\/\/dicodusport.fr\/blog\/badminton-championnats-d-europe-carolina-marin-de-retour-au-sommet\/","name":"Badminton Championnats d\u2019Europe\u00a0: Carolina Marin de retour au sommet","isPartOf":{"@id":"https:\/\/dicodusport.fr\/blog\/#website"},"primaryImageOfPage":{"@id":"https:\/\/dicodusport.fr\/blog\/badminton-championnats-d-europe-carolina-marin-de-retour-au-sommet\/#primaryimage"},"image":{"@id":"https:\/\/dicodusport.fr\/blog\/badminton-championnats-d-europe-carolina-marin-de-retour-au-sommet\/#primaryimage"},"thumbnailUrl":"https:\/\/dicodusport.fr\/blog\/wp-content\/uploads\/2022\/05\/Badminton-Championnats-dEurope-Carolina-Marin-de-retour-au-sommet.png","datePublished":"2022-05-03T15:05:16+00:00","dateModified":"2022-05-03T19:36:49+00:00","description":"Carolina Marin a d\u00e9croch\u00e9 un sixi\u00e8me titre de championne d'Europe de badminton, et r\u00e8gne de nouveau sur le continent en reine.","breadcrumb":{"@id":"https:\/\/dicodusport.fr\/blog\/badminton-championnats-d-europe-carolina-marin-de-retour-au-sommet\/#breadcrumb"},"inLanguage":"fr-FR","potentialAction":[{"@type":"ReadAction","target":["https:\/\/dicodusport.fr\/blog\/badminton-championnats-d-europe-carolina-marin-de-retour-au-sommet\/"]}]},{"@type":"ImageObject","inLanguage":"fr-FR","@id":"https:\/\/dicodusport.fr\/blog\/badminton-championnats-d-europe-carolina-marin-de-retour-au-sommet\/#primaryimage","url":"https:\/\/dicodusport.fr\/blog\/wp-content\/uploads\/2022\/05\/Badminton-Championnats-dEurope-Carolina-Marin-de-retour-au-sommet.png","contentUrl":"https:\/\/dicodusport.fr\/blog\/wp-content\/uploads\/2022\/05\/Badminton-Championnats-dEurope-Carolina-Marin-de-retour-au-sommet.png","width":800,"height":445,"caption":"Badminton Championnats d\u2019Europe\u00a0 Carolina Marin de retour au sommet"},{"@type":"BreadcrumbList","@id":"https:\/\/dicodusport.fr\/blog\/badminton-championnats-d-europe-carolina-marin-de-retour-au-sommet\/#breadcrumb","itemListElement":[{"@type":"ListItem","position":1,"name":"Accueil","item":"https:\/\/dicodusport.fr\/blog\/"},{"@type":"ListItem","position":2,"name":"Badminton Championnats d\u2019Europe\u00a0: Carolina Marin de retour au sommet"}]},{"@type":"WebSite","@id":"https:\/\/dicodusport.fr\/blog\/#website","url":"https:\/\/dicodusport.fr\/blog\/","name":"Dicodusport","description":"L&#039;encyclop\u00e9die de l&#039;actualit\u00e9 sportive","publisher":{"@id":"https:\/\/dicodusport.fr\/blog\/#organization"},"potentialAction":[{"@type":"SearchAction","target":{"@type":"EntryPoint","urlTemplate":"https:\/\/dicodusport.fr\/blog\/?s={search_term_string}"},"query-input":{"@type":"PropertyValueSpecification","valueRequired":true,"valueName":"search_term_string"}}],"inLanguage":"fr-FR"},{"@type":"NewsMediaOrganization","@id":"https:\/\/dicodusport.fr\/blog\/#organization","name":"Dicodusport","url":"https:\/\/dicodusport.fr\/blog\/","logo":{"@type":"ImageObject","inLanguage":"fr-FR","@id":"https:\/\/dicodusport.fr\/blog\/#\/schema\/logo\/image\/","url":"https:\/\/dicodusport.fr\/blog\/wp-content\/uploads\/2020\/06\/cropped-LOGO-DICODUSPORT-2020-SANS-FOND-SANS-TEXTE.png","contentUrl":"https:\/\/dicodusport.fr\/blog\/wp-content\/uploads\/2020\/06\/cropped-LOGO-DICODUSPORT-2020-SANS-FOND-SANS-TEXTE.png","width":512,"height":512,"caption":"Dicodusport"},"image":{"@id":"https:\/\/dicodusport.fr\/blog\/#\/schema\/logo\/image\/"},"sameAs":["https:\/\/www.facebook.com\/dicodusport","https:\/\/x.com\/dicodusport","https:\/\/www.instagram.com\/dicodusport\/","https:\/\/www.youtube.com\/channel\/UC7V2KZ5sd3htJivAbA4ZG3w"],"description":"Dicodusport est l'encyclop\u00e9die de l'actualit\u00e9 sportive.","email":"bonjour@dicodusport.fr","legalName":"DICODUSPORT","foundingDate":"2018-01-14","vatID":"FR71834470973","taxID":"83447097300043","numberOfEmployees":{"@type":"QuantitativeValue","minValue":"1","maxValue":"10"}},{"@type":"Person","@id":"https:\/\/dicodusport.fr\/blog\/#\/schema\/person\/37def232098a7a5cbab3974a3690abb0","name":"Maxime Cazenave","image":{"@type":"ImageObject","inLanguage":"fr-FR","@id":"https:\/\/dicodusport.fr\/blog\/#\/schema\/person\/image\/","url":"https:\/\/dicodusport.fr\/blog\/wp-content\/uploads\/2021\/05\/Maxime-Cazenave-150x150.jpg","contentUrl":"https:\/\/dicodusport.fr\/blog\/wp-content\/uploads\/2021\/05\/Maxime-Cazenave-150x150.jpg","caption":"Maxime Cazenave"},"description":"Journaliste\/R\u00e9dacteur depuis 2012 - Berc\u00e9 par l\u2019amour des Girondins de Bordeaux, les \u00e9checs de Christophe Moreau sur le Tour de France sous l'\u00e8re Lance Armstrong et le fade-away l\u00e9tal de Dirk Nowitzki, ma passion d\u00e9vorante pour le sport a toujours \u00e9t\u00e9 un pan incontournable de ma vie. Transmettre ma passion \u00e0 l\u2019\u00e9crit a \u00e9t\u00e9 une transition naturelle. Suiveur assidu de basket et de hockey sur glace, je garde toujours un peu de place pour suivre le cyclisme, le football et le maximum de performances fran\u00e7aises.","sameAs":["https:\/\/x.com\/https:\/\/twitter.com\/Maxime_Caze"],"url":"https:\/\/dicodusport.fr\/blog\/author\/maximec\/"}]}},"_links":{"self":[{"href":"https:\/\/dicodusport.fr\/blog\/wp-json\/wp\/v2\/posts\/220677","targetHints":{"allow":["GET"]}}],"collection":[{"href":"https:\/\/dicodusport.fr\/blog\/wp-json\/wp\/v2\/posts"}],"about":[{"href":"https:\/\/dicodusport.fr\/blog\/wp-json\/wp\/v2\/types\/post"}],"author":[{"embeddable":true,"href":"https:\/\/dicodusport.fr\/blog\/wp-json\/wp\/v2\/users\/55"}],"replies":[{"embeddable":true,"href":"https:\/\/dicodusport.fr\/blog\/wp-json\/wp\/v2\/comments?post=220677"}],"version-history":[{"count":0,"href":"https:\/\/dicodusport.fr\/blog\/wp-json\/wp\/v2\/posts\/220677\/revisions"}],"wp:featuredmedia":[{"embeddable":true,"href":"https:\/\/dicodusport.fr\/blog\/wp-json\/wp\/v2\/media\/220825"}],"wp:attachment":[{"href":"https:\/\/dicodusport.fr\/blog\/wp-json\/wp\/v2\/media?parent=220677"}],"wp:term":[{"taxonomy":"category","embeddable":true,"href":"https:\/\/dicodusport.fr\/blog\/wp-json\/wp\/v2\/categories?post=220677"},{"taxonomy":"post_tag","embeddable":true,"href":"https:\/\/dicodusport.fr\/blog\/wp-json\/wp\/v2\/tags?post=220677"}],"curies":[{"name":"wp","href":"https:\/\/api.w.org\/{rel}","templated":true}]}}