{"id":220715,"date":"2022-05-04T18:53:50","date_gmt":"2022-05-04T16:53:50","guid":{"rendered":"https:\/\/dicodusport.fr\/blog\/?p=220715&#038;preview=true&#038;preview_id=220715"},"modified":"2022-05-06T10:25:13","modified_gmt":"2022-05-06T08:25:13","slug":"tour-d-italie-2022-favoris-meilleur-blanc-meilleur-jeune","status":"publish","type":"post","link":"https:\/\/dicodusport.fr\/blog\/tour-d-italie-2022-favoris-meilleur-blanc-meilleur-jeune\/","title":{"rendered":"Tour d&rsquo;Italie 2022 : Les favoris pour le maillot blanc de meilleur jeune"},"content":{"rendered":"<p style=\"text-align: justify;\"><strong><em><a href=\"https:\/\/dicodusport.fr\/blog\/actualites\/cyclisme\/cyclisme-sur-route-2022\/\">CYCLISME SUR ROUTE 2022<\/a> &#8211; La 105\u00e8me \u00e9dition du Giro, le Tour d&rsquo;Italie 2022 d\u00e9marre ce vendredi 6 mai 2022. D\u00e9couvrez les pr\u00e9tendants au maillot du meilleur jeune au classement g\u00e9n\u00e9ral.<br \/>\n<\/em><\/strong><\/p>\n<p style=\"text-align: justify;\">Le maillot blanc r\u00e9compense le leader du classement des jeunes, r\u00e9serv\u00e9 aux coueurs de moins de 25 ans dans l&rsquo;ann\u00e9e. Cr\u00e9\u00e9 en 1976, il a disparu en 1995 et r\u00e9apparu en 2007. <strong>Evgueni Berzin<\/strong>\u00a0en 1994, <strong>Nairo Quintana<\/strong>\u00a0en 2014, <strong>Tao Geoghegan Hart<\/strong> en 2020 et <strong>Egan Bernal<\/strong> en\u00a0 2021 ont r\u00e9ussi \u00e0 gagner le maillot blanc et le maillot rose du classement g\u00e9n\u00e9ral la m\u00eame ann\u00e9e. Le record de victoires dans ce classement est partag\u00e9 entre le Sovi\u00e9tique <strong>Vladimir Poulnikov<\/strong>, le Russe <strong>Pavel Tonkov<\/strong>, le Luxembourgeois <strong>Bob Jungels<\/strong> et le Colombien <strong>Miguel Angel Lopez<\/strong>,\u00a0avec deux succ\u00e8s.<\/p>\n<h2 style=\"text-align: justify;\">Les pr\u00e9tendants<\/h2>\n<p style=\"text-align: justify;\">&#x2b50;&#x2b50;&#x2b50;&#x2b50; <strong>Jo\u00e3o Almeida<\/strong><\/p>\n<p style=\"text-align: justify;\">Contrairement aux autres maillots distinctifs, un seul type de coureur pour esp\u00e9rer remporter ce classement : un grimpeur limitant la casse sur les chronos. Le grand favori sera bien s\u00fbr <strong>Jo\u00e3o Almeida.<\/strong> Le rouleur portugais a fini 4e en 2020 et 6e en 2021 du classement g\u00e9n\u00e9ral final, avec une superbe derni\u00e8re semaine. Troisi\u00e8me du Tour de Catalogne et sixi\u00e8me de Paris-Nice, le natif de Caldas da Rainha, \u00e2g\u00e9 seulement de 23 ans, aura le statut de leader unique pour le g\u00e9n\u00e9ral, avec une \u00e9quipe solide autour de lui du c\u00f4t\u00e9 de l&rsquo;UAE Team Emirates. Priv\u00e9 du maillot blanc par Tao Geoghegan Hart en 2020 et par Egan Bernal en 2021 (tous les deux ont remport\u00e9 le g\u00e9n\u00e9ral), il a une grande marge de s\u00e9curit\u00e9 sur ses rivaux. Sauf d\u00e9faillance, maladie ou chute, il doit ramener le maillot blanc \u00e0 V\u00e9rone.<\/p>\n<p style=\"text-align: justify;\">&#x2b50;&#x2b50;&#x2b50; <strong>Attila Valter, Pavel Sivakov et <\/strong><strong>Tobias Foss<\/strong><\/p>\n<p style=\"text-align: justify;\">Porteur du maillot rose sur la derni\u00e8re \u00e9dition, le Hongrois <strong>Attila Valter <\/strong>aura \u00e0 c\u0153ur de briller de nouveau sur le Tour d&rsquo;Italie, surtout avec le Grand D\u00e9part sur ses terres. Quatorzi\u00e8me du g\u00e9n\u00e9ral en 2021, le grimpeur de Cs\u00f6m\u00f6r a montr\u00e9 de belles choses sur les Strade Bianche en d\u00e9but de saison avec une belle quatri\u00e8me place, et a retrouv\u00e9 des sensations en haute montagne sur le Tour des Alpes. Neuvi\u00e8me du g\u00e9n\u00e9ral l&rsquo;an pass\u00e9, <strong>Tobias Foss <\/strong>sera le second atout sur le g\u00e9n\u00e9ral de la Jumbo-Visma. Le Norv\u00e9gien de 22 ans a fini 6e du Tour d&rsquo;Algarve en d\u00e9but de saison mais depuis, plus rien.<\/p>\n<p style=\"text-align: justify;\">Neuvi\u00e8me en 2019, le Fran\u00e7ais de 24 ans, <strong>Pavel Sivakov<\/strong>, a r\u00e9alis\u00e9 un d\u00e9but de saison correct avec une 10e place sur les routes du Tour des Alpes et une 9e place sur le Tour de Valence. Excellent grimpeur et bon rouleur, le vainqueur du Tour des Alpes 2019 aura comme objectif d&rsquo;aider son leader Richard Carapaz, aux d\u00e9pens de ses int\u00e9r\u00eats personnels.<\/p>\n<p><span class=\"VfvmnWrPOt84Uz9k0vpd2n0wiW3RNDaGFtLpK8Hc4ll5NyZg9b1XhZuCMIm1zDodTAQVcX6xwOCIyeYSUsJQ2eKAsjG3MFo7xq7\"><\/p>\n<blockquote class=\"wp-embedded-content\" data-secret=\"yKnG3N5UZy\"><p><a href=\"https:\/\/dicodusport.fr\/blog\/tour-d-italie-2022-favoris-maillot-bleu-classement-montagne\/\">Tour d&rsquo;Italie 2022 : Les favoris pour le maillot bleu du classement de la montagne<\/a><\/p><\/blockquote>\n<p><iframe loading=\"lazy\" class=\"wp-embedded-content\" sandbox=\"allow-scripts\" security=\"restricted\" style=\"position: absolute; clip: rect(1px, 1px, 1px, 1px);\" title=\"\u00ab\u00a0Tour d&rsquo;Italie 2022 : Les favoris pour le maillot bleu du classement de la montagne\u00a0\u00bb &#8212; Dicodusport\" src=\"https:\/\/dicodusport.fr\/blog\/tour-d-italie-2022-favoris-maillot-bleu-classement-montagne\/embed\/#?secret=g17m7Mob1O#?secret=yKnG3N5UZy\" data-secret=\"yKnG3N5UZy\" width=\"600\" height=\"338\" frameborder=\"0\" marginwidth=\"0\" marginheight=\"0\" scrolling=\"no\"><\/iframe><\/span><\/p>\n<p style=\"text-align: justify;\">&#x2b50;&#x2b50; <strong>Ivan Sosa, Alexander Cepeda, Felix Gall<\/strong> <strong>et Thymen Arensman<\/strong><\/p>\n<p style=\"text-align: justify;\">Vainqueur ce week-end du Tour des Asturies, <strong>Ivan Sosa <\/strong>se testera sur trois semaines lors de ce Giro. Tr\u00e8s bon sur une semaine avec deux succ\u00e8s sur le g\u00e9n\u00e9ral du Tour de Burgos et une victoire au Tour de La Provence en 2021, le Colombien n&rsquo;a pas r\u00e9ussi \u00e0 suivre les traces d&rsquo;Egan Bernal sur les Grands Tours. <span class=\"corrected-phrase ng-star-inserted\" data-end=\"305\" data-originaltext=\"A \" data-start=\"304\" data-text=\"\u00c0\"><span class=\"corrected-phrase__displayed-text corrected-phrase__displayed-text_bubbled\" data-group=\"AutoCorrected\" data-suggestions=\"1\" data-type=\"Punctuation\">\u00c0<\/span><\/span> son compteur, une 44e place sur le Giro 2019 et une 62e place sur La Vuelta 2020.<\/p>\n<p style=\"text-align: justify;\">Solide lieutenant pour la victoire finale de Romain Bardet dans les Alpes et 6e de Tirreno-Adriatico, <strong>Thymen Arensman <\/strong>a couru pour le moment deux Tours d&rsquo;Espagne de fa\u00e7on assez anecdotique (41e et 61e). N\u00e9anmoins, le grimpeur de 1m90 a pass\u00e9 un cap cette saison et sera le lieutenant pour soutenir Bardet en haute montagne. <strong>Felix Gall <\/strong>sera le coureur prot\u00e9g\u00e9 pour le classement g\u00e9n\u00e9ral chez AG2r Citro\u00ebn, pour son premier Grand Tour. Le coureur autrichien monte en r\u00e9gime : 12e du Pays Basque et 6e du Tour des Alpes. La carte joker : <strong>Jefferson<\/strong> <strong>Alexander Cepeda<\/strong>. Quatri\u00e8me du Tour des Alpes l&rsquo;an dernier et deuxi\u00e8me du Tour de Sicile cette saison, le petit \u00c9quatorien peut-il marcher dans les pas de Richard Carapaz, toute proportion gard\u00e9e ?<\/p>\n<p style=\"text-align: justify;\">&#x2b50; <strong>Matteo Sobrero<\/strong>, <strong>Matthias Skjelmose Jensen<\/strong>, <strong>Juan Pedro Lopez, Mauro Schmid, Filippo Zana et Mauri Vansevenant<\/strong><\/p>\n<p style=\"text-align: justify;\">Grosse machine \u00e0 rouler et capable de s&rsquo;arracher dans les reliefs, <strong>Matteo Sobrero <\/strong>n&rsquo;a pas encore montr\u00e9 grand-chose sur trois semaines sur son Tour national (61e et 76e). Le troisi\u00e8me du Tour de Slov\u00e9nie 2021 peut nous surprendre en soutien de <strong>Simon Yates. <\/strong><\/p>\n<p style=\"text-align: justify;\">Du c\u00f4t\u00e9 du Wolfpack, deux jeunes seront \u00e0 suivre avec\u00a0<strong>Mauri Vansevenant<\/strong>, dont le profil colle bien aux routes italiennes, et\u00a0<strong>Mauro Schmid<\/strong>, vainqueur d&rsquo;une \u00e9tape l&rsquo;an pass\u00e9. Malheureusement, de gros doutes subsistent en haute montagne. La petite p\u00e9pite Bardiani CSF, <strong>Filippo Zana<\/strong>, a fini 3e du Tour de l&rsquo;Avenir 2021 et sera sans doute en vue dans la montagne. Enfin, <strong>Matthias Skjelmose Jensen<\/strong> a de bonnes aptitudes en montagne, mais le grimpeur danois de 21 ans d\u00e9couvrira une course de trois semaines. L&rsquo;autre atour jeune chez Trek-Segafredo pourrait \u00eatre aussi <strong>Juan Pedro Lopez<\/strong> (13e de la derni\u00e8re Vuelta). L&rsquo;Espagnol a \u00e9t\u00e9 solide sur le Tour du Pays Basque, avec une onzi\u00e8me place finale.<\/p>\n<h2 style=\"text-align: justify;\">\u00c0 lire aussi<\/h2>\n<ul>\n<li style=\"text-align: justify;\"><a href=\"https:\/\/dicodusport.fr\/blog\/les-engages-du-tour-italie-2022\/\" target=\"_blank\" rel=\"noopener\"><strong>Les engag\u00e9s du Tour d&rsquo;Italie 2022<\/strong><\/a><\/li>\n<li style=\"text-align: justify;\"><a href=\"https:\/\/dicodusport.fr\/blog\/tour-italie-2022-le-profil-des-21-etapes\/\" target=\"_blank\" rel=\"noopener\"><b>Le profil des 21 \u00e9tapes du Tour d&rsquo;Italie 2022<\/b><\/a><\/li>\n<\/ul>\n","protected":false},"excerpt":{"rendered":"<p>CYCLISME SUR ROUTE 2022 &#8211; La 105\u00e8me \u00e9dition du Giro, le Tour d&rsquo;Italie 2022 d\u00e9marre ce vendredi 6 mai 2022. D\u00e9couvrez les pr\u00e9tendants au maillot du meilleur jeune au classement g\u00e9n\u00e9ral.<\/p>\n","protected":false},"author":48,"featured_media":221066,"comment_status":"open","ping_status":"closed","sticky":false,"template":"","format":"standard","meta":{"_acf_changed":false,"_daextam_enable_autolinks":"","footnotes":""},"categories":[47041],"tags":[4722],"class_list":["post-220715","post","type-post","status-publish","format-standard","has-post-thumbnail","hentry","category-tour-d-italie","tag-tour-ditalie"],"acf":[],"yoast_head":"<!-- This site is optimized with the Yoast SEO Premium plugin v26.7 (Yoast SEO v26.7) - https:\/\/yoast.com\/wordpress\/plugins\/seo\/ -->\n<title>Tour d&#039;Italie 2022 : Les favoris pour le maillot blanc de meilleur jeune<\/title>\n<meta name=\"description\" content=\"La 105\u00e8me \u00e9dition du Giro, le Tour d&#039;Italie 2022 d\u00e9marre ce vendredi 6 mai 2022. D\u00e9couvrez les pr\u00e9tendants au maillot blanc.\" \/>\n<meta name=\"robots\" content=\"index, follow, max-snippet:-1, max-image-preview:large, max-video-preview:-1\" \/>\n<link rel=\"canonical\" href=\"https:\/\/dicodusport.fr\/blog\/tour-d-italie-2022-favoris-meilleur-blanc-meilleur-jeune\/\" \/>\n<meta property=\"og:locale\" content=\"fr_FR\" \/>\n<meta property=\"og:type\" content=\"article\" \/>\n<meta property=\"og:title\" content=\"Tour d&#039;Italie 2022 : Les favoris pour le maillot blanc de meilleur jeune\" \/>\n<meta property=\"og:description\" content=\"La 105\u00e8me \u00e9dition du Giro, le Tour d&#039;Italie 2022 d\u00e9marre ce vendredi 6 mai 2022. D\u00e9couvrez les pr\u00e9tendants au maillot blanc.\" \/>\n<meta property=\"og:url\" content=\"https:\/\/dicodusport.fr\/blog\/tour-d-italie-2022-favoris-meilleur-blanc-meilleur-jeune\/\" \/>\n<meta property=\"og:site_name\" content=\"Dicodusport\" \/>\n<meta property=\"article:publisher\" content=\"https:\/\/www.facebook.com\/dicodusport\" \/>\n<meta property=\"article:author\" content=\"https:\/\/www.facebook.com\/groups\/LesRoisDuPeloton\" \/>\n<meta property=\"article:published_time\" content=\"2022-05-04T16:53:50+00:00\" \/>\n<meta property=\"article:modified_time\" content=\"2022-05-06T08:25:13+00:00\" \/>\n<meta property=\"og:image\" content=\"https:\/\/dicodusport.fr\/blog\/wp-content\/uploads\/2022\/05\/Tour-dItalie-2022-Les-favoris-pour-le-maillot-blanc-de-meilleur-jeune.png\" \/>\n\t<meta property=\"og:image:width\" content=\"800\" \/>\n\t<meta property=\"og:image:height\" content=\"445\" \/>\n\t<meta property=\"og:image:type\" content=\"image\/png\" \/>\n<meta name=\"author\" content=\"Emilien Descampiaux\" \/>\n<meta name=\"twitter:card\" content=\"summary_large_image\" \/>\n<meta name=\"twitter:title\" content=\"Tour d&#039;Italie 2022 : Les favoris pour le maillot blanc de meilleur jeune\" \/>\n<meta name=\"twitter:creator\" content=\"@https:\/\/twitter.com\/LRoisDuPeloton\" \/>\n<meta name=\"twitter:site\" content=\"@dicodusport\" \/>\n<script type=\"application\/ld+json\" class=\"yoast-schema-graph\">{\"@context\":\"https:\/\/schema.org\",\"@graph\":[{\"@type\":\"NewsArticle\",\"@id\":\"https:\/\/dicodusport.fr\/blog\/tour-d-italie-2022-favoris-meilleur-blanc-meilleur-jeune\/#article\",\"isPartOf\":{\"@id\":\"https:\/\/dicodusport.fr\/blog\/tour-d-italie-2022-favoris-meilleur-blanc-meilleur-jeune\/\"},\"author\":{\"name\":\"Emilien Descampiaux\",\"@id\":\"https:\/\/dicodusport.fr\/blog\/#\/schema\/person\/6db4bae06b171592211be385b32876a7\"},\"headline\":\"Tour d&rsquo;Italie 2022 : Les favoris pour le maillot blanc de meilleur jeune\",\"datePublished\":\"2022-05-04T16:53:50+00:00\",\"dateModified\":\"2022-05-06T08:25:13+00:00\",\"mainEntityOfPage\":{\"@id\":\"https:\/\/dicodusport.fr\/blog\/tour-d-italie-2022-favoris-meilleur-blanc-meilleur-jeune\/\"},\"wordCount\":951,\"commentCount\":0,\"publisher\":{\"@id\":\"https:\/\/dicodusport.fr\/blog\/#organization\"},\"image\":{\"@id\":\"https:\/\/dicodusport.fr\/blog\/tour-d-italie-2022-favoris-meilleur-blanc-meilleur-jeune\/#primaryimage\"},\"thumbnailUrl\":\"https:\/\/dicodusport.fr\/blog\/wp-content\/uploads\/2022\/05\/Tour-dItalie-2022-Les-favoris-pour-le-maillot-blanc-de-meilleur-jeune.png\",\"keywords\":[\"Tour d'Italie\"],\"articleSection\":[\"Tour d'Italie\"],\"inLanguage\":\"fr-FR\",\"potentialAction\":[{\"@type\":\"CommentAction\",\"name\":\"Comment\",\"target\":[\"https:\/\/dicodusport.fr\/blog\/tour-d-italie-2022-favoris-meilleur-blanc-meilleur-jeune\/#respond\"]}],\"copyrightYear\":\"2022\",\"copyrightHolder\":{\"@id\":\"https:\/\/dicodusport.fr\/blog\/#organization\"}},{\"@type\":\"WebPage\",\"@id\":\"https:\/\/dicodusport.fr\/blog\/tour-d-italie-2022-favoris-meilleur-blanc-meilleur-jeune\/\",\"url\":\"https:\/\/dicodusport.fr\/blog\/tour-d-italie-2022-favoris-meilleur-blanc-meilleur-jeune\/\",\"name\":\"Tour d'Italie 2022 : Les favoris pour le maillot blanc de meilleur jeune\",\"isPartOf\":{\"@id\":\"https:\/\/dicodusport.fr\/blog\/#website\"},\"primaryImageOfPage\":{\"@id\":\"https:\/\/dicodusport.fr\/blog\/tour-d-italie-2022-favoris-meilleur-blanc-meilleur-jeune\/#primaryimage\"},\"image\":{\"@id\":\"https:\/\/dicodusport.fr\/blog\/tour-d-italie-2022-favoris-meilleur-blanc-meilleur-jeune\/#primaryimage\"},\"thumbnailUrl\":\"https:\/\/dicodusport.fr\/blog\/wp-content\/uploads\/2022\/05\/Tour-dItalie-2022-Les-favoris-pour-le-maillot-blanc-de-meilleur-jeune.png\",\"datePublished\":\"2022-05-04T16:53:50+00:00\",\"dateModified\":\"2022-05-06T08:25:13+00:00\",\"description\":\"La 105\u00e8me \u00e9dition du Giro, le Tour d'Italie 2022 d\u00e9marre ce vendredi 6 mai 2022. D\u00e9couvrez les pr\u00e9tendants au maillot blanc.\",\"breadcrumb\":{\"@id\":\"https:\/\/dicodusport.fr\/blog\/tour-d-italie-2022-favoris-meilleur-blanc-meilleur-jeune\/#breadcrumb\"},\"inLanguage\":\"fr-FR\",\"potentialAction\":[{\"@type\":\"ReadAction\",\"target\":[\"https:\/\/dicodusport.fr\/blog\/tour-d-italie-2022-favoris-meilleur-blanc-meilleur-jeune\/\"]}]},{\"@type\":\"ImageObject\",\"inLanguage\":\"fr-FR\",\"@id\":\"https:\/\/dicodusport.fr\/blog\/tour-d-italie-2022-favoris-meilleur-blanc-meilleur-jeune\/#primaryimage\",\"url\":\"https:\/\/dicodusport.fr\/blog\/wp-content\/uploads\/2022\/05\/Tour-dItalie-2022-Les-favoris-pour-le-maillot-blanc-de-meilleur-jeune.png\",\"contentUrl\":\"https:\/\/dicodusport.fr\/blog\/wp-content\/uploads\/2022\/05\/Tour-dItalie-2022-Les-favoris-pour-le-maillot-blanc-de-meilleur-jeune.png\",\"width\":800,\"height\":445,\"caption\":\"Tour d'Italie 2022 Les favoris pour le maillot blanc de meilleur jeune\"},{\"@type\":\"BreadcrumbList\",\"@id\":\"https:\/\/dicodusport.fr\/blog\/tour-d-italie-2022-favoris-meilleur-blanc-meilleur-jeune\/#breadcrumb\",\"itemListElement\":[{\"@type\":\"ListItem\",\"position\":1,\"name\":\"Accueil\",\"item\":\"https:\/\/dicodusport.fr\/blog\/\"},{\"@type\":\"ListItem\",\"position\":2,\"name\":\"Tour d&rsquo;Italie 2022 : Les favoris pour le maillot blanc de meilleur jeune\"}]},{\"@type\":\"WebSite\",\"@id\":\"https:\/\/dicodusport.fr\/blog\/#website\",\"url\":\"https:\/\/dicodusport.fr\/blog\/\",\"name\":\"Dicodusport\",\"description\":\"L&#039;encyclop\u00e9die de l&#039;actualit\u00e9 sportive\",\"publisher\":{\"@id\":\"https:\/\/dicodusport.fr\/blog\/#organization\"},\"potentialAction\":[{\"@type\":\"SearchAction\",\"target\":{\"@type\":\"EntryPoint\",\"urlTemplate\":\"https:\/\/dicodusport.fr\/blog\/?s={search_term_string}\"},\"query-input\":{\"@type\":\"PropertyValueSpecification\",\"valueRequired\":true,\"valueName\":\"search_term_string\"}}],\"inLanguage\":\"fr-FR\"},{\"@type\":\"NewsMediaOrganization\",\"@id\":\"https:\/\/dicodusport.fr\/blog\/#organization\",\"name\":\"Dicodusport\",\"url\":\"https:\/\/dicodusport.fr\/blog\/\",\"logo\":{\"@type\":\"ImageObject\",\"inLanguage\":\"fr-FR\",\"@id\":\"https:\/\/dicodusport.fr\/blog\/#\/schema\/logo\/image\/\",\"url\":\"https:\/\/dicodusport.fr\/blog\/wp-content\/uploads\/2020\/06\/cropped-LOGO-DICODUSPORT-2020-SANS-FOND-SANS-TEXTE.png\",\"contentUrl\":\"https:\/\/dicodusport.fr\/blog\/wp-content\/uploads\/2020\/06\/cropped-LOGO-DICODUSPORT-2020-SANS-FOND-SANS-TEXTE.png\",\"width\":512,\"height\":512,\"caption\":\"Dicodusport\"},\"image\":{\"@id\":\"https:\/\/dicodusport.fr\/blog\/#\/schema\/logo\/image\/\"},\"sameAs\":[\"https:\/\/www.facebook.com\/dicodusport\",\"https:\/\/x.com\/dicodusport\",\"https:\/\/www.instagram.com\/dicodusport\/\",\"https:\/\/www.youtube.com\/channel\/UC7V2KZ5sd3htJivAbA4ZG3w\"],\"description\":\"Dicodusport est l'encyclop\u00e9die de l'actualit\u00e9 sportive.\",\"email\":\"bonjour@dicodusport.fr\",\"legalName\":\"DICODUSPORT\",\"foundingDate\":\"2018-01-14\",\"vatID\":\"FR71834470973\",\"taxID\":\"83447097300043\",\"numberOfEmployees\":{\"@type\":\"QuantitativeValue\",\"minValue\":\"1\",\"maxValue\":\"10\"}},{\"@type\":\"Person\",\"@id\":\"https:\/\/dicodusport.fr\/blog\/#\/schema\/person\/6db4bae06b171592211be385b32876a7\",\"name\":\"Emilien Descampiaux\",\"image\":{\"@type\":\"ImageObject\",\"inLanguage\":\"fr-FR\",\"@id\":\"https:\/\/dicodusport.fr\/blog\/#\/schema\/person\/image\/\",\"url\":\"https:\/\/dicodusport.fr\/blog\/wp-content\/uploads\/2021\/05\/Emilien-Descampiaux-150x150.jpg\",\"contentUrl\":\"https:\/\/dicodusport.fr\/blog\/wp-content\/uploads\/2021\/05\/Emilien-Descampiaux-150x150.jpg\",\"caption\":\"Emilien Descampiaux\"},\"description\":\"Journaliste\/r\u00e9dacteur depuis 2014 - Fan de la classe de Frank Vandenbroucke, je vis cyclisme (et de ses paysages) depuis plus de 20 ans. Je suis tr\u00e8s impliqu\u00e9 sur mes diff\u00e9rents r\u00e9seaux sociaux pour partager ma passion sur le monde et l'Histoire de la bicyclette avec ma voix sur les images en noir et blanc du succ\u00e8s de Rik Van Steenbergen lors du Ronde sur le V\u00e9lodrome de Gand.\",\"sameAs\":[\"https:\/\/www.facebook.com\/groups\/LesRoisDuPeloton\",\"https:\/\/x.com\/https:\/\/twitter.com\/LRoisDuPeloton\"],\"url\":\"https:\/\/dicodusport.fr\/blog\/author\/emiliend\/\"}]}<\/script>\n<!-- \/ Yoast SEO Premium plugin. -->","yoast_head_json":{"title":"Tour d'Italie 2022 : Les favoris pour le maillot blanc de meilleur jeune","description":"La 105\u00e8me \u00e9dition du Giro, le Tour d'Italie 2022 d\u00e9marre ce vendredi 6 mai 2022. D\u00e9couvrez les pr\u00e9tendants au maillot blanc.","robots":{"index":"index","follow":"follow","max-snippet":"max-snippet:-1","max-image-preview":"max-image-preview:large","max-video-preview":"max-video-preview:-1"},"canonical":"https:\/\/dicodusport.fr\/blog\/tour-d-italie-2022-favoris-meilleur-blanc-meilleur-jeune\/","og_locale":"fr_FR","og_type":"article","og_title":"Tour d'Italie 2022 : Les favoris pour le maillot blanc de meilleur jeune","og_description":"La 105\u00e8me \u00e9dition du Giro, le Tour d'Italie 2022 d\u00e9marre ce vendredi 6 mai 2022. D\u00e9couvrez les pr\u00e9tendants au maillot blanc.","og_url":"https:\/\/dicodusport.fr\/blog\/tour-d-italie-2022-favoris-meilleur-blanc-meilleur-jeune\/","og_site_name":"Dicodusport","article_publisher":"https:\/\/www.facebook.com\/dicodusport","article_author":"https:\/\/www.facebook.com\/groups\/LesRoisDuPeloton","article_published_time":"2022-05-04T16:53:50+00:00","article_modified_time":"2022-05-06T08:25:13+00:00","og_image":[{"width":800,"height":445,"url":"https:\/\/dicodusport.fr\/blog\/wp-content\/uploads\/2022\/05\/Tour-dItalie-2022-Les-favoris-pour-le-maillot-blanc-de-meilleur-jeune.png","type":"image\/png"}],"author":"Emilien Descampiaux","twitter_card":"summary_large_image","twitter_title":"Tour d'Italie 2022 : Les favoris pour le maillot blanc de meilleur jeune","twitter_creator":"@https:\/\/twitter.com\/LRoisDuPeloton","twitter_site":"@dicodusport","schema":{"@context":"https:\/\/schema.org","@graph":[{"@type":"NewsArticle","@id":"https:\/\/dicodusport.fr\/blog\/tour-d-italie-2022-favoris-meilleur-blanc-meilleur-jeune\/#article","isPartOf":{"@id":"https:\/\/dicodusport.fr\/blog\/tour-d-italie-2022-favoris-meilleur-blanc-meilleur-jeune\/"},"author":{"name":"Emilien Descampiaux","@id":"https:\/\/dicodusport.fr\/blog\/#\/schema\/person\/6db4bae06b171592211be385b32876a7"},"headline":"Tour d&rsquo;Italie 2022 : Les favoris pour le maillot blanc de meilleur jeune","datePublished":"2022-05-04T16:53:50+00:00","dateModified":"2022-05-06T08:25:13+00:00","mainEntityOfPage":{"@id":"https:\/\/dicodusport.fr\/blog\/tour-d-italie-2022-favoris-meilleur-blanc-meilleur-jeune\/"},"wordCount":951,"commentCount":0,"publisher":{"@id":"https:\/\/dicodusport.fr\/blog\/#organization"},"image":{"@id":"https:\/\/dicodusport.fr\/blog\/tour-d-italie-2022-favoris-meilleur-blanc-meilleur-jeune\/#primaryimage"},"thumbnailUrl":"https:\/\/dicodusport.fr\/blog\/wp-content\/uploads\/2022\/05\/Tour-dItalie-2022-Les-favoris-pour-le-maillot-blanc-de-meilleur-jeune.png","keywords":["Tour d'Italie"],"articleSection":["Tour d'Italie"],"inLanguage":"fr-FR","potentialAction":[{"@type":"CommentAction","name":"Comment","target":["https:\/\/dicodusport.fr\/blog\/tour-d-italie-2022-favoris-meilleur-blanc-meilleur-jeune\/#respond"]}],"copyrightYear":"2022","copyrightHolder":{"@id":"https:\/\/dicodusport.fr\/blog\/#organization"}},{"@type":"WebPage","@id":"https:\/\/dicodusport.fr\/blog\/tour-d-italie-2022-favoris-meilleur-blanc-meilleur-jeune\/","url":"https:\/\/dicodusport.fr\/blog\/tour-d-italie-2022-favoris-meilleur-blanc-meilleur-jeune\/","name":"Tour d'Italie 2022 : Les favoris pour le maillot blanc de meilleur jeune","isPartOf":{"@id":"https:\/\/dicodusport.fr\/blog\/#website"},"primaryImageOfPage":{"@id":"https:\/\/dicodusport.fr\/blog\/tour-d-italie-2022-favoris-meilleur-blanc-meilleur-jeune\/#primaryimage"},"image":{"@id":"https:\/\/dicodusport.fr\/blog\/tour-d-italie-2022-favoris-meilleur-blanc-meilleur-jeune\/#primaryimage"},"thumbnailUrl":"https:\/\/dicodusport.fr\/blog\/wp-content\/uploads\/2022\/05\/Tour-dItalie-2022-Les-favoris-pour-le-maillot-blanc-de-meilleur-jeune.png","datePublished":"2022-05-04T16:53:50+00:00","dateModified":"2022-05-06T08:25:13+00:00","description":"La 105\u00e8me \u00e9dition du Giro, le Tour d'Italie 2022 d\u00e9marre ce vendredi 6 mai 2022. D\u00e9couvrez les pr\u00e9tendants au maillot blanc.","breadcrumb":{"@id":"https:\/\/dicodusport.fr\/blog\/tour-d-italie-2022-favoris-meilleur-blanc-meilleur-jeune\/#breadcrumb"},"inLanguage":"fr-FR","potentialAction":[{"@type":"ReadAction","target":["https:\/\/dicodusport.fr\/blog\/tour-d-italie-2022-favoris-meilleur-blanc-meilleur-jeune\/"]}]},{"@type":"ImageObject","inLanguage":"fr-FR","@id":"https:\/\/dicodusport.fr\/blog\/tour-d-italie-2022-favoris-meilleur-blanc-meilleur-jeune\/#primaryimage","url":"https:\/\/dicodusport.fr\/blog\/wp-content\/uploads\/2022\/05\/Tour-dItalie-2022-Les-favoris-pour-le-maillot-blanc-de-meilleur-jeune.png","contentUrl":"https:\/\/dicodusport.fr\/blog\/wp-content\/uploads\/2022\/05\/Tour-dItalie-2022-Les-favoris-pour-le-maillot-blanc-de-meilleur-jeune.png","width":800,"height":445,"caption":"Tour d'Italie 2022 Les favoris pour le maillot blanc de meilleur jeune"},{"@type":"BreadcrumbList","@id":"https:\/\/dicodusport.fr\/blog\/tour-d-italie-2022-favoris-meilleur-blanc-meilleur-jeune\/#breadcrumb","itemListElement":[{"@type":"ListItem","position":1,"name":"Accueil","item":"https:\/\/dicodusport.fr\/blog\/"},{"@type":"ListItem","position":2,"name":"Tour d&rsquo;Italie 2022 : Les favoris pour le maillot blanc de meilleur jeune"}]},{"@type":"WebSite","@id":"https:\/\/dicodusport.fr\/blog\/#website","url":"https:\/\/dicodusport.fr\/blog\/","name":"Dicodusport","description":"L&#039;encyclop\u00e9die de l&#039;actualit\u00e9 sportive","publisher":{"@id":"https:\/\/dicodusport.fr\/blog\/#organization"},"potentialAction":[{"@type":"SearchAction","target":{"@type":"EntryPoint","urlTemplate":"https:\/\/dicodusport.fr\/blog\/?s={search_term_string}"},"query-input":{"@type":"PropertyValueSpecification","valueRequired":true,"valueName":"search_term_string"}}],"inLanguage":"fr-FR"},{"@type":"NewsMediaOrganization","@id":"https:\/\/dicodusport.fr\/blog\/#organization","name":"Dicodusport","url":"https:\/\/dicodusport.fr\/blog\/","logo":{"@type":"ImageObject","inLanguage":"fr-FR","@id":"https:\/\/dicodusport.fr\/blog\/#\/schema\/logo\/image\/","url":"https:\/\/dicodusport.fr\/blog\/wp-content\/uploads\/2020\/06\/cropped-LOGO-DICODUSPORT-2020-SANS-FOND-SANS-TEXTE.png","contentUrl":"https:\/\/dicodusport.fr\/blog\/wp-content\/uploads\/2020\/06\/cropped-LOGO-DICODUSPORT-2020-SANS-FOND-SANS-TEXTE.png","width":512,"height":512,"caption":"Dicodusport"},"image":{"@id":"https:\/\/dicodusport.fr\/blog\/#\/schema\/logo\/image\/"},"sameAs":["https:\/\/www.facebook.com\/dicodusport","https:\/\/x.com\/dicodusport","https:\/\/www.instagram.com\/dicodusport\/","https:\/\/www.youtube.com\/channel\/UC7V2KZ5sd3htJivAbA4ZG3w"],"description":"Dicodusport est l'encyclop\u00e9die de l'actualit\u00e9 sportive.","email":"bonjour@dicodusport.fr","legalName":"DICODUSPORT","foundingDate":"2018-01-14","vatID":"FR71834470973","taxID":"83447097300043","numberOfEmployees":{"@type":"QuantitativeValue","minValue":"1","maxValue":"10"}},{"@type":"Person","@id":"https:\/\/dicodusport.fr\/blog\/#\/schema\/person\/6db4bae06b171592211be385b32876a7","name":"Emilien Descampiaux","image":{"@type":"ImageObject","inLanguage":"fr-FR","@id":"https:\/\/dicodusport.fr\/blog\/#\/schema\/person\/image\/","url":"https:\/\/dicodusport.fr\/blog\/wp-content\/uploads\/2021\/05\/Emilien-Descampiaux-150x150.jpg","contentUrl":"https:\/\/dicodusport.fr\/blog\/wp-content\/uploads\/2021\/05\/Emilien-Descampiaux-150x150.jpg","caption":"Emilien Descampiaux"},"description":"Journaliste\/r\u00e9dacteur depuis 2014 - Fan de la classe de Frank Vandenbroucke, je vis cyclisme (et de ses paysages) depuis plus de 20 ans. Je suis tr\u00e8s impliqu\u00e9 sur mes diff\u00e9rents r\u00e9seaux sociaux pour partager ma passion sur le monde et l'Histoire de la bicyclette avec ma voix sur les images en noir et blanc du succ\u00e8s de Rik Van Steenbergen lors du Ronde sur le V\u00e9lodrome de Gand.","sameAs":["https:\/\/www.facebook.com\/groups\/LesRoisDuPeloton","https:\/\/x.com\/https:\/\/twitter.com\/LRoisDuPeloton"],"url":"https:\/\/dicodusport.fr\/blog\/author\/emiliend\/"}]}},"_links":{"self":[{"href":"https:\/\/dicodusport.fr\/blog\/wp-json\/wp\/v2\/posts\/220715","targetHints":{"allow":["GET"]}}],"collection":[{"href":"https:\/\/dicodusport.fr\/blog\/wp-json\/wp\/v2\/posts"}],"about":[{"href":"https:\/\/dicodusport.fr\/blog\/wp-json\/wp\/v2\/types\/post"}],"author":[{"embeddable":true,"href":"https:\/\/dicodusport.fr\/blog\/wp-json\/wp\/v2\/users\/48"}],"replies":[{"embeddable":true,"href":"https:\/\/dicodusport.fr\/blog\/wp-json\/wp\/v2\/comments?post=220715"}],"version-history":[{"count":0,"href":"https:\/\/dicodusport.fr\/blog\/wp-json\/wp\/v2\/posts\/220715\/revisions"}],"wp:featuredmedia":[{"embeddable":true,"href":"https:\/\/dicodusport.fr\/blog\/wp-json\/wp\/v2\/media\/221066"}],"wp:attachment":[{"href":"https:\/\/dicodusport.fr\/blog\/wp-json\/wp\/v2\/media?parent=220715"}],"wp:term":[{"taxonomy":"category","embeddable":true,"href":"https:\/\/dicodusport.fr\/blog\/wp-json\/wp\/v2\/categories?post=220715"},{"taxonomy":"post_tag","embeddable":true,"href":"https:\/\/dicodusport.fr\/blog\/wp-json\/wp\/v2\/tags?post=220715"}],"curies":[{"name":"wp","href":"https:\/\/api.w.org\/{rel}","templated":true}]}}