{"id":220778,"date":"2022-05-05T10:12:33","date_gmt":"2022-05-05T08:12:33","guid":{"rendered":"https:\/\/dicodusport.fr\/blog\/?p=220778&#038;preview=true&#038;preview_id=220778"},"modified":"2022-05-05T19:37:43","modified_gmt":"2022-05-05T17:37:43","slug":"tour-d-italie-nos-favoris-pour-l-edition-2022","status":"publish","type":"post","link":"https:\/\/dicodusport.fr\/blog\/tour-d-italie-nos-favoris-pour-l-edition-2022\/","title":{"rendered":"Tour d&rsquo;Italie : Nos favoris pour l&rsquo;\u00e9dition 2022"},"content":{"rendered":"<p style=\"text-align: justify;\"><strong><em><a href=\"https:\/\/dicodusport.fr\/blog\/actualites\/cyclisme\/cyclisme-sur-route-2022\/tour-italie-2022\/\">TOUR D&rsquo;ITALIE 2022<\/a> &#8211; Le premier Grand Tour de la saison d\u00e9bute ce vendredi, et promet une course spectaculaire avec un parcours montagneux et une foule de pr\u00e9tendants \u00e0 la succession d&rsquo;Egan Bernal, absent cette ann\u00e9e. Dicodusport vous pr\u00e9sente ses favoris pour cette 105\u00e8me \u00e9dition.\u00a0<\/em><\/strong><\/p>\n<h2 style=\"text-align: justify;\">Notre favori : Richard Carapaz<\/h2>\n<p style=\"text-align: justify;\"><a href=\"https:\/\/dicodusport.fr\/blog\/giro-2019-chad-haga-remporte-la-21eme-etape-richard-carapaz-sacre\/\">Laur\u00e9at en 2019<\/a>, <strong>Richard Carapaz<\/strong> est d\u00e9j\u00e0 mont\u00e9 sur le podium des 3 Grands Tours en carri\u00e8re. Il n&rsquo;a plus concouru sur le Giro depuis son sacre voil\u00e0 trois ans, mais cette course est clairement son objectif prioritaire cette saison. Apr\u00e8s avoir contract\u00e9 le Covid-19 en d\u00e9but d&rsquo;ann\u00e9e, il a montr\u00e9 qu&rsquo;il \u00e9tait en condition fin mars, <a href=\"https:\/\/dicodusport.fr\/blog\/tour-de-catalogne-2022-richard-carapaz-s-impose-6eme-etape-higuita-leader\/\">en d\u00e9crochant la sixi\u00e8me \u00e9tape du Tour de Catalogne<\/a>, dont il terminera deuxi\u00e8me au classement g\u00e9n\u00e9ral. Le parcours montagneux sert ses ambitions, et son \u00e9quipe, INEOS Grenadiers, l&rsquo;a bien entour\u00e9 pour l&rsquo;occasion (<strong>Pavel Sivakov, Jonathan Castroviejo, Richie Porte<\/strong>). Toujours pr\u00e9sent sur les grands rendez-vous (<a href=\"https:\/\/dicodusport.fr\/blog\/jo-tokyo-2020-cyclisme-sur-route-richard-carapaz-remporte-le-titre-olympique\/\">champion olympique sur route en 2021<\/a>), il sera l&rsquo;homme \u00e0 abattre sur ce Giro, en l&rsquo;absence des deux derniers vainqueurs, <a href=\"https:\/\/dicodusport.fr\/blog\/tour-d-italie-2020-tao-geoghegan-hart-ineos-grenadiers-remporte-giro\/\"><strong>Tao Geoghegan Hart<\/strong><\/a> et<a href=\"https:\/\/dicodusport.fr\/blog\/tour-d-italie-2021-filippo-ganna-remporte-la-21eme-etape-egan-bernal-gagne-le-general\/\"><strong> Egan Bernal<\/strong><\/a>.<\/p>\n<table style=\"width: 100%;\">\n<tbody>\n<tr style=\"height: 16px;\">\n<td style=\"border-color: #ffffff; background-color: #404040; text-align: left; vertical-align: middle; width: 600px;\"><span style=\"font-size: 12px; color: #ffffff;\">Cyclisme &#8211; Vendredi 6 mai\u00a0 &#8211; Tour d&rsquo;Italie<\/span><\/td>\n<td style=\"border-color: #ffffff; background-color: #525252; width: 200px; text-align: center; vertical-align: middle;\"><span style=\"font-size: 12px; color: #ffffff;\">1<\/span><\/td>\n<\/tr>\n<tr style=\"height: 24px;\">\n<td style=\"border-color: #ffffff; background-color: #ffffff; text-align: justify; vertical-align: middle; width: 600px;\"><span style=\"font-size: 14px; color: #000000;\"><strong>Richard Carapaz<\/strong><\/span><\/td>\n<td style=\"border-color: #ffffff; background-color: #ffffff; text-align: center; vertical-align: middle; width: 200px;\"><span style=\"font-size: 10px;\"><a href=\"https:\/\/www.winamax.fr\/paris-sportifs\/match\/1000017243?banid=33431\" class=\"su-button su-button-style-flat\" style=\"color:white;background-color:#ff286e;border-color:#cc2058;border-radius:5px\" target=\"_blank\" rel=\"noopener noreferrer\"><span style=\"color:white;padding:0px 16px;font-size:13px;line-height:26px;border-color:#ff699a;border-radius:5px;text-shadow:none\"> 2.30<\/span><\/a><\/span><\/td>\n<\/tr>\n<\/tbody>\n<\/table>\n<blockquote class=\"twitter-tweet\">\n<p dir=\"ltr\" lang=\"es\"><a href=\"https:\/\/twitter.com\/hashtag\/Giro?src=hash&amp;ref_src=twsrc%5Etfw\">#Giro<\/a> &#x1f1ee;&#x1f1f9; 2022<br \/>\n.<br \/>\nIneos Grenadiers confirma el equipo que acompa\u00f1ar\u00e1 a Richard Carapaz &#x1f682;&#x1f1ea;&#x1f1e8;<br \/>\n.<br \/>\nRichard Carapaz<br \/>\nJonathan Castroviejo<br \/>\nJhonatan Narv\u00e1ez<br \/>\nRichie Porte<br \/>\nSalvatore Puccio<br \/>\nPavel Sivakov<br \/>\nBen Swift<br \/>\nBen Tulett<br \/>\n. <a href=\"https:\/\/t.co\/U1BAmSLFFT\">pic.twitter.com\/U1BAmSLFFT<\/a><\/p>\n<p>\u2014 Radio Pedal (@RadioPedalEC) <a href=\"https:\/\/twitter.com\/RadioPedalEC\/status\/1520031868095246336?ref_src=twsrc%5Etfw\">April 29, 2022<\/a><\/p><\/blockquote>\n<p><script async src=\"https:\/\/platform.twitter.com\/widgets.js\" charset=\"utf-8\"><\/script><\/p>\n<h2 style=\"text-align: justify;\">Notre outsider : Jo\u00e3o Almeida<\/h2>\n<p style=\"text-align: justify;\">Pass\u00e9 professionnel en 2020, <strong>Jo\u00e3o Almeida<\/strong> dispute d\u00e9j\u00e0 son troisi\u00e8me Tour d&rsquo;Italie. Quatri\u00e8me cette ann\u00e9e-l\u00e0, 6\u00e8me en 2021, il est clairement un pr\u00e9tendant au podium, voire mieux. Sp\u00e9cialiste des courses \u00e0 \u00e9tapes (vainqueur du <a href=\"https:\/\/dicodusport.fr\/blog\/tour-de-luxembourg-david-gaudu-gagne-la-derniere-etape-almeida-remporte-le-general\/\">Tour du Luxembourg<\/a> et du <a href=\"https:\/\/dicodusport.fr\/blog\/tour-de-pologne-2021-classement-general\/\">Tour de Pologne<\/a> l&rsquo;an dernier), il a rejoint l&rsquo;\u00e9quipe UAE Team Emirates pour magnifier ses chances de succ\u00e8s. Reste \u00e0 savoir quel sera son comportement sur un parcours aussi montagneux. Son \u00e9quipe lui a adjoint <strong>Diego Ulissi<\/strong> et <strong>Davide Formolo<\/strong> (tous deux dans le top 20 l&rsquo;an dernier) pour maximiser ses chances de victoire. UAE poss\u00e8de un effectif riche et vise la victoire sur les trois Grands Tours cette ann\u00e9e, et mise \u00e9norm\u00e9ment sur le Portugais de 23 ans.<\/p>\n<table style=\"width: 100%;\">\n<tbody>\n<tr style=\"height: 16px;\">\n<td style=\"border-color: #ffffff; background-color: #404040; text-align: left; vertical-align: middle; width: 600px;\"><span style=\"font-size: 12px; color: #ffffff;\">Cyclisme &#8211; Vendredi 6 mai\u00a0 &#8211; Tour d&rsquo;Italie<\/span><\/td>\n<td style=\"border-color: #ffffff; background-color: #525252; text-align: center; vertical-align: middle; width: 200px;\"><span style=\"font-size: 12px; color: #ffffff;\">1<\/span><\/td>\n<\/tr>\n<tr style=\"height: 24px;\">\n<td style=\"border-color: #ffffff; background-color: #ffffff; text-align: justify; vertical-align: middle; width: 600px;\"><span style=\"font-size: 14px; color: #000000;\"><strong>Joao Almeida<\/strong><\/span><\/td>\n<td style=\"border-color: #ffffff; background-color: #ffffff; text-align: center; vertical-align: middle; width: 200px;\"><span style=\"font-size: 10px;\"><a href=\"https:\/\/www.winamax.fr\/paris-sportifs\/match\/1000017243?banid=33431\" class=\"su-button su-button-style-flat\" style=\"color:white;background-color:#ff286e;border-color:#cc2058;border-radius:5px\" target=\"_blank\" rel=\"noopener noreferrer\"><span style=\"color:white;padding:0px 16px;font-size:13px;line-height:26px;border-color:#ff699a;border-radius:5px;text-shadow:none\"> 7.00<\/span><\/a><\/span><\/td>\n<\/tr>\n<\/tbody>\n<\/table>\n<blockquote class=\"twitter-tweet\" data-conversation=\"none\">\n<p dir=\"ltr\" lang=\"pt\">L&rsquo;\u00e9quipe UAE Team Emirates pour le Tour d&rsquo;Italie <a href=\"https:\/\/twitter.com\/hashtag\/Giro105?src=hash&amp;ref_src=twsrc%5Etfw\">#Giro105<\/a><br \/>\nJo\u00e3o Almeida &#x1f1f5;&#x1f1f9;<br \/>\nAlessandro Covi &#x1f1ee;&#x1f1f9;<br \/>\nRui Costa &#x1f1f5;&#x1f1f9;<br \/>\nDavide Formolo &#x1f1ee;&#x1f1f9;<br \/>\nFernando Gaviria &#x1f1e8;&#x1f1f4;<br \/>\nRui Oliveira &#x1f1f5;&#x1f1f9;<br \/>\nMaximiliano Richeze &#x1f1e6;&#x1f1f7;<br \/>\nDiego Ulissi &#x1f1ee;&#x1f1f9;<\/p>\n<p>\u2014 CyclismeRevue.be (@CyclismeRevue) <a href=\"https:\/\/twitter.com\/CyclismeRevue\/status\/1520347478792491009?ref_src=twsrc%5Etfw\">April 30, 2022<\/a><\/p><\/blockquote>\n<p><script async src=\"https:\/\/platform.twitter.com\/widgets.js\" charset=\"utf-8\"><\/script><\/p>\n<h2 style=\"text-align: justify;\">Notre coureur \u00e0 suivre : Romain Bardet<\/h2>\n<p style=\"text-align: justify;\">Pour sa premi\u00e8re ann\u00e9e chez la Team DSM l&rsquo;an pass\u00e9, Romain Bardet a termin\u00e9 7\u00e8me de son premier Tour d&rsquo;Italie, sans avoir r\u00e9ellement pes\u00e9 sur la course. De retour cette ann\u00e9e, il arrive avec de plus grandes intentions, comme le prouve <a href=\"https:\/\/dicodusport.fr\/blog\/tour-des-alpes-2022-thibaut-pinot-remporte-la-derniere-etape\/\">sa victoire sur le r\u00e9cent Tour des Alpes<\/a>. Ce succ\u00e8s acquis \u00e0 la p\u00e9dale le classe forc\u00e9ment parmi les coureurs attendus de cette \u00e9dition. Il sera bien entour\u00e9, avec notamment la pr\u00e9sence de<strong> Thymen Arensman<\/strong>, pr\u00e9cieux lors de son succ\u00e8s alpin. \u00c0 31 ans, l&rsquo;Auvergnat commence \u00e0 manquer de temps pour remporter un Grand Tour, ce qui serait une magnifique r\u00e9compense pour un coureur complet comme lui. Cette course montagneuse et tr\u00e8s ouverte pourra peut-\u00eatre lui sourire.<\/p>\n<table style=\"width: 100%;\">\n<tbody>\n<tr style=\"height: 16px;\">\n<td style=\"border-color: #ffffff; background-color: #404040; text-align: left; vertical-align: middle; width: 600px;\"><span style=\"font-size: 12px; color: #ffffff;\">Cyclisme &#8211; Vendredi 6 mai\u00a0 &#8211; Tour d&rsquo;Italie<\/span><\/td>\n<td style=\"border-color: #ffffff; background-color: #525252; text-align: center; vertical-align: middle; width: 200px;\"><span style=\"font-size: 12px; color: #ffffff;\">1<\/span><\/td>\n<\/tr>\n<tr style=\"height: 24px;\">\n<td style=\"border-color: #ffffff; background-color: #ffffff; text-align: justify; vertical-align: middle; width: 600px;\"><span style=\"font-size: 14px; color: #000000;\"><strong>Romain Bardet<\/strong><\/span><\/td>\n<td style=\"border-color: #ffffff; background-color: #ffffff; text-align: center; vertical-align: middle; width: 200px;\"><span style=\"font-size: 10px;\"><a href=\"https:\/\/www.winamax.fr\/paris-sportifs\/match\/1000017243?banid=33431\" class=\"su-button su-button-style-flat\" style=\"color:white;background-color:#ff286e;border-color:#cc2058;border-radius:5px\" target=\"_blank\" rel=\"noopener noreferrer\"><span style=\"color:white;padding:0px 16px;font-size:13px;line-height:26px;border-color:#ff699a;border-radius:5px;text-shadow:none\"> 15<\/span><\/a><\/span><\/td>\n<\/tr>\n<\/tbody>\n<\/table>\n<blockquote class=\"twitter-tweet\">\n<p dir=\"ltr\" lang=\"es\">\n<\/blockquote>\n<blockquote class=\"twitter-tweet\">\n<p dir=\"ltr\" lang=\"fr\">&#x1f5e3; \u00ab\u00a0Ce que j\u2019y ai fait l\u2019an dernier m\u2019a donn\u00e9 envie de pr\u00e9parer le Giro \u00e0 fond\u00a0\u00bb<\/p>\n<p>Invit\u00e9 de <a href=\"https:\/\/twitter.com\/hashtag\/BistroVelo?src=hash&amp;ref_src=twsrc%5Etfw\">#BistroVelo<\/a>, <a href=\"https:\/\/twitter.com\/romainbardet?ref_src=twsrc%5Etfw\">@romainbardet<\/a> \u00e9voque sa pr\u00e9paration pour le Tour d&rsquo;Italie qui s&rsquo;\u00e9lance vendredi de Budapest ! <a href=\"https:\/\/twitter.com\/hashtag\/LesRP?src=hash&amp;ref_src=twsrc%5Etfw\">#LesRP<\/a> <a href=\"https:\/\/t.co\/aHkKqhAUIw\">pic.twitter.com\/aHkKqhAUIw<\/a><\/p>\n<p>\u2014 Eurosport France (@Eurosport_FR) <a href=\"https:\/\/twitter.com\/Eurosport_FR\/status\/1521436699984805888?ref_src=twsrc%5Etfw\">May 3, 2022<\/a><\/p><\/blockquote>\n<p><script async src=\"https:\/\/platform.twitter.com\/widgets.js\" charset=\"utf-8\"><\/script><\/p>\n<h2 style=\"text-align: justify;\">\u00c0 lire aussi<\/h2>\n<ul>\n<li style=\"text-align: justify;\"><a href=\"https:\/\/dicodusport.fr\/blog\/les-engages-du-tour-italie-2022\/\" target=\"_blank\" rel=\"noopener\"><strong>Les engag\u00e9s du Tour d\u2019Italie 2022<\/strong><\/a><\/li>\n<li style=\"text-align: justify;\"><a href=\"https:\/\/dicodusport.fr\/blog\/tour-italie-2022-le-profil-des-21-etapes\/\" target=\"_blank\" rel=\"noopener\"><b>Le profil des 21 \u00e9tapes du Tour d\u2019Italie 2022<\/b><\/a><\/li>\n<li style=\"text-align: justify;\"><a href=\"https:\/\/dicodusport.fr\/blog\/tour-d-italie-2022-favoris-meilleur-blanc-meilleur-jeune\/\"><strong>Les favoris pour le maillot blanc<\/strong><\/a><\/li>\n<li style=\"text-align: justify;\"><a href=\"https:\/\/dicodusport.fr\/blog\/tour-d-italie-2022-favoris-maillot-bleu-classement-montagne\/\"><strong>Les favoris pour le maillot bleu<\/strong><\/a><\/li>\n<li style=\"text-align: justify;\"><a href=\"https:\/\/dicodusport.fr\/blog\/tour-ditalie-2022-les-favoris-du-maillot-cyclamen-pour-le-classement-par-points\/\"><strong>Les favoris pour le maillot cyclamen<\/strong><\/a><\/li>\n<\/ul>\n<p>&nbsp;<\/p>\n","protected":false},"excerpt":{"rendered":"<p>TOUR D&rsquo;ITALIE 2022 &#8211; Le premier Grand Tour de la saison d\u00e9bute ce vendredi, et promet une course spectaculaire avec un parcours montagneux et une foule de pr\u00e9tendants \u00e0 la succession d&rsquo;Egan Bernal, absent cette ann\u00e9e. Dicodusport vous pr\u00e9sente ses favoris pour cette 105\u00e8me \u00e9dition.\u00a0<\/p>\n","protected":false},"author":59,"featured_media":221152,"comment_status":"open","ping_status":"closed","sticky":false,"template":"","format":"standard","meta":{"_acf_changed":false,"_daextam_enable_autolinks":"","footnotes":""},"categories":[47041],"tags":[574,23293,11391,3646,24],"class_list":["post-220778","post","type-post","status-publish","format-standard","has-post-thumbnail","hentry","category-tour-d-italie","tag-cyclisme","tag-joao-almeida","tag-richard-carapaz","tag-romain-bardet","tag-sport"],"acf":[],"yoast_head":"<!-- This site is optimized with the Yoast SEO Premium plugin v26.7 (Yoast SEO v26.7) - https:\/\/yoast.com\/wordpress\/plugins\/seo\/ -->\n<title>Tour d&#039;Italie : Nos favoris pour l&#039;\u00e9dition 2022<\/title>\n<meta name=\"description\" content=\"TOUR D&#039;ITALIE 2022 - Dicodusport vous pr\u00e9sente ses favoris \u00e0 la succession d&#039;Egan Bernal pour cette 105\u00e8me \u00e9dition du Tour d&#039;Italie.\" \/>\n<meta name=\"robots\" content=\"index, follow, max-snippet:-1, max-image-preview:large, max-video-preview:-1\" \/>\n<link rel=\"canonical\" href=\"https:\/\/dicodusport.fr\/blog\/tour-d-italie-nos-favoris-pour-l-edition-2022\/\" \/>\n<meta property=\"og:locale\" content=\"fr_FR\" \/>\n<meta property=\"og:type\" content=\"article\" \/>\n<meta property=\"og:title\" content=\"Tour d&#039;Italie : Nos favoris pour l&#039;\u00e9dition 2022\" \/>\n<meta property=\"og:description\" content=\"TOUR D&#039;ITALIE 2022 - Dicodusport vous pr\u00e9sente ses favoris \u00e0 la succession d&#039;Egan Bernal pour cette 105\u00e8me \u00e9dition du Tour d&#039;Italie.\" \/>\n<meta property=\"og:url\" content=\"https:\/\/dicodusport.fr\/blog\/tour-d-italie-nos-favoris-pour-l-edition-2022\/\" \/>\n<meta property=\"og:site_name\" content=\"Dicodusport\" \/>\n<meta property=\"article:publisher\" content=\"https:\/\/www.facebook.com\/dicodusport\" \/>\n<meta property=\"article:author\" content=\"https:\/\/www.facebook.com\/sebastien.gente\/\" \/>\n<meta property=\"article:published_time\" content=\"2022-05-05T08:12:33+00:00\" \/>\n<meta property=\"article:modified_time\" content=\"2022-05-05T17:37:43+00:00\" \/>\n<meta property=\"og:image\" content=\"https:\/\/dicodusport.fr\/blog\/wp-content\/uploads\/2022\/05\/Tour-dItalie-Nos-favoris-pour-ledition-2022.png\" \/>\n\t<meta property=\"og:image:width\" content=\"800\" \/>\n\t<meta property=\"og:image:height\" content=\"445\" \/>\n\t<meta property=\"og:image:type\" content=\"image\/png\" \/>\n<meta name=\"author\" content=\"S\u00e9bastien Gente\" \/>\n<meta name=\"twitter:card\" content=\"summary_large_image\" \/>\n<meta name=\"twitter:title\" content=\"Tour d&#039;Italie : Nos favoris pour l&#039;\u00e9dition 2022\" \/>\n<meta name=\"twitter:creator\" content=\"@https:\/\/twitter.com\/globulo24\" \/>\n<meta name=\"twitter:site\" content=\"@dicodusport\" \/>\n<script type=\"application\/ld+json\" class=\"yoast-schema-graph\">{\"@context\":\"https:\/\/schema.org\",\"@graph\":[{\"@type\":\"NewsArticle\",\"@id\":\"https:\/\/dicodusport.fr\/blog\/tour-d-italie-nos-favoris-pour-l-edition-2022\/#article\",\"isPartOf\":{\"@id\":\"https:\/\/dicodusport.fr\/blog\/tour-d-italie-nos-favoris-pour-l-edition-2022\/\"},\"author\":{\"name\":\"S\u00e9bastien Gente\",\"@id\":\"https:\/\/dicodusport.fr\/blog\/#\/schema\/person\/627966a6cde45dbd8c5e36ac85d783da\"},\"headline\":\"Tour d&rsquo;Italie : Nos favoris pour l&rsquo;\u00e9dition 2022\",\"datePublished\":\"2022-05-05T08:12:33+00:00\",\"dateModified\":\"2022-05-05T17:37:43+00:00\",\"mainEntityOfPage\":{\"@id\":\"https:\/\/dicodusport.fr\/blog\/tour-d-italie-nos-favoris-pour-l-edition-2022\/\"},\"wordCount\":789,\"commentCount\":1,\"publisher\":{\"@id\":\"https:\/\/dicodusport.fr\/blog\/#organization\"},\"image\":{\"@id\":\"https:\/\/dicodusport.fr\/blog\/tour-d-italie-nos-favoris-pour-l-edition-2022\/#primaryimage\"},\"thumbnailUrl\":\"https:\/\/dicodusport.fr\/blog\/wp-content\/uploads\/2022\/05\/Tour-dItalie-Nos-favoris-pour-ledition-2022.png\",\"keywords\":[\"Cyclisme\",\"Joao Almeida\",\"Richard Carapaz\",\"Romain Bardet\",\"sport\"],\"articleSection\":[\"Tour d'Italie\"],\"inLanguage\":\"fr-FR\",\"potentialAction\":[{\"@type\":\"CommentAction\",\"name\":\"Comment\",\"target\":[\"https:\/\/dicodusport.fr\/blog\/tour-d-italie-nos-favoris-pour-l-edition-2022\/#respond\"]}],\"copyrightYear\":\"2022\",\"copyrightHolder\":{\"@id\":\"https:\/\/dicodusport.fr\/blog\/#organization\"}},{\"@type\":\"WebPage\",\"@id\":\"https:\/\/dicodusport.fr\/blog\/tour-d-italie-nos-favoris-pour-l-edition-2022\/\",\"url\":\"https:\/\/dicodusport.fr\/blog\/tour-d-italie-nos-favoris-pour-l-edition-2022\/\",\"name\":\"Tour d'Italie : Nos favoris pour l'\u00e9dition 2022\",\"isPartOf\":{\"@id\":\"https:\/\/dicodusport.fr\/blog\/#website\"},\"primaryImageOfPage\":{\"@id\":\"https:\/\/dicodusport.fr\/blog\/tour-d-italie-nos-favoris-pour-l-edition-2022\/#primaryimage\"},\"image\":{\"@id\":\"https:\/\/dicodusport.fr\/blog\/tour-d-italie-nos-favoris-pour-l-edition-2022\/#primaryimage\"},\"thumbnailUrl\":\"https:\/\/dicodusport.fr\/blog\/wp-content\/uploads\/2022\/05\/Tour-dItalie-Nos-favoris-pour-ledition-2022.png\",\"datePublished\":\"2022-05-05T08:12:33+00:00\",\"dateModified\":\"2022-05-05T17:37:43+00:00\",\"description\":\"TOUR D'ITALIE 2022 - Dicodusport vous pr\u00e9sente ses favoris \u00e0 la succession d'Egan Bernal pour cette 105\u00e8me \u00e9dition du Tour d'Italie.\",\"breadcrumb\":{\"@id\":\"https:\/\/dicodusport.fr\/blog\/tour-d-italie-nos-favoris-pour-l-edition-2022\/#breadcrumb\"},\"inLanguage\":\"fr-FR\",\"potentialAction\":[{\"@type\":\"ReadAction\",\"target\":[\"https:\/\/dicodusport.fr\/blog\/tour-d-italie-nos-favoris-pour-l-edition-2022\/\"]}]},{\"@type\":\"ImageObject\",\"inLanguage\":\"fr-FR\",\"@id\":\"https:\/\/dicodusport.fr\/blog\/tour-d-italie-nos-favoris-pour-l-edition-2022\/#primaryimage\",\"url\":\"https:\/\/dicodusport.fr\/blog\/wp-content\/uploads\/2022\/05\/Tour-dItalie-Nos-favoris-pour-ledition-2022.png\",\"contentUrl\":\"https:\/\/dicodusport.fr\/blog\/wp-content\/uploads\/2022\/05\/Tour-dItalie-Nos-favoris-pour-ledition-2022.png\",\"width\":800,\"height\":445,\"caption\":\"Tour d'Italie Nos favoris pour l'\u00e9dition 2022\"},{\"@type\":\"BreadcrumbList\",\"@id\":\"https:\/\/dicodusport.fr\/blog\/tour-d-italie-nos-favoris-pour-l-edition-2022\/#breadcrumb\",\"itemListElement\":[{\"@type\":\"ListItem\",\"position\":1,\"name\":\"Accueil\",\"item\":\"https:\/\/dicodusport.fr\/blog\/\"},{\"@type\":\"ListItem\",\"position\":2,\"name\":\"Tour d&rsquo;Italie : Nos favoris pour l&rsquo;\u00e9dition 2022\"}]},{\"@type\":\"WebSite\",\"@id\":\"https:\/\/dicodusport.fr\/blog\/#website\",\"url\":\"https:\/\/dicodusport.fr\/blog\/\",\"name\":\"Dicodusport\",\"description\":\"L&#039;encyclop\u00e9die de l&#039;actualit\u00e9 sportive\",\"publisher\":{\"@id\":\"https:\/\/dicodusport.fr\/blog\/#organization\"},\"potentialAction\":[{\"@type\":\"SearchAction\",\"target\":{\"@type\":\"EntryPoint\",\"urlTemplate\":\"https:\/\/dicodusport.fr\/blog\/?s={search_term_string}\"},\"query-input\":{\"@type\":\"PropertyValueSpecification\",\"valueRequired\":true,\"valueName\":\"search_term_string\"}}],\"inLanguage\":\"fr-FR\"},{\"@type\":\"NewsMediaOrganization\",\"@id\":\"https:\/\/dicodusport.fr\/blog\/#organization\",\"name\":\"Dicodusport\",\"url\":\"https:\/\/dicodusport.fr\/blog\/\",\"logo\":{\"@type\":\"ImageObject\",\"inLanguage\":\"fr-FR\",\"@id\":\"https:\/\/dicodusport.fr\/blog\/#\/schema\/logo\/image\/\",\"url\":\"https:\/\/dicodusport.fr\/blog\/wp-content\/uploads\/2020\/06\/cropped-LOGO-DICODUSPORT-2020-SANS-FOND-SANS-TEXTE.png\",\"contentUrl\":\"https:\/\/dicodusport.fr\/blog\/wp-content\/uploads\/2020\/06\/cropped-LOGO-DICODUSPORT-2020-SANS-FOND-SANS-TEXTE.png\",\"width\":512,\"height\":512,\"caption\":\"Dicodusport\"},\"image\":{\"@id\":\"https:\/\/dicodusport.fr\/blog\/#\/schema\/logo\/image\/\"},\"sameAs\":[\"https:\/\/www.facebook.com\/dicodusport\",\"https:\/\/x.com\/dicodusport\",\"https:\/\/www.instagram.com\/dicodusport\/\",\"https:\/\/www.youtube.com\/channel\/UC7V2KZ5sd3htJivAbA4ZG3w\"],\"description\":\"Dicodusport est l'encyclop\u00e9die de l'actualit\u00e9 sportive.\",\"email\":\"bonjour@dicodusport.fr\",\"legalName\":\"DICODUSPORT\",\"foundingDate\":\"2018-01-14\",\"vatID\":\"FR71834470973\",\"taxID\":\"83447097300043\",\"numberOfEmployees\":{\"@type\":\"QuantitativeValue\",\"minValue\":\"1\",\"maxValue\":\"10\"}},{\"@type\":\"Person\",\"@id\":\"https:\/\/dicodusport.fr\/blog\/#\/schema\/person\/627966a6cde45dbd8c5e36ac85d783da\",\"name\":\"S\u00e9bastien Gente\",\"image\":{\"@type\":\"ImageObject\",\"inLanguage\":\"fr-FR\",\"@id\":\"https:\/\/dicodusport.fr\/blog\/#\/schema\/person\/image\/\",\"url\":\"https:\/\/dicodusport.fr\/blog\/wp-content\/uploads\/2021\/09\/1510990_10205810251400683_4124423575079401707_n-150x150.jpg\",\"contentUrl\":\"https:\/\/dicodusport.fr\/blog\/wp-content\/uploads\/2021\/09\/1510990_10205810251400683_4124423575079401707_n-150x150.jpg\",\"caption\":\"S\u00e9bastien Gente\"},\"description\":\"John Stockton, Gianni Bugno, Zinedine Zidane, Steffi Graf, Frode Andresen, St\u00e9phane Stoecklin, Davis Kamoga, Primoz Peterka, Werner Schlager et Aur\u00e9lien Rougerie. Point commun entre ces sportifs? Ils m'ont fait r\u00eaver et ont berc\u00e9 mon adolescence. Je suis un fondu de sports et j'essaie de retranscrire ma passion \u00e0 travers mes articles. Originaire du P\u00e9rigord, ma passion pour les Girondins, les Jaunards et les Jazzmen transpire dans mes \u00e9crits. \u00c0 Dicodusport depuis 2021, je d\u00e9niche les sports m\u00e9connus dans lesquels la France brille, et il y en a !\",\"sameAs\":[\"https:\/\/www.facebook.com\/sebastien.gente\/\",\"https:\/\/www.instagram.com\/sebgente\/\",\"https:\/\/www.linkedin.com\/in\/sbastien-gente-a29583169\/\",\"https:\/\/x.com\/https:\/\/twitter.com\/globulo24\",\"SebastienGente\"],\"worksFor\":\"S\u00e9bastien GENTE\",\"url\":\"https:\/\/dicodusport.fr\/blog\/author\/sebastiengente\/\"}]}<\/script>\n<!-- \/ Yoast SEO Premium plugin. -->","yoast_head_json":{"title":"Tour d'Italie : Nos favoris pour l'\u00e9dition 2022","description":"TOUR D'ITALIE 2022 - Dicodusport vous pr\u00e9sente ses favoris \u00e0 la succession d'Egan Bernal pour cette 105\u00e8me \u00e9dition du Tour d'Italie.","robots":{"index":"index","follow":"follow","max-snippet":"max-snippet:-1","max-image-preview":"max-image-preview:large","max-video-preview":"max-video-preview:-1"},"canonical":"https:\/\/dicodusport.fr\/blog\/tour-d-italie-nos-favoris-pour-l-edition-2022\/","og_locale":"fr_FR","og_type":"article","og_title":"Tour d'Italie : Nos favoris pour l'\u00e9dition 2022","og_description":"TOUR D'ITALIE 2022 - Dicodusport vous pr\u00e9sente ses favoris \u00e0 la succession d'Egan Bernal pour cette 105\u00e8me \u00e9dition du Tour d'Italie.","og_url":"https:\/\/dicodusport.fr\/blog\/tour-d-italie-nos-favoris-pour-l-edition-2022\/","og_site_name":"Dicodusport","article_publisher":"https:\/\/www.facebook.com\/dicodusport","article_author":"https:\/\/www.facebook.com\/sebastien.gente\/","article_published_time":"2022-05-05T08:12:33+00:00","article_modified_time":"2022-05-05T17:37:43+00:00","og_image":[{"width":800,"height":445,"url":"https:\/\/dicodusport.fr\/blog\/wp-content\/uploads\/2022\/05\/Tour-dItalie-Nos-favoris-pour-ledition-2022.png","type":"image\/png"}],"author":"S\u00e9bastien Gente","twitter_card":"summary_large_image","twitter_title":"Tour d'Italie : Nos favoris pour l'\u00e9dition 2022","twitter_creator":"@https:\/\/twitter.com\/globulo24","twitter_site":"@dicodusport","schema":{"@context":"https:\/\/schema.org","@graph":[{"@type":"NewsArticle","@id":"https:\/\/dicodusport.fr\/blog\/tour-d-italie-nos-favoris-pour-l-edition-2022\/#article","isPartOf":{"@id":"https:\/\/dicodusport.fr\/blog\/tour-d-italie-nos-favoris-pour-l-edition-2022\/"},"author":{"name":"S\u00e9bastien Gente","@id":"https:\/\/dicodusport.fr\/blog\/#\/schema\/person\/627966a6cde45dbd8c5e36ac85d783da"},"headline":"Tour d&rsquo;Italie : Nos favoris pour l&rsquo;\u00e9dition 2022","datePublished":"2022-05-05T08:12:33+00:00","dateModified":"2022-05-05T17:37:43+00:00","mainEntityOfPage":{"@id":"https:\/\/dicodusport.fr\/blog\/tour-d-italie-nos-favoris-pour-l-edition-2022\/"},"wordCount":789,"commentCount":1,"publisher":{"@id":"https:\/\/dicodusport.fr\/blog\/#organization"},"image":{"@id":"https:\/\/dicodusport.fr\/blog\/tour-d-italie-nos-favoris-pour-l-edition-2022\/#primaryimage"},"thumbnailUrl":"https:\/\/dicodusport.fr\/blog\/wp-content\/uploads\/2022\/05\/Tour-dItalie-Nos-favoris-pour-ledition-2022.png","keywords":["Cyclisme","Joao Almeida","Richard Carapaz","Romain Bardet","sport"],"articleSection":["Tour d'Italie"],"inLanguage":"fr-FR","potentialAction":[{"@type":"CommentAction","name":"Comment","target":["https:\/\/dicodusport.fr\/blog\/tour-d-italie-nos-favoris-pour-l-edition-2022\/#respond"]}],"copyrightYear":"2022","copyrightHolder":{"@id":"https:\/\/dicodusport.fr\/blog\/#organization"}},{"@type":"WebPage","@id":"https:\/\/dicodusport.fr\/blog\/tour-d-italie-nos-favoris-pour-l-edition-2022\/","url":"https:\/\/dicodusport.fr\/blog\/tour-d-italie-nos-favoris-pour-l-edition-2022\/","name":"Tour d'Italie : Nos favoris pour l'\u00e9dition 2022","isPartOf":{"@id":"https:\/\/dicodusport.fr\/blog\/#website"},"primaryImageOfPage":{"@id":"https:\/\/dicodusport.fr\/blog\/tour-d-italie-nos-favoris-pour-l-edition-2022\/#primaryimage"},"image":{"@id":"https:\/\/dicodusport.fr\/blog\/tour-d-italie-nos-favoris-pour-l-edition-2022\/#primaryimage"},"thumbnailUrl":"https:\/\/dicodusport.fr\/blog\/wp-content\/uploads\/2022\/05\/Tour-dItalie-Nos-favoris-pour-ledition-2022.png","datePublished":"2022-05-05T08:12:33+00:00","dateModified":"2022-05-05T17:37:43+00:00","description":"TOUR D'ITALIE 2022 - Dicodusport vous pr\u00e9sente ses favoris \u00e0 la succession d'Egan Bernal pour cette 105\u00e8me \u00e9dition du Tour d'Italie.","breadcrumb":{"@id":"https:\/\/dicodusport.fr\/blog\/tour-d-italie-nos-favoris-pour-l-edition-2022\/#breadcrumb"},"inLanguage":"fr-FR","potentialAction":[{"@type":"ReadAction","target":["https:\/\/dicodusport.fr\/blog\/tour-d-italie-nos-favoris-pour-l-edition-2022\/"]}]},{"@type":"ImageObject","inLanguage":"fr-FR","@id":"https:\/\/dicodusport.fr\/blog\/tour-d-italie-nos-favoris-pour-l-edition-2022\/#primaryimage","url":"https:\/\/dicodusport.fr\/blog\/wp-content\/uploads\/2022\/05\/Tour-dItalie-Nos-favoris-pour-ledition-2022.png","contentUrl":"https:\/\/dicodusport.fr\/blog\/wp-content\/uploads\/2022\/05\/Tour-dItalie-Nos-favoris-pour-ledition-2022.png","width":800,"height":445,"caption":"Tour d'Italie Nos favoris pour l'\u00e9dition 2022"},{"@type":"BreadcrumbList","@id":"https:\/\/dicodusport.fr\/blog\/tour-d-italie-nos-favoris-pour-l-edition-2022\/#breadcrumb","itemListElement":[{"@type":"ListItem","position":1,"name":"Accueil","item":"https:\/\/dicodusport.fr\/blog\/"},{"@type":"ListItem","position":2,"name":"Tour d&rsquo;Italie : Nos favoris pour l&rsquo;\u00e9dition 2022"}]},{"@type":"WebSite","@id":"https:\/\/dicodusport.fr\/blog\/#website","url":"https:\/\/dicodusport.fr\/blog\/","name":"Dicodusport","description":"L&#039;encyclop\u00e9die de l&#039;actualit\u00e9 sportive","publisher":{"@id":"https:\/\/dicodusport.fr\/blog\/#organization"},"potentialAction":[{"@type":"SearchAction","target":{"@type":"EntryPoint","urlTemplate":"https:\/\/dicodusport.fr\/blog\/?s={search_term_string}"},"query-input":{"@type":"PropertyValueSpecification","valueRequired":true,"valueName":"search_term_string"}}],"inLanguage":"fr-FR"},{"@type":"NewsMediaOrganization","@id":"https:\/\/dicodusport.fr\/blog\/#organization","name":"Dicodusport","url":"https:\/\/dicodusport.fr\/blog\/","logo":{"@type":"ImageObject","inLanguage":"fr-FR","@id":"https:\/\/dicodusport.fr\/blog\/#\/schema\/logo\/image\/","url":"https:\/\/dicodusport.fr\/blog\/wp-content\/uploads\/2020\/06\/cropped-LOGO-DICODUSPORT-2020-SANS-FOND-SANS-TEXTE.png","contentUrl":"https:\/\/dicodusport.fr\/blog\/wp-content\/uploads\/2020\/06\/cropped-LOGO-DICODUSPORT-2020-SANS-FOND-SANS-TEXTE.png","width":512,"height":512,"caption":"Dicodusport"},"image":{"@id":"https:\/\/dicodusport.fr\/blog\/#\/schema\/logo\/image\/"},"sameAs":["https:\/\/www.facebook.com\/dicodusport","https:\/\/x.com\/dicodusport","https:\/\/www.instagram.com\/dicodusport\/","https:\/\/www.youtube.com\/channel\/UC7V2KZ5sd3htJivAbA4ZG3w"],"description":"Dicodusport est l'encyclop\u00e9die de l'actualit\u00e9 sportive.","email":"bonjour@dicodusport.fr","legalName":"DICODUSPORT","foundingDate":"2018-01-14","vatID":"FR71834470973","taxID":"83447097300043","numberOfEmployees":{"@type":"QuantitativeValue","minValue":"1","maxValue":"10"}},{"@type":"Person","@id":"https:\/\/dicodusport.fr\/blog\/#\/schema\/person\/627966a6cde45dbd8c5e36ac85d783da","name":"S\u00e9bastien Gente","image":{"@type":"ImageObject","inLanguage":"fr-FR","@id":"https:\/\/dicodusport.fr\/blog\/#\/schema\/person\/image\/","url":"https:\/\/dicodusport.fr\/blog\/wp-content\/uploads\/2021\/09\/1510990_10205810251400683_4124423575079401707_n-150x150.jpg","contentUrl":"https:\/\/dicodusport.fr\/blog\/wp-content\/uploads\/2021\/09\/1510990_10205810251400683_4124423575079401707_n-150x150.jpg","caption":"S\u00e9bastien Gente"},"description":"John Stockton, Gianni Bugno, Zinedine Zidane, Steffi Graf, Frode Andresen, St\u00e9phane Stoecklin, Davis Kamoga, Primoz Peterka, Werner Schlager et Aur\u00e9lien Rougerie. Point commun entre ces sportifs? Ils m'ont fait r\u00eaver et ont berc\u00e9 mon adolescence. Je suis un fondu de sports et j'essaie de retranscrire ma passion \u00e0 travers mes articles. Originaire du P\u00e9rigord, ma passion pour les Girondins, les Jaunards et les Jazzmen transpire dans mes \u00e9crits. \u00c0 Dicodusport depuis 2021, je d\u00e9niche les sports m\u00e9connus dans lesquels la France brille, et il y en a !","sameAs":["https:\/\/www.facebook.com\/sebastien.gente\/","https:\/\/www.instagram.com\/sebgente\/","https:\/\/www.linkedin.com\/in\/sbastien-gente-a29583169\/","https:\/\/x.com\/https:\/\/twitter.com\/globulo24","SebastienGente"],"worksFor":"S\u00e9bastien GENTE","url":"https:\/\/dicodusport.fr\/blog\/author\/sebastiengente\/"}]}},"_links":{"self":[{"href":"https:\/\/dicodusport.fr\/blog\/wp-json\/wp\/v2\/posts\/220778","targetHints":{"allow":["GET"]}}],"collection":[{"href":"https:\/\/dicodusport.fr\/blog\/wp-json\/wp\/v2\/posts"}],"about":[{"href":"https:\/\/dicodusport.fr\/blog\/wp-json\/wp\/v2\/types\/post"}],"author":[{"embeddable":true,"href":"https:\/\/dicodusport.fr\/blog\/wp-json\/wp\/v2\/users\/59"}],"replies":[{"embeddable":true,"href":"https:\/\/dicodusport.fr\/blog\/wp-json\/wp\/v2\/comments?post=220778"}],"version-history":[{"count":0,"href":"https:\/\/dicodusport.fr\/blog\/wp-json\/wp\/v2\/posts\/220778\/revisions"}],"wp:featuredmedia":[{"embeddable":true,"href":"https:\/\/dicodusport.fr\/blog\/wp-json\/wp\/v2\/media\/221152"}],"wp:attachment":[{"href":"https:\/\/dicodusport.fr\/blog\/wp-json\/wp\/v2\/media?parent=220778"}],"wp:term":[{"taxonomy":"category","embeddable":true,"href":"https:\/\/dicodusport.fr\/blog\/wp-json\/wp\/v2\/categories?post=220778"},{"taxonomy":"post_tag","embeddable":true,"href":"https:\/\/dicodusport.fr\/blog\/wp-json\/wp\/v2\/tags?post=220778"}],"curies":[{"name":"wp","href":"https:\/\/api.w.org\/{rel}","templated":true}]}}