{"id":221085,"date":"2022-05-05T11:46:50","date_gmt":"2022-05-05T09:46:50","guid":{"rendered":"https:\/\/dicodusport.fr\/blog\/?p=221085&#038;preview=true&#038;preview_id=221085"},"modified":"2022-05-05T11:46:50","modified_gmt":"2022-05-05T09:46:50","slug":"tour-d-italie-2022-les-francais-a-suivre","status":"publish","type":"post","link":"https:\/\/dicodusport.fr\/blog\/tour-d-italie-2022-les-francais-a-suivre\/","title":{"rendered":"Tour d&rsquo;Italie 2022 : Les Fran\u00e7ais \u00e0 suivre"},"content":{"rendered":"<p style=\"text-align: justify;\"><b><i><a href=\"https:\/\/dicodusport.fr\/blog\/actualites\/cyclisme\/cyclisme-sur-route-2022\/tour-italie-2022\/\">TOUR D&rsquo;ITALIE 2022<\/a> &#8211; L<strong><em>a 105\u00e8me \u00e9dition du Giro, le Tour d\u2019Italie 2022, partira ce vendredi 6 mai 2022 de Budapest. D\u00e9couvrez les coureurs tricolores qui ont le plus de chances de briller.<\/em><\/strong><\/i><\/b><\/p>\n<p style=\"text-align: justify;\">Consid\u00e9r\u00e9 par beaucoup comme la plus belle course cycliste, le Giro d&rsquo;Italia a vu les coureurs fran\u00e7ais briller sur ses routes ces derni\u00e8res ann\u00e9es. Apr\u00e8s <strong>Arnaud D\u00e9mare<\/strong>, maillot cyclamen du classement par points en 2020, <strong>Geoffrey Bouchard<\/strong> maillot bleu de meilleur grimpeur en 2021, le contingent tricolore arrive avec de belles ambitions sur l&rsquo;\u00e9dition 2022. Tour d&rsquo;horizon des forces en pr\u00e9sence.<\/p>\n<h2 style=\"text-align: justify;\">Des ambitions au g\u00e9n\u00e9ral<\/h2>\n<p style=\"text-align: justify;\"><strong>Romain Bardet<\/strong> (Team DSM, 7e en 2021) et <strong>Guillaume Martin<\/strong> (Cofidis, 8e du Tour de France et 9e de la Vuelta en 2021), leaders de leur \u00e9quipe, ont de grandes chances de jouer les premiers r\u00f4les au classement g\u00e9n\u00e9ral, et, sauf accident, ils seront dans le coup pour figurer dans le top 10 le 29 mai, \u00e0 V\u00e9rone. Les deux coureurs ont des qualit\u00e9s qui correspondent parfaitement aux particularit\u00e9s du Giro, qui est une course moins cadenass\u00e9e que le Tour de France, et o\u00f9 leur facult\u00e9 \u00e0 se d\u00e9brouiller sans \u00e9quipier et leurs qualit\u00e9s de combattants devraient faire merveille.<\/p>\n<p style=\"text-align: justify;\">Les deux coureurs ont ax\u00e9 leur pr\u00e9paration sur cette course. <strong>Guillaume Martin<\/strong> s&rsquo;est d&rsquo;ailleurs entra\u00een\u00e9 3 semaines en solitaire en Sicile. La grosse cote serait une victoire sur les pentes de l&rsquo;Etna, lieu de la premi\u00e8re arriv\u00e9e au sommet de l&rsquo;\u00e9dition, mardi 10 mai, pentes qu&rsquo;il a gravies des dizaines de fois durant ces trois semaines. Martin d\u00e9bloquerait alors un compteur toujours vierge de victoires en World Tour.<\/p>\n<p style=\"text-align: justify;\">Il ne faudra pas non plus oublier <strong>Pavel Sivakov<\/strong>. Naturalis\u00e9 fran\u00e7ais r\u00e9cemment, le Russe de naissance fera partie de l&rsquo;armada INEOS Grenadiers, dont il ne sera pas le leader, ce qui ne devrait pas l&#8217;emp\u00eacher de jouer les premiers r\u00f4les.<\/p>\n<p><span class=\"FwukPKMolSIhDfdZcnR\"><\/p>\n<blockquote class=\"wp-embedded-content\" data-secret=\"u2POZIHNpw\"><p><a href=\"https:\/\/dicodusport.fr\/blog\/tour-d-italie-nos-favoris-pour-l-edition-2022\/\">Tour d&rsquo;Italie : Nos favoris pour l&rsquo;\u00e9dition 2022<\/a><\/p><\/blockquote>\n<p><iframe loading=\"lazy\" class=\"wp-embedded-content\" sandbox=\"allow-scripts\" security=\"restricted\" style=\"position: absolute; clip: rect(1px, 1px, 1px, 1px);\" title=\"\u00ab\u00a0Tour d&rsquo;Italie : Nos favoris pour l&rsquo;\u00e9dition 2022\u00a0\u00bb &#8212; Dicodusport\" src=\"https:\/\/dicodusport.fr\/blog\/tour-d-italie-nos-favoris-pour-l-edition-2022\/embed\/#?secret=xZow5aCdPV#?secret=u2POZIHNpw\" data-secret=\"u2POZIHNpw\" width=\"600\" height=\"338\" frameborder=\"0\" marginwidth=\"0\" marginheight=\"0\" scrolling=\"no\"><\/iframe><\/span><\/p>\n<h2 style=\"text-align: justify;\">Bis repetita pour D\u00e9mare, les baroudeurs \u00e0 l&rsquo;honneur ?<\/h2>\n<p style=\"text-align: justify;\">Du c\u00f4t\u00e9 des sprinters, on pourra compter sur la pr\u00e9sence de la valeur s\u00fbre <strong>Arnaud D\u00e9mare<\/strong> (Groupama &#8211; FDJ). Laur\u00e9at du classement par points en 2020, le Picard aura \u00e0 c\u0153ur de briller au cours de ces trois semaines italiennes. Leader de son \u00e9quipe, et accompagn\u00e9 de son train habituel, il s&rsquo;est vu donner les moyens n\u00e9cessaires pour y arriver, mais attention, le plateau sera tr\u00e8s relev\u00e9 avec la pr\u00e9sence notamment de <strong>Mark Cavendish<\/strong> (Quick Step Alpha Vinyl), <strong>Caleb Ewan<\/strong> (Lotto Soudal), <strong>Fernando Gaviria<\/strong> (UAE Team Emirates) mais aussi de <strong>Mathieu van der Poel<\/strong> (Alpecin-Fenix).<\/p>\n<p style=\"text-align: justify;\">Pour les baroudeurs, le contingent fran\u00e7ais sera bien fourni, avec de belles chances de remporter des \u00e9tapes, voire de rentrer avec le maillot bleu de meilleur grimpeur comme a su le faire <strong>Geoffrey Bouchard<\/strong> l&rsquo;ann\u00e9e derni\u00e8re. L&rsquo;\u00e9quipe AG2R Citro\u00ebn Team alignera <strong>Nans Peters<\/strong> (d\u00e9j\u00e0 vainqueur sur le Giro et le Tour de France) et <strong>Lilian Calmejane<\/strong> (1 victoire sur le Tour de France et 1 victoire sur le Tour d&rsquo;Espagne). Tous les deux aimeraient certainement entrer dans le cercle ferm\u00e9 des coureurs vainqueurs d&rsquo;\u00e9tape sur les trois Grands Tours.<\/p>\n<blockquote class=\"twitter-tweet\">\n<p dir=\"ltr\" lang=\"no\">&#x1f1ee;&#x1f1f9; <a href=\"https:\/\/twitter.com\/giroditalia?ref_src=twsrc%5Etfw\">@giroditalia<\/a><br \/>\n&#x1f4c5; 06-29\/05<\/p>\n<p>&#x1f1e6;&#x1f1f9; Felix Gall<br \/>\n&#x1f1ee;&#x1f1f9; <a href=\"https:\/\/twitter.com\/AndreaVendra?ref_src=twsrc%5Etfw\">@AndreaVendra<\/a><br \/>\n&#x1f1eb;&#x1f1f7; <a href=\"https:\/\/twitter.com\/NansPeters?ref_src=twsrc%5Etfw\">@NansPeters<\/a><br \/>\n&#x1f1eb;&#x1f1f7; <a href=\"https:\/\/twitter.com\/L_Calmejane?ref_src=twsrc%5Etfw\">@L_Calmejane<\/a><br \/>\n&#x1f1eb;&#x1f1f7; <a href=\"https:\/\/twitter.com\/mikaelcherel?ref_src=twsrc%5Etfw\">@mikaelcherel<\/a><br \/>\n&#x1f1eb;&#x1f1f7; <a href=\"https:\/\/twitter.com\/NicoProdhomme?ref_src=twsrc%5Etfw\">@NicoProdhomme<\/a><br \/>\n&#x1f1eb;&#x1f1ee; <a href=\"https:\/\/twitter.com\/JaakkoHanninen?ref_src=twsrc%5Etfw\">@JaakkoHanninen<\/a><br \/>\n&#x1f1e7;&#x1f1ea; <a href=\"https:\/\/twitter.com\/LawrNaesen?ref_src=twsrc%5Etfw\">@LawrNaesen<\/a><br \/>\n<a href=\"https:\/\/twitter.com\/hashtag\/AG2RCITRO%C3%8BNTEAM?src=hash&amp;ref_src=twsrc%5Etfw\">#AG2RCITRO\u00cbNTEAM<\/a> <a href=\"https:\/\/twitter.com\/hashtag\/RoulonsAutrement?src=hash&amp;ref_src=twsrc%5Etfw\">#RoulonsAutrement<\/a> <a href=\"https:\/\/twitter.com\/hashtag\/RideDifferently?src=hash&amp;ref_src=twsrc%5Etfw\">#RideDifferently<\/a> <a href=\"https:\/\/t.co\/ksACi2oZwi\">pic.twitter.com\/ksACi2oZwi<\/a><\/p>\n<p>\u2014 AG2R CITRO\u00cbN TEAM (@AG2RCITROENTEAM) <a href=\"https:\/\/twitter.com\/AG2RCITROENTEAM\/status\/1521051878724968450?ref_src=twsrc%5Etfw\">May 2, 2022<\/a><\/p><\/blockquote>\n<p><script async src=\"https:\/\/platform.twitter.com\/widgets.js\" charset=\"utf-8\"><\/script><\/p>\n<h2 style=\"text-align: justify;\">\u00c0 lire aussi<\/h2>\n<ul>\n<li style=\"text-align: justify;\"><a href=\"https:\/\/dicodusport.fr\/blog\/les-engages-du-tour-italie-2022\/\" target=\"_blank\" rel=\"noopener\"><strong>Les engag\u00e9s du Tour d\u2019Italie 2022<\/strong><\/a><\/li>\n<li style=\"text-align: justify;\"><a href=\"https:\/\/dicodusport.fr\/blog\/tour-italie-2022-le-profil-des-21-etapes\/\" target=\"_blank\" rel=\"noopener\"><b>Le profil des 21 \u00e9tapes du Tour d\u2019Italie 2022<\/b><\/a><\/li>\n<li style=\"text-align: justify;\"><a href=\"https:\/\/dicodusport.fr\/blog\/tour-d-italie-2022-favoris-meilleur-blanc-meilleur-jeune\/\"><strong>Les favoris pour le maillot blanc<\/strong><\/a><\/li>\n<li style=\"text-align: justify;\"><a href=\"https:\/\/dicodusport.fr\/blog\/tour-d-italie-2022-favoris-maillot-bleu-classement-montagne\/\"><strong>Les favoris pour le maillot bleu<\/strong><\/a><\/li>\n<li style=\"text-align: justify;\"><a href=\"https:\/\/dicodusport.fr\/blog\/tour-ditalie-2022-les-favoris-du-maillot-cyclamen-pour-le-classement-par-points\/\"><strong>Les favoris pour le maillot cyclamen<\/strong><\/a><\/li>\n<\/ul>\n","protected":false},"excerpt":{"rendered":"<p>TOUR D&rsquo;ITALIE 2022 &#8211; La 105\u00e8me \u00e9dition du Giro, le Tour d\u2019Italie 2022, partira ce vendredi 6 mai 2022 de Budapest. D\u00e9couvrez les coureurs tricolores qui ont le plus de chances de briller.<\/p>\n","protected":false},"author":71,"featured_media":221168,"comment_status":"open","ping_status":"closed","sticky":false,"template":"","format":"standard","meta":{"_acf_changed":false,"_daextam_enable_autolinks":"","footnotes":""},"categories":[47041],"tags":[4285,5357,3646],"class_list":["post-221085","post","type-post","status-publish","format-standard","has-post-thumbnail","hentry","category-tour-d-italie","tag-arnaud-demare","tag-guillaume-martin","tag-romain-bardet"],"acf":[],"yoast_head":"<!-- This site is optimized with the Yoast SEO Premium plugin v26.7 (Yoast SEO v26.7) - https:\/\/yoast.com\/wordpress\/plugins\/seo\/ -->\n<title>- Tour d&#039;Italie 2022 : Les Fran\u00e7ais \u00e0 suivre - Dicodusport<\/title>\n<meta name=\"description\" content=\"Tour d&#039;Italie 2022 - La 105\u00e8me \u00e9dition du Tour d\u2019Italie partira ce vendredi 6 mai 2022. Tour d&#039;horizon des coureurs fran\u00e7ais \u00e0 suivre.\" \/>\n<meta name=\"robots\" content=\"index, follow, max-snippet:-1, max-image-preview:large, max-video-preview:-1\" \/>\n<link rel=\"canonical\" href=\"https:\/\/dicodusport.fr\/blog\/tour-d-italie-2022-les-francais-a-suivre\/\" \/>\n<meta property=\"og:locale\" content=\"fr_FR\" \/>\n<meta property=\"og:type\" content=\"article\" \/>\n<meta property=\"og:title\" content=\"Tour d&#039;Italie 2022 : Les Fran\u00e7ais \u00e0 suivre\" \/>\n<meta property=\"og:description\" content=\"Tour d&#039;Italie 2022 - La 105\u00e8me \u00e9dition du Tour d\u2019Italie partira ce vendredi 6 mai 2022. Tour d&#039;horizon des coureurs fran\u00e7ais \u00e0 suivre.\" \/>\n<meta property=\"og:url\" content=\"https:\/\/dicodusport.fr\/blog\/tour-d-italie-2022-les-francais-a-suivre\/\" \/>\n<meta property=\"og:site_name\" content=\"Dicodusport\" \/>\n<meta property=\"article:publisher\" content=\"https:\/\/www.facebook.com\/dicodusport\" \/>\n<meta property=\"article:published_time\" content=\"2022-05-05T09:46:50+00:00\" \/>\n<meta property=\"og:image\" content=\"https:\/\/dicodusport.fr\/blog\/wp-content\/uploads\/2022\/05\/Tour-dItalie-2022-Les-Francais-a-suivre.png\" \/>\n\t<meta property=\"og:image:width\" content=\"800\" \/>\n\t<meta property=\"og:image:height\" content=\"445\" \/>\n\t<meta property=\"og:image:type\" content=\"image\/png\" \/>\n<meta name=\"author\" content=\"Fran\u00e7ois-Xavier Tosques\" \/>\n<meta name=\"twitter:card\" content=\"summary_large_image\" \/>\n<meta name=\"twitter:title\" content=\"Tour d&#039;Italie 2022 : Les Fran\u00e7ais \u00e0 suivre\" \/>\n<meta name=\"twitter:creator\" content=\"@dicodusport\" \/>\n<meta name=\"twitter:site\" content=\"@dicodusport\" \/>\n<script type=\"application\/ld+json\" class=\"yoast-schema-graph\">{\"@context\":\"https:\/\/schema.org\",\"@graph\":[{\"@type\":\"NewsArticle\",\"@id\":\"https:\/\/dicodusport.fr\/blog\/tour-d-italie-2022-les-francais-a-suivre\/#article\",\"isPartOf\":{\"@id\":\"https:\/\/dicodusport.fr\/blog\/tour-d-italie-2022-les-francais-a-suivre\/\"},\"author\":{\"name\":\"Fran\u00e7ois-Xavier Tosques\",\"@id\":\"https:\/\/dicodusport.fr\/blog\/#\/schema\/person\/183f6114b9bb0ac446af1dc1f2900036\"},\"headline\":\"Tour d&rsquo;Italie 2022 : Les Fran\u00e7ais \u00e0 suivre\",\"datePublished\":\"2022-05-05T09:46:50+00:00\",\"mainEntityOfPage\":{\"@id\":\"https:\/\/dicodusport.fr\/blog\/tour-d-italie-2022-les-francais-a-suivre\/\"},\"wordCount\":676,\"commentCount\":0,\"publisher\":{\"@id\":\"https:\/\/dicodusport.fr\/blog\/#organization\"},\"image\":{\"@id\":\"https:\/\/dicodusport.fr\/blog\/tour-d-italie-2022-les-francais-a-suivre\/#primaryimage\"},\"thumbnailUrl\":\"https:\/\/dicodusport.fr\/blog\/wp-content\/uploads\/2022\/05\/Tour-dItalie-2022-Les-Francais-a-suivre.png\",\"keywords\":[\"Arnaud D\u00e9mare\",\"Guillaume Martin\",\"Romain Bardet\"],\"articleSection\":[\"Tour d'Italie\"],\"inLanguage\":\"fr-FR\",\"potentialAction\":[{\"@type\":\"CommentAction\",\"name\":\"Comment\",\"target\":[\"https:\/\/dicodusport.fr\/blog\/tour-d-italie-2022-les-francais-a-suivre\/#respond\"]}],\"copyrightYear\":\"2022\",\"copyrightHolder\":{\"@id\":\"https:\/\/dicodusport.fr\/blog\/#organization\"}},{\"@type\":\"WebPage\",\"@id\":\"https:\/\/dicodusport.fr\/blog\/tour-d-italie-2022-les-francais-a-suivre\/\",\"url\":\"https:\/\/dicodusport.fr\/blog\/tour-d-italie-2022-les-francais-a-suivre\/\",\"name\":\"- Tour d'Italie 2022 : Les Fran\u00e7ais \u00e0 suivre - Dicodusport\",\"isPartOf\":{\"@id\":\"https:\/\/dicodusport.fr\/blog\/#website\"},\"primaryImageOfPage\":{\"@id\":\"https:\/\/dicodusport.fr\/blog\/tour-d-italie-2022-les-francais-a-suivre\/#primaryimage\"},\"image\":{\"@id\":\"https:\/\/dicodusport.fr\/blog\/tour-d-italie-2022-les-francais-a-suivre\/#primaryimage\"},\"thumbnailUrl\":\"https:\/\/dicodusport.fr\/blog\/wp-content\/uploads\/2022\/05\/Tour-dItalie-2022-Les-Francais-a-suivre.png\",\"datePublished\":\"2022-05-05T09:46:50+00:00\",\"description\":\"Tour d'Italie 2022 - La 105\u00e8me \u00e9dition du Tour d\u2019Italie partira ce vendredi 6 mai 2022. Tour d'horizon des coureurs fran\u00e7ais \u00e0 suivre.\",\"breadcrumb\":{\"@id\":\"https:\/\/dicodusport.fr\/blog\/tour-d-italie-2022-les-francais-a-suivre\/#breadcrumb\"},\"inLanguage\":\"fr-FR\",\"potentialAction\":[{\"@type\":\"ReadAction\",\"target\":[\"https:\/\/dicodusport.fr\/blog\/tour-d-italie-2022-les-francais-a-suivre\/\"]}]},{\"@type\":\"ImageObject\",\"inLanguage\":\"fr-FR\",\"@id\":\"https:\/\/dicodusport.fr\/blog\/tour-d-italie-2022-les-francais-a-suivre\/#primaryimage\",\"url\":\"https:\/\/dicodusport.fr\/blog\/wp-content\/uploads\/2022\/05\/Tour-dItalie-2022-Les-Francais-a-suivre.png\",\"contentUrl\":\"https:\/\/dicodusport.fr\/blog\/wp-content\/uploads\/2022\/05\/Tour-dItalie-2022-Les-Francais-a-suivre.png\",\"width\":800,\"height\":445,\"caption\":\"Tour d'Italie 2022 Les Fran\u00e7ais \u00e0 suivre\"},{\"@type\":\"BreadcrumbList\",\"@id\":\"https:\/\/dicodusport.fr\/blog\/tour-d-italie-2022-les-francais-a-suivre\/#breadcrumb\",\"itemListElement\":[{\"@type\":\"ListItem\",\"position\":1,\"name\":\"Accueil\",\"item\":\"https:\/\/dicodusport.fr\/blog\/\"},{\"@type\":\"ListItem\",\"position\":2,\"name\":\"Tour d&rsquo;Italie 2022 : Les Fran\u00e7ais \u00e0 suivre\"}]},{\"@type\":\"WebSite\",\"@id\":\"https:\/\/dicodusport.fr\/blog\/#website\",\"url\":\"https:\/\/dicodusport.fr\/blog\/\",\"name\":\"Dicodusport\",\"description\":\"L&#039;encyclop\u00e9die de l&#039;actualit\u00e9 sportive\",\"publisher\":{\"@id\":\"https:\/\/dicodusport.fr\/blog\/#organization\"},\"potentialAction\":[{\"@type\":\"SearchAction\",\"target\":{\"@type\":\"EntryPoint\",\"urlTemplate\":\"https:\/\/dicodusport.fr\/blog\/?s={search_term_string}\"},\"query-input\":{\"@type\":\"PropertyValueSpecification\",\"valueRequired\":true,\"valueName\":\"search_term_string\"}}],\"inLanguage\":\"fr-FR\"},{\"@type\":\"NewsMediaOrganization\",\"@id\":\"https:\/\/dicodusport.fr\/blog\/#organization\",\"name\":\"Dicodusport\",\"url\":\"https:\/\/dicodusport.fr\/blog\/\",\"logo\":{\"@type\":\"ImageObject\",\"inLanguage\":\"fr-FR\",\"@id\":\"https:\/\/dicodusport.fr\/blog\/#\/schema\/logo\/image\/\",\"url\":\"https:\/\/dicodusport.fr\/blog\/wp-content\/uploads\/2020\/06\/cropped-LOGO-DICODUSPORT-2020-SANS-FOND-SANS-TEXTE.png\",\"contentUrl\":\"https:\/\/dicodusport.fr\/blog\/wp-content\/uploads\/2020\/06\/cropped-LOGO-DICODUSPORT-2020-SANS-FOND-SANS-TEXTE.png\",\"width\":512,\"height\":512,\"caption\":\"Dicodusport\"},\"image\":{\"@id\":\"https:\/\/dicodusport.fr\/blog\/#\/schema\/logo\/image\/\"},\"sameAs\":[\"https:\/\/www.facebook.com\/dicodusport\",\"https:\/\/x.com\/dicodusport\",\"https:\/\/www.instagram.com\/dicodusport\/\",\"https:\/\/www.youtube.com\/channel\/UC7V2KZ5sd3htJivAbA4ZG3w\"],\"description\":\"Dicodusport est l'encyclop\u00e9die de l'actualit\u00e9 sportive.\",\"email\":\"bonjour@dicodusport.fr\",\"legalName\":\"DICODUSPORT\",\"foundingDate\":\"2018-01-14\",\"vatID\":\"FR71834470973\",\"taxID\":\"83447097300043\",\"numberOfEmployees\":{\"@type\":\"QuantitativeValue\",\"minValue\":\"1\",\"maxValue\":\"10\"}},{\"@type\":\"Person\",\"@id\":\"https:\/\/dicodusport.fr\/blog\/#\/schema\/person\/183f6114b9bb0ac446af1dc1f2900036\",\"name\":\"Fran\u00e7ois-Xavier Tosques\",\"image\":{\"@type\":\"ImageObject\",\"inLanguage\":\"fr-FR\",\"@id\":\"https:\/\/dicodusport.fr\/blog\/#\/schema\/person\/image\/\",\"url\":\"https:\/\/dicodusport.fr\/blog\/wp-content\/uploads\/2020\/06\/cropped-LOGO-DICODUSPORT-2020-SANS-FOND-SANS-TEXTE-150x150.png\",\"contentUrl\":\"https:\/\/dicodusport.fr\/blog\/wp-content\/uploads\/2020\/06\/cropped-LOGO-DICODUSPORT-2020-SANS-FOND-SANS-TEXTE-150x150.png\",\"caption\":\"Fran\u00e7ois-Xavier Tosques\"},\"url\":\"https:\/\/dicodusport.fr\/blog\/author\/fx-tosques\/\"}]}<\/script>\n<!-- \/ Yoast SEO Premium plugin. -->","yoast_head_json":{"title":"- Tour d'Italie 2022 : Les Fran\u00e7ais \u00e0 suivre - Dicodusport","description":"Tour d'Italie 2022 - La 105\u00e8me \u00e9dition du Tour d\u2019Italie partira ce vendredi 6 mai 2022. Tour d'horizon des coureurs fran\u00e7ais \u00e0 suivre.","robots":{"index":"index","follow":"follow","max-snippet":"max-snippet:-1","max-image-preview":"max-image-preview:large","max-video-preview":"max-video-preview:-1"},"canonical":"https:\/\/dicodusport.fr\/blog\/tour-d-italie-2022-les-francais-a-suivre\/","og_locale":"fr_FR","og_type":"article","og_title":"Tour d'Italie 2022 : Les Fran\u00e7ais \u00e0 suivre","og_description":"Tour d'Italie 2022 - La 105\u00e8me \u00e9dition du Tour d\u2019Italie partira ce vendredi 6 mai 2022. Tour d'horizon des coureurs fran\u00e7ais \u00e0 suivre.","og_url":"https:\/\/dicodusport.fr\/blog\/tour-d-italie-2022-les-francais-a-suivre\/","og_site_name":"Dicodusport","article_publisher":"https:\/\/www.facebook.com\/dicodusport","article_published_time":"2022-05-05T09:46:50+00:00","og_image":[{"width":800,"height":445,"url":"https:\/\/dicodusport.fr\/blog\/wp-content\/uploads\/2022\/05\/Tour-dItalie-2022-Les-Francais-a-suivre.png","type":"image\/png"}],"author":"Fran\u00e7ois-Xavier Tosques","twitter_card":"summary_large_image","twitter_title":"Tour d'Italie 2022 : Les Fran\u00e7ais \u00e0 suivre","twitter_creator":"@dicodusport","twitter_site":"@dicodusport","schema":{"@context":"https:\/\/schema.org","@graph":[{"@type":"NewsArticle","@id":"https:\/\/dicodusport.fr\/blog\/tour-d-italie-2022-les-francais-a-suivre\/#article","isPartOf":{"@id":"https:\/\/dicodusport.fr\/blog\/tour-d-italie-2022-les-francais-a-suivre\/"},"author":{"name":"Fran\u00e7ois-Xavier Tosques","@id":"https:\/\/dicodusport.fr\/blog\/#\/schema\/person\/183f6114b9bb0ac446af1dc1f2900036"},"headline":"Tour d&rsquo;Italie 2022 : Les Fran\u00e7ais \u00e0 suivre","datePublished":"2022-05-05T09:46:50+00:00","mainEntityOfPage":{"@id":"https:\/\/dicodusport.fr\/blog\/tour-d-italie-2022-les-francais-a-suivre\/"},"wordCount":676,"commentCount":0,"publisher":{"@id":"https:\/\/dicodusport.fr\/blog\/#organization"},"image":{"@id":"https:\/\/dicodusport.fr\/blog\/tour-d-italie-2022-les-francais-a-suivre\/#primaryimage"},"thumbnailUrl":"https:\/\/dicodusport.fr\/blog\/wp-content\/uploads\/2022\/05\/Tour-dItalie-2022-Les-Francais-a-suivre.png","keywords":["Arnaud D\u00e9mare","Guillaume Martin","Romain Bardet"],"articleSection":["Tour d'Italie"],"inLanguage":"fr-FR","potentialAction":[{"@type":"CommentAction","name":"Comment","target":["https:\/\/dicodusport.fr\/blog\/tour-d-italie-2022-les-francais-a-suivre\/#respond"]}],"copyrightYear":"2022","copyrightHolder":{"@id":"https:\/\/dicodusport.fr\/blog\/#organization"}},{"@type":"WebPage","@id":"https:\/\/dicodusport.fr\/blog\/tour-d-italie-2022-les-francais-a-suivre\/","url":"https:\/\/dicodusport.fr\/blog\/tour-d-italie-2022-les-francais-a-suivre\/","name":"- Tour d'Italie 2022 : Les Fran\u00e7ais \u00e0 suivre - Dicodusport","isPartOf":{"@id":"https:\/\/dicodusport.fr\/blog\/#website"},"primaryImageOfPage":{"@id":"https:\/\/dicodusport.fr\/blog\/tour-d-italie-2022-les-francais-a-suivre\/#primaryimage"},"image":{"@id":"https:\/\/dicodusport.fr\/blog\/tour-d-italie-2022-les-francais-a-suivre\/#primaryimage"},"thumbnailUrl":"https:\/\/dicodusport.fr\/blog\/wp-content\/uploads\/2022\/05\/Tour-dItalie-2022-Les-Francais-a-suivre.png","datePublished":"2022-05-05T09:46:50+00:00","description":"Tour d'Italie 2022 - La 105\u00e8me \u00e9dition du Tour d\u2019Italie partira ce vendredi 6 mai 2022. Tour d'horizon des coureurs fran\u00e7ais \u00e0 suivre.","breadcrumb":{"@id":"https:\/\/dicodusport.fr\/blog\/tour-d-italie-2022-les-francais-a-suivre\/#breadcrumb"},"inLanguage":"fr-FR","potentialAction":[{"@type":"ReadAction","target":["https:\/\/dicodusport.fr\/blog\/tour-d-italie-2022-les-francais-a-suivre\/"]}]},{"@type":"ImageObject","inLanguage":"fr-FR","@id":"https:\/\/dicodusport.fr\/blog\/tour-d-italie-2022-les-francais-a-suivre\/#primaryimage","url":"https:\/\/dicodusport.fr\/blog\/wp-content\/uploads\/2022\/05\/Tour-dItalie-2022-Les-Francais-a-suivre.png","contentUrl":"https:\/\/dicodusport.fr\/blog\/wp-content\/uploads\/2022\/05\/Tour-dItalie-2022-Les-Francais-a-suivre.png","width":800,"height":445,"caption":"Tour d'Italie 2022 Les Fran\u00e7ais \u00e0 suivre"},{"@type":"BreadcrumbList","@id":"https:\/\/dicodusport.fr\/blog\/tour-d-italie-2022-les-francais-a-suivre\/#breadcrumb","itemListElement":[{"@type":"ListItem","position":1,"name":"Accueil","item":"https:\/\/dicodusport.fr\/blog\/"},{"@type":"ListItem","position":2,"name":"Tour d&rsquo;Italie 2022 : Les Fran\u00e7ais \u00e0 suivre"}]},{"@type":"WebSite","@id":"https:\/\/dicodusport.fr\/blog\/#website","url":"https:\/\/dicodusport.fr\/blog\/","name":"Dicodusport","description":"L&#039;encyclop\u00e9die de l&#039;actualit\u00e9 sportive","publisher":{"@id":"https:\/\/dicodusport.fr\/blog\/#organization"},"potentialAction":[{"@type":"SearchAction","target":{"@type":"EntryPoint","urlTemplate":"https:\/\/dicodusport.fr\/blog\/?s={search_term_string}"},"query-input":{"@type":"PropertyValueSpecification","valueRequired":true,"valueName":"search_term_string"}}],"inLanguage":"fr-FR"},{"@type":"NewsMediaOrganization","@id":"https:\/\/dicodusport.fr\/blog\/#organization","name":"Dicodusport","url":"https:\/\/dicodusport.fr\/blog\/","logo":{"@type":"ImageObject","inLanguage":"fr-FR","@id":"https:\/\/dicodusport.fr\/blog\/#\/schema\/logo\/image\/","url":"https:\/\/dicodusport.fr\/blog\/wp-content\/uploads\/2020\/06\/cropped-LOGO-DICODUSPORT-2020-SANS-FOND-SANS-TEXTE.png","contentUrl":"https:\/\/dicodusport.fr\/blog\/wp-content\/uploads\/2020\/06\/cropped-LOGO-DICODUSPORT-2020-SANS-FOND-SANS-TEXTE.png","width":512,"height":512,"caption":"Dicodusport"},"image":{"@id":"https:\/\/dicodusport.fr\/blog\/#\/schema\/logo\/image\/"},"sameAs":["https:\/\/www.facebook.com\/dicodusport","https:\/\/x.com\/dicodusport","https:\/\/www.instagram.com\/dicodusport\/","https:\/\/www.youtube.com\/channel\/UC7V2KZ5sd3htJivAbA4ZG3w"],"description":"Dicodusport est l'encyclop\u00e9die de l'actualit\u00e9 sportive.","email":"bonjour@dicodusport.fr","legalName":"DICODUSPORT","foundingDate":"2018-01-14","vatID":"FR71834470973","taxID":"83447097300043","numberOfEmployees":{"@type":"QuantitativeValue","minValue":"1","maxValue":"10"}},{"@type":"Person","@id":"https:\/\/dicodusport.fr\/blog\/#\/schema\/person\/183f6114b9bb0ac446af1dc1f2900036","name":"Fran\u00e7ois-Xavier Tosques","image":{"@type":"ImageObject","inLanguage":"fr-FR","@id":"https:\/\/dicodusport.fr\/blog\/#\/schema\/person\/image\/","url":"https:\/\/dicodusport.fr\/blog\/wp-content\/uploads\/2020\/06\/cropped-LOGO-DICODUSPORT-2020-SANS-FOND-SANS-TEXTE-150x150.png","contentUrl":"https:\/\/dicodusport.fr\/blog\/wp-content\/uploads\/2020\/06\/cropped-LOGO-DICODUSPORT-2020-SANS-FOND-SANS-TEXTE-150x150.png","caption":"Fran\u00e7ois-Xavier Tosques"},"url":"https:\/\/dicodusport.fr\/blog\/author\/fx-tosques\/"}]}},"_links":{"self":[{"href":"https:\/\/dicodusport.fr\/blog\/wp-json\/wp\/v2\/posts\/221085","targetHints":{"allow":["GET"]}}],"collection":[{"href":"https:\/\/dicodusport.fr\/blog\/wp-json\/wp\/v2\/posts"}],"about":[{"href":"https:\/\/dicodusport.fr\/blog\/wp-json\/wp\/v2\/types\/post"}],"author":[{"embeddable":true,"href":"https:\/\/dicodusport.fr\/blog\/wp-json\/wp\/v2\/users\/71"}],"replies":[{"embeddable":true,"href":"https:\/\/dicodusport.fr\/blog\/wp-json\/wp\/v2\/comments?post=221085"}],"version-history":[{"count":0,"href":"https:\/\/dicodusport.fr\/blog\/wp-json\/wp\/v2\/posts\/221085\/revisions"}],"wp:featuredmedia":[{"embeddable":true,"href":"https:\/\/dicodusport.fr\/blog\/wp-json\/wp\/v2\/media\/221168"}],"wp:attachment":[{"href":"https:\/\/dicodusport.fr\/blog\/wp-json\/wp\/v2\/media?parent=221085"}],"wp:term":[{"taxonomy":"category","embeddable":true,"href":"https:\/\/dicodusport.fr\/blog\/wp-json\/wp\/v2\/categories?post=221085"},{"taxonomy":"post_tag","embeddable":true,"href":"https:\/\/dicodusport.fr\/blog\/wp-json\/wp\/v2\/tags?post=221085"}],"curies":[{"name":"wp","href":"https:\/\/api.w.org\/{rel}","templated":true}]}}