{"id":22115,"date":"2018-07-16T14:16:15","date_gmt":"2018-07-16T12:16:15","guid":{"rendered":"http:\/\/dicodusport.fr\/blog\/?p=22115"},"modified":"2020-10-11T16:50:04","modified_gmt":"2020-10-11T14:50:04","slug":"tour-de-france-classement-general-ou-en-sont-les-favoris-apres-9-etapes","status":"publish","type":"post","link":"https:\/\/dicodusport.fr\/blog\/tour-de-france-classement-general-ou-en-sont-les-favoris-apres-9-etapes\/","title":{"rendered":"Tour de France &#8211; Classement g\u00e9n\u00e9ral : o\u00f9 en sont les favoris apr\u00e8s 9 \u00e9tapes ?"},"content":{"rendered":"<p style=\"text-align: justify;\"><em><strong>Premier jour de repos pour les coureurs apr\u00e8s 9 \u00e9tapes \u00e9tapes disput\u00e9es avant d&rsquo;attaquer les choses s\u00e9rieuses. Si Greg Van Avermaet est en jaune, o\u00f9 en sont les favoris pour la victoire finale ?<\/strong><\/em><\/p>\n<h4 style=\"text-align: justify;\">&#x2600; Ils sont id\u00e9alement plac\u00e9s<\/h4>\n<p style=\"text-align: justify;\"><strong>Geraint Thomas<\/strong>, m\u00eame s&rsquo;il risque de redevenir \u00e9quipier, est le mieux plac\u00e9 pour endosser le maillot jaune au Grand-Bornand. Le Britannique a pass\u00e9 10 premiers jours tr\u00e8s tranquilles. La bonne surprise, c&rsquo;est <strong>Bob Jungels<\/strong>, le leader de la Quick-Step, qui a profit\u00e9 de la bonne performance de son \u00e9quipe sur le contre-la-montre par \u00e9quipes pour avoir un peu d&rsquo;avance sur les principaux favoris. C\u00f4t\u00e9 Movistar, c&rsquo;est <strong>Alejandro Valverde<\/strong> qui s&rsquo;en sort le mieux parmi les trois leaders d\u00e9sign\u00e9s, 5\u00e8me au g\u00e9n\u00e9ral \u00e0 45 seconde de Thomas. Pour <strong>Rafal Majka<\/strong>,\u00a0<strong>Jakob Fuglsang<\/strong>, <strong>Vincenzo Nibali, Bauke Mollema<\/strong> et <strong>Primoz Roglic<\/strong>, compte tenu des performances moyennes de leurs \u00e9quipes dans le contre-la-montre par \u00e9quipes, ils ont r\u00e9alis\u00e9 dix bons premiers jours et n&rsquo;ont pas perdu de temps sur Thomas \u00e0 un autre moment de la course. <strong>Adam Yates<\/strong>, retard\u00e9 lors de la premi\u00e8re \u00e9tape, est dans le m\u00eame temps que les coureurs cit\u00e9s pr\u00e9c\u00e9demment gr\u00e2ce \u00e0 la belle performance de Mitchelton Scott sur le chrono.<\/p>\n<p style=\"text-align: justify;\"><em>Si certains de ces coureurs n&rsquo;\u00e9taient pas cit\u00e9s parmi les plus grands favoris \u00e0 la victoire finale, les quelques secondes gagn\u00e9es sur ces premiers jours de course pourront compter sur les \u00e9tapes \u00e0 venir.<\/em><\/p>\n<h4 style=\"text-align: justify;\">&#x1f324; Ils sont encore dans le coup malgr\u00e9 tout<\/h4>\n<p style=\"text-align: justify;\">Pour <strong>Chris Froome<\/strong>, presque le m\u00eame temps que Majka, Fuglsang, Nibali ou Yates, ces dix premiers jours n&rsquo;ont pas \u00e9t\u00e9 de tout repos, puisqu&rsquo;il a \u00e9t\u00e9 retard\u00e9 sur la premi\u00e8re \u00e9tape, l\u00e9g\u00e8rement distanc\u00e9 \u00e0 M\u00fbr-de-Bretagne et \u00e0 terre sur l&rsquo;\u00e9tape de Roubaix. Les performances du Britannique seront scrut\u00e9es \u00e0 la loupe ces prochains jours. Pour <strong>Tom Dumoulin<\/strong> et <strong>Romain Bardet<\/strong>, l&rsquo;\u00e9tape de M\u00fbr-de-Bretagne aura aussi laiss\u00e9 des traces, la faute \u00e0 des incidents m\u00e9caniques pour les deux coureurs dans le final de l&rsquo;\u00e9tape. Pour le Fran\u00e7ais, la note aurait pu \u00eatre bien plus sal\u00e9e suite \u00e0 l&rsquo;\u00e9tape des pav\u00e9s. Avec trois crevaisons, mais il n&rsquo;a perdu que sept petites secondes suppl\u00e9mentaires.<\/p>\n<p style=\"text-align: justify;\">Les deux autres leaders de la Movistar, <strong>Nairo Quintana<\/strong> et <strong>Mikel Landa<\/strong> ont tous les deux perdu du temps sur ces premiers jours de course. Le Colombien sur la premi\u00e8re \u00e9tape et l&rsquo;Espagnol sur l&rsquo;\u00e9tape des pav\u00e9s. <strong>Warren Barguil<\/strong>, qui avait annonc\u00e9 ne pas jouer le g\u00e9n\u00e9ral, reste en bonne position (m\u00eame temps que Bardet) apr\u00e8s une superbe performance sur les pav\u00e9s. Et si le Breton avait bien cach\u00e9 son jeu ? <strong>Rigoberto Uran<\/strong>, <strong>Ilnur Zakarin<\/strong> et <strong>Dan Martin<\/strong> sont les plus grands perdants, des coureurs encore en course mais \u00e0 plus ou moins deux minutes de Geraint Thomas.<\/p>\n<p style=\"text-align: justify;\"><em>Ces coureurs n&rsquo;ont \u00e9videment pas perdu le Tour de France, loin de l\u00e0, mais des pr\u00e9cieuses secondes ou de l&rsquo;influx nerveux dans des chutes, des choses qui pourraient compter en fin de course.<\/em><\/p>\n<h4 style=\"text-align: justify;\">&#x26c8; Ils ne sont plus en course<\/h4>\n<p style=\"text-align: justify;\"><strong>Richie Porte<\/strong> a tout perdu sur l&rsquo;\u00e9tape des pav\u00e9s, bien avant le premier secteur. La malchance poursuit le coureur de la BMC qui, comme l&rsquo;ann\u00e9e derni\u00e8re, quitte la course sur la neuvi\u00e8me \u00e9tape. Dans une moindre mesure et m\u00eame si personne ne savait ce qu&rsquo;il pouvait viser sur trois semaines,\u00a0<strong>Tiesj Benoot<\/strong> \u00e9tait le leader de la Lotto-Soudal et n&rsquo;a pas pu prendre le d\u00e9part de la cinqui\u00e8me \u00e9tape.<\/p>\n<p style=\"text-align: justify;\"><strong><em>Nicolas Jacquemard<\/em><\/strong><br \/>\n<a style=\"color: #000000;\" href=\"https:\/\/twitter.com\/Nico_Jacquemard\" target=\"_blank\" rel=\"noopener noreferrer\"><img loading=\"lazy\" decoding=\"async\" class=\"alignnone wp-image-2908\" src=\"http:\/\/dicodusport.fr\/blog\/wp-content\/uploads\/2017\/07\/logo-twitter-150x150.png\" alt=\"\" width=\"39\" height=\"39\" \/><\/a><a style=\"color: #000000;\" href=\"https:\/\/www.facebook.com\/dicodusport\/\" target=\"_blank\" rel=\"noopener noreferrer\"><img loading=\"lazy\" decoding=\"async\" class=\"alignnone wp-image-2909\" src=\"http:\/\/dicodusport.fr\/blog\/wp-content\/uploads\/2017\/07\/logo-facebook-150x150.png\" alt=\"\" width=\"40\" height=\"40\" \/><\/a><\/p>\n","protected":false},"excerpt":{"rendered":"<p>Premier jour de repos pour les coureurs apr\u00e8s 9 \u00e9tapes \u00e9tapes disput\u00e9es avant d&rsquo;attaquer les choses s\u00e9rieuses. Si Greg Van Avermaet est en jaune, o\u00f9 en sont les favoris pour la victoire finale ?<\/p>\n","protected":false},"author":1,"featured_media":22129,"comment_status":"open","ping_status":"closed","sticky":false,"template":"","format":"standard","meta":{"_acf_changed":false,"_daextam_enable_autolinks":"","footnotes":""},"categories":[2,2307,46995],"tags":[1855,1262],"class_list":["post-22115","post","type-post","status-publish","format-standard","has-post-thumbnail","hentry","category-actualites","category-cyclisme","category-tour-de-france","tag-maillot-jaune","tag-tour-de-france"],"acf":[],"yoast_head":"<!-- This site is optimized with the Yoast SEO Premium plugin v26.7 (Yoast SEO v26.7) - https:\/\/yoast.com\/wordpress\/plugins\/seo\/ -->\n<title>Tour de France - Classement g\u00e9n\u00e9ral : o\u00f9 en sont les favoris apr\u00e8s 9 \u00e9tapes ?<\/title>\n<meta name=\"description\" content=\"Premier jour de repos pour les coureurs apr\u00e8s 9 \u00e9tapes \u00e9tapes disput\u00e9es. O\u00f9 en sont les favoris pour la victoire finale ?\" \/>\n<meta name=\"robots\" content=\"index, follow, max-snippet:-1, max-image-preview:large, max-video-preview:-1\" \/>\n<link rel=\"canonical\" href=\"https:\/\/dicodusport.fr\/blog\/tour-de-france-classement-general-ou-en-sont-les-favoris-apres-9-etapes\/\" \/>\n<meta property=\"og:locale\" content=\"fr_FR\" \/>\n<meta property=\"og:type\" content=\"article\" \/>\n<meta property=\"og:title\" content=\"Tour de France - Classement g\u00e9n\u00e9ral : o\u00f9 en sont les favoris apr\u00e8s 9 \u00e9tapes ?\" \/>\n<meta property=\"og:description\" content=\"Premier jour de repos pour les coureurs apr\u00e8s 9 \u00e9tapes \u00e9tapes disput\u00e9es. O\u00f9 en sont les favoris pour la victoire finale ?\" \/>\n<meta property=\"og:url\" content=\"https:\/\/dicodusport.fr\/blog\/tour-de-france-classement-general-ou-en-sont-les-favoris-apres-9-etapes\/\" \/>\n<meta property=\"og:site_name\" content=\"Dicodusport\" \/>\n<meta property=\"article:publisher\" content=\"https:\/\/www.facebook.com\/dicodusport\" \/>\n<meta property=\"article:author\" content=\"https:\/\/www.facebook.com\/dicodusport\" \/>\n<meta property=\"article:published_time\" content=\"2018-07-16T12:16:15+00:00\" \/>\n<meta property=\"article:modified_time\" content=\"2020-10-11T14:50:04+00:00\" \/>\n<meta property=\"og:image\" content=\"https:\/\/dicodusport.fr\/blog\/wp-content\/uploads\/2018\/07\/Favoris-Tour-de-France-2018-1\u00e8re-semaine.png\" \/>\n\t<meta property=\"og:image:width\" content=\"800\" \/>\n\t<meta property=\"og:image:height\" content=\"445\" \/>\n\t<meta property=\"og:image:type\" content=\"image\/png\" \/>\n<meta name=\"author\" content=\"Nicolas Jacquemard\" \/>\n<meta name=\"twitter:card\" content=\"summary_large_image\" \/>\n<meta name=\"twitter:creator\" content=\"@https:\/\/twitter.com\/Nico_Jacquemard\" \/>\n<meta name=\"twitter:site\" content=\"@dicodusport\" \/>\n<script type=\"application\/ld+json\" class=\"yoast-schema-graph\">{\"@context\":\"https:\/\/schema.org\",\"@graph\":[{\"@type\":\"NewsArticle\",\"@id\":\"https:\/\/dicodusport.fr\/blog\/tour-de-france-classement-general-ou-en-sont-les-favoris-apres-9-etapes\/#article\",\"isPartOf\":{\"@id\":\"https:\/\/dicodusport.fr\/blog\/tour-de-france-classement-general-ou-en-sont-les-favoris-apres-9-etapes\/\"},\"author\":{\"name\":\"Nicolas Jacquemard\",\"@id\":\"https:\/\/dicodusport.fr\/blog\/#\/schema\/person\/55dcb50ad410894e431ed812bbb70191\"},\"headline\":\"Tour de France &#8211; Classement g\u00e9n\u00e9ral : o\u00f9 en sont les favoris apr\u00e8s 9 \u00e9tapes ?\",\"datePublished\":\"2018-07-16T12:16:15+00:00\",\"dateModified\":\"2020-10-11T14:50:04+00:00\",\"mainEntityOfPage\":{\"@id\":\"https:\/\/dicodusport.fr\/blog\/tour-de-france-classement-general-ou-en-sont-les-favoris-apres-9-etapes\/\"},\"wordCount\":638,\"commentCount\":0,\"publisher\":{\"@id\":\"https:\/\/dicodusport.fr\/blog\/#organization\"},\"image\":{\"@id\":\"https:\/\/dicodusport.fr\/blog\/tour-de-france-classement-general-ou-en-sont-les-favoris-apres-9-etapes\/#primaryimage\"},\"thumbnailUrl\":\"https:\/\/dicodusport.fr\/blog\/wp-content\/uploads\/2018\/07\/Favoris-Tour-de-France-2018-1\u00e8re-semaine.png\",\"keywords\":[\"maillot jaune\",\"Tour de France\"],\"articleSection\":[\"Actualit\u00e9s\",\"Cyclisme\",\"Tour de France\"],\"inLanguage\":\"fr-FR\",\"potentialAction\":[{\"@type\":\"CommentAction\",\"name\":\"Comment\",\"target\":[\"https:\/\/dicodusport.fr\/blog\/tour-de-france-classement-general-ou-en-sont-les-favoris-apres-9-etapes\/#respond\"]}],\"copyrightYear\":\"2018\",\"copyrightHolder\":{\"@id\":\"https:\/\/dicodusport.fr\/blog\/#organization\"}},{\"@type\":\"WebPage\",\"@id\":\"https:\/\/dicodusport.fr\/blog\/tour-de-france-classement-general-ou-en-sont-les-favoris-apres-9-etapes\/\",\"url\":\"https:\/\/dicodusport.fr\/blog\/tour-de-france-classement-general-ou-en-sont-les-favoris-apres-9-etapes\/\",\"name\":\"Tour de France - Classement g\u00e9n\u00e9ral : o\u00f9 en sont les favoris apr\u00e8s 9 \u00e9tapes ?\",\"isPartOf\":{\"@id\":\"https:\/\/dicodusport.fr\/blog\/#website\"},\"primaryImageOfPage\":{\"@id\":\"https:\/\/dicodusport.fr\/blog\/tour-de-france-classement-general-ou-en-sont-les-favoris-apres-9-etapes\/#primaryimage\"},\"image\":{\"@id\":\"https:\/\/dicodusport.fr\/blog\/tour-de-france-classement-general-ou-en-sont-les-favoris-apres-9-etapes\/#primaryimage\"},\"thumbnailUrl\":\"https:\/\/dicodusport.fr\/blog\/wp-content\/uploads\/2018\/07\/Favoris-Tour-de-France-2018-1\u00e8re-semaine.png\",\"datePublished\":\"2018-07-16T12:16:15+00:00\",\"dateModified\":\"2020-10-11T14:50:04+00:00\",\"description\":\"Premier jour de repos pour les coureurs apr\u00e8s 9 \u00e9tapes \u00e9tapes disput\u00e9es. O\u00f9 en sont les favoris pour la victoire finale ?\",\"breadcrumb\":{\"@id\":\"https:\/\/dicodusport.fr\/blog\/tour-de-france-classement-general-ou-en-sont-les-favoris-apres-9-etapes\/#breadcrumb\"},\"inLanguage\":\"fr-FR\",\"potentialAction\":[{\"@type\":\"ReadAction\",\"target\":[\"https:\/\/dicodusport.fr\/blog\/tour-de-france-classement-general-ou-en-sont-les-favoris-apres-9-etapes\/\"]}]},{\"@type\":\"ImageObject\",\"inLanguage\":\"fr-FR\",\"@id\":\"https:\/\/dicodusport.fr\/blog\/tour-de-france-classement-general-ou-en-sont-les-favoris-apres-9-etapes\/#primaryimage\",\"url\":\"https:\/\/dicodusport.fr\/blog\/wp-content\/uploads\/2018\/07\/Favoris-Tour-de-France-2018-1\u00e8re-semaine.png\",\"contentUrl\":\"https:\/\/dicodusport.fr\/blog\/wp-content\/uploads\/2018\/07\/Favoris-Tour-de-France-2018-1\u00e8re-semaine.png\",\"width\":800,\"height\":445},{\"@type\":\"BreadcrumbList\",\"@id\":\"https:\/\/dicodusport.fr\/blog\/tour-de-france-classement-general-ou-en-sont-les-favoris-apres-9-etapes\/#breadcrumb\",\"itemListElement\":[{\"@type\":\"ListItem\",\"position\":1,\"name\":\"Accueil\",\"item\":\"https:\/\/dicodusport.fr\/blog\/\"},{\"@type\":\"ListItem\",\"position\":2,\"name\":\"Tour de France &#8211; Classement g\u00e9n\u00e9ral : o\u00f9 en sont les favoris apr\u00e8s 9 \u00e9tapes ?\"}]},{\"@type\":\"WebSite\",\"@id\":\"https:\/\/dicodusport.fr\/blog\/#website\",\"url\":\"https:\/\/dicodusport.fr\/blog\/\",\"name\":\"Dicodusport\",\"description\":\"L&#039;encyclop\u00e9die de l&#039;actualit\u00e9 sportive\",\"publisher\":{\"@id\":\"https:\/\/dicodusport.fr\/blog\/#organization\"},\"potentialAction\":[{\"@type\":\"SearchAction\",\"target\":{\"@type\":\"EntryPoint\",\"urlTemplate\":\"https:\/\/dicodusport.fr\/blog\/?s={search_term_string}\"},\"query-input\":{\"@type\":\"PropertyValueSpecification\",\"valueRequired\":true,\"valueName\":\"search_term_string\"}}],\"inLanguage\":\"fr-FR\"},{\"@type\":\"NewsMediaOrganization\",\"@id\":\"https:\/\/dicodusport.fr\/blog\/#organization\",\"name\":\"Dicodusport\",\"url\":\"https:\/\/dicodusport.fr\/blog\/\",\"logo\":{\"@type\":\"ImageObject\",\"inLanguage\":\"fr-FR\",\"@id\":\"https:\/\/dicodusport.fr\/blog\/#\/schema\/logo\/image\/\",\"url\":\"https:\/\/dicodusport.fr\/blog\/wp-content\/uploads\/2020\/06\/cropped-LOGO-DICODUSPORT-2020-SANS-FOND-SANS-TEXTE.png\",\"contentUrl\":\"https:\/\/dicodusport.fr\/blog\/wp-content\/uploads\/2020\/06\/cropped-LOGO-DICODUSPORT-2020-SANS-FOND-SANS-TEXTE.png\",\"width\":512,\"height\":512,\"caption\":\"Dicodusport\"},\"image\":{\"@id\":\"https:\/\/dicodusport.fr\/blog\/#\/schema\/logo\/image\/\"},\"sameAs\":[\"https:\/\/www.facebook.com\/dicodusport\",\"https:\/\/x.com\/dicodusport\",\"https:\/\/www.instagram.com\/dicodusport\/\",\"https:\/\/www.youtube.com\/channel\/UC7V2KZ5sd3htJivAbA4ZG3w\"],\"description\":\"Dicodusport est l'encyclop\u00e9die de l'actualit\u00e9 sportive.\",\"email\":\"bonjour@dicodusport.fr\",\"legalName\":\"DICODUSPORT\",\"foundingDate\":\"2018-01-14\",\"vatID\":\"FR71834470973\",\"taxID\":\"83447097300043\",\"numberOfEmployees\":{\"@type\":\"QuantitativeValue\",\"minValue\":\"1\",\"maxValue\":\"10\"}},{\"@type\":\"Person\",\"@id\":\"https:\/\/dicodusport.fr\/blog\/#\/schema\/person\/55dcb50ad410894e431ed812bbb70191\",\"name\":\"Nicolas Jacquemard\",\"image\":{\"@type\":\"ImageObject\",\"inLanguage\":\"fr-FR\",\"@id\":\"https:\/\/dicodusport.fr\/blog\/#\/schema\/person\/image\/\",\"url\":\"https:\/\/dicodusport.fr\/blog\/wp-content\/uploads\/2021\/05\/Nicolas-Jacquemard-150x150.jpeg\",\"contentUrl\":\"https:\/\/dicodusport.fr\/blog\/wp-content\/uploads\/2021\/05\/Nicolas-Jacquemard-150x150.jpeg\",\"caption\":\"Nicolas Jacquemard\"},\"description\":\"Passionn\u00e9 de sport et entrepreneur depuis mes 18 ans, la cr\u00e9ation de Dicodusport m'a sembl\u00e9 \u00e9vidente pour participer \u00e0 la m\u00e9diatisation d'un plus grand nombre de sports. Le chemin est long mais avec une \u00e9quipe des plus motiv\u00e9es et les Jeux Olympiques de Paris 2024 en point de mire, nous y arriverons ! Journaliste dans le monde du sport depuis plus de 5 ans, je traite aussi bien de football, de rugby, de biathlon que de cyclisme.\",\"sameAs\":[\"https:\/\/www.facebook.com\/dicodusport\",\"https:\/\/x.com\/https:\/\/twitter.com\/Nico_Jacquemard\"],\"url\":\"https:\/\/dicodusport.fr\/blog\/author\/dicodusport\/\"}]}<\/script>\n<!-- \/ Yoast SEO Premium plugin. -->","yoast_head_json":{"title":"Tour de France - Classement g\u00e9n\u00e9ral : o\u00f9 en sont les favoris apr\u00e8s 9 \u00e9tapes ?","description":"Premier jour de repos pour les coureurs apr\u00e8s 9 \u00e9tapes \u00e9tapes disput\u00e9es. O\u00f9 en sont les favoris pour la victoire finale ?","robots":{"index":"index","follow":"follow","max-snippet":"max-snippet:-1","max-image-preview":"max-image-preview:large","max-video-preview":"max-video-preview:-1"},"canonical":"https:\/\/dicodusport.fr\/blog\/tour-de-france-classement-general-ou-en-sont-les-favoris-apres-9-etapes\/","og_locale":"fr_FR","og_type":"article","og_title":"Tour de France - Classement g\u00e9n\u00e9ral : o\u00f9 en sont les favoris apr\u00e8s 9 \u00e9tapes ?","og_description":"Premier jour de repos pour les coureurs apr\u00e8s 9 \u00e9tapes \u00e9tapes disput\u00e9es. O\u00f9 en sont les favoris pour la victoire finale ?","og_url":"https:\/\/dicodusport.fr\/blog\/tour-de-france-classement-general-ou-en-sont-les-favoris-apres-9-etapes\/","og_site_name":"Dicodusport","article_publisher":"https:\/\/www.facebook.com\/dicodusport","article_author":"https:\/\/www.facebook.com\/dicodusport","article_published_time":"2018-07-16T12:16:15+00:00","article_modified_time":"2020-10-11T14:50:04+00:00","og_image":[{"width":800,"height":445,"url":"https:\/\/dicodusport.fr\/blog\/wp-content\/uploads\/2018\/07\/Favoris-Tour-de-France-2018-1\u00e8re-semaine.png","type":"image\/png"}],"author":"Nicolas Jacquemard","twitter_card":"summary_large_image","twitter_creator":"@https:\/\/twitter.com\/Nico_Jacquemard","twitter_site":"@dicodusport","schema":{"@context":"https:\/\/schema.org","@graph":[{"@type":"NewsArticle","@id":"https:\/\/dicodusport.fr\/blog\/tour-de-france-classement-general-ou-en-sont-les-favoris-apres-9-etapes\/#article","isPartOf":{"@id":"https:\/\/dicodusport.fr\/blog\/tour-de-france-classement-general-ou-en-sont-les-favoris-apres-9-etapes\/"},"author":{"name":"Nicolas Jacquemard","@id":"https:\/\/dicodusport.fr\/blog\/#\/schema\/person\/55dcb50ad410894e431ed812bbb70191"},"headline":"Tour de France &#8211; Classement g\u00e9n\u00e9ral : o\u00f9 en sont les favoris apr\u00e8s 9 \u00e9tapes ?","datePublished":"2018-07-16T12:16:15+00:00","dateModified":"2020-10-11T14:50:04+00:00","mainEntityOfPage":{"@id":"https:\/\/dicodusport.fr\/blog\/tour-de-france-classement-general-ou-en-sont-les-favoris-apres-9-etapes\/"},"wordCount":638,"commentCount":0,"publisher":{"@id":"https:\/\/dicodusport.fr\/blog\/#organization"},"image":{"@id":"https:\/\/dicodusport.fr\/blog\/tour-de-france-classement-general-ou-en-sont-les-favoris-apres-9-etapes\/#primaryimage"},"thumbnailUrl":"https:\/\/dicodusport.fr\/blog\/wp-content\/uploads\/2018\/07\/Favoris-Tour-de-France-2018-1\u00e8re-semaine.png","keywords":["maillot jaune","Tour de France"],"articleSection":["Actualit\u00e9s","Cyclisme","Tour de France"],"inLanguage":"fr-FR","potentialAction":[{"@type":"CommentAction","name":"Comment","target":["https:\/\/dicodusport.fr\/blog\/tour-de-france-classement-general-ou-en-sont-les-favoris-apres-9-etapes\/#respond"]}],"copyrightYear":"2018","copyrightHolder":{"@id":"https:\/\/dicodusport.fr\/blog\/#organization"}},{"@type":"WebPage","@id":"https:\/\/dicodusport.fr\/blog\/tour-de-france-classement-general-ou-en-sont-les-favoris-apres-9-etapes\/","url":"https:\/\/dicodusport.fr\/blog\/tour-de-france-classement-general-ou-en-sont-les-favoris-apres-9-etapes\/","name":"Tour de France - Classement g\u00e9n\u00e9ral : o\u00f9 en sont les favoris apr\u00e8s 9 \u00e9tapes ?","isPartOf":{"@id":"https:\/\/dicodusport.fr\/blog\/#website"},"primaryImageOfPage":{"@id":"https:\/\/dicodusport.fr\/blog\/tour-de-france-classement-general-ou-en-sont-les-favoris-apres-9-etapes\/#primaryimage"},"image":{"@id":"https:\/\/dicodusport.fr\/blog\/tour-de-france-classement-general-ou-en-sont-les-favoris-apres-9-etapes\/#primaryimage"},"thumbnailUrl":"https:\/\/dicodusport.fr\/blog\/wp-content\/uploads\/2018\/07\/Favoris-Tour-de-France-2018-1\u00e8re-semaine.png","datePublished":"2018-07-16T12:16:15+00:00","dateModified":"2020-10-11T14:50:04+00:00","description":"Premier jour de repos pour les coureurs apr\u00e8s 9 \u00e9tapes \u00e9tapes disput\u00e9es. O\u00f9 en sont les favoris pour la victoire finale ?","breadcrumb":{"@id":"https:\/\/dicodusport.fr\/blog\/tour-de-france-classement-general-ou-en-sont-les-favoris-apres-9-etapes\/#breadcrumb"},"inLanguage":"fr-FR","potentialAction":[{"@type":"ReadAction","target":["https:\/\/dicodusport.fr\/blog\/tour-de-france-classement-general-ou-en-sont-les-favoris-apres-9-etapes\/"]}]},{"@type":"ImageObject","inLanguage":"fr-FR","@id":"https:\/\/dicodusport.fr\/blog\/tour-de-france-classement-general-ou-en-sont-les-favoris-apres-9-etapes\/#primaryimage","url":"https:\/\/dicodusport.fr\/blog\/wp-content\/uploads\/2018\/07\/Favoris-Tour-de-France-2018-1\u00e8re-semaine.png","contentUrl":"https:\/\/dicodusport.fr\/blog\/wp-content\/uploads\/2018\/07\/Favoris-Tour-de-France-2018-1\u00e8re-semaine.png","width":800,"height":445},{"@type":"BreadcrumbList","@id":"https:\/\/dicodusport.fr\/blog\/tour-de-france-classement-general-ou-en-sont-les-favoris-apres-9-etapes\/#breadcrumb","itemListElement":[{"@type":"ListItem","position":1,"name":"Accueil","item":"https:\/\/dicodusport.fr\/blog\/"},{"@type":"ListItem","position":2,"name":"Tour de France &#8211; Classement g\u00e9n\u00e9ral : o\u00f9 en sont les favoris apr\u00e8s 9 \u00e9tapes ?"}]},{"@type":"WebSite","@id":"https:\/\/dicodusport.fr\/blog\/#website","url":"https:\/\/dicodusport.fr\/blog\/","name":"Dicodusport","description":"L&#039;encyclop\u00e9die de l&#039;actualit\u00e9 sportive","publisher":{"@id":"https:\/\/dicodusport.fr\/blog\/#organization"},"potentialAction":[{"@type":"SearchAction","target":{"@type":"EntryPoint","urlTemplate":"https:\/\/dicodusport.fr\/blog\/?s={search_term_string}"},"query-input":{"@type":"PropertyValueSpecification","valueRequired":true,"valueName":"search_term_string"}}],"inLanguage":"fr-FR"},{"@type":"NewsMediaOrganization","@id":"https:\/\/dicodusport.fr\/blog\/#organization","name":"Dicodusport","url":"https:\/\/dicodusport.fr\/blog\/","logo":{"@type":"ImageObject","inLanguage":"fr-FR","@id":"https:\/\/dicodusport.fr\/blog\/#\/schema\/logo\/image\/","url":"https:\/\/dicodusport.fr\/blog\/wp-content\/uploads\/2020\/06\/cropped-LOGO-DICODUSPORT-2020-SANS-FOND-SANS-TEXTE.png","contentUrl":"https:\/\/dicodusport.fr\/blog\/wp-content\/uploads\/2020\/06\/cropped-LOGO-DICODUSPORT-2020-SANS-FOND-SANS-TEXTE.png","width":512,"height":512,"caption":"Dicodusport"},"image":{"@id":"https:\/\/dicodusport.fr\/blog\/#\/schema\/logo\/image\/"},"sameAs":["https:\/\/www.facebook.com\/dicodusport","https:\/\/x.com\/dicodusport","https:\/\/www.instagram.com\/dicodusport\/","https:\/\/www.youtube.com\/channel\/UC7V2KZ5sd3htJivAbA4ZG3w"],"description":"Dicodusport est l'encyclop\u00e9die de l'actualit\u00e9 sportive.","email":"bonjour@dicodusport.fr","legalName":"DICODUSPORT","foundingDate":"2018-01-14","vatID":"FR71834470973","taxID":"83447097300043","numberOfEmployees":{"@type":"QuantitativeValue","minValue":"1","maxValue":"10"}},{"@type":"Person","@id":"https:\/\/dicodusport.fr\/blog\/#\/schema\/person\/55dcb50ad410894e431ed812bbb70191","name":"Nicolas Jacquemard","image":{"@type":"ImageObject","inLanguage":"fr-FR","@id":"https:\/\/dicodusport.fr\/blog\/#\/schema\/person\/image\/","url":"https:\/\/dicodusport.fr\/blog\/wp-content\/uploads\/2021\/05\/Nicolas-Jacquemard-150x150.jpeg","contentUrl":"https:\/\/dicodusport.fr\/blog\/wp-content\/uploads\/2021\/05\/Nicolas-Jacquemard-150x150.jpeg","caption":"Nicolas Jacquemard"},"description":"Passionn\u00e9 de sport et entrepreneur depuis mes 18 ans, la cr\u00e9ation de Dicodusport m'a sembl\u00e9 \u00e9vidente pour participer \u00e0 la m\u00e9diatisation d'un plus grand nombre de sports. Le chemin est long mais avec une \u00e9quipe des plus motiv\u00e9es et les Jeux Olympiques de Paris 2024 en point de mire, nous y arriverons ! Journaliste dans le monde du sport depuis plus de 5 ans, je traite aussi bien de football, de rugby, de biathlon que de cyclisme.","sameAs":["https:\/\/www.facebook.com\/dicodusport","https:\/\/x.com\/https:\/\/twitter.com\/Nico_Jacquemard"],"url":"https:\/\/dicodusport.fr\/blog\/author\/dicodusport\/"}]}},"_links":{"self":[{"href":"https:\/\/dicodusport.fr\/blog\/wp-json\/wp\/v2\/posts\/22115","targetHints":{"allow":["GET"]}}],"collection":[{"href":"https:\/\/dicodusport.fr\/blog\/wp-json\/wp\/v2\/posts"}],"about":[{"href":"https:\/\/dicodusport.fr\/blog\/wp-json\/wp\/v2\/types\/post"}],"author":[{"embeddable":true,"href":"https:\/\/dicodusport.fr\/blog\/wp-json\/wp\/v2\/users\/1"}],"replies":[{"embeddable":true,"href":"https:\/\/dicodusport.fr\/blog\/wp-json\/wp\/v2\/comments?post=22115"}],"version-history":[{"count":0,"href":"https:\/\/dicodusport.fr\/blog\/wp-json\/wp\/v2\/posts\/22115\/revisions"}],"wp:featuredmedia":[{"embeddable":true,"href":"https:\/\/dicodusport.fr\/blog\/wp-json\/wp\/v2\/media\/22129"}],"wp:attachment":[{"href":"https:\/\/dicodusport.fr\/blog\/wp-json\/wp\/v2\/media?parent=22115"}],"wp:term":[{"taxonomy":"category","embeddable":true,"href":"https:\/\/dicodusport.fr\/blog\/wp-json\/wp\/v2\/categories?post=22115"},{"taxonomy":"post_tag","embeddable":true,"href":"https:\/\/dicodusport.fr\/blog\/wp-json\/wp\/v2\/tags?post=22115"}],"curies":[{"name":"wp","href":"https:\/\/api.w.org\/{rel}","templated":true}]}}